{"id":13869,"date":"2022-03-18T10:20:08","date_gmt":"2022-03-18T15:20:08","guid":{"rendered":"https:\/\/ds-barranquilla.org\/?p=13869"},"modified":"2022-12-21T11:28:37","modified_gmt":"2022-12-21T16:28:37","slug":"st-patricks-day-2","status":"publish","type":"post","link":"https:\/\/ds-barranquilla.org\/de\/st-patricks-day-2\/","title":{"rendered":"St. Patrick\u2019s Day"},"content":{"rendered":"<h1><strong>St. Patrick\u2019s Day<\/strong><\/h1>\n<p><strong>Created by: Mar\u00eda Eugenia Rom\u00e1n.<\/strong> St. Patrick&#8217;s Day has developed into a secular holiday of revelry and celebration of all things Irish thanks to emigrants, particularly in the United States. Most of the festivities were staged in cities with large numbers of Irish immigrants, who held political power.<\/p>\n<p>St. Patrick&#8217;s Day parades were first held in Boston in 1737, then in New York City in 1762. Since 1962, Chicago has colored its river green to celebrate St. Patrick\u2019s Day. Both Irish and non-Irish wear green clothing or wear a shamrock, the Irish national plant.<\/p>\n<p>Corned beef and cabbage are common foods associated with the holiday, as is green beer. The Irish adopted some of these practices, mostly to benefit tourists. It&#8217;s also a fun way for non-Irish people to learn about culture and traditions from Ireland.<\/p>\n<p><a href=\"https:\/\/ds-barranquilla.org\/wp-content\/uploads\/2022\/03\/1-4.jpeg\"><img fetchpriority=\"high\" decoding=\"async\" class=\"alignnone size-medium wp-image-11260\" src=\"https:\/\/ds-barranquilla.org\/wp-content\/uploads\/2022\/03\/1-4-300x200.jpeg\" alt=\"\" width=\"300\" height=\"200\" \/><\/a><a href=\"https:\/\/ds-barranquilla.org\/wp-content\/uploads\/2022\/03\/2-4.jpeg\"><img decoding=\"async\" class=\"alignnone size-medium wp-image-11261\" src=\"https:\/\/ds-barranquilla.org\/wp-content\/uploads\/2022\/03\/2-4-300x200.jpeg\" alt=\"\" width=\"300\" height=\"200\" \/><\/a><a href=\"https:\/\/ds-barranquilla.org\/wp-content\/uploads\/2022\/03\/3-4.jpeg\"><img decoding=\"async\" class=\"alignnone size-medium wp-image-11262\" src=\"https:\/\/ds-barranquilla.org\/wp-content\/uploads\/2022\/03\/3-4-300x200.jpeg\" alt=\"\" width=\"300\" height=\"200\" \/><\/a><a href=\"https:\/\/ds-barranquilla.org\/wp-content\/uploads\/2022\/03\/4-4.jpeg\"><img loading=\"lazy\" decoding=\"async\" class=\"alignnone size-medium wp-image-11263\" src=\"https:\/\/ds-barranquilla.org\/wp-content\/uploads\/2022\/03\/4-4-300x200.jpeg\" alt=\"\" width=\"300\" height=\"200\" \/><\/a><\/p>","protected":false},"excerpt":{"rendered":"<p>St. Patrick\u2019s Day Created by: Mar\u00eda Eugenia Rom\u00e1n. St. Patrick&#8217;s Day has developed into a secular holiday of revelry and celebration of all things Irish thanks<span class=\"excerpt-hellip\"> [\u2026]<\/span><\/p>","protected":false},"author":16,"featured_media":13870,"comment_status":"open","ping_status":"open","sticky":false,"template":"","format":"standard","meta":{"_exactmetrics_skip_tracking":false,"_exactmetrics_sitenote_active":false,"_exactmetrics_sitenote_note":"","_exactmetrics_sitenote_category":0,"_joinchat":[],"footnotes":""},"categories":[672,689,675,676],"tags":[],"class_list":["post-13869","post","type-post","status-publish","format-standard","has-post-thumbnail","hentry","category-672","category-area-de-ingles","category-eventos","category-primaria"],"yoast_head":"<!-- This site is optimized with the Yoast SEO plugin v23.3 - https:\/\/yoast.com\/wordpress\/plugins\/seo\/ -->\n<title>St. Patrick\u2019s Day - 2026<\/title>\n<meta name=\"robots\" content=\"noindex, follow, max-snippet:-1, max-image-preview:large, max-video-preview:-1\" \/>\n<meta property=\"og:locale\" content=\"de_DE\" \/>\n<meta property=\"og:type\" content=\"article\" \/>\n<meta property=\"og:title\" content=\"St. Patrick\u2019s Day - 2026\" \/>\n<meta property=\"og:description\" content=\"St. Patrick\u2019s Day Created by: Mar\u00eda Eugenia Rom\u00e1n. St. Patrick&#8217;s Day has developed into a secular holiday of revelry and celebration of all things Irish thanks [\u2026]\" \/>\n<meta property=\"og:url\" content=\"https:\/\/ds-barranquilla.org\/de\/st-patricks-day-2\/\" \/>\n<meta property=\"og:site_name\" content=\"Colegio Alem\u00e1n - Los Mejores Colegios de Colombia - Colegio Triling\u00fce\" \/>\n<meta property=\"article:publisher\" content=\"https:\/\/www.facebook.com\/ColegioAlemanBaq\/\" \/>\n<meta property=\"article:published_time\" content=\"2022-03-18T15:20:08+00:00\" \/>\n<meta property=\"article:modified_time\" content=\"2022-12-21T16:28:37+00:00\" \/>\n<meta property=\"og:image\" content=\"https:\/\/ds-barranquilla.org\/wp-content\/uploads\/2022\/04\/St.-Patricks-Day-Web-1024x438-1.jpg\" \/>\n\t<meta property=\"og:image:width\" content=\"1024\" \/>\n\t<meta property=\"og:image:height\" content=\"438\" \/>\n\t<meta property=\"og:image:type\" content=\"image\/jpeg\" \/>\n<meta name=\"author\" content=\"Comunicaciones Comunicaciones\" \/>\n<meta name=\"twitter:card\" content=\"summary_large_image\" \/>\n<meta name=\"twitter:creator\" content=\"@ColegioAlemanBq\" \/>\n<meta name=\"twitter:site\" content=\"@ColegioAlemanBq\" \/>\n<meta name=\"twitter:label1\" content=\"Verfasst von\" \/>\n\t<meta name=\"twitter:data1\" content=\"Comunicaciones Comunicaciones\" \/>\n\t<meta name=\"twitter:label2\" content=\"Gesch\u00e4tzte Lesezeit\" \/>\n\t<meta name=\"twitter:data2\" content=\"2\u00a0Minuten\" \/>\n<script type=\"application\/ld+json\" class=\"yoast-schema-graph\">{\"@context\":\"https:\/\/schema.org\",\"@graph\":[{\"@type\":\"Article\",\"@id\":\"https:\/\/ds-barranquilla.org\/de\/st-patricks-day-2\/#article\",\"isPartOf\":{\"@id\":\"https:\/\/ds-barranquilla.org\/de\/st-patricks-day-2\/\"},\"author\":{\"name\":\"Comunicaciones Comunicaciones\",\"@id\":\"https:\/\/ds-barranquilla.org\/#\/schema\/person\/7bf8790ba89d3480e0551241ccdc8d36\"},\"headline\":\"St. Patrick\u2019s Day\",\"datePublished\":\"2022-03-18T15:20:08+00:00\",\"dateModified\":\"2022-12-21T16:28:37+00:00\",\"mainEntityOfPage\":{\"@id\":\"https:\/\/ds-barranquilla.org\/de\/st-patricks-day-2\/\"},\"wordCount\":144,\"commentCount\":0,\"publisher\":{\"@id\":\"https:\/\/ds-barranquilla.org\/#organization\"},\"image\":{\"@id\":\"https:\/\/ds-barranquilla.org\/de\/st-patricks-day-2\/#primaryimage\"},\"thumbnailUrl\":\"https:\/\/ds-barranquilla.org\/wp-content\/uploads\/2022\/04\/St.-Patricks-Day-Web-1024x438-1.jpg\",\"articleSection\":[\"2022\",\"\u00c1rea de Ingl\u00e9s\",\"Eventos\",\"Primaria\"],\"inLanguage\":\"de\",\"potentialAction\":[{\"@type\":\"CommentAction\",\"name\":\"Comment\",\"target\":[\"https:\/\/ds-barranquilla.org\/de\/st-patricks-day-2\/#respond\"]}]},{\"@type\":\"WebPage\",\"@id\":\"https:\/\/ds-barranquilla.org\/de\/st-patricks-day-2\/\",\"url\":\"https:\/\/ds-barranquilla.org\/de\/st-patricks-day-2\/\",\"name\":\"St. Patrick\u2019s Day - 2026\",\"isPartOf\":{\"@id\":\"https:\/\/ds-barranquilla.org\/#website\"},\"primaryImageOfPage\":{\"@id\":\"https:\/\/ds-barranquilla.org\/de\/st-patricks-day-2\/#primaryimage\"},\"image\":{\"@id\":\"https:\/\/ds-barranquilla.org\/de\/st-patricks-day-2\/#primaryimage\"},\"thumbnailUrl\":\"https:\/\/ds-barranquilla.org\/wp-content\/uploads\/2022\/04\/St.-Patricks-Day-Web-1024x438-1.jpg\",\"datePublished\":\"2022-03-18T15:20:08+00:00\",\"dateModified\":\"2022-12-21T16:28:37+00:00\",\"breadcrumb\":{\"@id\":\"https:\/\/ds-barranquilla.org\/de\/st-patricks-day-2\/#breadcrumb\"},\"inLanguage\":\"de\",\"potentialAction\":[{\"@type\":\"ReadAction\",\"target\":[\"https:\/\/ds-barranquilla.org\/de\/st-patricks-day-2\/\"]}]},{\"@type\":\"ImageObject\",\"inLanguage\":\"de\",\"@id\":\"https:\/\/ds-barranquilla.org\/de\/st-patricks-day-2\/#primaryimage\",\"url\":\"https:\/\/ds-barranquilla.org\/wp-content\/uploads\/2022\/04\/St.-Patricks-Day-Web-1024x438-1.jpg\",\"contentUrl\":\"https:\/\/ds-barranquilla.org\/wp-content\/uploads\/2022\/04\/St.-Patricks-Day-Web-1024x438-1.jpg\",\"width\":1024,\"height\":438},{\"@type\":\"BreadcrumbList\",\"@id\":\"https:\/\/ds-barranquilla.org\/de\/st-patricks-day-2\/#breadcrumb\",\"itemListElement\":[{\"@type\":\"ListItem\",\"position\":1,\"name\":\"Portada\",\"item\":\"https:\/\/ds-barranquilla.org\/\"},{\"@type\":\"ListItem\",\"position\":2,\"name\":\"St. Patrick\u2019s Day\"}]},{\"@type\":\"WebSite\",\"@id\":\"https:\/\/ds-barranquilla.org\/#website\",\"url\":\"https:\/\/ds-barranquilla.org\/\",\"name\":\"Colegio Alem\u00e1n - Los Mejores Colegios de Colombia - Colegio Triling\u00fce\",\"description\":\"Colegio Alem\u00e1n  Barranquilla Colombia - Colegio Biling\u00fce - Triling\u00fce - El Mejor Colegio de Colombia\",\"publisher\":{\"@id\":\"https:\/\/ds-barranquilla.org\/#organization\"},\"potentialAction\":[{\"@type\":\"SearchAction\",\"target\":{\"@type\":\"EntryPoint\",\"urlTemplate\":\"https:\/\/ds-barranquilla.org\/?s={search_term_string}\"},\"query-input\":\"required name=search_term_string\"}],\"inLanguage\":\"de\"},{\"@type\":\"Organization\",\"@id\":\"https:\/\/ds-barranquilla.org\/#organization\",\"name\":\"Colegio Alem\u00e1n Barranquilla\",\"url\":\"https:\/\/ds-barranquilla.org\/\",\"logo\":{\"@type\":\"ImageObject\",\"inLanguage\":\"de\",\"@id\":\"https:\/\/ds-barranquilla.org\/#\/schema\/logo\/image\/\",\"url\":\"https:\/\/ds-barranquilla.org\/wp-content\/uploads\/2021\/05\/coleman_logo_2.png\",\"contentUrl\":\"https:\/\/ds-barranquilla.org\/wp-content\/uploads\/2021\/05\/coleman_logo_2.png\",\"width\":418,\"height\":307,\"caption\":\"Colegio Alem\u00e1n Barranquilla\"},\"image\":{\"@id\":\"https:\/\/ds-barranquilla.org\/#\/schema\/logo\/image\/\"},\"sameAs\":[\"https:\/\/www.facebook.com\/ColegioAlemanBaq\/\",\"https:\/\/x.com\/ColegioAlemanBq\",\"https:\/\/www.instagram.com\/colegioalemanbaq\/\",\"https:\/\/www.linkedin.com\/school\/deutsche-schule-barranquilla\/\",\"https:\/\/www.youtube.com\/channel\/UCOOGZQCVs6aYRqIWvSN5agQ\"]},{\"@type\":\"Person\",\"@id\":\"https:\/\/ds-barranquilla.org\/#\/schema\/person\/7bf8790ba89d3480e0551241ccdc8d36\",\"name\":\"Comunicaciones Comunicaciones\",\"image\":{\"@type\":\"ImageObject\",\"inLanguage\":\"de\",\"@id\":\"https:\/\/ds-barranquilla.org\/#\/schema\/person\/image\/\",\"url\":\"https:\/\/secure.gravatar.com\/avatar\/a66ba9484a4338d81d6bea750e595038?s=96&d=mm&r=g\",\"contentUrl\":\"https:\/\/secure.gravatar.com\/avatar\/a66ba9484a4338d81d6bea750e595038?s=96&d=mm&r=g\",\"caption\":\"Comunicaciones Comunicaciones\"}}]}<\/script>\n<!-- \/ Yoast SEO plugin. -->","yoast_head_json":{"title":"St. Patrick\u2019s Day - 2026","robots":{"index":"noindex","follow":"follow","max-snippet":"max-snippet:-1","max-image-preview":"max-image-preview:large","max-video-preview":"max-video-preview:-1"},"og_locale":"de_DE","og_type":"article","og_title":"St. Patrick\u2019s Day - 2026","og_description":"St. Patrick\u2019s Day Created by: Mar\u00eda Eugenia Rom\u00e1n. St. Patrick&#8217;s Day has developed into a secular holiday of revelry and celebration of all things Irish thanks [\u2026]","og_url":"https:\/\/ds-barranquilla.org\/de\/st-patricks-day-2\/","og_site_name":"Colegio Alem\u00e1n - Los Mejores Colegios de Colombia - Colegio Triling\u00fce","article_publisher":"https:\/\/www.facebook.com\/ColegioAlemanBaq\/","article_published_time":"2022-03-18T15:20:08+00:00","article_modified_time":"2022-12-21T16:28:37+00:00","og_image":[{"width":1024,"height":438,"url":"https:\/\/ds-barranquilla.org\/wp-content\/uploads\/2022\/04\/St.-Patricks-Day-Web-1024x438-1.jpg","type":"image\/jpeg"}],"author":"Comunicaciones Comunicaciones","twitter_card":"summary_large_image","twitter_creator":"@ColegioAlemanBq","twitter_site":"@ColegioAlemanBq","twitter_misc":{"Verfasst von":"Comunicaciones Comunicaciones","Gesch\u00e4tzte Lesezeit":"2\u00a0Minuten"},"schema":{"@context":"https:\/\/schema.org","@graph":[{"@type":"Article","@id":"https:\/\/ds-barranquilla.org\/de\/st-patricks-day-2\/#article","isPartOf":{"@id":"https:\/\/ds-barranquilla.org\/de\/st-patricks-day-2\/"},"author":{"name":"Comunicaciones Comunicaciones","@id":"https:\/\/ds-barranquilla.org\/#\/schema\/person\/7bf8790ba89d3480e0551241ccdc8d36"},"headline":"St. Patrick\u2019s Day","datePublished":"2022-03-18T15:20:08+00:00","dateModified":"2022-12-21T16:28:37+00:00","mainEntityOfPage":{"@id":"https:\/\/ds-barranquilla.org\/de\/st-patricks-day-2\/"},"wordCount":144,"commentCount":0,"publisher":{"@id":"https:\/\/ds-barranquilla.org\/#organization"},"image":{"@id":"https:\/\/ds-barranquilla.org\/de\/st-patricks-day-2\/#primaryimage"},"thumbnailUrl":"https:\/\/ds-barranquilla.org\/wp-content\/uploads\/2022\/04\/St.-Patricks-Day-Web-1024x438-1.jpg","articleSection":["2022","\u00c1rea de Ingl\u00e9s","Eventos","Primaria"],"inLanguage":"de","potentialAction":[{"@type":"CommentAction","name":"Comment","target":["https:\/\/ds-barranquilla.org\/de\/st-patricks-day-2\/#respond"]}]},{"@type":"WebPage","@id":"https:\/\/ds-barranquilla.org\/de\/st-patricks-day-2\/","url":"https:\/\/ds-barranquilla.org\/de\/st-patricks-day-2\/","name":"St. Patrick\u2019s Day - 2026","isPartOf":{"@id":"https:\/\/ds-barranquilla.org\/#website"},"primaryImageOfPage":{"@id":"https:\/\/ds-barranquilla.org\/de\/st-patricks-day-2\/#primaryimage"},"image":{"@id":"https:\/\/ds-barranquilla.org\/de\/st-patricks-day-2\/#primaryimage"},"thumbnailUrl":"https:\/\/ds-barranquilla.org\/wp-content\/uploads\/2022\/04\/St.-Patricks-Day-Web-1024x438-1.jpg","datePublished":"2022-03-18T15:20:08+00:00","dateModified":"2022-12-21T16:28:37+00:00","breadcrumb":{"@id":"https:\/\/ds-barranquilla.org\/de\/st-patricks-day-2\/#breadcrumb"},"inLanguage":"de","potentialAction":[{"@type":"ReadAction","target":["https:\/\/ds-barranquilla.org\/de\/st-patricks-day-2\/"]}]},{"@type":"ImageObject","inLanguage":"de","@id":"https:\/\/ds-barranquilla.org\/de\/st-patricks-day-2\/#primaryimage","url":"https:\/\/ds-barranquilla.org\/wp-content\/uploads\/2022\/04\/St.-Patricks-Day-Web-1024x438-1.jpg","contentUrl":"https:\/\/ds-barranquilla.org\/wp-content\/uploads\/2022\/04\/St.-Patricks-Day-Web-1024x438-1.jpg","width":1024,"height":438},{"@type":"BreadcrumbList","@id":"https:\/\/ds-barranquilla.org\/de\/st-patricks-day-2\/#breadcrumb","itemListElement":[{"@type":"ListItem","position":1,"name":"Portada","item":"https:\/\/ds-barranquilla.org\/"},{"@type":"ListItem","position":2,"name":"St. Patrick\u2019s Day"}]},{"@type":"WebSite","@id":"https:\/\/ds-barranquilla.org\/#website","url":"https:\/\/ds-barranquilla.org\/","name":"Colegio Alem\u00e1n - Los Mejores Colegios de Colombia - Colegio Triling\u00fce","description":"Colegio Alem\u00e1n  Barranquilla Colombia - Colegio Biling\u00fce - Triling\u00fce - El Mejor Colegio de Colombia","publisher":{"@id":"https:\/\/ds-barranquilla.org\/#organization"},"potentialAction":[{"@type":"SearchAction","target":{"@type":"EntryPoint","urlTemplate":"https:\/\/ds-barranquilla.org\/?s={search_term_string}"},"query-input":"required name=search_term_string"}],"inLanguage":"de"},{"@type":"Organization","@id":"https:\/\/ds-barranquilla.org\/#organization","name":"Colegio Alem\u00e1n Barranquilla","url":"https:\/\/ds-barranquilla.org\/","logo":{"@type":"ImageObject","inLanguage":"de","@id":"https:\/\/ds-barranquilla.org\/#\/schema\/logo\/image\/","url":"https:\/\/ds-barranquilla.org\/wp-content\/uploads\/2021\/05\/coleman_logo_2.png","contentUrl":"https:\/\/ds-barranquilla.org\/wp-content\/uploads\/2021\/05\/coleman_logo_2.png","width":418,"height":307,"caption":"Colegio Alem\u00e1n Barranquilla"},"image":{"@id":"https:\/\/ds-barranquilla.org\/#\/schema\/logo\/image\/"},"sameAs":["https:\/\/www.facebook.com\/ColegioAlemanBaq\/","https:\/\/x.com\/ColegioAlemanBq","https:\/\/www.instagram.com\/colegioalemanbaq\/","https:\/\/www.linkedin.com\/school\/deutsche-schule-barranquilla\/","https:\/\/www.youtube.com\/channel\/UCOOGZQCVs6aYRqIWvSN5agQ"]},{"@type":"Person","@id":"https:\/\/ds-barranquilla.org\/#\/schema\/person\/7bf8790ba89d3480e0551241ccdc8d36","name":"Comunicaciones Comunicaciones","image":{"@type":"ImageObject","inLanguage":"de","@id":"https:\/\/ds-barranquilla.org\/#\/schema\/person\/image\/","url":"https:\/\/secure.gravatar.com\/avatar\/a66ba9484a4338d81d6bea750e595038?s=96&d=mm&r=g","contentUrl":"https:\/\/secure.gravatar.com\/avatar\/a66ba9484a4338d81d6bea750e595038?s=96&d=mm&r=g","caption":"Comunicaciones Comunicaciones"}}]}},"_links":{"self":[{"href":"https:\/\/ds-barranquilla.org\/de\/wp-json\/wp\/v2\/posts\/13869"}],"collection":[{"href":"https:\/\/ds-barranquilla.org\/de\/wp-json\/wp\/v2\/posts"}],"about":[{"href":"https:\/\/ds-barranquilla.org\/de\/wp-json\/wp\/v2\/types\/post"}],"author":[{"embeddable":true,"href":"https:\/\/ds-barranquilla.org\/de\/wp-json\/wp\/v2\/users\/16"}],"replies":[{"embeddable":true,"href":"https:\/\/ds-barranquilla.org\/de\/wp-json\/wp\/v2\/comments?post=13869"}],"version-history":[{"count":2,"href":"https:\/\/ds-barranquilla.org\/de\/wp-json\/wp\/v2\/posts\/13869\/revisions"}],"predecessor-version":[{"id":13872,"href":"https:\/\/ds-barranquilla.org\/de\/wp-json\/wp\/v2\/posts\/13869\/revisions\/13872"}],"wp:featuredmedia":[{"embeddable":true,"href":"https:\/\/ds-barranquilla.org\/de\/wp-json\/wp\/v2\/media\/13870"}],"wp:attachment":[{"href":"https:\/\/ds-barranquilla.org\/de\/wp-json\/wp\/v2\/media?parent=13869"}],"wp:term":[{"taxonomy":"category","embeddable":true,"href":"https:\/\/ds-barranquilla.org\/de\/wp-json\/wp\/v2\/categories?post=13869"},{"taxonomy":"post_tag","embeddable":true,"href":"https:\/\/ds-barranquilla.org\/de\/wp-json\/wp\/v2\/tags?post=13869"}],"curies":[{"name":"wp","href":"https:\/\/api.w.org\/{rel}","templated":true}]}}