{"id":14982,"date":"2022-03-22T08:22:39","date_gmt":"2022-03-22T13:22:39","guid":{"rendered":"https:\/\/ds-barranquilla.org\/?p=14982"},"modified":"2022-12-21T11:27:49","modified_gmt":"2022-12-21T16:27:49","slug":"miembros-del-consejo-de-padres-participaron-en-taller-sobre-la-bli","status":"publish","type":"post","link":"https:\/\/ds-barranquilla.org\/de\/miembros-del-consejo-de-padres-participaron-en-taller-sobre-la-bli\/","title":{"rendered":"Miembros del Consejo de Padres participaron en taller sobre la BLI"},"content":{"rendered":"<h1><strong>Miembros del Consejo de Padres participaron en taller sobre la BLI<\/strong><\/h1>\n<p><strong>Geschrieben von: Jos\u00e9 R\u00edos Mercado.<\/strong> Con el objetivo de que los padres de familia de nuestro colegio conozcan el proceso de inspecci\u00f3n de la BLI 3.0, se realiz\u00f3 un taller dirigido al Consejo de Padres, el cual fue liderado por el Asistente del Rector y Pedagogo de Medios, Maximilian Hutter. Durante la actividad el funcionario habl\u00f3 sobre las caracter\u00edsticas de calidad y llev\u00f3 a cabo ejercicios de reflexi\u00f3n en cuanto a c\u00f3mo responde el colegio a algunas de estas caracter\u00edsticas.<\/p>\n<p>Maximilian Hutter indic\u00f3 que estos espacios con los padres de familia son de gran importancia, teniendo en cuenta que antes de la inspecci\u00f3n -prevista del 26 al 30 de septiembre de este a\u00f1o- la ZfA enviar\u00e1 una encuesta a toda la comunidad escolar y durante el proceso mismo se realizar\u00e1n entrevistas con algunos grupos de la instituci\u00f3n, entre los cuales est\u00e1 el Consejo de Padres. As\u00ed mismo, indic\u00f3 que estas actividades con los padres de familia se realizar\u00e1n mensualmente.<\/p>","protected":false},"excerpt":{"rendered":"<p>Miembros del Consejo de Padres participaron en taller sobre la BLI Creado por: Jos\u00e9 R\u00edos Mercado. Con el objetivo de que los padres de familia de<span class=\"excerpt-hellip\"> [\u2026]<\/span><\/p>","protected":false},"author":16,"featured_media":14983,"comment_status":"open","ping_status":"open","sticky":false,"template":"","format":"standard","meta":{"_exactmetrics_skip_tracking":false,"_exactmetrics_sitenote_active":false,"_exactmetrics_sitenote_note":"","_exactmetrics_sitenote_category":0,"_joinchat":[],"footnotes":""},"categories":[672,682,699],"tags":[],"class_list":["post-14982","post","type-post","status-publish","format-standard","has-post-thumbnail","hentry","category-672","category-acreditaciones-y-calidad","category-consejo-de-padres"],"yoast_head":"<!-- This site is optimized with the Yoast SEO plugin v23.3 - https:\/\/yoast.com\/wordpress\/plugins\/seo\/ -->\n<title>Miembros del Consejo de Padres participaron en taller sobre la BLI - 2026<\/title>\n<meta name=\"robots\" content=\"noindex, follow, max-snippet:-1, max-image-preview:large, max-video-preview:-1\" \/>\n<meta property=\"og:locale\" content=\"de_DE\" \/>\n<meta property=\"og:type\" content=\"article\" \/>\n<meta property=\"og:title\" content=\"Miembros del Consejo de Padres participaron en taller sobre la BLI - 2026\" \/>\n<meta property=\"og:description\" content=\"Miembros del Consejo de Padres participaron en taller sobre la BLI Creado por: Jos\u00e9 R\u00edos Mercado. Con el objetivo de que los padres de familia de [\u2026]\" \/>\n<meta property=\"og:url\" content=\"https:\/\/ds-barranquilla.org\/de\/miembros-del-consejo-de-padres-participaron-en-taller-sobre-la-bli\/\" \/>\n<meta property=\"og:site_name\" content=\"Colegio Alem\u00e1n - Los Mejores Colegios de Colombia - Colegio Triling\u00fce\" \/>\n<meta property=\"article:publisher\" content=\"https:\/\/www.facebook.com\/ColegioAlemanBaq\/\" \/>\n<meta property=\"article:published_time\" content=\"2022-03-22T13:22:39+00:00\" \/>\n<meta property=\"article:modified_time\" content=\"2022-12-21T16:27:49+00:00\" \/>\n<meta property=\"og:image\" content=\"https:\/\/ds-barranquilla.org\/wp-content\/uploads\/2022\/05\/Consejo-de-Padres-Web.jpg\" \/>\n\t<meta property=\"og:image:width\" content=\"1170\" \/>\n\t<meta property=\"og:image:height\" content=\"500\" \/>\n\t<meta property=\"og:image:type\" content=\"image\/jpeg\" \/>\n<meta name=\"author\" content=\"Comunicaciones Comunicaciones\" \/>\n<meta name=\"twitter:card\" content=\"summary_large_image\" \/>\n<meta name=\"twitter:creator\" content=\"@ColegioAlemanBq\" \/>\n<meta name=\"twitter:site\" content=\"@ColegioAlemanBq\" \/>\n<meta name=\"twitter:label1\" content=\"Verfasst von\" \/>\n\t<meta name=\"twitter:data1\" content=\"Comunicaciones Comunicaciones\" \/>\n\t<meta name=\"twitter:label2\" content=\"Gesch\u00e4tzte Lesezeit\" \/>\n\t<meta name=\"twitter:data2\" content=\"1\u00a0Minute\" \/>\n<script type=\"application\/ld+json\" class=\"yoast-schema-graph\">{\"@context\":\"https:\/\/schema.org\",\"@graph\":[{\"@type\":\"Article\",\"@id\":\"https:\/\/ds-barranquilla.org\/de\/miembros-del-consejo-de-padres-participaron-en-taller-sobre-la-bli\/#article\",\"isPartOf\":{\"@id\":\"https:\/\/ds-barranquilla.org\/de\/miembros-del-consejo-de-padres-participaron-en-taller-sobre-la-bli\/\"},\"author\":{\"name\":\"Comunicaciones Comunicaciones\",\"@id\":\"https:\/\/ds-barranquilla.org\/#\/schema\/person\/7bf8790ba89d3480e0551241ccdc8d36\"},\"headline\":\"Miembros del Consejo de Padres participaron en taller sobre la BLI\",\"datePublished\":\"2022-03-22T13:22:39+00:00\",\"dateModified\":\"2022-12-21T16:27:49+00:00\",\"mainEntityOfPage\":{\"@id\":\"https:\/\/ds-barranquilla.org\/de\/miembros-del-consejo-de-padres-participaron-en-taller-sobre-la-bli\/\"},\"wordCount\":189,\"commentCount\":0,\"publisher\":{\"@id\":\"https:\/\/ds-barranquilla.org\/#organization\"},\"image\":{\"@id\":\"https:\/\/ds-barranquilla.org\/de\/miembros-del-consejo-de-padres-participaron-en-taller-sobre-la-bli\/#primaryimage\"},\"thumbnailUrl\":\"https:\/\/ds-barranquilla.org\/wp-content\/uploads\/2022\/05\/Consejo-de-Padres-Web.jpg\",\"articleSection\":[\"2022\",\"Acreditaciones y Calidad\",\"Consejo de Padres\"],\"inLanguage\":\"de\",\"potentialAction\":[{\"@type\":\"CommentAction\",\"name\":\"Comment\",\"target\":[\"https:\/\/ds-barranquilla.org\/de\/miembros-del-consejo-de-padres-participaron-en-taller-sobre-la-bli\/#respond\"]}]},{\"@type\":\"WebPage\",\"@id\":\"https:\/\/ds-barranquilla.org\/de\/miembros-del-consejo-de-padres-participaron-en-taller-sobre-la-bli\/\",\"url\":\"https:\/\/ds-barranquilla.org\/de\/miembros-del-consejo-de-padres-participaron-en-taller-sobre-la-bli\/\",\"name\":\"Miembros del Consejo de Padres participaron en taller sobre la BLI - 2026\",\"isPartOf\":{\"@id\":\"https:\/\/ds-barranquilla.org\/#website\"},\"primaryImageOfPage\":{\"@id\":\"https:\/\/ds-barranquilla.org\/de\/miembros-del-consejo-de-padres-participaron-en-taller-sobre-la-bli\/#primaryimage\"},\"image\":{\"@id\":\"https:\/\/ds-barranquilla.org\/de\/miembros-del-consejo-de-padres-participaron-en-taller-sobre-la-bli\/#primaryimage\"},\"thumbnailUrl\":\"https:\/\/ds-barranquilla.org\/wp-content\/uploads\/2022\/05\/Consejo-de-Padres-Web.jpg\",\"datePublished\":\"2022-03-22T13:22:39+00:00\",\"dateModified\":\"2022-12-21T16:27:49+00:00\",\"breadcrumb\":{\"@id\":\"https:\/\/ds-barranquilla.org\/de\/miembros-del-consejo-de-padres-participaron-en-taller-sobre-la-bli\/#breadcrumb\"},\"inLanguage\":\"de\",\"potentialAction\":[{\"@type\":\"ReadAction\",\"target\":[\"https:\/\/ds-barranquilla.org\/de\/miembros-del-consejo-de-padres-participaron-en-taller-sobre-la-bli\/\"]}]},{\"@type\":\"ImageObject\",\"inLanguage\":\"de\",\"@id\":\"https:\/\/ds-barranquilla.org\/de\/miembros-del-consejo-de-padres-participaron-en-taller-sobre-la-bli\/#primaryimage\",\"url\":\"https:\/\/ds-barranquilla.org\/wp-content\/uploads\/2022\/05\/Consejo-de-Padres-Web.jpg\",\"contentUrl\":\"https:\/\/ds-barranquilla.org\/wp-content\/uploads\/2022\/05\/Consejo-de-Padres-Web.jpg\",\"width\":1170,\"height\":500},{\"@type\":\"BreadcrumbList\",\"@id\":\"https:\/\/ds-barranquilla.org\/de\/miembros-del-consejo-de-padres-participaron-en-taller-sobre-la-bli\/#breadcrumb\",\"itemListElement\":[{\"@type\":\"ListItem\",\"position\":1,\"name\":\"Portada\",\"item\":\"https:\/\/ds-barranquilla.org\/\"},{\"@type\":\"ListItem\",\"position\":2,\"name\":\"Miembros del Consejo de Padres participaron en taller sobre la BLI\"}]},{\"@type\":\"WebSite\",\"@id\":\"https:\/\/ds-barranquilla.org\/#website\",\"url\":\"https:\/\/ds-barranquilla.org\/\",\"name\":\"Colegio Alem\u00e1n - Los Mejores Colegios de Colombia - Colegio Triling\u00fce\",\"description\":\"Colegio Alem\u00e1n  Barranquilla Colombia - Colegio Biling\u00fce - Triling\u00fce - El Mejor Colegio de Colombia\",\"publisher\":{\"@id\":\"https:\/\/ds-barranquilla.org\/#organization\"},\"potentialAction\":[{\"@type\":\"SearchAction\",\"target\":{\"@type\":\"EntryPoint\",\"urlTemplate\":\"https:\/\/ds-barranquilla.org\/?s={search_term_string}\"},\"query-input\":\"required name=search_term_string\"}],\"inLanguage\":\"de\"},{\"@type\":\"Organization\",\"@id\":\"https:\/\/ds-barranquilla.org\/#organization\",\"name\":\"Colegio Alem\u00e1n Barranquilla\",\"url\":\"https:\/\/ds-barranquilla.org\/\",\"logo\":{\"@type\":\"ImageObject\",\"inLanguage\":\"de\",\"@id\":\"https:\/\/ds-barranquilla.org\/#\/schema\/logo\/image\/\",\"url\":\"https:\/\/ds-barranquilla.org\/wp-content\/uploads\/2021\/05\/coleman_logo_2.png\",\"contentUrl\":\"https:\/\/ds-barranquilla.org\/wp-content\/uploads\/2021\/05\/coleman_logo_2.png\",\"width\":418,\"height\":307,\"caption\":\"Colegio Alem\u00e1n Barranquilla\"},\"image\":{\"@id\":\"https:\/\/ds-barranquilla.org\/#\/schema\/logo\/image\/\"},\"sameAs\":[\"https:\/\/www.facebook.com\/ColegioAlemanBaq\/\",\"https:\/\/x.com\/ColegioAlemanBq\",\"https:\/\/www.instagram.com\/colegioalemanbaq\/\",\"https:\/\/www.linkedin.com\/school\/deutsche-schule-barranquilla\/\",\"https:\/\/www.youtube.com\/channel\/UCOOGZQCVs6aYRqIWvSN5agQ\"]},{\"@type\":\"Person\",\"@id\":\"https:\/\/ds-barranquilla.org\/#\/schema\/person\/7bf8790ba89d3480e0551241ccdc8d36\",\"name\":\"Comunicaciones Comunicaciones\",\"image\":{\"@type\":\"ImageObject\",\"inLanguage\":\"de\",\"@id\":\"https:\/\/ds-barranquilla.org\/#\/schema\/person\/image\/\",\"url\":\"https:\/\/secure.gravatar.com\/avatar\/a66ba9484a4338d81d6bea750e595038?s=96&d=mm&r=g\",\"contentUrl\":\"https:\/\/secure.gravatar.com\/avatar\/a66ba9484a4338d81d6bea750e595038?s=96&d=mm&r=g\",\"caption\":\"Comunicaciones Comunicaciones\"}}]}<\/script>\n<!-- \/ Yoast SEO plugin. -->","yoast_head_json":{"title":"Miembros del Consejo de Padres participaron en taller sobre la BLI - 2026","robots":{"index":"noindex","follow":"follow","max-snippet":"max-snippet:-1","max-image-preview":"max-image-preview:large","max-video-preview":"max-video-preview:-1"},"og_locale":"de_DE","og_type":"article","og_title":"Miembros del Consejo de Padres participaron en taller sobre la BLI - 2026","og_description":"Miembros del Consejo de Padres participaron en taller sobre la BLI Creado por: Jos\u00e9 R\u00edos Mercado. Con el objetivo de que los padres de familia de [\u2026]","og_url":"https:\/\/ds-barranquilla.org\/de\/miembros-del-consejo-de-padres-participaron-en-taller-sobre-la-bli\/","og_site_name":"Colegio Alem\u00e1n - Los Mejores Colegios de Colombia - Colegio Triling\u00fce","article_publisher":"https:\/\/www.facebook.com\/ColegioAlemanBaq\/","article_published_time":"2022-03-22T13:22:39+00:00","article_modified_time":"2022-12-21T16:27:49+00:00","og_image":[{"width":1170,"height":500,"url":"https:\/\/ds-barranquilla.org\/wp-content\/uploads\/2022\/05\/Consejo-de-Padres-Web.jpg","type":"image\/jpeg"}],"author":"Comunicaciones Comunicaciones","twitter_card":"summary_large_image","twitter_creator":"@ColegioAlemanBq","twitter_site":"@ColegioAlemanBq","twitter_misc":{"Verfasst von":"Comunicaciones Comunicaciones","Gesch\u00e4tzte Lesezeit":"1\u00a0Minute"},"schema":{"@context":"https:\/\/schema.org","@graph":[{"@type":"Article","@id":"https:\/\/ds-barranquilla.org\/de\/miembros-del-consejo-de-padres-participaron-en-taller-sobre-la-bli\/#article","isPartOf":{"@id":"https:\/\/ds-barranquilla.org\/de\/miembros-del-consejo-de-padres-participaron-en-taller-sobre-la-bli\/"},"author":{"name":"Comunicaciones Comunicaciones","@id":"https:\/\/ds-barranquilla.org\/#\/schema\/person\/7bf8790ba89d3480e0551241ccdc8d36"},"headline":"Miembros del Consejo de Padres participaron en taller sobre la BLI","datePublished":"2022-03-22T13:22:39+00:00","dateModified":"2022-12-21T16:27:49+00:00","mainEntityOfPage":{"@id":"https:\/\/ds-barranquilla.org\/de\/miembros-del-consejo-de-padres-participaron-en-taller-sobre-la-bli\/"},"wordCount":189,"commentCount":0,"publisher":{"@id":"https:\/\/ds-barranquilla.org\/#organization"},"image":{"@id":"https:\/\/ds-barranquilla.org\/de\/miembros-del-consejo-de-padres-participaron-en-taller-sobre-la-bli\/#primaryimage"},"thumbnailUrl":"https:\/\/ds-barranquilla.org\/wp-content\/uploads\/2022\/05\/Consejo-de-Padres-Web.jpg","articleSection":["2022","Acreditaciones y Calidad","Consejo de Padres"],"inLanguage":"de","potentialAction":[{"@type":"CommentAction","name":"Comment","target":["https:\/\/ds-barranquilla.org\/de\/miembros-del-consejo-de-padres-participaron-en-taller-sobre-la-bli\/#respond"]}]},{"@type":"WebPage","@id":"https:\/\/ds-barranquilla.org\/de\/miembros-del-consejo-de-padres-participaron-en-taller-sobre-la-bli\/","url":"https:\/\/ds-barranquilla.org\/de\/miembros-del-consejo-de-padres-participaron-en-taller-sobre-la-bli\/","name":"Miembros del Consejo de Padres participaron en taller sobre la BLI - 2026","isPartOf":{"@id":"https:\/\/ds-barranquilla.org\/#website"},"primaryImageOfPage":{"@id":"https:\/\/ds-barranquilla.org\/de\/miembros-del-consejo-de-padres-participaron-en-taller-sobre-la-bli\/#primaryimage"},"image":{"@id":"https:\/\/ds-barranquilla.org\/de\/miembros-del-consejo-de-padres-participaron-en-taller-sobre-la-bli\/#primaryimage"},"thumbnailUrl":"https:\/\/ds-barranquilla.org\/wp-content\/uploads\/2022\/05\/Consejo-de-Padres-Web.jpg","datePublished":"2022-03-22T13:22:39+00:00","dateModified":"2022-12-21T16:27:49+00:00","breadcrumb":{"@id":"https:\/\/ds-barranquilla.org\/de\/miembros-del-consejo-de-padres-participaron-en-taller-sobre-la-bli\/#breadcrumb"},"inLanguage":"de","potentialAction":[{"@type":"ReadAction","target":["https:\/\/ds-barranquilla.org\/de\/miembros-del-consejo-de-padres-participaron-en-taller-sobre-la-bli\/"]}]},{"@type":"ImageObject","inLanguage":"de","@id":"https:\/\/ds-barranquilla.org\/de\/miembros-del-consejo-de-padres-participaron-en-taller-sobre-la-bli\/#primaryimage","url":"https:\/\/ds-barranquilla.org\/wp-content\/uploads\/2022\/05\/Consejo-de-Padres-Web.jpg","contentUrl":"https:\/\/ds-barranquilla.org\/wp-content\/uploads\/2022\/05\/Consejo-de-Padres-Web.jpg","width":1170,"height":500},{"@type":"BreadcrumbList","@id":"https:\/\/ds-barranquilla.org\/de\/miembros-del-consejo-de-padres-participaron-en-taller-sobre-la-bli\/#breadcrumb","itemListElement":[{"@type":"ListItem","position":1,"name":"Portada","item":"https:\/\/ds-barranquilla.org\/"},{"@type":"ListItem","position":2,"name":"Miembros del Consejo de Padres participaron en taller sobre la BLI"}]},{"@type":"WebSite","@id":"https:\/\/ds-barranquilla.org\/#website","url":"https:\/\/ds-barranquilla.org\/","name":"Colegio Alem\u00e1n - Los Mejores Colegios de Colombia - Colegio Triling\u00fce","description":"Colegio Alem\u00e1n  Barranquilla Colombia - Colegio Biling\u00fce - Triling\u00fce - El Mejor Colegio de Colombia","publisher":{"@id":"https:\/\/ds-barranquilla.org\/#organization"},"potentialAction":[{"@type":"SearchAction","target":{"@type":"EntryPoint","urlTemplate":"https:\/\/ds-barranquilla.org\/?s={search_term_string}"},"query-input":"required name=search_term_string"}],"inLanguage":"de"},{"@type":"Organization","@id":"https:\/\/ds-barranquilla.org\/#organization","name":"Colegio Alem\u00e1n Barranquilla","url":"https:\/\/ds-barranquilla.org\/","logo":{"@type":"ImageObject","inLanguage":"de","@id":"https:\/\/ds-barranquilla.org\/#\/schema\/logo\/image\/","url":"https:\/\/ds-barranquilla.org\/wp-content\/uploads\/2021\/05\/coleman_logo_2.png","contentUrl":"https:\/\/ds-barranquilla.org\/wp-content\/uploads\/2021\/05\/coleman_logo_2.png","width":418,"height":307,"caption":"Colegio Alem\u00e1n Barranquilla"},"image":{"@id":"https:\/\/ds-barranquilla.org\/#\/schema\/logo\/image\/"},"sameAs":["https:\/\/www.facebook.com\/ColegioAlemanBaq\/","https:\/\/x.com\/ColegioAlemanBq","https:\/\/www.instagram.com\/colegioalemanbaq\/","https:\/\/www.linkedin.com\/school\/deutsche-schule-barranquilla\/","https:\/\/www.youtube.com\/channel\/UCOOGZQCVs6aYRqIWvSN5agQ"]},{"@type":"Person","@id":"https:\/\/ds-barranquilla.org\/#\/schema\/person\/7bf8790ba89d3480e0551241ccdc8d36","name":"Comunicaciones Comunicaciones","image":{"@type":"ImageObject","inLanguage":"de","@id":"https:\/\/ds-barranquilla.org\/#\/schema\/person\/image\/","url":"https:\/\/secure.gravatar.com\/avatar\/a66ba9484a4338d81d6bea750e595038?s=96&d=mm&r=g","contentUrl":"https:\/\/secure.gravatar.com\/avatar\/a66ba9484a4338d81d6bea750e595038?s=96&d=mm&r=g","caption":"Comunicaciones Comunicaciones"}}]}},"_links":{"self":[{"href":"https:\/\/ds-barranquilla.org\/de\/wp-json\/wp\/v2\/posts\/14982"}],"collection":[{"href":"https:\/\/ds-barranquilla.org\/de\/wp-json\/wp\/v2\/posts"}],"about":[{"href":"https:\/\/ds-barranquilla.org\/de\/wp-json\/wp\/v2\/types\/post"}],"author":[{"embeddable":true,"href":"https:\/\/ds-barranquilla.org\/de\/wp-json\/wp\/v2\/users\/16"}],"replies":[{"embeddable":true,"href":"https:\/\/ds-barranquilla.org\/de\/wp-json\/wp\/v2\/comments?post=14982"}],"version-history":[{"count":1,"href":"https:\/\/ds-barranquilla.org\/de\/wp-json\/wp\/v2\/posts\/14982\/revisions"}],"predecessor-version":[{"id":14984,"href":"https:\/\/ds-barranquilla.org\/de\/wp-json\/wp\/v2\/posts\/14982\/revisions\/14984"}],"wp:featuredmedia":[{"embeddable":true,"href":"https:\/\/ds-barranquilla.org\/de\/wp-json\/wp\/v2\/media\/14983"}],"wp:attachment":[{"href":"https:\/\/ds-barranquilla.org\/de\/wp-json\/wp\/v2\/media?parent=14982"}],"wp:term":[{"taxonomy":"category","embeddable":true,"href":"https:\/\/ds-barranquilla.org\/de\/wp-json\/wp\/v2\/categories?post=14982"},{"taxonomy":"post_tag","embeddable":true,"href":"https:\/\/ds-barranquilla.org\/de\/wp-json\/wp\/v2\/tags?post=14982"}],"curies":[{"name":"wp","href":"https:\/\/api.w.org\/{rel}","templated":true}]}}