{"id":14988,"date":"2022-03-23T08:42:58","date_gmt":"2022-03-23T13:42:58","guid":{"rendered":"https:\/\/ds-barranquilla.org\/?p=14988"},"modified":"2022-12-07T11:57:16","modified_gmt":"2022-12-07T16:57:16","slug":"hacer-visible-lo-invisible-22-de-marzo-dia-internacional-del-agua","status":"publish","type":"post","link":"https:\/\/ds-barranquilla.org\/de\/hacer-visible-lo-invisible-22-de-marzo-dia-internacional-del-agua\/","title":{"rendered":"\u2018Hacer visible lo invisible\u2019 (22 de marzo \u2013 D\u00eda Internacional del Agua)"},"content":{"rendered":"<h1>\u2018Hacer visible lo invisible\u2019 (22 de marzo \u2013 D\u00eda Internacional del Agua)<\/h1>\n<p><strong>Creado por: Lizeth Salas. <\/strong>Desde 1993 cada 22 de marzo se celebra el D\u00eda Internacional del Agua, fecha proclamada por la Organizaci\u00f3n de Naciones Unidas (ONU) en 1992 y que busca generar conciencia sobre la gran importancia de este recurso natural. Es por esto que, en el Colegio Alem\u00e1n, desde la Coordinaci\u00f3n del Proyecto Ambiental Educativo (PRAE), conmemoramos esta fecha, cuyo tema para este a\u00f1o es \u2018Las aguas subterr\u00e1neas, hacer visible o invisible\u2019. A trav\u00e9s de un video que hicieron los integrantes de nuestro Grupo Ecol\u00f3gico y varias actividades desarrolladas en las aulas, invitamos a los estudiantes a tomar conciencia sobre este recurso natural.<\/p>\n<p>El Kindergarten se sum\u00f3 a la celebraci\u00f3n y cont\u00f3 con el acompa\u00f1amiento de los docentes Luis Fernando L\u00f3pez y Junel Ara\u00fajo, quienes mostraron los avances del proyecto \u2018Alle f\u00fcr eine Welt f\u00fcr Alle\u2019, una propuesta del Gobierno alem\u00e1n que involucra los Objetivos de Desarrollo Sostenible y las competencias investigativas en los alumnos. Esta iniciativa va muy de la mano con el PRAE y se est\u00e1 llevando a cabo en pro del cuidado del agua y dem\u00e1s recursos que el planeta nos brinda.<\/p>\n<p><a href=\"https:\/\/m.facebook.com\/story.php?story_fbid=3206457396278395&amp;id=1686837971573686\">Fotos<\/a><\/p>","protected":false},"excerpt":{"rendered":"<p>\u2018Hacer visible lo invisible\u2019 (22 de marzo \u2013 D\u00eda Internacional del Agua) Creado por: Lizeth Salas. Desde 1993 cada 22 de marzo se celebra el D\u00eda<span class=\"excerpt-hellip\"> [\u2026]<\/span><\/p>","protected":false},"author":16,"featured_media":14989,"comment_status":"open","ping_status":"open","sticky":false,"template":"","format":"standard","meta":{"_exactmetrics_skip_tracking":false,"_exactmetrics_sitenote_active":false,"_exactmetrics_sitenote_note":"","_exactmetrics_sitenote_category":0,"_joinchat":[],"footnotes":""},"categories":[672,677,708],"tags":[],"class_list":["post-14988","post","type-post","status-publish","format-standard","has-post-thumbnail","hentry","category-672","category-kindergarten","category-proyectos-academicos"],"yoast_head":"<!-- This site is optimized with the Yoast SEO plugin v23.3 - https:\/\/yoast.com\/wordpress\/plugins\/seo\/ -->\n<title>\u2018Hacer visible lo invisible\u2019 (22 de marzo \u2013 D\u00eda Internacional del Agua) - 2026<\/title>\n<meta name=\"robots\" content=\"noindex, follow, max-snippet:-1, max-image-preview:large, max-video-preview:-1\" \/>\n<meta property=\"og:locale\" content=\"de_DE\" \/>\n<meta property=\"og:type\" content=\"article\" \/>\n<meta property=\"og:title\" content=\"\u2018Hacer visible lo invisible\u2019 (22 de marzo \u2013 D\u00eda Internacional del Agua) - 2026\" \/>\n<meta property=\"og:description\" content=\"\u2018Hacer visible lo invisible\u2019 (22 de marzo \u2013 D\u00eda Internacional del Agua) Creado por: Lizeth Salas. Desde 1993 cada 22 de marzo se celebra el D\u00eda [\u2026]\" \/>\n<meta property=\"og:url\" content=\"https:\/\/ds-barranquilla.org\/de\/hacer-visible-lo-invisible-22-de-marzo-dia-internacional-del-agua\/\" \/>\n<meta property=\"og:site_name\" content=\"Colegio Alem\u00e1n - Los Mejores Colegios de Colombia - Colegio Triling\u00fce\" \/>\n<meta property=\"article:publisher\" content=\"https:\/\/www.facebook.com\/ColegioAlemanBaq\/\" \/>\n<meta property=\"article:published_time\" content=\"2022-03-23T13:42:58+00:00\" \/>\n<meta property=\"article:modified_time\" content=\"2022-12-07T16:57:16+00:00\" \/>\n<meta property=\"og:image\" content=\"https:\/\/ds-barranquilla.org\/wp-content\/uploads\/2022\/05\/Dia-del-Agua-Web.jpg\" \/>\n\t<meta property=\"og:image:width\" content=\"1170\" \/>\n\t<meta property=\"og:image:height\" content=\"500\" \/>\n\t<meta property=\"og:image:type\" content=\"image\/jpeg\" \/>\n<meta name=\"author\" content=\"Comunicaciones Comunicaciones\" \/>\n<meta name=\"twitter:card\" content=\"summary_large_image\" \/>\n<meta name=\"twitter:creator\" content=\"@ColegioAlemanBq\" \/>\n<meta name=\"twitter:site\" content=\"@ColegioAlemanBq\" \/>\n<meta name=\"twitter:label1\" content=\"Verfasst von\" \/>\n\t<meta name=\"twitter:data1\" content=\"Comunicaciones Comunicaciones\" \/>\n\t<meta name=\"twitter:label2\" content=\"Gesch\u00e4tzte Lesezeit\" \/>\n\t<meta name=\"twitter:data2\" content=\"1\u00a0Minute\" \/>\n<script type=\"application\/ld+json\" class=\"yoast-schema-graph\">{\"@context\":\"https:\/\/schema.org\",\"@graph\":[{\"@type\":\"Article\",\"@id\":\"https:\/\/ds-barranquilla.org\/hacer-visible-lo-invisible-22-de-marzo-dia-internacional-del-agua\/#article\",\"isPartOf\":{\"@id\":\"https:\/\/ds-barranquilla.org\/hacer-visible-lo-invisible-22-de-marzo-dia-internacional-del-agua\/\"},\"author\":{\"name\":\"Comunicaciones Comunicaciones\",\"@id\":\"https:\/\/ds-barranquilla.org\/#\/schema\/person\/7bf8790ba89d3480e0551241ccdc8d36\"},\"headline\":\"\u2018Hacer visible lo invisible\u2019 (22 de marzo \u2013 D\u00eda Internacional del Agua)\",\"datePublished\":\"2022-03-23T13:42:58+00:00\",\"dateModified\":\"2022-12-07T16:57:16+00:00\",\"mainEntityOfPage\":{\"@id\":\"https:\/\/ds-barranquilla.org\/hacer-visible-lo-invisible-22-de-marzo-dia-internacional-del-agua\/\"},\"wordCount\":226,\"commentCount\":0,\"publisher\":{\"@id\":\"https:\/\/ds-barranquilla.org\/#organization\"},\"image\":{\"@id\":\"https:\/\/ds-barranquilla.org\/hacer-visible-lo-invisible-22-de-marzo-dia-internacional-del-agua\/#primaryimage\"},\"thumbnailUrl\":\"https:\/\/ds-barranquilla.org\/wp-content\/uploads\/2022\/05\/Dia-del-Agua-Web.jpg\",\"articleSection\":[\"2022\",\"Kindergarten\",\"Proyectos acad\u00e9micos\"],\"inLanguage\":\"de\",\"potentialAction\":[{\"@type\":\"CommentAction\",\"name\":\"Comment\",\"target\":[\"https:\/\/ds-barranquilla.org\/hacer-visible-lo-invisible-22-de-marzo-dia-internacional-del-agua\/#respond\"]}]},{\"@type\":\"WebPage\",\"@id\":\"https:\/\/ds-barranquilla.org\/hacer-visible-lo-invisible-22-de-marzo-dia-internacional-del-agua\/\",\"url\":\"https:\/\/ds-barranquilla.org\/hacer-visible-lo-invisible-22-de-marzo-dia-internacional-del-agua\/\",\"name\":\"\u2018Hacer visible lo invisible\u2019 (22 de marzo \u2013 D\u00eda Internacional del Agua) - 2026\",\"isPartOf\":{\"@id\":\"https:\/\/ds-barranquilla.org\/#website\"},\"primaryImageOfPage\":{\"@id\":\"https:\/\/ds-barranquilla.org\/hacer-visible-lo-invisible-22-de-marzo-dia-internacional-del-agua\/#primaryimage\"},\"image\":{\"@id\":\"https:\/\/ds-barranquilla.org\/hacer-visible-lo-invisible-22-de-marzo-dia-internacional-del-agua\/#primaryimage\"},\"thumbnailUrl\":\"https:\/\/ds-barranquilla.org\/wp-content\/uploads\/2022\/05\/Dia-del-Agua-Web.jpg\",\"datePublished\":\"2022-03-23T13:42:58+00:00\",\"dateModified\":\"2022-12-07T16:57:16+00:00\",\"breadcrumb\":{\"@id\":\"https:\/\/ds-barranquilla.org\/hacer-visible-lo-invisible-22-de-marzo-dia-internacional-del-agua\/#breadcrumb\"},\"inLanguage\":\"de\",\"potentialAction\":[{\"@type\":\"ReadAction\",\"target\":[\"https:\/\/ds-barranquilla.org\/hacer-visible-lo-invisible-22-de-marzo-dia-internacional-del-agua\/\"]}]},{\"@type\":\"ImageObject\",\"inLanguage\":\"de\",\"@id\":\"https:\/\/ds-barranquilla.org\/hacer-visible-lo-invisible-22-de-marzo-dia-internacional-del-agua\/#primaryimage\",\"url\":\"https:\/\/ds-barranquilla.org\/wp-content\/uploads\/2022\/05\/Dia-del-Agua-Web.jpg\",\"contentUrl\":\"https:\/\/ds-barranquilla.org\/wp-content\/uploads\/2022\/05\/Dia-del-Agua-Web.jpg\",\"width\":1170,\"height\":500},{\"@type\":\"BreadcrumbList\",\"@id\":\"https:\/\/ds-barranquilla.org\/hacer-visible-lo-invisible-22-de-marzo-dia-internacional-del-agua\/#breadcrumb\",\"itemListElement\":[{\"@type\":\"ListItem\",\"position\":1,\"name\":\"Portada\",\"item\":\"https:\/\/ds-barranquilla.org\/\"},{\"@type\":\"ListItem\",\"position\":2,\"name\":\"\u2018Hacer visible lo invisible\u2019 (22 de marzo \u2013 D\u00eda Internacional del Agua)\"}]},{\"@type\":\"WebSite\",\"@id\":\"https:\/\/ds-barranquilla.org\/#website\",\"url\":\"https:\/\/ds-barranquilla.org\/\",\"name\":\"Colegio Alem\u00e1n - Los Mejores Colegios de Colombia - Colegio Triling\u00fce\",\"description\":\"Colegio Alem\u00e1n  Barranquilla Colombia - Colegio Biling\u00fce - Triling\u00fce - El Mejor Colegio de Colombia\",\"publisher\":{\"@id\":\"https:\/\/ds-barranquilla.org\/#organization\"},\"potentialAction\":[{\"@type\":\"SearchAction\",\"target\":{\"@type\":\"EntryPoint\",\"urlTemplate\":\"https:\/\/ds-barranquilla.org\/?s={search_term_string}\"},\"query-input\":\"required name=search_term_string\"}],\"inLanguage\":\"de\"},{\"@type\":\"Organization\",\"@id\":\"https:\/\/ds-barranquilla.org\/#organization\",\"name\":\"Colegio Alem\u00e1n Barranquilla\",\"url\":\"https:\/\/ds-barranquilla.org\/\",\"logo\":{\"@type\":\"ImageObject\",\"inLanguage\":\"de\",\"@id\":\"https:\/\/ds-barranquilla.org\/#\/schema\/logo\/image\/\",\"url\":\"https:\/\/ds-barranquilla.org\/wp-content\/uploads\/2021\/05\/coleman_logo_2.png\",\"contentUrl\":\"https:\/\/ds-barranquilla.org\/wp-content\/uploads\/2021\/05\/coleman_logo_2.png\",\"width\":418,\"height\":307,\"caption\":\"Colegio Alem\u00e1n Barranquilla\"},\"image\":{\"@id\":\"https:\/\/ds-barranquilla.org\/#\/schema\/logo\/image\/\"},\"sameAs\":[\"https:\/\/www.facebook.com\/ColegioAlemanBaq\/\",\"https:\/\/x.com\/ColegioAlemanBq\",\"https:\/\/www.instagram.com\/colegioalemanbaq\/\",\"https:\/\/www.linkedin.com\/school\/deutsche-schule-barranquilla\/\",\"https:\/\/www.youtube.com\/channel\/UCOOGZQCVs6aYRqIWvSN5agQ\"]},{\"@type\":\"Person\",\"@id\":\"https:\/\/ds-barranquilla.org\/#\/schema\/person\/7bf8790ba89d3480e0551241ccdc8d36\",\"name\":\"Comunicaciones Comunicaciones\",\"image\":{\"@type\":\"ImageObject\",\"inLanguage\":\"de\",\"@id\":\"https:\/\/ds-barranquilla.org\/#\/schema\/person\/image\/\",\"url\":\"https:\/\/secure.gravatar.com\/avatar\/a66ba9484a4338d81d6bea750e595038?s=96&d=mm&r=g\",\"contentUrl\":\"https:\/\/secure.gravatar.com\/avatar\/a66ba9484a4338d81d6bea750e595038?s=96&d=mm&r=g\",\"caption\":\"Comunicaciones Comunicaciones\"}}]}<\/script>\n<!-- \/ Yoast SEO plugin. -->","yoast_head_json":{"title":"\u2018Hacer visible lo invisible\u2019 (22 de marzo \u2013 D\u00eda Internacional del Agua) - 2026","robots":{"index":"noindex","follow":"follow","max-snippet":"max-snippet:-1","max-image-preview":"max-image-preview:large","max-video-preview":"max-video-preview:-1"},"og_locale":"de_DE","og_type":"article","og_title":"\u2018Hacer visible lo invisible\u2019 (22 de marzo \u2013 D\u00eda Internacional del Agua) - 2026","og_description":"\u2018Hacer visible lo invisible\u2019 (22 de marzo \u2013 D\u00eda Internacional del Agua) Creado por: Lizeth Salas. Desde 1993 cada 22 de marzo se celebra el D\u00eda [\u2026]","og_url":"https:\/\/ds-barranquilla.org\/de\/hacer-visible-lo-invisible-22-de-marzo-dia-internacional-del-agua\/","og_site_name":"Colegio Alem\u00e1n - Los Mejores Colegios de Colombia - Colegio Triling\u00fce","article_publisher":"https:\/\/www.facebook.com\/ColegioAlemanBaq\/","article_published_time":"2022-03-23T13:42:58+00:00","article_modified_time":"2022-12-07T16:57:16+00:00","og_image":[{"width":1170,"height":500,"url":"https:\/\/ds-barranquilla.org\/wp-content\/uploads\/2022\/05\/Dia-del-Agua-Web.jpg","type":"image\/jpeg"}],"author":"Comunicaciones Comunicaciones","twitter_card":"summary_large_image","twitter_creator":"@ColegioAlemanBq","twitter_site":"@ColegioAlemanBq","twitter_misc":{"Verfasst von":"Comunicaciones Comunicaciones","Gesch\u00e4tzte Lesezeit":"1\u00a0Minute"},"schema":{"@context":"https:\/\/schema.org","@graph":[{"@type":"Article","@id":"https:\/\/ds-barranquilla.org\/hacer-visible-lo-invisible-22-de-marzo-dia-internacional-del-agua\/#article","isPartOf":{"@id":"https:\/\/ds-barranquilla.org\/hacer-visible-lo-invisible-22-de-marzo-dia-internacional-del-agua\/"},"author":{"name":"Comunicaciones Comunicaciones","@id":"https:\/\/ds-barranquilla.org\/#\/schema\/person\/7bf8790ba89d3480e0551241ccdc8d36"},"headline":"\u2018Hacer visible lo invisible\u2019 (22 de marzo \u2013 D\u00eda Internacional del Agua)","datePublished":"2022-03-23T13:42:58+00:00","dateModified":"2022-12-07T16:57:16+00:00","mainEntityOfPage":{"@id":"https:\/\/ds-barranquilla.org\/hacer-visible-lo-invisible-22-de-marzo-dia-internacional-del-agua\/"},"wordCount":226,"commentCount":0,"publisher":{"@id":"https:\/\/ds-barranquilla.org\/#organization"},"image":{"@id":"https:\/\/ds-barranquilla.org\/hacer-visible-lo-invisible-22-de-marzo-dia-internacional-del-agua\/#primaryimage"},"thumbnailUrl":"https:\/\/ds-barranquilla.org\/wp-content\/uploads\/2022\/05\/Dia-del-Agua-Web.jpg","articleSection":["2022","Kindergarten","Proyectos acad\u00e9micos"],"inLanguage":"de","potentialAction":[{"@type":"CommentAction","name":"Comment","target":["https:\/\/ds-barranquilla.org\/hacer-visible-lo-invisible-22-de-marzo-dia-internacional-del-agua\/#respond"]}]},{"@type":"WebPage","@id":"https:\/\/ds-barranquilla.org\/hacer-visible-lo-invisible-22-de-marzo-dia-internacional-del-agua\/","url":"https:\/\/ds-barranquilla.org\/hacer-visible-lo-invisible-22-de-marzo-dia-internacional-del-agua\/","name":"\u2018Hacer visible lo invisible\u2019 (22 de marzo \u2013 D\u00eda Internacional del Agua) - 2026","isPartOf":{"@id":"https:\/\/ds-barranquilla.org\/#website"},"primaryImageOfPage":{"@id":"https:\/\/ds-barranquilla.org\/hacer-visible-lo-invisible-22-de-marzo-dia-internacional-del-agua\/#primaryimage"},"image":{"@id":"https:\/\/ds-barranquilla.org\/hacer-visible-lo-invisible-22-de-marzo-dia-internacional-del-agua\/#primaryimage"},"thumbnailUrl":"https:\/\/ds-barranquilla.org\/wp-content\/uploads\/2022\/05\/Dia-del-Agua-Web.jpg","datePublished":"2022-03-23T13:42:58+00:00","dateModified":"2022-12-07T16:57:16+00:00","breadcrumb":{"@id":"https:\/\/ds-barranquilla.org\/hacer-visible-lo-invisible-22-de-marzo-dia-internacional-del-agua\/#breadcrumb"},"inLanguage":"de","potentialAction":[{"@type":"ReadAction","target":["https:\/\/ds-barranquilla.org\/hacer-visible-lo-invisible-22-de-marzo-dia-internacional-del-agua\/"]}]},{"@type":"ImageObject","inLanguage":"de","@id":"https:\/\/ds-barranquilla.org\/hacer-visible-lo-invisible-22-de-marzo-dia-internacional-del-agua\/#primaryimage","url":"https:\/\/ds-barranquilla.org\/wp-content\/uploads\/2022\/05\/Dia-del-Agua-Web.jpg","contentUrl":"https:\/\/ds-barranquilla.org\/wp-content\/uploads\/2022\/05\/Dia-del-Agua-Web.jpg","width":1170,"height":500},{"@type":"BreadcrumbList","@id":"https:\/\/ds-barranquilla.org\/hacer-visible-lo-invisible-22-de-marzo-dia-internacional-del-agua\/#breadcrumb","itemListElement":[{"@type":"ListItem","position":1,"name":"Portada","item":"https:\/\/ds-barranquilla.org\/"},{"@type":"ListItem","position":2,"name":"\u2018Hacer visible lo invisible\u2019 (22 de marzo \u2013 D\u00eda Internacional del Agua)"}]},{"@type":"WebSite","@id":"https:\/\/ds-barranquilla.org\/#website","url":"https:\/\/ds-barranquilla.org\/","name":"Colegio Alem\u00e1n - Los Mejores Colegios de Colombia - Colegio Triling\u00fce","description":"Colegio Alem\u00e1n  Barranquilla Colombia - Colegio Biling\u00fce - Triling\u00fce - El Mejor Colegio de Colombia","publisher":{"@id":"https:\/\/ds-barranquilla.org\/#organization"},"potentialAction":[{"@type":"SearchAction","target":{"@type":"EntryPoint","urlTemplate":"https:\/\/ds-barranquilla.org\/?s={search_term_string}"},"query-input":"required name=search_term_string"}],"inLanguage":"de"},{"@type":"Organization","@id":"https:\/\/ds-barranquilla.org\/#organization","name":"Colegio Alem\u00e1n Barranquilla","url":"https:\/\/ds-barranquilla.org\/","logo":{"@type":"ImageObject","inLanguage":"de","@id":"https:\/\/ds-barranquilla.org\/#\/schema\/logo\/image\/","url":"https:\/\/ds-barranquilla.org\/wp-content\/uploads\/2021\/05\/coleman_logo_2.png","contentUrl":"https:\/\/ds-barranquilla.org\/wp-content\/uploads\/2021\/05\/coleman_logo_2.png","width":418,"height":307,"caption":"Colegio Alem\u00e1n Barranquilla"},"image":{"@id":"https:\/\/ds-barranquilla.org\/#\/schema\/logo\/image\/"},"sameAs":["https:\/\/www.facebook.com\/ColegioAlemanBaq\/","https:\/\/x.com\/ColegioAlemanBq","https:\/\/www.instagram.com\/colegioalemanbaq\/","https:\/\/www.linkedin.com\/school\/deutsche-schule-barranquilla\/","https:\/\/www.youtube.com\/channel\/UCOOGZQCVs6aYRqIWvSN5agQ"]},{"@type":"Person","@id":"https:\/\/ds-barranquilla.org\/#\/schema\/person\/7bf8790ba89d3480e0551241ccdc8d36","name":"Comunicaciones Comunicaciones","image":{"@type":"ImageObject","inLanguage":"de","@id":"https:\/\/ds-barranquilla.org\/#\/schema\/person\/image\/","url":"https:\/\/secure.gravatar.com\/avatar\/a66ba9484a4338d81d6bea750e595038?s=96&d=mm&r=g","contentUrl":"https:\/\/secure.gravatar.com\/avatar\/a66ba9484a4338d81d6bea750e595038?s=96&d=mm&r=g","caption":"Comunicaciones Comunicaciones"}}]}},"_links":{"self":[{"href":"https:\/\/ds-barranquilla.org\/de\/wp-json\/wp\/v2\/posts\/14988"}],"collection":[{"href":"https:\/\/ds-barranquilla.org\/de\/wp-json\/wp\/v2\/posts"}],"about":[{"href":"https:\/\/ds-barranquilla.org\/de\/wp-json\/wp\/v2\/types\/post"}],"author":[{"embeddable":true,"href":"https:\/\/ds-barranquilla.org\/de\/wp-json\/wp\/v2\/users\/16"}],"replies":[{"embeddable":true,"href":"https:\/\/ds-barranquilla.org\/de\/wp-json\/wp\/v2\/comments?post=14988"}],"version-history":[{"count":1,"href":"https:\/\/ds-barranquilla.org\/de\/wp-json\/wp\/v2\/posts\/14988\/revisions"}],"predecessor-version":[{"id":14990,"href":"https:\/\/ds-barranquilla.org\/de\/wp-json\/wp\/v2\/posts\/14988\/revisions\/14990"}],"wp:featuredmedia":[{"embeddable":true,"href":"https:\/\/ds-barranquilla.org\/de\/wp-json\/wp\/v2\/media\/14989"}],"wp:attachment":[{"href":"https:\/\/ds-barranquilla.org\/de\/wp-json\/wp\/v2\/media?parent=14988"}],"wp:term":[{"taxonomy":"category","embeddable":true,"href":"https:\/\/ds-barranquilla.org\/de\/wp-json\/wp\/v2\/categories?post=14988"},{"taxonomy":"post_tag","embeddable":true,"href":"https:\/\/ds-barranquilla.org\/de\/wp-json\/wp\/v2\/tags?post=14988"}],"curies":[{"name":"wp","href":"https:\/\/api.w.org\/{rel}","templated":true}]}}