{"id":15344,"date":"2022-06-07T14:59:34","date_gmt":"2022-06-07T19:59:34","guid":{"rendered":"https:\/\/ds-barranquilla.org\/?p=15344"},"modified":"2022-11-23T10:49:20","modified_gmt":"2022-11-23T15:49:20","slug":"expo-atlantico-2022-el-espacio-para-que-nuestros-estudiantes-conozcan-mas-de-cerca-nuestro-departamento","status":"publish","type":"post","link":"https:\/\/ds-barranquilla.org\/de\/expo-atlantico-2022-el-espacio-para-que-nuestros-estudiantes-conozcan-mas-de-cerca-nuestro-departamento\/","title":{"rendered":"Expo-Atl\u00e1ntico 2022: el espacio para que nuestros estudiantes conozcan m\u00e1s de cerca nuestro departamento"},"content":{"rendered":"<h1><strong>Expo-Atl\u00e1ntico 2022: el espacio para que nuestros estudiantes conozcan m\u00e1s de cerca nuestro departamento<\/strong><\/h1>\n<p><strong>Geschrieben von: Jos\u00e9 R\u00edos Mercado.<\/strong> Los municipios del departamento del Atl\u00e1ntico una vez m\u00e1s tuvieron su espacio en las instalaciones de nuestro colegio con ocasi\u00f3n de Expo-Atl\u00e1ntico 2022. En esta ocasi\u00f3n los estudiantes de la Klasse 4 dieron muestra de su creatividad y conocimiento de las poblaciones, a trav\u00e9s de llamativos estands que decoraron y que fueron instalados en las plataformas del edificio administrativo y de las secciones de Primaria y Secundaria; la Secretaria de Educaci\u00f3n y la Subsecretaria de Turismo del Departamento fueron invitadas por la Coordinaci\u00f3n del \u00c1rea de Individuos y Sociedades al evento acad\u00e9mico.<\/p>\n<p>\u201cPara nuestra Gobernadora es supremamente importante que los establecimientos educativos dentro de sus proyectos transversales visibilicen el Departamento y generen ese sentido de pertenencia que vemos hoy aqu\u00ed en todos los chicos de la Klasse 4. Hay que destacar el trabajo que vienen elaborando desde hace varios meses, las visitas que la mayor\u00eda hizo a los diferentes municipios y el contacto directo que sostuvieron con sus habitantes, en muchos casos familiares de ellos que son oriundos de estas poblaciones\u201d, expres\u00f3 la Secretaria de Educaci\u00f3n y madre de familia de las Klassen 6 y 7, Catalina Ucr\u00f3s.<\/p>\n<p>La funcionaria indic\u00f3 que este ejercicio es fundamental no solo para el desarrollo econ\u00f3mico de los municipios sino tambi\u00e9n para el emocional de las personas porque permite identificar de d\u00f3nde somos, las fortalezas que tenemos y c\u00f3mo podemos visibilizarlas en alg\u00fan tipo de iniciativa transversal. Por su parte, la Subsecretaria de Turismo, Pamela Lozano, se mostr\u00f3 muy sorprendida por la capacidad de los ni\u00f1os de conectarse con el territorio y destac\u00f3 el apoyo de los docentes por querer inculcarles la identidad atlanticense, su historia y sus riquezas; destac\u00f3 adem\u00e1s el acompa\u00f1amiento brindado por los padres de familia.<\/p>\n<p>\u201cOjal\u00e1 que todos los colegios pudieran replicar proyectos como \u00e9ste porque nosotros como atlanticenses somos los principales voceros de nuestro departamento. Estamos haciendo una labor preciosa por seguir posicion\u00e1ndolo como un destino tur\u00edstico y competitivo, y seguramente estos peque\u00f1itos ser\u00e1n los encargados de continuar con esta labor; muchos ya conocieron las poblaciones, vivieron la experiencia de primera mano y eso me encanta, me fascina que el Colegio Alem\u00e1n lidere este tipo de procesos que dar\u00e1 muchos frutos a toda la comunidad atlanticense\u201d, manifest\u00f3 la Subsecretaria de Turismo.<\/p>\n<p>Expo-Atl\u00e1ntico es un proyecto de aula desarrollado en la Klasse 4, que busca la institucionalizaci\u00f3n de una estrategia pedag\u00f3gica integral que permita fomentar la indagaci\u00f3n, la participaci\u00f3n y la socializaci\u00f3n del conocimiento de una manera creativa, adem\u00e1s de incentivar el sentido de pertenencia por el departamento del Atl\u00e1ntico y a su vez, propiciar espacios que permitan el trabajo cooperativo. El proyecto se ejecut\u00f3 en tres fases:<\/p>\n<p><strong>Primera fase (18-30 de abril):<\/strong> Sensibilizaci\u00f3n sobre la finalidad del proyecto, generalidades del departamento del Atl\u00e1ntico y asignaci\u00f3n del municipio que le corresponde a cada estudiante.<\/p>\n<p><strong>Segunda fase (2-30 de mayo):<\/strong> Indagaci\u00f3n, selecci\u00f3n de la informaci\u00f3n, preparaci\u00f3n del producto que ser\u00e1 expuesto (carteleras, diapositivas, dramatizaciones, bailes). para presentar la informaci\u00f3n y finalmente socializaci\u00f3n a sus compa\u00f1eros de curso, durante las horas de clases de la asignatura \u2018Individuos y Sociedades\u2019.<\/p>\n<p><strong>Tercera fase (6 de junio):<\/strong> Realizaci\u00f3n de la feria, donde cada municipio tendr\u00e1 un estand, que los estudiantes encargados decorar\u00e1n y presentar\u00e1n informaci\u00f3n correspondiente de una manera creativa: generalidades, aspecto cultural, datos curiosos.<\/p>\n<p><a href=\"https:\/\/m.facebook.com\/story.php?story_fbid=pfbid02KkN9CjfR587T1NEsMtGiEyypVkPrkEwf7ATGnhbQP26UiCPYbva5FiNM1DQK7ZMAl&amp;id=100056290190589\">Fotos<\/a><\/p>","protected":false},"excerpt":{"rendered":"<p>Expo-Atl\u00e1ntico 2022: el espacio para que nuestros estudiantes conozcan m\u00e1s de cerca nuestro departamento Creado por: Jos\u00e9 R\u00edos Mercado. Los municipios del departamento del Atl\u00e1ntico una<span class=\"excerpt-hellip\"> [\u2026]<\/span><\/p>","protected":false},"author":16,"featured_media":15345,"comment_status":"open","ping_status":"open","sticky":false,"template":"","format":"standard","meta":{"_exactmetrics_skip_tracking":false,"_exactmetrics_sitenote_active":false,"_exactmetrics_sitenote_note":"","_exactmetrics_sitenote_category":0,"_joinchat":[],"footnotes":""},"categories":[672,688,707,676,708,709],"tags":[],"class_list":["post-15344","post","type-post","status-publish","format-standard","has-post-thumbnail","hentry","category-672","category-area-de-individuos-y-sociedades","category-otras-noticias","category-primaria","category-proyectos-academicos","category-rectoria"],"yoast_head":"<!-- This site is optimized with the Yoast SEO plugin v23.3 - https:\/\/yoast.com\/wordpress\/plugins\/seo\/ -->\n<title>Expo-Atl\u00e1ntico 2022: el espacio para que nuestros estudiantes conozcan m\u00e1s de cerca nuestro departamento - 2026<\/title>\n<meta name=\"robots\" content=\"noindex, follow, max-snippet:-1, max-image-preview:large, max-video-preview:-1\" \/>\n<meta property=\"og:locale\" content=\"de_DE\" \/>\n<meta property=\"og:type\" content=\"article\" \/>\n<meta property=\"og:title\" content=\"Expo-Atl\u00e1ntico 2022: el espacio para que nuestros estudiantes conozcan m\u00e1s de cerca nuestro departamento - 2026\" \/>\n<meta property=\"og:description\" content=\"Expo-Atl\u00e1ntico 2022: el espacio para que nuestros estudiantes conozcan m\u00e1s de cerca nuestro departamento Creado por: Jos\u00e9 R\u00edos Mercado. Los municipios del departamento del Atl\u00e1ntico una [\u2026]\" \/>\n<meta property=\"og:url\" content=\"https:\/\/ds-barranquilla.org\/de\/expo-atlantico-2022-el-espacio-para-que-nuestros-estudiantes-conozcan-mas-de-cerca-nuestro-departamento\/\" \/>\n<meta property=\"og:site_name\" content=\"Colegio Alem\u00e1n - Los Mejores Colegios de Colombia - Colegio Triling\u00fce\" \/>\n<meta property=\"article:publisher\" content=\"https:\/\/www.facebook.com\/ColegioAlemanBaq\/\" \/>\n<meta property=\"article:published_time\" content=\"2022-06-07T19:59:34+00:00\" \/>\n<meta property=\"article:modified_time\" content=\"2022-11-23T15:49:20+00:00\" \/>\n<meta property=\"og:image\" content=\"https:\/\/ds-barranquilla.org\/wp-content\/uploads\/2022\/06\/Expo-Atlantico-Web.jpg\" \/>\n\t<meta property=\"og:image:width\" content=\"1170\" \/>\n\t<meta property=\"og:image:height\" content=\"500\" \/>\n\t<meta property=\"og:image:type\" content=\"image\/jpeg\" \/>\n<meta name=\"author\" content=\"Comunicaciones Comunicaciones\" \/>\n<meta name=\"twitter:card\" content=\"summary_large_image\" \/>\n<meta name=\"twitter:creator\" content=\"@ColegioAlemanBq\" \/>\n<meta name=\"twitter:site\" content=\"@ColegioAlemanBq\" \/>\n<meta name=\"twitter:label1\" content=\"Verfasst von\" \/>\n\t<meta name=\"twitter:data1\" content=\"Comunicaciones Comunicaciones\" \/>\n\t<meta name=\"twitter:label2\" content=\"Gesch\u00e4tzte Lesezeit\" \/>\n\t<meta name=\"twitter:data2\" content=\"3\u00a0Minuten\" \/>\n<script type=\"application\/ld+json\" class=\"yoast-schema-graph\">{\"@context\":\"https:\/\/schema.org\",\"@graph\":[{\"@type\":\"Article\",\"@id\":\"https:\/\/ds-barranquilla.org\/expo-atlantico-2022-el-espacio-para-que-nuestros-estudiantes-conozcan-mas-de-cerca-nuestro-departamento\/#article\",\"isPartOf\":{\"@id\":\"https:\/\/ds-barranquilla.org\/expo-atlantico-2022-el-espacio-para-que-nuestros-estudiantes-conozcan-mas-de-cerca-nuestro-departamento\/\"},\"author\":{\"name\":\"Comunicaciones Comunicaciones\",\"@id\":\"https:\/\/ds-barranquilla.org\/#\/schema\/person\/7bf8790ba89d3480e0551241ccdc8d36\"},\"headline\":\"Expo-Atl\u00e1ntico 2022: el espacio para que nuestros estudiantes conozcan m\u00e1s de cerca nuestro departamento\",\"datePublished\":\"2022-06-07T19:59:34+00:00\",\"dateModified\":\"2022-11-23T15:49:20+00:00\",\"mainEntityOfPage\":{\"@id\":\"https:\/\/ds-barranquilla.org\/expo-atlantico-2022-el-espacio-para-que-nuestros-estudiantes-conozcan-mas-de-cerca-nuestro-departamento\/\"},\"wordCount\":621,\"commentCount\":0,\"publisher\":{\"@id\":\"https:\/\/ds-barranquilla.org\/#organization\"},\"image\":{\"@id\":\"https:\/\/ds-barranquilla.org\/expo-atlantico-2022-el-espacio-para-que-nuestros-estudiantes-conozcan-mas-de-cerca-nuestro-departamento\/#primaryimage\"},\"thumbnailUrl\":\"https:\/\/ds-barranquilla.org\/wp-content\/uploads\/2022\/06\/Expo-Atlantico-Web.jpg\",\"articleSection\":[\"2022\",\"\u00c1rea de Individuos y Sociedades\",\"Otras noticias\",\"Primaria\",\"Proyectos acad\u00e9micos\",\"Rector\u00eda\"],\"inLanguage\":\"de\",\"potentialAction\":[{\"@type\":\"CommentAction\",\"name\":\"Comment\",\"target\":[\"https:\/\/ds-barranquilla.org\/expo-atlantico-2022-el-espacio-para-que-nuestros-estudiantes-conozcan-mas-de-cerca-nuestro-departamento\/#respond\"]}]},{\"@type\":\"WebPage\",\"@id\":\"https:\/\/ds-barranquilla.org\/expo-atlantico-2022-el-espacio-para-que-nuestros-estudiantes-conozcan-mas-de-cerca-nuestro-departamento\/\",\"url\":\"https:\/\/ds-barranquilla.org\/expo-atlantico-2022-el-espacio-para-que-nuestros-estudiantes-conozcan-mas-de-cerca-nuestro-departamento\/\",\"name\":\"Expo-Atl\u00e1ntico 2022: el espacio para que nuestros estudiantes conozcan m\u00e1s de cerca nuestro departamento - 2026\",\"isPartOf\":{\"@id\":\"https:\/\/ds-barranquilla.org\/#website\"},\"primaryImageOfPage\":{\"@id\":\"https:\/\/ds-barranquilla.org\/expo-atlantico-2022-el-espacio-para-que-nuestros-estudiantes-conozcan-mas-de-cerca-nuestro-departamento\/#primaryimage\"},\"image\":{\"@id\":\"https:\/\/ds-barranquilla.org\/expo-atlantico-2022-el-espacio-para-que-nuestros-estudiantes-conozcan-mas-de-cerca-nuestro-departamento\/#primaryimage\"},\"thumbnailUrl\":\"https:\/\/ds-barranquilla.org\/wp-content\/uploads\/2022\/06\/Expo-Atlantico-Web.jpg\",\"datePublished\":\"2022-06-07T19:59:34+00:00\",\"dateModified\":\"2022-11-23T15:49:20+00:00\",\"breadcrumb\":{\"@id\":\"https:\/\/ds-barranquilla.org\/expo-atlantico-2022-el-espacio-para-que-nuestros-estudiantes-conozcan-mas-de-cerca-nuestro-departamento\/#breadcrumb\"},\"inLanguage\":\"de\",\"potentialAction\":[{\"@type\":\"ReadAction\",\"target\":[\"https:\/\/ds-barranquilla.org\/expo-atlantico-2022-el-espacio-para-que-nuestros-estudiantes-conozcan-mas-de-cerca-nuestro-departamento\/\"]}]},{\"@type\":\"ImageObject\",\"inLanguage\":\"de\",\"@id\":\"https:\/\/ds-barranquilla.org\/expo-atlantico-2022-el-espacio-para-que-nuestros-estudiantes-conozcan-mas-de-cerca-nuestro-departamento\/#primaryimage\",\"url\":\"https:\/\/ds-barranquilla.org\/wp-content\/uploads\/2022\/06\/Expo-Atlantico-Web.jpg\",\"contentUrl\":\"https:\/\/ds-barranquilla.org\/wp-content\/uploads\/2022\/06\/Expo-Atlantico-Web.jpg\",\"width\":1170,\"height\":500},{\"@type\":\"BreadcrumbList\",\"@id\":\"https:\/\/ds-barranquilla.org\/expo-atlantico-2022-el-espacio-para-que-nuestros-estudiantes-conozcan-mas-de-cerca-nuestro-departamento\/#breadcrumb\",\"itemListElement\":[{\"@type\":\"ListItem\",\"position\":1,\"name\":\"Portada\",\"item\":\"https:\/\/ds-barranquilla.org\/\"},{\"@type\":\"ListItem\",\"position\":2,\"name\":\"Expo-Atl\u00e1ntico 2022: el espacio para que nuestros estudiantes conozcan m\u00e1s de cerca nuestro departamento\"}]},{\"@type\":\"WebSite\",\"@id\":\"https:\/\/ds-barranquilla.org\/#website\",\"url\":\"https:\/\/ds-barranquilla.org\/\",\"name\":\"Colegio Alem\u00e1n - Los Mejores Colegios de Colombia - Colegio Triling\u00fce\",\"description\":\"Colegio Alem\u00e1n  Barranquilla Colombia - Colegio Biling\u00fce - Triling\u00fce - El Mejor Colegio de Colombia\",\"publisher\":{\"@id\":\"https:\/\/ds-barranquilla.org\/#organization\"},\"potentialAction\":[{\"@type\":\"SearchAction\",\"target\":{\"@type\":\"EntryPoint\",\"urlTemplate\":\"https:\/\/ds-barranquilla.org\/?s={search_term_string}\"},\"query-input\":\"required name=search_term_string\"}],\"inLanguage\":\"de\"},{\"@type\":\"Organization\",\"@id\":\"https:\/\/ds-barranquilla.org\/#organization\",\"name\":\"Colegio Alem\u00e1n Barranquilla\",\"url\":\"https:\/\/ds-barranquilla.org\/\",\"logo\":{\"@type\":\"ImageObject\",\"inLanguage\":\"de\",\"@id\":\"https:\/\/ds-barranquilla.org\/#\/schema\/logo\/image\/\",\"url\":\"https:\/\/ds-barranquilla.org\/wp-content\/uploads\/2021\/05\/coleman_logo_2.png\",\"contentUrl\":\"https:\/\/ds-barranquilla.org\/wp-content\/uploads\/2021\/05\/coleman_logo_2.png\",\"width\":418,\"height\":307,\"caption\":\"Colegio Alem\u00e1n Barranquilla\"},\"image\":{\"@id\":\"https:\/\/ds-barranquilla.org\/#\/schema\/logo\/image\/\"},\"sameAs\":[\"https:\/\/www.facebook.com\/ColegioAlemanBaq\/\",\"https:\/\/x.com\/ColegioAlemanBq\",\"https:\/\/www.instagram.com\/colegioalemanbaq\/\",\"https:\/\/www.linkedin.com\/school\/deutsche-schule-barranquilla\/\",\"https:\/\/www.youtube.com\/channel\/UCOOGZQCVs6aYRqIWvSN5agQ\"]},{\"@type\":\"Person\",\"@id\":\"https:\/\/ds-barranquilla.org\/#\/schema\/person\/7bf8790ba89d3480e0551241ccdc8d36\",\"name\":\"Comunicaciones Comunicaciones\",\"image\":{\"@type\":\"ImageObject\",\"inLanguage\":\"de\",\"@id\":\"https:\/\/ds-barranquilla.org\/#\/schema\/person\/image\/\",\"url\":\"https:\/\/secure.gravatar.com\/avatar\/a66ba9484a4338d81d6bea750e595038?s=96&d=mm&r=g\",\"contentUrl\":\"https:\/\/secure.gravatar.com\/avatar\/a66ba9484a4338d81d6bea750e595038?s=96&d=mm&r=g\",\"caption\":\"Comunicaciones Comunicaciones\"}}]}<\/script>\n<!-- \/ Yoast SEO plugin. -->","yoast_head_json":{"title":"Expo-Atl\u00e1ntico 2022: el espacio para que nuestros estudiantes conozcan m\u00e1s de cerca nuestro departamento - 2026","robots":{"index":"noindex","follow":"follow","max-snippet":"max-snippet:-1","max-image-preview":"max-image-preview:large","max-video-preview":"max-video-preview:-1"},"og_locale":"de_DE","og_type":"article","og_title":"Expo-Atl\u00e1ntico 2022: el espacio para que nuestros estudiantes conozcan m\u00e1s de cerca nuestro departamento - 2026","og_description":"Expo-Atl\u00e1ntico 2022: el espacio para que nuestros estudiantes conozcan m\u00e1s de cerca nuestro departamento Creado por: Jos\u00e9 R\u00edos Mercado. Los municipios del departamento del Atl\u00e1ntico una [\u2026]","og_url":"https:\/\/ds-barranquilla.org\/de\/expo-atlantico-2022-el-espacio-para-que-nuestros-estudiantes-conozcan-mas-de-cerca-nuestro-departamento\/","og_site_name":"Colegio Alem\u00e1n - Los Mejores Colegios de Colombia - Colegio Triling\u00fce","article_publisher":"https:\/\/www.facebook.com\/ColegioAlemanBaq\/","article_published_time":"2022-06-07T19:59:34+00:00","article_modified_time":"2022-11-23T15:49:20+00:00","og_image":[{"width":1170,"height":500,"url":"https:\/\/ds-barranquilla.org\/wp-content\/uploads\/2022\/06\/Expo-Atlantico-Web.jpg","type":"image\/jpeg"}],"author":"Comunicaciones Comunicaciones","twitter_card":"summary_large_image","twitter_creator":"@ColegioAlemanBq","twitter_site":"@ColegioAlemanBq","twitter_misc":{"Verfasst von":"Comunicaciones Comunicaciones","Gesch\u00e4tzte Lesezeit":"3\u00a0Minuten"},"schema":{"@context":"https:\/\/schema.org","@graph":[{"@type":"Article","@id":"https:\/\/ds-barranquilla.org\/expo-atlantico-2022-el-espacio-para-que-nuestros-estudiantes-conozcan-mas-de-cerca-nuestro-departamento\/#article","isPartOf":{"@id":"https:\/\/ds-barranquilla.org\/expo-atlantico-2022-el-espacio-para-que-nuestros-estudiantes-conozcan-mas-de-cerca-nuestro-departamento\/"},"author":{"name":"Comunicaciones Comunicaciones","@id":"https:\/\/ds-barranquilla.org\/#\/schema\/person\/7bf8790ba89d3480e0551241ccdc8d36"},"headline":"Expo-Atl\u00e1ntico 2022: el espacio para que nuestros estudiantes conozcan m\u00e1s de cerca nuestro departamento","datePublished":"2022-06-07T19:59:34+00:00","dateModified":"2022-11-23T15:49:20+00:00","mainEntityOfPage":{"@id":"https:\/\/ds-barranquilla.org\/expo-atlantico-2022-el-espacio-para-que-nuestros-estudiantes-conozcan-mas-de-cerca-nuestro-departamento\/"},"wordCount":621,"commentCount":0,"publisher":{"@id":"https:\/\/ds-barranquilla.org\/#organization"},"image":{"@id":"https:\/\/ds-barranquilla.org\/expo-atlantico-2022-el-espacio-para-que-nuestros-estudiantes-conozcan-mas-de-cerca-nuestro-departamento\/#primaryimage"},"thumbnailUrl":"https:\/\/ds-barranquilla.org\/wp-content\/uploads\/2022\/06\/Expo-Atlantico-Web.jpg","articleSection":["2022","\u00c1rea de Individuos y Sociedades","Otras noticias","Primaria","Proyectos acad\u00e9micos","Rector\u00eda"],"inLanguage":"de","potentialAction":[{"@type":"CommentAction","name":"Comment","target":["https:\/\/ds-barranquilla.org\/expo-atlantico-2022-el-espacio-para-que-nuestros-estudiantes-conozcan-mas-de-cerca-nuestro-departamento\/#respond"]}]},{"@type":"WebPage","@id":"https:\/\/ds-barranquilla.org\/expo-atlantico-2022-el-espacio-para-que-nuestros-estudiantes-conozcan-mas-de-cerca-nuestro-departamento\/","url":"https:\/\/ds-barranquilla.org\/expo-atlantico-2022-el-espacio-para-que-nuestros-estudiantes-conozcan-mas-de-cerca-nuestro-departamento\/","name":"Expo-Atl\u00e1ntico 2022: el espacio para que nuestros estudiantes conozcan m\u00e1s de cerca nuestro departamento - 2026","isPartOf":{"@id":"https:\/\/ds-barranquilla.org\/#website"},"primaryImageOfPage":{"@id":"https:\/\/ds-barranquilla.org\/expo-atlantico-2022-el-espacio-para-que-nuestros-estudiantes-conozcan-mas-de-cerca-nuestro-departamento\/#primaryimage"},"image":{"@id":"https:\/\/ds-barranquilla.org\/expo-atlantico-2022-el-espacio-para-que-nuestros-estudiantes-conozcan-mas-de-cerca-nuestro-departamento\/#primaryimage"},"thumbnailUrl":"https:\/\/ds-barranquilla.org\/wp-content\/uploads\/2022\/06\/Expo-Atlantico-Web.jpg","datePublished":"2022-06-07T19:59:34+00:00","dateModified":"2022-11-23T15:49:20+00:00","breadcrumb":{"@id":"https:\/\/ds-barranquilla.org\/expo-atlantico-2022-el-espacio-para-que-nuestros-estudiantes-conozcan-mas-de-cerca-nuestro-departamento\/#breadcrumb"},"inLanguage":"de","potentialAction":[{"@type":"ReadAction","target":["https:\/\/ds-barranquilla.org\/expo-atlantico-2022-el-espacio-para-que-nuestros-estudiantes-conozcan-mas-de-cerca-nuestro-departamento\/"]}]},{"@type":"ImageObject","inLanguage":"de","@id":"https:\/\/ds-barranquilla.org\/expo-atlantico-2022-el-espacio-para-que-nuestros-estudiantes-conozcan-mas-de-cerca-nuestro-departamento\/#primaryimage","url":"https:\/\/ds-barranquilla.org\/wp-content\/uploads\/2022\/06\/Expo-Atlantico-Web.jpg","contentUrl":"https:\/\/ds-barranquilla.org\/wp-content\/uploads\/2022\/06\/Expo-Atlantico-Web.jpg","width":1170,"height":500},{"@type":"BreadcrumbList","@id":"https:\/\/ds-barranquilla.org\/expo-atlantico-2022-el-espacio-para-que-nuestros-estudiantes-conozcan-mas-de-cerca-nuestro-departamento\/#breadcrumb","itemListElement":[{"@type":"ListItem","position":1,"name":"Portada","item":"https:\/\/ds-barranquilla.org\/"},{"@type":"ListItem","position":2,"name":"Expo-Atl\u00e1ntico 2022: el espacio para que nuestros estudiantes conozcan m\u00e1s de cerca nuestro departamento"}]},{"@type":"WebSite","@id":"https:\/\/ds-barranquilla.org\/#website","url":"https:\/\/ds-barranquilla.org\/","name":"Colegio Alem\u00e1n - Los Mejores Colegios de Colombia - Colegio Triling\u00fce","description":"Colegio Alem\u00e1n  Barranquilla Colombia - Colegio Biling\u00fce - Triling\u00fce - El Mejor Colegio de Colombia","publisher":{"@id":"https:\/\/ds-barranquilla.org\/#organization"},"potentialAction":[{"@type":"SearchAction","target":{"@type":"EntryPoint","urlTemplate":"https:\/\/ds-barranquilla.org\/?s={search_term_string}"},"query-input":"required name=search_term_string"}],"inLanguage":"de"},{"@type":"Organization","@id":"https:\/\/ds-barranquilla.org\/#organization","name":"Colegio Alem\u00e1n Barranquilla","url":"https:\/\/ds-barranquilla.org\/","logo":{"@type":"ImageObject","inLanguage":"de","@id":"https:\/\/ds-barranquilla.org\/#\/schema\/logo\/image\/","url":"https:\/\/ds-barranquilla.org\/wp-content\/uploads\/2021\/05\/coleman_logo_2.png","contentUrl":"https:\/\/ds-barranquilla.org\/wp-content\/uploads\/2021\/05\/coleman_logo_2.png","width":418,"height":307,"caption":"Colegio Alem\u00e1n Barranquilla"},"image":{"@id":"https:\/\/ds-barranquilla.org\/#\/schema\/logo\/image\/"},"sameAs":["https:\/\/www.facebook.com\/ColegioAlemanBaq\/","https:\/\/x.com\/ColegioAlemanBq","https:\/\/www.instagram.com\/colegioalemanbaq\/","https:\/\/www.linkedin.com\/school\/deutsche-schule-barranquilla\/","https:\/\/www.youtube.com\/channel\/UCOOGZQCVs6aYRqIWvSN5agQ"]},{"@type":"Person","@id":"https:\/\/ds-barranquilla.org\/#\/schema\/person\/7bf8790ba89d3480e0551241ccdc8d36","name":"Comunicaciones Comunicaciones","image":{"@type":"ImageObject","inLanguage":"de","@id":"https:\/\/ds-barranquilla.org\/#\/schema\/person\/image\/","url":"https:\/\/secure.gravatar.com\/avatar\/a66ba9484a4338d81d6bea750e595038?s=96&d=mm&r=g","contentUrl":"https:\/\/secure.gravatar.com\/avatar\/a66ba9484a4338d81d6bea750e595038?s=96&d=mm&r=g","caption":"Comunicaciones Comunicaciones"}}]}},"_links":{"self":[{"href":"https:\/\/ds-barranquilla.org\/de\/wp-json\/wp\/v2\/posts\/15344"}],"collection":[{"href":"https:\/\/ds-barranquilla.org\/de\/wp-json\/wp\/v2\/posts"}],"about":[{"href":"https:\/\/ds-barranquilla.org\/de\/wp-json\/wp\/v2\/types\/post"}],"author":[{"embeddable":true,"href":"https:\/\/ds-barranquilla.org\/de\/wp-json\/wp\/v2\/users\/16"}],"replies":[{"embeddable":true,"href":"https:\/\/ds-barranquilla.org\/de\/wp-json\/wp\/v2\/comments?post=15344"}],"version-history":[{"count":1,"href":"https:\/\/ds-barranquilla.org\/de\/wp-json\/wp\/v2\/posts\/15344\/revisions"}],"predecessor-version":[{"id":15346,"href":"https:\/\/ds-barranquilla.org\/de\/wp-json\/wp\/v2\/posts\/15344\/revisions\/15346"}],"wp:featuredmedia":[{"embeddable":true,"href":"https:\/\/ds-barranquilla.org\/de\/wp-json\/wp\/v2\/media\/15345"}],"wp:attachment":[{"href":"https:\/\/ds-barranquilla.org\/de\/wp-json\/wp\/v2\/media?parent=15344"}],"wp:term":[{"taxonomy":"category","embeddable":true,"href":"https:\/\/ds-barranquilla.org\/de\/wp-json\/wp\/v2\/categories?post=15344"},{"taxonomy":"post_tag","embeddable":true,"href":"https:\/\/ds-barranquilla.org\/de\/wp-json\/wp\/v2\/tags?post=15344"}],"curies":[{"name":"wp","href":"https:\/\/api.w.org\/{rel}","templated":true}]}}