{"id":16247,"date":"2022-07-14T16:09:33","date_gmt":"2022-07-14T21:09:33","guid":{"rendered":"https:\/\/ds-barranquilla.org\/?p=16247"},"modified":"2022-12-21T10:52:18","modified_gmt":"2022-12-21T15:52:18","slug":"el-brillante-desempeno-de-lizi-alexander-en-alemania-como-ejecutiva-en-el-ambito-del-tratamiento-de-agua-y-aguas-residuales","status":"publish","type":"post","link":"https:\/\/ds-barranquilla.org\/de\/el-brillante-desempeno-de-lizi-alexander-en-alemania-como-ejecutiva-en-el-ambito-del-tratamiento-de-agua-y-aguas-residuales\/","title":{"rendered":"El brillante desempe\u00f1o de Lizi Alexander en Alemania como ejecutiva en el \u00e1mbito del tratamiento de agua y aguas residuales"},"content":{"rendered":"<h1><strong>El brillante desempe\u00f1o de Lizi Alexander en Alemania como ejecutiva en el \u00e1mbito del tratamiento de agua y aguas residuales<\/strong><\/h1>\n<p><strong>Geschrieben von: Jos\u00e9 R\u00edos Mercado.<\/strong> Nuestra egresada de la Promoci\u00f3n 1980, Lizi Alexander, trabaj\u00f3 por espacio de 12 a\u00f1os en la empresa de sus padres, Decoraciones Alexander. Adelant\u00f3 estudios en Arquitectura de Interiores en la Universidad Aut\u00f3noma del Caribe y en 1995 se radic\u00f3 en Alemania al recibir una propuesta laboral por parte de Chriwa Wasseraufbereitungstechnik GmbH, compa\u00f1\u00eda especializada en la fabricaci\u00f3n de plantas de tratamiento de agua y aguas residuales.<\/p>\n<p>\u201cMi primer cargo all\u00ed ten\u00eda que ver con el apoyo a todos los proyectos que fueran en espa\u00f1ol. Al no tener presencia en Latinoam\u00e9rica, se present\u00f3 esa posibilidad y esto me motiv\u00f3 a seguir form\u00e1ndome a distancia en el Instituto Catal\u00e1n de Tecnolog\u00eda de Espa\u00f1a en el campo del tratamiento de aguas; esto me permiti\u00f3 entender mucho m\u00e1s el producto en s\u00ed, poder manejarlo a nivel de ventas y comercializar las plantas en los pa\u00edses de esa regi\u00f3n\u201d, expres\u00f3 la directiva.<\/p>\n<p>Su proyecci\u00f3n en Chriwa Wasseraufbereitungstechnik GmbH llev\u00f3 a Lizi Alexander a estudiar Finanzas y Marketing en el mismo instituto, y crear un modelo de negocio que ha sido exitoso en esta empresa, lo cual se refleja en la exportaci\u00f3n a 11 pa\u00edses de Latinoam\u00e9rica de las plantas de tratamiento de aguas que fabrica la compa\u00f1\u00eda. Ella indic\u00f3 que su manejo del idioma alem\u00e1n fue clave para poder vincularse y tener muchas posibilidades profesionales en Alemania.<\/p>\n<p>\u201cComo Directora de Marketing soy la responsable del \u00e1rea, de las ventas regionales y del desarrollo de estrategias enfocadas en el mercado latinoamericano. Cuento con amplia experiencia en el apoyo de proyectos comerciales y t\u00e9cnicos en el \u00e1mbito de la tecnolog\u00eda del agua y del tratamiento del agua y aguas residuales; en junio de 2017 hice parte de una delegaci\u00f3n empresarial, liderada por la Canciller Angela Merkel, que visit\u00f3 Argentina y M\u00e9xico\u201d, manifest\u00f3 la directiva.<\/p>\n<p>Lizi Alexander precis\u00f3 que Chriwa Wasseraufbereitungstechnik GmbH tiene entre sus clientes a reconocidas empresas colombianas como Bavaria y Postob\u00f3n, y otras compa\u00f1\u00edas de diferentes sectores localizadas en Malambo (Atl\u00e1ntico), C\u00facuta, Piedecuesta (Santander), Bogot\u00e1 y Cali. Para ella, el Colegio Alem\u00e1n se ha convertido en \u201cun n\u00facleo importante\u201d en todo su proceso de crecimiento profesional y personal por los conocimientos y la disciplina adquiridos all\u00ed.<\/p>\n<p>Conocer y disfrutar de las culturas alemana y colombiana en la instituci\u00f3n, es a su juicio un factor de \u00e9xito que la ha marcado para poder entender las dos idiosincrasias. Sus compa\u00f1eros de clase, a los que cataloga sus \u201cmejores amigos\u201d y con los que mantiene permanente contacto y con los que se re\u00fane con determinada frecuencia, y sus profesores de su \u00e9poca escolar, a los que recuerda con mucho cari\u00f1o, son lindos recuerdos que conserva de su amado colegio.<\/p>\n<p><a href=\"https:\/\/ds-barranquilla.org\/wp-content\/uploads\/2022\/07\/1.jpeg\"><img fetchpriority=\"high\" decoding=\"async\" class=\"alignnone size-medium wp-image-16249\" src=\"https:\/\/ds-barranquilla.org\/wp-content\/uploads\/2022\/07\/1-300x284.jpeg\" alt=\"\" width=\"300\" height=\"284\" srcset=\"https:\/\/ds-barranquilla.org\/wp-content\/uploads\/2022\/07\/1-300x284.jpeg 300w, https:\/\/ds-barranquilla.org\/wp-content\/uploads\/2022\/07\/1-768x726.jpeg 768w, https:\/\/ds-barranquilla.org\/wp-content\/uploads\/2022\/07\/1-13x12.jpeg 13w, https:\/\/ds-barranquilla.org\/wp-content\/uploads\/2022\/07\/1-154x146.jpeg 154w, https:\/\/ds-barranquilla.org\/wp-content\/uploads\/2022\/07\/1-50x47.jpeg 50w, https:\/\/ds-barranquilla.org\/wp-content\/uploads\/2022\/07\/1-79x75.jpeg 79w, https:\/\/ds-barranquilla.org\/wp-content\/uploads\/2022\/07\/1-800x757.jpeg 800w, https:\/\/ds-barranquilla.org\/wp-content\/uploads\/2022\/07\/1.jpeg 847w\" sizes=\"(max-width:767px) 300px, 300px\" \/><\/a><a href=\"https:\/\/ds-barranquilla.org\/wp-content\/uploads\/2022\/07\/4.jpeg\"><img decoding=\"async\" class=\"alignnone size-medium wp-image-16250\" src=\"https:\/\/ds-barranquilla.org\/wp-content\/uploads\/2022\/07\/4-300x211.jpeg\" alt=\"\" width=\"300\" height=\"211\" srcset=\"https:\/\/ds-barranquilla.org\/wp-content\/uploads\/2022\/07\/4-300x211.jpeg 300w, https:\/\/ds-barranquilla.org\/wp-content\/uploads\/2022\/07\/4-768x540.jpeg 768w, https:\/\/ds-barranquilla.org\/wp-content\/uploads\/2022\/07\/4-18x12.jpeg 18w, https:\/\/ds-barranquilla.org\/wp-content\/uploads\/2022\/07\/4-208x146.jpeg 208w, https:\/\/ds-barranquilla.org\/wp-content\/uploads\/2022\/07\/4-50x35.jpeg 50w, https:\/\/ds-barranquilla.org\/wp-content\/uploads\/2022\/07\/4-107x75.jpeg 107w, https:\/\/ds-barranquilla.org\/wp-content\/uploads\/2022\/07\/4-800x562.jpeg 800w, https:\/\/ds-barranquilla.org\/wp-content\/uploads\/2022\/07\/4.jpeg 811w\" sizes=\"(max-width:767px) 300px, 300px\" \/><\/a><a href=\"https:\/\/ds-barranquilla.org\/wp-content\/uploads\/2022\/07\/2.jpeg\"><img decoding=\"async\" class=\"alignnone size-medium wp-image-16251\" src=\"https:\/\/ds-barranquilla.org\/wp-content\/uploads\/2022\/07\/2-200x300.jpeg\" alt=\"\" width=\"200\" height=\"300\" srcset=\"https:\/\/ds-barranquilla.org\/wp-content\/uploads\/2022\/07\/2-200x300.jpeg 200w, https:\/\/ds-barranquilla.org\/wp-content\/uploads\/2022\/07\/2-8x12.jpeg 8w, https:\/\/ds-barranquilla.org\/wp-content\/uploads\/2022\/07\/2-97x146.jpeg 97w, https:\/\/ds-barranquilla.org\/wp-content\/uploads\/2022\/07\/2-33x50.jpeg 33w, https:\/\/ds-barranquilla.org\/wp-content\/uploads\/2022\/07\/2-50x75.jpeg 50w, https:\/\/ds-barranquilla.org\/wp-content\/uploads\/2022\/07\/2.jpeg 597w\" sizes=\"(max-width:767px) 200px, 200px\" \/><\/a><\/p>","protected":false},"excerpt":{"rendered":"<p>El brillante desempe\u00f1o de Lizi Alexander en Alemania como ejecutiva en el \u00e1mbito del tratamiento de agua y aguas residuales Creado por: Jos\u00e9 R\u00edos Mercado. Nuestra<span class=\"excerpt-hellip\"> [\u2026]<\/span><\/p>","protected":false},"author":16,"featured_media":16248,"comment_status":"open","ping_status":"open","sticky":false,"template":"","format":"standard","meta":{"_exactmetrics_skip_tracking":false,"_exactmetrics_sitenote_active":false,"_exactmetrics_sitenote_note":"","_exactmetrics_sitenote_category":0,"_joinchat":[],"footnotes":""},"categories":[672,684],"tags":[712],"class_list":["post-16247","post","type-post","status-publish","format-standard","has-post-thumbnail","hentry","category-672","category-alumni","tag-entrevista"],"yoast_head":"<!-- This site is optimized with the Yoast SEO plugin v23.3 - https:\/\/yoast.com\/wordpress\/plugins\/seo\/ -->\n<title>El brillante desempe\u00f1o de Lizi Alexander en Alemania como ejecutiva en el \u00e1mbito del tratamiento de agua y aguas residuales - 2026<\/title>\n<meta name=\"robots\" content=\"noindex, follow, max-snippet:-1, max-image-preview:large, max-video-preview:-1\" \/>\n<meta property=\"og:locale\" content=\"de_DE\" \/>\n<meta property=\"og:type\" content=\"article\" \/>\n<meta property=\"og:title\" content=\"El brillante desempe\u00f1o de Lizi Alexander en Alemania como ejecutiva en el \u00e1mbito del tratamiento de agua y aguas residuales - 2026\" \/>\n<meta property=\"og:description\" content=\"El brillante desempe\u00f1o de Lizi Alexander en Alemania como ejecutiva en el \u00e1mbito del tratamiento de agua y aguas residuales Creado por: Jos\u00e9 R\u00edos Mercado. Nuestra [\u2026]\" \/>\n<meta property=\"og:url\" content=\"https:\/\/ds-barranquilla.org\/de\/el-brillante-desempeno-de-lizi-alexander-en-alemania-como-ejecutiva-en-el-ambito-del-tratamiento-de-agua-y-aguas-residuales\/\" \/>\n<meta property=\"og:site_name\" content=\"Colegio Alem\u00e1n - Los Mejores Colegios de Colombia - Colegio Triling\u00fce\" \/>\n<meta property=\"article:publisher\" content=\"https:\/\/www.facebook.com\/ColegioAlemanBaq\/\" \/>\n<meta property=\"article:published_time\" content=\"2022-07-14T21:09:33+00:00\" \/>\n<meta property=\"article:modified_time\" content=\"2022-12-21T15:52:18+00:00\" \/>\n<meta property=\"og:image\" content=\"https:\/\/ds-barranquilla.org\/wp-content\/uploads\/2022\/07\/Lizi-Alexander-Web.jpg\" \/>\n\t<meta property=\"og:image:width\" content=\"1170\" \/>\n\t<meta property=\"og:image:height\" content=\"500\" \/>\n\t<meta property=\"og:image:type\" content=\"image\/jpeg\" \/>\n<meta name=\"author\" content=\"Comunicaciones Comunicaciones\" \/>\n<meta name=\"twitter:card\" content=\"summary_large_image\" \/>\n<meta name=\"twitter:creator\" content=\"@ColegioAlemanBq\" \/>\n<meta name=\"twitter:site\" content=\"@ColegioAlemanBq\" \/>\n<meta name=\"twitter:label1\" content=\"Verfasst von\" \/>\n\t<meta name=\"twitter:data1\" content=\"Comunicaciones Comunicaciones\" \/>\n\t<meta name=\"twitter:label2\" content=\"Gesch\u00e4tzte Lesezeit\" \/>\n\t<meta name=\"twitter:data2\" content=\"3\u00a0Minuten\" \/>\n<script type=\"application\/ld+json\" class=\"yoast-schema-graph\">{\"@context\":\"https:\/\/schema.org\",\"@graph\":[{\"@type\":\"Article\",\"@id\":\"https:\/\/ds-barranquilla.org\/el-brillante-desempeno-de-lizi-alexander-en-alemania-como-ejecutiva-en-el-ambito-del-tratamiento-de-agua-y-aguas-residuales\/#article\",\"isPartOf\":{\"@id\":\"https:\/\/ds-barranquilla.org\/el-brillante-desempeno-de-lizi-alexander-en-alemania-como-ejecutiva-en-el-ambito-del-tratamiento-de-agua-y-aguas-residuales\/\"},\"author\":{\"name\":\"Comunicaciones Comunicaciones\",\"@id\":\"https:\/\/ds-barranquilla.org\/#\/schema\/person\/7bf8790ba89d3480e0551241ccdc8d36\"},\"headline\":\"El brillante desempe\u00f1o de Lizi Alexander en Alemania como ejecutiva en el \u00e1mbito del tratamiento de agua y aguas residuales\",\"datePublished\":\"2022-07-14T21:09:33+00:00\",\"dateModified\":\"2022-12-21T15:52:18+00:00\",\"mainEntityOfPage\":{\"@id\":\"https:\/\/ds-barranquilla.org\/el-brillante-desempeno-de-lizi-alexander-en-alemania-como-ejecutiva-en-el-ambito-del-tratamiento-de-agua-y-aguas-residuales\/\"},\"wordCount\":519,\"commentCount\":0,\"publisher\":{\"@id\":\"https:\/\/ds-barranquilla.org\/#organization\"},\"image\":{\"@id\":\"https:\/\/ds-barranquilla.org\/el-brillante-desempeno-de-lizi-alexander-en-alemania-como-ejecutiva-en-el-ambito-del-tratamiento-de-agua-y-aguas-residuales\/#primaryimage\"},\"thumbnailUrl\":\"https:\/\/ds-barranquilla.org\/wp-content\/uploads\/2022\/07\/Lizi-Alexander-Web.jpg\",\"keywords\":[\"Entrevista\"],\"articleSection\":[\"2022\",\"Alumni\"],\"inLanguage\":\"de\",\"potentialAction\":[{\"@type\":\"CommentAction\",\"name\":\"Comment\",\"target\":[\"https:\/\/ds-barranquilla.org\/el-brillante-desempeno-de-lizi-alexander-en-alemania-como-ejecutiva-en-el-ambito-del-tratamiento-de-agua-y-aguas-residuales\/#respond\"]}]},{\"@type\":\"WebPage\",\"@id\":\"https:\/\/ds-barranquilla.org\/el-brillante-desempeno-de-lizi-alexander-en-alemania-como-ejecutiva-en-el-ambito-del-tratamiento-de-agua-y-aguas-residuales\/\",\"url\":\"https:\/\/ds-barranquilla.org\/el-brillante-desempeno-de-lizi-alexander-en-alemania-como-ejecutiva-en-el-ambito-del-tratamiento-de-agua-y-aguas-residuales\/\",\"name\":\"El brillante desempe\u00f1o de Lizi Alexander en Alemania como ejecutiva en el \u00e1mbito del tratamiento de agua y aguas residuales - 2026\",\"isPartOf\":{\"@id\":\"https:\/\/ds-barranquilla.org\/#website\"},\"primaryImageOfPage\":{\"@id\":\"https:\/\/ds-barranquilla.org\/el-brillante-desempeno-de-lizi-alexander-en-alemania-como-ejecutiva-en-el-ambito-del-tratamiento-de-agua-y-aguas-residuales\/#primaryimage\"},\"image\":{\"@id\":\"https:\/\/ds-barranquilla.org\/el-brillante-desempeno-de-lizi-alexander-en-alemania-como-ejecutiva-en-el-ambito-del-tratamiento-de-agua-y-aguas-residuales\/#primaryimage\"},\"thumbnailUrl\":\"https:\/\/ds-barranquilla.org\/wp-content\/uploads\/2022\/07\/Lizi-Alexander-Web.jpg\",\"datePublished\":\"2022-07-14T21:09:33+00:00\",\"dateModified\":\"2022-12-21T15:52:18+00:00\",\"breadcrumb\":{\"@id\":\"https:\/\/ds-barranquilla.org\/el-brillante-desempeno-de-lizi-alexander-en-alemania-como-ejecutiva-en-el-ambito-del-tratamiento-de-agua-y-aguas-residuales\/#breadcrumb\"},\"inLanguage\":\"de\",\"potentialAction\":[{\"@type\":\"ReadAction\",\"target\":[\"https:\/\/ds-barranquilla.org\/el-brillante-desempeno-de-lizi-alexander-en-alemania-como-ejecutiva-en-el-ambito-del-tratamiento-de-agua-y-aguas-residuales\/\"]}]},{\"@type\":\"ImageObject\",\"inLanguage\":\"de\",\"@id\":\"https:\/\/ds-barranquilla.org\/el-brillante-desempeno-de-lizi-alexander-en-alemania-como-ejecutiva-en-el-ambito-del-tratamiento-de-agua-y-aguas-residuales\/#primaryimage\",\"url\":\"https:\/\/ds-barranquilla.org\/wp-content\/uploads\/2022\/07\/Lizi-Alexander-Web.jpg\",\"contentUrl\":\"https:\/\/ds-barranquilla.org\/wp-content\/uploads\/2022\/07\/Lizi-Alexander-Web.jpg\",\"width\":1170,\"height\":500},{\"@type\":\"BreadcrumbList\",\"@id\":\"https:\/\/ds-barranquilla.org\/el-brillante-desempeno-de-lizi-alexander-en-alemania-como-ejecutiva-en-el-ambito-del-tratamiento-de-agua-y-aguas-residuales\/#breadcrumb\",\"itemListElement\":[{\"@type\":\"ListItem\",\"position\":1,\"name\":\"Portada\",\"item\":\"https:\/\/ds-barranquilla.org\/\"},{\"@type\":\"ListItem\",\"position\":2,\"name\":\"El brillante desempe\u00f1o de Lizi Alexander en Alemania como ejecutiva en el \u00e1mbito del tratamiento de agua y aguas residuales\"}]},{\"@type\":\"WebSite\",\"@id\":\"https:\/\/ds-barranquilla.org\/#website\",\"url\":\"https:\/\/ds-barranquilla.org\/\",\"name\":\"Colegio Alem\u00e1n - Los Mejores Colegios de Colombia - Colegio Triling\u00fce\",\"description\":\"Colegio Alem\u00e1n  Barranquilla Colombia - Colegio Biling\u00fce - Triling\u00fce - El Mejor Colegio de Colombia\",\"publisher\":{\"@id\":\"https:\/\/ds-barranquilla.org\/#organization\"},\"potentialAction\":[{\"@type\":\"SearchAction\",\"target\":{\"@type\":\"EntryPoint\",\"urlTemplate\":\"https:\/\/ds-barranquilla.org\/?s={search_term_string}\"},\"query-input\":\"required name=search_term_string\"}],\"inLanguage\":\"de\"},{\"@type\":\"Organization\",\"@id\":\"https:\/\/ds-barranquilla.org\/#organization\",\"name\":\"Colegio Alem\u00e1n Barranquilla\",\"url\":\"https:\/\/ds-barranquilla.org\/\",\"logo\":{\"@type\":\"ImageObject\",\"inLanguage\":\"de\",\"@id\":\"https:\/\/ds-barranquilla.org\/#\/schema\/logo\/image\/\",\"url\":\"https:\/\/ds-barranquilla.org\/wp-content\/uploads\/2021\/05\/coleman_logo_2.png\",\"contentUrl\":\"https:\/\/ds-barranquilla.org\/wp-content\/uploads\/2021\/05\/coleman_logo_2.png\",\"width\":418,\"height\":307,\"caption\":\"Colegio Alem\u00e1n Barranquilla\"},\"image\":{\"@id\":\"https:\/\/ds-barranquilla.org\/#\/schema\/logo\/image\/\"},\"sameAs\":[\"https:\/\/www.facebook.com\/ColegioAlemanBaq\/\",\"https:\/\/x.com\/ColegioAlemanBq\",\"https:\/\/www.instagram.com\/colegioalemanbaq\/\",\"https:\/\/www.linkedin.com\/school\/deutsche-schule-barranquilla\/\",\"https:\/\/www.youtube.com\/channel\/UCOOGZQCVs6aYRqIWvSN5agQ\"]},{\"@type\":\"Person\",\"@id\":\"https:\/\/ds-barranquilla.org\/#\/schema\/person\/7bf8790ba89d3480e0551241ccdc8d36\",\"name\":\"Comunicaciones Comunicaciones\",\"image\":{\"@type\":\"ImageObject\",\"inLanguage\":\"de\",\"@id\":\"https:\/\/ds-barranquilla.org\/#\/schema\/person\/image\/\",\"url\":\"https:\/\/secure.gravatar.com\/avatar\/a66ba9484a4338d81d6bea750e595038?s=96&d=mm&r=g\",\"contentUrl\":\"https:\/\/secure.gravatar.com\/avatar\/a66ba9484a4338d81d6bea750e595038?s=96&d=mm&r=g\",\"caption\":\"Comunicaciones Comunicaciones\"}}]}<\/script>\n<!-- \/ Yoast SEO plugin. -->","yoast_head_json":{"title":"El brillante desempe\u00f1o de Lizi Alexander en Alemania como ejecutiva en el \u00e1mbito del tratamiento de agua y aguas residuales - 2026","robots":{"index":"noindex","follow":"follow","max-snippet":"max-snippet:-1","max-image-preview":"max-image-preview:large","max-video-preview":"max-video-preview:-1"},"og_locale":"de_DE","og_type":"article","og_title":"El brillante desempe\u00f1o de Lizi Alexander en Alemania como ejecutiva en el \u00e1mbito del tratamiento de agua y aguas residuales - 2026","og_description":"El brillante desempe\u00f1o de Lizi Alexander en Alemania como ejecutiva en el \u00e1mbito del tratamiento de agua y aguas residuales Creado por: Jos\u00e9 R\u00edos Mercado. Nuestra [\u2026]","og_url":"https:\/\/ds-barranquilla.org\/de\/el-brillante-desempeno-de-lizi-alexander-en-alemania-como-ejecutiva-en-el-ambito-del-tratamiento-de-agua-y-aguas-residuales\/","og_site_name":"Colegio Alem\u00e1n - Los Mejores Colegios de Colombia - Colegio Triling\u00fce","article_publisher":"https:\/\/www.facebook.com\/ColegioAlemanBaq\/","article_published_time":"2022-07-14T21:09:33+00:00","article_modified_time":"2022-12-21T15:52:18+00:00","og_image":[{"width":1170,"height":500,"url":"https:\/\/ds-barranquilla.org\/wp-content\/uploads\/2022\/07\/Lizi-Alexander-Web.jpg","type":"image\/jpeg"}],"author":"Comunicaciones Comunicaciones","twitter_card":"summary_large_image","twitter_creator":"@ColegioAlemanBq","twitter_site":"@ColegioAlemanBq","twitter_misc":{"Verfasst von":"Comunicaciones Comunicaciones","Gesch\u00e4tzte Lesezeit":"3\u00a0Minuten"},"schema":{"@context":"https:\/\/schema.org","@graph":[{"@type":"Article","@id":"https:\/\/ds-barranquilla.org\/el-brillante-desempeno-de-lizi-alexander-en-alemania-como-ejecutiva-en-el-ambito-del-tratamiento-de-agua-y-aguas-residuales\/#article","isPartOf":{"@id":"https:\/\/ds-barranquilla.org\/el-brillante-desempeno-de-lizi-alexander-en-alemania-como-ejecutiva-en-el-ambito-del-tratamiento-de-agua-y-aguas-residuales\/"},"author":{"name":"Comunicaciones Comunicaciones","@id":"https:\/\/ds-barranquilla.org\/#\/schema\/person\/7bf8790ba89d3480e0551241ccdc8d36"},"headline":"El brillante desempe\u00f1o de Lizi Alexander en Alemania como ejecutiva en el \u00e1mbito del tratamiento de agua y aguas residuales","datePublished":"2022-07-14T21:09:33+00:00","dateModified":"2022-12-21T15:52:18+00:00","mainEntityOfPage":{"@id":"https:\/\/ds-barranquilla.org\/el-brillante-desempeno-de-lizi-alexander-en-alemania-como-ejecutiva-en-el-ambito-del-tratamiento-de-agua-y-aguas-residuales\/"},"wordCount":519,"commentCount":0,"publisher":{"@id":"https:\/\/ds-barranquilla.org\/#organization"},"image":{"@id":"https:\/\/ds-barranquilla.org\/el-brillante-desempeno-de-lizi-alexander-en-alemania-como-ejecutiva-en-el-ambito-del-tratamiento-de-agua-y-aguas-residuales\/#primaryimage"},"thumbnailUrl":"https:\/\/ds-barranquilla.org\/wp-content\/uploads\/2022\/07\/Lizi-Alexander-Web.jpg","keywords":["Entrevista"],"articleSection":["2022","Alumni"],"inLanguage":"de","potentialAction":[{"@type":"CommentAction","name":"Comment","target":["https:\/\/ds-barranquilla.org\/el-brillante-desempeno-de-lizi-alexander-en-alemania-como-ejecutiva-en-el-ambito-del-tratamiento-de-agua-y-aguas-residuales\/#respond"]}]},{"@type":"WebPage","@id":"https:\/\/ds-barranquilla.org\/el-brillante-desempeno-de-lizi-alexander-en-alemania-como-ejecutiva-en-el-ambito-del-tratamiento-de-agua-y-aguas-residuales\/","url":"https:\/\/ds-barranquilla.org\/el-brillante-desempeno-de-lizi-alexander-en-alemania-como-ejecutiva-en-el-ambito-del-tratamiento-de-agua-y-aguas-residuales\/","name":"El brillante desempe\u00f1o de Lizi Alexander en Alemania como ejecutiva en el \u00e1mbito del tratamiento de agua y aguas residuales - 2026","isPartOf":{"@id":"https:\/\/ds-barranquilla.org\/#website"},"primaryImageOfPage":{"@id":"https:\/\/ds-barranquilla.org\/el-brillante-desempeno-de-lizi-alexander-en-alemania-como-ejecutiva-en-el-ambito-del-tratamiento-de-agua-y-aguas-residuales\/#primaryimage"},"image":{"@id":"https:\/\/ds-barranquilla.org\/el-brillante-desempeno-de-lizi-alexander-en-alemania-como-ejecutiva-en-el-ambito-del-tratamiento-de-agua-y-aguas-residuales\/#primaryimage"},"thumbnailUrl":"https:\/\/ds-barranquilla.org\/wp-content\/uploads\/2022\/07\/Lizi-Alexander-Web.jpg","datePublished":"2022-07-14T21:09:33+00:00","dateModified":"2022-12-21T15:52:18+00:00","breadcrumb":{"@id":"https:\/\/ds-barranquilla.org\/el-brillante-desempeno-de-lizi-alexander-en-alemania-como-ejecutiva-en-el-ambito-del-tratamiento-de-agua-y-aguas-residuales\/#breadcrumb"},"inLanguage":"de","potentialAction":[{"@type":"ReadAction","target":["https:\/\/ds-barranquilla.org\/el-brillante-desempeno-de-lizi-alexander-en-alemania-como-ejecutiva-en-el-ambito-del-tratamiento-de-agua-y-aguas-residuales\/"]}]},{"@type":"ImageObject","inLanguage":"de","@id":"https:\/\/ds-barranquilla.org\/el-brillante-desempeno-de-lizi-alexander-en-alemania-como-ejecutiva-en-el-ambito-del-tratamiento-de-agua-y-aguas-residuales\/#primaryimage","url":"https:\/\/ds-barranquilla.org\/wp-content\/uploads\/2022\/07\/Lizi-Alexander-Web.jpg","contentUrl":"https:\/\/ds-barranquilla.org\/wp-content\/uploads\/2022\/07\/Lizi-Alexander-Web.jpg","width":1170,"height":500},{"@type":"BreadcrumbList","@id":"https:\/\/ds-barranquilla.org\/el-brillante-desempeno-de-lizi-alexander-en-alemania-como-ejecutiva-en-el-ambito-del-tratamiento-de-agua-y-aguas-residuales\/#breadcrumb","itemListElement":[{"@type":"ListItem","position":1,"name":"Portada","item":"https:\/\/ds-barranquilla.org\/"},{"@type":"ListItem","position":2,"name":"El brillante desempe\u00f1o de Lizi Alexander en Alemania como ejecutiva en el \u00e1mbito del tratamiento de agua y aguas residuales"}]},{"@type":"WebSite","@id":"https:\/\/ds-barranquilla.org\/#website","url":"https:\/\/ds-barranquilla.org\/","name":"Colegio Alem\u00e1n - Los Mejores Colegios de Colombia - Colegio Triling\u00fce","description":"Colegio Alem\u00e1n  Barranquilla Colombia - Colegio Biling\u00fce - Triling\u00fce - El Mejor Colegio de Colombia","publisher":{"@id":"https:\/\/ds-barranquilla.org\/#organization"},"potentialAction":[{"@type":"SearchAction","target":{"@type":"EntryPoint","urlTemplate":"https:\/\/ds-barranquilla.org\/?s={search_term_string}"},"query-input":"required name=search_term_string"}],"inLanguage":"de"},{"@type":"Organization","@id":"https:\/\/ds-barranquilla.org\/#organization","name":"Colegio Alem\u00e1n Barranquilla","url":"https:\/\/ds-barranquilla.org\/","logo":{"@type":"ImageObject","inLanguage":"de","@id":"https:\/\/ds-barranquilla.org\/#\/schema\/logo\/image\/","url":"https:\/\/ds-barranquilla.org\/wp-content\/uploads\/2021\/05\/coleman_logo_2.png","contentUrl":"https:\/\/ds-barranquilla.org\/wp-content\/uploads\/2021\/05\/coleman_logo_2.png","width":418,"height":307,"caption":"Colegio Alem\u00e1n Barranquilla"},"image":{"@id":"https:\/\/ds-barranquilla.org\/#\/schema\/logo\/image\/"},"sameAs":["https:\/\/www.facebook.com\/ColegioAlemanBaq\/","https:\/\/x.com\/ColegioAlemanBq","https:\/\/www.instagram.com\/colegioalemanbaq\/","https:\/\/www.linkedin.com\/school\/deutsche-schule-barranquilla\/","https:\/\/www.youtube.com\/channel\/UCOOGZQCVs6aYRqIWvSN5agQ"]},{"@type":"Person","@id":"https:\/\/ds-barranquilla.org\/#\/schema\/person\/7bf8790ba89d3480e0551241ccdc8d36","name":"Comunicaciones Comunicaciones","image":{"@type":"ImageObject","inLanguage":"de","@id":"https:\/\/ds-barranquilla.org\/#\/schema\/person\/image\/","url":"https:\/\/secure.gravatar.com\/avatar\/a66ba9484a4338d81d6bea750e595038?s=96&d=mm&r=g","contentUrl":"https:\/\/secure.gravatar.com\/avatar\/a66ba9484a4338d81d6bea750e595038?s=96&d=mm&r=g","caption":"Comunicaciones Comunicaciones"}}]}},"_links":{"self":[{"href":"https:\/\/ds-barranquilla.org\/de\/wp-json\/wp\/v2\/posts\/16247"}],"collection":[{"href":"https:\/\/ds-barranquilla.org\/de\/wp-json\/wp\/v2\/posts"}],"about":[{"href":"https:\/\/ds-barranquilla.org\/de\/wp-json\/wp\/v2\/types\/post"}],"author":[{"embeddable":true,"href":"https:\/\/ds-barranquilla.org\/de\/wp-json\/wp\/v2\/users\/16"}],"replies":[{"embeddable":true,"href":"https:\/\/ds-barranquilla.org\/de\/wp-json\/wp\/v2\/comments?post=16247"}],"version-history":[{"count":1,"href":"https:\/\/ds-barranquilla.org\/de\/wp-json\/wp\/v2\/posts\/16247\/revisions"}],"predecessor-version":[{"id":16252,"href":"https:\/\/ds-barranquilla.org\/de\/wp-json\/wp\/v2\/posts\/16247\/revisions\/16252"}],"wp:featuredmedia":[{"embeddable":true,"href":"https:\/\/ds-barranquilla.org\/de\/wp-json\/wp\/v2\/media\/16248"}],"wp:attachment":[{"href":"https:\/\/ds-barranquilla.org\/de\/wp-json\/wp\/v2\/media?parent=16247"}],"wp:term":[{"taxonomy":"category","embeddable":true,"href":"https:\/\/ds-barranquilla.org\/de\/wp-json\/wp\/v2\/categories?post=16247"},{"taxonomy":"post_tag","embeddable":true,"href":"https:\/\/ds-barranquilla.org\/de\/wp-json\/wp\/v2\/tags?post=16247"}],"curies":[{"name":"wp","href":"https:\/\/api.w.org\/{rel}","templated":true}]}}