{"id":16596,"date":"2022-04-25T09:50:11","date_gmt":"2022-04-25T14:50:11","guid":{"rendered":"https:\/\/ds-barranquilla.org\/?p=16596"},"modified":"2022-12-07T10:48:40","modified_gmt":"2022-12-07T15:48:40","slug":"dia-mundial-de-la-tierra-una-fecha-importante-para-nuestro-planeta","status":"publish","type":"post","link":"https:\/\/ds-barranquilla.org\/de\/dia-mundial-de-la-tierra-una-fecha-importante-para-nuestro-planeta\/","title":{"rendered":"D\u00eda Mundial de la Tierra: una fecha importante para nuestro planeta"},"content":{"rendered":"<h1><strong>D\u00eda Mundial de la Tierra: una fecha importante para nuestro planeta<\/strong><\/h1>\n<p><strong>Creado por: Lizeth Salas.<\/strong> Desde hace m\u00e1s de 50 a\u00f1os, cada 22 de abril se celebra el D\u00eda de la Tierra en gran parte del planeta. La fecha busca generar conciencia mundial sobre la relaci\u00f3n de interdependencia entre los seres humanos, seres vivos y medioambiente natural. Desde el Proyecto Ambiental Educativo (PRAE) en su espacio de formaci\u00f3n \u2018Mi\u00e9rcoles Ambientales\u2019, se abri\u00f3 un espacio de reflexi\u00f3n sobre esta fecha a partir de las preguntas: \u00bfPor qu\u00e9 y c\u00f3mo cuidar nuestro planeta tierra?<\/p>\n<p>Durante la jornada, se elaboraron afiches en cada sal\u00f3n de clase que finalmente hicieron parte de un gran mural que se exhibi\u00f3 en las instalaciones del colegio. Esta actividad se realiz\u00f3 de la mano con el \u00c1rea de Ingl\u00e9s, por lo cual muchos de los afiches conten\u00edan frases en este idioma.<\/p>\n<p>Como tema central se escogi\u00f3 el lema propuesto para la celebraci\u00f3n de este a\u00f1o: #UnaSolaTierra, a trav\u00e9s del cual se piden cambios profundos en las pol\u00edticas y en nuestras decisiones para permitir una vida m\u00e1s limpia, ecol\u00f3gica y sostenible, en armon\u00eda con la naturaleza. Fue una celebraci\u00f3n enriquecedora que busc\u00f3 recordar que la tierra es una sola, que es la casa de todos y que todos debemos cuidarla.<\/p>\n<p><a href=\"https:\/\/m.facebook.com\/story.php?story_fbid=pfbid029MstwVXjnn2ovvM8AMwwJ6PouacqprbS96WzftKr2nhTiTQNZqBw2JKAviVanKENl&amp;id=100056290190589\">Fotos<\/a><\/p>","protected":false},"excerpt":{"rendered":"<p>D\u00eda Mundial de la Tierra: una fecha importante para nuestro planeta Creado por: Lizeth Salas. Desde hace m\u00e1s de 50 a\u00f1os, cada 22 de abril se<span class=\"excerpt-hellip\"> [\u2026]<\/span><\/p>","protected":false},"author":16,"featured_media":16597,"comment_status":"open","ping_status":"open","sticky":false,"template":"","format":"standard","meta":{"_exactmetrics_skip_tracking":false,"_exactmetrics_sitenote_active":false,"_exactmetrics_sitenote_note":"","_exactmetrics_sitenote_category":0,"_joinchat":[],"footnotes":""},"categories":[672,708],"tags":[],"class_list":["post-16596","post","type-post","status-publish","format-standard","has-post-thumbnail","hentry","category-672","category-proyectos-academicos"],"yoast_head":"<!-- This site is optimized with the Yoast SEO plugin v23.3 - https:\/\/yoast.com\/wordpress\/plugins\/seo\/ -->\n<title>D\u00eda Mundial de la Tierra: una fecha importante para nuestro planeta - 2026<\/title>\n<meta name=\"robots\" content=\"noindex, follow, max-snippet:-1, max-image-preview:large, max-video-preview:-1\" \/>\n<meta property=\"og:locale\" content=\"de_DE\" \/>\n<meta property=\"og:type\" content=\"article\" \/>\n<meta property=\"og:title\" content=\"D\u00eda Mundial de la Tierra: una fecha importante para nuestro planeta - 2026\" \/>\n<meta property=\"og:description\" content=\"D\u00eda Mundial de la Tierra: una fecha importante para nuestro planeta Creado por: Lizeth Salas. Desde hace m\u00e1s de 50 a\u00f1os, cada 22 de abril se [\u2026]\" \/>\n<meta property=\"og:url\" content=\"https:\/\/ds-barranquilla.org\/de\/dia-mundial-de-la-tierra-una-fecha-importante-para-nuestro-planeta\/\" \/>\n<meta property=\"og:site_name\" content=\"Colegio Alem\u00e1n - Los Mejores Colegios de Colombia - Colegio Triling\u00fce\" \/>\n<meta property=\"article:publisher\" content=\"https:\/\/www.facebook.com\/ColegioAlemanBaq\/\" \/>\n<meta property=\"article:published_time\" content=\"2022-04-25T14:50:11+00:00\" \/>\n<meta property=\"article:modified_time\" content=\"2022-12-07T15:48:40+00:00\" \/>\n<meta property=\"og:image\" content=\"https:\/\/ds-barranquilla.org\/wp-content\/uploads\/2022\/07\/Dia-de-la-Tierra-Web.jpg\" \/>\n\t<meta property=\"og:image:width\" content=\"1170\" \/>\n\t<meta property=\"og:image:height\" content=\"500\" \/>\n\t<meta property=\"og:image:type\" content=\"image\/jpeg\" \/>\n<meta name=\"author\" content=\"Comunicaciones Comunicaciones\" \/>\n<meta name=\"twitter:card\" content=\"summary_large_image\" \/>\n<meta name=\"twitter:creator\" content=\"@ColegioAlemanBq\" \/>\n<meta name=\"twitter:site\" content=\"@ColegioAlemanBq\" \/>\n<meta name=\"twitter:label1\" content=\"Verfasst von\" \/>\n\t<meta name=\"twitter:data1\" content=\"Comunicaciones Comunicaciones\" \/>\n\t<meta name=\"twitter:label2\" content=\"Gesch\u00e4tzte Lesezeit\" \/>\n\t<meta name=\"twitter:data2\" content=\"1\u00a0Minute\" \/>\n<script type=\"application\/ld+json\" class=\"yoast-schema-graph\">{\"@context\":\"https:\/\/schema.org\",\"@graph\":[{\"@type\":\"Article\",\"@id\":\"https:\/\/ds-barranquilla.org\/dia-mundial-de-la-tierra-una-fecha-importante-para-nuestro-planeta\/#article\",\"isPartOf\":{\"@id\":\"https:\/\/ds-barranquilla.org\/dia-mundial-de-la-tierra-una-fecha-importante-para-nuestro-planeta\/\"},\"author\":{\"name\":\"Comunicaciones Comunicaciones\",\"@id\":\"https:\/\/ds-barranquilla.org\/#\/schema\/person\/7bf8790ba89d3480e0551241ccdc8d36\"},\"headline\":\"D\u00eda Mundial de la Tierra: una fecha importante para nuestro planeta\",\"datePublished\":\"2022-04-25T14:50:11+00:00\",\"dateModified\":\"2022-12-07T15:48:40+00:00\",\"mainEntityOfPage\":{\"@id\":\"https:\/\/ds-barranquilla.org\/dia-mundial-de-la-tierra-una-fecha-importante-para-nuestro-planeta\/\"},\"wordCount\":246,\"commentCount\":0,\"publisher\":{\"@id\":\"https:\/\/ds-barranquilla.org\/#organization\"},\"image\":{\"@id\":\"https:\/\/ds-barranquilla.org\/dia-mundial-de-la-tierra-una-fecha-importante-para-nuestro-planeta\/#primaryimage\"},\"thumbnailUrl\":\"https:\/\/ds-barranquilla.org\/wp-content\/uploads\/2022\/07\/Dia-de-la-Tierra-Web.jpg\",\"articleSection\":[\"2022\",\"Proyectos acad\u00e9micos\"],\"inLanguage\":\"de\",\"potentialAction\":[{\"@type\":\"CommentAction\",\"name\":\"Comment\",\"target\":[\"https:\/\/ds-barranquilla.org\/dia-mundial-de-la-tierra-una-fecha-importante-para-nuestro-planeta\/#respond\"]}]},{\"@type\":\"WebPage\",\"@id\":\"https:\/\/ds-barranquilla.org\/dia-mundial-de-la-tierra-una-fecha-importante-para-nuestro-planeta\/\",\"url\":\"https:\/\/ds-barranquilla.org\/dia-mundial-de-la-tierra-una-fecha-importante-para-nuestro-planeta\/\",\"name\":\"D\u00eda Mundial de la Tierra: una fecha importante para nuestro planeta - 2026\",\"isPartOf\":{\"@id\":\"https:\/\/ds-barranquilla.org\/#website\"},\"primaryImageOfPage\":{\"@id\":\"https:\/\/ds-barranquilla.org\/dia-mundial-de-la-tierra-una-fecha-importante-para-nuestro-planeta\/#primaryimage\"},\"image\":{\"@id\":\"https:\/\/ds-barranquilla.org\/dia-mundial-de-la-tierra-una-fecha-importante-para-nuestro-planeta\/#primaryimage\"},\"thumbnailUrl\":\"https:\/\/ds-barranquilla.org\/wp-content\/uploads\/2022\/07\/Dia-de-la-Tierra-Web.jpg\",\"datePublished\":\"2022-04-25T14:50:11+00:00\",\"dateModified\":\"2022-12-07T15:48:40+00:00\",\"breadcrumb\":{\"@id\":\"https:\/\/ds-barranquilla.org\/dia-mundial-de-la-tierra-una-fecha-importante-para-nuestro-planeta\/#breadcrumb\"},\"inLanguage\":\"de\",\"potentialAction\":[{\"@type\":\"ReadAction\",\"target\":[\"https:\/\/ds-barranquilla.org\/dia-mundial-de-la-tierra-una-fecha-importante-para-nuestro-planeta\/\"]}]},{\"@type\":\"ImageObject\",\"inLanguage\":\"de\",\"@id\":\"https:\/\/ds-barranquilla.org\/dia-mundial-de-la-tierra-una-fecha-importante-para-nuestro-planeta\/#primaryimage\",\"url\":\"https:\/\/ds-barranquilla.org\/wp-content\/uploads\/2022\/07\/Dia-de-la-Tierra-Web.jpg\",\"contentUrl\":\"https:\/\/ds-barranquilla.org\/wp-content\/uploads\/2022\/07\/Dia-de-la-Tierra-Web.jpg\",\"width\":1170,\"height\":500},{\"@type\":\"BreadcrumbList\",\"@id\":\"https:\/\/ds-barranquilla.org\/dia-mundial-de-la-tierra-una-fecha-importante-para-nuestro-planeta\/#breadcrumb\",\"itemListElement\":[{\"@type\":\"ListItem\",\"position\":1,\"name\":\"Portada\",\"item\":\"https:\/\/ds-barranquilla.org\/\"},{\"@type\":\"ListItem\",\"position\":2,\"name\":\"D\u00eda Mundial de la Tierra: una fecha importante para nuestro planeta\"}]},{\"@type\":\"WebSite\",\"@id\":\"https:\/\/ds-barranquilla.org\/#website\",\"url\":\"https:\/\/ds-barranquilla.org\/\",\"name\":\"Colegio Alem\u00e1n - Los Mejores Colegios de Colombia - Colegio Triling\u00fce\",\"description\":\"Colegio Alem\u00e1n  Barranquilla Colombia - Colegio Biling\u00fce - Triling\u00fce - El Mejor Colegio de Colombia\",\"publisher\":{\"@id\":\"https:\/\/ds-barranquilla.org\/#organization\"},\"potentialAction\":[{\"@type\":\"SearchAction\",\"target\":{\"@type\":\"EntryPoint\",\"urlTemplate\":\"https:\/\/ds-barranquilla.org\/?s={search_term_string}\"},\"query-input\":\"required name=search_term_string\"}],\"inLanguage\":\"de\"},{\"@type\":\"Organization\",\"@id\":\"https:\/\/ds-barranquilla.org\/#organization\",\"name\":\"Colegio Alem\u00e1n Barranquilla\",\"url\":\"https:\/\/ds-barranquilla.org\/\",\"logo\":{\"@type\":\"ImageObject\",\"inLanguage\":\"de\",\"@id\":\"https:\/\/ds-barranquilla.org\/#\/schema\/logo\/image\/\",\"url\":\"https:\/\/ds-barranquilla.org\/wp-content\/uploads\/2021\/05\/coleman_logo_2.png\",\"contentUrl\":\"https:\/\/ds-barranquilla.org\/wp-content\/uploads\/2021\/05\/coleman_logo_2.png\",\"width\":418,\"height\":307,\"caption\":\"Colegio Alem\u00e1n Barranquilla\"},\"image\":{\"@id\":\"https:\/\/ds-barranquilla.org\/#\/schema\/logo\/image\/\"},\"sameAs\":[\"https:\/\/www.facebook.com\/ColegioAlemanBaq\/\",\"https:\/\/x.com\/ColegioAlemanBq\",\"https:\/\/www.instagram.com\/colegioalemanbaq\/\",\"https:\/\/www.linkedin.com\/school\/deutsche-schule-barranquilla\/\",\"https:\/\/www.youtube.com\/channel\/UCOOGZQCVs6aYRqIWvSN5agQ\"]},{\"@type\":\"Person\",\"@id\":\"https:\/\/ds-barranquilla.org\/#\/schema\/person\/7bf8790ba89d3480e0551241ccdc8d36\",\"name\":\"Comunicaciones Comunicaciones\",\"image\":{\"@type\":\"ImageObject\",\"inLanguage\":\"de\",\"@id\":\"https:\/\/ds-barranquilla.org\/#\/schema\/person\/image\/\",\"url\":\"https:\/\/secure.gravatar.com\/avatar\/a66ba9484a4338d81d6bea750e595038?s=96&d=mm&r=g\",\"contentUrl\":\"https:\/\/secure.gravatar.com\/avatar\/a66ba9484a4338d81d6bea750e595038?s=96&d=mm&r=g\",\"caption\":\"Comunicaciones Comunicaciones\"}}]}<\/script>\n<!-- \/ Yoast SEO plugin. -->","yoast_head_json":{"title":"D\u00eda Mundial de la Tierra: una fecha importante para nuestro planeta - 2026","robots":{"index":"noindex","follow":"follow","max-snippet":"max-snippet:-1","max-image-preview":"max-image-preview:large","max-video-preview":"max-video-preview:-1"},"og_locale":"de_DE","og_type":"article","og_title":"D\u00eda Mundial de la Tierra: una fecha importante para nuestro planeta - 2026","og_description":"D\u00eda Mundial de la Tierra: una fecha importante para nuestro planeta Creado por: Lizeth Salas. Desde hace m\u00e1s de 50 a\u00f1os, cada 22 de abril se [\u2026]","og_url":"https:\/\/ds-barranquilla.org\/de\/dia-mundial-de-la-tierra-una-fecha-importante-para-nuestro-planeta\/","og_site_name":"Colegio Alem\u00e1n - Los Mejores Colegios de Colombia - Colegio Triling\u00fce","article_publisher":"https:\/\/www.facebook.com\/ColegioAlemanBaq\/","article_published_time":"2022-04-25T14:50:11+00:00","article_modified_time":"2022-12-07T15:48:40+00:00","og_image":[{"width":1170,"height":500,"url":"https:\/\/ds-barranquilla.org\/wp-content\/uploads\/2022\/07\/Dia-de-la-Tierra-Web.jpg","type":"image\/jpeg"}],"author":"Comunicaciones Comunicaciones","twitter_card":"summary_large_image","twitter_creator":"@ColegioAlemanBq","twitter_site":"@ColegioAlemanBq","twitter_misc":{"Verfasst von":"Comunicaciones Comunicaciones","Gesch\u00e4tzte Lesezeit":"1\u00a0Minute"},"schema":{"@context":"https:\/\/schema.org","@graph":[{"@type":"Article","@id":"https:\/\/ds-barranquilla.org\/dia-mundial-de-la-tierra-una-fecha-importante-para-nuestro-planeta\/#article","isPartOf":{"@id":"https:\/\/ds-barranquilla.org\/dia-mundial-de-la-tierra-una-fecha-importante-para-nuestro-planeta\/"},"author":{"name":"Comunicaciones Comunicaciones","@id":"https:\/\/ds-barranquilla.org\/#\/schema\/person\/7bf8790ba89d3480e0551241ccdc8d36"},"headline":"D\u00eda Mundial de la Tierra: una fecha importante para nuestro planeta","datePublished":"2022-04-25T14:50:11+00:00","dateModified":"2022-12-07T15:48:40+00:00","mainEntityOfPage":{"@id":"https:\/\/ds-barranquilla.org\/dia-mundial-de-la-tierra-una-fecha-importante-para-nuestro-planeta\/"},"wordCount":246,"commentCount":0,"publisher":{"@id":"https:\/\/ds-barranquilla.org\/#organization"},"image":{"@id":"https:\/\/ds-barranquilla.org\/dia-mundial-de-la-tierra-una-fecha-importante-para-nuestro-planeta\/#primaryimage"},"thumbnailUrl":"https:\/\/ds-barranquilla.org\/wp-content\/uploads\/2022\/07\/Dia-de-la-Tierra-Web.jpg","articleSection":["2022","Proyectos acad\u00e9micos"],"inLanguage":"de","potentialAction":[{"@type":"CommentAction","name":"Comment","target":["https:\/\/ds-barranquilla.org\/dia-mundial-de-la-tierra-una-fecha-importante-para-nuestro-planeta\/#respond"]}]},{"@type":"WebPage","@id":"https:\/\/ds-barranquilla.org\/dia-mundial-de-la-tierra-una-fecha-importante-para-nuestro-planeta\/","url":"https:\/\/ds-barranquilla.org\/dia-mundial-de-la-tierra-una-fecha-importante-para-nuestro-planeta\/","name":"D\u00eda Mundial de la Tierra: una fecha importante para nuestro planeta - 2026","isPartOf":{"@id":"https:\/\/ds-barranquilla.org\/#website"},"primaryImageOfPage":{"@id":"https:\/\/ds-barranquilla.org\/dia-mundial-de-la-tierra-una-fecha-importante-para-nuestro-planeta\/#primaryimage"},"image":{"@id":"https:\/\/ds-barranquilla.org\/dia-mundial-de-la-tierra-una-fecha-importante-para-nuestro-planeta\/#primaryimage"},"thumbnailUrl":"https:\/\/ds-barranquilla.org\/wp-content\/uploads\/2022\/07\/Dia-de-la-Tierra-Web.jpg","datePublished":"2022-04-25T14:50:11+00:00","dateModified":"2022-12-07T15:48:40+00:00","breadcrumb":{"@id":"https:\/\/ds-barranquilla.org\/dia-mundial-de-la-tierra-una-fecha-importante-para-nuestro-planeta\/#breadcrumb"},"inLanguage":"de","potentialAction":[{"@type":"ReadAction","target":["https:\/\/ds-barranquilla.org\/dia-mundial-de-la-tierra-una-fecha-importante-para-nuestro-planeta\/"]}]},{"@type":"ImageObject","inLanguage":"de","@id":"https:\/\/ds-barranquilla.org\/dia-mundial-de-la-tierra-una-fecha-importante-para-nuestro-planeta\/#primaryimage","url":"https:\/\/ds-barranquilla.org\/wp-content\/uploads\/2022\/07\/Dia-de-la-Tierra-Web.jpg","contentUrl":"https:\/\/ds-barranquilla.org\/wp-content\/uploads\/2022\/07\/Dia-de-la-Tierra-Web.jpg","width":1170,"height":500},{"@type":"BreadcrumbList","@id":"https:\/\/ds-barranquilla.org\/dia-mundial-de-la-tierra-una-fecha-importante-para-nuestro-planeta\/#breadcrumb","itemListElement":[{"@type":"ListItem","position":1,"name":"Portada","item":"https:\/\/ds-barranquilla.org\/"},{"@type":"ListItem","position":2,"name":"D\u00eda Mundial de la Tierra: una fecha importante para nuestro planeta"}]},{"@type":"WebSite","@id":"https:\/\/ds-barranquilla.org\/#website","url":"https:\/\/ds-barranquilla.org\/","name":"Colegio Alem\u00e1n - Los Mejores Colegios de Colombia - Colegio Triling\u00fce","description":"Colegio Alem\u00e1n  Barranquilla Colombia - Colegio Biling\u00fce - Triling\u00fce - El Mejor Colegio de Colombia","publisher":{"@id":"https:\/\/ds-barranquilla.org\/#organization"},"potentialAction":[{"@type":"SearchAction","target":{"@type":"EntryPoint","urlTemplate":"https:\/\/ds-barranquilla.org\/?s={search_term_string}"},"query-input":"required name=search_term_string"}],"inLanguage":"de"},{"@type":"Organization","@id":"https:\/\/ds-barranquilla.org\/#organization","name":"Colegio Alem\u00e1n Barranquilla","url":"https:\/\/ds-barranquilla.org\/","logo":{"@type":"ImageObject","inLanguage":"de","@id":"https:\/\/ds-barranquilla.org\/#\/schema\/logo\/image\/","url":"https:\/\/ds-barranquilla.org\/wp-content\/uploads\/2021\/05\/coleman_logo_2.png","contentUrl":"https:\/\/ds-barranquilla.org\/wp-content\/uploads\/2021\/05\/coleman_logo_2.png","width":418,"height":307,"caption":"Colegio Alem\u00e1n Barranquilla"},"image":{"@id":"https:\/\/ds-barranquilla.org\/#\/schema\/logo\/image\/"},"sameAs":["https:\/\/www.facebook.com\/ColegioAlemanBaq\/","https:\/\/x.com\/ColegioAlemanBq","https:\/\/www.instagram.com\/colegioalemanbaq\/","https:\/\/www.linkedin.com\/school\/deutsche-schule-barranquilla\/","https:\/\/www.youtube.com\/channel\/UCOOGZQCVs6aYRqIWvSN5agQ"]},{"@type":"Person","@id":"https:\/\/ds-barranquilla.org\/#\/schema\/person\/7bf8790ba89d3480e0551241ccdc8d36","name":"Comunicaciones Comunicaciones","image":{"@type":"ImageObject","inLanguage":"de","@id":"https:\/\/ds-barranquilla.org\/#\/schema\/person\/image\/","url":"https:\/\/secure.gravatar.com\/avatar\/a66ba9484a4338d81d6bea750e595038?s=96&d=mm&r=g","contentUrl":"https:\/\/secure.gravatar.com\/avatar\/a66ba9484a4338d81d6bea750e595038?s=96&d=mm&r=g","caption":"Comunicaciones Comunicaciones"}}]}},"_links":{"self":[{"href":"https:\/\/ds-barranquilla.org\/de\/wp-json\/wp\/v2\/posts\/16596"}],"collection":[{"href":"https:\/\/ds-barranquilla.org\/de\/wp-json\/wp\/v2\/posts"}],"about":[{"href":"https:\/\/ds-barranquilla.org\/de\/wp-json\/wp\/v2\/types\/post"}],"author":[{"embeddable":true,"href":"https:\/\/ds-barranquilla.org\/de\/wp-json\/wp\/v2\/users\/16"}],"replies":[{"embeddable":true,"href":"https:\/\/ds-barranquilla.org\/de\/wp-json\/wp\/v2\/comments?post=16596"}],"version-history":[{"count":2,"href":"https:\/\/ds-barranquilla.org\/de\/wp-json\/wp\/v2\/posts\/16596\/revisions"}],"predecessor-version":[{"id":16607,"href":"https:\/\/ds-barranquilla.org\/de\/wp-json\/wp\/v2\/posts\/16596\/revisions\/16607"}],"wp:featuredmedia":[{"embeddable":true,"href":"https:\/\/ds-barranquilla.org\/de\/wp-json\/wp\/v2\/media\/16597"}],"wp:attachment":[{"href":"https:\/\/ds-barranquilla.org\/de\/wp-json\/wp\/v2\/media?parent=16596"}],"wp:term":[{"taxonomy":"category","embeddable":true,"href":"https:\/\/ds-barranquilla.org\/de\/wp-json\/wp\/v2\/categories?post=16596"},{"taxonomy":"post_tag","embeddable":true,"href":"https:\/\/ds-barranquilla.org\/de\/wp-json\/wp\/v2\/tags?post=16596"}],"curies":[{"name":"wp","href":"https:\/\/api.w.org\/{rel}","templated":true}]}}