{"id":16599,"date":"2022-04-30T10:22:36","date_gmt":"2022-04-30T15:22:36","guid":{"rendered":"https:\/\/ds-barranquilla.org\/?p=16599"},"modified":"2022-12-05T11:38:54","modified_gmt":"2022-12-05T16:38:54","slug":"nuestro-colegio-participo-en-el-encuentro-de-colegios-alemanes-de-la-region-c-en-quito","status":"publish","type":"post","link":"https:\/\/ds-barranquilla.org\/de\/nuestro-colegio-participo-en-el-encuentro-de-colegios-alemanes-de-la-region-c-en-quito\/","title":{"rendered":"Nuestro colegio particip\u00f3 en el Encuentro de Colegios Alemanes de la Regi\u00f3n \u2018C\u2019 en Quito"},"content":{"rendered":"<h1><strong>Nuestro colegio particip\u00f3 en el Encuentro de Colegios Alemanes de la Regi\u00f3n \u2018C\u2019 en Quito<\/strong><\/h1>\n<p><strong>Geschrieben von: Jos\u00e9 R\u00edos Mercado.<\/strong> Directivos acad\u00e9micos y administrativos de los Colegios Alemanes de la Regi\u00f3n \u2018C\u2019 se dieron cita del 27 al 30 de abril en Quito (Ecuador) para participar de una reuni\u00f3n en la que fueron abordados diferentes tem\u00e1ticas relacionadas con el significado de \u2018Deutsch\u2019 y \u2018Deutschland\u2019 en nuestra regi\u00f3n para el posicionamiento comercial de la marca \u2018Deutsche Schule\u2019.<\/p>\n<p>El Presidente de la Junta Directiva, Carlos Lindemeyer, el Vicerrector Alem\u00e1n Raphael Hillisch y la Directora Administrativa Johanna Jaimes,\u202ffueron los representantes de nuestra instituci\u00f3n en el encuentro regional.<\/p>\n<p><a href=\"https:\/\/ds-barranquilla.org\/wp-content\/uploads\/2022\/07\/3-1-scaled.jpg\"><img fetchpriority=\"high\" decoding=\"async\" class=\"alignnone size-medium wp-image-16601\" src=\"https:\/\/ds-barranquilla.org\/wp-content\/uploads\/2022\/07\/3-1-225x300.jpg\" alt=\"\" width=\"225\" height=\"300\" srcset=\"https:\/\/ds-barranquilla.org\/wp-content\/uploads\/2022\/07\/3-1-225x300.jpg 225w, https:\/\/ds-barranquilla.org\/wp-content\/uploads\/2022\/07\/3-1-768x1024.jpg 768w, https:\/\/ds-barranquilla.org\/wp-content\/uploads\/2022\/07\/3-1-300x400.jpg 300w, https:\/\/ds-barranquilla.org\/wp-content\/uploads\/2022\/07\/3-1-1152x1536.jpg 1152w, https:\/\/ds-barranquilla.org\/wp-content\/uploads\/2022\/07\/3-1-1536x2048.jpg 1536w, https:\/\/ds-barranquilla.org\/wp-content\/uploads\/2022\/07\/3-1-9x12.jpg 9w, https:\/\/ds-barranquilla.org\/wp-content\/uploads\/2022\/07\/3-1-110x146.jpg 110w, https:\/\/ds-barranquilla.org\/wp-content\/uploads\/2022\/07\/3-1-38x50.jpg 38w, https:\/\/ds-barranquilla.org\/wp-content\/uploads\/2022\/07\/3-1-56x75.jpg 56w, https:\/\/ds-barranquilla.org\/wp-content\/uploads\/2022\/07\/3-1-800x1067.jpg 800w, https:\/\/ds-barranquilla.org\/wp-content\/uploads\/2022\/07\/3-1-scaled.jpg 1920w\" sizes=\"(max-width:767px) 225px, 225px\" \/><\/a><a href=\"https:\/\/ds-barranquilla.org\/wp-content\/uploads\/2022\/07\/2-scaled.jpg\"><img decoding=\"async\" class=\"alignnone size-medium wp-image-16602\" src=\"https:\/\/ds-barranquilla.org\/wp-content\/uploads\/2022\/07\/2-300x200.jpg\" alt=\"\" width=\"300\" height=\"200\" srcset=\"https:\/\/ds-barranquilla.org\/wp-content\/uploads\/2022\/07\/2-300x200.jpg 300w, https:\/\/ds-barranquilla.org\/wp-content\/uploads\/2022\/07\/2-1024x683.jpg 1024w, https:\/\/ds-barranquilla.org\/wp-content\/uploads\/2022\/07\/2-768x512.jpg 768w, https:\/\/ds-barranquilla.org\/wp-content\/uploads\/2022\/07\/2-391x260.jpg 391w, https:\/\/ds-barranquilla.org\/wp-content\/uploads\/2022\/07\/2-1536x1024.jpg 1536w, https:\/\/ds-barranquilla.org\/wp-content\/uploads\/2022\/07\/2-2048x1365.jpg 2048w, https:\/\/ds-barranquilla.org\/wp-content\/uploads\/2022\/07\/2-18x12.jpg 18w, https:\/\/ds-barranquilla.org\/wp-content\/uploads\/2022\/07\/2-219x146.jpg 219w, https:\/\/ds-barranquilla.org\/wp-content\/uploads\/2022\/07\/2-50x33.jpg 50w, https:\/\/ds-barranquilla.org\/wp-content\/uploads\/2022\/07\/2-112x75.jpg 112w, https:\/\/ds-barranquilla.org\/wp-content\/uploads\/2022\/07\/2-800x533.jpg 800w\" sizes=\"(max-width:767px) 300px, 300px\" \/><\/a><\/p>","protected":false},"excerpt":{"rendered":"<p>Nuestro colegio particip\u00f3 en el Encuentro de Colegios Alemanes de la Regi\u00f3n \u2018C\u2019 en Quito Creado por: Jos\u00e9 R\u00edos Mercado. Directivos acad\u00e9micos y administrativos de los<span class=\"excerpt-hellip\"> [\u2026]<\/span><\/p>","protected":false},"author":16,"featured_media":16600,"comment_status":"open","ping_status":"open","sticky":false,"template":"","format":"standard","meta":{"_exactmetrics_skip_tracking":false,"_exactmetrics_sitenote_active":false,"_exactmetrics_sitenote_note":"","_exactmetrics_sitenote_category":0,"_joinchat":[],"footnotes":""},"categories":[672,683,703,709],"tags":[],"class_list":["post-16599","post","type-post","status-publish","format-standard","has-post-thumbnail","hentry","category-672","category-administracion","category-junta-directiva","category-rectoria"],"yoast_head":"<!-- This site is optimized with the Yoast SEO plugin v23.3 - https:\/\/yoast.com\/wordpress\/plugins\/seo\/ -->\n<title>Nuestro colegio particip\u00f3 en el Encuentro de Colegios Alemanes de la Regi\u00f3n \u2018C\u2019 en Quito - 2026<\/title>\n<meta name=\"robots\" content=\"noindex, follow, max-snippet:-1, max-image-preview:large, max-video-preview:-1\" \/>\n<meta property=\"og:locale\" content=\"de_DE\" \/>\n<meta property=\"og:type\" content=\"article\" \/>\n<meta property=\"og:title\" content=\"Nuestro colegio particip\u00f3 en el Encuentro de Colegios Alemanes de la Regi\u00f3n \u2018C\u2019 en Quito - 2026\" \/>\n<meta property=\"og:description\" content=\"Nuestro colegio particip\u00f3 en el Encuentro de Colegios Alemanes de la Regi\u00f3n \u2018C\u2019 en Quito Creado por: Jos\u00e9 R\u00edos Mercado. Directivos acad\u00e9micos y administrativos de los [\u2026]\" \/>\n<meta property=\"og:url\" content=\"https:\/\/ds-barranquilla.org\/de\/nuestro-colegio-participo-en-el-encuentro-de-colegios-alemanes-de-la-region-c-en-quito\/\" \/>\n<meta property=\"og:site_name\" content=\"Colegio Alem\u00e1n - Los Mejores Colegios de Colombia - Colegio Triling\u00fce\" \/>\n<meta property=\"article:publisher\" content=\"https:\/\/www.facebook.com\/ColegioAlemanBaq\/\" \/>\n<meta property=\"article:published_time\" content=\"2022-04-30T15:22:36+00:00\" \/>\n<meta property=\"article:modified_time\" content=\"2022-12-05T16:38:54+00:00\" \/>\n<meta property=\"og:image\" content=\"https:\/\/ds-barranquilla.org\/wp-content\/uploads\/2022\/07\/Encuentro-Regional-en-Quito-Web.jpg\" \/>\n\t<meta property=\"og:image:width\" content=\"1170\" \/>\n\t<meta property=\"og:image:height\" content=\"500\" \/>\n\t<meta property=\"og:image:type\" content=\"image\/jpeg\" \/>\n<meta name=\"author\" content=\"Comunicaciones Comunicaciones\" \/>\n<meta name=\"twitter:card\" content=\"summary_large_image\" \/>\n<meta name=\"twitter:creator\" content=\"@ColegioAlemanBq\" \/>\n<meta name=\"twitter:site\" content=\"@ColegioAlemanBq\" \/>\n<meta name=\"twitter:label1\" content=\"Verfasst von\" \/>\n\t<meta name=\"twitter:data1\" content=\"Comunicaciones Comunicaciones\" \/>\n\t<meta name=\"twitter:label2\" content=\"Gesch\u00e4tzte Lesezeit\" \/>\n\t<meta name=\"twitter:data2\" content=\"1\u00a0Minute\" \/>\n<script type=\"application\/ld+json\" class=\"yoast-schema-graph\">{\"@context\":\"https:\/\/schema.org\",\"@graph\":[{\"@type\":\"Article\",\"@id\":\"https:\/\/ds-barranquilla.org\/de\/nuestro-colegio-participo-en-el-encuentro-de-colegios-alemanes-de-la-region-c-en-quito\/#article\",\"isPartOf\":{\"@id\":\"https:\/\/ds-barranquilla.org\/de\/nuestro-colegio-participo-en-el-encuentro-de-colegios-alemanes-de-la-region-c-en-quito\/\"},\"author\":{\"name\":\"Comunicaciones Comunicaciones\",\"@id\":\"https:\/\/ds-barranquilla.org\/#\/schema\/person\/7bf8790ba89d3480e0551241ccdc8d36\"},\"headline\":\"Nuestro colegio particip\u00f3 en el Encuentro de Colegios Alemanes de la Regi\u00f3n \u2018C\u2019 en Quito\",\"datePublished\":\"2022-04-30T15:22:36+00:00\",\"dateModified\":\"2022-12-05T16:38:54+00:00\",\"mainEntityOfPage\":{\"@id\":\"https:\/\/ds-barranquilla.org\/de\/nuestro-colegio-participo-en-el-encuentro-de-colegios-alemanes-de-la-region-c-en-quito\/\"},\"wordCount\":128,\"commentCount\":0,\"publisher\":{\"@id\":\"https:\/\/ds-barranquilla.org\/#organization\"},\"image\":{\"@id\":\"https:\/\/ds-barranquilla.org\/de\/nuestro-colegio-participo-en-el-encuentro-de-colegios-alemanes-de-la-region-c-en-quito\/#primaryimage\"},\"thumbnailUrl\":\"https:\/\/ds-barranquilla.org\/wp-content\/uploads\/2022\/07\/Encuentro-Regional-en-Quito-Web.jpg\",\"articleSection\":[\"2022\",\"Administraci\u00f3n\",\"Junta Directiva\",\"Rector\u00eda\"],\"inLanguage\":\"de\",\"potentialAction\":[{\"@type\":\"CommentAction\",\"name\":\"Comment\",\"target\":[\"https:\/\/ds-barranquilla.org\/de\/nuestro-colegio-participo-en-el-encuentro-de-colegios-alemanes-de-la-region-c-en-quito\/#respond\"]}]},{\"@type\":\"WebPage\",\"@id\":\"https:\/\/ds-barranquilla.org\/de\/nuestro-colegio-participo-en-el-encuentro-de-colegios-alemanes-de-la-region-c-en-quito\/\",\"url\":\"https:\/\/ds-barranquilla.org\/de\/nuestro-colegio-participo-en-el-encuentro-de-colegios-alemanes-de-la-region-c-en-quito\/\",\"name\":\"Nuestro colegio particip\u00f3 en el Encuentro de Colegios Alemanes de la Regi\u00f3n \u2018C\u2019 en Quito - 2026\",\"isPartOf\":{\"@id\":\"https:\/\/ds-barranquilla.org\/#website\"},\"primaryImageOfPage\":{\"@id\":\"https:\/\/ds-barranquilla.org\/de\/nuestro-colegio-participo-en-el-encuentro-de-colegios-alemanes-de-la-region-c-en-quito\/#primaryimage\"},\"image\":{\"@id\":\"https:\/\/ds-barranquilla.org\/de\/nuestro-colegio-participo-en-el-encuentro-de-colegios-alemanes-de-la-region-c-en-quito\/#primaryimage\"},\"thumbnailUrl\":\"https:\/\/ds-barranquilla.org\/wp-content\/uploads\/2022\/07\/Encuentro-Regional-en-Quito-Web.jpg\",\"datePublished\":\"2022-04-30T15:22:36+00:00\",\"dateModified\":\"2022-12-05T16:38:54+00:00\",\"breadcrumb\":{\"@id\":\"https:\/\/ds-barranquilla.org\/de\/nuestro-colegio-participo-en-el-encuentro-de-colegios-alemanes-de-la-region-c-en-quito\/#breadcrumb\"},\"inLanguage\":\"de\",\"potentialAction\":[{\"@type\":\"ReadAction\",\"target\":[\"https:\/\/ds-barranquilla.org\/de\/nuestro-colegio-participo-en-el-encuentro-de-colegios-alemanes-de-la-region-c-en-quito\/\"]}]},{\"@type\":\"ImageObject\",\"inLanguage\":\"de\",\"@id\":\"https:\/\/ds-barranquilla.org\/de\/nuestro-colegio-participo-en-el-encuentro-de-colegios-alemanes-de-la-region-c-en-quito\/#primaryimage\",\"url\":\"https:\/\/ds-barranquilla.org\/wp-content\/uploads\/2022\/07\/Encuentro-Regional-en-Quito-Web.jpg\",\"contentUrl\":\"https:\/\/ds-barranquilla.org\/wp-content\/uploads\/2022\/07\/Encuentro-Regional-en-Quito-Web.jpg\",\"width\":1170,\"height\":500},{\"@type\":\"BreadcrumbList\",\"@id\":\"https:\/\/ds-barranquilla.org\/de\/nuestro-colegio-participo-en-el-encuentro-de-colegios-alemanes-de-la-region-c-en-quito\/#breadcrumb\",\"itemListElement\":[{\"@type\":\"ListItem\",\"position\":1,\"name\":\"Portada\",\"item\":\"https:\/\/ds-barranquilla.org\/\"},{\"@type\":\"ListItem\",\"position\":2,\"name\":\"Nuestro colegio particip\u00f3 en el Encuentro de Colegios Alemanes de la Regi\u00f3n \u2018C\u2019 en Quito\"}]},{\"@type\":\"WebSite\",\"@id\":\"https:\/\/ds-barranquilla.org\/#website\",\"url\":\"https:\/\/ds-barranquilla.org\/\",\"name\":\"Colegio Alem\u00e1n - Los Mejores Colegios de Colombia - Colegio Triling\u00fce\",\"description\":\"Colegio Alem\u00e1n  Barranquilla Colombia - Colegio Biling\u00fce - Triling\u00fce - El Mejor Colegio de Colombia\",\"publisher\":{\"@id\":\"https:\/\/ds-barranquilla.org\/#organization\"},\"potentialAction\":[{\"@type\":\"SearchAction\",\"target\":{\"@type\":\"EntryPoint\",\"urlTemplate\":\"https:\/\/ds-barranquilla.org\/?s={search_term_string}\"},\"query-input\":\"required name=search_term_string\"}],\"inLanguage\":\"de\"},{\"@type\":\"Organization\",\"@id\":\"https:\/\/ds-barranquilla.org\/#organization\",\"name\":\"Colegio Alem\u00e1n Barranquilla\",\"url\":\"https:\/\/ds-barranquilla.org\/\",\"logo\":{\"@type\":\"ImageObject\",\"inLanguage\":\"de\",\"@id\":\"https:\/\/ds-barranquilla.org\/#\/schema\/logo\/image\/\",\"url\":\"https:\/\/ds-barranquilla.org\/wp-content\/uploads\/2021\/05\/coleman_logo_2.png\",\"contentUrl\":\"https:\/\/ds-barranquilla.org\/wp-content\/uploads\/2021\/05\/coleman_logo_2.png\",\"width\":418,\"height\":307,\"caption\":\"Colegio Alem\u00e1n Barranquilla\"},\"image\":{\"@id\":\"https:\/\/ds-barranquilla.org\/#\/schema\/logo\/image\/\"},\"sameAs\":[\"https:\/\/www.facebook.com\/ColegioAlemanBaq\/\",\"https:\/\/x.com\/ColegioAlemanBq\",\"https:\/\/www.instagram.com\/colegioalemanbaq\/\",\"https:\/\/www.linkedin.com\/school\/deutsche-schule-barranquilla\/\",\"https:\/\/www.youtube.com\/channel\/UCOOGZQCVs6aYRqIWvSN5agQ\"]},{\"@type\":\"Person\",\"@id\":\"https:\/\/ds-barranquilla.org\/#\/schema\/person\/7bf8790ba89d3480e0551241ccdc8d36\",\"name\":\"Comunicaciones Comunicaciones\",\"image\":{\"@type\":\"ImageObject\",\"inLanguage\":\"de\",\"@id\":\"https:\/\/ds-barranquilla.org\/#\/schema\/person\/image\/\",\"url\":\"https:\/\/secure.gravatar.com\/avatar\/a66ba9484a4338d81d6bea750e595038?s=96&d=mm&r=g\",\"contentUrl\":\"https:\/\/secure.gravatar.com\/avatar\/a66ba9484a4338d81d6bea750e595038?s=96&d=mm&r=g\",\"caption\":\"Comunicaciones Comunicaciones\"}}]}<\/script>\n<!-- \/ Yoast SEO plugin. -->","yoast_head_json":{"title":"Nuestro colegio particip\u00f3 en el Encuentro de Colegios Alemanes de la Regi\u00f3n \u2018C\u2019 en Quito - 2026","robots":{"index":"noindex","follow":"follow","max-snippet":"max-snippet:-1","max-image-preview":"max-image-preview:large","max-video-preview":"max-video-preview:-1"},"og_locale":"de_DE","og_type":"article","og_title":"Nuestro colegio particip\u00f3 en el Encuentro de Colegios Alemanes de la Regi\u00f3n \u2018C\u2019 en Quito - 2026","og_description":"Nuestro colegio particip\u00f3 en el Encuentro de Colegios Alemanes de la Regi\u00f3n \u2018C\u2019 en Quito Creado por: Jos\u00e9 R\u00edos Mercado. Directivos acad\u00e9micos y administrativos de los [\u2026]","og_url":"https:\/\/ds-barranquilla.org\/de\/nuestro-colegio-participo-en-el-encuentro-de-colegios-alemanes-de-la-region-c-en-quito\/","og_site_name":"Colegio Alem\u00e1n - Los Mejores Colegios de Colombia - Colegio Triling\u00fce","article_publisher":"https:\/\/www.facebook.com\/ColegioAlemanBaq\/","article_published_time":"2022-04-30T15:22:36+00:00","article_modified_time":"2022-12-05T16:38:54+00:00","og_image":[{"width":1170,"height":500,"url":"https:\/\/ds-barranquilla.org\/wp-content\/uploads\/2022\/07\/Encuentro-Regional-en-Quito-Web.jpg","type":"image\/jpeg"}],"author":"Comunicaciones Comunicaciones","twitter_card":"summary_large_image","twitter_creator":"@ColegioAlemanBq","twitter_site":"@ColegioAlemanBq","twitter_misc":{"Verfasst von":"Comunicaciones Comunicaciones","Gesch\u00e4tzte Lesezeit":"1\u00a0Minute"},"schema":{"@context":"https:\/\/schema.org","@graph":[{"@type":"Article","@id":"https:\/\/ds-barranquilla.org\/de\/nuestro-colegio-participo-en-el-encuentro-de-colegios-alemanes-de-la-region-c-en-quito\/#article","isPartOf":{"@id":"https:\/\/ds-barranquilla.org\/de\/nuestro-colegio-participo-en-el-encuentro-de-colegios-alemanes-de-la-region-c-en-quito\/"},"author":{"name":"Comunicaciones Comunicaciones","@id":"https:\/\/ds-barranquilla.org\/#\/schema\/person\/7bf8790ba89d3480e0551241ccdc8d36"},"headline":"Nuestro colegio particip\u00f3 en el Encuentro de Colegios Alemanes de la Regi\u00f3n \u2018C\u2019 en Quito","datePublished":"2022-04-30T15:22:36+00:00","dateModified":"2022-12-05T16:38:54+00:00","mainEntityOfPage":{"@id":"https:\/\/ds-barranquilla.org\/de\/nuestro-colegio-participo-en-el-encuentro-de-colegios-alemanes-de-la-region-c-en-quito\/"},"wordCount":128,"commentCount":0,"publisher":{"@id":"https:\/\/ds-barranquilla.org\/#organization"},"image":{"@id":"https:\/\/ds-barranquilla.org\/de\/nuestro-colegio-participo-en-el-encuentro-de-colegios-alemanes-de-la-region-c-en-quito\/#primaryimage"},"thumbnailUrl":"https:\/\/ds-barranquilla.org\/wp-content\/uploads\/2022\/07\/Encuentro-Regional-en-Quito-Web.jpg","articleSection":["2022","Administraci\u00f3n","Junta Directiva","Rector\u00eda"],"inLanguage":"de","potentialAction":[{"@type":"CommentAction","name":"Comment","target":["https:\/\/ds-barranquilla.org\/de\/nuestro-colegio-participo-en-el-encuentro-de-colegios-alemanes-de-la-region-c-en-quito\/#respond"]}]},{"@type":"WebPage","@id":"https:\/\/ds-barranquilla.org\/de\/nuestro-colegio-participo-en-el-encuentro-de-colegios-alemanes-de-la-region-c-en-quito\/","url":"https:\/\/ds-barranquilla.org\/de\/nuestro-colegio-participo-en-el-encuentro-de-colegios-alemanes-de-la-region-c-en-quito\/","name":"Nuestro colegio particip\u00f3 en el Encuentro de Colegios Alemanes de la Regi\u00f3n \u2018C\u2019 en Quito - 2026","isPartOf":{"@id":"https:\/\/ds-barranquilla.org\/#website"},"primaryImageOfPage":{"@id":"https:\/\/ds-barranquilla.org\/de\/nuestro-colegio-participo-en-el-encuentro-de-colegios-alemanes-de-la-region-c-en-quito\/#primaryimage"},"image":{"@id":"https:\/\/ds-barranquilla.org\/de\/nuestro-colegio-participo-en-el-encuentro-de-colegios-alemanes-de-la-region-c-en-quito\/#primaryimage"},"thumbnailUrl":"https:\/\/ds-barranquilla.org\/wp-content\/uploads\/2022\/07\/Encuentro-Regional-en-Quito-Web.jpg","datePublished":"2022-04-30T15:22:36+00:00","dateModified":"2022-12-05T16:38:54+00:00","breadcrumb":{"@id":"https:\/\/ds-barranquilla.org\/de\/nuestro-colegio-participo-en-el-encuentro-de-colegios-alemanes-de-la-region-c-en-quito\/#breadcrumb"},"inLanguage":"de","potentialAction":[{"@type":"ReadAction","target":["https:\/\/ds-barranquilla.org\/de\/nuestro-colegio-participo-en-el-encuentro-de-colegios-alemanes-de-la-region-c-en-quito\/"]}]},{"@type":"ImageObject","inLanguage":"de","@id":"https:\/\/ds-barranquilla.org\/de\/nuestro-colegio-participo-en-el-encuentro-de-colegios-alemanes-de-la-region-c-en-quito\/#primaryimage","url":"https:\/\/ds-barranquilla.org\/wp-content\/uploads\/2022\/07\/Encuentro-Regional-en-Quito-Web.jpg","contentUrl":"https:\/\/ds-barranquilla.org\/wp-content\/uploads\/2022\/07\/Encuentro-Regional-en-Quito-Web.jpg","width":1170,"height":500},{"@type":"BreadcrumbList","@id":"https:\/\/ds-barranquilla.org\/de\/nuestro-colegio-participo-en-el-encuentro-de-colegios-alemanes-de-la-region-c-en-quito\/#breadcrumb","itemListElement":[{"@type":"ListItem","position":1,"name":"Portada","item":"https:\/\/ds-barranquilla.org\/"},{"@type":"ListItem","position":2,"name":"Nuestro colegio particip\u00f3 en el Encuentro de Colegios Alemanes de la Regi\u00f3n \u2018C\u2019 en Quito"}]},{"@type":"WebSite","@id":"https:\/\/ds-barranquilla.org\/#website","url":"https:\/\/ds-barranquilla.org\/","name":"Colegio Alem\u00e1n - Los Mejores Colegios de Colombia - Colegio Triling\u00fce","description":"Colegio Alem\u00e1n  Barranquilla Colombia - Colegio Biling\u00fce - Triling\u00fce - El Mejor Colegio de Colombia","publisher":{"@id":"https:\/\/ds-barranquilla.org\/#organization"},"potentialAction":[{"@type":"SearchAction","target":{"@type":"EntryPoint","urlTemplate":"https:\/\/ds-barranquilla.org\/?s={search_term_string}"},"query-input":"required name=search_term_string"}],"inLanguage":"de"},{"@type":"Organization","@id":"https:\/\/ds-barranquilla.org\/#organization","name":"Colegio Alem\u00e1n Barranquilla","url":"https:\/\/ds-barranquilla.org\/","logo":{"@type":"ImageObject","inLanguage":"de","@id":"https:\/\/ds-barranquilla.org\/#\/schema\/logo\/image\/","url":"https:\/\/ds-barranquilla.org\/wp-content\/uploads\/2021\/05\/coleman_logo_2.png","contentUrl":"https:\/\/ds-barranquilla.org\/wp-content\/uploads\/2021\/05\/coleman_logo_2.png","width":418,"height":307,"caption":"Colegio Alem\u00e1n Barranquilla"},"image":{"@id":"https:\/\/ds-barranquilla.org\/#\/schema\/logo\/image\/"},"sameAs":["https:\/\/www.facebook.com\/ColegioAlemanBaq\/","https:\/\/x.com\/ColegioAlemanBq","https:\/\/www.instagram.com\/colegioalemanbaq\/","https:\/\/www.linkedin.com\/school\/deutsche-schule-barranquilla\/","https:\/\/www.youtube.com\/channel\/UCOOGZQCVs6aYRqIWvSN5agQ"]},{"@type":"Person","@id":"https:\/\/ds-barranquilla.org\/#\/schema\/person\/7bf8790ba89d3480e0551241ccdc8d36","name":"Comunicaciones Comunicaciones","image":{"@type":"ImageObject","inLanguage":"de","@id":"https:\/\/ds-barranquilla.org\/#\/schema\/person\/image\/","url":"https:\/\/secure.gravatar.com\/avatar\/a66ba9484a4338d81d6bea750e595038?s=96&d=mm&r=g","contentUrl":"https:\/\/secure.gravatar.com\/avatar\/a66ba9484a4338d81d6bea750e595038?s=96&d=mm&r=g","caption":"Comunicaciones Comunicaciones"}}]}},"_links":{"self":[{"href":"https:\/\/ds-barranquilla.org\/de\/wp-json\/wp\/v2\/posts\/16599"}],"collection":[{"href":"https:\/\/ds-barranquilla.org\/de\/wp-json\/wp\/v2\/posts"}],"about":[{"href":"https:\/\/ds-barranquilla.org\/de\/wp-json\/wp\/v2\/types\/post"}],"author":[{"embeddable":true,"href":"https:\/\/ds-barranquilla.org\/de\/wp-json\/wp\/v2\/users\/16"}],"replies":[{"embeddable":true,"href":"https:\/\/ds-barranquilla.org\/de\/wp-json\/wp\/v2\/comments?post=16599"}],"version-history":[{"count":1,"href":"https:\/\/ds-barranquilla.org\/de\/wp-json\/wp\/v2\/posts\/16599\/revisions"}],"predecessor-version":[{"id":16603,"href":"https:\/\/ds-barranquilla.org\/de\/wp-json\/wp\/v2\/posts\/16599\/revisions\/16603"}],"wp:featuredmedia":[{"embeddable":true,"href":"https:\/\/ds-barranquilla.org\/de\/wp-json\/wp\/v2\/media\/16600"}],"wp:attachment":[{"href":"https:\/\/ds-barranquilla.org\/de\/wp-json\/wp\/v2\/media?parent=16599"}],"wp:term":[{"taxonomy":"category","embeddable":true,"href":"https:\/\/ds-barranquilla.org\/de\/wp-json\/wp\/v2\/categories?post=16599"},{"taxonomy":"post_tag","embeddable":true,"href":"https:\/\/ds-barranquilla.org\/de\/wp-json\/wp\/v2\/tags?post=16599"}],"curies":[{"name":"wp","href":"https:\/\/api.w.org\/{rel}","templated":true}]}}