{"id":16604,"date":"2022-04-30T10:31:03","date_gmt":"2022-04-30T15:31:03","guid":{"rendered":"https:\/\/ds-barranquilla.org\/?p=16604"},"modified":"2022-12-05T11:36:50","modified_gmt":"2022-12-05T16:36:50","slug":"nuestro-colegio-se-impuso-en-el-campeonato-de-futbol-de-colegios-ib-en-bogota","status":"publish","type":"post","link":"https:\/\/ds-barranquilla.org\/de\/nuestro-colegio-se-impuso-en-el-campeonato-de-futbol-de-colegios-ib-en-bogota\/","title":{"rendered":"\u00a1Obtuvimos el Primer puesto en el Campeonato de F\u00fatbol de Colegios IB en Bogot\u00e1!"},"content":{"rendered":"<h1><strong>Obtuvimos el Primer puesto en el Campeonato de F\u00fatbol de Colegios IB en Bogot\u00e1<\/strong><\/h1>\n<p><strong>Geschrieben von: Jos\u00e9 R\u00edos Mercado. <\/strong>Entre el 28 y el 30 de abril nuestro colegio particip\u00f3 y se titul\u00f3 campe\u00f3n en el Primer Torneo Nacional AACBI Infantil, evento organizado en Bogot\u00e1 por el Colegio de Inglaterra. En el certamen tomaron parte diferentes instituciones del pa\u00eds que hacen parte de la red de colegios de todo el mundo del Bachillerato Internacional IB.<\/p>\n<p>El equipo de nuestra instituci\u00f3n, conformado por estudiantes de las Klassen 7, 8 y 9, derrot\u00f3 en la primera ronda al Gimnasio del Norte de Bogot\u00e1 (1-0), perdi\u00f3 con el Colegio Colombo Brit\u00e1nico de Cali (0-1), derrot\u00f3 al Colegio Ca\u00f1averales Internacional de Cali (2-0) y derrot\u00f3 al Colegio Domingo Savio de Bogot\u00e1 (5-0).<\/p>\n<p>En semifinales nuestro colegio derrot\u00f3 al Colegio Colombo Brit\u00e1nico de Cali por penaltis y de esta forma, obtuvo su cupo a la final en la que derrot\u00f3 al Gimnasio del Norte (1-0).<\/p>\n<p>Felicitamos a: Juan Esteban G\u00f3mez, Samuel Hoodwalker y Miguel \u00c1ngel Luna de la Klasse 7C; Juan Pablo Barrios, Camilo Brug\u00e9s y Alejandro Ram\u00edrez de la Klasse 7D; Peter Frisch y Juli\u00e1n Mor\u00f3n de la Klasse 8B; Manuel Monta\u00f1o y Sebasti\u00e1n Conrado de la Klasse 8C; Gabriel Daza, Sebasti\u00e1n Garc\u00eda, Tom\u00e1s L\u00f3pez y Esteban Mej\u00eda de la Klasse 8D; y Juan Diego Alvarado y Juan Jos\u00e9 Varela Mart\u00ednez de la Klasse 9B, por dejar en alto el nombre de nuestro colegio.<\/p>","protected":false},"excerpt":{"rendered":"<p>Obtuvimos el Primer puesto en el Campeonato de F\u00fatbol de Colegios IB en Bogot\u00e1 Creado por: Jos\u00e9 R\u00edos Mercado. Entre el 28 y el 30 de<span class=\"excerpt-hellip\"> [\u2026]<\/span><\/p>","protected":false},"author":16,"featured_media":16605,"comment_status":"open","ping_status":"open","sticky":false,"template":"","format":"standard","meta":{"_exactmetrics_skip_tracking":false,"_exactmetrics_sitenote_active":false,"_exactmetrics_sitenote_note":"","_exactmetrics_sitenote_category":0,"_joinchat":[],"footnotes":""},"categories":[672,687,710],"tags":[],"class_list":["post-16604","post","type-post","status-publish","format-standard","has-post-thumbnail","hentry","category-672","category-area-de-deportes","category-secundaria"],"yoast_head":"<!-- This site is optimized with the Yoast SEO plugin v23.3 - https:\/\/yoast.com\/wordpress\/plugins\/seo\/ -->\n<title>\u00a1Obtuvimos el Primer puesto en el Campeonato de F\u00fatbol de Colegios IB en Bogot\u00e1! - 2026<\/title>\n<meta name=\"robots\" content=\"noindex, follow, max-snippet:-1, max-image-preview:large, max-video-preview:-1\" \/>\n<meta property=\"og:locale\" content=\"de_DE\" \/>\n<meta property=\"og:type\" content=\"article\" \/>\n<meta property=\"og:title\" content=\"\u00a1Obtuvimos el Primer puesto en el Campeonato de F\u00fatbol de Colegios IB en Bogot\u00e1! - 2026\" \/>\n<meta property=\"og:description\" content=\"Obtuvimos el Primer puesto en el Campeonato de F\u00fatbol de Colegios IB en Bogot\u00e1 Creado por: Jos\u00e9 R\u00edos Mercado. Entre el 28 y el 30 de [\u2026]\" \/>\n<meta property=\"og:url\" content=\"https:\/\/ds-barranquilla.org\/de\/nuestro-colegio-se-impuso-en-el-campeonato-de-futbol-de-colegios-ib-en-bogota\/\" \/>\n<meta property=\"og:site_name\" content=\"Colegio Alem\u00e1n - Los Mejores Colegios de Colombia - Colegio Triling\u00fce\" \/>\n<meta property=\"article:publisher\" content=\"https:\/\/www.facebook.com\/ColegioAlemanBaq\/\" \/>\n<meta property=\"article:published_time\" content=\"2022-04-30T15:31:03+00:00\" \/>\n<meta property=\"article:modified_time\" content=\"2022-12-05T16:36:50+00:00\" \/>\n<meta property=\"og:image\" content=\"https:\/\/ds-barranquilla.org\/wp-content\/uploads\/2022\/07\/Campeonato-de-Futbol-IB-Web.jpg\" \/>\n\t<meta property=\"og:image:width\" content=\"1170\" \/>\n\t<meta property=\"og:image:height\" content=\"500\" \/>\n\t<meta property=\"og:image:type\" content=\"image\/jpeg\" \/>\n<meta name=\"author\" content=\"Comunicaciones Comunicaciones\" \/>\n<meta name=\"twitter:card\" content=\"summary_large_image\" \/>\n<meta name=\"twitter:creator\" content=\"@ColegioAlemanBq\" \/>\n<meta name=\"twitter:site\" content=\"@ColegioAlemanBq\" \/>\n<meta name=\"twitter:label1\" content=\"Verfasst von\" \/>\n\t<meta name=\"twitter:data1\" content=\"Comunicaciones Comunicaciones\" \/>\n\t<meta name=\"twitter:label2\" content=\"Gesch\u00e4tzte Lesezeit\" \/>\n\t<meta name=\"twitter:data2\" content=\"2\u00a0Minuten\" \/>\n<script type=\"application\/ld+json\" class=\"yoast-schema-graph\">{\"@context\":\"https:\/\/schema.org\",\"@graph\":[{\"@type\":\"Article\",\"@id\":\"https:\/\/ds-barranquilla.org\/nuestro-colegio-se-impuso-en-el-campeonato-de-futbol-de-colegios-ib-en-bogota\/#article\",\"isPartOf\":{\"@id\":\"https:\/\/ds-barranquilla.org\/nuestro-colegio-se-impuso-en-el-campeonato-de-futbol-de-colegios-ib-en-bogota\/\"},\"author\":{\"name\":\"Comunicaciones Comunicaciones\",\"@id\":\"https:\/\/ds-barranquilla.org\/#\/schema\/person\/7bf8790ba89d3480e0551241ccdc8d36\"},\"headline\":\"\u00a1Obtuvimos el Primer puesto en el Campeonato de F\u00fatbol de Colegios IB en Bogot\u00e1!\",\"datePublished\":\"2022-04-30T15:31:03+00:00\",\"dateModified\":\"2022-12-05T16:36:50+00:00\",\"mainEntityOfPage\":{\"@id\":\"https:\/\/ds-barranquilla.org\/nuestro-colegio-se-impuso-en-el-campeonato-de-futbol-de-colegios-ib-en-bogota\/\"},\"wordCount\":271,\"commentCount\":0,\"publisher\":{\"@id\":\"https:\/\/ds-barranquilla.org\/#organization\"},\"image\":{\"@id\":\"https:\/\/ds-barranquilla.org\/nuestro-colegio-se-impuso-en-el-campeonato-de-futbol-de-colegios-ib-en-bogota\/#primaryimage\"},\"thumbnailUrl\":\"https:\/\/ds-barranquilla.org\/wp-content\/uploads\/2022\/07\/Campeonato-de-Futbol-IB-Web.jpg\",\"articleSection\":[\"2022\",\"\u00c1rea de Deportes\",\"Secundaria\"],\"inLanguage\":\"de\",\"potentialAction\":[{\"@type\":\"CommentAction\",\"name\":\"Comment\",\"target\":[\"https:\/\/ds-barranquilla.org\/nuestro-colegio-se-impuso-en-el-campeonato-de-futbol-de-colegios-ib-en-bogota\/#respond\"]}]},{\"@type\":\"WebPage\",\"@id\":\"https:\/\/ds-barranquilla.org\/nuestro-colegio-se-impuso-en-el-campeonato-de-futbol-de-colegios-ib-en-bogota\/\",\"url\":\"https:\/\/ds-barranquilla.org\/nuestro-colegio-se-impuso-en-el-campeonato-de-futbol-de-colegios-ib-en-bogota\/\",\"name\":\"\u00a1Obtuvimos el Primer puesto en el Campeonato de F\u00fatbol de Colegios IB en Bogot\u00e1! - 2026\",\"isPartOf\":{\"@id\":\"https:\/\/ds-barranquilla.org\/#website\"},\"primaryImageOfPage\":{\"@id\":\"https:\/\/ds-barranquilla.org\/nuestro-colegio-se-impuso-en-el-campeonato-de-futbol-de-colegios-ib-en-bogota\/#primaryimage\"},\"image\":{\"@id\":\"https:\/\/ds-barranquilla.org\/nuestro-colegio-se-impuso-en-el-campeonato-de-futbol-de-colegios-ib-en-bogota\/#primaryimage\"},\"thumbnailUrl\":\"https:\/\/ds-barranquilla.org\/wp-content\/uploads\/2022\/07\/Campeonato-de-Futbol-IB-Web.jpg\",\"datePublished\":\"2022-04-30T15:31:03+00:00\",\"dateModified\":\"2022-12-05T16:36:50+00:00\",\"breadcrumb\":{\"@id\":\"https:\/\/ds-barranquilla.org\/nuestro-colegio-se-impuso-en-el-campeonato-de-futbol-de-colegios-ib-en-bogota\/#breadcrumb\"},\"inLanguage\":\"de\",\"potentialAction\":[{\"@type\":\"ReadAction\",\"target\":[\"https:\/\/ds-barranquilla.org\/nuestro-colegio-se-impuso-en-el-campeonato-de-futbol-de-colegios-ib-en-bogota\/\"]}]},{\"@type\":\"ImageObject\",\"inLanguage\":\"de\",\"@id\":\"https:\/\/ds-barranquilla.org\/nuestro-colegio-se-impuso-en-el-campeonato-de-futbol-de-colegios-ib-en-bogota\/#primaryimage\",\"url\":\"https:\/\/ds-barranquilla.org\/wp-content\/uploads\/2022\/07\/Campeonato-de-Futbol-IB-Web.jpg\",\"contentUrl\":\"https:\/\/ds-barranquilla.org\/wp-content\/uploads\/2022\/07\/Campeonato-de-Futbol-IB-Web.jpg\",\"width\":1170,\"height\":500},{\"@type\":\"BreadcrumbList\",\"@id\":\"https:\/\/ds-barranquilla.org\/nuestro-colegio-se-impuso-en-el-campeonato-de-futbol-de-colegios-ib-en-bogota\/#breadcrumb\",\"itemListElement\":[{\"@type\":\"ListItem\",\"position\":1,\"name\":\"Portada\",\"item\":\"https:\/\/ds-barranquilla.org\/\"},{\"@type\":\"ListItem\",\"position\":2,\"name\":\"\u00a1Obtuvimos el Primer puesto en el Campeonato de F\u00fatbol de Colegios IB en Bogot\u00e1!\"}]},{\"@type\":\"WebSite\",\"@id\":\"https:\/\/ds-barranquilla.org\/#website\",\"url\":\"https:\/\/ds-barranquilla.org\/\",\"name\":\"Colegio Alem\u00e1n - Los Mejores Colegios de Colombia - Colegio Triling\u00fce\",\"description\":\"Colegio Alem\u00e1n  Barranquilla Colombia - Colegio Biling\u00fce - Triling\u00fce - El Mejor Colegio de Colombia\",\"publisher\":{\"@id\":\"https:\/\/ds-barranquilla.org\/#organization\"},\"potentialAction\":[{\"@type\":\"SearchAction\",\"target\":{\"@type\":\"EntryPoint\",\"urlTemplate\":\"https:\/\/ds-barranquilla.org\/?s={search_term_string}\"},\"query-input\":\"required name=search_term_string\"}],\"inLanguage\":\"de\"},{\"@type\":\"Organization\",\"@id\":\"https:\/\/ds-barranquilla.org\/#organization\",\"name\":\"Colegio Alem\u00e1n Barranquilla\",\"url\":\"https:\/\/ds-barranquilla.org\/\",\"logo\":{\"@type\":\"ImageObject\",\"inLanguage\":\"de\",\"@id\":\"https:\/\/ds-barranquilla.org\/#\/schema\/logo\/image\/\",\"url\":\"https:\/\/ds-barranquilla.org\/wp-content\/uploads\/2021\/05\/coleman_logo_2.png\",\"contentUrl\":\"https:\/\/ds-barranquilla.org\/wp-content\/uploads\/2021\/05\/coleman_logo_2.png\",\"width\":418,\"height\":307,\"caption\":\"Colegio Alem\u00e1n Barranquilla\"},\"image\":{\"@id\":\"https:\/\/ds-barranquilla.org\/#\/schema\/logo\/image\/\"},\"sameAs\":[\"https:\/\/www.facebook.com\/ColegioAlemanBaq\/\",\"https:\/\/x.com\/ColegioAlemanBq\",\"https:\/\/www.instagram.com\/colegioalemanbaq\/\",\"https:\/\/www.linkedin.com\/school\/deutsche-schule-barranquilla\/\",\"https:\/\/www.youtube.com\/channel\/UCOOGZQCVs6aYRqIWvSN5agQ\"]},{\"@type\":\"Person\",\"@id\":\"https:\/\/ds-barranquilla.org\/#\/schema\/person\/7bf8790ba89d3480e0551241ccdc8d36\",\"name\":\"Comunicaciones Comunicaciones\",\"image\":{\"@type\":\"ImageObject\",\"inLanguage\":\"de\",\"@id\":\"https:\/\/ds-barranquilla.org\/#\/schema\/person\/image\/\",\"url\":\"https:\/\/secure.gravatar.com\/avatar\/a66ba9484a4338d81d6bea750e595038?s=96&d=mm&r=g\",\"contentUrl\":\"https:\/\/secure.gravatar.com\/avatar\/a66ba9484a4338d81d6bea750e595038?s=96&d=mm&r=g\",\"caption\":\"Comunicaciones Comunicaciones\"}}]}<\/script>\n<!-- \/ Yoast SEO plugin. -->","yoast_head_json":{"title":"\u00a1Obtuvimos el Primer puesto en el Campeonato de F\u00fatbol de Colegios IB en Bogot\u00e1! - 2026","robots":{"index":"noindex","follow":"follow","max-snippet":"max-snippet:-1","max-image-preview":"max-image-preview:large","max-video-preview":"max-video-preview:-1"},"og_locale":"de_DE","og_type":"article","og_title":"\u00a1Obtuvimos el Primer puesto en el Campeonato de F\u00fatbol de Colegios IB en Bogot\u00e1! - 2026","og_description":"Obtuvimos el Primer puesto en el Campeonato de F\u00fatbol de Colegios IB en Bogot\u00e1 Creado por: Jos\u00e9 R\u00edos Mercado. Entre el 28 y el 30 de [\u2026]","og_url":"https:\/\/ds-barranquilla.org\/de\/nuestro-colegio-se-impuso-en-el-campeonato-de-futbol-de-colegios-ib-en-bogota\/","og_site_name":"Colegio Alem\u00e1n - Los Mejores Colegios de Colombia - Colegio Triling\u00fce","article_publisher":"https:\/\/www.facebook.com\/ColegioAlemanBaq\/","article_published_time":"2022-04-30T15:31:03+00:00","article_modified_time":"2022-12-05T16:36:50+00:00","og_image":[{"width":1170,"height":500,"url":"https:\/\/ds-barranquilla.org\/wp-content\/uploads\/2022\/07\/Campeonato-de-Futbol-IB-Web.jpg","type":"image\/jpeg"}],"author":"Comunicaciones Comunicaciones","twitter_card":"summary_large_image","twitter_creator":"@ColegioAlemanBq","twitter_site":"@ColegioAlemanBq","twitter_misc":{"Verfasst von":"Comunicaciones Comunicaciones","Gesch\u00e4tzte Lesezeit":"2\u00a0Minuten"},"schema":{"@context":"https:\/\/schema.org","@graph":[{"@type":"Article","@id":"https:\/\/ds-barranquilla.org\/nuestro-colegio-se-impuso-en-el-campeonato-de-futbol-de-colegios-ib-en-bogota\/#article","isPartOf":{"@id":"https:\/\/ds-barranquilla.org\/nuestro-colegio-se-impuso-en-el-campeonato-de-futbol-de-colegios-ib-en-bogota\/"},"author":{"name":"Comunicaciones Comunicaciones","@id":"https:\/\/ds-barranquilla.org\/#\/schema\/person\/7bf8790ba89d3480e0551241ccdc8d36"},"headline":"\u00a1Obtuvimos el Primer puesto en el Campeonato de F\u00fatbol de Colegios IB en Bogot\u00e1!","datePublished":"2022-04-30T15:31:03+00:00","dateModified":"2022-12-05T16:36:50+00:00","mainEntityOfPage":{"@id":"https:\/\/ds-barranquilla.org\/nuestro-colegio-se-impuso-en-el-campeonato-de-futbol-de-colegios-ib-en-bogota\/"},"wordCount":271,"commentCount":0,"publisher":{"@id":"https:\/\/ds-barranquilla.org\/#organization"},"image":{"@id":"https:\/\/ds-barranquilla.org\/nuestro-colegio-se-impuso-en-el-campeonato-de-futbol-de-colegios-ib-en-bogota\/#primaryimage"},"thumbnailUrl":"https:\/\/ds-barranquilla.org\/wp-content\/uploads\/2022\/07\/Campeonato-de-Futbol-IB-Web.jpg","articleSection":["2022","\u00c1rea de Deportes","Secundaria"],"inLanguage":"de","potentialAction":[{"@type":"CommentAction","name":"Comment","target":["https:\/\/ds-barranquilla.org\/nuestro-colegio-se-impuso-en-el-campeonato-de-futbol-de-colegios-ib-en-bogota\/#respond"]}]},{"@type":"WebPage","@id":"https:\/\/ds-barranquilla.org\/nuestro-colegio-se-impuso-en-el-campeonato-de-futbol-de-colegios-ib-en-bogota\/","url":"https:\/\/ds-barranquilla.org\/nuestro-colegio-se-impuso-en-el-campeonato-de-futbol-de-colegios-ib-en-bogota\/","name":"\u00a1Obtuvimos el Primer puesto en el Campeonato de F\u00fatbol de Colegios IB en Bogot\u00e1! - 2026","isPartOf":{"@id":"https:\/\/ds-barranquilla.org\/#website"},"primaryImageOfPage":{"@id":"https:\/\/ds-barranquilla.org\/nuestro-colegio-se-impuso-en-el-campeonato-de-futbol-de-colegios-ib-en-bogota\/#primaryimage"},"image":{"@id":"https:\/\/ds-barranquilla.org\/nuestro-colegio-se-impuso-en-el-campeonato-de-futbol-de-colegios-ib-en-bogota\/#primaryimage"},"thumbnailUrl":"https:\/\/ds-barranquilla.org\/wp-content\/uploads\/2022\/07\/Campeonato-de-Futbol-IB-Web.jpg","datePublished":"2022-04-30T15:31:03+00:00","dateModified":"2022-12-05T16:36:50+00:00","breadcrumb":{"@id":"https:\/\/ds-barranquilla.org\/nuestro-colegio-se-impuso-en-el-campeonato-de-futbol-de-colegios-ib-en-bogota\/#breadcrumb"},"inLanguage":"de","potentialAction":[{"@type":"ReadAction","target":["https:\/\/ds-barranquilla.org\/nuestro-colegio-se-impuso-en-el-campeonato-de-futbol-de-colegios-ib-en-bogota\/"]}]},{"@type":"ImageObject","inLanguage":"de","@id":"https:\/\/ds-barranquilla.org\/nuestro-colegio-se-impuso-en-el-campeonato-de-futbol-de-colegios-ib-en-bogota\/#primaryimage","url":"https:\/\/ds-barranquilla.org\/wp-content\/uploads\/2022\/07\/Campeonato-de-Futbol-IB-Web.jpg","contentUrl":"https:\/\/ds-barranquilla.org\/wp-content\/uploads\/2022\/07\/Campeonato-de-Futbol-IB-Web.jpg","width":1170,"height":500},{"@type":"BreadcrumbList","@id":"https:\/\/ds-barranquilla.org\/nuestro-colegio-se-impuso-en-el-campeonato-de-futbol-de-colegios-ib-en-bogota\/#breadcrumb","itemListElement":[{"@type":"ListItem","position":1,"name":"Portada","item":"https:\/\/ds-barranquilla.org\/"},{"@type":"ListItem","position":2,"name":"\u00a1Obtuvimos el Primer puesto en el Campeonato de F\u00fatbol de Colegios IB en Bogot\u00e1!"}]},{"@type":"WebSite","@id":"https:\/\/ds-barranquilla.org\/#website","url":"https:\/\/ds-barranquilla.org\/","name":"Colegio Alem\u00e1n - Los Mejores Colegios de Colombia - Colegio Triling\u00fce","description":"Colegio Alem\u00e1n  Barranquilla Colombia - Colegio Biling\u00fce - Triling\u00fce - El Mejor Colegio de Colombia","publisher":{"@id":"https:\/\/ds-barranquilla.org\/#organization"},"potentialAction":[{"@type":"SearchAction","target":{"@type":"EntryPoint","urlTemplate":"https:\/\/ds-barranquilla.org\/?s={search_term_string}"},"query-input":"required name=search_term_string"}],"inLanguage":"de"},{"@type":"Organization","@id":"https:\/\/ds-barranquilla.org\/#organization","name":"Colegio Alem\u00e1n Barranquilla","url":"https:\/\/ds-barranquilla.org\/","logo":{"@type":"ImageObject","inLanguage":"de","@id":"https:\/\/ds-barranquilla.org\/#\/schema\/logo\/image\/","url":"https:\/\/ds-barranquilla.org\/wp-content\/uploads\/2021\/05\/coleman_logo_2.png","contentUrl":"https:\/\/ds-barranquilla.org\/wp-content\/uploads\/2021\/05\/coleman_logo_2.png","width":418,"height":307,"caption":"Colegio Alem\u00e1n Barranquilla"},"image":{"@id":"https:\/\/ds-barranquilla.org\/#\/schema\/logo\/image\/"},"sameAs":["https:\/\/www.facebook.com\/ColegioAlemanBaq\/","https:\/\/x.com\/ColegioAlemanBq","https:\/\/www.instagram.com\/colegioalemanbaq\/","https:\/\/www.linkedin.com\/school\/deutsche-schule-barranquilla\/","https:\/\/www.youtube.com\/channel\/UCOOGZQCVs6aYRqIWvSN5agQ"]},{"@type":"Person","@id":"https:\/\/ds-barranquilla.org\/#\/schema\/person\/7bf8790ba89d3480e0551241ccdc8d36","name":"Comunicaciones Comunicaciones","image":{"@type":"ImageObject","inLanguage":"de","@id":"https:\/\/ds-barranquilla.org\/#\/schema\/person\/image\/","url":"https:\/\/secure.gravatar.com\/avatar\/a66ba9484a4338d81d6bea750e595038?s=96&d=mm&r=g","contentUrl":"https:\/\/secure.gravatar.com\/avatar\/a66ba9484a4338d81d6bea750e595038?s=96&d=mm&r=g","caption":"Comunicaciones Comunicaciones"}}]}},"_links":{"self":[{"href":"https:\/\/ds-barranquilla.org\/de\/wp-json\/wp\/v2\/posts\/16604"}],"collection":[{"href":"https:\/\/ds-barranquilla.org\/de\/wp-json\/wp\/v2\/posts"}],"about":[{"href":"https:\/\/ds-barranquilla.org\/de\/wp-json\/wp\/v2\/types\/post"}],"author":[{"embeddable":true,"href":"https:\/\/ds-barranquilla.org\/de\/wp-json\/wp\/v2\/users\/16"}],"replies":[{"embeddable":true,"href":"https:\/\/ds-barranquilla.org\/de\/wp-json\/wp\/v2\/comments?post=16604"}],"version-history":[{"count":3,"href":"https:\/\/ds-barranquilla.org\/de\/wp-json\/wp\/v2\/posts\/16604\/revisions"}],"predecessor-version":[{"id":16676,"href":"https:\/\/ds-barranquilla.org\/de\/wp-json\/wp\/v2\/posts\/16604\/revisions\/16676"}],"wp:featuredmedia":[{"embeddable":true,"href":"https:\/\/ds-barranquilla.org\/de\/wp-json\/wp\/v2\/media\/16605"}],"wp:attachment":[{"href":"https:\/\/ds-barranquilla.org\/de\/wp-json\/wp\/v2\/media?parent=16604"}],"wp:term":[{"taxonomy":"category","embeddable":true,"href":"https:\/\/ds-barranquilla.org\/de\/wp-json\/wp\/v2\/categories?post=16604"},{"taxonomy":"post_tag","embeddable":true,"href":"https:\/\/ds-barranquilla.org\/de\/wp-json\/wp\/v2\/tags?post=16604"}],"curies":[{"name":"wp","href":"https:\/\/api.w.org\/{rel}","templated":true}]}}