{"id":16759,"date":"2022-06-06T09:48:58","date_gmt":"2022-06-06T14:48:58","guid":{"rendered":"https:\/\/ds-barranquilla.org\/?p=16759"},"modified":"2022-11-23T10:57:26","modified_gmt":"2022-11-23T15:57:26","slug":"estudiantes-de-nuestro-colegio-brillaron-en-las-olimpiadas-nacionales-y-regionales-de-matematicas","status":"publish","type":"post","link":"https:\/\/ds-barranquilla.org\/de\/estudiantes-de-nuestro-colegio-brillaron-en-las-olimpiadas-nacionales-y-regionales-de-matematicas\/","title":{"rendered":"Estudiantes de nuestro colegio brillaron en las Olimpiadas\u202fNacionales y Regionales de Matem\u00e1ticas"},"content":{"rendered":"<h1><strong>Estudiantes de nuestro colegio brillaron en las Olimpiadas\u202fNacionales y Regionales de Matem\u00e1ticas<\/strong><\/h1>\n<p><strong>Geschrieben von: Jos\u00e9 R\u00edos Mercado.<\/strong> Luego de tener una sobresaliente participaci\u00f3n en las XV Olimpiadas Regionales de Matem\u00e1ticas, organizadas por la Universidad Antonio Nari\u00f1o de Bogot\u00e1, nuestro estudiante de la Klasse 7D, Gabriel Santiago, ratific\u00f3 su excelente momento en esta disciplina al clasificarse entre los 12 mejores a nivel nacional en la categor\u00eda Primer Nivel, en el marco de las XLI Olimpiadas Colombianas de Matem\u00e1ticas. Este logro le brind\u00f3 la posibilidad de ser invitado a la ceremonia de premiaci\u00f3n y al entrenamiento de alto rendimiento en Matem\u00e1ticas desarrollado en la capital del pa\u00eds.<\/p>\n<p>Las estudiantes Mariana Grijalba, Laura Guti\u00e9rrez y Maya Mu\u00f1oz de la Klasse 10A tambi\u00e9n se destacaron en el evento al participar de forma virtual desde Alemania y clasificar en la categor\u00eda Nivel Intermedio. Cabe destacar, que meses atr\u00e1s con ocasi\u00f3n de las Olimpiadas Regionales, los alumnos Mariana Grijalba (Klasse 10A) y Miguel Gonz\u00e1lez (Klasse 11C) tuvieron una notable participaci\u00f3n en la primera fase.<\/p>","protected":false},"excerpt":{"rendered":"<p>Estudiantes de nuestro colegio brillaron en las Olimpiadas\u202fNacionales y Regionales de Matem\u00e1ticas Creado por: Jos\u00e9 R\u00edos Mercado. Luego de tener una sobresaliente participaci\u00f3n en las XV<span class=\"excerpt-hellip\"> [\u2026]<\/span><\/p>","protected":false},"author":16,"featured_media":16760,"comment_status":"open","ping_status":"open","sticky":false,"template":"","format":"standard","meta":{"_exactmetrics_skip_tracking":false,"_exactmetrics_sitenote_active":false,"_exactmetrics_sitenote_note":"","_exactmetrics_sitenote_category":0,"_joinchat":[],"footnotes":""},"categories":[672,691,710],"tags":[],"class_list":["post-16759","post","type-post","status-publish","format-standard","has-post-thumbnail","hentry","category-672","category-area-de-matematicas-y-fisica","category-secundaria"],"yoast_head":"<!-- This site is optimized with the Yoast SEO plugin v23.3 - https:\/\/yoast.com\/wordpress\/plugins\/seo\/ -->\n<title>Estudiantes de nuestro colegio brillaron en las Olimpiadas\u202fNacionales y Regionales de Matem\u00e1ticas - 2026<\/title>\n<meta name=\"robots\" content=\"noindex, follow, max-snippet:-1, max-image-preview:large, max-video-preview:-1\" \/>\n<meta property=\"og:locale\" content=\"de_DE\" \/>\n<meta property=\"og:type\" content=\"article\" \/>\n<meta property=\"og:title\" content=\"Estudiantes de nuestro colegio brillaron en las Olimpiadas\u202fNacionales y Regionales de Matem\u00e1ticas - 2026\" \/>\n<meta property=\"og:description\" content=\"Estudiantes de nuestro colegio brillaron en las Olimpiadas\u202fNacionales y Regionales de Matem\u00e1ticas Creado por: Jos\u00e9 R\u00edos Mercado. Luego de tener una sobresaliente participaci\u00f3n en las XV [\u2026]\" \/>\n<meta property=\"og:url\" content=\"https:\/\/ds-barranquilla.org\/de\/estudiantes-de-nuestro-colegio-brillaron-en-las-olimpiadas-nacionales-y-regionales-de-matematicas\/\" \/>\n<meta property=\"og:site_name\" content=\"Colegio Alem\u00e1n - Los Mejores Colegios de Colombia - Colegio Triling\u00fce\" \/>\n<meta property=\"article:publisher\" content=\"https:\/\/www.facebook.com\/ColegioAlemanBaq\/\" \/>\n<meta property=\"article:published_time\" content=\"2022-06-06T14:48:58+00:00\" \/>\n<meta property=\"article:modified_time\" content=\"2022-11-23T15:57:26+00:00\" \/>\n<meta property=\"og:image\" content=\"https:\/\/ds-barranquilla.org\/wp-content\/uploads\/2022\/08\/Olimpiadas-de-Matematicas-Web.jpg\" \/>\n\t<meta property=\"og:image:width\" content=\"1170\" \/>\n\t<meta property=\"og:image:height\" content=\"500\" \/>\n\t<meta property=\"og:image:type\" content=\"image\/jpeg\" \/>\n<meta name=\"author\" content=\"Comunicaciones Comunicaciones\" \/>\n<meta name=\"twitter:card\" content=\"summary_large_image\" \/>\n<meta name=\"twitter:creator\" content=\"@ColegioAlemanBq\" \/>\n<meta name=\"twitter:site\" content=\"@ColegioAlemanBq\" \/>\n<meta name=\"twitter:label1\" content=\"Verfasst von\" \/>\n\t<meta name=\"twitter:data1\" content=\"Comunicaciones Comunicaciones\" \/>\n\t<meta name=\"twitter:label2\" content=\"Gesch\u00e4tzte Lesezeit\" \/>\n\t<meta name=\"twitter:data2\" content=\"1\u00a0Minute\" \/>\n<script type=\"application\/ld+json\" class=\"yoast-schema-graph\">{\"@context\":\"https:\/\/schema.org\",\"@graph\":[{\"@type\":\"Article\",\"@id\":\"https:\/\/ds-barranquilla.org\/de\/estudiantes-de-nuestro-colegio-brillaron-en-las-olimpiadas-nacionales-y-regionales-de-matematicas\/#article\",\"isPartOf\":{\"@id\":\"https:\/\/ds-barranquilla.org\/de\/estudiantes-de-nuestro-colegio-brillaron-en-las-olimpiadas-nacionales-y-regionales-de-matematicas\/\"},\"author\":{\"name\":\"Comunicaciones Comunicaciones\",\"@id\":\"https:\/\/ds-barranquilla.org\/#\/schema\/person\/7bf8790ba89d3480e0551241ccdc8d36\"},\"headline\":\"Estudiantes de nuestro colegio brillaron en las Olimpiadas\u202fNacionales y Regionales de Matem\u00e1ticas\",\"datePublished\":\"2022-06-06T14:48:58+00:00\",\"dateModified\":\"2022-11-23T15:57:26+00:00\",\"mainEntityOfPage\":{\"@id\":\"https:\/\/ds-barranquilla.org\/de\/estudiantes-de-nuestro-colegio-brillaron-en-las-olimpiadas-nacionales-y-regionales-de-matematicas\/\"},\"wordCount\":200,\"commentCount\":0,\"publisher\":{\"@id\":\"https:\/\/ds-barranquilla.org\/#organization\"},\"image\":{\"@id\":\"https:\/\/ds-barranquilla.org\/de\/estudiantes-de-nuestro-colegio-brillaron-en-las-olimpiadas-nacionales-y-regionales-de-matematicas\/#primaryimage\"},\"thumbnailUrl\":\"https:\/\/ds-barranquilla.org\/wp-content\/uploads\/2022\/08\/Olimpiadas-de-Matematicas-Web.jpg\",\"articleSection\":[\"2022\",\"\u00c1rea de Matem\u00e1ticas y F\u00edsica\",\"Secundaria\"],\"inLanguage\":\"de\",\"potentialAction\":[{\"@type\":\"CommentAction\",\"name\":\"Comment\",\"target\":[\"https:\/\/ds-barranquilla.org\/de\/estudiantes-de-nuestro-colegio-brillaron-en-las-olimpiadas-nacionales-y-regionales-de-matematicas\/#respond\"]}]},{\"@type\":\"WebPage\",\"@id\":\"https:\/\/ds-barranquilla.org\/de\/estudiantes-de-nuestro-colegio-brillaron-en-las-olimpiadas-nacionales-y-regionales-de-matematicas\/\",\"url\":\"https:\/\/ds-barranquilla.org\/de\/estudiantes-de-nuestro-colegio-brillaron-en-las-olimpiadas-nacionales-y-regionales-de-matematicas\/\",\"name\":\"Estudiantes de nuestro colegio brillaron en las Olimpiadas\u202fNacionales y Regionales de Matem\u00e1ticas - 2026\",\"isPartOf\":{\"@id\":\"https:\/\/ds-barranquilla.org\/#website\"},\"primaryImageOfPage\":{\"@id\":\"https:\/\/ds-barranquilla.org\/de\/estudiantes-de-nuestro-colegio-brillaron-en-las-olimpiadas-nacionales-y-regionales-de-matematicas\/#primaryimage\"},\"image\":{\"@id\":\"https:\/\/ds-barranquilla.org\/de\/estudiantes-de-nuestro-colegio-brillaron-en-las-olimpiadas-nacionales-y-regionales-de-matematicas\/#primaryimage\"},\"thumbnailUrl\":\"https:\/\/ds-barranquilla.org\/wp-content\/uploads\/2022\/08\/Olimpiadas-de-Matematicas-Web.jpg\",\"datePublished\":\"2022-06-06T14:48:58+00:00\",\"dateModified\":\"2022-11-23T15:57:26+00:00\",\"breadcrumb\":{\"@id\":\"https:\/\/ds-barranquilla.org\/de\/estudiantes-de-nuestro-colegio-brillaron-en-las-olimpiadas-nacionales-y-regionales-de-matematicas\/#breadcrumb\"},\"inLanguage\":\"de\",\"potentialAction\":[{\"@type\":\"ReadAction\",\"target\":[\"https:\/\/ds-barranquilla.org\/de\/estudiantes-de-nuestro-colegio-brillaron-en-las-olimpiadas-nacionales-y-regionales-de-matematicas\/\"]}]},{\"@type\":\"ImageObject\",\"inLanguage\":\"de\",\"@id\":\"https:\/\/ds-barranquilla.org\/de\/estudiantes-de-nuestro-colegio-brillaron-en-las-olimpiadas-nacionales-y-regionales-de-matematicas\/#primaryimage\",\"url\":\"https:\/\/ds-barranquilla.org\/wp-content\/uploads\/2022\/08\/Olimpiadas-de-Matematicas-Web.jpg\",\"contentUrl\":\"https:\/\/ds-barranquilla.org\/wp-content\/uploads\/2022\/08\/Olimpiadas-de-Matematicas-Web.jpg\",\"width\":1170,\"height\":500},{\"@type\":\"BreadcrumbList\",\"@id\":\"https:\/\/ds-barranquilla.org\/de\/estudiantes-de-nuestro-colegio-brillaron-en-las-olimpiadas-nacionales-y-regionales-de-matematicas\/#breadcrumb\",\"itemListElement\":[{\"@type\":\"ListItem\",\"position\":1,\"name\":\"Portada\",\"item\":\"https:\/\/ds-barranquilla.org\/\"},{\"@type\":\"ListItem\",\"position\":2,\"name\":\"Estudiantes de nuestro colegio brillaron en las Olimpiadas\u202fNacionales y Regionales de Matem\u00e1ticas\"}]},{\"@type\":\"WebSite\",\"@id\":\"https:\/\/ds-barranquilla.org\/#website\",\"url\":\"https:\/\/ds-barranquilla.org\/\",\"name\":\"Colegio Alem\u00e1n - Los Mejores Colegios de Colombia - Colegio Triling\u00fce\",\"description\":\"Colegio Alem\u00e1n  Barranquilla Colombia - Colegio Biling\u00fce - Triling\u00fce - El Mejor Colegio de Colombia\",\"publisher\":{\"@id\":\"https:\/\/ds-barranquilla.org\/#organization\"},\"potentialAction\":[{\"@type\":\"SearchAction\",\"target\":{\"@type\":\"EntryPoint\",\"urlTemplate\":\"https:\/\/ds-barranquilla.org\/?s={search_term_string}\"},\"query-input\":\"required name=search_term_string\"}],\"inLanguage\":\"de\"},{\"@type\":\"Organization\",\"@id\":\"https:\/\/ds-barranquilla.org\/#organization\",\"name\":\"Colegio Alem\u00e1n Barranquilla\",\"url\":\"https:\/\/ds-barranquilla.org\/\",\"logo\":{\"@type\":\"ImageObject\",\"inLanguage\":\"de\",\"@id\":\"https:\/\/ds-barranquilla.org\/#\/schema\/logo\/image\/\",\"url\":\"https:\/\/ds-barranquilla.org\/wp-content\/uploads\/2021\/05\/coleman_logo_2.png\",\"contentUrl\":\"https:\/\/ds-barranquilla.org\/wp-content\/uploads\/2021\/05\/coleman_logo_2.png\",\"width\":418,\"height\":307,\"caption\":\"Colegio Alem\u00e1n Barranquilla\"},\"image\":{\"@id\":\"https:\/\/ds-barranquilla.org\/#\/schema\/logo\/image\/\"},\"sameAs\":[\"https:\/\/www.facebook.com\/ColegioAlemanBaq\/\",\"https:\/\/x.com\/ColegioAlemanBq\",\"https:\/\/www.instagram.com\/colegioalemanbaq\/\",\"https:\/\/www.linkedin.com\/school\/deutsche-schule-barranquilla\/\",\"https:\/\/www.youtube.com\/channel\/UCOOGZQCVs6aYRqIWvSN5agQ\"]},{\"@type\":\"Person\",\"@id\":\"https:\/\/ds-barranquilla.org\/#\/schema\/person\/7bf8790ba89d3480e0551241ccdc8d36\",\"name\":\"Comunicaciones Comunicaciones\",\"image\":{\"@type\":\"ImageObject\",\"inLanguage\":\"de\",\"@id\":\"https:\/\/ds-barranquilla.org\/#\/schema\/person\/image\/\",\"url\":\"https:\/\/secure.gravatar.com\/avatar\/a66ba9484a4338d81d6bea750e595038?s=96&d=mm&r=g\",\"contentUrl\":\"https:\/\/secure.gravatar.com\/avatar\/a66ba9484a4338d81d6bea750e595038?s=96&d=mm&r=g\",\"caption\":\"Comunicaciones Comunicaciones\"}}]}<\/script>\n<!-- \/ Yoast SEO plugin. -->","yoast_head_json":{"title":"Estudiantes de nuestro colegio brillaron en las Olimpiadas\u202fNacionales y Regionales de Matem\u00e1ticas - 2026","robots":{"index":"noindex","follow":"follow","max-snippet":"max-snippet:-1","max-image-preview":"max-image-preview:large","max-video-preview":"max-video-preview:-1"},"og_locale":"de_DE","og_type":"article","og_title":"Estudiantes de nuestro colegio brillaron en las Olimpiadas\u202fNacionales y Regionales de Matem\u00e1ticas - 2026","og_description":"Estudiantes de nuestro colegio brillaron en las Olimpiadas\u202fNacionales y Regionales de Matem\u00e1ticas Creado por: Jos\u00e9 R\u00edos Mercado. Luego de tener una sobresaliente participaci\u00f3n en las XV [\u2026]","og_url":"https:\/\/ds-barranquilla.org\/de\/estudiantes-de-nuestro-colegio-brillaron-en-las-olimpiadas-nacionales-y-regionales-de-matematicas\/","og_site_name":"Colegio Alem\u00e1n - Los Mejores Colegios de Colombia - Colegio Triling\u00fce","article_publisher":"https:\/\/www.facebook.com\/ColegioAlemanBaq\/","article_published_time":"2022-06-06T14:48:58+00:00","article_modified_time":"2022-11-23T15:57:26+00:00","og_image":[{"width":1170,"height":500,"url":"https:\/\/ds-barranquilla.org\/wp-content\/uploads\/2022\/08\/Olimpiadas-de-Matematicas-Web.jpg","type":"image\/jpeg"}],"author":"Comunicaciones Comunicaciones","twitter_card":"summary_large_image","twitter_creator":"@ColegioAlemanBq","twitter_site":"@ColegioAlemanBq","twitter_misc":{"Verfasst von":"Comunicaciones Comunicaciones","Gesch\u00e4tzte Lesezeit":"1\u00a0Minute"},"schema":{"@context":"https:\/\/schema.org","@graph":[{"@type":"Article","@id":"https:\/\/ds-barranquilla.org\/de\/estudiantes-de-nuestro-colegio-brillaron-en-las-olimpiadas-nacionales-y-regionales-de-matematicas\/#article","isPartOf":{"@id":"https:\/\/ds-barranquilla.org\/de\/estudiantes-de-nuestro-colegio-brillaron-en-las-olimpiadas-nacionales-y-regionales-de-matematicas\/"},"author":{"name":"Comunicaciones Comunicaciones","@id":"https:\/\/ds-barranquilla.org\/#\/schema\/person\/7bf8790ba89d3480e0551241ccdc8d36"},"headline":"Estudiantes de nuestro colegio brillaron en las Olimpiadas\u202fNacionales y Regionales de Matem\u00e1ticas","datePublished":"2022-06-06T14:48:58+00:00","dateModified":"2022-11-23T15:57:26+00:00","mainEntityOfPage":{"@id":"https:\/\/ds-barranquilla.org\/de\/estudiantes-de-nuestro-colegio-brillaron-en-las-olimpiadas-nacionales-y-regionales-de-matematicas\/"},"wordCount":200,"commentCount":0,"publisher":{"@id":"https:\/\/ds-barranquilla.org\/#organization"},"image":{"@id":"https:\/\/ds-barranquilla.org\/de\/estudiantes-de-nuestro-colegio-brillaron-en-las-olimpiadas-nacionales-y-regionales-de-matematicas\/#primaryimage"},"thumbnailUrl":"https:\/\/ds-barranquilla.org\/wp-content\/uploads\/2022\/08\/Olimpiadas-de-Matematicas-Web.jpg","articleSection":["2022","\u00c1rea de Matem\u00e1ticas y F\u00edsica","Secundaria"],"inLanguage":"de","potentialAction":[{"@type":"CommentAction","name":"Comment","target":["https:\/\/ds-barranquilla.org\/de\/estudiantes-de-nuestro-colegio-brillaron-en-las-olimpiadas-nacionales-y-regionales-de-matematicas\/#respond"]}]},{"@type":"WebPage","@id":"https:\/\/ds-barranquilla.org\/de\/estudiantes-de-nuestro-colegio-brillaron-en-las-olimpiadas-nacionales-y-regionales-de-matematicas\/","url":"https:\/\/ds-barranquilla.org\/de\/estudiantes-de-nuestro-colegio-brillaron-en-las-olimpiadas-nacionales-y-regionales-de-matematicas\/","name":"Estudiantes de nuestro colegio brillaron en las Olimpiadas\u202fNacionales y Regionales de Matem\u00e1ticas - 2026","isPartOf":{"@id":"https:\/\/ds-barranquilla.org\/#website"},"primaryImageOfPage":{"@id":"https:\/\/ds-barranquilla.org\/de\/estudiantes-de-nuestro-colegio-brillaron-en-las-olimpiadas-nacionales-y-regionales-de-matematicas\/#primaryimage"},"image":{"@id":"https:\/\/ds-barranquilla.org\/de\/estudiantes-de-nuestro-colegio-brillaron-en-las-olimpiadas-nacionales-y-regionales-de-matematicas\/#primaryimage"},"thumbnailUrl":"https:\/\/ds-barranquilla.org\/wp-content\/uploads\/2022\/08\/Olimpiadas-de-Matematicas-Web.jpg","datePublished":"2022-06-06T14:48:58+00:00","dateModified":"2022-11-23T15:57:26+00:00","breadcrumb":{"@id":"https:\/\/ds-barranquilla.org\/de\/estudiantes-de-nuestro-colegio-brillaron-en-las-olimpiadas-nacionales-y-regionales-de-matematicas\/#breadcrumb"},"inLanguage":"de","potentialAction":[{"@type":"ReadAction","target":["https:\/\/ds-barranquilla.org\/de\/estudiantes-de-nuestro-colegio-brillaron-en-las-olimpiadas-nacionales-y-regionales-de-matematicas\/"]}]},{"@type":"ImageObject","inLanguage":"de","@id":"https:\/\/ds-barranquilla.org\/de\/estudiantes-de-nuestro-colegio-brillaron-en-las-olimpiadas-nacionales-y-regionales-de-matematicas\/#primaryimage","url":"https:\/\/ds-barranquilla.org\/wp-content\/uploads\/2022\/08\/Olimpiadas-de-Matematicas-Web.jpg","contentUrl":"https:\/\/ds-barranquilla.org\/wp-content\/uploads\/2022\/08\/Olimpiadas-de-Matematicas-Web.jpg","width":1170,"height":500},{"@type":"BreadcrumbList","@id":"https:\/\/ds-barranquilla.org\/de\/estudiantes-de-nuestro-colegio-brillaron-en-las-olimpiadas-nacionales-y-regionales-de-matematicas\/#breadcrumb","itemListElement":[{"@type":"ListItem","position":1,"name":"Portada","item":"https:\/\/ds-barranquilla.org\/"},{"@type":"ListItem","position":2,"name":"Estudiantes de nuestro colegio brillaron en las Olimpiadas\u202fNacionales y Regionales de Matem\u00e1ticas"}]},{"@type":"WebSite","@id":"https:\/\/ds-barranquilla.org\/#website","url":"https:\/\/ds-barranquilla.org\/","name":"Colegio Alem\u00e1n - Los Mejores Colegios de Colombia - Colegio Triling\u00fce","description":"Colegio Alem\u00e1n  Barranquilla Colombia - Colegio Biling\u00fce - Triling\u00fce - El Mejor Colegio de Colombia","publisher":{"@id":"https:\/\/ds-barranquilla.org\/#organization"},"potentialAction":[{"@type":"SearchAction","target":{"@type":"EntryPoint","urlTemplate":"https:\/\/ds-barranquilla.org\/?s={search_term_string}"},"query-input":"required name=search_term_string"}],"inLanguage":"de"},{"@type":"Organization","@id":"https:\/\/ds-barranquilla.org\/#organization","name":"Colegio Alem\u00e1n Barranquilla","url":"https:\/\/ds-barranquilla.org\/","logo":{"@type":"ImageObject","inLanguage":"de","@id":"https:\/\/ds-barranquilla.org\/#\/schema\/logo\/image\/","url":"https:\/\/ds-barranquilla.org\/wp-content\/uploads\/2021\/05\/coleman_logo_2.png","contentUrl":"https:\/\/ds-barranquilla.org\/wp-content\/uploads\/2021\/05\/coleman_logo_2.png","width":418,"height":307,"caption":"Colegio Alem\u00e1n Barranquilla"},"image":{"@id":"https:\/\/ds-barranquilla.org\/#\/schema\/logo\/image\/"},"sameAs":["https:\/\/www.facebook.com\/ColegioAlemanBaq\/","https:\/\/x.com\/ColegioAlemanBq","https:\/\/www.instagram.com\/colegioalemanbaq\/","https:\/\/www.linkedin.com\/school\/deutsche-schule-barranquilla\/","https:\/\/www.youtube.com\/channel\/UCOOGZQCVs6aYRqIWvSN5agQ"]},{"@type":"Person","@id":"https:\/\/ds-barranquilla.org\/#\/schema\/person\/7bf8790ba89d3480e0551241ccdc8d36","name":"Comunicaciones Comunicaciones","image":{"@type":"ImageObject","inLanguage":"de","@id":"https:\/\/ds-barranquilla.org\/#\/schema\/person\/image\/","url":"https:\/\/secure.gravatar.com\/avatar\/a66ba9484a4338d81d6bea750e595038?s=96&d=mm&r=g","contentUrl":"https:\/\/secure.gravatar.com\/avatar\/a66ba9484a4338d81d6bea750e595038?s=96&d=mm&r=g","caption":"Comunicaciones Comunicaciones"}}]}},"_links":{"self":[{"href":"https:\/\/ds-barranquilla.org\/de\/wp-json\/wp\/v2\/posts\/16759"}],"collection":[{"href":"https:\/\/ds-barranquilla.org\/de\/wp-json\/wp\/v2\/posts"}],"about":[{"href":"https:\/\/ds-barranquilla.org\/de\/wp-json\/wp\/v2\/types\/post"}],"author":[{"embeddable":true,"href":"https:\/\/ds-barranquilla.org\/de\/wp-json\/wp\/v2\/users\/16"}],"replies":[{"embeddable":true,"href":"https:\/\/ds-barranquilla.org\/de\/wp-json\/wp\/v2\/comments?post=16759"}],"version-history":[{"count":1,"href":"https:\/\/ds-barranquilla.org\/de\/wp-json\/wp\/v2\/posts\/16759\/revisions"}],"predecessor-version":[{"id":16761,"href":"https:\/\/ds-barranquilla.org\/de\/wp-json\/wp\/v2\/posts\/16759\/revisions\/16761"}],"wp:featuredmedia":[{"embeddable":true,"href":"https:\/\/ds-barranquilla.org\/de\/wp-json\/wp\/v2\/media\/16760"}],"wp:attachment":[{"href":"https:\/\/ds-barranquilla.org\/de\/wp-json\/wp\/v2\/media?parent=16759"}],"wp:term":[{"taxonomy":"category","embeddable":true,"href":"https:\/\/ds-barranquilla.org\/de\/wp-json\/wp\/v2\/categories?post=16759"},{"taxonomy":"post_tag","embeddable":true,"href":"https:\/\/ds-barranquilla.org\/de\/wp-json\/wp\/v2\/tags?post=16759"}],"curies":[{"name":"wp","href":"https:\/\/api.w.org\/{rel}","templated":true}]}}