{"id":16815,"date":"2022-06-22T13:58:45","date_gmt":"2022-06-22T18:58:45","guid":{"rendered":"https:\/\/ds-barranquilla.org\/?p=16815"},"modified":"2022-11-22T15:08:46","modified_gmt":"2022-11-22T20:08:46","slug":"nuestro-colegio-gano-uno-de-los-premios-del-concurso-internacional-alle-fur-eine-welt-fur-alle","status":"publish","type":"post","link":"https:\/\/ds-barranquilla.org\/de\/nuestro-colegio-gano-uno-de-los-premios-del-concurso-internacional-alle-fur-eine-welt-fur-alle\/","title":{"rendered":"Nuestro colegio gan\u00f3 uno de los premios del concurso internacional \u2018Alle f\u00fcr Eine Welt f\u00fcr alle\u2019"},"content":{"rendered":"<h1><strong>Nuestro colegio gan\u00f3 uno de los premios del concurso internacional \u2018Alle f\u00fcr Eine Welt f\u00fcr alle\u2019<\/strong><\/h1>\n<p><strong>Geschrieben von: Jos\u00e9 R\u00edos Mercado.<\/strong> A trav\u00e9s del proyecto \u2018Nur in Meer\u2019 \u2013 \u2018Un solo mar\u2019, desarrollado por el equipo del Atelier y los ni\u00f1os del Kindergarten, nuestro colegio logr\u00f3 el segundo lugar en el concurso internacional \u2018Alle f\u00fcr Eine Welt f\u00fcr alle\u2019 organizado por el Ministerio Federal de Cooperaci\u00f3n Econ\u00f3mica y Desarrollo de Alemania y la organizaci\u00f3n Engagement Global. La Ministra Svenja Schulze le entreg\u00f3 el reconocimiento al docente Luis Fernando L\u00f3pez y al funcionario Maximilian Hutter, quienes en representaci\u00f3n de la instituci\u00f3n asistieron a la ceremonia de premiaci\u00f3n llevada a cabo en Berl\u00edn.<\/p>\n<p>El proyecto, liderado por el Coordinador de Investigaciones, Luis Fernando L\u00f3pez, e implementado por los docentes Junell Ara\u00fajo y Christian Puschke, plantea en las clases de Atelier del colegio acciones para alcanzar el Objetivo de Desarrollo Sostenible n\u00famero 14 (Vida submarina). La iniciativa cont\u00f3 con el apoyo de la Directora del Kindergarten, Nitza Guzm\u00e1n.<\/p>\n<p>El logro tiene una enorme relevancia para nuestra instituci\u00f3n, puesto que es la primera vez que participa en este concurso internacional, convirti\u00e9ndose en el primer colegio del extranjero en obtener este importante reconocimiento. Para esta edici\u00f3n, m\u00e1s de 400 colegios tomaron parte de la convocatoria.<\/p>\n<p><a href=\"https:\/\/ds-barranquilla.org\/wp-content\/uploads\/2022\/08\/IMG_1846-scaled.jpg\"><img fetchpriority=\"high\" decoding=\"async\" class=\"alignnone size-medium wp-image-16835\" src=\"https:\/\/ds-barranquilla.org\/wp-content\/uploads\/2022\/08\/IMG_1846-300x200.jpg\" alt=\"\" width=\"300\" height=\"200\" srcset=\"https:\/\/ds-barranquilla.org\/wp-content\/uploads\/2022\/08\/IMG_1846-300x200.jpg 300w, https:\/\/ds-barranquilla.org\/wp-content\/uploads\/2022\/08\/IMG_1846-1024x683.jpg 1024w, https:\/\/ds-barranquilla.org\/wp-content\/uploads\/2022\/08\/IMG_1846-768x512.jpg 768w, https:\/\/ds-barranquilla.org\/wp-content\/uploads\/2022\/08\/IMG_1846-391x260.jpg 391w, https:\/\/ds-barranquilla.org\/wp-content\/uploads\/2022\/08\/IMG_1846-1536x1024.jpg 1536w, https:\/\/ds-barranquilla.org\/wp-content\/uploads\/2022\/08\/IMG_1846-2048x1365.jpg 2048w, https:\/\/ds-barranquilla.org\/wp-content\/uploads\/2022\/08\/IMG_1846-18x12.jpg 18w, https:\/\/ds-barranquilla.org\/wp-content\/uploads\/2022\/08\/IMG_1846-219x146.jpg 219w, https:\/\/ds-barranquilla.org\/wp-content\/uploads\/2022\/08\/IMG_1846-50x33.jpg 50w, https:\/\/ds-barranquilla.org\/wp-content\/uploads\/2022\/08\/IMG_1846-113x75.jpg 113w, https:\/\/ds-barranquilla.org\/wp-content\/uploads\/2022\/08\/IMG_1846-800x533.jpg 800w\" sizes=\"(max-width:767px) 300px, 300px\" \/><\/a><a href=\"https:\/\/ds-barranquilla.org\/wp-content\/uploads\/2022\/08\/1.jpg\"><img decoding=\"async\" class=\"alignnone size-medium wp-image-16836\" src=\"https:\/\/ds-barranquilla.org\/wp-content\/uploads\/2022\/08\/1-300x194.jpg\" alt=\"\" width=\"300\" height=\"194\" srcset=\"https:\/\/ds-barranquilla.org\/wp-content\/uploads\/2022\/08\/1-300x194.jpg 300w, https:\/\/ds-barranquilla.org\/wp-content\/uploads\/2022\/08\/1-1024x663.jpg 1024w, https:\/\/ds-barranquilla.org\/wp-content\/uploads\/2022\/08\/1-768x497.jpg 768w, https:\/\/ds-barranquilla.org\/wp-content\/uploads\/2022\/08\/1-1536x994.jpg 1536w, https:\/\/ds-barranquilla.org\/wp-content\/uploads\/2022\/08\/1-18x12.jpg 18w, https:\/\/ds-barranquilla.org\/wp-content\/uploads\/2022\/08\/1-226x146.jpg 226w, https:\/\/ds-barranquilla.org\/wp-content\/uploads\/2022\/08\/1-50x32.jpg 50w, https:\/\/ds-barranquilla.org\/wp-content\/uploads\/2022\/08\/1-116x75.jpg 116w, https:\/\/ds-barranquilla.org\/wp-content\/uploads\/2022\/08\/1-800x518.jpg 800w, https:\/\/ds-barranquilla.org\/wp-content\/uploads\/2022\/08\/1.jpg 1571w\" sizes=\"(max-width:767px) 300px, 300px\" \/><\/a><a href=\"https:\/\/ds-barranquilla.org\/wp-content\/uploads\/2022\/08\/IMG_1855-scaled.jpg\"><img decoding=\"async\" class=\"alignnone size-medium wp-image-16837\" src=\"https:\/\/ds-barranquilla.org\/wp-content\/uploads\/2022\/08\/IMG_1855-300x200.jpg\" alt=\"\" width=\"300\" height=\"200\" srcset=\"https:\/\/ds-barranquilla.org\/wp-content\/uploads\/2022\/08\/IMG_1855-300x200.jpg 300w, https:\/\/ds-barranquilla.org\/wp-content\/uploads\/2022\/08\/IMG_1855-1024x683.jpg 1024w, https:\/\/ds-barranquilla.org\/wp-content\/uploads\/2022\/08\/IMG_1855-768x512.jpg 768w, https:\/\/ds-barranquilla.org\/wp-content\/uploads\/2022\/08\/IMG_1855-391x260.jpg 391w, https:\/\/ds-barranquilla.org\/wp-content\/uploads\/2022\/08\/IMG_1855-1536x1024.jpg 1536w, https:\/\/ds-barranquilla.org\/wp-content\/uploads\/2022\/08\/IMG_1855-2048x1365.jpg 2048w, https:\/\/ds-barranquilla.org\/wp-content\/uploads\/2022\/08\/IMG_1855-18x12.jpg 18w, https:\/\/ds-barranquilla.org\/wp-content\/uploads\/2022\/08\/IMG_1855-219x146.jpg 219w, https:\/\/ds-barranquilla.org\/wp-content\/uploads\/2022\/08\/IMG_1855-50x33.jpg 50w, https:\/\/ds-barranquilla.org\/wp-content\/uploads\/2022\/08\/IMG_1855-113x75.jpg 113w, https:\/\/ds-barranquilla.org\/wp-content\/uploads\/2022\/08\/IMG_1855-800x533.jpg 800w\" sizes=\"(max-width:767px) 300px, 300px\" \/><\/a><a href=\"https:\/\/ds-barranquilla.org\/wp-content\/uploads\/2022\/08\/IMG_1860-scaled.jpg\"><img loading=\"lazy\" decoding=\"async\" class=\"alignnone size-medium wp-image-16839\" src=\"https:\/\/ds-barranquilla.org\/wp-content\/uploads\/2022\/08\/IMG_1860-300x200.jpg\" alt=\"\" width=\"300\" height=\"200\" srcset=\"https:\/\/ds-barranquilla.org\/wp-content\/uploads\/2022\/08\/IMG_1860-300x200.jpg 300w, https:\/\/ds-barranquilla.org\/wp-content\/uploads\/2022\/08\/IMG_1860-1024x683.jpg 1024w, https:\/\/ds-barranquilla.org\/wp-content\/uploads\/2022\/08\/IMG_1860-768x512.jpg 768w, https:\/\/ds-barranquilla.org\/wp-content\/uploads\/2022\/08\/IMG_1860-391x260.jpg 391w, https:\/\/ds-barranquilla.org\/wp-content\/uploads\/2022\/08\/IMG_1860-1536x1024.jpg 1536w, https:\/\/ds-barranquilla.org\/wp-content\/uploads\/2022\/08\/IMG_1860-2048x1365.jpg 2048w, https:\/\/ds-barranquilla.org\/wp-content\/uploads\/2022\/08\/IMG_1860-18x12.jpg 18w, https:\/\/ds-barranquilla.org\/wp-content\/uploads\/2022\/08\/IMG_1860-219x146.jpg 219w, https:\/\/ds-barranquilla.org\/wp-content\/uploads\/2022\/08\/IMG_1860-50x33.jpg 50w, https:\/\/ds-barranquilla.org\/wp-content\/uploads\/2022\/08\/IMG_1860-113x75.jpg 113w, https:\/\/ds-barranquilla.org\/wp-content\/uploads\/2022\/08\/IMG_1860-800x533.jpg 800w\" sizes=\"(max-width:767px) 300px, 300px\" \/><\/a><\/p>","protected":false},"excerpt":{"rendered":"<p>Nuestro colegio gan\u00f3 uno de los premios del concurso internacional \u2018Alle f\u00fcr Eine Welt f\u00fcr alle\u2019 Creado por: Jos\u00e9 R\u00edos Mercado. A trav\u00e9s del proyecto \u2018Nur<span class=\"excerpt-hellip\"> [\u2026]<\/span><\/p>","protected":false},"author":16,"featured_media":16834,"comment_status":"open","ping_status":"open","sticky":false,"template":"","format":"standard","meta":{"_exactmetrics_skip_tracking":false,"_exactmetrics_sitenote_active":false,"_exactmetrics_sitenote_note":"","_exactmetrics_sitenote_category":0,"_joinchat":[],"footnotes":""},"categories":[672,677,674,709],"tags":[],"class_list":["post-16815","post","type-post","status-publish","format-standard","has-post-thumbnail","hentry","category-672","category-kindergarten","category-lengua-y-cultura-alemana","category-rectoria"],"yoast_head":"<!-- This site is optimized with the Yoast SEO plugin v23.3 - https:\/\/yoast.com\/wordpress\/plugins\/seo\/ -->\n<title>Nuestro colegio gan\u00f3 uno de los premios del concurso internacional \u2018Alle f\u00fcr Eine Welt f\u00fcr alle\u2019 - 2026<\/title>\n<meta name=\"robots\" content=\"noindex, follow, max-snippet:-1, max-image-preview:large, max-video-preview:-1\" \/>\n<meta property=\"og:locale\" content=\"de_DE\" \/>\n<meta property=\"og:type\" content=\"article\" \/>\n<meta property=\"og:title\" content=\"Nuestro colegio gan\u00f3 uno de los premios del concurso internacional \u2018Alle f\u00fcr Eine Welt f\u00fcr alle\u2019 - 2026\" \/>\n<meta property=\"og:description\" content=\"Nuestro colegio gan\u00f3 uno de los premios del concurso internacional \u2018Alle f\u00fcr Eine Welt f\u00fcr alle\u2019 Creado por: Jos\u00e9 R\u00edos Mercado. A trav\u00e9s del proyecto \u2018Nur [\u2026]\" \/>\n<meta property=\"og:url\" content=\"https:\/\/ds-barranquilla.org\/de\/nuestro-colegio-gano-uno-de-los-premios-del-concurso-internacional-alle-fur-eine-welt-fur-alle\/\" \/>\n<meta property=\"og:site_name\" content=\"Colegio Alem\u00e1n - Los Mejores Colegios de Colombia - Colegio Triling\u00fce\" \/>\n<meta property=\"article:publisher\" content=\"https:\/\/www.facebook.com\/ColegioAlemanBaq\/\" \/>\n<meta property=\"article:published_time\" content=\"2022-06-22T18:58:45+00:00\" \/>\n<meta property=\"article:modified_time\" content=\"2022-11-22T20:08:46+00:00\" \/>\n<meta property=\"og:image\" content=\"https:\/\/ds-barranquilla.org\/wp-content\/uploads\/2022\/08\/Atelier-Web.jpg\" \/>\n\t<meta property=\"og:image:width\" content=\"1170\" \/>\n\t<meta property=\"og:image:height\" content=\"500\" \/>\n\t<meta property=\"og:image:type\" content=\"image\/jpeg\" \/>\n<meta name=\"author\" content=\"Comunicaciones Comunicaciones\" \/>\n<meta name=\"twitter:card\" content=\"summary_large_image\" \/>\n<meta name=\"twitter:creator\" content=\"@ColegioAlemanBq\" \/>\n<meta name=\"twitter:site\" content=\"@ColegioAlemanBq\" \/>\n<meta name=\"twitter:label1\" content=\"Verfasst von\" \/>\n\t<meta name=\"twitter:data1\" content=\"Comunicaciones Comunicaciones\" \/>\n\t<meta name=\"twitter:label2\" content=\"Gesch\u00e4tzte Lesezeit\" \/>\n\t<meta name=\"twitter:data2\" content=\"1\u00a0Minute\" \/>\n<script type=\"application\/ld+json\" class=\"yoast-schema-graph\">{\"@context\":\"https:\/\/schema.org\",\"@graph\":[{\"@type\":\"Article\",\"@id\":\"https:\/\/ds-barranquilla.org\/nuestro-colegio-gano-uno-de-los-premios-del-concurso-internacional-alle-fur-eine-welt-fur-alle\/#article\",\"isPartOf\":{\"@id\":\"https:\/\/ds-barranquilla.org\/nuestro-colegio-gano-uno-de-los-premios-del-concurso-internacional-alle-fur-eine-welt-fur-alle\/\"},\"author\":{\"name\":\"Comunicaciones Comunicaciones\",\"@id\":\"https:\/\/ds-barranquilla.org\/#\/schema\/person\/7bf8790ba89d3480e0551241ccdc8d36\"},\"headline\":\"Nuestro colegio gan\u00f3 uno de los premios del concurso internacional \u2018Alle f\u00fcr Eine Welt f\u00fcr alle\u2019\",\"datePublished\":\"2022-06-22T18:58:45+00:00\",\"dateModified\":\"2022-11-22T20:08:46+00:00\",\"mainEntityOfPage\":{\"@id\":\"https:\/\/ds-barranquilla.org\/nuestro-colegio-gano-uno-de-los-premios-del-concurso-internacional-alle-fur-eine-welt-fur-alle\/\"},\"wordCount\":248,\"commentCount\":0,\"publisher\":{\"@id\":\"https:\/\/ds-barranquilla.org\/#organization\"},\"image\":{\"@id\":\"https:\/\/ds-barranquilla.org\/nuestro-colegio-gano-uno-de-los-premios-del-concurso-internacional-alle-fur-eine-welt-fur-alle\/#primaryimage\"},\"thumbnailUrl\":\"https:\/\/ds-barranquilla.org\/wp-content\/uploads\/2022\/08\/Atelier-Web.jpg\",\"articleSection\":[\"2022\",\"Kindergarten\",\"Lengua y Cultura Alemana\",\"Rector\u00eda\"],\"inLanguage\":\"de\",\"potentialAction\":[{\"@type\":\"CommentAction\",\"name\":\"Comment\",\"target\":[\"https:\/\/ds-barranquilla.org\/nuestro-colegio-gano-uno-de-los-premios-del-concurso-internacional-alle-fur-eine-welt-fur-alle\/#respond\"]}]},{\"@type\":\"WebPage\",\"@id\":\"https:\/\/ds-barranquilla.org\/nuestro-colegio-gano-uno-de-los-premios-del-concurso-internacional-alle-fur-eine-welt-fur-alle\/\",\"url\":\"https:\/\/ds-barranquilla.org\/nuestro-colegio-gano-uno-de-los-premios-del-concurso-internacional-alle-fur-eine-welt-fur-alle\/\",\"name\":\"Nuestro colegio gan\u00f3 uno de los premios del concurso internacional \u2018Alle f\u00fcr Eine Welt f\u00fcr alle\u2019 - 2026\",\"isPartOf\":{\"@id\":\"https:\/\/ds-barranquilla.org\/#website\"},\"primaryImageOfPage\":{\"@id\":\"https:\/\/ds-barranquilla.org\/nuestro-colegio-gano-uno-de-los-premios-del-concurso-internacional-alle-fur-eine-welt-fur-alle\/#primaryimage\"},\"image\":{\"@id\":\"https:\/\/ds-barranquilla.org\/nuestro-colegio-gano-uno-de-los-premios-del-concurso-internacional-alle-fur-eine-welt-fur-alle\/#primaryimage\"},\"thumbnailUrl\":\"https:\/\/ds-barranquilla.org\/wp-content\/uploads\/2022\/08\/Atelier-Web.jpg\",\"datePublished\":\"2022-06-22T18:58:45+00:00\",\"dateModified\":\"2022-11-22T20:08:46+00:00\",\"breadcrumb\":{\"@id\":\"https:\/\/ds-barranquilla.org\/nuestro-colegio-gano-uno-de-los-premios-del-concurso-internacional-alle-fur-eine-welt-fur-alle\/#breadcrumb\"},\"inLanguage\":\"de\",\"potentialAction\":[{\"@type\":\"ReadAction\",\"target\":[\"https:\/\/ds-barranquilla.org\/nuestro-colegio-gano-uno-de-los-premios-del-concurso-internacional-alle-fur-eine-welt-fur-alle\/\"]}]},{\"@type\":\"ImageObject\",\"inLanguage\":\"de\",\"@id\":\"https:\/\/ds-barranquilla.org\/nuestro-colegio-gano-uno-de-los-premios-del-concurso-internacional-alle-fur-eine-welt-fur-alle\/#primaryimage\",\"url\":\"https:\/\/ds-barranquilla.org\/wp-content\/uploads\/2022\/08\/Atelier-Web.jpg\",\"contentUrl\":\"https:\/\/ds-barranquilla.org\/wp-content\/uploads\/2022\/08\/Atelier-Web.jpg\",\"width\":1170,\"height\":500},{\"@type\":\"BreadcrumbList\",\"@id\":\"https:\/\/ds-barranquilla.org\/nuestro-colegio-gano-uno-de-los-premios-del-concurso-internacional-alle-fur-eine-welt-fur-alle\/#breadcrumb\",\"itemListElement\":[{\"@type\":\"ListItem\",\"position\":1,\"name\":\"Portada\",\"item\":\"https:\/\/ds-barranquilla.org\/\"},{\"@type\":\"ListItem\",\"position\":2,\"name\":\"Nuestro colegio gan\u00f3 uno de los premios del concurso internacional \u2018Alle f\u00fcr Eine Welt f\u00fcr alle\u2019\"}]},{\"@type\":\"WebSite\",\"@id\":\"https:\/\/ds-barranquilla.org\/#website\",\"url\":\"https:\/\/ds-barranquilla.org\/\",\"name\":\"Colegio Alem\u00e1n - Los Mejores Colegios de Colombia - Colegio Triling\u00fce\",\"description\":\"Colegio Alem\u00e1n  Barranquilla Colombia - Colegio Biling\u00fce - Triling\u00fce - El Mejor Colegio de Colombia\",\"publisher\":{\"@id\":\"https:\/\/ds-barranquilla.org\/#organization\"},\"potentialAction\":[{\"@type\":\"SearchAction\",\"target\":{\"@type\":\"EntryPoint\",\"urlTemplate\":\"https:\/\/ds-barranquilla.org\/?s={search_term_string}\"},\"query-input\":\"required name=search_term_string\"}],\"inLanguage\":\"de\"},{\"@type\":\"Organization\",\"@id\":\"https:\/\/ds-barranquilla.org\/#organization\",\"name\":\"Colegio Alem\u00e1n Barranquilla\",\"url\":\"https:\/\/ds-barranquilla.org\/\",\"logo\":{\"@type\":\"ImageObject\",\"inLanguage\":\"de\",\"@id\":\"https:\/\/ds-barranquilla.org\/#\/schema\/logo\/image\/\",\"url\":\"https:\/\/ds-barranquilla.org\/wp-content\/uploads\/2021\/05\/coleman_logo_2.png\",\"contentUrl\":\"https:\/\/ds-barranquilla.org\/wp-content\/uploads\/2021\/05\/coleman_logo_2.png\",\"width\":418,\"height\":307,\"caption\":\"Colegio Alem\u00e1n Barranquilla\"},\"image\":{\"@id\":\"https:\/\/ds-barranquilla.org\/#\/schema\/logo\/image\/\"},\"sameAs\":[\"https:\/\/www.facebook.com\/ColegioAlemanBaq\/\",\"https:\/\/x.com\/ColegioAlemanBq\",\"https:\/\/www.instagram.com\/colegioalemanbaq\/\",\"https:\/\/www.linkedin.com\/school\/deutsche-schule-barranquilla\/\",\"https:\/\/www.youtube.com\/channel\/UCOOGZQCVs6aYRqIWvSN5agQ\"]},{\"@type\":\"Person\",\"@id\":\"https:\/\/ds-barranquilla.org\/#\/schema\/person\/7bf8790ba89d3480e0551241ccdc8d36\",\"name\":\"Comunicaciones Comunicaciones\",\"image\":{\"@type\":\"ImageObject\",\"inLanguage\":\"de\",\"@id\":\"https:\/\/ds-barranquilla.org\/#\/schema\/person\/image\/\",\"url\":\"https:\/\/secure.gravatar.com\/avatar\/a66ba9484a4338d81d6bea750e595038?s=96&d=mm&r=g\",\"contentUrl\":\"https:\/\/secure.gravatar.com\/avatar\/a66ba9484a4338d81d6bea750e595038?s=96&d=mm&r=g\",\"caption\":\"Comunicaciones Comunicaciones\"}}]}<\/script>\n<!-- \/ Yoast SEO plugin. -->","yoast_head_json":{"title":"Nuestro colegio gan\u00f3 uno de los premios del concurso internacional \u2018Alle f\u00fcr Eine Welt f\u00fcr alle\u2019 - 2026","robots":{"index":"noindex","follow":"follow","max-snippet":"max-snippet:-1","max-image-preview":"max-image-preview:large","max-video-preview":"max-video-preview:-1"},"og_locale":"de_DE","og_type":"article","og_title":"Nuestro colegio gan\u00f3 uno de los premios del concurso internacional \u2018Alle f\u00fcr Eine Welt f\u00fcr alle\u2019 - 2026","og_description":"Nuestro colegio gan\u00f3 uno de los premios del concurso internacional \u2018Alle f\u00fcr Eine Welt f\u00fcr alle\u2019 Creado por: Jos\u00e9 R\u00edos Mercado. A trav\u00e9s del proyecto \u2018Nur [\u2026]","og_url":"https:\/\/ds-barranquilla.org\/de\/nuestro-colegio-gano-uno-de-los-premios-del-concurso-internacional-alle-fur-eine-welt-fur-alle\/","og_site_name":"Colegio Alem\u00e1n - Los Mejores Colegios de Colombia - Colegio Triling\u00fce","article_publisher":"https:\/\/www.facebook.com\/ColegioAlemanBaq\/","article_published_time":"2022-06-22T18:58:45+00:00","article_modified_time":"2022-11-22T20:08:46+00:00","og_image":[{"width":1170,"height":500,"url":"https:\/\/ds-barranquilla.org\/wp-content\/uploads\/2022\/08\/Atelier-Web.jpg","type":"image\/jpeg"}],"author":"Comunicaciones Comunicaciones","twitter_card":"summary_large_image","twitter_creator":"@ColegioAlemanBq","twitter_site":"@ColegioAlemanBq","twitter_misc":{"Verfasst von":"Comunicaciones Comunicaciones","Gesch\u00e4tzte Lesezeit":"1\u00a0Minute"},"schema":{"@context":"https:\/\/schema.org","@graph":[{"@type":"Article","@id":"https:\/\/ds-barranquilla.org\/nuestro-colegio-gano-uno-de-los-premios-del-concurso-internacional-alle-fur-eine-welt-fur-alle\/#article","isPartOf":{"@id":"https:\/\/ds-barranquilla.org\/nuestro-colegio-gano-uno-de-los-premios-del-concurso-internacional-alle-fur-eine-welt-fur-alle\/"},"author":{"name":"Comunicaciones Comunicaciones","@id":"https:\/\/ds-barranquilla.org\/#\/schema\/person\/7bf8790ba89d3480e0551241ccdc8d36"},"headline":"Nuestro colegio gan\u00f3 uno de los premios del concurso internacional \u2018Alle f\u00fcr Eine Welt f\u00fcr alle\u2019","datePublished":"2022-06-22T18:58:45+00:00","dateModified":"2022-11-22T20:08:46+00:00","mainEntityOfPage":{"@id":"https:\/\/ds-barranquilla.org\/nuestro-colegio-gano-uno-de-los-premios-del-concurso-internacional-alle-fur-eine-welt-fur-alle\/"},"wordCount":248,"commentCount":0,"publisher":{"@id":"https:\/\/ds-barranquilla.org\/#organization"},"image":{"@id":"https:\/\/ds-barranquilla.org\/nuestro-colegio-gano-uno-de-los-premios-del-concurso-internacional-alle-fur-eine-welt-fur-alle\/#primaryimage"},"thumbnailUrl":"https:\/\/ds-barranquilla.org\/wp-content\/uploads\/2022\/08\/Atelier-Web.jpg","articleSection":["2022","Kindergarten","Lengua y Cultura Alemana","Rector\u00eda"],"inLanguage":"de","potentialAction":[{"@type":"CommentAction","name":"Comment","target":["https:\/\/ds-barranquilla.org\/nuestro-colegio-gano-uno-de-los-premios-del-concurso-internacional-alle-fur-eine-welt-fur-alle\/#respond"]}]},{"@type":"WebPage","@id":"https:\/\/ds-barranquilla.org\/nuestro-colegio-gano-uno-de-los-premios-del-concurso-internacional-alle-fur-eine-welt-fur-alle\/","url":"https:\/\/ds-barranquilla.org\/nuestro-colegio-gano-uno-de-los-premios-del-concurso-internacional-alle-fur-eine-welt-fur-alle\/","name":"Nuestro colegio gan\u00f3 uno de los premios del concurso internacional \u2018Alle f\u00fcr Eine Welt f\u00fcr alle\u2019 - 2026","isPartOf":{"@id":"https:\/\/ds-barranquilla.org\/#website"},"primaryImageOfPage":{"@id":"https:\/\/ds-barranquilla.org\/nuestro-colegio-gano-uno-de-los-premios-del-concurso-internacional-alle-fur-eine-welt-fur-alle\/#primaryimage"},"image":{"@id":"https:\/\/ds-barranquilla.org\/nuestro-colegio-gano-uno-de-los-premios-del-concurso-internacional-alle-fur-eine-welt-fur-alle\/#primaryimage"},"thumbnailUrl":"https:\/\/ds-barranquilla.org\/wp-content\/uploads\/2022\/08\/Atelier-Web.jpg","datePublished":"2022-06-22T18:58:45+00:00","dateModified":"2022-11-22T20:08:46+00:00","breadcrumb":{"@id":"https:\/\/ds-barranquilla.org\/nuestro-colegio-gano-uno-de-los-premios-del-concurso-internacional-alle-fur-eine-welt-fur-alle\/#breadcrumb"},"inLanguage":"de","potentialAction":[{"@type":"ReadAction","target":["https:\/\/ds-barranquilla.org\/nuestro-colegio-gano-uno-de-los-premios-del-concurso-internacional-alle-fur-eine-welt-fur-alle\/"]}]},{"@type":"ImageObject","inLanguage":"de","@id":"https:\/\/ds-barranquilla.org\/nuestro-colegio-gano-uno-de-los-premios-del-concurso-internacional-alle-fur-eine-welt-fur-alle\/#primaryimage","url":"https:\/\/ds-barranquilla.org\/wp-content\/uploads\/2022\/08\/Atelier-Web.jpg","contentUrl":"https:\/\/ds-barranquilla.org\/wp-content\/uploads\/2022\/08\/Atelier-Web.jpg","width":1170,"height":500},{"@type":"BreadcrumbList","@id":"https:\/\/ds-barranquilla.org\/nuestro-colegio-gano-uno-de-los-premios-del-concurso-internacional-alle-fur-eine-welt-fur-alle\/#breadcrumb","itemListElement":[{"@type":"ListItem","position":1,"name":"Portada","item":"https:\/\/ds-barranquilla.org\/"},{"@type":"ListItem","position":2,"name":"Nuestro colegio gan\u00f3 uno de los premios del concurso internacional \u2018Alle f\u00fcr Eine Welt f\u00fcr alle\u2019"}]},{"@type":"WebSite","@id":"https:\/\/ds-barranquilla.org\/#website","url":"https:\/\/ds-barranquilla.org\/","name":"Colegio Alem\u00e1n - Los Mejores Colegios de Colombia - Colegio Triling\u00fce","description":"Colegio Alem\u00e1n  Barranquilla Colombia - Colegio Biling\u00fce - Triling\u00fce - El Mejor Colegio de Colombia","publisher":{"@id":"https:\/\/ds-barranquilla.org\/#organization"},"potentialAction":[{"@type":"SearchAction","target":{"@type":"EntryPoint","urlTemplate":"https:\/\/ds-barranquilla.org\/?s={search_term_string}"},"query-input":"required name=search_term_string"}],"inLanguage":"de"},{"@type":"Organization","@id":"https:\/\/ds-barranquilla.org\/#organization","name":"Colegio Alem\u00e1n Barranquilla","url":"https:\/\/ds-barranquilla.org\/","logo":{"@type":"ImageObject","inLanguage":"de","@id":"https:\/\/ds-barranquilla.org\/#\/schema\/logo\/image\/","url":"https:\/\/ds-barranquilla.org\/wp-content\/uploads\/2021\/05\/coleman_logo_2.png","contentUrl":"https:\/\/ds-barranquilla.org\/wp-content\/uploads\/2021\/05\/coleman_logo_2.png","width":418,"height":307,"caption":"Colegio Alem\u00e1n Barranquilla"},"image":{"@id":"https:\/\/ds-barranquilla.org\/#\/schema\/logo\/image\/"},"sameAs":["https:\/\/www.facebook.com\/ColegioAlemanBaq\/","https:\/\/x.com\/ColegioAlemanBq","https:\/\/www.instagram.com\/colegioalemanbaq\/","https:\/\/www.linkedin.com\/school\/deutsche-schule-barranquilla\/","https:\/\/www.youtube.com\/channel\/UCOOGZQCVs6aYRqIWvSN5agQ"]},{"@type":"Person","@id":"https:\/\/ds-barranquilla.org\/#\/schema\/person\/7bf8790ba89d3480e0551241ccdc8d36","name":"Comunicaciones Comunicaciones","image":{"@type":"ImageObject","inLanguage":"de","@id":"https:\/\/ds-barranquilla.org\/#\/schema\/person\/image\/","url":"https:\/\/secure.gravatar.com\/avatar\/a66ba9484a4338d81d6bea750e595038?s=96&d=mm&r=g","contentUrl":"https:\/\/secure.gravatar.com\/avatar\/a66ba9484a4338d81d6bea750e595038?s=96&d=mm&r=g","caption":"Comunicaciones Comunicaciones"}}]}},"_links":{"self":[{"href":"https:\/\/ds-barranquilla.org\/de\/wp-json\/wp\/v2\/posts\/16815"}],"collection":[{"href":"https:\/\/ds-barranquilla.org\/de\/wp-json\/wp\/v2\/posts"}],"about":[{"href":"https:\/\/ds-barranquilla.org\/de\/wp-json\/wp\/v2\/types\/post"}],"author":[{"embeddable":true,"href":"https:\/\/ds-barranquilla.org\/de\/wp-json\/wp\/v2\/users\/16"}],"replies":[{"embeddable":true,"href":"https:\/\/ds-barranquilla.org\/de\/wp-json\/wp\/v2\/comments?post=16815"}],"version-history":[{"count":1,"href":"https:\/\/ds-barranquilla.org\/de\/wp-json\/wp\/v2\/posts\/16815\/revisions"}],"predecessor-version":[{"id":16840,"href":"https:\/\/ds-barranquilla.org\/de\/wp-json\/wp\/v2\/posts\/16815\/revisions\/16840"}],"wp:featuredmedia":[{"embeddable":true,"href":"https:\/\/ds-barranquilla.org\/de\/wp-json\/wp\/v2\/media\/16834"}],"wp:attachment":[{"href":"https:\/\/ds-barranquilla.org\/de\/wp-json\/wp\/v2\/media?parent=16815"}],"wp:term":[{"taxonomy":"category","embeddable":true,"href":"https:\/\/ds-barranquilla.org\/de\/wp-json\/wp\/v2\/categories?post=16815"},{"taxonomy":"post_tag","embeddable":true,"href":"https:\/\/ds-barranquilla.org\/de\/wp-json\/wp\/v2\/tags?post=16815"}],"curies":[{"name":"wp","href":"https:\/\/api.w.org\/{rel}","templated":true}]}}