{"id":17095,"date":"2022-08-04T13:43:30","date_gmt":"2022-08-04T18:43:30","guid":{"rendered":"https:\/\/ds-barranquilla.org\/?p=17095"},"modified":"2022-11-22T12:05:20","modified_gmt":"2022-11-22T17:05:20","slug":"grupo-pqm-realizo-talleres-de-capacitacion-con-docentes-de-cara-a-la-bli-3-0","status":"publish","type":"post","link":"https:\/\/ds-barranquilla.org\/de\/grupo-pqm-realizo-talleres-de-capacitacion-con-docentes-de-cara-a-la-bli-3-0\/","title":{"rendered":"Grupo PQM realiz\u00f3 talleres de capacitaci\u00f3n con docentes de cara a la BLI 3.0"},"content":{"rendered":"<h1><strong>Grupo PQM realiz\u00f3 talleres de capacitaci\u00f3n con docentes de cara a la BLI 3.0<\/strong><\/h1>\n<p><strong>Geschrieben von: Jos\u00e9 R\u00edos Mercado.<\/strong> El Grupo\u00a0PQM\u00a0(Steuergruppe- P\u00e4dagogisches Qualit\u00e4tsmanagement) de nuestro colegio, encargado de liderar la integraci\u00f3n de todos los procesos en torno a la calidad pedag\u00f3gica y estrechar los lazos con la cultura y la lengua alemana, realizaron varios talleres de capacitaci\u00f3n con docentes de Primaria y Secundaria, en el marco de la preparaci\u00f3n que adelanta la instituci\u00f3n de cara a la certificaci\u00f3n alemana de la <a href=\"https:\/\/ds-barranquilla.org\/de\/bli-3-0\/\">BLI 3.0<\/a> prevista para el mes de septiembre.<\/p>\n<p>\u201cCon el fin de entregarle a los profesores herramientas suficientes para que puedan abordar los diferentes aspectos que se van a observar en una hora de clase con ocasi\u00f3n de la visita de certificaci\u00f3n, se desarrollaron estas actividades para que los docentes vivenciaran lo que no puede faltar y lo que el inspector viene a ver\u201d, expres\u00f3 la Coordinadora del PQM, M\u00f3nica P\u00e1ez.<\/p>\n<p>La l\u00edder del proceso indic\u00f3 que las jornadas fueron organizadas en cuatro estaciones:<\/p>\n<ul>\n<li><strong>Estructura de una hora de clase:<\/strong> c\u00f3mo debe iniciar, cu\u00e1l debe ser su desarrollo y el cierre de la misma, sin olvidar la reflexi\u00f3n y los aspectos que se tienen en cuenta en el formato de observaci\u00f3n.<\/li>\n<li><strong>D<\/strong><strong>iferenciaci\u00f3n:<\/strong> se trataron aspectos relacionados con este tema y que ya han sido trabajados con los profesores, adem\u00e1s de una serie de m\u00e9todos en donde se aplica la Diferenciaci\u00f3n.<\/li>\n<li><strong>Medios en la hora de clase:<\/strong> c\u00f3mo pueden visibilizarse estos medios y c\u00f3mo se pueden asegurar aspectos importantes del formato de observaci\u00f3n frente a la mirada del inspector.<\/li>\n<li><strong>Alle sprechen Deutsch:<\/strong> c\u00f3mo podemos hacer visible la cultura y la lengua alemana en las clases. Tips idiom\u00e1ticos y comandos m\u00ednimos que debe manejar un docente que nunca ha estudiado el idioma al momento de recibir y despedir a los estudiantes, fueron los aspectos abordados.<\/li>\n<\/ul>\n<p>&nbsp;<\/p>\n<p>La Coordinadora del PQM precis\u00f3 que si bien las clases del Kindergarten no ser\u00e1n observadas por la BLI 3.0, se tiene previsto realizar este ejercicio con los profesores de esta secci\u00f3n para que los ni\u00f1os se adapten gradualmente a lo que es una estructura de clase, una secuencia de pasos, un trabajo inicial de forma individual y despu\u00e9s en parejas y una exposici\u00f3n de sus trabajos para que de esta forma, el aprendizaje de lo individual se complemente con el del par, que es la base del trabajo cooperativo.<\/p>\n<p><a href=\"https:\/\/m.facebook.com\/story.php?story_fbid=pfbid02MEZmcDgYt1FCqRZgLSC6P4zKppaymcoFJzPjbaMUw2jm5wggEUeUJGQhx3WRFkJ5l&amp;id=100056290190589\">Fotos<\/a><\/p>","protected":false},"excerpt":{"rendered":"<p>Grupo PQM realiz\u00f3 talleres de capacitaci\u00f3n con docentes de cara a la BLI 3.0 Creado por: Jos\u00e9 R\u00edos Mercado. El Grupo\u00a0PQM\u00a0(Steuergruppe- P\u00e4dagogisches Qualit\u00e4tsmanagement) de nuestro colegio,<span class=\"excerpt-hellip\"> [\u2026]<\/span><\/p>","protected":false},"author":16,"featured_media":17096,"comment_status":"open","ping_status":"open","sticky":false,"template":"","format":"standard","meta":{"_exactmetrics_skip_tracking":false,"_exactmetrics_sitenote_active":false,"_exactmetrics_sitenote_note":"","_exactmetrics_sitenote_category":0,"_joinchat":[],"footnotes":""},"categories":[672,682],"tags":[],"class_list":["post-17095","post","type-post","status-publish","format-standard","has-post-thumbnail","hentry","category-672","category-acreditaciones-y-calidad"],"yoast_head":"<!-- This site is optimized with the Yoast SEO plugin v23.3 - https:\/\/yoast.com\/wordpress\/plugins\/seo\/ -->\n<title>Grupo PQM realiz\u00f3 talleres de capacitaci\u00f3n con docentes de cara a la BLI 3.0 - 2026<\/title>\n<meta name=\"robots\" content=\"noindex, follow, max-snippet:-1, max-image-preview:large, max-video-preview:-1\" \/>\n<meta property=\"og:locale\" content=\"de_DE\" \/>\n<meta property=\"og:type\" content=\"article\" \/>\n<meta property=\"og:title\" content=\"Grupo PQM realiz\u00f3 talleres de capacitaci\u00f3n con docentes de cara a la BLI 3.0 - 2026\" \/>\n<meta property=\"og:description\" content=\"Grupo PQM realiz\u00f3 talleres de capacitaci\u00f3n con docentes de cara a la BLI 3.0 Creado por: Jos\u00e9 R\u00edos Mercado. El Grupo\u00a0PQM\u00a0(Steuergruppe- P\u00e4dagogisches Qualit\u00e4tsmanagement) de nuestro colegio, [\u2026]\" \/>\n<meta property=\"og:url\" content=\"https:\/\/ds-barranquilla.org\/de\/grupo-pqm-realizo-talleres-de-capacitacion-con-docentes-de-cara-a-la-bli-3-0\/\" \/>\n<meta property=\"og:site_name\" content=\"Colegio Alem\u00e1n - Los Mejores Colegios de Colombia - Colegio Triling\u00fce\" \/>\n<meta property=\"article:publisher\" content=\"https:\/\/www.facebook.com\/ColegioAlemanBaq\/\" \/>\n<meta property=\"article:published_time\" content=\"2022-08-04T18:43:30+00:00\" \/>\n<meta property=\"article:modified_time\" content=\"2022-11-22T17:05:20+00:00\" \/>\n<meta property=\"og:image\" content=\"https:\/\/ds-barranquilla.org\/wp-content\/uploads\/2022\/08\/BLI-Web.jpg\" \/>\n\t<meta property=\"og:image:width\" content=\"1170\" \/>\n\t<meta property=\"og:image:height\" content=\"500\" \/>\n\t<meta property=\"og:image:type\" content=\"image\/jpeg\" \/>\n<meta name=\"author\" content=\"Comunicaciones Comunicaciones\" \/>\n<meta name=\"twitter:card\" content=\"summary_large_image\" \/>\n<meta name=\"twitter:creator\" content=\"@ColegioAlemanBq\" \/>\n<meta name=\"twitter:site\" content=\"@ColegioAlemanBq\" \/>\n<meta name=\"twitter:label1\" content=\"Verfasst von\" \/>\n\t<meta name=\"twitter:data1\" content=\"Comunicaciones Comunicaciones\" \/>\n\t<meta name=\"twitter:label2\" content=\"Gesch\u00e4tzte Lesezeit\" \/>\n\t<meta name=\"twitter:data2\" content=\"2\u00a0Minuten\" \/>\n<script type=\"application\/ld+json\" class=\"yoast-schema-graph\">{\"@context\":\"https:\/\/schema.org\",\"@graph\":[{\"@type\":\"Article\",\"@id\":\"https:\/\/ds-barranquilla.org\/grupo-pqm-realizo-talleres-de-capacitacion-con-docentes-de-cara-a-la-bli-3-0\/#article\",\"isPartOf\":{\"@id\":\"https:\/\/ds-barranquilla.org\/grupo-pqm-realizo-talleres-de-capacitacion-con-docentes-de-cara-a-la-bli-3-0\/\"},\"author\":{\"name\":\"Comunicaciones Comunicaciones\",\"@id\":\"https:\/\/ds-barranquilla.org\/#\/schema\/person\/7bf8790ba89d3480e0551241ccdc8d36\"},\"headline\":\"Grupo PQM realiz\u00f3 talleres de capacitaci\u00f3n con docentes de cara a la BLI 3.0\",\"datePublished\":\"2022-08-04T18:43:30+00:00\",\"dateModified\":\"2022-11-22T17:05:20+00:00\",\"mainEntityOfPage\":{\"@id\":\"https:\/\/ds-barranquilla.org\/grupo-pqm-realizo-talleres-de-capacitacion-con-docentes-de-cara-a-la-bli-3-0\/\"},\"wordCount\":447,\"commentCount\":0,\"publisher\":{\"@id\":\"https:\/\/ds-barranquilla.org\/#organization\"},\"image\":{\"@id\":\"https:\/\/ds-barranquilla.org\/grupo-pqm-realizo-talleres-de-capacitacion-con-docentes-de-cara-a-la-bli-3-0\/#primaryimage\"},\"thumbnailUrl\":\"https:\/\/ds-barranquilla.org\/wp-content\/uploads\/2022\/08\/BLI-Web.jpg\",\"articleSection\":[\"2022\",\"Acreditaciones y Calidad\"],\"inLanguage\":\"de\",\"potentialAction\":[{\"@type\":\"CommentAction\",\"name\":\"Comment\",\"target\":[\"https:\/\/ds-barranquilla.org\/grupo-pqm-realizo-talleres-de-capacitacion-con-docentes-de-cara-a-la-bli-3-0\/#respond\"]}]},{\"@type\":\"WebPage\",\"@id\":\"https:\/\/ds-barranquilla.org\/grupo-pqm-realizo-talleres-de-capacitacion-con-docentes-de-cara-a-la-bli-3-0\/\",\"url\":\"https:\/\/ds-barranquilla.org\/grupo-pqm-realizo-talleres-de-capacitacion-con-docentes-de-cara-a-la-bli-3-0\/\",\"name\":\"Grupo PQM realiz\u00f3 talleres de capacitaci\u00f3n con docentes de cara a la BLI 3.0 - 2026\",\"isPartOf\":{\"@id\":\"https:\/\/ds-barranquilla.org\/#website\"},\"primaryImageOfPage\":{\"@id\":\"https:\/\/ds-barranquilla.org\/grupo-pqm-realizo-talleres-de-capacitacion-con-docentes-de-cara-a-la-bli-3-0\/#primaryimage\"},\"image\":{\"@id\":\"https:\/\/ds-barranquilla.org\/grupo-pqm-realizo-talleres-de-capacitacion-con-docentes-de-cara-a-la-bli-3-0\/#primaryimage\"},\"thumbnailUrl\":\"https:\/\/ds-barranquilla.org\/wp-content\/uploads\/2022\/08\/BLI-Web.jpg\",\"datePublished\":\"2022-08-04T18:43:30+00:00\",\"dateModified\":\"2022-11-22T17:05:20+00:00\",\"breadcrumb\":{\"@id\":\"https:\/\/ds-barranquilla.org\/grupo-pqm-realizo-talleres-de-capacitacion-con-docentes-de-cara-a-la-bli-3-0\/#breadcrumb\"},\"inLanguage\":\"de\",\"potentialAction\":[{\"@type\":\"ReadAction\",\"target\":[\"https:\/\/ds-barranquilla.org\/grupo-pqm-realizo-talleres-de-capacitacion-con-docentes-de-cara-a-la-bli-3-0\/\"]}]},{\"@type\":\"ImageObject\",\"inLanguage\":\"de\",\"@id\":\"https:\/\/ds-barranquilla.org\/grupo-pqm-realizo-talleres-de-capacitacion-con-docentes-de-cara-a-la-bli-3-0\/#primaryimage\",\"url\":\"https:\/\/ds-barranquilla.org\/wp-content\/uploads\/2022\/08\/BLI-Web.jpg\",\"contentUrl\":\"https:\/\/ds-barranquilla.org\/wp-content\/uploads\/2022\/08\/BLI-Web.jpg\",\"width\":1170,\"height\":500},{\"@type\":\"BreadcrumbList\",\"@id\":\"https:\/\/ds-barranquilla.org\/grupo-pqm-realizo-talleres-de-capacitacion-con-docentes-de-cara-a-la-bli-3-0\/#breadcrumb\",\"itemListElement\":[{\"@type\":\"ListItem\",\"position\":1,\"name\":\"Portada\",\"item\":\"https:\/\/ds-barranquilla.org\/\"},{\"@type\":\"ListItem\",\"position\":2,\"name\":\"Grupo PQM realiz\u00f3 talleres de capacitaci\u00f3n con docentes de cara a la BLI 3.0\"}]},{\"@type\":\"WebSite\",\"@id\":\"https:\/\/ds-barranquilla.org\/#website\",\"url\":\"https:\/\/ds-barranquilla.org\/\",\"name\":\"Colegio Alem\u00e1n - Los Mejores Colegios de Colombia - Colegio Triling\u00fce\",\"description\":\"Colegio Alem\u00e1n  Barranquilla Colombia - Colegio Biling\u00fce - Triling\u00fce - El Mejor Colegio de Colombia\",\"publisher\":{\"@id\":\"https:\/\/ds-barranquilla.org\/#organization\"},\"potentialAction\":[{\"@type\":\"SearchAction\",\"target\":{\"@type\":\"EntryPoint\",\"urlTemplate\":\"https:\/\/ds-barranquilla.org\/?s={search_term_string}\"},\"query-input\":\"required name=search_term_string\"}],\"inLanguage\":\"de\"},{\"@type\":\"Organization\",\"@id\":\"https:\/\/ds-barranquilla.org\/#organization\",\"name\":\"Colegio Alem\u00e1n Barranquilla\",\"url\":\"https:\/\/ds-barranquilla.org\/\",\"logo\":{\"@type\":\"ImageObject\",\"inLanguage\":\"de\",\"@id\":\"https:\/\/ds-barranquilla.org\/#\/schema\/logo\/image\/\",\"url\":\"https:\/\/ds-barranquilla.org\/wp-content\/uploads\/2021\/05\/coleman_logo_2.png\",\"contentUrl\":\"https:\/\/ds-barranquilla.org\/wp-content\/uploads\/2021\/05\/coleman_logo_2.png\",\"width\":418,\"height\":307,\"caption\":\"Colegio Alem\u00e1n Barranquilla\"},\"image\":{\"@id\":\"https:\/\/ds-barranquilla.org\/#\/schema\/logo\/image\/\"},\"sameAs\":[\"https:\/\/www.facebook.com\/ColegioAlemanBaq\/\",\"https:\/\/x.com\/ColegioAlemanBq\",\"https:\/\/www.instagram.com\/colegioalemanbaq\/\",\"https:\/\/www.linkedin.com\/school\/deutsche-schule-barranquilla\/\",\"https:\/\/www.youtube.com\/channel\/UCOOGZQCVs6aYRqIWvSN5agQ\"]},{\"@type\":\"Person\",\"@id\":\"https:\/\/ds-barranquilla.org\/#\/schema\/person\/7bf8790ba89d3480e0551241ccdc8d36\",\"name\":\"Comunicaciones Comunicaciones\",\"image\":{\"@type\":\"ImageObject\",\"inLanguage\":\"de\",\"@id\":\"https:\/\/ds-barranquilla.org\/#\/schema\/person\/image\/\",\"url\":\"https:\/\/secure.gravatar.com\/avatar\/a66ba9484a4338d81d6bea750e595038?s=96&d=mm&r=g\",\"contentUrl\":\"https:\/\/secure.gravatar.com\/avatar\/a66ba9484a4338d81d6bea750e595038?s=96&d=mm&r=g\",\"caption\":\"Comunicaciones Comunicaciones\"}}]}<\/script>\n<!-- \/ Yoast SEO plugin. -->","yoast_head_json":{"title":"Grupo PQM realiz\u00f3 talleres de capacitaci\u00f3n con docentes de cara a la BLI 3.0 - 2026","robots":{"index":"noindex","follow":"follow","max-snippet":"max-snippet:-1","max-image-preview":"max-image-preview:large","max-video-preview":"max-video-preview:-1"},"og_locale":"de_DE","og_type":"article","og_title":"Grupo PQM realiz\u00f3 talleres de capacitaci\u00f3n con docentes de cara a la BLI 3.0 - 2026","og_description":"Grupo PQM realiz\u00f3 talleres de capacitaci\u00f3n con docentes de cara a la BLI 3.0 Creado por: Jos\u00e9 R\u00edos Mercado. El Grupo\u00a0PQM\u00a0(Steuergruppe- P\u00e4dagogisches Qualit\u00e4tsmanagement) de nuestro colegio, [\u2026]","og_url":"https:\/\/ds-barranquilla.org\/de\/grupo-pqm-realizo-talleres-de-capacitacion-con-docentes-de-cara-a-la-bli-3-0\/","og_site_name":"Colegio Alem\u00e1n - Los Mejores Colegios de Colombia - Colegio Triling\u00fce","article_publisher":"https:\/\/www.facebook.com\/ColegioAlemanBaq\/","article_published_time":"2022-08-04T18:43:30+00:00","article_modified_time":"2022-11-22T17:05:20+00:00","og_image":[{"width":1170,"height":500,"url":"https:\/\/ds-barranquilla.org\/wp-content\/uploads\/2022\/08\/BLI-Web.jpg","type":"image\/jpeg"}],"author":"Comunicaciones Comunicaciones","twitter_card":"summary_large_image","twitter_creator":"@ColegioAlemanBq","twitter_site":"@ColegioAlemanBq","twitter_misc":{"Verfasst von":"Comunicaciones Comunicaciones","Gesch\u00e4tzte Lesezeit":"2\u00a0Minuten"},"schema":{"@context":"https:\/\/schema.org","@graph":[{"@type":"Article","@id":"https:\/\/ds-barranquilla.org\/grupo-pqm-realizo-talleres-de-capacitacion-con-docentes-de-cara-a-la-bli-3-0\/#article","isPartOf":{"@id":"https:\/\/ds-barranquilla.org\/grupo-pqm-realizo-talleres-de-capacitacion-con-docentes-de-cara-a-la-bli-3-0\/"},"author":{"name":"Comunicaciones Comunicaciones","@id":"https:\/\/ds-barranquilla.org\/#\/schema\/person\/7bf8790ba89d3480e0551241ccdc8d36"},"headline":"Grupo PQM realiz\u00f3 talleres de capacitaci\u00f3n con docentes de cara a la BLI 3.0","datePublished":"2022-08-04T18:43:30+00:00","dateModified":"2022-11-22T17:05:20+00:00","mainEntityOfPage":{"@id":"https:\/\/ds-barranquilla.org\/grupo-pqm-realizo-talleres-de-capacitacion-con-docentes-de-cara-a-la-bli-3-0\/"},"wordCount":447,"commentCount":0,"publisher":{"@id":"https:\/\/ds-barranquilla.org\/#organization"},"image":{"@id":"https:\/\/ds-barranquilla.org\/grupo-pqm-realizo-talleres-de-capacitacion-con-docentes-de-cara-a-la-bli-3-0\/#primaryimage"},"thumbnailUrl":"https:\/\/ds-barranquilla.org\/wp-content\/uploads\/2022\/08\/BLI-Web.jpg","articleSection":["2022","Acreditaciones y Calidad"],"inLanguage":"de","potentialAction":[{"@type":"CommentAction","name":"Comment","target":["https:\/\/ds-barranquilla.org\/grupo-pqm-realizo-talleres-de-capacitacion-con-docentes-de-cara-a-la-bli-3-0\/#respond"]}]},{"@type":"WebPage","@id":"https:\/\/ds-barranquilla.org\/grupo-pqm-realizo-talleres-de-capacitacion-con-docentes-de-cara-a-la-bli-3-0\/","url":"https:\/\/ds-barranquilla.org\/grupo-pqm-realizo-talleres-de-capacitacion-con-docentes-de-cara-a-la-bli-3-0\/","name":"Grupo PQM realiz\u00f3 talleres de capacitaci\u00f3n con docentes de cara a la BLI 3.0 - 2026","isPartOf":{"@id":"https:\/\/ds-barranquilla.org\/#website"},"primaryImageOfPage":{"@id":"https:\/\/ds-barranquilla.org\/grupo-pqm-realizo-talleres-de-capacitacion-con-docentes-de-cara-a-la-bli-3-0\/#primaryimage"},"image":{"@id":"https:\/\/ds-barranquilla.org\/grupo-pqm-realizo-talleres-de-capacitacion-con-docentes-de-cara-a-la-bli-3-0\/#primaryimage"},"thumbnailUrl":"https:\/\/ds-barranquilla.org\/wp-content\/uploads\/2022\/08\/BLI-Web.jpg","datePublished":"2022-08-04T18:43:30+00:00","dateModified":"2022-11-22T17:05:20+00:00","breadcrumb":{"@id":"https:\/\/ds-barranquilla.org\/grupo-pqm-realizo-talleres-de-capacitacion-con-docentes-de-cara-a-la-bli-3-0\/#breadcrumb"},"inLanguage":"de","potentialAction":[{"@type":"ReadAction","target":["https:\/\/ds-barranquilla.org\/grupo-pqm-realizo-talleres-de-capacitacion-con-docentes-de-cara-a-la-bli-3-0\/"]}]},{"@type":"ImageObject","inLanguage":"de","@id":"https:\/\/ds-barranquilla.org\/grupo-pqm-realizo-talleres-de-capacitacion-con-docentes-de-cara-a-la-bli-3-0\/#primaryimage","url":"https:\/\/ds-barranquilla.org\/wp-content\/uploads\/2022\/08\/BLI-Web.jpg","contentUrl":"https:\/\/ds-barranquilla.org\/wp-content\/uploads\/2022\/08\/BLI-Web.jpg","width":1170,"height":500},{"@type":"BreadcrumbList","@id":"https:\/\/ds-barranquilla.org\/grupo-pqm-realizo-talleres-de-capacitacion-con-docentes-de-cara-a-la-bli-3-0\/#breadcrumb","itemListElement":[{"@type":"ListItem","position":1,"name":"Portada","item":"https:\/\/ds-barranquilla.org\/"},{"@type":"ListItem","position":2,"name":"Grupo PQM realiz\u00f3 talleres de capacitaci\u00f3n con docentes de cara a la BLI 3.0"}]},{"@type":"WebSite","@id":"https:\/\/ds-barranquilla.org\/#website","url":"https:\/\/ds-barranquilla.org\/","name":"Colegio Alem\u00e1n - Los Mejores Colegios de Colombia - Colegio Triling\u00fce","description":"Colegio Alem\u00e1n  Barranquilla Colombia - Colegio Biling\u00fce - Triling\u00fce - El Mejor Colegio de Colombia","publisher":{"@id":"https:\/\/ds-barranquilla.org\/#organization"},"potentialAction":[{"@type":"SearchAction","target":{"@type":"EntryPoint","urlTemplate":"https:\/\/ds-barranquilla.org\/?s={search_term_string}"},"query-input":"required name=search_term_string"}],"inLanguage":"de"},{"@type":"Organization","@id":"https:\/\/ds-barranquilla.org\/#organization","name":"Colegio Alem\u00e1n Barranquilla","url":"https:\/\/ds-barranquilla.org\/","logo":{"@type":"ImageObject","inLanguage":"de","@id":"https:\/\/ds-barranquilla.org\/#\/schema\/logo\/image\/","url":"https:\/\/ds-barranquilla.org\/wp-content\/uploads\/2021\/05\/coleman_logo_2.png","contentUrl":"https:\/\/ds-barranquilla.org\/wp-content\/uploads\/2021\/05\/coleman_logo_2.png","width":418,"height":307,"caption":"Colegio Alem\u00e1n Barranquilla"},"image":{"@id":"https:\/\/ds-barranquilla.org\/#\/schema\/logo\/image\/"},"sameAs":["https:\/\/www.facebook.com\/ColegioAlemanBaq\/","https:\/\/x.com\/ColegioAlemanBq","https:\/\/www.instagram.com\/colegioalemanbaq\/","https:\/\/www.linkedin.com\/school\/deutsche-schule-barranquilla\/","https:\/\/www.youtube.com\/channel\/UCOOGZQCVs6aYRqIWvSN5agQ"]},{"@type":"Person","@id":"https:\/\/ds-barranquilla.org\/#\/schema\/person\/7bf8790ba89d3480e0551241ccdc8d36","name":"Comunicaciones Comunicaciones","image":{"@type":"ImageObject","inLanguage":"de","@id":"https:\/\/ds-barranquilla.org\/#\/schema\/person\/image\/","url":"https:\/\/secure.gravatar.com\/avatar\/a66ba9484a4338d81d6bea750e595038?s=96&d=mm&r=g","contentUrl":"https:\/\/secure.gravatar.com\/avatar\/a66ba9484a4338d81d6bea750e595038?s=96&d=mm&r=g","caption":"Comunicaciones Comunicaciones"}}]}},"_links":{"self":[{"href":"https:\/\/ds-barranquilla.org\/de\/wp-json\/wp\/v2\/posts\/17095"}],"collection":[{"href":"https:\/\/ds-barranquilla.org\/de\/wp-json\/wp\/v2\/posts"}],"about":[{"href":"https:\/\/ds-barranquilla.org\/de\/wp-json\/wp\/v2\/types\/post"}],"author":[{"embeddable":true,"href":"https:\/\/ds-barranquilla.org\/de\/wp-json\/wp\/v2\/users\/16"}],"replies":[{"embeddable":true,"href":"https:\/\/ds-barranquilla.org\/de\/wp-json\/wp\/v2\/comments?post=17095"}],"version-history":[{"count":1,"href":"https:\/\/ds-barranquilla.org\/de\/wp-json\/wp\/v2\/posts\/17095\/revisions"}],"predecessor-version":[{"id":17097,"href":"https:\/\/ds-barranquilla.org\/de\/wp-json\/wp\/v2\/posts\/17095\/revisions\/17097"}],"wp:featuredmedia":[{"embeddable":true,"href":"https:\/\/ds-barranquilla.org\/de\/wp-json\/wp\/v2\/media\/17096"}],"wp:attachment":[{"href":"https:\/\/ds-barranquilla.org\/de\/wp-json\/wp\/v2\/media?parent=17095"}],"wp:term":[{"taxonomy":"category","embeddable":true,"href":"https:\/\/ds-barranquilla.org\/de\/wp-json\/wp\/v2\/categories?post=17095"},{"taxonomy":"post_tag","embeddable":true,"href":"https:\/\/ds-barranquilla.org\/de\/wp-json\/wp\/v2\/tags?post=17095"}],"curies":[{"name":"wp","href":"https:\/\/api.w.org\/{rel}","templated":true}]}}