{"id":17103,"date":"2022-08-10T08:09:16","date_gmt":"2022-08-10T13:09:16","guid":{"rendered":"https:\/\/ds-barranquilla.org\/?p=17103"},"modified":"2022-11-22T12:01:28","modified_gmt":"2022-11-22T17:01:28","slug":"los-padres-de-la-klasse-1-le-entregaron-a-sus-hijos-el-cono-escolar","status":"publish","type":"post","link":"https:\/\/ds-barranquilla.org\/de\/los-padres-de-la-klasse-1-le-entregaron-a-sus-hijos-el-cono-escolar\/","title":{"rendered":"Los padres de la Klasse 1 le entregaron a sus hijos el Cono Escolar"},"content":{"rendered":"<h1><strong>Los padres de la Klasse 1 le entregaron a sus hijos el Cono Escolar<\/strong><\/h1>\n<p><strong>Geschrieben von: Jos\u00e9 R\u00edos Mercado. <\/strong>Un ambiente de mucha emoci\u00f3n se vivi\u00f3 en la Klasse 1 durante la entrega del Cono Escolar a los estudiantes de este nivel. Grandes y peque\u00f1os disfrutaron de la animada jornada en la que los ni\u00f1os fueron sorprendidos por sus padres en sus salones y recibieron de parte de ellos el llamativo obsequio que representa su paso del Kindergarten a la Primaria, fiel a la tradici\u00f3n alemana que naci\u00f3 en 1810.<\/p>\n<p>\u201cEn Alemania el primer d\u00eda de clases para un alumno de la Klasse 1 es muy especial porque adem\u00e1s de recibir su Cono Escolar, participa en diferentes actividades l\u00fadicas. Los conos son rellenados con \u00fatiles escolares, dulces y juguetes, especialmente cosas que le gusten a los ni\u00f1os y que le sirvan para el colegio\u201d, expres\u00f3 la docente T\u00e1ndem de Klasse 1B, Melanie K\u00f6ppel.<\/p>\n<p>La docente indic\u00f3 que ese d\u00eda los estudiantes m\u00e1s grandes les cantan a los de la Klasse 1 diferentes melod\u00edas y despu\u00e9s los peque\u00f1os se van a casa para abrir sus Conos Escolares junto a sus familias. Por su parte, la Directora de Klasse 1C, Solangel Balentine, catalog\u00f3 este acto como muy bonito e importante para los alumnos, especialmente en cuanto al desarrollo de su autonom\u00eda y la participaci\u00f3n en su propio aprendizaje.<\/p>\n<p>\u201cSentir que son m\u00e1s grandes y que ya hacen parte de la secci\u00f3n donde est\u00e1n sus hermanos o donde estuvieron sus padres, llena a estos ni\u00f1os de mucha satisfacci\u00f3n. Hay que destacar adem\u00e1s la dedicaci\u00f3n de mam\u00e1s y pap\u00e1s en la elaboraci\u00f3n, decoraci\u00f3n y relleno de los Conos Escolares, lo que hace de este momento algo especial y m\u00e1gico\u201d, manifest\u00f3 la docente.<\/p>\n<p>Solangel Balentine precis\u00f3 que la transici\u00f3n del Kindergarten a la Primaria traer\u00e1 para los estudiantes de la Klasse 1 cambios como: el trabajo por horas (Alem\u00e1n, Arte, Deporte, Espa\u00f1ol, Matem\u00e1ticas, entre otras) teniendo en cuenta el tiempo y unas directrices fijas; y la autogesti\u00f3n, donde ellos como alumnos empezar\u00e1n a moverse dentro del colegio siempre con el acompa\u00f1amiento del docente.<\/p>\n<p><a href=\"https:\/\/ds-barranquilla.org\/wp-content\/uploads\/2022\/08\/1.jpeg\"><img fetchpriority=\"high\" decoding=\"async\" class=\"alignnone size-medium wp-image-17105\" src=\"https:\/\/ds-barranquilla.org\/wp-content\/uploads\/2022\/08\/1-300x200.jpeg\" alt=\"\" width=\"300\" height=\"200\" srcset=\"https:\/\/ds-barranquilla.org\/wp-content\/uploads\/2022\/08\/1-300x200.jpeg 300w, https:\/\/ds-barranquilla.org\/wp-content\/uploads\/2022\/08\/1-1024x682.jpeg 1024w, https:\/\/ds-barranquilla.org\/wp-content\/uploads\/2022\/08\/1-768x512.jpeg 768w, https:\/\/ds-barranquilla.org\/wp-content\/uploads\/2022\/08\/1-391x260.jpeg 391w, https:\/\/ds-barranquilla.org\/wp-content\/uploads\/2022\/08\/1-18x12.jpeg 18w, https:\/\/ds-barranquilla.org\/wp-content\/uploads\/2022\/08\/1-219x146.jpeg 219w, https:\/\/ds-barranquilla.org\/wp-content\/uploads\/2022\/08\/1-50x33.jpeg 50w, https:\/\/ds-barranquilla.org\/wp-content\/uploads\/2022\/08\/1-113x75.jpeg 113w, https:\/\/ds-barranquilla.org\/wp-content\/uploads\/2022\/08\/1-800x533.jpeg 800w, https:\/\/ds-barranquilla.org\/wp-content\/uploads\/2022\/08\/1.jpeg 1280w\" sizes=\"(max-width:767px) 300px, 300px\" \/><\/a><a href=\"https:\/\/ds-barranquilla.org\/wp-content\/uploads\/2022\/08\/2.jpeg\"><img decoding=\"async\" class=\"alignnone size-medium wp-image-17106\" src=\"https:\/\/ds-barranquilla.org\/wp-content\/uploads\/2022\/08\/2-300x200.jpeg\" alt=\"\" width=\"300\" height=\"200\" srcset=\"https:\/\/ds-barranquilla.org\/wp-content\/uploads\/2022\/08\/2-300x200.jpeg 300w, https:\/\/ds-barranquilla.org\/wp-content\/uploads\/2022\/08\/2-1024x682.jpeg 1024w, https:\/\/ds-barranquilla.org\/wp-content\/uploads\/2022\/08\/2-768x512.jpeg 768w, https:\/\/ds-barranquilla.org\/wp-content\/uploads\/2022\/08\/2-391x260.jpeg 391w, https:\/\/ds-barranquilla.org\/wp-content\/uploads\/2022\/08\/2-18x12.jpeg 18w, https:\/\/ds-barranquilla.org\/wp-content\/uploads\/2022\/08\/2-219x146.jpeg 219w, https:\/\/ds-barranquilla.org\/wp-content\/uploads\/2022\/08\/2-50x33.jpeg 50w, https:\/\/ds-barranquilla.org\/wp-content\/uploads\/2022\/08\/2-113x75.jpeg 113w, https:\/\/ds-barranquilla.org\/wp-content\/uploads\/2022\/08\/2-800x533.jpeg 800w, https:\/\/ds-barranquilla.org\/wp-content\/uploads\/2022\/08\/2.jpeg 1280w\" sizes=\"(max-width:767px) 300px, 300px\" \/><\/a><a href=\"https:\/\/ds-barranquilla.org\/wp-content\/uploads\/2022\/08\/3.jpeg\"><img decoding=\"async\" class=\"alignnone size-medium wp-image-17107\" src=\"https:\/\/ds-barranquilla.org\/wp-content\/uploads\/2022\/08\/3-300x200.jpeg\" alt=\"\" width=\"300\" height=\"200\" srcset=\"https:\/\/ds-barranquilla.org\/wp-content\/uploads\/2022\/08\/3-300x200.jpeg 300w, https:\/\/ds-barranquilla.org\/wp-content\/uploads\/2022\/08\/3-1024x682.jpeg 1024w, https:\/\/ds-barranquilla.org\/wp-content\/uploads\/2022\/08\/3-768x512.jpeg 768w, https:\/\/ds-barranquilla.org\/wp-content\/uploads\/2022\/08\/3-391x260.jpeg 391w, https:\/\/ds-barranquilla.org\/wp-content\/uploads\/2022\/08\/3-18x12.jpeg 18w, https:\/\/ds-barranquilla.org\/wp-content\/uploads\/2022\/08\/3-219x146.jpeg 219w, https:\/\/ds-barranquilla.org\/wp-content\/uploads\/2022\/08\/3-50x33.jpeg 50w, https:\/\/ds-barranquilla.org\/wp-content\/uploads\/2022\/08\/3-113x75.jpeg 113w, https:\/\/ds-barranquilla.org\/wp-content\/uploads\/2022\/08\/3-800x533.jpeg 800w, https:\/\/ds-barranquilla.org\/wp-content\/uploads\/2022\/08\/3.jpeg 1280w\" sizes=\"(max-width:767px) 300px, 300px\" \/><\/a><a href=\"https:\/\/ds-barranquilla.org\/wp-content\/uploads\/2022\/08\/4.jpeg\"><img loading=\"lazy\" decoding=\"async\" class=\"alignnone size-medium wp-image-17108\" src=\"https:\/\/ds-barranquilla.org\/wp-content\/uploads\/2022\/08\/4-300x200.jpeg\" alt=\"\" width=\"300\" height=\"200\" srcset=\"https:\/\/ds-barranquilla.org\/wp-content\/uploads\/2022\/08\/4-300x200.jpeg 300w, https:\/\/ds-barranquilla.org\/wp-content\/uploads\/2022\/08\/4-1024x682.jpeg 1024w, https:\/\/ds-barranquilla.org\/wp-content\/uploads\/2022\/08\/4-768x512.jpeg 768w, https:\/\/ds-barranquilla.org\/wp-content\/uploads\/2022\/08\/4-391x260.jpeg 391w, https:\/\/ds-barranquilla.org\/wp-content\/uploads\/2022\/08\/4-18x12.jpeg 18w, https:\/\/ds-barranquilla.org\/wp-content\/uploads\/2022\/08\/4-219x146.jpeg 219w, https:\/\/ds-barranquilla.org\/wp-content\/uploads\/2022\/08\/4-50x33.jpeg 50w, https:\/\/ds-barranquilla.org\/wp-content\/uploads\/2022\/08\/4-113x75.jpeg 113w, https:\/\/ds-barranquilla.org\/wp-content\/uploads\/2022\/08\/4-800x533.jpeg 800w, https:\/\/ds-barranquilla.org\/wp-content\/uploads\/2022\/08\/4.jpeg 1280w\" sizes=\"(max-width:767px) 300px, 300px\" \/><\/a><a href=\"https:\/\/ds-barranquilla.org\/wp-content\/uploads\/2022\/08\/5.jpeg\"><img loading=\"lazy\" decoding=\"async\" class=\"alignnone size-medium wp-image-17109\" src=\"https:\/\/ds-barranquilla.org\/wp-content\/uploads\/2022\/08\/5-300x200.jpeg\" alt=\"\" width=\"300\" height=\"200\" srcset=\"https:\/\/ds-barranquilla.org\/wp-content\/uploads\/2022\/08\/5-300x200.jpeg 300w, https:\/\/ds-barranquilla.org\/wp-content\/uploads\/2022\/08\/5-1024x682.jpeg 1024w, https:\/\/ds-barranquilla.org\/wp-content\/uploads\/2022\/08\/5-768x512.jpeg 768w, https:\/\/ds-barranquilla.org\/wp-content\/uploads\/2022\/08\/5-391x260.jpeg 391w, https:\/\/ds-barranquilla.org\/wp-content\/uploads\/2022\/08\/5-18x12.jpeg 18w, https:\/\/ds-barranquilla.org\/wp-content\/uploads\/2022\/08\/5-219x146.jpeg 219w, https:\/\/ds-barranquilla.org\/wp-content\/uploads\/2022\/08\/5-50x33.jpeg 50w, https:\/\/ds-barranquilla.org\/wp-content\/uploads\/2022\/08\/5-113x75.jpeg 113w, https:\/\/ds-barranquilla.org\/wp-content\/uploads\/2022\/08\/5-800x533.jpeg 800w, https:\/\/ds-barranquilla.org\/wp-content\/uploads\/2022\/08\/5.jpeg 1280w\" sizes=\"(max-width:767px) 300px, 300px\" \/><\/a><a href=\"https:\/\/ds-barranquilla.org\/wp-content\/uploads\/2022\/08\/6.jpeg\"><img loading=\"lazy\" decoding=\"async\" class=\"alignnone size-medium wp-image-17110\" src=\"https:\/\/ds-barranquilla.org\/wp-content\/uploads\/2022\/08\/6-300x200.jpeg\" alt=\"\" width=\"300\" height=\"200\" srcset=\"https:\/\/ds-barranquilla.org\/wp-content\/uploads\/2022\/08\/6-300x200.jpeg 300w, https:\/\/ds-barranquilla.org\/wp-content\/uploads\/2022\/08\/6-1024x682.jpeg 1024w, https:\/\/ds-barranquilla.org\/wp-content\/uploads\/2022\/08\/6-768x512.jpeg 768w, https:\/\/ds-barranquilla.org\/wp-content\/uploads\/2022\/08\/6-391x260.jpeg 391w, https:\/\/ds-barranquilla.org\/wp-content\/uploads\/2022\/08\/6-18x12.jpeg 18w, https:\/\/ds-barranquilla.org\/wp-content\/uploads\/2022\/08\/6-219x146.jpeg 219w, https:\/\/ds-barranquilla.org\/wp-content\/uploads\/2022\/08\/6-50x33.jpeg 50w, https:\/\/ds-barranquilla.org\/wp-content\/uploads\/2022\/08\/6-113x75.jpeg 113w, https:\/\/ds-barranquilla.org\/wp-content\/uploads\/2022\/08\/6-800x533.jpeg 800w, https:\/\/ds-barranquilla.org\/wp-content\/uploads\/2022\/08\/6.jpeg 1280w\" sizes=\"(max-width:767px) 300px, 300px\" \/><\/a><a href=\"https:\/\/ds-barranquilla.org\/wp-content\/uploads\/2022\/08\/7.jpeg\"><img loading=\"lazy\" decoding=\"async\" class=\"alignnone size-medium wp-image-17111\" src=\"https:\/\/ds-barranquilla.org\/wp-content\/uploads\/2022\/08\/7-300x200.jpeg\" alt=\"\" width=\"300\" height=\"200\" srcset=\"https:\/\/ds-barranquilla.org\/wp-content\/uploads\/2022\/08\/7-300x200.jpeg 300w, https:\/\/ds-barranquilla.org\/wp-content\/uploads\/2022\/08\/7-1024x682.jpeg 1024w, https:\/\/ds-barranquilla.org\/wp-content\/uploads\/2022\/08\/7-768x512.jpeg 768w, https:\/\/ds-barranquilla.org\/wp-content\/uploads\/2022\/08\/7-391x260.jpeg 391w, https:\/\/ds-barranquilla.org\/wp-content\/uploads\/2022\/08\/7-18x12.jpeg 18w, https:\/\/ds-barranquilla.org\/wp-content\/uploads\/2022\/08\/7-219x146.jpeg 219w, https:\/\/ds-barranquilla.org\/wp-content\/uploads\/2022\/08\/7-50x33.jpeg 50w, https:\/\/ds-barranquilla.org\/wp-content\/uploads\/2022\/08\/7-113x75.jpeg 113w, https:\/\/ds-barranquilla.org\/wp-content\/uploads\/2022\/08\/7-800x533.jpeg 800w, https:\/\/ds-barranquilla.org\/wp-content\/uploads\/2022\/08\/7.jpeg 1280w\" sizes=\"(max-width:767px) 300px, 300px\" \/><\/a><a href=\"https:\/\/ds-barranquilla.org\/wp-content\/uploads\/2022\/08\/8.jpeg\"><img loading=\"lazy\" decoding=\"async\" class=\"alignnone size-medium wp-image-17112\" src=\"https:\/\/ds-barranquilla.org\/wp-content\/uploads\/2022\/08\/8-300x200.jpeg\" alt=\"\" width=\"300\" height=\"200\" srcset=\"https:\/\/ds-barranquilla.org\/wp-content\/uploads\/2022\/08\/8-300x200.jpeg 300w, https:\/\/ds-barranquilla.org\/wp-content\/uploads\/2022\/08\/8-1024x682.jpeg 1024w, https:\/\/ds-barranquilla.org\/wp-content\/uploads\/2022\/08\/8-768x512.jpeg 768w, https:\/\/ds-barranquilla.org\/wp-content\/uploads\/2022\/08\/8-391x260.jpeg 391w, https:\/\/ds-barranquilla.org\/wp-content\/uploads\/2022\/08\/8-18x12.jpeg 18w, https:\/\/ds-barranquilla.org\/wp-content\/uploads\/2022\/08\/8-219x146.jpeg 219w, https:\/\/ds-barranquilla.org\/wp-content\/uploads\/2022\/08\/8-50x33.jpeg 50w, https:\/\/ds-barranquilla.org\/wp-content\/uploads\/2022\/08\/8-113x75.jpeg 113w, https:\/\/ds-barranquilla.org\/wp-content\/uploads\/2022\/08\/8-800x533.jpeg 800w, https:\/\/ds-barranquilla.org\/wp-content\/uploads\/2022\/08\/8.jpeg 1280w\" sizes=\"(max-width:767px) 300px, 300px\" \/><\/a><a href=\"https:\/\/ds-barranquilla.org\/wp-content\/uploads\/2022\/08\/9.jpeg\"><img loading=\"lazy\" decoding=\"async\" class=\"alignnone size-medium wp-image-17113\" src=\"https:\/\/ds-barranquilla.org\/wp-content\/uploads\/2022\/08\/9-300x200.jpeg\" alt=\"\" width=\"300\" height=\"200\" srcset=\"https:\/\/ds-barranquilla.org\/wp-content\/uploads\/2022\/08\/9-300x200.jpeg 300w, https:\/\/ds-barranquilla.org\/wp-content\/uploads\/2022\/08\/9-1024x682.jpeg 1024w, https:\/\/ds-barranquilla.org\/wp-content\/uploads\/2022\/08\/9-768x512.jpeg 768w, https:\/\/ds-barranquilla.org\/wp-content\/uploads\/2022\/08\/9-391x260.jpeg 391w, https:\/\/ds-barranquilla.org\/wp-content\/uploads\/2022\/08\/9-18x12.jpeg 18w, https:\/\/ds-barranquilla.org\/wp-content\/uploads\/2022\/08\/9-219x146.jpeg 219w, https:\/\/ds-barranquilla.org\/wp-content\/uploads\/2022\/08\/9-50x33.jpeg 50w, https:\/\/ds-barranquilla.org\/wp-content\/uploads\/2022\/08\/9-113x75.jpeg 113w, https:\/\/ds-barranquilla.org\/wp-content\/uploads\/2022\/08\/9-800x533.jpeg 800w, https:\/\/ds-barranquilla.org\/wp-content\/uploads\/2022\/08\/9.jpeg 1280w\" sizes=\"(max-width:767px) 300px, 300px\" \/><\/a><a href=\"https:\/\/ds-barranquilla.org\/wp-content\/uploads\/2022\/08\/10.jpeg\"><img loading=\"lazy\" decoding=\"async\" class=\"alignnone size-medium wp-image-17114\" src=\"https:\/\/ds-barranquilla.org\/wp-content\/uploads\/2022\/08\/10-300x200.jpeg\" alt=\"\" width=\"300\" height=\"200\" srcset=\"https:\/\/ds-barranquilla.org\/wp-content\/uploads\/2022\/08\/10-300x200.jpeg 300w, https:\/\/ds-barranquilla.org\/wp-content\/uploads\/2022\/08\/10-1024x682.jpeg 1024w, https:\/\/ds-barranquilla.org\/wp-content\/uploads\/2022\/08\/10-768x512.jpeg 768w, https:\/\/ds-barranquilla.org\/wp-content\/uploads\/2022\/08\/10-391x260.jpeg 391w, https:\/\/ds-barranquilla.org\/wp-content\/uploads\/2022\/08\/10-18x12.jpeg 18w, https:\/\/ds-barranquilla.org\/wp-content\/uploads\/2022\/08\/10-219x146.jpeg 219w, https:\/\/ds-barranquilla.org\/wp-content\/uploads\/2022\/08\/10-50x33.jpeg 50w, https:\/\/ds-barranquilla.org\/wp-content\/uploads\/2022\/08\/10-113x75.jpeg 113w, https:\/\/ds-barranquilla.org\/wp-content\/uploads\/2022\/08\/10-800x533.jpeg 800w, https:\/\/ds-barranquilla.org\/wp-content\/uploads\/2022\/08\/10.jpeg 1280w\" sizes=\"(max-width:767px) 300px, 300px\" \/><\/a><\/p>\n<p><a href=\"https:\/\/m.facebook.com\/story.php?story_fbid=pfbid02Rb4TXFugwz6GW9YxDkVZ8qdTEFxLsNfYgAj3umtNX755rRCrnRvwe6ujGbdTBxmFl&amp;id=100056290190589\">Fotos<\/a><\/p>","protected":false},"excerpt":{"rendered":"<p>Los padres de la Klasse 1 le entregaron a sus hijos el Cono Escolar Creado por: Jos\u00e9 R\u00edos Mercado. Un ambiente de mucha emoci\u00f3n se vivi\u00f3<span class=\"excerpt-hellip\"> [\u2026]<\/span><\/p>","protected":false},"author":16,"featured_media":17104,"comment_status":"open","ping_status":"open","sticky":false,"template":"","format":"standard","meta":{"_exactmetrics_skip_tracking":false,"_exactmetrics_sitenote_active":false,"_exactmetrics_sitenote_note":"","_exactmetrics_sitenote_category":0,"_joinchat":[],"footnotes":""},"categories":[672,673,674,676],"tags":[],"class_list":["post-17103","post","type-post","status-publish","format-standard","has-post-thumbnail","hentry","category-672","category-area-de-aleman","category-lengua-y-cultura-alemana","category-primaria"],"yoast_head":"<!-- This site is optimized with the Yoast SEO plugin v23.3 - https:\/\/yoast.com\/wordpress\/plugins\/seo\/ -->\n<title>Los padres de la Klasse 1 le entregaron a sus hijos el Cono Escolar - 2026<\/title>\n<meta name=\"robots\" content=\"noindex, follow, max-snippet:-1, max-image-preview:large, max-video-preview:-1\" \/>\n<meta property=\"og:locale\" content=\"de_DE\" \/>\n<meta property=\"og:type\" content=\"article\" \/>\n<meta property=\"og:title\" content=\"Los padres de la Klasse 1 le entregaron a sus hijos el Cono Escolar - 2026\" \/>\n<meta property=\"og:description\" content=\"Los padres de la Klasse 1 le entregaron a sus hijos el Cono Escolar Creado por: Jos\u00e9 R\u00edos Mercado. Un ambiente de mucha emoci\u00f3n se vivi\u00f3 [\u2026]\" \/>\n<meta property=\"og:url\" content=\"https:\/\/ds-barranquilla.org\/de\/los-padres-de-la-klasse-1-le-entregaron-a-sus-hijos-el-cono-escolar\/\" \/>\n<meta property=\"og:site_name\" content=\"Colegio Alem\u00e1n - Los Mejores Colegios de Colombia - Colegio Triling\u00fce\" \/>\n<meta property=\"article:publisher\" content=\"https:\/\/www.facebook.com\/ColegioAlemanBaq\/\" \/>\n<meta property=\"article:published_time\" content=\"2022-08-10T13:09:16+00:00\" \/>\n<meta property=\"article:modified_time\" content=\"2022-11-22T17:01:28+00:00\" \/>\n<meta property=\"og:image\" content=\"https:\/\/ds-barranquilla.org\/wp-content\/uploads\/2022\/08\/Cono-Escolar-Web.jpg\" \/>\n\t<meta property=\"og:image:width\" content=\"1170\" \/>\n\t<meta property=\"og:image:height\" content=\"500\" \/>\n\t<meta property=\"og:image:type\" content=\"image\/jpeg\" \/>\n<meta name=\"author\" content=\"Comunicaciones Comunicaciones\" \/>\n<meta name=\"twitter:card\" content=\"summary_large_image\" \/>\n<meta name=\"twitter:creator\" content=\"@ColegioAlemanBq\" \/>\n<meta name=\"twitter:site\" content=\"@ColegioAlemanBq\" \/>\n<meta name=\"twitter:label1\" content=\"Verfasst von\" \/>\n\t<meta name=\"twitter:data1\" content=\"Comunicaciones Comunicaciones\" \/>\n\t<meta name=\"twitter:label2\" content=\"Gesch\u00e4tzte Lesezeit\" \/>\n\t<meta name=\"twitter:data2\" content=\"2\u00a0Minuten\" \/>\n<script type=\"application\/ld+json\" class=\"yoast-schema-graph\">{\"@context\":\"https:\/\/schema.org\",\"@graph\":[{\"@type\":\"Article\",\"@id\":\"https:\/\/ds-barranquilla.org\/los-padres-de-la-klasse-1-le-entregaron-a-sus-hijos-el-cono-escolar\/#article\",\"isPartOf\":{\"@id\":\"https:\/\/ds-barranquilla.org\/los-padres-de-la-klasse-1-le-entregaron-a-sus-hijos-el-cono-escolar\/\"},\"author\":{\"name\":\"Comunicaciones Comunicaciones\",\"@id\":\"https:\/\/ds-barranquilla.org\/#\/schema\/person\/7bf8790ba89d3480e0551241ccdc8d36\"},\"headline\":\"Los padres de la Klasse 1 le entregaron a sus hijos el Cono Escolar\",\"datePublished\":\"2022-08-10T13:09:16+00:00\",\"dateModified\":\"2022-11-22T17:01:28+00:00\",\"mainEntityOfPage\":{\"@id\":\"https:\/\/ds-barranquilla.org\/los-padres-de-la-klasse-1-le-entregaron-a-sus-hijos-el-cono-escolar\/\"},\"wordCount\":397,\"commentCount\":0,\"publisher\":{\"@id\":\"https:\/\/ds-barranquilla.org\/#organization\"},\"image\":{\"@id\":\"https:\/\/ds-barranquilla.org\/los-padres-de-la-klasse-1-le-entregaron-a-sus-hijos-el-cono-escolar\/#primaryimage\"},\"thumbnailUrl\":\"https:\/\/ds-barranquilla.org\/wp-content\/uploads\/2022\/08\/Cono-Escolar-Web.jpg\",\"articleSection\":[\"2022\",\"\u00c1rea de Alem\u00e1n\",\"Lengua y Cultura Alemana\",\"Primaria\"],\"inLanguage\":\"de\",\"potentialAction\":[{\"@type\":\"CommentAction\",\"name\":\"Comment\",\"target\":[\"https:\/\/ds-barranquilla.org\/los-padres-de-la-klasse-1-le-entregaron-a-sus-hijos-el-cono-escolar\/#respond\"]}]},{\"@type\":\"WebPage\",\"@id\":\"https:\/\/ds-barranquilla.org\/los-padres-de-la-klasse-1-le-entregaron-a-sus-hijos-el-cono-escolar\/\",\"url\":\"https:\/\/ds-barranquilla.org\/los-padres-de-la-klasse-1-le-entregaron-a-sus-hijos-el-cono-escolar\/\",\"name\":\"Los padres de la Klasse 1 le entregaron a sus hijos el Cono Escolar - 2026\",\"isPartOf\":{\"@id\":\"https:\/\/ds-barranquilla.org\/#website\"},\"primaryImageOfPage\":{\"@id\":\"https:\/\/ds-barranquilla.org\/los-padres-de-la-klasse-1-le-entregaron-a-sus-hijos-el-cono-escolar\/#primaryimage\"},\"image\":{\"@id\":\"https:\/\/ds-barranquilla.org\/los-padres-de-la-klasse-1-le-entregaron-a-sus-hijos-el-cono-escolar\/#primaryimage\"},\"thumbnailUrl\":\"https:\/\/ds-barranquilla.org\/wp-content\/uploads\/2022\/08\/Cono-Escolar-Web.jpg\",\"datePublished\":\"2022-08-10T13:09:16+00:00\",\"dateModified\":\"2022-11-22T17:01:28+00:00\",\"breadcrumb\":{\"@id\":\"https:\/\/ds-barranquilla.org\/los-padres-de-la-klasse-1-le-entregaron-a-sus-hijos-el-cono-escolar\/#breadcrumb\"},\"inLanguage\":\"de\",\"potentialAction\":[{\"@type\":\"ReadAction\",\"target\":[\"https:\/\/ds-barranquilla.org\/los-padres-de-la-klasse-1-le-entregaron-a-sus-hijos-el-cono-escolar\/\"]}]},{\"@type\":\"ImageObject\",\"inLanguage\":\"de\",\"@id\":\"https:\/\/ds-barranquilla.org\/los-padres-de-la-klasse-1-le-entregaron-a-sus-hijos-el-cono-escolar\/#primaryimage\",\"url\":\"https:\/\/ds-barranquilla.org\/wp-content\/uploads\/2022\/08\/Cono-Escolar-Web.jpg\",\"contentUrl\":\"https:\/\/ds-barranquilla.org\/wp-content\/uploads\/2022\/08\/Cono-Escolar-Web.jpg\",\"width\":1170,\"height\":500},{\"@type\":\"BreadcrumbList\",\"@id\":\"https:\/\/ds-barranquilla.org\/los-padres-de-la-klasse-1-le-entregaron-a-sus-hijos-el-cono-escolar\/#breadcrumb\",\"itemListElement\":[{\"@type\":\"ListItem\",\"position\":1,\"name\":\"Portada\",\"item\":\"https:\/\/ds-barranquilla.org\/\"},{\"@type\":\"ListItem\",\"position\":2,\"name\":\"Los padres de la Klasse 1 le entregaron a sus hijos el Cono Escolar\"}]},{\"@type\":\"WebSite\",\"@id\":\"https:\/\/ds-barranquilla.org\/#website\",\"url\":\"https:\/\/ds-barranquilla.org\/\",\"name\":\"Colegio Alem\u00e1n - Los Mejores Colegios de Colombia - Colegio Triling\u00fce\",\"description\":\"Colegio Alem\u00e1n  Barranquilla Colombia - Colegio Biling\u00fce - Triling\u00fce - El Mejor Colegio de Colombia\",\"publisher\":{\"@id\":\"https:\/\/ds-barranquilla.org\/#organization\"},\"potentialAction\":[{\"@type\":\"SearchAction\",\"target\":{\"@type\":\"EntryPoint\",\"urlTemplate\":\"https:\/\/ds-barranquilla.org\/?s={search_term_string}\"},\"query-input\":\"required name=search_term_string\"}],\"inLanguage\":\"de\"},{\"@type\":\"Organization\",\"@id\":\"https:\/\/ds-barranquilla.org\/#organization\",\"name\":\"Colegio Alem\u00e1n Barranquilla\",\"url\":\"https:\/\/ds-barranquilla.org\/\",\"logo\":{\"@type\":\"ImageObject\",\"inLanguage\":\"de\",\"@id\":\"https:\/\/ds-barranquilla.org\/#\/schema\/logo\/image\/\",\"url\":\"https:\/\/ds-barranquilla.org\/wp-content\/uploads\/2021\/05\/coleman_logo_2.png\",\"contentUrl\":\"https:\/\/ds-barranquilla.org\/wp-content\/uploads\/2021\/05\/coleman_logo_2.png\",\"width\":418,\"height\":307,\"caption\":\"Colegio Alem\u00e1n Barranquilla\"},\"image\":{\"@id\":\"https:\/\/ds-barranquilla.org\/#\/schema\/logo\/image\/\"},\"sameAs\":[\"https:\/\/www.facebook.com\/ColegioAlemanBaq\/\",\"https:\/\/x.com\/ColegioAlemanBq\",\"https:\/\/www.instagram.com\/colegioalemanbaq\/\",\"https:\/\/www.linkedin.com\/school\/deutsche-schule-barranquilla\/\",\"https:\/\/www.youtube.com\/channel\/UCOOGZQCVs6aYRqIWvSN5agQ\"]},{\"@type\":\"Person\",\"@id\":\"https:\/\/ds-barranquilla.org\/#\/schema\/person\/7bf8790ba89d3480e0551241ccdc8d36\",\"name\":\"Comunicaciones Comunicaciones\",\"image\":{\"@type\":\"ImageObject\",\"inLanguage\":\"de\",\"@id\":\"https:\/\/ds-barranquilla.org\/#\/schema\/person\/image\/\",\"url\":\"https:\/\/secure.gravatar.com\/avatar\/a66ba9484a4338d81d6bea750e595038?s=96&d=mm&r=g\",\"contentUrl\":\"https:\/\/secure.gravatar.com\/avatar\/a66ba9484a4338d81d6bea750e595038?s=96&d=mm&r=g\",\"caption\":\"Comunicaciones Comunicaciones\"}}]}<\/script>\n<!-- \/ Yoast SEO plugin. -->","yoast_head_json":{"title":"Los padres de la Klasse 1 le entregaron a sus hijos el Cono Escolar - 2026","robots":{"index":"noindex","follow":"follow","max-snippet":"max-snippet:-1","max-image-preview":"max-image-preview:large","max-video-preview":"max-video-preview:-1"},"og_locale":"de_DE","og_type":"article","og_title":"Los padres de la Klasse 1 le entregaron a sus hijos el Cono Escolar - 2026","og_description":"Los padres de la Klasse 1 le entregaron a sus hijos el Cono Escolar Creado por: Jos\u00e9 R\u00edos Mercado. Un ambiente de mucha emoci\u00f3n se vivi\u00f3 [\u2026]","og_url":"https:\/\/ds-barranquilla.org\/de\/los-padres-de-la-klasse-1-le-entregaron-a-sus-hijos-el-cono-escolar\/","og_site_name":"Colegio Alem\u00e1n - Los Mejores Colegios de Colombia - Colegio Triling\u00fce","article_publisher":"https:\/\/www.facebook.com\/ColegioAlemanBaq\/","article_published_time":"2022-08-10T13:09:16+00:00","article_modified_time":"2022-11-22T17:01:28+00:00","og_image":[{"width":1170,"height":500,"url":"https:\/\/ds-barranquilla.org\/wp-content\/uploads\/2022\/08\/Cono-Escolar-Web.jpg","type":"image\/jpeg"}],"author":"Comunicaciones Comunicaciones","twitter_card":"summary_large_image","twitter_creator":"@ColegioAlemanBq","twitter_site":"@ColegioAlemanBq","twitter_misc":{"Verfasst von":"Comunicaciones Comunicaciones","Gesch\u00e4tzte Lesezeit":"2\u00a0Minuten"},"schema":{"@context":"https:\/\/schema.org","@graph":[{"@type":"Article","@id":"https:\/\/ds-barranquilla.org\/los-padres-de-la-klasse-1-le-entregaron-a-sus-hijos-el-cono-escolar\/#article","isPartOf":{"@id":"https:\/\/ds-barranquilla.org\/los-padres-de-la-klasse-1-le-entregaron-a-sus-hijos-el-cono-escolar\/"},"author":{"name":"Comunicaciones Comunicaciones","@id":"https:\/\/ds-barranquilla.org\/#\/schema\/person\/7bf8790ba89d3480e0551241ccdc8d36"},"headline":"Los padres de la Klasse 1 le entregaron a sus hijos el Cono Escolar","datePublished":"2022-08-10T13:09:16+00:00","dateModified":"2022-11-22T17:01:28+00:00","mainEntityOfPage":{"@id":"https:\/\/ds-barranquilla.org\/los-padres-de-la-klasse-1-le-entregaron-a-sus-hijos-el-cono-escolar\/"},"wordCount":397,"commentCount":0,"publisher":{"@id":"https:\/\/ds-barranquilla.org\/#organization"},"image":{"@id":"https:\/\/ds-barranquilla.org\/los-padres-de-la-klasse-1-le-entregaron-a-sus-hijos-el-cono-escolar\/#primaryimage"},"thumbnailUrl":"https:\/\/ds-barranquilla.org\/wp-content\/uploads\/2022\/08\/Cono-Escolar-Web.jpg","articleSection":["2022","\u00c1rea de Alem\u00e1n","Lengua y Cultura Alemana","Primaria"],"inLanguage":"de","potentialAction":[{"@type":"CommentAction","name":"Comment","target":["https:\/\/ds-barranquilla.org\/los-padres-de-la-klasse-1-le-entregaron-a-sus-hijos-el-cono-escolar\/#respond"]}]},{"@type":"WebPage","@id":"https:\/\/ds-barranquilla.org\/los-padres-de-la-klasse-1-le-entregaron-a-sus-hijos-el-cono-escolar\/","url":"https:\/\/ds-barranquilla.org\/los-padres-de-la-klasse-1-le-entregaron-a-sus-hijos-el-cono-escolar\/","name":"Los padres de la Klasse 1 le entregaron a sus hijos el Cono Escolar - 2026","isPartOf":{"@id":"https:\/\/ds-barranquilla.org\/#website"},"primaryImageOfPage":{"@id":"https:\/\/ds-barranquilla.org\/los-padres-de-la-klasse-1-le-entregaron-a-sus-hijos-el-cono-escolar\/#primaryimage"},"image":{"@id":"https:\/\/ds-barranquilla.org\/los-padres-de-la-klasse-1-le-entregaron-a-sus-hijos-el-cono-escolar\/#primaryimage"},"thumbnailUrl":"https:\/\/ds-barranquilla.org\/wp-content\/uploads\/2022\/08\/Cono-Escolar-Web.jpg","datePublished":"2022-08-10T13:09:16+00:00","dateModified":"2022-11-22T17:01:28+00:00","breadcrumb":{"@id":"https:\/\/ds-barranquilla.org\/los-padres-de-la-klasse-1-le-entregaron-a-sus-hijos-el-cono-escolar\/#breadcrumb"},"inLanguage":"de","potentialAction":[{"@type":"ReadAction","target":["https:\/\/ds-barranquilla.org\/los-padres-de-la-klasse-1-le-entregaron-a-sus-hijos-el-cono-escolar\/"]}]},{"@type":"ImageObject","inLanguage":"de","@id":"https:\/\/ds-barranquilla.org\/los-padres-de-la-klasse-1-le-entregaron-a-sus-hijos-el-cono-escolar\/#primaryimage","url":"https:\/\/ds-barranquilla.org\/wp-content\/uploads\/2022\/08\/Cono-Escolar-Web.jpg","contentUrl":"https:\/\/ds-barranquilla.org\/wp-content\/uploads\/2022\/08\/Cono-Escolar-Web.jpg","width":1170,"height":500},{"@type":"BreadcrumbList","@id":"https:\/\/ds-barranquilla.org\/los-padres-de-la-klasse-1-le-entregaron-a-sus-hijos-el-cono-escolar\/#breadcrumb","itemListElement":[{"@type":"ListItem","position":1,"name":"Portada","item":"https:\/\/ds-barranquilla.org\/"},{"@type":"ListItem","position":2,"name":"Los padres de la Klasse 1 le entregaron a sus hijos el Cono Escolar"}]},{"@type":"WebSite","@id":"https:\/\/ds-barranquilla.org\/#website","url":"https:\/\/ds-barranquilla.org\/","name":"Colegio Alem\u00e1n - Los Mejores Colegios de Colombia - Colegio Triling\u00fce","description":"Colegio Alem\u00e1n  Barranquilla Colombia - Colegio Biling\u00fce - Triling\u00fce - El Mejor Colegio de Colombia","publisher":{"@id":"https:\/\/ds-barranquilla.org\/#organization"},"potentialAction":[{"@type":"SearchAction","target":{"@type":"EntryPoint","urlTemplate":"https:\/\/ds-barranquilla.org\/?s={search_term_string}"},"query-input":"required name=search_term_string"}],"inLanguage":"de"},{"@type":"Organization","@id":"https:\/\/ds-barranquilla.org\/#organization","name":"Colegio Alem\u00e1n Barranquilla","url":"https:\/\/ds-barranquilla.org\/","logo":{"@type":"ImageObject","inLanguage":"de","@id":"https:\/\/ds-barranquilla.org\/#\/schema\/logo\/image\/","url":"https:\/\/ds-barranquilla.org\/wp-content\/uploads\/2021\/05\/coleman_logo_2.png","contentUrl":"https:\/\/ds-barranquilla.org\/wp-content\/uploads\/2021\/05\/coleman_logo_2.png","width":418,"height":307,"caption":"Colegio Alem\u00e1n Barranquilla"},"image":{"@id":"https:\/\/ds-barranquilla.org\/#\/schema\/logo\/image\/"},"sameAs":["https:\/\/www.facebook.com\/ColegioAlemanBaq\/","https:\/\/x.com\/ColegioAlemanBq","https:\/\/www.instagram.com\/colegioalemanbaq\/","https:\/\/www.linkedin.com\/school\/deutsche-schule-barranquilla\/","https:\/\/www.youtube.com\/channel\/UCOOGZQCVs6aYRqIWvSN5agQ"]},{"@type":"Person","@id":"https:\/\/ds-barranquilla.org\/#\/schema\/person\/7bf8790ba89d3480e0551241ccdc8d36","name":"Comunicaciones Comunicaciones","image":{"@type":"ImageObject","inLanguage":"de","@id":"https:\/\/ds-barranquilla.org\/#\/schema\/person\/image\/","url":"https:\/\/secure.gravatar.com\/avatar\/a66ba9484a4338d81d6bea750e595038?s=96&d=mm&r=g","contentUrl":"https:\/\/secure.gravatar.com\/avatar\/a66ba9484a4338d81d6bea750e595038?s=96&d=mm&r=g","caption":"Comunicaciones Comunicaciones"}}]}},"_links":{"self":[{"href":"https:\/\/ds-barranquilla.org\/de\/wp-json\/wp\/v2\/posts\/17103"}],"collection":[{"href":"https:\/\/ds-barranquilla.org\/de\/wp-json\/wp\/v2\/posts"}],"about":[{"href":"https:\/\/ds-barranquilla.org\/de\/wp-json\/wp\/v2\/types\/post"}],"author":[{"embeddable":true,"href":"https:\/\/ds-barranquilla.org\/de\/wp-json\/wp\/v2\/users\/16"}],"replies":[{"embeddable":true,"href":"https:\/\/ds-barranquilla.org\/de\/wp-json\/wp\/v2\/comments?post=17103"}],"version-history":[{"count":1,"href":"https:\/\/ds-barranquilla.org\/de\/wp-json\/wp\/v2\/posts\/17103\/revisions"}],"predecessor-version":[{"id":17115,"href":"https:\/\/ds-barranquilla.org\/de\/wp-json\/wp\/v2\/posts\/17103\/revisions\/17115"}],"wp:featuredmedia":[{"embeddable":true,"href":"https:\/\/ds-barranquilla.org\/de\/wp-json\/wp\/v2\/media\/17104"}],"wp:attachment":[{"href":"https:\/\/ds-barranquilla.org\/de\/wp-json\/wp\/v2\/media?parent=17103"}],"wp:term":[{"taxonomy":"category","embeddable":true,"href":"https:\/\/ds-barranquilla.org\/de\/wp-json\/wp\/v2\/categories?post=17103"},{"taxonomy":"post_tag","embeddable":true,"href":"https:\/\/ds-barranquilla.org\/de\/wp-json\/wp\/v2\/tags?post=17103"}],"curies":[{"name":"wp","href":"https:\/\/api.w.org\/{rel}","templated":true}]}}