{"id":17168,"date":"2022-07-15T14:18:32","date_gmt":"2022-07-15T19:18:32","guid":{"rendered":"https:\/\/ds-barranquilla.org\/?p=17168"},"modified":"2022-11-22T12:07:26","modified_gmt":"2022-11-22T17:07:26","slug":"reflexivos-atributo-ib","status":"publish","type":"post","link":"https:\/\/ds-barranquilla.org\/de\/reflexivos-atributo-ib\/","title":{"rendered":"\u2018Reflexivos\u2019: Atributo IB"},"content":{"rendered":"<h1><strong>\u2018Reflexivos\u2019: Atributo IB<\/strong><\/h1>\n<p><strong>Geschrieben von: Lorena Rojas.<\/strong> En primer lugar, la reflexi\u00f3n se considera un conjunto de habilidades y pr\u00e1cticas metacognitivas conocidas como \u201creflexi\u00f3n metacognitiva\u201d (Mitchell,\u00a02010 y Tanner,\u00a02012). En segundo lugar, la reflexi\u00f3n se define como \u201creflexividad\u201d, lo que implica separar una experiencia nueva de los antecedentes y los sesgos propios de tal modo que la experiencia nueva pueda verse desde una perspectiva diferente, a menudo cultural (Blank,\u00a02000, y Kember, McKay, Sinclair y\u00a0Wong, 2008). En tercer lugar, la reflexi\u00f3n es una secuencia de pasos llamada \u201cproceso de reflexi\u00f3n\u201d, que se parece a un proceso de indagaci\u00f3n que comienza con una experiencia y conduce a una comprensi\u00f3n modificada o a una acci\u00f3n (Davis,\u00a02003).<\/p>\n<p>Gracias a su revisi\u00f3n de la bibliograf\u00eda especializada, los investigadores concluyeron tambi\u00e9n que:<\/p>\n<ul>\n<li>Las estrategias de pensamiento reflexivo generalmente traen consigo un desempe\u00f1o acad\u00e9mico mejor.<\/li>\n<li>El desarrollo del pensamiento reflexivo de los alumnos es un proceso complicado que exige centrarse en distintos tipos de estrategias, entre ellas las cognitivas, metacognitivas y afectivas\/ motivacionales.<\/li>\n<li>Los profesores influyen considerablemente en la forma que tienen los alumnos de interpretar el pensamiento reflexivo: cuando los profesores dan ejemplo de pensamiento reflexivo y animan a sus alumnos a practicarlo, el desempe\u00f1o y las habilidades de los alumnos en cuanto al pensamiento reflexivo mejoran.<a href=\"#_ftn1\" name=\"_ftnref1\">[1]<\/a><\/li>\n<\/ul>\n<p>&nbsp;<\/p>\n<p>A partir de este art\u00edculo, podemos revalorar los procesos de reflexi\u00f3n que se consolidan como lenguajes de las buenas pr\u00e1cticas dentro de los procesos de ense\u00f1anza y aprendizaje, y que son criterios que nos permiten como instituci\u00f3n educativa alemana, revisar la validez del impacto de los ejercicios reflexivos en nuestros encuentros acad\u00e9micos.<\/p>\n<p>El Colegio Alem\u00e1n de Barranquilla, hace uso de las buenas pr\u00e1cticas reflexivas al permitir los espacios de auto concientizaci\u00f3n, validaci\u00f3n del saber y del ser en los contextos. Nuestros estudiantes tienen la posibilidad de expresar y comprobar sus experiencias, ideales y perspectivas entre pares o en pleno, sin ninguna limitaci\u00f3n.<\/p>\n<p>Es bien dif\u00edcil, tener una atm\u00f3sfera homog\u00e9nea dentro del aula; normalmente los alumnos est\u00e1n debatiendo, intercambiando sus ideas, consensuando su saber y validando lo aceptable y responsable en el compartir del saber mismo. Los docentes, aplicamos dentro de los esquemas del curr\u00edculo de m\u00e9todos, momentos de reflexi\u00f3n para llevar a nuestros estudiantes a ser m\u00e1s conscientes de su aprendizaje en los conocimientos que queremos transcender.<\/p>\n<p>Los inputs, de cada espacio, son las oportunidades que los profesores tienen para direccionar las buenas pr\u00e1cticas reflexivas desde la mirada \u201cmetacognitiva\u201d (c\u00f3mo puedo yo aplicar ese saber en la vida misma) y desde lo afectivo (c\u00f3mo valoro desde la emoci\u00f3n y motivaci\u00f3n misma de la experiencia, el impacto de lo aprendido). Invitamos a toda la comunidad educativa, a propiciar estos espacios y tomar de referencia este estudio anal\u00edtico sobre el atributo IB: Reflexivos.<\/p>\n<p>&nbsp;<\/p>\n<p>_____________________<\/p>\n<p><a href=\"#_ftnref1\" name=\"_ftn1\">[1]<\/a> RESUMEN DE INVESTIGACI\u00d3N Estudio sobre la reflexi\u00f3n en el Programa del Diploma del Bachillerato Internacional Resumen preparado por el departamento de investigaci\u00f3n del\u00a0IB a partir de un informe elaborado por: Jacqueline Stillisano, Kim Wright, Anna Boriack, Tracey Hodges, Sunni Sonnenburg, Sandra Metoyer, Kayla Rollins y Hersh Waxman Education Research Center, Universidad de Texas A&amp;M Abril de 2016.<\/p>","protected":false},"excerpt":{"rendered":"<p>\u2018Reflexivos\u2019: Atributo IB Creado por: Lorena Rojas. En primer lugar, la reflexi\u00f3n se considera un conjunto de habilidades y pr\u00e1cticas metacognitivas conocidas como \u201creflexi\u00f3n metacognitiva\u201d (Mitchell,\u00a02010<span class=\"excerpt-hellip\"> [\u2026]<\/span><\/p>","protected":false},"author":16,"featured_media":17172,"comment_status":"open","ping_status":"open","sticky":false,"template":"","format":"standard","meta":{"_exactmetrics_skip_tracking":false,"_exactmetrics_sitenote_active":false,"_exactmetrics_sitenote_note":"","_exactmetrics_sitenote_category":0,"_joinchat":[],"footnotes":""},"categories":[672,694],"tags":[],"class_list":["post-17168","post","type-post","status-publish","format-standard","has-post-thumbnail","hentry","category-672","category-bachillerato-internacional"],"yoast_head":"<!-- This site is optimized with the Yoast SEO plugin v23.3 - https:\/\/yoast.com\/wordpress\/plugins\/seo\/ -->\n<title>\u2018Reflexivos\u2019: Atributo IB - 2026<\/title>\n<meta name=\"robots\" content=\"noindex, follow, max-snippet:-1, max-image-preview:large, max-video-preview:-1\" \/>\n<meta property=\"og:locale\" content=\"de_DE\" \/>\n<meta property=\"og:type\" content=\"article\" \/>\n<meta property=\"og:title\" content=\"\u2018Reflexivos\u2019: Atributo IB - 2026\" \/>\n<meta property=\"og:description\" content=\"\u2018Reflexivos\u2019: Atributo IB Creado por: Lorena Rojas. En primer lugar, la reflexi\u00f3n se considera un conjunto de habilidades y pr\u00e1cticas metacognitivas conocidas como \u201creflexi\u00f3n metacognitiva\u201d (Mitchell,\u00a02010 [\u2026]\" \/>\n<meta property=\"og:url\" content=\"https:\/\/ds-barranquilla.org\/de\/reflexivos-atributo-ib\/\" \/>\n<meta property=\"og:site_name\" content=\"Colegio Alem\u00e1n - Los Mejores Colegios de Colombia - Colegio Triling\u00fce\" \/>\n<meta property=\"article:publisher\" content=\"https:\/\/www.facebook.com\/ColegioAlemanBaq\/\" \/>\n<meta property=\"article:published_time\" content=\"2022-07-15T19:18:32+00:00\" \/>\n<meta property=\"article:modified_time\" content=\"2022-11-22T17:07:26+00:00\" \/>\n<meta property=\"og:image\" content=\"https:\/\/ds-barranquilla.org\/wp-content\/uploads\/2022\/08\/OPE-Web.jpg\" \/>\n\t<meta property=\"og:image:width\" content=\"1170\" \/>\n\t<meta property=\"og:image:height\" content=\"500\" \/>\n\t<meta property=\"og:image:type\" content=\"image\/jpeg\" \/>\n<meta name=\"author\" content=\"Comunicaciones Comunicaciones\" \/>\n<meta name=\"twitter:card\" content=\"summary_large_image\" \/>\n<meta name=\"twitter:creator\" content=\"@ColegioAlemanBq\" \/>\n<meta name=\"twitter:site\" content=\"@ColegioAlemanBq\" \/>\n<meta name=\"twitter:label1\" content=\"Verfasst von\" \/>\n\t<meta name=\"twitter:data1\" content=\"Comunicaciones Comunicaciones\" \/>\n\t<meta name=\"twitter:label2\" content=\"Gesch\u00e4tzte Lesezeit\" \/>\n\t<meta name=\"twitter:data2\" content=\"3\u00a0Minuten\" \/>\n<script type=\"application\/ld+json\" class=\"yoast-schema-graph\">{\"@context\":\"https:\/\/schema.org\",\"@graph\":[{\"@type\":\"Article\",\"@id\":\"https:\/\/ds-barranquilla.org\/reflexivos-atributo-ib\/#article\",\"isPartOf\":{\"@id\":\"https:\/\/ds-barranquilla.org\/reflexivos-atributo-ib\/\"},\"author\":{\"name\":\"Comunicaciones Comunicaciones\",\"@id\":\"https:\/\/ds-barranquilla.org\/#\/schema\/person\/7bf8790ba89d3480e0551241ccdc8d36\"},\"headline\":\"\u2018Reflexivos\u2019: Atributo IB\",\"datePublished\":\"2022-07-15T19:18:32+00:00\",\"dateModified\":\"2022-11-22T17:07:26+00:00\",\"mainEntityOfPage\":{\"@id\":\"https:\/\/ds-barranquilla.org\/reflexivos-atributo-ib\/\"},\"wordCount\":558,\"commentCount\":0,\"publisher\":{\"@id\":\"https:\/\/ds-barranquilla.org\/#organization\"},\"image\":{\"@id\":\"https:\/\/ds-barranquilla.org\/reflexivos-atributo-ib\/#primaryimage\"},\"thumbnailUrl\":\"https:\/\/ds-barranquilla.org\/wp-content\/uploads\/2022\/08\/OPE-Web.jpg\",\"articleSection\":[\"2022\",\"Bachillerato Internacional\"],\"inLanguage\":\"de\",\"potentialAction\":[{\"@type\":\"CommentAction\",\"name\":\"Comment\",\"target\":[\"https:\/\/ds-barranquilla.org\/reflexivos-atributo-ib\/#respond\"]}]},{\"@type\":\"WebPage\",\"@id\":\"https:\/\/ds-barranquilla.org\/reflexivos-atributo-ib\/\",\"url\":\"https:\/\/ds-barranquilla.org\/reflexivos-atributo-ib\/\",\"name\":\"\u2018Reflexivos\u2019: Atributo IB - 2026\",\"isPartOf\":{\"@id\":\"https:\/\/ds-barranquilla.org\/#website\"},\"primaryImageOfPage\":{\"@id\":\"https:\/\/ds-barranquilla.org\/reflexivos-atributo-ib\/#primaryimage\"},\"image\":{\"@id\":\"https:\/\/ds-barranquilla.org\/reflexivos-atributo-ib\/#primaryimage\"},\"thumbnailUrl\":\"https:\/\/ds-barranquilla.org\/wp-content\/uploads\/2022\/08\/OPE-Web.jpg\",\"datePublished\":\"2022-07-15T19:18:32+00:00\",\"dateModified\":\"2022-11-22T17:07:26+00:00\",\"breadcrumb\":{\"@id\":\"https:\/\/ds-barranquilla.org\/reflexivos-atributo-ib\/#breadcrumb\"},\"inLanguage\":\"de\",\"potentialAction\":[{\"@type\":\"ReadAction\",\"target\":[\"https:\/\/ds-barranquilla.org\/reflexivos-atributo-ib\/\"]}]},{\"@type\":\"ImageObject\",\"inLanguage\":\"de\",\"@id\":\"https:\/\/ds-barranquilla.org\/reflexivos-atributo-ib\/#primaryimage\",\"url\":\"https:\/\/ds-barranquilla.org\/wp-content\/uploads\/2022\/08\/OPE-Web.jpg\",\"contentUrl\":\"https:\/\/ds-barranquilla.org\/wp-content\/uploads\/2022\/08\/OPE-Web.jpg\",\"width\":1170,\"height\":500},{\"@type\":\"BreadcrumbList\",\"@id\":\"https:\/\/ds-barranquilla.org\/reflexivos-atributo-ib\/#breadcrumb\",\"itemListElement\":[{\"@type\":\"ListItem\",\"position\":1,\"name\":\"Portada\",\"item\":\"https:\/\/ds-barranquilla.org\/\"},{\"@type\":\"ListItem\",\"position\":2,\"name\":\"\u2018Reflexivos\u2019: Atributo IB\"}]},{\"@type\":\"WebSite\",\"@id\":\"https:\/\/ds-barranquilla.org\/#website\",\"url\":\"https:\/\/ds-barranquilla.org\/\",\"name\":\"Colegio Alem\u00e1n - Los Mejores Colegios de Colombia - Colegio Triling\u00fce\",\"description\":\"Colegio Alem\u00e1n  Barranquilla Colombia - Colegio Biling\u00fce - Triling\u00fce - El Mejor Colegio de Colombia\",\"publisher\":{\"@id\":\"https:\/\/ds-barranquilla.org\/#organization\"},\"potentialAction\":[{\"@type\":\"SearchAction\",\"target\":{\"@type\":\"EntryPoint\",\"urlTemplate\":\"https:\/\/ds-barranquilla.org\/?s={search_term_string}\"},\"query-input\":\"required name=search_term_string\"}],\"inLanguage\":\"de\"},{\"@type\":\"Organization\",\"@id\":\"https:\/\/ds-barranquilla.org\/#organization\",\"name\":\"Colegio Alem\u00e1n Barranquilla\",\"url\":\"https:\/\/ds-barranquilla.org\/\",\"logo\":{\"@type\":\"ImageObject\",\"inLanguage\":\"de\",\"@id\":\"https:\/\/ds-barranquilla.org\/#\/schema\/logo\/image\/\",\"url\":\"https:\/\/ds-barranquilla.org\/wp-content\/uploads\/2021\/05\/coleman_logo_2.png\",\"contentUrl\":\"https:\/\/ds-barranquilla.org\/wp-content\/uploads\/2021\/05\/coleman_logo_2.png\",\"width\":418,\"height\":307,\"caption\":\"Colegio Alem\u00e1n Barranquilla\"},\"image\":{\"@id\":\"https:\/\/ds-barranquilla.org\/#\/schema\/logo\/image\/\"},\"sameAs\":[\"https:\/\/www.facebook.com\/ColegioAlemanBaq\/\",\"https:\/\/x.com\/ColegioAlemanBq\",\"https:\/\/www.instagram.com\/colegioalemanbaq\/\",\"https:\/\/www.linkedin.com\/school\/deutsche-schule-barranquilla\/\",\"https:\/\/www.youtube.com\/channel\/UCOOGZQCVs6aYRqIWvSN5agQ\"]},{\"@type\":\"Person\",\"@id\":\"https:\/\/ds-barranquilla.org\/#\/schema\/person\/7bf8790ba89d3480e0551241ccdc8d36\",\"name\":\"Comunicaciones Comunicaciones\",\"image\":{\"@type\":\"ImageObject\",\"inLanguage\":\"de\",\"@id\":\"https:\/\/ds-barranquilla.org\/#\/schema\/person\/image\/\",\"url\":\"https:\/\/secure.gravatar.com\/avatar\/a66ba9484a4338d81d6bea750e595038?s=96&d=mm&r=g\",\"contentUrl\":\"https:\/\/secure.gravatar.com\/avatar\/a66ba9484a4338d81d6bea750e595038?s=96&d=mm&r=g\",\"caption\":\"Comunicaciones Comunicaciones\"}}]}<\/script>\n<!-- \/ Yoast SEO plugin. -->","yoast_head_json":{"title":"\u2018Reflexivos\u2019: Atributo IB - 2026","robots":{"index":"noindex","follow":"follow","max-snippet":"max-snippet:-1","max-image-preview":"max-image-preview:large","max-video-preview":"max-video-preview:-1"},"og_locale":"de_DE","og_type":"article","og_title":"\u2018Reflexivos\u2019: Atributo IB - 2026","og_description":"\u2018Reflexivos\u2019: Atributo IB Creado por: Lorena Rojas. En primer lugar, la reflexi\u00f3n se considera un conjunto de habilidades y pr\u00e1cticas metacognitivas conocidas como \u201creflexi\u00f3n metacognitiva\u201d (Mitchell,\u00a02010 [\u2026]","og_url":"https:\/\/ds-barranquilla.org\/de\/reflexivos-atributo-ib\/","og_site_name":"Colegio Alem\u00e1n - Los Mejores Colegios de Colombia - Colegio Triling\u00fce","article_publisher":"https:\/\/www.facebook.com\/ColegioAlemanBaq\/","article_published_time":"2022-07-15T19:18:32+00:00","article_modified_time":"2022-11-22T17:07:26+00:00","og_image":[{"width":1170,"height":500,"url":"https:\/\/ds-barranquilla.org\/wp-content\/uploads\/2022\/08\/OPE-Web.jpg","type":"image\/jpeg"}],"author":"Comunicaciones Comunicaciones","twitter_card":"summary_large_image","twitter_creator":"@ColegioAlemanBq","twitter_site":"@ColegioAlemanBq","twitter_misc":{"Verfasst von":"Comunicaciones Comunicaciones","Gesch\u00e4tzte Lesezeit":"3\u00a0Minuten"},"schema":{"@context":"https:\/\/schema.org","@graph":[{"@type":"Article","@id":"https:\/\/ds-barranquilla.org\/reflexivos-atributo-ib\/#article","isPartOf":{"@id":"https:\/\/ds-barranquilla.org\/reflexivos-atributo-ib\/"},"author":{"name":"Comunicaciones Comunicaciones","@id":"https:\/\/ds-barranquilla.org\/#\/schema\/person\/7bf8790ba89d3480e0551241ccdc8d36"},"headline":"\u2018Reflexivos\u2019: Atributo IB","datePublished":"2022-07-15T19:18:32+00:00","dateModified":"2022-11-22T17:07:26+00:00","mainEntityOfPage":{"@id":"https:\/\/ds-barranquilla.org\/reflexivos-atributo-ib\/"},"wordCount":558,"commentCount":0,"publisher":{"@id":"https:\/\/ds-barranquilla.org\/#organization"},"image":{"@id":"https:\/\/ds-barranquilla.org\/reflexivos-atributo-ib\/#primaryimage"},"thumbnailUrl":"https:\/\/ds-barranquilla.org\/wp-content\/uploads\/2022\/08\/OPE-Web.jpg","articleSection":["2022","Bachillerato Internacional"],"inLanguage":"de","potentialAction":[{"@type":"CommentAction","name":"Comment","target":["https:\/\/ds-barranquilla.org\/reflexivos-atributo-ib\/#respond"]}]},{"@type":"WebPage","@id":"https:\/\/ds-barranquilla.org\/reflexivos-atributo-ib\/","url":"https:\/\/ds-barranquilla.org\/reflexivos-atributo-ib\/","name":"\u2018Reflexivos\u2019: Atributo IB - 2026","isPartOf":{"@id":"https:\/\/ds-barranquilla.org\/#website"},"primaryImageOfPage":{"@id":"https:\/\/ds-barranquilla.org\/reflexivos-atributo-ib\/#primaryimage"},"image":{"@id":"https:\/\/ds-barranquilla.org\/reflexivos-atributo-ib\/#primaryimage"},"thumbnailUrl":"https:\/\/ds-barranquilla.org\/wp-content\/uploads\/2022\/08\/OPE-Web.jpg","datePublished":"2022-07-15T19:18:32+00:00","dateModified":"2022-11-22T17:07:26+00:00","breadcrumb":{"@id":"https:\/\/ds-barranquilla.org\/reflexivos-atributo-ib\/#breadcrumb"},"inLanguage":"de","potentialAction":[{"@type":"ReadAction","target":["https:\/\/ds-barranquilla.org\/reflexivos-atributo-ib\/"]}]},{"@type":"ImageObject","inLanguage":"de","@id":"https:\/\/ds-barranquilla.org\/reflexivos-atributo-ib\/#primaryimage","url":"https:\/\/ds-barranquilla.org\/wp-content\/uploads\/2022\/08\/OPE-Web.jpg","contentUrl":"https:\/\/ds-barranquilla.org\/wp-content\/uploads\/2022\/08\/OPE-Web.jpg","width":1170,"height":500},{"@type":"BreadcrumbList","@id":"https:\/\/ds-barranquilla.org\/reflexivos-atributo-ib\/#breadcrumb","itemListElement":[{"@type":"ListItem","position":1,"name":"Portada","item":"https:\/\/ds-barranquilla.org\/"},{"@type":"ListItem","position":2,"name":"\u2018Reflexivos\u2019: Atributo IB"}]},{"@type":"WebSite","@id":"https:\/\/ds-barranquilla.org\/#website","url":"https:\/\/ds-barranquilla.org\/","name":"Colegio Alem\u00e1n - Los Mejores Colegios de Colombia - Colegio Triling\u00fce","description":"Colegio Alem\u00e1n  Barranquilla Colombia - Colegio Biling\u00fce - Triling\u00fce - El Mejor Colegio de Colombia","publisher":{"@id":"https:\/\/ds-barranquilla.org\/#organization"},"potentialAction":[{"@type":"SearchAction","target":{"@type":"EntryPoint","urlTemplate":"https:\/\/ds-barranquilla.org\/?s={search_term_string}"},"query-input":"required name=search_term_string"}],"inLanguage":"de"},{"@type":"Organization","@id":"https:\/\/ds-barranquilla.org\/#organization","name":"Colegio Alem\u00e1n Barranquilla","url":"https:\/\/ds-barranquilla.org\/","logo":{"@type":"ImageObject","inLanguage":"de","@id":"https:\/\/ds-barranquilla.org\/#\/schema\/logo\/image\/","url":"https:\/\/ds-barranquilla.org\/wp-content\/uploads\/2021\/05\/coleman_logo_2.png","contentUrl":"https:\/\/ds-barranquilla.org\/wp-content\/uploads\/2021\/05\/coleman_logo_2.png","width":418,"height":307,"caption":"Colegio Alem\u00e1n Barranquilla"},"image":{"@id":"https:\/\/ds-barranquilla.org\/#\/schema\/logo\/image\/"},"sameAs":["https:\/\/www.facebook.com\/ColegioAlemanBaq\/","https:\/\/x.com\/ColegioAlemanBq","https:\/\/www.instagram.com\/colegioalemanbaq\/","https:\/\/www.linkedin.com\/school\/deutsche-schule-barranquilla\/","https:\/\/www.youtube.com\/channel\/UCOOGZQCVs6aYRqIWvSN5agQ"]},{"@type":"Person","@id":"https:\/\/ds-barranquilla.org\/#\/schema\/person\/7bf8790ba89d3480e0551241ccdc8d36","name":"Comunicaciones Comunicaciones","image":{"@type":"ImageObject","inLanguage":"de","@id":"https:\/\/ds-barranquilla.org\/#\/schema\/person\/image\/","url":"https:\/\/secure.gravatar.com\/avatar\/a66ba9484a4338d81d6bea750e595038?s=96&d=mm&r=g","contentUrl":"https:\/\/secure.gravatar.com\/avatar\/a66ba9484a4338d81d6bea750e595038?s=96&d=mm&r=g","caption":"Comunicaciones Comunicaciones"}}]}},"_links":{"self":[{"href":"https:\/\/ds-barranquilla.org\/de\/wp-json\/wp\/v2\/posts\/17168"}],"collection":[{"href":"https:\/\/ds-barranquilla.org\/de\/wp-json\/wp\/v2\/posts"}],"about":[{"href":"https:\/\/ds-barranquilla.org\/de\/wp-json\/wp\/v2\/types\/post"}],"author":[{"embeddable":true,"href":"https:\/\/ds-barranquilla.org\/de\/wp-json\/wp\/v2\/users\/16"}],"replies":[{"embeddable":true,"href":"https:\/\/ds-barranquilla.org\/de\/wp-json\/wp\/v2\/comments?post=17168"}],"version-history":[{"count":1,"href":"https:\/\/ds-barranquilla.org\/de\/wp-json\/wp\/v2\/posts\/17168\/revisions"}],"predecessor-version":[{"id":17173,"href":"https:\/\/ds-barranquilla.org\/de\/wp-json\/wp\/v2\/posts\/17168\/revisions\/17173"}],"wp:featuredmedia":[{"embeddable":true,"href":"https:\/\/ds-barranquilla.org\/de\/wp-json\/wp\/v2\/media\/17172"}],"wp:attachment":[{"href":"https:\/\/ds-barranquilla.org\/de\/wp-json\/wp\/v2\/media?parent=17168"}],"wp:term":[{"taxonomy":"category","embeddable":true,"href":"https:\/\/ds-barranquilla.org\/de\/wp-json\/wp\/v2\/categories?post=17168"},{"taxonomy":"post_tag","embeddable":true,"href":"https:\/\/ds-barranquilla.org\/de\/wp-json\/wp\/v2\/tags?post=17168"}],"curies":[{"name":"wp","href":"https:\/\/api.w.org\/{rel}","templated":true}]}}