{"id":17448,"date":"2022-08-11T14:56:21","date_gmt":"2022-08-11T19:56:21","guid":{"rendered":"https:\/\/ds-barranquilla.org\/?p=17448"},"modified":"2022-11-22T12:01:37","modified_gmt":"2022-11-22T17:01:37","slug":"inicio-en-nuestro-colegio-el-ano-escolar-2022-2023","status":"publish","type":"post","link":"https:\/\/ds-barranquilla.org\/de\/inicio-en-nuestro-colegio-el-ano-escolar-2022-2023\/","title":{"rendered":"Inici\u00f3 en nuestro colegio el A\u00f1o escolar 2022-2023"},"content":{"rendered":"<h1><strong>Inici\u00f3 en nuestro colegio el A\u00f1o escolar 2022-2023<\/strong><\/h1>\n<p><strong>Geschrieben von: Jos\u00e9 R\u00edos Mercado.<\/strong> Con mucho entusiasmo y luego de unas merecidas vacaciones, nuestros estudiantes de Kindergarten, Primaria y Secundaria, iniciaron el A\u00f1o escolar 2022-2023. Desde bien temprano los padres de familia llegaron al colegio junto a sus hijos, quienes no ocultaron su alegr\u00eda al volver a ver a sus compa\u00f1eros de clase y sus docentes en un nuevo periodo que traer\u00e1 muchos retos acad\u00e9micos para todos los alumnos.<\/p>\n<p>En el caso del Kindergarten, los m\u00e1s peque\u00f1os se llevaron una gran sorpresa al encontrar un parque totalmente renovado y que desde el primer momento, pudieron disfrutar. Los nuevos juegos de este espacio captaron todo el inter\u00e9s de los ni\u00f1os de esta secci\u00f3n que tuvo en cuenta cada detalle para poder ofrecerles esta nueva alternativa de esparcimiento.<\/p>\n<p>\u201cEl inicio del a\u00f1o escolar en la Primaria comenz\u00f3 el martes 9 de agosto en la Klasse 1 con la entrega del Cono Escolar; fue muy emocionante para los ni\u00f1os recibir este obsequio de manos de sus padres, quienes los esperaron sorpresivamente en los salones. El mi\u00e9rcoles 10 de agosto iniciaron actividades los estudiantes de la Klasse 2 en adelante\u201d, expres\u00f3 el Director de Primaria, Iv\u00e1n D\u2019Onofrio.<\/p>\n<p>Por su parte, la Directora de Secundaria, Lizbana Rueda, destac\u00f3 la alegr\u00eda y el entusiasmo de los alumnos en cada una de las actividades desarrolladas ese d\u00eda y manifest\u00f3 que los Directores de Grupo fueron protagonistas de la jornada al socializar con los estudiantes los diferentes cambios y las novedades del colegio de cara al nuevo periodo.<\/p>\n<p><a href=\"https:\/\/m.facebook.com\/story.php?story_fbid=pfbid02WGnBj5j4y1UseL1Hb6yiJjEEiqzvp9z8vNuRpQjRKY9789vxVK5YmkYtWQX6nagml&amp;id=100056290190589\">Fotos<\/a><\/p>","protected":false},"excerpt":{"rendered":"<p>Inici\u00f3 en nuestro colegio el A\u00f1o escolar 2022-2023 Creado por: Jos\u00e9 R\u00edos Mercado. Con mucho entusiasmo y luego de unas merecidas vacaciones, nuestros estudiantes de Kindergarten,<span class=\"excerpt-hellip\"> [\u2026]<\/span><\/p>","protected":false},"author":16,"featured_media":17449,"comment_status":"open","ping_status":"open","sticky":false,"template":"","format":"standard","meta":{"_exactmetrics_skip_tracking":false,"_exactmetrics_sitenote_active":false,"_exactmetrics_sitenote_note":"","_exactmetrics_sitenote_category":0,"_joinchat":[],"footnotes":""},"categories":[672,677,676,710],"tags":[],"class_list":["post-17448","post","type-post","status-publish","format-standard","has-post-thumbnail","hentry","category-672","category-kindergarten","category-primaria","category-secundaria"],"yoast_head":"<!-- This site is optimized with the Yoast SEO plugin v23.3 - https:\/\/yoast.com\/wordpress\/plugins\/seo\/ -->\n<title>Inici\u00f3 en nuestro colegio el A\u00f1o escolar 2022-2023 - 2026<\/title>\n<meta name=\"robots\" content=\"noindex, follow, max-snippet:-1, max-image-preview:large, max-video-preview:-1\" \/>\n<meta property=\"og:locale\" content=\"de_DE\" \/>\n<meta property=\"og:type\" content=\"article\" \/>\n<meta property=\"og:title\" content=\"Inici\u00f3 en nuestro colegio el A\u00f1o escolar 2022-2023 - 2026\" \/>\n<meta property=\"og:description\" content=\"Inici\u00f3 en nuestro colegio el A\u00f1o escolar 2022-2023 Creado por: Jos\u00e9 R\u00edos Mercado. Con mucho entusiasmo y luego de unas merecidas vacaciones, nuestros estudiantes de Kindergarten, [\u2026]\" \/>\n<meta property=\"og:url\" content=\"https:\/\/ds-barranquilla.org\/de\/inicio-en-nuestro-colegio-el-ano-escolar-2022-2023\/\" \/>\n<meta property=\"og:site_name\" content=\"Colegio Alem\u00e1n - Los Mejores Colegios de Colombia - Colegio Triling\u00fce\" \/>\n<meta property=\"article:publisher\" content=\"https:\/\/www.facebook.com\/ColegioAlemanBaq\/\" \/>\n<meta property=\"article:published_time\" content=\"2022-08-11T19:56:21+00:00\" \/>\n<meta property=\"article:modified_time\" content=\"2022-11-22T17:01:37+00:00\" \/>\n<meta property=\"og:image\" content=\"https:\/\/ds-barranquilla.org\/wp-content\/uploads\/2022\/08\/Inicio-del-Ano-escolar-Web.jpg\" \/>\n\t<meta property=\"og:image:width\" content=\"1170\" \/>\n\t<meta property=\"og:image:height\" content=\"500\" \/>\n\t<meta property=\"og:image:type\" content=\"image\/jpeg\" \/>\n<meta name=\"author\" content=\"Comunicaciones Comunicaciones\" \/>\n<meta name=\"twitter:card\" content=\"summary_large_image\" \/>\n<meta name=\"twitter:creator\" content=\"@ColegioAlemanBq\" \/>\n<meta name=\"twitter:site\" content=\"@ColegioAlemanBq\" \/>\n<meta name=\"twitter:label1\" content=\"Verfasst von\" \/>\n\t<meta name=\"twitter:data1\" content=\"Comunicaciones Comunicaciones\" \/>\n\t<meta name=\"twitter:label2\" content=\"Gesch\u00e4tzte Lesezeit\" \/>\n\t<meta name=\"twitter:data2\" content=\"1\u00a0Minute\" \/>\n<script type=\"application\/ld+json\" class=\"yoast-schema-graph\">{\"@context\":\"https:\/\/schema.org\",\"@graph\":[{\"@type\":\"Article\",\"@id\":\"https:\/\/ds-barranquilla.org\/inicio-en-nuestro-colegio-el-ano-escolar-2022-2023\/#article\",\"isPartOf\":{\"@id\":\"https:\/\/ds-barranquilla.org\/inicio-en-nuestro-colegio-el-ano-escolar-2022-2023\/\"},\"author\":{\"name\":\"Comunicaciones Comunicaciones\",\"@id\":\"https:\/\/ds-barranquilla.org\/#\/schema\/person\/7bf8790ba89d3480e0551241ccdc8d36\"},\"headline\":\"Inici\u00f3 en nuestro colegio el A\u00f1o escolar 2022-2023\",\"datePublished\":\"2022-08-11T19:56:21+00:00\",\"dateModified\":\"2022-11-22T17:01:37+00:00\",\"mainEntityOfPage\":{\"@id\":\"https:\/\/ds-barranquilla.org\/inicio-en-nuestro-colegio-el-ano-escolar-2022-2023\/\"},\"wordCount\":287,\"commentCount\":0,\"publisher\":{\"@id\":\"https:\/\/ds-barranquilla.org\/#organization\"},\"image\":{\"@id\":\"https:\/\/ds-barranquilla.org\/inicio-en-nuestro-colegio-el-ano-escolar-2022-2023\/#primaryimage\"},\"thumbnailUrl\":\"https:\/\/ds-barranquilla.org\/wp-content\/uploads\/2022\/08\/Inicio-del-Ano-escolar-Web.jpg\",\"articleSection\":[\"2022\",\"Kindergarten\",\"Primaria\",\"Secundaria\"],\"inLanguage\":\"de\",\"potentialAction\":[{\"@type\":\"CommentAction\",\"name\":\"Comment\",\"target\":[\"https:\/\/ds-barranquilla.org\/inicio-en-nuestro-colegio-el-ano-escolar-2022-2023\/#respond\"]}]},{\"@type\":\"WebPage\",\"@id\":\"https:\/\/ds-barranquilla.org\/inicio-en-nuestro-colegio-el-ano-escolar-2022-2023\/\",\"url\":\"https:\/\/ds-barranquilla.org\/inicio-en-nuestro-colegio-el-ano-escolar-2022-2023\/\",\"name\":\"Inici\u00f3 en nuestro colegio el A\u00f1o escolar 2022-2023 - 2026\",\"isPartOf\":{\"@id\":\"https:\/\/ds-barranquilla.org\/#website\"},\"primaryImageOfPage\":{\"@id\":\"https:\/\/ds-barranquilla.org\/inicio-en-nuestro-colegio-el-ano-escolar-2022-2023\/#primaryimage\"},\"image\":{\"@id\":\"https:\/\/ds-barranquilla.org\/inicio-en-nuestro-colegio-el-ano-escolar-2022-2023\/#primaryimage\"},\"thumbnailUrl\":\"https:\/\/ds-barranquilla.org\/wp-content\/uploads\/2022\/08\/Inicio-del-Ano-escolar-Web.jpg\",\"datePublished\":\"2022-08-11T19:56:21+00:00\",\"dateModified\":\"2022-11-22T17:01:37+00:00\",\"breadcrumb\":{\"@id\":\"https:\/\/ds-barranquilla.org\/inicio-en-nuestro-colegio-el-ano-escolar-2022-2023\/#breadcrumb\"},\"inLanguage\":\"de\",\"potentialAction\":[{\"@type\":\"ReadAction\",\"target\":[\"https:\/\/ds-barranquilla.org\/inicio-en-nuestro-colegio-el-ano-escolar-2022-2023\/\"]}]},{\"@type\":\"ImageObject\",\"inLanguage\":\"de\",\"@id\":\"https:\/\/ds-barranquilla.org\/inicio-en-nuestro-colegio-el-ano-escolar-2022-2023\/#primaryimage\",\"url\":\"https:\/\/ds-barranquilla.org\/wp-content\/uploads\/2022\/08\/Inicio-del-Ano-escolar-Web.jpg\",\"contentUrl\":\"https:\/\/ds-barranquilla.org\/wp-content\/uploads\/2022\/08\/Inicio-del-Ano-escolar-Web.jpg\",\"width\":1170,\"height\":500},{\"@type\":\"BreadcrumbList\",\"@id\":\"https:\/\/ds-barranquilla.org\/inicio-en-nuestro-colegio-el-ano-escolar-2022-2023\/#breadcrumb\",\"itemListElement\":[{\"@type\":\"ListItem\",\"position\":1,\"name\":\"Portada\",\"item\":\"https:\/\/ds-barranquilla.org\/\"},{\"@type\":\"ListItem\",\"position\":2,\"name\":\"Inici\u00f3 en nuestro colegio el A\u00f1o escolar 2022-2023\"}]},{\"@type\":\"WebSite\",\"@id\":\"https:\/\/ds-barranquilla.org\/#website\",\"url\":\"https:\/\/ds-barranquilla.org\/\",\"name\":\"Colegio Alem\u00e1n - Los Mejores Colegios de Colombia - Colegio Triling\u00fce\",\"description\":\"Colegio Alem\u00e1n  Barranquilla Colombia - Colegio Biling\u00fce - Triling\u00fce - El Mejor Colegio de Colombia\",\"publisher\":{\"@id\":\"https:\/\/ds-barranquilla.org\/#organization\"},\"potentialAction\":[{\"@type\":\"SearchAction\",\"target\":{\"@type\":\"EntryPoint\",\"urlTemplate\":\"https:\/\/ds-barranquilla.org\/?s={search_term_string}\"},\"query-input\":\"required name=search_term_string\"}],\"inLanguage\":\"de\"},{\"@type\":\"Organization\",\"@id\":\"https:\/\/ds-barranquilla.org\/#organization\",\"name\":\"Colegio Alem\u00e1n Barranquilla\",\"url\":\"https:\/\/ds-barranquilla.org\/\",\"logo\":{\"@type\":\"ImageObject\",\"inLanguage\":\"de\",\"@id\":\"https:\/\/ds-barranquilla.org\/#\/schema\/logo\/image\/\",\"url\":\"https:\/\/ds-barranquilla.org\/wp-content\/uploads\/2021\/05\/coleman_logo_2.png\",\"contentUrl\":\"https:\/\/ds-barranquilla.org\/wp-content\/uploads\/2021\/05\/coleman_logo_2.png\",\"width\":418,\"height\":307,\"caption\":\"Colegio Alem\u00e1n Barranquilla\"},\"image\":{\"@id\":\"https:\/\/ds-barranquilla.org\/#\/schema\/logo\/image\/\"},\"sameAs\":[\"https:\/\/www.facebook.com\/ColegioAlemanBaq\/\",\"https:\/\/x.com\/ColegioAlemanBq\",\"https:\/\/www.instagram.com\/colegioalemanbaq\/\",\"https:\/\/www.linkedin.com\/school\/deutsche-schule-barranquilla\/\",\"https:\/\/www.youtube.com\/channel\/UCOOGZQCVs6aYRqIWvSN5agQ\"]},{\"@type\":\"Person\",\"@id\":\"https:\/\/ds-barranquilla.org\/#\/schema\/person\/7bf8790ba89d3480e0551241ccdc8d36\",\"name\":\"Comunicaciones Comunicaciones\",\"image\":{\"@type\":\"ImageObject\",\"inLanguage\":\"de\",\"@id\":\"https:\/\/ds-barranquilla.org\/#\/schema\/person\/image\/\",\"url\":\"https:\/\/secure.gravatar.com\/avatar\/a66ba9484a4338d81d6bea750e595038?s=96&d=mm&r=g\",\"contentUrl\":\"https:\/\/secure.gravatar.com\/avatar\/a66ba9484a4338d81d6bea750e595038?s=96&d=mm&r=g\",\"caption\":\"Comunicaciones Comunicaciones\"}}]}<\/script>\n<!-- \/ Yoast SEO plugin. -->","yoast_head_json":{"title":"Inici\u00f3 en nuestro colegio el A\u00f1o escolar 2022-2023 - 2026","robots":{"index":"noindex","follow":"follow","max-snippet":"max-snippet:-1","max-image-preview":"max-image-preview:large","max-video-preview":"max-video-preview:-1"},"og_locale":"de_DE","og_type":"article","og_title":"Inici\u00f3 en nuestro colegio el A\u00f1o escolar 2022-2023 - 2026","og_description":"Inici\u00f3 en nuestro colegio el A\u00f1o escolar 2022-2023 Creado por: Jos\u00e9 R\u00edos Mercado. Con mucho entusiasmo y luego de unas merecidas vacaciones, nuestros estudiantes de Kindergarten, [\u2026]","og_url":"https:\/\/ds-barranquilla.org\/de\/inicio-en-nuestro-colegio-el-ano-escolar-2022-2023\/","og_site_name":"Colegio Alem\u00e1n - Los Mejores Colegios de Colombia - Colegio Triling\u00fce","article_publisher":"https:\/\/www.facebook.com\/ColegioAlemanBaq\/","article_published_time":"2022-08-11T19:56:21+00:00","article_modified_time":"2022-11-22T17:01:37+00:00","og_image":[{"width":1170,"height":500,"url":"https:\/\/ds-barranquilla.org\/wp-content\/uploads\/2022\/08\/Inicio-del-Ano-escolar-Web.jpg","type":"image\/jpeg"}],"author":"Comunicaciones Comunicaciones","twitter_card":"summary_large_image","twitter_creator":"@ColegioAlemanBq","twitter_site":"@ColegioAlemanBq","twitter_misc":{"Verfasst von":"Comunicaciones Comunicaciones","Gesch\u00e4tzte Lesezeit":"1\u00a0Minute"},"schema":{"@context":"https:\/\/schema.org","@graph":[{"@type":"Article","@id":"https:\/\/ds-barranquilla.org\/inicio-en-nuestro-colegio-el-ano-escolar-2022-2023\/#article","isPartOf":{"@id":"https:\/\/ds-barranquilla.org\/inicio-en-nuestro-colegio-el-ano-escolar-2022-2023\/"},"author":{"name":"Comunicaciones Comunicaciones","@id":"https:\/\/ds-barranquilla.org\/#\/schema\/person\/7bf8790ba89d3480e0551241ccdc8d36"},"headline":"Inici\u00f3 en nuestro colegio el A\u00f1o escolar 2022-2023","datePublished":"2022-08-11T19:56:21+00:00","dateModified":"2022-11-22T17:01:37+00:00","mainEntityOfPage":{"@id":"https:\/\/ds-barranquilla.org\/inicio-en-nuestro-colegio-el-ano-escolar-2022-2023\/"},"wordCount":287,"commentCount":0,"publisher":{"@id":"https:\/\/ds-barranquilla.org\/#organization"},"image":{"@id":"https:\/\/ds-barranquilla.org\/inicio-en-nuestro-colegio-el-ano-escolar-2022-2023\/#primaryimage"},"thumbnailUrl":"https:\/\/ds-barranquilla.org\/wp-content\/uploads\/2022\/08\/Inicio-del-Ano-escolar-Web.jpg","articleSection":["2022","Kindergarten","Primaria","Secundaria"],"inLanguage":"de","potentialAction":[{"@type":"CommentAction","name":"Comment","target":["https:\/\/ds-barranquilla.org\/inicio-en-nuestro-colegio-el-ano-escolar-2022-2023\/#respond"]}]},{"@type":"WebPage","@id":"https:\/\/ds-barranquilla.org\/inicio-en-nuestro-colegio-el-ano-escolar-2022-2023\/","url":"https:\/\/ds-barranquilla.org\/inicio-en-nuestro-colegio-el-ano-escolar-2022-2023\/","name":"Inici\u00f3 en nuestro colegio el A\u00f1o escolar 2022-2023 - 2026","isPartOf":{"@id":"https:\/\/ds-barranquilla.org\/#website"},"primaryImageOfPage":{"@id":"https:\/\/ds-barranquilla.org\/inicio-en-nuestro-colegio-el-ano-escolar-2022-2023\/#primaryimage"},"image":{"@id":"https:\/\/ds-barranquilla.org\/inicio-en-nuestro-colegio-el-ano-escolar-2022-2023\/#primaryimage"},"thumbnailUrl":"https:\/\/ds-barranquilla.org\/wp-content\/uploads\/2022\/08\/Inicio-del-Ano-escolar-Web.jpg","datePublished":"2022-08-11T19:56:21+00:00","dateModified":"2022-11-22T17:01:37+00:00","breadcrumb":{"@id":"https:\/\/ds-barranquilla.org\/inicio-en-nuestro-colegio-el-ano-escolar-2022-2023\/#breadcrumb"},"inLanguage":"de","potentialAction":[{"@type":"ReadAction","target":["https:\/\/ds-barranquilla.org\/inicio-en-nuestro-colegio-el-ano-escolar-2022-2023\/"]}]},{"@type":"ImageObject","inLanguage":"de","@id":"https:\/\/ds-barranquilla.org\/inicio-en-nuestro-colegio-el-ano-escolar-2022-2023\/#primaryimage","url":"https:\/\/ds-barranquilla.org\/wp-content\/uploads\/2022\/08\/Inicio-del-Ano-escolar-Web.jpg","contentUrl":"https:\/\/ds-barranquilla.org\/wp-content\/uploads\/2022\/08\/Inicio-del-Ano-escolar-Web.jpg","width":1170,"height":500},{"@type":"BreadcrumbList","@id":"https:\/\/ds-barranquilla.org\/inicio-en-nuestro-colegio-el-ano-escolar-2022-2023\/#breadcrumb","itemListElement":[{"@type":"ListItem","position":1,"name":"Portada","item":"https:\/\/ds-barranquilla.org\/"},{"@type":"ListItem","position":2,"name":"Inici\u00f3 en nuestro colegio el A\u00f1o escolar 2022-2023"}]},{"@type":"WebSite","@id":"https:\/\/ds-barranquilla.org\/#website","url":"https:\/\/ds-barranquilla.org\/","name":"Colegio Alem\u00e1n - Los Mejores Colegios de Colombia - Colegio Triling\u00fce","description":"Colegio Alem\u00e1n  Barranquilla Colombia - Colegio Biling\u00fce - Triling\u00fce - El Mejor Colegio de Colombia","publisher":{"@id":"https:\/\/ds-barranquilla.org\/#organization"},"potentialAction":[{"@type":"SearchAction","target":{"@type":"EntryPoint","urlTemplate":"https:\/\/ds-barranquilla.org\/?s={search_term_string}"},"query-input":"required name=search_term_string"}],"inLanguage":"de"},{"@type":"Organization","@id":"https:\/\/ds-barranquilla.org\/#organization","name":"Colegio Alem\u00e1n Barranquilla","url":"https:\/\/ds-barranquilla.org\/","logo":{"@type":"ImageObject","inLanguage":"de","@id":"https:\/\/ds-barranquilla.org\/#\/schema\/logo\/image\/","url":"https:\/\/ds-barranquilla.org\/wp-content\/uploads\/2021\/05\/coleman_logo_2.png","contentUrl":"https:\/\/ds-barranquilla.org\/wp-content\/uploads\/2021\/05\/coleman_logo_2.png","width":418,"height":307,"caption":"Colegio Alem\u00e1n Barranquilla"},"image":{"@id":"https:\/\/ds-barranquilla.org\/#\/schema\/logo\/image\/"},"sameAs":["https:\/\/www.facebook.com\/ColegioAlemanBaq\/","https:\/\/x.com\/ColegioAlemanBq","https:\/\/www.instagram.com\/colegioalemanbaq\/","https:\/\/www.linkedin.com\/school\/deutsche-schule-barranquilla\/","https:\/\/www.youtube.com\/channel\/UCOOGZQCVs6aYRqIWvSN5agQ"]},{"@type":"Person","@id":"https:\/\/ds-barranquilla.org\/#\/schema\/person\/7bf8790ba89d3480e0551241ccdc8d36","name":"Comunicaciones Comunicaciones","image":{"@type":"ImageObject","inLanguage":"de","@id":"https:\/\/ds-barranquilla.org\/#\/schema\/person\/image\/","url":"https:\/\/secure.gravatar.com\/avatar\/a66ba9484a4338d81d6bea750e595038?s=96&d=mm&r=g","contentUrl":"https:\/\/secure.gravatar.com\/avatar\/a66ba9484a4338d81d6bea750e595038?s=96&d=mm&r=g","caption":"Comunicaciones Comunicaciones"}}]}},"_links":{"self":[{"href":"https:\/\/ds-barranquilla.org\/de\/wp-json\/wp\/v2\/posts\/17448"}],"collection":[{"href":"https:\/\/ds-barranquilla.org\/de\/wp-json\/wp\/v2\/posts"}],"about":[{"href":"https:\/\/ds-barranquilla.org\/de\/wp-json\/wp\/v2\/types\/post"}],"author":[{"embeddable":true,"href":"https:\/\/ds-barranquilla.org\/de\/wp-json\/wp\/v2\/users\/16"}],"replies":[{"embeddable":true,"href":"https:\/\/ds-barranquilla.org\/de\/wp-json\/wp\/v2\/comments?post=17448"}],"version-history":[{"count":1,"href":"https:\/\/ds-barranquilla.org\/de\/wp-json\/wp\/v2\/posts\/17448\/revisions"}],"predecessor-version":[{"id":17450,"href":"https:\/\/ds-barranquilla.org\/de\/wp-json\/wp\/v2\/posts\/17448\/revisions\/17450"}],"wp:featuredmedia":[{"embeddable":true,"href":"https:\/\/ds-barranquilla.org\/de\/wp-json\/wp\/v2\/media\/17449"}],"wp:attachment":[{"href":"https:\/\/ds-barranquilla.org\/de\/wp-json\/wp\/v2\/media?parent=17448"}],"wp:term":[{"taxonomy":"category","embeddable":true,"href":"https:\/\/ds-barranquilla.org\/de\/wp-json\/wp\/v2\/categories?post=17448"},{"taxonomy":"post_tag","embeddable":true,"href":"https:\/\/ds-barranquilla.org\/de\/wp-json\/wp\/v2\/tags?post=17448"}],"curies":[{"name":"wp","href":"https:\/\/api.w.org\/{rel}","templated":true}]}}