{"id":17479,"date":"2022-08-10T07:35:39","date_gmt":"2022-08-10T12:35:39","guid":{"rendered":"https:\/\/ds-barranquilla.org\/?p=17479"},"modified":"2022-11-22T12:03:02","modified_gmt":"2022-11-22T17:03:02","slug":"nuestro-colegio-le-dio-la-bienvenida-a-nuevos-estudiantes","status":"publish","type":"post","link":"https:\/\/ds-barranquilla.org\/de\/nuestro-colegio-le-dio-la-bienvenida-a-nuevos-estudiantes\/","title":{"rendered":"Nuestro colegio le dio la bienvenida a nuevos estudiantes"},"content":{"rendered":"<h1><strong>Nuestro colegio le dio la bienvenida a nuevos estudiantes<\/strong><\/h1>\n<p><strong>Geschrieben von: Jos\u00e9 R\u00edos Mercado. <\/strong>Con una calurosa bienvenida fueron recibidos por parte de los Directores de Kindergarten, Primaria y Secundaria, y los Directores de Grupo, los estudiantes que por primera vez inician su proceso educativo en nuestro colegio. En el caso del Kindergarten, los ni\u00f1os estuvieron acompa\u00f1ados por sus padres, quienes compartieron con sus nuevos docentes un espacio de integraci\u00f3n y lleno de muchas actividades, entre las que destacamos \u2018La llave m\u00e1gica \/ Der magische Schl\u00fcssel\u2019.<\/p>\n<p>Esta actividad permiti\u00f3 que los peque\u00f1os y sus pap\u00e1s pudieran conocer mucho m\u00e1s al equipo T\u00e1ndem del Kindergarten y durante su realizaci\u00f3n, los ni\u00f1os con el apoyo de sus padres y sus educadores, elaboraron manualidades que simbolizan un nuevo comienzo.<\/p>\n<p>Adicionalmente, los nuevos pap\u00e1s de esta secci\u00f3n recibieron una charla de introducci\u00f3n a nuestro programa denominado Proyecto Seeds -ejecutado por la Fundaci\u00f3n Chukuwata- para que conocieran en detalle las opciones de alimentaci\u00f3n que ofrece la instituci\u00f3n.<\/p>\n<p>Por su parte, en el caso de los nuevos alumnos de la Primaria y la Secundaria, ellos asistieron a una actividad de socializaci\u00f3n en el Sal\u00f3n M\u00faltiple, donde conocieron a sus Directores de Grupo y, posteriormente, realizaron un recorrido por el colegio, el cual fue liderado por nuestro estudiante de la Klasse 12, Alfonso Gnecco.<\/p>\n<p><a href=\"https:\/\/m.facebook.com\/story.php?story_fbid=pfbid02ydiM1KCLfmZ9QpiHCrSoMQvd3AZWiC1SE166dd6nodUyNeBcfdGnkyXmGNTnfmcRl&amp;id=100056290190589\">Ver galer\u00eda de fotos (Kindergarten)<\/a><\/p>\n<p><a href=\"https:\/\/m.facebook.com\/story.php?story_fbid=pfbid02FhpgiJkwjV2ZT3B4sKi2xVoWY9E4DeX5dWBAwhwG8DzQLhwo9bQGKFL6dimv7xhil&amp;id=100056290190589\">Ver galer\u00eda de fotos (Primaria y Secundaria)<\/a><\/p>","protected":false},"excerpt":{"rendered":"<p>Nuestro colegio le dio la bienvenida a nuevos estudiantes Creado por: Jos\u00e9 R\u00edos Mercado. Con una calurosa bienvenida fueron recibidos por parte de los Directores de<span class=\"excerpt-hellip\"> [\u2026]<\/span><\/p>","protected":false},"author":16,"featured_media":17480,"comment_status":"open","ping_status":"open","sticky":false,"template":"","format":"standard","meta":{"_exactmetrics_skip_tracking":false,"_exactmetrics_sitenote_active":false,"_exactmetrics_sitenote_note":"","_exactmetrics_sitenote_category":0,"_joinchat":[],"footnotes":""},"categories":[672,677,676,710],"tags":[],"class_list":["post-17479","post","type-post","status-publish","format-standard","has-post-thumbnail","hentry","category-672","category-kindergarten","category-primaria","category-secundaria"],"yoast_head":"<!-- This site is optimized with the Yoast SEO plugin v23.3 - https:\/\/yoast.com\/wordpress\/plugins\/seo\/ -->\n<title>Nuestro colegio le dio la bienvenida a nuevos estudiantes - 2026<\/title>\n<meta name=\"robots\" content=\"noindex, follow, max-snippet:-1, max-image-preview:large, max-video-preview:-1\" \/>\n<meta property=\"og:locale\" content=\"de_DE\" \/>\n<meta property=\"og:type\" content=\"article\" \/>\n<meta property=\"og:title\" content=\"Nuestro colegio le dio la bienvenida a nuevos estudiantes - 2026\" \/>\n<meta property=\"og:description\" content=\"Nuestro colegio le dio la bienvenida a nuevos estudiantes Creado por: Jos\u00e9 R\u00edos Mercado. Con una calurosa bienvenida fueron recibidos por parte de los Directores de [\u2026]\" \/>\n<meta property=\"og:url\" content=\"https:\/\/ds-barranquilla.org\/de\/nuestro-colegio-le-dio-la-bienvenida-a-nuevos-estudiantes\/\" \/>\n<meta property=\"og:site_name\" content=\"Colegio Alem\u00e1n - Los Mejores Colegios de Colombia - Colegio Triling\u00fce\" \/>\n<meta property=\"article:publisher\" content=\"https:\/\/www.facebook.com\/ColegioAlemanBaq\/\" \/>\n<meta property=\"article:published_time\" content=\"2022-08-10T12:35:39+00:00\" \/>\n<meta property=\"article:modified_time\" content=\"2022-11-22T17:03:02+00:00\" \/>\n<meta property=\"og:image\" content=\"https:\/\/ds-barranquilla.org\/wp-content\/uploads\/2022\/08\/Bienvenida-a-nuevos-Estudiantes-Web.jpg\" \/>\n\t<meta property=\"og:image:width\" content=\"1170\" \/>\n\t<meta property=\"og:image:height\" content=\"500\" \/>\n\t<meta property=\"og:image:type\" content=\"image\/jpeg\" \/>\n<meta name=\"author\" content=\"Comunicaciones Comunicaciones\" \/>\n<meta name=\"twitter:card\" content=\"summary_large_image\" \/>\n<meta name=\"twitter:creator\" content=\"@ColegioAlemanBq\" \/>\n<meta name=\"twitter:site\" content=\"@ColegioAlemanBq\" \/>\n<meta name=\"twitter:label1\" content=\"Verfasst von\" \/>\n\t<meta name=\"twitter:data1\" content=\"Comunicaciones Comunicaciones\" \/>\n\t<meta name=\"twitter:label2\" content=\"Gesch\u00e4tzte Lesezeit\" \/>\n\t<meta name=\"twitter:data2\" content=\"1\u00a0Minute\" \/>\n<script type=\"application\/ld+json\" class=\"yoast-schema-graph\">{\"@context\":\"https:\/\/schema.org\",\"@graph\":[{\"@type\":\"Article\",\"@id\":\"https:\/\/ds-barranquilla.org\/nuestro-colegio-le-dio-la-bienvenida-a-nuevos-estudiantes\/#article\",\"isPartOf\":{\"@id\":\"https:\/\/ds-barranquilla.org\/nuestro-colegio-le-dio-la-bienvenida-a-nuevos-estudiantes\/\"},\"author\":{\"name\":\"Comunicaciones Comunicaciones\",\"@id\":\"https:\/\/ds-barranquilla.org\/#\/schema\/person\/7bf8790ba89d3480e0551241ccdc8d36\"},\"headline\":\"Nuestro colegio le dio la bienvenida a nuevos estudiantes\",\"datePublished\":\"2022-08-10T12:35:39+00:00\",\"dateModified\":\"2022-11-22T17:03:02+00:00\",\"mainEntityOfPage\":{\"@id\":\"https:\/\/ds-barranquilla.org\/nuestro-colegio-le-dio-la-bienvenida-a-nuevos-estudiantes\/\"},\"wordCount\":259,\"commentCount\":0,\"publisher\":{\"@id\":\"https:\/\/ds-barranquilla.org\/#organization\"},\"image\":{\"@id\":\"https:\/\/ds-barranquilla.org\/nuestro-colegio-le-dio-la-bienvenida-a-nuevos-estudiantes\/#primaryimage\"},\"thumbnailUrl\":\"https:\/\/ds-barranquilla.org\/wp-content\/uploads\/2022\/08\/Bienvenida-a-nuevos-Estudiantes-Web.jpg\",\"articleSection\":[\"2022\",\"Kindergarten\",\"Primaria\",\"Secundaria\"],\"inLanguage\":\"de\",\"potentialAction\":[{\"@type\":\"CommentAction\",\"name\":\"Comment\",\"target\":[\"https:\/\/ds-barranquilla.org\/nuestro-colegio-le-dio-la-bienvenida-a-nuevos-estudiantes\/#respond\"]}]},{\"@type\":\"WebPage\",\"@id\":\"https:\/\/ds-barranquilla.org\/nuestro-colegio-le-dio-la-bienvenida-a-nuevos-estudiantes\/\",\"url\":\"https:\/\/ds-barranquilla.org\/nuestro-colegio-le-dio-la-bienvenida-a-nuevos-estudiantes\/\",\"name\":\"Nuestro colegio le dio la bienvenida a nuevos estudiantes - 2026\",\"isPartOf\":{\"@id\":\"https:\/\/ds-barranquilla.org\/#website\"},\"primaryImageOfPage\":{\"@id\":\"https:\/\/ds-barranquilla.org\/nuestro-colegio-le-dio-la-bienvenida-a-nuevos-estudiantes\/#primaryimage\"},\"image\":{\"@id\":\"https:\/\/ds-barranquilla.org\/nuestro-colegio-le-dio-la-bienvenida-a-nuevos-estudiantes\/#primaryimage\"},\"thumbnailUrl\":\"https:\/\/ds-barranquilla.org\/wp-content\/uploads\/2022\/08\/Bienvenida-a-nuevos-Estudiantes-Web.jpg\",\"datePublished\":\"2022-08-10T12:35:39+00:00\",\"dateModified\":\"2022-11-22T17:03:02+00:00\",\"breadcrumb\":{\"@id\":\"https:\/\/ds-barranquilla.org\/nuestro-colegio-le-dio-la-bienvenida-a-nuevos-estudiantes\/#breadcrumb\"},\"inLanguage\":\"de\",\"potentialAction\":[{\"@type\":\"ReadAction\",\"target\":[\"https:\/\/ds-barranquilla.org\/nuestro-colegio-le-dio-la-bienvenida-a-nuevos-estudiantes\/\"]}]},{\"@type\":\"ImageObject\",\"inLanguage\":\"de\",\"@id\":\"https:\/\/ds-barranquilla.org\/nuestro-colegio-le-dio-la-bienvenida-a-nuevos-estudiantes\/#primaryimage\",\"url\":\"https:\/\/ds-barranquilla.org\/wp-content\/uploads\/2022\/08\/Bienvenida-a-nuevos-Estudiantes-Web.jpg\",\"contentUrl\":\"https:\/\/ds-barranquilla.org\/wp-content\/uploads\/2022\/08\/Bienvenida-a-nuevos-Estudiantes-Web.jpg\",\"width\":1170,\"height\":500},{\"@type\":\"BreadcrumbList\",\"@id\":\"https:\/\/ds-barranquilla.org\/nuestro-colegio-le-dio-la-bienvenida-a-nuevos-estudiantes\/#breadcrumb\",\"itemListElement\":[{\"@type\":\"ListItem\",\"position\":1,\"name\":\"Portada\",\"item\":\"https:\/\/ds-barranquilla.org\/\"},{\"@type\":\"ListItem\",\"position\":2,\"name\":\"Nuestro colegio le dio la bienvenida a nuevos estudiantes\"}]},{\"@type\":\"WebSite\",\"@id\":\"https:\/\/ds-barranquilla.org\/#website\",\"url\":\"https:\/\/ds-barranquilla.org\/\",\"name\":\"Colegio Alem\u00e1n - Los Mejores Colegios de Colombia - Colegio Triling\u00fce\",\"description\":\"Colegio Alem\u00e1n  Barranquilla Colombia - Colegio Biling\u00fce - Triling\u00fce - El Mejor Colegio de Colombia\",\"publisher\":{\"@id\":\"https:\/\/ds-barranquilla.org\/#organization\"},\"potentialAction\":[{\"@type\":\"SearchAction\",\"target\":{\"@type\":\"EntryPoint\",\"urlTemplate\":\"https:\/\/ds-barranquilla.org\/?s={search_term_string}\"},\"query-input\":\"required name=search_term_string\"}],\"inLanguage\":\"de\"},{\"@type\":\"Organization\",\"@id\":\"https:\/\/ds-barranquilla.org\/#organization\",\"name\":\"Colegio Alem\u00e1n Barranquilla\",\"url\":\"https:\/\/ds-barranquilla.org\/\",\"logo\":{\"@type\":\"ImageObject\",\"inLanguage\":\"de\",\"@id\":\"https:\/\/ds-barranquilla.org\/#\/schema\/logo\/image\/\",\"url\":\"https:\/\/ds-barranquilla.org\/wp-content\/uploads\/2021\/05\/coleman_logo_2.png\",\"contentUrl\":\"https:\/\/ds-barranquilla.org\/wp-content\/uploads\/2021\/05\/coleman_logo_2.png\",\"width\":418,\"height\":307,\"caption\":\"Colegio Alem\u00e1n Barranquilla\"},\"image\":{\"@id\":\"https:\/\/ds-barranquilla.org\/#\/schema\/logo\/image\/\"},\"sameAs\":[\"https:\/\/www.facebook.com\/ColegioAlemanBaq\/\",\"https:\/\/x.com\/ColegioAlemanBq\",\"https:\/\/www.instagram.com\/colegioalemanbaq\/\",\"https:\/\/www.linkedin.com\/school\/deutsche-schule-barranquilla\/\",\"https:\/\/www.youtube.com\/channel\/UCOOGZQCVs6aYRqIWvSN5agQ\"]},{\"@type\":\"Person\",\"@id\":\"https:\/\/ds-barranquilla.org\/#\/schema\/person\/7bf8790ba89d3480e0551241ccdc8d36\",\"name\":\"Comunicaciones Comunicaciones\",\"image\":{\"@type\":\"ImageObject\",\"inLanguage\":\"de\",\"@id\":\"https:\/\/ds-barranquilla.org\/#\/schema\/person\/image\/\",\"url\":\"https:\/\/secure.gravatar.com\/avatar\/a66ba9484a4338d81d6bea750e595038?s=96&d=mm&r=g\",\"contentUrl\":\"https:\/\/secure.gravatar.com\/avatar\/a66ba9484a4338d81d6bea750e595038?s=96&d=mm&r=g\",\"caption\":\"Comunicaciones Comunicaciones\"}}]}<\/script>\n<!-- \/ Yoast SEO plugin. -->","yoast_head_json":{"title":"Nuestro colegio le dio la bienvenida a nuevos estudiantes - 2026","robots":{"index":"noindex","follow":"follow","max-snippet":"max-snippet:-1","max-image-preview":"max-image-preview:large","max-video-preview":"max-video-preview:-1"},"og_locale":"de_DE","og_type":"article","og_title":"Nuestro colegio le dio la bienvenida a nuevos estudiantes - 2026","og_description":"Nuestro colegio le dio la bienvenida a nuevos estudiantes Creado por: Jos\u00e9 R\u00edos Mercado. Con una calurosa bienvenida fueron recibidos por parte de los Directores de [\u2026]","og_url":"https:\/\/ds-barranquilla.org\/de\/nuestro-colegio-le-dio-la-bienvenida-a-nuevos-estudiantes\/","og_site_name":"Colegio Alem\u00e1n - Los Mejores Colegios de Colombia - Colegio Triling\u00fce","article_publisher":"https:\/\/www.facebook.com\/ColegioAlemanBaq\/","article_published_time":"2022-08-10T12:35:39+00:00","article_modified_time":"2022-11-22T17:03:02+00:00","og_image":[{"width":1170,"height":500,"url":"https:\/\/ds-barranquilla.org\/wp-content\/uploads\/2022\/08\/Bienvenida-a-nuevos-Estudiantes-Web.jpg","type":"image\/jpeg"}],"author":"Comunicaciones Comunicaciones","twitter_card":"summary_large_image","twitter_creator":"@ColegioAlemanBq","twitter_site":"@ColegioAlemanBq","twitter_misc":{"Verfasst von":"Comunicaciones Comunicaciones","Gesch\u00e4tzte Lesezeit":"1\u00a0Minute"},"schema":{"@context":"https:\/\/schema.org","@graph":[{"@type":"Article","@id":"https:\/\/ds-barranquilla.org\/nuestro-colegio-le-dio-la-bienvenida-a-nuevos-estudiantes\/#article","isPartOf":{"@id":"https:\/\/ds-barranquilla.org\/nuestro-colegio-le-dio-la-bienvenida-a-nuevos-estudiantes\/"},"author":{"name":"Comunicaciones Comunicaciones","@id":"https:\/\/ds-barranquilla.org\/#\/schema\/person\/7bf8790ba89d3480e0551241ccdc8d36"},"headline":"Nuestro colegio le dio la bienvenida a nuevos estudiantes","datePublished":"2022-08-10T12:35:39+00:00","dateModified":"2022-11-22T17:03:02+00:00","mainEntityOfPage":{"@id":"https:\/\/ds-barranquilla.org\/nuestro-colegio-le-dio-la-bienvenida-a-nuevos-estudiantes\/"},"wordCount":259,"commentCount":0,"publisher":{"@id":"https:\/\/ds-barranquilla.org\/#organization"},"image":{"@id":"https:\/\/ds-barranquilla.org\/nuestro-colegio-le-dio-la-bienvenida-a-nuevos-estudiantes\/#primaryimage"},"thumbnailUrl":"https:\/\/ds-barranquilla.org\/wp-content\/uploads\/2022\/08\/Bienvenida-a-nuevos-Estudiantes-Web.jpg","articleSection":["2022","Kindergarten","Primaria","Secundaria"],"inLanguage":"de","potentialAction":[{"@type":"CommentAction","name":"Comment","target":["https:\/\/ds-barranquilla.org\/nuestro-colegio-le-dio-la-bienvenida-a-nuevos-estudiantes\/#respond"]}]},{"@type":"WebPage","@id":"https:\/\/ds-barranquilla.org\/nuestro-colegio-le-dio-la-bienvenida-a-nuevos-estudiantes\/","url":"https:\/\/ds-barranquilla.org\/nuestro-colegio-le-dio-la-bienvenida-a-nuevos-estudiantes\/","name":"Nuestro colegio le dio la bienvenida a nuevos estudiantes - 2026","isPartOf":{"@id":"https:\/\/ds-barranquilla.org\/#website"},"primaryImageOfPage":{"@id":"https:\/\/ds-barranquilla.org\/nuestro-colegio-le-dio-la-bienvenida-a-nuevos-estudiantes\/#primaryimage"},"image":{"@id":"https:\/\/ds-barranquilla.org\/nuestro-colegio-le-dio-la-bienvenida-a-nuevos-estudiantes\/#primaryimage"},"thumbnailUrl":"https:\/\/ds-barranquilla.org\/wp-content\/uploads\/2022\/08\/Bienvenida-a-nuevos-Estudiantes-Web.jpg","datePublished":"2022-08-10T12:35:39+00:00","dateModified":"2022-11-22T17:03:02+00:00","breadcrumb":{"@id":"https:\/\/ds-barranquilla.org\/nuestro-colegio-le-dio-la-bienvenida-a-nuevos-estudiantes\/#breadcrumb"},"inLanguage":"de","potentialAction":[{"@type":"ReadAction","target":["https:\/\/ds-barranquilla.org\/nuestro-colegio-le-dio-la-bienvenida-a-nuevos-estudiantes\/"]}]},{"@type":"ImageObject","inLanguage":"de","@id":"https:\/\/ds-barranquilla.org\/nuestro-colegio-le-dio-la-bienvenida-a-nuevos-estudiantes\/#primaryimage","url":"https:\/\/ds-barranquilla.org\/wp-content\/uploads\/2022\/08\/Bienvenida-a-nuevos-Estudiantes-Web.jpg","contentUrl":"https:\/\/ds-barranquilla.org\/wp-content\/uploads\/2022\/08\/Bienvenida-a-nuevos-Estudiantes-Web.jpg","width":1170,"height":500},{"@type":"BreadcrumbList","@id":"https:\/\/ds-barranquilla.org\/nuestro-colegio-le-dio-la-bienvenida-a-nuevos-estudiantes\/#breadcrumb","itemListElement":[{"@type":"ListItem","position":1,"name":"Portada","item":"https:\/\/ds-barranquilla.org\/"},{"@type":"ListItem","position":2,"name":"Nuestro colegio le dio la bienvenida a nuevos estudiantes"}]},{"@type":"WebSite","@id":"https:\/\/ds-barranquilla.org\/#website","url":"https:\/\/ds-barranquilla.org\/","name":"Colegio Alem\u00e1n - Los Mejores Colegios de Colombia - Colegio Triling\u00fce","description":"Colegio Alem\u00e1n  Barranquilla Colombia - Colegio Biling\u00fce - Triling\u00fce - El Mejor Colegio de Colombia","publisher":{"@id":"https:\/\/ds-barranquilla.org\/#organization"},"potentialAction":[{"@type":"SearchAction","target":{"@type":"EntryPoint","urlTemplate":"https:\/\/ds-barranquilla.org\/?s={search_term_string}"},"query-input":"required name=search_term_string"}],"inLanguage":"de"},{"@type":"Organization","@id":"https:\/\/ds-barranquilla.org\/#organization","name":"Colegio Alem\u00e1n Barranquilla","url":"https:\/\/ds-barranquilla.org\/","logo":{"@type":"ImageObject","inLanguage":"de","@id":"https:\/\/ds-barranquilla.org\/#\/schema\/logo\/image\/","url":"https:\/\/ds-barranquilla.org\/wp-content\/uploads\/2021\/05\/coleman_logo_2.png","contentUrl":"https:\/\/ds-barranquilla.org\/wp-content\/uploads\/2021\/05\/coleman_logo_2.png","width":418,"height":307,"caption":"Colegio Alem\u00e1n Barranquilla"},"image":{"@id":"https:\/\/ds-barranquilla.org\/#\/schema\/logo\/image\/"},"sameAs":["https:\/\/www.facebook.com\/ColegioAlemanBaq\/","https:\/\/x.com\/ColegioAlemanBq","https:\/\/www.instagram.com\/colegioalemanbaq\/","https:\/\/www.linkedin.com\/school\/deutsche-schule-barranquilla\/","https:\/\/www.youtube.com\/channel\/UCOOGZQCVs6aYRqIWvSN5agQ"]},{"@type":"Person","@id":"https:\/\/ds-barranquilla.org\/#\/schema\/person\/7bf8790ba89d3480e0551241ccdc8d36","name":"Comunicaciones Comunicaciones","image":{"@type":"ImageObject","inLanguage":"de","@id":"https:\/\/ds-barranquilla.org\/#\/schema\/person\/image\/","url":"https:\/\/secure.gravatar.com\/avatar\/a66ba9484a4338d81d6bea750e595038?s=96&d=mm&r=g","contentUrl":"https:\/\/secure.gravatar.com\/avatar\/a66ba9484a4338d81d6bea750e595038?s=96&d=mm&r=g","caption":"Comunicaciones Comunicaciones"}}]}},"_links":{"self":[{"href":"https:\/\/ds-barranquilla.org\/de\/wp-json\/wp\/v2\/posts\/17479"}],"collection":[{"href":"https:\/\/ds-barranquilla.org\/de\/wp-json\/wp\/v2\/posts"}],"about":[{"href":"https:\/\/ds-barranquilla.org\/de\/wp-json\/wp\/v2\/types\/post"}],"author":[{"embeddable":true,"href":"https:\/\/ds-barranquilla.org\/de\/wp-json\/wp\/v2\/users\/16"}],"replies":[{"embeddable":true,"href":"https:\/\/ds-barranquilla.org\/de\/wp-json\/wp\/v2\/comments?post=17479"}],"version-history":[{"count":3,"href":"https:\/\/ds-barranquilla.org\/de\/wp-json\/wp\/v2\/posts\/17479\/revisions"}],"predecessor-version":[{"id":17483,"href":"https:\/\/ds-barranquilla.org\/de\/wp-json\/wp\/v2\/posts\/17479\/revisions\/17483"}],"wp:featuredmedia":[{"embeddable":true,"href":"https:\/\/ds-barranquilla.org\/de\/wp-json\/wp\/v2\/media\/17480"}],"wp:attachment":[{"href":"https:\/\/ds-barranquilla.org\/de\/wp-json\/wp\/v2\/media?parent=17479"}],"wp:term":[{"taxonomy":"category","embeddable":true,"href":"https:\/\/ds-barranquilla.org\/de\/wp-json\/wp\/v2\/categories?post=17479"},{"taxonomy":"post_tag","embeddable":true,"href":"https:\/\/ds-barranquilla.org\/de\/wp-json\/wp\/v2\/tags?post=17479"}],"curies":[{"name":"wp","href":"https:\/\/api.w.org\/{rel}","templated":true}]}}