{"id":17622,"date":"2022-08-26T13:38:11","date_gmt":"2022-08-26T18:38:11","guid":{"rendered":"https:\/\/ds-barranquilla.org\/?p=17622"},"modified":"2022-11-22T11:51:58","modified_gmt":"2022-11-22T16:51:58","slug":"iniciaron-las-campanas-para-escoger-a-los-integrantes-del-consejo-estudiantil-y-al-personero-de-nuestro-colegio","status":"publish","type":"post","link":"https:\/\/ds-barranquilla.org\/de\/iniciaron-las-campanas-para-escoger-a-los-integrantes-del-consejo-estudiantil-y-al-personero-de-nuestro-colegio\/","title":{"rendered":"Iniciaron las campa\u00f1as para escoger a los integrantes del Consejo Estudiantil y la Personer\u00eda de nuestro colegio"},"content":{"rendered":"<h1><strong>Iniciaron las campa\u00f1as para escoger a los integrantes del Consejo Estudiantil y la Personer\u00eda de nuestro colegio<\/strong><\/h1>\n<p><strong>Geschrieben von: Jos\u00e9 R\u00edos Mercado.<\/strong> En un acto desarrollado en el Auditorio de nuestro colegio fueron presentados ante la comunidad escolar los aspirantes a integrar el Consejo Estudiantil y a ocupar el cargo como Personero para el periodo 2022-2023. De esta forma, inici\u00f3 el proceso electoral liderado por el \u00c1rea de Individuos y Sociedades, y el cual est\u00e1 enmarcado en el Proyecto de Democracia y Cultura Ciudadana.<\/p>\n<p>\u201cEn este evento los candidatos presentaron sus propuestas y respondieron a las preguntas formuladas por los asistentes. Previo a esta jornada se realiz\u00f3 una socializaci\u00f3n que dur\u00f3 una semana en la que se le mostr\u00f3 a los estudiantes cu\u00e1les son los requisitos que deben cumplir para poder postularse a estos cargos\u201d, expres\u00f3 la Coordinadora del \u00c1rea de Individuos y Sociedades, Carmen Andrade.<\/p>\n<p>La docente indic\u00f3 que en esa jornada de sensibilizaci\u00f3n tambi\u00e9n se les habl\u00f3 sobre las inhabilidades que est\u00e1n consignadas en el Manual de Convivencia y las que ser\u00edan sus funciones en caso de ser elegidos. As\u00ed mismo, precis\u00f3 que despu\u00e9s del acto del Auditorio los candidatos arrancaron con la actividad de proselitismo pol\u00edtico de forma virtual (Yammer) y f\u00edsica (tarjetas y volantes).<\/p>\n<p>Con el objetivo de brindarles a los aspirantes al cargo de Personero un espacio para conocer sus ideas y proyectos, el equipo del peri\u00f3dico estudiantil \u2018El Pulpo\u2019 organiz\u00f3 un debate con los cuatro candidatos al que asistieron todos los alumnos de la Klasse 12. Para el 30 de agosto est\u00e1n previstas las elecciones para la escogencia de los nuevos integrantes del Consejo Estudiantil y el nuevo Personero.<\/p>\n<p><a href=\"https:\/\/m.facebook.com\/story.php?story_fbid=pfbid02cfLT7azeinEsjANEqmU7rBR3Q6rmGzzAfkJcVq2buZCvRJCMbZ83183ffmU5AbLCl&amp;id=100056290190589\">Ver galer\u00eda de fotos (Presentaci\u00f3n de Aspirantes)<\/a><\/p>\n<p><a href=\"https:\/\/m.facebook.com\/story.php?story_fbid=pfbid023x2cDQLxKUyTCXcrGuB9JrqteVTCbVinZ4u5jmETCHv1pqBnetdvC8Mx87Sqq9Qrl&amp;id=100056290190589\">Ver galer\u00eda de fotos (Debate con Candidatos a la Personer\u00eda)<\/a><\/p>","protected":false},"excerpt":{"rendered":"<p>Iniciaron las campa\u00f1as para escoger a los integrantes del Consejo Estudiantil y la Personer\u00eda de nuestro colegio Creado por: Jos\u00e9 R\u00edos Mercado. En un acto desarrollado<span class=\"excerpt-hellip\"> [\u2026]<\/span><\/p>","protected":false},"author":16,"featured_media":17623,"comment_status":"open","ping_status":"open","sticky":false,"template":"","format":"standard","meta":{"_exactmetrics_skip_tracking":false,"_exactmetrics_sitenote_active":false,"_exactmetrics_sitenote_note":"","_exactmetrics_sitenote_category":0,"_joinchat":[],"footnotes":""},"categories":[672,688,700,675,676,708,710],"tags":[],"class_list":["post-17622","post","type-post","status-publish","format-standard","has-post-thumbnail","hentry","category-672","category-area-de-individuos-y-sociedades","category-consejo-estudiantil","category-eventos","category-primaria","category-proyectos-academicos","category-secundaria"],"yoast_head":"<!-- This site is optimized with the Yoast SEO plugin v23.3 - https:\/\/yoast.com\/wordpress\/plugins\/seo\/ -->\n<title>Iniciaron las campa\u00f1as para escoger a los integrantes del Consejo Estudiantil y la Personer\u00eda de nuestro colegio - 2026<\/title>\n<meta name=\"robots\" content=\"noindex, follow, max-snippet:-1, max-image-preview:large, max-video-preview:-1\" \/>\n<meta property=\"og:locale\" content=\"de_DE\" \/>\n<meta property=\"og:type\" content=\"article\" \/>\n<meta property=\"og:title\" content=\"Iniciaron las campa\u00f1as para escoger a los integrantes del Consejo Estudiantil y la Personer\u00eda de nuestro colegio - 2026\" \/>\n<meta property=\"og:description\" content=\"Iniciaron las campa\u00f1as para escoger a los integrantes del Consejo Estudiantil y la Personer\u00eda de nuestro colegio Creado por: Jos\u00e9 R\u00edos Mercado. En un acto desarrollado [\u2026]\" \/>\n<meta property=\"og:url\" content=\"https:\/\/ds-barranquilla.org\/de\/iniciaron-las-campanas-para-escoger-a-los-integrantes-del-consejo-estudiantil-y-al-personero-de-nuestro-colegio\/\" \/>\n<meta property=\"og:site_name\" content=\"Colegio Alem\u00e1n - Los Mejores Colegios de Colombia - Colegio Triling\u00fce\" \/>\n<meta property=\"article:publisher\" content=\"https:\/\/www.facebook.com\/ColegioAlemanBaq\/\" \/>\n<meta property=\"article:published_time\" content=\"2022-08-26T18:38:11+00:00\" \/>\n<meta property=\"article:modified_time\" content=\"2022-11-22T16:51:58+00:00\" \/>\n<meta property=\"og:image\" content=\"https:\/\/ds-barranquilla.org\/wp-content\/uploads\/2022\/08\/Elecciones-del-Consejo-y-Personero-Estudiantil-Web.jpg\" \/>\n\t<meta property=\"og:image:width\" content=\"1170\" \/>\n\t<meta property=\"og:image:height\" content=\"500\" \/>\n\t<meta property=\"og:image:type\" content=\"image\/jpeg\" \/>\n<meta name=\"author\" content=\"Comunicaciones Comunicaciones\" \/>\n<meta name=\"twitter:card\" content=\"summary_large_image\" \/>\n<meta name=\"twitter:creator\" content=\"@ColegioAlemanBq\" \/>\n<meta name=\"twitter:site\" content=\"@ColegioAlemanBq\" \/>\n<meta name=\"twitter:label1\" content=\"Verfasst von\" \/>\n\t<meta name=\"twitter:data1\" content=\"Comunicaciones Comunicaciones\" \/>\n\t<meta name=\"twitter:label2\" content=\"Gesch\u00e4tzte Lesezeit\" \/>\n\t<meta name=\"twitter:data2\" content=\"2\u00a0Minuten\" \/>\n<script type=\"application\/ld+json\" class=\"yoast-schema-graph\">{\"@context\":\"https:\/\/schema.org\",\"@graph\":[{\"@type\":\"Article\",\"@id\":\"https:\/\/ds-barranquilla.org\/de\/iniciaron-las-campanas-para-escoger-a-los-integrantes-del-consejo-estudiantil-y-al-personero-de-nuestro-colegio\/#article\",\"isPartOf\":{\"@id\":\"https:\/\/ds-barranquilla.org\/de\/iniciaron-las-campanas-para-escoger-a-los-integrantes-del-consejo-estudiantil-y-al-personero-de-nuestro-colegio\/\"},\"author\":{\"name\":\"Comunicaciones Comunicaciones\",\"@id\":\"https:\/\/ds-barranquilla.org\/#\/schema\/person\/7bf8790ba89d3480e0551241ccdc8d36\"},\"headline\":\"Iniciaron las campa\u00f1as para escoger a los integrantes del Consejo Estudiantil y la Personer\u00eda de nuestro colegio\",\"datePublished\":\"2022-08-26T18:38:11+00:00\",\"dateModified\":\"2022-11-22T16:51:58+00:00\",\"mainEntityOfPage\":{\"@id\":\"https:\/\/ds-barranquilla.org\/de\/iniciaron-las-campanas-para-escoger-a-los-integrantes-del-consejo-estudiantil-y-al-personero-de-nuestro-colegio\/\"},\"wordCount\":327,\"commentCount\":0,\"publisher\":{\"@id\":\"https:\/\/ds-barranquilla.org\/#organization\"},\"image\":{\"@id\":\"https:\/\/ds-barranquilla.org\/de\/iniciaron-las-campanas-para-escoger-a-los-integrantes-del-consejo-estudiantil-y-al-personero-de-nuestro-colegio\/#primaryimage\"},\"thumbnailUrl\":\"https:\/\/ds-barranquilla.org\/wp-content\/uploads\/2022\/08\/Elecciones-del-Consejo-y-Personero-Estudiantil-Web.jpg\",\"articleSection\":[\"2022\",\"\u00c1rea de Individuos y Sociedades\",\"Consejo Estudiantil\",\"Eventos\",\"Primaria\",\"Proyectos acad\u00e9micos\",\"Secundaria\"],\"inLanguage\":\"de\",\"potentialAction\":[{\"@type\":\"CommentAction\",\"name\":\"Comment\",\"target\":[\"https:\/\/ds-barranquilla.org\/de\/iniciaron-las-campanas-para-escoger-a-los-integrantes-del-consejo-estudiantil-y-al-personero-de-nuestro-colegio\/#respond\"]}]},{\"@type\":\"WebPage\",\"@id\":\"https:\/\/ds-barranquilla.org\/de\/iniciaron-las-campanas-para-escoger-a-los-integrantes-del-consejo-estudiantil-y-al-personero-de-nuestro-colegio\/\",\"url\":\"https:\/\/ds-barranquilla.org\/de\/iniciaron-las-campanas-para-escoger-a-los-integrantes-del-consejo-estudiantil-y-al-personero-de-nuestro-colegio\/\",\"name\":\"Iniciaron las campa\u00f1as para escoger a los integrantes del Consejo Estudiantil y la Personer\u00eda de nuestro colegio - 2026\",\"isPartOf\":{\"@id\":\"https:\/\/ds-barranquilla.org\/#website\"},\"primaryImageOfPage\":{\"@id\":\"https:\/\/ds-barranquilla.org\/de\/iniciaron-las-campanas-para-escoger-a-los-integrantes-del-consejo-estudiantil-y-al-personero-de-nuestro-colegio\/#primaryimage\"},\"image\":{\"@id\":\"https:\/\/ds-barranquilla.org\/de\/iniciaron-las-campanas-para-escoger-a-los-integrantes-del-consejo-estudiantil-y-al-personero-de-nuestro-colegio\/#primaryimage\"},\"thumbnailUrl\":\"https:\/\/ds-barranquilla.org\/wp-content\/uploads\/2022\/08\/Elecciones-del-Consejo-y-Personero-Estudiantil-Web.jpg\",\"datePublished\":\"2022-08-26T18:38:11+00:00\",\"dateModified\":\"2022-11-22T16:51:58+00:00\",\"breadcrumb\":{\"@id\":\"https:\/\/ds-barranquilla.org\/de\/iniciaron-las-campanas-para-escoger-a-los-integrantes-del-consejo-estudiantil-y-al-personero-de-nuestro-colegio\/#breadcrumb\"},\"inLanguage\":\"de\",\"potentialAction\":[{\"@type\":\"ReadAction\",\"target\":[\"https:\/\/ds-barranquilla.org\/de\/iniciaron-las-campanas-para-escoger-a-los-integrantes-del-consejo-estudiantil-y-al-personero-de-nuestro-colegio\/\"]}]},{\"@type\":\"ImageObject\",\"inLanguage\":\"de\",\"@id\":\"https:\/\/ds-barranquilla.org\/de\/iniciaron-las-campanas-para-escoger-a-los-integrantes-del-consejo-estudiantil-y-al-personero-de-nuestro-colegio\/#primaryimage\",\"url\":\"https:\/\/ds-barranquilla.org\/wp-content\/uploads\/2022\/08\/Elecciones-del-Consejo-y-Personero-Estudiantil-Web.jpg\",\"contentUrl\":\"https:\/\/ds-barranquilla.org\/wp-content\/uploads\/2022\/08\/Elecciones-del-Consejo-y-Personero-Estudiantil-Web.jpg\",\"width\":1170,\"height\":500},{\"@type\":\"BreadcrumbList\",\"@id\":\"https:\/\/ds-barranquilla.org\/de\/iniciaron-las-campanas-para-escoger-a-los-integrantes-del-consejo-estudiantil-y-al-personero-de-nuestro-colegio\/#breadcrumb\",\"itemListElement\":[{\"@type\":\"ListItem\",\"position\":1,\"name\":\"Portada\",\"item\":\"https:\/\/ds-barranquilla.org\/\"},{\"@type\":\"ListItem\",\"position\":2,\"name\":\"Iniciaron las campa\u00f1as para escoger a los integrantes del Consejo Estudiantil y la Personer\u00eda de nuestro colegio\"}]},{\"@type\":\"WebSite\",\"@id\":\"https:\/\/ds-barranquilla.org\/#website\",\"url\":\"https:\/\/ds-barranquilla.org\/\",\"name\":\"Colegio Alem\u00e1n - Los Mejores Colegios de Colombia - Colegio Triling\u00fce\",\"description\":\"Colegio Alem\u00e1n  Barranquilla Colombia - Colegio Biling\u00fce - Triling\u00fce - El Mejor Colegio de Colombia\",\"publisher\":{\"@id\":\"https:\/\/ds-barranquilla.org\/#organization\"},\"potentialAction\":[{\"@type\":\"SearchAction\",\"target\":{\"@type\":\"EntryPoint\",\"urlTemplate\":\"https:\/\/ds-barranquilla.org\/?s={search_term_string}\"},\"query-input\":\"required name=search_term_string\"}],\"inLanguage\":\"de\"},{\"@type\":\"Organization\",\"@id\":\"https:\/\/ds-barranquilla.org\/#organization\",\"name\":\"Colegio Alem\u00e1n Barranquilla\",\"url\":\"https:\/\/ds-barranquilla.org\/\",\"logo\":{\"@type\":\"ImageObject\",\"inLanguage\":\"de\",\"@id\":\"https:\/\/ds-barranquilla.org\/#\/schema\/logo\/image\/\",\"url\":\"https:\/\/ds-barranquilla.org\/wp-content\/uploads\/2021\/05\/coleman_logo_2.png\",\"contentUrl\":\"https:\/\/ds-barranquilla.org\/wp-content\/uploads\/2021\/05\/coleman_logo_2.png\",\"width\":418,\"height\":307,\"caption\":\"Colegio Alem\u00e1n Barranquilla\"},\"image\":{\"@id\":\"https:\/\/ds-barranquilla.org\/#\/schema\/logo\/image\/\"},\"sameAs\":[\"https:\/\/www.facebook.com\/ColegioAlemanBaq\/\",\"https:\/\/x.com\/ColegioAlemanBq\",\"https:\/\/www.instagram.com\/colegioalemanbaq\/\",\"https:\/\/www.linkedin.com\/school\/deutsche-schule-barranquilla\/\",\"https:\/\/www.youtube.com\/channel\/UCOOGZQCVs6aYRqIWvSN5agQ\"]},{\"@type\":\"Person\",\"@id\":\"https:\/\/ds-barranquilla.org\/#\/schema\/person\/7bf8790ba89d3480e0551241ccdc8d36\",\"name\":\"Comunicaciones Comunicaciones\",\"image\":{\"@type\":\"ImageObject\",\"inLanguage\":\"de\",\"@id\":\"https:\/\/ds-barranquilla.org\/#\/schema\/person\/image\/\",\"url\":\"https:\/\/secure.gravatar.com\/avatar\/a66ba9484a4338d81d6bea750e595038?s=96&d=mm&r=g\",\"contentUrl\":\"https:\/\/secure.gravatar.com\/avatar\/a66ba9484a4338d81d6bea750e595038?s=96&d=mm&r=g\",\"caption\":\"Comunicaciones Comunicaciones\"}}]}<\/script>\n<!-- \/ Yoast SEO plugin. -->","yoast_head_json":{"title":"Iniciaron las campa\u00f1as para escoger a los integrantes del Consejo Estudiantil y la Personer\u00eda de nuestro colegio - 2026","robots":{"index":"noindex","follow":"follow","max-snippet":"max-snippet:-1","max-image-preview":"max-image-preview:large","max-video-preview":"max-video-preview:-1"},"og_locale":"de_DE","og_type":"article","og_title":"Iniciaron las campa\u00f1as para escoger a los integrantes del Consejo Estudiantil y la Personer\u00eda de nuestro colegio - 2026","og_description":"Iniciaron las campa\u00f1as para escoger a los integrantes del Consejo Estudiantil y la Personer\u00eda de nuestro colegio Creado por: Jos\u00e9 R\u00edos Mercado. En un acto desarrollado [\u2026]","og_url":"https:\/\/ds-barranquilla.org\/de\/iniciaron-las-campanas-para-escoger-a-los-integrantes-del-consejo-estudiantil-y-al-personero-de-nuestro-colegio\/","og_site_name":"Colegio Alem\u00e1n - Los Mejores Colegios de Colombia - Colegio Triling\u00fce","article_publisher":"https:\/\/www.facebook.com\/ColegioAlemanBaq\/","article_published_time":"2022-08-26T18:38:11+00:00","article_modified_time":"2022-11-22T16:51:58+00:00","og_image":[{"width":1170,"height":500,"url":"https:\/\/ds-barranquilla.org\/wp-content\/uploads\/2022\/08\/Elecciones-del-Consejo-y-Personero-Estudiantil-Web.jpg","type":"image\/jpeg"}],"author":"Comunicaciones Comunicaciones","twitter_card":"summary_large_image","twitter_creator":"@ColegioAlemanBq","twitter_site":"@ColegioAlemanBq","twitter_misc":{"Verfasst von":"Comunicaciones Comunicaciones","Gesch\u00e4tzte Lesezeit":"2\u00a0Minuten"},"schema":{"@context":"https:\/\/schema.org","@graph":[{"@type":"Article","@id":"https:\/\/ds-barranquilla.org\/de\/iniciaron-las-campanas-para-escoger-a-los-integrantes-del-consejo-estudiantil-y-al-personero-de-nuestro-colegio\/#article","isPartOf":{"@id":"https:\/\/ds-barranquilla.org\/de\/iniciaron-las-campanas-para-escoger-a-los-integrantes-del-consejo-estudiantil-y-al-personero-de-nuestro-colegio\/"},"author":{"name":"Comunicaciones Comunicaciones","@id":"https:\/\/ds-barranquilla.org\/#\/schema\/person\/7bf8790ba89d3480e0551241ccdc8d36"},"headline":"Iniciaron las campa\u00f1as para escoger a los integrantes del Consejo Estudiantil y la Personer\u00eda de nuestro colegio","datePublished":"2022-08-26T18:38:11+00:00","dateModified":"2022-11-22T16:51:58+00:00","mainEntityOfPage":{"@id":"https:\/\/ds-barranquilla.org\/de\/iniciaron-las-campanas-para-escoger-a-los-integrantes-del-consejo-estudiantil-y-al-personero-de-nuestro-colegio\/"},"wordCount":327,"commentCount":0,"publisher":{"@id":"https:\/\/ds-barranquilla.org\/#organization"},"image":{"@id":"https:\/\/ds-barranquilla.org\/de\/iniciaron-las-campanas-para-escoger-a-los-integrantes-del-consejo-estudiantil-y-al-personero-de-nuestro-colegio\/#primaryimage"},"thumbnailUrl":"https:\/\/ds-barranquilla.org\/wp-content\/uploads\/2022\/08\/Elecciones-del-Consejo-y-Personero-Estudiantil-Web.jpg","articleSection":["2022","\u00c1rea de Individuos y Sociedades","Consejo Estudiantil","Eventos","Primaria","Proyectos acad\u00e9micos","Secundaria"],"inLanguage":"de","potentialAction":[{"@type":"CommentAction","name":"Comment","target":["https:\/\/ds-barranquilla.org\/de\/iniciaron-las-campanas-para-escoger-a-los-integrantes-del-consejo-estudiantil-y-al-personero-de-nuestro-colegio\/#respond"]}]},{"@type":"WebPage","@id":"https:\/\/ds-barranquilla.org\/de\/iniciaron-las-campanas-para-escoger-a-los-integrantes-del-consejo-estudiantil-y-al-personero-de-nuestro-colegio\/","url":"https:\/\/ds-barranquilla.org\/de\/iniciaron-las-campanas-para-escoger-a-los-integrantes-del-consejo-estudiantil-y-al-personero-de-nuestro-colegio\/","name":"Iniciaron las campa\u00f1as para escoger a los integrantes del Consejo Estudiantil y la Personer\u00eda de nuestro colegio - 2026","isPartOf":{"@id":"https:\/\/ds-barranquilla.org\/#website"},"primaryImageOfPage":{"@id":"https:\/\/ds-barranquilla.org\/de\/iniciaron-las-campanas-para-escoger-a-los-integrantes-del-consejo-estudiantil-y-al-personero-de-nuestro-colegio\/#primaryimage"},"image":{"@id":"https:\/\/ds-barranquilla.org\/de\/iniciaron-las-campanas-para-escoger-a-los-integrantes-del-consejo-estudiantil-y-al-personero-de-nuestro-colegio\/#primaryimage"},"thumbnailUrl":"https:\/\/ds-barranquilla.org\/wp-content\/uploads\/2022\/08\/Elecciones-del-Consejo-y-Personero-Estudiantil-Web.jpg","datePublished":"2022-08-26T18:38:11+00:00","dateModified":"2022-11-22T16:51:58+00:00","breadcrumb":{"@id":"https:\/\/ds-barranquilla.org\/de\/iniciaron-las-campanas-para-escoger-a-los-integrantes-del-consejo-estudiantil-y-al-personero-de-nuestro-colegio\/#breadcrumb"},"inLanguage":"de","potentialAction":[{"@type":"ReadAction","target":["https:\/\/ds-barranquilla.org\/de\/iniciaron-las-campanas-para-escoger-a-los-integrantes-del-consejo-estudiantil-y-al-personero-de-nuestro-colegio\/"]}]},{"@type":"ImageObject","inLanguage":"de","@id":"https:\/\/ds-barranquilla.org\/de\/iniciaron-las-campanas-para-escoger-a-los-integrantes-del-consejo-estudiantil-y-al-personero-de-nuestro-colegio\/#primaryimage","url":"https:\/\/ds-barranquilla.org\/wp-content\/uploads\/2022\/08\/Elecciones-del-Consejo-y-Personero-Estudiantil-Web.jpg","contentUrl":"https:\/\/ds-barranquilla.org\/wp-content\/uploads\/2022\/08\/Elecciones-del-Consejo-y-Personero-Estudiantil-Web.jpg","width":1170,"height":500},{"@type":"BreadcrumbList","@id":"https:\/\/ds-barranquilla.org\/de\/iniciaron-las-campanas-para-escoger-a-los-integrantes-del-consejo-estudiantil-y-al-personero-de-nuestro-colegio\/#breadcrumb","itemListElement":[{"@type":"ListItem","position":1,"name":"Portada","item":"https:\/\/ds-barranquilla.org\/"},{"@type":"ListItem","position":2,"name":"Iniciaron las campa\u00f1as para escoger a los integrantes del Consejo Estudiantil y la Personer\u00eda de nuestro colegio"}]},{"@type":"WebSite","@id":"https:\/\/ds-barranquilla.org\/#website","url":"https:\/\/ds-barranquilla.org\/","name":"Colegio Alem\u00e1n - Los Mejores Colegios de Colombia - Colegio Triling\u00fce","description":"Colegio Alem\u00e1n  Barranquilla Colombia - Colegio Biling\u00fce - Triling\u00fce - El Mejor Colegio de Colombia","publisher":{"@id":"https:\/\/ds-barranquilla.org\/#organization"},"potentialAction":[{"@type":"SearchAction","target":{"@type":"EntryPoint","urlTemplate":"https:\/\/ds-barranquilla.org\/?s={search_term_string}"},"query-input":"required name=search_term_string"}],"inLanguage":"de"},{"@type":"Organization","@id":"https:\/\/ds-barranquilla.org\/#organization","name":"Colegio Alem\u00e1n Barranquilla","url":"https:\/\/ds-barranquilla.org\/","logo":{"@type":"ImageObject","inLanguage":"de","@id":"https:\/\/ds-barranquilla.org\/#\/schema\/logo\/image\/","url":"https:\/\/ds-barranquilla.org\/wp-content\/uploads\/2021\/05\/coleman_logo_2.png","contentUrl":"https:\/\/ds-barranquilla.org\/wp-content\/uploads\/2021\/05\/coleman_logo_2.png","width":418,"height":307,"caption":"Colegio Alem\u00e1n Barranquilla"},"image":{"@id":"https:\/\/ds-barranquilla.org\/#\/schema\/logo\/image\/"},"sameAs":["https:\/\/www.facebook.com\/ColegioAlemanBaq\/","https:\/\/x.com\/ColegioAlemanBq","https:\/\/www.instagram.com\/colegioalemanbaq\/","https:\/\/www.linkedin.com\/school\/deutsche-schule-barranquilla\/","https:\/\/www.youtube.com\/channel\/UCOOGZQCVs6aYRqIWvSN5agQ"]},{"@type":"Person","@id":"https:\/\/ds-barranquilla.org\/#\/schema\/person\/7bf8790ba89d3480e0551241ccdc8d36","name":"Comunicaciones Comunicaciones","image":{"@type":"ImageObject","inLanguage":"de","@id":"https:\/\/ds-barranquilla.org\/#\/schema\/person\/image\/","url":"https:\/\/secure.gravatar.com\/avatar\/a66ba9484a4338d81d6bea750e595038?s=96&d=mm&r=g","contentUrl":"https:\/\/secure.gravatar.com\/avatar\/a66ba9484a4338d81d6bea750e595038?s=96&d=mm&r=g","caption":"Comunicaciones Comunicaciones"}}]}},"_links":{"self":[{"href":"https:\/\/ds-barranquilla.org\/de\/wp-json\/wp\/v2\/posts\/17622"}],"collection":[{"href":"https:\/\/ds-barranquilla.org\/de\/wp-json\/wp\/v2\/posts"}],"about":[{"href":"https:\/\/ds-barranquilla.org\/de\/wp-json\/wp\/v2\/types\/post"}],"author":[{"embeddable":true,"href":"https:\/\/ds-barranquilla.org\/de\/wp-json\/wp\/v2\/users\/16"}],"replies":[{"embeddable":true,"href":"https:\/\/ds-barranquilla.org\/de\/wp-json\/wp\/v2\/comments?post=17622"}],"version-history":[{"count":3,"href":"https:\/\/ds-barranquilla.org\/de\/wp-json\/wp\/v2\/posts\/17622\/revisions"}],"predecessor-version":[{"id":17626,"href":"https:\/\/ds-barranquilla.org\/de\/wp-json\/wp\/v2\/posts\/17622\/revisions\/17626"}],"wp:featuredmedia":[{"embeddable":true,"href":"https:\/\/ds-barranquilla.org\/de\/wp-json\/wp\/v2\/media\/17623"}],"wp:attachment":[{"href":"https:\/\/ds-barranquilla.org\/de\/wp-json\/wp\/v2\/media?parent=17622"}],"wp:term":[{"taxonomy":"category","embeddable":true,"href":"https:\/\/ds-barranquilla.org\/de\/wp-json\/wp\/v2\/categories?post=17622"},{"taxonomy":"post_tag","embeddable":true,"href":"https:\/\/ds-barranquilla.org\/de\/wp-json\/wp\/v2\/tags?post=17622"}],"curies":[{"name":"wp","href":"https:\/\/api.w.org\/{rel}","templated":true}]}}