{"id":17871,"date":"2022-09-07T16:12:09","date_gmt":"2022-09-07T21:12:09","guid":{"rendered":"https:\/\/ds-barranquilla.org\/?p=17871"},"modified":"2022-11-22T11:25:32","modified_gmt":"2022-11-22T16:25:32","slug":"el-parque-de-la-colina-un-nuevo-espacio-de-entretenimiento-para-nuestros-estudiantes","status":"publish","type":"post","link":"https:\/\/ds-barranquilla.org\/de\/el-parque-de-la-colina-un-nuevo-espacio-de-entretenimiento-para-nuestros-estudiantes\/","title":{"rendered":"El Parque de la Colina: un nuevo espacio de entretenimiento para nuestros estudiantes"},"content":{"rendered":"<h1><strong>El Parque de la Colina: un nuevo espacio de entretenimiento para nuestros estudiantes<\/strong><\/h1>\n<p><strong>Geschrieben von: Jos\u00e9 R\u00edos Mercado.<\/strong> Con el objetivo de ofrecerle a nuestros estudiantes de la Klasse 5 en adelante nuevos espacios para su recreaci\u00f3n y desarrollo, nuestro Rector Ralph Wiese, el Presidente de la Junta Directiva, Carlos Lindemeyer, y la Directora Administrativa y Financiera, Johanna Jaimes, inauguraron el Parque de la Colina. Al acto de entrega asistieron la Directora de Kindergarten, Nitza Guzm\u00e1n, el Director de Primaria, Iv\u00e1n D\u2019Onofrio, miembros del Equipo administrativo y de Mantenimiento, y un grupo de estudiantes de la Primaria.<\/p>\n<blockquote><p>\u201cDesde este lugar donde estamos rodeado de frondosos \u00e1rboles, les expreso mi alegr\u00eda por la inauguraci\u00f3n de un nuevo espacio del colegio que hemos bautizado como el \u2018Parque de la Colina\u2019, el cual fue creado pensando en nuestros alumnos para que puedan disfrutarlo junto a sus amigos; es por eso, que desde ya los invitamos a que lo usen y lo cuiden mucho. Aprovecho la ocasi\u00f3n para agradecerle al \u00c1rea administrativa y al personal de Mantenimiento por su esfuerzo y dedicaci\u00f3n para materializar este proyecto\u201d, expres\u00f3 nuestro Rector.<\/p><\/blockquote>\n<p>El Jefe de Infraestructura y Mantenimiento, Ernesto Fern\u00e1ndez, indic\u00f3 que los trabajos fueron ejecutados por personal de la instituci\u00f3n y se cont\u00f3 con el apoyo de dos auxiliares de la empresa Contactamos; as\u00ed mismo, precis\u00f3 que la obra inici\u00f3 en diciembre de 2021, pero fue retomada en junio de este a\u00f1o. Finalmente, se\u00f1al\u00f3 que para la dotaci\u00f3n de este espacio se reaprovecharon los juegos que estaban en el anterior Parque de Primaria teniendo en cuenta que este lugar iba a ser renovado en su totalidad.<\/p>\n<p><a href=\"https:\/\/m.facebook.com\/story.php?story_fbid=pfbid037ousr13nSWzuQx4AVi55SA1GzAqG7nwpUtffn4xZ1s54C9oP4RxzkNP5zZrX4jEul&amp;id=100056290190589\">Fotos<\/a><\/p>\n<p><a href=\"https:\/\/fb.watch\/foLN0n9diZ\/\">Ver video<\/a><\/p>","protected":false},"excerpt":{"rendered":"<p>El Parque de la Colina: un nuevo espacio de entretenimiento para nuestros estudiantes Creado por: Jos\u00e9 R\u00edos Mercado. Con el objetivo de ofrecerle a nuestros estudiantes<span class=\"excerpt-hellip\"> [\u2026]<\/span><\/p>","protected":false},"author":16,"featured_media":17886,"comment_status":"open","ping_status":"open","sticky":false,"template":"","format":"standard","meta":{"_exactmetrics_skip_tracking":false,"_exactmetrics_sitenote_active":false,"_exactmetrics_sitenote_note":"","_exactmetrics_sitenote_category":0,"_joinchat":[],"footnotes":""},"categories":[672,683,703,676,709],"tags":[],"class_list":["post-17871","post","type-post","status-publish","format-standard","has-post-thumbnail","hentry","category-672","category-administracion","category-junta-directiva","category-primaria","category-rectoria"],"yoast_head":"<!-- This site is optimized with the Yoast SEO plugin v23.3 - https:\/\/yoast.com\/wordpress\/plugins\/seo\/ -->\n<title>El Parque de la Colina: un nuevo espacio de entretenimiento para nuestros estudiantes - 2026<\/title>\n<meta name=\"robots\" content=\"noindex, follow, max-snippet:-1, max-image-preview:large, max-video-preview:-1\" \/>\n<meta property=\"og:locale\" content=\"de_DE\" \/>\n<meta property=\"og:type\" content=\"article\" \/>\n<meta property=\"og:title\" content=\"El Parque de la Colina: un nuevo espacio de entretenimiento para nuestros estudiantes - 2026\" \/>\n<meta property=\"og:description\" content=\"El Parque de la Colina: un nuevo espacio de entretenimiento para nuestros estudiantes Creado por: Jos\u00e9 R\u00edos Mercado. Con el objetivo de ofrecerle a nuestros estudiantes [\u2026]\" \/>\n<meta property=\"og:url\" content=\"https:\/\/ds-barranquilla.org\/de\/el-parque-de-la-colina-un-nuevo-espacio-de-entretenimiento-para-nuestros-estudiantes\/\" \/>\n<meta property=\"og:site_name\" content=\"Colegio Alem\u00e1n - Los Mejores Colegios de Colombia - Colegio Triling\u00fce\" \/>\n<meta property=\"article:publisher\" content=\"https:\/\/www.facebook.com\/ColegioAlemanBaq\/\" \/>\n<meta property=\"article:published_time\" content=\"2022-09-07T21:12:09+00:00\" \/>\n<meta property=\"article:modified_time\" content=\"2022-11-22T16:25:32+00:00\" \/>\n<meta property=\"og:image\" content=\"https:\/\/ds-barranquilla.org\/wp-content\/uploads\/2022\/09\/Parque-de-la-Colina-Web.jpg\" \/>\n\t<meta property=\"og:image:width\" content=\"1170\" \/>\n\t<meta property=\"og:image:height\" content=\"500\" \/>\n\t<meta property=\"og:image:type\" content=\"image\/jpeg\" \/>\n<meta name=\"author\" content=\"Comunicaciones Comunicaciones\" \/>\n<meta name=\"twitter:card\" content=\"summary_large_image\" \/>\n<meta name=\"twitter:creator\" content=\"@ColegioAlemanBq\" \/>\n<meta name=\"twitter:site\" content=\"@ColegioAlemanBq\" \/>\n<meta name=\"twitter:label1\" content=\"Verfasst von\" \/>\n\t<meta name=\"twitter:data1\" content=\"Comunicaciones Comunicaciones\" \/>\n\t<meta name=\"twitter:label2\" content=\"Gesch\u00e4tzte Lesezeit\" \/>\n\t<meta name=\"twitter:data2\" content=\"1\u00a0Minute\" \/>\n<script type=\"application\/ld+json\" class=\"yoast-schema-graph\">{\"@context\":\"https:\/\/schema.org\",\"@graph\":[{\"@type\":\"Article\",\"@id\":\"https:\/\/ds-barranquilla.org\/de\/el-parque-de-la-colina-un-nuevo-espacio-de-entretenimiento-para-nuestros-estudiantes\/#article\",\"isPartOf\":{\"@id\":\"https:\/\/ds-barranquilla.org\/de\/el-parque-de-la-colina-un-nuevo-espacio-de-entretenimiento-para-nuestros-estudiantes\/\"},\"author\":{\"name\":\"Comunicaciones Comunicaciones\",\"@id\":\"https:\/\/ds-barranquilla.org\/#\/schema\/person\/7bf8790ba89d3480e0551241ccdc8d36\"},\"headline\":\"El Parque de la Colina: un nuevo espacio de entretenimiento para nuestros estudiantes\",\"datePublished\":\"2022-09-07T21:12:09+00:00\",\"dateModified\":\"2022-11-22T16:25:32+00:00\",\"mainEntityOfPage\":{\"@id\":\"https:\/\/ds-barranquilla.org\/de\/el-parque-de-la-colina-un-nuevo-espacio-de-entretenimiento-para-nuestros-estudiantes\/\"},\"wordCount\":302,\"commentCount\":0,\"publisher\":{\"@id\":\"https:\/\/ds-barranquilla.org\/#organization\"},\"image\":{\"@id\":\"https:\/\/ds-barranquilla.org\/de\/el-parque-de-la-colina-un-nuevo-espacio-de-entretenimiento-para-nuestros-estudiantes\/#primaryimage\"},\"thumbnailUrl\":\"https:\/\/ds-barranquilla.org\/wp-content\/uploads\/2022\/09\/Parque-de-la-Colina-Web.jpg\",\"articleSection\":[\"2022\",\"Administraci\u00f3n\",\"Junta Directiva\",\"Primaria\",\"Rector\u00eda\"],\"inLanguage\":\"de\",\"potentialAction\":[{\"@type\":\"CommentAction\",\"name\":\"Comment\",\"target\":[\"https:\/\/ds-barranquilla.org\/de\/el-parque-de-la-colina-un-nuevo-espacio-de-entretenimiento-para-nuestros-estudiantes\/#respond\"]}]},{\"@type\":\"WebPage\",\"@id\":\"https:\/\/ds-barranquilla.org\/de\/el-parque-de-la-colina-un-nuevo-espacio-de-entretenimiento-para-nuestros-estudiantes\/\",\"url\":\"https:\/\/ds-barranquilla.org\/de\/el-parque-de-la-colina-un-nuevo-espacio-de-entretenimiento-para-nuestros-estudiantes\/\",\"name\":\"El Parque de la Colina: un nuevo espacio de entretenimiento para nuestros estudiantes - 2026\",\"isPartOf\":{\"@id\":\"https:\/\/ds-barranquilla.org\/#website\"},\"primaryImageOfPage\":{\"@id\":\"https:\/\/ds-barranquilla.org\/de\/el-parque-de-la-colina-un-nuevo-espacio-de-entretenimiento-para-nuestros-estudiantes\/#primaryimage\"},\"image\":{\"@id\":\"https:\/\/ds-barranquilla.org\/de\/el-parque-de-la-colina-un-nuevo-espacio-de-entretenimiento-para-nuestros-estudiantes\/#primaryimage\"},\"thumbnailUrl\":\"https:\/\/ds-barranquilla.org\/wp-content\/uploads\/2022\/09\/Parque-de-la-Colina-Web.jpg\",\"datePublished\":\"2022-09-07T21:12:09+00:00\",\"dateModified\":\"2022-11-22T16:25:32+00:00\",\"breadcrumb\":{\"@id\":\"https:\/\/ds-barranquilla.org\/de\/el-parque-de-la-colina-un-nuevo-espacio-de-entretenimiento-para-nuestros-estudiantes\/#breadcrumb\"},\"inLanguage\":\"de\",\"potentialAction\":[{\"@type\":\"ReadAction\",\"target\":[\"https:\/\/ds-barranquilla.org\/de\/el-parque-de-la-colina-un-nuevo-espacio-de-entretenimiento-para-nuestros-estudiantes\/\"]}]},{\"@type\":\"ImageObject\",\"inLanguage\":\"de\",\"@id\":\"https:\/\/ds-barranquilla.org\/de\/el-parque-de-la-colina-un-nuevo-espacio-de-entretenimiento-para-nuestros-estudiantes\/#primaryimage\",\"url\":\"https:\/\/ds-barranquilla.org\/wp-content\/uploads\/2022\/09\/Parque-de-la-Colina-Web.jpg\",\"contentUrl\":\"https:\/\/ds-barranquilla.org\/wp-content\/uploads\/2022\/09\/Parque-de-la-Colina-Web.jpg\",\"width\":1170,\"height\":500},{\"@type\":\"BreadcrumbList\",\"@id\":\"https:\/\/ds-barranquilla.org\/de\/el-parque-de-la-colina-un-nuevo-espacio-de-entretenimiento-para-nuestros-estudiantes\/#breadcrumb\",\"itemListElement\":[{\"@type\":\"ListItem\",\"position\":1,\"name\":\"Portada\",\"item\":\"https:\/\/ds-barranquilla.org\/\"},{\"@type\":\"ListItem\",\"position\":2,\"name\":\"El Parque de la Colina: un nuevo espacio de entretenimiento para nuestros estudiantes\"}]},{\"@type\":\"WebSite\",\"@id\":\"https:\/\/ds-barranquilla.org\/#website\",\"url\":\"https:\/\/ds-barranquilla.org\/\",\"name\":\"Colegio Alem\u00e1n - Los Mejores Colegios de Colombia - Colegio Triling\u00fce\",\"description\":\"Colegio Alem\u00e1n  Barranquilla Colombia - Colegio Biling\u00fce - Triling\u00fce - El Mejor Colegio de Colombia\",\"publisher\":{\"@id\":\"https:\/\/ds-barranquilla.org\/#organization\"},\"potentialAction\":[{\"@type\":\"SearchAction\",\"target\":{\"@type\":\"EntryPoint\",\"urlTemplate\":\"https:\/\/ds-barranquilla.org\/?s={search_term_string}\"},\"query-input\":\"required name=search_term_string\"}],\"inLanguage\":\"de\"},{\"@type\":\"Organization\",\"@id\":\"https:\/\/ds-barranquilla.org\/#organization\",\"name\":\"Colegio Alem\u00e1n Barranquilla\",\"url\":\"https:\/\/ds-barranquilla.org\/\",\"logo\":{\"@type\":\"ImageObject\",\"inLanguage\":\"de\",\"@id\":\"https:\/\/ds-barranquilla.org\/#\/schema\/logo\/image\/\",\"url\":\"https:\/\/ds-barranquilla.org\/wp-content\/uploads\/2021\/05\/coleman_logo_2.png\",\"contentUrl\":\"https:\/\/ds-barranquilla.org\/wp-content\/uploads\/2021\/05\/coleman_logo_2.png\",\"width\":418,\"height\":307,\"caption\":\"Colegio Alem\u00e1n Barranquilla\"},\"image\":{\"@id\":\"https:\/\/ds-barranquilla.org\/#\/schema\/logo\/image\/\"},\"sameAs\":[\"https:\/\/www.facebook.com\/ColegioAlemanBaq\/\",\"https:\/\/x.com\/ColegioAlemanBq\",\"https:\/\/www.instagram.com\/colegioalemanbaq\/\",\"https:\/\/www.linkedin.com\/school\/deutsche-schule-barranquilla\/\",\"https:\/\/www.youtube.com\/channel\/UCOOGZQCVs6aYRqIWvSN5agQ\"]},{\"@type\":\"Person\",\"@id\":\"https:\/\/ds-barranquilla.org\/#\/schema\/person\/7bf8790ba89d3480e0551241ccdc8d36\",\"name\":\"Comunicaciones Comunicaciones\",\"image\":{\"@type\":\"ImageObject\",\"inLanguage\":\"de\",\"@id\":\"https:\/\/ds-barranquilla.org\/#\/schema\/person\/image\/\",\"url\":\"https:\/\/secure.gravatar.com\/avatar\/a66ba9484a4338d81d6bea750e595038?s=96&d=mm&r=g\",\"contentUrl\":\"https:\/\/secure.gravatar.com\/avatar\/a66ba9484a4338d81d6bea750e595038?s=96&d=mm&r=g\",\"caption\":\"Comunicaciones Comunicaciones\"}}]}<\/script>\n<!-- \/ Yoast SEO plugin. -->","yoast_head_json":{"title":"El Parque de la Colina: un nuevo espacio de entretenimiento para nuestros estudiantes - 2026","robots":{"index":"noindex","follow":"follow","max-snippet":"max-snippet:-1","max-image-preview":"max-image-preview:large","max-video-preview":"max-video-preview:-1"},"og_locale":"de_DE","og_type":"article","og_title":"El Parque de la Colina: un nuevo espacio de entretenimiento para nuestros estudiantes - 2026","og_description":"El Parque de la Colina: un nuevo espacio de entretenimiento para nuestros estudiantes Creado por: Jos\u00e9 R\u00edos Mercado. Con el objetivo de ofrecerle a nuestros estudiantes [\u2026]","og_url":"https:\/\/ds-barranquilla.org\/de\/el-parque-de-la-colina-un-nuevo-espacio-de-entretenimiento-para-nuestros-estudiantes\/","og_site_name":"Colegio Alem\u00e1n - Los Mejores Colegios de Colombia - Colegio Triling\u00fce","article_publisher":"https:\/\/www.facebook.com\/ColegioAlemanBaq\/","article_published_time":"2022-09-07T21:12:09+00:00","article_modified_time":"2022-11-22T16:25:32+00:00","og_image":[{"width":1170,"height":500,"url":"https:\/\/ds-barranquilla.org\/wp-content\/uploads\/2022\/09\/Parque-de-la-Colina-Web.jpg","type":"image\/jpeg"}],"author":"Comunicaciones Comunicaciones","twitter_card":"summary_large_image","twitter_creator":"@ColegioAlemanBq","twitter_site":"@ColegioAlemanBq","twitter_misc":{"Verfasst von":"Comunicaciones Comunicaciones","Gesch\u00e4tzte Lesezeit":"1\u00a0Minute"},"schema":{"@context":"https:\/\/schema.org","@graph":[{"@type":"Article","@id":"https:\/\/ds-barranquilla.org\/de\/el-parque-de-la-colina-un-nuevo-espacio-de-entretenimiento-para-nuestros-estudiantes\/#article","isPartOf":{"@id":"https:\/\/ds-barranquilla.org\/de\/el-parque-de-la-colina-un-nuevo-espacio-de-entretenimiento-para-nuestros-estudiantes\/"},"author":{"name":"Comunicaciones Comunicaciones","@id":"https:\/\/ds-barranquilla.org\/#\/schema\/person\/7bf8790ba89d3480e0551241ccdc8d36"},"headline":"El Parque de la Colina: un nuevo espacio de entretenimiento para nuestros estudiantes","datePublished":"2022-09-07T21:12:09+00:00","dateModified":"2022-11-22T16:25:32+00:00","mainEntityOfPage":{"@id":"https:\/\/ds-barranquilla.org\/de\/el-parque-de-la-colina-un-nuevo-espacio-de-entretenimiento-para-nuestros-estudiantes\/"},"wordCount":302,"commentCount":0,"publisher":{"@id":"https:\/\/ds-barranquilla.org\/#organization"},"image":{"@id":"https:\/\/ds-barranquilla.org\/de\/el-parque-de-la-colina-un-nuevo-espacio-de-entretenimiento-para-nuestros-estudiantes\/#primaryimage"},"thumbnailUrl":"https:\/\/ds-barranquilla.org\/wp-content\/uploads\/2022\/09\/Parque-de-la-Colina-Web.jpg","articleSection":["2022","Administraci\u00f3n","Junta Directiva","Primaria","Rector\u00eda"],"inLanguage":"de","potentialAction":[{"@type":"CommentAction","name":"Comment","target":["https:\/\/ds-barranquilla.org\/de\/el-parque-de-la-colina-un-nuevo-espacio-de-entretenimiento-para-nuestros-estudiantes\/#respond"]}]},{"@type":"WebPage","@id":"https:\/\/ds-barranquilla.org\/de\/el-parque-de-la-colina-un-nuevo-espacio-de-entretenimiento-para-nuestros-estudiantes\/","url":"https:\/\/ds-barranquilla.org\/de\/el-parque-de-la-colina-un-nuevo-espacio-de-entretenimiento-para-nuestros-estudiantes\/","name":"El Parque de la Colina: un nuevo espacio de entretenimiento para nuestros estudiantes - 2026","isPartOf":{"@id":"https:\/\/ds-barranquilla.org\/#website"},"primaryImageOfPage":{"@id":"https:\/\/ds-barranquilla.org\/de\/el-parque-de-la-colina-un-nuevo-espacio-de-entretenimiento-para-nuestros-estudiantes\/#primaryimage"},"image":{"@id":"https:\/\/ds-barranquilla.org\/de\/el-parque-de-la-colina-un-nuevo-espacio-de-entretenimiento-para-nuestros-estudiantes\/#primaryimage"},"thumbnailUrl":"https:\/\/ds-barranquilla.org\/wp-content\/uploads\/2022\/09\/Parque-de-la-Colina-Web.jpg","datePublished":"2022-09-07T21:12:09+00:00","dateModified":"2022-11-22T16:25:32+00:00","breadcrumb":{"@id":"https:\/\/ds-barranquilla.org\/de\/el-parque-de-la-colina-un-nuevo-espacio-de-entretenimiento-para-nuestros-estudiantes\/#breadcrumb"},"inLanguage":"de","potentialAction":[{"@type":"ReadAction","target":["https:\/\/ds-barranquilla.org\/de\/el-parque-de-la-colina-un-nuevo-espacio-de-entretenimiento-para-nuestros-estudiantes\/"]}]},{"@type":"ImageObject","inLanguage":"de","@id":"https:\/\/ds-barranquilla.org\/de\/el-parque-de-la-colina-un-nuevo-espacio-de-entretenimiento-para-nuestros-estudiantes\/#primaryimage","url":"https:\/\/ds-barranquilla.org\/wp-content\/uploads\/2022\/09\/Parque-de-la-Colina-Web.jpg","contentUrl":"https:\/\/ds-barranquilla.org\/wp-content\/uploads\/2022\/09\/Parque-de-la-Colina-Web.jpg","width":1170,"height":500},{"@type":"BreadcrumbList","@id":"https:\/\/ds-barranquilla.org\/de\/el-parque-de-la-colina-un-nuevo-espacio-de-entretenimiento-para-nuestros-estudiantes\/#breadcrumb","itemListElement":[{"@type":"ListItem","position":1,"name":"Portada","item":"https:\/\/ds-barranquilla.org\/"},{"@type":"ListItem","position":2,"name":"El Parque de la Colina: un nuevo espacio de entretenimiento para nuestros estudiantes"}]},{"@type":"WebSite","@id":"https:\/\/ds-barranquilla.org\/#website","url":"https:\/\/ds-barranquilla.org\/","name":"Colegio Alem\u00e1n - Los Mejores Colegios de Colombia - Colegio Triling\u00fce","description":"Colegio Alem\u00e1n  Barranquilla Colombia - Colegio Biling\u00fce - Triling\u00fce - El Mejor Colegio de Colombia","publisher":{"@id":"https:\/\/ds-barranquilla.org\/#organization"},"potentialAction":[{"@type":"SearchAction","target":{"@type":"EntryPoint","urlTemplate":"https:\/\/ds-barranquilla.org\/?s={search_term_string}"},"query-input":"required name=search_term_string"}],"inLanguage":"de"},{"@type":"Organization","@id":"https:\/\/ds-barranquilla.org\/#organization","name":"Colegio Alem\u00e1n Barranquilla","url":"https:\/\/ds-barranquilla.org\/","logo":{"@type":"ImageObject","inLanguage":"de","@id":"https:\/\/ds-barranquilla.org\/#\/schema\/logo\/image\/","url":"https:\/\/ds-barranquilla.org\/wp-content\/uploads\/2021\/05\/coleman_logo_2.png","contentUrl":"https:\/\/ds-barranquilla.org\/wp-content\/uploads\/2021\/05\/coleman_logo_2.png","width":418,"height":307,"caption":"Colegio Alem\u00e1n Barranquilla"},"image":{"@id":"https:\/\/ds-barranquilla.org\/#\/schema\/logo\/image\/"},"sameAs":["https:\/\/www.facebook.com\/ColegioAlemanBaq\/","https:\/\/x.com\/ColegioAlemanBq","https:\/\/www.instagram.com\/colegioalemanbaq\/","https:\/\/www.linkedin.com\/school\/deutsche-schule-barranquilla\/","https:\/\/www.youtube.com\/channel\/UCOOGZQCVs6aYRqIWvSN5agQ"]},{"@type":"Person","@id":"https:\/\/ds-barranquilla.org\/#\/schema\/person\/7bf8790ba89d3480e0551241ccdc8d36","name":"Comunicaciones Comunicaciones","image":{"@type":"ImageObject","inLanguage":"de","@id":"https:\/\/ds-barranquilla.org\/#\/schema\/person\/image\/","url":"https:\/\/secure.gravatar.com\/avatar\/a66ba9484a4338d81d6bea750e595038?s=96&d=mm&r=g","contentUrl":"https:\/\/secure.gravatar.com\/avatar\/a66ba9484a4338d81d6bea750e595038?s=96&d=mm&r=g","caption":"Comunicaciones Comunicaciones"}}]}},"_links":{"self":[{"href":"https:\/\/ds-barranquilla.org\/de\/wp-json\/wp\/v2\/posts\/17871"}],"collection":[{"href":"https:\/\/ds-barranquilla.org\/de\/wp-json\/wp\/v2\/posts"}],"about":[{"href":"https:\/\/ds-barranquilla.org\/de\/wp-json\/wp\/v2\/types\/post"}],"author":[{"embeddable":true,"href":"https:\/\/ds-barranquilla.org\/de\/wp-json\/wp\/v2\/users\/16"}],"replies":[{"embeddable":true,"href":"https:\/\/ds-barranquilla.org\/de\/wp-json\/wp\/v2\/comments?post=17871"}],"version-history":[{"count":2,"href":"https:\/\/ds-barranquilla.org\/de\/wp-json\/wp\/v2\/posts\/17871\/revisions"}],"predecessor-version":[{"id":18081,"href":"https:\/\/ds-barranquilla.org\/de\/wp-json\/wp\/v2\/posts\/17871\/revisions\/18081"}],"wp:featuredmedia":[{"embeddable":true,"href":"https:\/\/ds-barranquilla.org\/de\/wp-json\/wp\/v2\/media\/17886"}],"wp:attachment":[{"href":"https:\/\/ds-barranquilla.org\/de\/wp-json\/wp\/v2\/media?parent=17871"}],"wp:term":[{"taxonomy":"category","embeddable":true,"href":"https:\/\/ds-barranquilla.org\/de\/wp-json\/wp\/v2\/categories?post=17871"},{"taxonomy":"post_tag","embeddable":true,"href":"https:\/\/ds-barranquilla.org\/de\/wp-json\/wp\/v2\/tags?post=17871"}],"curies":[{"name":"wp","href":"https:\/\/api.w.org\/{rel}","templated":true}]}}