{"id":18754,"date":"2022-09-19T16:30:22","date_gmt":"2022-09-19T21:30:22","guid":{"rendered":"https:\/\/ds-barranquilla.org\/?p=18754"},"modified":"2022-11-22T11:01:07","modified_gmt":"2022-11-22T16:01:07","slug":"amor-y-amistad-una-fecha-que-fomenta-la-integracion-en-nuestra-comunidad-escolar","status":"publish","type":"post","link":"https:\/\/ds-barranquilla.org\/de\/amor-y-amistad-una-fecha-que-fomenta-la-integracion-en-nuestra-comunidad-escolar\/","title":{"rendered":"Amor y Amistad: una fecha que fomenta la integraci\u00f3n en nuestra comunidad escolar"},"content":{"rendered":"<h1><strong>Amor y Amistad: una fecha que fomenta la integraci\u00f3n en nuestra comunidad escolar<\/strong><\/h1>\n<p><strong>Geschrieben von: Jos\u00e9 R\u00edos Mercado.<\/strong> Con diferentes actividades alusivas al Amor y la Amistad, nuestros estudiantes junto a sus docentes, realizaron el pasado 16 de septiembre varias actividades para celebrar esta fecha tan especial. En la secci\u00f3n de Kindergarten los m\u00e1s peque\u00f1os hicieron dibujos y manualidades, compartieron alimentos durante el picnic y jugaron al \u2018Amigo Secreto\u2019, en que se regalaron cuentos infantiles.<\/p>\n<p>La secci\u00f3n de Secundaria organiz\u00f3 un acto cultural en el que los alumnos, a trav\u00e9s de varias din\u00e1micas, agradecieron por los lazos de amistad cultivados a lo largo de estos a\u00f1os en la instituci\u00f3n. El evento fue liderado por los estudiantes de la Klasse 12 \u2018Abiolympisch\u2019, quienes repartieron flores, dieron serenatas y entregaron medallas para exaltar a sus compa\u00f1eros de Promoci\u00f3n.<\/p>\n<p><a href=\"https:\/\/m.facebook.com\/story.php?story_fbid=pfbid022ZZ5aKwB8pnWJFpNGYqoYDXD7mEo4Te5sTDJQb5vZxPu3XqcXE1HgjWPaiXCAGkzl&amp;id=100056290190589\">Fotos<\/a><\/p>","protected":false},"excerpt":{"rendered":"<p>Amor y Amistad: una fecha que fomenta la integraci\u00f3n en nuestra comunidad escolar Creado por: Jos\u00e9 R\u00edos Mercado. Con diferentes actividades alusivas al Amor y la<span class=\"excerpt-hellip\"> [\u2026]<\/span><\/p>","protected":false},"author":16,"featured_media":18755,"comment_status":"open","ping_status":"open","sticky":false,"template":"","format":"standard","meta":{"_exactmetrics_skip_tracking":false,"_exactmetrics_sitenote_active":false,"_exactmetrics_sitenote_note":"","_exactmetrics_sitenote_category":0,"_joinchat":[],"footnotes":""},"categories":[672,675,677,710],"tags":[],"class_list":["post-18754","post","type-post","status-publish","format-standard","has-post-thumbnail","hentry","category-672","category-eventos","category-kindergarten","category-secundaria"],"yoast_head":"<!-- This site is optimized with the Yoast SEO plugin v23.3 - https:\/\/yoast.com\/wordpress\/plugins\/seo\/ -->\n<title>Amor y Amistad: una fecha que fomenta la integraci\u00f3n en nuestra comunidad escolar - 2026<\/title>\n<meta name=\"robots\" content=\"noindex, follow, max-snippet:-1, max-image-preview:large, max-video-preview:-1\" \/>\n<meta property=\"og:locale\" content=\"de_DE\" \/>\n<meta property=\"og:type\" content=\"article\" \/>\n<meta property=\"og:title\" content=\"Amor y Amistad: una fecha que fomenta la integraci\u00f3n en nuestra comunidad escolar - 2026\" \/>\n<meta property=\"og:description\" content=\"Amor y Amistad: una fecha que fomenta la integraci\u00f3n en nuestra comunidad escolar Creado por: Jos\u00e9 R\u00edos Mercado. Con diferentes actividades alusivas al Amor y la [\u2026]\" \/>\n<meta property=\"og:url\" content=\"https:\/\/ds-barranquilla.org\/de\/amor-y-amistad-una-fecha-que-fomenta-la-integracion-en-nuestra-comunidad-escolar\/\" \/>\n<meta property=\"og:site_name\" content=\"Colegio Alem\u00e1n - Los Mejores Colegios de Colombia - Colegio Triling\u00fce\" \/>\n<meta property=\"article:publisher\" content=\"https:\/\/www.facebook.com\/ColegioAlemanBaq\/\" \/>\n<meta property=\"article:published_time\" content=\"2022-09-19T21:30:22+00:00\" \/>\n<meta property=\"article:modified_time\" content=\"2022-11-22T16:01:07+00:00\" \/>\n<meta property=\"og:image\" content=\"https:\/\/ds-barranquilla.org\/wp-content\/uploads\/2022\/09\/Amor-y-Amistad-Web.jpg\" \/>\n\t<meta property=\"og:image:width\" content=\"1170\" \/>\n\t<meta property=\"og:image:height\" content=\"500\" \/>\n\t<meta property=\"og:image:type\" content=\"image\/jpeg\" \/>\n<meta name=\"author\" content=\"Comunicaciones Comunicaciones\" \/>\n<meta name=\"twitter:card\" content=\"summary_large_image\" \/>\n<meta name=\"twitter:creator\" content=\"@ColegioAlemanBq\" \/>\n<meta name=\"twitter:site\" content=\"@ColegioAlemanBq\" \/>\n<meta name=\"twitter:label1\" content=\"Verfasst von\" \/>\n\t<meta name=\"twitter:data1\" content=\"Comunicaciones Comunicaciones\" \/>\n\t<meta name=\"twitter:label2\" content=\"Gesch\u00e4tzte Lesezeit\" \/>\n\t<meta name=\"twitter:data2\" content=\"1\u00a0Minute\" \/>\n<script type=\"application\/ld+json\" class=\"yoast-schema-graph\">{\"@context\":\"https:\/\/schema.org\",\"@graph\":[{\"@type\":\"Article\",\"@id\":\"https:\/\/ds-barranquilla.org\/amor-y-amistad-una-fecha-que-fomenta-la-integracion-en-nuestra-comunidad-escolar\/#article\",\"isPartOf\":{\"@id\":\"https:\/\/ds-barranquilla.org\/amor-y-amistad-una-fecha-que-fomenta-la-integracion-en-nuestra-comunidad-escolar\/\"},\"author\":{\"name\":\"Comunicaciones Comunicaciones\",\"@id\":\"https:\/\/ds-barranquilla.org\/#\/schema\/person\/7bf8790ba89d3480e0551241ccdc8d36\"},\"headline\":\"Amor y Amistad: una fecha que fomenta la integraci\u00f3n en nuestra comunidad escolar\",\"datePublished\":\"2022-09-19T21:30:22+00:00\",\"dateModified\":\"2022-11-22T16:01:07+00:00\",\"mainEntityOfPage\":{\"@id\":\"https:\/\/ds-barranquilla.org\/amor-y-amistad-una-fecha-que-fomenta-la-integracion-en-nuestra-comunidad-escolar\/\"},\"wordCount\":165,\"commentCount\":0,\"publisher\":{\"@id\":\"https:\/\/ds-barranquilla.org\/#organization\"},\"image\":{\"@id\":\"https:\/\/ds-barranquilla.org\/amor-y-amistad-una-fecha-que-fomenta-la-integracion-en-nuestra-comunidad-escolar\/#primaryimage\"},\"thumbnailUrl\":\"https:\/\/ds-barranquilla.org\/wp-content\/uploads\/2022\/09\/Amor-y-Amistad-Web.jpg\",\"articleSection\":[\"2022\",\"Eventos\",\"Kindergarten\",\"Secundaria\"],\"inLanguage\":\"de\",\"potentialAction\":[{\"@type\":\"CommentAction\",\"name\":\"Comment\",\"target\":[\"https:\/\/ds-barranquilla.org\/amor-y-amistad-una-fecha-que-fomenta-la-integracion-en-nuestra-comunidad-escolar\/#respond\"]}]},{\"@type\":\"WebPage\",\"@id\":\"https:\/\/ds-barranquilla.org\/amor-y-amistad-una-fecha-que-fomenta-la-integracion-en-nuestra-comunidad-escolar\/\",\"url\":\"https:\/\/ds-barranquilla.org\/amor-y-amistad-una-fecha-que-fomenta-la-integracion-en-nuestra-comunidad-escolar\/\",\"name\":\"Amor y Amistad: una fecha que fomenta la integraci\u00f3n en nuestra comunidad escolar - 2026\",\"isPartOf\":{\"@id\":\"https:\/\/ds-barranquilla.org\/#website\"},\"primaryImageOfPage\":{\"@id\":\"https:\/\/ds-barranquilla.org\/amor-y-amistad-una-fecha-que-fomenta-la-integracion-en-nuestra-comunidad-escolar\/#primaryimage\"},\"image\":{\"@id\":\"https:\/\/ds-barranquilla.org\/amor-y-amistad-una-fecha-que-fomenta-la-integracion-en-nuestra-comunidad-escolar\/#primaryimage\"},\"thumbnailUrl\":\"https:\/\/ds-barranquilla.org\/wp-content\/uploads\/2022\/09\/Amor-y-Amistad-Web.jpg\",\"datePublished\":\"2022-09-19T21:30:22+00:00\",\"dateModified\":\"2022-11-22T16:01:07+00:00\",\"breadcrumb\":{\"@id\":\"https:\/\/ds-barranquilla.org\/amor-y-amistad-una-fecha-que-fomenta-la-integracion-en-nuestra-comunidad-escolar\/#breadcrumb\"},\"inLanguage\":\"de\",\"potentialAction\":[{\"@type\":\"ReadAction\",\"target\":[\"https:\/\/ds-barranquilla.org\/amor-y-amistad-una-fecha-que-fomenta-la-integracion-en-nuestra-comunidad-escolar\/\"]}]},{\"@type\":\"ImageObject\",\"inLanguage\":\"de\",\"@id\":\"https:\/\/ds-barranquilla.org\/amor-y-amistad-una-fecha-que-fomenta-la-integracion-en-nuestra-comunidad-escolar\/#primaryimage\",\"url\":\"https:\/\/ds-barranquilla.org\/wp-content\/uploads\/2022\/09\/Amor-y-Amistad-Web.jpg\",\"contentUrl\":\"https:\/\/ds-barranquilla.org\/wp-content\/uploads\/2022\/09\/Amor-y-Amistad-Web.jpg\",\"width\":1170,\"height\":500},{\"@type\":\"BreadcrumbList\",\"@id\":\"https:\/\/ds-barranquilla.org\/amor-y-amistad-una-fecha-que-fomenta-la-integracion-en-nuestra-comunidad-escolar\/#breadcrumb\",\"itemListElement\":[{\"@type\":\"ListItem\",\"position\":1,\"name\":\"Portada\",\"item\":\"https:\/\/ds-barranquilla.org\/\"},{\"@type\":\"ListItem\",\"position\":2,\"name\":\"Amor y Amistad: una fecha que fomenta la integraci\u00f3n en nuestra comunidad escolar\"}]},{\"@type\":\"WebSite\",\"@id\":\"https:\/\/ds-barranquilla.org\/#website\",\"url\":\"https:\/\/ds-barranquilla.org\/\",\"name\":\"Colegio Alem\u00e1n - Los Mejores Colegios de Colombia - Colegio Triling\u00fce\",\"description\":\"Colegio Alem\u00e1n  Barranquilla Colombia - Colegio Biling\u00fce - Triling\u00fce - El Mejor Colegio de Colombia\",\"publisher\":{\"@id\":\"https:\/\/ds-barranquilla.org\/#organization\"},\"potentialAction\":[{\"@type\":\"SearchAction\",\"target\":{\"@type\":\"EntryPoint\",\"urlTemplate\":\"https:\/\/ds-barranquilla.org\/?s={search_term_string}\"},\"query-input\":\"required name=search_term_string\"}],\"inLanguage\":\"de\"},{\"@type\":\"Organization\",\"@id\":\"https:\/\/ds-barranquilla.org\/#organization\",\"name\":\"Colegio Alem\u00e1n Barranquilla\",\"url\":\"https:\/\/ds-barranquilla.org\/\",\"logo\":{\"@type\":\"ImageObject\",\"inLanguage\":\"de\",\"@id\":\"https:\/\/ds-barranquilla.org\/#\/schema\/logo\/image\/\",\"url\":\"https:\/\/ds-barranquilla.org\/wp-content\/uploads\/2021\/05\/coleman_logo_2.png\",\"contentUrl\":\"https:\/\/ds-barranquilla.org\/wp-content\/uploads\/2021\/05\/coleman_logo_2.png\",\"width\":418,\"height\":307,\"caption\":\"Colegio Alem\u00e1n Barranquilla\"},\"image\":{\"@id\":\"https:\/\/ds-barranquilla.org\/#\/schema\/logo\/image\/\"},\"sameAs\":[\"https:\/\/www.facebook.com\/ColegioAlemanBaq\/\",\"https:\/\/x.com\/ColegioAlemanBq\",\"https:\/\/www.instagram.com\/colegioalemanbaq\/\",\"https:\/\/www.linkedin.com\/school\/deutsche-schule-barranquilla\/\",\"https:\/\/www.youtube.com\/channel\/UCOOGZQCVs6aYRqIWvSN5agQ\"]},{\"@type\":\"Person\",\"@id\":\"https:\/\/ds-barranquilla.org\/#\/schema\/person\/7bf8790ba89d3480e0551241ccdc8d36\",\"name\":\"Comunicaciones Comunicaciones\",\"image\":{\"@type\":\"ImageObject\",\"inLanguage\":\"de\",\"@id\":\"https:\/\/ds-barranquilla.org\/#\/schema\/person\/image\/\",\"url\":\"https:\/\/secure.gravatar.com\/avatar\/a66ba9484a4338d81d6bea750e595038?s=96&d=mm&r=g\",\"contentUrl\":\"https:\/\/secure.gravatar.com\/avatar\/a66ba9484a4338d81d6bea750e595038?s=96&d=mm&r=g\",\"caption\":\"Comunicaciones Comunicaciones\"}}]}<\/script>\n<!-- \/ Yoast SEO plugin. -->","yoast_head_json":{"title":"Amor y Amistad: una fecha que fomenta la integraci\u00f3n en nuestra comunidad escolar - 2026","robots":{"index":"noindex","follow":"follow","max-snippet":"max-snippet:-1","max-image-preview":"max-image-preview:large","max-video-preview":"max-video-preview:-1"},"og_locale":"de_DE","og_type":"article","og_title":"Amor y Amistad: una fecha que fomenta la integraci\u00f3n en nuestra comunidad escolar - 2026","og_description":"Amor y Amistad: una fecha que fomenta la integraci\u00f3n en nuestra comunidad escolar Creado por: Jos\u00e9 R\u00edos Mercado. Con diferentes actividades alusivas al Amor y la [\u2026]","og_url":"https:\/\/ds-barranquilla.org\/de\/amor-y-amistad-una-fecha-que-fomenta-la-integracion-en-nuestra-comunidad-escolar\/","og_site_name":"Colegio Alem\u00e1n - Los Mejores Colegios de Colombia - Colegio Triling\u00fce","article_publisher":"https:\/\/www.facebook.com\/ColegioAlemanBaq\/","article_published_time":"2022-09-19T21:30:22+00:00","article_modified_time":"2022-11-22T16:01:07+00:00","og_image":[{"width":1170,"height":500,"url":"https:\/\/ds-barranquilla.org\/wp-content\/uploads\/2022\/09\/Amor-y-Amistad-Web.jpg","type":"image\/jpeg"}],"author":"Comunicaciones Comunicaciones","twitter_card":"summary_large_image","twitter_creator":"@ColegioAlemanBq","twitter_site":"@ColegioAlemanBq","twitter_misc":{"Verfasst von":"Comunicaciones Comunicaciones","Gesch\u00e4tzte Lesezeit":"1\u00a0Minute"},"schema":{"@context":"https:\/\/schema.org","@graph":[{"@type":"Article","@id":"https:\/\/ds-barranquilla.org\/amor-y-amistad-una-fecha-que-fomenta-la-integracion-en-nuestra-comunidad-escolar\/#article","isPartOf":{"@id":"https:\/\/ds-barranquilla.org\/amor-y-amistad-una-fecha-que-fomenta-la-integracion-en-nuestra-comunidad-escolar\/"},"author":{"name":"Comunicaciones Comunicaciones","@id":"https:\/\/ds-barranquilla.org\/#\/schema\/person\/7bf8790ba89d3480e0551241ccdc8d36"},"headline":"Amor y Amistad: una fecha que fomenta la integraci\u00f3n en nuestra comunidad escolar","datePublished":"2022-09-19T21:30:22+00:00","dateModified":"2022-11-22T16:01:07+00:00","mainEntityOfPage":{"@id":"https:\/\/ds-barranquilla.org\/amor-y-amistad-una-fecha-que-fomenta-la-integracion-en-nuestra-comunidad-escolar\/"},"wordCount":165,"commentCount":0,"publisher":{"@id":"https:\/\/ds-barranquilla.org\/#organization"},"image":{"@id":"https:\/\/ds-barranquilla.org\/amor-y-amistad-una-fecha-que-fomenta-la-integracion-en-nuestra-comunidad-escolar\/#primaryimage"},"thumbnailUrl":"https:\/\/ds-barranquilla.org\/wp-content\/uploads\/2022\/09\/Amor-y-Amistad-Web.jpg","articleSection":["2022","Eventos","Kindergarten","Secundaria"],"inLanguage":"de","potentialAction":[{"@type":"CommentAction","name":"Comment","target":["https:\/\/ds-barranquilla.org\/amor-y-amistad-una-fecha-que-fomenta-la-integracion-en-nuestra-comunidad-escolar\/#respond"]}]},{"@type":"WebPage","@id":"https:\/\/ds-barranquilla.org\/amor-y-amistad-una-fecha-que-fomenta-la-integracion-en-nuestra-comunidad-escolar\/","url":"https:\/\/ds-barranquilla.org\/amor-y-amistad-una-fecha-que-fomenta-la-integracion-en-nuestra-comunidad-escolar\/","name":"Amor y Amistad: una fecha que fomenta la integraci\u00f3n en nuestra comunidad escolar - 2026","isPartOf":{"@id":"https:\/\/ds-barranquilla.org\/#website"},"primaryImageOfPage":{"@id":"https:\/\/ds-barranquilla.org\/amor-y-amistad-una-fecha-que-fomenta-la-integracion-en-nuestra-comunidad-escolar\/#primaryimage"},"image":{"@id":"https:\/\/ds-barranquilla.org\/amor-y-amistad-una-fecha-que-fomenta-la-integracion-en-nuestra-comunidad-escolar\/#primaryimage"},"thumbnailUrl":"https:\/\/ds-barranquilla.org\/wp-content\/uploads\/2022\/09\/Amor-y-Amistad-Web.jpg","datePublished":"2022-09-19T21:30:22+00:00","dateModified":"2022-11-22T16:01:07+00:00","breadcrumb":{"@id":"https:\/\/ds-barranquilla.org\/amor-y-amistad-una-fecha-que-fomenta-la-integracion-en-nuestra-comunidad-escolar\/#breadcrumb"},"inLanguage":"de","potentialAction":[{"@type":"ReadAction","target":["https:\/\/ds-barranquilla.org\/amor-y-amistad-una-fecha-que-fomenta-la-integracion-en-nuestra-comunidad-escolar\/"]}]},{"@type":"ImageObject","inLanguage":"de","@id":"https:\/\/ds-barranquilla.org\/amor-y-amistad-una-fecha-que-fomenta-la-integracion-en-nuestra-comunidad-escolar\/#primaryimage","url":"https:\/\/ds-barranquilla.org\/wp-content\/uploads\/2022\/09\/Amor-y-Amistad-Web.jpg","contentUrl":"https:\/\/ds-barranquilla.org\/wp-content\/uploads\/2022\/09\/Amor-y-Amistad-Web.jpg","width":1170,"height":500},{"@type":"BreadcrumbList","@id":"https:\/\/ds-barranquilla.org\/amor-y-amistad-una-fecha-que-fomenta-la-integracion-en-nuestra-comunidad-escolar\/#breadcrumb","itemListElement":[{"@type":"ListItem","position":1,"name":"Portada","item":"https:\/\/ds-barranquilla.org\/"},{"@type":"ListItem","position":2,"name":"Amor y Amistad: una fecha que fomenta la integraci\u00f3n en nuestra comunidad escolar"}]},{"@type":"WebSite","@id":"https:\/\/ds-barranquilla.org\/#website","url":"https:\/\/ds-barranquilla.org\/","name":"Colegio Alem\u00e1n - Los Mejores Colegios de Colombia - Colegio Triling\u00fce","description":"Colegio Alem\u00e1n  Barranquilla Colombia - Colegio Biling\u00fce - Triling\u00fce - El Mejor Colegio de Colombia","publisher":{"@id":"https:\/\/ds-barranquilla.org\/#organization"},"potentialAction":[{"@type":"SearchAction","target":{"@type":"EntryPoint","urlTemplate":"https:\/\/ds-barranquilla.org\/?s={search_term_string}"},"query-input":"required name=search_term_string"}],"inLanguage":"de"},{"@type":"Organization","@id":"https:\/\/ds-barranquilla.org\/#organization","name":"Colegio Alem\u00e1n Barranquilla","url":"https:\/\/ds-barranquilla.org\/","logo":{"@type":"ImageObject","inLanguage":"de","@id":"https:\/\/ds-barranquilla.org\/#\/schema\/logo\/image\/","url":"https:\/\/ds-barranquilla.org\/wp-content\/uploads\/2021\/05\/coleman_logo_2.png","contentUrl":"https:\/\/ds-barranquilla.org\/wp-content\/uploads\/2021\/05\/coleman_logo_2.png","width":418,"height":307,"caption":"Colegio Alem\u00e1n Barranquilla"},"image":{"@id":"https:\/\/ds-barranquilla.org\/#\/schema\/logo\/image\/"},"sameAs":["https:\/\/www.facebook.com\/ColegioAlemanBaq\/","https:\/\/x.com\/ColegioAlemanBq","https:\/\/www.instagram.com\/colegioalemanbaq\/","https:\/\/www.linkedin.com\/school\/deutsche-schule-barranquilla\/","https:\/\/www.youtube.com\/channel\/UCOOGZQCVs6aYRqIWvSN5agQ"]},{"@type":"Person","@id":"https:\/\/ds-barranquilla.org\/#\/schema\/person\/7bf8790ba89d3480e0551241ccdc8d36","name":"Comunicaciones Comunicaciones","image":{"@type":"ImageObject","inLanguage":"de","@id":"https:\/\/ds-barranquilla.org\/#\/schema\/person\/image\/","url":"https:\/\/secure.gravatar.com\/avatar\/a66ba9484a4338d81d6bea750e595038?s=96&d=mm&r=g","contentUrl":"https:\/\/secure.gravatar.com\/avatar\/a66ba9484a4338d81d6bea750e595038?s=96&d=mm&r=g","caption":"Comunicaciones Comunicaciones"}}]}},"_links":{"self":[{"href":"https:\/\/ds-barranquilla.org\/de\/wp-json\/wp\/v2\/posts\/18754"}],"collection":[{"href":"https:\/\/ds-barranquilla.org\/de\/wp-json\/wp\/v2\/posts"}],"about":[{"href":"https:\/\/ds-barranquilla.org\/de\/wp-json\/wp\/v2\/types\/post"}],"author":[{"embeddable":true,"href":"https:\/\/ds-barranquilla.org\/de\/wp-json\/wp\/v2\/users\/16"}],"replies":[{"embeddable":true,"href":"https:\/\/ds-barranquilla.org\/de\/wp-json\/wp\/v2\/comments?post=18754"}],"version-history":[{"count":1,"href":"https:\/\/ds-barranquilla.org\/de\/wp-json\/wp\/v2\/posts\/18754\/revisions"}],"predecessor-version":[{"id":18756,"href":"https:\/\/ds-barranquilla.org\/de\/wp-json\/wp\/v2\/posts\/18754\/revisions\/18756"}],"wp:featuredmedia":[{"embeddable":true,"href":"https:\/\/ds-barranquilla.org\/de\/wp-json\/wp\/v2\/media\/18755"}],"wp:attachment":[{"href":"https:\/\/ds-barranquilla.org\/de\/wp-json\/wp\/v2\/media?parent=18754"}],"wp:term":[{"taxonomy":"category","embeddable":true,"href":"https:\/\/ds-barranquilla.org\/de\/wp-json\/wp\/v2\/categories?post=18754"},{"taxonomy":"post_tag","embeddable":true,"href":"https:\/\/ds-barranquilla.org\/de\/wp-json\/wp\/v2\/tags?post=18754"}],"curies":[{"name":"wp","href":"https:\/\/api.w.org\/{rel}","templated":true}]}}