{"id":19304,"date":"2022-10-31T11:23:03","date_gmt":"2022-10-31T16:23:03","guid":{"rendered":"https:\/\/ds-barranquilla.org\/?p=19304"},"modified":"2022-11-22T10:39:51","modified_gmt":"2022-11-22T15:39:51","slug":"fantasia-literaria-contagio-con-su-magia-a-nuestra-comunidad-escolar","status":"publish","type":"post","link":"https:\/\/ds-barranquilla.org\/de\/fantasia-literaria-contagio-con-su-magia-a-nuestra-comunidad-escolar\/","title":{"rendered":"\u2018Fantas\u00eda Literaria\u2019 contagi\u00f3 con su magia a nuestra comunidad escolar"},"content":{"rendered":"<h1><strong>\u2018Fantas\u00eda Literaria\u2019 contagi\u00f3 con su magia a nuestra comunidad escolar<\/strong><\/h1>\n<p><strong>Geschrieben von: Jos\u00e9 R\u00edos Mercado.<\/strong> Con el tema \u2018Fantas\u00eda Animal en la Literatura\u2019, el \u00c1rea de Lengua y Literatura de nuestro colegio realiz\u00f3 el pasado 28 de octubre una edici\u00f3n m\u00e1s de \u2018Fantas\u00eda Literaria\u2019, proyecto acad\u00e9mico a trav\u00e9s del cual los estudiantes le rinden cada a\u00f1o homenaje a los personajes de la Literatura de todos los tiempos. Con ocasi\u00f3n de esta celebraci\u00f3n, estudiantes y docentes de las diferentes secciones se tomaron los rincones de la instituci\u00f3n luciendo llamativos atuendos y disfraces.<\/p>\n<p>\u201cLos animales, adem\u00e1s de recrear las virtudes y defectos de los seres humanos en la Literatura, nos dan lecciones morales muy importantes. Cada a\u00f1o cambiamos de tema de acuerdo a lo que est\u00e9 ocurriendo en el mundo y en esta ocasi\u00f3n quisimos resaltar las ense\u00f1anzas que nos dejan los animales en cuanto a valores, especialmente en las f\u00e1bulas; el impacto de las moralejas en los alumnos es un aspecto que quer\u00edamos desarrollar con ellos\u201d, expres\u00f3 la docente Rosiris Ortega.<\/p>\n<p>Por su parte, la Coordinadora del \u00c1rea de Lengua y Literatura, Claudia Fontalvo, indic\u00f3 que los Atributos del IB tambi\u00e9n son analizados en este ejercicio a partir del comportamiento del animal que escogi\u00f3 el estudiante. Destac\u00f3 que durante la jornada, el alumno tiene un espacio para presentar en el aula su personaje, actividad en la que tambi\u00e9n son evaluados: la caracterizaci\u00f3n de su personaje, la creatividad, el conocimiento del libro y, las habilidades comunicativas y de indagaci\u00f3n.<\/p>\n<p><a href=\"https:\/\/m.facebook.com\/story.php?story_fbid=pfbid0v1WrXkJYZVQewHh7FypEeQTiz9Kn2YXavnJ9wZTEsxTXd2ezPd1imtY4d53VhCzl&amp;id=100056290190589\">Fotos<\/a><\/p>\n<p><a href=\"https:\/\/ds-barranquilla.org\/wp-content\/uploads\/2022\/10\/1-4.jpeg\"><img fetchpriority=\"high\" decoding=\"async\" class=\"alignnone size-medium wp-image-19326\" src=\"https:\/\/ds-barranquilla.org\/wp-content\/uploads\/2022\/10\/1-4-300x200.jpeg\" alt=\"\" width=\"300\" height=\"200\" srcset=\"https:\/\/ds-barranquilla.org\/wp-content\/uploads\/2022\/10\/1-4-300x200.jpeg 300w, https:\/\/ds-barranquilla.org\/wp-content\/uploads\/2022\/10\/1-4-1024x682.jpeg 1024w, https:\/\/ds-barranquilla.org\/wp-content\/uploads\/2022\/10\/1-4-768x512.jpeg 768w, https:\/\/ds-barranquilla.org\/wp-content\/uploads\/2022\/10\/1-4-391x260.jpeg 391w, https:\/\/ds-barranquilla.org\/wp-content\/uploads\/2022\/10\/1-4-18x12.jpeg 18w, https:\/\/ds-barranquilla.org\/wp-content\/uploads\/2022\/10\/1-4-219x146.jpeg 219w, https:\/\/ds-barranquilla.org\/wp-content\/uploads\/2022\/10\/1-4-50x33.jpeg 50w, https:\/\/ds-barranquilla.org\/wp-content\/uploads\/2022\/10\/1-4-113x75.jpeg 113w, https:\/\/ds-barranquilla.org\/wp-content\/uploads\/2022\/10\/1-4-800x533.jpeg 800w, https:\/\/ds-barranquilla.org\/wp-content\/uploads\/2022\/10\/1-4.jpeg 1280w\" sizes=\"(max-width:767px) 300px, 300px\" \/><\/a><a href=\"https:\/\/ds-barranquilla.org\/wp-content\/uploads\/2022\/10\/2-4.jpeg\"><img decoding=\"async\" class=\"alignnone size-medium wp-image-19327\" src=\"https:\/\/ds-barranquilla.org\/wp-content\/uploads\/2022\/10\/2-4-300x200.jpeg\" alt=\"\" width=\"300\" height=\"200\" srcset=\"https:\/\/ds-barranquilla.org\/wp-content\/uploads\/2022\/10\/2-4-300x200.jpeg 300w, https:\/\/ds-barranquilla.org\/wp-content\/uploads\/2022\/10\/2-4-1024x682.jpeg 1024w, https:\/\/ds-barranquilla.org\/wp-content\/uploads\/2022\/10\/2-4-768x512.jpeg 768w, https:\/\/ds-barranquilla.org\/wp-content\/uploads\/2022\/10\/2-4-391x260.jpeg 391w, https:\/\/ds-barranquilla.org\/wp-content\/uploads\/2022\/10\/2-4-18x12.jpeg 18w, https:\/\/ds-barranquilla.org\/wp-content\/uploads\/2022\/10\/2-4-219x146.jpeg 219w, https:\/\/ds-barranquilla.org\/wp-content\/uploads\/2022\/10\/2-4-50x33.jpeg 50w, https:\/\/ds-barranquilla.org\/wp-content\/uploads\/2022\/10\/2-4-113x75.jpeg 113w, https:\/\/ds-barranquilla.org\/wp-content\/uploads\/2022\/10\/2-4-800x533.jpeg 800w, https:\/\/ds-barranquilla.org\/wp-content\/uploads\/2022\/10\/2-4.jpeg 1280w\" sizes=\"(max-width:767px) 300px, 300px\" \/><\/a><a href=\"https:\/\/ds-barranquilla.org\/wp-content\/uploads\/2022\/10\/3-4.jpeg\"><img decoding=\"async\" class=\"alignnone size-medium wp-image-19328\" src=\"https:\/\/ds-barranquilla.org\/wp-content\/uploads\/2022\/10\/3-4-300x200.jpeg\" alt=\"\" width=\"300\" height=\"200\" srcset=\"https:\/\/ds-barranquilla.org\/wp-content\/uploads\/2022\/10\/3-4-300x200.jpeg 300w, https:\/\/ds-barranquilla.org\/wp-content\/uploads\/2022\/10\/3-4-1024x682.jpeg 1024w, https:\/\/ds-barranquilla.org\/wp-content\/uploads\/2022\/10\/3-4-768x512.jpeg 768w, https:\/\/ds-barranquilla.org\/wp-content\/uploads\/2022\/10\/3-4-391x260.jpeg 391w, https:\/\/ds-barranquilla.org\/wp-content\/uploads\/2022\/10\/3-4-18x12.jpeg 18w, https:\/\/ds-barranquilla.org\/wp-content\/uploads\/2022\/10\/3-4-219x146.jpeg 219w, https:\/\/ds-barranquilla.org\/wp-content\/uploads\/2022\/10\/3-4-50x33.jpeg 50w, https:\/\/ds-barranquilla.org\/wp-content\/uploads\/2022\/10\/3-4-113x75.jpeg 113w, https:\/\/ds-barranquilla.org\/wp-content\/uploads\/2022\/10\/3-4-800x533.jpeg 800w, https:\/\/ds-barranquilla.org\/wp-content\/uploads\/2022\/10\/3-4.jpeg 1280w\" sizes=\"(max-width:767px) 300px, 300px\" \/><\/a><a href=\"https:\/\/ds-barranquilla.org\/wp-content\/uploads\/2022\/10\/4-4.jpeg\"><img loading=\"lazy\" decoding=\"async\" class=\"alignnone size-medium wp-image-19329\" src=\"https:\/\/ds-barranquilla.org\/wp-content\/uploads\/2022\/10\/4-4-300x200.jpeg\" alt=\"\" width=\"300\" height=\"200\" srcset=\"https:\/\/ds-barranquilla.org\/wp-content\/uploads\/2022\/10\/4-4-300x200.jpeg 300w, https:\/\/ds-barranquilla.org\/wp-content\/uploads\/2022\/10\/4-4-1024x682.jpeg 1024w, https:\/\/ds-barranquilla.org\/wp-content\/uploads\/2022\/10\/4-4-768x512.jpeg 768w, https:\/\/ds-barranquilla.org\/wp-content\/uploads\/2022\/10\/4-4-391x260.jpeg 391w, https:\/\/ds-barranquilla.org\/wp-content\/uploads\/2022\/10\/4-4-18x12.jpeg 18w, https:\/\/ds-barranquilla.org\/wp-content\/uploads\/2022\/10\/4-4-219x146.jpeg 219w, https:\/\/ds-barranquilla.org\/wp-content\/uploads\/2022\/10\/4-4-50x33.jpeg 50w, https:\/\/ds-barranquilla.org\/wp-content\/uploads\/2022\/10\/4-4-113x75.jpeg 113w, https:\/\/ds-barranquilla.org\/wp-content\/uploads\/2022\/10\/4-4-800x533.jpeg 800w, https:\/\/ds-barranquilla.org\/wp-content\/uploads\/2022\/10\/4-4.jpeg 1280w\" sizes=\"(max-width:767px) 300px, 300px\" \/><\/a><a href=\"https:\/\/ds-barranquilla.org\/wp-content\/uploads\/2022\/10\/5-3.jpeg\"><img loading=\"lazy\" decoding=\"async\" class=\"alignnone size-medium wp-image-19330\" src=\"https:\/\/ds-barranquilla.org\/wp-content\/uploads\/2022\/10\/5-3-300x200.jpeg\" alt=\"\" width=\"300\" height=\"200\" srcset=\"https:\/\/ds-barranquilla.org\/wp-content\/uploads\/2022\/10\/5-3-300x200.jpeg 300w, https:\/\/ds-barranquilla.org\/wp-content\/uploads\/2022\/10\/5-3-1024x682.jpeg 1024w, https:\/\/ds-barranquilla.org\/wp-content\/uploads\/2022\/10\/5-3-768x512.jpeg 768w, https:\/\/ds-barranquilla.org\/wp-content\/uploads\/2022\/10\/5-3-391x260.jpeg 391w, https:\/\/ds-barranquilla.org\/wp-content\/uploads\/2022\/10\/5-3-18x12.jpeg 18w, https:\/\/ds-barranquilla.org\/wp-content\/uploads\/2022\/10\/5-3-219x146.jpeg 219w, https:\/\/ds-barranquilla.org\/wp-content\/uploads\/2022\/10\/5-3-50x33.jpeg 50w, https:\/\/ds-barranquilla.org\/wp-content\/uploads\/2022\/10\/5-3-113x75.jpeg 113w, https:\/\/ds-barranquilla.org\/wp-content\/uploads\/2022\/10\/5-3-800x533.jpeg 800w, https:\/\/ds-barranquilla.org\/wp-content\/uploads\/2022\/10\/5-3.jpeg 1280w\" sizes=\"(max-width:767px) 300px, 300px\" \/><\/a><a href=\"https:\/\/ds-barranquilla.org\/wp-content\/uploads\/2022\/10\/6-3.jpeg\"><img loading=\"lazy\" decoding=\"async\" class=\"alignnone size-medium wp-image-19331\" src=\"https:\/\/ds-barranquilla.org\/wp-content\/uploads\/2022\/10\/6-3-300x200.jpeg\" alt=\"\" width=\"300\" height=\"200\" srcset=\"https:\/\/ds-barranquilla.org\/wp-content\/uploads\/2022\/10\/6-3-300x200.jpeg 300w, https:\/\/ds-barranquilla.org\/wp-content\/uploads\/2022\/10\/6-3-1024x682.jpeg 1024w, https:\/\/ds-barranquilla.org\/wp-content\/uploads\/2022\/10\/6-3-768x512.jpeg 768w, https:\/\/ds-barranquilla.org\/wp-content\/uploads\/2022\/10\/6-3-391x260.jpeg 391w, https:\/\/ds-barranquilla.org\/wp-content\/uploads\/2022\/10\/6-3-18x12.jpeg 18w, https:\/\/ds-barranquilla.org\/wp-content\/uploads\/2022\/10\/6-3-219x146.jpeg 219w, https:\/\/ds-barranquilla.org\/wp-content\/uploads\/2022\/10\/6-3-50x33.jpeg 50w, https:\/\/ds-barranquilla.org\/wp-content\/uploads\/2022\/10\/6-3-113x75.jpeg 113w, https:\/\/ds-barranquilla.org\/wp-content\/uploads\/2022\/10\/6-3-800x533.jpeg 800w, https:\/\/ds-barranquilla.org\/wp-content\/uploads\/2022\/10\/6-3.jpeg 1280w\" sizes=\"(max-width:767px) 300px, 300px\" \/><\/a><a href=\"https:\/\/ds-barranquilla.org\/wp-content\/uploads\/2022\/10\/7.jpeg\"><img loading=\"lazy\" decoding=\"async\" class=\"alignnone size-medium wp-image-19332\" src=\"https:\/\/ds-barranquilla.org\/wp-content\/uploads\/2022\/10\/7-300x200.jpeg\" alt=\"\" width=\"300\" height=\"200\" srcset=\"https:\/\/ds-barranquilla.org\/wp-content\/uploads\/2022\/10\/7-300x200.jpeg 300w, https:\/\/ds-barranquilla.org\/wp-content\/uploads\/2022\/10\/7-1024x682.jpeg 1024w, https:\/\/ds-barranquilla.org\/wp-content\/uploads\/2022\/10\/7-768x512.jpeg 768w, https:\/\/ds-barranquilla.org\/wp-content\/uploads\/2022\/10\/7-391x260.jpeg 391w, https:\/\/ds-barranquilla.org\/wp-content\/uploads\/2022\/10\/7-18x12.jpeg 18w, https:\/\/ds-barranquilla.org\/wp-content\/uploads\/2022\/10\/7-219x146.jpeg 219w, https:\/\/ds-barranquilla.org\/wp-content\/uploads\/2022\/10\/7-50x33.jpeg 50w, https:\/\/ds-barranquilla.org\/wp-content\/uploads\/2022\/10\/7-113x75.jpeg 113w, https:\/\/ds-barranquilla.org\/wp-content\/uploads\/2022\/10\/7-800x533.jpeg 800w, https:\/\/ds-barranquilla.org\/wp-content\/uploads\/2022\/10\/7.jpeg 1280w\" sizes=\"(max-width:767px) 300px, 300px\" \/><\/a><a href=\"https:\/\/ds-barranquilla.org\/wp-content\/uploads\/2022\/10\/8.jpeg\"><img loading=\"lazy\" decoding=\"async\" class=\"alignnone size-medium wp-image-19333\" src=\"https:\/\/ds-barranquilla.org\/wp-content\/uploads\/2022\/10\/8-300x200.jpeg\" alt=\"\" width=\"300\" height=\"200\" srcset=\"https:\/\/ds-barranquilla.org\/wp-content\/uploads\/2022\/10\/8-300x200.jpeg 300w, https:\/\/ds-barranquilla.org\/wp-content\/uploads\/2022\/10\/8-1024x682.jpeg 1024w, https:\/\/ds-barranquilla.org\/wp-content\/uploads\/2022\/10\/8-768x512.jpeg 768w, https:\/\/ds-barranquilla.org\/wp-content\/uploads\/2022\/10\/8-391x260.jpeg 391w, https:\/\/ds-barranquilla.org\/wp-content\/uploads\/2022\/10\/8-18x12.jpeg 18w, https:\/\/ds-barranquilla.org\/wp-content\/uploads\/2022\/10\/8-219x146.jpeg 219w, https:\/\/ds-barranquilla.org\/wp-content\/uploads\/2022\/10\/8-50x33.jpeg 50w, https:\/\/ds-barranquilla.org\/wp-content\/uploads\/2022\/10\/8-113x75.jpeg 113w, https:\/\/ds-barranquilla.org\/wp-content\/uploads\/2022\/10\/8-800x533.jpeg 800w, https:\/\/ds-barranquilla.org\/wp-content\/uploads\/2022\/10\/8.jpeg 1280w\" sizes=\"(max-width:767px) 300px, 300px\" \/><\/a><a href=\"https:\/\/ds-barranquilla.org\/wp-content\/uploads\/2022\/10\/9.jpeg\"><img loading=\"lazy\" decoding=\"async\" class=\"alignnone size-medium wp-image-19334\" src=\"https:\/\/ds-barranquilla.org\/wp-content\/uploads\/2022\/10\/9-300x200.jpeg\" alt=\"\" width=\"300\" height=\"200\" srcset=\"https:\/\/ds-barranquilla.org\/wp-content\/uploads\/2022\/10\/9-300x200.jpeg 300w, https:\/\/ds-barranquilla.org\/wp-content\/uploads\/2022\/10\/9-1024x682.jpeg 1024w, https:\/\/ds-barranquilla.org\/wp-content\/uploads\/2022\/10\/9-768x512.jpeg 768w, https:\/\/ds-barranquilla.org\/wp-content\/uploads\/2022\/10\/9-391x260.jpeg 391w, https:\/\/ds-barranquilla.org\/wp-content\/uploads\/2022\/10\/9-18x12.jpeg 18w, https:\/\/ds-barranquilla.org\/wp-content\/uploads\/2022\/10\/9-219x146.jpeg 219w, https:\/\/ds-barranquilla.org\/wp-content\/uploads\/2022\/10\/9-50x33.jpeg 50w, https:\/\/ds-barranquilla.org\/wp-content\/uploads\/2022\/10\/9-113x75.jpeg 113w, https:\/\/ds-barranquilla.org\/wp-content\/uploads\/2022\/10\/9-800x533.jpeg 800w, https:\/\/ds-barranquilla.org\/wp-content\/uploads\/2022\/10\/9.jpeg 1280w\" sizes=\"(max-width:767px) 300px, 300px\" \/><\/a><a href=\"https:\/\/ds-barranquilla.org\/wp-content\/uploads\/2022\/10\/10.jpeg\"><img loading=\"lazy\" decoding=\"async\" class=\"alignnone size-medium wp-image-19335\" src=\"https:\/\/ds-barranquilla.org\/wp-content\/uploads\/2022\/10\/10-300x200.jpeg\" alt=\"\" width=\"300\" height=\"200\" srcset=\"https:\/\/ds-barranquilla.org\/wp-content\/uploads\/2022\/10\/10-300x200.jpeg 300w, https:\/\/ds-barranquilla.org\/wp-content\/uploads\/2022\/10\/10-1024x682.jpeg 1024w, https:\/\/ds-barranquilla.org\/wp-content\/uploads\/2022\/10\/10-768x512.jpeg 768w, https:\/\/ds-barranquilla.org\/wp-content\/uploads\/2022\/10\/10-391x260.jpeg 391w, https:\/\/ds-barranquilla.org\/wp-content\/uploads\/2022\/10\/10-18x12.jpeg 18w, https:\/\/ds-barranquilla.org\/wp-content\/uploads\/2022\/10\/10-219x146.jpeg 219w, https:\/\/ds-barranquilla.org\/wp-content\/uploads\/2022\/10\/10-50x33.jpeg 50w, https:\/\/ds-barranquilla.org\/wp-content\/uploads\/2022\/10\/10-113x75.jpeg 113w, https:\/\/ds-barranquilla.org\/wp-content\/uploads\/2022\/10\/10-800x533.jpeg 800w, https:\/\/ds-barranquilla.org\/wp-content\/uploads\/2022\/10\/10.jpeg 1280w\" sizes=\"(max-width:767px) 300px, 300px\" \/><\/a><a href=\"https:\/\/ds-barranquilla.org\/wp-content\/uploads\/2022\/10\/11.jpeg\"><img loading=\"lazy\" decoding=\"async\" class=\"alignnone size-medium wp-image-19336\" src=\"https:\/\/ds-barranquilla.org\/wp-content\/uploads\/2022\/10\/11-300x200.jpeg\" alt=\"\" width=\"300\" height=\"200\" srcset=\"https:\/\/ds-barranquilla.org\/wp-content\/uploads\/2022\/10\/11-300x200.jpeg 300w, https:\/\/ds-barranquilla.org\/wp-content\/uploads\/2022\/10\/11-1024x682.jpeg 1024w, https:\/\/ds-barranquilla.org\/wp-content\/uploads\/2022\/10\/11-768x512.jpeg 768w, https:\/\/ds-barranquilla.org\/wp-content\/uploads\/2022\/10\/11-391x260.jpeg 391w, https:\/\/ds-barranquilla.org\/wp-content\/uploads\/2022\/10\/11-18x12.jpeg 18w, https:\/\/ds-barranquilla.org\/wp-content\/uploads\/2022\/10\/11-219x146.jpeg 219w, https:\/\/ds-barranquilla.org\/wp-content\/uploads\/2022\/10\/11-50x33.jpeg 50w, https:\/\/ds-barranquilla.org\/wp-content\/uploads\/2022\/10\/11-113x75.jpeg 113w, https:\/\/ds-barranquilla.org\/wp-content\/uploads\/2022\/10\/11-800x533.jpeg 800w, https:\/\/ds-barranquilla.org\/wp-content\/uploads\/2022\/10\/11.jpeg 1280w\" sizes=\"(max-width:767px) 300px, 300px\" \/><\/a><a href=\"https:\/\/ds-barranquilla.org\/wp-content\/uploads\/2022\/10\/12.jpeg\"><img loading=\"lazy\" decoding=\"async\" class=\"alignnone size-medium wp-image-19337\" src=\"https:\/\/ds-barranquilla.org\/wp-content\/uploads\/2022\/10\/12-300x200.jpeg\" alt=\"\" width=\"300\" height=\"200\" srcset=\"https:\/\/ds-barranquilla.org\/wp-content\/uploads\/2022\/10\/12-300x200.jpeg 300w, https:\/\/ds-barranquilla.org\/wp-content\/uploads\/2022\/10\/12-1024x682.jpeg 1024w, https:\/\/ds-barranquilla.org\/wp-content\/uploads\/2022\/10\/12-768x512.jpeg 768w, https:\/\/ds-barranquilla.org\/wp-content\/uploads\/2022\/10\/12-391x260.jpeg 391w, https:\/\/ds-barranquilla.org\/wp-content\/uploads\/2022\/10\/12-18x12.jpeg 18w, https:\/\/ds-barranquilla.org\/wp-content\/uploads\/2022\/10\/12-219x146.jpeg 219w, https:\/\/ds-barranquilla.org\/wp-content\/uploads\/2022\/10\/12-50x33.jpeg 50w, https:\/\/ds-barranquilla.org\/wp-content\/uploads\/2022\/10\/12-113x75.jpeg 113w, https:\/\/ds-barranquilla.org\/wp-content\/uploads\/2022\/10\/12-800x533.jpeg 800w, https:\/\/ds-barranquilla.org\/wp-content\/uploads\/2022\/10\/12.jpeg 1280w\" sizes=\"(max-width:767px) 300px, 300px\" \/><\/a><a href=\"https:\/\/ds-barranquilla.org\/wp-content\/uploads\/2022\/10\/13.jpeg\"><img loading=\"lazy\" decoding=\"async\" class=\"alignnone size-medium wp-image-19338\" src=\"https:\/\/ds-barranquilla.org\/wp-content\/uploads\/2022\/10\/13-300x200.jpeg\" alt=\"\" width=\"300\" height=\"200\" srcset=\"https:\/\/ds-barranquilla.org\/wp-content\/uploads\/2022\/10\/13-300x200.jpeg 300w, https:\/\/ds-barranquilla.org\/wp-content\/uploads\/2022\/10\/13-1024x682.jpeg 1024w, https:\/\/ds-barranquilla.org\/wp-content\/uploads\/2022\/10\/13-768x512.jpeg 768w, https:\/\/ds-barranquilla.org\/wp-content\/uploads\/2022\/10\/13-391x260.jpeg 391w, https:\/\/ds-barranquilla.org\/wp-content\/uploads\/2022\/10\/13-18x12.jpeg 18w, https:\/\/ds-barranquilla.org\/wp-content\/uploads\/2022\/10\/13-219x146.jpeg 219w, https:\/\/ds-barranquilla.org\/wp-content\/uploads\/2022\/10\/13-50x33.jpeg 50w, https:\/\/ds-barranquilla.org\/wp-content\/uploads\/2022\/10\/13-113x75.jpeg 113w, https:\/\/ds-barranquilla.org\/wp-content\/uploads\/2022\/10\/13-800x533.jpeg 800w, https:\/\/ds-barranquilla.org\/wp-content\/uploads\/2022\/10\/13.jpeg 1280w\" sizes=\"(max-width:767px) 300px, 300px\" \/><\/a><a href=\"https:\/\/ds-barranquilla.org\/wp-content\/uploads\/2022\/10\/WhatsApp-Image-2022-11-03-at-10.00.10-AM-6.jpeg\"><img loading=\"lazy\" decoding=\"async\" class=\"alignnone size-medium wp-image-19357\" src=\"https:\/\/ds-barranquilla.org\/wp-content\/uploads\/2022\/10\/WhatsApp-Image-2022-11-03-at-10.00.10-AM-6-225x300.jpeg\" alt=\"\" width=\"225\" height=\"300\" srcset=\"https:\/\/ds-barranquilla.org\/wp-content\/uploads\/2022\/10\/WhatsApp-Image-2022-11-03-at-10.00.10-AM-6-225x300.jpeg 225w, https:\/\/ds-barranquilla.org\/wp-content\/uploads\/2022\/10\/WhatsApp-Image-2022-11-03-at-10.00.10-AM-6-768x1024.jpeg 768w, https:\/\/ds-barranquilla.org\/wp-content\/uploads\/2022\/10\/WhatsApp-Image-2022-11-03-at-10.00.10-AM-6-300x400.jpeg 300w, https:\/\/ds-barranquilla.org\/wp-content\/uploads\/2022\/10\/WhatsApp-Image-2022-11-03-at-10.00.10-AM-6-9x12.jpeg 9w, https:\/\/ds-barranquilla.org\/wp-content\/uploads\/2022\/10\/WhatsApp-Image-2022-11-03-at-10.00.10-AM-6-110x146.jpeg 110w, https:\/\/ds-barranquilla.org\/wp-content\/uploads\/2022\/10\/WhatsApp-Image-2022-11-03-at-10.00.10-AM-6-38x50.jpeg 38w, https:\/\/ds-barranquilla.org\/wp-content\/uploads\/2022\/10\/WhatsApp-Image-2022-11-03-at-10.00.10-AM-6-56x75.jpeg 56w, https:\/\/ds-barranquilla.org\/wp-content\/uploads\/2022\/10\/WhatsApp-Image-2022-11-03-at-10.00.10-AM-6-800x1067.jpeg 800w, https:\/\/ds-barranquilla.org\/wp-content\/uploads\/2022\/10\/WhatsApp-Image-2022-11-03-at-10.00.10-AM-6.jpeg 960w\" sizes=\"(max-width:767px) 225px, 225px\" \/><\/a><a href=\"https:\/\/ds-barranquilla.org\/wp-content\/uploads\/2022\/10\/WhatsApp-Image-2022-11-03-at-10.00.10-AM-5.jpeg\"><img loading=\"lazy\" decoding=\"async\" class=\"alignnone size-medium wp-image-19358\" src=\"https:\/\/ds-barranquilla.org\/wp-content\/uploads\/2022\/10\/WhatsApp-Image-2022-11-03-at-10.00.10-AM-5-225x300.jpeg\" alt=\"\" width=\"225\" height=\"300\" srcset=\"https:\/\/ds-barranquilla.org\/wp-content\/uploads\/2022\/10\/WhatsApp-Image-2022-11-03-at-10.00.10-AM-5-225x300.jpeg 225w, https:\/\/ds-barranquilla.org\/wp-content\/uploads\/2022\/10\/WhatsApp-Image-2022-11-03-at-10.00.10-AM-5-768x1024.jpeg 768w, https:\/\/ds-barranquilla.org\/wp-content\/uploads\/2022\/10\/WhatsApp-Image-2022-11-03-at-10.00.10-AM-5-300x400.jpeg 300w, https:\/\/ds-barranquilla.org\/wp-content\/uploads\/2022\/10\/WhatsApp-Image-2022-11-03-at-10.00.10-AM-5-9x12.jpeg 9w, https:\/\/ds-barranquilla.org\/wp-content\/uploads\/2022\/10\/WhatsApp-Image-2022-11-03-at-10.00.10-AM-5-110x146.jpeg 110w, https:\/\/ds-barranquilla.org\/wp-content\/uploads\/2022\/10\/WhatsApp-Image-2022-11-03-at-10.00.10-AM-5-38x50.jpeg 38w, https:\/\/ds-barranquilla.org\/wp-content\/uploads\/2022\/10\/WhatsApp-Image-2022-11-03-at-10.00.10-AM-5-56x75.jpeg 56w, https:\/\/ds-barranquilla.org\/wp-content\/uploads\/2022\/10\/WhatsApp-Image-2022-11-03-at-10.00.10-AM-5-800x1067.jpeg 800w, https:\/\/ds-barranquilla.org\/wp-content\/uploads\/2022\/10\/WhatsApp-Image-2022-11-03-at-10.00.10-AM-5.jpeg 960w\" sizes=\"(max-width:767px) 225px, 225px\" \/><\/a><a href=\"https:\/\/ds-barranquilla.org\/wp-content\/uploads\/2022\/10\/WhatsApp-Image-2022-11-03-at-10.00.10-AM-4.jpeg\"><img loading=\"lazy\" decoding=\"async\" class=\"alignnone size-medium wp-image-19359\" src=\"https:\/\/ds-barranquilla.org\/wp-content\/uploads\/2022\/10\/WhatsApp-Image-2022-11-03-at-10.00.10-AM-4-200x300.jpeg\" alt=\"\" width=\"200\" height=\"300\" srcset=\"https:\/\/ds-barranquilla.org\/wp-content\/uploads\/2022\/10\/WhatsApp-Image-2022-11-03-at-10.00.10-AM-4-200x300.jpeg 200w, https:\/\/ds-barranquilla.org\/wp-content\/uploads\/2022\/10\/WhatsApp-Image-2022-11-03-at-10.00.10-AM-4-682x1024.jpeg 682w, https:\/\/ds-barranquilla.org\/wp-content\/uploads\/2022\/10\/WhatsApp-Image-2022-11-03-at-10.00.10-AM-4-768x1152.jpeg 768w, https:\/\/ds-barranquilla.org\/wp-content\/uploads\/2022\/10\/WhatsApp-Image-2022-11-03-at-10.00.10-AM-4-8x12.jpeg 8w, https:\/\/ds-barranquilla.org\/wp-content\/uploads\/2022\/10\/WhatsApp-Image-2022-11-03-at-10.00.10-AM-4-97x146.jpeg 97w, https:\/\/ds-barranquilla.org\/wp-content\/uploads\/2022\/10\/WhatsApp-Image-2022-11-03-at-10.00.10-AM-4-33x50.jpeg 33w, https:\/\/ds-barranquilla.org\/wp-content\/uploads\/2022\/10\/WhatsApp-Image-2022-11-03-at-10.00.10-AM-4-50x75.jpeg 50w, https:\/\/ds-barranquilla.org\/wp-content\/uploads\/2022\/10\/WhatsApp-Image-2022-11-03-at-10.00.10-AM-4-800x1200.jpeg 800w, https:\/\/ds-barranquilla.org\/wp-content\/uploads\/2022\/10\/WhatsApp-Image-2022-11-03-at-10.00.10-AM-4.jpeg 853w\" sizes=\"(max-width:767px) 200px, 200px\" \/><\/a><a href=\"https:\/\/ds-barranquilla.org\/wp-content\/uploads\/2022\/10\/WhatsApp-Image-2022-11-03-at-10.00.10-AM-3.jpeg\"><img loading=\"lazy\" decoding=\"async\" class=\"alignnone size-medium wp-image-19360\" src=\"https:\/\/ds-barranquilla.org\/wp-content\/uploads\/2022\/10\/WhatsApp-Image-2022-11-03-at-10.00.10-AM-3-225x300.jpeg\" alt=\"\" width=\"225\" height=\"300\" srcset=\"https:\/\/ds-barranquilla.org\/wp-content\/uploads\/2022\/10\/WhatsApp-Image-2022-11-03-at-10.00.10-AM-3-225x300.jpeg 225w, https:\/\/ds-barranquilla.org\/wp-content\/uploads\/2022\/10\/WhatsApp-Image-2022-11-03-at-10.00.10-AM-3-768x1024.jpeg 768w, https:\/\/ds-barranquilla.org\/wp-content\/uploads\/2022\/10\/WhatsApp-Image-2022-11-03-at-10.00.10-AM-3-300x400.jpeg 300w, https:\/\/ds-barranquilla.org\/wp-content\/uploads\/2022\/10\/WhatsApp-Image-2022-11-03-at-10.00.10-AM-3-9x12.jpeg 9w, https:\/\/ds-barranquilla.org\/wp-content\/uploads\/2022\/10\/WhatsApp-Image-2022-11-03-at-10.00.10-AM-3-110x146.jpeg 110w, https:\/\/ds-barranquilla.org\/wp-content\/uploads\/2022\/10\/WhatsApp-Image-2022-11-03-at-10.00.10-AM-3-38x50.jpeg 38w, https:\/\/ds-barranquilla.org\/wp-content\/uploads\/2022\/10\/WhatsApp-Image-2022-11-03-at-10.00.10-AM-3-56x75.jpeg 56w, https:\/\/ds-barranquilla.org\/wp-content\/uploads\/2022\/10\/WhatsApp-Image-2022-11-03-at-10.00.10-AM-3-800x1067.jpeg 800w, https:\/\/ds-barranquilla.org\/wp-content\/uploads\/2022\/10\/WhatsApp-Image-2022-11-03-at-10.00.10-AM-3.jpeg 960w\" sizes=\"(max-width:767px) 225px, 225px\" \/><\/a><a href=\"https:\/\/ds-barranquilla.org\/wp-content\/uploads\/2022\/10\/WhatsApp-Image-2022-11-03-at-10.00.10-AM-2.jpeg\"><img loading=\"lazy\" decoding=\"async\" class=\"alignnone size-medium wp-image-19361\" src=\"https:\/\/ds-barranquilla.org\/wp-content\/uploads\/2022\/10\/WhatsApp-Image-2022-11-03-at-10.00.10-AM-2-225x300.jpeg\" alt=\"\" width=\"225\" height=\"300\" srcset=\"https:\/\/ds-barranquilla.org\/wp-content\/uploads\/2022\/10\/WhatsApp-Image-2022-11-03-at-10.00.10-AM-2-225x300.jpeg 225w, https:\/\/ds-barranquilla.org\/wp-content\/uploads\/2022\/10\/WhatsApp-Image-2022-11-03-at-10.00.10-AM-2-768x1024.jpeg 768w, https:\/\/ds-barranquilla.org\/wp-content\/uploads\/2022\/10\/WhatsApp-Image-2022-11-03-at-10.00.10-AM-2-300x400.jpeg 300w, https:\/\/ds-barranquilla.org\/wp-content\/uploads\/2022\/10\/WhatsApp-Image-2022-11-03-at-10.00.10-AM-2-9x12.jpeg 9w, https:\/\/ds-barranquilla.org\/wp-content\/uploads\/2022\/10\/WhatsApp-Image-2022-11-03-at-10.00.10-AM-2-110x146.jpeg 110w, https:\/\/ds-barranquilla.org\/wp-content\/uploads\/2022\/10\/WhatsApp-Image-2022-11-03-at-10.00.10-AM-2-38x50.jpeg 38w, https:\/\/ds-barranquilla.org\/wp-content\/uploads\/2022\/10\/WhatsApp-Image-2022-11-03-at-10.00.10-AM-2-56x75.jpeg 56w, https:\/\/ds-barranquilla.org\/wp-content\/uploads\/2022\/10\/WhatsApp-Image-2022-11-03-at-10.00.10-AM-2-800x1067.jpeg 800w, https:\/\/ds-barranquilla.org\/wp-content\/uploads\/2022\/10\/WhatsApp-Image-2022-11-03-at-10.00.10-AM-2.jpeg 960w\" sizes=\"(max-width:767px) 225px, 225px\" \/><\/a><a href=\"https:\/\/ds-barranquilla.org\/wp-content\/uploads\/2022\/10\/WhatsApp-Image-2022-11-03-at-10.00.10-AM-1.jpeg\"><img loading=\"lazy\" decoding=\"async\" class=\"alignnone size-medium wp-image-19362\" src=\"https:\/\/ds-barranquilla.org\/wp-content\/uploads\/2022\/10\/WhatsApp-Image-2022-11-03-at-10.00.10-AM-1-225x300.jpeg\" alt=\"\" width=\"225\" height=\"300\" srcset=\"https:\/\/ds-barranquilla.org\/wp-content\/uploads\/2022\/10\/WhatsApp-Image-2022-11-03-at-10.00.10-AM-1-225x300.jpeg 225w, https:\/\/ds-barranquilla.org\/wp-content\/uploads\/2022\/10\/WhatsApp-Image-2022-11-03-at-10.00.10-AM-1-768x1024.jpeg 768w, https:\/\/ds-barranquilla.org\/wp-content\/uploads\/2022\/10\/WhatsApp-Image-2022-11-03-at-10.00.10-AM-1-300x400.jpeg 300w, https:\/\/ds-barranquilla.org\/wp-content\/uploads\/2022\/10\/WhatsApp-Image-2022-11-03-at-10.00.10-AM-1-9x12.jpeg 9w, https:\/\/ds-barranquilla.org\/wp-content\/uploads\/2022\/10\/WhatsApp-Image-2022-11-03-at-10.00.10-AM-1-110x146.jpeg 110w, https:\/\/ds-barranquilla.org\/wp-content\/uploads\/2022\/10\/WhatsApp-Image-2022-11-03-at-10.00.10-AM-1-38x50.jpeg 38w, https:\/\/ds-barranquilla.org\/wp-content\/uploads\/2022\/10\/WhatsApp-Image-2022-11-03-at-10.00.10-AM-1-56x75.jpeg 56w, https:\/\/ds-barranquilla.org\/wp-content\/uploads\/2022\/10\/WhatsApp-Image-2022-11-03-at-10.00.10-AM-1-800x1067.jpeg 800w, https:\/\/ds-barranquilla.org\/wp-content\/uploads\/2022\/10\/WhatsApp-Image-2022-11-03-at-10.00.10-AM-1.jpeg 960w\" sizes=\"(max-width:767px) 225px, 225px\" \/><\/a><a href=\"https:\/\/ds-barranquilla.org\/wp-content\/uploads\/2022\/10\/WhatsApp-Image-2022-11-03-at-10.00.10-AM.jpeg\"><img loading=\"lazy\" decoding=\"async\" class=\"alignnone size-medium wp-image-19363\" src=\"https:\/\/ds-barranquilla.org\/wp-content\/uploads\/2022\/10\/WhatsApp-Image-2022-11-03-at-10.00.10-AM-225x300.jpeg\" alt=\"\" width=\"225\" height=\"300\" srcset=\"https:\/\/ds-barranquilla.org\/wp-content\/uploads\/2022\/10\/WhatsApp-Image-2022-11-03-at-10.00.10-AM-225x300.jpeg 225w, https:\/\/ds-barranquilla.org\/wp-content\/uploads\/2022\/10\/WhatsApp-Image-2022-11-03-at-10.00.10-AM-768x1024.jpeg 768w, https:\/\/ds-barranquilla.org\/wp-content\/uploads\/2022\/10\/WhatsApp-Image-2022-11-03-at-10.00.10-AM-300x400.jpeg 300w, https:\/\/ds-barranquilla.org\/wp-content\/uploads\/2022\/10\/WhatsApp-Image-2022-11-03-at-10.00.10-AM-9x12.jpeg 9w, https:\/\/ds-barranquilla.org\/wp-content\/uploads\/2022\/10\/WhatsApp-Image-2022-11-03-at-10.00.10-AM-110x146.jpeg 110w, https:\/\/ds-barranquilla.org\/wp-content\/uploads\/2022\/10\/WhatsApp-Image-2022-11-03-at-10.00.10-AM-38x50.jpeg 38w, https:\/\/ds-barranquilla.org\/wp-content\/uploads\/2022\/10\/WhatsApp-Image-2022-11-03-at-10.00.10-AM-56x75.jpeg 56w, https:\/\/ds-barranquilla.org\/wp-content\/uploads\/2022\/10\/WhatsApp-Image-2022-11-03-at-10.00.10-AM-800x1067.jpeg 800w, https:\/\/ds-barranquilla.org\/wp-content\/uploads\/2022\/10\/WhatsApp-Image-2022-11-03-at-10.00.10-AM.jpeg 960w\" sizes=\"(max-width:767px) 225px, 225px\" \/><\/a><a href=\"https:\/\/ds-barranquilla.org\/wp-content\/uploads\/2022\/10\/15.jpeg\"><img loading=\"lazy\" decoding=\"async\" class=\"alignnone size-medium wp-image-19341\" src=\"https:\/\/ds-barranquilla.org\/wp-content\/uploads\/2022\/10\/15-300x200.jpeg\" alt=\"\" width=\"300\" height=\"200\" srcset=\"https:\/\/ds-barranquilla.org\/wp-content\/uploads\/2022\/10\/15-300x200.jpeg 300w, https:\/\/ds-barranquilla.org\/wp-content\/uploads\/2022\/10\/15-1024x682.jpeg 1024w, https:\/\/ds-barranquilla.org\/wp-content\/uploads\/2022\/10\/15-768x512.jpeg 768w, https:\/\/ds-barranquilla.org\/wp-content\/uploads\/2022\/10\/15-391x260.jpeg 391w, https:\/\/ds-barranquilla.org\/wp-content\/uploads\/2022\/10\/15-18x12.jpeg 18w, https:\/\/ds-barranquilla.org\/wp-content\/uploads\/2022\/10\/15-219x146.jpeg 219w, https:\/\/ds-barranquilla.org\/wp-content\/uploads\/2022\/10\/15-50x33.jpeg 50w, https:\/\/ds-barranquilla.org\/wp-content\/uploads\/2022\/10\/15-113x75.jpeg 113w, https:\/\/ds-barranquilla.org\/wp-content\/uploads\/2022\/10\/15-800x533.jpeg 800w, https:\/\/ds-barranquilla.org\/wp-content\/uploads\/2022\/10\/15.jpeg 1280w\" sizes=\"(max-width:767px) 300px, 300px\" \/><\/a><a href=\"https:\/\/ds-barranquilla.org\/wp-content\/uploads\/2022\/10\/WhatsApp-Image-2022-11-03-at-10.10.08-AM-4.jpeg\"><img loading=\"lazy\" decoding=\"async\" class=\"alignnone size-medium wp-image-19364\" src=\"https:\/\/ds-barranquilla.org\/wp-content\/uploads\/2022\/10\/WhatsApp-Image-2022-11-03-at-10.10.08-AM-4-225x300.jpeg\" alt=\"\" width=\"225\" height=\"300\" srcset=\"https:\/\/ds-barranquilla.org\/wp-content\/uploads\/2022\/10\/WhatsApp-Image-2022-11-03-at-10.10.08-AM-4-225x300.jpeg 225w, https:\/\/ds-barranquilla.org\/wp-content\/uploads\/2022\/10\/WhatsApp-Image-2022-11-03-at-10.10.08-AM-4-768x1024.jpeg 768w, https:\/\/ds-barranquilla.org\/wp-content\/uploads\/2022\/10\/WhatsApp-Image-2022-11-03-at-10.10.08-AM-4-300x400.jpeg 300w, https:\/\/ds-barranquilla.org\/wp-content\/uploads\/2022\/10\/WhatsApp-Image-2022-11-03-at-10.10.08-AM-4-9x12.jpeg 9w, https:\/\/ds-barranquilla.org\/wp-content\/uploads\/2022\/10\/WhatsApp-Image-2022-11-03-at-10.10.08-AM-4-110x146.jpeg 110w, https:\/\/ds-barranquilla.org\/wp-content\/uploads\/2022\/10\/WhatsApp-Image-2022-11-03-at-10.10.08-AM-4-38x50.jpeg 38w, https:\/\/ds-barranquilla.org\/wp-content\/uploads\/2022\/10\/WhatsApp-Image-2022-11-03-at-10.10.08-AM-4-56x75.jpeg 56w, https:\/\/ds-barranquilla.org\/wp-content\/uploads\/2022\/10\/WhatsApp-Image-2022-11-03-at-10.10.08-AM-4-800x1067.jpeg 800w, https:\/\/ds-barranquilla.org\/wp-content\/uploads\/2022\/10\/WhatsApp-Image-2022-11-03-at-10.10.08-AM-4.jpeg 960w\" sizes=\"(max-width:767px) 225px, 225px\" \/><\/a><a href=\"https:\/\/ds-barranquilla.org\/wp-content\/uploads\/2022\/10\/WhatsApp-Image-2022-11-03-at-10.10.08-AM-3.jpeg\"><img loading=\"lazy\" decoding=\"async\" class=\"alignnone size-medium wp-image-19365\" src=\"https:\/\/ds-barranquilla.org\/wp-content\/uploads\/2022\/10\/WhatsApp-Image-2022-11-03-at-10.10.08-AM-3-225x300.jpeg\" alt=\"\" width=\"225\" height=\"300\" srcset=\"https:\/\/ds-barranquilla.org\/wp-content\/uploads\/2022\/10\/WhatsApp-Image-2022-11-03-at-10.10.08-AM-3-225x300.jpeg 225w, https:\/\/ds-barranquilla.org\/wp-content\/uploads\/2022\/10\/WhatsApp-Image-2022-11-03-at-10.10.08-AM-3-768x1024.jpeg 768w, https:\/\/ds-barranquilla.org\/wp-content\/uploads\/2022\/10\/WhatsApp-Image-2022-11-03-at-10.10.08-AM-3-300x400.jpeg 300w, https:\/\/ds-barranquilla.org\/wp-content\/uploads\/2022\/10\/WhatsApp-Image-2022-11-03-at-10.10.08-AM-3-9x12.jpeg 9w, https:\/\/ds-barranquilla.org\/wp-content\/uploads\/2022\/10\/WhatsApp-Image-2022-11-03-at-10.10.08-AM-3-110x146.jpeg 110w, https:\/\/ds-barranquilla.org\/wp-content\/uploads\/2022\/10\/WhatsApp-Image-2022-11-03-at-10.10.08-AM-3-38x50.jpeg 38w, https:\/\/ds-barranquilla.org\/wp-content\/uploads\/2022\/10\/WhatsApp-Image-2022-11-03-at-10.10.08-AM-3-56x75.jpeg 56w, https:\/\/ds-barranquilla.org\/wp-content\/uploads\/2022\/10\/WhatsApp-Image-2022-11-03-at-10.10.08-AM-3-800x1067.jpeg 800w, https:\/\/ds-barranquilla.org\/wp-content\/uploads\/2022\/10\/WhatsApp-Image-2022-11-03-at-10.10.08-AM-3.jpeg 960w\" sizes=\"(max-width:767px) 225px, 225px\" \/><\/a><a href=\"https:\/\/ds-barranquilla.org\/wp-content\/uploads\/2022\/10\/WhatsApp-Image-2022-11-03-at-10.10.08-AM-2.jpeg\"><img loading=\"lazy\" decoding=\"async\" class=\"alignnone size-medium wp-image-19366\" src=\"https:\/\/ds-barranquilla.org\/wp-content\/uploads\/2022\/10\/WhatsApp-Image-2022-11-03-at-10.10.08-AM-2-225x300.jpeg\" alt=\"\" width=\"225\" height=\"300\" srcset=\"https:\/\/ds-barranquilla.org\/wp-content\/uploads\/2022\/10\/WhatsApp-Image-2022-11-03-at-10.10.08-AM-2-225x300.jpeg 225w, https:\/\/ds-barranquilla.org\/wp-content\/uploads\/2022\/10\/WhatsApp-Image-2022-11-03-at-10.10.08-AM-2-768x1024.jpeg 768w, https:\/\/ds-barranquilla.org\/wp-content\/uploads\/2022\/10\/WhatsApp-Image-2022-11-03-at-10.10.08-AM-2-300x400.jpeg 300w, https:\/\/ds-barranquilla.org\/wp-content\/uploads\/2022\/10\/WhatsApp-Image-2022-11-03-at-10.10.08-AM-2-9x12.jpeg 9w, https:\/\/ds-barranquilla.org\/wp-content\/uploads\/2022\/10\/WhatsApp-Image-2022-11-03-at-10.10.08-AM-2-110x146.jpeg 110w, https:\/\/ds-barranquilla.org\/wp-content\/uploads\/2022\/10\/WhatsApp-Image-2022-11-03-at-10.10.08-AM-2-38x50.jpeg 38w, https:\/\/ds-barranquilla.org\/wp-content\/uploads\/2022\/10\/WhatsApp-Image-2022-11-03-at-10.10.08-AM-2-56x75.jpeg 56w, https:\/\/ds-barranquilla.org\/wp-content\/uploads\/2022\/10\/WhatsApp-Image-2022-11-03-at-10.10.08-AM-2-800x1067.jpeg 800w, https:\/\/ds-barranquilla.org\/wp-content\/uploads\/2022\/10\/WhatsApp-Image-2022-11-03-at-10.10.08-AM-2.jpeg 960w\" sizes=\"(max-width:767px) 225px, 225px\" \/><\/a><a href=\"https:\/\/ds-barranquilla.org\/wp-content\/uploads\/2022\/10\/WhatsApp-Image-2022-11-03-at-10.10.08-AM-1.jpeg\"><img loading=\"lazy\" decoding=\"async\" class=\"alignnone size-medium wp-image-19367\" src=\"https:\/\/ds-barranquilla.org\/wp-content\/uploads\/2022\/10\/WhatsApp-Image-2022-11-03-at-10.10.08-AM-1-225x300.jpeg\" alt=\"\" width=\"225\" height=\"300\" srcset=\"https:\/\/ds-barranquilla.org\/wp-content\/uploads\/2022\/10\/WhatsApp-Image-2022-11-03-at-10.10.08-AM-1-225x300.jpeg 225w, https:\/\/ds-barranquilla.org\/wp-content\/uploads\/2022\/10\/WhatsApp-Image-2022-11-03-at-10.10.08-AM-1-768x1024.jpeg 768w, https:\/\/ds-barranquilla.org\/wp-content\/uploads\/2022\/10\/WhatsApp-Image-2022-11-03-at-10.10.08-AM-1-300x400.jpeg 300w, https:\/\/ds-barranquilla.org\/wp-content\/uploads\/2022\/10\/WhatsApp-Image-2022-11-03-at-10.10.08-AM-1-9x12.jpeg 9w, https:\/\/ds-barranquilla.org\/wp-content\/uploads\/2022\/10\/WhatsApp-Image-2022-11-03-at-10.10.08-AM-1-110x146.jpeg 110w, https:\/\/ds-barranquilla.org\/wp-content\/uploads\/2022\/10\/WhatsApp-Image-2022-11-03-at-10.10.08-AM-1-38x50.jpeg 38w, https:\/\/ds-barranquilla.org\/wp-content\/uploads\/2022\/10\/WhatsApp-Image-2022-11-03-at-10.10.08-AM-1-56x75.jpeg 56w, https:\/\/ds-barranquilla.org\/wp-content\/uploads\/2022\/10\/WhatsApp-Image-2022-11-03-at-10.10.08-AM-1-800x1067.jpeg 800w, https:\/\/ds-barranquilla.org\/wp-content\/uploads\/2022\/10\/WhatsApp-Image-2022-11-03-at-10.10.08-AM-1.jpeg 960w\" sizes=\"(max-width:767px) 225px, 225px\" \/><\/a><a href=\"https:\/\/ds-barranquilla.org\/wp-content\/uploads\/2022\/10\/WhatsApp-Image-2022-11-03-at-10.10.08-AM.jpeg\"><img loading=\"lazy\" decoding=\"async\" class=\"alignnone size-medium wp-image-19368\" src=\"https:\/\/ds-barranquilla.org\/wp-content\/uploads\/2022\/10\/WhatsApp-Image-2022-11-03-at-10.10.08-AM-225x300.jpeg\" alt=\"\" width=\"225\" height=\"300\" srcset=\"https:\/\/ds-barranquilla.org\/wp-content\/uploads\/2022\/10\/WhatsApp-Image-2022-11-03-at-10.10.08-AM-225x300.jpeg 225w, https:\/\/ds-barranquilla.org\/wp-content\/uploads\/2022\/10\/WhatsApp-Image-2022-11-03-at-10.10.08-AM-768x1024.jpeg 768w, https:\/\/ds-barranquilla.org\/wp-content\/uploads\/2022\/10\/WhatsApp-Image-2022-11-03-at-10.10.08-AM-300x400.jpeg 300w, https:\/\/ds-barranquilla.org\/wp-content\/uploads\/2022\/10\/WhatsApp-Image-2022-11-03-at-10.10.08-AM-9x12.jpeg 9w, https:\/\/ds-barranquilla.org\/wp-content\/uploads\/2022\/10\/WhatsApp-Image-2022-11-03-at-10.10.08-AM-110x146.jpeg 110w, https:\/\/ds-barranquilla.org\/wp-content\/uploads\/2022\/10\/WhatsApp-Image-2022-11-03-at-10.10.08-AM-38x50.jpeg 38w, https:\/\/ds-barranquilla.org\/wp-content\/uploads\/2022\/10\/WhatsApp-Image-2022-11-03-at-10.10.08-AM-56x75.jpeg 56w, https:\/\/ds-barranquilla.org\/wp-content\/uploads\/2022\/10\/WhatsApp-Image-2022-11-03-at-10.10.08-AM-800x1067.jpeg 800w, https:\/\/ds-barranquilla.org\/wp-content\/uploads\/2022\/10\/WhatsApp-Image-2022-11-03-at-10.10.08-AM.jpeg 960w\" sizes=\"(max-width:767px) 225px, 225px\" \/><\/a><a href=\"https:\/\/ds-barranquilla.org\/wp-content\/uploads\/2022\/10\/14.jpeg\"><img loading=\"lazy\" decoding=\"async\" class=\"alignnone size-medium wp-image-19340\" src=\"https:\/\/ds-barranquilla.org\/wp-content\/uploads\/2022\/10\/14-300x200.jpeg\" alt=\"\" width=\"300\" height=\"200\" srcset=\"https:\/\/ds-barranquilla.org\/wp-content\/uploads\/2022\/10\/14-300x200.jpeg 300w, https:\/\/ds-barranquilla.org\/wp-content\/uploads\/2022\/10\/14-1024x682.jpeg 1024w, https:\/\/ds-barranquilla.org\/wp-content\/uploads\/2022\/10\/14-768x512.jpeg 768w, https:\/\/ds-barranquilla.org\/wp-content\/uploads\/2022\/10\/14-391x260.jpeg 391w, https:\/\/ds-barranquilla.org\/wp-content\/uploads\/2022\/10\/14-18x12.jpeg 18w, https:\/\/ds-barranquilla.org\/wp-content\/uploads\/2022\/10\/14-219x146.jpeg 219w, https:\/\/ds-barranquilla.org\/wp-content\/uploads\/2022\/10\/14-50x33.jpeg 50w, https:\/\/ds-barranquilla.org\/wp-content\/uploads\/2022\/10\/14-113x75.jpeg 113w, https:\/\/ds-barranquilla.org\/wp-content\/uploads\/2022\/10\/14-800x533.jpeg 800w, https:\/\/ds-barranquilla.org\/wp-content\/uploads\/2022\/10\/14.jpeg 1280w\" sizes=\"(max-width:767px) 300px, 300px\" \/><\/a><\/p>","protected":false},"excerpt":{"rendered":"<p>\u2018Fantas\u00eda Literaria\u2019 contagi\u00f3 con su magia a nuestra comunidad escolar Creado por: Jos\u00e9 R\u00edos Mercado. Con el tema \u2018Fantas\u00eda Animal en la Literatura\u2019, el \u00c1rea de<span class=\"excerpt-hellip\"> [\u2026]<\/span><\/p>","protected":false},"author":16,"featured_media":19305,"comment_status":"open","ping_status":"open","sticky":false,"template":"","format":"standard","meta":{"_exactmetrics_skip_tracking":false,"_exactmetrics_sitenote_active":false,"_exactmetrics_sitenote_note":"","_exactmetrics_sitenote_category":0,"_joinchat":[],"footnotes":""},"categories":[672,690,677,676,708,710],"tags":[],"class_list":["post-19304","post","type-post","status-publish","format-standard","has-post-thumbnail","hentry","category-672","category-area-de-lengua-y-literatura","category-kindergarten","category-primaria","category-proyectos-academicos","category-secundaria"],"yoast_head":"<!-- This site is optimized with the Yoast SEO plugin v23.3 - https:\/\/yoast.com\/wordpress\/plugins\/seo\/ -->\n<title>\u2018Fantas\u00eda Literaria\u2019 contagi\u00f3 con su magia a nuestra comunidad escolar - 2026<\/title>\n<meta name=\"robots\" content=\"noindex, follow, max-snippet:-1, max-image-preview:large, max-video-preview:-1\" \/>\n<meta property=\"og:locale\" content=\"de_DE\" \/>\n<meta property=\"og:type\" content=\"article\" \/>\n<meta property=\"og:title\" content=\"\u2018Fantas\u00eda Literaria\u2019 contagi\u00f3 con su magia a nuestra comunidad escolar - 2026\" \/>\n<meta property=\"og:description\" content=\"\u2018Fantas\u00eda Literaria\u2019 contagi\u00f3 con su magia a nuestra comunidad escolar Creado por: Jos\u00e9 R\u00edos Mercado. Con el tema \u2018Fantas\u00eda Animal en la Literatura\u2019, el \u00c1rea de [\u2026]\" \/>\n<meta property=\"og:url\" content=\"https:\/\/ds-barranquilla.org\/de\/fantasia-literaria-contagio-con-su-magia-a-nuestra-comunidad-escolar\/\" \/>\n<meta property=\"og:site_name\" content=\"Colegio Alem\u00e1n - Los Mejores Colegios de Colombia - Colegio Triling\u00fce\" \/>\n<meta property=\"article:publisher\" content=\"https:\/\/www.facebook.com\/ColegioAlemanBaq\/\" \/>\n<meta property=\"article:published_time\" content=\"2022-10-31T16:23:03+00:00\" \/>\n<meta property=\"article:modified_time\" content=\"2022-11-22T15:39:51+00:00\" \/>\n<meta property=\"og:image\" content=\"https:\/\/ds-barranquilla.org\/wp-content\/uploads\/2022\/11\/Fantasia-Literaria-Web.jpg\" \/>\n\t<meta property=\"og:image:width\" content=\"1170\" \/>\n\t<meta property=\"og:image:height\" content=\"500\" \/>\n\t<meta property=\"og:image:type\" content=\"image\/jpeg\" \/>\n<meta name=\"author\" content=\"Comunicaciones Comunicaciones\" \/>\n<meta name=\"twitter:card\" content=\"summary_large_image\" \/>\n<meta name=\"twitter:creator\" content=\"@ColegioAlemanBq\" \/>\n<meta name=\"twitter:site\" content=\"@ColegioAlemanBq\" \/>\n<meta name=\"twitter:label1\" content=\"Verfasst von\" \/>\n\t<meta name=\"twitter:data1\" content=\"Comunicaciones Comunicaciones\" \/>\n\t<meta name=\"twitter:label2\" content=\"Gesch\u00e4tzte Lesezeit\" \/>\n\t<meta name=\"twitter:data2\" content=\"1\u00a0Minute\" \/>\n<script type=\"application\/ld+json\" class=\"yoast-schema-graph\">{\"@context\":\"https:\/\/schema.org\",\"@graph\":[{\"@type\":\"Article\",\"@id\":\"https:\/\/ds-barranquilla.org\/de\/fantasia-literaria-contagio-con-su-magia-a-nuestra-comunidad-escolar\/#article\",\"isPartOf\":{\"@id\":\"https:\/\/ds-barranquilla.org\/de\/fantasia-literaria-contagio-con-su-magia-a-nuestra-comunidad-escolar\/\"},\"author\":{\"name\":\"Comunicaciones Comunicaciones\",\"@id\":\"https:\/\/ds-barranquilla.org\/#\/schema\/person\/7bf8790ba89d3480e0551241ccdc8d36\"},\"headline\":\"\u2018Fantas\u00eda Literaria\u2019 contagi\u00f3 con su magia a nuestra comunidad escolar\",\"datePublished\":\"2022-10-31T16:23:03+00:00\",\"dateModified\":\"2022-11-22T15:39:51+00:00\",\"mainEntityOfPage\":{\"@id\":\"https:\/\/ds-barranquilla.org\/de\/fantasia-literaria-contagio-con-su-magia-a-nuestra-comunidad-escolar\/\"},\"wordCount\":284,\"commentCount\":0,\"publisher\":{\"@id\":\"https:\/\/ds-barranquilla.org\/#organization\"},\"image\":{\"@id\":\"https:\/\/ds-barranquilla.org\/de\/fantasia-literaria-contagio-con-su-magia-a-nuestra-comunidad-escolar\/#primaryimage\"},\"thumbnailUrl\":\"https:\/\/ds-barranquilla.org\/wp-content\/uploads\/2022\/11\/Fantasia-Literaria-Web.jpg\",\"articleSection\":[\"2022\",\"\u00c1rea de Lengua y Literatura\",\"Kindergarten\",\"Primaria\",\"Proyectos acad\u00e9micos\",\"Secundaria\"],\"inLanguage\":\"de\",\"potentialAction\":[{\"@type\":\"CommentAction\",\"name\":\"Comment\",\"target\":[\"https:\/\/ds-barranquilla.org\/de\/fantasia-literaria-contagio-con-su-magia-a-nuestra-comunidad-escolar\/#respond\"]}]},{\"@type\":\"WebPage\",\"@id\":\"https:\/\/ds-barranquilla.org\/de\/fantasia-literaria-contagio-con-su-magia-a-nuestra-comunidad-escolar\/\",\"url\":\"https:\/\/ds-barranquilla.org\/de\/fantasia-literaria-contagio-con-su-magia-a-nuestra-comunidad-escolar\/\",\"name\":\"\u2018Fantas\u00eda Literaria\u2019 contagi\u00f3 con su magia a nuestra comunidad escolar - 2026\",\"isPartOf\":{\"@id\":\"https:\/\/ds-barranquilla.org\/#website\"},\"primaryImageOfPage\":{\"@id\":\"https:\/\/ds-barranquilla.org\/de\/fantasia-literaria-contagio-con-su-magia-a-nuestra-comunidad-escolar\/#primaryimage\"},\"image\":{\"@id\":\"https:\/\/ds-barranquilla.org\/de\/fantasia-literaria-contagio-con-su-magia-a-nuestra-comunidad-escolar\/#primaryimage\"},\"thumbnailUrl\":\"https:\/\/ds-barranquilla.org\/wp-content\/uploads\/2022\/11\/Fantasia-Literaria-Web.jpg\",\"datePublished\":\"2022-10-31T16:23:03+00:00\",\"dateModified\":\"2022-11-22T15:39:51+00:00\",\"breadcrumb\":{\"@id\":\"https:\/\/ds-barranquilla.org\/de\/fantasia-literaria-contagio-con-su-magia-a-nuestra-comunidad-escolar\/#breadcrumb\"},\"inLanguage\":\"de\",\"potentialAction\":[{\"@type\":\"ReadAction\",\"target\":[\"https:\/\/ds-barranquilla.org\/de\/fantasia-literaria-contagio-con-su-magia-a-nuestra-comunidad-escolar\/\"]}]},{\"@type\":\"ImageObject\",\"inLanguage\":\"de\",\"@id\":\"https:\/\/ds-barranquilla.org\/de\/fantasia-literaria-contagio-con-su-magia-a-nuestra-comunidad-escolar\/#primaryimage\",\"url\":\"https:\/\/ds-barranquilla.org\/wp-content\/uploads\/2022\/11\/Fantasia-Literaria-Web.jpg\",\"contentUrl\":\"https:\/\/ds-barranquilla.org\/wp-content\/uploads\/2022\/11\/Fantasia-Literaria-Web.jpg\",\"width\":1170,\"height\":500},{\"@type\":\"BreadcrumbList\",\"@id\":\"https:\/\/ds-barranquilla.org\/de\/fantasia-literaria-contagio-con-su-magia-a-nuestra-comunidad-escolar\/#breadcrumb\",\"itemListElement\":[{\"@type\":\"ListItem\",\"position\":1,\"name\":\"Portada\",\"item\":\"https:\/\/ds-barranquilla.org\/\"},{\"@type\":\"ListItem\",\"position\":2,\"name\":\"\u2018Fantas\u00eda Literaria\u2019 contagi\u00f3 con su magia a nuestra comunidad escolar\"}]},{\"@type\":\"WebSite\",\"@id\":\"https:\/\/ds-barranquilla.org\/#website\",\"url\":\"https:\/\/ds-barranquilla.org\/\",\"name\":\"Colegio Alem\u00e1n - Los Mejores Colegios de Colombia - Colegio Triling\u00fce\",\"description\":\"Colegio Alem\u00e1n  Barranquilla Colombia - Colegio Biling\u00fce - Triling\u00fce - El Mejor Colegio de Colombia\",\"publisher\":{\"@id\":\"https:\/\/ds-barranquilla.org\/#organization\"},\"potentialAction\":[{\"@type\":\"SearchAction\",\"target\":{\"@type\":\"EntryPoint\",\"urlTemplate\":\"https:\/\/ds-barranquilla.org\/?s={search_term_string}\"},\"query-input\":\"required name=search_term_string\"}],\"inLanguage\":\"de\"},{\"@type\":\"Organization\",\"@id\":\"https:\/\/ds-barranquilla.org\/#organization\",\"name\":\"Colegio Alem\u00e1n Barranquilla\",\"url\":\"https:\/\/ds-barranquilla.org\/\",\"logo\":{\"@type\":\"ImageObject\",\"inLanguage\":\"de\",\"@id\":\"https:\/\/ds-barranquilla.org\/#\/schema\/logo\/image\/\",\"url\":\"https:\/\/ds-barranquilla.org\/wp-content\/uploads\/2021\/05\/coleman_logo_2.png\",\"contentUrl\":\"https:\/\/ds-barranquilla.org\/wp-content\/uploads\/2021\/05\/coleman_logo_2.png\",\"width\":418,\"height\":307,\"caption\":\"Colegio Alem\u00e1n Barranquilla\"},\"image\":{\"@id\":\"https:\/\/ds-barranquilla.org\/#\/schema\/logo\/image\/\"},\"sameAs\":[\"https:\/\/www.facebook.com\/ColegioAlemanBaq\/\",\"https:\/\/x.com\/ColegioAlemanBq\",\"https:\/\/www.instagram.com\/colegioalemanbaq\/\",\"https:\/\/www.linkedin.com\/school\/deutsche-schule-barranquilla\/\",\"https:\/\/www.youtube.com\/channel\/UCOOGZQCVs6aYRqIWvSN5agQ\"]},{\"@type\":\"Person\",\"@id\":\"https:\/\/ds-barranquilla.org\/#\/schema\/person\/7bf8790ba89d3480e0551241ccdc8d36\",\"name\":\"Comunicaciones Comunicaciones\",\"image\":{\"@type\":\"ImageObject\",\"inLanguage\":\"de\",\"@id\":\"https:\/\/ds-barranquilla.org\/#\/schema\/person\/image\/\",\"url\":\"https:\/\/secure.gravatar.com\/avatar\/a66ba9484a4338d81d6bea750e595038?s=96&d=mm&r=g\",\"contentUrl\":\"https:\/\/secure.gravatar.com\/avatar\/a66ba9484a4338d81d6bea750e595038?s=96&d=mm&r=g\",\"caption\":\"Comunicaciones Comunicaciones\"}}]}<\/script>\n<!-- \/ Yoast SEO plugin. -->","yoast_head_json":{"title":"\u2018Fantas\u00eda Literaria\u2019 contagi\u00f3 con su magia a nuestra comunidad escolar - 2026","robots":{"index":"noindex","follow":"follow","max-snippet":"max-snippet:-1","max-image-preview":"max-image-preview:large","max-video-preview":"max-video-preview:-1"},"og_locale":"de_DE","og_type":"article","og_title":"\u2018Fantas\u00eda Literaria\u2019 contagi\u00f3 con su magia a nuestra comunidad escolar - 2026","og_description":"\u2018Fantas\u00eda Literaria\u2019 contagi\u00f3 con su magia a nuestra comunidad escolar Creado por: Jos\u00e9 R\u00edos Mercado. Con el tema \u2018Fantas\u00eda Animal en la Literatura\u2019, el \u00c1rea de [\u2026]","og_url":"https:\/\/ds-barranquilla.org\/de\/fantasia-literaria-contagio-con-su-magia-a-nuestra-comunidad-escolar\/","og_site_name":"Colegio Alem\u00e1n - Los Mejores Colegios de Colombia - Colegio Triling\u00fce","article_publisher":"https:\/\/www.facebook.com\/ColegioAlemanBaq\/","article_published_time":"2022-10-31T16:23:03+00:00","article_modified_time":"2022-11-22T15:39:51+00:00","og_image":[{"width":1170,"height":500,"url":"https:\/\/ds-barranquilla.org\/wp-content\/uploads\/2022\/11\/Fantasia-Literaria-Web.jpg","type":"image\/jpeg"}],"author":"Comunicaciones Comunicaciones","twitter_card":"summary_large_image","twitter_creator":"@ColegioAlemanBq","twitter_site":"@ColegioAlemanBq","twitter_misc":{"Verfasst von":"Comunicaciones Comunicaciones","Gesch\u00e4tzte Lesezeit":"1\u00a0Minute"},"schema":{"@context":"https:\/\/schema.org","@graph":[{"@type":"Article","@id":"https:\/\/ds-barranquilla.org\/de\/fantasia-literaria-contagio-con-su-magia-a-nuestra-comunidad-escolar\/#article","isPartOf":{"@id":"https:\/\/ds-barranquilla.org\/de\/fantasia-literaria-contagio-con-su-magia-a-nuestra-comunidad-escolar\/"},"author":{"name":"Comunicaciones Comunicaciones","@id":"https:\/\/ds-barranquilla.org\/#\/schema\/person\/7bf8790ba89d3480e0551241ccdc8d36"},"headline":"\u2018Fantas\u00eda Literaria\u2019 contagi\u00f3 con su magia a nuestra comunidad escolar","datePublished":"2022-10-31T16:23:03+00:00","dateModified":"2022-11-22T15:39:51+00:00","mainEntityOfPage":{"@id":"https:\/\/ds-barranquilla.org\/de\/fantasia-literaria-contagio-con-su-magia-a-nuestra-comunidad-escolar\/"},"wordCount":284,"commentCount":0,"publisher":{"@id":"https:\/\/ds-barranquilla.org\/#organization"},"image":{"@id":"https:\/\/ds-barranquilla.org\/de\/fantasia-literaria-contagio-con-su-magia-a-nuestra-comunidad-escolar\/#primaryimage"},"thumbnailUrl":"https:\/\/ds-barranquilla.org\/wp-content\/uploads\/2022\/11\/Fantasia-Literaria-Web.jpg","articleSection":["2022","\u00c1rea de Lengua y Literatura","Kindergarten","Primaria","Proyectos acad\u00e9micos","Secundaria"],"inLanguage":"de","potentialAction":[{"@type":"CommentAction","name":"Comment","target":["https:\/\/ds-barranquilla.org\/de\/fantasia-literaria-contagio-con-su-magia-a-nuestra-comunidad-escolar\/#respond"]}]},{"@type":"WebPage","@id":"https:\/\/ds-barranquilla.org\/de\/fantasia-literaria-contagio-con-su-magia-a-nuestra-comunidad-escolar\/","url":"https:\/\/ds-barranquilla.org\/de\/fantasia-literaria-contagio-con-su-magia-a-nuestra-comunidad-escolar\/","name":"\u2018Fantas\u00eda Literaria\u2019 contagi\u00f3 con su magia a nuestra comunidad escolar - 2026","isPartOf":{"@id":"https:\/\/ds-barranquilla.org\/#website"},"primaryImageOfPage":{"@id":"https:\/\/ds-barranquilla.org\/de\/fantasia-literaria-contagio-con-su-magia-a-nuestra-comunidad-escolar\/#primaryimage"},"image":{"@id":"https:\/\/ds-barranquilla.org\/de\/fantasia-literaria-contagio-con-su-magia-a-nuestra-comunidad-escolar\/#primaryimage"},"thumbnailUrl":"https:\/\/ds-barranquilla.org\/wp-content\/uploads\/2022\/11\/Fantasia-Literaria-Web.jpg","datePublished":"2022-10-31T16:23:03+00:00","dateModified":"2022-11-22T15:39:51+00:00","breadcrumb":{"@id":"https:\/\/ds-barranquilla.org\/de\/fantasia-literaria-contagio-con-su-magia-a-nuestra-comunidad-escolar\/#breadcrumb"},"inLanguage":"de","potentialAction":[{"@type":"ReadAction","target":["https:\/\/ds-barranquilla.org\/de\/fantasia-literaria-contagio-con-su-magia-a-nuestra-comunidad-escolar\/"]}]},{"@type":"ImageObject","inLanguage":"de","@id":"https:\/\/ds-barranquilla.org\/de\/fantasia-literaria-contagio-con-su-magia-a-nuestra-comunidad-escolar\/#primaryimage","url":"https:\/\/ds-barranquilla.org\/wp-content\/uploads\/2022\/11\/Fantasia-Literaria-Web.jpg","contentUrl":"https:\/\/ds-barranquilla.org\/wp-content\/uploads\/2022\/11\/Fantasia-Literaria-Web.jpg","width":1170,"height":500},{"@type":"BreadcrumbList","@id":"https:\/\/ds-barranquilla.org\/de\/fantasia-literaria-contagio-con-su-magia-a-nuestra-comunidad-escolar\/#breadcrumb","itemListElement":[{"@type":"ListItem","position":1,"name":"Portada","item":"https:\/\/ds-barranquilla.org\/"},{"@type":"ListItem","position":2,"name":"\u2018Fantas\u00eda Literaria\u2019 contagi\u00f3 con su magia a nuestra comunidad escolar"}]},{"@type":"WebSite","@id":"https:\/\/ds-barranquilla.org\/#website","url":"https:\/\/ds-barranquilla.org\/","name":"Colegio Alem\u00e1n - Los Mejores Colegios de Colombia - Colegio Triling\u00fce","description":"Colegio Alem\u00e1n  Barranquilla Colombia - Colegio Biling\u00fce - Triling\u00fce - El Mejor Colegio de Colombia","publisher":{"@id":"https:\/\/ds-barranquilla.org\/#organization"},"potentialAction":[{"@type":"SearchAction","target":{"@type":"EntryPoint","urlTemplate":"https:\/\/ds-barranquilla.org\/?s={search_term_string}"},"query-input":"required name=search_term_string"}],"inLanguage":"de"},{"@type":"Organization","@id":"https:\/\/ds-barranquilla.org\/#organization","name":"Colegio Alem\u00e1n Barranquilla","url":"https:\/\/ds-barranquilla.org\/","logo":{"@type":"ImageObject","inLanguage":"de","@id":"https:\/\/ds-barranquilla.org\/#\/schema\/logo\/image\/","url":"https:\/\/ds-barranquilla.org\/wp-content\/uploads\/2021\/05\/coleman_logo_2.png","contentUrl":"https:\/\/ds-barranquilla.org\/wp-content\/uploads\/2021\/05\/coleman_logo_2.png","width":418,"height":307,"caption":"Colegio Alem\u00e1n Barranquilla"},"image":{"@id":"https:\/\/ds-barranquilla.org\/#\/schema\/logo\/image\/"},"sameAs":["https:\/\/www.facebook.com\/ColegioAlemanBaq\/","https:\/\/x.com\/ColegioAlemanBq","https:\/\/www.instagram.com\/colegioalemanbaq\/","https:\/\/www.linkedin.com\/school\/deutsche-schule-barranquilla\/","https:\/\/www.youtube.com\/channel\/UCOOGZQCVs6aYRqIWvSN5agQ"]},{"@type":"Person","@id":"https:\/\/ds-barranquilla.org\/#\/schema\/person\/7bf8790ba89d3480e0551241ccdc8d36","name":"Comunicaciones Comunicaciones","image":{"@type":"ImageObject","inLanguage":"de","@id":"https:\/\/ds-barranquilla.org\/#\/schema\/person\/image\/","url":"https:\/\/secure.gravatar.com\/avatar\/a66ba9484a4338d81d6bea750e595038?s=96&d=mm&r=g","contentUrl":"https:\/\/secure.gravatar.com\/avatar\/a66ba9484a4338d81d6bea750e595038?s=96&d=mm&r=g","caption":"Comunicaciones Comunicaciones"}}]}},"_links":{"self":[{"href":"https:\/\/ds-barranquilla.org\/de\/wp-json\/wp\/v2\/posts\/19304"}],"collection":[{"href":"https:\/\/ds-barranquilla.org\/de\/wp-json\/wp\/v2\/posts"}],"about":[{"href":"https:\/\/ds-barranquilla.org\/de\/wp-json\/wp\/v2\/types\/post"}],"author":[{"embeddable":true,"href":"https:\/\/ds-barranquilla.org\/de\/wp-json\/wp\/v2\/users\/16"}],"replies":[{"embeddable":true,"href":"https:\/\/ds-barranquilla.org\/de\/wp-json\/wp\/v2\/comments?post=19304"}],"version-history":[{"count":5,"href":"https:\/\/ds-barranquilla.org\/de\/wp-json\/wp\/v2\/posts\/19304\/revisions"}],"predecessor-version":[{"id":19369,"href":"https:\/\/ds-barranquilla.org\/de\/wp-json\/wp\/v2\/posts\/19304\/revisions\/19369"}],"wp:featuredmedia":[{"embeddable":true,"href":"https:\/\/ds-barranquilla.org\/de\/wp-json\/wp\/v2\/media\/19305"}],"wp:attachment":[{"href":"https:\/\/ds-barranquilla.org\/de\/wp-json\/wp\/v2\/media?parent=19304"}],"wp:term":[{"taxonomy":"category","embeddable":true,"href":"https:\/\/ds-barranquilla.org\/de\/wp-json\/wp\/v2\/categories?post=19304"},{"taxonomy":"post_tag","embeddable":true,"href":"https:\/\/ds-barranquilla.org\/de\/wp-json\/wp\/v2\/tags?post=19304"}],"curies":[{"name":"wp","href":"https:\/\/api.w.org\/{rel}","templated":true}]}}