{"id":19380,"date":"2022-11-08T10:30:32","date_gmt":"2022-11-08T15:30:32","guid":{"rendered":"https:\/\/ds-barranquilla.org\/?p=19380"},"modified":"2022-11-22T11:06:31","modified_gmt":"2022-11-22T16:06:31","slug":"expoamerica-la-muestra-para-conocer-mas-de-cerca-los-paises-de-nuestro-continente","status":"publish","type":"post","link":"https:\/\/ds-barranquilla.org\/de\/expoamerica-la-muestra-para-conocer-mas-de-cerca-los-paises-de-nuestro-continente\/","title":{"rendered":"Expoam\u00e9rica: la muestra para conocer m\u00e1s de cerca los pa\u00edses de nuestro continente"},"content":{"rendered":"<h1><strong>Expoam\u00e9rica: la muestra para conocer m\u00e1s de cerca los pa\u00edses de nuestro continente<\/strong><\/h1>\n<p><strong>Geschrieben von: Jos\u00e9 R\u00edos Mercado.<\/strong> Expoam\u00e9rica, uno de los proyectos acad\u00e9micos m\u00e1s queridos y originales de nuestro colegio, volvi\u00f3 a realizarse el pasado 4 de noviembre despu\u00e9s de cinco a\u00f1os de espera. La creatividad, el ingenio y la investigaci\u00f3n salieron a relucir en esta edici\u00f3n denominada \u2018Cultura e Identidad\u2019, en la que los estudiantes y docentes de la Klasse 5 a la Klasse 12, presentaron en sus salones de clase, aspectos representativos de cada pa\u00eds del continente americano.<\/p>\n<p>\u201cA diferencia de los a\u00f1os anteriores, el evento no se organiz\u00f3 como un concurso entre las Klassen; el objetivo para este a\u00f1o era la integraci\u00f3n de la comunidad educativa a trav\u00e9s del aprendizaje. Los estudiantes esperaban con ansiedad esta iniciativa y fue muy satisfactorio que ellos manifestaran su alegr\u00eda de poder participar en ella, una posibilidad que no ten\u00edan desde el 2017\u201d, expres\u00f3 la Coordinadora del \u00c1rea de Individuos y Sociedades, Carmen Andrade.<\/p>\n<p>La docente indic\u00f3 que nuestros alumnos de Kinderkrippe hasta la Klasse 4, a lo largo del recorrido de los estands, aprendieron sobre la cultura, econom\u00eda, geograf\u00eda, historia, idioma y pol\u00edtica, adem\u00e1s de deleitarse con el folclor, gastronom\u00eda y vestuario de las naciones de esta regi\u00f3n. As\u00ed mismo, manifest\u00f3 que para muchos estudiantes result\u00f3 novedoso vivir de cerca pa\u00edses como B\u00e9lice y Las Bahamas, de los que no ten\u00edan idea que exist\u00edan.<\/p>\n<p>&nbsp;<\/p>\n<p><a href=\"https:\/\/ds-barranquilla.org\/wp-content\/uploads\/2022\/11\/WhatsApp-Image-2022-11-09-at-11.21.18-AM-4.jpeg\"><img fetchpriority=\"high\" decoding=\"async\" class=\"alignnone size-medium wp-image-19386\" src=\"https:\/\/ds-barranquilla.org\/wp-content\/uploads\/2022\/11\/WhatsApp-Image-2022-11-09-at-11.21.18-AM-4-300x200.jpeg\" alt=\"\" width=\"300\" height=\"200\" srcset=\"https:\/\/ds-barranquilla.org\/wp-content\/uploads\/2022\/11\/WhatsApp-Image-2022-11-09-at-11.21.18-AM-4-300x200.jpeg 300w, https:\/\/ds-barranquilla.org\/wp-content\/uploads\/2022\/11\/WhatsApp-Image-2022-11-09-at-11.21.18-AM-4-1024x682.jpeg 1024w, https:\/\/ds-barranquilla.org\/wp-content\/uploads\/2022\/11\/WhatsApp-Image-2022-11-09-at-11.21.18-AM-4-768x512.jpeg 768w, https:\/\/ds-barranquilla.org\/wp-content\/uploads\/2022\/11\/WhatsApp-Image-2022-11-09-at-11.21.18-AM-4-391x260.jpeg 391w, https:\/\/ds-barranquilla.org\/wp-content\/uploads\/2022\/11\/WhatsApp-Image-2022-11-09-at-11.21.18-AM-4-18x12.jpeg 18w, https:\/\/ds-barranquilla.org\/wp-content\/uploads\/2022\/11\/WhatsApp-Image-2022-11-09-at-11.21.18-AM-4-219x146.jpeg 219w, https:\/\/ds-barranquilla.org\/wp-content\/uploads\/2022\/11\/WhatsApp-Image-2022-11-09-at-11.21.18-AM-4-50x33.jpeg 50w, https:\/\/ds-barranquilla.org\/wp-content\/uploads\/2022\/11\/WhatsApp-Image-2022-11-09-at-11.21.18-AM-4-113x75.jpeg 113w, https:\/\/ds-barranquilla.org\/wp-content\/uploads\/2022\/11\/WhatsApp-Image-2022-11-09-at-11.21.18-AM-4-800x533.jpeg 800w, https:\/\/ds-barranquilla.org\/wp-content\/uploads\/2022\/11\/WhatsApp-Image-2022-11-09-at-11.21.18-AM-4.jpeg 1280w\" sizes=\"(max-width:767px) 300px, 300px\" \/><\/a> <a href=\"https:\/\/ds-barranquilla.org\/wp-content\/uploads\/2022\/11\/WhatsApp-Image-2022-11-09-at-11.21.18-AM-3.jpeg\"><img decoding=\"async\" class=\"alignnone size-medium wp-image-19387\" src=\"https:\/\/ds-barranquilla.org\/wp-content\/uploads\/2022\/11\/WhatsApp-Image-2022-11-09-at-11.21.18-AM-3-300x200.jpeg\" alt=\"\" width=\"300\" height=\"200\" srcset=\"https:\/\/ds-barranquilla.org\/wp-content\/uploads\/2022\/11\/WhatsApp-Image-2022-11-09-at-11.21.18-AM-3-300x200.jpeg 300w, https:\/\/ds-barranquilla.org\/wp-content\/uploads\/2022\/11\/WhatsApp-Image-2022-11-09-at-11.21.18-AM-3-1024x682.jpeg 1024w, https:\/\/ds-barranquilla.org\/wp-content\/uploads\/2022\/11\/WhatsApp-Image-2022-11-09-at-11.21.18-AM-3-768x512.jpeg 768w, https:\/\/ds-barranquilla.org\/wp-content\/uploads\/2022\/11\/WhatsApp-Image-2022-11-09-at-11.21.18-AM-3-391x260.jpeg 391w, https:\/\/ds-barranquilla.org\/wp-content\/uploads\/2022\/11\/WhatsApp-Image-2022-11-09-at-11.21.18-AM-3-18x12.jpeg 18w, https:\/\/ds-barranquilla.org\/wp-content\/uploads\/2022\/11\/WhatsApp-Image-2022-11-09-at-11.21.18-AM-3-219x146.jpeg 219w, https:\/\/ds-barranquilla.org\/wp-content\/uploads\/2022\/11\/WhatsApp-Image-2022-11-09-at-11.21.18-AM-3-50x33.jpeg 50w, https:\/\/ds-barranquilla.org\/wp-content\/uploads\/2022\/11\/WhatsApp-Image-2022-11-09-at-11.21.18-AM-3-113x75.jpeg 113w, https:\/\/ds-barranquilla.org\/wp-content\/uploads\/2022\/11\/WhatsApp-Image-2022-11-09-at-11.21.18-AM-3-800x533.jpeg 800w, https:\/\/ds-barranquilla.org\/wp-content\/uploads\/2022\/11\/WhatsApp-Image-2022-11-09-at-11.21.18-AM-3.jpeg 1280w\" sizes=\"(max-width:767px) 300px, 300px\" \/><\/a> <a href=\"https:\/\/ds-barranquilla.org\/wp-content\/uploads\/2022\/11\/WhatsApp-Image-2022-11-09-at-11.21.18-AM-2.jpeg\"><img decoding=\"async\" class=\"alignnone size-medium wp-image-19388\" src=\"https:\/\/ds-barranquilla.org\/wp-content\/uploads\/2022\/11\/WhatsApp-Image-2022-11-09-at-11.21.18-AM-2-300x200.jpeg\" alt=\"\" width=\"300\" height=\"200\" srcset=\"https:\/\/ds-barranquilla.org\/wp-content\/uploads\/2022\/11\/WhatsApp-Image-2022-11-09-at-11.21.18-AM-2-300x200.jpeg 300w, https:\/\/ds-barranquilla.org\/wp-content\/uploads\/2022\/11\/WhatsApp-Image-2022-11-09-at-11.21.18-AM-2-1024x682.jpeg 1024w, https:\/\/ds-barranquilla.org\/wp-content\/uploads\/2022\/11\/WhatsApp-Image-2022-11-09-at-11.21.18-AM-2-768x512.jpeg 768w, https:\/\/ds-barranquilla.org\/wp-content\/uploads\/2022\/11\/WhatsApp-Image-2022-11-09-at-11.21.18-AM-2-391x260.jpeg 391w, https:\/\/ds-barranquilla.org\/wp-content\/uploads\/2022\/11\/WhatsApp-Image-2022-11-09-at-11.21.18-AM-2-18x12.jpeg 18w, https:\/\/ds-barranquilla.org\/wp-content\/uploads\/2022\/11\/WhatsApp-Image-2022-11-09-at-11.21.18-AM-2-219x146.jpeg 219w, https:\/\/ds-barranquilla.org\/wp-content\/uploads\/2022\/11\/WhatsApp-Image-2022-11-09-at-11.21.18-AM-2-50x33.jpeg 50w, https:\/\/ds-barranquilla.org\/wp-content\/uploads\/2022\/11\/WhatsApp-Image-2022-11-09-at-11.21.18-AM-2-113x75.jpeg 113w, https:\/\/ds-barranquilla.org\/wp-content\/uploads\/2022\/11\/WhatsApp-Image-2022-11-09-at-11.21.18-AM-2-800x533.jpeg 800w, https:\/\/ds-barranquilla.org\/wp-content\/uploads\/2022\/11\/WhatsApp-Image-2022-11-09-at-11.21.18-AM-2.jpeg 1280w\" sizes=\"(max-width:767px) 300px, 300px\" \/><\/a> <a href=\"https:\/\/ds-barranquilla.org\/wp-content\/uploads\/2022\/11\/WhatsApp-Image-2022-11-09-at-11.21.18-AM-1.jpeg\"><img loading=\"lazy\" decoding=\"async\" class=\"alignnone size-medium wp-image-19389\" src=\"https:\/\/ds-barranquilla.org\/wp-content\/uploads\/2022\/11\/WhatsApp-Image-2022-11-09-at-11.21.18-AM-1-300x200.jpeg\" alt=\"\" width=\"300\" height=\"200\" srcset=\"https:\/\/ds-barranquilla.org\/wp-content\/uploads\/2022\/11\/WhatsApp-Image-2022-11-09-at-11.21.18-AM-1-300x200.jpeg 300w, https:\/\/ds-barranquilla.org\/wp-content\/uploads\/2022\/11\/WhatsApp-Image-2022-11-09-at-11.21.18-AM-1-1024x682.jpeg 1024w, https:\/\/ds-barranquilla.org\/wp-content\/uploads\/2022\/11\/WhatsApp-Image-2022-11-09-at-11.21.18-AM-1-768x512.jpeg 768w, https:\/\/ds-barranquilla.org\/wp-content\/uploads\/2022\/11\/WhatsApp-Image-2022-11-09-at-11.21.18-AM-1-391x260.jpeg 391w, https:\/\/ds-barranquilla.org\/wp-content\/uploads\/2022\/11\/WhatsApp-Image-2022-11-09-at-11.21.18-AM-1-18x12.jpeg 18w, https:\/\/ds-barranquilla.org\/wp-content\/uploads\/2022\/11\/WhatsApp-Image-2022-11-09-at-11.21.18-AM-1-219x146.jpeg 219w, https:\/\/ds-barranquilla.org\/wp-content\/uploads\/2022\/11\/WhatsApp-Image-2022-11-09-at-11.21.18-AM-1-50x33.jpeg 50w, https:\/\/ds-barranquilla.org\/wp-content\/uploads\/2022\/11\/WhatsApp-Image-2022-11-09-at-11.21.18-AM-1-113x75.jpeg 113w, https:\/\/ds-barranquilla.org\/wp-content\/uploads\/2022\/11\/WhatsApp-Image-2022-11-09-at-11.21.18-AM-1-800x533.jpeg 800w, https:\/\/ds-barranquilla.org\/wp-content\/uploads\/2022\/11\/WhatsApp-Image-2022-11-09-at-11.21.18-AM-1.jpeg 1280w\" sizes=\"(max-width:767px) 300px, 300px\" \/><\/a> <a href=\"https:\/\/ds-barranquilla.org\/wp-content\/uploads\/2022\/11\/WhatsApp-Image-2022-11-09-at-11.21.18-AM.jpeg\"><img loading=\"lazy\" decoding=\"async\" class=\"alignnone size-medium wp-image-19390\" src=\"https:\/\/ds-barranquilla.org\/wp-content\/uploads\/2022\/11\/WhatsApp-Image-2022-11-09-at-11.21.18-AM-300x200.jpeg\" alt=\"\" width=\"300\" height=\"200\" srcset=\"https:\/\/ds-barranquilla.org\/wp-content\/uploads\/2022\/11\/WhatsApp-Image-2022-11-09-at-11.21.18-AM-300x200.jpeg 300w, https:\/\/ds-barranquilla.org\/wp-content\/uploads\/2022\/11\/WhatsApp-Image-2022-11-09-at-11.21.18-AM-1024x682.jpeg 1024w, https:\/\/ds-barranquilla.org\/wp-content\/uploads\/2022\/11\/WhatsApp-Image-2022-11-09-at-11.21.18-AM-768x512.jpeg 768w, https:\/\/ds-barranquilla.org\/wp-content\/uploads\/2022\/11\/WhatsApp-Image-2022-11-09-at-11.21.18-AM-391x260.jpeg 391w, https:\/\/ds-barranquilla.org\/wp-content\/uploads\/2022\/11\/WhatsApp-Image-2022-11-09-at-11.21.18-AM-18x12.jpeg 18w, https:\/\/ds-barranquilla.org\/wp-content\/uploads\/2022\/11\/WhatsApp-Image-2022-11-09-at-11.21.18-AM-219x146.jpeg 219w, https:\/\/ds-barranquilla.org\/wp-content\/uploads\/2022\/11\/WhatsApp-Image-2022-11-09-at-11.21.18-AM-50x33.jpeg 50w, https:\/\/ds-barranquilla.org\/wp-content\/uploads\/2022\/11\/WhatsApp-Image-2022-11-09-at-11.21.18-AM-113x75.jpeg 113w, https:\/\/ds-barranquilla.org\/wp-content\/uploads\/2022\/11\/WhatsApp-Image-2022-11-09-at-11.21.18-AM-800x533.jpeg 800w, https:\/\/ds-barranquilla.org\/wp-content\/uploads\/2022\/11\/WhatsApp-Image-2022-11-09-at-11.21.18-AM.jpeg 1280w\" sizes=\"(max-width:767px) 300px, 300px\" \/><\/a><\/p>\n<p><a href=\"https:\/\/m.facebook.com\/story.php?story_fbid=pfbid0yBL75wyWkKEuJXUCGNYDFChy55wx8kUnp8jcf1r8psNAQNnfwN1v62yfZ8NH1duQl&amp;id=100056290190589\">Fotos<\/a><\/p>","protected":false},"excerpt":{"rendered":"<p>Expoam\u00e9rica: la muestra para conocer m\u00e1s de cerca los pa\u00edses de nuestro continente Creado por: Jos\u00e9 R\u00edos Mercado. Expoam\u00e9rica, uno de los proyectos acad\u00e9micos m\u00e1s queridos<span class=\"excerpt-hellip\"> [\u2026]<\/span><\/p>","protected":false},"author":16,"featured_media":19381,"comment_status":"open","ping_status":"open","sticky":false,"template":"","format":"standard","meta":{"_exactmetrics_skip_tracking":false,"_exactmetrics_sitenote_active":false,"_exactmetrics_sitenote_note":"","_exactmetrics_sitenote_category":0,"_joinchat":[],"footnotes":""},"categories":[672,688,676,708,710],"tags":[],"class_list":["post-19380","post","type-post","status-publish","format-standard","has-post-thumbnail","hentry","category-672","category-area-de-individuos-y-sociedades","category-primaria","category-proyectos-academicos","category-secundaria"],"yoast_head":"<!-- This site is optimized with the Yoast SEO plugin v23.3 - https:\/\/yoast.com\/wordpress\/plugins\/seo\/ -->\n<title>Expoam\u00e9rica: la muestra para conocer m\u00e1s de cerca los pa\u00edses de nuestro continente - 2026<\/title>\n<meta name=\"robots\" content=\"noindex, follow, max-snippet:-1, max-image-preview:large, max-video-preview:-1\" \/>\n<meta property=\"og:locale\" content=\"de_DE\" \/>\n<meta property=\"og:type\" content=\"article\" \/>\n<meta property=\"og:title\" content=\"Expoam\u00e9rica: la muestra para conocer m\u00e1s de cerca los pa\u00edses de nuestro continente - 2026\" \/>\n<meta property=\"og:description\" content=\"Expoam\u00e9rica: la muestra para conocer m\u00e1s de cerca los pa\u00edses de nuestro continente Creado por: Jos\u00e9 R\u00edos Mercado. Expoam\u00e9rica, uno de los proyectos acad\u00e9micos m\u00e1s queridos [\u2026]\" \/>\n<meta property=\"og:url\" content=\"https:\/\/ds-barranquilla.org\/de\/expoamerica-la-muestra-para-conocer-mas-de-cerca-los-paises-de-nuestro-continente\/\" \/>\n<meta property=\"og:site_name\" content=\"Colegio Alem\u00e1n - Los Mejores Colegios de Colombia - Colegio Triling\u00fce\" \/>\n<meta property=\"article:publisher\" content=\"https:\/\/www.facebook.com\/ColegioAlemanBaq\/\" \/>\n<meta property=\"article:published_time\" content=\"2022-11-08T15:30:32+00:00\" \/>\n<meta property=\"article:modified_time\" content=\"2022-11-22T16:06:31+00:00\" \/>\n<meta property=\"og:image\" content=\"https:\/\/ds-barranquilla.org\/wp-content\/uploads\/2022\/11\/Expoamerica-Web.jpg\" \/>\n\t<meta property=\"og:image:width\" content=\"1170\" \/>\n\t<meta property=\"og:image:height\" content=\"500\" \/>\n\t<meta property=\"og:image:type\" content=\"image\/jpeg\" \/>\n<meta name=\"author\" content=\"Comunicaciones Comunicaciones\" \/>\n<meta name=\"twitter:card\" content=\"summary_large_image\" \/>\n<meta name=\"twitter:creator\" content=\"@ColegioAlemanBq\" \/>\n<meta name=\"twitter:site\" content=\"@ColegioAlemanBq\" \/>\n<meta name=\"twitter:label1\" content=\"Verfasst von\" \/>\n\t<meta name=\"twitter:data1\" content=\"Comunicaciones Comunicaciones\" \/>\n\t<meta name=\"twitter:label2\" content=\"Gesch\u00e4tzte Lesezeit\" \/>\n\t<meta name=\"twitter:data2\" content=\"1\u00a0Minute\" \/>\n<script type=\"application\/ld+json\" class=\"yoast-schema-graph\">{\"@context\":\"https:\/\/schema.org\",\"@graph\":[{\"@type\":\"Article\",\"@id\":\"https:\/\/ds-barranquilla.org\/de\/expoamerica-la-muestra-para-conocer-mas-de-cerca-los-paises-de-nuestro-continente\/#article\",\"isPartOf\":{\"@id\":\"https:\/\/ds-barranquilla.org\/de\/expoamerica-la-muestra-para-conocer-mas-de-cerca-los-paises-de-nuestro-continente\/\"},\"author\":{\"name\":\"Comunicaciones Comunicaciones\",\"@id\":\"https:\/\/ds-barranquilla.org\/#\/schema\/person\/7bf8790ba89d3480e0551241ccdc8d36\"},\"headline\":\"Expoam\u00e9rica: la muestra para conocer m\u00e1s de cerca los pa\u00edses de nuestro continente\",\"datePublished\":\"2022-11-08T15:30:32+00:00\",\"dateModified\":\"2022-11-22T16:06:31+00:00\",\"mainEntityOfPage\":{\"@id\":\"https:\/\/ds-barranquilla.org\/de\/expoamerica-la-muestra-para-conocer-mas-de-cerca-los-paises-de-nuestro-continente\/\"},\"wordCount\":280,\"commentCount\":0,\"publisher\":{\"@id\":\"https:\/\/ds-barranquilla.org\/#organization\"},\"image\":{\"@id\":\"https:\/\/ds-barranquilla.org\/de\/expoamerica-la-muestra-para-conocer-mas-de-cerca-los-paises-de-nuestro-continente\/#primaryimage\"},\"thumbnailUrl\":\"https:\/\/ds-barranquilla.org\/wp-content\/uploads\/2022\/11\/Expoamerica-Web.jpg\",\"articleSection\":[\"2022\",\"\u00c1rea de Individuos y Sociedades\",\"Primaria\",\"Proyectos acad\u00e9micos\",\"Secundaria\"],\"inLanguage\":\"de\",\"potentialAction\":[{\"@type\":\"CommentAction\",\"name\":\"Comment\",\"target\":[\"https:\/\/ds-barranquilla.org\/de\/expoamerica-la-muestra-para-conocer-mas-de-cerca-los-paises-de-nuestro-continente\/#respond\"]}]},{\"@type\":\"WebPage\",\"@id\":\"https:\/\/ds-barranquilla.org\/de\/expoamerica-la-muestra-para-conocer-mas-de-cerca-los-paises-de-nuestro-continente\/\",\"url\":\"https:\/\/ds-barranquilla.org\/de\/expoamerica-la-muestra-para-conocer-mas-de-cerca-los-paises-de-nuestro-continente\/\",\"name\":\"Expoam\u00e9rica: la muestra para conocer m\u00e1s de cerca los pa\u00edses de nuestro continente - 2026\",\"isPartOf\":{\"@id\":\"https:\/\/ds-barranquilla.org\/#website\"},\"primaryImageOfPage\":{\"@id\":\"https:\/\/ds-barranquilla.org\/de\/expoamerica-la-muestra-para-conocer-mas-de-cerca-los-paises-de-nuestro-continente\/#primaryimage\"},\"image\":{\"@id\":\"https:\/\/ds-barranquilla.org\/de\/expoamerica-la-muestra-para-conocer-mas-de-cerca-los-paises-de-nuestro-continente\/#primaryimage\"},\"thumbnailUrl\":\"https:\/\/ds-barranquilla.org\/wp-content\/uploads\/2022\/11\/Expoamerica-Web.jpg\",\"datePublished\":\"2022-11-08T15:30:32+00:00\",\"dateModified\":\"2022-11-22T16:06:31+00:00\",\"breadcrumb\":{\"@id\":\"https:\/\/ds-barranquilla.org\/de\/expoamerica-la-muestra-para-conocer-mas-de-cerca-los-paises-de-nuestro-continente\/#breadcrumb\"},\"inLanguage\":\"de\",\"potentialAction\":[{\"@type\":\"ReadAction\",\"target\":[\"https:\/\/ds-barranquilla.org\/de\/expoamerica-la-muestra-para-conocer-mas-de-cerca-los-paises-de-nuestro-continente\/\"]}]},{\"@type\":\"ImageObject\",\"inLanguage\":\"de\",\"@id\":\"https:\/\/ds-barranquilla.org\/de\/expoamerica-la-muestra-para-conocer-mas-de-cerca-los-paises-de-nuestro-continente\/#primaryimage\",\"url\":\"https:\/\/ds-barranquilla.org\/wp-content\/uploads\/2022\/11\/Expoamerica-Web.jpg\",\"contentUrl\":\"https:\/\/ds-barranquilla.org\/wp-content\/uploads\/2022\/11\/Expoamerica-Web.jpg\",\"width\":1170,\"height\":500},{\"@type\":\"BreadcrumbList\",\"@id\":\"https:\/\/ds-barranquilla.org\/de\/expoamerica-la-muestra-para-conocer-mas-de-cerca-los-paises-de-nuestro-continente\/#breadcrumb\",\"itemListElement\":[{\"@type\":\"ListItem\",\"position\":1,\"name\":\"Portada\",\"item\":\"https:\/\/ds-barranquilla.org\/\"},{\"@type\":\"ListItem\",\"position\":2,\"name\":\"Expoam\u00e9rica: la muestra para conocer m\u00e1s de cerca los pa\u00edses de nuestro continente\"}]},{\"@type\":\"WebSite\",\"@id\":\"https:\/\/ds-barranquilla.org\/#website\",\"url\":\"https:\/\/ds-barranquilla.org\/\",\"name\":\"Colegio Alem\u00e1n - Los Mejores Colegios de Colombia - Colegio Triling\u00fce\",\"description\":\"Colegio Alem\u00e1n  Barranquilla Colombia - Colegio Biling\u00fce - Triling\u00fce - El Mejor Colegio de Colombia\",\"publisher\":{\"@id\":\"https:\/\/ds-barranquilla.org\/#organization\"},\"potentialAction\":[{\"@type\":\"SearchAction\",\"target\":{\"@type\":\"EntryPoint\",\"urlTemplate\":\"https:\/\/ds-barranquilla.org\/?s={search_term_string}\"},\"query-input\":\"required name=search_term_string\"}],\"inLanguage\":\"de\"},{\"@type\":\"Organization\",\"@id\":\"https:\/\/ds-barranquilla.org\/#organization\",\"name\":\"Colegio Alem\u00e1n Barranquilla\",\"url\":\"https:\/\/ds-barranquilla.org\/\",\"logo\":{\"@type\":\"ImageObject\",\"inLanguage\":\"de\",\"@id\":\"https:\/\/ds-barranquilla.org\/#\/schema\/logo\/image\/\",\"url\":\"https:\/\/ds-barranquilla.org\/wp-content\/uploads\/2021\/05\/coleman_logo_2.png\",\"contentUrl\":\"https:\/\/ds-barranquilla.org\/wp-content\/uploads\/2021\/05\/coleman_logo_2.png\",\"width\":418,\"height\":307,\"caption\":\"Colegio Alem\u00e1n Barranquilla\"},\"image\":{\"@id\":\"https:\/\/ds-barranquilla.org\/#\/schema\/logo\/image\/\"},\"sameAs\":[\"https:\/\/www.facebook.com\/ColegioAlemanBaq\/\",\"https:\/\/x.com\/ColegioAlemanBq\",\"https:\/\/www.instagram.com\/colegioalemanbaq\/\",\"https:\/\/www.linkedin.com\/school\/deutsche-schule-barranquilla\/\",\"https:\/\/www.youtube.com\/channel\/UCOOGZQCVs6aYRqIWvSN5agQ\"]},{\"@type\":\"Person\",\"@id\":\"https:\/\/ds-barranquilla.org\/#\/schema\/person\/7bf8790ba89d3480e0551241ccdc8d36\",\"name\":\"Comunicaciones Comunicaciones\",\"image\":{\"@type\":\"ImageObject\",\"inLanguage\":\"de\",\"@id\":\"https:\/\/ds-barranquilla.org\/#\/schema\/person\/image\/\",\"url\":\"https:\/\/secure.gravatar.com\/avatar\/a66ba9484a4338d81d6bea750e595038?s=96&d=mm&r=g\",\"contentUrl\":\"https:\/\/secure.gravatar.com\/avatar\/a66ba9484a4338d81d6bea750e595038?s=96&d=mm&r=g\",\"caption\":\"Comunicaciones Comunicaciones\"}}]}<\/script>\n<!-- \/ Yoast SEO plugin. -->","yoast_head_json":{"title":"Expoam\u00e9rica: la muestra para conocer m\u00e1s de cerca los pa\u00edses de nuestro continente - 2026","robots":{"index":"noindex","follow":"follow","max-snippet":"max-snippet:-1","max-image-preview":"max-image-preview:large","max-video-preview":"max-video-preview:-1"},"og_locale":"de_DE","og_type":"article","og_title":"Expoam\u00e9rica: la muestra para conocer m\u00e1s de cerca los pa\u00edses de nuestro continente - 2026","og_description":"Expoam\u00e9rica: la muestra para conocer m\u00e1s de cerca los pa\u00edses de nuestro continente Creado por: Jos\u00e9 R\u00edos Mercado. Expoam\u00e9rica, uno de los proyectos acad\u00e9micos m\u00e1s queridos [\u2026]","og_url":"https:\/\/ds-barranquilla.org\/de\/expoamerica-la-muestra-para-conocer-mas-de-cerca-los-paises-de-nuestro-continente\/","og_site_name":"Colegio Alem\u00e1n - Los Mejores Colegios de Colombia - Colegio Triling\u00fce","article_publisher":"https:\/\/www.facebook.com\/ColegioAlemanBaq\/","article_published_time":"2022-11-08T15:30:32+00:00","article_modified_time":"2022-11-22T16:06:31+00:00","og_image":[{"width":1170,"height":500,"url":"https:\/\/ds-barranquilla.org\/wp-content\/uploads\/2022\/11\/Expoamerica-Web.jpg","type":"image\/jpeg"}],"author":"Comunicaciones Comunicaciones","twitter_card":"summary_large_image","twitter_creator":"@ColegioAlemanBq","twitter_site":"@ColegioAlemanBq","twitter_misc":{"Verfasst von":"Comunicaciones Comunicaciones","Gesch\u00e4tzte Lesezeit":"1\u00a0Minute"},"schema":{"@context":"https:\/\/schema.org","@graph":[{"@type":"Article","@id":"https:\/\/ds-barranquilla.org\/de\/expoamerica-la-muestra-para-conocer-mas-de-cerca-los-paises-de-nuestro-continente\/#article","isPartOf":{"@id":"https:\/\/ds-barranquilla.org\/de\/expoamerica-la-muestra-para-conocer-mas-de-cerca-los-paises-de-nuestro-continente\/"},"author":{"name":"Comunicaciones Comunicaciones","@id":"https:\/\/ds-barranquilla.org\/#\/schema\/person\/7bf8790ba89d3480e0551241ccdc8d36"},"headline":"Expoam\u00e9rica: la muestra para conocer m\u00e1s de cerca los pa\u00edses de nuestro continente","datePublished":"2022-11-08T15:30:32+00:00","dateModified":"2022-11-22T16:06:31+00:00","mainEntityOfPage":{"@id":"https:\/\/ds-barranquilla.org\/de\/expoamerica-la-muestra-para-conocer-mas-de-cerca-los-paises-de-nuestro-continente\/"},"wordCount":280,"commentCount":0,"publisher":{"@id":"https:\/\/ds-barranquilla.org\/#organization"},"image":{"@id":"https:\/\/ds-barranquilla.org\/de\/expoamerica-la-muestra-para-conocer-mas-de-cerca-los-paises-de-nuestro-continente\/#primaryimage"},"thumbnailUrl":"https:\/\/ds-barranquilla.org\/wp-content\/uploads\/2022\/11\/Expoamerica-Web.jpg","articleSection":["2022","\u00c1rea de Individuos y Sociedades","Primaria","Proyectos acad\u00e9micos","Secundaria"],"inLanguage":"de","potentialAction":[{"@type":"CommentAction","name":"Comment","target":["https:\/\/ds-barranquilla.org\/de\/expoamerica-la-muestra-para-conocer-mas-de-cerca-los-paises-de-nuestro-continente\/#respond"]}]},{"@type":"WebPage","@id":"https:\/\/ds-barranquilla.org\/de\/expoamerica-la-muestra-para-conocer-mas-de-cerca-los-paises-de-nuestro-continente\/","url":"https:\/\/ds-barranquilla.org\/de\/expoamerica-la-muestra-para-conocer-mas-de-cerca-los-paises-de-nuestro-continente\/","name":"Expoam\u00e9rica: la muestra para conocer m\u00e1s de cerca los pa\u00edses de nuestro continente - 2026","isPartOf":{"@id":"https:\/\/ds-barranquilla.org\/#website"},"primaryImageOfPage":{"@id":"https:\/\/ds-barranquilla.org\/de\/expoamerica-la-muestra-para-conocer-mas-de-cerca-los-paises-de-nuestro-continente\/#primaryimage"},"image":{"@id":"https:\/\/ds-barranquilla.org\/de\/expoamerica-la-muestra-para-conocer-mas-de-cerca-los-paises-de-nuestro-continente\/#primaryimage"},"thumbnailUrl":"https:\/\/ds-barranquilla.org\/wp-content\/uploads\/2022\/11\/Expoamerica-Web.jpg","datePublished":"2022-11-08T15:30:32+00:00","dateModified":"2022-11-22T16:06:31+00:00","breadcrumb":{"@id":"https:\/\/ds-barranquilla.org\/de\/expoamerica-la-muestra-para-conocer-mas-de-cerca-los-paises-de-nuestro-continente\/#breadcrumb"},"inLanguage":"de","potentialAction":[{"@type":"ReadAction","target":["https:\/\/ds-barranquilla.org\/de\/expoamerica-la-muestra-para-conocer-mas-de-cerca-los-paises-de-nuestro-continente\/"]}]},{"@type":"ImageObject","inLanguage":"de","@id":"https:\/\/ds-barranquilla.org\/de\/expoamerica-la-muestra-para-conocer-mas-de-cerca-los-paises-de-nuestro-continente\/#primaryimage","url":"https:\/\/ds-barranquilla.org\/wp-content\/uploads\/2022\/11\/Expoamerica-Web.jpg","contentUrl":"https:\/\/ds-barranquilla.org\/wp-content\/uploads\/2022\/11\/Expoamerica-Web.jpg","width":1170,"height":500},{"@type":"BreadcrumbList","@id":"https:\/\/ds-barranquilla.org\/de\/expoamerica-la-muestra-para-conocer-mas-de-cerca-los-paises-de-nuestro-continente\/#breadcrumb","itemListElement":[{"@type":"ListItem","position":1,"name":"Portada","item":"https:\/\/ds-barranquilla.org\/"},{"@type":"ListItem","position":2,"name":"Expoam\u00e9rica: la muestra para conocer m\u00e1s de cerca los pa\u00edses de nuestro continente"}]},{"@type":"WebSite","@id":"https:\/\/ds-barranquilla.org\/#website","url":"https:\/\/ds-barranquilla.org\/","name":"Colegio Alem\u00e1n - Los Mejores Colegios de Colombia - Colegio Triling\u00fce","description":"Colegio Alem\u00e1n  Barranquilla Colombia - Colegio Biling\u00fce - Triling\u00fce - El Mejor Colegio de Colombia","publisher":{"@id":"https:\/\/ds-barranquilla.org\/#organization"},"potentialAction":[{"@type":"SearchAction","target":{"@type":"EntryPoint","urlTemplate":"https:\/\/ds-barranquilla.org\/?s={search_term_string}"},"query-input":"required name=search_term_string"}],"inLanguage":"de"},{"@type":"Organization","@id":"https:\/\/ds-barranquilla.org\/#organization","name":"Colegio Alem\u00e1n Barranquilla","url":"https:\/\/ds-barranquilla.org\/","logo":{"@type":"ImageObject","inLanguage":"de","@id":"https:\/\/ds-barranquilla.org\/#\/schema\/logo\/image\/","url":"https:\/\/ds-barranquilla.org\/wp-content\/uploads\/2021\/05\/coleman_logo_2.png","contentUrl":"https:\/\/ds-barranquilla.org\/wp-content\/uploads\/2021\/05\/coleman_logo_2.png","width":418,"height":307,"caption":"Colegio Alem\u00e1n Barranquilla"},"image":{"@id":"https:\/\/ds-barranquilla.org\/#\/schema\/logo\/image\/"},"sameAs":["https:\/\/www.facebook.com\/ColegioAlemanBaq\/","https:\/\/x.com\/ColegioAlemanBq","https:\/\/www.instagram.com\/colegioalemanbaq\/","https:\/\/www.linkedin.com\/school\/deutsche-schule-barranquilla\/","https:\/\/www.youtube.com\/channel\/UCOOGZQCVs6aYRqIWvSN5agQ"]},{"@type":"Person","@id":"https:\/\/ds-barranquilla.org\/#\/schema\/person\/7bf8790ba89d3480e0551241ccdc8d36","name":"Comunicaciones Comunicaciones","image":{"@type":"ImageObject","inLanguage":"de","@id":"https:\/\/ds-barranquilla.org\/#\/schema\/person\/image\/","url":"https:\/\/secure.gravatar.com\/avatar\/a66ba9484a4338d81d6bea750e595038?s=96&d=mm&r=g","contentUrl":"https:\/\/secure.gravatar.com\/avatar\/a66ba9484a4338d81d6bea750e595038?s=96&d=mm&r=g","caption":"Comunicaciones Comunicaciones"}}]}},"_links":{"self":[{"href":"https:\/\/ds-barranquilla.org\/de\/wp-json\/wp\/v2\/posts\/19380"}],"collection":[{"href":"https:\/\/ds-barranquilla.org\/de\/wp-json\/wp\/v2\/posts"}],"about":[{"href":"https:\/\/ds-barranquilla.org\/de\/wp-json\/wp\/v2\/types\/post"}],"author":[{"embeddable":true,"href":"https:\/\/ds-barranquilla.org\/de\/wp-json\/wp\/v2\/users\/16"}],"replies":[{"embeddable":true,"href":"https:\/\/ds-barranquilla.org\/de\/wp-json\/wp\/v2\/comments?post=19380"}],"version-history":[{"count":1,"href":"https:\/\/ds-barranquilla.org\/de\/wp-json\/wp\/v2\/posts\/19380\/revisions"}],"predecessor-version":[{"id":19391,"href":"https:\/\/ds-barranquilla.org\/de\/wp-json\/wp\/v2\/posts\/19380\/revisions\/19391"}],"wp:featuredmedia":[{"embeddable":true,"href":"https:\/\/ds-barranquilla.org\/de\/wp-json\/wp\/v2\/media\/19381"}],"wp:attachment":[{"href":"https:\/\/ds-barranquilla.org\/de\/wp-json\/wp\/v2\/media?parent=19380"}],"wp:term":[{"taxonomy":"category","embeddable":true,"href":"https:\/\/ds-barranquilla.org\/de\/wp-json\/wp\/v2\/categories?post=19380"},{"taxonomy":"post_tag","embeddable":true,"href":"https:\/\/ds-barranquilla.org\/de\/wp-json\/wp\/v2\/tags?post=19380"}],"curies":[{"name":"wp","href":"https:\/\/api.w.org\/{rel}","templated":true}]}}