{"id":19437,"date":"2022-11-15T07:48:16","date_gmt":"2022-11-15T12:48:16","guid":{"rendered":"https:\/\/ds-barranquilla.org\/?p=19437"},"modified":"2022-11-22T10:23:45","modified_gmt":"2022-11-22T15:23:45","slug":"coro-juvenil-de-nuestro-colegio-participo-en-intercambio-coral-con-el-coro-del-gimnasio-campestre-de-monteria","status":"publish","type":"post","link":"https:\/\/ds-barranquilla.org\/de\/coro-juvenil-de-nuestro-colegio-participo-en-intercambio-coral-con-el-coro-del-gimnasio-campestre-de-monteria\/","title":{"rendered":"Coro Juvenil de nuestro colegio particip\u00f3 en intercambio coral con el Coro del Gimnasio Campestre de Monter\u00eda"},"content":{"rendered":"<h1><strong>Coro Juvenil de nuestro colegio particip\u00f3 en intercambio coral con el Coro del Gimnasio Campestre de Monter\u00eda<\/strong><\/h1>\n<p><strong>Geschrieben von: Jos\u00e9 R\u00edos Mercado.<\/strong> Del 9 al 11 de noviembre se realiz\u00f3 en nuestro colegio el primer encuentro del intercambio coral entre nuestro Coro Juvenil y el Coro del Gimnasio Campestre de Monter\u00eda. El Director de nuestro coro, Jos\u00e9 Mej\u00eda, indic\u00f3 que el objetivo principal de esta actividad es expandir la labor musical del Colegio Alem\u00e1n de Barranquilla en la Regi\u00f3n Caribe y promover espacios de car\u00e1cter art\u00edstico en la instituci\u00f3n.<\/p>\n<p>\u201cDurante el encuentro se desarrollaron diferentes actividades como: talleres con los estudiantes de la optativa de M\u00fasica de las Klassen 10 y 11, ensayos de una masa coral de una obra en conjunto y presentaciones en los que cada coro le cantaba a los otros\u201d, expres\u00f3 Jos\u00e9 Mej\u00eda.<\/p>\n<p>El docente manifest\u00f3 que ambos coros, adem\u00e1s de participar en el Desfile de Sankt Martin, para el que elaboraron sus propios faroles, interpretaron varias canciones en este evento que fueron el deleite de los asistentes. As\u00ed mismo, precis\u00f3 que del 17 al 20 de noviembre se tiene prevista la realizaci\u00f3n del segundo encuentro de este intercambio coral en las instalaciones del Gimnasio Campestre de Monter\u00eda.<\/p>\n<p><a href=\"https:\/\/ds-barranquilla.org\/wp-content\/uploads\/2022\/11\/1-4.jpeg\"><img decoding=\"async\" class=\"alignnone size-medium wp-image-19440\" src=\"https:\/\/ds-barranquilla.org\/wp-content\/uploads\/2022\/11\/1-4-300x160.jpeg\" alt=\"\" width=\"300\" height=\"160\" srcset=\"https:\/\/ds-barranquilla.org\/wp-content\/uploads\/2022\/11\/1-4-300x160.jpeg 300w, https:\/\/ds-barranquilla.org\/wp-content\/uploads\/2022\/11\/1-4-1024x545.jpeg 1024w, https:\/\/ds-barranquilla.org\/wp-content\/uploads\/2022\/11\/1-4-768x409.jpeg 768w, https:\/\/ds-barranquilla.org\/wp-content\/uploads\/2022\/11\/1-4-18x10.jpeg 18w, https:\/\/ds-barranquilla.org\/wp-content\/uploads\/2022\/11\/1-4-260x138.jpeg 260w, https:\/\/ds-barranquilla.org\/wp-content\/uploads\/2022\/11\/1-4-50x27.jpeg 50w, https:\/\/ds-barranquilla.org\/wp-content\/uploads\/2022\/11\/1-4-141x75.jpeg 141w, https:\/\/ds-barranquilla.org\/wp-content\/uploads\/2022\/11\/1-4-800x426.jpeg 800w, https:\/\/ds-barranquilla.org\/wp-content\/uploads\/2022\/11\/1-4.jpeg 1280w\" sizes=\"(max-width:767px) 300px, 300px\" \/><\/a><a href=\"https:\/\/ds-barranquilla.org\/wp-content\/uploads\/2022\/11\/2-5.jpeg\"><img fetchpriority=\"high\" decoding=\"async\" class=\"alignnone size-medium wp-image-19441\" src=\"https:\/\/ds-barranquilla.org\/wp-content\/uploads\/2022\/11\/2-5-300x200.jpeg\" alt=\"\" width=\"300\" height=\"200\" srcset=\"https:\/\/ds-barranquilla.org\/wp-content\/uploads\/2022\/11\/2-5-300x200.jpeg 300w, https:\/\/ds-barranquilla.org\/wp-content\/uploads\/2022\/11\/2-5-1024x682.jpeg 1024w, https:\/\/ds-barranquilla.org\/wp-content\/uploads\/2022\/11\/2-5-768x512.jpeg 768w, https:\/\/ds-barranquilla.org\/wp-content\/uploads\/2022\/11\/2-5-391x260.jpeg 391w, https:\/\/ds-barranquilla.org\/wp-content\/uploads\/2022\/11\/2-5-18x12.jpeg 18w, https:\/\/ds-barranquilla.org\/wp-content\/uploads\/2022\/11\/2-5-219x146.jpeg 219w, https:\/\/ds-barranquilla.org\/wp-content\/uploads\/2022\/11\/2-5-50x33.jpeg 50w, https:\/\/ds-barranquilla.org\/wp-content\/uploads\/2022\/11\/2-5-113x75.jpeg 113w, https:\/\/ds-barranquilla.org\/wp-content\/uploads\/2022\/11\/2-5-800x533.jpeg 800w, https:\/\/ds-barranquilla.org\/wp-content\/uploads\/2022\/11\/2-5.jpeg 1280w\" sizes=\"(max-width:767px) 300px, 300px\" \/><\/a><a href=\"https:\/\/ds-barranquilla.org\/wp-content\/uploads\/2022\/11\/3-3.jpeg\"><img decoding=\"async\" class=\"alignnone size-medium wp-image-19442\" src=\"https:\/\/ds-barranquilla.org\/wp-content\/uploads\/2022\/11\/3-3-300x200.jpeg\" alt=\"\" width=\"300\" height=\"200\" srcset=\"https:\/\/ds-barranquilla.org\/wp-content\/uploads\/2022\/11\/3-3-300x200.jpeg 300w, https:\/\/ds-barranquilla.org\/wp-content\/uploads\/2022\/11\/3-3-1024x682.jpeg 1024w, https:\/\/ds-barranquilla.org\/wp-content\/uploads\/2022\/11\/3-3-768x512.jpeg 768w, https:\/\/ds-barranquilla.org\/wp-content\/uploads\/2022\/11\/3-3-391x260.jpeg 391w, https:\/\/ds-barranquilla.org\/wp-content\/uploads\/2022\/11\/3-3-18x12.jpeg 18w, https:\/\/ds-barranquilla.org\/wp-content\/uploads\/2022\/11\/3-3-219x146.jpeg 219w, https:\/\/ds-barranquilla.org\/wp-content\/uploads\/2022\/11\/3-3-50x33.jpeg 50w, https:\/\/ds-barranquilla.org\/wp-content\/uploads\/2022\/11\/3-3-113x75.jpeg 113w, https:\/\/ds-barranquilla.org\/wp-content\/uploads\/2022\/11\/3-3-800x533.jpeg 800w, https:\/\/ds-barranquilla.org\/wp-content\/uploads\/2022\/11\/3-3.jpeg 1280w\" sizes=\"(max-width:767px) 300px, 300px\" \/><\/a><a href=\"https:\/\/ds-barranquilla.org\/wp-content\/uploads\/2022\/11\/4-4.jpeg\"><img loading=\"lazy\" decoding=\"async\" class=\"alignnone size-medium wp-image-19443\" src=\"https:\/\/ds-barranquilla.org\/wp-content\/uploads\/2022\/11\/4-4-300x200.jpeg\" alt=\"\" width=\"300\" height=\"200\" srcset=\"https:\/\/ds-barranquilla.org\/wp-content\/uploads\/2022\/11\/4-4-300x200.jpeg 300w, https:\/\/ds-barranquilla.org\/wp-content\/uploads\/2022\/11\/4-4-1024x682.jpeg 1024w, https:\/\/ds-barranquilla.org\/wp-content\/uploads\/2022\/11\/4-4-768x512.jpeg 768w, https:\/\/ds-barranquilla.org\/wp-content\/uploads\/2022\/11\/4-4-391x260.jpeg 391w, https:\/\/ds-barranquilla.org\/wp-content\/uploads\/2022\/11\/4-4-18x12.jpeg 18w, https:\/\/ds-barranquilla.org\/wp-content\/uploads\/2022\/11\/4-4-219x146.jpeg 219w, https:\/\/ds-barranquilla.org\/wp-content\/uploads\/2022\/11\/4-4-50x33.jpeg 50w, https:\/\/ds-barranquilla.org\/wp-content\/uploads\/2022\/11\/4-4-113x75.jpeg 113w, https:\/\/ds-barranquilla.org\/wp-content\/uploads\/2022\/11\/4-4-800x533.jpeg 800w, https:\/\/ds-barranquilla.org\/wp-content\/uploads\/2022\/11\/4-4.jpeg 1280w\" sizes=\"(max-width:767px) 300px, 300px\" \/><\/a><a href=\"https:\/\/ds-barranquilla.org\/wp-content\/uploads\/2022\/11\/5-2.jpeg\"><img loading=\"lazy\" decoding=\"async\" class=\"alignnone size-medium wp-image-19444\" src=\"https:\/\/ds-barranquilla.org\/wp-content\/uploads\/2022\/11\/5-2-300x200.jpeg\" alt=\"\" width=\"300\" height=\"200\" srcset=\"https:\/\/ds-barranquilla.org\/wp-content\/uploads\/2022\/11\/5-2-300x200.jpeg 300w, https:\/\/ds-barranquilla.org\/wp-content\/uploads\/2022\/11\/5-2-1024x682.jpeg 1024w, https:\/\/ds-barranquilla.org\/wp-content\/uploads\/2022\/11\/5-2-768x512.jpeg 768w, https:\/\/ds-barranquilla.org\/wp-content\/uploads\/2022\/11\/5-2-391x260.jpeg 391w, https:\/\/ds-barranquilla.org\/wp-content\/uploads\/2022\/11\/5-2-18x12.jpeg 18w, https:\/\/ds-barranquilla.org\/wp-content\/uploads\/2022\/11\/5-2-219x146.jpeg 219w, https:\/\/ds-barranquilla.org\/wp-content\/uploads\/2022\/11\/5-2-50x33.jpeg 50w, https:\/\/ds-barranquilla.org\/wp-content\/uploads\/2022\/11\/5-2-113x75.jpeg 113w, https:\/\/ds-barranquilla.org\/wp-content\/uploads\/2022\/11\/5-2-800x533.jpeg 800w, https:\/\/ds-barranquilla.org\/wp-content\/uploads\/2022\/11\/5-2.jpeg 1280w\" sizes=\"(max-width:767px) 300px, 300px\" \/><\/a><\/p>","protected":false},"excerpt":{"rendered":"<p>Coro Juvenil de nuestro colegio particip\u00f3 en intercambio coral con el Coro del Gimnasio Campestre de Monter\u00eda Creado por: Jos\u00e9 R\u00edos Mercado. Del 9 al 11<span class=\"excerpt-hellip\"> [\u2026]<\/span><\/p>","protected":false},"author":16,"featured_media":19439,"comment_status":"open","ping_status":"open","sticky":false,"template":"","format":"standard","meta":{"_exactmetrics_skip_tracking":false,"_exactmetrics_sitenote_active":false,"_exactmetrics_sitenote_note":"","_exactmetrics_sitenote_category":0,"_joinchat":[],"footnotes":""},"categories":[672,685,701,710],"tags":[],"class_list":["post-19437","post","type-post","status-publish","format-standard","has-post-thumbnail","hentry","category-672","category-area-de-artes-visuales-e-interpretativas","category-coro-infantil-y-juvenil","category-secundaria"],"yoast_head":"<!-- This site is optimized with the Yoast SEO plugin v23.3 - https:\/\/yoast.com\/wordpress\/plugins\/seo\/ -->\n<title>Coro Juvenil de nuestro colegio particip\u00f3 en intercambio coral con el Coro del Gimnasio Campestre de Monter\u00eda - 2026<\/title>\n<meta name=\"robots\" content=\"noindex, follow, max-snippet:-1, max-image-preview:large, max-video-preview:-1\" \/>\n<meta property=\"og:locale\" content=\"de_DE\" \/>\n<meta property=\"og:type\" content=\"article\" \/>\n<meta property=\"og:title\" content=\"Coro Juvenil de nuestro colegio particip\u00f3 en intercambio coral con el Coro del Gimnasio Campestre de Monter\u00eda - 2026\" \/>\n<meta property=\"og:description\" content=\"Coro Juvenil de nuestro colegio particip\u00f3 en intercambio coral con el Coro del Gimnasio Campestre de Monter\u00eda Creado por: Jos\u00e9 R\u00edos Mercado. Del 9 al 11 [\u2026]\" \/>\n<meta property=\"og:url\" content=\"https:\/\/ds-barranquilla.org\/de\/coro-juvenil-de-nuestro-colegio-participo-en-intercambio-coral-con-el-coro-del-gimnasio-campestre-de-monteria\/\" \/>\n<meta property=\"og:site_name\" content=\"Colegio Alem\u00e1n - Los Mejores Colegios de Colombia - Colegio Triling\u00fce\" \/>\n<meta property=\"article:publisher\" content=\"https:\/\/www.facebook.com\/ColegioAlemanBaq\/\" \/>\n<meta property=\"article:published_time\" content=\"2022-11-15T12:48:16+00:00\" \/>\n<meta property=\"article:modified_time\" content=\"2022-11-22T15:23:45+00:00\" \/>\n<meta property=\"og:image\" content=\"https:\/\/ds-barranquilla.org\/wp-content\/uploads\/2022\/11\/Coros-Web.jpg\" \/>\n\t<meta property=\"og:image:width\" content=\"1170\" \/>\n\t<meta property=\"og:image:height\" content=\"500\" \/>\n\t<meta property=\"og:image:type\" content=\"image\/jpeg\" \/>\n<meta name=\"author\" content=\"Comunicaciones Comunicaciones\" \/>\n<meta name=\"twitter:card\" content=\"summary_large_image\" \/>\n<meta name=\"twitter:creator\" content=\"@ColegioAlemanBq\" \/>\n<meta name=\"twitter:site\" content=\"@ColegioAlemanBq\" \/>\n<meta name=\"twitter:label1\" content=\"Verfasst von\" \/>\n\t<meta name=\"twitter:data1\" content=\"Comunicaciones Comunicaciones\" \/>\n\t<meta name=\"twitter:label2\" content=\"Gesch\u00e4tzte Lesezeit\" \/>\n\t<meta name=\"twitter:data2\" content=\"1\u00a0Minute\" \/>\n<script type=\"application\/ld+json\" class=\"yoast-schema-graph\">{\"@context\":\"https:\/\/schema.org\",\"@graph\":[{\"@type\":\"Article\",\"@id\":\"https:\/\/ds-barranquilla.org\/de\/coro-juvenil-de-nuestro-colegio-participo-en-intercambio-coral-con-el-coro-del-gimnasio-campestre-de-monteria\/#article\",\"isPartOf\":{\"@id\":\"https:\/\/ds-barranquilla.org\/de\/coro-juvenil-de-nuestro-colegio-participo-en-intercambio-coral-con-el-coro-del-gimnasio-campestre-de-monteria\/\"},\"author\":{\"name\":\"Comunicaciones Comunicaciones\",\"@id\":\"https:\/\/ds-barranquilla.org\/#\/schema\/person\/7bf8790ba89d3480e0551241ccdc8d36\"},\"headline\":\"Coro Juvenil de nuestro colegio particip\u00f3 en intercambio coral con el Coro del Gimnasio Campestre de Monter\u00eda\",\"datePublished\":\"2022-11-15T12:48:16+00:00\",\"dateModified\":\"2022-11-22T15:23:45+00:00\",\"mainEntityOfPage\":{\"@id\":\"https:\/\/ds-barranquilla.org\/de\/coro-juvenil-de-nuestro-colegio-participo-en-intercambio-coral-con-el-coro-del-gimnasio-campestre-de-monteria\/\"},\"wordCount\":228,\"commentCount\":0,\"publisher\":{\"@id\":\"https:\/\/ds-barranquilla.org\/#organization\"},\"image\":{\"@id\":\"https:\/\/ds-barranquilla.org\/de\/coro-juvenil-de-nuestro-colegio-participo-en-intercambio-coral-con-el-coro-del-gimnasio-campestre-de-monteria\/#primaryimage\"},\"thumbnailUrl\":\"https:\/\/ds-barranquilla.org\/wp-content\/uploads\/2022\/11\/Coros-Web.jpg\",\"articleSection\":[\"2022\",\"\u00c1rea de Artes Visuales e Interpretativas\",\"Coro Infantil y Juvenil\",\"Secundaria\"],\"inLanguage\":\"de\",\"potentialAction\":[{\"@type\":\"CommentAction\",\"name\":\"Comment\",\"target\":[\"https:\/\/ds-barranquilla.org\/de\/coro-juvenil-de-nuestro-colegio-participo-en-intercambio-coral-con-el-coro-del-gimnasio-campestre-de-monteria\/#respond\"]}]},{\"@type\":\"WebPage\",\"@id\":\"https:\/\/ds-barranquilla.org\/de\/coro-juvenil-de-nuestro-colegio-participo-en-intercambio-coral-con-el-coro-del-gimnasio-campestre-de-monteria\/\",\"url\":\"https:\/\/ds-barranquilla.org\/de\/coro-juvenil-de-nuestro-colegio-participo-en-intercambio-coral-con-el-coro-del-gimnasio-campestre-de-monteria\/\",\"name\":\"Coro Juvenil de nuestro colegio particip\u00f3 en intercambio coral con el Coro del Gimnasio Campestre de Monter\u00eda - 2026\",\"isPartOf\":{\"@id\":\"https:\/\/ds-barranquilla.org\/#website\"},\"primaryImageOfPage\":{\"@id\":\"https:\/\/ds-barranquilla.org\/de\/coro-juvenil-de-nuestro-colegio-participo-en-intercambio-coral-con-el-coro-del-gimnasio-campestre-de-monteria\/#primaryimage\"},\"image\":{\"@id\":\"https:\/\/ds-barranquilla.org\/de\/coro-juvenil-de-nuestro-colegio-participo-en-intercambio-coral-con-el-coro-del-gimnasio-campestre-de-monteria\/#primaryimage\"},\"thumbnailUrl\":\"https:\/\/ds-barranquilla.org\/wp-content\/uploads\/2022\/11\/Coros-Web.jpg\",\"datePublished\":\"2022-11-15T12:48:16+00:00\",\"dateModified\":\"2022-11-22T15:23:45+00:00\",\"breadcrumb\":{\"@id\":\"https:\/\/ds-barranquilla.org\/de\/coro-juvenil-de-nuestro-colegio-participo-en-intercambio-coral-con-el-coro-del-gimnasio-campestre-de-monteria\/#breadcrumb\"},\"inLanguage\":\"de\",\"potentialAction\":[{\"@type\":\"ReadAction\",\"target\":[\"https:\/\/ds-barranquilla.org\/de\/coro-juvenil-de-nuestro-colegio-participo-en-intercambio-coral-con-el-coro-del-gimnasio-campestre-de-monteria\/\"]}]},{\"@type\":\"ImageObject\",\"inLanguage\":\"de\",\"@id\":\"https:\/\/ds-barranquilla.org\/de\/coro-juvenil-de-nuestro-colegio-participo-en-intercambio-coral-con-el-coro-del-gimnasio-campestre-de-monteria\/#primaryimage\",\"url\":\"https:\/\/ds-barranquilla.org\/wp-content\/uploads\/2022\/11\/Coros-Web.jpg\",\"contentUrl\":\"https:\/\/ds-barranquilla.org\/wp-content\/uploads\/2022\/11\/Coros-Web.jpg\",\"width\":1170,\"height\":500},{\"@type\":\"BreadcrumbList\",\"@id\":\"https:\/\/ds-barranquilla.org\/de\/coro-juvenil-de-nuestro-colegio-participo-en-intercambio-coral-con-el-coro-del-gimnasio-campestre-de-monteria\/#breadcrumb\",\"itemListElement\":[{\"@type\":\"ListItem\",\"position\":1,\"name\":\"Portada\",\"item\":\"https:\/\/ds-barranquilla.org\/\"},{\"@type\":\"ListItem\",\"position\":2,\"name\":\"Coro Juvenil de nuestro colegio particip\u00f3 en intercambio coral con el Coro del Gimnasio Campestre de Monter\u00eda\"}]},{\"@type\":\"WebSite\",\"@id\":\"https:\/\/ds-barranquilla.org\/#website\",\"url\":\"https:\/\/ds-barranquilla.org\/\",\"name\":\"Colegio Alem\u00e1n - Los Mejores Colegios de Colombia - Colegio Triling\u00fce\",\"description\":\"Colegio Alem\u00e1n  Barranquilla Colombia - Colegio Biling\u00fce - Triling\u00fce - El Mejor Colegio de Colombia\",\"publisher\":{\"@id\":\"https:\/\/ds-barranquilla.org\/#organization\"},\"potentialAction\":[{\"@type\":\"SearchAction\",\"target\":{\"@type\":\"EntryPoint\",\"urlTemplate\":\"https:\/\/ds-barranquilla.org\/?s={search_term_string}\"},\"query-input\":\"required name=search_term_string\"}],\"inLanguage\":\"de\"},{\"@type\":\"Organization\",\"@id\":\"https:\/\/ds-barranquilla.org\/#organization\",\"name\":\"Colegio Alem\u00e1n Barranquilla\",\"url\":\"https:\/\/ds-barranquilla.org\/\",\"logo\":{\"@type\":\"ImageObject\",\"inLanguage\":\"de\",\"@id\":\"https:\/\/ds-barranquilla.org\/#\/schema\/logo\/image\/\",\"url\":\"https:\/\/ds-barranquilla.org\/wp-content\/uploads\/2021\/05\/coleman_logo_2.png\",\"contentUrl\":\"https:\/\/ds-barranquilla.org\/wp-content\/uploads\/2021\/05\/coleman_logo_2.png\",\"width\":418,\"height\":307,\"caption\":\"Colegio Alem\u00e1n Barranquilla\"},\"image\":{\"@id\":\"https:\/\/ds-barranquilla.org\/#\/schema\/logo\/image\/\"},\"sameAs\":[\"https:\/\/www.facebook.com\/ColegioAlemanBaq\/\",\"https:\/\/x.com\/ColegioAlemanBq\",\"https:\/\/www.instagram.com\/colegioalemanbaq\/\",\"https:\/\/www.linkedin.com\/school\/deutsche-schule-barranquilla\/\",\"https:\/\/www.youtube.com\/channel\/UCOOGZQCVs6aYRqIWvSN5agQ\"]},{\"@type\":\"Person\",\"@id\":\"https:\/\/ds-barranquilla.org\/#\/schema\/person\/7bf8790ba89d3480e0551241ccdc8d36\",\"name\":\"Comunicaciones Comunicaciones\",\"image\":{\"@type\":\"ImageObject\",\"inLanguage\":\"de\",\"@id\":\"https:\/\/ds-barranquilla.org\/#\/schema\/person\/image\/\",\"url\":\"https:\/\/secure.gravatar.com\/avatar\/a66ba9484a4338d81d6bea750e595038?s=96&d=mm&r=g\",\"contentUrl\":\"https:\/\/secure.gravatar.com\/avatar\/a66ba9484a4338d81d6bea750e595038?s=96&d=mm&r=g\",\"caption\":\"Comunicaciones Comunicaciones\"}}]}<\/script>\n<!-- \/ Yoast SEO plugin. -->","yoast_head_json":{"title":"Coro Juvenil de nuestro colegio particip\u00f3 en intercambio coral con el Coro del Gimnasio Campestre de Monter\u00eda - 2026","robots":{"index":"noindex","follow":"follow","max-snippet":"max-snippet:-1","max-image-preview":"max-image-preview:large","max-video-preview":"max-video-preview:-1"},"og_locale":"de_DE","og_type":"article","og_title":"Coro Juvenil de nuestro colegio particip\u00f3 en intercambio coral con el Coro del Gimnasio Campestre de Monter\u00eda - 2026","og_description":"Coro Juvenil de nuestro colegio particip\u00f3 en intercambio coral con el Coro del Gimnasio Campestre de Monter\u00eda Creado por: Jos\u00e9 R\u00edos Mercado. Del 9 al 11 [\u2026]","og_url":"https:\/\/ds-barranquilla.org\/de\/coro-juvenil-de-nuestro-colegio-participo-en-intercambio-coral-con-el-coro-del-gimnasio-campestre-de-monteria\/","og_site_name":"Colegio Alem\u00e1n - Los Mejores Colegios de Colombia - Colegio Triling\u00fce","article_publisher":"https:\/\/www.facebook.com\/ColegioAlemanBaq\/","article_published_time":"2022-11-15T12:48:16+00:00","article_modified_time":"2022-11-22T15:23:45+00:00","og_image":[{"width":1170,"height":500,"url":"https:\/\/ds-barranquilla.org\/wp-content\/uploads\/2022\/11\/Coros-Web.jpg","type":"image\/jpeg"}],"author":"Comunicaciones Comunicaciones","twitter_card":"summary_large_image","twitter_creator":"@ColegioAlemanBq","twitter_site":"@ColegioAlemanBq","twitter_misc":{"Verfasst von":"Comunicaciones Comunicaciones","Gesch\u00e4tzte Lesezeit":"1\u00a0Minute"},"schema":{"@context":"https:\/\/schema.org","@graph":[{"@type":"Article","@id":"https:\/\/ds-barranquilla.org\/de\/coro-juvenil-de-nuestro-colegio-participo-en-intercambio-coral-con-el-coro-del-gimnasio-campestre-de-monteria\/#article","isPartOf":{"@id":"https:\/\/ds-barranquilla.org\/de\/coro-juvenil-de-nuestro-colegio-participo-en-intercambio-coral-con-el-coro-del-gimnasio-campestre-de-monteria\/"},"author":{"name":"Comunicaciones Comunicaciones","@id":"https:\/\/ds-barranquilla.org\/#\/schema\/person\/7bf8790ba89d3480e0551241ccdc8d36"},"headline":"Coro Juvenil de nuestro colegio particip\u00f3 en intercambio coral con el Coro del Gimnasio Campestre de Monter\u00eda","datePublished":"2022-11-15T12:48:16+00:00","dateModified":"2022-11-22T15:23:45+00:00","mainEntityOfPage":{"@id":"https:\/\/ds-barranquilla.org\/de\/coro-juvenil-de-nuestro-colegio-participo-en-intercambio-coral-con-el-coro-del-gimnasio-campestre-de-monteria\/"},"wordCount":228,"commentCount":0,"publisher":{"@id":"https:\/\/ds-barranquilla.org\/#organization"},"image":{"@id":"https:\/\/ds-barranquilla.org\/de\/coro-juvenil-de-nuestro-colegio-participo-en-intercambio-coral-con-el-coro-del-gimnasio-campestre-de-monteria\/#primaryimage"},"thumbnailUrl":"https:\/\/ds-barranquilla.org\/wp-content\/uploads\/2022\/11\/Coros-Web.jpg","articleSection":["2022","\u00c1rea de Artes Visuales e Interpretativas","Coro Infantil y Juvenil","Secundaria"],"inLanguage":"de","potentialAction":[{"@type":"CommentAction","name":"Comment","target":["https:\/\/ds-barranquilla.org\/de\/coro-juvenil-de-nuestro-colegio-participo-en-intercambio-coral-con-el-coro-del-gimnasio-campestre-de-monteria\/#respond"]}]},{"@type":"WebPage","@id":"https:\/\/ds-barranquilla.org\/de\/coro-juvenil-de-nuestro-colegio-participo-en-intercambio-coral-con-el-coro-del-gimnasio-campestre-de-monteria\/","url":"https:\/\/ds-barranquilla.org\/de\/coro-juvenil-de-nuestro-colegio-participo-en-intercambio-coral-con-el-coro-del-gimnasio-campestre-de-monteria\/","name":"Coro Juvenil de nuestro colegio particip\u00f3 en intercambio coral con el Coro del Gimnasio Campestre de Monter\u00eda - 2026","isPartOf":{"@id":"https:\/\/ds-barranquilla.org\/#website"},"primaryImageOfPage":{"@id":"https:\/\/ds-barranquilla.org\/de\/coro-juvenil-de-nuestro-colegio-participo-en-intercambio-coral-con-el-coro-del-gimnasio-campestre-de-monteria\/#primaryimage"},"image":{"@id":"https:\/\/ds-barranquilla.org\/de\/coro-juvenil-de-nuestro-colegio-participo-en-intercambio-coral-con-el-coro-del-gimnasio-campestre-de-monteria\/#primaryimage"},"thumbnailUrl":"https:\/\/ds-barranquilla.org\/wp-content\/uploads\/2022\/11\/Coros-Web.jpg","datePublished":"2022-11-15T12:48:16+00:00","dateModified":"2022-11-22T15:23:45+00:00","breadcrumb":{"@id":"https:\/\/ds-barranquilla.org\/de\/coro-juvenil-de-nuestro-colegio-participo-en-intercambio-coral-con-el-coro-del-gimnasio-campestre-de-monteria\/#breadcrumb"},"inLanguage":"de","potentialAction":[{"@type":"ReadAction","target":["https:\/\/ds-barranquilla.org\/de\/coro-juvenil-de-nuestro-colegio-participo-en-intercambio-coral-con-el-coro-del-gimnasio-campestre-de-monteria\/"]}]},{"@type":"ImageObject","inLanguage":"de","@id":"https:\/\/ds-barranquilla.org\/de\/coro-juvenil-de-nuestro-colegio-participo-en-intercambio-coral-con-el-coro-del-gimnasio-campestre-de-monteria\/#primaryimage","url":"https:\/\/ds-barranquilla.org\/wp-content\/uploads\/2022\/11\/Coros-Web.jpg","contentUrl":"https:\/\/ds-barranquilla.org\/wp-content\/uploads\/2022\/11\/Coros-Web.jpg","width":1170,"height":500},{"@type":"BreadcrumbList","@id":"https:\/\/ds-barranquilla.org\/de\/coro-juvenil-de-nuestro-colegio-participo-en-intercambio-coral-con-el-coro-del-gimnasio-campestre-de-monteria\/#breadcrumb","itemListElement":[{"@type":"ListItem","position":1,"name":"Portada","item":"https:\/\/ds-barranquilla.org\/"},{"@type":"ListItem","position":2,"name":"Coro Juvenil de nuestro colegio particip\u00f3 en intercambio coral con el Coro del Gimnasio Campestre de Monter\u00eda"}]},{"@type":"WebSite","@id":"https:\/\/ds-barranquilla.org\/#website","url":"https:\/\/ds-barranquilla.org\/","name":"Colegio Alem\u00e1n - Los Mejores Colegios de Colombia - Colegio Triling\u00fce","description":"Colegio Alem\u00e1n  Barranquilla Colombia - Colegio Biling\u00fce - Triling\u00fce - El Mejor Colegio de Colombia","publisher":{"@id":"https:\/\/ds-barranquilla.org\/#organization"},"potentialAction":[{"@type":"SearchAction","target":{"@type":"EntryPoint","urlTemplate":"https:\/\/ds-barranquilla.org\/?s={search_term_string}"},"query-input":"required name=search_term_string"}],"inLanguage":"de"},{"@type":"Organization","@id":"https:\/\/ds-barranquilla.org\/#organization","name":"Colegio Alem\u00e1n Barranquilla","url":"https:\/\/ds-barranquilla.org\/","logo":{"@type":"ImageObject","inLanguage":"de","@id":"https:\/\/ds-barranquilla.org\/#\/schema\/logo\/image\/","url":"https:\/\/ds-barranquilla.org\/wp-content\/uploads\/2021\/05\/coleman_logo_2.png","contentUrl":"https:\/\/ds-barranquilla.org\/wp-content\/uploads\/2021\/05\/coleman_logo_2.png","width":418,"height":307,"caption":"Colegio Alem\u00e1n Barranquilla"},"image":{"@id":"https:\/\/ds-barranquilla.org\/#\/schema\/logo\/image\/"},"sameAs":["https:\/\/www.facebook.com\/ColegioAlemanBaq\/","https:\/\/x.com\/ColegioAlemanBq","https:\/\/www.instagram.com\/colegioalemanbaq\/","https:\/\/www.linkedin.com\/school\/deutsche-schule-barranquilla\/","https:\/\/www.youtube.com\/channel\/UCOOGZQCVs6aYRqIWvSN5agQ"]},{"@type":"Person","@id":"https:\/\/ds-barranquilla.org\/#\/schema\/person\/7bf8790ba89d3480e0551241ccdc8d36","name":"Comunicaciones Comunicaciones","image":{"@type":"ImageObject","inLanguage":"de","@id":"https:\/\/ds-barranquilla.org\/#\/schema\/person\/image\/","url":"https:\/\/secure.gravatar.com\/avatar\/a66ba9484a4338d81d6bea750e595038?s=96&d=mm&r=g","contentUrl":"https:\/\/secure.gravatar.com\/avatar\/a66ba9484a4338d81d6bea750e595038?s=96&d=mm&r=g","caption":"Comunicaciones Comunicaciones"}}]}},"_links":{"self":[{"href":"https:\/\/ds-barranquilla.org\/de\/wp-json\/wp\/v2\/posts\/19437"}],"collection":[{"href":"https:\/\/ds-barranquilla.org\/de\/wp-json\/wp\/v2\/posts"}],"about":[{"href":"https:\/\/ds-barranquilla.org\/de\/wp-json\/wp\/v2\/types\/post"}],"author":[{"embeddable":true,"href":"https:\/\/ds-barranquilla.org\/de\/wp-json\/wp\/v2\/users\/16"}],"replies":[{"embeddable":true,"href":"https:\/\/ds-barranquilla.org\/de\/wp-json\/wp\/v2\/comments?post=19437"}],"version-history":[{"count":1,"href":"https:\/\/ds-barranquilla.org\/de\/wp-json\/wp\/v2\/posts\/19437\/revisions"}],"predecessor-version":[{"id":19445,"href":"https:\/\/ds-barranquilla.org\/de\/wp-json\/wp\/v2\/posts\/19437\/revisions\/19445"}],"wp:featuredmedia":[{"embeddable":true,"href":"https:\/\/ds-barranquilla.org\/de\/wp-json\/wp\/v2\/media\/19439"}],"wp:attachment":[{"href":"https:\/\/ds-barranquilla.org\/de\/wp-json\/wp\/v2\/media?parent=19437"}],"wp:term":[{"taxonomy":"category","embeddable":true,"href":"https:\/\/ds-barranquilla.org\/de\/wp-json\/wp\/v2\/categories?post=19437"},{"taxonomy":"post_tag","embeddable":true,"href":"https:\/\/ds-barranquilla.org\/de\/wp-json\/wp\/v2\/tags?post=19437"}],"curies":[{"name":"wp","href":"https:\/\/api.w.org\/{rel}","templated":true}]}}