{"id":19446,"date":"2022-11-15T08:03:58","date_gmt":"2022-11-15T13:03:58","guid":{"rendered":"https:\/\/ds-barranquilla.org\/?p=19446"},"modified":"2022-12-05T11:41:29","modified_gmt":"2022-12-05T16:41:29","slug":"desfile-de-sankt-martin-una-tradicion-que-convoca-a-toda-nuestra-comunidad-escolar","status":"publish","type":"post","link":"https:\/\/ds-barranquilla.org\/de\/desfile-de-sankt-martin-una-tradicion-que-convoca-a-toda-nuestra-comunidad-escolar\/","title":{"rendered":"Sankt-Martins-Umzug: eine Tradition, die unsere Schulgemeinschaft vereint"},"content":{"rendered":"<h1><strong>Sankt-Martins-Umzug: eine Tradition, die unsere Schulgemeinschaft vereint<\/strong><\/h1>\n<p><strong>Geschrieben von: Jos\u00e9 R\u00edos Mercado.<\/strong> Ganz im Sinne der Tradition unserer Schule und nachdem es drei Jahre lang nicht in Pr\u00e4senz stattfinden konnte, feierte die Schulgemeinschaft eine der bekanntesten deutschen Traditionen zu Ehren von Sankt Martin. Der Soldat der r\u00f6misch-kaiserlichen Garde war f\u00fcr seine Gro\u00dfz\u00fcgigkeit und F\u00fcrsorglichkeit bekannt. Mit einem farbenfrohen Laternenumzug, an dem die Kinder von Kindergarten bis Klasse 3 teilgenommen haben, genoss die Schulgemeinschaft die Abendveranstaltung auf dem Parkplatz und vor dem Eingang des Auditoriums.<\/p>\n<p>\u201eDas Ziel dieser Aktivit\u00e4t ist, zu Teilen und einander zu helfen, unabh\u00e4ngig von Herkunft, Glauben und Traditionen der einzelnen Personen. An der Deutschen Schule Barranquilla vermitteln wir diese Werte und ehren diesen Heiligen jeden 11. November \u2013 so wie es in Deutschland \u00fcblich ist - indem wir die Feierlichkeiten in den Unterricht integrieren, um den Kindern die Bedeutung des Festes zu erkl\u00e4ren\u201c, erkl\u00e4rt die Leiterin der Deutschabteilung der Klassen 3-6, Alisson Jim\u00e9nez.<\/p>\n<p>Die Lehrerin erkl\u00e4rt, dass die Kinder beim Umzug mit leuchtenden Laternen, die sie im Unterricht gebastelt hatten, umherzogen und Lieder \u00fcber das Leben und die Werke von Sankt Martin sangen. Au\u00dferdem berichtet sie, wie der Laternenumzug von den Stimmen unseres Nachwuchschors, dem Kinder- und Jugendchor und dem Chor des Gimnasio Campestre de Monter\u00eda begleitet wurden. Gesungen wurden bekannte Lieder wie \u201aSankt Martin\u2019, \u201aLaterne, Laterne\u2019, \u201aRabimel, Rabamel Rabum\u2019, \u201aLos planetas\u2019 und \u201aLos cacharros\u2019.<\/p>\n<p><a href=\"https:\/\/ds-barranquilla.org\/wp-content\/uploads\/2022\/11\/1-5.jpeg\"><img fetchpriority=\"high\" decoding=\"async\" class=\"alignnone size-medium wp-image-19448\" src=\"https:\/\/ds-barranquilla.org\/wp-content\/uploads\/2022\/11\/1-5-300x200.jpeg\" alt=\"\" width=\"300\" height=\"200\" srcset=\"https:\/\/ds-barranquilla.org\/wp-content\/uploads\/2022\/11\/1-5-300x200.jpeg 300w, https:\/\/ds-barranquilla.org\/wp-content\/uploads\/2022\/11\/1-5-1024x682.jpeg 1024w, https:\/\/ds-barranquilla.org\/wp-content\/uploads\/2022\/11\/1-5-768x512.jpeg 768w, https:\/\/ds-barranquilla.org\/wp-content\/uploads\/2022\/11\/1-5-391x260.jpeg 391w, https:\/\/ds-barranquilla.org\/wp-content\/uploads\/2022\/11\/1-5-18x12.jpeg 18w, https:\/\/ds-barranquilla.org\/wp-content\/uploads\/2022\/11\/1-5-219x146.jpeg 219w, https:\/\/ds-barranquilla.org\/wp-content\/uploads\/2022\/11\/1-5-50x33.jpeg 50w, https:\/\/ds-barranquilla.org\/wp-content\/uploads\/2022\/11\/1-5-113x75.jpeg 113w, https:\/\/ds-barranquilla.org\/wp-content\/uploads\/2022\/11\/1-5-800x533.jpeg 800w, https:\/\/ds-barranquilla.org\/wp-content\/uploads\/2022\/11\/1-5.jpeg 1280w\" sizes=\"(max-width:767px) 300px, 300px\" \/><\/a><a href=\"https:\/\/ds-barranquilla.org\/wp-content\/uploads\/2022\/11\/2-6.jpeg\"><img decoding=\"async\" class=\"alignnone size-medium wp-image-19449\" src=\"https:\/\/ds-barranquilla.org\/wp-content\/uploads\/2022\/11\/2-6-300x200.jpeg\" alt=\"\" width=\"300\" height=\"200\" srcset=\"https:\/\/ds-barranquilla.org\/wp-content\/uploads\/2022\/11\/2-6-300x200.jpeg 300w, https:\/\/ds-barranquilla.org\/wp-content\/uploads\/2022\/11\/2-6-1024x682.jpeg 1024w, https:\/\/ds-barranquilla.org\/wp-content\/uploads\/2022\/11\/2-6-768x512.jpeg 768w, https:\/\/ds-barranquilla.org\/wp-content\/uploads\/2022\/11\/2-6-391x260.jpeg 391w, https:\/\/ds-barranquilla.org\/wp-content\/uploads\/2022\/11\/2-6-18x12.jpeg 18w, https:\/\/ds-barranquilla.org\/wp-content\/uploads\/2022\/11\/2-6-219x146.jpeg 219w, https:\/\/ds-barranquilla.org\/wp-content\/uploads\/2022\/11\/2-6-50x33.jpeg 50w, https:\/\/ds-barranquilla.org\/wp-content\/uploads\/2022\/11\/2-6-113x75.jpeg 113w, https:\/\/ds-barranquilla.org\/wp-content\/uploads\/2022\/11\/2-6-800x533.jpeg 800w, https:\/\/ds-barranquilla.org\/wp-content\/uploads\/2022\/11\/2-6.jpeg 1280w\" sizes=\"(max-width:767px) 300px, 300px\" \/><\/a><a href=\"https:\/\/ds-barranquilla.org\/wp-content\/uploads\/2022\/11\/3-4.jpeg\"><img decoding=\"async\" class=\"alignnone size-medium wp-image-19450\" src=\"https:\/\/ds-barranquilla.org\/wp-content\/uploads\/2022\/11\/3-4-300x200.jpeg\" alt=\"\" width=\"300\" height=\"200\" srcset=\"https:\/\/ds-barranquilla.org\/wp-content\/uploads\/2022\/11\/3-4-300x200.jpeg 300w, https:\/\/ds-barranquilla.org\/wp-content\/uploads\/2022\/11\/3-4-1024x682.jpeg 1024w, https:\/\/ds-barranquilla.org\/wp-content\/uploads\/2022\/11\/3-4-768x512.jpeg 768w, https:\/\/ds-barranquilla.org\/wp-content\/uploads\/2022\/11\/3-4-391x260.jpeg 391w, https:\/\/ds-barranquilla.org\/wp-content\/uploads\/2022\/11\/3-4-18x12.jpeg 18w, https:\/\/ds-barranquilla.org\/wp-content\/uploads\/2022\/11\/3-4-219x146.jpeg 219w, https:\/\/ds-barranquilla.org\/wp-content\/uploads\/2022\/11\/3-4-50x33.jpeg 50w, https:\/\/ds-barranquilla.org\/wp-content\/uploads\/2022\/11\/3-4-113x75.jpeg 113w, https:\/\/ds-barranquilla.org\/wp-content\/uploads\/2022\/11\/3-4-800x533.jpeg 800w, https:\/\/ds-barranquilla.org\/wp-content\/uploads\/2022\/11\/3-4.jpeg 1280w\" sizes=\"(max-width:767px) 300px, 300px\" \/><\/a><a href=\"https:\/\/ds-barranquilla.org\/wp-content\/uploads\/2022\/11\/4-5.jpeg\"><img loading=\"lazy\" decoding=\"async\" class=\"alignnone size-medium wp-image-19451\" src=\"https:\/\/ds-barranquilla.org\/wp-content\/uploads\/2022\/11\/4-5-300x200.jpeg\" alt=\"\" width=\"300\" height=\"200\" srcset=\"https:\/\/ds-barranquilla.org\/wp-content\/uploads\/2022\/11\/4-5-300x200.jpeg 300w, https:\/\/ds-barranquilla.org\/wp-content\/uploads\/2022\/11\/4-5-1024x682.jpeg 1024w, https:\/\/ds-barranquilla.org\/wp-content\/uploads\/2022\/11\/4-5-768x512.jpeg 768w, https:\/\/ds-barranquilla.org\/wp-content\/uploads\/2022\/11\/4-5-391x260.jpeg 391w, https:\/\/ds-barranquilla.org\/wp-content\/uploads\/2022\/11\/4-5-18x12.jpeg 18w, https:\/\/ds-barranquilla.org\/wp-content\/uploads\/2022\/11\/4-5-219x146.jpeg 219w, https:\/\/ds-barranquilla.org\/wp-content\/uploads\/2022\/11\/4-5-50x33.jpeg 50w, https:\/\/ds-barranquilla.org\/wp-content\/uploads\/2022\/11\/4-5-113x75.jpeg 113w, https:\/\/ds-barranquilla.org\/wp-content\/uploads\/2022\/11\/4-5-800x533.jpeg 800w, https:\/\/ds-barranquilla.org\/wp-content\/uploads\/2022\/11\/4-5.jpeg 1280w\" sizes=\"(max-width:767px) 300px, 300px\" \/><\/a><a href=\"https:\/\/ds-barranquilla.org\/wp-content\/uploads\/2022\/11\/5-3.jpeg\"><img loading=\"lazy\" decoding=\"async\" class=\"alignnone size-medium wp-image-19452\" src=\"https:\/\/ds-barranquilla.org\/wp-content\/uploads\/2022\/11\/5-3-300x200.jpeg\" alt=\"\" width=\"300\" height=\"200\" srcset=\"https:\/\/ds-barranquilla.org\/wp-content\/uploads\/2022\/11\/5-3-300x200.jpeg 300w, https:\/\/ds-barranquilla.org\/wp-content\/uploads\/2022\/11\/5-3-1024x682.jpeg 1024w, https:\/\/ds-barranquilla.org\/wp-content\/uploads\/2022\/11\/5-3-768x512.jpeg 768w, https:\/\/ds-barranquilla.org\/wp-content\/uploads\/2022\/11\/5-3-391x260.jpeg 391w, https:\/\/ds-barranquilla.org\/wp-content\/uploads\/2022\/11\/5-3-18x12.jpeg 18w, https:\/\/ds-barranquilla.org\/wp-content\/uploads\/2022\/11\/5-3-219x146.jpeg 219w, https:\/\/ds-barranquilla.org\/wp-content\/uploads\/2022\/11\/5-3-50x33.jpeg 50w, https:\/\/ds-barranquilla.org\/wp-content\/uploads\/2022\/11\/5-3-113x75.jpeg 113w, https:\/\/ds-barranquilla.org\/wp-content\/uploads\/2022\/11\/5-3-800x533.jpeg 800w, https:\/\/ds-barranquilla.org\/wp-content\/uploads\/2022\/11\/5-3.jpeg 1280w\" sizes=\"(max-width:767px) 300px, 300px\" \/><\/a><\/p>\n<p><a href=\"https:\/\/m.facebook.com\/story.php?story_fbid=pfbid0ZWtgbqtz19etqPwCvXZqkpMpDFDLhU5W76Hj9kJzd5kr8rPw2xWBb2ikiWBeF17pl&amp;id=100056290190589&amp;mibextid=Nif5oz\">Fotos<\/a><\/p>","protected":false},"excerpt":{"rendered":"<p>Desfile de Sankt Martin: una tradici\u00f3n que convoca a toda nuestra comunidad escolar Creado por: Jos\u00e9 R\u00edos Mercado. Como es tradici\u00f3n en nuestro colegio y despu\u00e9s<span class=\"excerpt-hellip\"> [\u2026]<\/span><\/p>","protected":false},"author":16,"featured_media":19447,"comment_status":"open","ping_status":"open","sticky":false,"template":"","format":"standard","meta":{"_exactmetrics_skip_tracking":false,"_exactmetrics_sitenote_active":false,"_exactmetrics_sitenote_note":"","_exactmetrics_sitenote_category":0,"_joinchat":[],"footnotes":""},"categories":[672,673,694,697,675,677,674,676],"tags":[],"class_list":["post-19446","post","type-post","status-publish","format-standard","has-post-thumbnail","hentry","category-672","category-area-de-aleman","category-bachillerato-internacional","category-cas","category-eventos","category-kindergarten","category-lengua-y-cultura-alemana","category-primaria"],"yoast_head":"<!-- This site is optimized with the Yoast SEO plugin v23.3 - https:\/\/yoast.com\/wordpress\/plugins\/seo\/ -->\n<title>Desfile de Sankt Martin: una tradici\u00f3n que convoca a toda nuestra comunidad escolar - 2026<\/title>\n<meta name=\"robots\" content=\"noindex, follow, max-snippet:-1, max-image-preview:large, max-video-preview:-1\" \/>\n<meta property=\"og:locale\" content=\"de_DE\" \/>\n<meta property=\"og:type\" content=\"article\" \/>\n<meta property=\"og:title\" content=\"Desfile de Sankt Martin: una tradici\u00f3n que convoca a toda nuestra comunidad escolar - 2026\" \/>\n<meta property=\"og:description\" content=\"Desfile de Sankt Martin: una tradici\u00f3n que convoca a toda nuestra comunidad escolar Creado por: Jos\u00e9 R\u00edos Mercado. Como es tradici\u00f3n en nuestro colegio y despu\u00e9s [\u2026]\" \/>\n<meta property=\"og:url\" content=\"https:\/\/ds-barranquilla.org\/de\/desfile-de-sankt-martin-una-tradicion-que-convoca-a-toda-nuestra-comunidad-escolar\/\" \/>\n<meta property=\"og:site_name\" content=\"Colegio Alem\u00e1n - Los Mejores Colegios de Colombia - Colegio Triling\u00fce\" \/>\n<meta property=\"article:publisher\" content=\"https:\/\/www.facebook.com\/ColegioAlemanBaq\/\" \/>\n<meta property=\"article:published_time\" content=\"2022-11-15T13:03:58+00:00\" \/>\n<meta property=\"article:modified_time\" content=\"2022-12-05T16:41:29+00:00\" \/>\n<meta property=\"og:image\" content=\"https:\/\/ds-barranquilla.org\/wp-content\/uploads\/2022\/11\/Sankt-Martin-Web.jpg\" \/>\n\t<meta property=\"og:image:width\" content=\"1170\" \/>\n\t<meta property=\"og:image:height\" content=\"500\" \/>\n\t<meta property=\"og:image:type\" content=\"image\/jpeg\" \/>\n<meta name=\"author\" content=\"Comunicaciones Comunicaciones\" \/>\n<meta name=\"twitter:card\" content=\"summary_large_image\" \/>\n<meta name=\"twitter:creator\" content=\"@ColegioAlemanBq\" \/>\n<meta name=\"twitter:site\" content=\"@ColegioAlemanBq\" \/>\n<meta name=\"twitter:label1\" content=\"Verfasst von\" \/>\n\t<meta name=\"twitter:data1\" content=\"Comunicaciones Comunicaciones\" \/>\n\t<meta name=\"twitter:label2\" content=\"Gesch\u00e4tzte Lesezeit\" \/>\n\t<meta name=\"twitter:data2\" content=\"1\u00a0Minute\" \/>\n<script type=\"application\/ld+json\" class=\"yoast-schema-graph\">{\"@context\":\"https:\/\/schema.org\",\"@graph\":[{\"@type\":\"Article\",\"@id\":\"https:\/\/ds-barranquilla.org\/de\/desfile-de-sankt-martin-una-tradicion-que-convoca-a-toda-nuestra-comunidad-escolar\/#article\",\"isPartOf\":{\"@id\":\"https:\/\/ds-barranquilla.org\/de\/desfile-de-sankt-martin-una-tradicion-que-convoca-a-toda-nuestra-comunidad-escolar\/\"},\"author\":{\"name\":\"Comunicaciones Comunicaciones\",\"@id\":\"https:\/\/ds-barranquilla.org\/#\/schema\/person\/7bf8790ba89d3480e0551241ccdc8d36\"},\"headline\":\"Desfile de Sankt Martin: una tradici\u00f3n que convoca a toda nuestra comunidad escolar\",\"datePublished\":\"2022-11-15T13:03:58+00:00\",\"dateModified\":\"2022-12-05T16:41:29+00:00\",\"mainEntityOfPage\":{\"@id\":\"https:\/\/ds-barranquilla.org\/de\/desfile-de-sankt-martin-una-tradicion-que-convoca-a-toda-nuestra-comunidad-escolar\/\"},\"wordCount\":312,\"commentCount\":0,\"publisher\":{\"@id\":\"https:\/\/ds-barranquilla.org\/#organization\"},\"image\":{\"@id\":\"https:\/\/ds-barranquilla.org\/de\/desfile-de-sankt-martin-una-tradicion-que-convoca-a-toda-nuestra-comunidad-escolar\/#primaryimage\"},\"thumbnailUrl\":\"https:\/\/ds-barranquilla.org\/wp-content\/uploads\/2022\/11\/Sankt-Martin-Web.jpg\",\"articleSection\":[\"2022\",\"\u00c1rea de Alem\u00e1n\",\"Bachillerato Internacional\",\"CAS\",\"Eventos\",\"Kindergarten\",\"Lengua y Cultura Alemana\",\"Primaria\"],\"inLanguage\":\"de\",\"potentialAction\":[{\"@type\":\"CommentAction\",\"name\":\"Comment\",\"target\":[\"https:\/\/ds-barranquilla.org\/de\/desfile-de-sankt-martin-una-tradicion-que-convoca-a-toda-nuestra-comunidad-escolar\/#respond\"]}]},{\"@type\":\"WebPage\",\"@id\":\"https:\/\/ds-barranquilla.org\/de\/desfile-de-sankt-martin-una-tradicion-que-convoca-a-toda-nuestra-comunidad-escolar\/\",\"url\":\"https:\/\/ds-barranquilla.org\/de\/desfile-de-sankt-martin-una-tradicion-que-convoca-a-toda-nuestra-comunidad-escolar\/\",\"name\":\"Desfile de Sankt Martin: una tradici\u00f3n que convoca a toda nuestra comunidad escolar - 2026\",\"isPartOf\":{\"@id\":\"https:\/\/ds-barranquilla.org\/#website\"},\"primaryImageOfPage\":{\"@id\":\"https:\/\/ds-barranquilla.org\/de\/desfile-de-sankt-martin-una-tradicion-que-convoca-a-toda-nuestra-comunidad-escolar\/#primaryimage\"},\"image\":{\"@id\":\"https:\/\/ds-barranquilla.org\/de\/desfile-de-sankt-martin-una-tradicion-que-convoca-a-toda-nuestra-comunidad-escolar\/#primaryimage\"},\"thumbnailUrl\":\"https:\/\/ds-barranquilla.org\/wp-content\/uploads\/2022\/11\/Sankt-Martin-Web.jpg\",\"datePublished\":\"2022-11-15T13:03:58+00:00\",\"dateModified\":\"2022-12-05T16:41:29+00:00\",\"breadcrumb\":{\"@id\":\"https:\/\/ds-barranquilla.org\/de\/desfile-de-sankt-martin-una-tradicion-que-convoca-a-toda-nuestra-comunidad-escolar\/#breadcrumb\"},\"inLanguage\":\"de\",\"potentialAction\":[{\"@type\":\"ReadAction\",\"target\":[\"https:\/\/ds-barranquilla.org\/de\/desfile-de-sankt-martin-una-tradicion-que-convoca-a-toda-nuestra-comunidad-escolar\/\"]}]},{\"@type\":\"ImageObject\",\"inLanguage\":\"de\",\"@id\":\"https:\/\/ds-barranquilla.org\/de\/desfile-de-sankt-martin-una-tradicion-que-convoca-a-toda-nuestra-comunidad-escolar\/#primaryimage\",\"url\":\"https:\/\/ds-barranquilla.org\/wp-content\/uploads\/2022\/11\/Sankt-Martin-Web.jpg\",\"contentUrl\":\"https:\/\/ds-barranquilla.org\/wp-content\/uploads\/2022\/11\/Sankt-Martin-Web.jpg\",\"width\":1170,\"height\":500},{\"@type\":\"BreadcrumbList\",\"@id\":\"https:\/\/ds-barranquilla.org\/de\/desfile-de-sankt-martin-una-tradicion-que-convoca-a-toda-nuestra-comunidad-escolar\/#breadcrumb\",\"itemListElement\":[{\"@type\":\"ListItem\",\"position\":1,\"name\":\"Portada\",\"item\":\"https:\/\/ds-barranquilla.org\/\"},{\"@type\":\"ListItem\",\"position\":2,\"name\":\"Desfile de Sankt Martin: una tradici\u00f3n que convoca a toda nuestra comunidad escolar\"}]},{\"@type\":\"WebSite\",\"@id\":\"https:\/\/ds-barranquilla.org\/#website\",\"url\":\"https:\/\/ds-barranquilla.org\/\",\"name\":\"Colegio Alem\u00e1n - Los Mejores Colegios de Colombia - Colegio Triling\u00fce\",\"description\":\"Colegio Alem\u00e1n  Barranquilla Colombia - Colegio Biling\u00fce - Triling\u00fce - El Mejor Colegio de Colombia\",\"publisher\":{\"@id\":\"https:\/\/ds-barranquilla.org\/#organization\"},\"potentialAction\":[{\"@type\":\"SearchAction\",\"target\":{\"@type\":\"EntryPoint\",\"urlTemplate\":\"https:\/\/ds-barranquilla.org\/?s={search_term_string}\"},\"query-input\":\"required name=search_term_string\"}],\"inLanguage\":\"de\"},{\"@type\":\"Organization\",\"@id\":\"https:\/\/ds-barranquilla.org\/#organization\",\"name\":\"Colegio Alem\u00e1n Barranquilla\",\"url\":\"https:\/\/ds-barranquilla.org\/\",\"logo\":{\"@type\":\"ImageObject\",\"inLanguage\":\"de\",\"@id\":\"https:\/\/ds-barranquilla.org\/#\/schema\/logo\/image\/\",\"url\":\"https:\/\/ds-barranquilla.org\/wp-content\/uploads\/2021\/05\/coleman_logo_2.png\",\"contentUrl\":\"https:\/\/ds-barranquilla.org\/wp-content\/uploads\/2021\/05\/coleman_logo_2.png\",\"width\":418,\"height\":307,\"caption\":\"Colegio Alem\u00e1n Barranquilla\"},\"image\":{\"@id\":\"https:\/\/ds-barranquilla.org\/#\/schema\/logo\/image\/\"},\"sameAs\":[\"https:\/\/www.facebook.com\/ColegioAlemanBaq\/\",\"https:\/\/x.com\/ColegioAlemanBq\",\"https:\/\/www.instagram.com\/colegioalemanbaq\/\",\"https:\/\/www.linkedin.com\/school\/deutsche-schule-barranquilla\/\",\"https:\/\/www.youtube.com\/channel\/UCOOGZQCVs6aYRqIWvSN5agQ\"]},{\"@type\":\"Person\",\"@id\":\"https:\/\/ds-barranquilla.org\/#\/schema\/person\/7bf8790ba89d3480e0551241ccdc8d36\",\"name\":\"Comunicaciones Comunicaciones\",\"image\":{\"@type\":\"ImageObject\",\"inLanguage\":\"de\",\"@id\":\"https:\/\/ds-barranquilla.org\/#\/schema\/person\/image\/\",\"url\":\"https:\/\/secure.gravatar.com\/avatar\/a66ba9484a4338d81d6bea750e595038?s=96&d=mm&r=g\",\"contentUrl\":\"https:\/\/secure.gravatar.com\/avatar\/a66ba9484a4338d81d6bea750e595038?s=96&d=mm&r=g\",\"caption\":\"Comunicaciones Comunicaciones\"}}]}<\/script>\n<!-- \/ Yoast SEO plugin. -->","yoast_head_json":{"title":"Desfile de Sankt Martin: una tradici\u00f3n que convoca a toda nuestra comunidad escolar - 2026","robots":{"index":"noindex","follow":"follow","max-snippet":"max-snippet:-1","max-image-preview":"max-image-preview:large","max-video-preview":"max-video-preview:-1"},"og_locale":"de_DE","og_type":"article","og_title":"Desfile de Sankt Martin: una tradici\u00f3n que convoca a toda nuestra comunidad escolar - 2026","og_description":"Desfile de Sankt Martin: una tradici\u00f3n que convoca a toda nuestra comunidad escolar Creado por: Jos\u00e9 R\u00edos Mercado. Como es tradici\u00f3n en nuestro colegio y despu\u00e9s [\u2026]","og_url":"https:\/\/ds-barranquilla.org\/de\/desfile-de-sankt-martin-una-tradicion-que-convoca-a-toda-nuestra-comunidad-escolar\/","og_site_name":"Colegio Alem\u00e1n - Los Mejores Colegios de Colombia - Colegio Triling\u00fce","article_publisher":"https:\/\/www.facebook.com\/ColegioAlemanBaq\/","article_published_time":"2022-11-15T13:03:58+00:00","article_modified_time":"2022-12-05T16:41:29+00:00","og_image":[{"width":1170,"height":500,"url":"https:\/\/ds-barranquilla.org\/wp-content\/uploads\/2022\/11\/Sankt-Martin-Web.jpg","type":"image\/jpeg"}],"author":"Comunicaciones Comunicaciones","twitter_card":"summary_large_image","twitter_creator":"@ColegioAlemanBq","twitter_site":"@ColegioAlemanBq","twitter_misc":{"Verfasst von":"Comunicaciones Comunicaciones","Gesch\u00e4tzte Lesezeit":"1\u00a0Minute"},"schema":{"@context":"https:\/\/schema.org","@graph":[{"@type":"Article","@id":"https:\/\/ds-barranquilla.org\/de\/desfile-de-sankt-martin-una-tradicion-que-convoca-a-toda-nuestra-comunidad-escolar\/#article","isPartOf":{"@id":"https:\/\/ds-barranquilla.org\/de\/desfile-de-sankt-martin-una-tradicion-que-convoca-a-toda-nuestra-comunidad-escolar\/"},"author":{"name":"Comunicaciones Comunicaciones","@id":"https:\/\/ds-barranquilla.org\/#\/schema\/person\/7bf8790ba89d3480e0551241ccdc8d36"},"headline":"Desfile de Sankt Martin: una tradici\u00f3n que convoca a toda nuestra comunidad escolar","datePublished":"2022-11-15T13:03:58+00:00","dateModified":"2022-12-05T16:41:29+00:00","mainEntityOfPage":{"@id":"https:\/\/ds-barranquilla.org\/de\/desfile-de-sankt-martin-una-tradicion-que-convoca-a-toda-nuestra-comunidad-escolar\/"},"wordCount":312,"commentCount":0,"publisher":{"@id":"https:\/\/ds-barranquilla.org\/#organization"},"image":{"@id":"https:\/\/ds-barranquilla.org\/de\/desfile-de-sankt-martin-una-tradicion-que-convoca-a-toda-nuestra-comunidad-escolar\/#primaryimage"},"thumbnailUrl":"https:\/\/ds-barranquilla.org\/wp-content\/uploads\/2022\/11\/Sankt-Martin-Web.jpg","articleSection":["2022","\u00c1rea de Alem\u00e1n","Bachillerato Internacional","CAS","Eventos","Kindergarten","Lengua y Cultura Alemana","Primaria"],"inLanguage":"de","potentialAction":[{"@type":"CommentAction","name":"Comment","target":["https:\/\/ds-barranquilla.org\/de\/desfile-de-sankt-martin-una-tradicion-que-convoca-a-toda-nuestra-comunidad-escolar\/#respond"]}]},{"@type":"WebPage","@id":"https:\/\/ds-barranquilla.org\/de\/desfile-de-sankt-martin-una-tradicion-que-convoca-a-toda-nuestra-comunidad-escolar\/","url":"https:\/\/ds-barranquilla.org\/de\/desfile-de-sankt-martin-una-tradicion-que-convoca-a-toda-nuestra-comunidad-escolar\/","name":"Desfile de Sankt Martin: una tradici\u00f3n que convoca a toda nuestra comunidad escolar - 2026","isPartOf":{"@id":"https:\/\/ds-barranquilla.org\/#website"},"primaryImageOfPage":{"@id":"https:\/\/ds-barranquilla.org\/de\/desfile-de-sankt-martin-una-tradicion-que-convoca-a-toda-nuestra-comunidad-escolar\/#primaryimage"},"image":{"@id":"https:\/\/ds-barranquilla.org\/de\/desfile-de-sankt-martin-una-tradicion-que-convoca-a-toda-nuestra-comunidad-escolar\/#primaryimage"},"thumbnailUrl":"https:\/\/ds-barranquilla.org\/wp-content\/uploads\/2022\/11\/Sankt-Martin-Web.jpg","datePublished":"2022-11-15T13:03:58+00:00","dateModified":"2022-12-05T16:41:29+00:00","breadcrumb":{"@id":"https:\/\/ds-barranquilla.org\/de\/desfile-de-sankt-martin-una-tradicion-que-convoca-a-toda-nuestra-comunidad-escolar\/#breadcrumb"},"inLanguage":"de","potentialAction":[{"@type":"ReadAction","target":["https:\/\/ds-barranquilla.org\/de\/desfile-de-sankt-martin-una-tradicion-que-convoca-a-toda-nuestra-comunidad-escolar\/"]}]},{"@type":"ImageObject","inLanguage":"de","@id":"https:\/\/ds-barranquilla.org\/de\/desfile-de-sankt-martin-una-tradicion-que-convoca-a-toda-nuestra-comunidad-escolar\/#primaryimage","url":"https:\/\/ds-barranquilla.org\/wp-content\/uploads\/2022\/11\/Sankt-Martin-Web.jpg","contentUrl":"https:\/\/ds-barranquilla.org\/wp-content\/uploads\/2022\/11\/Sankt-Martin-Web.jpg","width":1170,"height":500},{"@type":"BreadcrumbList","@id":"https:\/\/ds-barranquilla.org\/de\/desfile-de-sankt-martin-una-tradicion-que-convoca-a-toda-nuestra-comunidad-escolar\/#breadcrumb","itemListElement":[{"@type":"ListItem","position":1,"name":"Portada","item":"https:\/\/ds-barranquilla.org\/"},{"@type":"ListItem","position":2,"name":"Desfile de Sankt Martin: una tradici\u00f3n que convoca a toda nuestra comunidad escolar"}]},{"@type":"WebSite","@id":"https:\/\/ds-barranquilla.org\/#website","url":"https:\/\/ds-barranquilla.org\/","name":"Colegio Alem\u00e1n - Los Mejores Colegios de Colombia - Colegio Triling\u00fce","description":"Colegio Alem\u00e1n  Barranquilla Colombia - Colegio Biling\u00fce - Triling\u00fce - El Mejor Colegio de Colombia","publisher":{"@id":"https:\/\/ds-barranquilla.org\/#organization"},"potentialAction":[{"@type":"SearchAction","target":{"@type":"EntryPoint","urlTemplate":"https:\/\/ds-barranquilla.org\/?s={search_term_string}"},"query-input":"required name=search_term_string"}],"inLanguage":"de"},{"@type":"Organization","@id":"https:\/\/ds-barranquilla.org\/#organization","name":"Colegio Alem\u00e1n Barranquilla","url":"https:\/\/ds-barranquilla.org\/","logo":{"@type":"ImageObject","inLanguage":"de","@id":"https:\/\/ds-barranquilla.org\/#\/schema\/logo\/image\/","url":"https:\/\/ds-barranquilla.org\/wp-content\/uploads\/2021\/05\/coleman_logo_2.png","contentUrl":"https:\/\/ds-barranquilla.org\/wp-content\/uploads\/2021\/05\/coleman_logo_2.png","width":418,"height":307,"caption":"Colegio Alem\u00e1n Barranquilla"},"image":{"@id":"https:\/\/ds-barranquilla.org\/#\/schema\/logo\/image\/"},"sameAs":["https:\/\/www.facebook.com\/ColegioAlemanBaq\/","https:\/\/x.com\/ColegioAlemanBq","https:\/\/www.instagram.com\/colegioalemanbaq\/","https:\/\/www.linkedin.com\/school\/deutsche-schule-barranquilla\/","https:\/\/www.youtube.com\/channel\/UCOOGZQCVs6aYRqIWvSN5agQ"]},{"@type":"Person","@id":"https:\/\/ds-barranquilla.org\/#\/schema\/person\/7bf8790ba89d3480e0551241ccdc8d36","name":"Comunicaciones Comunicaciones","image":{"@type":"ImageObject","inLanguage":"de","@id":"https:\/\/ds-barranquilla.org\/#\/schema\/person\/image\/","url":"https:\/\/secure.gravatar.com\/avatar\/a66ba9484a4338d81d6bea750e595038?s=96&d=mm&r=g","contentUrl":"https:\/\/secure.gravatar.com\/avatar\/a66ba9484a4338d81d6bea750e595038?s=96&d=mm&r=g","caption":"Comunicaciones Comunicaciones"}}]}},"_links":{"self":[{"href":"https:\/\/ds-barranquilla.org\/de\/wp-json\/wp\/v2\/posts\/19446"}],"collection":[{"href":"https:\/\/ds-barranquilla.org\/de\/wp-json\/wp\/v2\/posts"}],"about":[{"href":"https:\/\/ds-barranquilla.org\/de\/wp-json\/wp\/v2\/types\/post"}],"author":[{"embeddable":true,"href":"https:\/\/ds-barranquilla.org\/de\/wp-json\/wp\/v2\/users\/16"}],"replies":[{"embeddable":true,"href":"https:\/\/ds-barranquilla.org\/de\/wp-json\/wp\/v2\/comments?post=19446"}],"version-history":[{"count":1,"href":"https:\/\/ds-barranquilla.org\/de\/wp-json\/wp\/v2\/posts\/19446\/revisions"}],"predecessor-version":[{"id":19453,"href":"https:\/\/ds-barranquilla.org\/de\/wp-json\/wp\/v2\/posts\/19446\/revisions\/19453"}],"wp:featuredmedia":[{"embeddable":true,"href":"https:\/\/ds-barranquilla.org\/de\/wp-json\/wp\/v2\/media\/19447"}],"wp:attachment":[{"href":"https:\/\/ds-barranquilla.org\/de\/wp-json\/wp\/v2\/media?parent=19446"}],"wp:term":[{"taxonomy":"category","embeddable":true,"href":"https:\/\/ds-barranquilla.org\/de\/wp-json\/wp\/v2\/categories?post=19446"},{"taxonomy":"post_tag","embeddable":true,"href":"https:\/\/ds-barranquilla.org\/de\/wp-json\/wp\/v2\/tags?post=19446"}],"curies":[{"name":"wp","href":"https:\/\/api.w.org\/{rel}","templated":true}]}}