{"id":19873,"date":"2022-12-05T09:18:09","date_gmt":"2022-12-05T14:18:09","guid":{"rendered":"https:\/\/ds-barranquilla.org\/?p=19873"},"modified":"2022-12-05T10:51:38","modified_gmt":"2022-12-05T15:51:38","slug":"aprendiendo-sobre-educacion-para-el-desarrollo-sostenible-de-la-mano-del-dr-andreas-brunold","status":"publish","type":"post","link":"https:\/\/ds-barranquilla.org\/de\/aprendiendo-sobre-educacion-para-el-desarrollo-sostenible-de-la-mano-del-dr-andreas-brunold\/","title":{"rendered":"Aprendiendo sobre educaci\u00f3n para el desarrollo sostenible de la mano del Dr. Andreas Brunold"},"content":{"rendered":"<div data-elementor-type=\"wp-post\" data-elementor-id=\"19873\" class=\"elementor elementor-19873\">\n\t\t\t\t\t\t<section class=\"elementor-section elementor-top-section elementor-element elementor-element-17ac4ca7 elementor-section-boxed elementor-section-height-default elementor-section-height-default\" data-id=\"17ac4ca7\" data-element_type=\"section\">\n\t\t\t\t\t\t<div class=\"elementor-container elementor-column-gap-default\">\n\t\t\t\t\t<div class=\"elementor-column elementor-col-100 elementor-top-column elementor-element elementor-element-2813983d\" data-id=\"2813983d\" data-element_type=\"column\">\n\t\t\t<div class=\"elementor-widget-wrap elementor-element-populated\">\n\t\t\t\t\t\t<div class=\"elementor-element elementor-element-b4b0fdd elementor-widget elementor-widget-text-editor\" data-id=\"b4b0fdd\" data-element_type=\"widget\" data-widget_type=\"text-editor.default\">\n\t\t\t\t<div class=\"elementor-widget-container\">\n\t\t\t<style>\/*! elementor - v3.23.0 - 05-08-2024 *\/\n.elementor-widget-text-editor.elementor-drop-cap-view-stacked .elementor-drop-cap{background-color:#69727d;color:#fff}.elementor-widget-text-editor.elementor-drop-cap-view-framed .elementor-drop-cap{color:#69727d;border:3px solid;background-color:transparent}.elementor-widget-text-editor:not(.elementor-drop-cap-view-default) .elementor-drop-cap{margin-top:8px}.elementor-widget-text-editor:not(.elementor-drop-cap-view-default) .elementor-drop-cap-letter{width:1em;height:1em}.elementor-widget-text-editor .elementor-drop-cap{float:left;text-align:center;line-height:1;font-size:50px}.elementor-widget-text-editor .elementor-drop-cap-letter{display:inline-block}<\/style>\t\t\t\t<h2><span style=\"color: #cc3524;\">Aprendiendo sobre educaci\u00f3n para el desarrollo sostenible de la mano del Dr. Andreas Brunold<\/span><\/h2><p>El aula en silencio, una Klasse divida en tres grupos y, al frente, el profesor Andreas Brunold explicando en alem\u00e1n la din\u00e1mica de la actividad, en compa\u00f1\u00eda de Bernhard Bailer, docente practicante. En este escenario que parece tan cotidiano, nuestros estudiantes estaban tratando de encontrar soluciones a una gran problem\u00e1tica mundial: los residuos pl\u00e1sticos.<\/p><p>El Dr. Brunold, de origen alem\u00e1n, es una eminencia; profesor de la Universidad de Ausburgo de educaci\u00f3n y did\u00e1ctica pol\u00edtica, que cuenta tambi\u00e9n con una larga trayectoria en investigaci\u00f3n y desarrollo de proyectos.<\/p><p>Se desempe\u00f1\u00f3 como profesor invitado en universidades de Centroam\u00e9rica, Sudam\u00e9rica y Asia y es experto en organizaciones nacionales e internacionales, as\u00ed como en la edici\u00f3n de revistas acad\u00e9micas. Ha publicado &#8220;un gran n\u00famero de estudios y libros reconocidos internacionalmente sobre educaci\u00f3n pol\u00edtica para el desarrollo sostenible y estrategias de sostenibilidad de la UNESCO&#8221;.<\/p><p><strong>Juego de roles y simulaci\u00f3n<br \/><\/strong>En \u00e9sta, su tercera visita como capacitador al Colegio Alem\u00e1n de Barranquilla, trabaj\u00f3 espec\u00edficamente con la Klasse 10B y con un grupo de docentes sobre educaci\u00f3n para el desarrollo sostenible.<\/p><p>Con nuestros estudiantes propuso un juego de simulaci\u00f3n o roles para tratar de llegar a acuerdos con relaci\u00f3n al tema de los residuos pl\u00e1sticos. Los equipos de alumnos tuvieron que ponerse en la piel de diferentes organizaciones, a favor y en contra de la producci\u00f3n y el uso del pl\u00e1stico, con el gran objetivo de proponer salidas viables.<\/p>\t\t\t\t\t\t<\/div>\n\t\t\t\t<\/div>\n\t\t\t\t\t<\/div>\n\t\t<\/div>\n\t\t\t\t\t<\/div>\n\t\t<\/section>\n\t\t\t\t<section class=\"elementor-section elementor-top-section elementor-element elementor-element-577f898 elementor-section-boxed elementor-section-height-default elementor-section-height-default\" data-id=\"577f898\" data-element_type=\"section\">\n\t\t\t\t\t\t<div class=\"elementor-container elementor-column-gap-default\">\n\t\t\t\t\t<div class=\"elementor-column elementor-col-50 elementor-top-column elementor-element elementor-element-7d0c578\" data-id=\"7d0c578\" data-element_type=\"column\">\n\t\t\t<div class=\"elementor-widget-wrap elementor-element-populated\">\n\t\t\t\t\t\t<div class=\"elementor-element elementor-element-6b186c4 elementor-widget elementor-widget-image\" data-id=\"6b186c4\" data-element_type=\"widget\" data-widget_type=\"image.default\">\n\t\t\t\t<div class=\"elementor-widget-container\">\n\t\t\t<style>\/*! elementor - v3.23.0 - 05-08-2024 *\/\n.elementor-widget-image{text-align:center}.elementor-widget-image a{display:inline-block}.elementor-widget-image a img[src$=\".svg\"]{width:48px}.elementor-widget-image img{vertical-align:middle;display:inline-block}<\/style>\t\t\t\t\t\t\t\t\t\t<img fetchpriority=\"high\" decoding=\"async\" width=\"768\" height=\"512\" src=\"https:\/\/ds-barranquilla.org\/wp-content\/uploads\/2022\/12\/visitaBrunold-1-768x512.jpeg\" class=\"attachment-medium_large size-medium_large wp-image-19878\" alt=\"\" srcset=\"https:\/\/ds-barranquilla.org\/wp-content\/uploads\/2022\/12\/visitaBrunold-1-768x512.jpeg 768w, https:\/\/ds-barranquilla.org\/wp-content\/uploads\/2022\/12\/visitaBrunold-1-300x200.jpeg 300w, https:\/\/ds-barranquilla.org\/wp-content\/uploads\/2022\/12\/visitaBrunold-1-1024x682.jpeg 1024w, https:\/\/ds-barranquilla.org\/wp-content\/uploads\/2022\/12\/visitaBrunold-1-391x260.jpeg 391w, https:\/\/ds-barranquilla.org\/wp-content\/uploads\/2022\/12\/visitaBrunold-1-18x12.jpeg 18w, https:\/\/ds-barranquilla.org\/wp-content\/uploads\/2022\/12\/visitaBrunold-1-219x146.jpeg 219w, https:\/\/ds-barranquilla.org\/wp-content\/uploads\/2022\/12\/visitaBrunold-1-50x33.jpeg 50w, https:\/\/ds-barranquilla.org\/wp-content\/uploads\/2022\/12\/visitaBrunold-1-113x75.jpeg 113w, https:\/\/ds-barranquilla.org\/wp-content\/uploads\/2022\/12\/visitaBrunold-1-800x533.jpeg 800w, https:\/\/ds-barranquilla.org\/wp-content\/uploads\/2022\/12\/visitaBrunold-1.jpeg 1280w\" sizes=\"(max-width:767px) 480px, (max-width:768px) 100vw, 768px\" \/>\t\t\t\t\t\t\t\t\t\t\t\t\t<\/div>\n\t\t\t\t<\/div>\n\t\t\t\t\t<\/div>\n\t\t<\/div>\n\t\t\t\t<div class=\"elementor-column elementor-col-50 elementor-top-column elementor-element elementor-element-619f7de\" data-id=\"619f7de\" data-element_type=\"column\">\n\t\t\t<div class=\"elementor-widget-wrap elementor-element-populated\">\n\t\t\t\t\t\t<div class=\"elementor-element elementor-element-84f2302 elementor-widget elementor-widget-image\" data-id=\"84f2302\" data-element_type=\"widget\" data-widget_type=\"image.default\">\n\t\t\t\t<div class=\"elementor-widget-container\">\n\t\t\t\t\t\t\t\t\t\t\t\t\t<img decoding=\"async\" width=\"768\" height=\"512\" src=\"https:\/\/ds-barranquilla.org\/wp-content\/uploads\/2022\/12\/visitaBrunold-3-768x512.jpeg\" class=\"attachment-medium_large size-medium_large wp-image-19876\" alt=\"\" srcset=\"https:\/\/ds-barranquilla.org\/wp-content\/uploads\/2022\/12\/visitaBrunold-3-768x512.jpeg 768w, https:\/\/ds-barranquilla.org\/wp-content\/uploads\/2022\/12\/visitaBrunold-3-300x200.jpeg 300w, https:\/\/ds-barranquilla.org\/wp-content\/uploads\/2022\/12\/visitaBrunold-3-1024x682.jpeg 1024w, https:\/\/ds-barranquilla.org\/wp-content\/uploads\/2022\/12\/visitaBrunold-3-391x260.jpeg 391w, https:\/\/ds-barranquilla.org\/wp-content\/uploads\/2022\/12\/visitaBrunold-3-18x12.jpeg 18w, https:\/\/ds-barranquilla.org\/wp-content\/uploads\/2022\/12\/visitaBrunold-3-219x146.jpeg 219w, https:\/\/ds-barranquilla.org\/wp-content\/uploads\/2022\/12\/visitaBrunold-3-50x33.jpeg 50w, https:\/\/ds-barranquilla.org\/wp-content\/uploads\/2022\/12\/visitaBrunold-3-113x75.jpeg 113w, https:\/\/ds-barranquilla.org\/wp-content\/uploads\/2022\/12\/visitaBrunold-3-800x533.jpeg 800w, https:\/\/ds-barranquilla.org\/wp-content\/uploads\/2022\/12\/visitaBrunold-3.jpeg 1280w\" sizes=\"(max-width:767px) 480px, (max-width:768px) 100vw, 768px\" \/>\t\t\t\t\t\t\t\t\t\t\t\t\t<\/div>\n\t\t\t\t<\/div>\n\t\t\t\t\t<\/div>\n\t\t<\/div>\n\t\t\t\t\t<\/div>\n\t\t<\/section>\n\t\t\t\t<section class=\"elementor-section elementor-top-section elementor-element elementor-element-b07e19d elementor-section-boxed elementor-section-height-default elementor-section-height-default\" data-id=\"b07e19d\" data-element_type=\"section\">\n\t\t\t\t\t\t<div class=\"elementor-container elementor-column-gap-default\">\n\t\t\t\t\t<div class=\"elementor-column elementor-col-100 elementor-top-column elementor-element elementor-element-15dbf72\" data-id=\"15dbf72\" data-element_type=\"column\">\n\t\t\t<div class=\"elementor-widget-wrap elementor-element-populated\">\n\t\t\t\t\t\t<div class=\"elementor-element elementor-element-eddc295 elementor-widget elementor-widget-text-editor\" data-id=\"eddc295\" data-element_type=\"widget\" data-widget_type=\"text-editor.default\">\n\t\t\t\t<div class=\"elementor-widget-container\">\n\t\t\t\t\t\t\t<p style=\"font-style: normal; font-variant-ligatures: normal; font-variant-caps: normal; font-weight: 400; font-size: 15px; font-family: Roboto, -apple-system, BlinkMacSystemFont, 'Segoe UI', Roboto, Oxygen-Sans, Ubuntu, Cantarell, 'Helvetica Neue', sans-serif;\">De esta manera tuvieron que pasar al tablero en parejas para exponer en alem\u00e1n cada uno de sus argumentos y los resultados de acuerdo a las lecturas asignadas y al debate que establecieron con sus pares, lo que les permiti\u00f3 poner en pr\u00e1ctica diversas habilidades.<\/p><blockquote style=\"font-style: normal; font-variant-ligatures: normal; font-variant-caps: normal; font-weight: 400;\"><p>\u201cEs importante que los estudiantes aprendan a trabajar con temas complejos y con textos en alem\u00e1n de gran dificultad; tambi\u00e9n es necesario crear conciencia en ellos sobre los grandes problemas ambientales como el del pl\u00e1stico, que est\u00e1 presente en todos lados\u201d, asegur\u00f3 el Dr. Brunold.<\/p><\/blockquote><p style=\"font-style: normal; font-variant-ligatures: normal; font-variant-caps: normal; font-weight: 400; font-size: 15px; font-family: Roboto, -apple-system, BlinkMacSystemFont, 'Segoe UI', Roboto, Oxygen-Sans, Ubuntu, Cantarell, 'Helvetica Neue', sans-serif;\"><span style=\"font-weight: bold;\">Capacitaci\u00f3n a docentes<br \/><\/span>En el \u00faltimo d\u00eda de su visita, que se desarroll\u00f3 del 28 de noviembre al 1\u00b0 de diciembre, este destacado profesor dict\u00f3 una conferencia con espacio para preguntas a un grupo de profesores de las \u00e1reas de Individuos y Sociedades, Ciencias Naturales y Biologie.<\/p><p style=\"font-style: normal; font-variant-ligatures: normal; font-variant-caps: normal; font-weight: 400; font-size: 15px; font-family: Roboto, -apple-system, BlinkMacSystemFont, 'Segoe UI', Roboto, Oxygen-Sans, Ubuntu, Cantarell, 'Helvetica Neue', sans-serif;\">La capacitaci\u00f3n se centr\u00f3 en los Objetivos de Desarrollo Sostenible, una tem\u00e1tica fundamental para nuestra instituci\u00f3n, teniendo en cuenta que como comunidad acad\u00e9mica estamos en el deber de analizar el impacto de cada una de nuestras actividades sobre el medio ambiente.<\/p>\t\t\t\t\t\t<\/div>\n\t\t\t\t<\/div>\n\t\t\t\t\t<\/div>\n\t\t<\/div>\n\t\t\t\t\t<\/div>\n\t\t<\/section>\n\t\t\t\t<section class=\"elementor-section elementor-top-section elementor-element elementor-element-fb018fd elementor-section-boxed elementor-section-height-default elementor-section-height-default\" data-id=\"fb018fd\" data-element_type=\"section\">\n\t\t\t\t\t\t<div class=\"elementor-container elementor-column-gap-default\">\n\t\t\t\t\t<div class=\"elementor-column elementor-col-50 elementor-top-column elementor-element elementor-element-2d3d2c7\" data-id=\"2d3d2c7\" data-element_type=\"column\">\n\t\t\t<div class=\"elementor-widget-wrap elementor-element-populated\">\n\t\t\t\t\t\t<div class=\"elementor-element elementor-element-2874c4a elementor-widget elementor-widget-image\" data-id=\"2874c4a\" data-element_type=\"widget\" data-widget_type=\"image.default\">\n\t\t\t\t<div class=\"elementor-widget-container\">\n\t\t\t\t\t\t\t\t\t\t\t\t\t<img decoding=\"async\" width=\"768\" height=\"576\" src=\"https:\/\/ds-barranquilla.org\/wp-content\/uploads\/2022\/12\/visitaBrunold-2-768x576.jpeg\" class=\"attachment-medium_large size-medium_large wp-image-19877\" alt=\"\" srcset=\"https:\/\/ds-barranquilla.org\/wp-content\/uploads\/2022\/12\/visitaBrunold-2-768x576.jpeg 768w, https:\/\/ds-barranquilla.org\/wp-content\/uploads\/2022\/12\/visitaBrunold-2-300x225.jpeg 300w, https:\/\/ds-barranquilla.org\/wp-content\/uploads\/2022\/12\/visitaBrunold-2-1024x768.jpeg 1024w, https:\/\/ds-barranquilla.org\/wp-content\/uploads\/2022\/12\/visitaBrunold-2-16x12.jpeg 16w, https:\/\/ds-barranquilla.org\/wp-content\/uploads\/2022\/12\/visitaBrunold-2-195x146.jpeg 195w, https:\/\/ds-barranquilla.org\/wp-content\/uploads\/2022\/12\/visitaBrunold-2-50x38.jpeg 50w, https:\/\/ds-barranquilla.org\/wp-content\/uploads\/2022\/12\/visitaBrunold-2-100x75.jpeg 100w, https:\/\/ds-barranquilla.org\/wp-content\/uploads\/2022\/12\/visitaBrunold-2-800x600.jpeg 800w, https:\/\/ds-barranquilla.org\/wp-content\/uploads\/2022\/12\/visitaBrunold-2.jpeg 1280w\" sizes=\"(max-width:767px) 480px, (max-width:768px) 100vw, 768px\" \/>\t\t\t\t\t\t\t\t\t\t\t\t\t<\/div>\n\t\t\t\t<\/div>\n\t\t\t\t\t<\/div>\n\t\t<\/div>\n\t\t\t\t<div class=\"elementor-column elementor-col-50 elementor-top-column elementor-element elementor-element-dcfc435\" data-id=\"dcfc435\" data-element_type=\"column\">\n\t\t\t<div class=\"elementor-widget-wrap elementor-element-populated\">\n\t\t\t\t\t\t<div class=\"elementor-element elementor-element-aa9dcb2 elementor-widget elementor-widget-image\" data-id=\"aa9dcb2\" data-element_type=\"widget\" data-widget_type=\"image.default\">\n\t\t\t\t<div class=\"elementor-widget-container\">\n\t\t\t\t\t\t\t\t\t\t\t\t\t<img loading=\"lazy\" decoding=\"async\" width=\"768\" height=\"576\" src=\"https:\/\/ds-barranquilla.org\/wp-content\/uploads\/2022\/12\/Brunold-14-1-768x576.jpeg\" class=\"attachment-medium_large size-medium_large wp-image-19879\" alt=\"\" srcset=\"https:\/\/ds-barranquilla.org\/wp-content\/uploads\/2022\/12\/Brunold-14-1-768x576.jpeg 768w, https:\/\/ds-barranquilla.org\/wp-content\/uploads\/2022\/12\/Brunold-14-1-300x225.jpeg 300w, https:\/\/ds-barranquilla.org\/wp-content\/uploads\/2022\/12\/Brunold-14-1-1024x768.jpeg 1024w, https:\/\/ds-barranquilla.org\/wp-content\/uploads\/2022\/12\/Brunold-14-1-1536x1152.jpeg 1536w, https:\/\/ds-barranquilla.org\/wp-content\/uploads\/2022\/12\/Brunold-14-1-16x12.jpeg 16w, https:\/\/ds-barranquilla.org\/wp-content\/uploads\/2022\/12\/Brunold-14-1-195x146.jpeg 195w, https:\/\/ds-barranquilla.org\/wp-content\/uploads\/2022\/12\/Brunold-14-1-50x38.jpeg 50w, https:\/\/ds-barranquilla.org\/wp-content\/uploads\/2022\/12\/Brunold-14-1-100x75.jpeg 100w, https:\/\/ds-barranquilla.org\/wp-content\/uploads\/2022\/12\/Brunold-14-1-800x600.jpeg 800w, https:\/\/ds-barranquilla.org\/wp-content\/uploads\/2022\/12\/Brunold-14-1.jpeg 1600w\" sizes=\"(max-width:767px) 480px, (max-width:768px) 100vw, 768px\" \/>\t\t\t\t\t\t\t\t\t\t\t\t\t<\/div>\n\t\t\t\t<\/div>\n\t\t\t\t\t<\/div>\n\t\t<\/div>\n\t\t\t\t\t<\/div>\n\t\t<\/section>\n\t\t\t\t<section class=\"elementor-section elementor-top-section elementor-element elementor-element-b44d656 elementor-section-boxed elementor-section-height-default elementor-section-height-default\" data-id=\"b44d656\" data-element_type=\"section\">\n\t\t\t\t\t\t<div class=\"elementor-container elementor-column-gap-default\">\n\t\t\t\t\t<div class=\"elementor-column elementor-col-100 elementor-top-column elementor-element elementor-element-443c9dd\" data-id=\"443c9dd\" data-element_type=\"column\">\n\t\t\t<div class=\"elementor-widget-wrap elementor-element-populated\">\n\t\t\t\t\t\t<div class=\"elementor-element elementor-element-ee5feb5 elementor-widget elementor-widget-text-editor\" data-id=\"ee5feb5\" data-element_type=\"widget\" data-widget_type=\"text-editor.default\">\n\t\t\t\t<div class=\"elementor-widget-container\">\n\t\t\t\t\t\t\t<p style=\"font-style: normal; font-variant-ligatures: normal; font-variant-caps: normal; font-weight: 400; font-size: 15px; font-family: Roboto, -apple-system, BlinkMacSystemFont, 'Segoe UI', Roboto, Oxygen-Sans, Ubuntu, Cantarell, 'Helvetica Neue', sans-serif;\">Luis Fernando L\u00f3pez, Docente de Individuos y Sociedades y Coordinador de Investigaciones, explica que esta capacitaci\u00f3n les permiti\u00f3 reflexionar sobre el cr\u00edtico panorama mundial al que nos enfrentamos \u201ccon el calentamiento global, las especies en v\u00eda de extinci\u00f3n y la explotaci\u00f3n desmedida de los recursos\u201d.<\/p><blockquote style=\"font-style: normal; font-variant-ligatures: normal; font-variant-caps: normal; font-weight: 400;\"><p style=\"font-style: normal; font-variant-ligatures: normal; font-variant-caps: normal; font-weight: 400; font-size: 15px; font-family: Roboto, -apple-system, BlinkMacSystemFont, 'Segoe UI', Roboto, Oxygen-Sans, Ubuntu, Cantarell, 'Helvetica Neue', sans-serif;\">\u201cLa idea es analizar c\u00f3mo podemos contribuir a la promoci\u00f3n del cuidado del medio ambiente y qu\u00e9 se puede hacer al respecto; por ejemplo, con el prop\u00f3sito de que por cada recurso que se explote debe asegurarse su renovaci\u00f3n con calidad y en el tiempo\u201d, explica L\u00f3pez.<\/p><\/blockquote><p style=\"font-style: normal; font-variant-ligatures: normal; font-variant-caps: normal; font-weight: 400; font-size: 15px; font-family: Roboto, -apple-system, BlinkMacSystemFont, 'Segoe UI', Roboto, Oxygen-Sans, Ubuntu, Cantarell, 'Helvetica Neue', sans-serif;\">Visitas como la del Dr. Andreas Brunold nos permiten fortalecer competencias en nuestros estudiantes y docentes, as\u00ed como mantener nuestra visi\u00f3n institucional que claramente resalta la importancia de la sensibilidad social y ambiental en nuestro proyecto educativo.<\/p>\t\t\t\t\t\t<\/div>\n\t\t\t\t<\/div>\n\t\t\t\t\t<\/div>\n\t\t<\/div>\n\t\t\t\t\t<\/div>\n\t\t<\/section>\n\t\t\t\t<\/div>","protected":false},"excerpt":{"rendered":"<p>Aprendiendo sobre educaci\u00f3n para el desarrollo sostenible de la mano del Dr. Andreas Brunold El aula en silencio, una Klasse divida en tres grupos y, al<span class=\"excerpt-hellip\"> [\u2026]<\/span><\/p>","protected":false},"author":16,"featured_media":19887,"comment_status":"open","ping_status":"open","sticky":false,"template":"","format":"standard","meta":{"_exactmetrics_skip_tracking":false,"_exactmetrics_sitenote_active":false,"_exactmetrics_sitenote_note":"","_exactmetrics_sitenote_category":0,"_joinchat":[],"footnotes":""},"categories":[672,673,710],"tags":[],"class_list":["post-19873","post","type-post","status-publish","format-standard","has-post-thumbnail","hentry","category-672","category-area-de-aleman","category-secundaria"],"yoast_head":"<!-- This site is optimized with the Yoast SEO plugin v23.3 - https:\/\/yoast.com\/wordpress\/plugins\/seo\/ -->\n<title>Aprendiendo sobre educaci\u00f3n para el desarrollo sostenible de la mano del Dr. Andreas Brunold - 2026<\/title>\n<meta name=\"robots\" content=\"noindex, follow, max-snippet:-1, max-image-preview:large, max-video-preview:-1\" \/>\n<meta property=\"og:locale\" content=\"de_DE\" \/>\n<meta property=\"og:type\" content=\"article\" \/>\n<meta property=\"og:title\" content=\"Aprendiendo sobre educaci\u00f3n para el desarrollo sostenible de la mano del Dr. Andreas Brunold - 2026\" \/>\n<meta property=\"og:description\" content=\"Aprendiendo sobre educaci\u00f3n para el desarrollo sostenible de la mano del Dr. Andreas Brunold El aula en silencio, una Klasse divida en tres grupos y, al [\u2026]\" \/>\n<meta property=\"og:url\" content=\"https:\/\/ds-barranquilla.org\/de\/aprendiendo-sobre-educacion-para-el-desarrollo-sostenible-de-la-mano-del-dr-andreas-brunold\/\" \/>\n<meta property=\"og:site_name\" content=\"Colegio Alem\u00e1n - Los Mejores Colegios de Colombia - Colegio Triling\u00fce\" \/>\n<meta property=\"article:publisher\" content=\"https:\/\/www.facebook.com\/ColegioAlemanBaq\/\" \/>\n<meta property=\"article:published_time\" content=\"2022-12-05T14:18:09+00:00\" \/>\n<meta property=\"article:modified_time\" content=\"2022-12-05T15:51:38+00:00\" \/>\n<meta property=\"og:image\" content=\"https:\/\/ds-barranquilla.org\/wp-content\/uploads\/2022\/12\/visita-Brunold-1-scaled.jpg\" \/>\n\t<meta property=\"og:image:width\" content=\"2560\" \/>\n\t<meta property=\"og:image:height\" content=\"1050\" \/>\n\t<meta property=\"og:image:type\" content=\"image\/jpeg\" \/>\n<meta name=\"author\" content=\"Comunicaciones Comunicaciones\" \/>\n<meta name=\"twitter:card\" content=\"summary_large_image\" \/>\n<meta name=\"twitter:creator\" content=\"@ColegioAlemanBq\" \/>\n<meta name=\"twitter:site\" content=\"@ColegioAlemanBq\" \/>\n<meta name=\"twitter:label1\" content=\"Verfasst von\" \/>\n\t<meta name=\"twitter:data1\" content=\"Comunicaciones Comunicaciones\" \/>\n\t<meta name=\"twitter:label2\" content=\"Gesch\u00e4tzte Lesezeit\" \/>\n\t<meta name=\"twitter:data2\" content=\"3\u00a0Minuten\" \/>\n<script type=\"application\/ld+json\" class=\"yoast-schema-graph\">{\"@context\":\"https:\/\/schema.org\",\"@graph\":[{\"@type\":\"Article\",\"@id\":\"https:\/\/ds-barranquilla.org\/aprendiendo-sobre-educacion-para-el-desarrollo-sostenible-de-la-mano-del-dr-andreas-brunold\/#article\",\"isPartOf\":{\"@id\":\"https:\/\/ds-barranquilla.org\/aprendiendo-sobre-educacion-para-el-desarrollo-sostenible-de-la-mano-del-dr-andreas-brunold\/\"},\"author\":{\"name\":\"Comunicaciones Comunicaciones\",\"@id\":\"https:\/\/ds-barranquilla.org\/#\/schema\/person\/7bf8790ba89d3480e0551241ccdc8d36\"},\"headline\":\"Aprendiendo sobre educaci\u00f3n para el desarrollo sostenible de la mano del Dr. Andreas Brunold\",\"datePublished\":\"2022-12-05T14:18:09+00:00\",\"dateModified\":\"2022-12-05T15:51:38+00:00\",\"mainEntityOfPage\":{\"@id\":\"https:\/\/ds-barranquilla.org\/aprendiendo-sobre-educacion-para-el-desarrollo-sostenible-de-la-mano-del-dr-andreas-brunold\/\"},\"wordCount\":617,\"commentCount\":0,\"publisher\":{\"@id\":\"https:\/\/ds-barranquilla.org\/#organization\"},\"image\":{\"@id\":\"https:\/\/ds-barranquilla.org\/aprendiendo-sobre-educacion-para-el-desarrollo-sostenible-de-la-mano-del-dr-andreas-brunold\/#primaryimage\"},\"thumbnailUrl\":\"https:\/\/ds-barranquilla.org\/wp-content\/uploads\/2022\/12\/visita-Brunold-1-scaled.jpg\",\"articleSection\":[\"2022\",\"\u00c1rea de Alem\u00e1n\",\"Secundaria\"],\"inLanguage\":\"de\",\"potentialAction\":[{\"@type\":\"CommentAction\",\"name\":\"Comment\",\"target\":[\"https:\/\/ds-barranquilla.org\/aprendiendo-sobre-educacion-para-el-desarrollo-sostenible-de-la-mano-del-dr-andreas-brunold\/#respond\"]}]},{\"@type\":\"WebPage\",\"@id\":\"https:\/\/ds-barranquilla.org\/aprendiendo-sobre-educacion-para-el-desarrollo-sostenible-de-la-mano-del-dr-andreas-brunold\/\",\"url\":\"https:\/\/ds-barranquilla.org\/aprendiendo-sobre-educacion-para-el-desarrollo-sostenible-de-la-mano-del-dr-andreas-brunold\/\",\"name\":\"Aprendiendo sobre educaci\u00f3n para el desarrollo sostenible de la mano del Dr. Andreas Brunold - 2026\",\"isPartOf\":{\"@id\":\"https:\/\/ds-barranquilla.org\/#website\"},\"primaryImageOfPage\":{\"@id\":\"https:\/\/ds-barranquilla.org\/aprendiendo-sobre-educacion-para-el-desarrollo-sostenible-de-la-mano-del-dr-andreas-brunold\/#primaryimage\"},\"image\":{\"@id\":\"https:\/\/ds-barranquilla.org\/aprendiendo-sobre-educacion-para-el-desarrollo-sostenible-de-la-mano-del-dr-andreas-brunold\/#primaryimage\"},\"thumbnailUrl\":\"https:\/\/ds-barranquilla.org\/wp-content\/uploads\/2022\/12\/visita-Brunold-1-scaled.jpg\",\"datePublished\":\"2022-12-05T14:18:09+00:00\",\"dateModified\":\"2022-12-05T15:51:38+00:00\",\"breadcrumb\":{\"@id\":\"https:\/\/ds-barranquilla.org\/aprendiendo-sobre-educacion-para-el-desarrollo-sostenible-de-la-mano-del-dr-andreas-brunold\/#breadcrumb\"},\"inLanguage\":\"de\",\"potentialAction\":[{\"@type\":\"ReadAction\",\"target\":[\"https:\/\/ds-barranquilla.org\/aprendiendo-sobre-educacion-para-el-desarrollo-sostenible-de-la-mano-del-dr-andreas-brunold\/\"]}]},{\"@type\":\"ImageObject\",\"inLanguage\":\"de\",\"@id\":\"https:\/\/ds-barranquilla.org\/aprendiendo-sobre-educacion-para-el-desarrollo-sostenible-de-la-mano-del-dr-andreas-brunold\/#primaryimage\",\"url\":\"https:\/\/ds-barranquilla.org\/wp-content\/uploads\/2022\/12\/visita-Brunold-1-scaled.jpg\",\"contentUrl\":\"https:\/\/ds-barranquilla.org\/wp-content\/uploads\/2022\/12\/visita-Brunold-1-scaled.jpg\",\"width\":2560,\"height\":1050},{\"@type\":\"BreadcrumbList\",\"@id\":\"https:\/\/ds-barranquilla.org\/aprendiendo-sobre-educacion-para-el-desarrollo-sostenible-de-la-mano-del-dr-andreas-brunold\/#breadcrumb\",\"itemListElement\":[{\"@type\":\"ListItem\",\"position\":1,\"name\":\"Portada\",\"item\":\"https:\/\/ds-barranquilla.org\/\"},{\"@type\":\"ListItem\",\"position\":2,\"name\":\"Aprendiendo sobre educaci\u00f3n para el desarrollo sostenible de la mano del Dr. Andreas Brunold\"}]},{\"@type\":\"WebSite\",\"@id\":\"https:\/\/ds-barranquilla.org\/#website\",\"url\":\"https:\/\/ds-barranquilla.org\/\",\"name\":\"Colegio Alem\u00e1n - Los Mejores Colegios de Colombia - Colegio Triling\u00fce\",\"description\":\"Colegio Alem\u00e1n  Barranquilla Colombia - Colegio Biling\u00fce - Triling\u00fce - El Mejor Colegio de Colombia\",\"publisher\":{\"@id\":\"https:\/\/ds-barranquilla.org\/#organization\"},\"potentialAction\":[{\"@type\":\"SearchAction\",\"target\":{\"@type\":\"EntryPoint\",\"urlTemplate\":\"https:\/\/ds-barranquilla.org\/?s={search_term_string}\"},\"query-input\":\"required name=search_term_string\"}],\"inLanguage\":\"de\"},{\"@type\":\"Organization\",\"@id\":\"https:\/\/ds-barranquilla.org\/#organization\",\"name\":\"Colegio Alem\u00e1n Barranquilla\",\"url\":\"https:\/\/ds-barranquilla.org\/\",\"logo\":{\"@type\":\"ImageObject\",\"inLanguage\":\"de\",\"@id\":\"https:\/\/ds-barranquilla.org\/#\/schema\/logo\/image\/\",\"url\":\"https:\/\/ds-barranquilla.org\/wp-content\/uploads\/2021\/05\/coleman_logo_2.png\",\"contentUrl\":\"https:\/\/ds-barranquilla.org\/wp-content\/uploads\/2021\/05\/coleman_logo_2.png\",\"width\":418,\"height\":307,\"caption\":\"Colegio Alem\u00e1n Barranquilla\"},\"image\":{\"@id\":\"https:\/\/ds-barranquilla.org\/#\/schema\/logo\/image\/\"},\"sameAs\":[\"https:\/\/www.facebook.com\/ColegioAlemanBaq\/\",\"https:\/\/x.com\/ColegioAlemanBq\",\"https:\/\/www.instagram.com\/colegioalemanbaq\/\",\"https:\/\/www.linkedin.com\/school\/deutsche-schule-barranquilla\/\",\"https:\/\/www.youtube.com\/channel\/UCOOGZQCVs6aYRqIWvSN5agQ\"]},{\"@type\":\"Person\",\"@id\":\"https:\/\/ds-barranquilla.org\/#\/schema\/person\/7bf8790ba89d3480e0551241ccdc8d36\",\"name\":\"Comunicaciones Comunicaciones\",\"image\":{\"@type\":\"ImageObject\",\"inLanguage\":\"de\",\"@id\":\"https:\/\/ds-barranquilla.org\/#\/schema\/person\/image\/\",\"url\":\"https:\/\/secure.gravatar.com\/avatar\/a66ba9484a4338d81d6bea750e595038?s=96&d=mm&r=g\",\"contentUrl\":\"https:\/\/secure.gravatar.com\/avatar\/a66ba9484a4338d81d6bea750e595038?s=96&d=mm&r=g\",\"caption\":\"Comunicaciones Comunicaciones\"}}]}<\/script>\n<!-- \/ Yoast SEO plugin. -->","yoast_head_json":{"title":"Aprendiendo sobre educaci\u00f3n para el desarrollo sostenible de la mano del Dr. Andreas Brunold - 2026","robots":{"index":"noindex","follow":"follow","max-snippet":"max-snippet:-1","max-image-preview":"max-image-preview:large","max-video-preview":"max-video-preview:-1"},"og_locale":"de_DE","og_type":"article","og_title":"Aprendiendo sobre educaci\u00f3n para el desarrollo sostenible de la mano del Dr. Andreas Brunold - 2026","og_description":"Aprendiendo sobre educaci\u00f3n para el desarrollo sostenible de la mano del Dr. Andreas Brunold El aula en silencio, una Klasse divida en tres grupos y, al [\u2026]","og_url":"https:\/\/ds-barranquilla.org\/de\/aprendiendo-sobre-educacion-para-el-desarrollo-sostenible-de-la-mano-del-dr-andreas-brunold\/","og_site_name":"Colegio Alem\u00e1n - Los Mejores Colegios de Colombia - Colegio Triling\u00fce","article_publisher":"https:\/\/www.facebook.com\/ColegioAlemanBaq\/","article_published_time":"2022-12-05T14:18:09+00:00","article_modified_time":"2022-12-05T15:51:38+00:00","og_image":[{"width":2560,"height":1050,"url":"https:\/\/ds-barranquilla.org\/wp-content\/uploads\/2022\/12\/visita-Brunold-1-scaled.jpg","type":"image\/jpeg"}],"author":"Comunicaciones Comunicaciones","twitter_card":"summary_large_image","twitter_creator":"@ColegioAlemanBq","twitter_site":"@ColegioAlemanBq","twitter_misc":{"Verfasst von":"Comunicaciones Comunicaciones","Gesch\u00e4tzte Lesezeit":"3\u00a0Minuten"},"schema":{"@context":"https:\/\/schema.org","@graph":[{"@type":"Article","@id":"https:\/\/ds-barranquilla.org\/aprendiendo-sobre-educacion-para-el-desarrollo-sostenible-de-la-mano-del-dr-andreas-brunold\/#article","isPartOf":{"@id":"https:\/\/ds-barranquilla.org\/aprendiendo-sobre-educacion-para-el-desarrollo-sostenible-de-la-mano-del-dr-andreas-brunold\/"},"author":{"name":"Comunicaciones Comunicaciones","@id":"https:\/\/ds-barranquilla.org\/#\/schema\/person\/7bf8790ba89d3480e0551241ccdc8d36"},"headline":"Aprendiendo sobre educaci\u00f3n para el desarrollo sostenible de la mano del Dr. Andreas Brunold","datePublished":"2022-12-05T14:18:09+00:00","dateModified":"2022-12-05T15:51:38+00:00","mainEntityOfPage":{"@id":"https:\/\/ds-barranquilla.org\/aprendiendo-sobre-educacion-para-el-desarrollo-sostenible-de-la-mano-del-dr-andreas-brunold\/"},"wordCount":617,"commentCount":0,"publisher":{"@id":"https:\/\/ds-barranquilla.org\/#organization"},"image":{"@id":"https:\/\/ds-barranquilla.org\/aprendiendo-sobre-educacion-para-el-desarrollo-sostenible-de-la-mano-del-dr-andreas-brunold\/#primaryimage"},"thumbnailUrl":"https:\/\/ds-barranquilla.org\/wp-content\/uploads\/2022\/12\/visita-Brunold-1-scaled.jpg","articleSection":["2022","\u00c1rea de Alem\u00e1n","Secundaria"],"inLanguage":"de","potentialAction":[{"@type":"CommentAction","name":"Comment","target":["https:\/\/ds-barranquilla.org\/aprendiendo-sobre-educacion-para-el-desarrollo-sostenible-de-la-mano-del-dr-andreas-brunold\/#respond"]}]},{"@type":"WebPage","@id":"https:\/\/ds-barranquilla.org\/aprendiendo-sobre-educacion-para-el-desarrollo-sostenible-de-la-mano-del-dr-andreas-brunold\/","url":"https:\/\/ds-barranquilla.org\/aprendiendo-sobre-educacion-para-el-desarrollo-sostenible-de-la-mano-del-dr-andreas-brunold\/","name":"Aprendiendo sobre educaci\u00f3n para el desarrollo sostenible de la mano del Dr. Andreas Brunold - 2026","isPartOf":{"@id":"https:\/\/ds-barranquilla.org\/#website"},"primaryImageOfPage":{"@id":"https:\/\/ds-barranquilla.org\/aprendiendo-sobre-educacion-para-el-desarrollo-sostenible-de-la-mano-del-dr-andreas-brunold\/#primaryimage"},"image":{"@id":"https:\/\/ds-barranquilla.org\/aprendiendo-sobre-educacion-para-el-desarrollo-sostenible-de-la-mano-del-dr-andreas-brunold\/#primaryimage"},"thumbnailUrl":"https:\/\/ds-barranquilla.org\/wp-content\/uploads\/2022\/12\/visita-Brunold-1-scaled.jpg","datePublished":"2022-12-05T14:18:09+00:00","dateModified":"2022-12-05T15:51:38+00:00","breadcrumb":{"@id":"https:\/\/ds-barranquilla.org\/aprendiendo-sobre-educacion-para-el-desarrollo-sostenible-de-la-mano-del-dr-andreas-brunold\/#breadcrumb"},"inLanguage":"de","potentialAction":[{"@type":"ReadAction","target":["https:\/\/ds-barranquilla.org\/aprendiendo-sobre-educacion-para-el-desarrollo-sostenible-de-la-mano-del-dr-andreas-brunold\/"]}]},{"@type":"ImageObject","inLanguage":"de","@id":"https:\/\/ds-barranquilla.org\/aprendiendo-sobre-educacion-para-el-desarrollo-sostenible-de-la-mano-del-dr-andreas-brunold\/#primaryimage","url":"https:\/\/ds-barranquilla.org\/wp-content\/uploads\/2022\/12\/visita-Brunold-1-scaled.jpg","contentUrl":"https:\/\/ds-barranquilla.org\/wp-content\/uploads\/2022\/12\/visita-Brunold-1-scaled.jpg","width":2560,"height":1050},{"@type":"BreadcrumbList","@id":"https:\/\/ds-barranquilla.org\/aprendiendo-sobre-educacion-para-el-desarrollo-sostenible-de-la-mano-del-dr-andreas-brunold\/#breadcrumb","itemListElement":[{"@type":"ListItem","position":1,"name":"Portada","item":"https:\/\/ds-barranquilla.org\/"},{"@type":"ListItem","position":2,"name":"Aprendiendo sobre educaci\u00f3n para el desarrollo sostenible de la mano del Dr. Andreas Brunold"}]},{"@type":"WebSite","@id":"https:\/\/ds-barranquilla.org\/#website","url":"https:\/\/ds-barranquilla.org\/","name":"Colegio Alem\u00e1n - Los Mejores Colegios de Colombia - Colegio Triling\u00fce","description":"Colegio Alem\u00e1n  Barranquilla Colombia - Colegio Biling\u00fce - Triling\u00fce - El Mejor Colegio de Colombia","publisher":{"@id":"https:\/\/ds-barranquilla.org\/#organization"},"potentialAction":[{"@type":"SearchAction","target":{"@type":"EntryPoint","urlTemplate":"https:\/\/ds-barranquilla.org\/?s={search_term_string}"},"query-input":"required name=search_term_string"}],"inLanguage":"de"},{"@type":"Organization","@id":"https:\/\/ds-barranquilla.org\/#organization","name":"Colegio Alem\u00e1n Barranquilla","url":"https:\/\/ds-barranquilla.org\/","logo":{"@type":"ImageObject","inLanguage":"de","@id":"https:\/\/ds-barranquilla.org\/#\/schema\/logo\/image\/","url":"https:\/\/ds-barranquilla.org\/wp-content\/uploads\/2021\/05\/coleman_logo_2.png","contentUrl":"https:\/\/ds-barranquilla.org\/wp-content\/uploads\/2021\/05\/coleman_logo_2.png","width":418,"height":307,"caption":"Colegio Alem\u00e1n Barranquilla"},"image":{"@id":"https:\/\/ds-barranquilla.org\/#\/schema\/logo\/image\/"},"sameAs":["https:\/\/www.facebook.com\/ColegioAlemanBaq\/","https:\/\/x.com\/ColegioAlemanBq","https:\/\/www.instagram.com\/colegioalemanbaq\/","https:\/\/www.linkedin.com\/school\/deutsche-schule-barranquilla\/","https:\/\/www.youtube.com\/channel\/UCOOGZQCVs6aYRqIWvSN5agQ"]},{"@type":"Person","@id":"https:\/\/ds-barranquilla.org\/#\/schema\/person\/7bf8790ba89d3480e0551241ccdc8d36","name":"Comunicaciones Comunicaciones","image":{"@type":"ImageObject","inLanguage":"de","@id":"https:\/\/ds-barranquilla.org\/#\/schema\/person\/image\/","url":"https:\/\/secure.gravatar.com\/avatar\/a66ba9484a4338d81d6bea750e595038?s=96&d=mm&r=g","contentUrl":"https:\/\/secure.gravatar.com\/avatar\/a66ba9484a4338d81d6bea750e595038?s=96&d=mm&r=g","caption":"Comunicaciones Comunicaciones"}}]}},"_links":{"self":[{"href":"https:\/\/ds-barranquilla.org\/de\/wp-json\/wp\/v2\/posts\/19873"}],"collection":[{"href":"https:\/\/ds-barranquilla.org\/de\/wp-json\/wp\/v2\/posts"}],"about":[{"href":"https:\/\/ds-barranquilla.org\/de\/wp-json\/wp\/v2\/types\/post"}],"author":[{"embeddable":true,"href":"https:\/\/ds-barranquilla.org\/de\/wp-json\/wp\/v2\/users\/16"}],"replies":[{"embeddable":true,"href":"https:\/\/ds-barranquilla.org\/de\/wp-json\/wp\/v2\/comments?post=19873"}],"version-history":[{"count":10,"href":"https:\/\/ds-barranquilla.org\/de\/wp-json\/wp\/v2\/posts\/19873\/revisions"}],"predecessor-version":[{"id":19901,"href":"https:\/\/ds-barranquilla.org\/de\/wp-json\/wp\/v2\/posts\/19873\/revisions\/19901"}],"wp:featuredmedia":[{"embeddable":true,"href":"https:\/\/ds-barranquilla.org\/de\/wp-json\/wp\/v2\/media\/19887"}],"wp:attachment":[{"href":"https:\/\/ds-barranquilla.org\/de\/wp-json\/wp\/v2\/media?parent=19873"}],"wp:term":[{"taxonomy":"category","embeddable":true,"href":"https:\/\/ds-barranquilla.org\/de\/wp-json\/wp\/v2\/categories?post=19873"},{"taxonomy":"post_tag","embeddable":true,"href":"https:\/\/ds-barranquilla.org\/de\/wp-json\/wp\/v2\/tags?post=19873"}],"curies":[{"name":"wp","href":"https:\/\/api.w.org\/{rel}","templated":true}]}}