{"id":19973,"date":"2022-12-07T09:01:52","date_gmt":"2022-12-07T14:01:52","guid":{"rendered":"https:\/\/ds-barranquilla.org\/?p=19973"},"modified":"2022-12-07T09:23:53","modified_gmt":"2022-12-07T14:23:53","slug":"manana-de-tradiciones-alemanas-con-la-llegada-de-sankt-nikolaus","status":"publish","type":"post","link":"https:\/\/ds-barranquilla.org\/de\/manana-de-tradiciones-alemanas-con-la-llegada-de-sankt-nikolaus\/","title":{"rendered":"\u00a1Ma\u00f1ana de tradiciones alemanas con la llegada de Sankt Nikolaus!"},"content":{"rendered":"<div data-elementor-type=\"wp-post\" data-elementor-id=\"19973\" class=\"elementor elementor-19973\">\n\t\t\t\t\t\t<section class=\"elementor-section elementor-top-section elementor-element elementor-element-b05effe elementor-section-boxed elementor-section-height-default elementor-section-height-default\" data-id=\"b05effe\" data-element_type=\"section\">\n\t\t\t\t\t\t<div class=\"elementor-container elementor-column-gap-default\">\n\t\t\t\t\t<div class=\"elementor-column elementor-col-100 elementor-top-column elementor-element elementor-element-097bc9c\" data-id=\"097bc9c\" data-element_type=\"column\">\n\t\t\t<div class=\"elementor-widget-wrap elementor-element-populated\">\n\t\t\t\t\t\t<div class=\"elementor-element elementor-element-8d14d50 elementor-widget elementor-widget-text-editor\" data-id=\"8d14d50\" data-element_type=\"widget\" data-widget_type=\"text-editor.default\">\n\t\t\t\t<div class=\"elementor-widget-container\">\n\t\t\t<style>\/*! elementor - v3.23.0 - 05-08-2024 *\/\n.elementor-widget-text-editor.elementor-drop-cap-view-stacked .elementor-drop-cap{background-color:#69727d;color:#fff}.elementor-widget-text-editor.elementor-drop-cap-view-framed .elementor-drop-cap{color:#69727d;border:3px solid;background-color:transparent}.elementor-widget-text-editor:not(.elementor-drop-cap-view-default) .elementor-drop-cap{margin-top:8px}.elementor-widget-text-editor:not(.elementor-drop-cap-view-default) .elementor-drop-cap-letter{width:1em;height:1em}.elementor-widget-text-editor .elementor-drop-cap{float:left;text-align:center;line-height:1;font-size:50px}.elementor-widget-text-editor .elementor-drop-cap-letter{display:inline-block}<\/style>\t\t\t\t<h2 style=\"font-style: normal; font-variant-ligatures: normal; font-variant-caps: normal; letter-spacing: normal;\"><span style=\"color: #cc3524;\">\u00a1Ma\u00f1ana de tradiciones alemanas con la llegada de Sankt Nikolaus!<\/span><\/h2><p style=\"font-style: normal; font-variant-ligatures: normal; font-variant-caps: normal; font-weight: 400; font-size: 15px; font-family: Roboto, -apple-system, BlinkMacSystemFont, 'Segoe UI', Roboto, Oxygen-Sans, Ubuntu, Cantarell, 'Helvetica Neue', sans-serif;\">\u00a1La Navidad es una de las \u00e9pocas m\u00e1s lindas del a\u00f1o y en Alemania se celebra con especial alegr\u00eda! Por eso, nuestros estudiantes de Kindergarten y Primaria disfrutaron ayer, 6 de diciembre, de la llegada de Sankt Nikolaus y del Desayuno Navide\u00f1o, en una ma\u00f1ana llena de magia en nuestro Colegio Alem\u00e1n de Barranquilla.<\/p><p style=\"font-style: normal; font-variant-ligatures: normal; font-variant-caps: normal; font-weight: 400; font-size: 15px; font-family: Roboto, -apple-system, BlinkMacSystemFont, 'Segoe UI', Roboto, Oxygen-Sans, Ubuntu, Cantarell, 'Helvetica Neue', sans-serif;\"><span style=\"font-weight: bold;\">Visita de Sankt Nikolaus<\/span><br \/>La celebraci\u00f3n de Sankt Nikolaus comenz\u00f3 d\u00edas antes, con la complicidad de nuestros padres de familia; los Directores de Grupo recibieron, con anticipaci\u00f3n y en secreto, un zapato de cada ni\u00f1o con dulces y detalles para su relleno. Mientras tanto, todos decoraron las aulas, limpiaron el zapato y trabajaron durante la semana en actividades alusivas a este evento.<\/p><p style=\"font-style: normal; font-variant-ligatures: normal; font-variant-caps: normal; font-weight: 400; font-size: 15px; font-family: Roboto, -apple-system, BlinkMacSystemFont, 'Segoe UI', Roboto, Oxygen-Sans, Ubuntu, Cantarell, 'Helvetica Neue', sans-serif;\">Ayer, los docentes organizaron la sorpresa final y los estudiantes, despu\u00e9s de saludar a Sankt Nikolaus durante su visita simb\u00f3lica, encontraron su zapato lleno con los obsequios que les hab\u00eda tra\u00eddo este santo por haberse portado bien durante todo el a\u00f1o.<\/p>\t\t\t\t\t\t<\/div>\n\t\t\t\t<\/div>\n\t\t\t\t\t<\/div>\n\t\t<\/div>\n\t\t\t\t\t<\/div>\n\t\t<\/section>\n\t\t\t\t<section class=\"elementor-section elementor-top-section elementor-element elementor-element-fb302b2 elementor-section-boxed elementor-section-height-default elementor-section-height-default\" data-id=\"fb302b2\" data-element_type=\"section\">\n\t\t\t\t\t\t<div class=\"elementor-container elementor-column-gap-default\">\n\t\t\t\t\t<div class=\"elementor-column elementor-col-50 elementor-top-column elementor-element elementor-element-737e37f\" data-id=\"737e37f\" data-element_type=\"column\">\n\t\t\t<div class=\"elementor-widget-wrap elementor-element-populated\">\n\t\t\t\t\t\t<div class=\"elementor-element elementor-element-16a8b39 elementor-widget elementor-widget-image\" data-id=\"16a8b39\" data-element_type=\"widget\" data-widget_type=\"image.default\">\n\t\t\t\t<div class=\"elementor-widget-container\">\n\t\t\t<style>\/*! elementor - v3.23.0 - 05-08-2024 *\/\n.elementor-widget-image{text-align:center}.elementor-widget-image a{display:inline-block}.elementor-widget-image a img[src$=\".svg\"]{width:48px}.elementor-widget-image img{vertical-align:middle;display:inline-block}<\/style>\t\t\t\t\t\t\t\t\t\t<img fetchpriority=\"high\" decoding=\"async\" width=\"768\" height=\"512\" src=\"https:\/\/ds-barranquilla.org\/wp-content\/uploads\/2022\/12\/Nikolaus3-768x512.jpg\" class=\"attachment-medium_large size-medium_large wp-image-19978\" alt=\"\" srcset=\"https:\/\/ds-barranquilla.org\/wp-content\/uploads\/2022\/12\/Nikolaus3-768x512.jpg 768w, https:\/\/ds-barranquilla.org\/wp-content\/uploads\/2022\/12\/Nikolaus3-300x200.jpg 300w, https:\/\/ds-barranquilla.org\/wp-content\/uploads\/2022\/12\/Nikolaus3-1024x683.jpg 1024w, https:\/\/ds-barranquilla.org\/wp-content\/uploads\/2022\/12\/Nikolaus3-391x260.jpg 391w, https:\/\/ds-barranquilla.org\/wp-content\/uploads\/2022\/12\/Nikolaus3-1536x1025.jpg 1536w, https:\/\/ds-barranquilla.org\/wp-content\/uploads\/2022\/12\/Nikolaus3-18x12.jpg 18w, https:\/\/ds-barranquilla.org\/wp-content\/uploads\/2022\/12\/Nikolaus3-219x146.jpg 219w, https:\/\/ds-barranquilla.org\/wp-content\/uploads\/2022\/12\/Nikolaus3-50x33.jpg 50w, https:\/\/ds-barranquilla.org\/wp-content\/uploads\/2022\/12\/Nikolaus3-112x75.jpg 112w, https:\/\/ds-barranquilla.org\/wp-content\/uploads\/2022\/12\/Nikolaus3-800x534.jpg 800w, https:\/\/ds-barranquilla.org\/wp-content\/uploads\/2022\/12\/Nikolaus3.jpg 2048w\" sizes=\"(max-width:767px) 480px, (max-width:768px) 100vw, 768px\" \/>\t\t\t\t\t\t\t\t\t\t\t\t\t<\/div>\n\t\t\t\t<\/div>\n\t\t\t\t\t<\/div>\n\t\t<\/div>\n\t\t\t\t<div class=\"elementor-column elementor-col-50 elementor-top-column elementor-element elementor-element-168d1ee\" data-id=\"168d1ee\" data-element_type=\"column\">\n\t\t\t<div class=\"elementor-widget-wrap elementor-element-populated\">\n\t\t\t\t\t\t<div class=\"elementor-element elementor-element-de362e4 elementor-widget elementor-widget-image\" data-id=\"de362e4\" data-element_type=\"widget\" data-widget_type=\"image.default\">\n\t\t\t\t<div class=\"elementor-widget-container\">\n\t\t\t\t\t\t\t\t\t\t\t\t\t<img decoding=\"async\" width=\"768\" height=\"512\" src=\"https:\/\/ds-barranquilla.org\/wp-content\/uploads\/2022\/12\/Nikolaus2-768x512.jpg\" class=\"attachment-medium_large size-medium_large wp-image-19979\" alt=\"\" srcset=\"https:\/\/ds-barranquilla.org\/wp-content\/uploads\/2022\/12\/Nikolaus2-768x512.jpg 768w, https:\/\/ds-barranquilla.org\/wp-content\/uploads\/2022\/12\/Nikolaus2-300x200.jpg 300w, https:\/\/ds-barranquilla.org\/wp-content\/uploads\/2022\/12\/Nikolaus2-1024x683.jpg 1024w, https:\/\/ds-barranquilla.org\/wp-content\/uploads\/2022\/12\/Nikolaus2-391x260.jpg 391w, https:\/\/ds-barranquilla.org\/wp-content\/uploads\/2022\/12\/Nikolaus2-1536x1025.jpg 1536w, https:\/\/ds-barranquilla.org\/wp-content\/uploads\/2022\/12\/Nikolaus2-18x12.jpg 18w, https:\/\/ds-barranquilla.org\/wp-content\/uploads\/2022\/12\/Nikolaus2-219x146.jpg 219w, https:\/\/ds-barranquilla.org\/wp-content\/uploads\/2022\/12\/Nikolaus2-50x33.jpg 50w, https:\/\/ds-barranquilla.org\/wp-content\/uploads\/2022\/12\/Nikolaus2-112x75.jpg 112w, https:\/\/ds-barranquilla.org\/wp-content\/uploads\/2022\/12\/Nikolaus2-800x534.jpg 800w, https:\/\/ds-barranquilla.org\/wp-content\/uploads\/2022\/12\/Nikolaus2.jpg 2048w\" sizes=\"(max-width:767px) 480px, (max-width:768px) 100vw, 768px\" \/>\t\t\t\t\t\t\t\t\t\t\t\t\t<\/div>\n\t\t\t\t<\/div>\n\t\t\t\t\t<\/div>\n\t\t<\/div>\n\t\t\t\t\t<\/div>\n\t\t<\/section>\n\t\t\t\t<section class=\"elementor-section elementor-top-section elementor-element elementor-element-adce163 elementor-section-boxed elementor-section-height-default elementor-section-height-default\" data-id=\"adce163\" data-element_type=\"section\">\n\t\t\t\t\t\t<div class=\"elementor-container elementor-column-gap-default\">\n\t\t\t\t\t<div class=\"elementor-column elementor-col-100 elementor-top-column elementor-element elementor-element-1c53ac4\" data-id=\"1c53ac4\" data-element_type=\"column\">\n\t\t\t<div class=\"elementor-widget-wrap elementor-element-populated\">\n\t\t\t\t\t\t<div class=\"elementor-element elementor-element-7480953 elementor-widget elementor-widget-text-editor\" data-id=\"7480953\" data-element_type=\"widget\" data-widget_type=\"text-editor.default\">\n\t\t\t\t<div class=\"elementor-widget-container\">\n\t\t\t\t\t\t\t<p style=\"font-style: normal; font-variant-ligatures: normal; font-variant-caps: normal; font-weight: 400; font-size: 15px; font-family: Roboto, -apple-system, BlinkMacSystemFont, 'Segoe UI', Roboto, Oxygen-Sans, Ubuntu, Cantarell, 'Helvetica Neue', sans-serif;\"><span style=\"font-weight: bold;\">Desayuno de Navidad<br \/><\/span>El pre\u00e1mbulo ideal para recibir esta sorpresa fue el tradicional Desayuno Navide\u00f1o al estilo alem\u00e1n liderado por el\u00a0<a href=\"https:\/\/ds-barranquilla.org\/de\/grupo-verde\/\" target=\"_blank\" rel=\"noopener\">Grupo Verde.<\/a>\u00a0Nuestros estudiantes de las mismas secciones recibieron una cajita que inclu\u00eda una salchicha alemana, un croissant, una fruta, un dulce navide\u00f1o y una sorpresa para decorar sus \u00e1rboles en casa.<\/p><p style=\"font-style: normal; font-variant-ligatures: normal; font-variant-caps: normal; font-weight: 400; font-size: 15px; font-family: Roboto, -apple-system, BlinkMacSystemFont, 'Segoe UI', Roboto, Oxygen-Sans, Ubuntu, Cantarell, 'Helvetica Neue', sans-serif;\"><span style=\"letter-spacing: 0px;\">Durante la pausa pudieron comer estas delicias con sus compa\u00f1eros mientras escuchaban villancicos y aprend\u00edan sobre la importancia de compartir, especialmente durante la Navidad.<\/span><\/p>\t\t\t\t\t\t<\/div>\n\t\t\t\t<\/div>\n\t\t\t\t\t<\/div>\n\t\t<\/div>\n\t\t\t\t\t<\/div>\n\t\t<\/section>\n\t\t\t\t<section class=\"elementor-section elementor-top-section elementor-element elementor-element-210252a elementor-section-boxed elementor-section-height-default elementor-section-height-default\" data-id=\"210252a\" data-element_type=\"section\">\n\t\t\t\t\t\t<div class=\"elementor-container elementor-column-gap-default\">\n\t\t\t\t\t<div class=\"elementor-column elementor-col-50 elementor-top-column elementor-element elementor-element-aa19b00\" data-id=\"aa19b00\" data-element_type=\"column\">\n\t\t\t<div class=\"elementor-widget-wrap elementor-element-populated\">\n\t\t\t\t\t\t<div class=\"elementor-element elementor-element-3a319e2 elementor-widget elementor-widget-image\" data-id=\"3a319e2\" data-element_type=\"widget\" data-widget_type=\"image.default\">\n\t\t\t\t<div class=\"elementor-widget-container\">\n\t\t\t\t\t\t\t\t\t\t\t\t\t<img decoding=\"async\" width=\"768\" height=\"512\" src=\"https:\/\/ds-barranquilla.org\/wp-content\/uploads\/2022\/12\/Desayuno3-768x512.jpg\" class=\"attachment-medium_large size-medium_large wp-image-19981\" alt=\"\" srcset=\"https:\/\/ds-barranquilla.org\/wp-content\/uploads\/2022\/12\/Desayuno3-768x512.jpg 768w, https:\/\/ds-barranquilla.org\/wp-content\/uploads\/2022\/12\/Desayuno3-300x200.jpg 300w, https:\/\/ds-barranquilla.org\/wp-content\/uploads\/2022\/12\/Desayuno3-1024x683.jpg 1024w, https:\/\/ds-barranquilla.org\/wp-content\/uploads\/2022\/12\/Desayuno3-391x260.jpg 391w, https:\/\/ds-barranquilla.org\/wp-content\/uploads\/2022\/12\/Desayuno3-18x12.jpg 18w, https:\/\/ds-barranquilla.org\/wp-content\/uploads\/2022\/12\/Desayuno3-219x146.jpg 219w, https:\/\/ds-barranquilla.org\/wp-content\/uploads\/2022\/12\/Desayuno3-50x33.jpg 50w, https:\/\/ds-barranquilla.org\/wp-content\/uploads\/2022\/12\/Desayuno3-113x75.jpg 113w, https:\/\/ds-barranquilla.org\/wp-content\/uploads\/2022\/12\/Desayuno3-800x533.jpg 800w, https:\/\/ds-barranquilla.org\/wp-content\/uploads\/2022\/12\/Desayuno3.jpg 1440w\" sizes=\"(max-width:767px) 480px, (max-width:768px) 100vw, 768px\" \/>\t\t\t\t\t\t\t\t\t\t\t\t\t<\/div>\n\t\t\t\t<\/div>\n\t\t\t\t\t<\/div>\n\t\t<\/div>\n\t\t\t\t<div class=\"elementor-column elementor-col-50 elementor-top-column elementor-element elementor-element-f24750b\" data-id=\"f24750b\" data-element_type=\"column\">\n\t\t\t<div class=\"elementor-widget-wrap elementor-element-populated\">\n\t\t\t\t\t\t<div class=\"elementor-element elementor-element-8a011f1 elementor-widget elementor-widget-image\" data-id=\"8a011f1\" data-element_type=\"widget\" data-widget_type=\"image.default\">\n\t\t\t\t<div class=\"elementor-widget-container\">\n\t\t\t\t\t\t\t\t\t\t\t\t\t<img loading=\"lazy\" decoding=\"async\" width=\"768\" height=\"512\" src=\"https:\/\/ds-barranquilla.org\/wp-content\/uploads\/2022\/12\/Desayuno1-768x512.jpg\" class=\"attachment-medium_large size-medium_large wp-image-19982\" alt=\"\" srcset=\"https:\/\/ds-barranquilla.org\/wp-content\/uploads\/2022\/12\/Desayuno1-768x512.jpg 768w, https:\/\/ds-barranquilla.org\/wp-content\/uploads\/2022\/12\/Desayuno1-300x200.jpg 300w, https:\/\/ds-barranquilla.org\/wp-content\/uploads\/2022\/12\/Desayuno1-1024x683.jpg 1024w, https:\/\/ds-barranquilla.org\/wp-content\/uploads\/2022\/12\/Desayuno1-391x260.jpg 391w, https:\/\/ds-barranquilla.org\/wp-content\/uploads\/2022\/12\/Desayuno1-18x12.jpg 18w, https:\/\/ds-barranquilla.org\/wp-content\/uploads\/2022\/12\/Desayuno1-219x146.jpg 219w, https:\/\/ds-barranquilla.org\/wp-content\/uploads\/2022\/12\/Desayuno1-50x33.jpg 50w, https:\/\/ds-barranquilla.org\/wp-content\/uploads\/2022\/12\/Desayuno1-113x75.jpg 113w, https:\/\/ds-barranquilla.org\/wp-content\/uploads\/2022\/12\/Desayuno1-800x533.jpg 800w, https:\/\/ds-barranquilla.org\/wp-content\/uploads\/2022\/12\/Desayuno1.jpg 1440w\" sizes=\"(max-width:767px) 480px, (max-width:768px) 100vw, 768px\" \/>\t\t\t\t\t\t\t\t\t\t\t\t\t<\/div>\n\t\t\t\t<\/div>\n\t\t\t\t\t<\/div>\n\t\t<\/div>\n\t\t\t\t\t<\/div>\n\t\t<\/section>\n\t\t\t\t<section class=\"elementor-section elementor-top-section elementor-element elementor-element-6af6ec5 elementor-section-boxed elementor-section-height-default elementor-section-height-default\" data-id=\"6af6ec5\" data-element_type=\"section\">\n\t\t\t\t\t\t<div class=\"elementor-container elementor-column-gap-default\">\n\t\t\t\t\t<div class=\"elementor-column elementor-col-100 elementor-top-column elementor-element elementor-element-436b7a7\" data-id=\"436b7a7\" data-element_type=\"column\">\n\t\t\t<div class=\"elementor-widget-wrap elementor-element-populated\">\n\t\t\t\t\t\t<div class=\"elementor-element elementor-element-62029f0 elementor-widget elementor-widget-text-editor\" data-id=\"62029f0\" data-element_type=\"widget\" data-widget_type=\"text-editor.default\">\n\t\t\t\t<div class=\"elementor-widget-container\">\n\t\t\t\t\t\t\t<p style=\"font-style: normal; font-variant-ligatures: normal; font-variant-caps: normal; font-weight: 400; font-size: 15px; font-family: Roboto, -apple-system, BlinkMacSystemFont, 'Segoe UI', Roboto, Oxygen-Sans, Ubuntu, Cantarell, 'Helvetica Neue', sans-serif;\"><span style=\"font-weight: bold;\">\u00bfQui\u00e9n fue Sankt Nikolaus?<br><\/span><span style=\"letter-spacing: 0px;\">La Navidad alemana comienza con la llegada de Sankt Nikolaus cada 6 de diciembre. Los ni\u00f1os alemanes ponen sus botas fuera de la puerta de sus casas en la v\u00edspera del 6, para que, por la noche, mientras duermen, Sankt Nikolaus las llene con chocolates, frutas, nueces y regalos.<\/span><\/p>\n<p style=\"font-style: normal; font-variant-ligatures: normal; font-variant-caps: normal; font-weight: 400; font-size: 15px; font-family: Roboto, -apple-system, BlinkMacSystemFont, 'Segoe UI', Roboto, Oxygen-Sans, Ubuntu, Cantarell, 'Helvetica Neue', sans-serif;\"><span style=\"letter-spacing: 0px;\">Sankt Nikolaus es uno de los santos m\u00e1s populares de la Iglesia Cat\u00f3lica, porque se dice que distribuy\u00f3 toda su herencia entre los pobres durante la persecuci\u00f3n de los cristianos; tambi\u00e9n se cree que apareci\u00f3 y ayud\u00f3 a los marineros en tiempos de angustia y que fue especialmente amable con los ni\u00f1os. En Rusia incluso se le llama &#8220;\u00e1ngel en la tierra&#8221; y &#8220;salvador del mundo&#8221;.<\/span><\/p>\n<p style=\"font-style: normal; font-variant-ligatures: normal; font-variant-caps: normal; font-weight: 400; font-size: 15px; font-family: Roboto, -apple-system, BlinkMacSystemFont, 'Segoe UI', Roboto, Oxygen-Sans, Ubuntu, Cantarell, 'Helvetica Neue', sans-serif;\"><span style=\"letter-spacing: 0px;\">Por consiguiente, en Alemania el d\u00eda de Sankt Nikolaus se celebra en memoria de San Nicol\u00e1s de Myra. La historia dice que muri\u00f3 el 6 de diciembre. Por eso, desde la Edad Media se convirti\u00f3 en una tradici\u00f3n dar regalos a los ni\u00f1os y a la gente pobre durante esta fecha.<\/span><\/p>\n<p style=\"font-style: normal; font-variant-ligatures: normal; font-variant-caps: normal; font-weight: 400; font-size: 15px; font-family: Roboto, -apple-system, BlinkMacSystemFont, 'Segoe UI', Roboto, Oxygen-Sans, Ubuntu, Cantarell, 'Helvetica Neue', sans-serif;\">Sin embargo, en muchas partes de Alemania Sankt Nikolaus viene acompa\u00f1ado por un servidor llamado Knecht Ruprecht, el cual puede resultarles a los ni\u00f1os un poco aterrador, ya que, si llegasen a no haberse portado bien, se encargar\u00e1 de asustarlos.<\/p>\n<p style=\"font-style: normal; font-variant-ligatures: normal; font-variant-caps: normal; font-weight: 400; font-size: 15px; font-family: Roboto, -apple-system, BlinkMacSystemFont, 'Segoe UI', Roboto, Oxygen-Sans, Ubuntu, Cantarell, 'Helvetica Neue', sans-serif;\"><a href=\"https:\/\/www.facebook.com\/media\/set\/?set=a.641263541093313&amp;type=3\" target=\"_blank\" rel=\"noopener\">Pueden encontrar muchas m\u00e1s fotos en Facebook.<\/a><\/p>\t\t\t\t\t\t<\/div>\n\t\t\t\t<\/div>\n\t\t\t\t\t<\/div>\n\t\t<\/div>\n\t\t\t\t\t<\/div>\n\t\t<\/section>\n\t\t\t\t<section class=\"elementor-section elementor-top-section elementor-element elementor-element-3e42f56 elementor-section-boxed elementor-section-height-default elementor-section-height-default\" data-id=\"3e42f56\" data-element_type=\"section\">\n\t\t\t\t\t\t<div class=\"elementor-container elementor-column-gap-default\">\n\t\t\t\t\t<div class=\"elementor-column elementor-col-50 elementor-top-column elementor-element elementor-element-49380a2\" data-id=\"49380a2\" data-element_type=\"column\">\n\t\t\t<div class=\"elementor-widget-wrap elementor-element-populated\">\n\t\t\t\t\t\t<div class=\"elementor-element elementor-element-3fd96f6 elementor-widget elementor-widget-image\" data-id=\"3fd96f6\" data-element_type=\"widget\" data-widget_type=\"image.default\">\n\t\t\t\t<div class=\"elementor-widget-container\">\n\t\t\t\t\t\t\t\t\t\t\t\t\t<img loading=\"lazy\" decoding=\"async\" width=\"768\" height=\"512\" src=\"https:\/\/ds-barranquilla.org\/wp-content\/uploads\/2022\/12\/Nikolaus5-768x512.jpg\" class=\"attachment-medium_large size-medium_large wp-image-19983\" alt=\"\" srcset=\"https:\/\/ds-barranquilla.org\/wp-content\/uploads\/2022\/12\/Nikolaus5-768x512.jpg 768w, https:\/\/ds-barranquilla.org\/wp-content\/uploads\/2022\/12\/Nikolaus5-300x200.jpg 300w, https:\/\/ds-barranquilla.org\/wp-content\/uploads\/2022\/12\/Nikolaus5-1024x683.jpg 1024w, https:\/\/ds-barranquilla.org\/wp-content\/uploads\/2022\/12\/Nikolaus5-391x260.jpg 391w, https:\/\/ds-barranquilla.org\/wp-content\/uploads\/2022\/12\/Nikolaus5-1536x1025.jpg 1536w, https:\/\/ds-barranquilla.org\/wp-content\/uploads\/2022\/12\/Nikolaus5-18x12.jpg 18w, https:\/\/ds-barranquilla.org\/wp-content\/uploads\/2022\/12\/Nikolaus5-219x146.jpg 219w, https:\/\/ds-barranquilla.org\/wp-content\/uploads\/2022\/12\/Nikolaus5-50x33.jpg 50w, https:\/\/ds-barranquilla.org\/wp-content\/uploads\/2022\/12\/Nikolaus5-112x75.jpg 112w, https:\/\/ds-barranquilla.org\/wp-content\/uploads\/2022\/12\/Nikolaus5-800x534.jpg 800w, https:\/\/ds-barranquilla.org\/wp-content\/uploads\/2022\/12\/Nikolaus5.jpg 2048w\" sizes=\"(max-width:767px) 480px, (max-width:768px) 100vw, 768px\" \/>\t\t\t\t\t\t\t\t\t\t\t\t\t<\/div>\n\t\t\t\t<\/div>\n\t\t\t\t\t<\/div>\n\t\t<\/div>\n\t\t\t\t<div class=\"elementor-column elementor-col-50 elementor-top-column elementor-element elementor-element-83acc3d\" data-id=\"83acc3d\" data-element_type=\"column\">\n\t\t\t<div class=\"elementor-widget-wrap elementor-element-populated\">\n\t\t\t\t\t\t<div class=\"elementor-element elementor-element-a6911f3 elementor-widget elementor-widget-image\" data-id=\"a6911f3\" data-element_type=\"widget\" data-widget_type=\"image.default\">\n\t\t\t\t<div class=\"elementor-widget-container\">\n\t\t\t\t\t\t\t\t\t\t\t\t\t<img loading=\"lazy\" decoding=\"async\" width=\"768\" height=\"512\" src=\"https:\/\/ds-barranquilla.org\/wp-content\/uploads\/2022\/12\/Nikolaus4-768x512.jpg\" class=\"attachment-medium_large size-medium_large wp-image-19980\" alt=\"\" srcset=\"https:\/\/ds-barranquilla.org\/wp-content\/uploads\/2022\/12\/Nikolaus4-768x512.jpg 768w, https:\/\/ds-barranquilla.org\/wp-content\/uploads\/2022\/12\/Nikolaus4-300x200.jpg 300w, https:\/\/ds-barranquilla.org\/wp-content\/uploads\/2022\/12\/Nikolaus4-1024x683.jpg 1024w, https:\/\/ds-barranquilla.org\/wp-content\/uploads\/2022\/12\/Nikolaus4-391x260.jpg 391w, https:\/\/ds-barranquilla.org\/wp-content\/uploads\/2022\/12\/Nikolaus4-1536x1025.jpg 1536w, https:\/\/ds-barranquilla.org\/wp-content\/uploads\/2022\/12\/Nikolaus4-18x12.jpg 18w, https:\/\/ds-barranquilla.org\/wp-content\/uploads\/2022\/12\/Nikolaus4-219x146.jpg 219w, https:\/\/ds-barranquilla.org\/wp-content\/uploads\/2022\/12\/Nikolaus4-50x33.jpg 50w, https:\/\/ds-barranquilla.org\/wp-content\/uploads\/2022\/12\/Nikolaus4-112x75.jpg 112w, https:\/\/ds-barranquilla.org\/wp-content\/uploads\/2022\/12\/Nikolaus4-800x534.jpg 800w, https:\/\/ds-barranquilla.org\/wp-content\/uploads\/2022\/12\/Nikolaus4.jpg 2048w\" sizes=\"(max-width:767px) 480px, (max-width:768px) 100vw, 768px\" \/>\t\t\t\t\t\t\t\t\t\t\t\t\t<\/div>\n\t\t\t\t<\/div>\n\t\t\t\t\t<\/div>\n\t\t<\/div>\n\t\t\t\t\t<\/div>\n\t\t<\/section>\n\t\t\t\t<section class=\"elementor-section elementor-top-section elementor-element elementor-element-edd6e5e elementor-section-boxed elementor-section-height-default elementor-section-height-default\" data-id=\"edd6e5e\" data-element_type=\"section\">\n\t\t\t\t\t\t<div class=\"elementor-container elementor-column-gap-default\">\n\t\t\t\t\t<div class=\"elementor-column elementor-col-100 elementor-top-column elementor-element elementor-element-c0fbe4e\" data-id=\"c0fbe4e\" data-element_type=\"column\">\n\t\t\t<div class=\"elementor-widget-wrap\">\n\t\t\t\t\t\t\t<\/div>\n\t\t<\/div>\n\t\t\t\t\t<\/div>\n\t\t<\/section>\n\t\t\t\t<\/div>","protected":false},"excerpt":{"rendered":"<p>\u00a1Ma\u00f1ana de tradiciones alemanas con la llegada de Sankt Nikolaus! \u00a1La Navidad es una de las \u00e9pocas m\u00e1s lindas del a\u00f1o y en Alemania se celebra<span class=\"excerpt-hellip\"> [\u2026]<\/span><\/p>","protected":false},"author":16,"featured_media":19977,"comment_status":"open","ping_status":"open","sticky":false,"template":"","format":"standard","meta":{"_exactmetrics_skip_tracking":false,"_exactmetrics_sitenote_active":false,"_exactmetrics_sitenote_note":"","_exactmetrics_sitenote_category":0,"_joinchat":[],"footnotes":""},"categories":[672,673,677,676],"tags":[],"class_list":["post-19973","post","type-post","status-publish","format-standard","has-post-thumbnail","hentry","category-672","category-area-de-aleman","category-kindergarten","category-primaria"],"yoast_head":"<!-- This site is optimized with the Yoast SEO plugin v23.3 - https:\/\/yoast.com\/wordpress\/plugins\/seo\/ -->\n<title>\u00a1Ma\u00f1ana de tradiciones alemanas con la llegada de Sankt Nikolaus! - 2026<\/title>\n<meta name=\"robots\" content=\"noindex, follow, max-snippet:-1, max-image-preview:large, max-video-preview:-1\" \/>\n<meta property=\"og:locale\" content=\"de_DE\" \/>\n<meta property=\"og:type\" content=\"article\" \/>\n<meta property=\"og:title\" content=\"\u00a1Ma\u00f1ana de tradiciones alemanas con la llegada de Sankt Nikolaus! - 2026\" \/>\n<meta property=\"og:description\" content=\"\u00a1Ma\u00f1ana de tradiciones alemanas con la llegada de Sankt Nikolaus! \u00a1La Navidad es una de las \u00e9pocas m\u00e1s lindas del a\u00f1o y en Alemania se celebra [\u2026]\" \/>\n<meta property=\"og:url\" content=\"https:\/\/ds-barranquilla.org\/de\/manana-de-tradiciones-alemanas-con-la-llegada-de-sankt-nikolaus\/\" \/>\n<meta property=\"og:site_name\" content=\"Colegio Alem\u00e1n - Los Mejores Colegios de Colombia - Colegio Triling\u00fce\" \/>\n<meta property=\"article:publisher\" content=\"https:\/\/www.facebook.com\/ColegioAlemanBaq\/\" \/>\n<meta property=\"article:published_time\" content=\"2022-12-07T14:01:52+00:00\" \/>\n<meta property=\"article:modified_time\" content=\"2022-12-07T14:23:53+00:00\" \/>\n<meta property=\"og:image\" content=\"https:\/\/ds-barranquilla.org\/wp-content\/uploads\/2022\/12\/Nikolaus1.jpg\" \/>\n\t<meta property=\"og:image:width\" content=\"2048\" \/>\n\t<meta property=\"og:image:height\" content=\"840\" \/>\n\t<meta property=\"og:image:type\" content=\"image\/jpeg\" \/>\n<meta name=\"author\" content=\"Comunicaciones Comunicaciones\" \/>\n<meta name=\"twitter:card\" content=\"summary_large_image\" \/>\n<meta name=\"twitter:creator\" content=\"@ColegioAlemanBq\" \/>\n<meta name=\"twitter:site\" content=\"@ColegioAlemanBq\" \/>\n<meta name=\"twitter:label1\" content=\"Verfasst von\" \/>\n\t<meta name=\"twitter:data1\" content=\"Comunicaciones Comunicaciones\" \/>\n\t<meta name=\"twitter:label2\" content=\"Gesch\u00e4tzte Lesezeit\" \/>\n\t<meta name=\"twitter:data2\" content=\"2\u00a0Minuten\" \/>\n<script type=\"application\/ld+json\" class=\"yoast-schema-graph\">{\"@context\":\"https:\/\/schema.org\",\"@graph\":[{\"@type\":\"Article\",\"@id\":\"https:\/\/ds-barranquilla.org\/manana-de-tradiciones-alemanas-con-la-llegada-de-sankt-nikolaus\/#article\",\"isPartOf\":{\"@id\":\"https:\/\/ds-barranquilla.org\/manana-de-tradiciones-alemanas-con-la-llegada-de-sankt-nikolaus\/\"},\"author\":{\"name\":\"Comunicaciones Comunicaciones\",\"@id\":\"https:\/\/ds-barranquilla.org\/#\/schema\/person\/7bf8790ba89d3480e0551241ccdc8d36\"},\"headline\":\"\u00a1Ma\u00f1ana de tradiciones alemanas con la llegada de Sankt Nikolaus!\",\"datePublished\":\"2022-12-07T14:01:52+00:00\",\"dateModified\":\"2022-12-07T14:23:53+00:00\",\"mainEntityOfPage\":{\"@id\":\"https:\/\/ds-barranquilla.org\/manana-de-tradiciones-alemanas-con-la-llegada-de-sankt-nikolaus\/\"},\"wordCount\":504,\"commentCount\":0,\"publisher\":{\"@id\":\"https:\/\/ds-barranquilla.org\/#organization\"},\"image\":{\"@id\":\"https:\/\/ds-barranquilla.org\/manana-de-tradiciones-alemanas-con-la-llegada-de-sankt-nikolaus\/#primaryimage\"},\"thumbnailUrl\":\"https:\/\/ds-barranquilla.org\/wp-content\/uploads\/2022\/12\/Nikolaus1.jpg\",\"articleSection\":[\"2022\",\"\u00c1rea de Alem\u00e1n\",\"Kindergarten\",\"Primaria\"],\"inLanguage\":\"de\",\"potentialAction\":[{\"@type\":\"CommentAction\",\"name\":\"Comment\",\"target\":[\"https:\/\/ds-barranquilla.org\/manana-de-tradiciones-alemanas-con-la-llegada-de-sankt-nikolaus\/#respond\"]}]},{\"@type\":\"WebPage\",\"@id\":\"https:\/\/ds-barranquilla.org\/manana-de-tradiciones-alemanas-con-la-llegada-de-sankt-nikolaus\/\",\"url\":\"https:\/\/ds-barranquilla.org\/manana-de-tradiciones-alemanas-con-la-llegada-de-sankt-nikolaus\/\",\"name\":\"\u00a1Ma\u00f1ana de tradiciones alemanas con la llegada de Sankt Nikolaus! - 2026\",\"isPartOf\":{\"@id\":\"https:\/\/ds-barranquilla.org\/#website\"},\"primaryImageOfPage\":{\"@id\":\"https:\/\/ds-barranquilla.org\/manana-de-tradiciones-alemanas-con-la-llegada-de-sankt-nikolaus\/#primaryimage\"},\"image\":{\"@id\":\"https:\/\/ds-barranquilla.org\/manana-de-tradiciones-alemanas-con-la-llegada-de-sankt-nikolaus\/#primaryimage\"},\"thumbnailUrl\":\"https:\/\/ds-barranquilla.org\/wp-content\/uploads\/2022\/12\/Nikolaus1.jpg\",\"datePublished\":\"2022-12-07T14:01:52+00:00\",\"dateModified\":\"2022-12-07T14:23:53+00:00\",\"breadcrumb\":{\"@id\":\"https:\/\/ds-barranquilla.org\/manana-de-tradiciones-alemanas-con-la-llegada-de-sankt-nikolaus\/#breadcrumb\"},\"inLanguage\":\"de\",\"potentialAction\":[{\"@type\":\"ReadAction\",\"target\":[\"https:\/\/ds-barranquilla.org\/manana-de-tradiciones-alemanas-con-la-llegada-de-sankt-nikolaus\/\"]}]},{\"@type\":\"ImageObject\",\"inLanguage\":\"de\",\"@id\":\"https:\/\/ds-barranquilla.org\/manana-de-tradiciones-alemanas-con-la-llegada-de-sankt-nikolaus\/#primaryimage\",\"url\":\"https:\/\/ds-barranquilla.org\/wp-content\/uploads\/2022\/12\/Nikolaus1.jpg\",\"contentUrl\":\"https:\/\/ds-barranquilla.org\/wp-content\/uploads\/2022\/12\/Nikolaus1.jpg\",\"width\":2048,\"height\":840},{\"@type\":\"BreadcrumbList\",\"@id\":\"https:\/\/ds-barranquilla.org\/manana-de-tradiciones-alemanas-con-la-llegada-de-sankt-nikolaus\/#breadcrumb\",\"itemListElement\":[{\"@type\":\"ListItem\",\"position\":1,\"name\":\"Portada\",\"item\":\"https:\/\/ds-barranquilla.org\/\"},{\"@type\":\"ListItem\",\"position\":2,\"name\":\"\u00a1Ma\u00f1ana de tradiciones alemanas con la llegada de Sankt Nikolaus!\"}]},{\"@type\":\"WebSite\",\"@id\":\"https:\/\/ds-barranquilla.org\/#website\",\"url\":\"https:\/\/ds-barranquilla.org\/\",\"name\":\"Colegio Alem\u00e1n - Los Mejores Colegios de Colombia - Colegio Triling\u00fce\",\"description\":\"Colegio Alem\u00e1n  Barranquilla Colombia - Colegio Biling\u00fce - Triling\u00fce - El Mejor Colegio de Colombia\",\"publisher\":{\"@id\":\"https:\/\/ds-barranquilla.org\/#organization\"},\"potentialAction\":[{\"@type\":\"SearchAction\",\"target\":{\"@type\":\"EntryPoint\",\"urlTemplate\":\"https:\/\/ds-barranquilla.org\/?s={search_term_string}\"},\"query-input\":\"required name=search_term_string\"}],\"inLanguage\":\"de\"},{\"@type\":\"Organization\",\"@id\":\"https:\/\/ds-barranquilla.org\/#organization\",\"name\":\"Colegio Alem\u00e1n Barranquilla\",\"url\":\"https:\/\/ds-barranquilla.org\/\",\"logo\":{\"@type\":\"ImageObject\",\"inLanguage\":\"de\",\"@id\":\"https:\/\/ds-barranquilla.org\/#\/schema\/logo\/image\/\",\"url\":\"https:\/\/ds-barranquilla.org\/wp-content\/uploads\/2021\/05\/coleman_logo_2.png\",\"contentUrl\":\"https:\/\/ds-barranquilla.org\/wp-content\/uploads\/2021\/05\/coleman_logo_2.png\",\"width\":418,\"height\":307,\"caption\":\"Colegio Alem\u00e1n Barranquilla\"},\"image\":{\"@id\":\"https:\/\/ds-barranquilla.org\/#\/schema\/logo\/image\/\"},\"sameAs\":[\"https:\/\/www.facebook.com\/ColegioAlemanBaq\/\",\"https:\/\/x.com\/ColegioAlemanBq\",\"https:\/\/www.instagram.com\/colegioalemanbaq\/\",\"https:\/\/www.linkedin.com\/school\/deutsche-schule-barranquilla\/\",\"https:\/\/www.youtube.com\/channel\/UCOOGZQCVs6aYRqIWvSN5agQ\"]},{\"@type\":\"Person\",\"@id\":\"https:\/\/ds-barranquilla.org\/#\/schema\/person\/7bf8790ba89d3480e0551241ccdc8d36\",\"name\":\"Comunicaciones Comunicaciones\",\"image\":{\"@type\":\"ImageObject\",\"inLanguage\":\"de\",\"@id\":\"https:\/\/ds-barranquilla.org\/#\/schema\/person\/image\/\",\"url\":\"https:\/\/secure.gravatar.com\/avatar\/a66ba9484a4338d81d6bea750e595038?s=96&d=mm&r=g\",\"contentUrl\":\"https:\/\/secure.gravatar.com\/avatar\/a66ba9484a4338d81d6bea750e595038?s=96&d=mm&r=g\",\"caption\":\"Comunicaciones Comunicaciones\"}}]}<\/script>\n<!-- \/ Yoast SEO plugin. -->","yoast_head_json":{"title":"\u00a1Ma\u00f1ana de tradiciones alemanas con la llegada de Sankt Nikolaus! - 2026","robots":{"index":"noindex","follow":"follow","max-snippet":"max-snippet:-1","max-image-preview":"max-image-preview:large","max-video-preview":"max-video-preview:-1"},"og_locale":"de_DE","og_type":"article","og_title":"\u00a1Ma\u00f1ana de tradiciones alemanas con la llegada de Sankt Nikolaus! - 2026","og_description":"\u00a1Ma\u00f1ana de tradiciones alemanas con la llegada de Sankt Nikolaus! \u00a1La Navidad es una de las \u00e9pocas m\u00e1s lindas del a\u00f1o y en Alemania se celebra [\u2026]","og_url":"https:\/\/ds-barranquilla.org\/de\/manana-de-tradiciones-alemanas-con-la-llegada-de-sankt-nikolaus\/","og_site_name":"Colegio Alem\u00e1n - Los Mejores Colegios de Colombia - Colegio Triling\u00fce","article_publisher":"https:\/\/www.facebook.com\/ColegioAlemanBaq\/","article_published_time":"2022-12-07T14:01:52+00:00","article_modified_time":"2022-12-07T14:23:53+00:00","og_image":[{"width":2048,"height":840,"url":"https:\/\/ds-barranquilla.org\/wp-content\/uploads\/2022\/12\/Nikolaus1.jpg","type":"image\/jpeg"}],"author":"Comunicaciones Comunicaciones","twitter_card":"summary_large_image","twitter_creator":"@ColegioAlemanBq","twitter_site":"@ColegioAlemanBq","twitter_misc":{"Verfasst von":"Comunicaciones Comunicaciones","Gesch\u00e4tzte Lesezeit":"2\u00a0Minuten"},"schema":{"@context":"https:\/\/schema.org","@graph":[{"@type":"Article","@id":"https:\/\/ds-barranquilla.org\/manana-de-tradiciones-alemanas-con-la-llegada-de-sankt-nikolaus\/#article","isPartOf":{"@id":"https:\/\/ds-barranquilla.org\/manana-de-tradiciones-alemanas-con-la-llegada-de-sankt-nikolaus\/"},"author":{"name":"Comunicaciones Comunicaciones","@id":"https:\/\/ds-barranquilla.org\/#\/schema\/person\/7bf8790ba89d3480e0551241ccdc8d36"},"headline":"\u00a1Ma\u00f1ana de tradiciones alemanas con la llegada de Sankt Nikolaus!","datePublished":"2022-12-07T14:01:52+00:00","dateModified":"2022-12-07T14:23:53+00:00","mainEntityOfPage":{"@id":"https:\/\/ds-barranquilla.org\/manana-de-tradiciones-alemanas-con-la-llegada-de-sankt-nikolaus\/"},"wordCount":504,"commentCount":0,"publisher":{"@id":"https:\/\/ds-barranquilla.org\/#organization"},"image":{"@id":"https:\/\/ds-barranquilla.org\/manana-de-tradiciones-alemanas-con-la-llegada-de-sankt-nikolaus\/#primaryimage"},"thumbnailUrl":"https:\/\/ds-barranquilla.org\/wp-content\/uploads\/2022\/12\/Nikolaus1.jpg","articleSection":["2022","\u00c1rea de Alem\u00e1n","Kindergarten","Primaria"],"inLanguage":"de","potentialAction":[{"@type":"CommentAction","name":"Comment","target":["https:\/\/ds-barranquilla.org\/manana-de-tradiciones-alemanas-con-la-llegada-de-sankt-nikolaus\/#respond"]}]},{"@type":"WebPage","@id":"https:\/\/ds-barranquilla.org\/manana-de-tradiciones-alemanas-con-la-llegada-de-sankt-nikolaus\/","url":"https:\/\/ds-barranquilla.org\/manana-de-tradiciones-alemanas-con-la-llegada-de-sankt-nikolaus\/","name":"\u00a1Ma\u00f1ana de tradiciones alemanas con la llegada de Sankt Nikolaus! - 2026","isPartOf":{"@id":"https:\/\/ds-barranquilla.org\/#website"},"primaryImageOfPage":{"@id":"https:\/\/ds-barranquilla.org\/manana-de-tradiciones-alemanas-con-la-llegada-de-sankt-nikolaus\/#primaryimage"},"image":{"@id":"https:\/\/ds-barranquilla.org\/manana-de-tradiciones-alemanas-con-la-llegada-de-sankt-nikolaus\/#primaryimage"},"thumbnailUrl":"https:\/\/ds-barranquilla.org\/wp-content\/uploads\/2022\/12\/Nikolaus1.jpg","datePublished":"2022-12-07T14:01:52+00:00","dateModified":"2022-12-07T14:23:53+00:00","breadcrumb":{"@id":"https:\/\/ds-barranquilla.org\/manana-de-tradiciones-alemanas-con-la-llegada-de-sankt-nikolaus\/#breadcrumb"},"inLanguage":"de","potentialAction":[{"@type":"ReadAction","target":["https:\/\/ds-barranquilla.org\/manana-de-tradiciones-alemanas-con-la-llegada-de-sankt-nikolaus\/"]}]},{"@type":"ImageObject","inLanguage":"de","@id":"https:\/\/ds-barranquilla.org\/manana-de-tradiciones-alemanas-con-la-llegada-de-sankt-nikolaus\/#primaryimage","url":"https:\/\/ds-barranquilla.org\/wp-content\/uploads\/2022\/12\/Nikolaus1.jpg","contentUrl":"https:\/\/ds-barranquilla.org\/wp-content\/uploads\/2022\/12\/Nikolaus1.jpg","width":2048,"height":840},{"@type":"BreadcrumbList","@id":"https:\/\/ds-barranquilla.org\/manana-de-tradiciones-alemanas-con-la-llegada-de-sankt-nikolaus\/#breadcrumb","itemListElement":[{"@type":"ListItem","position":1,"name":"Portada","item":"https:\/\/ds-barranquilla.org\/"},{"@type":"ListItem","position":2,"name":"\u00a1Ma\u00f1ana de tradiciones alemanas con la llegada de Sankt Nikolaus!"}]},{"@type":"WebSite","@id":"https:\/\/ds-barranquilla.org\/#website","url":"https:\/\/ds-barranquilla.org\/","name":"Colegio Alem\u00e1n - Los Mejores Colegios de Colombia - Colegio Triling\u00fce","description":"Colegio Alem\u00e1n  Barranquilla Colombia - Colegio Biling\u00fce - Triling\u00fce - El Mejor Colegio de Colombia","publisher":{"@id":"https:\/\/ds-barranquilla.org\/#organization"},"potentialAction":[{"@type":"SearchAction","target":{"@type":"EntryPoint","urlTemplate":"https:\/\/ds-barranquilla.org\/?s={search_term_string}"},"query-input":"required name=search_term_string"}],"inLanguage":"de"},{"@type":"Organization","@id":"https:\/\/ds-barranquilla.org\/#organization","name":"Colegio Alem\u00e1n Barranquilla","url":"https:\/\/ds-barranquilla.org\/","logo":{"@type":"ImageObject","inLanguage":"de","@id":"https:\/\/ds-barranquilla.org\/#\/schema\/logo\/image\/","url":"https:\/\/ds-barranquilla.org\/wp-content\/uploads\/2021\/05\/coleman_logo_2.png","contentUrl":"https:\/\/ds-barranquilla.org\/wp-content\/uploads\/2021\/05\/coleman_logo_2.png","width":418,"height":307,"caption":"Colegio Alem\u00e1n Barranquilla"},"image":{"@id":"https:\/\/ds-barranquilla.org\/#\/schema\/logo\/image\/"},"sameAs":["https:\/\/www.facebook.com\/ColegioAlemanBaq\/","https:\/\/x.com\/ColegioAlemanBq","https:\/\/www.instagram.com\/colegioalemanbaq\/","https:\/\/www.linkedin.com\/school\/deutsche-schule-barranquilla\/","https:\/\/www.youtube.com\/channel\/UCOOGZQCVs6aYRqIWvSN5agQ"]},{"@type":"Person","@id":"https:\/\/ds-barranquilla.org\/#\/schema\/person\/7bf8790ba89d3480e0551241ccdc8d36","name":"Comunicaciones Comunicaciones","image":{"@type":"ImageObject","inLanguage":"de","@id":"https:\/\/ds-barranquilla.org\/#\/schema\/person\/image\/","url":"https:\/\/secure.gravatar.com\/avatar\/a66ba9484a4338d81d6bea750e595038?s=96&d=mm&r=g","contentUrl":"https:\/\/secure.gravatar.com\/avatar\/a66ba9484a4338d81d6bea750e595038?s=96&d=mm&r=g","caption":"Comunicaciones Comunicaciones"}}]}},"_links":{"self":[{"href":"https:\/\/ds-barranquilla.org\/de\/wp-json\/wp\/v2\/posts\/19973"}],"collection":[{"href":"https:\/\/ds-barranquilla.org\/de\/wp-json\/wp\/v2\/posts"}],"about":[{"href":"https:\/\/ds-barranquilla.org\/de\/wp-json\/wp\/v2\/types\/post"}],"author":[{"embeddable":true,"href":"https:\/\/ds-barranquilla.org\/de\/wp-json\/wp\/v2\/users\/16"}],"replies":[{"embeddable":true,"href":"https:\/\/ds-barranquilla.org\/de\/wp-json\/wp\/v2\/comments?post=19973"}],"version-history":[{"count":10,"href":"https:\/\/ds-barranquilla.org\/de\/wp-json\/wp\/v2\/posts\/19973\/revisions"}],"predecessor-version":[{"id":20008,"href":"https:\/\/ds-barranquilla.org\/de\/wp-json\/wp\/v2\/posts\/19973\/revisions\/20008"}],"wp:featuredmedia":[{"embeddable":true,"href":"https:\/\/ds-barranquilla.org\/de\/wp-json\/wp\/v2\/media\/19977"}],"wp:attachment":[{"href":"https:\/\/ds-barranquilla.org\/de\/wp-json\/wp\/v2\/media?parent=19973"}],"wp:term":[{"taxonomy":"category","embeddable":true,"href":"https:\/\/ds-barranquilla.org\/de\/wp-json\/wp\/v2\/categories?post=19973"},{"taxonomy":"post_tag","embeddable":true,"href":"https:\/\/ds-barranquilla.org\/de\/wp-json\/wp\/v2\/tags?post=19973"}],"curies":[{"name":"wp","href":"https:\/\/api.w.org\/{rel}","templated":true}]}}