{"id":20198,"date":"2022-12-15T07:06:26","date_gmt":"2022-12-15T12:06:26","guid":{"rendered":"https:\/\/ds-barranquilla.org\/?p=20198"},"modified":"2022-12-15T07:17:08","modified_gmt":"2022-12-15T12:17:08","slug":"mensaje-de-cierre-de-ano-del-rector-para-nuestros-docentes","status":"publish","type":"post","link":"https:\/\/ds-barranquilla.org\/de\/mensaje-de-cierre-de-ano-del-rector-para-nuestros-docentes\/","title":{"rendered":"Mensaje de cierre de a\u00f1o del Rector para nuestros docentes"},"content":{"rendered":"<div data-elementor-type=\"wp-post\" data-elementor-id=\"20198\" class=\"elementor elementor-20198\">\n\t\t\t\t\t\t<section class=\"elementor-section elementor-top-section elementor-element elementor-element-f54d2ca elementor-section-boxed elementor-section-height-default elementor-section-height-default\" data-id=\"f54d2ca\" data-element_type=\"section\">\n\t\t\t\t\t\t<div class=\"elementor-container elementor-column-gap-default\">\n\t\t\t\t\t<div class=\"elementor-column elementor-col-100 elementor-top-column elementor-element elementor-element-19aa8f4\" data-id=\"19aa8f4\" data-element_type=\"column\">\n\t\t\t<div class=\"elementor-widget-wrap elementor-element-populated\">\n\t\t\t\t\t\t<div class=\"elementor-element elementor-element-5b852ce elementor-widget elementor-widget-text-editor\" data-id=\"5b852ce\" data-element_type=\"widget\" data-widget_type=\"text-editor.default\">\n\t\t\t\t<div class=\"elementor-widget-container\">\n\t\t\t<style>\/*! elementor - v3.23.0 - 05-08-2024 *\/\n.elementor-widget-text-editor.elementor-drop-cap-view-stacked .elementor-drop-cap{background-color:#69727d;color:#fff}.elementor-widget-text-editor.elementor-drop-cap-view-framed .elementor-drop-cap{color:#69727d;border:3px solid;background-color:transparent}.elementor-widget-text-editor:not(.elementor-drop-cap-view-default) .elementor-drop-cap{margin-top:8px}.elementor-widget-text-editor:not(.elementor-drop-cap-view-default) .elementor-drop-cap-letter{width:1em;height:1em}.elementor-widget-text-editor .elementor-drop-cap{float:left;text-align:center;line-height:1;font-size:50px}.elementor-widget-text-editor .elementor-drop-cap-letter{display:inline-block}<\/style>\t\t\t\t<h2><span style=\"color: #cc3524;\">Mensaje de cierre de a\u00f1o del Rector para nuestros docentes<\/span><\/h2><p>Ralph Wiese, Rector del Colegio Alem\u00e1n de Barranquilla, se dirigi\u00f3 el mi\u00e9rcoles 14 de diciembre a los docentes de la instituci\u00f3n para brindarles un mensaje antes del inicio de las vacaciones de fin de a\u00f1o.<\/p><p>Al comienzo de su intervenci\u00f3n destac\u00f3 que, con la llegada del final del a\u00f1o 2022, se acercaba el merecido descanso para todos los profesores despu\u00e9s del arduo trabaj\u00f3 que represent\u00f3 la Bund-L\u00e4nder Inspektion (BLI), en su versi\u00f3n 3.0, con la cual nos recertificamos como Colegio Alem\u00e1n de Excelencia en el Extranjero, sello otorgado por el Gobierno Alem\u00e1n y la Agencia Central para los Colegios Alemanes en el Extranjero (ZfA).<\/p><p>Tambi\u00e9n resalt\u00f3 que con los tres a\u00f1os de trayectoria que lleva en nuestra instituci\u00f3n, ha aprendido a conocer y apreciar al equipo docente, conformado por profesionales comprometidos con cada uno de sus estudiantes.<\/p><p><strong>En una buena escuela\u2026<br \/><\/strong>Nuestro Rector aprovech\u00f3 este breve espacio para reflexionar sobre lo que para \u00e9l es una buena escuela, ideas que ya han permeado sobre todo el equipo de trabajo DSBaq.<\/p>\t\t\t\t\t\t<\/div>\n\t\t\t\t<\/div>\n\t\t\t\t\t<\/div>\n\t\t<\/div>\n\t\t\t\t\t<\/div>\n\t\t<\/section>\n\t\t\t\t<section class=\"elementor-section elementor-top-section elementor-element elementor-element-ef67a83 elementor-section-boxed elementor-section-height-default elementor-section-height-default\" data-id=\"ef67a83\" data-element_type=\"section\">\n\t\t\t\t\t\t<div class=\"elementor-container elementor-column-gap-default\">\n\t\t\t\t\t<div class=\"elementor-column elementor-col-50 elementor-top-column elementor-element elementor-element-fd2437d\" data-id=\"fd2437d\" data-element_type=\"column\">\n\t\t\t<div class=\"elementor-widget-wrap elementor-element-populated\">\n\t\t\t\t\t\t<div class=\"elementor-element elementor-element-a8bb7b8 elementor-widget elementor-widget-text-editor\" data-id=\"a8bb7b8\" data-element_type=\"widget\" data-widget_type=\"text-editor.default\">\n\t\t\t\t<div class=\"elementor-widget-container\">\n\t\t\t\t\t\t\t<p>\u201cTodos conocen mi opini\u00f3n sobre c\u00f3mo debe ser una buena escuela; en una buena escuela todo el mundo se siente como en casa; nadie tiene que tener miedo, ni los alumnos ni los profesores. En una buena escuela lo primero es el bienestar de la comunidad escolar, porque todo el mundo sabe que esa es la base del \u00e9xito del proceso de aprendizaje\u201d, expres\u00f3.<\/p>\t\t\t\t\t\t<\/div>\n\t\t\t\t<\/div>\n\t\t\t\t\t<\/div>\n\t\t<\/div>\n\t\t\t\t<div class=\"elementor-column elementor-col-50 elementor-top-column elementor-element elementor-element-d5ac576\" data-id=\"d5ac576\" data-element_type=\"column\">\n\t\t\t<div class=\"elementor-widget-wrap elementor-element-populated\">\n\t\t\t\t\t\t<div class=\"elementor-element elementor-element-17eb70b elementor-widget elementor-widget-image\" data-id=\"17eb70b\" data-element_type=\"widget\" data-widget_type=\"image.default\">\n\t\t\t\t<div class=\"elementor-widget-container\">\n\t\t\t<style>\/*! elementor - v3.23.0 - 05-08-2024 *\/\n.elementor-widget-image{text-align:center}.elementor-widget-image a{display:inline-block}.elementor-widget-image a img[src$=\".svg\"]{width:48px}.elementor-widget-image img{vertical-align:middle;display:inline-block}<\/style>\t\t\t\t\t\t\t\t\t\t<img fetchpriority=\"high\" decoding=\"async\" width=\"300\" height=\"200\" src=\"https:\/\/ds-barranquilla.org\/wp-content\/uploads\/2022\/12\/mensaje-rector-colegio-aleman-barranquilla-2-300x200.jpg\" class=\"attachment-medium size-medium wp-image-20200\" alt=\"\" srcset=\"https:\/\/ds-barranquilla.org\/wp-content\/uploads\/2022\/12\/mensaje-rector-colegio-aleman-barranquilla-2-300x200.jpg 300w, https:\/\/ds-barranquilla.org\/wp-content\/uploads\/2022\/12\/mensaje-rector-colegio-aleman-barranquilla-2-1024x683.jpg 1024w, https:\/\/ds-barranquilla.org\/wp-content\/uploads\/2022\/12\/mensaje-rector-colegio-aleman-barranquilla-2-768x512.jpg 768w, https:\/\/ds-barranquilla.org\/wp-content\/uploads\/2022\/12\/mensaje-rector-colegio-aleman-barranquilla-2-391x260.jpg 391w, https:\/\/ds-barranquilla.org\/wp-content\/uploads\/2022\/12\/mensaje-rector-colegio-aleman-barranquilla-2-1536x1024.jpg 1536w, https:\/\/ds-barranquilla.org\/wp-content\/uploads\/2022\/12\/mensaje-rector-colegio-aleman-barranquilla-2-2048x1365.jpg 2048w, https:\/\/ds-barranquilla.org\/wp-content\/uploads\/2022\/12\/mensaje-rector-colegio-aleman-barranquilla-2-18x12.jpg 18w, https:\/\/ds-barranquilla.org\/wp-content\/uploads\/2022\/12\/mensaje-rector-colegio-aleman-barranquilla-2-219x146.jpg 219w, https:\/\/ds-barranquilla.org\/wp-content\/uploads\/2022\/12\/mensaje-rector-colegio-aleman-barranquilla-2-50x33.jpg 50w, https:\/\/ds-barranquilla.org\/wp-content\/uploads\/2022\/12\/mensaje-rector-colegio-aleman-barranquilla-2-113x75.jpg 113w, https:\/\/ds-barranquilla.org\/wp-content\/uploads\/2022\/12\/mensaje-rector-colegio-aleman-barranquilla-2-800x533.jpg 800w\" sizes=\"(max-width:767px) 300px, 300px\" \/>\t\t\t\t\t\t\t\t\t\t\t\t\t<\/div>\n\t\t\t\t<\/div>\n\t\t\t\t\t<\/div>\n\t\t<\/div>\n\t\t\t\t\t<\/div>\n\t\t<\/section>\n\t\t\t\t<section class=\"elementor-section elementor-top-section elementor-element elementor-element-34dbe8e elementor-section-boxed elementor-section-height-default elementor-section-height-default\" data-id=\"34dbe8e\" data-element_type=\"section\">\n\t\t\t\t\t\t<div class=\"elementor-container elementor-column-gap-default\">\n\t\t\t\t\t<div class=\"elementor-column elementor-col-100 elementor-top-column elementor-element elementor-element-1f42919\" data-id=\"1f42919\" data-element_type=\"column\">\n\t\t\t<div class=\"elementor-widget-wrap elementor-element-populated\">\n\t\t\t\t\t\t<div class=\"elementor-element elementor-element-1bf5987 elementor-widget elementor-widget-text-editor\" data-id=\"1bf5987\" data-element_type=\"widget\" data-widget_type=\"text-editor.default\">\n\t\t\t\t<div class=\"elementor-widget-container\">\n\t\t\t\t\t\t\t<p>Adem\u00e1s, hizo especial \u00e9nfasis en la importancia de la autonom\u00eda en nuestro colegio, ya que, desde su perspectiva, en una buena escuela no domina un individuo, sino los principios de igualdad, participaci\u00f3n y democracia, ya que debe ser un espacio para que los ni\u00f1os y j\u00f3venes se desarrollen libremente y sin problemas.<\/p><p>\u201cUna buena escuela debe serlo para todos los estudiantes, independientemente de sus talentos y necesidades de apoyo y nosotros, en ese sentido, somos tambi\u00e9n una buena escuela, una excelente, con el Sello de Calidad de la BLI\u201d, agreg\u00f3.<\/p><p>Wiese explic\u00f3 al final de su discurso que es precisamente el enfoque en la educaci\u00f3n para la democracia y el aprendizaje aut\u00f3nomo la esencia de un Colegio Alem\u00e1n en el Extranjero, por lo cual invit\u00f3 a los docentes a vivir en la cotidianidad esos principios que figuran en los documentos institucionales y a iniciar el pr\u00f3ximo a\u00f1o con la alegr\u00eda que caracteriza a nuestra comunidad escolar.<\/p>\t\t\t\t\t\t<\/div>\n\t\t\t\t<\/div>\n\t\t\t\t\t<\/div>\n\t\t<\/div>\n\t\t\t\t\t<\/div>\n\t\t<\/section>\n\t\t\t\t<\/div>","protected":false},"excerpt":{"rendered":"<p>Mensaje de cierre de a\u00f1o del Rector para nuestros docentes Ralph Wiese, Rector del Colegio Alem\u00e1n de Barranquilla, se dirigi\u00f3 el mi\u00e9rcoles 14 de diciembre a<span class=\"excerpt-hellip\"> [\u2026]<\/span><\/p>","protected":false},"author":16,"featured_media":20201,"comment_status":"open","ping_status":"open","sticky":false,"template":"","format":"standard","meta":{"_exactmetrics_skip_tracking":false,"_exactmetrics_sitenote_active":false,"_exactmetrics_sitenote_note":"","_exactmetrics_sitenote_category":0,"_joinchat":[],"footnotes":""},"categories":[672,709],"tags":[],"class_list":["post-20198","post","type-post","status-publish","format-standard","has-post-thumbnail","hentry","category-672","category-rectoria"],"yoast_head":"<!-- This site is optimized with the Yoast SEO plugin v23.3 - https:\/\/yoast.com\/wordpress\/plugins\/seo\/ -->\n<title>Mensaje de cierre de a\u00f1o del Rector para nuestros docentes - 2026<\/title>\n<meta name=\"robots\" content=\"noindex, follow, max-snippet:-1, max-image-preview:large, max-video-preview:-1\" \/>\n<meta property=\"og:locale\" content=\"de_DE\" \/>\n<meta property=\"og:type\" content=\"article\" \/>\n<meta property=\"og:title\" content=\"Mensaje de cierre de a\u00f1o del Rector para nuestros docentes - 2026\" \/>\n<meta property=\"og:description\" content=\"Mensaje de cierre de a\u00f1o del Rector para nuestros docentes Ralph Wiese, Rector del Colegio Alem\u00e1n de Barranquilla, se dirigi\u00f3 el mi\u00e9rcoles 14 de diciembre a [\u2026]\" \/>\n<meta property=\"og:url\" content=\"https:\/\/ds-barranquilla.org\/de\/mensaje-de-cierre-de-ano-del-rector-para-nuestros-docentes\/\" \/>\n<meta property=\"og:site_name\" content=\"Colegio Alem\u00e1n - Los Mejores Colegios de Colombia - Colegio Triling\u00fce\" \/>\n<meta property=\"article:publisher\" content=\"https:\/\/www.facebook.com\/ColegioAlemanBaq\/\" \/>\n<meta property=\"article:published_time\" content=\"2022-12-15T12:06:26+00:00\" \/>\n<meta property=\"article:modified_time\" content=\"2022-12-15T12:17:08+00:00\" \/>\n<meta property=\"og:image\" content=\"https:\/\/ds-barranquilla.org\/wp-content\/uploads\/2022\/12\/mensaje-rector-colegio-aleman-barranquilla-scaled.jpg\" \/>\n\t<meta property=\"og:image:width\" content=\"2560\" \/>\n\t<meta property=\"og:image:height\" content=\"1050\" \/>\n\t<meta property=\"og:image:type\" content=\"image\/jpeg\" \/>\n<meta name=\"author\" content=\"Comunicaciones Comunicaciones\" \/>\n<meta name=\"twitter:card\" content=\"summary_large_image\" \/>\n<meta name=\"twitter:creator\" content=\"@ColegioAlemanBq\" \/>\n<meta name=\"twitter:site\" content=\"@ColegioAlemanBq\" \/>\n<meta name=\"twitter:label1\" content=\"Verfasst von\" \/>\n\t<meta name=\"twitter:data1\" content=\"Comunicaciones Comunicaciones\" \/>\n\t<meta name=\"twitter:label2\" content=\"Gesch\u00e4tzte Lesezeit\" \/>\n\t<meta name=\"twitter:data2\" content=\"2\u00a0Minuten\" \/>\n<script type=\"application\/ld+json\" class=\"yoast-schema-graph\">{\"@context\":\"https:\/\/schema.org\",\"@graph\":[{\"@type\":\"Article\",\"@id\":\"https:\/\/ds-barranquilla.org\/de\/mensaje-de-cierre-de-ano-del-rector-para-nuestros-docentes\/#article\",\"isPartOf\":{\"@id\":\"https:\/\/ds-barranquilla.org\/de\/mensaje-de-cierre-de-ano-del-rector-para-nuestros-docentes\/\"},\"author\":{\"name\":\"Comunicaciones Comunicaciones\",\"@id\":\"https:\/\/ds-barranquilla.org\/#\/schema\/person\/7bf8790ba89d3480e0551241ccdc8d36\"},\"headline\":\"Mensaje de cierre de a\u00f1o del Rector para nuestros docentes\",\"datePublished\":\"2022-12-15T12:06:26+00:00\",\"dateModified\":\"2022-12-15T12:17:08+00:00\",\"mainEntityOfPage\":{\"@id\":\"https:\/\/ds-barranquilla.org\/de\/mensaje-de-cierre-de-ano-del-rector-para-nuestros-docentes\/\"},\"wordCount\":437,\"commentCount\":0,\"publisher\":{\"@id\":\"https:\/\/ds-barranquilla.org\/#organization\"},\"image\":{\"@id\":\"https:\/\/ds-barranquilla.org\/de\/mensaje-de-cierre-de-ano-del-rector-para-nuestros-docentes\/#primaryimage\"},\"thumbnailUrl\":\"https:\/\/ds-barranquilla.org\/wp-content\/uploads\/2022\/12\/mensaje-rector-colegio-aleman-barranquilla-scaled.jpg\",\"articleSection\":[\"2022\",\"Rector\u00eda\"],\"inLanguage\":\"de\",\"potentialAction\":[{\"@type\":\"CommentAction\",\"name\":\"Comment\",\"target\":[\"https:\/\/ds-barranquilla.org\/de\/mensaje-de-cierre-de-ano-del-rector-para-nuestros-docentes\/#respond\"]}]},{\"@type\":\"WebPage\",\"@id\":\"https:\/\/ds-barranquilla.org\/de\/mensaje-de-cierre-de-ano-del-rector-para-nuestros-docentes\/\",\"url\":\"https:\/\/ds-barranquilla.org\/de\/mensaje-de-cierre-de-ano-del-rector-para-nuestros-docentes\/\",\"name\":\"Mensaje de cierre de a\u00f1o del Rector para nuestros docentes - 2026\",\"isPartOf\":{\"@id\":\"https:\/\/ds-barranquilla.org\/#website\"},\"primaryImageOfPage\":{\"@id\":\"https:\/\/ds-barranquilla.org\/de\/mensaje-de-cierre-de-ano-del-rector-para-nuestros-docentes\/#primaryimage\"},\"image\":{\"@id\":\"https:\/\/ds-barranquilla.org\/de\/mensaje-de-cierre-de-ano-del-rector-para-nuestros-docentes\/#primaryimage\"},\"thumbnailUrl\":\"https:\/\/ds-barranquilla.org\/wp-content\/uploads\/2022\/12\/mensaje-rector-colegio-aleman-barranquilla-scaled.jpg\",\"datePublished\":\"2022-12-15T12:06:26+00:00\",\"dateModified\":\"2022-12-15T12:17:08+00:00\",\"breadcrumb\":{\"@id\":\"https:\/\/ds-barranquilla.org\/de\/mensaje-de-cierre-de-ano-del-rector-para-nuestros-docentes\/#breadcrumb\"},\"inLanguage\":\"de\",\"potentialAction\":[{\"@type\":\"ReadAction\",\"target\":[\"https:\/\/ds-barranquilla.org\/de\/mensaje-de-cierre-de-ano-del-rector-para-nuestros-docentes\/\"]}]},{\"@type\":\"ImageObject\",\"inLanguage\":\"de\",\"@id\":\"https:\/\/ds-barranquilla.org\/de\/mensaje-de-cierre-de-ano-del-rector-para-nuestros-docentes\/#primaryimage\",\"url\":\"https:\/\/ds-barranquilla.org\/wp-content\/uploads\/2022\/12\/mensaje-rector-colegio-aleman-barranquilla-scaled.jpg\",\"contentUrl\":\"https:\/\/ds-barranquilla.org\/wp-content\/uploads\/2022\/12\/mensaje-rector-colegio-aleman-barranquilla-scaled.jpg\",\"width\":2560,\"height\":1050},{\"@type\":\"BreadcrumbList\",\"@id\":\"https:\/\/ds-barranquilla.org\/de\/mensaje-de-cierre-de-ano-del-rector-para-nuestros-docentes\/#breadcrumb\",\"itemListElement\":[{\"@type\":\"ListItem\",\"position\":1,\"name\":\"Portada\",\"item\":\"https:\/\/ds-barranquilla.org\/\"},{\"@type\":\"ListItem\",\"position\":2,\"name\":\"Mensaje de cierre de a\u00f1o del Rector para nuestros docentes\"}]},{\"@type\":\"WebSite\",\"@id\":\"https:\/\/ds-barranquilla.org\/#website\",\"url\":\"https:\/\/ds-barranquilla.org\/\",\"name\":\"Colegio Alem\u00e1n - Los Mejores Colegios de Colombia - Colegio Triling\u00fce\",\"description\":\"Colegio Alem\u00e1n  Barranquilla Colombia - Colegio Biling\u00fce - Triling\u00fce - El Mejor Colegio de Colombia\",\"publisher\":{\"@id\":\"https:\/\/ds-barranquilla.org\/#organization\"},\"potentialAction\":[{\"@type\":\"SearchAction\",\"target\":{\"@type\":\"EntryPoint\",\"urlTemplate\":\"https:\/\/ds-barranquilla.org\/?s={search_term_string}\"},\"query-input\":\"required name=search_term_string\"}],\"inLanguage\":\"de\"},{\"@type\":\"Organization\",\"@id\":\"https:\/\/ds-barranquilla.org\/#organization\",\"name\":\"Colegio Alem\u00e1n Barranquilla\",\"url\":\"https:\/\/ds-barranquilla.org\/\",\"logo\":{\"@type\":\"ImageObject\",\"inLanguage\":\"de\",\"@id\":\"https:\/\/ds-barranquilla.org\/#\/schema\/logo\/image\/\",\"url\":\"https:\/\/ds-barranquilla.org\/wp-content\/uploads\/2021\/05\/coleman_logo_2.png\",\"contentUrl\":\"https:\/\/ds-barranquilla.org\/wp-content\/uploads\/2021\/05\/coleman_logo_2.png\",\"width\":418,\"height\":307,\"caption\":\"Colegio Alem\u00e1n Barranquilla\"},\"image\":{\"@id\":\"https:\/\/ds-barranquilla.org\/#\/schema\/logo\/image\/\"},\"sameAs\":[\"https:\/\/www.facebook.com\/ColegioAlemanBaq\/\",\"https:\/\/x.com\/ColegioAlemanBq\",\"https:\/\/www.instagram.com\/colegioalemanbaq\/\",\"https:\/\/www.linkedin.com\/school\/deutsche-schule-barranquilla\/\",\"https:\/\/www.youtube.com\/channel\/UCOOGZQCVs6aYRqIWvSN5agQ\"]},{\"@type\":\"Person\",\"@id\":\"https:\/\/ds-barranquilla.org\/#\/schema\/person\/7bf8790ba89d3480e0551241ccdc8d36\",\"name\":\"Comunicaciones Comunicaciones\",\"image\":{\"@type\":\"ImageObject\",\"inLanguage\":\"de\",\"@id\":\"https:\/\/ds-barranquilla.org\/#\/schema\/person\/image\/\",\"url\":\"https:\/\/secure.gravatar.com\/avatar\/a66ba9484a4338d81d6bea750e595038?s=96&d=mm&r=g\",\"contentUrl\":\"https:\/\/secure.gravatar.com\/avatar\/a66ba9484a4338d81d6bea750e595038?s=96&d=mm&r=g\",\"caption\":\"Comunicaciones Comunicaciones\"}}]}<\/script>\n<!-- \/ Yoast SEO plugin. -->","yoast_head_json":{"title":"Mensaje de cierre de a\u00f1o del Rector para nuestros docentes - 2026","robots":{"index":"noindex","follow":"follow","max-snippet":"max-snippet:-1","max-image-preview":"max-image-preview:large","max-video-preview":"max-video-preview:-1"},"og_locale":"de_DE","og_type":"article","og_title":"Mensaje de cierre de a\u00f1o del Rector para nuestros docentes - 2026","og_description":"Mensaje de cierre de a\u00f1o del Rector para nuestros docentes Ralph Wiese, Rector del Colegio Alem\u00e1n de Barranquilla, se dirigi\u00f3 el mi\u00e9rcoles 14 de diciembre a [\u2026]","og_url":"https:\/\/ds-barranquilla.org\/de\/mensaje-de-cierre-de-ano-del-rector-para-nuestros-docentes\/","og_site_name":"Colegio Alem\u00e1n - Los Mejores Colegios de Colombia - Colegio Triling\u00fce","article_publisher":"https:\/\/www.facebook.com\/ColegioAlemanBaq\/","article_published_time":"2022-12-15T12:06:26+00:00","article_modified_time":"2022-12-15T12:17:08+00:00","og_image":[{"width":2560,"height":1050,"url":"https:\/\/ds-barranquilla.org\/wp-content\/uploads\/2022\/12\/mensaje-rector-colegio-aleman-barranquilla-scaled.jpg","type":"image\/jpeg"}],"author":"Comunicaciones Comunicaciones","twitter_card":"summary_large_image","twitter_creator":"@ColegioAlemanBq","twitter_site":"@ColegioAlemanBq","twitter_misc":{"Verfasst von":"Comunicaciones Comunicaciones","Gesch\u00e4tzte Lesezeit":"2\u00a0Minuten"},"schema":{"@context":"https:\/\/schema.org","@graph":[{"@type":"Article","@id":"https:\/\/ds-barranquilla.org\/de\/mensaje-de-cierre-de-ano-del-rector-para-nuestros-docentes\/#article","isPartOf":{"@id":"https:\/\/ds-barranquilla.org\/de\/mensaje-de-cierre-de-ano-del-rector-para-nuestros-docentes\/"},"author":{"name":"Comunicaciones Comunicaciones","@id":"https:\/\/ds-barranquilla.org\/#\/schema\/person\/7bf8790ba89d3480e0551241ccdc8d36"},"headline":"Mensaje de cierre de a\u00f1o del Rector para nuestros docentes","datePublished":"2022-12-15T12:06:26+00:00","dateModified":"2022-12-15T12:17:08+00:00","mainEntityOfPage":{"@id":"https:\/\/ds-barranquilla.org\/de\/mensaje-de-cierre-de-ano-del-rector-para-nuestros-docentes\/"},"wordCount":437,"commentCount":0,"publisher":{"@id":"https:\/\/ds-barranquilla.org\/#organization"},"image":{"@id":"https:\/\/ds-barranquilla.org\/de\/mensaje-de-cierre-de-ano-del-rector-para-nuestros-docentes\/#primaryimage"},"thumbnailUrl":"https:\/\/ds-barranquilla.org\/wp-content\/uploads\/2022\/12\/mensaje-rector-colegio-aleman-barranquilla-scaled.jpg","articleSection":["2022","Rector\u00eda"],"inLanguage":"de","potentialAction":[{"@type":"CommentAction","name":"Comment","target":["https:\/\/ds-barranquilla.org\/de\/mensaje-de-cierre-de-ano-del-rector-para-nuestros-docentes\/#respond"]}]},{"@type":"WebPage","@id":"https:\/\/ds-barranquilla.org\/de\/mensaje-de-cierre-de-ano-del-rector-para-nuestros-docentes\/","url":"https:\/\/ds-barranquilla.org\/de\/mensaje-de-cierre-de-ano-del-rector-para-nuestros-docentes\/","name":"Mensaje de cierre de a\u00f1o del Rector para nuestros docentes - 2026","isPartOf":{"@id":"https:\/\/ds-barranquilla.org\/#website"},"primaryImageOfPage":{"@id":"https:\/\/ds-barranquilla.org\/de\/mensaje-de-cierre-de-ano-del-rector-para-nuestros-docentes\/#primaryimage"},"image":{"@id":"https:\/\/ds-barranquilla.org\/de\/mensaje-de-cierre-de-ano-del-rector-para-nuestros-docentes\/#primaryimage"},"thumbnailUrl":"https:\/\/ds-barranquilla.org\/wp-content\/uploads\/2022\/12\/mensaje-rector-colegio-aleman-barranquilla-scaled.jpg","datePublished":"2022-12-15T12:06:26+00:00","dateModified":"2022-12-15T12:17:08+00:00","breadcrumb":{"@id":"https:\/\/ds-barranquilla.org\/de\/mensaje-de-cierre-de-ano-del-rector-para-nuestros-docentes\/#breadcrumb"},"inLanguage":"de","potentialAction":[{"@type":"ReadAction","target":["https:\/\/ds-barranquilla.org\/de\/mensaje-de-cierre-de-ano-del-rector-para-nuestros-docentes\/"]}]},{"@type":"ImageObject","inLanguage":"de","@id":"https:\/\/ds-barranquilla.org\/de\/mensaje-de-cierre-de-ano-del-rector-para-nuestros-docentes\/#primaryimage","url":"https:\/\/ds-barranquilla.org\/wp-content\/uploads\/2022\/12\/mensaje-rector-colegio-aleman-barranquilla-scaled.jpg","contentUrl":"https:\/\/ds-barranquilla.org\/wp-content\/uploads\/2022\/12\/mensaje-rector-colegio-aleman-barranquilla-scaled.jpg","width":2560,"height":1050},{"@type":"BreadcrumbList","@id":"https:\/\/ds-barranquilla.org\/de\/mensaje-de-cierre-de-ano-del-rector-para-nuestros-docentes\/#breadcrumb","itemListElement":[{"@type":"ListItem","position":1,"name":"Portada","item":"https:\/\/ds-barranquilla.org\/"},{"@type":"ListItem","position":2,"name":"Mensaje de cierre de a\u00f1o del Rector para nuestros docentes"}]},{"@type":"WebSite","@id":"https:\/\/ds-barranquilla.org\/#website","url":"https:\/\/ds-barranquilla.org\/","name":"Colegio Alem\u00e1n - Los Mejores Colegios de Colombia - Colegio Triling\u00fce","description":"Colegio Alem\u00e1n  Barranquilla Colombia - Colegio Biling\u00fce - Triling\u00fce - El Mejor Colegio de Colombia","publisher":{"@id":"https:\/\/ds-barranquilla.org\/#organization"},"potentialAction":[{"@type":"SearchAction","target":{"@type":"EntryPoint","urlTemplate":"https:\/\/ds-barranquilla.org\/?s={search_term_string}"},"query-input":"required name=search_term_string"}],"inLanguage":"de"},{"@type":"Organization","@id":"https:\/\/ds-barranquilla.org\/#organization","name":"Colegio Alem\u00e1n Barranquilla","url":"https:\/\/ds-barranquilla.org\/","logo":{"@type":"ImageObject","inLanguage":"de","@id":"https:\/\/ds-barranquilla.org\/#\/schema\/logo\/image\/","url":"https:\/\/ds-barranquilla.org\/wp-content\/uploads\/2021\/05\/coleman_logo_2.png","contentUrl":"https:\/\/ds-barranquilla.org\/wp-content\/uploads\/2021\/05\/coleman_logo_2.png","width":418,"height":307,"caption":"Colegio Alem\u00e1n Barranquilla"},"image":{"@id":"https:\/\/ds-barranquilla.org\/#\/schema\/logo\/image\/"},"sameAs":["https:\/\/www.facebook.com\/ColegioAlemanBaq\/","https:\/\/x.com\/ColegioAlemanBq","https:\/\/www.instagram.com\/colegioalemanbaq\/","https:\/\/www.linkedin.com\/school\/deutsche-schule-barranquilla\/","https:\/\/www.youtube.com\/channel\/UCOOGZQCVs6aYRqIWvSN5agQ"]},{"@type":"Person","@id":"https:\/\/ds-barranquilla.org\/#\/schema\/person\/7bf8790ba89d3480e0551241ccdc8d36","name":"Comunicaciones Comunicaciones","image":{"@type":"ImageObject","inLanguage":"de","@id":"https:\/\/ds-barranquilla.org\/#\/schema\/person\/image\/","url":"https:\/\/secure.gravatar.com\/avatar\/a66ba9484a4338d81d6bea750e595038?s=96&d=mm&r=g","contentUrl":"https:\/\/secure.gravatar.com\/avatar\/a66ba9484a4338d81d6bea750e595038?s=96&d=mm&r=g","caption":"Comunicaciones Comunicaciones"}}]}},"_links":{"self":[{"href":"https:\/\/ds-barranquilla.org\/de\/wp-json\/wp\/v2\/posts\/20198"}],"collection":[{"href":"https:\/\/ds-barranquilla.org\/de\/wp-json\/wp\/v2\/posts"}],"about":[{"href":"https:\/\/ds-barranquilla.org\/de\/wp-json\/wp\/v2\/types\/post"}],"author":[{"embeddable":true,"href":"https:\/\/ds-barranquilla.org\/de\/wp-json\/wp\/v2\/users\/16"}],"replies":[{"embeddable":true,"href":"https:\/\/ds-barranquilla.org\/de\/wp-json\/wp\/v2\/comments?post=20198"}],"version-history":[{"count":8,"href":"https:\/\/ds-barranquilla.org\/de\/wp-json\/wp\/v2\/posts\/20198\/revisions"}],"predecessor-version":[{"id":20209,"href":"https:\/\/ds-barranquilla.org\/de\/wp-json\/wp\/v2\/posts\/20198\/revisions\/20209"}],"wp:featuredmedia":[{"embeddable":true,"href":"https:\/\/ds-barranquilla.org\/de\/wp-json\/wp\/v2\/media\/20201"}],"wp:attachment":[{"href":"https:\/\/ds-barranquilla.org\/de\/wp-json\/wp\/v2\/media?parent=20198"}],"wp:term":[{"taxonomy":"category","embeddable":true,"href":"https:\/\/ds-barranquilla.org\/de\/wp-json\/wp\/v2\/categories?post=20198"},{"taxonomy":"post_tag","embeddable":true,"href":"https:\/\/ds-barranquilla.org\/de\/wp-json\/wp\/v2\/tags?post=20198"}],"curies":[{"name":"wp","href":"https:\/\/api.w.org\/{rel}","templated":true}]}}