{"id":20220,"date":"2022-12-16T13:51:59","date_gmt":"2022-12-16T18:51:59","guid":{"rendered":"https:\/\/ds-barranquilla.org\/?p=20220"},"modified":"2022-12-16T13:53:11","modified_gmt":"2022-12-16T18:53:11","slug":"una-reflexion-para-cerrar-el-2022","status":"publish","type":"post","link":"https:\/\/ds-barranquilla.org\/de\/una-reflexion-para-cerrar-el-2022\/","title":{"rendered":"Una reflexi\u00f3n para cerrar el 2022"},"content":{"rendered":"<h2><span style=\"color: #cc3524;\">Una reflexi\u00f3n para cerrar el 2022<\/span><\/h2>\n<p>Cuando se acerca el cierre del a\u00f1o, siempre nos preguntamos o hacemos el balance sobre qu\u00e9 fue lo bueno y lo no tan bueno durante este tiempo de nuestras vidas.<\/p>\n<p>Por lo general nos preguntamos en qu\u00e9 hemos fallado, sin embargo, una de las primeras reflexiones que nos DEBEMOS regalar es qu\u00e9 aspectos personales y profesionales hemos logrado solventar.<\/p>\n<p>Como padres de familia, docentes y encargados de guiar y acompa\u00f1ar a seres humanos en formaci\u00f3n, se hace prioritario velar por nosotros mismos, resguardando las emociones, valid\u00e1ndolas y, en su medida, establecer un c\u00edrculo de confianza (sano) que nos facilite ser un espejo y nos empuje a crecer.<\/p>\n<p>Las instituciones que se caracterizan por ser \u201ca great place to work \/ a great place to study\u201d se centran en una excelente comunicaci\u00f3n que permite y facilita el no asumir situaciones que generan una carga extra, y nada necesaria, a nivel emocional. Dicha carga extra emocional, casi siempre, seg\u00fan los estudiosos y expertos, en pocas ocasiones se cumple en realidad y nos activa el cortisol, que es el encargado de que estemos a la defensiva.<\/p>\n<p>Como se expresa en la cita inicial, cada uno de nosotros se debe comprometer a velar y crear un ambiente respetuoso, siendo responsables y considerados con el otro.<\/p>\n<p>En lo personal y, como eslogan de vida, estoy plenamente convencida de que al final todas las piezas encajan, aunque no entendamos el proceso, todos somos igualmente importantes y, de igual forma, somos maestros entre nosotros mismos. El truco es descubrir qui\u00e9n es qui\u00e9n en nuestra vida.<\/p>\n<p>Te invito querido compa\u00f1ero, compa\u00f1era, padre de familia, estudiante a regalarle una linda frase, carta o gesto a quien te haya ayudado a crecer durante este a\u00f1o.<\/p>\n<p>Consolidemos que el Colegio Alem\u00e1n de Barranquilla sea a great place to work \/ a great place to study desde la consideraci\u00f3n que nos debemos entre todos, fomentando un ambiente incluyente donde todos nos sintamos parte de un sistema.<\/p>\n<p><strong>Nitza Guzm\u00e1n<\/strong><br \/>\nLeiterin des Kindergartens<br \/>\nLeiterin des Kindergartens<\/p>","protected":false},"excerpt":{"rendered":"<p>Una reflexi\u00f3n para cerrar el 2022 Cuando se acerca el cierre del a\u00f1o, siempre nos preguntamos o hacemos el balance sobre qu\u00e9 fue lo bueno y<span class=\"excerpt-hellip\"> [\u2026]<\/span><\/p>","protected":false},"author":16,"featured_media":20221,"comment_status":"open","ping_status":"open","sticky":false,"template":"","format":"standard","meta":{"_exactmetrics_skip_tracking":false,"_exactmetrics_sitenote_active":false,"_exactmetrics_sitenote_note":"","_exactmetrics_sitenote_category":0,"_joinchat":[],"footnotes":""},"categories":[672,677,709],"tags":[],"class_list":["post-20220","post","type-post","status-publish","format-standard","has-post-thumbnail","hentry","category-672","category-kindergarten","category-rectoria"],"yoast_head":"<!-- This site is optimized with the Yoast SEO plugin v23.3 - https:\/\/yoast.com\/wordpress\/plugins\/seo\/ -->\n<title>Una reflexi\u00f3n para cerrar el 2022 - 2026<\/title>\n<meta name=\"robots\" content=\"noindex, follow, max-snippet:-1, max-image-preview:large, max-video-preview:-1\" \/>\n<meta property=\"og:locale\" content=\"de_DE\" \/>\n<meta property=\"og:type\" content=\"article\" \/>\n<meta property=\"og:title\" content=\"Una reflexi\u00f3n para cerrar el 2022 - 2026\" \/>\n<meta property=\"og:description\" content=\"Una reflexi\u00f3n para cerrar el 2022 Cuando se acerca el cierre del a\u00f1o, siempre nos preguntamos o hacemos el balance sobre qu\u00e9 fue lo bueno y [\u2026]\" \/>\n<meta property=\"og:url\" content=\"https:\/\/ds-barranquilla.org\/de\/una-reflexion-para-cerrar-el-2022\/\" \/>\n<meta property=\"og:site_name\" content=\"Colegio Alem\u00e1n - Los Mejores Colegios de Colombia - Colegio Triling\u00fce\" \/>\n<meta property=\"article:publisher\" content=\"https:\/\/www.facebook.com\/ColegioAlemanBaq\/\" \/>\n<meta property=\"article:published_time\" content=\"2022-12-16T18:51:59+00:00\" \/>\n<meta property=\"article:modified_time\" content=\"2022-12-16T18:53:11+00:00\" \/>\n<meta property=\"og:image\" content=\"https:\/\/ds-barranquilla.org\/wp-content\/uploads\/2022\/12\/mensaje-cierre-2022.jpg\" \/>\n\t<meta property=\"og:image:width\" content=\"2048\" \/>\n\t<meta property=\"og:image:height\" content=\"841\" \/>\n\t<meta property=\"og:image:type\" content=\"image\/jpeg\" \/>\n<meta name=\"author\" content=\"Comunicaciones Comunicaciones\" \/>\n<meta name=\"twitter:card\" content=\"summary_large_image\" \/>\n<meta name=\"twitter:creator\" content=\"@ColegioAlemanBq\" \/>\n<meta name=\"twitter:site\" content=\"@ColegioAlemanBq\" \/>\n<meta name=\"twitter:label1\" content=\"Verfasst von\" \/>\n\t<meta name=\"twitter:data1\" content=\"Comunicaciones Comunicaciones\" \/>\n\t<meta name=\"twitter:label2\" content=\"Gesch\u00e4tzte Lesezeit\" \/>\n\t<meta name=\"twitter:data2\" content=\"2\u00a0Minuten\" \/>\n<script type=\"application\/ld+json\" class=\"yoast-schema-graph\">{\"@context\":\"https:\/\/schema.org\",\"@graph\":[{\"@type\":\"Article\",\"@id\":\"https:\/\/ds-barranquilla.org\/una-reflexion-para-cerrar-el-2022\/#article\",\"isPartOf\":{\"@id\":\"https:\/\/ds-barranquilla.org\/una-reflexion-para-cerrar-el-2022\/\"},\"author\":{\"name\":\"Comunicaciones Comunicaciones\",\"@id\":\"https:\/\/ds-barranquilla.org\/#\/schema\/person\/7bf8790ba89d3480e0551241ccdc8d36\"},\"headline\":\"Una reflexi\u00f3n para cerrar el 2022\",\"datePublished\":\"2022-12-16T18:51:59+00:00\",\"dateModified\":\"2022-12-16T18:53:11+00:00\",\"mainEntityOfPage\":{\"@id\":\"https:\/\/ds-barranquilla.org\/una-reflexion-para-cerrar-el-2022\/\"},\"wordCount\":357,\"commentCount\":0,\"publisher\":{\"@id\":\"https:\/\/ds-barranquilla.org\/#organization\"},\"image\":{\"@id\":\"https:\/\/ds-barranquilla.org\/una-reflexion-para-cerrar-el-2022\/#primaryimage\"},\"thumbnailUrl\":\"https:\/\/ds-barranquilla.org\/wp-content\/uploads\/2022\/12\/mensaje-cierre-2022.jpg\",\"articleSection\":[\"2022\",\"Kindergarten\",\"Rector\u00eda\"],\"inLanguage\":\"de\",\"potentialAction\":[{\"@type\":\"CommentAction\",\"name\":\"Comment\",\"target\":[\"https:\/\/ds-barranquilla.org\/una-reflexion-para-cerrar-el-2022\/#respond\"]}]},{\"@type\":\"WebPage\",\"@id\":\"https:\/\/ds-barranquilla.org\/una-reflexion-para-cerrar-el-2022\/\",\"url\":\"https:\/\/ds-barranquilla.org\/una-reflexion-para-cerrar-el-2022\/\",\"name\":\"Una reflexi\u00f3n para cerrar el 2022 - 2026\",\"isPartOf\":{\"@id\":\"https:\/\/ds-barranquilla.org\/#website\"},\"primaryImageOfPage\":{\"@id\":\"https:\/\/ds-barranquilla.org\/una-reflexion-para-cerrar-el-2022\/#primaryimage\"},\"image\":{\"@id\":\"https:\/\/ds-barranquilla.org\/una-reflexion-para-cerrar-el-2022\/#primaryimage\"},\"thumbnailUrl\":\"https:\/\/ds-barranquilla.org\/wp-content\/uploads\/2022\/12\/mensaje-cierre-2022.jpg\",\"datePublished\":\"2022-12-16T18:51:59+00:00\",\"dateModified\":\"2022-12-16T18:53:11+00:00\",\"breadcrumb\":{\"@id\":\"https:\/\/ds-barranquilla.org\/una-reflexion-para-cerrar-el-2022\/#breadcrumb\"},\"inLanguage\":\"de\",\"potentialAction\":[{\"@type\":\"ReadAction\",\"target\":[\"https:\/\/ds-barranquilla.org\/una-reflexion-para-cerrar-el-2022\/\"]}]},{\"@type\":\"ImageObject\",\"inLanguage\":\"de\",\"@id\":\"https:\/\/ds-barranquilla.org\/una-reflexion-para-cerrar-el-2022\/#primaryimage\",\"url\":\"https:\/\/ds-barranquilla.org\/wp-content\/uploads\/2022\/12\/mensaje-cierre-2022.jpg\",\"contentUrl\":\"https:\/\/ds-barranquilla.org\/wp-content\/uploads\/2022\/12\/mensaje-cierre-2022.jpg\",\"width\":2048,\"height\":841},{\"@type\":\"BreadcrumbList\",\"@id\":\"https:\/\/ds-barranquilla.org\/una-reflexion-para-cerrar-el-2022\/#breadcrumb\",\"itemListElement\":[{\"@type\":\"ListItem\",\"position\":1,\"name\":\"Portada\",\"item\":\"https:\/\/ds-barranquilla.org\/\"},{\"@type\":\"ListItem\",\"position\":2,\"name\":\"Una reflexi\u00f3n para cerrar el 2022\"}]},{\"@type\":\"WebSite\",\"@id\":\"https:\/\/ds-barranquilla.org\/#website\",\"url\":\"https:\/\/ds-barranquilla.org\/\",\"name\":\"Colegio Alem\u00e1n - Los Mejores Colegios de Colombia - Colegio Triling\u00fce\",\"description\":\"Colegio Alem\u00e1n  Barranquilla Colombia - Colegio Biling\u00fce - Triling\u00fce - El Mejor Colegio de Colombia\",\"publisher\":{\"@id\":\"https:\/\/ds-barranquilla.org\/#organization\"},\"potentialAction\":[{\"@type\":\"SearchAction\",\"target\":{\"@type\":\"EntryPoint\",\"urlTemplate\":\"https:\/\/ds-barranquilla.org\/?s={search_term_string}\"},\"query-input\":\"required name=search_term_string\"}],\"inLanguage\":\"de\"},{\"@type\":\"Organization\",\"@id\":\"https:\/\/ds-barranquilla.org\/#organization\",\"name\":\"Colegio Alem\u00e1n Barranquilla\",\"url\":\"https:\/\/ds-barranquilla.org\/\",\"logo\":{\"@type\":\"ImageObject\",\"inLanguage\":\"de\",\"@id\":\"https:\/\/ds-barranquilla.org\/#\/schema\/logo\/image\/\",\"url\":\"https:\/\/ds-barranquilla.org\/wp-content\/uploads\/2021\/05\/coleman_logo_2.png\",\"contentUrl\":\"https:\/\/ds-barranquilla.org\/wp-content\/uploads\/2021\/05\/coleman_logo_2.png\",\"width\":418,\"height\":307,\"caption\":\"Colegio Alem\u00e1n Barranquilla\"},\"image\":{\"@id\":\"https:\/\/ds-barranquilla.org\/#\/schema\/logo\/image\/\"},\"sameAs\":[\"https:\/\/www.facebook.com\/ColegioAlemanBaq\/\",\"https:\/\/x.com\/ColegioAlemanBq\",\"https:\/\/www.instagram.com\/colegioalemanbaq\/\",\"https:\/\/www.linkedin.com\/school\/deutsche-schule-barranquilla\/\",\"https:\/\/www.youtube.com\/channel\/UCOOGZQCVs6aYRqIWvSN5agQ\"]},{\"@type\":\"Person\",\"@id\":\"https:\/\/ds-barranquilla.org\/#\/schema\/person\/7bf8790ba89d3480e0551241ccdc8d36\",\"name\":\"Comunicaciones Comunicaciones\",\"image\":{\"@type\":\"ImageObject\",\"inLanguage\":\"de\",\"@id\":\"https:\/\/ds-barranquilla.org\/#\/schema\/person\/image\/\",\"url\":\"https:\/\/secure.gravatar.com\/avatar\/a66ba9484a4338d81d6bea750e595038?s=96&d=mm&r=g\",\"contentUrl\":\"https:\/\/secure.gravatar.com\/avatar\/a66ba9484a4338d81d6bea750e595038?s=96&d=mm&r=g\",\"caption\":\"Comunicaciones Comunicaciones\"}}]}<\/script>\n<!-- \/ Yoast SEO plugin. -->","yoast_head_json":{"title":"Una reflexi\u00f3n para cerrar el 2022 - 2026","robots":{"index":"noindex","follow":"follow","max-snippet":"max-snippet:-1","max-image-preview":"max-image-preview:large","max-video-preview":"max-video-preview:-1"},"og_locale":"de_DE","og_type":"article","og_title":"Una reflexi\u00f3n para cerrar el 2022 - 2026","og_description":"Una reflexi\u00f3n para cerrar el 2022 Cuando se acerca el cierre del a\u00f1o, siempre nos preguntamos o hacemos el balance sobre qu\u00e9 fue lo bueno y [\u2026]","og_url":"https:\/\/ds-barranquilla.org\/de\/una-reflexion-para-cerrar-el-2022\/","og_site_name":"Colegio Alem\u00e1n - Los Mejores Colegios de Colombia - Colegio Triling\u00fce","article_publisher":"https:\/\/www.facebook.com\/ColegioAlemanBaq\/","article_published_time":"2022-12-16T18:51:59+00:00","article_modified_time":"2022-12-16T18:53:11+00:00","og_image":[{"width":2048,"height":841,"url":"https:\/\/ds-barranquilla.org\/wp-content\/uploads\/2022\/12\/mensaje-cierre-2022.jpg","type":"image\/jpeg"}],"author":"Comunicaciones Comunicaciones","twitter_card":"summary_large_image","twitter_creator":"@ColegioAlemanBq","twitter_site":"@ColegioAlemanBq","twitter_misc":{"Verfasst von":"Comunicaciones Comunicaciones","Gesch\u00e4tzte Lesezeit":"2\u00a0Minuten"},"schema":{"@context":"https:\/\/schema.org","@graph":[{"@type":"Article","@id":"https:\/\/ds-barranquilla.org\/una-reflexion-para-cerrar-el-2022\/#article","isPartOf":{"@id":"https:\/\/ds-barranquilla.org\/una-reflexion-para-cerrar-el-2022\/"},"author":{"name":"Comunicaciones Comunicaciones","@id":"https:\/\/ds-barranquilla.org\/#\/schema\/person\/7bf8790ba89d3480e0551241ccdc8d36"},"headline":"Una reflexi\u00f3n para cerrar el 2022","datePublished":"2022-12-16T18:51:59+00:00","dateModified":"2022-12-16T18:53:11+00:00","mainEntityOfPage":{"@id":"https:\/\/ds-barranquilla.org\/una-reflexion-para-cerrar-el-2022\/"},"wordCount":357,"commentCount":0,"publisher":{"@id":"https:\/\/ds-barranquilla.org\/#organization"},"image":{"@id":"https:\/\/ds-barranquilla.org\/una-reflexion-para-cerrar-el-2022\/#primaryimage"},"thumbnailUrl":"https:\/\/ds-barranquilla.org\/wp-content\/uploads\/2022\/12\/mensaje-cierre-2022.jpg","articleSection":["2022","Kindergarten","Rector\u00eda"],"inLanguage":"de","potentialAction":[{"@type":"CommentAction","name":"Comment","target":["https:\/\/ds-barranquilla.org\/una-reflexion-para-cerrar-el-2022\/#respond"]}]},{"@type":"WebPage","@id":"https:\/\/ds-barranquilla.org\/una-reflexion-para-cerrar-el-2022\/","url":"https:\/\/ds-barranquilla.org\/una-reflexion-para-cerrar-el-2022\/","name":"Una reflexi\u00f3n para cerrar el 2022 - 2026","isPartOf":{"@id":"https:\/\/ds-barranquilla.org\/#website"},"primaryImageOfPage":{"@id":"https:\/\/ds-barranquilla.org\/una-reflexion-para-cerrar-el-2022\/#primaryimage"},"image":{"@id":"https:\/\/ds-barranquilla.org\/una-reflexion-para-cerrar-el-2022\/#primaryimage"},"thumbnailUrl":"https:\/\/ds-barranquilla.org\/wp-content\/uploads\/2022\/12\/mensaje-cierre-2022.jpg","datePublished":"2022-12-16T18:51:59+00:00","dateModified":"2022-12-16T18:53:11+00:00","breadcrumb":{"@id":"https:\/\/ds-barranquilla.org\/una-reflexion-para-cerrar-el-2022\/#breadcrumb"},"inLanguage":"de","potentialAction":[{"@type":"ReadAction","target":["https:\/\/ds-barranquilla.org\/una-reflexion-para-cerrar-el-2022\/"]}]},{"@type":"ImageObject","inLanguage":"de","@id":"https:\/\/ds-barranquilla.org\/una-reflexion-para-cerrar-el-2022\/#primaryimage","url":"https:\/\/ds-barranquilla.org\/wp-content\/uploads\/2022\/12\/mensaje-cierre-2022.jpg","contentUrl":"https:\/\/ds-barranquilla.org\/wp-content\/uploads\/2022\/12\/mensaje-cierre-2022.jpg","width":2048,"height":841},{"@type":"BreadcrumbList","@id":"https:\/\/ds-barranquilla.org\/una-reflexion-para-cerrar-el-2022\/#breadcrumb","itemListElement":[{"@type":"ListItem","position":1,"name":"Portada","item":"https:\/\/ds-barranquilla.org\/"},{"@type":"ListItem","position":2,"name":"Una reflexi\u00f3n para cerrar el 2022"}]},{"@type":"WebSite","@id":"https:\/\/ds-barranquilla.org\/#website","url":"https:\/\/ds-barranquilla.org\/","name":"Colegio Alem\u00e1n - Los Mejores Colegios de Colombia - Colegio Triling\u00fce","description":"Colegio Alem\u00e1n  Barranquilla Colombia - Colegio Biling\u00fce - Triling\u00fce - El Mejor Colegio de Colombia","publisher":{"@id":"https:\/\/ds-barranquilla.org\/#organization"},"potentialAction":[{"@type":"SearchAction","target":{"@type":"EntryPoint","urlTemplate":"https:\/\/ds-barranquilla.org\/?s={search_term_string}"},"query-input":"required name=search_term_string"}],"inLanguage":"de"},{"@type":"Organization","@id":"https:\/\/ds-barranquilla.org\/#organization","name":"Colegio Alem\u00e1n Barranquilla","url":"https:\/\/ds-barranquilla.org\/","logo":{"@type":"ImageObject","inLanguage":"de","@id":"https:\/\/ds-barranquilla.org\/#\/schema\/logo\/image\/","url":"https:\/\/ds-barranquilla.org\/wp-content\/uploads\/2021\/05\/coleman_logo_2.png","contentUrl":"https:\/\/ds-barranquilla.org\/wp-content\/uploads\/2021\/05\/coleman_logo_2.png","width":418,"height":307,"caption":"Colegio Alem\u00e1n Barranquilla"},"image":{"@id":"https:\/\/ds-barranquilla.org\/#\/schema\/logo\/image\/"},"sameAs":["https:\/\/www.facebook.com\/ColegioAlemanBaq\/","https:\/\/x.com\/ColegioAlemanBq","https:\/\/www.instagram.com\/colegioalemanbaq\/","https:\/\/www.linkedin.com\/school\/deutsche-schule-barranquilla\/","https:\/\/www.youtube.com\/channel\/UCOOGZQCVs6aYRqIWvSN5agQ"]},{"@type":"Person","@id":"https:\/\/ds-barranquilla.org\/#\/schema\/person\/7bf8790ba89d3480e0551241ccdc8d36","name":"Comunicaciones Comunicaciones","image":{"@type":"ImageObject","inLanguage":"de","@id":"https:\/\/ds-barranquilla.org\/#\/schema\/person\/image\/","url":"https:\/\/secure.gravatar.com\/avatar\/a66ba9484a4338d81d6bea750e595038?s=96&d=mm&r=g","contentUrl":"https:\/\/secure.gravatar.com\/avatar\/a66ba9484a4338d81d6bea750e595038?s=96&d=mm&r=g","caption":"Comunicaciones Comunicaciones"}}]}},"_links":{"self":[{"href":"https:\/\/ds-barranquilla.org\/de\/wp-json\/wp\/v2\/posts\/20220"}],"collection":[{"href":"https:\/\/ds-barranquilla.org\/de\/wp-json\/wp\/v2\/posts"}],"about":[{"href":"https:\/\/ds-barranquilla.org\/de\/wp-json\/wp\/v2\/types\/post"}],"author":[{"embeddable":true,"href":"https:\/\/ds-barranquilla.org\/de\/wp-json\/wp\/v2\/users\/16"}],"replies":[{"embeddable":true,"href":"https:\/\/ds-barranquilla.org\/de\/wp-json\/wp\/v2\/comments?post=20220"}],"version-history":[{"count":3,"href":"https:\/\/ds-barranquilla.org\/de\/wp-json\/wp\/v2\/posts\/20220\/revisions"}],"predecessor-version":[{"id":20224,"href":"https:\/\/ds-barranquilla.org\/de\/wp-json\/wp\/v2\/posts\/20220\/revisions\/20224"}],"wp:featuredmedia":[{"embeddable":true,"href":"https:\/\/ds-barranquilla.org\/de\/wp-json\/wp\/v2\/media\/20221"}],"wp:attachment":[{"href":"https:\/\/ds-barranquilla.org\/de\/wp-json\/wp\/v2\/media?parent=20220"}],"wp:term":[{"taxonomy":"category","embeddable":true,"href":"https:\/\/ds-barranquilla.org\/de\/wp-json\/wp\/v2\/categories?post=20220"},{"taxonomy":"post_tag","embeddable":true,"href":"https:\/\/ds-barranquilla.org\/de\/wp-json\/wp\/v2\/tags?post=20220"}],"curies":[{"name":"wp","href":"https:\/\/api.w.org\/{rel}","templated":true}]}}