{"id":20225,"date":"2022-12-16T14:14:48","date_gmt":"2022-12-16T19:14:48","guid":{"rendered":"https:\/\/ds-barranquilla.org\/?p=20225"},"modified":"2022-12-20T09:43:22","modified_gmt":"2022-12-20T14:43:22","slug":"la-comunicacion-asertiva-propicia-un-espacio-seguro-rico-en-conocimientos-y-buenas-relaciones-interpersonales","status":"publish","type":"post","link":"https:\/\/ds-barranquilla.org\/de\/la-comunicacion-asertiva-propicia-un-espacio-seguro-rico-en-conocimientos-y-buenas-relaciones-interpersonales\/","title":{"rendered":"La comunicaci\u00f3n asertiva propicia un espacio seguro, rico en conocimientos y buenas relaciones interpersonales"},"content":{"rendered":"<h2><span style=\"color: #cc3524;\">La comunicaci\u00f3n asertiva propicia un espacio seguro, rico en conocimientos y buenas relaciones interpersonales<\/span><\/h2>\n<p>Como comunidad educativa internacional, seguimos apoy\u00e1ndonos en los atributos IB para fomentar en nuestros hijos y estudiantes valores que los hagan brillar por s\u00ed mismos en una sociedad que lucha por abrirle paso a las nuevas generaciones. En esta ocasi\u00f3n nuestra mirada se detiene en el atributo IB: \u201cSer buenos comunicadores\u201d.<\/p>\n<p>La comunicaci\u00f3n es un puente de doble v\u00eda que conecta a las personas entre s\u00ed. El lenguaje y el pensamiento de cada ser humano contribuye a que esa comunicaci\u00f3n fluya con mayor facilidad, por esto la importancia de enriquecerla no solo como base fundamental en el desarrollo de buenas relaciones sociales, sino tambi\u00e9n como pilar para aumentar nuestro intelecto, de tal forma que tengamos la capacidad de resolver situaciones de la vida diaria de manera asertiva.<\/p>\n<p>Algunas sugerencias que queremos compartir con ustedes para seguir fomentando en sus hijos este atributo son las siguientes:<\/p>\n<ul>\n<li>Crear un clima emocional que facilite la comunicaci\u00f3n ya que la manera como se dirijan a su hijo utilizando no solo la comunicaci\u00f3n verbal positiva, sino tambi\u00e9n la no verbal, permitir\u00e1 un espacio seguro y de confianza.<\/li>\n<li>Validar la informaci\u00f3n que ellos llevan a casa; aunque el contenido de la informaci\u00f3n sea de manera informal, de la far\u00e1ndula, sus gustos o de alguna informaci\u00f3n aprendida en clase, proporcionar\u00e1 confianza e importancia a sus comentarios y aprovechar\u00e1 para entender cu\u00e1l es el an\u00e1lisis que su hijo hace frente a determinada situaci\u00f3n o informaci\u00f3n.<\/li>\n<li>Transmitir la informaci\u00f3n desde diferentes formas, utilizando los canales sensoriales y as\u00ed asegurarse de que la informaci\u00f3n fue entendida completamente.<\/li>\n<li>Estimular el lenguaje expresivo y espont\u00e1neo, proporcionando momentos de debate o creando supuestas situaciones donde los ni\u00f1os o los j\u00f3venes propongan posibles soluciones, llev\u00e1ndolos a la reflexi\u00f3n.<\/li>\n<li>Socializar la nueva informaci\u00f3n sobre el mundo, compartir nuevo vocabulario de acuerdo a su edad, de tal forma que ellos puedan utilizarlo en determinado momento, apoy\u00e1ndose en lecturas, noticias, etc.<\/li>\n<li>Motivar constantemente y reconociendo en ellos el esfuerzo que hacen en aprender nuevos idiomas como el alem\u00e1n y el ingl\u00e9s.<\/li>\n<\/ul>\n<p><strong>Recuerden:<\/strong> con esfuerzo y trabajando en equipo -padres y colegio- lograremos que nuestros hijos sean buenos comunicadores, abiertos a una sociedad internacional donde todos somos valorados y aceptados.<\/p>\n<p><strong>Hermy Luz Quiroz<\/strong><br \/>\nFonoaudi\u00f3loga escolar<br \/>\nLogop\u00e4din<br \/>\nFomento del Aprendizaje<br \/>\nLern und Sprachf\u00f6rderung<\/p>","protected":false},"excerpt":{"rendered":"<p>La comunicaci\u00f3n asertiva propicia un espacio seguro, rico en conocimientos y buenas relaciones interpersonales Como comunidad educativa internacional, seguimos apoy\u00e1ndonos en los atributos IB para fomentar<span class=\"excerpt-hellip\"> [\u2026]<\/span><\/p>","protected":false},"author":16,"featured_media":20228,"comment_status":"open","ping_status":"open","sticky":false,"template":"","format":"standard","meta":{"_exactmetrics_skip_tracking":false,"_exactmetrics_sitenote_active":false,"_exactmetrics_sitenote_note":"","_exactmetrics_sitenote_category":0,"_joinchat":[],"footnotes":""},"categories":[672,694,705],"tags":[],"class_list":["post-20225","post","type-post","status-publish","format-standard","has-post-thumbnail","hentry","category-672","category-bachillerato-internacional","category-orientacion-psicoeducativa"],"yoast_head":"<!-- This site is optimized with the Yoast SEO plugin v23.3 - https:\/\/yoast.com\/wordpress\/plugins\/seo\/ -->\n<title>Claves para una comunicaci\u00f3n asertiva<\/title>\n<meta name=\"description\" content=\"La comunicaci\u00f3n asertiva propicia un espacio seguro, rico en conocimientos y buenas relaciones interpersonales.\" \/>\n<meta name=\"robots\" content=\"noindex, follow, max-snippet:-1, max-image-preview:large, max-video-preview:-1\" \/>\n<meta property=\"og:locale\" content=\"de_DE\" \/>\n<meta property=\"og:type\" content=\"article\" \/>\n<meta property=\"og:title\" content=\"Claves para una comunicaci\u00f3n asertiva\" \/>\n<meta property=\"og:description\" content=\"La comunicaci\u00f3n asertiva propicia un espacio seguro, rico en conocimientos y buenas relaciones interpersonales.\" \/>\n<meta property=\"og:url\" content=\"https:\/\/ds-barranquilla.org\/de\/la-comunicacion-asertiva-propicia-un-espacio-seguro-rico-en-conocimientos-y-buenas-relaciones-interpersonales\/\" \/>\n<meta property=\"og:site_name\" content=\"Colegio Alem\u00e1n - Los Mejores Colegios de Colombia - Colegio Triling\u00fce\" \/>\n<meta property=\"article:publisher\" content=\"https:\/\/www.facebook.com\/ColegioAlemanBaq\/\" \/>\n<meta property=\"article:published_time\" content=\"2022-12-16T19:14:48+00:00\" \/>\n<meta property=\"article:modified_time\" content=\"2022-12-20T14:43:22+00:00\" \/>\n<meta property=\"og:image\" content=\"https:\/\/ds-barranquilla.org\/wp-content\/uploads\/2022\/12\/Atributo-IB-Buenos-Comunicadores-scaled.jpg\" \/>\n\t<meta property=\"og:image:width\" content=\"2560\" \/>\n\t<meta property=\"og:image:height\" content=\"1050\" \/>\n\t<meta property=\"og:image:type\" content=\"image\/jpeg\" \/>\n<meta name=\"author\" content=\"Comunicaciones Comunicaciones\" \/>\n<meta name=\"twitter:card\" content=\"summary_large_image\" \/>\n<meta name=\"twitter:creator\" content=\"@ColegioAlemanBq\" \/>\n<meta name=\"twitter:site\" content=\"@ColegioAlemanBq\" \/>\n<meta name=\"twitter:label1\" content=\"Verfasst von\" \/>\n\t<meta name=\"twitter:data1\" content=\"Comunicaciones Comunicaciones\" \/>\n\t<meta name=\"twitter:label2\" content=\"Gesch\u00e4tzte Lesezeit\" \/>\n\t<meta name=\"twitter:data2\" content=\"2\u00a0Minuten\" \/>\n<script type=\"application\/ld+json\" class=\"yoast-schema-graph\">{\"@context\":\"https:\/\/schema.org\",\"@graph\":[{\"@type\":\"Article\",\"@id\":\"https:\/\/ds-barranquilla.org\/de\/la-comunicacion-asertiva-propicia-un-espacio-seguro-rico-en-conocimientos-y-buenas-relaciones-interpersonales\/#article\",\"isPartOf\":{\"@id\":\"https:\/\/ds-barranquilla.org\/de\/la-comunicacion-asertiva-propicia-un-espacio-seguro-rico-en-conocimientos-y-buenas-relaciones-interpersonales\/\"},\"author\":{\"name\":\"Comunicaciones Comunicaciones\",\"@id\":\"https:\/\/ds-barranquilla.org\/#\/schema\/person\/7bf8790ba89d3480e0551241ccdc8d36\"},\"headline\":\"La comunicaci\u00f3n asertiva propicia un espacio seguro, rico en conocimientos y buenas relaciones interpersonales\",\"datePublished\":\"2022-12-16T19:14:48+00:00\",\"dateModified\":\"2022-12-20T14:43:22+00:00\",\"mainEntityOfPage\":{\"@id\":\"https:\/\/ds-barranquilla.org\/de\/la-comunicacion-asertiva-propicia-un-espacio-seguro-rico-en-conocimientos-y-buenas-relaciones-interpersonales\/\"},\"wordCount\":435,\"commentCount\":0,\"publisher\":{\"@id\":\"https:\/\/ds-barranquilla.org\/#organization\"},\"image\":{\"@id\":\"https:\/\/ds-barranquilla.org\/de\/la-comunicacion-asertiva-propicia-un-espacio-seguro-rico-en-conocimientos-y-buenas-relaciones-interpersonales\/#primaryimage\"},\"thumbnailUrl\":\"https:\/\/ds-barranquilla.org\/wp-content\/uploads\/2022\/12\/Atributo-IB-Buenos-Comunicadores-scaled.jpg\",\"articleSection\":[\"2022\",\"Bachillerato Internacional\",\"Orientaci\u00f3n Psicoeducativa\"],\"inLanguage\":\"de\",\"potentialAction\":[{\"@type\":\"CommentAction\",\"name\":\"Comment\",\"target\":[\"https:\/\/ds-barranquilla.org\/de\/la-comunicacion-asertiva-propicia-un-espacio-seguro-rico-en-conocimientos-y-buenas-relaciones-interpersonales\/#respond\"]}]},{\"@type\":\"WebPage\",\"@id\":\"https:\/\/ds-barranquilla.org\/de\/la-comunicacion-asertiva-propicia-un-espacio-seguro-rico-en-conocimientos-y-buenas-relaciones-interpersonales\/\",\"url\":\"https:\/\/ds-barranquilla.org\/de\/la-comunicacion-asertiva-propicia-un-espacio-seguro-rico-en-conocimientos-y-buenas-relaciones-interpersonales\/\",\"name\":\"Claves para una comunicaci\u00f3n asertiva\",\"isPartOf\":{\"@id\":\"https:\/\/ds-barranquilla.org\/#website\"},\"primaryImageOfPage\":{\"@id\":\"https:\/\/ds-barranquilla.org\/de\/la-comunicacion-asertiva-propicia-un-espacio-seguro-rico-en-conocimientos-y-buenas-relaciones-interpersonales\/#primaryimage\"},\"image\":{\"@id\":\"https:\/\/ds-barranquilla.org\/de\/la-comunicacion-asertiva-propicia-un-espacio-seguro-rico-en-conocimientos-y-buenas-relaciones-interpersonales\/#primaryimage\"},\"thumbnailUrl\":\"https:\/\/ds-barranquilla.org\/wp-content\/uploads\/2022\/12\/Atributo-IB-Buenos-Comunicadores-scaled.jpg\",\"datePublished\":\"2022-12-16T19:14:48+00:00\",\"dateModified\":\"2022-12-20T14:43:22+00:00\",\"description\":\"La comunicaci\u00f3n asertiva propicia un espacio seguro, rico en conocimientos y buenas relaciones interpersonales.\",\"breadcrumb\":{\"@id\":\"https:\/\/ds-barranquilla.org\/de\/la-comunicacion-asertiva-propicia-un-espacio-seguro-rico-en-conocimientos-y-buenas-relaciones-interpersonales\/#breadcrumb\"},\"inLanguage\":\"de\",\"potentialAction\":[{\"@type\":\"ReadAction\",\"target\":[\"https:\/\/ds-barranquilla.org\/de\/la-comunicacion-asertiva-propicia-un-espacio-seguro-rico-en-conocimientos-y-buenas-relaciones-interpersonales\/\"]}]},{\"@type\":\"ImageObject\",\"inLanguage\":\"de\",\"@id\":\"https:\/\/ds-barranquilla.org\/de\/la-comunicacion-asertiva-propicia-un-espacio-seguro-rico-en-conocimientos-y-buenas-relaciones-interpersonales\/#primaryimage\",\"url\":\"https:\/\/ds-barranquilla.org\/wp-content\/uploads\/2022\/12\/Atributo-IB-Buenos-Comunicadores-scaled.jpg\",\"contentUrl\":\"https:\/\/ds-barranquilla.org\/wp-content\/uploads\/2022\/12\/Atributo-IB-Buenos-Comunicadores-scaled.jpg\",\"width\":2560,\"height\":1050,\"caption\":\"Atributo IB - Buenos Comunicadores\"},{\"@type\":\"BreadcrumbList\",\"@id\":\"https:\/\/ds-barranquilla.org\/de\/la-comunicacion-asertiva-propicia-un-espacio-seguro-rico-en-conocimientos-y-buenas-relaciones-interpersonales\/#breadcrumb\",\"itemListElement\":[{\"@type\":\"ListItem\",\"position\":1,\"name\":\"Portada\",\"item\":\"https:\/\/ds-barranquilla.org\/\"},{\"@type\":\"ListItem\",\"position\":2,\"name\":\"La comunicaci\u00f3n asertiva propicia un espacio seguro, rico en conocimientos y buenas relaciones interpersonales\"}]},{\"@type\":\"WebSite\",\"@id\":\"https:\/\/ds-barranquilla.org\/#website\",\"url\":\"https:\/\/ds-barranquilla.org\/\",\"name\":\"Colegio Alem\u00e1n - Los Mejores Colegios de Colombia - Colegio Triling\u00fce\",\"description\":\"Colegio Alem\u00e1n  Barranquilla Colombia - Colegio Biling\u00fce - Triling\u00fce - El Mejor Colegio de Colombia\",\"publisher\":{\"@id\":\"https:\/\/ds-barranquilla.org\/#organization\"},\"potentialAction\":[{\"@type\":\"SearchAction\",\"target\":{\"@type\":\"EntryPoint\",\"urlTemplate\":\"https:\/\/ds-barranquilla.org\/?s={search_term_string}\"},\"query-input\":\"required name=search_term_string\"}],\"inLanguage\":\"de\"},{\"@type\":\"Organization\",\"@id\":\"https:\/\/ds-barranquilla.org\/#organization\",\"name\":\"Colegio Alem\u00e1n Barranquilla\",\"url\":\"https:\/\/ds-barranquilla.org\/\",\"logo\":{\"@type\":\"ImageObject\",\"inLanguage\":\"de\",\"@id\":\"https:\/\/ds-barranquilla.org\/#\/schema\/logo\/image\/\",\"url\":\"https:\/\/ds-barranquilla.org\/wp-content\/uploads\/2021\/05\/coleman_logo_2.png\",\"contentUrl\":\"https:\/\/ds-barranquilla.org\/wp-content\/uploads\/2021\/05\/coleman_logo_2.png\",\"width\":418,\"height\":307,\"caption\":\"Colegio Alem\u00e1n Barranquilla\"},\"image\":{\"@id\":\"https:\/\/ds-barranquilla.org\/#\/schema\/logo\/image\/\"},\"sameAs\":[\"https:\/\/www.facebook.com\/ColegioAlemanBaq\/\",\"https:\/\/x.com\/ColegioAlemanBq\",\"https:\/\/www.instagram.com\/colegioalemanbaq\/\",\"https:\/\/www.linkedin.com\/school\/deutsche-schule-barranquilla\/\",\"https:\/\/www.youtube.com\/channel\/UCOOGZQCVs6aYRqIWvSN5agQ\"]},{\"@type\":\"Person\",\"@id\":\"https:\/\/ds-barranquilla.org\/#\/schema\/person\/7bf8790ba89d3480e0551241ccdc8d36\",\"name\":\"Comunicaciones Comunicaciones\",\"image\":{\"@type\":\"ImageObject\",\"inLanguage\":\"de\",\"@id\":\"https:\/\/ds-barranquilla.org\/#\/schema\/person\/image\/\",\"url\":\"https:\/\/secure.gravatar.com\/avatar\/a66ba9484a4338d81d6bea750e595038?s=96&d=mm&r=g\",\"contentUrl\":\"https:\/\/secure.gravatar.com\/avatar\/a66ba9484a4338d81d6bea750e595038?s=96&d=mm&r=g\",\"caption\":\"Comunicaciones Comunicaciones\"}}]}<\/script>\n<!-- \/ Yoast SEO plugin. -->","yoast_head_json":{"title":"Claves para una comunicaci\u00f3n asertiva","description":"La comunicaci\u00f3n asertiva propicia un espacio seguro, rico en conocimientos y buenas relaciones interpersonales.","robots":{"index":"noindex","follow":"follow","max-snippet":"max-snippet:-1","max-image-preview":"max-image-preview:large","max-video-preview":"max-video-preview:-1"},"og_locale":"de_DE","og_type":"article","og_title":"Claves para una comunicaci\u00f3n asertiva","og_description":"La comunicaci\u00f3n asertiva propicia un espacio seguro, rico en conocimientos y buenas relaciones interpersonales.","og_url":"https:\/\/ds-barranquilla.org\/de\/la-comunicacion-asertiva-propicia-un-espacio-seguro-rico-en-conocimientos-y-buenas-relaciones-interpersonales\/","og_site_name":"Colegio Alem\u00e1n - Los Mejores Colegios de Colombia - Colegio Triling\u00fce","article_publisher":"https:\/\/www.facebook.com\/ColegioAlemanBaq\/","article_published_time":"2022-12-16T19:14:48+00:00","article_modified_time":"2022-12-20T14:43:22+00:00","og_image":[{"width":2560,"height":1050,"url":"https:\/\/ds-barranquilla.org\/wp-content\/uploads\/2022\/12\/Atributo-IB-Buenos-Comunicadores-scaled.jpg","type":"image\/jpeg"}],"author":"Comunicaciones Comunicaciones","twitter_card":"summary_large_image","twitter_creator":"@ColegioAlemanBq","twitter_site":"@ColegioAlemanBq","twitter_misc":{"Verfasst von":"Comunicaciones Comunicaciones","Gesch\u00e4tzte Lesezeit":"2\u00a0Minuten"},"schema":{"@context":"https:\/\/schema.org","@graph":[{"@type":"Article","@id":"https:\/\/ds-barranquilla.org\/de\/la-comunicacion-asertiva-propicia-un-espacio-seguro-rico-en-conocimientos-y-buenas-relaciones-interpersonales\/#article","isPartOf":{"@id":"https:\/\/ds-barranquilla.org\/de\/la-comunicacion-asertiva-propicia-un-espacio-seguro-rico-en-conocimientos-y-buenas-relaciones-interpersonales\/"},"author":{"name":"Comunicaciones Comunicaciones","@id":"https:\/\/ds-barranquilla.org\/#\/schema\/person\/7bf8790ba89d3480e0551241ccdc8d36"},"headline":"La comunicaci\u00f3n asertiva propicia un espacio seguro, rico en conocimientos y buenas relaciones interpersonales","datePublished":"2022-12-16T19:14:48+00:00","dateModified":"2022-12-20T14:43:22+00:00","mainEntityOfPage":{"@id":"https:\/\/ds-barranquilla.org\/de\/la-comunicacion-asertiva-propicia-un-espacio-seguro-rico-en-conocimientos-y-buenas-relaciones-interpersonales\/"},"wordCount":435,"commentCount":0,"publisher":{"@id":"https:\/\/ds-barranquilla.org\/#organization"},"image":{"@id":"https:\/\/ds-barranquilla.org\/de\/la-comunicacion-asertiva-propicia-un-espacio-seguro-rico-en-conocimientos-y-buenas-relaciones-interpersonales\/#primaryimage"},"thumbnailUrl":"https:\/\/ds-barranquilla.org\/wp-content\/uploads\/2022\/12\/Atributo-IB-Buenos-Comunicadores-scaled.jpg","articleSection":["2022","Bachillerato Internacional","Orientaci\u00f3n Psicoeducativa"],"inLanguage":"de","potentialAction":[{"@type":"CommentAction","name":"Comment","target":["https:\/\/ds-barranquilla.org\/de\/la-comunicacion-asertiva-propicia-un-espacio-seguro-rico-en-conocimientos-y-buenas-relaciones-interpersonales\/#respond"]}]},{"@type":"WebPage","@id":"https:\/\/ds-barranquilla.org\/de\/la-comunicacion-asertiva-propicia-un-espacio-seguro-rico-en-conocimientos-y-buenas-relaciones-interpersonales\/","url":"https:\/\/ds-barranquilla.org\/de\/la-comunicacion-asertiva-propicia-un-espacio-seguro-rico-en-conocimientos-y-buenas-relaciones-interpersonales\/","name":"Claves para una comunicaci\u00f3n asertiva","isPartOf":{"@id":"https:\/\/ds-barranquilla.org\/#website"},"primaryImageOfPage":{"@id":"https:\/\/ds-barranquilla.org\/de\/la-comunicacion-asertiva-propicia-un-espacio-seguro-rico-en-conocimientos-y-buenas-relaciones-interpersonales\/#primaryimage"},"image":{"@id":"https:\/\/ds-barranquilla.org\/de\/la-comunicacion-asertiva-propicia-un-espacio-seguro-rico-en-conocimientos-y-buenas-relaciones-interpersonales\/#primaryimage"},"thumbnailUrl":"https:\/\/ds-barranquilla.org\/wp-content\/uploads\/2022\/12\/Atributo-IB-Buenos-Comunicadores-scaled.jpg","datePublished":"2022-12-16T19:14:48+00:00","dateModified":"2022-12-20T14:43:22+00:00","description":"La comunicaci\u00f3n asertiva propicia un espacio seguro, rico en conocimientos y buenas relaciones interpersonales.","breadcrumb":{"@id":"https:\/\/ds-barranquilla.org\/de\/la-comunicacion-asertiva-propicia-un-espacio-seguro-rico-en-conocimientos-y-buenas-relaciones-interpersonales\/#breadcrumb"},"inLanguage":"de","potentialAction":[{"@type":"ReadAction","target":["https:\/\/ds-barranquilla.org\/de\/la-comunicacion-asertiva-propicia-un-espacio-seguro-rico-en-conocimientos-y-buenas-relaciones-interpersonales\/"]}]},{"@type":"ImageObject","inLanguage":"de","@id":"https:\/\/ds-barranquilla.org\/de\/la-comunicacion-asertiva-propicia-un-espacio-seguro-rico-en-conocimientos-y-buenas-relaciones-interpersonales\/#primaryimage","url":"https:\/\/ds-barranquilla.org\/wp-content\/uploads\/2022\/12\/Atributo-IB-Buenos-Comunicadores-scaled.jpg","contentUrl":"https:\/\/ds-barranquilla.org\/wp-content\/uploads\/2022\/12\/Atributo-IB-Buenos-Comunicadores-scaled.jpg","width":2560,"height":1050,"caption":"Atributo IB - Buenos Comunicadores"},{"@type":"BreadcrumbList","@id":"https:\/\/ds-barranquilla.org\/de\/la-comunicacion-asertiva-propicia-un-espacio-seguro-rico-en-conocimientos-y-buenas-relaciones-interpersonales\/#breadcrumb","itemListElement":[{"@type":"ListItem","position":1,"name":"Portada","item":"https:\/\/ds-barranquilla.org\/"},{"@type":"ListItem","position":2,"name":"La comunicaci\u00f3n asertiva propicia un espacio seguro, rico en conocimientos y buenas relaciones interpersonales"}]},{"@type":"WebSite","@id":"https:\/\/ds-barranquilla.org\/#website","url":"https:\/\/ds-barranquilla.org\/","name":"Colegio Alem\u00e1n - Los Mejores Colegios de Colombia - Colegio Triling\u00fce","description":"Colegio Alem\u00e1n  Barranquilla Colombia - Colegio Biling\u00fce - Triling\u00fce - El Mejor Colegio de Colombia","publisher":{"@id":"https:\/\/ds-barranquilla.org\/#organization"},"potentialAction":[{"@type":"SearchAction","target":{"@type":"EntryPoint","urlTemplate":"https:\/\/ds-barranquilla.org\/?s={search_term_string}"},"query-input":"required name=search_term_string"}],"inLanguage":"de"},{"@type":"Organization","@id":"https:\/\/ds-barranquilla.org\/#organization","name":"Colegio Alem\u00e1n Barranquilla","url":"https:\/\/ds-barranquilla.org\/","logo":{"@type":"ImageObject","inLanguage":"de","@id":"https:\/\/ds-barranquilla.org\/#\/schema\/logo\/image\/","url":"https:\/\/ds-barranquilla.org\/wp-content\/uploads\/2021\/05\/coleman_logo_2.png","contentUrl":"https:\/\/ds-barranquilla.org\/wp-content\/uploads\/2021\/05\/coleman_logo_2.png","width":418,"height":307,"caption":"Colegio Alem\u00e1n Barranquilla"},"image":{"@id":"https:\/\/ds-barranquilla.org\/#\/schema\/logo\/image\/"},"sameAs":["https:\/\/www.facebook.com\/ColegioAlemanBaq\/","https:\/\/x.com\/ColegioAlemanBq","https:\/\/www.instagram.com\/colegioalemanbaq\/","https:\/\/www.linkedin.com\/school\/deutsche-schule-barranquilla\/","https:\/\/www.youtube.com\/channel\/UCOOGZQCVs6aYRqIWvSN5agQ"]},{"@type":"Person","@id":"https:\/\/ds-barranquilla.org\/#\/schema\/person\/7bf8790ba89d3480e0551241ccdc8d36","name":"Comunicaciones Comunicaciones","image":{"@type":"ImageObject","inLanguage":"de","@id":"https:\/\/ds-barranquilla.org\/#\/schema\/person\/image\/","url":"https:\/\/secure.gravatar.com\/avatar\/a66ba9484a4338d81d6bea750e595038?s=96&d=mm&r=g","contentUrl":"https:\/\/secure.gravatar.com\/avatar\/a66ba9484a4338d81d6bea750e595038?s=96&d=mm&r=g","caption":"Comunicaciones Comunicaciones"}}]}},"_links":{"self":[{"href":"https:\/\/ds-barranquilla.org\/de\/wp-json\/wp\/v2\/posts\/20225"}],"collection":[{"href":"https:\/\/ds-barranquilla.org\/de\/wp-json\/wp\/v2\/posts"}],"about":[{"href":"https:\/\/ds-barranquilla.org\/de\/wp-json\/wp\/v2\/types\/post"}],"author":[{"embeddable":true,"href":"https:\/\/ds-barranquilla.org\/de\/wp-json\/wp\/v2\/users\/16"}],"replies":[{"embeddable":true,"href":"https:\/\/ds-barranquilla.org\/de\/wp-json\/wp\/v2\/comments?post=20225"}],"version-history":[{"count":1,"href":"https:\/\/ds-barranquilla.org\/de\/wp-json\/wp\/v2\/posts\/20225\/revisions"}],"predecessor-version":[{"id":20227,"href":"https:\/\/ds-barranquilla.org\/de\/wp-json\/wp\/v2\/posts\/20225\/revisions\/20227"}],"wp:featuredmedia":[{"embeddable":true,"href":"https:\/\/ds-barranquilla.org\/de\/wp-json\/wp\/v2\/media\/20228"}],"wp:attachment":[{"href":"https:\/\/ds-barranquilla.org\/de\/wp-json\/wp\/v2\/media?parent=20225"}],"wp:term":[{"taxonomy":"category","embeddable":true,"href":"https:\/\/ds-barranquilla.org\/de\/wp-json\/wp\/v2\/categories?post=20225"},{"taxonomy":"post_tag","embeddable":true,"href":"https:\/\/ds-barranquilla.org\/de\/wp-json\/wp\/v2\/tags?post=20225"}],"curies":[{"name":"wp","href":"https:\/\/api.w.org\/{rel}","templated":true}]}}