{"id":20492,"date":"2022-12-23T09:18:54","date_gmt":"2022-12-23T14:18:54","guid":{"rendered":"https:\/\/ds-barranquilla.org\/?p=20492"},"modified":"2022-12-23T09:18:54","modified_gmt":"2022-12-23T14:18:54","slug":"nuestro-proyecto-todos-pueden-ser-sankt-martin-fue-todo-un-exito","status":"publish","type":"post","link":"https:\/\/ds-barranquilla.org\/de\/nuestro-proyecto-todos-pueden-ser-sankt-martin-fue-todo-un-exito\/","title":{"rendered":"Nuestro proyecto `Todos pueden ser Sankt Martin\u2019 fue todo un \u00e9xito."},"content":{"rendered":"<div data-elementor-type=\"wp-post\" data-elementor-id=\"20492\" class=\"elementor elementor-20492\">\n\t\t\t\t\t\t<section class=\"elementor-section elementor-top-section elementor-element elementor-element-2ed469a elementor-section-boxed elementor-section-height-default elementor-section-height-default\" data-id=\"2ed469a\" data-element_type=\"section\">\n\t\t\t\t\t\t<div class=\"elementor-container elementor-column-gap-default\">\n\t\t\t\t\t<div class=\"elementor-column elementor-col-100 elementor-top-column elementor-element elementor-element-02848da\" data-id=\"02848da\" data-element_type=\"column\">\n\t\t\t<div class=\"elementor-widget-wrap elementor-element-populated\">\n\t\t\t\t\t\t<div class=\"elementor-element elementor-element-0e55942 elementor-widget elementor-widget-heading\" data-id=\"0e55942\" data-element_type=\"widget\" data-widget_type=\"heading.default\">\n\t\t\t\t<div class=\"elementor-widget-container\">\n\t\t\t<style>\/*! elementor - v3.23.0 - 05-08-2024 *\/\n.elementor-heading-title{padding:0;margin:0;line-height:1}.elementor-widget-heading .elementor-heading-title[class*=elementor-size-]>a{color:inherit;font-size:inherit;line-height:inherit}.elementor-widget-heading .elementor-heading-title.elementor-size-small{font-size:15px}.elementor-widget-heading .elementor-heading-title.elementor-size-medium{font-size:19px}.elementor-widget-heading .elementor-heading-title.elementor-size-large{font-size:29px}.elementor-widget-heading .elementor-heading-title.elementor-size-xl{font-size:39px}.elementor-widget-heading .elementor-heading-title.elementor-size-xxl{font-size:59px}<\/style><h2 class=\"elementor-heading-title elementor-size-default\">Nuestro proyecto `Todos pueden ser Sankt Martin\u00b4 fue todo un \u00e9xito.<\/h2>\t\t<\/div>\n\t\t\t\t<\/div>\n\t\t\t\t\t<\/div>\n\t\t<\/div>\n\t\t\t\t\t<\/div>\n\t\t<\/section>\n\t\t\t\t<section class=\"elementor-section elementor-top-section elementor-element elementor-element-fd667bd elementor-section-boxed elementor-section-height-default elementor-section-height-default\" data-id=\"fd667bd\" data-element_type=\"section\">\n\t\t\t\t\t\t<div class=\"elementor-container elementor-column-gap-default\">\n\t\t\t\t\t<div class=\"elementor-column elementor-col-100 elementor-top-column elementor-element elementor-element-40383f6\" data-id=\"40383f6\" data-element_type=\"column\">\n\t\t\t<div class=\"elementor-widget-wrap elementor-element-populated\">\n\t\t\t\t\t\t<div class=\"elementor-element elementor-element-20c27bb elementor-widget elementor-widget-text-editor\" data-id=\"20c27bb\" data-element_type=\"widget\" data-widget_type=\"text-editor.default\">\n\t\t\t\t<div class=\"elementor-widget-container\">\n\t\t\t<style>\/*! elementor - v3.23.0 - 05-08-2024 *\/\n.elementor-widget-text-editor.elementor-drop-cap-view-stacked .elementor-drop-cap{background-color:#69727d;color:#fff}.elementor-widget-text-editor.elementor-drop-cap-view-framed .elementor-drop-cap{color:#69727d;border:3px solid;background-color:transparent}.elementor-widget-text-editor:not(.elementor-drop-cap-view-default) .elementor-drop-cap{margin-top:8px}.elementor-widget-text-editor:not(.elementor-drop-cap-view-default) .elementor-drop-cap-letter{width:1em;height:1em}.elementor-widget-text-editor .elementor-drop-cap{float:left;text-align:center;line-height:1;font-size:50px}.elementor-widget-text-editor .elementor-drop-cap-letter{display:inline-block}<\/style>\t\t\t\t<p>Estamos pronto a finalizar el a\u00f1o 2022 y no pod\u00eda faltar nuestra campa\u00f1a &#8216;Meins wird Deins. Jeder kann Sankt Martin sein&#8217; \/ &#8216;Lo m\u00edo puede ser tuyo tambi\u00e9n, todos podemos ser San Mart\u00edn&#8217;. Este proyecto anual que inicia en el mes de noviembre tiene el objetivo de favorecer la formaci\u00f3n en valores de nuestros ni\u00f1os como ciudadanos del mundo adem\u00e1s de promover la solidaridad y la generosidad en ellos.<\/p><p>Este a\u00f1o, adem\u00e1s de entregar diversas ayudas a la Fundaci\u00f3n Sicomoro, ubicada cerca de la v\u00eda La Cordialidad de Barranquilla, sus donaciones fueron llevadas a los estudiantes de la Instituci\u00f3n Educativa de la vereda Las Nubes, ubicada a 4 kil\u00f3metros de Alameda del R\u00edo, en el territorio rural detr\u00e1s del Colegio Alem\u00e1n.<\/p>\t\t\t\t\t\t<\/div>\n\t\t\t\t<\/div>\n\t\t\t\t\t<\/div>\n\t\t<\/div>\n\t\t\t\t\t<\/div>\n\t\t<\/section>\n\t\t\t\t<section class=\"elementor-section elementor-top-section elementor-element elementor-element-5bce5e8 elementor-section-boxed elementor-section-height-default elementor-section-height-default\" data-id=\"5bce5e8\" data-element_type=\"section\">\n\t\t\t\t\t\t<div class=\"elementor-container elementor-column-gap-default\">\n\t\t\t\t\t<div class=\"elementor-column elementor-col-50 elementor-top-column elementor-element elementor-element-bc32198\" data-id=\"bc32198\" data-element_type=\"column\">\n\t\t\t<div class=\"elementor-widget-wrap elementor-element-populated\">\n\t\t\t\t\t\t<div class=\"elementor-element elementor-element-8ff956f elementor-widget elementor-widget-text-editor\" data-id=\"8ff956f\" data-element_type=\"widget\" data-widget_type=\"text-editor.default\">\n\t\t\t\t<div class=\"elementor-widget-container\">\n\t\t\t\t\t\t\t<p><span style=\"letter-spacing: 0px;\">\u201cMuch\u00edsimas gracias por esta donaci\u00f3n, la cual ser\u00e1 muy \u00fatil para todos los proyectos y procesos que llevamos aqu\u00ed en la Fundaci\u00f3n. Son cuatro a\u00f1os consecutivos que llevamos trabajando con el Colegio Alem\u00e1n y estamos muy agradecidos por su gesti\u00f3n y todo el cari\u00f1o que tienen con nuestra fundaci\u00f3n\u201d expres\u00f3 Diana, directora de la Fundaci\u00f3n Sicomoro.<\/span><\/p>\n<p>Con un baile, y una interpretaci\u00f3n en guitarra, los ni\u00f1os de la Fundaci\u00f3n Sicomoro recibieron a los profesores de nuestra instituci\u00f3n demostrando su alegr\u00eda por la visita. Adem\u00e1s de entregar las donaciones, los profesores de nuestra instituci\u00f3n disfrutaron de una tarde amena compartiendo con los ni\u00f1os y padres de familia vinculados a la fundaci\u00f3n.<\/p>\t\t\t\t\t\t<\/div>\n\t\t\t\t<\/div>\n\t\t\t\t\t<\/div>\n\t\t<\/div>\n\t\t\t\t<div class=\"elementor-column elementor-col-50 elementor-top-column elementor-element elementor-element-2ff7421\" data-id=\"2ff7421\" data-element_type=\"column\">\n\t\t\t<div class=\"elementor-widget-wrap elementor-element-populated\">\n\t\t\t\t\t\t<div class=\"elementor-element elementor-element-312a96d elementor-widget elementor-widget-image\" data-id=\"312a96d\" data-element_type=\"widget\" data-widget_type=\"image.default\">\n\t\t\t\t<div class=\"elementor-widget-container\">\n\t\t\t<style>\/*! elementor - v3.23.0 - 05-08-2024 *\/\n.elementor-widget-image{text-align:center}.elementor-widget-image a{display:inline-block}.elementor-widget-image a img[src$=\".svg\"]{width:48px}.elementor-widget-image img{vertical-align:middle;display:inline-block}<\/style>\t\t\t\t\t\t\t\t\t\t<img fetchpriority=\"high\" decoding=\"async\" width=\"768\" height=\"576\" src=\"https:\/\/ds-barranquilla.org\/wp-content\/uploads\/2022\/12\/IMG_9121-768x576.jpg\" class=\"attachment-medium_large size-medium_large wp-image-20501\" alt=\"\" srcset=\"https:\/\/ds-barranquilla.org\/wp-content\/uploads\/2022\/12\/IMG_9121-768x576.jpg 768w, https:\/\/ds-barranquilla.org\/wp-content\/uploads\/2022\/12\/IMG_9121-300x225.jpg 300w, https:\/\/ds-barranquilla.org\/wp-content\/uploads\/2022\/12\/IMG_9121-1024x768.jpg 1024w, https:\/\/ds-barranquilla.org\/wp-content\/uploads\/2022\/12\/IMG_9121-1536x1152.jpg 1536w, https:\/\/ds-barranquilla.org\/wp-content\/uploads\/2022\/12\/IMG_9121-2048x1536.jpg 2048w, https:\/\/ds-barranquilla.org\/wp-content\/uploads\/2022\/12\/IMG_9121-16x12.jpg 16w, https:\/\/ds-barranquilla.org\/wp-content\/uploads\/2022\/12\/IMG_9121-195x146.jpg 195w, https:\/\/ds-barranquilla.org\/wp-content\/uploads\/2022\/12\/IMG_9121-50x38.jpg 50w, https:\/\/ds-barranquilla.org\/wp-content\/uploads\/2022\/12\/IMG_9121-100x75.jpg 100w, https:\/\/ds-barranquilla.org\/wp-content\/uploads\/2022\/12\/IMG_9121-800x600.jpg 800w\" sizes=\"(max-width:767px) 480px, (max-width:768px) 100vw, 768px\" \/>\t\t\t\t\t\t\t\t\t\t\t\t\t<\/div>\n\t\t\t\t<\/div>\n\t\t\t\t\t<\/div>\n\t\t<\/div>\n\t\t\t\t\t<\/div>\n\t\t<\/section>\n\t\t\t\t<section class=\"elementor-section elementor-top-section elementor-element elementor-element-bf613d2 elementor-section-boxed elementor-section-height-default elementor-section-height-default\" data-id=\"bf613d2\" data-element_type=\"section\">\n\t\t\t\t\t\t<div class=\"elementor-container elementor-column-gap-default\">\n\t\t\t\t\t<div class=\"elementor-column elementor-col-50 elementor-top-column elementor-element elementor-element-8023b2f\" data-id=\"8023b2f\" data-element_type=\"column\">\n\t\t\t<div class=\"elementor-widget-wrap elementor-element-populated\">\n\t\t\t\t\t\t<div class=\"elementor-element elementor-element-d4009aa elementor-widget elementor-widget-image\" data-id=\"d4009aa\" data-element_type=\"widget\" data-widget_type=\"image.default\">\n\t\t\t\t<div class=\"elementor-widget-container\">\n\t\t\t\t\t\t\t\t\t\t\t\t\t<img decoding=\"async\" width=\"768\" height=\"576\" src=\"https:\/\/ds-barranquilla.org\/wp-content\/uploads\/2022\/12\/d669b614-1448-4e18-8f3b-5ce4011ada78-768x576.jpeg\" class=\"attachment-medium_large size-medium_large wp-image-20503\" alt=\"\" srcset=\"https:\/\/ds-barranquilla.org\/wp-content\/uploads\/2022\/12\/d669b614-1448-4e18-8f3b-5ce4011ada78-768x576.jpeg 768w, https:\/\/ds-barranquilla.org\/wp-content\/uploads\/2022\/12\/d669b614-1448-4e18-8f3b-5ce4011ada78-300x225.jpeg 300w, https:\/\/ds-barranquilla.org\/wp-content\/uploads\/2022\/12\/d669b614-1448-4e18-8f3b-5ce4011ada78-1024x768.jpeg 1024w, https:\/\/ds-barranquilla.org\/wp-content\/uploads\/2022\/12\/d669b614-1448-4e18-8f3b-5ce4011ada78-1536x1152.jpeg 1536w, https:\/\/ds-barranquilla.org\/wp-content\/uploads\/2022\/12\/d669b614-1448-4e18-8f3b-5ce4011ada78-16x12.jpeg 16w, https:\/\/ds-barranquilla.org\/wp-content\/uploads\/2022\/12\/d669b614-1448-4e18-8f3b-5ce4011ada78-195x146.jpeg 195w, https:\/\/ds-barranquilla.org\/wp-content\/uploads\/2022\/12\/d669b614-1448-4e18-8f3b-5ce4011ada78-50x38.jpeg 50w, https:\/\/ds-barranquilla.org\/wp-content\/uploads\/2022\/12\/d669b614-1448-4e18-8f3b-5ce4011ada78-100x75.jpeg 100w, https:\/\/ds-barranquilla.org\/wp-content\/uploads\/2022\/12\/d669b614-1448-4e18-8f3b-5ce4011ada78-800x600.jpeg 800w, https:\/\/ds-barranquilla.org\/wp-content\/uploads\/2022\/12\/d669b614-1448-4e18-8f3b-5ce4011ada78.jpeg 1600w\" sizes=\"(max-width:767px) 480px, (max-width:768px) 100vw, 768px\" \/>\t\t\t\t\t\t\t\t\t\t\t\t\t<\/div>\n\t\t\t\t<\/div>\n\t\t\t\t\t<\/div>\n\t\t<\/div>\n\t\t\t\t<div class=\"elementor-column elementor-col-50 elementor-top-column elementor-element elementor-element-ebd09a5\" data-id=\"ebd09a5\" data-element_type=\"column\">\n\t\t\t<div class=\"elementor-widget-wrap elementor-element-populated\">\n\t\t\t\t\t\t<div class=\"elementor-element elementor-element-79076a6 elementor-widget elementor-widget-text-editor\" data-id=\"79076a6\" data-element_type=\"widget\" data-widget_type=\"text-editor.default\">\n\t\t\t\t<div class=\"elementor-widget-container\">\n\t\t\t\t\t\t\t<p>Tambi\u00e9n, en la Instituci\u00f3n Educativa de la vereda Las Nubes, estuvimos acompa\u00f1ados por los estudiantes del Programa CAS (Creatividad, Actividad y Servicio) del Bachillerato Internacionales, quienes compartieron una merienda y cantaron villancicos con los ni\u00f1os. Adem\u00e1s, realizaron una actividad en donde los ni\u00f1os escog\u00edan a uno de nuestros estudiantes para trabajar individualmente y llegar a conocerlos.<\/p>\t\t\t\t\t\t<\/div>\n\t\t\t\t<\/div>\n\t\t\t\t\t<\/div>\n\t\t<\/div>\n\t\t\t\t\t<\/div>\n\t\t<\/section>\n\t\t\t\t<section class=\"elementor-section elementor-top-section elementor-element elementor-element-3f6e23e elementor-section-boxed elementor-section-height-default elementor-section-height-default\" data-id=\"3f6e23e\" data-element_type=\"section\">\n\t\t\t\t\t\t<div class=\"elementor-container elementor-column-gap-default\">\n\t\t\t\t\t<div class=\"elementor-column elementor-col-100 elementor-top-column elementor-element elementor-element-1b8e5ab\" data-id=\"1b8e5ab\" data-element_type=\"column\">\n\t\t\t<div class=\"elementor-widget-wrap elementor-element-populated\">\n\t\t\t\t\t\t<div class=\"elementor-element elementor-element-06d5ed6 elementor-widget elementor-widget-text-editor\" data-id=\"06d5ed6\" data-element_type=\"widget\" data-widget_type=\"text-editor.default\">\n\t\t\t\t<div class=\"elementor-widget-container\">\n\t\t\t\t\t\t\t<p>\u201cFue sin duda una experiencia \u00fanica y que repetir\u00edamos muchas veces, poder conocer a estos ni\u00f1os y j\u00f3venes, conocer de sus familias, estilos de vidas, sobre ellos y el ver c\u00f3mo un simple detalle era capaz de cambiarles el d\u00eda fue algo que nos llen\u00f3 el coraz\u00f3n de mucha emoci\u00f3n\u201d, afirma Sof\u00eda Mu\u00f1oz, estudiante de la Klasse 11C quien asisti\u00f3 a la entrega en la Instituci\u00f3n Educativa de la vereda Las Nubes.<\/p><p>Queremos dar un especial agradecimientos todas las familia por sus donaciones. Gracias a su generosidad y apoyo este proyecto continua a\u00f1o tras a\u00f1o es nuestra instituci\u00f3n con el cual podemos hacer la diferencia. A nuestros estudiantes, gracias por su disposici\u00f3n para servir y ayudar.<\/p><p>Para toda la comunidad del Colegio Alem\u00e1n, \u00a1Gracias! Es por ustedes que este proyecto es un \u00e9xito cada a\u00f1o.<\/p>\t\t\t\t\t\t<\/div>\n\t\t\t\t<\/div>\n\t\t\t\t\t<\/div>\n\t\t<\/div>\n\t\t\t\t\t<\/div>\n\t\t<\/section>\n\t\t\t\t<\/div>","protected":false},"excerpt":{"rendered":"<p>Nuestro proyecto `Todos pueden ser Sankt Martin\u00b4 fue todo un \u00e9xito. Estamos pronto a finalizar el a\u00f1o 2022 y no pod\u00eda faltar nuestra campa\u00f1a &#8216;Meins wird<span class=\"excerpt-hellip\"> [\u2026]<\/span><\/p>","protected":false},"author":16,"featured_media":20538,"comment_status":"open","ping_status":"open","sticky":false,"template":"","format":"standard","meta":{"_exactmetrics_skip_tracking":false,"_exactmetrics_sitenote_active":false,"_exactmetrics_sitenote_note":"","_exactmetrics_sitenote_category":0,"_joinchat":[],"footnotes":""},"categories":[672,694,697,677],"tags":[],"class_list":["post-20492","post","type-post","status-publish","format-standard","has-post-thumbnail","hentry","category-672","category-bachillerato-internacional","category-cas","category-kindergarten"],"yoast_head":"<!-- This site is optimized with the Yoast SEO plugin v23.3 - https:\/\/yoast.com\/wordpress\/plugins\/seo\/ -->\n<title>Nuestro proyecto `Todos pueden ser Sankt Martin\u2019 fue todo un \u00e9xito.<\/title>\n<meta name=\"robots\" content=\"noindex, follow, max-snippet:-1, max-image-preview:large, max-video-preview:-1\" \/>\n<meta property=\"og:locale\" content=\"de_DE\" \/>\n<meta property=\"og:type\" content=\"article\" \/>\n<meta property=\"og:title\" content=\"Nuestro proyecto `Todos pueden ser Sankt Martin\u2019 fue todo un \u00e9xito.\" \/>\n<meta property=\"og:description\" content=\"Nuestro proyecto `Todos pueden ser Sankt Martin\u00b4 fue todo un \u00e9xito. Estamos pronto a finalizar el a\u00f1o 2022 y no pod\u00eda faltar nuestra campa\u00f1a &#8216;Meins wird [\u2026]\" \/>\n<meta property=\"og:url\" content=\"https:\/\/ds-barranquilla.org\/de\/nuestro-proyecto-todos-pueden-ser-sankt-martin-fue-todo-un-exito\/\" \/>\n<meta property=\"og:site_name\" content=\"Colegio Alem\u00e1n - Los Mejores Colegios de Colombia - Colegio Triling\u00fce\" \/>\n<meta property=\"article:publisher\" content=\"https:\/\/www.facebook.com\/ColegioAlemanBaq\/\" \/>\n<meta property=\"article:published_time\" content=\"2022-12-23T14:18:54+00:00\" \/>\n<meta property=\"og:image\" content=\"https:\/\/ds-barranquilla.org\/wp-content\/uploads\/2022\/12\/Banner-noticias-Blog.png\" \/>\n\t<meta property=\"og:image:width\" content=\"1170\" \/>\n\t<meta property=\"og:image:height\" content=\"480\" \/>\n\t<meta property=\"og:image:type\" content=\"image\/png\" \/>\n<meta name=\"author\" content=\"Comunicaciones Comunicaciones\" \/>\n<meta name=\"twitter:card\" content=\"summary_large_image\" \/>\n<meta name=\"twitter:creator\" content=\"@ColegioAlemanBq\" \/>\n<meta name=\"twitter:site\" content=\"@ColegioAlemanBq\" \/>\n<meta name=\"twitter:label1\" content=\"Verfasst von\" \/>\n\t<meta name=\"twitter:data1\" content=\"Comunicaciones Comunicaciones\" \/>\n\t<meta name=\"twitter:label2\" content=\"Gesch\u00e4tzte Lesezeit\" \/>\n\t<meta name=\"twitter:data2\" content=\"2\u00a0Minuten\" \/>\n<script type=\"application\/ld+json\" class=\"yoast-schema-graph\">{\"@context\":\"https:\/\/schema.org\",\"@graph\":[{\"@type\":\"Article\",\"@id\":\"https:\/\/ds-barranquilla.org\/de\/nuestro-proyecto-todos-pueden-ser-sankt-martin-fue-todo-un-exito\/#article\",\"isPartOf\":{\"@id\":\"https:\/\/ds-barranquilla.org\/de\/nuestro-proyecto-todos-pueden-ser-sankt-martin-fue-todo-un-exito\/\"},\"author\":{\"name\":\"Comunicaciones Comunicaciones\",\"@id\":\"https:\/\/ds-barranquilla.org\/#\/schema\/person\/7bf8790ba89d3480e0551241ccdc8d36\"},\"headline\":\"Nuestro proyecto `Todos pueden ser Sankt Martin\u2019 fue todo un \u00e9xito.\",\"datePublished\":\"2022-12-23T14:18:54+00:00\",\"dateModified\":\"2022-12-23T14:18:54+00:00\",\"mainEntityOfPage\":{\"@id\":\"https:\/\/ds-barranquilla.org\/de\/nuestro-proyecto-todos-pueden-ser-sankt-martin-fue-todo-un-exito\/\"},\"wordCount\":500,\"commentCount\":0,\"publisher\":{\"@id\":\"https:\/\/ds-barranquilla.org\/#organization\"},\"image\":{\"@id\":\"https:\/\/ds-barranquilla.org\/de\/nuestro-proyecto-todos-pueden-ser-sankt-martin-fue-todo-un-exito\/#primaryimage\"},\"thumbnailUrl\":\"https:\/\/ds-barranquilla.org\/wp-content\/uploads\/2022\/12\/Banner-noticias-Blog.png\",\"articleSection\":[\"2022\",\"Bachillerato Internacional\",\"CAS\",\"Kindergarten\"],\"inLanguage\":\"de\",\"potentialAction\":[{\"@type\":\"CommentAction\",\"name\":\"Comment\",\"target\":[\"https:\/\/ds-barranquilla.org\/de\/nuestro-proyecto-todos-pueden-ser-sankt-martin-fue-todo-un-exito\/#respond\"]}]},{\"@type\":\"WebPage\",\"@id\":\"https:\/\/ds-barranquilla.org\/de\/nuestro-proyecto-todos-pueden-ser-sankt-martin-fue-todo-un-exito\/\",\"url\":\"https:\/\/ds-barranquilla.org\/de\/nuestro-proyecto-todos-pueden-ser-sankt-martin-fue-todo-un-exito\/\",\"name\":\"Nuestro proyecto `Todos pueden ser Sankt Martin\u2019 fue todo un \u00e9xito.\",\"isPartOf\":{\"@id\":\"https:\/\/ds-barranquilla.org\/#website\"},\"primaryImageOfPage\":{\"@id\":\"https:\/\/ds-barranquilla.org\/de\/nuestro-proyecto-todos-pueden-ser-sankt-martin-fue-todo-un-exito\/#primaryimage\"},\"image\":{\"@id\":\"https:\/\/ds-barranquilla.org\/de\/nuestro-proyecto-todos-pueden-ser-sankt-martin-fue-todo-un-exito\/#primaryimage\"},\"thumbnailUrl\":\"https:\/\/ds-barranquilla.org\/wp-content\/uploads\/2022\/12\/Banner-noticias-Blog.png\",\"datePublished\":\"2022-12-23T14:18:54+00:00\",\"dateModified\":\"2022-12-23T14:18:54+00:00\",\"breadcrumb\":{\"@id\":\"https:\/\/ds-barranquilla.org\/de\/nuestro-proyecto-todos-pueden-ser-sankt-martin-fue-todo-un-exito\/#breadcrumb\"},\"inLanguage\":\"de\",\"potentialAction\":[{\"@type\":\"ReadAction\",\"target\":[\"https:\/\/ds-barranquilla.org\/de\/nuestro-proyecto-todos-pueden-ser-sankt-martin-fue-todo-un-exito\/\"]}]},{\"@type\":\"ImageObject\",\"inLanguage\":\"de\",\"@id\":\"https:\/\/ds-barranquilla.org\/de\/nuestro-proyecto-todos-pueden-ser-sankt-martin-fue-todo-un-exito\/#primaryimage\",\"url\":\"https:\/\/ds-barranquilla.org\/wp-content\/uploads\/2022\/12\/Banner-noticias-Blog.png\",\"contentUrl\":\"https:\/\/ds-barranquilla.org\/wp-content\/uploads\/2022\/12\/Banner-noticias-Blog.png\",\"width\":1170,\"height\":480},{\"@type\":\"BreadcrumbList\",\"@id\":\"https:\/\/ds-barranquilla.org\/de\/nuestro-proyecto-todos-pueden-ser-sankt-martin-fue-todo-un-exito\/#breadcrumb\",\"itemListElement\":[{\"@type\":\"ListItem\",\"position\":1,\"name\":\"Portada\",\"item\":\"https:\/\/ds-barranquilla.org\/\"},{\"@type\":\"ListItem\",\"position\":2,\"name\":\"Nuestro proyecto `Todos pueden ser Sankt Martin\u2019 fue todo un \u00e9xito.\"}]},{\"@type\":\"WebSite\",\"@id\":\"https:\/\/ds-barranquilla.org\/#website\",\"url\":\"https:\/\/ds-barranquilla.org\/\",\"name\":\"Colegio Alem\u00e1n - Los Mejores Colegios de Colombia - Colegio Triling\u00fce\",\"description\":\"Colegio Alem\u00e1n  Barranquilla Colombia - Colegio Biling\u00fce - Triling\u00fce - El Mejor Colegio de Colombia\",\"publisher\":{\"@id\":\"https:\/\/ds-barranquilla.org\/#organization\"},\"potentialAction\":[{\"@type\":\"SearchAction\",\"target\":{\"@type\":\"EntryPoint\",\"urlTemplate\":\"https:\/\/ds-barranquilla.org\/?s={search_term_string}\"},\"query-input\":\"required name=search_term_string\"}],\"inLanguage\":\"de\"},{\"@type\":\"Organization\",\"@id\":\"https:\/\/ds-barranquilla.org\/#organization\",\"name\":\"Colegio Alem\u00e1n Barranquilla\",\"url\":\"https:\/\/ds-barranquilla.org\/\",\"logo\":{\"@type\":\"ImageObject\",\"inLanguage\":\"de\",\"@id\":\"https:\/\/ds-barranquilla.org\/#\/schema\/logo\/image\/\",\"url\":\"https:\/\/ds-barranquilla.org\/wp-content\/uploads\/2021\/05\/coleman_logo_2.png\",\"contentUrl\":\"https:\/\/ds-barranquilla.org\/wp-content\/uploads\/2021\/05\/coleman_logo_2.png\",\"width\":418,\"height\":307,\"caption\":\"Colegio Alem\u00e1n Barranquilla\"},\"image\":{\"@id\":\"https:\/\/ds-barranquilla.org\/#\/schema\/logo\/image\/\"},\"sameAs\":[\"https:\/\/www.facebook.com\/ColegioAlemanBaq\/\",\"https:\/\/x.com\/ColegioAlemanBq\",\"https:\/\/www.instagram.com\/colegioalemanbaq\/\",\"https:\/\/www.linkedin.com\/school\/deutsche-schule-barranquilla\/\",\"https:\/\/www.youtube.com\/channel\/UCOOGZQCVs6aYRqIWvSN5agQ\"]},{\"@type\":\"Person\",\"@id\":\"https:\/\/ds-barranquilla.org\/#\/schema\/person\/7bf8790ba89d3480e0551241ccdc8d36\",\"name\":\"Comunicaciones Comunicaciones\",\"image\":{\"@type\":\"ImageObject\",\"inLanguage\":\"de\",\"@id\":\"https:\/\/ds-barranquilla.org\/#\/schema\/person\/image\/\",\"url\":\"https:\/\/secure.gravatar.com\/avatar\/a66ba9484a4338d81d6bea750e595038?s=96&d=mm&r=g\",\"contentUrl\":\"https:\/\/secure.gravatar.com\/avatar\/a66ba9484a4338d81d6bea750e595038?s=96&d=mm&r=g\",\"caption\":\"Comunicaciones Comunicaciones\"}}]}<\/script>\n<!-- \/ Yoast SEO plugin. -->","yoast_head_json":{"title":"Nuestro proyecto `Todos pueden ser Sankt Martin\u2019 fue todo un \u00e9xito.","robots":{"index":"noindex","follow":"follow","max-snippet":"max-snippet:-1","max-image-preview":"max-image-preview:large","max-video-preview":"max-video-preview:-1"},"og_locale":"de_DE","og_type":"article","og_title":"Nuestro proyecto `Todos pueden ser Sankt Martin\u2019 fue todo un \u00e9xito.","og_description":"Nuestro proyecto `Todos pueden ser Sankt Martin\u00b4 fue todo un \u00e9xito. Estamos pronto a finalizar el a\u00f1o 2022 y no pod\u00eda faltar nuestra campa\u00f1a &#8216;Meins wird [\u2026]","og_url":"https:\/\/ds-barranquilla.org\/de\/nuestro-proyecto-todos-pueden-ser-sankt-martin-fue-todo-un-exito\/","og_site_name":"Colegio Alem\u00e1n - Los Mejores Colegios de Colombia - Colegio Triling\u00fce","article_publisher":"https:\/\/www.facebook.com\/ColegioAlemanBaq\/","article_published_time":"2022-12-23T14:18:54+00:00","og_image":[{"width":1170,"height":480,"url":"https:\/\/ds-barranquilla.org\/wp-content\/uploads\/2022\/12\/Banner-noticias-Blog.png","type":"image\/png"}],"author":"Comunicaciones Comunicaciones","twitter_card":"summary_large_image","twitter_creator":"@ColegioAlemanBq","twitter_site":"@ColegioAlemanBq","twitter_misc":{"Verfasst von":"Comunicaciones Comunicaciones","Gesch\u00e4tzte Lesezeit":"2\u00a0Minuten"},"schema":{"@context":"https:\/\/schema.org","@graph":[{"@type":"Article","@id":"https:\/\/ds-barranquilla.org\/de\/nuestro-proyecto-todos-pueden-ser-sankt-martin-fue-todo-un-exito\/#article","isPartOf":{"@id":"https:\/\/ds-barranquilla.org\/de\/nuestro-proyecto-todos-pueden-ser-sankt-martin-fue-todo-un-exito\/"},"author":{"name":"Comunicaciones Comunicaciones","@id":"https:\/\/ds-barranquilla.org\/#\/schema\/person\/7bf8790ba89d3480e0551241ccdc8d36"},"headline":"Nuestro proyecto `Todos pueden ser Sankt Martin\u2019 fue todo un \u00e9xito.","datePublished":"2022-12-23T14:18:54+00:00","dateModified":"2022-12-23T14:18:54+00:00","mainEntityOfPage":{"@id":"https:\/\/ds-barranquilla.org\/de\/nuestro-proyecto-todos-pueden-ser-sankt-martin-fue-todo-un-exito\/"},"wordCount":500,"commentCount":0,"publisher":{"@id":"https:\/\/ds-barranquilla.org\/#organization"},"image":{"@id":"https:\/\/ds-barranquilla.org\/de\/nuestro-proyecto-todos-pueden-ser-sankt-martin-fue-todo-un-exito\/#primaryimage"},"thumbnailUrl":"https:\/\/ds-barranquilla.org\/wp-content\/uploads\/2022\/12\/Banner-noticias-Blog.png","articleSection":["2022","Bachillerato Internacional","CAS","Kindergarten"],"inLanguage":"de","potentialAction":[{"@type":"CommentAction","name":"Comment","target":["https:\/\/ds-barranquilla.org\/de\/nuestro-proyecto-todos-pueden-ser-sankt-martin-fue-todo-un-exito\/#respond"]}]},{"@type":"WebPage","@id":"https:\/\/ds-barranquilla.org\/de\/nuestro-proyecto-todos-pueden-ser-sankt-martin-fue-todo-un-exito\/","url":"https:\/\/ds-barranquilla.org\/de\/nuestro-proyecto-todos-pueden-ser-sankt-martin-fue-todo-un-exito\/","name":"Nuestro proyecto `Todos pueden ser Sankt Martin\u2019 fue todo un \u00e9xito.","isPartOf":{"@id":"https:\/\/ds-barranquilla.org\/#website"},"primaryImageOfPage":{"@id":"https:\/\/ds-barranquilla.org\/de\/nuestro-proyecto-todos-pueden-ser-sankt-martin-fue-todo-un-exito\/#primaryimage"},"image":{"@id":"https:\/\/ds-barranquilla.org\/de\/nuestro-proyecto-todos-pueden-ser-sankt-martin-fue-todo-un-exito\/#primaryimage"},"thumbnailUrl":"https:\/\/ds-barranquilla.org\/wp-content\/uploads\/2022\/12\/Banner-noticias-Blog.png","datePublished":"2022-12-23T14:18:54+00:00","dateModified":"2022-12-23T14:18:54+00:00","breadcrumb":{"@id":"https:\/\/ds-barranquilla.org\/de\/nuestro-proyecto-todos-pueden-ser-sankt-martin-fue-todo-un-exito\/#breadcrumb"},"inLanguage":"de","potentialAction":[{"@type":"ReadAction","target":["https:\/\/ds-barranquilla.org\/de\/nuestro-proyecto-todos-pueden-ser-sankt-martin-fue-todo-un-exito\/"]}]},{"@type":"ImageObject","inLanguage":"de","@id":"https:\/\/ds-barranquilla.org\/de\/nuestro-proyecto-todos-pueden-ser-sankt-martin-fue-todo-un-exito\/#primaryimage","url":"https:\/\/ds-barranquilla.org\/wp-content\/uploads\/2022\/12\/Banner-noticias-Blog.png","contentUrl":"https:\/\/ds-barranquilla.org\/wp-content\/uploads\/2022\/12\/Banner-noticias-Blog.png","width":1170,"height":480},{"@type":"BreadcrumbList","@id":"https:\/\/ds-barranquilla.org\/de\/nuestro-proyecto-todos-pueden-ser-sankt-martin-fue-todo-un-exito\/#breadcrumb","itemListElement":[{"@type":"ListItem","position":1,"name":"Portada","item":"https:\/\/ds-barranquilla.org\/"},{"@type":"ListItem","position":2,"name":"Nuestro proyecto `Todos pueden ser Sankt Martin\u2019 fue todo un \u00e9xito."}]},{"@type":"WebSite","@id":"https:\/\/ds-barranquilla.org\/#website","url":"https:\/\/ds-barranquilla.org\/","name":"Colegio Alem\u00e1n - Los Mejores Colegios de Colombia - Colegio Triling\u00fce","description":"Colegio Alem\u00e1n  Barranquilla Colombia - Colegio Biling\u00fce - Triling\u00fce - El Mejor Colegio de Colombia","publisher":{"@id":"https:\/\/ds-barranquilla.org\/#organization"},"potentialAction":[{"@type":"SearchAction","target":{"@type":"EntryPoint","urlTemplate":"https:\/\/ds-barranquilla.org\/?s={search_term_string}"},"query-input":"required name=search_term_string"}],"inLanguage":"de"},{"@type":"Organization","@id":"https:\/\/ds-barranquilla.org\/#organization","name":"Colegio Alem\u00e1n Barranquilla","url":"https:\/\/ds-barranquilla.org\/","logo":{"@type":"ImageObject","inLanguage":"de","@id":"https:\/\/ds-barranquilla.org\/#\/schema\/logo\/image\/","url":"https:\/\/ds-barranquilla.org\/wp-content\/uploads\/2021\/05\/coleman_logo_2.png","contentUrl":"https:\/\/ds-barranquilla.org\/wp-content\/uploads\/2021\/05\/coleman_logo_2.png","width":418,"height":307,"caption":"Colegio Alem\u00e1n Barranquilla"},"image":{"@id":"https:\/\/ds-barranquilla.org\/#\/schema\/logo\/image\/"},"sameAs":["https:\/\/www.facebook.com\/ColegioAlemanBaq\/","https:\/\/x.com\/ColegioAlemanBq","https:\/\/www.instagram.com\/colegioalemanbaq\/","https:\/\/www.linkedin.com\/school\/deutsche-schule-barranquilla\/","https:\/\/www.youtube.com\/channel\/UCOOGZQCVs6aYRqIWvSN5agQ"]},{"@type":"Person","@id":"https:\/\/ds-barranquilla.org\/#\/schema\/person\/7bf8790ba89d3480e0551241ccdc8d36","name":"Comunicaciones Comunicaciones","image":{"@type":"ImageObject","inLanguage":"de","@id":"https:\/\/ds-barranquilla.org\/#\/schema\/person\/image\/","url":"https:\/\/secure.gravatar.com\/avatar\/a66ba9484a4338d81d6bea750e595038?s=96&d=mm&r=g","contentUrl":"https:\/\/secure.gravatar.com\/avatar\/a66ba9484a4338d81d6bea750e595038?s=96&d=mm&r=g","caption":"Comunicaciones Comunicaciones"}}]}},"_links":{"self":[{"href":"https:\/\/ds-barranquilla.org\/de\/wp-json\/wp\/v2\/posts\/20492"}],"collection":[{"href":"https:\/\/ds-barranquilla.org\/de\/wp-json\/wp\/v2\/posts"}],"about":[{"href":"https:\/\/ds-barranquilla.org\/de\/wp-json\/wp\/v2\/types\/post"}],"author":[{"embeddable":true,"href":"https:\/\/ds-barranquilla.org\/de\/wp-json\/wp\/v2\/users\/16"}],"replies":[{"embeddable":true,"href":"https:\/\/ds-barranquilla.org\/de\/wp-json\/wp\/v2\/comments?post=20492"}],"version-history":[{"count":9,"href":"https:\/\/ds-barranquilla.org\/de\/wp-json\/wp\/v2\/posts\/20492\/revisions"}],"predecessor-version":[{"id":20540,"href":"https:\/\/ds-barranquilla.org\/de\/wp-json\/wp\/v2\/posts\/20492\/revisions\/20540"}],"wp:featuredmedia":[{"embeddable":true,"href":"https:\/\/ds-barranquilla.org\/de\/wp-json\/wp\/v2\/media\/20538"}],"wp:attachment":[{"href":"https:\/\/ds-barranquilla.org\/de\/wp-json\/wp\/v2\/media?parent=20492"}],"wp:term":[{"taxonomy":"category","embeddable":true,"href":"https:\/\/ds-barranquilla.org\/de\/wp-json\/wp\/v2\/categories?post=20492"},{"taxonomy":"post_tag","embeddable":true,"href":"https:\/\/ds-barranquilla.org\/de\/wp-json\/wp\/v2\/tags?post=20492"}],"curies":[{"name":"wp","href":"https:\/\/api.w.org\/{rel}","templated":true}]}}