{"id":20631,"date":"2023-01-11T13:43:51","date_gmt":"2023-01-11T18:43:51","guid":{"rendered":"https:\/\/ds-barranquilla.org\/?p=20631"},"modified":"2023-01-11T14:05:26","modified_gmt":"2023-01-11T19:05:26","slug":"jose-curiel-seleccion-colombia-de-baloncesto","status":"publish","type":"post","link":"https:\/\/ds-barranquilla.org\/de\/jose-curiel-seleccion-colombia-de-baloncesto\/","title":{"rendered":"Jos\u00e9 Curiel (K10C) es p\u00edvot en la Selecci\u00f3n Colombia Sub-15 de Baloncesto"},"content":{"rendered":"<div data-elementor-type=\"wp-post\" data-elementor-id=\"20631\" class=\"elementor elementor-20631\">\n\t\t\t\t\t\t<section class=\"elementor-section elementor-top-section elementor-element elementor-element-234af2c elementor-section-boxed elementor-section-height-default elementor-section-height-default\" data-id=\"234af2c\" data-element_type=\"section\">\n\t\t\t\t\t\t<div class=\"elementor-container elementor-column-gap-default\">\n\t\t\t\t\t<div class=\"elementor-column elementor-col-100 elementor-top-column elementor-element elementor-element-d895f6f\" data-id=\"d895f6f\" data-element_type=\"column\">\n\t\t\t<div class=\"elementor-widget-wrap elementor-element-populated\">\n\t\t\t\t\t\t<div class=\"elementor-element elementor-element-adbb01c elementor-widget elementor-widget-heading\" data-id=\"adbb01c\" data-element_type=\"widget\" data-widget_type=\"heading.default\">\n\t\t\t\t<div class=\"elementor-widget-container\">\n\t\t\t<style>\/*! elementor - v3.23.0 - 05-08-2024 *\/\n.elementor-heading-title{padding:0;margin:0;line-height:1}.elementor-widget-heading .elementor-heading-title[class*=elementor-size-]>a{color:inherit;font-size:inherit;line-height:inherit}.elementor-widget-heading .elementor-heading-title.elementor-size-small{font-size:15px}.elementor-widget-heading .elementor-heading-title.elementor-size-medium{font-size:19px}.elementor-widget-heading .elementor-heading-title.elementor-size-large{font-size:29px}.elementor-widget-heading .elementor-heading-title.elementor-size-xl{font-size:39px}.elementor-widget-heading .elementor-heading-title.elementor-size-xxl{font-size:59px}<\/style><h2 class=\"elementor-heading-title elementor-size-default\">Jos\u00e9 Curiel (K10C) es p\u00edvot en la Selecci\u00f3n Colombia Sub-15 de Baloncesto<\/h2>\t\t<\/div>\n\t\t\t\t<\/div>\n\t\t\t\t\t<\/div>\n\t\t<\/div>\n\t\t\t\t\t<\/div>\n\t\t<\/section>\n\t\t\t\t<section class=\"elementor-section elementor-top-section elementor-element elementor-element-cd6a2ec elementor-section-boxed elementor-section-height-default elementor-section-height-default\" data-id=\"cd6a2ec\" data-element_type=\"section\">\n\t\t\t\t\t\t<div class=\"elementor-container elementor-column-gap-default\">\n\t\t\t\t\t<div class=\"elementor-column elementor-col-100 elementor-top-column elementor-element elementor-element-be00de7\" data-id=\"be00de7\" data-element_type=\"column\">\n\t\t\t<div class=\"elementor-widget-wrap elementor-element-populated\">\n\t\t\t\t\t\t<div class=\"elementor-element elementor-element-a8a4801 elementor-widget elementor-widget-text-editor\" data-id=\"a8a4801\" data-element_type=\"widget\" data-widget_type=\"text-editor.default\">\n\t\t\t\t<div class=\"elementor-widget-container\">\n\t\t\t<style>\/*! elementor - v3.23.0 - 05-08-2024 *\/\n.elementor-widget-text-editor.elementor-drop-cap-view-stacked .elementor-drop-cap{background-color:#69727d;color:#fff}.elementor-widget-text-editor.elementor-drop-cap-view-framed .elementor-drop-cap{color:#69727d;border:3px solid;background-color:transparent}.elementor-widget-text-editor:not(.elementor-drop-cap-view-default) .elementor-drop-cap{margin-top:8px}.elementor-widget-text-editor:not(.elementor-drop-cap-view-default) .elementor-drop-cap-letter{width:1em;height:1em}.elementor-widget-text-editor .elementor-drop-cap{float:left;text-align:center;line-height:1;font-size:50px}.elementor-widget-text-editor .elementor-drop-cap-letter{display:inline-block}<\/style>\t\t\t\t<p>Nuestro estudiante Jos\u00e9 Curiel, de la Klasse 10C, viaj\u00f3 a Buenos Aires, Argentina al Campeonato Sudamericano Sub-15 organizado por la Federaci\u00f3n Internacional de Baloncesto (FIBA). En el torneo, que tuvo lugar entre el 16 y el 20 de noviembre del 2022, Colombia obtuvo la 5ta posici\u00f3n.<\/p><p>Como parte de la Selecci\u00f3n Colombia Sub-15 de Baloncesto, Jos\u00e9 Curiel comenta que \u201cnunca se hab\u00eda sentido tan nervioso en un torneo\u201d, pero al final logr\u00f3 desenvolverse junto con el equipo. Una de sus mayores fortalezas en el juego es su estatura, pues a sus 15 a\u00f1os ya mide 1.90 m.<\/p>\t\t\t\t\t\t<\/div>\n\t\t\t\t<\/div>\n\t\t\t\t\t<\/div>\n\t\t<\/div>\n\t\t\t\t\t<\/div>\n\t\t<\/section>\n\t\t\t\t<section class=\"elementor-section elementor-top-section elementor-element elementor-element-24f0bc5 elementor-section-boxed elementor-section-height-default elementor-section-height-default\" data-id=\"24f0bc5\" data-element_type=\"section\">\n\t\t\t\t\t\t<div class=\"elementor-container elementor-column-gap-default\">\n\t\t\t\t\t<div class=\"elementor-column elementor-col-33 elementor-top-column elementor-element elementor-element-536829b\" data-id=\"536829b\" data-element_type=\"column\">\n\t\t\t<div class=\"elementor-widget-wrap elementor-element-populated\">\n\t\t\t\t\t\t<div class=\"elementor-element elementor-element-fce67ef elementor-widget elementor-widget-text-editor\" data-id=\"fce67ef\" data-element_type=\"widget\" data-widget_type=\"text-editor.default\">\n\t\t\t\t<div class=\"elementor-widget-container\">\n\t\t\t\t\t\t\t<p>Su amor por esta disciplina comenz\u00f3 en el colegio, gracias al profesor Marco Silva, y continu\u00f3 durante su trayectoria dentro del club deportivo Guerreros de Barranquilla. Al recordar c\u00f3mo fue su proceso de reclutamiento, Jos\u00e9 destaca que se sinti\u00f3 \u201csorprendido, agradecido y emocionado\u201d al ser llamado para formar parte de la Selecci\u00f3n Colombia Sub-15 de Baloncesto.<\/p><p>Adem\u00e1s, expres\u00f3 que el Colegio Alem\u00e1n de Barranquilla le ha brindado un gran apoyo durante todo su desempe\u00f1o como deportista. Tanto sus compa\u00f1eros como sus profesores lo han ayudado para seguir manteniendo su promedio y rendir en las diversas disciplinas que debe aprender como estudiante de Klasse 10.<\/p>\t\t\t\t\t\t<\/div>\n\t\t\t\t<\/div>\n\t\t\t\t\t<\/div>\n\t\t<\/div>\n\t\t\t\t<div class=\"elementor-column elementor-col-66 elementor-top-column elementor-element elementor-element-975eee2\" data-id=\"975eee2\" data-element_type=\"column\">\n\t\t\t<div class=\"elementor-widget-wrap elementor-element-populated\">\n\t\t\t\t\t\t<div class=\"elementor-element elementor-element-c4a3534 elementor-widget elementor-widget-image\" data-id=\"c4a3534\" data-element_type=\"widget\" data-widget_type=\"image.default\">\n\t\t\t\t<div class=\"elementor-widget-container\">\n\t\t\t<style>\/*! elementor - v3.23.0 - 05-08-2024 *\/\n.elementor-widget-image{text-align:center}.elementor-widget-image a{display:inline-block}.elementor-widget-image a img[src$=\".svg\"]{width:48px}.elementor-widget-image img{vertical-align:middle;display:inline-block}<\/style>\t\t\t\t\t\t\t\t\t\t<img fetchpriority=\"high\" decoding=\"async\" width=\"768\" height=\"548\" src=\"https:\/\/ds-barranquilla.org\/wp-content\/uploads\/2023\/01\/Jose-Curiel-Argentina-768x548.jpeg\" class=\"attachment-medium_large size-medium_large wp-image-20637\" alt=\"\" srcset=\"https:\/\/ds-barranquilla.org\/wp-content\/uploads\/2023\/01\/Jose-Curiel-Argentina-768x548.jpeg 768w, https:\/\/ds-barranquilla.org\/wp-content\/uploads\/2023\/01\/Jose-Curiel-Argentina-300x214.jpeg 300w, https:\/\/ds-barranquilla.org\/wp-content\/uploads\/2023\/01\/Jose-Curiel-Argentina-18x12.jpeg 18w, https:\/\/ds-barranquilla.org\/wp-content\/uploads\/2023\/01\/Jose-Curiel-Argentina-204x146.jpeg 204w, https:\/\/ds-barranquilla.org\/wp-content\/uploads\/2023\/01\/Jose-Curiel-Argentina-50x36.jpeg 50w, https:\/\/ds-barranquilla.org\/wp-content\/uploads\/2023\/01\/Jose-Curiel-Argentina-105x75.jpeg 105w, https:\/\/ds-barranquilla.org\/wp-content\/uploads\/2023\/01\/Jose-Curiel-Argentina-800x571.jpeg 800w, https:\/\/ds-barranquilla.org\/wp-content\/uploads\/2023\/01\/Jose-Curiel-Argentina.jpeg 1000w\" sizes=\"(max-width:767px) 480px, (max-width:768px) 100vw, 768px\" \/>\t\t\t\t\t\t\t\t\t\t\t\t\t<\/div>\n\t\t\t\t<\/div>\n\t\t\t\t\t<\/div>\n\t\t<\/div>\n\t\t\t\t\t<\/div>\n\t\t<\/section>\n\t\t\t\t<section class=\"elementor-section elementor-top-section elementor-element elementor-element-787840d elementor-section-boxed elementor-section-height-default elementor-section-height-default\" data-id=\"787840d\" data-element_type=\"section\">\n\t\t\t\t\t\t<div class=\"elementor-container elementor-column-gap-default\">\n\t\t\t\t\t<div class=\"elementor-column elementor-col-100 elementor-top-column elementor-element elementor-element-c060e61\" data-id=\"c060e61\" data-element_type=\"column\">\n\t\t\t<div class=\"elementor-widget-wrap elementor-element-populated\">\n\t\t\t\t\t\t<div class=\"elementor-element elementor-element-f1c5111 elementor-widget elementor-widget-text-editor\" data-id=\"f1c5111\" data-element_type=\"widget\" data-widget_type=\"text-editor.default\">\n\t\t\t\t<div class=\"elementor-widget-container\">\n\t\t\t\t\t\t\t<p>Jos\u00e9 tambi\u00e9n agradece al docente de baloncesto Hernando Sep\u00falveda pues \u201csu apoyo dentro y fuera de la cancha ha sido muy importante\u201d. Adem\u00e1s, se\u00f1ala que la preparaci\u00f3n durante su jornada escolar es fundamental para su rendimiento, \u201csiento que todos mis entrenamientos en el colegio antes de un torneo fueron un gran aporte a mi desempe\u00f1o como deportista, ya que me han ayudado a mejorar mis habilidades en el juego\u201d.<\/p>\t\t\t\t\t\t<\/div>\n\t\t\t\t<\/div>\n\t\t\t\t\t<\/div>\n\t\t<\/div>\n\t\t\t\t\t<\/div>\n\t\t<\/section>\n\t\t\t\t<section class=\"elementor-section elementor-top-section elementor-element elementor-element-a68937c elementor-section-boxed elementor-section-height-default elementor-section-height-default\" data-id=\"a68937c\" data-element_type=\"section\">\n\t\t\t\t\t\t<div class=\"elementor-container elementor-column-gap-default\">\n\t\t\t\t\t<div class=\"elementor-column elementor-col-100 elementor-top-column elementor-element elementor-element-39bf52d\" data-id=\"39bf52d\" data-element_type=\"column\">\n\t\t\t<div class=\"elementor-widget-wrap elementor-element-populated\">\n\t\t\t\t\t\t<div class=\"elementor-element elementor-element-f384e1b elementor-widget elementor-widget-image\" data-id=\"f384e1b\" data-element_type=\"widget\" data-widget_type=\"image.default\">\n\t\t\t\t<div class=\"elementor-widget-container\">\n\t\t\t\t\t\t\t\t\t\t\t\t\t<img decoding=\"async\" width=\"1000\" height=\"667\" src=\"https:\/\/ds-barranquilla.org\/wp-content\/uploads\/2023\/01\/Jose-Curiel-Argentina-3.jpeg\" class=\"attachment-large size-large wp-image-20638\" alt=\"\" srcset=\"https:\/\/ds-barranquilla.org\/wp-content\/uploads\/2023\/01\/Jose-Curiel-Argentina-3.jpeg 1000w, https:\/\/ds-barranquilla.org\/wp-content\/uploads\/2023\/01\/Jose-Curiel-Argentina-3-300x200.jpeg 300w, https:\/\/ds-barranquilla.org\/wp-content\/uploads\/2023\/01\/Jose-Curiel-Argentina-3-768x512.jpeg 768w, https:\/\/ds-barranquilla.org\/wp-content\/uploads\/2023\/01\/Jose-Curiel-Argentina-3-391x260.jpeg 391w, https:\/\/ds-barranquilla.org\/wp-content\/uploads\/2023\/01\/Jose-Curiel-Argentina-3-18x12.jpeg 18w, https:\/\/ds-barranquilla.org\/wp-content\/uploads\/2023\/01\/Jose-Curiel-Argentina-3-219x146.jpeg 219w, https:\/\/ds-barranquilla.org\/wp-content\/uploads\/2023\/01\/Jose-Curiel-Argentina-3-50x33.jpeg 50w, https:\/\/ds-barranquilla.org\/wp-content\/uploads\/2023\/01\/Jose-Curiel-Argentina-3-112x75.jpeg 112w, https:\/\/ds-barranquilla.org\/wp-content\/uploads\/2023\/01\/Jose-Curiel-Argentina-3-800x534.jpeg 800w\" sizes=\"(max-width:767px) 480px, (max-width:1000px) 100vw, 1000px\" \/>\t\t\t\t\t\t\t\t\t\t\t\t\t<\/div>\n\t\t\t\t<\/div>\n\t\t\t\t\t<\/div>\n\t\t<\/div>\n\t\t\t\t\t<\/div>\n\t\t<\/section>\n\t\t\t\t<\/div>","protected":false},"excerpt":{"rendered":"<p>Jos\u00e9 Curiel (K10C) es p\u00edvot en la Selecci\u00f3n Colombia Sub-15 de Baloncesto Nuestro estudiante Jos\u00e9 Curiel, de la Klasse 10C, viaj\u00f3 a Buenos Aires, Argentina al<span class=\"excerpt-hellip\"> [\u2026]<\/span><\/p>","protected":false},"author":16,"featured_media":20635,"comment_status":"open","ping_status":"open","sticky":false,"template":"","format":"standard","meta":{"_exactmetrics_skip_tracking":false,"_exactmetrics_sitenote_active":false,"_exactmetrics_sitenote_note":"","_exactmetrics_sitenote_category":0,"_joinchat":[],"footnotes":""},"categories":[713,687,710],"tags":[],"class_list":["post-20631","post","type-post","status-publish","format-standard","has-post-thumbnail","hentry","category-713","category-area-de-deportes","category-secundaria"],"yoast_head":"<!-- This site is optimized with the Yoast SEO plugin v23.3 - https:\/\/yoast.com\/wordpress\/plugins\/seo\/ -->\n<title>Jos\u00e9 Curiel (K10C) es p\u00edvot en la Selecci\u00f3n Colombia Sub-15 de Baloncesto<\/title>\n<meta name=\"description\" content=\"Nuestro estudiante Jos\u00e9 Curiel, de la Klasse 10C, viaj\u00f3 a Buenos Aires, Argentina al Campeonato Sudamericano Sub-15 organizado por la FIBA.\" \/>\n<meta name=\"robots\" content=\"noindex, follow, max-snippet:-1, max-image-preview:large, max-video-preview:-1\" \/>\n<meta property=\"og:locale\" content=\"de_DE\" \/>\n<meta property=\"og:type\" content=\"article\" \/>\n<meta property=\"og:title\" content=\"Jos\u00e9 Curiel (K10C) es p\u00edvot en la Selecci\u00f3n Colombia Sub-15 de Baloncesto\" \/>\n<meta property=\"og:description\" content=\"Nuestro estudiante Jos\u00e9 Curiel, de la Klasse 10C, viaj\u00f3 a Buenos Aires, Argentina al Campeonato Sudamericano Sub-15 organizado por la FIBA.\" \/>\n<meta property=\"og:url\" content=\"https:\/\/ds-barranquilla.org\/de\/jose-curiel-seleccion-colombia-de-baloncesto\/\" \/>\n<meta property=\"og:site_name\" content=\"Colegio Alem\u00e1n - Los Mejores Colegios de Colombia - Colegio Triling\u00fce\" \/>\n<meta property=\"article:publisher\" content=\"https:\/\/www.facebook.com\/ColegioAlemanBaq\/\" \/>\n<meta property=\"article:published_time\" content=\"2023-01-11T18:43:51+00:00\" \/>\n<meta property=\"article:modified_time\" content=\"2023-01-11T19:05:26+00:00\" \/>\n<meta property=\"og:image\" content=\"https:\/\/ds-barranquilla.org\/wp-content\/uploads\/2023\/01\/Banner-noticias-Blog.png\" \/>\n\t<meta property=\"og:image:width\" content=\"1170\" \/>\n\t<meta property=\"og:image:height\" content=\"480\" \/>\n\t<meta property=\"og:image:type\" content=\"image\/png\" \/>\n<meta name=\"author\" content=\"Comunicaciones Comunicaciones\" \/>\n<meta name=\"twitter:card\" content=\"summary_large_image\" \/>\n<meta name=\"twitter:creator\" content=\"@ColegioAlemanBq\" \/>\n<meta name=\"twitter:site\" content=\"@ColegioAlemanBq\" \/>\n<meta name=\"twitter:label1\" content=\"Verfasst von\" \/>\n\t<meta name=\"twitter:data1\" content=\"Comunicaciones Comunicaciones\" \/>\n\t<meta name=\"twitter:label2\" content=\"Gesch\u00e4tzte Lesezeit\" \/>\n\t<meta name=\"twitter:data2\" content=\"1\u00a0Minute\" \/>\n<script type=\"application\/ld+json\" class=\"yoast-schema-graph\">{\"@context\":\"https:\/\/schema.org\",\"@graph\":[{\"@type\":\"Article\",\"@id\":\"https:\/\/ds-barranquilla.org\/jose-curiel-seleccion-colombia-de-baloncesto\/#article\",\"isPartOf\":{\"@id\":\"https:\/\/ds-barranquilla.org\/jose-curiel-seleccion-colombia-de-baloncesto\/\"},\"author\":{\"name\":\"Comunicaciones Comunicaciones\",\"@id\":\"https:\/\/ds-barranquilla.org\/#\/schema\/person\/7bf8790ba89d3480e0551241ccdc8d36\"},\"headline\":\"Jos\u00e9 Curiel (K10C) es p\u00edvot en la Selecci\u00f3n Colombia Sub-15 de Baloncesto\",\"datePublished\":\"2023-01-11T18:43:51+00:00\",\"dateModified\":\"2023-01-11T19:05:26+00:00\",\"mainEntityOfPage\":{\"@id\":\"https:\/\/ds-barranquilla.org\/jose-curiel-seleccion-colombia-de-baloncesto\/\"},\"wordCount\":311,\"commentCount\":0,\"publisher\":{\"@id\":\"https:\/\/ds-barranquilla.org\/#organization\"},\"image\":{\"@id\":\"https:\/\/ds-barranquilla.org\/jose-curiel-seleccion-colombia-de-baloncesto\/#primaryimage\"},\"thumbnailUrl\":\"https:\/\/ds-barranquilla.org\/wp-content\/uploads\/2023\/01\/Banner-noticias-Blog.png\",\"articleSection\":[\"2023\",\"\u00c1rea de Deportes\",\"Secundaria\"],\"inLanguage\":\"de\",\"potentialAction\":[{\"@type\":\"CommentAction\",\"name\":\"Comment\",\"target\":[\"https:\/\/ds-barranquilla.org\/jose-curiel-seleccion-colombia-de-baloncesto\/#respond\"]}]},{\"@type\":\"WebPage\",\"@id\":\"https:\/\/ds-barranquilla.org\/jose-curiel-seleccion-colombia-de-baloncesto\/\",\"url\":\"https:\/\/ds-barranquilla.org\/jose-curiel-seleccion-colombia-de-baloncesto\/\",\"name\":\"Jos\u00e9 Curiel (K10C) es p\u00edvot en la Selecci\u00f3n Colombia Sub-15 de Baloncesto\",\"isPartOf\":{\"@id\":\"https:\/\/ds-barranquilla.org\/#website\"},\"primaryImageOfPage\":{\"@id\":\"https:\/\/ds-barranquilla.org\/jose-curiel-seleccion-colombia-de-baloncesto\/#primaryimage\"},\"image\":{\"@id\":\"https:\/\/ds-barranquilla.org\/jose-curiel-seleccion-colombia-de-baloncesto\/#primaryimage\"},\"thumbnailUrl\":\"https:\/\/ds-barranquilla.org\/wp-content\/uploads\/2023\/01\/Banner-noticias-Blog.png\",\"datePublished\":\"2023-01-11T18:43:51+00:00\",\"dateModified\":\"2023-01-11T19:05:26+00:00\",\"description\":\"Nuestro estudiante Jos\u00e9 Curiel, de la Klasse 10C, viaj\u00f3 a Buenos Aires, Argentina al Campeonato Sudamericano Sub-15 organizado por la FIBA.\",\"breadcrumb\":{\"@id\":\"https:\/\/ds-barranquilla.org\/jose-curiel-seleccion-colombia-de-baloncesto\/#breadcrumb\"},\"inLanguage\":\"de\",\"potentialAction\":[{\"@type\":\"ReadAction\",\"target\":[\"https:\/\/ds-barranquilla.org\/jose-curiel-seleccion-colombia-de-baloncesto\/\"]}]},{\"@type\":\"ImageObject\",\"inLanguage\":\"de\",\"@id\":\"https:\/\/ds-barranquilla.org\/jose-curiel-seleccion-colombia-de-baloncesto\/#primaryimage\",\"url\":\"https:\/\/ds-barranquilla.org\/wp-content\/uploads\/2023\/01\/Banner-noticias-Blog.png\",\"contentUrl\":\"https:\/\/ds-barranquilla.org\/wp-content\/uploads\/2023\/01\/Banner-noticias-Blog.png\",\"width\":1170,\"height\":480},{\"@type\":\"BreadcrumbList\",\"@id\":\"https:\/\/ds-barranquilla.org\/jose-curiel-seleccion-colombia-de-baloncesto\/#breadcrumb\",\"itemListElement\":[{\"@type\":\"ListItem\",\"position\":1,\"name\":\"Portada\",\"item\":\"https:\/\/ds-barranquilla.org\/\"},{\"@type\":\"ListItem\",\"position\":2,\"name\":\"Jos\u00e9 Curiel (K10C) es p\u00edvot en la Selecci\u00f3n Colombia Sub-15 de Baloncesto\"}]},{\"@type\":\"WebSite\",\"@id\":\"https:\/\/ds-barranquilla.org\/#website\",\"url\":\"https:\/\/ds-barranquilla.org\/\",\"name\":\"Colegio Alem\u00e1n - Los Mejores Colegios de Colombia - Colegio Triling\u00fce\",\"description\":\"Colegio Alem\u00e1n  Barranquilla Colombia - Colegio Biling\u00fce - Triling\u00fce - El Mejor Colegio de Colombia\",\"publisher\":{\"@id\":\"https:\/\/ds-barranquilla.org\/#organization\"},\"potentialAction\":[{\"@type\":\"SearchAction\",\"target\":{\"@type\":\"EntryPoint\",\"urlTemplate\":\"https:\/\/ds-barranquilla.org\/?s={search_term_string}\"},\"query-input\":\"required name=search_term_string\"}],\"inLanguage\":\"de\"},{\"@type\":\"Organization\",\"@id\":\"https:\/\/ds-barranquilla.org\/#organization\",\"name\":\"Colegio Alem\u00e1n Barranquilla\",\"url\":\"https:\/\/ds-barranquilla.org\/\",\"logo\":{\"@type\":\"ImageObject\",\"inLanguage\":\"de\",\"@id\":\"https:\/\/ds-barranquilla.org\/#\/schema\/logo\/image\/\",\"url\":\"https:\/\/ds-barranquilla.org\/wp-content\/uploads\/2021\/05\/coleman_logo_2.png\",\"contentUrl\":\"https:\/\/ds-barranquilla.org\/wp-content\/uploads\/2021\/05\/coleman_logo_2.png\",\"width\":418,\"height\":307,\"caption\":\"Colegio Alem\u00e1n Barranquilla\"},\"image\":{\"@id\":\"https:\/\/ds-barranquilla.org\/#\/schema\/logo\/image\/\"},\"sameAs\":[\"https:\/\/www.facebook.com\/ColegioAlemanBaq\/\",\"https:\/\/x.com\/ColegioAlemanBq\",\"https:\/\/www.instagram.com\/colegioalemanbaq\/\",\"https:\/\/www.linkedin.com\/school\/deutsche-schule-barranquilla\/\",\"https:\/\/www.youtube.com\/channel\/UCOOGZQCVs6aYRqIWvSN5agQ\"]},{\"@type\":\"Person\",\"@id\":\"https:\/\/ds-barranquilla.org\/#\/schema\/person\/7bf8790ba89d3480e0551241ccdc8d36\",\"name\":\"Comunicaciones Comunicaciones\",\"image\":{\"@type\":\"ImageObject\",\"inLanguage\":\"de\",\"@id\":\"https:\/\/ds-barranquilla.org\/#\/schema\/person\/image\/\",\"url\":\"https:\/\/secure.gravatar.com\/avatar\/a66ba9484a4338d81d6bea750e595038?s=96&d=mm&r=g\",\"contentUrl\":\"https:\/\/secure.gravatar.com\/avatar\/a66ba9484a4338d81d6bea750e595038?s=96&d=mm&r=g\",\"caption\":\"Comunicaciones Comunicaciones\"}}]}<\/script>\n<!-- \/ Yoast SEO plugin. -->","yoast_head_json":{"title":"Jos\u00e9 Curiel (K10C) es p\u00edvot en la Selecci\u00f3n Colombia Sub-15 de Baloncesto","description":"Nuestro estudiante Jos\u00e9 Curiel, de la Klasse 10C, viaj\u00f3 a Buenos Aires, Argentina al Campeonato Sudamericano Sub-15 organizado por la FIBA.","robots":{"index":"noindex","follow":"follow","max-snippet":"max-snippet:-1","max-image-preview":"max-image-preview:large","max-video-preview":"max-video-preview:-1"},"og_locale":"de_DE","og_type":"article","og_title":"Jos\u00e9 Curiel (K10C) es p\u00edvot en la Selecci\u00f3n Colombia Sub-15 de Baloncesto","og_description":"Nuestro estudiante Jos\u00e9 Curiel, de la Klasse 10C, viaj\u00f3 a Buenos Aires, Argentina al Campeonato Sudamericano Sub-15 organizado por la FIBA.","og_url":"https:\/\/ds-barranquilla.org\/de\/jose-curiel-seleccion-colombia-de-baloncesto\/","og_site_name":"Colegio Alem\u00e1n - Los Mejores Colegios de Colombia - Colegio Triling\u00fce","article_publisher":"https:\/\/www.facebook.com\/ColegioAlemanBaq\/","article_published_time":"2023-01-11T18:43:51+00:00","article_modified_time":"2023-01-11T19:05:26+00:00","og_image":[{"width":1170,"height":480,"url":"https:\/\/ds-barranquilla.org\/wp-content\/uploads\/2023\/01\/Banner-noticias-Blog.png","type":"image\/png"}],"author":"Comunicaciones Comunicaciones","twitter_card":"summary_large_image","twitter_creator":"@ColegioAlemanBq","twitter_site":"@ColegioAlemanBq","twitter_misc":{"Verfasst von":"Comunicaciones Comunicaciones","Gesch\u00e4tzte Lesezeit":"1\u00a0Minute"},"schema":{"@context":"https:\/\/schema.org","@graph":[{"@type":"Article","@id":"https:\/\/ds-barranquilla.org\/jose-curiel-seleccion-colombia-de-baloncesto\/#article","isPartOf":{"@id":"https:\/\/ds-barranquilla.org\/jose-curiel-seleccion-colombia-de-baloncesto\/"},"author":{"name":"Comunicaciones Comunicaciones","@id":"https:\/\/ds-barranquilla.org\/#\/schema\/person\/7bf8790ba89d3480e0551241ccdc8d36"},"headline":"Jos\u00e9 Curiel (K10C) es p\u00edvot en la Selecci\u00f3n Colombia Sub-15 de Baloncesto","datePublished":"2023-01-11T18:43:51+00:00","dateModified":"2023-01-11T19:05:26+00:00","mainEntityOfPage":{"@id":"https:\/\/ds-barranquilla.org\/jose-curiel-seleccion-colombia-de-baloncesto\/"},"wordCount":311,"commentCount":0,"publisher":{"@id":"https:\/\/ds-barranquilla.org\/#organization"},"image":{"@id":"https:\/\/ds-barranquilla.org\/jose-curiel-seleccion-colombia-de-baloncesto\/#primaryimage"},"thumbnailUrl":"https:\/\/ds-barranquilla.org\/wp-content\/uploads\/2023\/01\/Banner-noticias-Blog.png","articleSection":["2023","\u00c1rea de Deportes","Secundaria"],"inLanguage":"de","potentialAction":[{"@type":"CommentAction","name":"Comment","target":["https:\/\/ds-barranquilla.org\/jose-curiel-seleccion-colombia-de-baloncesto\/#respond"]}]},{"@type":"WebPage","@id":"https:\/\/ds-barranquilla.org\/jose-curiel-seleccion-colombia-de-baloncesto\/","url":"https:\/\/ds-barranquilla.org\/jose-curiel-seleccion-colombia-de-baloncesto\/","name":"Jos\u00e9 Curiel (K10C) es p\u00edvot en la Selecci\u00f3n Colombia Sub-15 de Baloncesto","isPartOf":{"@id":"https:\/\/ds-barranquilla.org\/#website"},"primaryImageOfPage":{"@id":"https:\/\/ds-barranquilla.org\/jose-curiel-seleccion-colombia-de-baloncesto\/#primaryimage"},"image":{"@id":"https:\/\/ds-barranquilla.org\/jose-curiel-seleccion-colombia-de-baloncesto\/#primaryimage"},"thumbnailUrl":"https:\/\/ds-barranquilla.org\/wp-content\/uploads\/2023\/01\/Banner-noticias-Blog.png","datePublished":"2023-01-11T18:43:51+00:00","dateModified":"2023-01-11T19:05:26+00:00","description":"Nuestro estudiante Jos\u00e9 Curiel, de la Klasse 10C, viaj\u00f3 a Buenos Aires, Argentina al Campeonato Sudamericano Sub-15 organizado por la FIBA.","breadcrumb":{"@id":"https:\/\/ds-barranquilla.org\/jose-curiel-seleccion-colombia-de-baloncesto\/#breadcrumb"},"inLanguage":"de","potentialAction":[{"@type":"ReadAction","target":["https:\/\/ds-barranquilla.org\/jose-curiel-seleccion-colombia-de-baloncesto\/"]}]},{"@type":"ImageObject","inLanguage":"de","@id":"https:\/\/ds-barranquilla.org\/jose-curiel-seleccion-colombia-de-baloncesto\/#primaryimage","url":"https:\/\/ds-barranquilla.org\/wp-content\/uploads\/2023\/01\/Banner-noticias-Blog.png","contentUrl":"https:\/\/ds-barranquilla.org\/wp-content\/uploads\/2023\/01\/Banner-noticias-Blog.png","width":1170,"height":480},{"@type":"BreadcrumbList","@id":"https:\/\/ds-barranquilla.org\/jose-curiel-seleccion-colombia-de-baloncesto\/#breadcrumb","itemListElement":[{"@type":"ListItem","position":1,"name":"Portada","item":"https:\/\/ds-barranquilla.org\/"},{"@type":"ListItem","position":2,"name":"Jos\u00e9 Curiel (K10C) es p\u00edvot en la Selecci\u00f3n Colombia Sub-15 de Baloncesto"}]},{"@type":"WebSite","@id":"https:\/\/ds-barranquilla.org\/#website","url":"https:\/\/ds-barranquilla.org\/","name":"Colegio Alem\u00e1n - Los Mejores Colegios de Colombia - Colegio Triling\u00fce","description":"Colegio Alem\u00e1n  Barranquilla Colombia - Colegio Biling\u00fce - Triling\u00fce - El Mejor Colegio de Colombia","publisher":{"@id":"https:\/\/ds-barranquilla.org\/#organization"},"potentialAction":[{"@type":"SearchAction","target":{"@type":"EntryPoint","urlTemplate":"https:\/\/ds-barranquilla.org\/?s={search_term_string}"},"query-input":"required name=search_term_string"}],"inLanguage":"de"},{"@type":"Organization","@id":"https:\/\/ds-barranquilla.org\/#organization","name":"Colegio Alem\u00e1n Barranquilla","url":"https:\/\/ds-barranquilla.org\/","logo":{"@type":"ImageObject","inLanguage":"de","@id":"https:\/\/ds-barranquilla.org\/#\/schema\/logo\/image\/","url":"https:\/\/ds-barranquilla.org\/wp-content\/uploads\/2021\/05\/coleman_logo_2.png","contentUrl":"https:\/\/ds-barranquilla.org\/wp-content\/uploads\/2021\/05\/coleman_logo_2.png","width":418,"height":307,"caption":"Colegio Alem\u00e1n Barranquilla"},"image":{"@id":"https:\/\/ds-barranquilla.org\/#\/schema\/logo\/image\/"},"sameAs":["https:\/\/www.facebook.com\/ColegioAlemanBaq\/","https:\/\/x.com\/ColegioAlemanBq","https:\/\/www.instagram.com\/colegioalemanbaq\/","https:\/\/www.linkedin.com\/school\/deutsche-schule-barranquilla\/","https:\/\/www.youtube.com\/channel\/UCOOGZQCVs6aYRqIWvSN5agQ"]},{"@type":"Person","@id":"https:\/\/ds-barranquilla.org\/#\/schema\/person\/7bf8790ba89d3480e0551241ccdc8d36","name":"Comunicaciones Comunicaciones","image":{"@type":"ImageObject","inLanguage":"de","@id":"https:\/\/ds-barranquilla.org\/#\/schema\/person\/image\/","url":"https:\/\/secure.gravatar.com\/avatar\/a66ba9484a4338d81d6bea750e595038?s=96&d=mm&r=g","contentUrl":"https:\/\/secure.gravatar.com\/avatar\/a66ba9484a4338d81d6bea750e595038?s=96&d=mm&r=g","caption":"Comunicaciones Comunicaciones"}}]}},"_links":{"self":[{"href":"https:\/\/ds-barranquilla.org\/de\/wp-json\/wp\/v2\/posts\/20631"}],"collection":[{"href":"https:\/\/ds-barranquilla.org\/de\/wp-json\/wp\/v2\/posts"}],"about":[{"href":"https:\/\/ds-barranquilla.org\/de\/wp-json\/wp\/v2\/types\/post"}],"author":[{"embeddable":true,"href":"https:\/\/ds-barranquilla.org\/de\/wp-json\/wp\/v2\/users\/16"}],"replies":[{"embeddable":true,"href":"https:\/\/ds-barranquilla.org\/de\/wp-json\/wp\/v2\/comments?post=20631"}],"version-history":[{"count":10,"href":"https:\/\/ds-barranquilla.org\/de\/wp-json\/wp\/v2\/posts\/20631\/revisions"}],"predecessor-version":[{"id":20649,"href":"https:\/\/ds-barranquilla.org\/de\/wp-json\/wp\/v2\/posts\/20631\/revisions\/20649"}],"wp:featuredmedia":[{"embeddable":true,"href":"https:\/\/ds-barranquilla.org\/de\/wp-json\/wp\/v2\/media\/20635"}],"wp:attachment":[{"href":"https:\/\/ds-barranquilla.org\/de\/wp-json\/wp\/v2\/media?parent=20631"}],"wp:term":[{"taxonomy":"category","embeddable":true,"href":"https:\/\/ds-barranquilla.org\/de\/wp-json\/wp\/v2\/categories?post=20631"},{"taxonomy":"post_tag","embeddable":true,"href":"https:\/\/ds-barranquilla.org\/de\/wp-json\/wp\/v2\/tags?post=20631"}],"curies":[{"name":"wp","href":"https:\/\/api.w.org\/{rel}","templated":true}]}}