{"id":21099,"date":"2023-01-31T15:38:01","date_gmt":"2023-01-31T20:38:01","guid":{"rendered":"https:\/\/ds-barranquilla.org\/?p=21099"},"modified":"2023-01-31T15:43:57","modified_gmt":"2023-01-31T20:43:57","slug":"estudiantes-de-klasse-10-asistieron-a-nuestra-feria-de-monografias","status":"publish","type":"post","link":"https:\/\/ds-barranquilla.org\/de\/estudiantes-de-klasse-10-asistieron-a-nuestra-feria-de-monografias\/","title":{"rendered":"Estudiantes de Klasse 10 asistieron a nuestra Feria de Monograf\u00edas"},"content":{"rendered":"<div data-elementor-type=\"wp-post\" data-elementor-id=\"21099\" class=\"elementor elementor-21099\">\n\t\t\t\t\t\t<section class=\"elementor-section elementor-top-section elementor-element elementor-element-da48e8d elementor-section-boxed elementor-section-height-default elementor-section-height-default\" data-id=\"da48e8d\" data-element_type=\"section\">\n\t\t\t\t\t\t<div class=\"elementor-container elementor-column-gap-default\">\n\t\t\t\t\t<div class=\"elementor-column elementor-col-100 elementor-top-column elementor-element elementor-element-1a08308\" data-id=\"1a08308\" data-element_type=\"column\">\n\t\t\t<div class=\"elementor-widget-wrap elementor-element-populated\">\n\t\t\t\t\t\t<div class=\"elementor-element elementor-element-d23bb98 elementor-widget elementor-widget-heading\" data-id=\"d23bb98\" data-element_type=\"widget\" data-widget_type=\"heading.default\">\n\t\t\t\t<div class=\"elementor-widget-container\">\n\t\t\t<style>\/*! elementor - v3.23.0 - 05-08-2024 *\/\n.elementor-heading-title{padding:0;margin:0;line-height:1}.elementor-widget-heading .elementor-heading-title[class*=elementor-size-]>a{color:inherit;font-size:inherit;line-height:inherit}.elementor-widget-heading .elementor-heading-title.elementor-size-small{font-size:15px}.elementor-widget-heading .elementor-heading-title.elementor-size-medium{font-size:19px}.elementor-widget-heading .elementor-heading-title.elementor-size-large{font-size:29px}.elementor-widget-heading .elementor-heading-title.elementor-size-xl{font-size:39px}.elementor-widget-heading .elementor-heading-title.elementor-size-xxl{font-size:59px}<\/style><h2 class=\"elementor-heading-title elementor-size-default\">Estudiantes de Klasse 10 asistieron a nuestra Feria de Monograf\u00edas <\/h2>\t\t<\/div>\n\t\t\t\t<\/div>\n\t\t\t\t\t<\/div>\n\t\t<\/div>\n\t\t\t\t\t<\/div>\n\t\t<\/section>\n\t\t\t\t<section class=\"elementor-section elementor-top-section elementor-element elementor-element-f471c05 elementor-section-boxed elementor-section-height-default elementor-section-height-default\" data-id=\"f471c05\" data-element_type=\"section\">\n\t\t\t\t\t\t<div class=\"elementor-container elementor-column-gap-default\">\n\t\t\t\t\t<div class=\"elementor-column elementor-col-100 elementor-top-column elementor-element elementor-element-a1e2770\" data-id=\"a1e2770\" data-element_type=\"column\">\n\t\t\t<div class=\"elementor-widget-wrap elementor-element-populated\">\n\t\t\t\t\t\t<div class=\"elementor-element elementor-element-11ee82f elementor-widget elementor-widget-text-editor\" data-id=\"11ee82f\" data-element_type=\"widget\" data-widget_type=\"text-editor.default\">\n\t\t\t\t<div class=\"elementor-widget-container\">\n\t\t\t<style>\/*! elementor - v3.23.0 - 05-08-2024 *\/\n.elementor-widget-text-editor.elementor-drop-cap-view-stacked .elementor-drop-cap{background-color:#69727d;color:#fff}.elementor-widget-text-editor.elementor-drop-cap-view-framed .elementor-drop-cap{color:#69727d;border:3px solid;background-color:transparent}.elementor-widget-text-editor:not(.elementor-drop-cap-view-default) .elementor-drop-cap{margin-top:8px}.elementor-widget-text-editor:not(.elementor-drop-cap-view-default) .elementor-drop-cap-letter{width:1em;height:1em}.elementor-widget-text-editor .elementor-drop-cap{float:left;text-align:center;line-height:1;font-size:50px}.elementor-widget-text-editor .elementor-drop-cap-letter{display:inline-block}<\/style>\t\t\t\t<p><span class=\"TextRun SCXW241672431 BCX0\" lang=\"ES-ES\" xml:lang=\"ES-ES\" data-contrast=\"auto\"><span class=\"NormalTextRun SCXW241672431 BCX0\">Nuestros estudiantes de <\/span><span class=\"NormalTextRun SpellingErrorV2Themed SCXW241672431 BCX0\">Klasse<\/span><span class=\"NormalTextRun SCXW241672431 BCX0\"> 10 asistieron <\/span><span class=\"NormalTextRun SCXW241672431 BCX0\">el 31 de enero <\/span><span class=\"NormalTextRun SCXW241672431 BCX0\">a nuestra Feria de Monograf\u00edas, <\/span><span class=\"NormalTextRun SCXW241672431 BCX0\">un espacio dise\u00f1ado para crear redes de aprendizaje que apoyen el proceso de construcci\u00f3n del trabajo de investigaci\u00f3n.<\/span><span class=\"NormalTextRun SCXW241672431 BCX0\"> Por medio de esta actividad, <\/span><span class=\"NormalTextRun SCXW241672431 BCX0\">conocen a profundidad las diferentes \u00e1reas que el colegio oferta para realizar <\/span><span class=\"NormalTextRun SCXW241672431 BCX0\">s<\/span><span class=\"NormalTextRun SCXW241672431 BCX0\">u tra<\/span><span class=\"NormalTextRun SCXW241672431 BCX0\">ba<\/span><span class=\"NormalTextRun SCXW241672431 BCX0\">jo de investigaci\u00f3n.<\/span><\/span><span class=\"EOP SCXW241672431 BCX0\" data-ccp-props=\"{&quot;201341983&quot;:0,&quot;335551550&quot;:6,&quot;335551620&quot;:6,&quot;335559739&quot;:160,&quot;335559740&quot;:259}\">\u00a0<\/span><\/p>\t\t\t\t\t\t<\/div>\n\t\t\t\t<\/div>\n\t\t\t\t\t<\/div>\n\t\t<\/div>\n\t\t\t\t\t<\/div>\n\t\t<\/section>\n\t\t\t\t<section class=\"elementor-section elementor-top-section elementor-element elementor-element-29d1edc elementor-section-boxed elementor-section-height-default elementor-section-height-default\" data-id=\"29d1edc\" data-element_type=\"section\">\n\t\t\t\t\t\t<div class=\"elementor-container elementor-column-gap-default\">\n\t\t\t\t\t<div class=\"elementor-column elementor-col-50 elementor-top-column elementor-element elementor-element-ce5bdde\" data-id=\"ce5bdde\" data-element_type=\"column\">\n\t\t\t<div class=\"elementor-widget-wrap elementor-element-populated\">\n\t\t\t\t\t\t<div class=\"elementor-element elementor-element-bfab27c elementor-widget elementor-widget-text-editor\" data-id=\"bfab27c\" data-element_type=\"widget\" data-widget_type=\"text-editor.default\">\n\t\t\t\t<div class=\"elementor-widget-container\">\n\t\t\t\t\t\t\t<p><span class=\"TextRun SCXW45834446 BCX0\" lang=\"ES-ES\" xml:lang=\"ES-ES\" data-contrast=\"auto\"><span class=\"NormalTextRun SCXW45834446 BCX0\">La feria comenz\u00f3 con palabras por parte de nuestra <\/span><span class=\"NormalTextRun ContextualSpellingAndGrammarErrorV2Themed SCXW45834446 BCX0\">D<\/span><span class=\"NormalTextRun ContextualSpellingAndGrammarErrorV2Themed SCXW45834446 BCX0\">irectora<\/span><span class=\"NormalTextRun SCXW45834446 BCX0\"> de <\/span><span class=\"NormalTextRun SCXW45834446 BCX0\">S<\/span><span class=\"NormalTextRun SCXW45834446 BCX0\">ecundaria, <\/span><span class=\"NormalTextRun SpellingErrorV2Themed SCXW45834446 BCX0\">Lizbana<\/span><span class=\"NormalTextRun SCXW45834446 BCX0\"> Rueda<\/span><span class=\"NormalTextRun SCXW45834446 BCX0\">,<\/span><span class=\"NormalTextRun SCXW45834446 BCX0\"> quien resalt\u00f3 la importancia de este espacio dise\u00f1ado exclusivamente para que los estudiantes conozcan <\/span><span class=\"NormalTextRun SCXW45834446 BCX0\">de parte de egresados como es el proceso de realizaci\u00f3n de una monograf\u00eda desde el momento en <\/span><span class=\"NormalTextRun SCXW45834446 BCX0\">das <\/span><span class=\"NormalTextRun SCXW45834446 BCX0\">que escogen un \u00e1rea.<\/span> <span class=\"NormalTextRun SCXW45834446 BCX0\">Seguidamente, nuestro <\/span><span class=\"NormalTextRun SCXW45834446 BCX0\">R<\/span><span class=\"NormalTextRun SCXW45834446 BCX0\">ector Ralph <\/span><span class=\"NormalTextRun SpellingErrorV2Themed SCXW45834446 BCX0\">Wiese<\/span> <span class=\"NormalTextRun SCXW45834446 BCX0\">manifest\u00f3 que mediante esta feria oficialmente se abre \u201cel encuentro entre saber y saber hacer\u201d.\u00a0<\/span><\/span><span class=\"EOP SCXW45834446 BCX0\" data-ccp-props=\"{&quot;201341983&quot;:0,&quot;335551550&quot;:6,&quot;335551620&quot;:6,&quot;335559739&quot;:160,&quot;335559740&quot;:259}\">\u00a0<\/span><\/p>\t\t\t\t\t\t<\/div>\n\t\t\t\t<\/div>\n\t\t\t\t\t<\/div>\n\t\t<\/div>\n\t\t\t\t<div class=\"elementor-column elementor-col-50 elementor-top-column elementor-element elementor-element-7e060c5\" data-id=\"7e060c5\" data-element_type=\"column\">\n\t\t\t<div class=\"elementor-widget-wrap elementor-element-populated\">\n\t\t\t\t\t\t<div class=\"elementor-element elementor-element-f88601f elementor-widget elementor-widget-image\" data-id=\"f88601f\" data-element_type=\"widget\" data-widget_type=\"image.default\">\n\t\t\t\t<div class=\"elementor-widget-container\">\n\t\t\t<style>\/*! elementor - v3.23.0 - 05-08-2024 *\/\n.elementor-widget-image{text-align:center}.elementor-widget-image a{display:inline-block}.elementor-widget-image a img[src$=\".svg\"]{width:48px}.elementor-widget-image img{vertical-align:middle;display:inline-block}<\/style>\t\t\t\t\t\t\t\t\t\t<img fetchpriority=\"high\" decoding=\"async\" width=\"768\" height=\"512\" src=\"https:\/\/ds-barranquilla.org\/wp-content\/uploads\/2023\/01\/DSC_2794-768x512.jpg\" class=\"attachment-medium_large size-medium_large wp-image-21107\" alt=\"\" srcset=\"https:\/\/ds-barranquilla.org\/wp-content\/uploads\/2023\/01\/DSC_2794-768x512.jpg 768w, https:\/\/ds-barranquilla.org\/wp-content\/uploads\/2023\/01\/DSC_2794-300x200.jpg 300w, https:\/\/ds-barranquilla.org\/wp-content\/uploads\/2023\/01\/DSC_2794-1024x683.jpg 1024w, https:\/\/ds-barranquilla.org\/wp-content\/uploads\/2023\/01\/DSC_2794-391x260.jpg 391w, https:\/\/ds-barranquilla.org\/wp-content\/uploads\/2023\/01\/DSC_2794-1536x1024.jpg 1536w, https:\/\/ds-barranquilla.org\/wp-content\/uploads\/2023\/01\/DSC_2794-2048x1365.jpg 2048w, https:\/\/ds-barranquilla.org\/wp-content\/uploads\/2023\/01\/DSC_2794-18x12.jpg 18w, https:\/\/ds-barranquilla.org\/wp-content\/uploads\/2023\/01\/DSC_2794-219x146.jpg 219w, https:\/\/ds-barranquilla.org\/wp-content\/uploads\/2023\/01\/DSC_2794-50x33.jpg 50w, https:\/\/ds-barranquilla.org\/wp-content\/uploads\/2023\/01\/DSC_2794-113x75.jpg 113w, https:\/\/ds-barranquilla.org\/wp-content\/uploads\/2023\/01\/DSC_2794-800x533.jpg 800w\" sizes=\"(max-width:767px) 480px, (max-width:768px) 100vw, 768px\" \/>\t\t\t\t\t\t\t\t\t\t\t\t\t<\/div>\n\t\t\t\t<\/div>\n\t\t\t\t\t<\/div>\n\t\t<\/div>\n\t\t\t\t\t<\/div>\n\t\t<\/section>\n\t\t\t\t<section class=\"elementor-section elementor-top-section elementor-element elementor-element-e7b2caf elementor-section-boxed elementor-section-height-default elementor-section-height-default\" data-id=\"e7b2caf\" data-element_type=\"section\">\n\t\t\t\t\t\t<div class=\"elementor-container elementor-column-gap-default\">\n\t\t\t\t\t<div class=\"elementor-column elementor-col-100 elementor-top-column elementor-element elementor-element-22d954f\" data-id=\"22d954f\" data-element_type=\"column\">\n\t\t\t<div class=\"elementor-widget-wrap elementor-element-populated\">\n\t\t\t\t\t\t<div class=\"elementor-element elementor-element-b839bc2 elementor-widget elementor-widget-text-editor\" data-id=\"b839bc2\" data-element_type=\"widget\" data-widget_type=\"text-editor.default\">\n\t\t\t\t<div class=\"elementor-widget-container\">\n\t\t\t\t\t\t\t<p><span data-contrast=\"auto\">\u201cHemos organizado una agenda con los supervisores a cargo de las diferentes \u00e1reas para que los estudiantes conozcan los distintos enfoques de investigaci\u00f3n, los posibles temas a explorar, las habilidades a desarrollar y, en una sesi\u00f3n de preguntas, puedan resolver las inquietudes que se presenten\u201d, afirma Kimberly Prieto, Coordinadora de Monograf\u00edas\u00a0<\/span><span data-ccp-props=\"{&quot;201341983&quot;:0,&quot;335551550&quot;:6,&quot;335551620&quot;:6,&quot;335559739&quot;:160,&quot;335559740&quot;:259}\">\u00a0<\/span><\/p><p><span data-contrast=\"auto\">En esta ocasi\u00f3n contamos con la participaci\u00f3n de los exalumnos \u00c1ngela Oviedo e Isabella Bojanini de la promoci\u00f3n 2021 y Kevin Barrios de la promoci\u00f3n 2019. En su momento, ellos trabajaron en las \u00e1reas de Mundo Contempor\u00e1neo, Filosof\u00eda y F\u00edsica, respectivamente. Las primeras dos estudiantes obtuvieron una calificaci\u00f3n de \u201cB\u201d y el \u00faltimo una puntuaci\u00f3n de \u201cA\u201d, las dos notas m\u00e1s altas otorgadas por el Bachillerato Internacional.<\/span><span data-ccp-props=\"{&quot;201341983&quot;:0,&quot;335551550&quot;:6,&quot;335551620&quot;:6,&quot;335559739&quot;:160,&quot;335559740&quot;:259}\">\u00a0<\/span><\/p>\t\t\t\t\t\t<\/div>\n\t\t\t\t<\/div>\n\t\t\t\t\t<\/div>\n\t\t<\/div>\n\t\t\t\t\t<\/div>\n\t\t<\/section>\n\t\t\t\t<section class=\"elementor-section elementor-top-section elementor-element elementor-element-b2a1920 elementor-section-boxed elementor-section-height-default elementor-section-height-default\" data-id=\"b2a1920\" data-element_type=\"section\">\n\t\t\t\t\t\t<div class=\"elementor-container elementor-column-gap-default\">\n\t\t\t\t\t<div class=\"elementor-column elementor-col-100 elementor-top-column elementor-element elementor-element-dd2337a\" data-id=\"dd2337a\" data-element_type=\"column\">\n\t\t\t<div class=\"elementor-widget-wrap elementor-element-populated\">\n\t\t\t\t\t\t<div class=\"elementor-element elementor-element-32adbe1 elementor-widget elementor-widget-image\" data-id=\"32adbe1\" data-element_type=\"widget\" data-widget_type=\"image.default\">\n\t\t\t\t<div class=\"elementor-widget-container\">\n\t\t\t\t\t\t\t\t\t\t<figure class=\"wp-caption\">\n\t\t\t\t\t\t\t\t\t\t<img decoding=\"async\" width=\"1024\" height=\"683\" src=\"https:\/\/ds-barranquilla.org\/wp-content\/uploads\/2023\/01\/DSC_2873-1024x683.jpg\" class=\"attachment-large size-large wp-image-21101\" alt=\"\" srcset=\"https:\/\/ds-barranquilla.org\/wp-content\/uploads\/2023\/01\/DSC_2873-1024x683.jpg 1024w, https:\/\/ds-barranquilla.org\/wp-content\/uploads\/2023\/01\/DSC_2873-300x200.jpg 300w, https:\/\/ds-barranquilla.org\/wp-content\/uploads\/2023\/01\/DSC_2873-768x512.jpg 768w, https:\/\/ds-barranquilla.org\/wp-content\/uploads\/2023\/01\/DSC_2873-391x260.jpg 391w, https:\/\/ds-barranquilla.org\/wp-content\/uploads\/2023\/01\/DSC_2873-1536x1024.jpg 1536w, https:\/\/ds-barranquilla.org\/wp-content\/uploads\/2023\/01\/DSC_2873-2048x1365.jpg 2048w, https:\/\/ds-barranquilla.org\/wp-content\/uploads\/2023\/01\/DSC_2873-18x12.jpg 18w, https:\/\/ds-barranquilla.org\/wp-content\/uploads\/2023\/01\/DSC_2873-219x146.jpg 219w, https:\/\/ds-barranquilla.org\/wp-content\/uploads\/2023\/01\/DSC_2873-50x33.jpg 50w, https:\/\/ds-barranquilla.org\/wp-content\/uploads\/2023\/01\/DSC_2873-113x75.jpg 113w, https:\/\/ds-barranquilla.org\/wp-content\/uploads\/2023\/01\/DSC_2873-800x533.jpg 800w\" sizes=\"(max-width:767px) 480px, (max-width:1024px) 100vw, 1024px\" \/>\t\t\t\t\t\t\t\t\t\t\t<figcaption class=\"widget-image-caption wp-caption-text\">\u00c1ngela Oviedo, Kimberly Prieto, Kevin Barrios e Isabella Bojanini<\/figcaption>\n\t\t\t\t\t\t\t\t\t\t<\/figure>\n\t\t\t\t\t\t\t<\/div>\n\t\t\t\t<\/div>\n\t\t\t\t\t<\/div>\n\t\t<\/div>\n\t\t\t\t\t<\/div>\n\t\t<\/section>\n\t\t\t\t<section class=\"elementor-section elementor-top-section elementor-element elementor-element-57658f3 elementor-section-boxed elementor-section-height-default elementor-section-height-default\" data-id=\"57658f3\" data-element_type=\"section\">\n\t\t\t\t\t\t<div class=\"elementor-container elementor-column-gap-default\">\n\t\t\t\t\t<div class=\"elementor-column elementor-col-50 elementor-top-column elementor-element elementor-element-86273b8\" data-id=\"86273b8\" data-element_type=\"column\">\n\t\t\t<div class=\"elementor-widget-wrap elementor-element-populated\">\n\t\t\t\t\t\t<div class=\"elementor-element elementor-element-f092794 elementor-widget elementor-widget-image\" data-id=\"f092794\" data-element_type=\"widget\" data-widget_type=\"image.default\">\n\t\t\t\t<div class=\"elementor-widget-container\">\n\t\t\t\t\t\t\t\t\t\t\t\t\t<img decoding=\"async\" width=\"768\" height=\"512\" src=\"https:\/\/ds-barranquilla.org\/wp-content\/uploads\/2023\/01\/DSC_2934-768x512.jpg\" class=\"attachment-medium_large size-medium_large wp-image-21102\" alt=\"\" srcset=\"https:\/\/ds-barranquilla.org\/wp-content\/uploads\/2023\/01\/DSC_2934-768x512.jpg 768w, https:\/\/ds-barranquilla.org\/wp-content\/uploads\/2023\/01\/DSC_2934-300x200.jpg 300w, https:\/\/ds-barranquilla.org\/wp-content\/uploads\/2023\/01\/DSC_2934-1024x683.jpg 1024w, https:\/\/ds-barranquilla.org\/wp-content\/uploads\/2023\/01\/DSC_2934-391x260.jpg 391w, https:\/\/ds-barranquilla.org\/wp-content\/uploads\/2023\/01\/DSC_2934-1536x1024.jpg 1536w, https:\/\/ds-barranquilla.org\/wp-content\/uploads\/2023\/01\/DSC_2934-2048x1365.jpg 2048w, https:\/\/ds-barranquilla.org\/wp-content\/uploads\/2023\/01\/DSC_2934-18x12.jpg 18w, https:\/\/ds-barranquilla.org\/wp-content\/uploads\/2023\/01\/DSC_2934-219x146.jpg 219w, https:\/\/ds-barranquilla.org\/wp-content\/uploads\/2023\/01\/DSC_2934-50x33.jpg 50w, https:\/\/ds-barranquilla.org\/wp-content\/uploads\/2023\/01\/DSC_2934-113x75.jpg 113w, https:\/\/ds-barranquilla.org\/wp-content\/uploads\/2023\/01\/DSC_2934-800x533.jpg 800w\" sizes=\"(max-width:767px) 480px, (max-width:768px) 100vw, 768px\" \/>\t\t\t\t\t\t\t\t\t\t\t\t\t<\/div>\n\t\t\t\t<\/div>\n\t\t\t\t\t<\/div>\n\t\t<\/div>\n\t\t\t\t<div class=\"elementor-column elementor-col-50 elementor-top-column elementor-element elementor-element-d8c600f\" data-id=\"d8c600f\" data-element_type=\"column\">\n\t\t\t<div class=\"elementor-widget-wrap elementor-element-populated\">\n\t\t\t\t\t\t<div class=\"elementor-element elementor-element-df35972 elementor-widget elementor-widget-text-editor\" data-id=\"df35972\" data-element_type=\"widget\" data-widget_type=\"text-editor.default\">\n\t\t\t\t<div class=\"elementor-widget-container\">\n\t\t\t\t\t\t\t<p><span class=\"TextRun SCXW211845234 BCX0\" lang=\"ES-ES\" xml:lang=\"ES-ES\" data-contrast=\"auto\"><span class=\"NormalTextRun SCXW211845234 BCX0\">Los invitados <\/span><span class=\"NormalTextRun SCXW211845234 BCX0\">les<\/span><span class=\"NormalTextRun SCXW211845234 BCX0\"> contaron a los asistentes c\u00f3mo dividieron su monograf\u00eda<\/span><span class=\"NormalTextRun SCXW211845234 BCX0\">, c\u00f3mo<\/span><span class=\"NormalTextRun SCXW211845234 BCX0\"> llegaron a su pregunta de investigaci\u00f3n<\/span><span class=\"NormalTextRun SCXW211845234 BCX0\"> y<\/span><span class=\"NormalTextRun SCXW211845234 BCX0\"> las<\/span><span class=\"NormalTextRun SCXW211845234 BCX0\"> habilidades que desarrollaron durante el desarrollo del trabajo y <\/span><span class=\"NormalTextRun SCXW211845234 BCX0\">les brindaron algunos consejos que pueden ayudarles a la hora de iniciar este proceso.<\/span><\/span><\/p>\t\t\t\t\t\t<\/div>\n\t\t\t\t<\/div>\n\t\t\t\t\t<\/div>\n\t\t<\/div>\n\t\t\t\t\t<\/div>\n\t\t<\/section>\n\t\t\t\t<section class=\"elementor-section elementor-top-section elementor-element elementor-element-98f638e elementor-section-boxed elementor-section-height-default elementor-section-height-default\" data-id=\"98f638e\" data-element_type=\"section\">\n\t\t\t\t\t\t<div class=\"elementor-container elementor-column-gap-default\">\n\t\t\t\t\t<div class=\"elementor-column elementor-col-100 elementor-top-column elementor-element elementor-element-b1dad7e\" data-id=\"b1dad7e\" data-element_type=\"column\">\n\t\t\t<div class=\"elementor-widget-wrap elementor-element-populated\">\n\t\t\t\t\t\t<div class=\"elementor-element elementor-element-a2e911b elementor-widget elementor-widget-text-editor\" data-id=\"a2e911b\" data-element_type=\"widget\" data-widget_type=\"text-editor.default\">\n\t\t\t\t<div class=\"elementor-widget-container\">\n\t\t\t\t\t\t\t<p><span class=\"TextRun SCXW96479312 BCX0\" lang=\"ES-ES\" xml:lang=\"ES-ES\" data-contrast=\"auto\"><span class=\"NormalTextRun SCXW96479312 BCX0\">Al finalizar las diferentes charlas, los estudiantes de <\/span><span class=\"NormalTextRun SpellingErrorV2Themed SCXW96479312 BCX0\">Klasse<\/span><span class=\"NormalTextRun SCXW96479312 BCX0\"> 10 continuaron <\/span><span class=\"NormalTextRun SCXW96479312 BCX0\">al foyer del <\/span><span class=\"NormalTextRun SCXW96479312 BCX0\">A<\/span><span class=\"NormalTextRun SCXW96479312 BCX0\">uditorio para conocer de primera mano <\/span><span class=\"NormalTextRun SCXW96479312 BCX0\">las \u00e1reas y <\/span><span class=\"NormalTextRun SCXW96479312 BCX0\">sus respectivos<\/span><span class=\"NormalTextRun SCXW96479312 BCX0\"> supervisore<\/span><span class=\"NormalTextRun SCXW96479312 BCX0\">s<\/span><span class=\"NormalTextRun SCXW96479312 BCX0\">. Entre las<\/span> <span class=\"NormalTextRun SCXW96479312 BCX0\">ofertadas est\u00e1<\/span><span class=\"NormalTextRun SCXW96479312 BCX0\">n <\/span><span class=\"NormalTextRun SCXW96479312 BCX0\">Matem\u00e1ticas, M\u00fasica, Biolog\u00eda, Qu\u00edmica, F\u00edsica, Lengua y Literatura, Mundo Contempor\u00e1neo, <\/span><span class=\"NormalTextRun ContextualSpellingAndGrammarErrorV2Themed SCXW96479312 BCX0\">Englisch<\/span><span class=\"NormalTextRun SCXW96479312 BCX0\">, Filosof\u00eda,<\/span><span class=\"NormalTextRun SCXW96479312 BCX0\"> Sistemas Ambientales y Tecnolog\u00eda de la Informaci\u00f3n en una Sociedad Global (TISG).<\/span><\/span><span class=\"EOP SCXW96479312 BCX0\" data-ccp-props=\"{&quot;201341983&quot;:0,&quot;335551550&quot;:6,&quot;335551620&quot;:6,&quot;335559739&quot;:160,&quot;335559740&quot;:259}\">\u00a0<\/span><\/p>\t\t\t\t\t\t<\/div>\n\t\t\t\t<\/div>\n\t\t\t\t\t<\/div>\n\t\t<\/div>\n\t\t\t\t\t<\/div>\n\t\t<\/section>\n\t\t\t\t<section class=\"elementor-section elementor-top-section elementor-element elementor-element-5ab2ef7 elementor-section-boxed elementor-section-height-default elementor-section-height-default\" data-id=\"5ab2ef7\" data-element_type=\"section\">\n\t\t\t\t\t\t<div class=\"elementor-container elementor-column-gap-default\">\n\t\t\t\t\t<div class=\"elementor-column elementor-col-100 elementor-top-column elementor-element elementor-element-437acde\" data-id=\"437acde\" data-element_type=\"column\">\n\t\t\t<div class=\"elementor-widget-wrap elementor-element-populated\">\n\t\t\t\t\t\t<div class=\"elementor-element elementor-element-d473e08 elementor-widget elementor-widget-image\" data-id=\"d473e08\" data-element_type=\"widget\" data-widget_type=\"image.default\">\n\t\t\t\t<div class=\"elementor-widget-container\">\n\t\t\t\t\t\t\t\t\t\t\t\t\t<img loading=\"lazy\" decoding=\"async\" width=\"1024\" height=\"683\" src=\"https:\/\/ds-barranquilla.org\/wp-content\/uploads\/2023\/01\/DSC_2860-1024x683.jpg\" class=\"attachment-large size-large wp-image-21109\" alt=\"\" srcset=\"https:\/\/ds-barranquilla.org\/wp-content\/uploads\/2023\/01\/DSC_2860-1024x683.jpg 1024w, https:\/\/ds-barranquilla.org\/wp-content\/uploads\/2023\/01\/DSC_2860-300x200.jpg 300w, https:\/\/ds-barranquilla.org\/wp-content\/uploads\/2023\/01\/DSC_2860-768x512.jpg 768w, https:\/\/ds-barranquilla.org\/wp-content\/uploads\/2023\/01\/DSC_2860-391x260.jpg 391w, https:\/\/ds-barranquilla.org\/wp-content\/uploads\/2023\/01\/DSC_2860-1536x1024.jpg 1536w, https:\/\/ds-barranquilla.org\/wp-content\/uploads\/2023\/01\/DSC_2860-2048x1365.jpg 2048w, https:\/\/ds-barranquilla.org\/wp-content\/uploads\/2023\/01\/DSC_2860-18x12.jpg 18w, https:\/\/ds-barranquilla.org\/wp-content\/uploads\/2023\/01\/DSC_2860-219x146.jpg 219w, https:\/\/ds-barranquilla.org\/wp-content\/uploads\/2023\/01\/DSC_2860-50x33.jpg 50w, https:\/\/ds-barranquilla.org\/wp-content\/uploads\/2023\/01\/DSC_2860-113x75.jpg 113w, https:\/\/ds-barranquilla.org\/wp-content\/uploads\/2023\/01\/DSC_2860-800x533.jpg 800w\" sizes=\"(max-width:767px) 480px, (max-width:1024px) 100vw, 1024px\" \/>\t\t\t\t\t\t\t\t\t\t\t\t\t<\/div>\n\t\t\t\t<\/div>\n\t\t\t\t\t<\/div>\n\t\t<\/div>\n\t\t\t\t\t<\/div>\n\t\t<\/section>\n\t\t\t\t<\/div>","protected":false},"excerpt":{"rendered":"<p>Estudiantes de Klasse 10 asistieron a nuestra Feria de Monograf\u00edas Nuestros estudiantes de Klasse 10 asistieron el 31 de enero a nuestra Feria de Monograf\u00edas, un<span class=\"excerpt-hellip\"> [\u2026]<\/span><\/p>","protected":false},"author":16,"featured_media":21103,"comment_status":"open","ping_status":"open","sticky":false,"template":"","format":"standard","meta":{"_exactmetrics_skip_tracking":false,"_exactmetrics_sitenote_active":false,"_exactmetrics_sitenote_note":"","_exactmetrics_sitenote_category":0,"_joinchat":[],"footnotes":""},"categories":[713,694,675,709,710],"tags":[],"class_list":["post-21099","post","type-post","status-publish","format-standard","has-post-thumbnail","hentry","category-713","category-bachillerato-internacional","category-eventos","category-rectoria","category-secundaria"],"yoast_head":"<!-- This site is optimized with the Yoast SEO plugin v23.3 - https:\/\/yoast.com\/wordpress\/plugins\/seo\/ -->\n<title>Estudiantes de Klasse 10 asistieron a nuestra Feria de Monograf\u00edas<\/title>\n<meta name=\"description\" content=\"Nuestros estudiantes de Klasse 10 asistieron a nuestra Feria de Monograf\u00edas, un espacio dise\u00f1ado para crear redes de aprendizaje que apoyen el proceso de construcci\u00f3n del trabajo de investigaci\u00f3n.\" \/>\n<meta name=\"robots\" content=\"noindex, follow, max-snippet:-1, max-image-preview:large, max-video-preview:-1\" \/>\n<meta property=\"og:locale\" content=\"de_DE\" \/>\n<meta property=\"og:type\" content=\"article\" \/>\n<meta property=\"og:title\" content=\"Estudiantes de Klasse 10 asistieron a nuestra Feria de Monograf\u00edas\" \/>\n<meta property=\"og:description\" content=\"Nuestros estudiantes de Klasse 10 asistieron a nuestra Feria de Monograf\u00edas, un espacio dise\u00f1ado para crear redes de aprendizaje que apoyen el proceso de construcci\u00f3n del trabajo de investigaci\u00f3n.\" \/>\n<meta property=\"og:url\" content=\"https:\/\/ds-barranquilla.org\/de\/estudiantes-de-klasse-10-asistieron-a-nuestra-feria-de-monografias\/\" \/>\n<meta property=\"og:site_name\" content=\"Colegio Alem\u00e1n - Los Mejores Colegios de Colombia - Colegio Triling\u00fce\" \/>\n<meta property=\"article:publisher\" content=\"https:\/\/www.facebook.com\/ColegioAlemanBaq\/\" \/>\n<meta property=\"article:published_time\" content=\"2023-01-31T20:38:01+00:00\" \/>\n<meta property=\"article:modified_time\" content=\"2023-01-31T20:43:57+00:00\" \/>\n<meta property=\"og:image\" content=\"https:\/\/ds-barranquilla.org\/wp-content\/uploads\/2023\/01\/Banner-noticias-Blog-4.png\" \/>\n\t<meta property=\"og:image:width\" content=\"1170\" \/>\n\t<meta property=\"og:image:height\" content=\"480\" \/>\n\t<meta property=\"og:image:type\" content=\"image\/png\" \/>\n<meta name=\"author\" content=\"Comunicaciones Comunicaciones\" \/>\n<meta name=\"twitter:card\" content=\"summary_large_image\" \/>\n<meta name=\"twitter:creator\" content=\"@ColegioAlemanBq\" \/>\n<meta name=\"twitter:site\" content=\"@ColegioAlemanBq\" \/>\n<meta name=\"twitter:label1\" content=\"Verfasst von\" \/>\n\t<meta name=\"twitter:data1\" content=\"Comunicaciones Comunicaciones\" \/>\n\t<meta name=\"twitter:label2\" content=\"Gesch\u00e4tzte Lesezeit\" \/>\n\t<meta name=\"twitter:data2\" content=\"2\u00a0Minuten\" \/>\n<script type=\"application\/ld+json\" class=\"yoast-schema-graph\">{\"@context\":\"https:\/\/schema.org\",\"@graph\":[{\"@type\":\"Article\",\"@id\":\"https:\/\/ds-barranquilla.org\/estudiantes-de-klasse-10-asistieron-a-nuestra-feria-de-monografias\/#article\",\"isPartOf\":{\"@id\":\"https:\/\/ds-barranquilla.org\/estudiantes-de-klasse-10-asistieron-a-nuestra-feria-de-monografias\/\"},\"author\":{\"name\":\"Comunicaciones Comunicaciones\",\"@id\":\"https:\/\/ds-barranquilla.org\/#\/schema\/person\/7bf8790ba89d3480e0551241ccdc8d36\"},\"headline\":\"Estudiantes de Klasse 10 asistieron a nuestra Feria de Monograf\u00edas\",\"datePublished\":\"2023-01-31T20:38:01+00:00\",\"dateModified\":\"2023-01-31T20:43:57+00:00\",\"mainEntityOfPage\":{\"@id\":\"https:\/\/ds-barranquilla.org\/estudiantes-de-klasse-10-asistieron-a-nuestra-feria-de-monografias\/\"},\"wordCount\":399,\"commentCount\":0,\"publisher\":{\"@id\":\"https:\/\/ds-barranquilla.org\/#organization\"},\"image\":{\"@id\":\"https:\/\/ds-barranquilla.org\/estudiantes-de-klasse-10-asistieron-a-nuestra-feria-de-monografias\/#primaryimage\"},\"thumbnailUrl\":\"https:\/\/ds-barranquilla.org\/wp-content\/uploads\/2023\/01\/Banner-noticias-Blog-4.png\",\"articleSection\":[\"2023\",\"Bachillerato Internacional\",\"Eventos\",\"Rector\u00eda\",\"Secundaria\"],\"inLanguage\":\"de\",\"potentialAction\":[{\"@type\":\"CommentAction\",\"name\":\"Comment\",\"target\":[\"https:\/\/ds-barranquilla.org\/estudiantes-de-klasse-10-asistieron-a-nuestra-feria-de-monografias\/#respond\"]}]},{\"@type\":\"WebPage\",\"@id\":\"https:\/\/ds-barranquilla.org\/estudiantes-de-klasse-10-asistieron-a-nuestra-feria-de-monografias\/\",\"url\":\"https:\/\/ds-barranquilla.org\/estudiantes-de-klasse-10-asistieron-a-nuestra-feria-de-monografias\/\",\"name\":\"Estudiantes de Klasse 10 asistieron a nuestra Feria de Monograf\u00edas\",\"isPartOf\":{\"@id\":\"https:\/\/ds-barranquilla.org\/#website\"},\"primaryImageOfPage\":{\"@id\":\"https:\/\/ds-barranquilla.org\/estudiantes-de-klasse-10-asistieron-a-nuestra-feria-de-monografias\/#primaryimage\"},\"image\":{\"@id\":\"https:\/\/ds-barranquilla.org\/estudiantes-de-klasse-10-asistieron-a-nuestra-feria-de-monografias\/#primaryimage\"},\"thumbnailUrl\":\"https:\/\/ds-barranquilla.org\/wp-content\/uploads\/2023\/01\/Banner-noticias-Blog-4.png\",\"datePublished\":\"2023-01-31T20:38:01+00:00\",\"dateModified\":\"2023-01-31T20:43:57+00:00\",\"description\":\"Nuestros estudiantes de Klasse 10 asistieron a nuestra Feria de Monograf\u00edas, un espacio dise\u00f1ado para crear redes de aprendizaje que apoyen el proceso de construcci\u00f3n del trabajo de investigaci\u00f3n.\",\"breadcrumb\":{\"@id\":\"https:\/\/ds-barranquilla.org\/estudiantes-de-klasse-10-asistieron-a-nuestra-feria-de-monografias\/#breadcrumb\"},\"inLanguage\":\"de\",\"potentialAction\":[{\"@type\":\"ReadAction\",\"target\":[\"https:\/\/ds-barranquilla.org\/estudiantes-de-klasse-10-asistieron-a-nuestra-feria-de-monografias\/\"]}]},{\"@type\":\"ImageObject\",\"inLanguage\":\"de\",\"@id\":\"https:\/\/ds-barranquilla.org\/estudiantes-de-klasse-10-asistieron-a-nuestra-feria-de-monografias\/#primaryimage\",\"url\":\"https:\/\/ds-barranquilla.org\/wp-content\/uploads\/2023\/01\/Banner-noticias-Blog-4.png\",\"contentUrl\":\"https:\/\/ds-barranquilla.org\/wp-content\/uploads\/2023\/01\/Banner-noticias-Blog-4.png\",\"width\":1170,\"height\":480},{\"@type\":\"BreadcrumbList\",\"@id\":\"https:\/\/ds-barranquilla.org\/estudiantes-de-klasse-10-asistieron-a-nuestra-feria-de-monografias\/#breadcrumb\",\"itemListElement\":[{\"@type\":\"ListItem\",\"position\":1,\"name\":\"Portada\",\"item\":\"https:\/\/ds-barranquilla.org\/\"},{\"@type\":\"ListItem\",\"position\":2,\"name\":\"Estudiantes de Klasse 10 asistieron a nuestra Feria de Monograf\u00edas\"}]},{\"@type\":\"WebSite\",\"@id\":\"https:\/\/ds-barranquilla.org\/#website\",\"url\":\"https:\/\/ds-barranquilla.org\/\",\"name\":\"Colegio Alem\u00e1n - Los Mejores Colegios de Colombia - Colegio Triling\u00fce\",\"description\":\"Colegio Alem\u00e1n  Barranquilla Colombia - Colegio Biling\u00fce - Triling\u00fce - El Mejor Colegio de Colombia\",\"publisher\":{\"@id\":\"https:\/\/ds-barranquilla.org\/#organization\"},\"potentialAction\":[{\"@type\":\"SearchAction\",\"target\":{\"@type\":\"EntryPoint\",\"urlTemplate\":\"https:\/\/ds-barranquilla.org\/?s={search_term_string}\"},\"query-input\":\"required name=search_term_string\"}],\"inLanguage\":\"de\"},{\"@type\":\"Organization\",\"@id\":\"https:\/\/ds-barranquilla.org\/#organization\",\"name\":\"Colegio Alem\u00e1n Barranquilla\",\"url\":\"https:\/\/ds-barranquilla.org\/\",\"logo\":{\"@type\":\"ImageObject\",\"inLanguage\":\"de\",\"@id\":\"https:\/\/ds-barranquilla.org\/#\/schema\/logo\/image\/\",\"url\":\"https:\/\/ds-barranquilla.org\/wp-content\/uploads\/2021\/05\/coleman_logo_2.png\",\"contentUrl\":\"https:\/\/ds-barranquilla.org\/wp-content\/uploads\/2021\/05\/coleman_logo_2.png\",\"width\":418,\"height\":307,\"caption\":\"Colegio Alem\u00e1n Barranquilla\"},\"image\":{\"@id\":\"https:\/\/ds-barranquilla.org\/#\/schema\/logo\/image\/\"},\"sameAs\":[\"https:\/\/www.facebook.com\/ColegioAlemanBaq\/\",\"https:\/\/x.com\/ColegioAlemanBq\",\"https:\/\/www.instagram.com\/colegioalemanbaq\/\",\"https:\/\/www.linkedin.com\/school\/deutsche-schule-barranquilla\/\",\"https:\/\/www.youtube.com\/channel\/UCOOGZQCVs6aYRqIWvSN5agQ\"]},{\"@type\":\"Person\",\"@id\":\"https:\/\/ds-barranquilla.org\/#\/schema\/person\/7bf8790ba89d3480e0551241ccdc8d36\",\"name\":\"Comunicaciones Comunicaciones\",\"image\":{\"@type\":\"ImageObject\",\"inLanguage\":\"de\",\"@id\":\"https:\/\/ds-barranquilla.org\/#\/schema\/person\/image\/\",\"url\":\"https:\/\/secure.gravatar.com\/avatar\/a66ba9484a4338d81d6bea750e595038?s=96&d=mm&r=g\",\"contentUrl\":\"https:\/\/secure.gravatar.com\/avatar\/a66ba9484a4338d81d6bea750e595038?s=96&d=mm&r=g\",\"caption\":\"Comunicaciones Comunicaciones\"}}]}<\/script>\n<!-- \/ Yoast SEO plugin. -->","yoast_head_json":{"title":"Estudiantes de Klasse 10 asistieron a nuestra Feria de Monograf\u00edas","description":"Nuestros estudiantes de Klasse 10 asistieron a nuestra Feria de Monograf\u00edas, un espacio dise\u00f1ado para crear redes de aprendizaje que apoyen el proceso de construcci\u00f3n del trabajo de investigaci\u00f3n.","robots":{"index":"noindex","follow":"follow","max-snippet":"max-snippet:-1","max-image-preview":"max-image-preview:large","max-video-preview":"max-video-preview:-1"},"og_locale":"de_DE","og_type":"article","og_title":"Estudiantes de Klasse 10 asistieron a nuestra Feria de Monograf\u00edas","og_description":"Nuestros estudiantes de Klasse 10 asistieron a nuestra Feria de Monograf\u00edas, un espacio dise\u00f1ado para crear redes de aprendizaje que apoyen el proceso de construcci\u00f3n del trabajo de investigaci\u00f3n.","og_url":"https:\/\/ds-barranquilla.org\/de\/estudiantes-de-klasse-10-asistieron-a-nuestra-feria-de-monografias\/","og_site_name":"Colegio Alem\u00e1n - Los Mejores Colegios de Colombia - Colegio Triling\u00fce","article_publisher":"https:\/\/www.facebook.com\/ColegioAlemanBaq\/","article_published_time":"2023-01-31T20:38:01+00:00","article_modified_time":"2023-01-31T20:43:57+00:00","og_image":[{"width":1170,"height":480,"url":"https:\/\/ds-barranquilla.org\/wp-content\/uploads\/2023\/01\/Banner-noticias-Blog-4.png","type":"image\/png"}],"author":"Comunicaciones Comunicaciones","twitter_card":"summary_large_image","twitter_creator":"@ColegioAlemanBq","twitter_site":"@ColegioAlemanBq","twitter_misc":{"Verfasst von":"Comunicaciones Comunicaciones","Gesch\u00e4tzte Lesezeit":"2\u00a0Minuten"},"schema":{"@context":"https:\/\/schema.org","@graph":[{"@type":"Article","@id":"https:\/\/ds-barranquilla.org\/estudiantes-de-klasse-10-asistieron-a-nuestra-feria-de-monografias\/#article","isPartOf":{"@id":"https:\/\/ds-barranquilla.org\/estudiantes-de-klasse-10-asistieron-a-nuestra-feria-de-monografias\/"},"author":{"name":"Comunicaciones Comunicaciones","@id":"https:\/\/ds-barranquilla.org\/#\/schema\/person\/7bf8790ba89d3480e0551241ccdc8d36"},"headline":"Estudiantes de Klasse 10 asistieron a nuestra Feria de Monograf\u00edas","datePublished":"2023-01-31T20:38:01+00:00","dateModified":"2023-01-31T20:43:57+00:00","mainEntityOfPage":{"@id":"https:\/\/ds-barranquilla.org\/estudiantes-de-klasse-10-asistieron-a-nuestra-feria-de-monografias\/"},"wordCount":399,"commentCount":0,"publisher":{"@id":"https:\/\/ds-barranquilla.org\/#organization"},"image":{"@id":"https:\/\/ds-barranquilla.org\/estudiantes-de-klasse-10-asistieron-a-nuestra-feria-de-monografias\/#primaryimage"},"thumbnailUrl":"https:\/\/ds-barranquilla.org\/wp-content\/uploads\/2023\/01\/Banner-noticias-Blog-4.png","articleSection":["2023","Bachillerato Internacional","Eventos","Rector\u00eda","Secundaria"],"inLanguage":"de","potentialAction":[{"@type":"CommentAction","name":"Comment","target":["https:\/\/ds-barranquilla.org\/estudiantes-de-klasse-10-asistieron-a-nuestra-feria-de-monografias\/#respond"]}]},{"@type":"WebPage","@id":"https:\/\/ds-barranquilla.org\/estudiantes-de-klasse-10-asistieron-a-nuestra-feria-de-monografias\/","url":"https:\/\/ds-barranquilla.org\/estudiantes-de-klasse-10-asistieron-a-nuestra-feria-de-monografias\/","name":"Estudiantes de Klasse 10 asistieron a nuestra Feria de Monograf\u00edas","isPartOf":{"@id":"https:\/\/ds-barranquilla.org\/#website"},"primaryImageOfPage":{"@id":"https:\/\/ds-barranquilla.org\/estudiantes-de-klasse-10-asistieron-a-nuestra-feria-de-monografias\/#primaryimage"},"image":{"@id":"https:\/\/ds-barranquilla.org\/estudiantes-de-klasse-10-asistieron-a-nuestra-feria-de-monografias\/#primaryimage"},"thumbnailUrl":"https:\/\/ds-barranquilla.org\/wp-content\/uploads\/2023\/01\/Banner-noticias-Blog-4.png","datePublished":"2023-01-31T20:38:01+00:00","dateModified":"2023-01-31T20:43:57+00:00","description":"Nuestros estudiantes de Klasse 10 asistieron a nuestra Feria de Monograf\u00edas, un espacio dise\u00f1ado para crear redes de aprendizaje que apoyen el proceso de construcci\u00f3n del trabajo de investigaci\u00f3n.","breadcrumb":{"@id":"https:\/\/ds-barranquilla.org\/estudiantes-de-klasse-10-asistieron-a-nuestra-feria-de-monografias\/#breadcrumb"},"inLanguage":"de","potentialAction":[{"@type":"ReadAction","target":["https:\/\/ds-barranquilla.org\/estudiantes-de-klasse-10-asistieron-a-nuestra-feria-de-monografias\/"]}]},{"@type":"ImageObject","inLanguage":"de","@id":"https:\/\/ds-barranquilla.org\/estudiantes-de-klasse-10-asistieron-a-nuestra-feria-de-monografias\/#primaryimage","url":"https:\/\/ds-barranquilla.org\/wp-content\/uploads\/2023\/01\/Banner-noticias-Blog-4.png","contentUrl":"https:\/\/ds-barranquilla.org\/wp-content\/uploads\/2023\/01\/Banner-noticias-Blog-4.png","width":1170,"height":480},{"@type":"BreadcrumbList","@id":"https:\/\/ds-barranquilla.org\/estudiantes-de-klasse-10-asistieron-a-nuestra-feria-de-monografias\/#breadcrumb","itemListElement":[{"@type":"ListItem","position":1,"name":"Portada","item":"https:\/\/ds-barranquilla.org\/"},{"@type":"ListItem","position":2,"name":"Estudiantes de Klasse 10 asistieron a nuestra Feria de Monograf\u00edas"}]},{"@type":"WebSite","@id":"https:\/\/ds-barranquilla.org\/#website","url":"https:\/\/ds-barranquilla.org\/","name":"Colegio Alem\u00e1n - Los Mejores Colegios de Colombia - Colegio Triling\u00fce","description":"Colegio Alem\u00e1n  Barranquilla Colombia - Colegio Biling\u00fce - Triling\u00fce - El Mejor Colegio de Colombia","publisher":{"@id":"https:\/\/ds-barranquilla.org\/#organization"},"potentialAction":[{"@type":"SearchAction","target":{"@type":"EntryPoint","urlTemplate":"https:\/\/ds-barranquilla.org\/?s={search_term_string}"},"query-input":"required name=search_term_string"}],"inLanguage":"de"},{"@type":"Organization","@id":"https:\/\/ds-barranquilla.org\/#organization","name":"Colegio Alem\u00e1n Barranquilla","url":"https:\/\/ds-barranquilla.org\/","logo":{"@type":"ImageObject","inLanguage":"de","@id":"https:\/\/ds-barranquilla.org\/#\/schema\/logo\/image\/","url":"https:\/\/ds-barranquilla.org\/wp-content\/uploads\/2021\/05\/coleman_logo_2.png","contentUrl":"https:\/\/ds-barranquilla.org\/wp-content\/uploads\/2021\/05\/coleman_logo_2.png","width":418,"height":307,"caption":"Colegio Alem\u00e1n Barranquilla"},"image":{"@id":"https:\/\/ds-barranquilla.org\/#\/schema\/logo\/image\/"},"sameAs":["https:\/\/www.facebook.com\/ColegioAlemanBaq\/","https:\/\/x.com\/ColegioAlemanBq","https:\/\/www.instagram.com\/colegioalemanbaq\/","https:\/\/www.linkedin.com\/school\/deutsche-schule-barranquilla\/","https:\/\/www.youtube.com\/channel\/UCOOGZQCVs6aYRqIWvSN5agQ"]},{"@type":"Person","@id":"https:\/\/ds-barranquilla.org\/#\/schema\/person\/7bf8790ba89d3480e0551241ccdc8d36","name":"Comunicaciones Comunicaciones","image":{"@type":"ImageObject","inLanguage":"de","@id":"https:\/\/ds-barranquilla.org\/#\/schema\/person\/image\/","url":"https:\/\/secure.gravatar.com\/avatar\/a66ba9484a4338d81d6bea750e595038?s=96&d=mm&r=g","contentUrl":"https:\/\/secure.gravatar.com\/avatar\/a66ba9484a4338d81d6bea750e595038?s=96&d=mm&r=g","caption":"Comunicaciones Comunicaciones"}}]}},"_links":{"self":[{"href":"https:\/\/ds-barranquilla.org\/de\/wp-json\/wp\/v2\/posts\/21099"}],"collection":[{"href":"https:\/\/ds-barranquilla.org\/de\/wp-json\/wp\/v2\/posts"}],"about":[{"href":"https:\/\/ds-barranquilla.org\/de\/wp-json\/wp\/v2\/types\/post"}],"author":[{"embeddable":true,"href":"https:\/\/ds-barranquilla.org\/de\/wp-json\/wp\/v2\/users\/16"}],"replies":[{"embeddable":true,"href":"https:\/\/ds-barranquilla.org\/de\/wp-json\/wp\/v2\/comments?post=21099"}],"version-history":[{"count":5,"href":"https:\/\/ds-barranquilla.org\/de\/wp-json\/wp\/v2\/posts\/21099\/revisions"}],"predecessor-version":[{"id":21113,"href":"https:\/\/ds-barranquilla.org\/de\/wp-json\/wp\/v2\/posts\/21099\/revisions\/21113"}],"wp:featuredmedia":[{"embeddable":true,"href":"https:\/\/ds-barranquilla.org\/de\/wp-json\/wp\/v2\/media\/21103"}],"wp:attachment":[{"href":"https:\/\/ds-barranquilla.org\/de\/wp-json\/wp\/v2\/media?parent=21099"}],"wp:term":[{"taxonomy":"category","embeddable":true,"href":"https:\/\/ds-barranquilla.org\/de\/wp-json\/wp\/v2\/categories?post=21099"},{"taxonomy":"post_tag","embeddable":true,"href":"https:\/\/ds-barranquilla.org\/de\/wp-json\/wp\/v2\/tags?post=21099"}],"curies":[{"name":"wp","href":"https:\/\/api.w.org\/{rel}","templated":true}]}}