{"id":21481,"date":"2023-02-14T15:58:41","date_gmt":"2023-02-14T20:58:41","guid":{"rendered":"https:\/\/ds-barranquilla.org\/?p=21481"},"modified":"2023-02-14T16:18:46","modified_gmt":"2023-02-14T21:18:46","slug":"nuestros-padres-aprendieron-9-claves-para-criar-ninos-seguros-y-felices-en-la-primera-escuela-de-familias-del-2023","status":"publish","type":"post","link":"https:\/\/ds-barranquilla.org\/de\/nuestros-padres-aprendieron-9-claves-para-criar-ninos-seguros-y-felices-en-la-primera-escuela-de-familias-del-2023\/","title":{"rendered":"Nuestros padres aprendieron 9 claves para criar ni\u00f1os seguros y felices en la Escuela de Familias"},"content":{"rendered":"<div data-elementor-type=\"wp-post\" data-elementor-id=\"21481\" class=\"elementor elementor-21481\">\n\t\t\t\t\t\t<section class=\"elementor-section elementor-top-section elementor-element elementor-element-4d9ba3b elementor-section-boxed elementor-section-height-default elementor-section-height-default\" data-id=\"4d9ba3b\" data-element_type=\"section\">\n\t\t\t\t\t\t<div class=\"elementor-container elementor-column-gap-default\">\n\t\t\t\t\t<div class=\"elementor-column elementor-col-100 elementor-top-column elementor-element elementor-element-85ef13b\" data-id=\"85ef13b\" data-element_type=\"column\">\n\t\t\t<div class=\"elementor-widget-wrap elementor-element-populated\">\n\t\t\t\t\t\t<div class=\"elementor-element elementor-element-9d3722f elementor-widget elementor-widget-text-editor\" data-id=\"9d3722f\" data-element_type=\"widget\" data-widget_type=\"text-editor.default\">\n\t\t\t\t<div class=\"elementor-widget-container\">\n\t\t\t<style>\/*! elementor - v3.23.0 - 05-08-2024 *\/\n.elementor-widget-text-editor.elementor-drop-cap-view-stacked .elementor-drop-cap{background-color:#69727d;color:#fff}.elementor-widget-text-editor.elementor-drop-cap-view-framed .elementor-drop-cap{color:#69727d;border:3px solid;background-color:transparent}.elementor-widget-text-editor:not(.elementor-drop-cap-view-default) .elementor-drop-cap{margin-top:8px}.elementor-widget-text-editor:not(.elementor-drop-cap-view-default) .elementor-drop-cap-letter{width:1em;height:1em}.elementor-widget-text-editor .elementor-drop-cap{float:left;text-align:center;line-height:1;font-size:50px}.elementor-widget-text-editor .elementor-drop-cap-letter{display:inline-block}<\/style>\t\t\t\t<h2><span style=\"color: #cc3524;\">Nuestros padres aprendieron 9 claves para criar ni\u00f1os seguros y felices en la Escuela de Familias\u00a0<\/span><\/h2><p>El lunes 13 de febrero retomamos la programaci\u00f3n de las Escuelas de Familias de nuestro Colegio Alem\u00e1n de Barranquilla con la sesi\u00f3n \u20189 claves para criar ni\u00f1os seguros y felices\u2019 que estuvo a cargo de Vanessa Londo\u00f1o, Psic\u00f3loga especialista en psicolog\u00eda cl\u00ednica y desarrollo infantil y coach certificada por la Asociaci\u00f3n Americana de Disciplina Positiva.<\/p><p>Este evento comenz\u00f3 con las palabras de nuestras Psic\u00f3logas, Dayana M\u00e1rquez y Johanna Cuadros. Luego, Vanessa Londo\u00f1o, nuestra invitada, inici\u00f3 su charla indagando entre los padres de familia c\u00f3mo eran de ni\u00f1os y qu\u00e9 recordaban de su \u00e9poca de ni\u00f1ez.<\/p>\t\t\t\t\t\t<\/div>\n\t\t\t\t<\/div>\n\t\t\t\t\t<\/div>\n\t\t<\/div>\n\t\t\t\t\t<\/div>\n\t\t<\/section>\n\t\t\t\t<section class=\"elementor-section elementor-top-section elementor-element elementor-element-2200c89 elementor-section-boxed elementor-section-height-default elementor-section-height-default\" data-id=\"2200c89\" data-element_type=\"section\">\n\t\t\t\t\t\t<div class=\"elementor-container elementor-column-gap-default\">\n\t\t\t\t\t<div class=\"elementor-column elementor-col-50 elementor-top-column elementor-element elementor-element-8ac3225\" data-id=\"8ac3225\" data-element_type=\"column\">\n\t\t\t<div class=\"elementor-widget-wrap elementor-element-populated\">\n\t\t\t\t\t\t<div class=\"elementor-element elementor-element-8a48405 elementor-widget elementor-widget-image\" data-id=\"8a48405\" data-element_type=\"widget\" data-widget_type=\"image.default\">\n\t\t\t\t<div class=\"elementor-widget-container\">\n\t\t\t<style>\/*! elementor - v3.23.0 - 05-08-2024 *\/\n.elementor-widget-image{text-align:center}.elementor-widget-image a{display:inline-block}.elementor-widget-image a img[src$=\".svg\"]{width:48px}.elementor-widget-image img{vertical-align:middle;display:inline-block}<\/style>\t\t\t\t\t\t\t\t\t\t<img fetchpriority=\"high\" decoding=\"async\" width=\"768\" height=\"512\" src=\"https:\/\/ds-barranquilla.org\/wp-content\/uploads\/2023\/02\/escuela-de-familias-febrero-4-768x512.jpeg\" class=\"attachment-medium_large size-medium_large wp-image-21484\" alt=\"\" srcset=\"https:\/\/ds-barranquilla.org\/wp-content\/uploads\/2023\/02\/escuela-de-familias-febrero-4-768x512.jpeg 768w, https:\/\/ds-barranquilla.org\/wp-content\/uploads\/2023\/02\/escuela-de-familias-febrero-4-300x200.jpeg 300w, https:\/\/ds-barranquilla.org\/wp-content\/uploads\/2023\/02\/escuela-de-familias-febrero-4-1024x682.jpeg 1024w, https:\/\/ds-barranquilla.org\/wp-content\/uploads\/2023\/02\/escuela-de-familias-febrero-4-391x260.jpeg 391w, https:\/\/ds-barranquilla.org\/wp-content\/uploads\/2023\/02\/escuela-de-familias-febrero-4-1536x1023.jpeg 1536w, https:\/\/ds-barranquilla.org\/wp-content\/uploads\/2023\/02\/escuela-de-familias-febrero-4-18x12.jpeg 18w, https:\/\/ds-barranquilla.org\/wp-content\/uploads\/2023\/02\/escuela-de-familias-febrero-4-219x146.jpeg 219w, https:\/\/ds-barranquilla.org\/wp-content\/uploads\/2023\/02\/escuela-de-familias-febrero-4-50x33.jpeg 50w, https:\/\/ds-barranquilla.org\/wp-content\/uploads\/2023\/02\/escuela-de-familias-febrero-4-113x75.jpeg 113w, https:\/\/ds-barranquilla.org\/wp-content\/uploads\/2023\/02\/escuela-de-familias-febrero-4-800x533.jpeg 800w, https:\/\/ds-barranquilla.org\/wp-content\/uploads\/2023\/02\/escuela-de-familias-febrero-4.jpeg 1600w\" sizes=\"(max-width:767px) 480px, (max-width:768px) 100vw, 768px\" \/>\t\t\t\t\t\t\t\t\t\t\t\t\t<\/div>\n\t\t\t\t<\/div>\n\t\t\t\t\t<\/div>\n\t\t<\/div>\n\t\t\t\t<div class=\"elementor-column elementor-col-50 elementor-top-column elementor-element elementor-element-48151cf\" data-id=\"48151cf\" data-element_type=\"column\">\n\t\t\t<div class=\"elementor-widget-wrap elementor-element-populated\">\n\t\t\t\t\t\t<div class=\"elementor-element elementor-element-8920820 elementor-widget elementor-widget-image\" data-id=\"8920820\" data-element_type=\"widget\" data-widget_type=\"image.default\">\n\t\t\t\t<div class=\"elementor-widget-container\">\n\t\t\t\t\t\t\t\t\t\t\t\t\t<img decoding=\"async\" width=\"768\" height=\"512\" src=\"https:\/\/ds-barranquilla.org\/wp-content\/uploads\/2023\/02\/escuela-de-familias-febrero-3-768x512.jpeg\" class=\"attachment-medium_large size-medium_large wp-image-21483\" alt=\"\" srcset=\"https:\/\/ds-barranquilla.org\/wp-content\/uploads\/2023\/02\/escuela-de-familias-febrero-3-768x512.jpeg 768w, https:\/\/ds-barranquilla.org\/wp-content\/uploads\/2023\/02\/escuela-de-familias-febrero-3-300x200.jpeg 300w, https:\/\/ds-barranquilla.org\/wp-content\/uploads\/2023\/02\/escuela-de-familias-febrero-3-1024x682.jpeg 1024w, https:\/\/ds-barranquilla.org\/wp-content\/uploads\/2023\/02\/escuela-de-familias-febrero-3-391x260.jpeg 391w, https:\/\/ds-barranquilla.org\/wp-content\/uploads\/2023\/02\/escuela-de-familias-febrero-3-1536x1023.jpeg 1536w, https:\/\/ds-barranquilla.org\/wp-content\/uploads\/2023\/02\/escuela-de-familias-febrero-3-18x12.jpeg 18w, https:\/\/ds-barranquilla.org\/wp-content\/uploads\/2023\/02\/escuela-de-familias-febrero-3-219x146.jpeg 219w, https:\/\/ds-barranquilla.org\/wp-content\/uploads\/2023\/02\/escuela-de-familias-febrero-3-50x33.jpeg 50w, https:\/\/ds-barranquilla.org\/wp-content\/uploads\/2023\/02\/escuela-de-familias-febrero-3-113x75.jpeg 113w, https:\/\/ds-barranquilla.org\/wp-content\/uploads\/2023\/02\/escuela-de-familias-febrero-3-800x533.jpeg 800w, https:\/\/ds-barranquilla.org\/wp-content\/uploads\/2023\/02\/escuela-de-familias-febrero-3.jpeg 1600w\" sizes=\"(max-width:767px) 480px, (max-width:768px) 100vw, 768px\" \/>\t\t\t\t\t\t\t\t\t\t\t\t\t<\/div>\n\t\t\t\t<\/div>\n\t\t\t\t\t<\/div>\n\t\t<\/div>\n\t\t\t\t\t<\/div>\n\t\t<\/section>\n\t\t\t\t<section class=\"elementor-section elementor-top-section elementor-element elementor-element-aa05cbf elementor-section-boxed elementor-section-height-default elementor-section-height-default\" data-id=\"aa05cbf\" data-element_type=\"section\">\n\t\t\t\t\t\t<div class=\"elementor-container elementor-column-gap-default\">\n\t\t\t\t\t<div class=\"elementor-column elementor-col-100 elementor-top-column elementor-element elementor-element-698bb0c\" data-id=\"698bb0c\" data-element_type=\"column\">\n\t\t\t<div class=\"elementor-widget-wrap elementor-element-populated\">\n\t\t\t\t\t\t<div class=\"elementor-element elementor-element-5f031cb elementor-widget elementor-widget-text-editor\" data-id=\"5f031cb\" data-element_type=\"widget\" data-widget_type=\"text-editor.default\">\n\t\t\t\t<div class=\"elementor-widget-container\">\n\t\t\t\t\t\t\t<p>Despu\u00e9s de las intervenciones de algunos asistentes, la ponente fue revelando una a una, con el apoyo de actividades y din\u00e1micas, esas claves para criar los ni\u00f1os seguros y felices que queremos ver en nuestro Colegio Alem\u00e1n de Barranquilla.<\/p><p><b>De acuerdo a la experta, las claves, que conforman el acr\u00f3stico \u2018Buen Trato\u2019, son:<\/b><\/p><ul><li><b>Beso,<\/b> que representa esos momentos de afecto, cari\u00f1o y contacto f\u00edsico que deben mantenerse en la familia, desde que comienza el d\u00eda, para reforzar el amor en los ni\u00f1os.<\/li><li><b>\u00danicos y especiales.<\/b> Esta clave es fundamental porque los ni\u00f1os no son las expectativas de sus padres, sino voces individuales que deben ser amadas y aceptadas en su m\u00e1s pura autenticidad.<\/li><li><b>Escucha. <\/b>Es un aspecto esencial, porque los ni\u00f1os requieren cuidados y, particularmente, atenci\u00f3n y esto se logra con buenos h\u00e1bitos a la hora de escuchar sus necesidades, anhelos y sue\u00f1os.<\/li><li><strong>Normas.<\/strong> Este factor representa, principalmente, el establecimiento de rutinas en edades tempranas que permitan una crianza aut\u00f3noma.<\/li><\/ul>\t\t\t\t\t\t<\/div>\n\t\t\t\t<\/div>\n\t\t\t\t\t<\/div>\n\t\t<\/div>\n\t\t\t\t\t<\/div>\n\t\t<\/section>\n\t\t\t\t<section class=\"elementor-section elementor-top-section elementor-element elementor-element-9a4985c elementor-section-boxed elementor-section-height-default elementor-section-height-default\" data-id=\"9a4985c\" data-element_type=\"section\">\n\t\t\t\t\t\t<div class=\"elementor-container elementor-column-gap-default\">\n\t\t\t\t\t<div class=\"elementor-column elementor-col-50 elementor-top-column elementor-element elementor-element-4502130\" data-id=\"4502130\" data-element_type=\"column\">\n\t\t\t<div class=\"elementor-widget-wrap elementor-element-populated\">\n\t\t\t\t\t\t<div class=\"elementor-element elementor-element-0de548f elementor-widget elementor-widget-image\" data-id=\"0de548f\" data-element_type=\"widget\" data-widget_type=\"image.default\">\n\t\t\t\t<div class=\"elementor-widget-container\">\n\t\t\t\t\t\t\t\t\t\t\t\t\t<img decoding=\"async\" width=\"768\" height=\"512\" src=\"https:\/\/ds-barranquilla.org\/wp-content\/uploads\/2023\/02\/escuela-de-familias-febrero-5-768x512.jpeg\" class=\"attachment-medium_large size-medium_large wp-image-21485\" alt=\"\" srcset=\"https:\/\/ds-barranquilla.org\/wp-content\/uploads\/2023\/02\/escuela-de-familias-febrero-5-768x512.jpeg 768w, https:\/\/ds-barranquilla.org\/wp-content\/uploads\/2023\/02\/escuela-de-familias-febrero-5-300x200.jpeg 300w, https:\/\/ds-barranquilla.org\/wp-content\/uploads\/2023\/02\/escuela-de-familias-febrero-5-1024x682.jpeg 1024w, https:\/\/ds-barranquilla.org\/wp-content\/uploads\/2023\/02\/escuela-de-familias-febrero-5-391x260.jpeg 391w, https:\/\/ds-barranquilla.org\/wp-content\/uploads\/2023\/02\/escuela-de-familias-febrero-5-1536x1023.jpeg 1536w, https:\/\/ds-barranquilla.org\/wp-content\/uploads\/2023\/02\/escuela-de-familias-febrero-5-18x12.jpeg 18w, https:\/\/ds-barranquilla.org\/wp-content\/uploads\/2023\/02\/escuela-de-familias-febrero-5-219x146.jpeg 219w, https:\/\/ds-barranquilla.org\/wp-content\/uploads\/2023\/02\/escuela-de-familias-febrero-5-50x33.jpeg 50w, https:\/\/ds-barranquilla.org\/wp-content\/uploads\/2023\/02\/escuela-de-familias-febrero-5-113x75.jpeg 113w, https:\/\/ds-barranquilla.org\/wp-content\/uploads\/2023\/02\/escuela-de-familias-febrero-5-800x533.jpeg 800w, https:\/\/ds-barranquilla.org\/wp-content\/uploads\/2023\/02\/escuela-de-familias-febrero-5.jpeg 1600w\" sizes=\"(max-width:767px) 480px, (max-width:768px) 100vw, 768px\" \/>\t\t\t\t\t\t\t\t\t\t\t\t\t<\/div>\n\t\t\t\t<\/div>\n\t\t\t\t\t<\/div>\n\t\t<\/div>\n\t\t\t\t<div class=\"elementor-column elementor-col-50 elementor-top-column elementor-element elementor-element-93def6a\" data-id=\"93def6a\" data-element_type=\"column\">\n\t\t\t<div class=\"elementor-widget-wrap elementor-element-populated\">\n\t\t\t\t\t\t<div class=\"elementor-element elementor-element-d8913ce elementor-widget elementor-widget-image\" data-id=\"d8913ce\" data-element_type=\"widget\" data-widget_type=\"image.default\">\n\t\t\t\t<div class=\"elementor-widget-container\">\n\t\t\t\t\t\t\t\t\t\t\t\t\t<img loading=\"lazy\" decoding=\"async\" width=\"768\" height=\"512\" src=\"https:\/\/ds-barranquilla.org\/wp-content\/uploads\/2023\/02\/escuela-de-familias-febrero-2-768x512.jpeg\" class=\"attachment-medium_large size-medium_large wp-image-21482\" alt=\"\" srcset=\"https:\/\/ds-barranquilla.org\/wp-content\/uploads\/2023\/02\/escuela-de-familias-febrero-2-768x512.jpeg 768w, https:\/\/ds-barranquilla.org\/wp-content\/uploads\/2023\/02\/escuela-de-familias-febrero-2-300x200.jpeg 300w, https:\/\/ds-barranquilla.org\/wp-content\/uploads\/2023\/02\/escuela-de-familias-febrero-2-1024x682.jpeg 1024w, https:\/\/ds-barranquilla.org\/wp-content\/uploads\/2023\/02\/escuela-de-familias-febrero-2-391x260.jpeg 391w, https:\/\/ds-barranquilla.org\/wp-content\/uploads\/2023\/02\/escuela-de-familias-febrero-2-1536x1023.jpeg 1536w, https:\/\/ds-barranquilla.org\/wp-content\/uploads\/2023\/02\/escuela-de-familias-febrero-2-18x12.jpeg 18w, https:\/\/ds-barranquilla.org\/wp-content\/uploads\/2023\/02\/escuela-de-familias-febrero-2-219x146.jpeg 219w, https:\/\/ds-barranquilla.org\/wp-content\/uploads\/2023\/02\/escuela-de-familias-febrero-2-50x33.jpeg 50w, https:\/\/ds-barranquilla.org\/wp-content\/uploads\/2023\/02\/escuela-de-familias-febrero-2-113x75.jpeg 113w, https:\/\/ds-barranquilla.org\/wp-content\/uploads\/2023\/02\/escuela-de-familias-febrero-2-800x533.jpeg 800w, https:\/\/ds-barranquilla.org\/wp-content\/uploads\/2023\/02\/escuela-de-familias-febrero-2.jpeg 1600w\" sizes=\"(max-width:767px) 480px, (max-width:768px) 100vw, 768px\" \/>\t\t\t\t\t\t\t\t\t\t\t\t\t<\/div>\n\t\t\t\t<\/div>\n\t\t\t\t\t<\/div>\n\t\t<\/div>\n\t\t\t\t\t<\/div>\n\t\t<\/section>\n\t\t\t\t<section class=\"elementor-section elementor-top-section elementor-element elementor-element-5d89b3a elementor-section-boxed elementor-section-height-default elementor-section-height-default\" data-id=\"5d89b3a\" data-element_type=\"section\">\n\t\t\t\t\t\t<div class=\"elementor-container elementor-column-gap-default\">\n\t\t\t\t\t<div class=\"elementor-column elementor-col-100 elementor-top-column elementor-element elementor-element-425868b\" data-id=\"425868b\" data-element_type=\"column\">\n\t\t\t<div class=\"elementor-widget-wrap elementor-element-populated\">\n\t\t\t\t\t\t<div class=\"elementor-element elementor-element-179329e elementor-widget elementor-widget-text-editor\" data-id=\"179329e\" data-element_type=\"widget\" data-widget_type=\"text-editor.default\">\n\t\t\t\t<div class=\"elementor-widget-container\">\n\t\t\t\t\t\t\t<ul>\n<li><strong>T\u00fa.<\/strong> Los ni\u00f1os son el reflejo de lo que aprenden en casa. \u201cEducar con el ejemplo no es una manera de educar, es la \u00fanica\u201d. Albert Einstein.<\/li>\n<li><strong>Respeto.<\/strong> La crianza respetuosa no es solo un modo de cuidar y educar, sino un modo de vivir y relacionarse con los dem\u00e1s a trav\u00e9s del respeto, un aspecto prioritario en el desarrollo de ni\u00f1os felices y seguros.<\/li>\n<li><strong>Autonom\u00eda.<\/strong> Esta clave, que se relaciona con el perfil de nuestros estudiantes, se fomenta cuando los padres elogian el esfuerzo y los logros de sus hijos y cuando consideran los errores que cometen como oportunidades para el aprendizaje.<\/li>\n<li><strong>Tiempo.<\/strong> La crianza es un ejercicio permanente que requiere momentos de calidad y de la disposici\u00f3n de los padres.<\/li>\n<li><strong>Ofr\u00e9celes una elecci\u00f3n.<\/strong> Dar opciones a los ni\u00f1os les ayuda a aprender a expresar sus opiniones y a tener cierto control sobre sus tareas diarias.<\/li>\n<\/ul>\t\t\t\t\t\t<\/div>\n\t\t\t\t<\/div>\n\t\t\t\t\t<\/div>\n\t\t<\/div>\n\t\t\t\t\t<\/div>\n\t\t<\/section>\n\t\t\t\t<section class=\"elementor-section elementor-top-section elementor-element elementor-element-6282dbb elementor-section-boxed elementor-section-height-default elementor-section-height-default\" data-id=\"6282dbb\" data-element_type=\"section\">\n\t\t\t\t\t\t<div class=\"elementor-container elementor-column-gap-default\">\n\t\t\t\t\t<div class=\"elementor-column elementor-col-50 elementor-top-column elementor-element elementor-element-4f4607b\" data-id=\"4f4607b\" data-element_type=\"column\">\n\t\t\t<div class=\"elementor-widget-wrap elementor-element-populated\">\n\t\t\t\t\t\t<div class=\"elementor-element elementor-element-2a2b1ae elementor-widget elementor-widget-text-editor\" data-id=\"2a2b1ae\" data-element_type=\"widget\" data-widget_type=\"text-editor.default\">\n\t\t\t\t<div class=\"elementor-widget-container\">\n\t\t\t\t\t\t\t<p><span style=\"font-family: Roboto, -apple-system, BlinkMacSystemFont, 'Segoe UI', Roboto, Oxygen-Sans, Ubuntu, Cantarell, 'Helvetica Neue', sans-serif; font-size: 15px; font-style: normal; font-variant-ligatures: normal; font-variant-caps: normal; font-weight: 400;\">Finalmente, para Vanessa Londo\u00f1o las Escuelas de Familia son fundamentales porque \u201cconstruyen infancia y futuro\u201d.\u00a0<\/span><span style=\"letter-spacing: 0px;\">Para esta experta, \u201cla labor de cualquier terapeuta es ayudar a los dem\u00e1s y estas sesiones son importantes porque muchas veces perdemos esa \u00e1rea en los colegios, pensando solo en lo acad\u00e9mico, cuando necesitamos tener una visi\u00f3n global del ni\u00f1o y la familia tambi\u00e9n hace parte de eso; al educar al ni\u00f1o necesitamos educar al padre, porque hay mucho desconocimiento sobre la labor intr\u00ednseca de ser pap\u00e1s, porque nadie sabe ser pap\u00e1, y es de las labores m\u00e1s dif\u00edciles que existen; si cada ni\u00f1o viniera con un manual debajo del brazo ser\u00eda m\u00e1s f\u00e1cil, pero eso no existe, por lo cual hay que construirlo\u201d, asegura.<\/span><\/p><p><span style=\"font-family: Roboto, -apple-system, BlinkMacSystemFont, 'Segoe UI', Roboto, Oxygen-Sans, Ubuntu, Cantarell, 'Helvetica Neue', sans-serif; font-size: 15px; font-style: normal; font-variant-ligatures: normal; font-variant-caps: normal; font-weight: 400;\">Vanessa Londo\u00f1o trabaja con ni\u00f1os\u00a0<\/span><span style=\"font-style: normal; font-variant-ligatures: normal; font-variant-caps: normal; font-weight: 400; font-size: 15px; font-family: Roboto, -apple-system, BlinkMacSystemFont, 'Segoe UI', Roboto, Oxygen-Sans, Ubuntu, Cantarell, 'Helvetica Neue', sans-serif;\" data-markjs=\"true\" data-ogac=\"\" data-ogab=\"\" data-ogsc=\"\" data-ogsb=\"\">de<\/span><span style=\"font-family: Roboto, -apple-system, BlinkMacSystemFont, 'Segoe UI', Roboto, Oxygen-Sans, Ubuntu, Cantarell, 'Helvetica Neue', sans-serif; font-size: 15px; font-style: normal; font-variant-ligatures: normal; font-variant-caps: normal; font-weight: 400;\">sde el 2004 como traductora\u00a0<\/span><span style=\"font-style: normal; font-variant-ligatures: normal; font-variant-caps: normal; font-weight: 400; font-size: 15px; font-family: Roboto, -apple-system, BlinkMacSystemFont, 'Segoe UI', Roboto, Oxygen-Sans, Ubuntu, Cantarell, 'Helvetica Neue', sans-serif;\" data-markjs=\"true\" data-ogac=\"\" data-ogab=\"\" data-ogsc=\"\" data-ogsb=\"\">de<\/span><span style=\"font-family: Roboto, -apple-system, BlinkMacSystemFont, 'Segoe UI', Roboto, Oxygen-Sans, Ubuntu, Cantarell, 'Helvetica Neue', sans-serif; font-size: 15px; font-style: normal; font-variant-ligatures: normal; font-variant-caps: normal; font-weight: 400;\">\u00a0emociones,\u00a0logrando que sus padres y cuidadores los reconozcan como seres \u00fanicos e irrepetibles. En este camino ha\u00a0ayudado a miles\u00a0<\/span><span style=\"font-style: normal; font-variant-ligatures: normal; font-variant-caps: normal; font-weight: 400; font-size: 15px; font-family: Roboto, -apple-system, BlinkMacSystemFont, 'Segoe UI', Roboto, Oxygen-Sans, Ubuntu, Cantarell, 'Helvetica Neue', sans-serif;\" data-markjs=\"true\" data-ogac=\"\" data-ogab=\"\" data-ogsc=\"\" data-ogsb=\"\">de<\/span><span style=\"font-family: Roboto, -apple-system, BlinkMacSystemFont, 'Segoe UI', Roboto, Oxygen-Sans, Ubuntu, Cantarell, 'Helvetica Neue', sans-serif; font-size: 15px; font-style: normal; font-variant-ligatures: normal; font-variant-caps: normal; font-weight: 400;\">\u00a0<\/span><span style=\"font-style: normal; font-variant-ligatures: normal; font-variant-caps: normal; font-weight: 400; font-size: 15px; font-family: Roboto, -apple-system, BlinkMacSystemFont, 'Segoe UI', Roboto, Oxygen-Sans, Ubuntu, Cantarell, 'Helvetica Neue', sans-serif;\" data-markjs=\"true\" data-ogac=\"\" data-ogab=\"\" data-ogsc=\"\" data-ogsb=\"\">familias<\/span><span style=\"font-family: Roboto, -apple-system, BlinkMacSystemFont, 'Segoe UI', Roboto, Oxygen-Sans, Ubuntu, Cantarell, 'Helvetica Neue', sans-serif; font-size: 15px; font-style: normal; font-variant-ligatures: normal; font-variant-caps: normal; font-weight: 400;\">\u00a0a rescatar la armon\u00eda y cambiar viejos paradigmas\u00a0<\/span><span style=\"font-style: normal; font-variant-ligatures: normal; font-variant-caps: normal; font-weight: 400; font-size: 15px; font-family: Roboto, -apple-system, BlinkMacSystemFont, 'Segoe UI', Roboto, Oxygen-Sans, Ubuntu, Cantarell, 'Helvetica Neue', sans-serif;\" data-markjs=\"true\" data-ogac=\"\" data-ogab=\"\" data-ogsc=\"\" data-ogsb=\"\">de<\/span><span style=\"font-family: Roboto, -apple-system, BlinkMacSystemFont, 'Segoe UI', Roboto, Oxygen-Sans, Ubuntu, Cantarell, 'Helvetica Neue', sans-serif; font-size: 15px; font-style: normal; font-variant-ligatures: normal; font-variant-caps: normal; font-weight: 400;\">\u00a0crianza y educaci\u00f3n, por medio\u00a0<\/span><span style=\"font-style: normal; font-variant-ligatures: normal; font-variant-caps: normal; font-weight: 400; font-size: 15px; font-family: Roboto, -apple-system, BlinkMacSystemFont, 'Segoe UI', Roboto, Oxygen-Sans, Ubuntu, Cantarell, 'Helvetica Neue', sans-serif;\" data-markjs=\"true\" data-ogac=\"\" data-ogab=\"\" data-ogsc=\"\" data-ogsb=\"\">de<\/span><span style=\"font-family: Roboto, -apple-system, BlinkMacSystemFont, 'Segoe UI', Roboto, Oxygen-Sans, Ubuntu, Cantarell, 'Helvetica Neue', sans-serif; font-size: 15px; font-style: normal; font-variant-ligatures: normal; font-variant-caps: normal; font-weight: 400;\">\u00a0la consulta presencial y online.<\/span><\/p><p><span style=\"font-family: Roboto, -apple-system, BlinkMacSystemFont, 'Segoe UI', Roboto, Oxygen-Sans, Ubuntu, Cantarell, 'Helvetica Neue', sans-serif; font-size: 15px; font-style: normal; font-variant-ligatures: normal; font-variant-caps: normal; font-weight: 400;\">Esta reconocida psic\u00f3loga tambi\u00e9n crea contenido en su cuenta\u00a0<\/span><span style=\"font-style: normal; font-variant-ligatures: normal; font-variant-caps: normal; font-weight: 400; font-size: 15px; font-family: Roboto, -apple-system, BlinkMacSystemFont, 'Segoe UI', Roboto, Oxygen-Sans, Ubuntu, Cantarell, 'Helvetica Neue', sans-serif;\" data-markjs=\"true\" data-ogac=\"\" data-ogab=\"\" data-ogsc=\"\" data-ogsb=\"\">de<\/span><span style=\"font-family: Roboto, -apple-system, BlinkMacSystemFont, 'Segoe UI', Roboto, Oxygen-Sans, Ubuntu, Cantarell, 'Helvetica Neue', sans-serif; font-size: 15px; font-style: normal; font-variant-ligatures: normal; font-variant-caps: normal; font-weight: 400;\">\u00a0Instagram\u00a0<\/span><a style=\"font-style: normal; font-variant-ligatures: normal; font-variant-caps: normal; font-weight: 400; font-size: 15px; font-family: Roboto, -apple-system, BlinkMacSystemFont, 'Segoe UI', Roboto, Oxygen-Sans, Ubuntu, Cantarell, 'Helvetica Neue', sans-serif;\" href=\"https:\/\/www.instagram.com\/conectatemama\/\">@conectatemama.<\/a><span style=\"font-family: Roboto, -apple-system, BlinkMacSystemFont, 'Segoe UI', Roboto, Oxygen-Sans, Ubuntu, Cantarell, 'Helvetica Neue', sans-serif; font-size: 15px; font-style: normal; font-variant-ligatures: normal; font-variant-caps: normal; font-weight: 400;\"><br \/><\/span><\/p>\t\t\t\t\t\t<\/div>\n\t\t\t\t<\/div>\n\t\t\t\t\t<\/div>\n\t\t<\/div>\n\t\t\t\t<div class=\"elementor-column elementor-col-50 elementor-top-column elementor-element elementor-element-1e6bbfd\" data-id=\"1e6bbfd\" data-element_type=\"column\">\n\t\t\t<div class=\"elementor-widget-wrap elementor-element-populated\">\n\t\t\t\t\t\t<div class=\"elementor-element elementor-element-ba24582 elementor-widget elementor-widget-image\" data-id=\"ba24582\" data-element_type=\"widget\" data-widget_type=\"image.default\">\n\t\t\t\t<div class=\"elementor-widget-container\">\n\t\t\t\t\t\t\t\t\t\t\t\t\t<img loading=\"lazy\" decoding=\"async\" width=\"768\" height=\"1024\" src=\"https:\/\/ds-barranquilla.org\/wp-content\/uploads\/2023\/02\/escuela-de-familias-febrero-1-768x1024.jpeg\" class=\"attachment-medium_large size-medium_large wp-image-21487\" alt=\"\" srcset=\"https:\/\/ds-barranquilla.org\/wp-content\/uploads\/2023\/02\/escuela-de-familias-febrero-1-768x1024.jpeg 768w, https:\/\/ds-barranquilla.org\/wp-content\/uploads\/2023\/02\/escuela-de-familias-febrero-1-225x300.jpeg 225w, https:\/\/ds-barranquilla.org\/wp-content\/uploads\/2023\/02\/escuela-de-familias-febrero-1-300x400.jpeg 300w, https:\/\/ds-barranquilla.org\/wp-content\/uploads\/2023\/02\/escuela-de-familias-febrero-1-1152x1536.jpeg 1152w, https:\/\/ds-barranquilla.org\/wp-content\/uploads\/2023\/02\/escuela-de-familias-febrero-1-9x12.jpeg 9w, https:\/\/ds-barranquilla.org\/wp-content\/uploads\/2023\/02\/escuela-de-familias-febrero-1-110x146.jpeg 110w, https:\/\/ds-barranquilla.org\/wp-content\/uploads\/2023\/02\/escuela-de-familias-febrero-1-38x50.jpeg 38w, https:\/\/ds-barranquilla.org\/wp-content\/uploads\/2023\/02\/escuela-de-familias-febrero-1-56x75.jpeg 56w, https:\/\/ds-barranquilla.org\/wp-content\/uploads\/2023\/02\/escuela-de-familias-febrero-1-800x1067.jpeg 800w, https:\/\/ds-barranquilla.org\/wp-content\/uploads\/2023\/02\/escuela-de-familias-febrero-1.jpeg 1200w\" sizes=\"(max-width:767px) 480px, (max-width:768px) 100vw, 768px\" \/>\t\t\t\t\t\t\t\t\t\t\t\t\t<\/div>\n\t\t\t\t<\/div>\n\t\t\t\t\t<\/div>\n\t\t<\/div>\n\t\t\t\t\t<\/div>\n\t\t<\/section>\n\t\t\t\t<\/div>","protected":false},"excerpt":{"rendered":"<p>Nuestros padres aprendieron 9 claves para criar ni\u00f1os seguros y felices en la Escuela de Familias El lunes 13 de febrero retomamos la programaci\u00f3n de las<span class=\"excerpt-hellip\"> [\u2026]<\/span><\/p>","protected":false},"author":16,"featured_media":21486,"comment_status":"open","ping_status":"open","sticky":false,"template":"","format":"standard","meta":{"_exactmetrics_skip_tracking":false,"_exactmetrics_sitenote_active":false,"_exactmetrics_sitenote_note":"","_exactmetrics_sitenote_category":0,"_joinchat":[],"footnotes":""},"categories":[713,705],"tags":[],"class_list":["post-21481","post","type-post","status-publish","format-standard","has-post-thumbnail","hentry","category-713","category-orientacion-psicoeducativa"],"yoast_head":"<!-- This site is optimized with the Yoast SEO plugin v23.3 - https:\/\/yoast.com\/wordpress\/plugins\/seo\/ -->\n<title>Nuestros padres aprendieron 9 claves para criar ni\u00f1os seguros y felices en la Escuela de Familias - 2026<\/title>\n<meta name=\"robots\" content=\"noindex, follow, max-snippet:-1, max-image-preview:large, max-video-preview:-1\" \/>\n<meta property=\"og:locale\" content=\"de_DE\" \/>\n<meta property=\"og:type\" content=\"article\" \/>\n<meta property=\"og:title\" content=\"Nuestros padres aprendieron 9 claves para criar ni\u00f1os seguros y felices en la Escuela de Familias - 2026\" \/>\n<meta property=\"og:description\" content=\"Nuestros padres aprendieron 9 claves para criar ni\u00f1os seguros y felices en la Escuela de Familias El lunes 13 de febrero retomamos la programaci\u00f3n de las [\u2026]\" \/>\n<meta property=\"og:url\" content=\"https:\/\/ds-barranquilla.org\/de\/nuestros-padres-aprendieron-9-claves-para-criar-ninos-seguros-y-felices-en-la-primera-escuela-de-familias-del-2023\/\" \/>\n<meta property=\"og:site_name\" content=\"Colegio Alem\u00e1n - Los Mejores Colegios de Colombia - Colegio Triling\u00fce\" \/>\n<meta property=\"article:publisher\" content=\"https:\/\/www.facebook.com\/ColegioAlemanBaq\/\" \/>\n<meta property=\"article:published_time\" content=\"2023-02-14T20:58:41+00:00\" \/>\n<meta property=\"article:modified_time\" content=\"2023-02-14T21:18:46+00:00\" \/>\n<meta property=\"og:image\" content=\"https:\/\/ds-barranquilla.org\/wp-content\/uploads\/2023\/02\/escuela-de-familias-febrero-1.jpg\" \/>\n\t<meta property=\"og:image:width\" content=\"1170\" \/>\n\t<meta property=\"og:image:height\" content=\"480\" \/>\n\t<meta property=\"og:image:type\" content=\"image\/jpeg\" \/>\n<meta name=\"author\" content=\"Comunicaciones Comunicaciones\" \/>\n<meta name=\"twitter:card\" content=\"summary_large_image\" \/>\n<meta name=\"twitter:creator\" content=\"@ColegioAlemanBq\" \/>\n<meta name=\"twitter:site\" content=\"@ColegioAlemanBq\" \/>\n<meta name=\"twitter:label1\" content=\"Verfasst von\" \/>\n\t<meta name=\"twitter:data1\" content=\"Comunicaciones Comunicaciones\" \/>\n\t<meta name=\"twitter:label2\" content=\"Gesch\u00e4tzte Lesezeit\" \/>\n\t<meta name=\"twitter:data2\" content=\"3\u00a0Minuten\" \/>\n<script type=\"application\/ld+json\" class=\"yoast-schema-graph\">{\"@context\":\"https:\/\/schema.org\",\"@graph\":[{\"@type\":\"Article\",\"@id\":\"https:\/\/ds-barranquilla.org\/nuestros-padres-aprendieron-9-claves-para-criar-ninos-seguros-y-felices-en-la-primera-escuela-de-familias-del-2023\/#article\",\"isPartOf\":{\"@id\":\"https:\/\/ds-barranquilla.org\/nuestros-padres-aprendieron-9-claves-para-criar-ninos-seguros-y-felices-en-la-primera-escuela-de-familias-del-2023\/\"},\"author\":{\"name\":\"Comunicaciones Comunicaciones\",\"@id\":\"https:\/\/ds-barranquilla.org\/#\/schema\/person\/7bf8790ba89d3480e0551241ccdc8d36\"},\"headline\":\"Nuestros padres aprendieron 9 claves para criar ni\u00f1os seguros y felices en la Escuela de Familias\",\"datePublished\":\"2023-02-14T20:58:41+00:00\",\"dateModified\":\"2023-02-14T21:18:46+00:00\",\"mainEntityOfPage\":{\"@id\":\"https:\/\/ds-barranquilla.org\/nuestros-padres-aprendieron-9-claves-para-criar-ninos-seguros-y-felices-en-la-primera-escuela-de-familias-del-2023\/\"},\"wordCount\":678,\"commentCount\":0,\"publisher\":{\"@id\":\"https:\/\/ds-barranquilla.org\/#organization\"},\"image\":{\"@id\":\"https:\/\/ds-barranquilla.org\/nuestros-padres-aprendieron-9-claves-para-criar-ninos-seguros-y-felices-en-la-primera-escuela-de-familias-del-2023\/#primaryimage\"},\"thumbnailUrl\":\"https:\/\/ds-barranquilla.org\/wp-content\/uploads\/2023\/02\/escuela-de-familias-febrero-1.jpg\",\"articleSection\":[\"2023\",\"Orientaci\u00f3n Psicoeducativa\"],\"inLanguage\":\"de\",\"potentialAction\":[{\"@type\":\"CommentAction\",\"name\":\"Comment\",\"target\":[\"https:\/\/ds-barranquilla.org\/nuestros-padres-aprendieron-9-claves-para-criar-ninos-seguros-y-felices-en-la-primera-escuela-de-familias-del-2023\/#respond\"]}]},{\"@type\":\"WebPage\",\"@id\":\"https:\/\/ds-barranquilla.org\/nuestros-padres-aprendieron-9-claves-para-criar-ninos-seguros-y-felices-en-la-primera-escuela-de-familias-del-2023\/\",\"url\":\"https:\/\/ds-barranquilla.org\/nuestros-padres-aprendieron-9-claves-para-criar-ninos-seguros-y-felices-en-la-primera-escuela-de-familias-del-2023\/\",\"name\":\"Nuestros padres aprendieron 9 claves para criar ni\u00f1os seguros y felices en la Escuela de Familias - 2026\",\"isPartOf\":{\"@id\":\"https:\/\/ds-barranquilla.org\/#website\"},\"primaryImageOfPage\":{\"@id\":\"https:\/\/ds-barranquilla.org\/nuestros-padres-aprendieron-9-claves-para-criar-ninos-seguros-y-felices-en-la-primera-escuela-de-familias-del-2023\/#primaryimage\"},\"image\":{\"@id\":\"https:\/\/ds-barranquilla.org\/nuestros-padres-aprendieron-9-claves-para-criar-ninos-seguros-y-felices-en-la-primera-escuela-de-familias-del-2023\/#primaryimage\"},\"thumbnailUrl\":\"https:\/\/ds-barranquilla.org\/wp-content\/uploads\/2023\/02\/escuela-de-familias-febrero-1.jpg\",\"datePublished\":\"2023-02-14T20:58:41+00:00\",\"dateModified\":\"2023-02-14T21:18:46+00:00\",\"breadcrumb\":{\"@id\":\"https:\/\/ds-barranquilla.org\/nuestros-padres-aprendieron-9-claves-para-criar-ninos-seguros-y-felices-en-la-primera-escuela-de-familias-del-2023\/#breadcrumb\"},\"inLanguage\":\"de\",\"potentialAction\":[{\"@type\":\"ReadAction\",\"target\":[\"https:\/\/ds-barranquilla.org\/nuestros-padres-aprendieron-9-claves-para-criar-ninos-seguros-y-felices-en-la-primera-escuela-de-familias-del-2023\/\"]}]},{\"@type\":\"ImageObject\",\"inLanguage\":\"de\",\"@id\":\"https:\/\/ds-barranquilla.org\/nuestros-padres-aprendieron-9-claves-para-criar-ninos-seguros-y-felices-en-la-primera-escuela-de-familias-del-2023\/#primaryimage\",\"url\":\"https:\/\/ds-barranquilla.org\/wp-content\/uploads\/2023\/02\/escuela-de-familias-febrero-1.jpg\",\"contentUrl\":\"https:\/\/ds-barranquilla.org\/wp-content\/uploads\/2023\/02\/escuela-de-familias-febrero-1.jpg\",\"width\":1170,\"height\":480},{\"@type\":\"BreadcrumbList\",\"@id\":\"https:\/\/ds-barranquilla.org\/nuestros-padres-aprendieron-9-claves-para-criar-ninos-seguros-y-felices-en-la-primera-escuela-de-familias-del-2023\/#breadcrumb\",\"itemListElement\":[{\"@type\":\"ListItem\",\"position\":1,\"name\":\"Portada\",\"item\":\"https:\/\/ds-barranquilla.org\/\"},{\"@type\":\"ListItem\",\"position\":2,\"name\":\"Nuestros padres aprendieron 9 claves para criar ni\u00f1os seguros y felices en la Escuela de Familias\"}]},{\"@type\":\"WebSite\",\"@id\":\"https:\/\/ds-barranquilla.org\/#website\",\"url\":\"https:\/\/ds-barranquilla.org\/\",\"name\":\"Colegio Alem\u00e1n - Los Mejores Colegios de Colombia - Colegio Triling\u00fce\",\"description\":\"Colegio Alem\u00e1n  Barranquilla Colombia - Colegio Biling\u00fce - Triling\u00fce - El Mejor Colegio de Colombia\",\"publisher\":{\"@id\":\"https:\/\/ds-barranquilla.org\/#organization\"},\"potentialAction\":[{\"@type\":\"SearchAction\",\"target\":{\"@type\":\"EntryPoint\",\"urlTemplate\":\"https:\/\/ds-barranquilla.org\/?s={search_term_string}\"},\"query-input\":\"required name=search_term_string\"}],\"inLanguage\":\"de\"},{\"@type\":\"Organization\",\"@id\":\"https:\/\/ds-barranquilla.org\/#organization\",\"name\":\"Colegio Alem\u00e1n Barranquilla\",\"url\":\"https:\/\/ds-barranquilla.org\/\",\"logo\":{\"@type\":\"ImageObject\",\"inLanguage\":\"de\",\"@id\":\"https:\/\/ds-barranquilla.org\/#\/schema\/logo\/image\/\",\"url\":\"https:\/\/ds-barranquilla.org\/wp-content\/uploads\/2021\/05\/coleman_logo_2.png\",\"contentUrl\":\"https:\/\/ds-barranquilla.org\/wp-content\/uploads\/2021\/05\/coleman_logo_2.png\",\"width\":418,\"height\":307,\"caption\":\"Colegio Alem\u00e1n Barranquilla\"},\"image\":{\"@id\":\"https:\/\/ds-barranquilla.org\/#\/schema\/logo\/image\/\"},\"sameAs\":[\"https:\/\/www.facebook.com\/ColegioAlemanBaq\/\",\"https:\/\/x.com\/ColegioAlemanBq\",\"https:\/\/www.instagram.com\/colegioalemanbaq\/\",\"https:\/\/www.linkedin.com\/school\/deutsche-schule-barranquilla\/\",\"https:\/\/www.youtube.com\/channel\/UCOOGZQCVs6aYRqIWvSN5agQ\"]},{\"@type\":\"Person\",\"@id\":\"https:\/\/ds-barranquilla.org\/#\/schema\/person\/7bf8790ba89d3480e0551241ccdc8d36\",\"name\":\"Comunicaciones Comunicaciones\",\"image\":{\"@type\":\"ImageObject\",\"inLanguage\":\"de\",\"@id\":\"https:\/\/ds-barranquilla.org\/#\/schema\/person\/image\/\",\"url\":\"https:\/\/secure.gravatar.com\/avatar\/a66ba9484a4338d81d6bea750e595038?s=96&d=mm&r=g\",\"contentUrl\":\"https:\/\/secure.gravatar.com\/avatar\/a66ba9484a4338d81d6bea750e595038?s=96&d=mm&r=g\",\"caption\":\"Comunicaciones Comunicaciones\"}}]}<\/script>\n<!-- \/ Yoast SEO plugin. -->","yoast_head_json":{"title":"Nuestros padres aprendieron 9 claves para criar ni\u00f1os seguros y felices en la Escuela de Familias - 2026","robots":{"index":"noindex","follow":"follow","max-snippet":"max-snippet:-1","max-image-preview":"max-image-preview:large","max-video-preview":"max-video-preview:-1"},"og_locale":"de_DE","og_type":"article","og_title":"Nuestros padres aprendieron 9 claves para criar ni\u00f1os seguros y felices en la Escuela de Familias - 2026","og_description":"Nuestros padres aprendieron 9 claves para criar ni\u00f1os seguros y felices en la Escuela de Familias El lunes 13 de febrero retomamos la programaci\u00f3n de las [\u2026]","og_url":"https:\/\/ds-barranquilla.org\/de\/nuestros-padres-aprendieron-9-claves-para-criar-ninos-seguros-y-felices-en-la-primera-escuela-de-familias-del-2023\/","og_site_name":"Colegio Alem\u00e1n - Los Mejores Colegios de Colombia - Colegio Triling\u00fce","article_publisher":"https:\/\/www.facebook.com\/ColegioAlemanBaq\/","article_published_time":"2023-02-14T20:58:41+00:00","article_modified_time":"2023-02-14T21:18:46+00:00","og_image":[{"width":1170,"height":480,"url":"https:\/\/ds-barranquilla.org\/wp-content\/uploads\/2023\/02\/escuela-de-familias-febrero-1.jpg","type":"image\/jpeg"}],"author":"Comunicaciones Comunicaciones","twitter_card":"summary_large_image","twitter_creator":"@ColegioAlemanBq","twitter_site":"@ColegioAlemanBq","twitter_misc":{"Verfasst von":"Comunicaciones Comunicaciones","Gesch\u00e4tzte Lesezeit":"3\u00a0Minuten"},"schema":{"@context":"https:\/\/schema.org","@graph":[{"@type":"Article","@id":"https:\/\/ds-barranquilla.org\/nuestros-padres-aprendieron-9-claves-para-criar-ninos-seguros-y-felices-en-la-primera-escuela-de-familias-del-2023\/#article","isPartOf":{"@id":"https:\/\/ds-barranquilla.org\/nuestros-padres-aprendieron-9-claves-para-criar-ninos-seguros-y-felices-en-la-primera-escuela-de-familias-del-2023\/"},"author":{"name":"Comunicaciones Comunicaciones","@id":"https:\/\/ds-barranquilla.org\/#\/schema\/person\/7bf8790ba89d3480e0551241ccdc8d36"},"headline":"Nuestros padres aprendieron 9 claves para criar ni\u00f1os seguros y felices en la Escuela de Familias","datePublished":"2023-02-14T20:58:41+00:00","dateModified":"2023-02-14T21:18:46+00:00","mainEntityOfPage":{"@id":"https:\/\/ds-barranquilla.org\/nuestros-padres-aprendieron-9-claves-para-criar-ninos-seguros-y-felices-en-la-primera-escuela-de-familias-del-2023\/"},"wordCount":678,"commentCount":0,"publisher":{"@id":"https:\/\/ds-barranquilla.org\/#organization"},"image":{"@id":"https:\/\/ds-barranquilla.org\/nuestros-padres-aprendieron-9-claves-para-criar-ninos-seguros-y-felices-en-la-primera-escuela-de-familias-del-2023\/#primaryimage"},"thumbnailUrl":"https:\/\/ds-barranquilla.org\/wp-content\/uploads\/2023\/02\/escuela-de-familias-febrero-1.jpg","articleSection":["2023","Orientaci\u00f3n Psicoeducativa"],"inLanguage":"de","potentialAction":[{"@type":"CommentAction","name":"Comment","target":["https:\/\/ds-barranquilla.org\/nuestros-padres-aprendieron-9-claves-para-criar-ninos-seguros-y-felices-en-la-primera-escuela-de-familias-del-2023\/#respond"]}]},{"@type":"WebPage","@id":"https:\/\/ds-barranquilla.org\/nuestros-padres-aprendieron-9-claves-para-criar-ninos-seguros-y-felices-en-la-primera-escuela-de-familias-del-2023\/","url":"https:\/\/ds-barranquilla.org\/nuestros-padres-aprendieron-9-claves-para-criar-ninos-seguros-y-felices-en-la-primera-escuela-de-familias-del-2023\/","name":"Nuestros padres aprendieron 9 claves para criar ni\u00f1os seguros y felices en la Escuela de Familias - 2026","isPartOf":{"@id":"https:\/\/ds-barranquilla.org\/#website"},"primaryImageOfPage":{"@id":"https:\/\/ds-barranquilla.org\/nuestros-padres-aprendieron-9-claves-para-criar-ninos-seguros-y-felices-en-la-primera-escuela-de-familias-del-2023\/#primaryimage"},"image":{"@id":"https:\/\/ds-barranquilla.org\/nuestros-padres-aprendieron-9-claves-para-criar-ninos-seguros-y-felices-en-la-primera-escuela-de-familias-del-2023\/#primaryimage"},"thumbnailUrl":"https:\/\/ds-barranquilla.org\/wp-content\/uploads\/2023\/02\/escuela-de-familias-febrero-1.jpg","datePublished":"2023-02-14T20:58:41+00:00","dateModified":"2023-02-14T21:18:46+00:00","breadcrumb":{"@id":"https:\/\/ds-barranquilla.org\/nuestros-padres-aprendieron-9-claves-para-criar-ninos-seguros-y-felices-en-la-primera-escuela-de-familias-del-2023\/#breadcrumb"},"inLanguage":"de","potentialAction":[{"@type":"ReadAction","target":["https:\/\/ds-barranquilla.org\/nuestros-padres-aprendieron-9-claves-para-criar-ninos-seguros-y-felices-en-la-primera-escuela-de-familias-del-2023\/"]}]},{"@type":"ImageObject","inLanguage":"de","@id":"https:\/\/ds-barranquilla.org\/nuestros-padres-aprendieron-9-claves-para-criar-ninos-seguros-y-felices-en-la-primera-escuela-de-familias-del-2023\/#primaryimage","url":"https:\/\/ds-barranquilla.org\/wp-content\/uploads\/2023\/02\/escuela-de-familias-febrero-1.jpg","contentUrl":"https:\/\/ds-barranquilla.org\/wp-content\/uploads\/2023\/02\/escuela-de-familias-febrero-1.jpg","width":1170,"height":480},{"@type":"BreadcrumbList","@id":"https:\/\/ds-barranquilla.org\/nuestros-padres-aprendieron-9-claves-para-criar-ninos-seguros-y-felices-en-la-primera-escuela-de-familias-del-2023\/#breadcrumb","itemListElement":[{"@type":"ListItem","position":1,"name":"Portada","item":"https:\/\/ds-barranquilla.org\/"},{"@type":"ListItem","position":2,"name":"Nuestros padres aprendieron 9 claves para criar ni\u00f1os seguros y felices en la Escuela de Familias"}]},{"@type":"WebSite","@id":"https:\/\/ds-barranquilla.org\/#website","url":"https:\/\/ds-barranquilla.org\/","name":"Colegio Alem\u00e1n - Los Mejores Colegios de Colombia - Colegio Triling\u00fce","description":"Colegio Alem\u00e1n  Barranquilla Colombia - Colegio Biling\u00fce - Triling\u00fce - El Mejor Colegio de Colombia","publisher":{"@id":"https:\/\/ds-barranquilla.org\/#organization"},"potentialAction":[{"@type":"SearchAction","target":{"@type":"EntryPoint","urlTemplate":"https:\/\/ds-barranquilla.org\/?s={search_term_string}"},"query-input":"required name=search_term_string"}],"inLanguage":"de"},{"@type":"Organization","@id":"https:\/\/ds-barranquilla.org\/#organization","name":"Colegio Alem\u00e1n Barranquilla","url":"https:\/\/ds-barranquilla.org\/","logo":{"@type":"ImageObject","inLanguage":"de","@id":"https:\/\/ds-barranquilla.org\/#\/schema\/logo\/image\/","url":"https:\/\/ds-barranquilla.org\/wp-content\/uploads\/2021\/05\/coleman_logo_2.png","contentUrl":"https:\/\/ds-barranquilla.org\/wp-content\/uploads\/2021\/05\/coleman_logo_2.png","width":418,"height":307,"caption":"Colegio Alem\u00e1n Barranquilla"},"image":{"@id":"https:\/\/ds-barranquilla.org\/#\/schema\/logo\/image\/"},"sameAs":["https:\/\/www.facebook.com\/ColegioAlemanBaq\/","https:\/\/x.com\/ColegioAlemanBq","https:\/\/www.instagram.com\/colegioalemanbaq\/","https:\/\/www.linkedin.com\/school\/deutsche-schule-barranquilla\/","https:\/\/www.youtube.com\/channel\/UCOOGZQCVs6aYRqIWvSN5agQ"]},{"@type":"Person","@id":"https:\/\/ds-barranquilla.org\/#\/schema\/person\/7bf8790ba89d3480e0551241ccdc8d36","name":"Comunicaciones Comunicaciones","image":{"@type":"ImageObject","inLanguage":"de","@id":"https:\/\/ds-barranquilla.org\/#\/schema\/person\/image\/","url":"https:\/\/secure.gravatar.com\/avatar\/a66ba9484a4338d81d6bea750e595038?s=96&d=mm&r=g","contentUrl":"https:\/\/secure.gravatar.com\/avatar\/a66ba9484a4338d81d6bea750e595038?s=96&d=mm&r=g","caption":"Comunicaciones Comunicaciones"}}]}},"_links":{"self":[{"href":"https:\/\/ds-barranquilla.org\/de\/wp-json\/wp\/v2\/posts\/21481"}],"collection":[{"href":"https:\/\/ds-barranquilla.org\/de\/wp-json\/wp\/v2\/posts"}],"about":[{"href":"https:\/\/ds-barranquilla.org\/de\/wp-json\/wp\/v2\/types\/post"}],"author":[{"embeddable":true,"href":"https:\/\/ds-barranquilla.org\/de\/wp-json\/wp\/v2\/users\/16"}],"replies":[{"embeddable":true,"href":"https:\/\/ds-barranquilla.org\/de\/wp-json\/wp\/v2\/comments?post=21481"}],"version-history":[{"count":10,"href":"https:\/\/ds-barranquilla.org\/de\/wp-json\/wp\/v2\/posts\/21481\/revisions"}],"predecessor-version":[{"id":21505,"href":"https:\/\/ds-barranquilla.org\/de\/wp-json\/wp\/v2\/posts\/21481\/revisions\/21505"}],"wp:featuredmedia":[{"embeddable":true,"href":"https:\/\/ds-barranquilla.org\/de\/wp-json\/wp\/v2\/media\/21486"}],"wp:attachment":[{"href":"https:\/\/ds-barranquilla.org\/de\/wp-json\/wp\/v2\/media?parent=21481"}],"wp:term":[{"taxonomy":"category","embeddable":true,"href":"https:\/\/ds-barranquilla.org\/de\/wp-json\/wp\/v2\/categories?post=21481"},{"taxonomy":"post_tag","embeddable":true,"href":"https:\/\/ds-barranquilla.org\/de\/wp-json\/wp\/v2\/tags?post=21481"}],"curies":[{"name":"wp","href":"https:\/\/api.w.org\/{rel}","templated":true}]}}