{"id":22034,"date":"2023-03-09T14:01:45","date_gmt":"2023-03-09T19:01:45","guid":{"rendered":"https:\/\/ds-barranquilla.org\/?p=22034"},"modified":"2023-03-09T14:09:10","modified_gmt":"2023-03-09T19:09:10","slug":"el-grupo-verde-dono-a-nuestro-colegio-950-plantas-y-4-toneladas-de-abono-organico","status":"publish","type":"post","link":"https:\/\/ds-barranquilla.org\/de\/el-grupo-verde-dono-a-nuestro-colegio-950-plantas-y-4-toneladas-de-abono-organico\/","title":{"rendered":"El Grupo Verde don\u00f3 a nuestro colegio 950 plantas y 4 toneladas de abono org\u00e1nico"},"content":{"rendered":"<div data-elementor-type=\"wp-post\" data-elementor-id=\"22034\" class=\"elementor elementor-22034\">\n\t\t\t\t\t\t<section class=\"elementor-section elementor-top-section elementor-element elementor-element-f85fc0d elementor-section-boxed elementor-section-height-default elementor-section-height-default\" data-id=\"f85fc0d\" data-element_type=\"section\">\n\t\t\t\t\t\t<div class=\"elementor-container elementor-column-gap-default\">\n\t\t\t\t\t<div class=\"elementor-column elementor-col-100 elementor-top-column elementor-element elementor-element-c129a6b\" data-id=\"c129a6b\" data-element_type=\"column\">\n\t\t\t<div class=\"elementor-widget-wrap elementor-element-populated\">\n\t\t\t\t\t\t<div class=\"elementor-element elementor-element-e2161b3 elementor-widget elementor-widget-heading\" data-id=\"e2161b3\" data-element_type=\"widget\" data-widget_type=\"heading.default\">\n\t\t\t\t<div class=\"elementor-widget-container\">\n\t\t\t<style>\/*! elementor - v3.23.0 - 05-08-2024 *\/\n.elementor-heading-title{padding:0;margin:0;line-height:1}.elementor-widget-heading .elementor-heading-title[class*=elementor-size-]>a{color:inherit;font-size:inherit;line-height:inherit}.elementor-widget-heading .elementor-heading-title.elementor-size-small{font-size:15px}.elementor-widget-heading .elementor-heading-title.elementor-size-medium{font-size:19px}.elementor-widget-heading .elementor-heading-title.elementor-size-large{font-size:29px}.elementor-widget-heading .elementor-heading-title.elementor-size-xl{font-size:39px}.elementor-widget-heading .elementor-heading-title.elementor-size-xxl{font-size:59px}<\/style><h2 class=\"elementor-heading-title elementor-size-default\">El Grupo Verde don\u00f3 a nuestro colegio 950 plantas y 4 toneladas de abono org\u00e1nico<\/h2>\t\t<\/div>\n\t\t\t\t<\/div>\n\t\t\t\t\t<\/div>\n\t\t<\/div>\n\t\t\t\t\t<\/div>\n\t\t<\/section>\n\t\t\t\t<section class=\"elementor-section elementor-top-section elementor-element elementor-element-ea8c61b elementor-section-boxed elementor-section-height-default elementor-section-height-default\" data-id=\"ea8c61b\" data-element_type=\"section\">\n\t\t\t\t\t\t<div class=\"elementor-container elementor-column-gap-default\">\n\t\t\t\t\t<div class=\"elementor-column elementor-col-100 elementor-top-column elementor-element elementor-element-4e00b52\" data-id=\"4e00b52\" data-element_type=\"column\">\n\t\t\t<div class=\"elementor-widget-wrap elementor-element-populated\">\n\t\t\t\t\t\t<div class=\"elementor-element elementor-element-27ec735 elementor-widget elementor-widget-text-editor\" data-id=\"27ec735\" data-element_type=\"widget\" data-widget_type=\"text-editor.default\">\n\t\t\t\t<div class=\"elementor-widget-container\">\n\t\t\t<style>\/*! elementor - v3.23.0 - 05-08-2024 *\/\n.elementor-widget-text-editor.elementor-drop-cap-view-stacked .elementor-drop-cap{background-color:#69727d;color:#fff}.elementor-widget-text-editor.elementor-drop-cap-view-framed .elementor-drop-cap{color:#69727d;border:3px solid;background-color:transparent}.elementor-widget-text-editor:not(.elementor-drop-cap-view-default) .elementor-drop-cap{margin-top:8px}.elementor-widget-text-editor:not(.elementor-drop-cap-view-default) .elementor-drop-cap-letter{width:1em;height:1em}.elementor-widget-text-editor .elementor-drop-cap{float:left;text-align:center;line-height:1;font-size:50px}.elementor-widget-text-editor .elementor-drop-cap-letter{display:inline-block}<\/style>\t\t\t\t<p><span class=\"ui-provider xm b c d e f g h i j k l m n o p q r s t u v w x y z ab ac ae af ag ah ai aj ak\" dir=\"ltr\">Integrado principalmente por madres de familia de nuestro Colegio Alem\u00e1n de Barranquilla, el Grupo Verde desarrolla diferentes actividades encaminadas a la consecuci\u00f3n de recursos para proyectos relacionados con la protecci\u00f3n del medio ambiente y con el fomento de una cultura de protecci\u00f3n de nuestro entorno.<\/span><\/p>\t\t\t\t\t\t<\/div>\n\t\t\t\t<\/div>\n\t\t\t\t\t<\/div>\n\t\t<\/div>\n\t\t\t\t\t<\/div>\n\t\t<\/section>\n\t\t\t\t<section class=\"elementor-section elementor-top-section elementor-element elementor-element-e3292a9 elementor-section-boxed elementor-section-height-default elementor-section-height-default\" data-id=\"e3292a9\" data-element_type=\"section\">\n\t\t\t\t\t\t<div class=\"elementor-container elementor-column-gap-default\">\n\t\t\t\t\t<div class=\"elementor-column elementor-col-33 elementor-top-column elementor-element elementor-element-35020ea\" data-id=\"35020ea\" data-element_type=\"column\">\n\t\t\t<div class=\"elementor-widget-wrap elementor-element-populated\">\n\t\t\t\t\t\t<div class=\"elementor-element elementor-element-6b0a7e1 elementor-widget elementor-widget-text-editor\" data-id=\"6b0a7e1\" data-element_type=\"widget\" data-widget_type=\"text-editor.default\">\n\t\t\t\t<div class=\"elementor-widget-container\">\n\t\t\t\t\t\t\t<p><span class=\"ui-provider xm b c d e f g h i j k l m n o p q r s t u v w x y z ab ac ae af ag ah ai aj ak\" dir=\"ltr\">Fiel a ese compromiso, este grupo hizo recientemente una importante donaci\u00f3n de plantas y otros materiales a nuestra instituci\u00f3n con el fin de seguir mejorando\u00a0<br \/>las zonas verdes.<\/span><\/p><p><span class=\"ui-provider xm b c d e f g h i j k l m n o p q r s t u v w x y z ab ac ae af ag ah ai aj ak\" dir=\"ltr\">En esta oportunidad el Grupo Verde don\u00f3 950 plantas en total: 880 plantas Ixora, coral patilla y coral rojo y 70 sacos de grama, as\u00ed como cuatro toneladas de abono org\u00e1nico, bombas de fumigaci\u00f3n y diferentes suministros para el cuidado general de los jardines.<\/span><\/p>\t\t\t\t\t\t<\/div>\n\t\t\t\t<\/div>\n\t\t\t\t\t<\/div>\n\t\t<\/div>\n\t\t\t\t<div class=\"elementor-column elementor-col-66 elementor-top-column elementor-element elementor-element-c3994a6\" data-id=\"c3994a6\" data-element_type=\"column\">\n\t\t\t<div class=\"elementor-widget-wrap elementor-element-populated\">\n\t\t\t\t\t\t<div class=\"elementor-element elementor-element-0983b0c elementor-widget elementor-widget-image\" data-id=\"0983b0c\" data-element_type=\"widget\" data-widget_type=\"image.default\">\n\t\t\t\t<div class=\"elementor-widget-container\">\n\t\t\t<style>\/*! elementor - v3.23.0 - 05-08-2024 *\/\n.elementor-widget-image{text-align:center}.elementor-widget-image a{display:inline-block}.elementor-widget-image a img[src$=\".svg\"]{width:48px}.elementor-widget-image img{vertical-align:middle;display:inline-block}<\/style>\t\t\t\t\t\t\t\t\t\t<img fetchpriority=\"high\" decoding=\"async\" width=\"768\" height=\"576\" src=\"https:\/\/ds-barranquilla.org\/wp-content\/uploads\/2023\/03\/WhatsApp-Image-2023-03-07-at-08.21.43-5-768x576.jpeg\" class=\"attachment-medium_large size-medium_large wp-image-22038\" alt=\"\" srcset=\"https:\/\/ds-barranquilla.org\/wp-content\/uploads\/2023\/03\/WhatsApp-Image-2023-03-07-at-08.21.43-5-768x576.jpeg 768w, https:\/\/ds-barranquilla.org\/wp-content\/uploads\/2023\/03\/WhatsApp-Image-2023-03-07-at-08.21.43-5-300x225.jpeg 300w, https:\/\/ds-barranquilla.org\/wp-content\/uploads\/2023\/03\/WhatsApp-Image-2023-03-07-at-08.21.43-5-16x12.jpeg 16w, https:\/\/ds-barranquilla.org\/wp-content\/uploads\/2023\/03\/WhatsApp-Image-2023-03-07-at-08.21.43-5-195x146.jpeg 195w, https:\/\/ds-barranquilla.org\/wp-content\/uploads\/2023\/03\/WhatsApp-Image-2023-03-07-at-08.21.43-5-50x38.jpeg 50w, https:\/\/ds-barranquilla.org\/wp-content\/uploads\/2023\/03\/WhatsApp-Image-2023-03-07-at-08.21.43-5-100x75.jpeg 100w, https:\/\/ds-barranquilla.org\/wp-content\/uploads\/2023\/03\/WhatsApp-Image-2023-03-07-at-08.21.43-5-800x600.jpeg 800w, https:\/\/ds-barranquilla.org\/wp-content\/uploads\/2023\/03\/WhatsApp-Image-2023-03-07-at-08.21.43-5.jpeg 1024w\" sizes=\"(max-width:767px) 480px, (max-width:768px) 100vw, 768px\" \/>\t\t\t\t\t\t\t\t\t\t\t\t\t<\/div>\n\t\t\t\t<\/div>\n\t\t\t\t\t<\/div>\n\t\t<\/div>\n\t\t\t\t\t<\/div>\n\t\t<\/section>\n\t\t\t\t<section class=\"elementor-section elementor-top-section elementor-element elementor-element-8b1278d elementor-section-boxed elementor-section-height-default elementor-section-height-default\" data-id=\"8b1278d\" data-element_type=\"section\">\n\t\t\t\t\t\t<div class=\"elementor-container elementor-column-gap-default\">\n\t\t\t\t\t<div class=\"elementor-column elementor-col-100 elementor-top-column elementor-element elementor-element-98b2a38\" data-id=\"98b2a38\" data-element_type=\"column\">\n\t\t\t<div class=\"elementor-widget-wrap elementor-element-populated\">\n\t\t\t\t\t\t<div class=\"elementor-element elementor-element-fd3ea2b elementor-widget elementor-widget-text-editor\" data-id=\"fd3ea2b\" data-element_type=\"widget\" data-widget_type=\"text-editor.default\">\n\t\t\t\t<div class=\"elementor-widget-container\">\n\t\t\t\t\t\t\t<p>Algunas de estas nuevas plantas ya fueron ubicadas en diversas zonas de nuestro colegio, como la nueva ruta de evacuaci\u00f3n sobre la carrera 46, y las dem\u00e1s est\u00e1n siendo sembradas de acuerdo a la programaci\u00f3n del mantenimiento general de nuestros jardines.<\/p><p><span style=\"font-family: Roboto, -apple-system, 'system-ui', 'Segoe UI', Roboto, Oxygen-Sans, Ubuntu, Cantarell, 'Helvetica Neue', sans-serif; font-size: 15px; font-style: normal; font-variant-ligatures: normal; font-variant-caps: normal; font-weight: 400;\">Desde el Colegio Alem\u00e1n agradecemos estas donaciones del Grupo Verde y esperamos seguir trabajando de la mano en nuevas iniciativas en beneficio del medio ambiente y de nuestra comunidad educativa.<\/span><\/p><p><span dir=\"ltr\">M\u00e1s informaci\u00f3n sobre el Grupo Verde:<\/span><span style=\"font-family: Roboto, -apple-system, 'system-ui', 'Segoe UI', Roboto, Oxygen-Sans, Ubuntu, Cantarell, 'Helvetica Neue', sans-serif; font-size: 15px; font-style: normal; font-variant-ligatures: normal; font-variant-caps: normal; font-weight: 400;\"><br \/><\/span><\/p>\t\t\t\t\t\t<\/div>\n\t\t\t\t<\/div>\n\t\t\t\t\t<\/div>\n\t\t<\/div>\n\t\t\t\t\t<\/div>\n\t\t<\/section>\n\t\t\t\t<section class=\"elementor-section elementor-top-section elementor-element elementor-element-84de9fc elementor-section-boxed elementor-section-height-default elementor-section-height-default\" data-id=\"84de9fc\" data-element_type=\"section\">\n\t\t\t\t\t\t<div class=\"elementor-container elementor-column-gap-default\">\n\t\t\t\t\t<div class=\"elementor-column elementor-col-100 elementor-top-column elementor-element elementor-element-37fb5ca\" data-id=\"37fb5ca\" data-element_type=\"column\">\n\t\t\t<div class=\"elementor-widget-wrap elementor-element-populated\">\n\t\t\t\t\t\t<div class=\"elementor-element elementor-element-5a2b17d elementor-widget elementor-widget-button\" data-id=\"5a2b17d\" data-element_type=\"widget\" data-widget_type=\"button.default\">\n\t\t\t\t<div class=\"elementor-widget-container\">\n\t\t\t\t\t<div class=\"elementor-button-wrapper\">\n\t\t\t<a class=\"elementor-button elementor-button-link elementor-size-sm\" href=\"https:\/\/ds-barranquilla.org\/de\/grupo-verde\/\" target=\"_blank\">\n\t\t\t\t\t\t<span class=\"elementor-button-content-wrapper\">\n\t\t\t\t\t\t\t\t\t<span class=\"elementor-button-text\">Haz clic aqu\u00ed<\/span>\n\t\t\t\t\t<\/span>\n\t\t\t\t\t<\/a>\n\t\t<\/div>\n\t\t\t\t<\/div>\n\t\t\t\t<\/div>\n\t\t\t\t\t<\/div>\n\t\t<\/div>\n\t\t\t\t\t<\/div>\n\t\t<\/section>\n\t\t\t\t<section class=\"elementor-section elementor-top-section elementor-element elementor-element-1853468 elementor-section-boxed elementor-section-height-default elementor-section-height-default\" data-id=\"1853468\" data-element_type=\"section\">\n\t\t\t\t\t\t<div class=\"elementor-container elementor-column-gap-default\">\n\t\t\t\t\t<div class=\"elementor-column elementor-col-50 elementor-top-column elementor-element elementor-element-8d93f67\" data-id=\"8d93f67\" data-element_type=\"column\">\n\t\t\t<div class=\"elementor-widget-wrap elementor-element-populated\">\n\t\t\t\t\t\t<div class=\"elementor-element elementor-element-26fa202 elementor-widget elementor-widget-image\" data-id=\"26fa202\" data-element_type=\"widget\" data-widget_type=\"image.default\">\n\t\t\t\t<div class=\"elementor-widget-container\">\n\t\t\t\t\t\t\t\t\t\t\t\t\t<img decoding=\"async\" width=\"1024\" height=\"768\" src=\"https:\/\/ds-barranquilla.org\/wp-content\/uploads\/2023\/03\/WhatsApp-Image-2023-03-07-at-08.22.19-4.jpeg\" class=\"attachment-large size-large wp-image-22041\" alt=\"\" srcset=\"https:\/\/ds-barranquilla.org\/wp-content\/uploads\/2023\/03\/WhatsApp-Image-2023-03-07-at-08.22.19-4.jpeg 1024w, https:\/\/ds-barranquilla.org\/wp-content\/uploads\/2023\/03\/WhatsApp-Image-2023-03-07-at-08.22.19-4-300x225.jpeg 300w, https:\/\/ds-barranquilla.org\/wp-content\/uploads\/2023\/03\/WhatsApp-Image-2023-03-07-at-08.22.19-4-768x576.jpeg 768w, https:\/\/ds-barranquilla.org\/wp-content\/uploads\/2023\/03\/WhatsApp-Image-2023-03-07-at-08.22.19-4-16x12.jpeg 16w, https:\/\/ds-barranquilla.org\/wp-content\/uploads\/2023\/03\/WhatsApp-Image-2023-03-07-at-08.22.19-4-195x146.jpeg 195w, https:\/\/ds-barranquilla.org\/wp-content\/uploads\/2023\/03\/WhatsApp-Image-2023-03-07-at-08.22.19-4-50x38.jpeg 50w, https:\/\/ds-barranquilla.org\/wp-content\/uploads\/2023\/03\/WhatsApp-Image-2023-03-07-at-08.22.19-4-100x75.jpeg 100w, https:\/\/ds-barranquilla.org\/wp-content\/uploads\/2023\/03\/WhatsApp-Image-2023-03-07-at-08.22.19-4-800x600.jpeg 800w\" sizes=\"(max-width:767px) 480px, (max-width:1024px) 100vw, 1024px\" \/>\t\t\t\t\t\t\t\t\t\t\t\t\t<\/div>\n\t\t\t\t<\/div>\n\t\t\t\t\t<\/div>\n\t\t<\/div>\n\t\t\t\t<div class=\"elementor-column elementor-col-50 elementor-top-column elementor-element elementor-element-15fb753\" data-id=\"15fb753\" data-element_type=\"column\">\n\t\t\t<div class=\"elementor-widget-wrap elementor-element-populated\">\n\t\t\t\t\t\t<div class=\"elementor-element elementor-element-cca9059 elementor-widget elementor-widget-image\" data-id=\"cca9059\" data-element_type=\"widget\" data-widget_type=\"image.default\">\n\t\t\t\t<div class=\"elementor-widget-container\">\n\t\t\t\t\t\t\t\t\t\t\t\t\t<img decoding=\"async\" width=\"1024\" height=\"768\" src=\"https:\/\/ds-barranquilla.org\/wp-content\/uploads\/2023\/03\/WhatsApp-Image-2023-03-07-at-08.21.44-6.jpeg\" class=\"attachment-large size-large wp-image-22040\" alt=\"\" srcset=\"https:\/\/ds-barranquilla.org\/wp-content\/uploads\/2023\/03\/WhatsApp-Image-2023-03-07-at-08.21.44-6.jpeg 1024w, https:\/\/ds-barranquilla.org\/wp-content\/uploads\/2023\/03\/WhatsApp-Image-2023-03-07-at-08.21.44-6-300x225.jpeg 300w, https:\/\/ds-barranquilla.org\/wp-content\/uploads\/2023\/03\/WhatsApp-Image-2023-03-07-at-08.21.44-6-768x576.jpeg 768w, https:\/\/ds-barranquilla.org\/wp-content\/uploads\/2023\/03\/WhatsApp-Image-2023-03-07-at-08.21.44-6-16x12.jpeg 16w, https:\/\/ds-barranquilla.org\/wp-content\/uploads\/2023\/03\/WhatsApp-Image-2023-03-07-at-08.21.44-6-195x146.jpeg 195w, https:\/\/ds-barranquilla.org\/wp-content\/uploads\/2023\/03\/WhatsApp-Image-2023-03-07-at-08.21.44-6-50x38.jpeg 50w, https:\/\/ds-barranquilla.org\/wp-content\/uploads\/2023\/03\/WhatsApp-Image-2023-03-07-at-08.21.44-6-100x75.jpeg 100w, https:\/\/ds-barranquilla.org\/wp-content\/uploads\/2023\/03\/WhatsApp-Image-2023-03-07-at-08.21.44-6-800x600.jpeg 800w\" sizes=\"(max-width:767px) 480px, (max-width:1024px) 100vw, 1024px\" \/>\t\t\t\t\t\t\t\t\t\t\t\t\t<\/div>\n\t\t\t\t<\/div>\n\t\t\t\t\t<\/div>\n\t\t<\/div>\n\t\t\t\t\t<\/div>\n\t\t<\/section>\n\t\t\t\t<\/div>","protected":false},"excerpt":{"rendered":"<p>El Grupo Verde don\u00f3 a nuestro colegio 950 plantas y 4 toneladas de abono org\u00e1nico Integrado principalmente por madres de familia de nuestro Colegio Alem\u00e1n de<span class=\"excerpt-hellip\"> [\u2026]<\/span><\/p>","protected":false},"author":16,"featured_media":22036,"comment_status":"open","ping_status":"open","sticky":false,"template":"","format":"standard","meta":{"_exactmetrics_skip_tracking":false,"_exactmetrics_sitenote_active":false,"_exactmetrics_sitenote_note":"","_exactmetrics_sitenote_category":0,"_joinchat":[],"footnotes":""},"categories":[713,682],"tags":[],"class_list":["post-22034","post","type-post","status-publish","format-standard","has-post-thumbnail","hentry","category-713","category-acreditaciones-y-calidad"],"yoast_head":"<!-- This site is optimized with the Yoast SEO plugin v23.3 - https:\/\/yoast.com\/wordpress\/plugins\/seo\/ -->\n<title>El Grupo Verde don\u00f3 a nuestro colegio 950 plantas y 4 toneladas de abono org\u00e1nico<\/title>\n<meta name=\"description\" content=\"Fiel a ese compromiso, este grupo hizo recientemente una importante donaci\u00f3n de plantas y otros materiales a nuestra instituci\u00f3n con el fin de seguir mejorando\u00a0las zonas verdes.\" \/>\n<meta name=\"robots\" content=\"noindex, follow, max-snippet:-1, max-image-preview:large, max-video-preview:-1\" \/>\n<meta property=\"og:locale\" content=\"de_DE\" \/>\n<meta property=\"og:type\" content=\"article\" \/>\n<meta property=\"og:title\" content=\"El Grupo Verde don\u00f3 a nuestro colegio 950 plantas y 4 toneladas de abono org\u00e1nico\" \/>\n<meta property=\"og:description\" content=\"Fiel a ese compromiso, este grupo hizo recientemente una importante donaci\u00f3n de plantas y otros materiales a nuestra instituci\u00f3n con el fin de seguir mejorando\u00a0las zonas verdes.\" \/>\n<meta property=\"og:url\" content=\"https:\/\/ds-barranquilla.org\/de\/el-grupo-verde-dono-a-nuestro-colegio-950-plantas-y-4-toneladas-de-abono-organico\/\" \/>\n<meta property=\"og:site_name\" content=\"Colegio Alem\u00e1n - Los Mejores Colegios de Colombia - Colegio Triling\u00fce\" \/>\n<meta property=\"article:publisher\" content=\"https:\/\/www.facebook.com\/ColegioAlemanBaq\/\" \/>\n<meta property=\"article:published_time\" content=\"2023-03-09T19:01:45+00:00\" \/>\n<meta property=\"article:modified_time\" content=\"2023-03-09T19:09:10+00:00\" \/>\n<meta property=\"og:image\" content=\"https:\/\/ds-barranquilla.org\/wp-content\/uploads\/2023\/03\/Banner-noticias-Blog-3.png\" \/>\n\t<meta property=\"og:image:width\" content=\"1170\" \/>\n\t<meta property=\"og:image:height\" content=\"480\" \/>\n\t<meta property=\"og:image:type\" content=\"image\/png\" \/>\n<meta name=\"author\" content=\"Comunicaciones Comunicaciones\" \/>\n<meta name=\"twitter:card\" content=\"summary_large_image\" \/>\n<meta name=\"twitter:creator\" content=\"@ColegioAlemanBq\" \/>\n<meta name=\"twitter:site\" content=\"@ColegioAlemanBq\" \/>\n<meta name=\"twitter:label1\" content=\"Verfasst von\" \/>\n\t<meta name=\"twitter:data1\" content=\"Comunicaciones Comunicaciones\" \/>\n\t<meta name=\"twitter:label2\" content=\"Gesch\u00e4tzte Lesezeit\" \/>\n\t<meta name=\"twitter:data2\" content=\"1\u00a0Minute\" \/>\n<script type=\"application\/ld+json\" class=\"yoast-schema-graph\">{\"@context\":\"https:\/\/schema.org\",\"@graph\":[{\"@type\":\"Article\",\"@id\":\"https:\/\/ds-barranquilla.org\/de\/el-grupo-verde-dono-a-nuestro-colegio-950-plantas-y-4-toneladas-de-abono-organico\/#article\",\"isPartOf\":{\"@id\":\"https:\/\/ds-barranquilla.org\/de\/el-grupo-verde-dono-a-nuestro-colegio-950-plantas-y-4-toneladas-de-abono-organico\/\"},\"author\":{\"name\":\"Comunicaciones Comunicaciones\",\"@id\":\"https:\/\/ds-barranquilla.org\/#\/schema\/person\/7bf8790ba89d3480e0551241ccdc8d36\"},\"headline\":\"El Grupo Verde don\u00f3 a nuestro colegio 950 plantas y 4 toneladas de abono org\u00e1nico\",\"datePublished\":\"2023-03-09T19:01:45+00:00\",\"dateModified\":\"2023-03-09T19:09:10+00:00\",\"mainEntityOfPage\":{\"@id\":\"https:\/\/ds-barranquilla.org\/de\/el-grupo-verde-dono-a-nuestro-colegio-950-plantas-y-4-toneladas-de-abono-organico\/\"},\"wordCount\":236,\"commentCount\":0,\"publisher\":{\"@id\":\"https:\/\/ds-barranquilla.org\/#organization\"},\"image\":{\"@id\":\"https:\/\/ds-barranquilla.org\/de\/el-grupo-verde-dono-a-nuestro-colegio-950-plantas-y-4-toneladas-de-abono-organico\/#primaryimage\"},\"thumbnailUrl\":\"https:\/\/ds-barranquilla.org\/wp-content\/uploads\/2023\/03\/Banner-noticias-Blog-3.png\",\"articleSection\":[\"2023\",\"Acreditaciones y Calidad\"],\"inLanguage\":\"de\",\"potentialAction\":[{\"@type\":\"CommentAction\",\"name\":\"Comment\",\"target\":[\"https:\/\/ds-barranquilla.org\/de\/el-grupo-verde-dono-a-nuestro-colegio-950-plantas-y-4-toneladas-de-abono-organico\/#respond\"]}]},{\"@type\":\"WebPage\",\"@id\":\"https:\/\/ds-barranquilla.org\/de\/el-grupo-verde-dono-a-nuestro-colegio-950-plantas-y-4-toneladas-de-abono-organico\/\",\"url\":\"https:\/\/ds-barranquilla.org\/de\/el-grupo-verde-dono-a-nuestro-colegio-950-plantas-y-4-toneladas-de-abono-organico\/\",\"name\":\"El Grupo Verde don\u00f3 a nuestro colegio 950 plantas y 4 toneladas de abono org\u00e1nico\",\"isPartOf\":{\"@id\":\"https:\/\/ds-barranquilla.org\/#website\"},\"primaryImageOfPage\":{\"@id\":\"https:\/\/ds-barranquilla.org\/de\/el-grupo-verde-dono-a-nuestro-colegio-950-plantas-y-4-toneladas-de-abono-organico\/#primaryimage\"},\"image\":{\"@id\":\"https:\/\/ds-barranquilla.org\/de\/el-grupo-verde-dono-a-nuestro-colegio-950-plantas-y-4-toneladas-de-abono-organico\/#primaryimage\"},\"thumbnailUrl\":\"https:\/\/ds-barranquilla.org\/wp-content\/uploads\/2023\/03\/Banner-noticias-Blog-3.png\",\"datePublished\":\"2023-03-09T19:01:45+00:00\",\"dateModified\":\"2023-03-09T19:09:10+00:00\",\"description\":\"Fiel a ese compromiso, este grupo hizo recientemente una importante donaci\u00f3n de plantas y otros materiales a nuestra instituci\u00f3n con el fin de seguir mejorando\u00a0las zonas verdes.\",\"breadcrumb\":{\"@id\":\"https:\/\/ds-barranquilla.org\/de\/el-grupo-verde-dono-a-nuestro-colegio-950-plantas-y-4-toneladas-de-abono-organico\/#breadcrumb\"},\"inLanguage\":\"de\",\"potentialAction\":[{\"@type\":\"ReadAction\",\"target\":[\"https:\/\/ds-barranquilla.org\/de\/el-grupo-verde-dono-a-nuestro-colegio-950-plantas-y-4-toneladas-de-abono-organico\/\"]}]},{\"@type\":\"ImageObject\",\"inLanguage\":\"de\",\"@id\":\"https:\/\/ds-barranquilla.org\/de\/el-grupo-verde-dono-a-nuestro-colegio-950-plantas-y-4-toneladas-de-abono-organico\/#primaryimage\",\"url\":\"https:\/\/ds-barranquilla.org\/wp-content\/uploads\/2023\/03\/Banner-noticias-Blog-3.png\",\"contentUrl\":\"https:\/\/ds-barranquilla.org\/wp-content\/uploads\/2023\/03\/Banner-noticias-Blog-3.png\",\"width\":1170,\"height\":480},{\"@type\":\"BreadcrumbList\",\"@id\":\"https:\/\/ds-barranquilla.org\/de\/el-grupo-verde-dono-a-nuestro-colegio-950-plantas-y-4-toneladas-de-abono-organico\/#breadcrumb\",\"itemListElement\":[{\"@type\":\"ListItem\",\"position\":1,\"name\":\"Portada\",\"item\":\"https:\/\/ds-barranquilla.org\/\"},{\"@type\":\"ListItem\",\"position\":2,\"name\":\"El Grupo Verde don\u00f3 a nuestro colegio 950 plantas y 4 toneladas de abono org\u00e1nico\"}]},{\"@type\":\"WebSite\",\"@id\":\"https:\/\/ds-barranquilla.org\/#website\",\"url\":\"https:\/\/ds-barranquilla.org\/\",\"name\":\"Colegio Alem\u00e1n - Los Mejores Colegios de Colombia - Colegio Triling\u00fce\",\"description\":\"Colegio Alem\u00e1n  Barranquilla Colombia - Colegio Biling\u00fce - Triling\u00fce - El Mejor Colegio de Colombia\",\"publisher\":{\"@id\":\"https:\/\/ds-barranquilla.org\/#organization\"},\"potentialAction\":[{\"@type\":\"SearchAction\",\"target\":{\"@type\":\"EntryPoint\",\"urlTemplate\":\"https:\/\/ds-barranquilla.org\/?s={search_term_string}\"},\"query-input\":\"required name=search_term_string\"}],\"inLanguage\":\"de\"},{\"@type\":\"Organization\",\"@id\":\"https:\/\/ds-barranquilla.org\/#organization\",\"name\":\"Colegio Alem\u00e1n Barranquilla\",\"url\":\"https:\/\/ds-barranquilla.org\/\",\"logo\":{\"@type\":\"ImageObject\",\"inLanguage\":\"de\",\"@id\":\"https:\/\/ds-barranquilla.org\/#\/schema\/logo\/image\/\",\"url\":\"https:\/\/ds-barranquilla.org\/wp-content\/uploads\/2021\/05\/coleman_logo_2.png\",\"contentUrl\":\"https:\/\/ds-barranquilla.org\/wp-content\/uploads\/2021\/05\/coleman_logo_2.png\",\"width\":418,\"height\":307,\"caption\":\"Colegio Alem\u00e1n Barranquilla\"},\"image\":{\"@id\":\"https:\/\/ds-barranquilla.org\/#\/schema\/logo\/image\/\"},\"sameAs\":[\"https:\/\/www.facebook.com\/ColegioAlemanBaq\/\",\"https:\/\/x.com\/ColegioAlemanBq\",\"https:\/\/www.instagram.com\/colegioalemanbaq\/\",\"https:\/\/www.linkedin.com\/school\/deutsche-schule-barranquilla\/\",\"https:\/\/www.youtube.com\/channel\/UCOOGZQCVs6aYRqIWvSN5agQ\"]},{\"@type\":\"Person\",\"@id\":\"https:\/\/ds-barranquilla.org\/#\/schema\/person\/7bf8790ba89d3480e0551241ccdc8d36\",\"name\":\"Comunicaciones Comunicaciones\",\"image\":{\"@type\":\"ImageObject\",\"inLanguage\":\"de\",\"@id\":\"https:\/\/ds-barranquilla.org\/#\/schema\/person\/image\/\",\"url\":\"https:\/\/secure.gravatar.com\/avatar\/a66ba9484a4338d81d6bea750e595038?s=96&d=mm&r=g\",\"contentUrl\":\"https:\/\/secure.gravatar.com\/avatar\/a66ba9484a4338d81d6bea750e595038?s=96&d=mm&r=g\",\"caption\":\"Comunicaciones Comunicaciones\"}}]}<\/script>\n<!-- \/ Yoast SEO plugin. -->","yoast_head_json":{"title":"El Grupo Verde don\u00f3 a nuestro colegio 950 plantas y 4 toneladas de abono org\u00e1nico","description":"Fiel a ese compromiso, este grupo hizo recientemente una importante donaci\u00f3n de plantas y otros materiales a nuestra instituci\u00f3n con el fin de seguir mejorando\u00a0las zonas verdes.","robots":{"index":"noindex","follow":"follow","max-snippet":"max-snippet:-1","max-image-preview":"max-image-preview:large","max-video-preview":"max-video-preview:-1"},"og_locale":"de_DE","og_type":"article","og_title":"El Grupo Verde don\u00f3 a nuestro colegio 950 plantas y 4 toneladas de abono org\u00e1nico","og_description":"Fiel a ese compromiso, este grupo hizo recientemente una importante donaci\u00f3n de plantas y otros materiales a nuestra instituci\u00f3n con el fin de seguir mejorando\u00a0las zonas verdes.","og_url":"https:\/\/ds-barranquilla.org\/de\/el-grupo-verde-dono-a-nuestro-colegio-950-plantas-y-4-toneladas-de-abono-organico\/","og_site_name":"Colegio Alem\u00e1n - Los Mejores Colegios de Colombia - Colegio Triling\u00fce","article_publisher":"https:\/\/www.facebook.com\/ColegioAlemanBaq\/","article_published_time":"2023-03-09T19:01:45+00:00","article_modified_time":"2023-03-09T19:09:10+00:00","og_image":[{"width":1170,"height":480,"url":"https:\/\/ds-barranquilla.org\/wp-content\/uploads\/2023\/03\/Banner-noticias-Blog-3.png","type":"image\/png"}],"author":"Comunicaciones Comunicaciones","twitter_card":"summary_large_image","twitter_creator":"@ColegioAlemanBq","twitter_site":"@ColegioAlemanBq","twitter_misc":{"Verfasst von":"Comunicaciones Comunicaciones","Gesch\u00e4tzte Lesezeit":"1\u00a0Minute"},"schema":{"@context":"https:\/\/schema.org","@graph":[{"@type":"Article","@id":"https:\/\/ds-barranquilla.org\/de\/el-grupo-verde-dono-a-nuestro-colegio-950-plantas-y-4-toneladas-de-abono-organico\/#article","isPartOf":{"@id":"https:\/\/ds-barranquilla.org\/de\/el-grupo-verde-dono-a-nuestro-colegio-950-plantas-y-4-toneladas-de-abono-organico\/"},"author":{"name":"Comunicaciones Comunicaciones","@id":"https:\/\/ds-barranquilla.org\/#\/schema\/person\/7bf8790ba89d3480e0551241ccdc8d36"},"headline":"El Grupo Verde don\u00f3 a nuestro colegio 950 plantas y 4 toneladas de abono org\u00e1nico","datePublished":"2023-03-09T19:01:45+00:00","dateModified":"2023-03-09T19:09:10+00:00","mainEntityOfPage":{"@id":"https:\/\/ds-barranquilla.org\/de\/el-grupo-verde-dono-a-nuestro-colegio-950-plantas-y-4-toneladas-de-abono-organico\/"},"wordCount":236,"commentCount":0,"publisher":{"@id":"https:\/\/ds-barranquilla.org\/#organization"},"image":{"@id":"https:\/\/ds-barranquilla.org\/de\/el-grupo-verde-dono-a-nuestro-colegio-950-plantas-y-4-toneladas-de-abono-organico\/#primaryimage"},"thumbnailUrl":"https:\/\/ds-barranquilla.org\/wp-content\/uploads\/2023\/03\/Banner-noticias-Blog-3.png","articleSection":["2023","Acreditaciones y Calidad"],"inLanguage":"de","potentialAction":[{"@type":"CommentAction","name":"Comment","target":["https:\/\/ds-barranquilla.org\/de\/el-grupo-verde-dono-a-nuestro-colegio-950-plantas-y-4-toneladas-de-abono-organico\/#respond"]}]},{"@type":"WebPage","@id":"https:\/\/ds-barranquilla.org\/de\/el-grupo-verde-dono-a-nuestro-colegio-950-plantas-y-4-toneladas-de-abono-organico\/","url":"https:\/\/ds-barranquilla.org\/de\/el-grupo-verde-dono-a-nuestro-colegio-950-plantas-y-4-toneladas-de-abono-organico\/","name":"El Grupo Verde don\u00f3 a nuestro colegio 950 plantas y 4 toneladas de abono org\u00e1nico","isPartOf":{"@id":"https:\/\/ds-barranquilla.org\/#website"},"primaryImageOfPage":{"@id":"https:\/\/ds-barranquilla.org\/de\/el-grupo-verde-dono-a-nuestro-colegio-950-plantas-y-4-toneladas-de-abono-organico\/#primaryimage"},"image":{"@id":"https:\/\/ds-barranquilla.org\/de\/el-grupo-verde-dono-a-nuestro-colegio-950-plantas-y-4-toneladas-de-abono-organico\/#primaryimage"},"thumbnailUrl":"https:\/\/ds-barranquilla.org\/wp-content\/uploads\/2023\/03\/Banner-noticias-Blog-3.png","datePublished":"2023-03-09T19:01:45+00:00","dateModified":"2023-03-09T19:09:10+00:00","description":"Fiel a ese compromiso, este grupo hizo recientemente una importante donaci\u00f3n de plantas y otros materiales a nuestra instituci\u00f3n con el fin de seguir mejorando\u00a0las zonas verdes.","breadcrumb":{"@id":"https:\/\/ds-barranquilla.org\/de\/el-grupo-verde-dono-a-nuestro-colegio-950-plantas-y-4-toneladas-de-abono-organico\/#breadcrumb"},"inLanguage":"de","potentialAction":[{"@type":"ReadAction","target":["https:\/\/ds-barranquilla.org\/de\/el-grupo-verde-dono-a-nuestro-colegio-950-plantas-y-4-toneladas-de-abono-organico\/"]}]},{"@type":"ImageObject","inLanguage":"de","@id":"https:\/\/ds-barranquilla.org\/de\/el-grupo-verde-dono-a-nuestro-colegio-950-plantas-y-4-toneladas-de-abono-organico\/#primaryimage","url":"https:\/\/ds-barranquilla.org\/wp-content\/uploads\/2023\/03\/Banner-noticias-Blog-3.png","contentUrl":"https:\/\/ds-barranquilla.org\/wp-content\/uploads\/2023\/03\/Banner-noticias-Blog-3.png","width":1170,"height":480},{"@type":"BreadcrumbList","@id":"https:\/\/ds-barranquilla.org\/de\/el-grupo-verde-dono-a-nuestro-colegio-950-plantas-y-4-toneladas-de-abono-organico\/#breadcrumb","itemListElement":[{"@type":"ListItem","position":1,"name":"Portada","item":"https:\/\/ds-barranquilla.org\/"},{"@type":"ListItem","position":2,"name":"El Grupo Verde don\u00f3 a nuestro colegio 950 plantas y 4 toneladas de abono org\u00e1nico"}]},{"@type":"WebSite","@id":"https:\/\/ds-barranquilla.org\/#website","url":"https:\/\/ds-barranquilla.org\/","name":"Colegio Alem\u00e1n - Los Mejores Colegios de Colombia - Colegio Triling\u00fce","description":"Colegio Alem\u00e1n  Barranquilla Colombia - Colegio Biling\u00fce - Triling\u00fce - El Mejor Colegio de Colombia","publisher":{"@id":"https:\/\/ds-barranquilla.org\/#organization"},"potentialAction":[{"@type":"SearchAction","target":{"@type":"EntryPoint","urlTemplate":"https:\/\/ds-barranquilla.org\/?s={search_term_string}"},"query-input":"required name=search_term_string"}],"inLanguage":"de"},{"@type":"Organization","@id":"https:\/\/ds-barranquilla.org\/#organization","name":"Colegio Alem\u00e1n Barranquilla","url":"https:\/\/ds-barranquilla.org\/","logo":{"@type":"ImageObject","inLanguage":"de","@id":"https:\/\/ds-barranquilla.org\/#\/schema\/logo\/image\/","url":"https:\/\/ds-barranquilla.org\/wp-content\/uploads\/2021\/05\/coleman_logo_2.png","contentUrl":"https:\/\/ds-barranquilla.org\/wp-content\/uploads\/2021\/05\/coleman_logo_2.png","width":418,"height":307,"caption":"Colegio Alem\u00e1n Barranquilla"},"image":{"@id":"https:\/\/ds-barranquilla.org\/#\/schema\/logo\/image\/"},"sameAs":["https:\/\/www.facebook.com\/ColegioAlemanBaq\/","https:\/\/x.com\/ColegioAlemanBq","https:\/\/www.instagram.com\/colegioalemanbaq\/","https:\/\/www.linkedin.com\/school\/deutsche-schule-barranquilla\/","https:\/\/www.youtube.com\/channel\/UCOOGZQCVs6aYRqIWvSN5agQ"]},{"@type":"Person","@id":"https:\/\/ds-barranquilla.org\/#\/schema\/person\/7bf8790ba89d3480e0551241ccdc8d36","name":"Comunicaciones Comunicaciones","image":{"@type":"ImageObject","inLanguage":"de","@id":"https:\/\/ds-barranquilla.org\/#\/schema\/person\/image\/","url":"https:\/\/secure.gravatar.com\/avatar\/a66ba9484a4338d81d6bea750e595038?s=96&d=mm&r=g","contentUrl":"https:\/\/secure.gravatar.com\/avatar\/a66ba9484a4338d81d6bea750e595038?s=96&d=mm&r=g","caption":"Comunicaciones Comunicaciones"}}]}},"_links":{"self":[{"href":"https:\/\/ds-barranquilla.org\/de\/wp-json\/wp\/v2\/posts\/22034"}],"collection":[{"href":"https:\/\/ds-barranquilla.org\/de\/wp-json\/wp\/v2\/posts"}],"about":[{"href":"https:\/\/ds-barranquilla.org\/de\/wp-json\/wp\/v2\/types\/post"}],"author":[{"embeddable":true,"href":"https:\/\/ds-barranquilla.org\/de\/wp-json\/wp\/v2\/users\/16"}],"replies":[{"embeddable":true,"href":"https:\/\/ds-barranquilla.org\/de\/wp-json\/wp\/v2\/comments?post=22034"}],"version-history":[{"count":9,"href":"https:\/\/ds-barranquilla.org\/de\/wp-json\/wp\/v2\/posts\/22034\/revisions"}],"predecessor-version":[{"id":22048,"href":"https:\/\/ds-barranquilla.org\/de\/wp-json\/wp\/v2\/posts\/22034\/revisions\/22048"}],"wp:featuredmedia":[{"embeddable":true,"href":"https:\/\/ds-barranquilla.org\/de\/wp-json\/wp\/v2\/media\/22036"}],"wp:attachment":[{"href":"https:\/\/ds-barranquilla.org\/de\/wp-json\/wp\/v2\/media?parent=22034"}],"wp:term":[{"taxonomy":"category","embeddable":true,"href":"https:\/\/ds-barranquilla.org\/de\/wp-json\/wp\/v2\/categories?post=22034"},{"taxonomy":"post_tag","embeddable":true,"href":"https:\/\/ds-barranquilla.org\/de\/wp-json\/wp\/v2\/tags?post=22034"}],"curies":[{"name":"wp","href":"https:\/\/api.w.org\/{rel}","templated":true}]}}