{"id":23036,"date":"2023-03-29T16:27:22","date_gmt":"2023-03-29T21:27:22","guid":{"rendered":"https:\/\/ds-barranquilla.org\/?p=23036"},"modified":"2023-03-29T20:04:48","modified_gmt":"2023-03-30T01:04:48","slug":"el-vertiginoso-ascenso-de-mario-gomez-en-janssen-la-empresa-farmaceutica-de-johnson-johnson","status":"publish","type":"post","link":"https:\/\/ds-barranquilla.org\/de\/el-vertiginoso-ascenso-de-mario-gomez-en-janssen-la-empresa-farmaceutica-de-johnson-johnson\/","title":{"rendered":"El vertiginoso ascenso de Mario G\u00f3mez en Janssen, la empresa farmac\u00e9utica de Johnson &#038; Johnson"},"content":{"rendered":"<div data-elementor-type=\"wp-post\" data-elementor-id=\"23036\" class=\"elementor elementor-23036\">\n\t\t\t\t\t\t<section class=\"elementor-section elementor-top-section elementor-element elementor-element-1a62021 elementor-section-boxed elementor-section-height-default elementor-section-height-default\" data-id=\"1a62021\" data-element_type=\"section\">\n\t\t\t\t\t\t<div class=\"elementor-container elementor-column-gap-default\">\n\t\t\t\t\t<div class=\"elementor-column elementor-col-100 elementor-top-column elementor-element elementor-element-bcc325c\" data-id=\"bcc325c\" data-element_type=\"column\">\n\t\t\t<div class=\"elementor-widget-wrap elementor-element-populated\">\n\t\t\t\t\t\t<div class=\"elementor-element elementor-element-f238017 elementor-widget elementor-widget-text-editor\" data-id=\"f238017\" data-element_type=\"widget\" data-widget_type=\"text-editor.default\">\n\t\t\t\t<div class=\"elementor-widget-container\">\n\t\t\t<style>\/*! elementor - v3.23.0 - 05-08-2024 *\/\n.elementor-widget-text-editor.elementor-drop-cap-view-stacked .elementor-drop-cap{background-color:#69727d;color:#fff}.elementor-widget-text-editor.elementor-drop-cap-view-framed .elementor-drop-cap{color:#69727d;border:3px solid;background-color:transparent}.elementor-widget-text-editor:not(.elementor-drop-cap-view-default) .elementor-drop-cap{margin-top:8px}.elementor-widget-text-editor:not(.elementor-drop-cap-view-default) .elementor-drop-cap-letter{width:1em;height:1em}.elementor-widget-text-editor .elementor-drop-cap{float:left;text-align:center;line-height:1;font-size:50px}.elementor-widget-text-editor .elementor-drop-cap-letter{display:inline-block}<\/style>\t\t\t\t<h2 class=\"MsoNormal\"><span style=\"color: #cc3524;\">El vertiginoso ascenso de Mario G\u00f3mez en Janssen, la farmac\u00e9utica de <\/span><span style=\"color: #cc3524;\">Johnson &amp; Johnson<\/span><\/h2><p class=\"MsoNormal\">Aunque la vida profesional de Mario Alberto G\u00f3mez Camacho, egresado de la promoci\u00f3n 2005, no comenz\u00f3 en el mundo de la medicina -primero hizo tres semestres de ingenier\u00eda electr\u00f3nica-, su ascenso en la multinacional Johnson &amp; Johnson, espec\u00edficamente en la farmac\u00e9utica Janssen, ha sido admirable y de pel\u00edcula.<\/p><p>Despu\u00e9s de graduarse de nuestro Colegio Alem\u00e1n de Barranquilla y de comprender que la ingenier\u00eda no era lo suyo, Mario G\u00f3mez se cambi\u00f3 al programa de Medicina en la Universidad del Norte donde encontr\u00f3 su destino. Durante ese pregrado, hizo intercambios acad\u00e9micos con la Universidad Javeriana y con la Universidad de Mainz.<\/p>\t\t\t\t\t\t<\/div>\n\t\t\t\t<\/div>\n\t\t\t\t\t<\/div>\n\t\t<\/div>\n\t\t\t\t\t<\/div>\n\t\t<\/section>\n\t\t\t\t<section class=\"elementor-section elementor-top-section elementor-element elementor-element-f273701 elementor-section-boxed elementor-section-height-default elementor-section-height-default\" data-id=\"f273701\" data-element_type=\"section\">\n\t\t\t\t\t\t<div class=\"elementor-container elementor-column-gap-default\">\n\t\t\t\t\t<div class=\"elementor-column elementor-col-100 elementor-top-column elementor-element elementor-element-acd7897\" data-id=\"acd7897\" data-element_type=\"column\">\n\t\t\t<div class=\"elementor-widget-wrap elementor-element-populated\">\n\t\t\t\t\t\t<div class=\"elementor-element elementor-element-e649db8 elementor-widget elementor-widget-text-editor\" data-id=\"e649db8\" data-element_type=\"widget\" data-widget_type=\"text-editor.default\">\n\t\t\t\t<div class=\"elementor-widget-container\">\n\t\t\t\t\t\t\t<p>\u201cDespu\u00e9s de terminar Medicina hice una Maestr\u00eda en Ciencias de la Salud en la HAW (Hochschule f\u00fcr Angewandte Wissenschaften) Hamburg. M\u00e1s adelante, cuando comenc\u00e9 mi vida laboral, hice en paralelo un Doctorado en Medicina en la LMU M\u00fcnchen (con \u00e9nfasis en infectolog\u00eda) y actualmente estoy a punto de terminar un MBA en la Universidad Goethe de Frankfurt\u201d, explica el exalumno sobre su desarrollo acad\u00e9mico.\u00a0<br \/><br \/><b>El ascenso al \u2018techo\u2019 nacional de crecimiento<br \/><\/b> Mientras Mario G\u00f3mez adelantaba su maestr\u00eda en Hamburgo, entr\u00f3 como practicante en Janssen, la empresa farmac\u00e9utica de Johnson &amp; Johnson. Desde ese entonces no ha cambio de empleador, \u201cya que la cultura laboral es incre\u00edble y los prospectos de crecimiento infinitos\u201d, afirma con vehemencia.\u00a0<\/p>\t\t\t\t\t\t<\/div>\n\t\t\t\t<\/div>\n\t\t\t\t\t<\/div>\n\t\t<\/div>\n\t\t\t\t\t<\/div>\n\t\t<\/section>\n\t\t\t\t<section class=\"elementor-section elementor-top-section elementor-element elementor-element-d77a522 elementor-section-boxed elementor-section-height-default elementor-section-height-default\" data-id=\"d77a522\" data-element_type=\"section\">\n\t\t\t\t\t\t<div class=\"elementor-container elementor-column-gap-default\">\n\t\t\t\t\t<div class=\"elementor-column elementor-col-50 elementor-top-column elementor-element elementor-element-b3aa5b9\" data-id=\"b3aa5b9\" data-element_type=\"column\">\n\t\t\t<div class=\"elementor-widget-wrap elementor-element-populated\">\n\t\t\t\t\t\t<div class=\"elementor-element elementor-element-74979b6 elementor-widget elementor-widget-text-editor\" data-id=\"74979b6\" data-element_type=\"widget\" data-widget_type=\"text-editor.default\">\n\t\t\t\t<div class=\"elementor-widget-container\">\n\t\t\t\t\t\t\t<p class=\"MsoNormal\">Desde esa posici\u00f3n inicial, su ascenso ha sido imparable. Pas\u00f3 de practicante a gerente de precios para Janssen Alemania, luego al departamento de asuntos m\u00e9dicos en el cargo de \u201centrada\u201d: MSL (en su caso, para infectolog\u00eda).<\/p><p class=\"MsoNormal\">Despu\u00e9s fue gerente m\u00e9dico nacional para gastroenterolog\u00eda, posteriormente gerente senior nacional para dermatolog\u00eda y finalmente l\u00edder m\u00e9dico para dermatolog\u00eda, con su propio equipo de gerentes nacionales a su cargo.\u00a0<\/p>\t\t\t\t\t\t<\/div>\n\t\t\t\t<\/div>\n\t\t\t\t\t<\/div>\n\t\t<\/div>\n\t\t\t\t<div class=\"elementor-column elementor-col-50 elementor-top-column elementor-element elementor-element-a9cb6fe\" data-id=\"a9cb6fe\" data-element_type=\"column\">\n\t\t\t<div class=\"elementor-widget-wrap elementor-element-populated\">\n\t\t\t\t\t\t<div class=\"elementor-element elementor-element-3077505 elementor-widget elementor-widget-image\" data-id=\"3077505\" data-element_type=\"widget\" data-widget_type=\"image.default\">\n\t\t\t\t<div class=\"elementor-widget-container\">\n\t\t\t<style>\/*! elementor - v3.23.0 - 05-08-2024 *\/\n.elementor-widget-image{text-align:center}.elementor-widget-image a{display:inline-block}.elementor-widget-image a img[src$=\".svg\"]{width:48px}.elementor-widget-image img{vertical-align:middle;display:inline-block}<\/style>\t\t\t\t\t\t\t\t\t\t<img fetchpriority=\"high\" decoding=\"async\" width=\"300\" height=\"292\" src=\"https:\/\/ds-barranquilla.org\/wp-content\/uploads\/2023\/03\/alumni-mario-gomez-9-300x292.jpeg\" class=\"attachment-medium size-medium wp-image-23033\" alt=\"\" srcset=\"https:\/\/ds-barranquilla.org\/wp-content\/uploads\/2023\/03\/alumni-mario-gomez-9-300x292.jpeg 300w, https:\/\/ds-barranquilla.org\/wp-content\/uploads\/2023\/03\/alumni-mario-gomez-9-768x749.jpeg 768w, https:\/\/ds-barranquilla.org\/wp-content\/uploads\/2023\/03\/alumni-mario-gomez-9-12x12.jpeg 12w, https:\/\/ds-barranquilla.org\/wp-content\/uploads\/2023\/03\/alumni-mario-gomez-9-150x146.jpeg 150w, https:\/\/ds-barranquilla.org\/wp-content\/uploads\/2023\/03\/alumni-mario-gomez-9-50x50.jpeg 50w, https:\/\/ds-barranquilla.org\/wp-content\/uploads\/2023\/03\/alumni-mario-gomez-9-77x75.jpeg 77w, https:\/\/ds-barranquilla.org\/wp-content\/uploads\/2023\/03\/alumni-mario-gomez-9-800x780.jpeg 800w, https:\/\/ds-barranquilla.org\/wp-content\/uploads\/2023\/03\/alumni-mario-gomez-9.jpeg 1024w\" sizes=\"(max-width:767px) 300px, 300px\" \/>\t\t\t\t\t\t\t\t\t\t\t\t\t<\/div>\n\t\t\t\t<\/div>\n\t\t\t\t\t<\/div>\n\t\t<\/div>\n\t\t\t\t\t<\/div>\n\t\t<\/section>\n\t\t\t\t<section class=\"elementor-section elementor-top-section elementor-element elementor-element-bf63198 elementor-section-boxed elementor-section-height-default elementor-section-height-default\" data-id=\"bf63198\" data-element_type=\"section\">\n\t\t\t\t\t\t<div class=\"elementor-container elementor-column-gap-default\">\n\t\t\t\t\t<div class=\"elementor-column elementor-col-100 elementor-top-column elementor-element elementor-element-d385c70\" data-id=\"d385c70\" data-element_type=\"column\">\n\t\t\t<div class=\"elementor-widget-wrap elementor-element-populated\">\n\t\t\t\t\t\t<div class=\"elementor-element elementor-element-3178e80 elementor-widget elementor-widget-text-editor\" data-id=\"3178e80\" data-element_type=\"widget\" data-widget_type=\"text-editor.default\">\n\t\t\t\t<div class=\"elementor-widget-container\">\n\t\t\t\t\t\t\t<p class=\"MsoNormal\">\u201cTras llegar al \u2018techo\u2019 nacional de crecimiento relativamente r\u00e1pido, hice un cambio a las oficinas globales de Janssen como director y l\u00edder m\u00e9dico global de asuntos m\u00e9dicos para gastroenterolog\u00eda, preparando el lanzamiento a nivel mundial de un producto\u201d, explica.<\/p><p class=\"MsoNormal\"><strong>Y lleg\u00f3 la pandemia<\/strong><br \/>El COVID-19 puso en jaque al planeta, especialmente al \u00e1rea de la salud, y Mario G\u00f3mez no fue la excepci\u00f3n. Poco despu\u00e9s de empezar como l\u00edder m\u00e9dico nacional para dermatolog\u00eda en Alemania y de asumir la direcci\u00f3n de cinco estudios cl\u00ednicos, comenz\u00f3 el confinamiento y tuvo como responsabilidad garantizar el acceso a servicios de salud para los m\u00e1s de 1.500 pacientes que hac\u00edan parte de dichos estudios.\u00a0<\/p>\t\t\t\t\t\t<\/div>\n\t\t\t\t<\/div>\n\t\t\t\t\t<\/div>\n\t\t<\/div>\n\t\t\t\t\t<\/div>\n\t\t<\/section>\n\t\t\t\t<section class=\"elementor-section elementor-top-section elementor-element elementor-element-de55c25 elementor-section-boxed elementor-section-height-default elementor-section-height-default\" data-id=\"de55c25\" data-element_type=\"section\">\n\t\t\t\t\t\t<div class=\"elementor-container elementor-column-gap-default\">\n\t\t\t\t\t<div class=\"elementor-column elementor-col-33 elementor-top-column elementor-element elementor-element-9ca4763\" data-id=\"9ca4763\" data-element_type=\"column\">\n\t\t\t<div class=\"elementor-widget-wrap elementor-element-populated\">\n\t\t\t\t\t\t<div class=\"elementor-element elementor-element-847e025 elementor-widget elementor-widget-image\" data-id=\"847e025\" data-element_type=\"widget\" data-widget_type=\"image.default\">\n\t\t\t\t<div class=\"elementor-widget-container\">\n\t\t\t\t\t\t\t\t\t\t\t\t\t<img decoding=\"async\" width=\"768\" height=\"1024\" src=\"https:\/\/ds-barranquilla.org\/wp-content\/uploads\/2023\/03\/alumni-mario-gomez-4.jpeg\" class=\"attachment-medium_large size-medium_large wp-image-23028\" alt=\"\" srcset=\"https:\/\/ds-barranquilla.org\/wp-content\/uploads\/2023\/03\/alumni-mario-gomez-4.jpeg 768w, https:\/\/ds-barranquilla.org\/wp-content\/uploads\/2023\/03\/alumni-mario-gomez-4-225x300.jpeg 225w, https:\/\/ds-barranquilla.org\/wp-content\/uploads\/2023\/03\/alumni-mario-gomez-4-300x400.jpeg 300w, https:\/\/ds-barranquilla.org\/wp-content\/uploads\/2023\/03\/alumni-mario-gomez-4-9x12.jpeg 9w, https:\/\/ds-barranquilla.org\/wp-content\/uploads\/2023\/03\/alumni-mario-gomez-4-110x146.jpeg 110w, https:\/\/ds-barranquilla.org\/wp-content\/uploads\/2023\/03\/alumni-mario-gomez-4-38x50.jpeg 38w, https:\/\/ds-barranquilla.org\/wp-content\/uploads\/2023\/03\/alumni-mario-gomez-4-56x75.jpeg 56w\" sizes=\"(max-width:767px) 480px, (max-width:768px) 100vw, 768px\" \/>\t\t\t\t\t\t\t\t\t\t\t\t\t<\/div>\n\t\t\t\t<\/div>\n\t\t\t\t\t<\/div>\n\t\t<\/div>\n\t\t\t\t<div class=\"elementor-column elementor-col-33 elementor-top-column elementor-element elementor-element-73b8c0a\" data-id=\"73b8c0a\" data-element_type=\"column\">\n\t\t\t<div class=\"elementor-widget-wrap elementor-element-populated\">\n\t\t\t\t\t\t<div class=\"elementor-element elementor-element-740be9f elementor-widget elementor-widget-image\" data-id=\"740be9f\" data-element_type=\"widget\" data-widget_type=\"image.default\">\n\t\t\t\t<div class=\"elementor-widget-container\">\n\t\t\t\t\t\t\t\t\t\t\t\t\t<img decoding=\"async\" width=\"768\" height=\"1024\" src=\"https:\/\/ds-barranquilla.org\/wp-content\/uploads\/2023\/03\/alumni-mario-gomez-2.jpeg\" class=\"attachment-medium_large size-medium_large wp-image-23026\" alt=\"\" srcset=\"https:\/\/ds-barranquilla.org\/wp-content\/uploads\/2023\/03\/alumni-mario-gomez-2.jpeg 768w, https:\/\/ds-barranquilla.org\/wp-content\/uploads\/2023\/03\/alumni-mario-gomez-2-225x300.jpeg 225w, https:\/\/ds-barranquilla.org\/wp-content\/uploads\/2023\/03\/alumni-mario-gomez-2-300x400.jpeg 300w, https:\/\/ds-barranquilla.org\/wp-content\/uploads\/2023\/03\/alumni-mario-gomez-2-9x12.jpeg 9w, https:\/\/ds-barranquilla.org\/wp-content\/uploads\/2023\/03\/alumni-mario-gomez-2-110x146.jpeg 110w, https:\/\/ds-barranquilla.org\/wp-content\/uploads\/2023\/03\/alumni-mario-gomez-2-38x50.jpeg 38w, https:\/\/ds-barranquilla.org\/wp-content\/uploads\/2023\/03\/alumni-mario-gomez-2-56x75.jpeg 56w\" sizes=\"(max-width:767px) 480px, (max-width:768px) 100vw, 768px\" \/>\t\t\t\t\t\t\t\t\t\t\t\t\t<\/div>\n\t\t\t\t<\/div>\n\t\t\t\t\t<\/div>\n\t\t<\/div>\n\t\t\t\t<div class=\"elementor-column elementor-col-33 elementor-top-column elementor-element elementor-element-4abea94\" data-id=\"4abea94\" data-element_type=\"column\">\n\t\t\t<div class=\"elementor-widget-wrap elementor-element-populated\">\n\t\t\t\t\t\t<div class=\"elementor-element elementor-element-0514f5a elementor-widget elementor-widget-image\" data-id=\"0514f5a\" data-element_type=\"widget\" data-widget_type=\"image.default\">\n\t\t\t\t<div class=\"elementor-widget-container\">\n\t\t\t\t\t\t\t\t\t\t\t\t\t<img loading=\"lazy\" decoding=\"async\" width=\"768\" height=\"1024\" src=\"https:\/\/ds-barranquilla.org\/wp-content\/uploads\/2023\/03\/alumni-mario-gomez-5.jpeg\" class=\"attachment-medium_large size-medium_large wp-image-23029\" alt=\"\" srcset=\"https:\/\/ds-barranquilla.org\/wp-content\/uploads\/2023\/03\/alumni-mario-gomez-5.jpeg 768w, https:\/\/ds-barranquilla.org\/wp-content\/uploads\/2023\/03\/alumni-mario-gomez-5-225x300.jpeg 225w, https:\/\/ds-barranquilla.org\/wp-content\/uploads\/2023\/03\/alumni-mario-gomez-5-300x400.jpeg 300w, https:\/\/ds-barranquilla.org\/wp-content\/uploads\/2023\/03\/alumni-mario-gomez-5-9x12.jpeg 9w, https:\/\/ds-barranquilla.org\/wp-content\/uploads\/2023\/03\/alumni-mario-gomez-5-110x146.jpeg 110w, https:\/\/ds-barranquilla.org\/wp-content\/uploads\/2023\/03\/alumni-mario-gomez-5-38x50.jpeg 38w, https:\/\/ds-barranquilla.org\/wp-content\/uploads\/2023\/03\/alumni-mario-gomez-5-56x75.jpeg 56w\" sizes=\"(max-width:767px) 480px, (max-width:768px) 100vw, 768px\" \/>\t\t\t\t\t\t\t\t\t\t\t\t\t<\/div>\n\t\t\t\t<\/div>\n\t\t\t\t\t<\/div>\n\t\t<\/div>\n\t\t\t\t\t<\/div>\n\t\t<\/section>\n\t\t\t\t<section class=\"elementor-section elementor-top-section elementor-element elementor-element-680f245 elementor-section-boxed elementor-section-height-default elementor-section-height-default\" data-id=\"680f245\" data-element_type=\"section\">\n\t\t\t\t\t\t<div class=\"elementor-container elementor-column-gap-default\">\n\t\t\t\t\t<div class=\"elementor-column elementor-col-100 elementor-top-column elementor-element elementor-element-9b7c289\" data-id=\"9b7c289\" data-element_type=\"column\">\n\t\t\t<div class=\"elementor-widget-wrap elementor-element-populated\">\n\t\t\t\t\t\t<div class=\"elementor-element elementor-element-2ed5165 elementor-widget elementor-widget-text-editor\" data-id=\"2ed5165\" data-element_type=\"widget\" data-widget_type=\"text-editor.default\">\n\t\t\t\t<div class=\"elementor-widget-container\">\n\t\t\t\t\t\t\t<p>\u201cFue una \u00e9poca incre\u00edblemente desafiante, pero al mismo tiempo gratificante al saber que pacientes con diferentes necesidades de salud, durante la pandemia, pod\u00edan recibir la atenci\u00f3n que necesitaban gracias a nuestros esfuerzos\u201d, recuerda.<\/p><p><strong>\u201cAut\u00e9ntico a mis ra\u00edces\u201d<\/strong><br \/>Mario G\u00f3mez se considera una persona afortunada, ya que profesionalmente ha podido gozar de un crecimiento vertical r\u00e1pido y significativo gracias a la educaci\u00f3n que recibi\u00f3 y a la suerte de contar con mentores en su camino que han cre\u00eddo en \u00e9l. \u201cPersonalmente, he podido ser aut\u00e9ntico a mis ra\u00edces y mi ser a trav\u00e9s de diversas etapas de mi vida en Colombia, Alemania y Estados Unidos, siempre orgulloso de donde vengo mientras labro el camino que me lleve a donde voy\u201d, reflexiona este egresado DSBaq.\u00a0<\/p><p>Cuando se remonta a su \u00e9poca en nuestro colegio, viene a su cabeza una palabra: \u00a1Disciplina! Tambi\u00e9n agradece los cimientos que construy\u00f3 al hacer el Bachillerato Internacional (IB). Mario G\u00f3mez fue de las primeras generaciones y, a pesar de que nunca utiliz\u00f3 su diploma como atajo para ingresar a las universidades por las cuales ha pasado, \u201cla disciplina inquebrantable aprendida durante el proceso hizo que mis estudios posteriores, por exigentes que fueran, resultaran de alguna manera logrables, una y otra vez\u201d.<\/p>\t\t\t\t\t\t<\/div>\n\t\t\t\t<\/div>\n\t\t\t\t\t<\/div>\n\t\t<\/div>\n\t\t\t\t\t<\/div>\n\t\t<\/section>\n\t\t\t\t<section class=\"elementor-section elementor-top-section elementor-element elementor-element-2d26bf3 elementor-section-boxed elementor-section-height-default elementor-section-height-default\" data-id=\"2d26bf3\" data-element_type=\"section\">\n\t\t\t\t\t\t<div class=\"elementor-container elementor-column-gap-default\">\n\t\t\t\t\t<div class=\"elementor-column elementor-col-50 elementor-top-column elementor-element elementor-element-75d80b1\" data-id=\"75d80b1\" data-element_type=\"column\">\n\t\t\t<div class=\"elementor-widget-wrap elementor-element-populated\">\n\t\t\t\t\t\t<div class=\"elementor-element elementor-element-3099ed2 elementor-widget elementor-widget-image\" data-id=\"3099ed2\" data-element_type=\"widget\" data-widget_type=\"image.default\">\n\t\t\t\t<div class=\"elementor-widget-container\">\n\t\t\t\t\t\t\t\t\t\t\t\t\t<img loading=\"lazy\" decoding=\"async\" width=\"225\" height=\"300\" src=\"https:\/\/ds-barranquilla.org\/wp-content\/uploads\/2023\/03\/alumni-mario-gomez-3-225x300.jpeg\" class=\"attachment-medium size-medium wp-image-23027\" alt=\"\" srcset=\"https:\/\/ds-barranquilla.org\/wp-content\/uploads\/2023\/03\/alumni-mario-gomez-3-225x300.jpeg 225w, https:\/\/ds-barranquilla.org\/wp-content\/uploads\/2023\/03\/alumni-mario-gomez-3-300x400.jpeg 300w, https:\/\/ds-barranquilla.org\/wp-content\/uploads\/2023\/03\/alumni-mario-gomez-3-9x12.jpeg 9w, https:\/\/ds-barranquilla.org\/wp-content\/uploads\/2023\/03\/alumni-mario-gomez-3-110x146.jpeg 110w, https:\/\/ds-barranquilla.org\/wp-content\/uploads\/2023\/03\/alumni-mario-gomez-3-38x50.jpeg 38w, https:\/\/ds-barranquilla.org\/wp-content\/uploads\/2023\/03\/alumni-mario-gomez-3-56x75.jpeg 56w, https:\/\/ds-barranquilla.org\/wp-content\/uploads\/2023\/03\/alumni-mario-gomez-3.jpeg 768w\" sizes=\"(max-width:767px) 225px, 225px\" \/>\t\t\t\t\t\t\t\t\t\t\t\t\t<\/div>\n\t\t\t\t<\/div>\n\t\t\t\t\t<\/div>\n\t\t<\/div>\n\t\t\t\t<div class=\"elementor-column elementor-col-50 elementor-top-column elementor-element elementor-element-aae24c1\" data-id=\"aae24c1\" data-element_type=\"column\">\n\t\t\t<div class=\"elementor-widget-wrap elementor-element-populated\">\n\t\t\t\t\t\t<div class=\"elementor-element elementor-element-7d00d31 elementor-widget elementor-widget-text-editor\" data-id=\"7d00d31\" data-element_type=\"widget\" data-widget_type=\"text-editor.default\">\n\t\t\t\t<div class=\"elementor-widget-container\">\n\t\t\t\t\t\t\t<p>Mario G\u00f3mez tambi\u00e9n resalta que en nuestra instituci\u00f3n siempre fortalecieron su autenticidad con la cual forj\u00f3 libremente su personalidad y un car\u00e1cter s\u00f3lido y no negociable.\u00a0<\/p><p>Como ya es costumbre con los egresados de su generaci\u00f3n, este profesional de la medicina se remonta a la sede de la 51B. \u201cMe acuerdo de la alegr\u00eda que sent\u00edamos cuando el profesor tra\u00eda el televisor en aquel carrito con ruedas, ya que sab\u00edamos que ese d\u00eda no hab\u00eda jornada normal; tambi\u00e9n recuerdo mi \u00faltimo d\u00eda de clases, ya en el colegio nuevo, antes de graduarme y, por supuesto, los festivales del Rasgu\u00f1ao cada a\u00f1o\u201d.<\/p>\t\t\t\t\t\t<\/div>\n\t\t\t\t<\/div>\n\t\t\t\t\t<\/div>\n\t\t<\/div>\n\t\t\t\t\t<\/div>\n\t\t<\/section>\n\t\t\t\t<\/div>","protected":false},"excerpt":{"rendered":"<p>El vertiginoso ascenso de Mario G\u00f3mez en Janssen, la farmac\u00e9utica de Johnson &amp; Johnson Aunque la vida profesional de Mario Alberto G\u00f3mez Camacho, egresado de la<span class=\"excerpt-hellip\"> [\u2026]<\/span><\/p>","protected":false},"author":16,"featured_media":23034,"comment_status":"open","ping_status":"open","sticky":false,"template":"","format":"standard","meta":{"_exactmetrics_skip_tracking":false,"_exactmetrics_sitenote_active":false,"_exactmetrics_sitenote_note":"","_exactmetrics_sitenote_category":0,"_joinchat":[],"footnotes":""},"categories":[713,684],"tags":[],"class_list":["post-23036","post","type-post","status-publish","format-standard","has-post-thumbnail","hentry","category-713","category-alumni"],"yoast_head":"<!-- This site is optimized with the Yoast SEO plugin v23.3 - https:\/\/yoast.com\/wordpress\/plugins\/seo\/ -->\n<title>El vertiginoso ascenso de Mario G\u00f3mez en Janssen, la empresa farmac\u00e9utica de Johnson &amp; Johnson - 2026<\/title>\n<meta name=\"robots\" content=\"noindex, follow, max-snippet:-1, max-image-preview:large, max-video-preview:-1\" \/>\n<meta property=\"og:locale\" content=\"de_DE\" \/>\n<meta property=\"og:type\" content=\"article\" \/>\n<meta property=\"og:title\" content=\"El vertiginoso ascenso de Mario G\u00f3mez en Janssen, la empresa farmac\u00e9utica de Johnson &amp; Johnson - 2026\" \/>\n<meta property=\"og:description\" content=\"El vertiginoso ascenso de Mario G\u00f3mez en Janssen, la farmac\u00e9utica de Johnson &amp; Johnson Aunque la vida profesional de Mario Alberto G\u00f3mez Camacho, egresado de la [\u2026]\" \/>\n<meta property=\"og:url\" content=\"https:\/\/ds-barranquilla.org\/de\/el-vertiginoso-ascenso-de-mario-gomez-en-janssen-la-empresa-farmaceutica-de-johnson-johnson\/\" \/>\n<meta property=\"og:site_name\" content=\"Colegio Alem\u00e1n - Los Mejores Colegios de Colombia - Colegio Triling\u00fce\" \/>\n<meta property=\"article:publisher\" content=\"https:\/\/www.facebook.com\/ColegioAlemanBaq\/\" \/>\n<meta property=\"article:published_time\" content=\"2023-03-29T21:27:22+00:00\" \/>\n<meta property=\"article:modified_time\" content=\"2023-03-30T01:04:48+00:00\" \/>\n<meta property=\"og:image\" content=\"https:\/\/ds-barranquilla.org\/wp-content\/uploads\/2023\/03\/banner-egresado-mario-gomez-scaled.jpg\" \/>\n\t<meta property=\"og:image:width\" content=\"2560\" \/>\n\t<meta property=\"og:image:height\" content=\"1050\" \/>\n\t<meta property=\"og:image:type\" content=\"image\/jpeg\" \/>\n<meta name=\"author\" content=\"Comunicaciones Comunicaciones\" \/>\n<meta name=\"twitter:card\" content=\"summary_large_image\" \/>\n<meta name=\"twitter:creator\" content=\"@ColegioAlemanBq\" \/>\n<meta name=\"twitter:site\" content=\"@ColegioAlemanBq\" \/>\n<meta name=\"twitter:label1\" content=\"Verfasst von\" \/>\n\t<meta name=\"twitter:data1\" content=\"Comunicaciones Comunicaciones\" \/>\n\t<meta name=\"twitter:label2\" content=\"Gesch\u00e4tzte Lesezeit\" \/>\n\t<meta name=\"twitter:data2\" content=\"4\u00a0Minuten\" \/>\n<script type=\"application\/ld+json\" class=\"yoast-schema-graph\">{\"@context\":\"https:\/\/schema.org\",\"@graph\":[{\"@type\":\"Article\",\"@id\":\"https:\/\/ds-barranquilla.org\/el-vertiginoso-ascenso-de-mario-gomez-en-janssen-la-empresa-farmaceutica-de-johnson-johnson\/#article\",\"isPartOf\":{\"@id\":\"https:\/\/ds-barranquilla.org\/el-vertiginoso-ascenso-de-mario-gomez-en-janssen-la-empresa-farmaceutica-de-johnson-johnson\/\"},\"author\":{\"name\":\"Comunicaciones Comunicaciones\",\"@id\":\"https:\/\/ds-barranquilla.org\/#\/schema\/person\/7bf8790ba89d3480e0551241ccdc8d36\"},\"headline\":\"El vertiginoso ascenso de Mario G\u00f3mez en Janssen, la empresa farmac\u00e9utica de Johnson &#038; Johnson\",\"datePublished\":\"2023-03-29T21:27:22+00:00\",\"dateModified\":\"2023-03-30T01:04:48+00:00\",\"mainEntityOfPage\":{\"@id\":\"https:\/\/ds-barranquilla.org\/el-vertiginoso-ascenso-de-mario-gomez-en-janssen-la-empresa-farmaceutica-de-johnson-johnson\/\"},\"wordCount\":803,\"commentCount\":1,\"publisher\":{\"@id\":\"https:\/\/ds-barranquilla.org\/#organization\"},\"image\":{\"@id\":\"https:\/\/ds-barranquilla.org\/el-vertiginoso-ascenso-de-mario-gomez-en-janssen-la-empresa-farmaceutica-de-johnson-johnson\/#primaryimage\"},\"thumbnailUrl\":\"https:\/\/ds-barranquilla.org\/wp-content\/uploads\/2023\/03\/banner-egresado-mario-gomez-scaled.jpg\",\"articleSection\":[\"2023\",\"Alumni\"],\"inLanguage\":\"de\",\"potentialAction\":[{\"@type\":\"CommentAction\",\"name\":\"Comment\",\"target\":[\"https:\/\/ds-barranquilla.org\/el-vertiginoso-ascenso-de-mario-gomez-en-janssen-la-empresa-farmaceutica-de-johnson-johnson\/#respond\"]}]},{\"@type\":\"WebPage\",\"@id\":\"https:\/\/ds-barranquilla.org\/el-vertiginoso-ascenso-de-mario-gomez-en-janssen-la-empresa-farmaceutica-de-johnson-johnson\/\",\"url\":\"https:\/\/ds-barranquilla.org\/el-vertiginoso-ascenso-de-mario-gomez-en-janssen-la-empresa-farmaceutica-de-johnson-johnson\/\",\"name\":\"El vertiginoso ascenso de Mario G\u00f3mez en Janssen, la empresa farmac\u00e9utica de Johnson & Johnson - 2026\",\"isPartOf\":{\"@id\":\"https:\/\/ds-barranquilla.org\/#website\"},\"primaryImageOfPage\":{\"@id\":\"https:\/\/ds-barranquilla.org\/el-vertiginoso-ascenso-de-mario-gomez-en-janssen-la-empresa-farmaceutica-de-johnson-johnson\/#primaryimage\"},\"image\":{\"@id\":\"https:\/\/ds-barranquilla.org\/el-vertiginoso-ascenso-de-mario-gomez-en-janssen-la-empresa-farmaceutica-de-johnson-johnson\/#primaryimage\"},\"thumbnailUrl\":\"https:\/\/ds-barranquilla.org\/wp-content\/uploads\/2023\/03\/banner-egresado-mario-gomez-scaled.jpg\",\"datePublished\":\"2023-03-29T21:27:22+00:00\",\"dateModified\":\"2023-03-30T01:04:48+00:00\",\"breadcrumb\":{\"@id\":\"https:\/\/ds-barranquilla.org\/el-vertiginoso-ascenso-de-mario-gomez-en-janssen-la-empresa-farmaceutica-de-johnson-johnson\/#breadcrumb\"},\"inLanguage\":\"de\",\"potentialAction\":[{\"@type\":\"ReadAction\",\"target\":[\"https:\/\/ds-barranquilla.org\/el-vertiginoso-ascenso-de-mario-gomez-en-janssen-la-empresa-farmaceutica-de-johnson-johnson\/\"]}]},{\"@type\":\"ImageObject\",\"inLanguage\":\"de\",\"@id\":\"https:\/\/ds-barranquilla.org\/el-vertiginoso-ascenso-de-mario-gomez-en-janssen-la-empresa-farmaceutica-de-johnson-johnson\/#primaryimage\",\"url\":\"https:\/\/ds-barranquilla.org\/wp-content\/uploads\/2023\/03\/banner-egresado-mario-gomez-scaled.jpg\",\"contentUrl\":\"https:\/\/ds-barranquilla.org\/wp-content\/uploads\/2023\/03\/banner-egresado-mario-gomez-scaled.jpg\",\"width\":2560,\"height\":1050},{\"@type\":\"BreadcrumbList\",\"@id\":\"https:\/\/ds-barranquilla.org\/el-vertiginoso-ascenso-de-mario-gomez-en-janssen-la-empresa-farmaceutica-de-johnson-johnson\/#breadcrumb\",\"itemListElement\":[{\"@type\":\"ListItem\",\"position\":1,\"name\":\"Portada\",\"item\":\"https:\/\/ds-barranquilla.org\/\"},{\"@type\":\"ListItem\",\"position\":2,\"name\":\"El vertiginoso ascenso de Mario G\u00f3mez en Janssen, la empresa farmac\u00e9utica de Johnson &#038; Johnson\"}]},{\"@type\":\"WebSite\",\"@id\":\"https:\/\/ds-barranquilla.org\/#website\",\"url\":\"https:\/\/ds-barranquilla.org\/\",\"name\":\"Colegio Alem\u00e1n - Los Mejores Colegios de Colombia - Colegio Triling\u00fce\",\"description\":\"Colegio Alem\u00e1n  Barranquilla Colombia - Colegio Biling\u00fce - Triling\u00fce - El Mejor Colegio de Colombia\",\"publisher\":{\"@id\":\"https:\/\/ds-barranquilla.org\/#organization\"},\"potentialAction\":[{\"@type\":\"SearchAction\",\"target\":{\"@type\":\"EntryPoint\",\"urlTemplate\":\"https:\/\/ds-barranquilla.org\/?s={search_term_string}\"},\"query-input\":\"required name=search_term_string\"}],\"inLanguage\":\"de\"},{\"@type\":\"Organization\",\"@id\":\"https:\/\/ds-barranquilla.org\/#organization\",\"name\":\"Colegio Alem\u00e1n Barranquilla\",\"url\":\"https:\/\/ds-barranquilla.org\/\",\"logo\":{\"@type\":\"ImageObject\",\"inLanguage\":\"de\",\"@id\":\"https:\/\/ds-barranquilla.org\/#\/schema\/logo\/image\/\",\"url\":\"https:\/\/ds-barranquilla.org\/wp-content\/uploads\/2021\/05\/coleman_logo_2.png\",\"contentUrl\":\"https:\/\/ds-barranquilla.org\/wp-content\/uploads\/2021\/05\/coleman_logo_2.png\",\"width\":418,\"height\":307,\"caption\":\"Colegio Alem\u00e1n Barranquilla\"},\"image\":{\"@id\":\"https:\/\/ds-barranquilla.org\/#\/schema\/logo\/image\/\"},\"sameAs\":[\"https:\/\/www.facebook.com\/ColegioAlemanBaq\/\",\"https:\/\/x.com\/ColegioAlemanBq\",\"https:\/\/www.instagram.com\/colegioalemanbaq\/\",\"https:\/\/www.linkedin.com\/school\/deutsche-schule-barranquilla\/\",\"https:\/\/www.youtube.com\/channel\/UCOOGZQCVs6aYRqIWvSN5agQ\"]},{\"@type\":\"Person\",\"@id\":\"https:\/\/ds-barranquilla.org\/#\/schema\/person\/7bf8790ba89d3480e0551241ccdc8d36\",\"name\":\"Comunicaciones Comunicaciones\",\"image\":{\"@type\":\"ImageObject\",\"inLanguage\":\"de\",\"@id\":\"https:\/\/ds-barranquilla.org\/#\/schema\/person\/image\/\",\"url\":\"https:\/\/secure.gravatar.com\/avatar\/a66ba9484a4338d81d6bea750e595038?s=96&d=mm&r=g\",\"contentUrl\":\"https:\/\/secure.gravatar.com\/avatar\/a66ba9484a4338d81d6bea750e595038?s=96&d=mm&r=g\",\"caption\":\"Comunicaciones Comunicaciones\"}}]}<\/script>\n<!-- \/ Yoast SEO plugin. -->","yoast_head_json":{"title":"El vertiginoso ascenso de Mario G\u00f3mez en Janssen, la empresa farmac\u00e9utica de Johnson & Johnson - 2026","robots":{"index":"noindex","follow":"follow","max-snippet":"max-snippet:-1","max-image-preview":"max-image-preview:large","max-video-preview":"max-video-preview:-1"},"og_locale":"de_DE","og_type":"article","og_title":"El vertiginoso ascenso de Mario G\u00f3mez en Janssen, la empresa farmac\u00e9utica de Johnson & Johnson - 2026","og_description":"El vertiginoso ascenso de Mario G\u00f3mez en Janssen, la farmac\u00e9utica de Johnson &amp; Johnson Aunque la vida profesional de Mario Alberto G\u00f3mez Camacho, egresado de la [\u2026]","og_url":"https:\/\/ds-barranquilla.org\/de\/el-vertiginoso-ascenso-de-mario-gomez-en-janssen-la-empresa-farmaceutica-de-johnson-johnson\/","og_site_name":"Colegio Alem\u00e1n - Los Mejores Colegios de Colombia - Colegio Triling\u00fce","article_publisher":"https:\/\/www.facebook.com\/ColegioAlemanBaq\/","article_published_time":"2023-03-29T21:27:22+00:00","article_modified_time":"2023-03-30T01:04:48+00:00","og_image":[{"width":2560,"height":1050,"url":"https:\/\/ds-barranquilla.org\/wp-content\/uploads\/2023\/03\/banner-egresado-mario-gomez-scaled.jpg","type":"image\/jpeg"}],"author":"Comunicaciones Comunicaciones","twitter_card":"summary_large_image","twitter_creator":"@ColegioAlemanBq","twitter_site":"@ColegioAlemanBq","twitter_misc":{"Verfasst von":"Comunicaciones Comunicaciones","Gesch\u00e4tzte Lesezeit":"4\u00a0Minuten"},"schema":{"@context":"https:\/\/schema.org","@graph":[{"@type":"Article","@id":"https:\/\/ds-barranquilla.org\/el-vertiginoso-ascenso-de-mario-gomez-en-janssen-la-empresa-farmaceutica-de-johnson-johnson\/#article","isPartOf":{"@id":"https:\/\/ds-barranquilla.org\/el-vertiginoso-ascenso-de-mario-gomez-en-janssen-la-empresa-farmaceutica-de-johnson-johnson\/"},"author":{"name":"Comunicaciones Comunicaciones","@id":"https:\/\/ds-barranquilla.org\/#\/schema\/person\/7bf8790ba89d3480e0551241ccdc8d36"},"headline":"El vertiginoso ascenso de Mario G\u00f3mez en Janssen, la empresa farmac\u00e9utica de Johnson &#038; Johnson","datePublished":"2023-03-29T21:27:22+00:00","dateModified":"2023-03-30T01:04:48+00:00","mainEntityOfPage":{"@id":"https:\/\/ds-barranquilla.org\/el-vertiginoso-ascenso-de-mario-gomez-en-janssen-la-empresa-farmaceutica-de-johnson-johnson\/"},"wordCount":803,"commentCount":1,"publisher":{"@id":"https:\/\/ds-barranquilla.org\/#organization"},"image":{"@id":"https:\/\/ds-barranquilla.org\/el-vertiginoso-ascenso-de-mario-gomez-en-janssen-la-empresa-farmaceutica-de-johnson-johnson\/#primaryimage"},"thumbnailUrl":"https:\/\/ds-barranquilla.org\/wp-content\/uploads\/2023\/03\/banner-egresado-mario-gomez-scaled.jpg","articleSection":["2023","Alumni"],"inLanguage":"de","potentialAction":[{"@type":"CommentAction","name":"Comment","target":["https:\/\/ds-barranquilla.org\/el-vertiginoso-ascenso-de-mario-gomez-en-janssen-la-empresa-farmaceutica-de-johnson-johnson\/#respond"]}]},{"@type":"WebPage","@id":"https:\/\/ds-barranquilla.org\/el-vertiginoso-ascenso-de-mario-gomez-en-janssen-la-empresa-farmaceutica-de-johnson-johnson\/","url":"https:\/\/ds-barranquilla.org\/el-vertiginoso-ascenso-de-mario-gomez-en-janssen-la-empresa-farmaceutica-de-johnson-johnson\/","name":"El vertiginoso ascenso de Mario G\u00f3mez en Janssen, la empresa farmac\u00e9utica de Johnson & Johnson - 2026","isPartOf":{"@id":"https:\/\/ds-barranquilla.org\/#website"},"primaryImageOfPage":{"@id":"https:\/\/ds-barranquilla.org\/el-vertiginoso-ascenso-de-mario-gomez-en-janssen-la-empresa-farmaceutica-de-johnson-johnson\/#primaryimage"},"image":{"@id":"https:\/\/ds-barranquilla.org\/el-vertiginoso-ascenso-de-mario-gomez-en-janssen-la-empresa-farmaceutica-de-johnson-johnson\/#primaryimage"},"thumbnailUrl":"https:\/\/ds-barranquilla.org\/wp-content\/uploads\/2023\/03\/banner-egresado-mario-gomez-scaled.jpg","datePublished":"2023-03-29T21:27:22+00:00","dateModified":"2023-03-30T01:04:48+00:00","breadcrumb":{"@id":"https:\/\/ds-barranquilla.org\/el-vertiginoso-ascenso-de-mario-gomez-en-janssen-la-empresa-farmaceutica-de-johnson-johnson\/#breadcrumb"},"inLanguage":"de","potentialAction":[{"@type":"ReadAction","target":["https:\/\/ds-barranquilla.org\/el-vertiginoso-ascenso-de-mario-gomez-en-janssen-la-empresa-farmaceutica-de-johnson-johnson\/"]}]},{"@type":"ImageObject","inLanguage":"de","@id":"https:\/\/ds-barranquilla.org\/el-vertiginoso-ascenso-de-mario-gomez-en-janssen-la-empresa-farmaceutica-de-johnson-johnson\/#primaryimage","url":"https:\/\/ds-barranquilla.org\/wp-content\/uploads\/2023\/03\/banner-egresado-mario-gomez-scaled.jpg","contentUrl":"https:\/\/ds-barranquilla.org\/wp-content\/uploads\/2023\/03\/banner-egresado-mario-gomez-scaled.jpg","width":2560,"height":1050},{"@type":"BreadcrumbList","@id":"https:\/\/ds-barranquilla.org\/el-vertiginoso-ascenso-de-mario-gomez-en-janssen-la-empresa-farmaceutica-de-johnson-johnson\/#breadcrumb","itemListElement":[{"@type":"ListItem","position":1,"name":"Portada","item":"https:\/\/ds-barranquilla.org\/"},{"@type":"ListItem","position":2,"name":"El vertiginoso ascenso de Mario G\u00f3mez en Janssen, la empresa farmac\u00e9utica de Johnson &#038; Johnson"}]},{"@type":"WebSite","@id":"https:\/\/ds-barranquilla.org\/#website","url":"https:\/\/ds-barranquilla.org\/","name":"Colegio Alem\u00e1n - Los Mejores Colegios de Colombia - Colegio Triling\u00fce","description":"Colegio Alem\u00e1n  Barranquilla Colombia - Colegio Biling\u00fce - Triling\u00fce - El Mejor Colegio de Colombia","publisher":{"@id":"https:\/\/ds-barranquilla.org\/#organization"},"potentialAction":[{"@type":"SearchAction","target":{"@type":"EntryPoint","urlTemplate":"https:\/\/ds-barranquilla.org\/?s={search_term_string}"},"query-input":"required name=search_term_string"}],"inLanguage":"de"},{"@type":"Organization","@id":"https:\/\/ds-barranquilla.org\/#organization","name":"Colegio Alem\u00e1n Barranquilla","url":"https:\/\/ds-barranquilla.org\/","logo":{"@type":"ImageObject","inLanguage":"de","@id":"https:\/\/ds-barranquilla.org\/#\/schema\/logo\/image\/","url":"https:\/\/ds-barranquilla.org\/wp-content\/uploads\/2021\/05\/coleman_logo_2.png","contentUrl":"https:\/\/ds-barranquilla.org\/wp-content\/uploads\/2021\/05\/coleman_logo_2.png","width":418,"height":307,"caption":"Colegio Alem\u00e1n Barranquilla"},"image":{"@id":"https:\/\/ds-barranquilla.org\/#\/schema\/logo\/image\/"},"sameAs":["https:\/\/www.facebook.com\/ColegioAlemanBaq\/","https:\/\/x.com\/ColegioAlemanBq","https:\/\/www.instagram.com\/colegioalemanbaq\/","https:\/\/www.linkedin.com\/school\/deutsche-schule-barranquilla\/","https:\/\/www.youtube.com\/channel\/UCOOGZQCVs6aYRqIWvSN5agQ"]},{"@type":"Person","@id":"https:\/\/ds-barranquilla.org\/#\/schema\/person\/7bf8790ba89d3480e0551241ccdc8d36","name":"Comunicaciones Comunicaciones","image":{"@type":"ImageObject","inLanguage":"de","@id":"https:\/\/ds-barranquilla.org\/#\/schema\/person\/image\/","url":"https:\/\/secure.gravatar.com\/avatar\/a66ba9484a4338d81d6bea750e595038?s=96&d=mm&r=g","contentUrl":"https:\/\/secure.gravatar.com\/avatar\/a66ba9484a4338d81d6bea750e595038?s=96&d=mm&r=g","caption":"Comunicaciones Comunicaciones"}}]}},"_links":{"self":[{"href":"https:\/\/ds-barranquilla.org\/de\/wp-json\/wp\/v2\/posts\/23036"}],"collection":[{"href":"https:\/\/ds-barranquilla.org\/de\/wp-json\/wp\/v2\/posts"}],"about":[{"href":"https:\/\/ds-barranquilla.org\/de\/wp-json\/wp\/v2\/types\/post"}],"author":[{"embeddable":true,"href":"https:\/\/ds-barranquilla.org\/de\/wp-json\/wp\/v2\/users\/16"}],"replies":[{"embeddable":true,"href":"https:\/\/ds-barranquilla.org\/de\/wp-json\/wp\/v2\/comments?post=23036"}],"version-history":[{"count":10,"href":"https:\/\/ds-barranquilla.org\/de\/wp-json\/wp\/v2\/posts\/23036\/revisions"}],"predecessor-version":[{"id":23074,"href":"https:\/\/ds-barranquilla.org\/de\/wp-json\/wp\/v2\/posts\/23036\/revisions\/23074"}],"wp:featuredmedia":[{"embeddable":true,"href":"https:\/\/ds-barranquilla.org\/de\/wp-json\/wp\/v2\/media\/23034"}],"wp:attachment":[{"href":"https:\/\/ds-barranquilla.org\/de\/wp-json\/wp\/v2\/media?parent=23036"}],"wp:term":[{"taxonomy":"category","embeddable":true,"href":"https:\/\/ds-barranquilla.org\/de\/wp-json\/wp\/v2\/categories?post=23036"},{"taxonomy":"post_tag","embeddable":true,"href":"https:\/\/ds-barranquilla.org\/de\/wp-json\/wp\/v2\/tags?post=23036"}],"curies":[{"name":"wp","href":"https:\/\/api.w.org\/{rel}","templated":true}]}}