{"id":23088,"date":"2023-03-30T13:49:25","date_gmt":"2023-03-30T18:49:25","guid":{"rendered":"https:\/\/ds-barranquilla.org\/?p=23088"},"modified":"2023-03-30T13:57:40","modified_gmt":"2023-03-30T18:57:40","slug":"las-delicias-del-festival-del-rasgunao-se-acabaron-en-tiempo-record","status":"publish","type":"post","link":"https:\/\/ds-barranquilla.org\/de\/las-delicias-del-festival-del-rasgunao-se-acabaron-en-tiempo-record\/","title":{"rendered":"\u00a1Las delicias del Festival del Rasgu\u00f1ao se acabaron en tiempo r\u00e9cord!"},"content":{"rendered":"<div data-elementor-type=\"wp-post\" data-elementor-id=\"23088\" class=\"elementor elementor-23088\">\n\t\t\t\t\t\t<section class=\"elementor-section elementor-top-section elementor-element elementor-element-8558b06 elementor-section-boxed elementor-section-height-default elementor-section-height-default\" data-id=\"8558b06\" data-element_type=\"section\">\n\t\t\t\t\t\t<div class=\"elementor-container elementor-column-gap-default\">\n\t\t\t\t\t<div class=\"elementor-column elementor-col-100 elementor-top-column elementor-element elementor-element-7e9c4e0\" data-id=\"7e9c4e0\" data-element_type=\"column\">\n\t\t\t<div class=\"elementor-widget-wrap elementor-element-populated\">\n\t\t\t\t\t\t<div class=\"elementor-element elementor-element-93358e6 elementor-widget elementor-widget-text-editor\" data-id=\"93358e6\" data-element_type=\"widget\" data-widget_type=\"text-editor.default\">\n\t\t\t\t<div class=\"elementor-widget-container\">\n\t\t\t<style>\/*! elementor - v3.23.0 - 05-08-2024 *\/\n.elementor-widget-text-editor.elementor-drop-cap-view-stacked .elementor-drop-cap{background-color:#69727d;color:#fff}.elementor-widget-text-editor.elementor-drop-cap-view-framed .elementor-drop-cap{color:#69727d;border:3px solid;background-color:transparent}.elementor-widget-text-editor:not(.elementor-drop-cap-view-default) .elementor-drop-cap{margin-top:8px}.elementor-widget-text-editor:not(.elementor-drop-cap-view-default) .elementor-drop-cap-letter{width:1em;height:1em}.elementor-widget-text-editor .elementor-drop-cap{float:left;text-align:center;line-height:1;font-size:50px}.elementor-widget-text-editor .elementor-drop-cap-letter{display:inline-block}<\/style>\t\t\t\t<h2><span style=\"color: #cc3524;\">\u00a1Las delicias del Festival del Rasgu\u00f1ao se acabaron en tiempo r\u00e9cord!<\/span><\/h2><p>Por: Asopadres y DSBaq<\/p><p>Estudiantes y padres de familia de nuestro Colegio Alem\u00e1n de Barranquilla disfrutaron el 30 de marzo los dulces t\u00edpicos de Semana Santa en esta celebraci\u00f3n que Asopadres lidera cada a\u00f1o para mantener viva esta bella tradici\u00f3n de la Regi\u00f3n Caribe. Los vasitos de coco con leche, el arequipe, los piononos y el flan fueron los postres m\u00e1s apetecidos.<\/p><p>Uno a uno fueron pasando todos los niveles de la instituci\u00f3n para degustar los mejores sabores; los estudiantes, supervisados por sus profesores, compraron desde arroces con leche hasta vasitos de tamarindo, en un ambiente muy agradable, previo a la salida al receso de esta \u00e9poca.<\/p><p><strong>Una dulce tradici\u00f3n<\/strong><br \/>El nombre de \u2018Rasgu\u00f1ao\u2019 se explica desde dos versiones, una se le dio porque despu\u00e9s de cocinar los dulces alguien de la familia siempre raspaba de las ollas los restos pegados en el fondo, lo que significaba \u201csaborear lo m\u00e1s sabroso de los dulces\u201d. En cambio, otros se\u00f1alan que el origen del \u2018Rasgu\u00f1ao\u2019 puede venir de la festividad jud\u00eda del Sukkot, en la que se intercambian comidas entre familias. As\u00ed tambi\u00e9n las tribus precolombinas intercambiaban plantas medicinales, como las hojas de coca y los aceites esenciales. Y los esclavos negros, en medio de dif\u00edciles condiciones de vida, trocaban alimentos, especialmente frutas, con las que hac\u00edan dulces.<\/p>\t\t\t\t\t\t<\/div>\n\t\t\t\t<\/div>\n\t\t\t\t\t<\/div>\n\t\t<\/div>\n\t\t\t\t\t<\/div>\n\t\t<\/section>\n\t\t\t\t<section class=\"elementor-section elementor-top-section elementor-element elementor-element-097344e elementor-section-boxed elementor-section-height-default elementor-section-height-default\" data-id=\"097344e\" data-element_type=\"section\">\n\t\t\t\t\t\t<div class=\"elementor-container elementor-column-gap-default\">\n\t\t\t\t\t<div class=\"elementor-column elementor-col-50 elementor-top-column elementor-element elementor-element-fc2c06f\" data-id=\"fc2c06f\" data-element_type=\"column\">\n\t\t\t<div class=\"elementor-widget-wrap elementor-element-populated\">\n\t\t\t\t\t\t<div class=\"elementor-element elementor-element-f434463 elementor-widget elementor-widget-image\" data-id=\"f434463\" data-element_type=\"widget\" data-widget_type=\"image.default\">\n\t\t\t\t<div class=\"elementor-widget-container\">\n\t\t\t<style>\/*! elementor - v3.23.0 - 05-08-2024 *\/\n.elementor-widget-image{text-align:center}.elementor-widget-image a{display:inline-block}.elementor-widget-image a img[src$=\".svg\"]{width:48px}.elementor-widget-image img{vertical-align:middle;display:inline-block}<\/style>\t\t\t\t\t\t\t\t\t\t<img fetchpriority=\"high\" decoding=\"async\" width=\"768\" height=\"512\" src=\"https:\/\/ds-barranquilla.org\/wp-content\/uploads\/2023\/03\/festival-del-rasgunao-1-768x512.jpeg\" class=\"attachment-medium_large size-medium_large wp-image-23085\" alt=\"\" srcset=\"https:\/\/ds-barranquilla.org\/wp-content\/uploads\/2023\/03\/festival-del-rasgunao-1-768x512.jpeg 768w, https:\/\/ds-barranquilla.org\/wp-content\/uploads\/2023\/03\/festival-del-rasgunao-1-300x200.jpeg 300w, https:\/\/ds-barranquilla.org\/wp-content\/uploads\/2023\/03\/festival-del-rasgunao-1-1024x682.jpeg 1024w, https:\/\/ds-barranquilla.org\/wp-content\/uploads\/2023\/03\/festival-del-rasgunao-1-391x260.jpeg 391w, https:\/\/ds-barranquilla.org\/wp-content\/uploads\/2023\/03\/festival-del-rasgunao-1-1536x1023.jpeg 1536w, https:\/\/ds-barranquilla.org\/wp-content\/uploads\/2023\/03\/festival-del-rasgunao-1-18x12.jpeg 18w, https:\/\/ds-barranquilla.org\/wp-content\/uploads\/2023\/03\/festival-del-rasgunao-1-219x146.jpeg 219w, https:\/\/ds-barranquilla.org\/wp-content\/uploads\/2023\/03\/festival-del-rasgunao-1-50x33.jpeg 50w, https:\/\/ds-barranquilla.org\/wp-content\/uploads\/2023\/03\/festival-del-rasgunao-1-113x75.jpeg 113w, https:\/\/ds-barranquilla.org\/wp-content\/uploads\/2023\/03\/festival-del-rasgunao-1-800x533.jpeg 800w, https:\/\/ds-barranquilla.org\/wp-content\/uploads\/2023\/03\/festival-del-rasgunao-1.jpeg 1600w\" sizes=\"(max-width:767px) 480px, (max-width:768px) 100vw, 768px\" \/>\t\t\t\t\t\t\t\t\t\t\t\t\t<\/div>\n\t\t\t\t<\/div>\n\t\t\t\t\t<\/div>\n\t\t<\/div>\n\t\t\t\t<div class=\"elementor-column elementor-col-50 elementor-top-column elementor-element elementor-element-bece53b\" data-id=\"bece53b\" data-element_type=\"column\">\n\t\t\t<div class=\"elementor-widget-wrap elementor-element-populated\">\n\t\t\t\t\t\t<div class=\"elementor-element elementor-element-8cca712 elementor-widget elementor-widget-image\" data-id=\"8cca712\" data-element_type=\"widget\" data-widget_type=\"image.default\">\n\t\t\t\t<div class=\"elementor-widget-container\">\n\t\t\t\t\t\t\t\t\t\t\t\t\t<img decoding=\"async\" width=\"1024\" height=\"682\" src=\"https:\/\/ds-barranquilla.org\/wp-content\/uploads\/2023\/03\/festival-del-rasgunao-5-1024x682.jpeg\" class=\"attachment-large size-large wp-image-23082\" alt=\"\" srcset=\"https:\/\/ds-barranquilla.org\/wp-content\/uploads\/2023\/03\/festival-del-rasgunao-5-1024x682.jpeg 1024w, https:\/\/ds-barranquilla.org\/wp-content\/uploads\/2023\/03\/festival-del-rasgunao-5-300x200.jpeg 300w, https:\/\/ds-barranquilla.org\/wp-content\/uploads\/2023\/03\/festival-del-rasgunao-5-768x512.jpeg 768w, https:\/\/ds-barranquilla.org\/wp-content\/uploads\/2023\/03\/festival-del-rasgunao-5-391x260.jpeg 391w, https:\/\/ds-barranquilla.org\/wp-content\/uploads\/2023\/03\/festival-del-rasgunao-5-1536x1023.jpeg 1536w, https:\/\/ds-barranquilla.org\/wp-content\/uploads\/2023\/03\/festival-del-rasgunao-5-18x12.jpeg 18w, https:\/\/ds-barranquilla.org\/wp-content\/uploads\/2023\/03\/festival-del-rasgunao-5-219x146.jpeg 219w, https:\/\/ds-barranquilla.org\/wp-content\/uploads\/2023\/03\/festival-del-rasgunao-5-50x33.jpeg 50w, https:\/\/ds-barranquilla.org\/wp-content\/uploads\/2023\/03\/festival-del-rasgunao-5-113x75.jpeg 113w, https:\/\/ds-barranquilla.org\/wp-content\/uploads\/2023\/03\/festival-del-rasgunao-5-800x533.jpeg 800w, https:\/\/ds-barranquilla.org\/wp-content\/uploads\/2023\/03\/festival-del-rasgunao-5.jpeg 1600w\" sizes=\"(max-width:767px) 480px, (max-width:1024px) 100vw, 1024px\" \/>\t\t\t\t\t\t\t\t\t\t\t\t\t<\/div>\n\t\t\t\t<\/div>\n\t\t\t\t\t<\/div>\n\t\t<\/div>\n\t\t\t\t\t<\/div>\n\t\t<\/section>\n\t\t\t\t<section class=\"elementor-section elementor-top-section elementor-element elementor-element-0678c6a elementor-section-boxed elementor-section-height-default elementor-section-height-default\" data-id=\"0678c6a\" data-element_type=\"section\">\n\t\t\t\t\t\t<div class=\"elementor-container elementor-column-gap-default\">\n\t\t\t\t\t<div class=\"elementor-column elementor-col-100 elementor-top-column elementor-element elementor-element-3921158\" data-id=\"3921158\" data-element_type=\"column\">\n\t\t\t<div class=\"elementor-widget-wrap elementor-element-populated\">\n\t\t\t\t\t\t<div class=\"elementor-element elementor-element-7a98bf7 elementor-widget elementor-widget-text-editor\" data-id=\"7a98bf7\" data-element_type=\"widget\" data-widget_type=\"text-editor.default\">\n\t\t\t\t<div class=\"elementor-widget-container\">\n\t\t\t\t\t\t\t<p>De esta forma, la tradici\u00f3n del \u2018Rasgu\u00f1ao\u2019 ha trascendido de las manos de las abuelas a las j\u00f3venes colombianas, muy especialmente de la zona Caribe. Asopadres incentiva esa costumbre entre la comunidad escolar del Colegio Alem\u00e1n, animando a los ni\u00f1os a que se interesen en la preparaci\u00f3n de los dulces de los frutos de la regi\u00f3n.<\/p>\n<p>No obstante, con el paso del tiempo lo que era la tradici\u00f3n familiar de compartir el \u2018Rasgu\u00f1ao\u2019 o dulce de frutas se ha ido perdiendo. Sin embargo, desde hace m\u00e1s de 20 a\u00f1os Asopadres ha revivido este placer gastron\u00f3mico organizando el anhelado Festival del Rasgu\u00f1ao con la complicidad de toda la comunidad escolar.<\/p>\n<p>\u00a1Gracias a todos los que participaron!<\/p>\t\t\t\t\t\t<\/div>\n\t\t\t\t<\/div>\n\t\t\t\t\t<\/div>\n\t\t<\/div>\n\t\t\t\t\t<\/div>\n\t\t<\/section>\n\t\t\t\t<section class=\"elementor-section elementor-top-section elementor-element elementor-element-a6ca213 elementor-section-boxed elementor-section-height-default elementor-section-height-default\" data-id=\"a6ca213\" data-element_type=\"section\">\n\t\t\t\t\t\t<div class=\"elementor-container elementor-column-gap-default\">\n\t\t\t\t\t<div class=\"elementor-column elementor-col-50 elementor-top-column elementor-element elementor-element-c5bcb43\" data-id=\"c5bcb43\" data-element_type=\"column\">\n\t\t\t<div class=\"elementor-widget-wrap elementor-element-populated\">\n\t\t\t\t\t\t<div class=\"elementor-element elementor-element-825c0b7 elementor-widget elementor-widget-image\" data-id=\"825c0b7\" data-element_type=\"widget\" data-widget_type=\"image.default\">\n\t\t\t\t<div class=\"elementor-widget-container\">\n\t\t\t\t\t\t\t\t\t\t\t\t\t<img decoding=\"async\" width=\"768\" height=\"512\" src=\"https:\/\/ds-barranquilla.org\/wp-content\/uploads\/2023\/03\/festival-del-rasgunao-3-768x512.jpeg\" class=\"attachment-medium_large size-medium_large wp-image-23080\" alt=\"\" srcset=\"https:\/\/ds-barranquilla.org\/wp-content\/uploads\/2023\/03\/festival-del-rasgunao-3-768x512.jpeg 768w, https:\/\/ds-barranquilla.org\/wp-content\/uploads\/2023\/03\/festival-del-rasgunao-3-300x200.jpeg 300w, https:\/\/ds-barranquilla.org\/wp-content\/uploads\/2023\/03\/festival-del-rasgunao-3-1024x682.jpeg 1024w, https:\/\/ds-barranquilla.org\/wp-content\/uploads\/2023\/03\/festival-del-rasgunao-3-391x260.jpeg 391w, https:\/\/ds-barranquilla.org\/wp-content\/uploads\/2023\/03\/festival-del-rasgunao-3-1536x1023.jpeg 1536w, https:\/\/ds-barranquilla.org\/wp-content\/uploads\/2023\/03\/festival-del-rasgunao-3-18x12.jpeg 18w, https:\/\/ds-barranquilla.org\/wp-content\/uploads\/2023\/03\/festival-del-rasgunao-3-219x146.jpeg 219w, https:\/\/ds-barranquilla.org\/wp-content\/uploads\/2023\/03\/festival-del-rasgunao-3-50x33.jpeg 50w, https:\/\/ds-barranquilla.org\/wp-content\/uploads\/2023\/03\/festival-del-rasgunao-3-113x75.jpeg 113w, https:\/\/ds-barranquilla.org\/wp-content\/uploads\/2023\/03\/festival-del-rasgunao-3-800x533.jpeg 800w, https:\/\/ds-barranquilla.org\/wp-content\/uploads\/2023\/03\/festival-del-rasgunao-3.jpeg 1600w\" sizes=\"(max-width:767px) 480px, (max-width:768px) 100vw, 768px\" \/>\t\t\t\t\t\t\t\t\t\t\t\t\t<\/div>\n\t\t\t\t<\/div>\n\t\t\t\t\t<\/div>\n\t\t<\/div>\n\t\t\t\t<div class=\"elementor-column elementor-col-50 elementor-top-column elementor-element elementor-element-fbe1ac7\" data-id=\"fbe1ac7\" data-element_type=\"column\">\n\t\t\t<div class=\"elementor-widget-wrap elementor-element-populated\">\n\t\t\t\t\t\t<div class=\"elementor-element elementor-element-1ddf304 elementor-widget elementor-widget-image\" data-id=\"1ddf304\" data-element_type=\"widget\" data-widget_type=\"image.default\">\n\t\t\t\t<div class=\"elementor-widget-container\">\n\t\t\t\t\t\t\t\t\t\t\t\t\t<img loading=\"lazy\" decoding=\"async\" width=\"768\" height=\"512\" src=\"https:\/\/ds-barranquilla.org\/wp-content\/uploads\/2023\/03\/festival-del-rasgunao-6-768x512.jpeg\" class=\"attachment-medium_large size-medium_large wp-image-23083\" alt=\"\" srcset=\"https:\/\/ds-barranquilla.org\/wp-content\/uploads\/2023\/03\/festival-del-rasgunao-6-768x512.jpeg 768w, https:\/\/ds-barranquilla.org\/wp-content\/uploads\/2023\/03\/festival-del-rasgunao-6-300x200.jpeg 300w, https:\/\/ds-barranquilla.org\/wp-content\/uploads\/2023\/03\/festival-del-rasgunao-6-1024x682.jpeg 1024w, https:\/\/ds-barranquilla.org\/wp-content\/uploads\/2023\/03\/festival-del-rasgunao-6-391x260.jpeg 391w, https:\/\/ds-barranquilla.org\/wp-content\/uploads\/2023\/03\/festival-del-rasgunao-6-1536x1023.jpeg 1536w, https:\/\/ds-barranquilla.org\/wp-content\/uploads\/2023\/03\/festival-del-rasgunao-6-18x12.jpeg 18w, https:\/\/ds-barranquilla.org\/wp-content\/uploads\/2023\/03\/festival-del-rasgunao-6-219x146.jpeg 219w, https:\/\/ds-barranquilla.org\/wp-content\/uploads\/2023\/03\/festival-del-rasgunao-6-50x33.jpeg 50w, https:\/\/ds-barranquilla.org\/wp-content\/uploads\/2023\/03\/festival-del-rasgunao-6-113x75.jpeg 113w, https:\/\/ds-barranquilla.org\/wp-content\/uploads\/2023\/03\/festival-del-rasgunao-6-800x533.jpeg 800w, https:\/\/ds-barranquilla.org\/wp-content\/uploads\/2023\/03\/festival-del-rasgunao-6.jpeg 1600w\" sizes=\"(max-width:767px) 480px, (max-width:768px) 100vw, 768px\" \/>\t\t\t\t\t\t\t\t\t\t\t\t\t<\/div>\n\t\t\t\t<\/div>\n\t\t\t\t\t<\/div>\n\t\t<\/div>\n\t\t\t\t\t<\/div>\n\t\t<\/section>\n\t\t\t\t<\/div>","protected":false},"excerpt":{"rendered":"<p>\u00a1Las delicias del Festival del Rasgu\u00f1ao se acabaron en tiempo r\u00e9cord! Por: Asopadres y DSBaq Estudiantes y padres de familia de nuestro Colegio Alem\u00e1n de Barranquilla<span class=\"excerpt-hellip\"> [\u2026]<\/span><\/p>","protected":false},"author":16,"featured_media":23087,"comment_status":"open","ping_status":"open","sticky":false,"template":"","format":"standard","meta":{"_exactmetrics_skip_tracking":false,"_exactmetrics_sitenote_active":false,"_exactmetrics_sitenote_note":"","_exactmetrics_sitenote_category":0,"_joinchat":[],"footnotes":""},"categories":[713,693],"tags":[],"class_list":["post-23088","post","type-post","status-publish","format-standard","has-post-thumbnail","hentry","category-713","category-asopadres"],"yoast_head":"<!-- This site is optimized with the Yoast SEO plugin v23.3 - https:\/\/yoast.com\/wordpress\/plugins\/seo\/ -->\n<title>\u00a1Las delicias del Festival del Rasgu\u00f1ao se acabaron en tiempo r\u00e9cord! - 2026<\/title>\n<meta name=\"robots\" content=\"noindex, follow, max-snippet:-1, max-image-preview:large, max-video-preview:-1\" \/>\n<meta property=\"og:locale\" content=\"de_DE\" \/>\n<meta property=\"og:type\" content=\"article\" \/>\n<meta property=\"og:title\" content=\"\u00a1Las delicias del Festival del Rasgu\u00f1ao se acabaron en tiempo r\u00e9cord! - 2026\" \/>\n<meta property=\"og:description\" content=\"\u00a1Las delicias del Festival del Rasgu\u00f1ao se acabaron en tiempo r\u00e9cord! Por: Asopadres y DSBaq Estudiantes y padres de familia de nuestro Colegio Alem\u00e1n de Barranquilla [\u2026]\" \/>\n<meta property=\"og:url\" content=\"https:\/\/ds-barranquilla.org\/de\/las-delicias-del-festival-del-rasgunao-se-acabaron-en-tiempo-record\/\" \/>\n<meta property=\"og:site_name\" content=\"Colegio Alem\u00e1n - Los Mejores Colegios de Colombia - Colegio Triling\u00fce\" \/>\n<meta property=\"article:publisher\" content=\"https:\/\/www.facebook.com\/ColegioAlemanBaq\/\" \/>\n<meta property=\"article:published_time\" content=\"2023-03-30T18:49:25+00:00\" \/>\n<meta property=\"article:modified_time\" content=\"2023-03-30T18:57:40+00:00\" \/>\n<meta property=\"og:image\" content=\"https:\/\/ds-barranquilla.org\/wp-content\/uploads\/2023\/03\/banner-rasgunao-scaled.jpg\" \/>\n\t<meta property=\"og:image:width\" content=\"2560\" \/>\n\t<meta property=\"og:image:height\" content=\"1050\" \/>\n\t<meta property=\"og:image:type\" content=\"image\/jpeg\" \/>\n<meta name=\"author\" content=\"Comunicaciones Comunicaciones\" \/>\n<meta name=\"twitter:card\" content=\"summary_large_image\" \/>\n<meta name=\"twitter:creator\" content=\"@ColegioAlemanBq\" \/>\n<meta name=\"twitter:site\" content=\"@ColegioAlemanBq\" \/>\n<meta name=\"twitter:label1\" content=\"Verfasst von\" \/>\n\t<meta name=\"twitter:data1\" content=\"Comunicaciones Comunicaciones\" \/>\n\t<meta name=\"twitter:label2\" content=\"Gesch\u00e4tzte Lesezeit\" \/>\n\t<meta name=\"twitter:data2\" content=\"2\u00a0Minuten\" \/>\n<script type=\"application\/ld+json\" class=\"yoast-schema-graph\">{\"@context\":\"https:\/\/schema.org\",\"@graph\":[{\"@type\":\"Article\",\"@id\":\"https:\/\/ds-barranquilla.org\/las-delicias-del-festival-del-rasgunao-se-acabaron-en-tiempo-record\/#article\",\"isPartOf\":{\"@id\":\"https:\/\/ds-barranquilla.org\/las-delicias-del-festival-del-rasgunao-se-acabaron-en-tiempo-record\/\"},\"author\":{\"name\":\"Comunicaciones Comunicaciones\",\"@id\":\"https:\/\/ds-barranquilla.org\/#\/schema\/person\/7bf8790ba89d3480e0551241ccdc8d36\"},\"headline\":\"\u00a1Las delicias del Festival del Rasgu\u00f1ao se acabaron en tiempo r\u00e9cord!\",\"datePublished\":\"2023-03-30T18:49:25+00:00\",\"dateModified\":\"2023-03-30T18:57:40+00:00\",\"mainEntityOfPage\":{\"@id\":\"https:\/\/ds-barranquilla.org\/las-delicias-del-festival-del-rasgunao-se-acabaron-en-tiempo-record\/\"},\"wordCount\":386,\"commentCount\":0,\"publisher\":{\"@id\":\"https:\/\/ds-barranquilla.org\/#organization\"},\"image\":{\"@id\":\"https:\/\/ds-barranquilla.org\/las-delicias-del-festival-del-rasgunao-se-acabaron-en-tiempo-record\/#primaryimage\"},\"thumbnailUrl\":\"https:\/\/ds-barranquilla.org\/wp-content\/uploads\/2023\/03\/banner-rasgunao-scaled.jpg\",\"articleSection\":[\"2023\",\"Asopadres\"],\"inLanguage\":\"de\",\"potentialAction\":[{\"@type\":\"CommentAction\",\"name\":\"Comment\",\"target\":[\"https:\/\/ds-barranquilla.org\/las-delicias-del-festival-del-rasgunao-se-acabaron-en-tiempo-record\/#respond\"]}]},{\"@type\":\"WebPage\",\"@id\":\"https:\/\/ds-barranquilla.org\/las-delicias-del-festival-del-rasgunao-se-acabaron-en-tiempo-record\/\",\"url\":\"https:\/\/ds-barranquilla.org\/las-delicias-del-festival-del-rasgunao-se-acabaron-en-tiempo-record\/\",\"name\":\"\u00a1Las delicias del Festival del Rasgu\u00f1ao se acabaron en tiempo r\u00e9cord! - 2026\",\"isPartOf\":{\"@id\":\"https:\/\/ds-barranquilla.org\/#website\"},\"primaryImageOfPage\":{\"@id\":\"https:\/\/ds-barranquilla.org\/las-delicias-del-festival-del-rasgunao-se-acabaron-en-tiempo-record\/#primaryimage\"},\"image\":{\"@id\":\"https:\/\/ds-barranquilla.org\/las-delicias-del-festival-del-rasgunao-se-acabaron-en-tiempo-record\/#primaryimage\"},\"thumbnailUrl\":\"https:\/\/ds-barranquilla.org\/wp-content\/uploads\/2023\/03\/banner-rasgunao-scaled.jpg\",\"datePublished\":\"2023-03-30T18:49:25+00:00\",\"dateModified\":\"2023-03-30T18:57:40+00:00\",\"breadcrumb\":{\"@id\":\"https:\/\/ds-barranquilla.org\/las-delicias-del-festival-del-rasgunao-se-acabaron-en-tiempo-record\/#breadcrumb\"},\"inLanguage\":\"de\",\"potentialAction\":[{\"@type\":\"ReadAction\",\"target\":[\"https:\/\/ds-barranquilla.org\/las-delicias-del-festival-del-rasgunao-se-acabaron-en-tiempo-record\/\"]}]},{\"@type\":\"ImageObject\",\"inLanguage\":\"de\",\"@id\":\"https:\/\/ds-barranquilla.org\/las-delicias-del-festival-del-rasgunao-se-acabaron-en-tiempo-record\/#primaryimage\",\"url\":\"https:\/\/ds-barranquilla.org\/wp-content\/uploads\/2023\/03\/banner-rasgunao-scaled.jpg\",\"contentUrl\":\"https:\/\/ds-barranquilla.org\/wp-content\/uploads\/2023\/03\/banner-rasgunao-scaled.jpg\",\"width\":2560,\"height\":1050},{\"@type\":\"BreadcrumbList\",\"@id\":\"https:\/\/ds-barranquilla.org\/las-delicias-del-festival-del-rasgunao-se-acabaron-en-tiempo-record\/#breadcrumb\",\"itemListElement\":[{\"@type\":\"ListItem\",\"position\":1,\"name\":\"Portada\",\"item\":\"https:\/\/ds-barranquilla.org\/\"},{\"@type\":\"ListItem\",\"position\":2,\"name\":\"\u00a1Las delicias del Festival del Rasgu\u00f1ao se acabaron en tiempo r\u00e9cord!\"}]},{\"@type\":\"WebSite\",\"@id\":\"https:\/\/ds-barranquilla.org\/#website\",\"url\":\"https:\/\/ds-barranquilla.org\/\",\"name\":\"Colegio Alem\u00e1n - Los Mejores Colegios de Colombia - Colegio Triling\u00fce\",\"description\":\"Colegio Alem\u00e1n  Barranquilla Colombia - Colegio Biling\u00fce - Triling\u00fce - El Mejor Colegio de Colombia\",\"publisher\":{\"@id\":\"https:\/\/ds-barranquilla.org\/#organization\"},\"potentialAction\":[{\"@type\":\"SearchAction\",\"target\":{\"@type\":\"EntryPoint\",\"urlTemplate\":\"https:\/\/ds-barranquilla.org\/?s={search_term_string}\"},\"query-input\":\"required name=search_term_string\"}],\"inLanguage\":\"de\"},{\"@type\":\"Organization\",\"@id\":\"https:\/\/ds-barranquilla.org\/#organization\",\"name\":\"Colegio Alem\u00e1n Barranquilla\",\"url\":\"https:\/\/ds-barranquilla.org\/\",\"logo\":{\"@type\":\"ImageObject\",\"inLanguage\":\"de\",\"@id\":\"https:\/\/ds-barranquilla.org\/#\/schema\/logo\/image\/\",\"url\":\"https:\/\/ds-barranquilla.org\/wp-content\/uploads\/2021\/05\/coleman_logo_2.png\",\"contentUrl\":\"https:\/\/ds-barranquilla.org\/wp-content\/uploads\/2021\/05\/coleman_logo_2.png\",\"width\":418,\"height\":307,\"caption\":\"Colegio Alem\u00e1n Barranquilla\"},\"image\":{\"@id\":\"https:\/\/ds-barranquilla.org\/#\/schema\/logo\/image\/\"},\"sameAs\":[\"https:\/\/www.facebook.com\/ColegioAlemanBaq\/\",\"https:\/\/x.com\/ColegioAlemanBq\",\"https:\/\/www.instagram.com\/colegioalemanbaq\/\",\"https:\/\/www.linkedin.com\/school\/deutsche-schule-barranquilla\/\",\"https:\/\/www.youtube.com\/channel\/UCOOGZQCVs6aYRqIWvSN5agQ\"]},{\"@type\":\"Person\",\"@id\":\"https:\/\/ds-barranquilla.org\/#\/schema\/person\/7bf8790ba89d3480e0551241ccdc8d36\",\"name\":\"Comunicaciones Comunicaciones\",\"image\":{\"@type\":\"ImageObject\",\"inLanguage\":\"de\",\"@id\":\"https:\/\/ds-barranquilla.org\/#\/schema\/person\/image\/\",\"url\":\"https:\/\/secure.gravatar.com\/avatar\/a66ba9484a4338d81d6bea750e595038?s=96&d=mm&r=g\",\"contentUrl\":\"https:\/\/secure.gravatar.com\/avatar\/a66ba9484a4338d81d6bea750e595038?s=96&d=mm&r=g\",\"caption\":\"Comunicaciones Comunicaciones\"}}]}<\/script>\n<!-- \/ Yoast SEO plugin. -->","yoast_head_json":{"title":"\u00a1Las delicias del Festival del Rasgu\u00f1ao se acabaron en tiempo r\u00e9cord! - 2026","robots":{"index":"noindex","follow":"follow","max-snippet":"max-snippet:-1","max-image-preview":"max-image-preview:large","max-video-preview":"max-video-preview:-1"},"og_locale":"de_DE","og_type":"article","og_title":"\u00a1Las delicias del Festival del Rasgu\u00f1ao se acabaron en tiempo r\u00e9cord! - 2026","og_description":"\u00a1Las delicias del Festival del Rasgu\u00f1ao se acabaron en tiempo r\u00e9cord! Por: Asopadres y DSBaq Estudiantes y padres de familia de nuestro Colegio Alem\u00e1n de Barranquilla [\u2026]","og_url":"https:\/\/ds-barranquilla.org\/de\/las-delicias-del-festival-del-rasgunao-se-acabaron-en-tiempo-record\/","og_site_name":"Colegio Alem\u00e1n - Los Mejores Colegios de Colombia - Colegio Triling\u00fce","article_publisher":"https:\/\/www.facebook.com\/ColegioAlemanBaq\/","article_published_time":"2023-03-30T18:49:25+00:00","article_modified_time":"2023-03-30T18:57:40+00:00","og_image":[{"width":2560,"height":1050,"url":"https:\/\/ds-barranquilla.org\/wp-content\/uploads\/2023\/03\/banner-rasgunao-scaled.jpg","type":"image\/jpeg"}],"author":"Comunicaciones Comunicaciones","twitter_card":"summary_large_image","twitter_creator":"@ColegioAlemanBq","twitter_site":"@ColegioAlemanBq","twitter_misc":{"Verfasst von":"Comunicaciones Comunicaciones","Gesch\u00e4tzte Lesezeit":"2\u00a0Minuten"},"schema":{"@context":"https:\/\/schema.org","@graph":[{"@type":"Article","@id":"https:\/\/ds-barranquilla.org\/las-delicias-del-festival-del-rasgunao-se-acabaron-en-tiempo-record\/#article","isPartOf":{"@id":"https:\/\/ds-barranquilla.org\/las-delicias-del-festival-del-rasgunao-se-acabaron-en-tiempo-record\/"},"author":{"name":"Comunicaciones Comunicaciones","@id":"https:\/\/ds-barranquilla.org\/#\/schema\/person\/7bf8790ba89d3480e0551241ccdc8d36"},"headline":"\u00a1Las delicias del Festival del Rasgu\u00f1ao se acabaron en tiempo r\u00e9cord!","datePublished":"2023-03-30T18:49:25+00:00","dateModified":"2023-03-30T18:57:40+00:00","mainEntityOfPage":{"@id":"https:\/\/ds-barranquilla.org\/las-delicias-del-festival-del-rasgunao-se-acabaron-en-tiempo-record\/"},"wordCount":386,"commentCount":0,"publisher":{"@id":"https:\/\/ds-barranquilla.org\/#organization"},"image":{"@id":"https:\/\/ds-barranquilla.org\/las-delicias-del-festival-del-rasgunao-se-acabaron-en-tiempo-record\/#primaryimage"},"thumbnailUrl":"https:\/\/ds-barranquilla.org\/wp-content\/uploads\/2023\/03\/banner-rasgunao-scaled.jpg","articleSection":["2023","Asopadres"],"inLanguage":"de","potentialAction":[{"@type":"CommentAction","name":"Comment","target":["https:\/\/ds-barranquilla.org\/las-delicias-del-festival-del-rasgunao-se-acabaron-en-tiempo-record\/#respond"]}]},{"@type":"WebPage","@id":"https:\/\/ds-barranquilla.org\/las-delicias-del-festival-del-rasgunao-se-acabaron-en-tiempo-record\/","url":"https:\/\/ds-barranquilla.org\/las-delicias-del-festival-del-rasgunao-se-acabaron-en-tiempo-record\/","name":"\u00a1Las delicias del Festival del Rasgu\u00f1ao se acabaron en tiempo r\u00e9cord! - 2026","isPartOf":{"@id":"https:\/\/ds-barranquilla.org\/#website"},"primaryImageOfPage":{"@id":"https:\/\/ds-barranquilla.org\/las-delicias-del-festival-del-rasgunao-se-acabaron-en-tiempo-record\/#primaryimage"},"image":{"@id":"https:\/\/ds-barranquilla.org\/las-delicias-del-festival-del-rasgunao-se-acabaron-en-tiempo-record\/#primaryimage"},"thumbnailUrl":"https:\/\/ds-barranquilla.org\/wp-content\/uploads\/2023\/03\/banner-rasgunao-scaled.jpg","datePublished":"2023-03-30T18:49:25+00:00","dateModified":"2023-03-30T18:57:40+00:00","breadcrumb":{"@id":"https:\/\/ds-barranquilla.org\/las-delicias-del-festival-del-rasgunao-se-acabaron-en-tiempo-record\/#breadcrumb"},"inLanguage":"de","potentialAction":[{"@type":"ReadAction","target":["https:\/\/ds-barranquilla.org\/las-delicias-del-festival-del-rasgunao-se-acabaron-en-tiempo-record\/"]}]},{"@type":"ImageObject","inLanguage":"de","@id":"https:\/\/ds-barranquilla.org\/las-delicias-del-festival-del-rasgunao-se-acabaron-en-tiempo-record\/#primaryimage","url":"https:\/\/ds-barranquilla.org\/wp-content\/uploads\/2023\/03\/banner-rasgunao-scaled.jpg","contentUrl":"https:\/\/ds-barranquilla.org\/wp-content\/uploads\/2023\/03\/banner-rasgunao-scaled.jpg","width":2560,"height":1050},{"@type":"BreadcrumbList","@id":"https:\/\/ds-barranquilla.org\/las-delicias-del-festival-del-rasgunao-se-acabaron-en-tiempo-record\/#breadcrumb","itemListElement":[{"@type":"ListItem","position":1,"name":"Portada","item":"https:\/\/ds-barranquilla.org\/"},{"@type":"ListItem","position":2,"name":"\u00a1Las delicias del Festival del Rasgu\u00f1ao se acabaron en tiempo r\u00e9cord!"}]},{"@type":"WebSite","@id":"https:\/\/ds-barranquilla.org\/#website","url":"https:\/\/ds-barranquilla.org\/","name":"Colegio Alem\u00e1n - Los Mejores Colegios de Colombia - Colegio Triling\u00fce","description":"Colegio Alem\u00e1n  Barranquilla Colombia - Colegio Biling\u00fce - Triling\u00fce - El Mejor Colegio de Colombia","publisher":{"@id":"https:\/\/ds-barranquilla.org\/#organization"},"potentialAction":[{"@type":"SearchAction","target":{"@type":"EntryPoint","urlTemplate":"https:\/\/ds-barranquilla.org\/?s={search_term_string}"},"query-input":"required name=search_term_string"}],"inLanguage":"de"},{"@type":"Organization","@id":"https:\/\/ds-barranquilla.org\/#organization","name":"Colegio Alem\u00e1n Barranquilla","url":"https:\/\/ds-barranquilla.org\/","logo":{"@type":"ImageObject","inLanguage":"de","@id":"https:\/\/ds-barranquilla.org\/#\/schema\/logo\/image\/","url":"https:\/\/ds-barranquilla.org\/wp-content\/uploads\/2021\/05\/coleman_logo_2.png","contentUrl":"https:\/\/ds-barranquilla.org\/wp-content\/uploads\/2021\/05\/coleman_logo_2.png","width":418,"height":307,"caption":"Colegio Alem\u00e1n Barranquilla"},"image":{"@id":"https:\/\/ds-barranquilla.org\/#\/schema\/logo\/image\/"},"sameAs":["https:\/\/www.facebook.com\/ColegioAlemanBaq\/","https:\/\/x.com\/ColegioAlemanBq","https:\/\/www.instagram.com\/colegioalemanbaq\/","https:\/\/www.linkedin.com\/school\/deutsche-schule-barranquilla\/","https:\/\/www.youtube.com\/channel\/UCOOGZQCVs6aYRqIWvSN5agQ"]},{"@type":"Person","@id":"https:\/\/ds-barranquilla.org\/#\/schema\/person\/7bf8790ba89d3480e0551241ccdc8d36","name":"Comunicaciones Comunicaciones","image":{"@type":"ImageObject","inLanguage":"de","@id":"https:\/\/ds-barranquilla.org\/#\/schema\/person\/image\/","url":"https:\/\/secure.gravatar.com\/avatar\/a66ba9484a4338d81d6bea750e595038?s=96&d=mm&r=g","contentUrl":"https:\/\/secure.gravatar.com\/avatar\/a66ba9484a4338d81d6bea750e595038?s=96&d=mm&r=g","caption":"Comunicaciones Comunicaciones"}}]}},"_links":{"self":[{"href":"https:\/\/ds-barranquilla.org\/de\/wp-json\/wp\/v2\/posts\/23088"}],"collection":[{"href":"https:\/\/ds-barranquilla.org\/de\/wp-json\/wp\/v2\/posts"}],"about":[{"href":"https:\/\/ds-barranquilla.org\/de\/wp-json\/wp\/v2\/types\/post"}],"author":[{"embeddable":true,"href":"https:\/\/ds-barranquilla.org\/de\/wp-json\/wp\/v2\/users\/16"}],"replies":[{"embeddable":true,"href":"https:\/\/ds-barranquilla.org\/de\/wp-json\/wp\/v2\/comments?post=23088"}],"version-history":[{"count":4,"href":"https:\/\/ds-barranquilla.org\/de\/wp-json\/wp\/v2\/posts\/23088\/revisions"}],"predecessor-version":[{"id":23092,"href":"https:\/\/ds-barranquilla.org\/de\/wp-json\/wp\/v2\/posts\/23088\/revisions\/23092"}],"wp:featuredmedia":[{"embeddable":true,"href":"https:\/\/ds-barranquilla.org\/de\/wp-json\/wp\/v2\/media\/23087"}],"wp:attachment":[{"href":"https:\/\/ds-barranquilla.org\/de\/wp-json\/wp\/v2\/media?parent=23088"}],"wp:term":[{"taxonomy":"category","embeddable":true,"href":"https:\/\/ds-barranquilla.org\/de\/wp-json\/wp\/v2\/categories?post=23088"},{"taxonomy":"post_tag","embeddable":true,"href":"https:\/\/ds-barranquilla.org\/de\/wp-json\/wp\/v2\/tags?post=23088"}],"curies":[{"name":"wp","href":"https:\/\/api.w.org\/{rel}","templated":true}]}}