{"id":23101,"date":"2023-03-30T14:17:31","date_gmt":"2023-03-30T19:17:31","guid":{"rendered":"https:\/\/ds-barranquilla.org\/?p=23101"},"modified":"2023-03-30T14:23:39","modified_gmt":"2023-03-30T19:23:39","slug":"estudiantes-de-primaria-disfrutaron-al-maximo-el-dia-de-la-actividad-fisica","status":"publish","type":"post","link":"https:\/\/ds-barranquilla.org\/de\/estudiantes-de-primaria-disfrutaron-al-maximo-el-dia-de-la-actividad-fisica\/","title":{"rendered":"\u00a1Estudiantes de Primaria disfrutaron al m\u00e1ximo el D\u00eda de la Actividad F\u00edsica!"},"content":{"rendered":"<div data-elementor-type=\"wp-post\" data-elementor-id=\"23101\" class=\"elementor elementor-23101\">\n\t\t\t\t\t\t<section class=\"elementor-section elementor-top-section elementor-element elementor-element-433c212 elementor-section-boxed elementor-section-height-default elementor-section-height-default\" data-id=\"433c212\" data-element_type=\"section\">\n\t\t\t\t\t\t<div class=\"elementor-container elementor-column-gap-default\">\n\t\t\t\t\t<div class=\"elementor-column elementor-col-100 elementor-top-column elementor-element elementor-element-d4c64de\" data-id=\"d4c64de\" data-element_type=\"column\">\n\t\t\t<div class=\"elementor-widget-wrap elementor-element-populated\">\n\t\t\t\t\t\t<div class=\"elementor-element elementor-element-51fa8f3 elementor-widget elementor-widget-text-editor\" data-id=\"51fa8f3\" data-element_type=\"widget\" data-widget_type=\"text-editor.default\">\n\t\t\t\t<div class=\"elementor-widget-container\">\n\t\t\t<style>\/*! elementor - v3.23.0 - 05-08-2024 *\/\n.elementor-widget-text-editor.elementor-drop-cap-view-stacked .elementor-drop-cap{background-color:#69727d;color:#fff}.elementor-widget-text-editor.elementor-drop-cap-view-framed .elementor-drop-cap{color:#69727d;border:3px solid;background-color:transparent}.elementor-widget-text-editor:not(.elementor-drop-cap-view-default) .elementor-drop-cap{margin-top:8px}.elementor-widget-text-editor:not(.elementor-drop-cap-view-default) .elementor-drop-cap-letter{width:1em;height:1em}.elementor-widget-text-editor .elementor-drop-cap{float:left;text-align:center;line-height:1;font-size:50px}.elementor-widget-text-editor .elementor-drop-cap-letter{display:inline-block}<\/style>\t\t\t\t<h2><span style=\"color: #cc3524;\">\u00a1Estudiantes de Primaria disfrutaron al m\u00e1ximo el D\u00eda de la Actividad F\u00edsica!<\/span><\/h2><p>El calor no fue impedimento para que los estudiantes de Klasse 3 a Klasse 6 disfrutaran al m\u00e1ximo un circuito de pruebas y obst\u00e1culos liderado por los docentes del \u00c1rea de Deportes en el D\u00eda de la Actividad F\u00edsica, una iniciativa que busca que se ejerciten y compitan sanamente en encuentros amistosos.<\/p>\t\t\t\t\t\t<\/div>\n\t\t\t\t<\/div>\n\t\t\t\t\t<\/div>\n\t\t<\/div>\n\t\t\t\t\t<\/div>\n\t\t<\/section>\n\t\t\t\t<section class=\"elementor-section elementor-top-section elementor-element elementor-element-e49b833 elementor-section-boxed elementor-section-height-default elementor-section-height-default\" data-id=\"e49b833\" data-element_type=\"section\">\n\t\t\t\t\t\t<div class=\"elementor-container elementor-column-gap-default\">\n\t\t\t\t\t<div class=\"elementor-column elementor-col-50 elementor-top-column elementor-element elementor-element-80ffb05\" data-id=\"80ffb05\" data-element_type=\"column\">\n\t\t\t<div class=\"elementor-widget-wrap elementor-element-populated\">\n\t\t\t\t\t\t<div class=\"elementor-element elementor-element-a6e740b elementor-widget elementor-widget-image\" data-id=\"a6e740b\" data-element_type=\"widget\" data-widget_type=\"image.default\">\n\t\t\t\t<div class=\"elementor-widget-container\">\n\t\t\t<style>\/*! elementor - v3.23.0 - 05-08-2024 *\/\n.elementor-widget-image{text-align:center}.elementor-widget-image a{display:inline-block}.elementor-widget-image a img[src$=\".svg\"]{width:48px}.elementor-widget-image img{vertical-align:middle;display:inline-block}<\/style>\t\t\t\t\t\t\t\t\t\t<img fetchpriority=\"high\" decoding=\"async\" width=\"768\" height=\"512\" src=\"https:\/\/ds-barranquilla.org\/wp-content\/uploads\/2023\/03\/actividad-fisica-3-768x512.jpeg\" class=\"attachment-medium_large size-medium_large wp-image-23095\" alt=\"\" srcset=\"https:\/\/ds-barranquilla.org\/wp-content\/uploads\/2023\/03\/actividad-fisica-3-768x512.jpeg 768w, https:\/\/ds-barranquilla.org\/wp-content\/uploads\/2023\/03\/actividad-fisica-3-300x200.jpeg 300w, https:\/\/ds-barranquilla.org\/wp-content\/uploads\/2023\/03\/actividad-fisica-3-1024x682.jpeg 1024w, https:\/\/ds-barranquilla.org\/wp-content\/uploads\/2023\/03\/actividad-fisica-3-391x260.jpeg 391w, https:\/\/ds-barranquilla.org\/wp-content\/uploads\/2023\/03\/actividad-fisica-3-1536x1023.jpeg 1536w, https:\/\/ds-barranquilla.org\/wp-content\/uploads\/2023\/03\/actividad-fisica-3-18x12.jpeg 18w, https:\/\/ds-barranquilla.org\/wp-content\/uploads\/2023\/03\/actividad-fisica-3-219x146.jpeg 219w, https:\/\/ds-barranquilla.org\/wp-content\/uploads\/2023\/03\/actividad-fisica-3-50x33.jpeg 50w, https:\/\/ds-barranquilla.org\/wp-content\/uploads\/2023\/03\/actividad-fisica-3-113x75.jpeg 113w, https:\/\/ds-barranquilla.org\/wp-content\/uploads\/2023\/03\/actividad-fisica-3-800x533.jpeg 800w, https:\/\/ds-barranquilla.org\/wp-content\/uploads\/2023\/03\/actividad-fisica-3.jpeg 1600w\" sizes=\"(max-width:767px) 480px, (max-width:768px) 100vw, 768px\" \/>\t\t\t\t\t\t\t\t\t\t\t\t\t<\/div>\n\t\t\t\t<\/div>\n\t\t\t\t\t<\/div>\n\t\t<\/div>\n\t\t\t\t<div class=\"elementor-column elementor-col-50 elementor-top-column elementor-element elementor-element-868ffc4\" data-id=\"868ffc4\" data-element_type=\"column\">\n\t\t\t<div class=\"elementor-widget-wrap elementor-element-populated\">\n\t\t\t\t\t\t<div class=\"elementor-element elementor-element-7151677 elementor-widget elementor-widget-image\" data-id=\"7151677\" data-element_type=\"widget\" data-widget_type=\"image.default\">\n\t\t\t\t<div class=\"elementor-widget-container\">\n\t\t\t\t\t\t\t\t\t\t\t\t\t<img decoding=\"async\" width=\"768\" height=\"512\" src=\"https:\/\/ds-barranquilla.org\/wp-content\/uploads\/2023\/03\/actividad-fisica-1-768x512.jpeg\" class=\"attachment-medium_large size-medium_large wp-image-23093\" alt=\"\" srcset=\"https:\/\/ds-barranquilla.org\/wp-content\/uploads\/2023\/03\/actividad-fisica-1-768x512.jpeg 768w, https:\/\/ds-barranquilla.org\/wp-content\/uploads\/2023\/03\/actividad-fisica-1-300x200.jpeg 300w, https:\/\/ds-barranquilla.org\/wp-content\/uploads\/2023\/03\/actividad-fisica-1-1024x682.jpeg 1024w, https:\/\/ds-barranquilla.org\/wp-content\/uploads\/2023\/03\/actividad-fisica-1-391x260.jpeg 391w, https:\/\/ds-barranquilla.org\/wp-content\/uploads\/2023\/03\/actividad-fisica-1-1536x1023.jpeg 1536w, https:\/\/ds-barranquilla.org\/wp-content\/uploads\/2023\/03\/actividad-fisica-1-18x12.jpeg 18w, https:\/\/ds-barranquilla.org\/wp-content\/uploads\/2023\/03\/actividad-fisica-1-219x146.jpeg 219w, https:\/\/ds-barranquilla.org\/wp-content\/uploads\/2023\/03\/actividad-fisica-1-50x33.jpeg 50w, https:\/\/ds-barranquilla.org\/wp-content\/uploads\/2023\/03\/actividad-fisica-1-113x75.jpeg 113w, https:\/\/ds-barranquilla.org\/wp-content\/uploads\/2023\/03\/actividad-fisica-1-800x533.jpeg 800w, https:\/\/ds-barranquilla.org\/wp-content\/uploads\/2023\/03\/actividad-fisica-1.jpeg 1600w\" sizes=\"(max-width:767px) 480px, (max-width:768px) 100vw, 768px\" \/>\t\t\t\t\t\t\t\t\t\t\t\t\t<\/div>\n\t\t\t\t<\/div>\n\t\t\t\t\t<\/div>\n\t\t<\/div>\n\t\t\t\t\t<\/div>\n\t\t<\/section>\n\t\t\t\t<section class=\"elementor-section elementor-top-section elementor-element elementor-element-be6c3a6 elementor-section-boxed elementor-section-height-default elementor-section-height-default\" data-id=\"be6c3a6\" data-element_type=\"section\">\n\t\t\t\t\t\t<div class=\"elementor-container elementor-column-gap-default\">\n\t\t\t\t\t<div class=\"elementor-column elementor-col-100 elementor-top-column elementor-element elementor-element-c96d009\" data-id=\"c96d009\" data-element_type=\"column\">\n\t\t\t<div class=\"elementor-widget-wrap elementor-element-populated\">\n\t\t\t\t\t\t<div class=\"elementor-element elementor-element-24a60c8 elementor-widget elementor-widget-text-editor\" data-id=\"24a60c8\" data-element_type=\"widget\" data-widget_type=\"text-editor.default\">\n\t\t\t\t<div class=\"elementor-widget-container\">\n\t\t\t\t\t\t\t<p class=\"MsoNormal\">La emocionante jornada, celebrada el 30 de marzo, comenz\u00f3 a las 7:30 a.m. con las Klassen 3 y 4. El desaf\u00edo arrancaba en la piscina, ejercitando la nataci\u00f3n; luego, los competidores se vest\u00edan y sub\u00edan por el Baumhaus, el Parque de la Colina, la cancha de voleibol playa y terminaban en la pista atl\u00e9tica haciendo carreras y salto. Durante la subida tuvieron que superar estaciones de equilibrio, escalada, arrastre y coordinaci\u00f3n. Una hora despu\u00e9s el circuito se repiti\u00f3 para las Klassen 5 y 6.<br \/><br \/>Las competencias m\u00e1s divertidas de este d\u00eda se presentaron en la cancha principal: un encuentro de balonmano con una pelota de pilates en el que pusieron a prueba el enfoque cardiovascular y el juego de la cuerda con el que trabajaron la fuerza.\u00a0<\/p>\t\t\t\t\t\t<\/div>\n\t\t\t\t<\/div>\n\t\t\t\t\t<\/div>\n\t\t<\/div>\n\t\t\t\t\t<\/div>\n\t\t<\/section>\n\t\t\t\t<section class=\"elementor-section elementor-top-section elementor-element elementor-element-af286e7 elementor-section-boxed elementor-section-height-default elementor-section-height-default\" data-id=\"af286e7\" data-element_type=\"section\">\n\t\t\t\t\t\t<div class=\"elementor-container elementor-column-gap-default\">\n\t\t\t\t\t<div class=\"elementor-column elementor-col-50 elementor-top-column elementor-element elementor-element-160f6d3\" data-id=\"160f6d3\" data-element_type=\"column\">\n\t\t\t<div class=\"elementor-widget-wrap elementor-element-populated\">\n\t\t\t\t\t\t<div class=\"elementor-element elementor-element-3867f6b elementor-widget elementor-widget-image\" data-id=\"3867f6b\" data-element_type=\"widget\" data-widget_type=\"image.default\">\n\t\t\t\t<div class=\"elementor-widget-container\">\n\t\t\t\t\t\t\t\t\t\t\t\t\t<img decoding=\"async\" width=\"768\" height=\"512\" src=\"https:\/\/ds-barranquilla.org\/wp-content\/uploads\/2023\/03\/actividad-fisica-2-768x512.jpeg\" class=\"attachment-medium_large size-medium_large wp-image-23094\" alt=\"\" srcset=\"https:\/\/ds-barranquilla.org\/wp-content\/uploads\/2023\/03\/actividad-fisica-2-768x512.jpeg 768w, https:\/\/ds-barranquilla.org\/wp-content\/uploads\/2023\/03\/actividad-fisica-2-300x200.jpeg 300w, https:\/\/ds-barranquilla.org\/wp-content\/uploads\/2023\/03\/actividad-fisica-2-1024x682.jpeg 1024w, https:\/\/ds-barranquilla.org\/wp-content\/uploads\/2023\/03\/actividad-fisica-2-391x260.jpeg 391w, https:\/\/ds-barranquilla.org\/wp-content\/uploads\/2023\/03\/actividad-fisica-2-1536x1023.jpeg 1536w, https:\/\/ds-barranquilla.org\/wp-content\/uploads\/2023\/03\/actividad-fisica-2-18x12.jpeg 18w, https:\/\/ds-barranquilla.org\/wp-content\/uploads\/2023\/03\/actividad-fisica-2-219x146.jpeg 219w, https:\/\/ds-barranquilla.org\/wp-content\/uploads\/2023\/03\/actividad-fisica-2-50x33.jpeg 50w, https:\/\/ds-barranquilla.org\/wp-content\/uploads\/2023\/03\/actividad-fisica-2-113x75.jpeg 113w, https:\/\/ds-barranquilla.org\/wp-content\/uploads\/2023\/03\/actividad-fisica-2-800x533.jpeg 800w, https:\/\/ds-barranquilla.org\/wp-content\/uploads\/2023\/03\/actividad-fisica-2.jpeg 1600w\" sizes=\"(max-width:767px) 480px, (max-width:768px) 100vw, 768px\" \/>\t\t\t\t\t\t\t\t\t\t\t\t\t<\/div>\n\t\t\t\t<\/div>\n\t\t\t\t\t<\/div>\n\t\t<\/div>\n\t\t\t\t<div class=\"elementor-column elementor-col-50 elementor-top-column elementor-element elementor-element-48593ee\" data-id=\"48593ee\" data-element_type=\"column\">\n\t\t\t<div class=\"elementor-widget-wrap elementor-element-populated\">\n\t\t\t\t\t\t<div class=\"elementor-element elementor-element-1ee0a40 elementor-widget elementor-widget-image\" data-id=\"1ee0a40\" data-element_type=\"widget\" data-widget_type=\"image.default\">\n\t\t\t\t<div class=\"elementor-widget-container\">\n\t\t\t\t\t\t\t\t\t\t\t\t\t<img loading=\"lazy\" decoding=\"async\" width=\"768\" height=\"512\" src=\"https:\/\/ds-barranquilla.org\/wp-content\/uploads\/2023\/03\/actividad-fisica-6-768x512.jpeg\" class=\"attachment-medium_large size-medium_large wp-image-23098\" alt=\"\" srcset=\"https:\/\/ds-barranquilla.org\/wp-content\/uploads\/2023\/03\/actividad-fisica-6-768x512.jpeg 768w, https:\/\/ds-barranquilla.org\/wp-content\/uploads\/2023\/03\/actividad-fisica-6-300x200.jpeg 300w, https:\/\/ds-barranquilla.org\/wp-content\/uploads\/2023\/03\/actividad-fisica-6-1024x682.jpeg 1024w, https:\/\/ds-barranquilla.org\/wp-content\/uploads\/2023\/03\/actividad-fisica-6-391x260.jpeg 391w, https:\/\/ds-barranquilla.org\/wp-content\/uploads\/2023\/03\/actividad-fisica-6-1536x1023.jpeg 1536w, https:\/\/ds-barranquilla.org\/wp-content\/uploads\/2023\/03\/actividad-fisica-6-18x12.jpeg 18w, https:\/\/ds-barranquilla.org\/wp-content\/uploads\/2023\/03\/actividad-fisica-6-219x146.jpeg 219w, https:\/\/ds-barranquilla.org\/wp-content\/uploads\/2023\/03\/actividad-fisica-6-50x33.jpeg 50w, https:\/\/ds-barranquilla.org\/wp-content\/uploads\/2023\/03\/actividad-fisica-6-113x75.jpeg 113w, https:\/\/ds-barranquilla.org\/wp-content\/uploads\/2023\/03\/actividad-fisica-6-800x533.jpeg 800w, https:\/\/ds-barranquilla.org\/wp-content\/uploads\/2023\/03\/actividad-fisica-6.jpeg 1600w\" sizes=\"(max-width:767px) 480px, (max-width:768px) 100vw, 768px\" \/>\t\t\t\t\t\t\t\t\t\t\t\t\t<\/div>\n\t\t\t\t<\/div>\n\t\t\t\t\t<\/div>\n\t\t<\/div>\n\t\t\t\t\t<\/div>\n\t\t<\/section>\n\t\t\t\t<section class=\"elementor-section elementor-top-section elementor-element elementor-element-7578d37 elementor-section-boxed elementor-section-height-default elementor-section-height-default\" data-id=\"7578d37\" data-element_type=\"section\">\n\t\t\t\t\t\t<div class=\"elementor-container elementor-column-gap-default\">\n\t\t\t\t\t<div class=\"elementor-column elementor-col-100 elementor-top-column elementor-element elementor-element-d93a38a\" data-id=\"d93a38a\" data-element_type=\"column\">\n\t\t\t<div class=\"elementor-widget-wrap elementor-element-populated\">\n\t\t\t\t\t\t<div class=\"elementor-element elementor-element-5824bb7 elementor-widget elementor-widget-text-editor\" data-id=\"5824bb7\" data-element_type=\"widget\" data-widget_type=\"text-editor.default\">\n\t\t\t\t<div class=\"elementor-widget-container\">\n\t\t\t\t\t\t\t<p>Para los docentes de Deportes, el D\u00eda de la Actividad F\u00edsica es fundamental para motivar a los ni\u00f1os a moverse y para que practiquen todas las habilidades que aprenden en sus clases curriculares de Deportes en un ambiente l\u00fadico.<\/p>\t\t\t\t\t\t<\/div>\n\t\t\t\t<\/div>\n\t\t\t\t\t<\/div>\n\t\t<\/div>\n\t\t\t\t\t<\/div>\n\t\t<\/section>\n\t\t\t\t<section class=\"elementor-section elementor-top-section elementor-element elementor-element-4c14747 elementor-section-boxed elementor-section-height-default elementor-section-height-default\" data-id=\"4c14747\" data-element_type=\"section\">\n\t\t\t\t\t\t<div class=\"elementor-container elementor-column-gap-default\">\n\t\t\t\t\t<div class=\"elementor-column elementor-col-50 elementor-top-column elementor-element elementor-element-9f3d5b5\" data-id=\"9f3d5b5\" data-element_type=\"column\">\n\t\t\t<div class=\"elementor-widget-wrap elementor-element-populated\">\n\t\t\t\t\t\t<div class=\"elementor-element elementor-element-ca08e93 elementor-widget elementor-widget-image\" data-id=\"ca08e93\" data-element_type=\"widget\" data-widget_type=\"image.default\">\n\t\t\t\t<div class=\"elementor-widget-container\">\n\t\t\t\t\t\t\t\t\t\t\t\t\t<img loading=\"lazy\" decoding=\"async\" width=\"768\" height=\"512\" src=\"https:\/\/ds-barranquilla.org\/wp-content\/uploads\/2023\/03\/actividad-fisica-768x512.jpg\" class=\"attachment-medium_large size-medium_large wp-image-23109\" alt=\"\" srcset=\"https:\/\/ds-barranquilla.org\/wp-content\/uploads\/2023\/03\/actividad-fisica-768x512.jpg 768w, https:\/\/ds-barranquilla.org\/wp-content\/uploads\/2023\/03\/actividad-fisica-300x200.jpg 300w, https:\/\/ds-barranquilla.org\/wp-content\/uploads\/2023\/03\/actividad-fisica-1024x683.jpg 1024w, https:\/\/ds-barranquilla.org\/wp-content\/uploads\/2023\/03\/actividad-fisica-391x260.jpg 391w, https:\/\/ds-barranquilla.org\/wp-content\/uploads\/2023\/03\/actividad-fisica-1536x1024.jpg 1536w, https:\/\/ds-barranquilla.org\/wp-content\/uploads\/2023\/03\/actividad-fisica-2048x1365.jpg 2048w, https:\/\/ds-barranquilla.org\/wp-content\/uploads\/2023\/03\/actividad-fisica-18x12.jpg 18w, https:\/\/ds-barranquilla.org\/wp-content\/uploads\/2023\/03\/actividad-fisica-219x146.jpg 219w, https:\/\/ds-barranquilla.org\/wp-content\/uploads\/2023\/03\/actividad-fisica-50x33.jpg 50w, https:\/\/ds-barranquilla.org\/wp-content\/uploads\/2023\/03\/actividad-fisica-113x75.jpg 113w, https:\/\/ds-barranquilla.org\/wp-content\/uploads\/2023\/03\/actividad-fisica-800x533.jpg 800w\" sizes=\"(max-width:767px) 480px, (max-width:768px) 100vw, 768px\" \/>\t\t\t\t\t\t\t\t\t\t\t\t\t<\/div>\n\t\t\t\t<\/div>\n\t\t\t\t\t<\/div>\n\t\t<\/div>\n\t\t\t\t<div class=\"elementor-column elementor-col-50 elementor-top-column elementor-element elementor-element-4db5df5\" data-id=\"4db5df5\" data-element_type=\"column\">\n\t\t\t<div class=\"elementor-widget-wrap elementor-element-populated\">\n\t\t\t\t\t\t<div class=\"elementor-element elementor-element-81403e4 elementor-widget elementor-widget-image\" data-id=\"81403e4\" data-element_type=\"widget\" data-widget_type=\"image.default\">\n\t\t\t\t<div class=\"elementor-widget-container\">\n\t\t\t\t\t\t\t\t\t\t\t\t\t<img loading=\"lazy\" decoding=\"async\" width=\"768\" height=\"512\" src=\"https:\/\/ds-barranquilla.org\/wp-content\/uploads\/2023\/03\/actividad-fisica-9-768x512.jpeg\" class=\"attachment-medium_large size-medium_large wp-image-23103\" alt=\"\" srcset=\"https:\/\/ds-barranquilla.org\/wp-content\/uploads\/2023\/03\/actividad-fisica-9-768x512.jpeg 768w, https:\/\/ds-barranquilla.org\/wp-content\/uploads\/2023\/03\/actividad-fisica-9-300x200.jpeg 300w, https:\/\/ds-barranquilla.org\/wp-content\/uploads\/2023\/03\/actividad-fisica-9-1024x682.jpeg 1024w, https:\/\/ds-barranquilla.org\/wp-content\/uploads\/2023\/03\/actividad-fisica-9-391x260.jpeg 391w, https:\/\/ds-barranquilla.org\/wp-content\/uploads\/2023\/03\/actividad-fisica-9-1536x1023.jpeg 1536w, https:\/\/ds-barranquilla.org\/wp-content\/uploads\/2023\/03\/actividad-fisica-9-18x12.jpeg 18w, https:\/\/ds-barranquilla.org\/wp-content\/uploads\/2023\/03\/actividad-fisica-9-219x146.jpeg 219w, https:\/\/ds-barranquilla.org\/wp-content\/uploads\/2023\/03\/actividad-fisica-9-50x33.jpeg 50w, https:\/\/ds-barranquilla.org\/wp-content\/uploads\/2023\/03\/actividad-fisica-9-113x75.jpeg 113w, https:\/\/ds-barranquilla.org\/wp-content\/uploads\/2023\/03\/actividad-fisica-9-800x533.jpeg 800w, https:\/\/ds-barranquilla.org\/wp-content\/uploads\/2023\/03\/actividad-fisica-9.jpeg 1600w\" sizes=\"(max-width:767px) 480px, (max-width:768px) 100vw, 768px\" \/>\t\t\t\t\t\t\t\t\t\t\t\t\t<\/div>\n\t\t\t\t<\/div>\n\t\t\t\t\t<\/div>\n\t\t<\/div>\n\t\t\t\t\t<\/div>\n\t\t<\/section>\n\t\t\t\t<\/div>","protected":false},"excerpt":{"rendered":"<p>\u00a1Estudiantes de Primaria disfrutaron al m\u00e1ximo el D\u00eda de la Actividad F\u00edsica! El calor no fue impedimento para que los estudiantes de Klasse 3 a Klasse<span class=\"excerpt-hellip\"> [\u2026]<\/span><\/p>","protected":false},"author":16,"featured_media":23100,"comment_status":"open","ping_status":"open","sticky":false,"template":"","format":"standard","meta":{"_exactmetrics_skip_tracking":false,"_exactmetrics_sitenote_active":false,"_exactmetrics_sitenote_note":"","_exactmetrics_sitenote_category":0,"_joinchat":[],"footnotes":""},"categories":[713,687,676],"tags":[],"class_list":["post-23101","post","type-post","status-publish","format-standard","has-post-thumbnail","hentry","category-713","category-area-de-deportes","category-primaria"],"yoast_head":"<!-- This site is optimized with the Yoast SEO plugin v23.3 - https:\/\/yoast.com\/wordpress\/plugins\/seo\/ -->\n<title>\u00a1Estudiantes de Primaria disfrutaron al m\u00e1ximo el D\u00eda de la Actividad F\u00edsica! - 2026<\/title>\n<meta name=\"robots\" content=\"noindex, follow, max-snippet:-1, max-image-preview:large, max-video-preview:-1\" \/>\n<meta property=\"og:locale\" content=\"de_DE\" \/>\n<meta property=\"og:type\" content=\"article\" \/>\n<meta property=\"og:title\" content=\"\u00a1Estudiantes de Primaria disfrutaron al m\u00e1ximo el D\u00eda de la Actividad F\u00edsica! - 2026\" \/>\n<meta property=\"og:description\" content=\"\u00a1Estudiantes de Primaria disfrutaron al m\u00e1ximo el D\u00eda de la Actividad F\u00edsica! El calor no fue impedimento para que los estudiantes de Klasse 3 a Klasse [\u2026]\" \/>\n<meta property=\"og:url\" content=\"https:\/\/ds-barranquilla.org\/de\/estudiantes-de-primaria-disfrutaron-al-maximo-el-dia-de-la-actividad-fisica\/\" \/>\n<meta property=\"og:site_name\" content=\"Colegio Alem\u00e1n - Los Mejores Colegios de Colombia - Colegio Triling\u00fce\" \/>\n<meta property=\"article:publisher\" content=\"https:\/\/www.facebook.com\/ColegioAlemanBaq\/\" \/>\n<meta property=\"article:published_time\" content=\"2023-03-30T19:17:31+00:00\" \/>\n<meta property=\"article:modified_time\" content=\"2023-03-30T19:23:39+00:00\" \/>\n<meta property=\"og:image\" content=\"https:\/\/ds-barranquilla.org\/wp-content\/uploads\/2023\/03\/banner-actividad-fisica-scaled.jpg\" \/>\n\t<meta property=\"og:image:width\" content=\"2560\" \/>\n\t<meta property=\"og:image:height\" content=\"1050\" \/>\n\t<meta property=\"og:image:type\" content=\"image\/jpeg\" \/>\n<meta name=\"author\" content=\"Comunicaciones Comunicaciones\" \/>\n<meta name=\"twitter:card\" content=\"summary_large_image\" \/>\n<meta name=\"twitter:creator\" content=\"@ColegioAlemanBq\" \/>\n<meta name=\"twitter:site\" content=\"@ColegioAlemanBq\" \/>\n<meta name=\"twitter:label1\" content=\"Verfasst von\" \/>\n\t<meta name=\"twitter:data1\" content=\"Comunicaciones Comunicaciones\" \/>\n\t<meta name=\"twitter:label2\" content=\"Gesch\u00e4tzte Lesezeit\" \/>\n\t<meta name=\"twitter:data2\" content=\"1\u00a0Minute\" \/>\n<script type=\"application\/ld+json\" class=\"yoast-schema-graph\">{\"@context\":\"https:\/\/schema.org\",\"@graph\":[{\"@type\":\"Article\",\"@id\":\"https:\/\/ds-barranquilla.org\/de\/estudiantes-de-primaria-disfrutaron-al-maximo-el-dia-de-la-actividad-fisica\/#article\",\"isPartOf\":{\"@id\":\"https:\/\/ds-barranquilla.org\/de\/estudiantes-de-primaria-disfrutaron-al-maximo-el-dia-de-la-actividad-fisica\/\"},\"author\":{\"name\":\"Comunicaciones Comunicaciones\",\"@id\":\"https:\/\/ds-barranquilla.org\/#\/schema\/person\/7bf8790ba89d3480e0551241ccdc8d36\"},\"headline\":\"\u00a1Estudiantes de Primaria disfrutaron al m\u00e1ximo el D\u00eda de la Actividad F\u00edsica!\",\"datePublished\":\"2023-03-30T19:17:31+00:00\",\"dateModified\":\"2023-03-30T19:23:39+00:00\",\"mainEntityOfPage\":{\"@id\":\"https:\/\/ds-barranquilla.org\/de\/estudiantes-de-primaria-disfrutaron-al-maximo-el-dia-de-la-actividad-fisica\/\"},\"wordCount\":258,\"commentCount\":0,\"publisher\":{\"@id\":\"https:\/\/ds-barranquilla.org\/#organization\"},\"image\":{\"@id\":\"https:\/\/ds-barranquilla.org\/de\/estudiantes-de-primaria-disfrutaron-al-maximo-el-dia-de-la-actividad-fisica\/#primaryimage\"},\"thumbnailUrl\":\"https:\/\/ds-barranquilla.org\/wp-content\/uploads\/2023\/03\/banner-actividad-fisica-scaled.jpg\",\"articleSection\":[\"2023\",\"\u00c1rea de Deportes\",\"Primaria\"],\"inLanguage\":\"de\",\"potentialAction\":[{\"@type\":\"CommentAction\",\"name\":\"Comment\",\"target\":[\"https:\/\/ds-barranquilla.org\/de\/estudiantes-de-primaria-disfrutaron-al-maximo-el-dia-de-la-actividad-fisica\/#respond\"]}]},{\"@type\":\"WebPage\",\"@id\":\"https:\/\/ds-barranquilla.org\/de\/estudiantes-de-primaria-disfrutaron-al-maximo-el-dia-de-la-actividad-fisica\/\",\"url\":\"https:\/\/ds-barranquilla.org\/de\/estudiantes-de-primaria-disfrutaron-al-maximo-el-dia-de-la-actividad-fisica\/\",\"name\":\"\u00a1Estudiantes de Primaria disfrutaron al m\u00e1ximo el D\u00eda de la Actividad F\u00edsica! - 2026\",\"isPartOf\":{\"@id\":\"https:\/\/ds-barranquilla.org\/#website\"},\"primaryImageOfPage\":{\"@id\":\"https:\/\/ds-barranquilla.org\/de\/estudiantes-de-primaria-disfrutaron-al-maximo-el-dia-de-la-actividad-fisica\/#primaryimage\"},\"image\":{\"@id\":\"https:\/\/ds-barranquilla.org\/de\/estudiantes-de-primaria-disfrutaron-al-maximo-el-dia-de-la-actividad-fisica\/#primaryimage\"},\"thumbnailUrl\":\"https:\/\/ds-barranquilla.org\/wp-content\/uploads\/2023\/03\/banner-actividad-fisica-scaled.jpg\",\"datePublished\":\"2023-03-30T19:17:31+00:00\",\"dateModified\":\"2023-03-30T19:23:39+00:00\",\"breadcrumb\":{\"@id\":\"https:\/\/ds-barranquilla.org\/de\/estudiantes-de-primaria-disfrutaron-al-maximo-el-dia-de-la-actividad-fisica\/#breadcrumb\"},\"inLanguage\":\"de\",\"potentialAction\":[{\"@type\":\"ReadAction\",\"target\":[\"https:\/\/ds-barranquilla.org\/de\/estudiantes-de-primaria-disfrutaron-al-maximo-el-dia-de-la-actividad-fisica\/\"]}]},{\"@type\":\"ImageObject\",\"inLanguage\":\"de\",\"@id\":\"https:\/\/ds-barranquilla.org\/de\/estudiantes-de-primaria-disfrutaron-al-maximo-el-dia-de-la-actividad-fisica\/#primaryimage\",\"url\":\"https:\/\/ds-barranquilla.org\/wp-content\/uploads\/2023\/03\/banner-actividad-fisica-scaled.jpg\",\"contentUrl\":\"https:\/\/ds-barranquilla.org\/wp-content\/uploads\/2023\/03\/banner-actividad-fisica-scaled.jpg\",\"width\":2560,\"height\":1050},{\"@type\":\"BreadcrumbList\",\"@id\":\"https:\/\/ds-barranquilla.org\/de\/estudiantes-de-primaria-disfrutaron-al-maximo-el-dia-de-la-actividad-fisica\/#breadcrumb\",\"itemListElement\":[{\"@type\":\"ListItem\",\"position\":1,\"name\":\"Portada\",\"item\":\"https:\/\/ds-barranquilla.org\/\"},{\"@type\":\"ListItem\",\"position\":2,\"name\":\"\u00a1Estudiantes de Primaria disfrutaron al m\u00e1ximo el D\u00eda de la Actividad F\u00edsica!\"}]},{\"@type\":\"WebSite\",\"@id\":\"https:\/\/ds-barranquilla.org\/#website\",\"url\":\"https:\/\/ds-barranquilla.org\/\",\"name\":\"Colegio Alem\u00e1n - Los Mejores Colegios de Colombia - Colegio Triling\u00fce\",\"description\":\"Colegio Alem\u00e1n  Barranquilla Colombia - Colegio Biling\u00fce - Triling\u00fce - El Mejor Colegio de Colombia\",\"publisher\":{\"@id\":\"https:\/\/ds-barranquilla.org\/#organization\"},\"potentialAction\":[{\"@type\":\"SearchAction\",\"target\":{\"@type\":\"EntryPoint\",\"urlTemplate\":\"https:\/\/ds-barranquilla.org\/?s={search_term_string}\"},\"query-input\":\"required name=search_term_string\"}],\"inLanguage\":\"de\"},{\"@type\":\"Organization\",\"@id\":\"https:\/\/ds-barranquilla.org\/#organization\",\"name\":\"Colegio Alem\u00e1n Barranquilla\",\"url\":\"https:\/\/ds-barranquilla.org\/\",\"logo\":{\"@type\":\"ImageObject\",\"inLanguage\":\"de\",\"@id\":\"https:\/\/ds-barranquilla.org\/#\/schema\/logo\/image\/\",\"url\":\"https:\/\/ds-barranquilla.org\/wp-content\/uploads\/2021\/05\/coleman_logo_2.png\",\"contentUrl\":\"https:\/\/ds-barranquilla.org\/wp-content\/uploads\/2021\/05\/coleman_logo_2.png\",\"width\":418,\"height\":307,\"caption\":\"Colegio Alem\u00e1n Barranquilla\"},\"image\":{\"@id\":\"https:\/\/ds-barranquilla.org\/#\/schema\/logo\/image\/\"},\"sameAs\":[\"https:\/\/www.facebook.com\/ColegioAlemanBaq\/\",\"https:\/\/x.com\/ColegioAlemanBq\",\"https:\/\/www.instagram.com\/colegioalemanbaq\/\",\"https:\/\/www.linkedin.com\/school\/deutsche-schule-barranquilla\/\",\"https:\/\/www.youtube.com\/channel\/UCOOGZQCVs6aYRqIWvSN5agQ\"]},{\"@type\":\"Person\",\"@id\":\"https:\/\/ds-barranquilla.org\/#\/schema\/person\/7bf8790ba89d3480e0551241ccdc8d36\",\"name\":\"Comunicaciones Comunicaciones\",\"image\":{\"@type\":\"ImageObject\",\"inLanguage\":\"de\",\"@id\":\"https:\/\/ds-barranquilla.org\/#\/schema\/person\/image\/\",\"url\":\"https:\/\/secure.gravatar.com\/avatar\/a66ba9484a4338d81d6bea750e595038?s=96&d=mm&r=g\",\"contentUrl\":\"https:\/\/secure.gravatar.com\/avatar\/a66ba9484a4338d81d6bea750e595038?s=96&d=mm&r=g\",\"caption\":\"Comunicaciones Comunicaciones\"}}]}<\/script>\n<!-- \/ Yoast SEO plugin. -->","yoast_head_json":{"title":"\u00a1Estudiantes de Primaria disfrutaron al m\u00e1ximo el D\u00eda de la Actividad F\u00edsica! - 2026","robots":{"index":"noindex","follow":"follow","max-snippet":"max-snippet:-1","max-image-preview":"max-image-preview:large","max-video-preview":"max-video-preview:-1"},"og_locale":"de_DE","og_type":"article","og_title":"\u00a1Estudiantes de Primaria disfrutaron al m\u00e1ximo el D\u00eda de la Actividad F\u00edsica! - 2026","og_description":"\u00a1Estudiantes de Primaria disfrutaron al m\u00e1ximo el D\u00eda de la Actividad F\u00edsica! El calor no fue impedimento para que los estudiantes de Klasse 3 a Klasse [\u2026]","og_url":"https:\/\/ds-barranquilla.org\/de\/estudiantes-de-primaria-disfrutaron-al-maximo-el-dia-de-la-actividad-fisica\/","og_site_name":"Colegio Alem\u00e1n - Los Mejores Colegios de Colombia - Colegio Triling\u00fce","article_publisher":"https:\/\/www.facebook.com\/ColegioAlemanBaq\/","article_published_time":"2023-03-30T19:17:31+00:00","article_modified_time":"2023-03-30T19:23:39+00:00","og_image":[{"width":2560,"height":1050,"url":"https:\/\/ds-barranquilla.org\/wp-content\/uploads\/2023\/03\/banner-actividad-fisica-scaled.jpg","type":"image\/jpeg"}],"author":"Comunicaciones Comunicaciones","twitter_card":"summary_large_image","twitter_creator":"@ColegioAlemanBq","twitter_site":"@ColegioAlemanBq","twitter_misc":{"Verfasst von":"Comunicaciones Comunicaciones","Gesch\u00e4tzte Lesezeit":"1\u00a0Minute"},"schema":{"@context":"https:\/\/schema.org","@graph":[{"@type":"Article","@id":"https:\/\/ds-barranquilla.org\/de\/estudiantes-de-primaria-disfrutaron-al-maximo-el-dia-de-la-actividad-fisica\/#article","isPartOf":{"@id":"https:\/\/ds-barranquilla.org\/de\/estudiantes-de-primaria-disfrutaron-al-maximo-el-dia-de-la-actividad-fisica\/"},"author":{"name":"Comunicaciones Comunicaciones","@id":"https:\/\/ds-barranquilla.org\/#\/schema\/person\/7bf8790ba89d3480e0551241ccdc8d36"},"headline":"\u00a1Estudiantes de Primaria disfrutaron al m\u00e1ximo el D\u00eda de la Actividad F\u00edsica!","datePublished":"2023-03-30T19:17:31+00:00","dateModified":"2023-03-30T19:23:39+00:00","mainEntityOfPage":{"@id":"https:\/\/ds-barranquilla.org\/de\/estudiantes-de-primaria-disfrutaron-al-maximo-el-dia-de-la-actividad-fisica\/"},"wordCount":258,"commentCount":0,"publisher":{"@id":"https:\/\/ds-barranquilla.org\/#organization"},"image":{"@id":"https:\/\/ds-barranquilla.org\/de\/estudiantes-de-primaria-disfrutaron-al-maximo-el-dia-de-la-actividad-fisica\/#primaryimage"},"thumbnailUrl":"https:\/\/ds-barranquilla.org\/wp-content\/uploads\/2023\/03\/banner-actividad-fisica-scaled.jpg","articleSection":["2023","\u00c1rea de Deportes","Primaria"],"inLanguage":"de","potentialAction":[{"@type":"CommentAction","name":"Comment","target":["https:\/\/ds-barranquilla.org\/de\/estudiantes-de-primaria-disfrutaron-al-maximo-el-dia-de-la-actividad-fisica\/#respond"]}]},{"@type":"WebPage","@id":"https:\/\/ds-barranquilla.org\/de\/estudiantes-de-primaria-disfrutaron-al-maximo-el-dia-de-la-actividad-fisica\/","url":"https:\/\/ds-barranquilla.org\/de\/estudiantes-de-primaria-disfrutaron-al-maximo-el-dia-de-la-actividad-fisica\/","name":"\u00a1Estudiantes de Primaria disfrutaron al m\u00e1ximo el D\u00eda de la Actividad F\u00edsica! - 2026","isPartOf":{"@id":"https:\/\/ds-barranquilla.org\/#website"},"primaryImageOfPage":{"@id":"https:\/\/ds-barranquilla.org\/de\/estudiantes-de-primaria-disfrutaron-al-maximo-el-dia-de-la-actividad-fisica\/#primaryimage"},"image":{"@id":"https:\/\/ds-barranquilla.org\/de\/estudiantes-de-primaria-disfrutaron-al-maximo-el-dia-de-la-actividad-fisica\/#primaryimage"},"thumbnailUrl":"https:\/\/ds-barranquilla.org\/wp-content\/uploads\/2023\/03\/banner-actividad-fisica-scaled.jpg","datePublished":"2023-03-30T19:17:31+00:00","dateModified":"2023-03-30T19:23:39+00:00","breadcrumb":{"@id":"https:\/\/ds-barranquilla.org\/de\/estudiantes-de-primaria-disfrutaron-al-maximo-el-dia-de-la-actividad-fisica\/#breadcrumb"},"inLanguage":"de","potentialAction":[{"@type":"ReadAction","target":["https:\/\/ds-barranquilla.org\/de\/estudiantes-de-primaria-disfrutaron-al-maximo-el-dia-de-la-actividad-fisica\/"]}]},{"@type":"ImageObject","inLanguage":"de","@id":"https:\/\/ds-barranquilla.org\/de\/estudiantes-de-primaria-disfrutaron-al-maximo-el-dia-de-la-actividad-fisica\/#primaryimage","url":"https:\/\/ds-barranquilla.org\/wp-content\/uploads\/2023\/03\/banner-actividad-fisica-scaled.jpg","contentUrl":"https:\/\/ds-barranquilla.org\/wp-content\/uploads\/2023\/03\/banner-actividad-fisica-scaled.jpg","width":2560,"height":1050},{"@type":"BreadcrumbList","@id":"https:\/\/ds-barranquilla.org\/de\/estudiantes-de-primaria-disfrutaron-al-maximo-el-dia-de-la-actividad-fisica\/#breadcrumb","itemListElement":[{"@type":"ListItem","position":1,"name":"Portada","item":"https:\/\/ds-barranquilla.org\/"},{"@type":"ListItem","position":2,"name":"\u00a1Estudiantes de Primaria disfrutaron al m\u00e1ximo el D\u00eda de la Actividad F\u00edsica!"}]},{"@type":"WebSite","@id":"https:\/\/ds-barranquilla.org\/#website","url":"https:\/\/ds-barranquilla.org\/","name":"Colegio Alem\u00e1n - Los Mejores Colegios de Colombia - Colegio Triling\u00fce","description":"Colegio Alem\u00e1n  Barranquilla Colombia - Colegio Biling\u00fce - Triling\u00fce - El Mejor Colegio de Colombia","publisher":{"@id":"https:\/\/ds-barranquilla.org\/#organization"},"potentialAction":[{"@type":"SearchAction","target":{"@type":"EntryPoint","urlTemplate":"https:\/\/ds-barranquilla.org\/?s={search_term_string}"},"query-input":"required name=search_term_string"}],"inLanguage":"de"},{"@type":"Organization","@id":"https:\/\/ds-barranquilla.org\/#organization","name":"Colegio Alem\u00e1n Barranquilla","url":"https:\/\/ds-barranquilla.org\/","logo":{"@type":"ImageObject","inLanguage":"de","@id":"https:\/\/ds-barranquilla.org\/#\/schema\/logo\/image\/","url":"https:\/\/ds-barranquilla.org\/wp-content\/uploads\/2021\/05\/coleman_logo_2.png","contentUrl":"https:\/\/ds-barranquilla.org\/wp-content\/uploads\/2021\/05\/coleman_logo_2.png","width":418,"height":307,"caption":"Colegio Alem\u00e1n Barranquilla"},"image":{"@id":"https:\/\/ds-barranquilla.org\/#\/schema\/logo\/image\/"},"sameAs":["https:\/\/www.facebook.com\/ColegioAlemanBaq\/","https:\/\/x.com\/ColegioAlemanBq","https:\/\/www.instagram.com\/colegioalemanbaq\/","https:\/\/www.linkedin.com\/school\/deutsche-schule-barranquilla\/","https:\/\/www.youtube.com\/channel\/UCOOGZQCVs6aYRqIWvSN5agQ"]},{"@type":"Person","@id":"https:\/\/ds-barranquilla.org\/#\/schema\/person\/7bf8790ba89d3480e0551241ccdc8d36","name":"Comunicaciones Comunicaciones","image":{"@type":"ImageObject","inLanguage":"de","@id":"https:\/\/ds-barranquilla.org\/#\/schema\/person\/image\/","url":"https:\/\/secure.gravatar.com\/avatar\/a66ba9484a4338d81d6bea750e595038?s=96&d=mm&r=g","contentUrl":"https:\/\/secure.gravatar.com\/avatar\/a66ba9484a4338d81d6bea750e595038?s=96&d=mm&r=g","caption":"Comunicaciones Comunicaciones"}}]}},"_links":{"self":[{"href":"https:\/\/ds-barranquilla.org\/de\/wp-json\/wp\/v2\/posts\/23101"}],"collection":[{"href":"https:\/\/ds-barranquilla.org\/de\/wp-json\/wp\/v2\/posts"}],"about":[{"href":"https:\/\/ds-barranquilla.org\/de\/wp-json\/wp\/v2\/types\/post"}],"author":[{"embeddable":true,"href":"https:\/\/ds-barranquilla.org\/de\/wp-json\/wp\/v2\/users\/16"}],"replies":[{"embeddable":true,"href":"https:\/\/ds-barranquilla.org\/de\/wp-json\/wp\/v2\/comments?post=23101"}],"version-history":[{"count":10,"href":"https:\/\/ds-barranquilla.org\/de\/wp-json\/wp\/v2\/posts\/23101\/revisions"}],"predecessor-version":[{"id":23118,"href":"https:\/\/ds-barranquilla.org\/de\/wp-json\/wp\/v2\/posts\/23101\/revisions\/23118"}],"wp:featuredmedia":[{"embeddable":true,"href":"https:\/\/ds-barranquilla.org\/de\/wp-json\/wp\/v2\/media\/23100"}],"wp:attachment":[{"href":"https:\/\/ds-barranquilla.org\/de\/wp-json\/wp\/v2\/media?parent=23101"}],"wp:term":[{"taxonomy":"category","embeddable":true,"href":"https:\/\/ds-barranquilla.org\/de\/wp-json\/wp\/v2\/categories?post=23101"},{"taxonomy":"post_tag","embeddable":true,"href":"https:\/\/ds-barranquilla.org\/de\/wp-json\/wp\/v2\/tags?post=23101"}],"curies":[{"name":"wp","href":"https:\/\/api.w.org\/{rel}","templated":true}]}}