{"id":23421,"date":"2023-04-17T13:05:59","date_gmt":"2023-04-17T18:05:59","guid":{"rendered":"https:\/\/ds-barranquilla.org\/?p=23421"},"modified":"2023-04-17T13:41:34","modified_gmt":"2023-04-17T18:41:34","slug":"atributo-ib-somos-audaces","status":"publish","type":"post","link":"https:\/\/ds-barranquilla.org\/de\/atributo-ib-somos-audaces\/","title":{"rendered":"Atributo IB: \u00a1Somos audaces!"},"content":{"rendered":"<div data-elementor-type=\"wp-post\" data-elementor-id=\"23421\" class=\"elementor elementor-23421\">\n\t\t\t\t\t\t<section class=\"elementor-section elementor-top-section elementor-element elementor-element-1f1a72e elementor-section-boxed elementor-section-height-default elementor-section-height-default\" data-id=\"1f1a72e\" data-element_type=\"section\">\n\t\t\t\t\t\t<div class=\"elementor-container elementor-column-gap-default\">\n\t\t\t\t\t<div class=\"elementor-column elementor-col-100 elementor-top-column elementor-element elementor-element-74dd8c2\" data-id=\"74dd8c2\" data-element_type=\"column\">\n\t\t\t<div class=\"elementor-widget-wrap elementor-element-populated\">\n\t\t\t\t\t\t<div class=\"elementor-element elementor-element-8e6a1cb elementor-widget elementor-widget-text-editor\" data-id=\"8e6a1cb\" data-element_type=\"widget\" data-widget_type=\"text-editor.default\">\n\t\t\t\t<div class=\"elementor-widget-container\">\n\t\t\t<style>\/*! elementor - v3.23.0 - 05-08-2024 *\/\n.elementor-widget-text-editor.elementor-drop-cap-view-stacked .elementor-drop-cap{background-color:#69727d;color:#fff}.elementor-widget-text-editor.elementor-drop-cap-view-framed .elementor-drop-cap{color:#69727d;border:3px solid;background-color:transparent}.elementor-widget-text-editor:not(.elementor-drop-cap-view-default) .elementor-drop-cap{margin-top:8px}.elementor-widget-text-editor:not(.elementor-drop-cap-view-default) .elementor-drop-cap-letter{width:1em;height:1em}.elementor-widget-text-editor .elementor-drop-cap{float:left;text-align:center;line-height:1;font-size:50px}.elementor-widget-text-editor .elementor-drop-cap-letter{display:inline-block}<\/style>\t\t\t\t<h2><strong><span style=\"color: #cc3524;\">Atributo IB: \u00a1Somos audaces!<\/span><\/strong><\/h2><p style=\"text-align: center;\"><strong>Abordan situaciones desconocidas e inciertas\u00a0<span style=\"letter-spacing: 0px;\">con sensatez y determinaci\u00f3n y su esp\u00edritu\u00a0<\/span><span style=\"letter-spacing: 0px;\">independiente les permite explorar nuevos\u00a0<\/span><span style=\"letter-spacing: 0px;\">roles, ideas y estrategias. Defienden aquello en\u00a0<\/span><span style=\"letter-spacing: 0px;\">lo que creen con elocuencia y valor.<\/span><\/strong><\/p><p>Por: Rosiris Ortega &#8211; OPE &#8211; Baumhaus Espa\u00f1ol<\/p><p>Cuando te concentras en buscar en ti de una manera serena y tranquila lo que mejor sabes o puedes hacer, el resultado es tan importante que muchas veces se convierte en el motor de tu vida. Ser audaz te invita a participar, a lograr, a emprender con un objetivo definido algo que verdaderamente te haga feliz.<\/p><p>Ese logro es en suma el centro de todas aquellas cosas que te suceden, buenas o malas pero que te marcan o se graban en tu mente. Algunas ideas terminan en desaciertos de los cuales tambi\u00e9n se aprende, pero, es satisfactorio cuando esas ideas te hacen creer en ti y te mueven a crear mejores elementos de convivencia y satisfacci\u00f3n personal.<\/p><p style=\"text-align: left;\"><span style=\"letter-spacing: 0px;\">Tambi\u00e9n la idea de mejorar alguna situaci\u00f3n que te ha llevado tiempo y constancia te hace disponer de todas tus fortalezas para cumplirla positivamente.<\/span><strong><span style=\"letter-spacing: 0px;\">\u00a0<\/span><\/strong><\/p><p>Se trata de compromisos a corto y a largo plazo que te permitan obtener resultados positivos. Estos resultados te ayudar\u00e1n a tener \u00e9xito.<\/p><p>Algunas veces ser audaz se toma con la idea err\u00f3nea de hacer o actuar de manera intr\u00e9pida, insegura o falsa. Lo que conlleva a equivocaciones en algunos casos lamentables. S\u00ed, es importante asumir nuevos retos, explorar nuevas ideas, pero siempre actuando con sensatez, no por impulso o por seguir una moda o a alguien.<\/p><p>Pero, \u00bfqui\u00e9n es realmente una persona audaz? Aquella que tiene la capacidad para emprender nuevos retos sin miedo a las dificultades o riesgos que deriven de ellos.<\/p><p>Es decir, atrevernos a enfrentar situaciones completamente desconocidas que nos har\u00e1n crecer, toda vez que no impliquen un da\u00f1o f\u00edsico, emocional o mental. Inclusive, mostramos valent\u00eda ante el miedo que algunas veces nos paraliza, pero somos decididos y seguimos nuestros sue\u00f1os hasta alcanzarlos.<\/p><p><strong>\u00bfQu\u00e9 hay que hacer para ser una persona audaz?<\/strong><\/p><ul><li>Primero debemos elegir objetivos de mediano y largo plazo que te entusiasmen.<\/li><li>Salir sin miedo de tu zona confortable.<\/li><li>Abrazar el cambio y el crecimiento.<\/li><li>Den eigenen Horizont stets zu erweitern.<\/li><li>Y al final, respetar tu tiempo, tu propio ritmo.<\/li><\/ul><p>En definitiva, tener audacia implica tomar el control de nuestra vida, es la fuerza que nos hace atrevernos a reclamar el respeto que nos merecemos y a decir \u201cno\u201d cuando no estamos convencidos de hacer algo.<\/p>\t\t\t\t\t\t<\/div>\n\t\t\t\t<\/div>\n\t\t\t\t\t<\/div>\n\t\t<\/div>\n\t\t\t\t\t<\/div>\n\t\t<\/section>\n\t\t\t\t<\/div>","protected":false},"excerpt":{"rendered":"<p>Atributo IB: \u00a1Somos audaces! Abordan situaciones desconocidas e inciertas\u00a0con sensatez y determinaci\u00f3n y su esp\u00edritu\u00a0independiente les permite explorar nuevos\u00a0roles, ideas y estrategias. Defienden aquello en\u00a0lo que<span class=\"excerpt-hellip\"> [\u2026]<\/span><\/p>","protected":false},"author":16,"featured_media":23426,"comment_status":"open","ping_status":"open","sticky":false,"template":"","format":"standard","meta":{"_exactmetrics_skip_tracking":false,"_exactmetrics_sitenote_active":false,"_exactmetrics_sitenote_note":"","_exactmetrics_sitenote_category":0,"_joinchat":[],"footnotes":""},"categories":[713,694,705],"tags":[],"class_list":["post-23421","post","type-post","status-publish","format-standard","has-post-thumbnail","hentry","category-713","category-bachillerato-internacional","category-orientacion-psicoeducativa"],"yoast_head":"<!-- This site is optimized with the Yoast SEO plugin v23.3 - https:\/\/yoast.com\/wordpress\/plugins\/seo\/ -->\n<title>Atributo IB: \u00a1Somos audaces! - 2026<\/title>\n<meta name=\"robots\" content=\"noindex, follow, max-snippet:-1, max-image-preview:large, max-video-preview:-1\" \/>\n<meta property=\"og:locale\" content=\"de_DE\" \/>\n<meta property=\"og:type\" content=\"article\" \/>\n<meta property=\"og:title\" content=\"Atributo IB: \u00a1Somos audaces! - 2026\" \/>\n<meta property=\"og:description\" content=\"Atributo IB: \u00a1Somos audaces! Abordan situaciones desconocidas e inciertas\u00a0con sensatez y determinaci\u00f3n y su esp\u00edritu\u00a0independiente les permite explorar nuevos\u00a0roles, ideas y estrategias. Defienden aquello en\u00a0lo que [\u2026]\" \/>\n<meta property=\"og:url\" content=\"https:\/\/ds-barranquilla.org\/de\/atributo-ib-somos-audaces\/\" \/>\n<meta property=\"og:site_name\" content=\"Colegio Alem\u00e1n - Los Mejores Colegios de Colombia - Colegio Triling\u00fce\" \/>\n<meta property=\"article:publisher\" content=\"https:\/\/www.facebook.com\/ColegioAlemanBaq\/\" \/>\n<meta property=\"article:published_time\" content=\"2023-04-17T18:05:59+00:00\" \/>\n<meta property=\"article:modified_time\" content=\"2023-04-17T18:41:34+00:00\" \/>\n<meta property=\"og:image\" content=\"https:\/\/ds-barranquilla.org\/wp-content\/uploads\/2023\/04\/somos-audaces-IB-scaled.jpg\" \/>\n\t<meta property=\"og:image:width\" content=\"2560\" \/>\n\t<meta property=\"og:image:height\" content=\"1050\" \/>\n\t<meta property=\"og:image:type\" content=\"image\/jpeg\" \/>\n<meta name=\"author\" content=\"Comunicaciones Comunicaciones\" \/>\n<meta name=\"twitter:card\" content=\"summary_large_image\" \/>\n<meta name=\"twitter:creator\" content=\"@ColegioAlemanBq\" \/>\n<meta name=\"twitter:site\" content=\"@ColegioAlemanBq\" \/>\n<meta name=\"twitter:label1\" content=\"Verfasst von\" \/>\n\t<meta name=\"twitter:data1\" content=\"Comunicaciones Comunicaciones\" \/>\n\t<meta name=\"twitter:label2\" content=\"Gesch\u00e4tzte Lesezeit\" \/>\n\t<meta name=\"twitter:data2\" content=\"2\u00a0Minuten\" \/>\n<script type=\"application\/ld+json\" class=\"yoast-schema-graph\">{\"@context\":\"https:\/\/schema.org\",\"@graph\":[{\"@type\":\"Article\",\"@id\":\"https:\/\/ds-barranquilla.org\/de\/atributo-ib-somos-audaces\/#article\",\"isPartOf\":{\"@id\":\"https:\/\/ds-barranquilla.org\/de\/atributo-ib-somos-audaces\/\"},\"author\":{\"name\":\"Comunicaciones Comunicaciones\",\"@id\":\"https:\/\/ds-barranquilla.org\/#\/schema\/person\/7bf8790ba89d3480e0551241ccdc8d36\"},\"headline\":\"Atributo IB: \u00a1Somos audaces!\",\"datePublished\":\"2023-04-17T18:05:59+00:00\",\"dateModified\":\"2023-04-17T18:41:34+00:00\",\"mainEntityOfPage\":{\"@id\":\"https:\/\/ds-barranquilla.org\/de\/atributo-ib-somos-audaces\/\"},\"wordCount\":433,\"commentCount\":0,\"publisher\":{\"@id\":\"https:\/\/ds-barranquilla.org\/#organization\"},\"image\":{\"@id\":\"https:\/\/ds-barranquilla.org\/de\/atributo-ib-somos-audaces\/#primaryimage\"},\"thumbnailUrl\":\"https:\/\/ds-barranquilla.org\/wp-content\/uploads\/2023\/04\/somos-audaces-IB-scaled.jpg\",\"articleSection\":[\"2023\",\"Bachillerato Internacional\",\"Orientaci\u00f3n Psicoeducativa\"],\"inLanguage\":\"de\",\"potentialAction\":[{\"@type\":\"CommentAction\",\"name\":\"Comment\",\"target\":[\"https:\/\/ds-barranquilla.org\/de\/atributo-ib-somos-audaces\/#respond\"]}]},{\"@type\":\"WebPage\",\"@id\":\"https:\/\/ds-barranquilla.org\/de\/atributo-ib-somos-audaces\/\",\"url\":\"https:\/\/ds-barranquilla.org\/de\/atributo-ib-somos-audaces\/\",\"name\":\"Atributo IB: \u00a1Somos audaces! - 2026\",\"isPartOf\":{\"@id\":\"https:\/\/ds-barranquilla.org\/#website\"},\"primaryImageOfPage\":{\"@id\":\"https:\/\/ds-barranquilla.org\/de\/atributo-ib-somos-audaces\/#primaryimage\"},\"image\":{\"@id\":\"https:\/\/ds-barranquilla.org\/de\/atributo-ib-somos-audaces\/#primaryimage\"},\"thumbnailUrl\":\"https:\/\/ds-barranquilla.org\/wp-content\/uploads\/2023\/04\/somos-audaces-IB-scaled.jpg\",\"datePublished\":\"2023-04-17T18:05:59+00:00\",\"dateModified\":\"2023-04-17T18:41:34+00:00\",\"breadcrumb\":{\"@id\":\"https:\/\/ds-barranquilla.org\/de\/atributo-ib-somos-audaces\/#breadcrumb\"},\"inLanguage\":\"de\",\"potentialAction\":[{\"@type\":\"ReadAction\",\"target\":[\"https:\/\/ds-barranquilla.org\/de\/atributo-ib-somos-audaces\/\"]}]},{\"@type\":\"ImageObject\",\"inLanguage\":\"de\",\"@id\":\"https:\/\/ds-barranquilla.org\/de\/atributo-ib-somos-audaces\/#primaryimage\",\"url\":\"https:\/\/ds-barranquilla.org\/wp-content\/uploads\/2023\/04\/somos-audaces-IB-scaled.jpg\",\"contentUrl\":\"https:\/\/ds-barranquilla.org\/wp-content\/uploads\/2023\/04\/somos-audaces-IB-scaled.jpg\",\"width\":2560,\"height\":1050},{\"@type\":\"BreadcrumbList\",\"@id\":\"https:\/\/ds-barranquilla.org\/de\/atributo-ib-somos-audaces\/#breadcrumb\",\"itemListElement\":[{\"@type\":\"ListItem\",\"position\":1,\"name\":\"Portada\",\"item\":\"https:\/\/ds-barranquilla.org\/\"},{\"@type\":\"ListItem\",\"position\":2,\"name\":\"Atributo IB: \u00a1Somos audaces!\"}]},{\"@type\":\"WebSite\",\"@id\":\"https:\/\/ds-barranquilla.org\/#website\",\"url\":\"https:\/\/ds-barranquilla.org\/\",\"name\":\"Colegio Alem\u00e1n - Los Mejores Colegios de Colombia - Colegio Triling\u00fce\",\"description\":\"Colegio Alem\u00e1n  Barranquilla Colombia - Colegio Biling\u00fce - Triling\u00fce - El Mejor Colegio de Colombia\",\"publisher\":{\"@id\":\"https:\/\/ds-barranquilla.org\/#organization\"},\"potentialAction\":[{\"@type\":\"SearchAction\",\"target\":{\"@type\":\"EntryPoint\",\"urlTemplate\":\"https:\/\/ds-barranquilla.org\/?s={search_term_string}\"},\"query-input\":\"required name=search_term_string\"}],\"inLanguage\":\"de\"},{\"@type\":\"Organization\",\"@id\":\"https:\/\/ds-barranquilla.org\/#organization\",\"name\":\"Colegio Alem\u00e1n Barranquilla\",\"url\":\"https:\/\/ds-barranquilla.org\/\",\"logo\":{\"@type\":\"ImageObject\",\"inLanguage\":\"de\",\"@id\":\"https:\/\/ds-barranquilla.org\/#\/schema\/logo\/image\/\",\"url\":\"https:\/\/ds-barranquilla.org\/wp-content\/uploads\/2021\/05\/coleman_logo_2.png\",\"contentUrl\":\"https:\/\/ds-barranquilla.org\/wp-content\/uploads\/2021\/05\/coleman_logo_2.png\",\"width\":418,\"height\":307,\"caption\":\"Colegio Alem\u00e1n Barranquilla\"},\"image\":{\"@id\":\"https:\/\/ds-barranquilla.org\/#\/schema\/logo\/image\/\"},\"sameAs\":[\"https:\/\/www.facebook.com\/ColegioAlemanBaq\/\",\"https:\/\/x.com\/ColegioAlemanBq\",\"https:\/\/www.instagram.com\/colegioalemanbaq\/\",\"https:\/\/www.linkedin.com\/school\/deutsche-schule-barranquilla\/\",\"https:\/\/www.youtube.com\/channel\/UCOOGZQCVs6aYRqIWvSN5agQ\"]},{\"@type\":\"Person\",\"@id\":\"https:\/\/ds-barranquilla.org\/#\/schema\/person\/7bf8790ba89d3480e0551241ccdc8d36\",\"name\":\"Comunicaciones Comunicaciones\",\"image\":{\"@type\":\"ImageObject\",\"inLanguage\":\"de\",\"@id\":\"https:\/\/ds-barranquilla.org\/#\/schema\/person\/image\/\",\"url\":\"https:\/\/secure.gravatar.com\/avatar\/a66ba9484a4338d81d6bea750e595038?s=96&d=mm&r=g\",\"contentUrl\":\"https:\/\/secure.gravatar.com\/avatar\/a66ba9484a4338d81d6bea750e595038?s=96&d=mm&r=g\",\"caption\":\"Comunicaciones Comunicaciones\"}}]}<\/script>\n<!-- \/ Yoast SEO plugin. -->","yoast_head_json":{"title":"Atributo IB: \u00a1Somos audaces! - 2026","robots":{"index":"noindex","follow":"follow","max-snippet":"max-snippet:-1","max-image-preview":"max-image-preview:large","max-video-preview":"max-video-preview:-1"},"og_locale":"de_DE","og_type":"article","og_title":"Atributo IB: \u00a1Somos audaces! - 2026","og_description":"Atributo IB: \u00a1Somos audaces! Abordan situaciones desconocidas e inciertas\u00a0con sensatez y determinaci\u00f3n y su esp\u00edritu\u00a0independiente les permite explorar nuevos\u00a0roles, ideas y estrategias. Defienden aquello en\u00a0lo que [\u2026]","og_url":"https:\/\/ds-barranquilla.org\/de\/atributo-ib-somos-audaces\/","og_site_name":"Colegio Alem\u00e1n - Los Mejores Colegios de Colombia - Colegio Triling\u00fce","article_publisher":"https:\/\/www.facebook.com\/ColegioAlemanBaq\/","article_published_time":"2023-04-17T18:05:59+00:00","article_modified_time":"2023-04-17T18:41:34+00:00","og_image":[{"width":2560,"height":1050,"url":"https:\/\/ds-barranquilla.org\/wp-content\/uploads\/2023\/04\/somos-audaces-IB-scaled.jpg","type":"image\/jpeg"}],"author":"Comunicaciones Comunicaciones","twitter_card":"summary_large_image","twitter_creator":"@ColegioAlemanBq","twitter_site":"@ColegioAlemanBq","twitter_misc":{"Verfasst von":"Comunicaciones Comunicaciones","Gesch\u00e4tzte Lesezeit":"2\u00a0Minuten"},"schema":{"@context":"https:\/\/schema.org","@graph":[{"@type":"Article","@id":"https:\/\/ds-barranquilla.org\/de\/atributo-ib-somos-audaces\/#article","isPartOf":{"@id":"https:\/\/ds-barranquilla.org\/de\/atributo-ib-somos-audaces\/"},"author":{"name":"Comunicaciones Comunicaciones","@id":"https:\/\/ds-barranquilla.org\/#\/schema\/person\/7bf8790ba89d3480e0551241ccdc8d36"},"headline":"Atributo IB: \u00a1Somos audaces!","datePublished":"2023-04-17T18:05:59+00:00","dateModified":"2023-04-17T18:41:34+00:00","mainEntityOfPage":{"@id":"https:\/\/ds-barranquilla.org\/de\/atributo-ib-somos-audaces\/"},"wordCount":433,"commentCount":0,"publisher":{"@id":"https:\/\/ds-barranquilla.org\/#organization"},"image":{"@id":"https:\/\/ds-barranquilla.org\/de\/atributo-ib-somos-audaces\/#primaryimage"},"thumbnailUrl":"https:\/\/ds-barranquilla.org\/wp-content\/uploads\/2023\/04\/somos-audaces-IB-scaled.jpg","articleSection":["2023","Bachillerato Internacional","Orientaci\u00f3n Psicoeducativa"],"inLanguage":"de","potentialAction":[{"@type":"CommentAction","name":"Comment","target":["https:\/\/ds-barranquilla.org\/de\/atributo-ib-somos-audaces\/#respond"]}]},{"@type":"WebPage","@id":"https:\/\/ds-barranquilla.org\/de\/atributo-ib-somos-audaces\/","url":"https:\/\/ds-barranquilla.org\/de\/atributo-ib-somos-audaces\/","name":"Atributo IB: \u00a1Somos audaces! - 2026","isPartOf":{"@id":"https:\/\/ds-barranquilla.org\/#website"},"primaryImageOfPage":{"@id":"https:\/\/ds-barranquilla.org\/de\/atributo-ib-somos-audaces\/#primaryimage"},"image":{"@id":"https:\/\/ds-barranquilla.org\/de\/atributo-ib-somos-audaces\/#primaryimage"},"thumbnailUrl":"https:\/\/ds-barranquilla.org\/wp-content\/uploads\/2023\/04\/somos-audaces-IB-scaled.jpg","datePublished":"2023-04-17T18:05:59+00:00","dateModified":"2023-04-17T18:41:34+00:00","breadcrumb":{"@id":"https:\/\/ds-barranquilla.org\/de\/atributo-ib-somos-audaces\/#breadcrumb"},"inLanguage":"de","potentialAction":[{"@type":"ReadAction","target":["https:\/\/ds-barranquilla.org\/de\/atributo-ib-somos-audaces\/"]}]},{"@type":"ImageObject","inLanguage":"de","@id":"https:\/\/ds-barranquilla.org\/de\/atributo-ib-somos-audaces\/#primaryimage","url":"https:\/\/ds-barranquilla.org\/wp-content\/uploads\/2023\/04\/somos-audaces-IB-scaled.jpg","contentUrl":"https:\/\/ds-barranquilla.org\/wp-content\/uploads\/2023\/04\/somos-audaces-IB-scaled.jpg","width":2560,"height":1050},{"@type":"BreadcrumbList","@id":"https:\/\/ds-barranquilla.org\/de\/atributo-ib-somos-audaces\/#breadcrumb","itemListElement":[{"@type":"ListItem","position":1,"name":"Portada","item":"https:\/\/ds-barranquilla.org\/"},{"@type":"ListItem","position":2,"name":"Atributo IB: \u00a1Somos audaces!"}]},{"@type":"WebSite","@id":"https:\/\/ds-barranquilla.org\/#website","url":"https:\/\/ds-barranquilla.org\/","name":"Colegio Alem\u00e1n - Los Mejores Colegios de Colombia - Colegio Triling\u00fce","description":"Colegio Alem\u00e1n  Barranquilla Colombia - Colegio Biling\u00fce - Triling\u00fce - El Mejor Colegio de Colombia","publisher":{"@id":"https:\/\/ds-barranquilla.org\/#organization"},"potentialAction":[{"@type":"SearchAction","target":{"@type":"EntryPoint","urlTemplate":"https:\/\/ds-barranquilla.org\/?s={search_term_string}"},"query-input":"required name=search_term_string"}],"inLanguage":"de"},{"@type":"Organization","@id":"https:\/\/ds-barranquilla.org\/#organization","name":"Colegio Alem\u00e1n Barranquilla","url":"https:\/\/ds-barranquilla.org\/","logo":{"@type":"ImageObject","inLanguage":"de","@id":"https:\/\/ds-barranquilla.org\/#\/schema\/logo\/image\/","url":"https:\/\/ds-barranquilla.org\/wp-content\/uploads\/2021\/05\/coleman_logo_2.png","contentUrl":"https:\/\/ds-barranquilla.org\/wp-content\/uploads\/2021\/05\/coleman_logo_2.png","width":418,"height":307,"caption":"Colegio Alem\u00e1n Barranquilla"},"image":{"@id":"https:\/\/ds-barranquilla.org\/#\/schema\/logo\/image\/"},"sameAs":["https:\/\/www.facebook.com\/ColegioAlemanBaq\/","https:\/\/x.com\/ColegioAlemanBq","https:\/\/www.instagram.com\/colegioalemanbaq\/","https:\/\/www.linkedin.com\/school\/deutsche-schule-barranquilla\/","https:\/\/www.youtube.com\/channel\/UCOOGZQCVs6aYRqIWvSN5agQ"]},{"@type":"Person","@id":"https:\/\/ds-barranquilla.org\/#\/schema\/person\/7bf8790ba89d3480e0551241ccdc8d36","name":"Comunicaciones Comunicaciones","image":{"@type":"ImageObject","inLanguage":"de","@id":"https:\/\/ds-barranquilla.org\/#\/schema\/person\/image\/","url":"https:\/\/secure.gravatar.com\/avatar\/a66ba9484a4338d81d6bea750e595038?s=96&d=mm&r=g","contentUrl":"https:\/\/secure.gravatar.com\/avatar\/a66ba9484a4338d81d6bea750e595038?s=96&d=mm&r=g","caption":"Comunicaciones Comunicaciones"}}]}},"_links":{"self":[{"href":"https:\/\/ds-barranquilla.org\/de\/wp-json\/wp\/v2\/posts\/23421"}],"collection":[{"href":"https:\/\/ds-barranquilla.org\/de\/wp-json\/wp\/v2\/posts"}],"about":[{"href":"https:\/\/ds-barranquilla.org\/de\/wp-json\/wp\/v2\/types\/post"}],"author":[{"embeddable":true,"href":"https:\/\/ds-barranquilla.org\/de\/wp-json\/wp\/v2\/users\/16"}],"replies":[{"embeddable":true,"href":"https:\/\/ds-barranquilla.org\/de\/wp-json\/wp\/v2\/comments?post=23421"}],"version-history":[{"count":5,"href":"https:\/\/ds-barranquilla.org\/de\/wp-json\/wp\/v2\/posts\/23421\/revisions"}],"predecessor-version":[{"id":23427,"href":"https:\/\/ds-barranquilla.org\/de\/wp-json\/wp\/v2\/posts\/23421\/revisions\/23427"}],"wp:featuredmedia":[{"embeddable":true,"href":"https:\/\/ds-barranquilla.org\/de\/wp-json\/wp\/v2\/media\/23426"}],"wp:attachment":[{"href":"https:\/\/ds-barranquilla.org\/de\/wp-json\/wp\/v2\/media?parent=23421"}],"wp:term":[{"taxonomy":"category","embeddable":true,"href":"https:\/\/ds-barranquilla.org\/de\/wp-json\/wp\/v2\/categories?post=23421"},{"taxonomy":"post_tag","embeddable":true,"href":"https:\/\/ds-barranquilla.org\/de\/wp-json\/wp\/v2\/tags?post=23421"}],"curies":[{"name":"wp","href":"https:\/\/api.w.org\/{rel}","templated":true}]}}