{"id":23779,"date":"2023-05-23T15:54:51","date_gmt":"2023-05-23T20:54:51","guid":{"rendered":"https:\/\/ds-barranquilla.org\/?p=23779"},"modified":"2023-05-23T16:36:38","modified_gmt":"2023-05-23T21:36:38","slug":"comenzo-la-primera-edicion-del-cabmun","status":"publish","type":"post","link":"https:\/\/ds-barranquilla.org\/de\/comenzo-la-primera-edicion-del-cabmun\/","title":{"rendered":"Comenz\u00f3 la primera edici\u00f3n del CABMUN"},"content":{"rendered":"<div data-elementor-type=\"wp-post\" data-elementor-id=\"23779\" class=\"elementor elementor-23779\">\n\t\t\t\t\t\t<section class=\"elementor-section elementor-top-section elementor-element elementor-element-10a43bb elementor-section-boxed elementor-section-height-default elementor-section-height-default\" data-id=\"10a43bb\" data-element_type=\"section\">\n\t\t\t\t\t\t<div class=\"elementor-container elementor-column-gap-default\">\n\t\t\t\t\t<div class=\"elementor-column elementor-col-100 elementor-top-column elementor-element elementor-element-914e81a\" data-id=\"914e81a\" data-element_type=\"column\">\n\t\t\t<div class=\"elementor-widget-wrap elementor-element-populated\">\n\t\t\t\t\t\t<div class=\"elementor-element elementor-element-988be96 elementor-widget elementor-widget-heading\" data-id=\"988be96\" data-element_type=\"widget\" data-widget_type=\"heading.default\">\n\t\t\t\t<div class=\"elementor-widget-container\">\n\t\t\t<style>\/*! elementor - v3.23.0 - 05-08-2024 *\/\n.elementor-heading-title{padding:0;margin:0;line-height:1}.elementor-widget-heading .elementor-heading-title[class*=elementor-size-]>a{color:inherit;font-size:inherit;line-height:inherit}.elementor-widget-heading .elementor-heading-title.elementor-size-small{font-size:15px}.elementor-widget-heading .elementor-heading-title.elementor-size-medium{font-size:19px}.elementor-widget-heading .elementor-heading-title.elementor-size-large{font-size:29px}.elementor-widget-heading .elementor-heading-title.elementor-size-xl{font-size:39px}.elementor-widget-heading .elementor-heading-title.elementor-size-xxl{font-size:59px}<\/style><h2 class=\"elementor-heading-title elementor-size-default\">Comenz\u00f3 la primera edici\u00f3n del CABMUN  <\/h2>\t\t<\/div>\n\t\t\t\t<\/div>\n\t\t\t\t\t<\/div>\n\t\t<\/div>\n\t\t\t\t\t<\/div>\n\t\t<\/section>\n\t\t\t\t<section class=\"elementor-section elementor-top-section elementor-element elementor-element-c108cb2 elementor-section-boxed elementor-section-height-default elementor-section-height-default\" data-id=\"c108cb2\" data-element_type=\"section\">\n\t\t\t\t\t\t<div class=\"elementor-container elementor-column-gap-default\">\n\t\t\t\t\t<div class=\"elementor-column elementor-col-100 elementor-top-column elementor-element elementor-element-1214d29\" data-id=\"1214d29\" data-element_type=\"column\">\n\t\t\t<div class=\"elementor-widget-wrap elementor-element-populated\">\n\t\t\t\t\t\t<div class=\"elementor-element elementor-element-5365eb8 elementor-widget elementor-widget-text-editor\" data-id=\"5365eb8\" data-element_type=\"widget\" data-widget_type=\"text-editor.default\">\n\t\t\t\t<div class=\"elementor-widget-container\">\n\t\t\t<style>\/*! elementor - v3.23.0 - 05-08-2024 *\/\n.elementor-widget-text-editor.elementor-drop-cap-view-stacked .elementor-drop-cap{background-color:#69727d;color:#fff}.elementor-widget-text-editor.elementor-drop-cap-view-framed .elementor-drop-cap{color:#69727d;border:3px solid;background-color:transparent}.elementor-widget-text-editor:not(.elementor-drop-cap-view-default) .elementor-drop-cap{margin-top:8px}.elementor-widget-text-editor:not(.elementor-drop-cap-view-default) .elementor-drop-cap-letter{width:1em;height:1em}.elementor-widget-text-editor .elementor-drop-cap{float:left;text-align:center;line-height:1;font-size:50px}.elementor-widget-text-editor .elementor-drop-cap-letter{display:inline-block}<\/style>\t\t\t\t<p><span class=\"TextRun SCXW48214888 BCX0\" lang=\"ES-ES\" xml:lang=\"ES-ES\" data-contrast=\"auto\"><span class=\"NormalTextRun SCXW48214888 BCX0\">Hoy se realiz\u00f3 la ceremonia de inauguraci\u00f3n de la primera edici\u00f3n del Modelo de las Naciones Unidas de nuestro Colegio Alem\u00e1n de Barranquilla<\/span><span class=\"NormalTextRun SCXW48214888 BCX0\">. <\/span><span class=\"NormalTextRun SCXW48214888 BCX0\">El modelo se desarrollar\u00e1 el 23, 24 y 25 de mayo en nuestras instalaciones educativas.<\/span><\/span><\/p>\t\t\t\t\t\t<\/div>\n\t\t\t\t<\/div>\n\t\t\t\t\t<\/div>\n\t\t<\/div>\n\t\t\t\t\t<\/div>\n\t\t<\/section>\n\t\t\t\t<section class=\"elementor-section elementor-top-section elementor-element elementor-element-f58b460 elementor-section-boxed elementor-section-height-default elementor-section-height-default\" data-id=\"f58b460\" data-element_type=\"section\">\n\t\t\t\t\t\t<div class=\"elementor-container elementor-column-gap-default\">\n\t\t\t\t\t<div class=\"elementor-column elementor-col-50 elementor-top-column elementor-element elementor-element-af65420\" data-id=\"af65420\" data-element_type=\"column\">\n\t\t\t<div class=\"elementor-widget-wrap elementor-element-populated\">\n\t\t\t\t\t\t<div class=\"elementor-element elementor-element-0745240 elementor-widget elementor-widget-text-editor\" data-id=\"0745240\" data-element_type=\"widget\" data-widget_type=\"text-editor.default\">\n\t\t\t\t<div class=\"elementor-widget-container\">\n\t\t\t\t\t\t\t<p><span data-contrast=\"auto\">Durante 3 d\u00edas, estudiantes de 12 colegios nacionales e internacionales representaran a los diplom\u00e1ticos de los diferentes pa\u00edses miembro de la ONU, debiendo capacitarse en temas inherentes a su cultura, pol\u00edtica interior y exterior, econom\u00eda y sociedad para debatir y resolver temas de tratamiento real en los \u00f3rganos y comit\u00e9s de la ONU.<\/span><span data-ccp-props=\"{&quot;201341983&quot;:0,&quot;335551550&quot;:6,&quot;335551620&quot;:6,&quot;335559739&quot;:160,&quot;335559740&quot;:259}\">\u00a0<\/span><\/p><p><span data-contrast=\"auto\">\u201cDurante estos d\u00edas, ustedes se sumergir\u00e1n en el emocionante mundo de la diplomacia, asumiendo el rol de delegados de diferentes pa\u00edses o senadores de la rep\u00fablica y enfrentaran desaf\u00edos globales de gran relevancia, se les presentaran problemas apremiantes que requieren soluciones innovadoras y un enfoque colaborativo\u201d, comparti\u00f3 nuestro rector Ralph Wiese en la ceremonia de apertura.<\/span><span data-ccp-props=\"{&quot;201341983&quot;:0,&quot;335551550&quot;:6,&quot;335551620&quot;:6,&quot;335559739&quot;:160,&quot;335559740&quot;:259}\">\u00a0<\/span><\/p>\t\t\t\t\t\t<\/div>\n\t\t\t\t<\/div>\n\t\t\t\t\t<\/div>\n\t\t<\/div>\n\t\t\t\t<div class=\"elementor-column elementor-col-50 elementor-top-column elementor-element elementor-element-c0bf5bd\" data-id=\"c0bf5bd\" data-element_type=\"column\">\n\t\t\t<div class=\"elementor-widget-wrap elementor-element-populated\">\n\t\t\t\t\t\t<div class=\"elementor-element elementor-element-6f8a51f elementor-widget elementor-widget-image\" data-id=\"6f8a51f\" data-element_type=\"widget\" data-widget_type=\"image.default\">\n\t\t\t\t<div class=\"elementor-widget-container\">\n\t\t\t<style>\/*! elementor - v3.23.0 - 05-08-2024 *\/\n.elementor-widget-image{text-align:center}.elementor-widget-image a{display:inline-block}.elementor-widget-image a img[src$=\".svg\"]{width:48px}.elementor-widget-image img{vertical-align:middle;display:inline-block}<\/style>\t\t\t\t\t\t\t\t\t\t<img fetchpriority=\"high\" decoding=\"async\" width=\"768\" height=\"512\" src=\"https:\/\/ds-barranquilla.org\/wp-content\/uploads\/2023\/05\/DSC_1445-768x512.jpg\" class=\"attachment-medium_large size-medium_large wp-image-23782\" alt=\"\" srcset=\"https:\/\/ds-barranquilla.org\/wp-content\/uploads\/2023\/05\/DSC_1445-768x512.jpg 768w, https:\/\/ds-barranquilla.org\/wp-content\/uploads\/2023\/05\/DSC_1445-300x200.jpg 300w, https:\/\/ds-barranquilla.org\/wp-content\/uploads\/2023\/05\/DSC_1445-1024x683.jpg 1024w, https:\/\/ds-barranquilla.org\/wp-content\/uploads\/2023\/05\/DSC_1445-391x260.jpg 391w, https:\/\/ds-barranquilla.org\/wp-content\/uploads\/2023\/05\/DSC_1445-1536x1024.jpg 1536w, https:\/\/ds-barranquilla.org\/wp-content\/uploads\/2023\/05\/DSC_1445-2048x1365.jpg 2048w, https:\/\/ds-barranquilla.org\/wp-content\/uploads\/2023\/05\/DSC_1445-18x12.jpg 18w, https:\/\/ds-barranquilla.org\/wp-content\/uploads\/2023\/05\/DSC_1445-219x146.jpg 219w, https:\/\/ds-barranquilla.org\/wp-content\/uploads\/2023\/05\/DSC_1445-50x33.jpg 50w, https:\/\/ds-barranquilla.org\/wp-content\/uploads\/2023\/05\/DSC_1445-113x75.jpg 113w, https:\/\/ds-barranquilla.org\/wp-content\/uploads\/2023\/05\/DSC_1445-480x320.jpg 480w, https:\/\/ds-barranquilla.org\/wp-content\/uploads\/2023\/05\/DSC_1445-800x533.jpg 800w\" sizes=\"(max-width:767px) 480px, (max-width:768px) 100vw, 768px\" \/>\t\t\t\t\t\t\t\t\t\t\t\t\t<\/div>\n\t\t\t\t<\/div>\n\t\t\t\t\t<\/div>\n\t\t<\/div>\n\t\t\t\t\t<\/div>\n\t\t<\/section>\n\t\t\t\t<section class=\"elementor-section elementor-top-section elementor-element elementor-element-35d07c5 elementor-section-boxed elementor-section-height-default elementor-section-height-default\" data-id=\"35d07c5\" data-element_type=\"section\">\n\t\t\t\t\t\t<div class=\"elementor-container elementor-column-gap-default\">\n\t\t\t\t\t<div class=\"elementor-column elementor-col-100 elementor-top-column elementor-element elementor-element-c9d4ea0\" data-id=\"c9d4ea0\" data-element_type=\"column\">\n\t\t\t<div class=\"elementor-widget-wrap elementor-element-populated\">\n\t\t\t\t\t\t<div class=\"elementor-element elementor-element-b98e347 elementor-widget elementor-widget-text-editor\" data-id=\"b98e347\" data-element_type=\"widget\" data-widget_type=\"text-editor.default\">\n\t\t\t\t<div class=\"elementor-widget-container\">\n\t\t\t\t\t\t\t<p><span class=\"TextRun SCXW239476538 BCX0\" lang=\"ES-ES\" xml:lang=\"ES-ES\" data-contrast=\"auto\"><span class=\"NormalTextRun SCXW239476538 BCX0\">Dependiendo del comit\u00e9, los delegados tienen la oportunidad de debatir en espa\u00f1ol, alem\u00e1n o <\/span><span class=\"NormalTextRun SCXW239476538 BCX0\">ingl\u00e9s<\/span><span class=\"NormalTextRun SCXW239476538 BCX0\">. <\/span><span class=\"NormalTextRun SCXW239476538 BCX0\">Security Council y Human <\/span><span class=\"NormalTextRun SpellingErrorV2Themed SCXW239476538 BCX0\">Rights<\/span><span class=\"NormalTextRun SCXW239476538 BCX0\"> son los comit\u00e9s disponibles en ingl\u00e9s, <\/span><span class=\"NormalTextRun SpellingErrorV2Themed SCXW239476538 BCX0\">Historischer<\/span> <span class=\"NormalTextRun SpellingErrorV2Themed SCXW239476538 BCX0\">Rat<\/span> <span class=\"NormalTextRun SCXW239476538 BCX0\">en alem\u00e1n y DISEC, Comit\u00e9 Futurista, Senado de la Rep\u00fablica, ECOSOC y OMS<\/span><span class=\"NormalTextRun SCXW239476538 BCX0\"> (Organizaci\u00f3n Mundial de la Salud) en espa\u00f1ol. <\/span><\/span><span class=\"EOP SCXW239476538 BCX0\" data-ccp-props=\"{&quot;134233117&quot;:false,&quot;134233118&quot;:false,&quot;201341983&quot;:0,&quot;335551550&quot;:6,&quot;335551620&quot;:6,&quot;335559685&quot;:0,&quot;335559737&quot;:0,&quot;335559738&quot;:0,&quot;335559739&quot;:160,&quot;335559740&quot;:259}\">\u00a0<\/span><\/p>\t\t\t\t\t\t<\/div>\n\t\t\t\t<\/div>\n\t\t\t\t\t<\/div>\n\t\t<\/div>\n\t\t\t\t\t<\/div>\n\t\t<\/section>\n\t\t\t\t<section class=\"elementor-section elementor-top-section elementor-element elementor-element-7e279fc elementor-section-boxed elementor-section-height-default elementor-section-height-default\" data-id=\"7e279fc\" data-element_type=\"section\">\n\t\t\t\t\t\t<div class=\"elementor-container elementor-column-gap-default\">\n\t\t\t\t\t<div class=\"elementor-column elementor-col-100 elementor-top-column elementor-element elementor-element-ddc0ff8\" data-id=\"ddc0ff8\" data-element_type=\"column\">\n\t\t\t<div class=\"elementor-widget-wrap elementor-element-populated\">\n\t\t\t\t\t\t<div class=\"elementor-element elementor-element-fe68404 elementor-widget elementor-widget-image\" data-id=\"fe68404\" data-element_type=\"widget\" data-widget_type=\"image.default\">\n\t\t\t\t<div class=\"elementor-widget-container\">\n\t\t\t\t\t\t\t\t\t\t\t\t\t<img decoding=\"async\" width=\"1024\" height=\"683\" src=\"https:\/\/ds-barranquilla.org\/wp-content\/uploads\/2023\/05\/DSC_1507-1024x683.jpg\" class=\"attachment-large size-large wp-image-23783\" alt=\"\" srcset=\"https:\/\/ds-barranquilla.org\/wp-content\/uploads\/2023\/05\/DSC_1507-1024x683.jpg 1024w, https:\/\/ds-barranquilla.org\/wp-content\/uploads\/2023\/05\/DSC_1507-300x200.jpg 300w, https:\/\/ds-barranquilla.org\/wp-content\/uploads\/2023\/05\/DSC_1507-768x512.jpg 768w, https:\/\/ds-barranquilla.org\/wp-content\/uploads\/2023\/05\/DSC_1507-391x260.jpg 391w, https:\/\/ds-barranquilla.org\/wp-content\/uploads\/2023\/05\/DSC_1507-1536x1024.jpg 1536w, https:\/\/ds-barranquilla.org\/wp-content\/uploads\/2023\/05\/DSC_1507-2048x1365.jpg 2048w, https:\/\/ds-barranquilla.org\/wp-content\/uploads\/2023\/05\/DSC_1507-18x12.jpg 18w, https:\/\/ds-barranquilla.org\/wp-content\/uploads\/2023\/05\/DSC_1507-219x146.jpg 219w, https:\/\/ds-barranquilla.org\/wp-content\/uploads\/2023\/05\/DSC_1507-50x33.jpg 50w, https:\/\/ds-barranquilla.org\/wp-content\/uploads\/2023\/05\/DSC_1507-113x75.jpg 113w, https:\/\/ds-barranquilla.org\/wp-content\/uploads\/2023\/05\/DSC_1507-480x320.jpg 480w, https:\/\/ds-barranquilla.org\/wp-content\/uploads\/2023\/05\/DSC_1507-800x533.jpg 800w\" sizes=\"(max-width:767px) 480px, (max-width:1024px) 100vw, 1024px\" \/>\t\t\t\t\t\t\t\t\t\t\t\t\t<\/div>\n\t\t\t\t<\/div>\n\t\t\t\t\t<\/div>\n\t\t<\/div>\n\t\t\t\t\t<\/div>\n\t\t<\/section>\n\t\t\t\t<section class=\"elementor-section elementor-top-section elementor-element elementor-element-4a0915d elementor-section-boxed elementor-section-height-default elementor-section-height-default\" data-id=\"4a0915d\" data-element_type=\"section\">\n\t\t\t\t\t\t<div class=\"elementor-container elementor-column-gap-default\">\n\t\t\t\t\t<div class=\"elementor-column elementor-col-100 elementor-top-column elementor-element elementor-element-7fc2bf9\" data-id=\"7fc2bf9\" data-element_type=\"column\">\n\t\t\t<div class=\"elementor-widget-wrap elementor-element-populated\">\n\t\t\t\t\t\t<div class=\"elementor-element elementor-element-bb910e1 elementor-widget elementor-widget-text-editor\" data-id=\"bb910e1\" data-element_type=\"widget\" data-widget_type=\"text-editor.default\">\n\t\t\t\t<div class=\"elementor-widget-container\">\n\t\t\t\t\t\t\t<p>En la ceremonia de apertura contamos con la participaci\u00f3n de nuestro Coro Juvenil, a cargo del docente Jos\u00e9 Mej\u00eda quienes interpretaron el Himno Nacional de Colombia y de la Rep\u00fablica Federal de Alemania; tambi\u00e9n nos deleitaron con canciones como &#8220;Te quiero&#8221; de Mario Benedetti.<\/p><p>Tambi\u00e9n tuvimos la visita especial del docente Jaime \u00c1lvarez quien trabaj\u00f3 en nuestra instituci\u00f3n educativa durante el 2001 hasta el 2008. En medio de su discurso, el docente resalt\u00f3 la importancia que nuestro Colegio Alem\u00e1n dej\u00f3 en \u00e9l y recuerda sus a\u00f1os aqu\u00ed como &#8220;los mejores a\u00f1os de su vida laboral&#8221;.<\/p>\t\t\t\t\t\t<\/div>\n\t\t\t\t<\/div>\n\t\t\t\t\t<\/div>\n\t\t<\/div>\n\t\t\t\t\t<\/div>\n\t\t<\/section>\n\t\t\t\t<\/div>","protected":false},"excerpt":{"rendered":"<p>Comenz\u00f3 la primera edici\u00f3n del CABMUN Hoy se realiz\u00f3 la ceremonia de inauguraci\u00f3n de la primera edici\u00f3n del Modelo de las Naciones Unidas de nuestro Colegio<span class=\"excerpt-hellip\"> [\u2026]<\/span><\/p>","protected":false},"author":16,"featured_media":23781,"comment_status":"open","ping_status":"open","sticky":false,"template":"","format":"standard","meta":{"_exactmetrics_skip_tracking":false,"_exactmetrics_sitenote_active":false,"_exactmetrics_sitenote_note":"","_exactmetrics_sitenote_category":0,"_joinchat":[],"footnotes":""},"categories":[713,688,675,708,709,710],"tags":[],"class_list":["post-23779","post","type-post","status-publish","format-standard","has-post-thumbnail","hentry","category-713","category-area-de-individuos-y-sociedades","category-eventos","category-proyectos-academicos","category-rectoria","category-secundaria"],"yoast_head":"<!-- This site is optimized with the Yoast SEO plugin v23.3 - https:\/\/yoast.com\/wordpress\/plugins\/seo\/ -->\n<title>Comenz\u00f3 la primera edici\u00f3n del CABMUN<\/title>\n<meta name=\"description\" content=\"Hoy se realiz\u00f3 la ceremonia de inauguraci\u00f3n de la primera edici\u00f3n del Modelo de las Naciones Unidas de nuestro Colegio Alem\u00e1n de Barranquilla.\" \/>\n<meta name=\"robots\" content=\"noindex, follow, max-snippet:-1, max-image-preview:large, max-video-preview:-1\" \/>\n<meta property=\"og:locale\" content=\"de_DE\" \/>\n<meta property=\"og:type\" content=\"article\" \/>\n<meta property=\"og:title\" content=\"Comenz\u00f3 la primera edici\u00f3n del CABMUN\" \/>\n<meta property=\"og:description\" content=\"Hoy se realiz\u00f3 la ceremonia de inauguraci\u00f3n de la primera edici\u00f3n del Modelo de las Naciones Unidas de nuestro Colegio Alem\u00e1n de Barranquilla.\" \/>\n<meta property=\"og:url\" content=\"https:\/\/ds-barranquilla.org\/de\/comenzo-la-primera-edicion-del-cabmun\/\" \/>\n<meta property=\"og:site_name\" content=\"Colegio Alem\u00e1n - Los Mejores Colegios de Colombia - Colegio Triling\u00fce\" \/>\n<meta property=\"article:publisher\" content=\"https:\/\/www.facebook.com\/ColegioAlemanBaq\/\" \/>\n<meta property=\"article:published_time\" content=\"2023-05-23T20:54:51+00:00\" \/>\n<meta property=\"article:modified_time\" content=\"2023-05-23T21:36:38+00:00\" \/>\n<meta property=\"og:image\" content=\"https:\/\/ds-barranquilla.org\/wp-content\/uploads\/2023\/05\/Banner-noticias-Blog.png\" \/>\n\t<meta property=\"og:image:width\" content=\"1170\" \/>\n\t<meta property=\"og:image:height\" content=\"480\" \/>\n\t<meta property=\"og:image:type\" content=\"image\/png\" \/>\n<meta name=\"author\" content=\"Comunicaciones Comunicaciones\" \/>\n<meta name=\"twitter:card\" content=\"summary_large_image\" \/>\n<meta name=\"twitter:creator\" content=\"@ColegioAlemanBq\" \/>\n<meta name=\"twitter:site\" content=\"@ColegioAlemanBq\" \/>\n<meta name=\"twitter:label1\" content=\"Verfasst von\" \/>\n\t<meta name=\"twitter:data1\" content=\"Comunicaciones Comunicaciones\" \/>\n\t<meta name=\"twitter:label2\" content=\"Gesch\u00e4tzte Lesezeit\" \/>\n\t<meta name=\"twitter:data2\" content=\"2\u00a0Minuten\" \/>\n<script type=\"application\/ld+json\" class=\"yoast-schema-graph\">{\"@context\":\"https:\/\/schema.org\",\"@graph\":[{\"@type\":\"Article\",\"@id\":\"https:\/\/ds-barranquilla.org\/de\/comenzo-la-primera-edicion-del-cabmun\/#article\",\"isPartOf\":{\"@id\":\"https:\/\/ds-barranquilla.org\/de\/comenzo-la-primera-edicion-del-cabmun\/\"},\"author\":{\"name\":\"Comunicaciones Comunicaciones\",\"@id\":\"https:\/\/ds-barranquilla.org\/#\/schema\/person\/7bf8790ba89d3480e0551241ccdc8d36\"},\"headline\":\"Comenz\u00f3 la primera edici\u00f3n del CABMUN\",\"datePublished\":\"2023-05-23T20:54:51+00:00\",\"dateModified\":\"2023-05-23T21:36:38+00:00\",\"mainEntityOfPage\":{\"@id\":\"https:\/\/ds-barranquilla.org\/de\/comenzo-la-primera-edicion-del-cabmun\/\"},\"wordCount\":329,\"commentCount\":0,\"publisher\":{\"@id\":\"https:\/\/ds-barranquilla.org\/#organization\"},\"image\":{\"@id\":\"https:\/\/ds-barranquilla.org\/de\/comenzo-la-primera-edicion-del-cabmun\/#primaryimage\"},\"thumbnailUrl\":\"https:\/\/ds-barranquilla.org\/wp-content\/uploads\/2023\/05\/Banner-noticias-Blog.png\",\"articleSection\":[\"2023\",\"\u00c1rea de Individuos y Sociedades\",\"Eventos\",\"Proyectos acad\u00e9micos\",\"Rector\u00eda\",\"Secundaria\"],\"inLanguage\":\"de\",\"potentialAction\":[{\"@type\":\"CommentAction\",\"name\":\"Comment\",\"target\":[\"https:\/\/ds-barranquilla.org\/de\/comenzo-la-primera-edicion-del-cabmun\/#respond\"]}]},{\"@type\":\"WebPage\",\"@id\":\"https:\/\/ds-barranquilla.org\/de\/comenzo-la-primera-edicion-del-cabmun\/\",\"url\":\"https:\/\/ds-barranquilla.org\/de\/comenzo-la-primera-edicion-del-cabmun\/\",\"name\":\"Comenz\u00f3 la primera edici\u00f3n del CABMUN\",\"isPartOf\":{\"@id\":\"https:\/\/ds-barranquilla.org\/#website\"},\"primaryImageOfPage\":{\"@id\":\"https:\/\/ds-barranquilla.org\/de\/comenzo-la-primera-edicion-del-cabmun\/#primaryimage\"},\"image\":{\"@id\":\"https:\/\/ds-barranquilla.org\/de\/comenzo-la-primera-edicion-del-cabmun\/#primaryimage\"},\"thumbnailUrl\":\"https:\/\/ds-barranquilla.org\/wp-content\/uploads\/2023\/05\/Banner-noticias-Blog.png\",\"datePublished\":\"2023-05-23T20:54:51+00:00\",\"dateModified\":\"2023-05-23T21:36:38+00:00\",\"description\":\"Hoy se realiz\u00f3 la ceremonia de inauguraci\u00f3n de la primera edici\u00f3n del Modelo de las Naciones Unidas de nuestro Colegio Alem\u00e1n de Barranquilla.\",\"breadcrumb\":{\"@id\":\"https:\/\/ds-barranquilla.org\/de\/comenzo-la-primera-edicion-del-cabmun\/#breadcrumb\"},\"inLanguage\":\"de\",\"potentialAction\":[{\"@type\":\"ReadAction\",\"target\":[\"https:\/\/ds-barranquilla.org\/de\/comenzo-la-primera-edicion-del-cabmun\/\"]}]},{\"@type\":\"ImageObject\",\"inLanguage\":\"de\",\"@id\":\"https:\/\/ds-barranquilla.org\/de\/comenzo-la-primera-edicion-del-cabmun\/#primaryimage\",\"url\":\"https:\/\/ds-barranquilla.org\/wp-content\/uploads\/2023\/05\/Banner-noticias-Blog.png\",\"contentUrl\":\"https:\/\/ds-barranquilla.org\/wp-content\/uploads\/2023\/05\/Banner-noticias-Blog.png\",\"width\":1170,\"height\":480},{\"@type\":\"BreadcrumbList\",\"@id\":\"https:\/\/ds-barranquilla.org\/de\/comenzo-la-primera-edicion-del-cabmun\/#breadcrumb\",\"itemListElement\":[{\"@type\":\"ListItem\",\"position\":1,\"name\":\"Portada\",\"item\":\"https:\/\/ds-barranquilla.org\/\"},{\"@type\":\"ListItem\",\"position\":2,\"name\":\"Comenz\u00f3 la primera edici\u00f3n del CABMUN\"}]},{\"@type\":\"WebSite\",\"@id\":\"https:\/\/ds-barranquilla.org\/#website\",\"url\":\"https:\/\/ds-barranquilla.org\/\",\"name\":\"Colegio Alem\u00e1n - Los Mejores Colegios de Colombia - Colegio Triling\u00fce\",\"description\":\"Colegio Alem\u00e1n  Barranquilla Colombia - Colegio Biling\u00fce - Triling\u00fce - El Mejor Colegio de Colombia\",\"publisher\":{\"@id\":\"https:\/\/ds-barranquilla.org\/#organization\"},\"potentialAction\":[{\"@type\":\"SearchAction\",\"target\":{\"@type\":\"EntryPoint\",\"urlTemplate\":\"https:\/\/ds-barranquilla.org\/?s={search_term_string}\"},\"query-input\":\"required name=search_term_string\"}],\"inLanguage\":\"de\"},{\"@type\":\"Organization\",\"@id\":\"https:\/\/ds-barranquilla.org\/#organization\",\"name\":\"Colegio Alem\u00e1n Barranquilla\",\"url\":\"https:\/\/ds-barranquilla.org\/\",\"logo\":{\"@type\":\"ImageObject\",\"inLanguage\":\"de\",\"@id\":\"https:\/\/ds-barranquilla.org\/#\/schema\/logo\/image\/\",\"url\":\"https:\/\/ds-barranquilla.org\/wp-content\/uploads\/2021\/05\/coleman_logo_2.png\",\"contentUrl\":\"https:\/\/ds-barranquilla.org\/wp-content\/uploads\/2021\/05\/coleman_logo_2.png\",\"width\":418,\"height\":307,\"caption\":\"Colegio Alem\u00e1n Barranquilla\"},\"image\":{\"@id\":\"https:\/\/ds-barranquilla.org\/#\/schema\/logo\/image\/\"},\"sameAs\":[\"https:\/\/www.facebook.com\/ColegioAlemanBaq\/\",\"https:\/\/x.com\/ColegioAlemanBq\",\"https:\/\/www.instagram.com\/colegioalemanbaq\/\",\"https:\/\/www.linkedin.com\/school\/deutsche-schule-barranquilla\/\",\"https:\/\/www.youtube.com\/channel\/UCOOGZQCVs6aYRqIWvSN5agQ\"]},{\"@type\":\"Person\",\"@id\":\"https:\/\/ds-barranquilla.org\/#\/schema\/person\/7bf8790ba89d3480e0551241ccdc8d36\",\"name\":\"Comunicaciones Comunicaciones\",\"image\":{\"@type\":\"ImageObject\",\"inLanguage\":\"de\",\"@id\":\"https:\/\/ds-barranquilla.org\/#\/schema\/person\/image\/\",\"url\":\"https:\/\/secure.gravatar.com\/avatar\/a66ba9484a4338d81d6bea750e595038?s=96&d=mm&r=g\",\"contentUrl\":\"https:\/\/secure.gravatar.com\/avatar\/a66ba9484a4338d81d6bea750e595038?s=96&d=mm&r=g\",\"caption\":\"Comunicaciones Comunicaciones\"}}]}<\/script>\n<!-- \/ Yoast SEO plugin. -->","yoast_head_json":{"title":"Comenz\u00f3 la primera edici\u00f3n del CABMUN","description":"Hoy se realiz\u00f3 la ceremonia de inauguraci\u00f3n de la primera edici\u00f3n del Modelo de las Naciones Unidas de nuestro Colegio Alem\u00e1n de Barranquilla.","robots":{"index":"noindex","follow":"follow","max-snippet":"max-snippet:-1","max-image-preview":"max-image-preview:large","max-video-preview":"max-video-preview:-1"},"og_locale":"de_DE","og_type":"article","og_title":"Comenz\u00f3 la primera edici\u00f3n del CABMUN","og_description":"Hoy se realiz\u00f3 la ceremonia de inauguraci\u00f3n de la primera edici\u00f3n del Modelo de las Naciones Unidas de nuestro Colegio Alem\u00e1n de Barranquilla.","og_url":"https:\/\/ds-barranquilla.org\/de\/comenzo-la-primera-edicion-del-cabmun\/","og_site_name":"Colegio Alem\u00e1n - Los Mejores Colegios de Colombia - Colegio Triling\u00fce","article_publisher":"https:\/\/www.facebook.com\/ColegioAlemanBaq\/","article_published_time":"2023-05-23T20:54:51+00:00","article_modified_time":"2023-05-23T21:36:38+00:00","og_image":[{"width":1170,"height":480,"url":"https:\/\/ds-barranquilla.org\/wp-content\/uploads\/2023\/05\/Banner-noticias-Blog.png","type":"image\/png"}],"author":"Comunicaciones Comunicaciones","twitter_card":"summary_large_image","twitter_creator":"@ColegioAlemanBq","twitter_site":"@ColegioAlemanBq","twitter_misc":{"Verfasst von":"Comunicaciones Comunicaciones","Gesch\u00e4tzte Lesezeit":"2\u00a0Minuten"},"schema":{"@context":"https:\/\/schema.org","@graph":[{"@type":"Article","@id":"https:\/\/ds-barranquilla.org\/de\/comenzo-la-primera-edicion-del-cabmun\/#article","isPartOf":{"@id":"https:\/\/ds-barranquilla.org\/de\/comenzo-la-primera-edicion-del-cabmun\/"},"author":{"name":"Comunicaciones Comunicaciones","@id":"https:\/\/ds-barranquilla.org\/#\/schema\/person\/7bf8790ba89d3480e0551241ccdc8d36"},"headline":"Comenz\u00f3 la primera edici\u00f3n del CABMUN","datePublished":"2023-05-23T20:54:51+00:00","dateModified":"2023-05-23T21:36:38+00:00","mainEntityOfPage":{"@id":"https:\/\/ds-barranquilla.org\/de\/comenzo-la-primera-edicion-del-cabmun\/"},"wordCount":329,"commentCount":0,"publisher":{"@id":"https:\/\/ds-barranquilla.org\/#organization"},"image":{"@id":"https:\/\/ds-barranquilla.org\/de\/comenzo-la-primera-edicion-del-cabmun\/#primaryimage"},"thumbnailUrl":"https:\/\/ds-barranquilla.org\/wp-content\/uploads\/2023\/05\/Banner-noticias-Blog.png","articleSection":["2023","\u00c1rea de Individuos y Sociedades","Eventos","Proyectos acad\u00e9micos","Rector\u00eda","Secundaria"],"inLanguage":"de","potentialAction":[{"@type":"CommentAction","name":"Comment","target":["https:\/\/ds-barranquilla.org\/de\/comenzo-la-primera-edicion-del-cabmun\/#respond"]}]},{"@type":"WebPage","@id":"https:\/\/ds-barranquilla.org\/de\/comenzo-la-primera-edicion-del-cabmun\/","url":"https:\/\/ds-barranquilla.org\/de\/comenzo-la-primera-edicion-del-cabmun\/","name":"Comenz\u00f3 la primera edici\u00f3n del CABMUN","isPartOf":{"@id":"https:\/\/ds-barranquilla.org\/#website"},"primaryImageOfPage":{"@id":"https:\/\/ds-barranquilla.org\/de\/comenzo-la-primera-edicion-del-cabmun\/#primaryimage"},"image":{"@id":"https:\/\/ds-barranquilla.org\/de\/comenzo-la-primera-edicion-del-cabmun\/#primaryimage"},"thumbnailUrl":"https:\/\/ds-barranquilla.org\/wp-content\/uploads\/2023\/05\/Banner-noticias-Blog.png","datePublished":"2023-05-23T20:54:51+00:00","dateModified":"2023-05-23T21:36:38+00:00","description":"Hoy se realiz\u00f3 la ceremonia de inauguraci\u00f3n de la primera edici\u00f3n del Modelo de las Naciones Unidas de nuestro Colegio Alem\u00e1n de Barranquilla.","breadcrumb":{"@id":"https:\/\/ds-barranquilla.org\/de\/comenzo-la-primera-edicion-del-cabmun\/#breadcrumb"},"inLanguage":"de","potentialAction":[{"@type":"ReadAction","target":["https:\/\/ds-barranquilla.org\/de\/comenzo-la-primera-edicion-del-cabmun\/"]}]},{"@type":"ImageObject","inLanguage":"de","@id":"https:\/\/ds-barranquilla.org\/de\/comenzo-la-primera-edicion-del-cabmun\/#primaryimage","url":"https:\/\/ds-barranquilla.org\/wp-content\/uploads\/2023\/05\/Banner-noticias-Blog.png","contentUrl":"https:\/\/ds-barranquilla.org\/wp-content\/uploads\/2023\/05\/Banner-noticias-Blog.png","width":1170,"height":480},{"@type":"BreadcrumbList","@id":"https:\/\/ds-barranquilla.org\/de\/comenzo-la-primera-edicion-del-cabmun\/#breadcrumb","itemListElement":[{"@type":"ListItem","position":1,"name":"Portada","item":"https:\/\/ds-barranquilla.org\/"},{"@type":"ListItem","position":2,"name":"Comenz\u00f3 la primera edici\u00f3n del CABMUN"}]},{"@type":"WebSite","@id":"https:\/\/ds-barranquilla.org\/#website","url":"https:\/\/ds-barranquilla.org\/","name":"Colegio Alem\u00e1n - Los Mejores Colegios de Colombia - Colegio Triling\u00fce","description":"Colegio Alem\u00e1n  Barranquilla Colombia - Colegio Biling\u00fce - Triling\u00fce - El Mejor Colegio de Colombia","publisher":{"@id":"https:\/\/ds-barranquilla.org\/#organization"},"potentialAction":[{"@type":"SearchAction","target":{"@type":"EntryPoint","urlTemplate":"https:\/\/ds-barranquilla.org\/?s={search_term_string}"},"query-input":"required name=search_term_string"}],"inLanguage":"de"},{"@type":"Organization","@id":"https:\/\/ds-barranquilla.org\/#organization","name":"Colegio Alem\u00e1n Barranquilla","url":"https:\/\/ds-barranquilla.org\/","logo":{"@type":"ImageObject","inLanguage":"de","@id":"https:\/\/ds-barranquilla.org\/#\/schema\/logo\/image\/","url":"https:\/\/ds-barranquilla.org\/wp-content\/uploads\/2021\/05\/coleman_logo_2.png","contentUrl":"https:\/\/ds-barranquilla.org\/wp-content\/uploads\/2021\/05\/coleman_logo_2.png","width":418,"height":307,"caption":"Colegio Alem\u00e1n Barranquilla"},"image":{"@id":"https:\/\/ds-barranquilla.org\/#\/schema\/logo\/image\/"},"sameAs":["https:\/\/www.facebook.com\/ColegioAlemanBaq\/","https:\/\/x.com\/ColegioAlemanBq","https:\/\/www.instagram.com\/colegioalemanbaq\/","https:\/\/www.linkedin.com\/school\/deutsche-schule-barranquilla\/","https:\/\/www.youtube.com\/channel\/UCOOGZQCVs6aYRqIWvSN5agQ"]},{"@type":"Person","@id":"https:\/\/ds-barranquilla.org\/#\/schema\/person\/7bf8790ba89d3480e0551241ccdc8d36","name":"Comunicaciones Comunicaciones","image":{"@type":"ImageObject","inLanguage":"de","@id":"https:\/\/ds-barranquilla.org\/#\/schema\/person\/image\/","url":"https:\/\/secure.gravatar.com\/avatar\/a66ba9484a4338d81d6bea750e595038?s=96&d=mm&r=g","contentUrl":"https:\/\/secure.gravatar.com\/avatar\/a66ba9484a4338d81d6bea750e595038?s=96&d=mm&r=g","caption":"Comunicaciones Comunicaciones"}}]}},"_links":{"self":[{"href":"https:\/\/ds-barranquilla.org\/de\/wp-json\/wp\/v2\/posts\/23779"}],"collection":[{"href":"https:\/\/ds-barranquilla.org\/de\/wp-json\/wp\/v2\/posts"}],"about":[{"href":"https:\/\/ds-barranquilla.org\/de\/wp-json\/wp\/v2\/types\/post"}],"author":[{"embeddable":true,"href":"https:\/\/ds-barranquilla.org\/de\/wp-json\/wp\/v2\/users\/16"}],"replies":[{"embeddable":true,"href":"https:\/\/ds-barranquilla.org\/de\/wp-json\/wp\/v2\/comments?post=23779"}],"version-history":[{"count":10,"href":"https:\/\/ds-barranquilla.org\/de\/wp-json\/wp\/v2\/posts\/23779\/revisions"}],"predecessor-version":[{"id":23794,"href":"https:\/\/ds-barranquilla.org\/de\/wp-json\/wp\/v2\/posts\/23779\/revisions\/23794"}],"wp:featuredmedia":[{"embeddable":true,"href":"https:\/\/ds-barranquilla.org\/de\/wp-json\/wp\/v2\/media\/23781"}],"wp:attachment":[{"href":"https:\/\/ds-barranquilla.org\/de\/wp-json\/wp\/v2\/media?parent=23779"}],"wp:term":[{"taxonomy":"category","embeddable":true,"href":"https:\/\/ds-barranquilla.org\/de\/wp-json\/wp\/v2\/categories?post=23779"},{"taxonomy":"post_tag","embeddable":true,"href":"https:\/\/ds-barranquilla.org\/de\/wp-json\/wp\/v2\/tags?post=23779"}],"curies":[{"name":"wp","href":"https:\/\/api.w.org\/{rel}","templated":true}]}}