{"id":23795,"date":"2023-05-29T13:28:20","date_gmt":"2023-05-29T18:28:20","guid":{"rendered":"https:\/\/ds-barranquilla.org\/?p=23795"},"modified":"2023-05-29T13:45:53","modified_gmt":"2023-05-29T18:45:53","slug":"culmino-la-primera-edicion-del-cabmun","status":"publish","type":"post","link":"https:\/\/ds-barranquilla.org\/de\/culmino-la-primera-edicion-del-cabmun\/","title":{"rendered":"Culmin\u00f3 la primera edici\u00f3n del CABMUN"},"content":{"rendered":"<div data-elementor-type=\"wp-post\" data-elementor-id=\"23795\" class=\"elementor elementor-23795\">\n\t\t\t\t\t\t<section class=\"elementor-section elementor-top-section elementor-element elementor-element-c926f5d elementor-section-boxed elementor-section-height-default elementor-section-height-default\" data-id=\"c926f5d\" data-element_type=\"section\">\n\t\t\t\t\t\t<div class=\"elementor-container elementor-column-gap-default\">\n\t\t\t\t\t<div class=\"elementor-column elementor-col-100 elementor-top-column elementor-element elementor-element-a0c1153\" data-id=\"a0c1153\" data-element_type=\"column\">\n\t\t\t<div class=\"elementor-widget-wrap elementor-element-populated\">\n\t\t\t\t\t\t<div class=\"elementor-element elementor-element-63a7e69 elementor-widget elementor-widget-heading\" data-id=\"63a7e69\" data-element_type=\"widget\" data-widget_type=\"heading.default\">\n\t\t\t\t<div class=\"elementor-widget-container\">\n\t\t\t<style>\/*! elementor - v3.23.0 - 05-08-2024 *\/\n.elementor-heading-title{padding:0;margin:0;line-height:1}.elementor-widget-heading .elementor-heading-title[class*=elementor-size-]>a{color:inherit;font-size:inherit;line-height:inherit}.elementor-widget-heading .elementor-heading-title.elementor-size-small{font-size:15px}.elementor-widget-heading .elementor-heading-title.elementor-size-medium{font-size:19px}.elementor-widget-heading .elementor-heading-title.elementor-size-large{font-size:29px}.elementor-widget-heading .elementor-heading-title.elementor-size-xl{font-size:39px}.elementor-widget-heading .elementor-heading-title.elementor-size-xxl{font-size:59px}<\/style><h2 class=\"elementor-heading-title elementor-size-default\">Culmin\u00f3 la primera edici\u00f3n del CABMUN <\/h2>\t\t<\/div>\n\t\t\t\t<\/div>\n\t\t\t\t\t<\/div>\n\t\t<\/div>\n\t\t\t\t\t<\/div>\n\t\t<\/section>\n\t\t\t\t<section class=\"elementor-section elementor-top-section elementor-element elementor-element-7d8976d elementor-section-boxed elementor-section-height-default elementor-section-height-default\" data-id=\"7d8976d\" data-element_type=\"section\">\n\t\t\t\t\t\t<div class=\"elementor-container elementor-column-gap-default\">\n\t\t\t\t\t<div class=\"elementor-column elementor-col-100 elementor-top-column elementor-element elementor-element-fcc93de\" data-id=\"fcc93de\" data-element_type=\"column\">\n\t\t\t<div class=\"elementor-widget-wrap elementor-element-populated\">\n\t\t\t\t\t\t<div class=\"elementor-element elementor-element-bd052e0 elementor-widget elementor-widget-text-editor\" data-id=\"bd052e0\" data-element_type=\"widget\" data-widget_type=\"text-editor.default\">\n\t\t\t\t<div class=\"elementor-widget-container\">\n\t\t\t<style>\/*! elementor - v3.23.0 - 05-08-2024 *\/\n.elementor-widget-text-editor.elementor-drop-cap-view-stacked .elementor-drop-cap{background-color:#69727d;color:#fff}.elementor-widget-text-editor.elementor-drop-cap-view-framed .elementor-drop-cap{color:#69727d;border:3px solid;background-color:transparent}.elementor-widget-text-editor:not(.elementor-drop-cap-view-default) .elementor-drop-cap{margin-top:8px}.elementor-widget-text-editor:not(.elementor-drop-cap-view-default) .elementor-drop-cap-letter{width:1em;height:1em}.elementor-widget-text-editor .elementor-drop-cap{float:left;text-align:center;line-height:1;font-size:50px}.elementor-widget-text-editor .elementor-drop-cap-letter{display:inline-block}<\/style>\t\t\t\t<p><span class=\"TextRun SCXW157295756 BCX0\" lang=\"ES-ES\" xml:lang=\"ES-ES\" data-contrast=\"auto\"><span class=\"NormalTextRun SCXW157295756 BCX0\">Del 23 al 25 de mayo, <\/span><span class=\"NormalTextRun SCXW157295756 BCX0\">nuestro <\/span><span class=\"NormalTextRun SCXW157295756 BCX0\">Colegio Alem\u00e1n fue sede de uno de los eventos m\u00e1s esperados del a\u00f1o: el CABMUN, el Modelo de las Naciones Unidas que re\u00fane a estudiantes de diferentes colegios nacionales e internacionales para debatir y buscar soluciones a los problemas globales. <\/span><\/span><span class=\"EOP SCXW157295756 BCX0\" data-ccp-props=\"{&quot;134233117&quot;:false,&quot;134233118&quot;:false,&quot;201341983&quot;:0,&quot;335551550&quot;:1,&quot;335551620&quot;:1,&quot;335559685&quot;:0,&quot;335559737&quot;:0,&quot;335559738&quot;:0,&quot;335559739&quot;:160,&quot;335559740&quot;:259}\">\u00a0<\/span><\/p>\t\t\t\t\t\t<\/div>\n\t\t\t\t<\/div>\n\t\t\t\t\t<\/div>\n\t\t<\/div>\n\t\t\t\t\t<\/div>\n\t\t<\/section>\n\t\t\t\t<section class=\"elementor-section elementor-top-section elementor-element elementor-element-f8b5283 elementor-section-boxed elementor-section-height-default elementor-section-height-default\" data-id=\"f8b5283\" data-element_type=\"section\">\n\t\t\t\t\t\t<div class=\"elementor-container elementor-column-gap-default\">\n\t\t\t\t\t<div class=\"elementor-column elementor-col-50 elementor-top-column elementor-element elementor-element-afc835d\" data-id=\"afc835d\" data-element_type=\"column\">\n\t\t\t<div class=\"elementor-widget-wrap elementor-element-populated\">\n\t\t\t\t\t\t<div class=\"elementor-element elementor-element-c4a8631 elementor-widget elementor-widget-text-editor\" data-id=\"c4a8631\" data-element_type=\"widget\" data-widget_type=\"text-editor.default\">\n\t\t\t\t<div class=\"elementor-widget-container\">\n\t\t\t\t\t\t\t<p><span class=\"TextRun SCXW25983709 BCX0\" lang=\"ES-ES\" xml:lang=\"ES-ES\" data-contrast=\"auto\"><span class=\"NormalTextRun SCXW25983709 BCX0\">Con una participaci\u00f3n destacada de j\u00f3venes delegados, el evento culmin\u00f3 con un cierre lleno de emoci\u00f3n y reconocimientos.<\/span><span class=\"NormalTextRun SCXW25983709 BCX0\"> Para dar inicio al cierre del CABMUN, nuestro\u00a0<\/span><span class=\"NormalTextRun SCXW25983709 BCX0\">R<\/span><span class=\"NormalTextRun SCXW25983709 BCX0\">ector<\/span><span class=\"NormalTextRun SCXW25983709 BCX0\">,<\/span><span class=\"NormalTextRun SCXW25983709 BCX0\"> Ralph <\/span><span class=\"NormalTextRun SpellingErrorV2Themed SCXW25983709 BCX0\">Wiese<\/span><span class=\"NormalTextRun SCXW25983709 BCX0\">,<\/span><span class=\"NormalTextRun SCXW25983709 BCX0\"> subi\u00f3 al escenario para agradecer a todos los participantes por su dedicaci\u00f3n y compromiso durante el evento. En su discurso, resalt\u00f3 la importancia del di\u00e1logo y la colaboraci\u00f3n entre los j\u00f3venes para construir un mundo mejor.<\/span><\/span><span class=\"EOP SCXW25983709 BCX0\" data-ccp-props=\"{&quot;134233117&quot;:false,&quot;134233118&quot;:false,&quot;201341983&quot;:0,&quot;335551550&quot;:1,&quot;335551620&quot;:1,&quot;335559685&quot;:0,&quot;335559737&quot;:0,&quot;335559738&quot;:0,&quot;335559739&quot;:160,&quot;335559740&quot;:259}\">\u00a0<\/span><\/p>\t\t\t\t\t\t<\/div>\n\t\t\t\t<\/div>\n\t\t\t\t\t<\/div>\n\t\t<\/div>\n\t\t\t\t<div class=\"elementor-column elementor-col-50 elementor-top-column elementor-element elementor-element-30a1b5e\" data-id=\"30a1b5e\" data-element_type=\"column\">\n\t\t\t<div class=\"elementor-widget-wrap elementor-element-populated\">\n\t\t\t\t\t\t<div class=\"elementor-element elementor-element-d476932 elementor-widget elementor-widget-image\" data-id=\"d476932\" data-element_type=\"widget\" data-widget_type=\"image.default\">\n\t\t\t\t<div class=\"elementor-widget-container\">\n\t\t\t<style>\/*! elementor - v3.23.0 - 05-08-2024 *\/\n.elementor-widget-image{text-align:center}.elementor-widget-image a{display:inline-block}.elementor-widget-image a img[src$=\".svg\"]{width:48px}.elementor-widget-image img{vertical-align:middle;display:inline-block}<\/style>\t\t\t\t\t\t\t\t\t\t<img fetchpriority=\"high\" decoding=\"async\" width=\"768\" height=\"512\" src=\"https:\/\/ds-barranquilla.org\/wp-content\/uploads\/2023\/05\/DSC_1619-768x512.jpg\" class=\"attachment-medium_large size-medium_large wp-image-23800\" alt=\"\" srcset=\"https:\/\/ds-barranquilla.org\/wp-content\/uploads\/2023\/05\/DSC_1619-768x512.jpg 768w, https:\/\/ds-barranquilla.org\/wp-content\/uploads\/2023\/05\/DSC_1619-300x200.jpg 300w, https:\/\/ds-barranquilla.org\/wp-content\/uploads\/2023\/05\/DSC_1619-1024x683.jpg 1024w, https:\/\/ds-barranquilla.org\/wp-content\/uploads\/2023\/05\/DSC_1619-391x260.jpg 391w, https:\/\/ds-barranquilla.org\/wp-content\/uploads\/2023\/05\/DSC_1619-1536x1024.jpg 1536w, https:\/\/ds-barranquilla.org\/wp-content\/uploads\/2023\/05\/DSC_1619-2048x1365.jpg 2048w, https:\/\/ds-barranquilla.org\/wp-content\/uploads\/2023\/05\/DSC_1619-18x12.jpg 18w, https:\/\/ds-barranquilla.org\/wp-content\/uploads\/2023\/05\/DSC_1619-219x146.jpg 219w, https:\/\/ds-barranquilla.org\/wp-content\/uploads\/2023\/05\/DSC_1619-50x33.jpg 50w, https:\/\/ds-barranquilla.org\/wp-content\/uploads\/2023\/05\/DSC_1619-113x75.jpg 113w, https:\/\/ds-barranquilla.org\/wp-content\/uploads\/2023\/05\/DSC_1619-480x320.jpg 480w, https:\/\/ds-barranquilla.org\/wp-content\/uploads\/2023\/05\/DSC_1619-800x533.jpg 800w\" sizes=\"(max-width:767px) 480px, (max-width:768px) 100vw, 768px\" \/>\t\t\t\t\t\t\t\t\t\t\t\t\t<\/div>\n\t\t\t\t<\/div>\n\t\t\t\t\t<\/div>\n\t\t<\/div>\n\t\t\t\t\t<\/div>\n\t\t<\/section>\n\t\t\t\t<section class=\"elementor-section elementor-top-section elementor-element elementor-element-5fc214b elementor-section-boxed elementor-section-height-default elementor-section-height-default\" data-id=\"5fc214b\" data-element_type=\"section\">\n\t\t\t\t\t\t<div class=\"elementor-container elementor-column-gap-default\">\n\t\t\t\t\t<div class=\"elementor-column elementor-col-100 elementor-top-column elementor-element elementor-element-0527d14\" data-id=\"0527d14\" data-element_type=\"column\">\n\t\t\t<div class=\"elementor-widget-wrap elementor-element-populated\">\n\t\t\t\t\t\t<div class=\"elementor-element elementor-element-d12c681 elementor-widget elementor-widget-text-editor\" data-id=\"d12c681\" data-element_type=\"widget\" data-widget_type=\"text-editor.default\">\n\t\t\t\t<div class=\"elementor-widget-container\">\n\t\t\t\t\t\t\t<p><span data-contrast=\"auto\">\u201cEste espacio ha sido m\u00e1s que una simulaci\u00f3n; ha sido una ventana hacia la realidad, permitiendo a nuestros estudiantes enfrentarse a problemas globales y poner a prueba su paciencia, imaginaci\u00f3n, capacidad de escucha y habilidades propositivas para abordar conflictos\u201d, comparti\u00f3 Ralph Wiese en su discurso.<\/span><span data-ccp-props=\"{&quot;134233117&quot;:false,&quot;134233118&quot;:false,&quot;201341983&quot;:0,&quot;335551550&quot;:1,&quot;335551620&quot;:1,&quot;335559685&quot;:0,&quot;335559737&quot;:0,&quot;335559738&quot;:0,&quot;335559739&quot;:160,&quot;335559740&quot;:259}\">\u00a0<\/span><\/p><p><span data-contrast=\"auto\">Uno de los momentos m\u00e1s emocionantes y esperados fue la entrega de premios a los delegados destacados de cada comit\u00e9. Mejor Delegado Junior, Mejor Discurso de Apertura, Primer y Segundo Delegado Destacado y, el premio m\u00e1s esperado por todos, Mejor Delegado.<\/span><span data-ccp-props=\"{&quot;134233117&quot;:false,&quot;134233118&quot;:false,&quot;201341983&quot;:0,&quot;335551550&quot;:1,&quot;335551620&quot;:1,&quot;335559685&quot;:0,&quot;335559737&quot;:0,&quot;335559738&quot;:0,&quot;335559739&quot;:160,&quot;335559740&quot;:259}\">\u00a0<\/span><\/p><p><span data-contrast=\"auto\">El momento m\u00e1s importante del cierre fue precisamente\u00a0la entrega del premio al Mejor Delegado. Este reconocimiento es otorgado a aquel delegado que sobresale por su liderazgo, capacidad de persuasi\u00f3n y excelencia en sus intervenciones.<\/span><span data-ccp-props=\"{&quot;134233117&quot;:false,&quot;134233118&quot;:false,&quot;201341983&quot;:0,&quot;335551550&quot;:1,&quot;335551620&quot;:1,&quot;335559685&quot;:0,&quot;335559737&quot;:0,&quot;335559738&quot;:0,&quot;335559739&quot;:160,&quot;335559740&quot;:259}\">\u00a0<\/span><\/p>\t\t\t\t\t\t<\/div>\n\t\t\t\t<\/div>\n\t\t\t\t\t<\/div>\n\t\t<\/div>\n\t\t\t\t\t<\/div>\n\t\t<\/section>\n\t\t\t\t<section class=\"elementor-section elementor-top-section elementor-element elementor-element-0983573 elementor-section-boxed elementor-section-height-default elementor-section-height-default\" data-id=\"0983573\" data-element_type=\"section\">\n\t\t\t\t\t\t<div class=\"elementor-container elementor-column-gap-default\">\n\t\t\t\t\t<div class=\"elementor-column elementor-col-50 elementor-top-column elementor-element elementor-element-314b5dd\" data-id=\"314b5dd\" data-element_type=\"column\">\n\t\t\t<div class=\"elementor-widget-wrap elementor-element-populated\">\n\t\t\t\t\t\t<div class=\"elementor-element elementor-element-68ef56a elementor-widget elementor-widget-text-editor\" data-id=\"68ef56a\" data-element_type=\"widget\" data-widget_type=\"text-editor.default\">\n\t\t\t\t<div class=\"elementor-widget-container\">\n\t\t\t\t\t\t\t<p><span class=\"TextRun SCXW150215763 BCX0\" lang=\"ES-ES\" xml:lang=\"ES-ES\" data-contrast=\"auto\"><span class=\"NormalTextRun SCXW150215763 BCX0\">Finalmente, se hizo el anuncio <\/span><span class=\"NormalTextRun SCXW150215763 BCX0\">d<\/span><span class=\"NormalTextRun SCXW150215763 BCX0\">el nuevo <\/span><span class=\"NormalTextRun SCXW150215763 BCX0\">Secretario General<\/span><span class=\"NormalTextRun SCXW150215763 BCX0\"> para CABMUN 2024. Este puesto es de gran importancia, ya qu<\/span><span class=\"NormalTextRun SCXW150215763 BCX0\">e<\/span> <span class=\"NormalTextRun SCXW150215763 BCX0\">es quien <\/span><span class=\"NormalTextRun SCXW150215763 BCX0\">lidera la organizaci\u00f3n y planificaci\u00f3n del evento. <\/span><span class=\"NormalTextRun SCXW150215763 BCX0\">Santiago Cuadrado, <\/span><span class=\"NormalTextRun SCXW150215763 BCX0\">Secretario General<\/span><span class=\"NormalTextRun SCXW150215763 BCX0\"> del CABMUN 2023<\/span><span class=\"NormalTextRun SCXW150215763 BCX0\">,<\/span> <span class=\"NormalTextRun SCXW150215763 BCX0\">anunci\u00f3 a Carlos <\/span><span class=\"NormalTextRun SCXW150215763 BCX0\">Vendries<\/span> <span class=\"NormalTextRun SCXW150215763 BCX0\">como el <\/span><span class=\"NormalTextRun SCXW150215763 BCX0\">Secretario General<\/span><span class=\"NormalTextRun SCXW150215763 BCX0\"> para <\/span><span class=\"NormalTextRun SCXW150215763 BCX0\">das <\/span><span class=\"NormalTextRun SCXW150215763 BCX0\">CABMUN 2024.<\/span><\/span><span class=\"EOP SCXW150215763 BCX0\" data-ccp-props=\"{&quot;134233117&quot;:false,&quot;134233118&quot;:false,&quot;201341983&quot;:0,&quot;335551550&quot;:1,&quot;335551620&quot;:1,&quot;335559685&quot;:0,&quot;335559737&quot;:0,&quot;335559738&quot;:0,&quot;335559739&quot;:160,&quot;335559740&quot;:259}\">\u00a0<\/span><\/p>\t\t\t\t\t\t<\/div>\n\t\t\t\t<\/div>\n\t\t\t\t\t<\/div>\n\t\t<\/div>\n\t\t\t\t<div class=\"elementor-column elementor-col-50 elementor-top-column elementor-element elementor-element-a66a4f0\" data-id=\"a66a4f0\" data-element_type=\"column\">\n\t\t\t<div class=\"elementor-widget-wrap elementor-element-populated\">\n\t\t\t\t\t\t<div class=\"elementor-element elementor-element-7332ca3 elementor-widget elementor-widget-image\" data-id=\"7332ca3\" data-element_type=\"widget\" data-widget_type=\"image.default\">\n\t\t\t\t<div class=\"elementor-widget-container\">\n\t\t\t\t\t\t\t\t\t\t\t\t\t<img decoding=\"async\" width=\"768\" height=\"512\" src=\"https:\/\/ds-barranquilla.org\/wp-content\/uploads\/2023\/05\/DSC_1691-768x512.jpg\" class=\"attachment-medium_large size-medium_large wp-image-23804\" alt=\"\" srcset=\"https:\/\/ds-barranquilla.org\/wp-content\/uploads\/2023\/05\/DSC_1691-768x512.jpg 768w, https:\/\/ds-barranquilla.org\/wp-content\/uploads\/2023\/05\/DSC_1691-300x200.jpg 300w, https:\/\/ds-barranquilla.org\/wp-content\/uploads\/2023\/05\/DSC_1691-1024x683.jpg 1024w, https:\/\/ds-barranquilla.org\/wp-content\/uploads\/2023\/05\/DSC_1691-391x260.jpg 391w, https:\/\/ds-barranquilla.org\/wp-content\/uploads\/2023\/05\/DSC_1691-1536x1024.jpg 1536w, https:\/\/ds-barranquilla.org\/wp-content\/uploads\/2023\/05\/DSC_1691-2048x1365.jpg 2048w, https:\/\/ds-barranquilla.org\/wp-content\/uploads\/2023\/05\/DSC_1691-18x12.jpg 18w, https:\/\/ds-barranquilla.org\/wp-content\/uploads\/2023\/05\/DSC_1691-219x146.jpg 219w, https:\/\/ds-barranquilla.org\/wp-content\/uploads\/2023\/05\/DSC_1691-50x33.jpg 50w, https:\/\/ds-barranquilla.org\/wp-content\/uploads\/2023\/05\/DSC_1691-113x75.jpg 113w, https:\/\/ds-barranquilla.org\/wp-content\/uploads\/2023\/05\/DSC_1691-480x320.jpg 480w, https:\/\/ds-barranquilla.org\/wp-content\/uploads\/2023\/05\/DSC_1691-800x533.jpg 800w\" sizes=\"(max-width:767px) 480px, (max-width:768px) 100vw, 768px\" \/>\t\t\t\t\t\t\t\t\t\t\t\t\t<\/div>\n\t\t\t\t<\/div>\n\t\t\t\t\t<\/div>\n\t\t<\/div>\n\t\t\t\t\t<\/div>\n\t\t<\/section>\n\t\t\t\t<section class=\"elementor-section elementor-top-section elementor-element elementor-element-57031cd elementor-section-boxed elementor-section-height-default elementor-section-height-default\" data-id=\"57031cd\" data-element_type=\"section\">\n\t\t\t\t\t\t<div class=\"elementor-container elementor-column-gap-default\">\n\t\t\t\t\t<div class=\"elementor-column elementor-col-50 elementor-top-column elementor-element elementor-element-5a5dd59\" data-id=\"5a5dd59\" data-element_type=\"column\">\n\t\t\t<div class=\"elementor-widget-wrap elementor-element-populated\">\n\t\t\t\t\t\t<div class=\"elementor-element elementor-element-2bd012c elementor-widget elementor-widget-image\" data-id=\"2bd012c\" data-element_type=\"widget\" data-widget_type=\"image.default\">\n\t\t\t\t<div class=\"elementor-widget-container\">\n\t\t\t\t\t\t\t\t\t\t\t\t\t<img decoding=\"async\" src=\"https:\/\/ds-barranquilla.org\/wp-content\/uploads\/2023\/05\/DSC_1610.jpg\" class=\"attachment-large size-large wp-image-23798\" alt=\"\" \/>\t\t\t\t\t\t\t\t\t\t\t\t\t<\/div>\n\t\t\t\t<\/div>\n\t\t\t\t\t<\/div>\n\t\t<\/div>\n\t\t\t\t<div class=\"elementor-column elementor-col-50 elementor-top-column elementor-element elementor-element-cf6643b\" data-id=\"cf6643b\" data-element_type=\"column\">\n\t\t\t<div class=\"elementor-widget-wrap elementor-element-populated\">\n\t\t\t\t\t\t<div class=\"elementor-element elementor-element-3537c03 elementor-widget elementor-widget-image\" data-id=\"3537c03\" data-element_type=\"widget\" data-widget_type=\"image.default\">\n\t\t\t\t<div class=\"elementor-widget-container\">\n\t\t\t\t\t\t\t\t\t\t\t\t\t<img decoding=\"async\" width=\"1024\" height=\"683\" src=\"https:\/\/ds-barranquilla.org\/wp-content\/uploads\/2023\/05\/DSC_1617-1024x683.jpg\" class=\"attachment-large size-large wp-image-23799\" alt=\"\" srcset=\"https:\/\/ds-barranquilla.org\/wp-content\/uploads\/2023\/05\/DSC_1617-1024x683.jpg 1024w, https:\/\/ds-barranquilla.org\/wp-content\/uploads\/2023\/05\/DSC_1617-300x200.jpg 300w, https:\/\/ds-barranquilla.org\/wp-content\/uploads\/2023\/05\/DSC_1617-768x512.jpg 768w, https:\/\/ds-barranquilla.org\/wp-content\/uploads\/2023\/05\/DSC_1617-391x260.jpg 391w, https:\/\/ds-barranquilla.org\/wp-content\/uploads\/2023\/05\/DSC_1617-1536x1024.jpg 1536w, https:\/\/ds-barranquilla.org\/wp-content\/uploads\/2023\/05\/DSC_1617-2048x1365.jpg 2048w, https:\/\/ds-barranquilla.org\/wp-content\/uploads\/2023\/05\/DSC_1617-18x12.jpg 18w, https:\/\/ds-barranquilla.org\/wp-content\/uploads\/2023\/05\/DSC_1617-219x146.jpg 219w, https:\/\/ds-barranquilla.org\/wp-content\/uploads\/2023\/05\/DSC_1617-50x33.jpg 50w, https:\/\/ds-barranquilla.org\/wp-content\/uploads\/2023\/05\/DSC_1617-113x75.jpg 113w, https:\/\/ds-barranquilla.org\/wp-content\/uploads\/2023\/05\/DSC_1617-480x320.jpg 480w, https:\/\/ds-barranquilla.org\/wp-content\/uploads\/2023\/05\/DSC_1617-800x533.jpg 800w\" sizes=\"(max-width:767px) 480px, (max-width:1024px) 100vw, 1024px\" \/>\t\t\t\t\t\t\t\t\t\t\t\t\t<\/div>\n\t\t\t\t<\/div>\n\t\t\t\t\t<\/div>\n\t\t<\/div>\n\t\t\t\t\t<\/div>\n\t\t<\/section>\n\t\t\t\t<\/div>","protected":false},"excerpt":{"rendered":"<p>Culmin\u00f3 la primera edici\u00f3n del CABMUN Del 23 al 25 de mayo, nuestro Colegio Alem\u00e1n fue sede de uno de los eventos m\u00e1s esperados del a\u00f1o:<span class=\"excerpt-hellip\"> [\u2026]<\/span><\/p>","protected":false},"author":16,"featured_media":23803,"comment_status":"open","ping_status":"open","sticky":false,"template":"","format":"standard","meta":{"_exactmetrics_skip_tracking":false,"_exactmetrics_sitenote_active":false,"_exactmetrics_sitenote_note":"","_exactmetrics_sitenote_category":0,"_joinchat":[],"footnotes":""},"categories":[713,688,708,709,710],"tags":[],"class_list":["post-23795","post","type-post","status-publish","format-standard","has-post-thumbnail","hentry","category-713","category-area-de-individuos-y-sociedades","category-proyectos-academicos","category-rectoria","category-secundaria"],"yoast_head":"<!-- This site is optimized with the Yoast SEO plugin v23.3 - https:\/\/yoast.com\/wordpress\/plugins\/seo\/ -->\n<title>Culmin\u00f3 la primera edici\u00f3n del CABMUN<\/title>\n<meta name=\"robots\" content=\"noindex, follow, max-snippet:-1, max-image-preview:large, max-video-preview:-1\" \/>\n<meta property=\"og:locale\" content=\"de_DE\" \/>\n<meta property=\"og:type\" content=\"article\" \/>\n<meta property=\"og:title\" content=\"Culmin\u00f3 la primera edici\u00f3n del CABMUN\" \/>\n<meta property=\"og:description\" content=\"Culmin\u00f3 la primera edici\u00f3n del CABMUN Del 23 al 25 de mayo, nuestro Colegio Alem\u00e1n fue sede de uno de los eventos m\u00e1s esperados del a\u00f1o: [\u2026]\" \/>\n<meta property=\"og:url\" content=\"https:\/\/ds-barranquilla.org\/de\/culmino-la-primera-edicion-del-cabmun\/\" \/>\n<meta property=\"og:site_name\" content=\"Colegio Alem\u00e1n - Los Mejores Colegios de Colombia - Colegio Triling\u00fce\" \/>\n<meta property=\"article:publisher\" content=\"https:\/\/www.facebook.com\/ColegioAlemanBaq\/\" \/>\n<meta property=\"article:published_time\" content=\"2023-05-29T18:28:20+00:00\" \/>\n<meta property=\"article:modified_time\" content=\"2023-05-29T18:45:53+00:00\" \/>\n<meta property=\"og:image\" content=\"https:\/\/ds-barranquilla.org\/wp-content\/uploads\/2023\/05\/Banner-noticias-Blog-1.png\" \/>\n\t<meta property=\"og:image:width\" content=\"1170\" \/>\n\t<meta property=\"og:image:height\" content=\"480\" \/>\n\t<meta property=\"og:image:type\" content=\"image\/png\" \/>\n<meta name=\"author\" content=\"Comunicaciones Comunicaciones\" \/>\n<meta name=\"twitter:card\" content=\"summary_large_image\" \/>\n<meta name=\"twitter:creator\" content=\"@ColegioAlemanBq\" \/>\n<meta name=\"twitter:site\" content=\"@ColegioAlemanBq\" \/>\n<meta name=\"twitter:label1\" content=\"Verfasst von\" \/>\n\t<meta name=\"twitter:data1\" content=\"Comunicaciones Comunicaciones\" \/>\n\t<meta name=\"twitter:label2\" content=\"Gesch\u00e4tzte Lesezeit\" \/>\n\t<meta name=\"twitter:data2\" content=\"2\u00a0Minuten\" \/>\n<script type=\"application\/ld+json\" class=\"yoast-schema-graph\">{\"@context\":\"https:\/\/schema.org\",\"@graph\":[{\"@type\":\"Article\",\"@id\":\"https:\/\/ds-barranquilla.org\/de\/culmino-la-primera-edicion-del-cabmun\/#article\",\"isPartOf\":{\"@id\":\"https:\/\/ds-barranquilla.org\/de\/culmino-la-primera-edicion-del-cabmun\/\"},\"author\":{\"name\":\"Comunicaciones Comunicaciones\",\"@id\":\"https:\/\/ds-barranquilla.org\/#\/schema\/person\/7bf8790ba89d3480e0551241ccdc8d36\"},\"headline\":\"Culmin\u00f3 la primera edici\u00f3n del CABMUN\",\"datePublished\":\"2023-05-29T18:28:20+00:00\",\"dateModified\":\"2023-05-29T18:45:53+00:00\",\"mainEntityOfPage\":{\"@id\":\"https:\/\/ds-barranquilla.org\/de\/culmino-la-primera-edicion-del-cabmun\/\"},\"wordCount\":310,\"commentCount\":0,\"publisher\":{\"@id\":\"https:\/\/ds-barranquilla.org\/#organization\"},\"image\":{\"@id\":\"https:\/\/ds-barranquilla.org\/de\/culmino-la-primera-edicion-del-cabmun\/#primaryimage\"},\"thumbnailUrl\":\"https:\/\/ds-barranquilla.org\/wp-content\/uploads\/2023\/05\/Banner-noticias-Blog-1.png\",\"articleSection\":[\"2023\",\"\u00c1rea de Individuos y Sociedades\",\"Proyectos acad\u00e9micos\",\"Rector\u00eda\",\"Secundaria\"],\"inLanguage\":\"de\",\"potentialAction\":[{\"@type\":\"CommentAction\",\"name\":\"Comment\",\"target\":[\"https:\/\/ds-barranquilla.org\/de\/culmino-la-primera-edicion-del-cabmun\/#respond\"]}]},{\"@type\":\"WebPage\",\"@id\":\"https:\/\/ds-barranquilla.org\/de\/culmino-la-primera-edicion-del-cabmun\/\",\"url\":\"https:\/\/ds-barranquilla.org\/de\/culmino-la-primera-edicion-del-cabmun\/\",\"name\":\"Culmin\u00f3 la primera edici\u00f3n del CABMUN\",\"isPartOf\":{\"@id\":\"https:\/\/ds-barranquilla.org\/#website\"},\"primaryImageOfPage\":{\"@id\":\"https:\/\/ds-barranquilla.org\/de\/culmino-la-primera-edicion-del-cabmun\/#primaryimage\"},\"image\":{\"@id\":\"https:\/\/ds-barranquilla.org\/de\/culmino-la-primera-edicion-del-cabmun\/#primaryimage\"},\"thumbnailUrl\":\"https:\/\/ds-barranquilla.org\/wp-content\/uploads\/2023\/05\/Banner-noticias-Blog-1.png\",\"datePublished\":\"2023-05-29T18:28:20+00:00\",\"dateModified\":\"2023-05-29T18:45:53+00:00\",\"breadcrumb\":{\"@id\":\"https:\/\/ds-barranquilla.org\/de\/culmino-la-primera-edicion-del-cabmun\/#breadcrumb\"},\"inLanguage\":\"de\",\"potentialAction\":[{\"@type\":\"ReadAction\",\"target\":[\"https:\/\/ds-barranquilla.org\/de\/culmino-la-primera-edicion-del-cabmun\/\"]}]},{\"@type\":\"ImageObject\",\"inLanguage\":\"de\",\"@id\":\"https:\/\/ds-barranquilla.org\/de\/culmino-la-primera-edicion-del-cabmun\/#primaryimage\",\"url\":\"https:\/\/ds-barranquilla.org\/wp-content\/uploads\/2023\/05\/Banner-noticias-Blog-1.png\",\"contentUrl\":\"https:\/\/ds-barranquilla.org\/wp-content\/uploads\/2023\/05\/Banner-noticias-Blog-1.png\",\"width\":1170,\"height\":480},{\"@type\":\"BreadcrumbList\",\"@id\":\"https:\/\/ds-barranquilla.org\/de\/culmino-la-primera-edicion-del-cabmun\/#breadcrumb\",\"itemListElement\":[{\"@type\":\"ListItem\",\"position\":1,\"name\":\"Portada\",\"item\":\"https:\/\/ds-barranquilla.org\/\"},{\"@type\":\"ListItem\",\"position\":2,\"name\":\"Culmin\u00f3 la primera edici\u00f3n del CABMUN\"}]},{\"@type\":\"WebSite\",\"@id\":\"https:\/\/ds-barranquilla.org\/#website\",\"url\":\"https:\/\/ds-barranquilla.org\/\",\"name\":\"Colegio Alem\u00e1n - Los Mejores Colegios de Colombia - Colegio Triling\u00fce\",\"description\":\"Colegio Alem\u00e1n  Barranquilla Colombia - Colegio Biling\u00fce - Triling\u00fce - El Mejor Colegio de Colombia\",\"publisher\":{\"@id\":\"https:\/\/ds-barranquilla.org\/#organization\"},\"potentialAction\":[{\"@type\":\"SearchAction\",\"target\":{\"@type\":\"EntryPoint\",\"urlTemplate\":\"https:\/\/ds-barranquilla.org\/?s={search_term_string}\"},\"query-input\":\"required name=search_term_string\"}],\"inLanguage\":\"de\"},{\"@type\":\"Organization\",\"@id\":\"https:\/\/ds-barranquilla.org\/#organization\",\"name\":\"Colegio Alem\u00e1n Barranquilla\",\"url\":\"https:\/\/ds-barranquilla.org\/\",\"logo\":{\"@type\":\"ImageObject\",\"inLanguage\":\"de\",\"@id\":\"https:\/\/ds-barranquilla.org\/#\/schema\/logo\/image\/\",\"url\":\"https:\/\/ds-barranquilla.org\/wp-content\/uploads\/2021\/05\/coleman_logo_2.png\",\"contentUrl\":\"https:\/\/ds-barranquilla.org\/wp-content\/uploads\/2021\/05\/coleman_logo_2.png\",\"width\":418,\"height\":307,\"caption\":\"Colegio Alem\u00e1n Barranquilla\"},\"image\":{\"@id\":\"https:\/\/ds-barranquilla.org\/#\/schema\/logo\/image\/\"},\"sameAs\":[\"https:\/\/www.facebook.com\/ColegioAlemanBaq\/\",\"https:\/\/x.com\/ColegioAlemanBq\",\"https:\/\/www.instagram.com\/colegioalemanbaq\/\",\"https:\/\/www.linkedin.com\/school\/deutsche-schule-barranquilla\/\",\"https:\/\/www.youtube.com\/channel\/UCOOGZQCVs6aYRqIWvSN5agQ\"]},{\"@type\":\"Person\",\"@id\":\"https:\/\/ds-barranquilla.org\/#\/schema\/person\/7bf8790ba89d3480e0551241ccdc8d36\",\"name\":\"Comunicaciones Comunicaciones\",\"image\":{\"@type\":\"ImageObject\",\"inLanguage\":\"de\",\"@id\":\"https:\/\/ds-barranquilla.org\/#\/schema\/person\/image\/\",\"url\":\"https:\/\/secure.gravatar.com\/avatar\/a66ba9484a4338d81d6bea750e595038?s=96&d=mm&r=g\",\"contentUrl\":\"https:\/\/secure.gravatar.com\/avatar\/a66ba9484a4338d81d6bea750e595038?s=96&d=mm&r=g\",\"caption\":\"Comunicaciones Comunicaciones\"}}]}<\/script>\n<!-- \/ Yoast SEO plugin. -->","yoast_head_json":{"title":"Culmin\u00f3 la primera edici\u00f3n del CABMUN","robots":{"index":"noindex","follow":"follow","max-snippet":"max-snippet:-1","max-image-preview":"max-image-preview:large","max-video-preview":"max-video-preview:-1"},"og_locale":"de_DE","og_type":"article","og_title":"Culmin\u00f3 la primera edici\u00f3n del CABMUN","og_description":"Culmin\u00f3 la primera edici\u00f3n del CABMUN Del 23 al 25 de mayo, nuestro Colegio Alem\u00e1n fue sede de uno de los eventos m\u00e1s esperados del a\u00f1o: [\u2026]","og_url":"https:\/\/ds-barranquilla.org\/de\/culmino-la-primera-edicion-del-cabmun\/","og_site_name":"Colegio Alem\u00e1n - Los Mejores Colegios de Colombia - Colegio Triling\u00fce","article_publisher":"https:\/\/www.facebook.com\/ColegioAlemanBaq\/","article_published_time":"2023-05-29T18:28:20+00:00","article_modified_time":"2023-05-29T18:45:53+00:00","og_image":[{"width":1170,"height":480,"url":"https:\/\/ds-barranquilla.org\/wp-content\/uploads\/2023\/05\/Banner-noticias-Blog-1.png","type":"image\/png"}],"author":"Comunicaciones Comunicaciones","twitter_card":"summary_large_image","twitter_creator":"@ColegioAlemanBq","twitter_site":"@ColegioAlemanBq","twitter_misc":{"Verfasst von":"Comunicaciones Comunicaciones","Gesch\u00e4tzte Lesezeit":"2\u00a0Minuten"},"schema":{"@context":"https:\/\/schema.org","@graph":[{"@type":"Article","@id":"https:\/\/ds-barranquilla.org\/de\/culmino-la-primera-edicion-del-cabmun\/#article","isPartOf":{"@id":"https:\/\/ds-barranquilla.org\/de\/culmino-la-primera-edicion-del-cabmun\/"},"author":{"name":"Comunicaciones Comunicaciones","@id":"https:\/\/ds-barranquilla.org\/#\/schema\/person\/7bf8790ba89d3480e0551241ccdc8d36"},"headline":"Culmin\u00f3 la primera edici\u00f3n del CABMUN","datePublished":"2023-05-29T18:28:20+00:00","dateModified":"2023-05-29T18:45:53+00:00","mainEntityOfPage":{"@id":"https:\/\/ds-barranquilla.org\/de\/culmino-la-primera-edicion-del-cabmun\/"},"wordCount":310,"commentCount":0,"publisher":{"@id":"https:\/\/ds-barranquilla.org\/#organization"},"image":{"@id":"https:\/\/ds-barranquilla.org\/de\/culmino-la-primera-edicion-del-cabmun\/#primaryimage"},"thumbnailUrl":"https:\/\/ds-barranquilla.org\/wp-content\/uploads\/2023\/05\/Banner-noticias-Blog-1.png","articleSection":["2023","\u00c1rea de Individuos y Sociedades","Proyectos acad\u00e9micos","Rector\u00eda","Secundaria"],"inLanguage":"de","potentialAction":[{"@type":"CommentAction","name":"Comment","target":["https:\/\/ds-barranquilla.org\/de\/culmino-la-primera-edicion-del-cabmun\/#respond"]}]},{"@type":"WebPage","@id":"https:\/\/ds-barranquilla.org\/de\/culmino-la-primera-edicion-del-cabmun\/","url":"https:\/\/ds-barranquilla.org\/de\/culmino-la-primera-edicion-del-cabmun\/","name":"Culmin\u00f3 la primera edici\u00f3n del CABMUN","isPartOf":{"@id":"https:\/\/ds-barranquilla.org\/#website"},"primaryImageOfPage":{"@id":"https:\/\/ds-barranquilla.org\/de\/culmino-la-primera-edicion-del-cabmun\/#primaryimage"},"image":{"@id":"https:\/\/ds-barranquilla.org\/de\/culmino-la-primera-edicion-del-cabmun\/#primaryimage"},"thumbnailUrl":"https:\/\/ds-barranquilla.org\/wp-content\/uploads\/2023\/05\/Banner-noticias-Blog-1.png","datePublished":"2023-05-29T18:28:20+00:00","dateModified":"2023-05-29T18:45:53+00:00","breadcrumb":{"@id":"https:\/\/ds-barranquilla.org\/de\/culmino-la-primera-edicion-del-cabmun\/#breadcrumb"},"inLanguage":"de","potentialAction":[{"@type":"ReadAction","target":["https:\/\/ds-barranquilla.org\/de\/culmino-la-primera-edicion-del-cabmun\/"]}]},{"@type":"ImageObject","inLanguage":"de","@id":"https:\/\/ds-barranquilla.org\/de\/culmino-la-primera-edicion-del-cabmun\/#primaryimage","url":"https:\/\/ds-barranquilla.org\/wp-content\/uploads\/2023\/05\/Banner-noticias-Blog-1.png","contentUrl":"https:\/\/ds-barranquilla.org\/wp-content\/uploads\/2023\/05\/Banner-noticias-Blog-1.png","width":1170,"height":480},{"@type":"BreadcrumbList","@id":"https:\/\/ds-barranquilla.org\/de\/culmino-la-primera-edicion-del-cabmun\/#breadcrumb","itemListElement":[{"@type":"ListItem","position":1,"name":"Portada","item":"https:\/\/ds-barranquilla.org\/"},{"@type":"ListItem","position":2,"name":"Culmin\u00f3 la primera edici\u00f3n del CABMUN"}]},{"@type":"WebSite","@id":"https:\/\/ds-barranquilla.org\/#website","url":"https:\/\/ds-barranquilla.org\/","name":"Colegio Alem\u00e1n - Los Mejores Colegios de Colombia - Colegio Triling\u00fce","description":"Colegio Alem\u00e1n  Barranquilla Colombia - Colegio Biling\u00fce - Triling\u00fce - El Mejor Colegio de Colombia","publisher":{"@id":"https:\/\/ds-barranquilla.org\/#organization"},"potentialAction":[{"@type":"SearchAction","target":{"@type":"EntryPoint","urlTemplate":"https:\/\/ds-barranquilla.org\/?s={search_term_string}"},"query-input":"required name=search_term_string"}],"inLanguage":"de"},{"@type":"Organization","@id":"https:\/\/ds-barranquilla.org\/#organization","name":"Colegio Alem\u00e1n Barranquilla","url":"https:\/\/ds-barranquilla.org\/","logo":{"@type":"ImageObject","inLanguage":"de","@id":"https:\/\/ds-barranquilla.org\/#\/schema\/logo\/image\/","url":"https:\/\/ds-barranquilla.org\/wp-content\/uploads\/2021\/05\/coleman_logo_2.png","contentUrl":"https:\/\/ds-barranquilla.org\/wp-content\/uploads\/2021\/05\/coleman_logo_2.png","width":418,"height":307,"caption":"Colegio Alem\u00e1n Barranquilla"},"image":{"@id":"https:\/\/ds-barranquilla.org\/#\/schema\/logo\/image\/"},"sameAs":["https:\/\/www.facebook.com\/ColegioAlemanBaq\/","https:\/\/x.com\/ColegioAlemanBq","https:\/\/www.instagram.com\/colegioalemanbaq\/","https:\/\/www.linkedin.com\/school\/deutsche-schule-barranquilla\/","https:\/\/www.youtube.com\/channel\/UCOOGZQCVs6aYRqIWvSN5agQ"]},{"@type":"Person","@id":"https:\/\/ds-barranquilla.org\/#\/schema\/person\/7bf8790ba89d3480e0551241ccdc8d36","name":"Comunicaciones Comunicaciones","image":{"@type":"ImageObject","inLanguage":"de","@id":"https:\/\/ds-barranquilla.org\/#\/schema\/person\/image\/","url":"https:\/\/secure.gravatar.com\/avatar\/a66ba9484a4338d81d6bea750e595038?s=96&d=mm&r=g","contentUrl":"https:\/\/secure.gravatar.com\/avatar\/a66ba9484a4338d81d6bea750e595038?s=96&d=mm&r=g","caption":"Comunicaciones Comunicaciones"}}]}},"_links":{"self":[{"href":"https:\/\/ds-barranquilla.org\/de\/wp-json\/wp\/v2\/posts\/23795"}],"collection":[{"href":"https:\/\/ds-barranquilla.org\/de\/wp-json\/wp\/v2\/posts"}],"about":[{"href":"https:\/\/ds-barranquilla.org\/de\/wp-json\/wp\/v2\/types\/post"}],"author":[{"embeddable":true,"href":"https:\/\/ds-barranquilla.org\/de\/wp-json\/wp\/v2\/users\/16"}],"replies":[{"embeddable":true,"href":"https:\/\/ds-barranquilla.org\/de\/wp-json\/wp\/v2\/comments?post=23795"}],"version-history":[{"count":8,"href":"https:\/\/ds-barranquilla.org\/de\/wp-json\/wp\/v2\/posts\/23795\/revisions"}],"predecessor-version":[{"id":23811,"href":"https:\/\/ds-barranquilla.org\/de\/wp-json\/wp\/v2\/posts\/23795\/revisions\/23811"}],"wp:featuredmedia":[{"embeddable":true,"href":"https:\/\/ds-barranquilla.org\/de\/wp-json\/wp\/v2\/media\/23803"}],"wp:attachment":[{"href":"https:\/\/ds-barranquilla.org\/de\/wp-json\/wp\/v2\/media?parent=23795"}],"wp:term":[{"taxonomy":"category","embeddable":true,"href":"https:\/\/ds-barranquilla.org\/de\/wp-json\/wp\/v2\/categories?post=23795"},{"taxonomy":"post_tag","embeddable":true,"href":"https:\/\/ds-barranquilla.org\/de\/wp-json\/wp\/v2\/tags?post=23795"}],"curies":[{"name":"wp","href":"https:\/\/api.w.org\/{rel}","templated":true}]}}