{"id":23869,"date":"2023-06-05T09:17:27","date_gmt":"2023-06-05T14:17:27","guid":{"rendered":"https:\/\/ds-barranquilla.org\/?p=23869"},"modified":"2023-06-05T11:32:16","modified_gmt":"2023-06-05T16:32:16","slug":"tras-un-receso-celebramos-la-vida-con-la-noche-de-danza-2023","status":"publish","type":"post","link":"https:\/\/ds-barranquilla.org\/de\/tras-un-receso-celebramos-la-vida-con-la-noche-de-danza-2023\/","title":{"rendered":"Tras un receso, \u00a1celebramos la vida con la Noche de Danza 2023!"},"content":{"rendered":"<div data-elementor-type=\"wp-post\" data-elementor-id=\"23869\" class=\"elementor elementor-23869\">\n\t\t\t\t\t\t<section class=\"elementor-section elementor-top-section elementor-element elementor-element-b4d0ff2 elementor-section-boxed elementor-section-height-default elementor-section-height-default\" data-id=\"b4d0ff2\" data-element_type=\"section\">\n\t\t\t\t\t\t<div class=\"elementor-container elementor-column-gap-default\">\n\t\t\t\t\t<div class=\"elementor-column elementor-col-100 elementor-top-column elementor-element elementor-element-2779770\" data-id=\"2779770\" data-element_type=\"column\">\n\t\t\t<div class=\"elementor-widget-wrap elementor-element-populated\">\n\t\t\t\t\t\t<div class=\"elementor-element elementor-element-70d4c56 elementor-widget elementor-widget-text-editor\" data-id=\"70d4c56\" data-element_type=\"widget\" data-widget_type=\"text-editor.default\">\n\t\t\t\t<div class=\"elementor-widget-container\">\n\t\t\t<style>\/*! elementor - v3.23.0 - 05-08-2024 *\/\n.elementor-widget-text-editor.elementor-drop-cap-view-stacked .elementor-drop-cap{background-color:#69727d;color:#fff}.elementor-widget-text-editor.elementor-drop-cap-view-framed .elementor-drop-cap{color:#69727d;border:3px solid;background-color:transparent}.elementor-widget-text-editor:not(.elementor-drop-cap-view-default) .elementor-drop-cap{margin-top:8px}.elementor-widget-text-editor:not(.elementor-drop-cap-view-default) .elementor-drop-cap-letter{width:1em;height:1em}.elementor-widget-text-editor .elementor-drop-cap{float:left;text-align:center;line-height:1;font-size:50px}.elementor-widget-text-editor .elementor-drop-cap-letter{display:inline-block}<\/style>\t\t\t\t<h2><span style=\"color: #cc3524;\">Tras un receso, \u00a1celebramos la vida con la Noche de Danza 2023!<\/span><\/h2><p>Despu\u00e9s de algunos a\u00f1os, la Noche de Danza regres\u00f3 con m\u00e1s fuerza que nunca al Colegio Alem\u00e1n de Barranquilla. El viernes 2 de junio, a las 6:00 p.m., nuestro Auditorio estaba lleno de familias a la espera de las sorpresas de este evento art\u00edstico institucional.<\/p><p>La Noche de Danza \/ Tanznacht, enmarcada este a\u00f1o bajo el lema \u00a1Celebrando la vida! \/ Wir feiern das Leben!, comenz\u00f3 con el grupo de percusi\u00f3n conformado por ni\u00f1os de Kindergarten y Klasse 1, dirigido por los profesores de Extracurriculares Leonardo Cruz y Joseph Montero, que llen\u00f3 de entusiasmo a los asistentes al ritmo de la batucada y la samba.<\/p>\t\t\t\t\t\t<\/div>\n\t\t\t\t<\/div>\n\t\t\t\t\t<\/div>\n\t\t<\/div>\n\t\t\t\t\t<\/div>\n\t\t<\/section>\n\t\t\t\t<section class=\"elementor-section elementor-top-section elementor-element elementor-element-ab087ff elementor-section-boxed elementor-section-height-default elementor-section-height-default\" data-id=\"ab087ff\" data-element_type=\"section\">\n\t\t\t\t\t\t<div class=\"elementor-container elementor-column-gap-default\">\n\t\t\t\t\t<div class=\"elementor-column elementor-col-50 elementor-top-column elementor-element elementor-element-ce3465a\" data-id=\"ce3465a\" data-element_type=\"column\">\n\t\t\t<div class=\"elementor-widget-wrap elementor-element-populated\">\n\t\t\t\t\t\t<div class=\"elementor-element elementor-element-c810d21 elementor-widget elementor-widget-image\" data-id=\"c810d21\" data-element_type=\"widget\" data-widget_type=\"image.default\">\n\t\t\t\t<div class=\"elementor-widget-container\">\n\t\t\t<style>\/*! elementor - v3.23.0 - 05-08-2024 *\/\n.elementor-widget-image{text-align:center}.elementor-widget-image a{display:inline-block}.elementor-widget-image a img[src$=\".svg\"]{width:48px}.elementor-widget-image img{vertical-align:middle;display:inline-block}<\/style>\t\t\t\t\t\t\t\t\t\t<img fetchpriority=\"high\" decoding=\"async\" width=\"768\" height=\"512\" src=\"https:\/\/ds-barranquilla.org\/wp-content\/uploads\/2023\/06\/noche-de-danza-12-768x512.jpeg\" class=\"attachment-medium_large size-medium_large wp-image-23857\" alt=\"\" srcset=\"https:\/\/ds-barranquilla.org\/wp-content\/uploads\/2023\/06\/noche-de-danza-12-768x512.jpeg 768w, https:\/\/ds-barranquilla.org\/wp-content\/uploads\/2023\/06\/noche-de-danza-12-300x200.jpeg 300w, https:\/\/ds-barranquilla.org\/wp-content\/uploads\/2023\/06\/noche-de-danza-12-1024x682.jpeg 1024w, https:\/\/ds-barranquilla.org\/wp-content\/uploads\/2023\/06\/noche-de-danza-12-391x260.jpeg 391w, https:\/\/ds-barranquilla.org\/wp-content\/uploads\/2023\/06\/noche-de-danza-12-1536x1023.jpeg 1536w, https:\/\/ds-barranquilla.org\/wp-content\/uploads\/2023\/06\/noche-de-danza-12-18x12.jpeg 18w, https:\/\/ds-barranquilla.org\/wp-content\/uploads\/2023\/06\/noche-de-danza-12-219x146.jpeg 219w, https:\/\/ds-barranquilla.org\/wp-content\/uploads\/2023\/06\/noche-de-danza-12-50x33.jpeg 50w, https:\/\/ds-barranquilla.org\/wp-content\/uploads\/2023\/06\/noche-de-danza-12-113x75.jpeg 113w, https:\/\/ds-barranquilla.org\/wp-content\/uploads\/2023\/06\/noche-de-danza-12-480x320.jpeg 480w, https:\/\/ds-barranquilla.org\/wp-content\/uploads\/2023\/06\/noche-de-danza-12-800x533.jpeg 800w, https:\/\/ds-barranquilla.org\/wp-content\/uploads\/2023\/06\/noche-de-danza-12.jpeg 1600w\" sizes=\"(max-width:767px) 480px, (max-width:768px) 100vw, 768px\" \/>\t\t\t\t\t\t\t\t\t\t\t\t\t<\/div>\n\t\t\t\t<\/div>\n\t\t\t\t\t<\/div>\n\t\t<\/div>\n\t\t\t\t<div class=\"elementor-column elementor-col-50 elementor-top-column elementor-element elementor-element-637ccc4\" data-id=\"637ccc4\" data-element_type=\"column\">\n\t\t\t<div class=\"elementor-widget-wrap elementor-element-populated\">\n\t\t\t\t\t\t<div class=\"elementor-element elementor-element-bcd78db elementor-widget elementor-widget-image\" data-id=\"bcd78db\" data-element_type=\"widget\" data-widget_type=\"image.default\">\n\t\t\t\t<div class=\"elementor-widget-container\">\n\t\t\t\t\t\t\t\t\t\t\t\t\t<img decoding=\"async\" width=\"768\" height=\"512\" src=\"https:\/\/ds-barranquilla.org\/wp-content\/uploads\/2023\/06\/noche-de-danza-11-768x512.jpeg\" class=\"attachment-medium_large size-medium_large wp-image-23858\" alt=\"\" srcset=\"https:\/\/ds-barranquilla.org\/wp-content\/uploads\/2023\/06\/noche-de-danza-11-768x512.jpeg 768w, https:\/\/ds-barranquilla.org\/wp-content\/uploads\/2023\/06\/noche-de-danza-11-300x200.jpeg 300w, https:\/\/ds-barranquilla.org\/wp-content\/uploads\/2023\/06\/noche-de-danza-11-1024x682.jpeg 1024w, https:\/\/ds-barranquilla.org\/wp-content\/uploads\/2023\/06\/noche-de-danza-11-391x260.jpeg 391w, https:\/\/ds-barranquilla.org\/wp-content\/uploads\/2023\/06\/noche-de-danza-11-1536x1023.jpeg 1536w, https:\/\/ds-barranquilla.org\/wp-content\/uploads\/2023\/06\/noche-de-danza-11-18x12.jpeg 18w, https:\/\/ds-barranquilla.org\/wp-content\/uploads\/2023\/06\/noche-de-danza-11-219x146.jpeg 219w, https:\/\/ds-barranquilla.org\/wp-content\/uploads\/2023\/06\/noche-de-danza-11-50x33.jpeg 50w, https:\/\/ds-barranquilla.org\/wp-content\/uploads\/2023\/06\/noche-de-danza-11-113x75.jpeg 113w, https:\/\/ds-barranquilla.org\/wp-content\/uploads\/2023\/06\/noche-de-danza-11-480x320.jpeg 480w, https:\/\/ds-barranquilla.org\/wp-content\/uploads\/2023\/06\/noche-de-danza-11-800x533.jpeg 800w, https:\/\/ds-barranquilla.org\/wp-content\/uploads\/2023\/06\/noche-de-danza-11.jpeg 1600w\" sizes=\"(max-width:767px) 480px, (max-width:768px) 100vw, 768px\" \/>\t\t\t\t\t\t\t\t\t\t\t\t\t<\/div>\n\t\t\t\t<\/div>\n\t\t\t\t\t<\/div>\n\t\t<\/div>\n\t\t\t\t\t<\/div>\n\t\t<\/section>\n\t\t\t\t<section class=\"elementor-section elementor-top-section elementor-element elementor-element-6280737 elementor-section-boxed elementor-section-height-default elementor-section-height-default\" data-id=\"6280737\" data-element_type=\"section\">\n\t\t\t\t\t\t<div class=\"elementor-container elementor-column-gap-default\">\n\t\t\t\t\t<div class=\"elementor-column elementor-col-100 elementor-top-column elementor-element elementor-element-ec8fbd8\" data-id=\"ec8fbd8\" data-element_type=\"column\">\n\t\t\t<div class=\"elementor-widget-wrap elementor-element-populated\">\n\t\t\t\t\t\t<div class=\"elementor-element elementor-element-e108d69 elementor-widget elementor-widget-text-editor\" data-id=\"e108d69\" data-element_type=\"widget\" data-widget_type=\"text-editor.default\">\n\t\t\t\t<div class=\"elementor-widget-container\">\n\t\t\t\t\t\t\t<p>Luego, los estudiantes de la Klasse 3, dirigidos por el profesor Juan Restrepo, presentaron una original muestra de m\u00fasica con el cuerpo, los xil\u00f3fonos y el canto usando el premiado m\u00e9todo pedag\u00f3gico Musikarti.<\/p><p>Despu\u00e9s, comenzaron las danzas con la maravillosa coreograf\u00eda de Margarita Navarro y Mariana Travecedo, de Klasse 12, seguidas por un grupo de ni\u00f1as de Actividades Extracurriculares de Klasse 2 y Klasse 3.<\/p>\t\t\t\t\t\t<\/div>\n\t\t\t\t<\/div>\n\t\t\t\t\t<\/div>\n\t\t<\/div>\n\t\t\t\t\t<\/div>\n\t\t<\/section>\n\t\t\t\t<section class=\"elementor-section elementor-top-section elementor-element elementor-element-8079745 elementor-section-boxed elementor-section-height-default elementor-section-height-default\" data-id=\"8079745\" data-element_type=\"section\">\n\t\t\t\t\t\t<div class=\"elementor-container elementor-column-gap-default\">\n\t\t\t\t\t<div class=\"elementor-column elementor-col-50 elementor-top-column elementor-element elementor-element-29dcfa9\" data-id=\"29dcfa9\" data-element_type=\"column\">\n\t\t\t<div class=\"elementor-widget-wrap elementor-element-populated\">\n\t\t\t\t\t\t<div class=\"elementor-element elementor-element-05d6eb9 elementor-widget elementor-widget-image\" data-id=\"05d6eb9\" data-element_type=\"widget\" data-widget_type=\"image.default\">\n\t\t\t\t<div class=\"elementor-widget-container\">\n\t\t\t\t\t\t\t\t\t\t\t\t\t<img decoding=\"async\" width=\"768\" height=\"512\" src=\"https:\/\/ds-barranquilla.org\/wp-content\/uploads\/2023\/06\/noche-de-danza-10-768x512.jpeg\" class=\"attachment-medium_large size-medium_large wp-image-23859\" alt=\"\" srcset=\"https:\/\/ds-barranquilla.org\/wp-content\/uploads\/2023\/06\/noche-de-danza-10-768x512.jpeg 768w, https:\/\/ds-barranquilla.org\/wp-content\/uploads\/2023\/06\/noche-de-danza-10-300x200.jpeg 300w, https:\/\/ds-barranquilla.org\/wp-content\/uploads\/2023\/06\/noche-de-danza-10-1024x682.jpeg 1024w, https:\/\/ds-barranquilla.org\/wp-content\/uploads\/2023\/06\/noche-de-danza-10-391x260.jpeg 391w, https:\/\/ds-barranquilla.org\/wp-content\/uploads\/2023\/06\/noche-de-danza-10-1536x1023.jpeg 1536w, https:\/\/ds-barranquilla.org\/wp-content\/uploads\/2023\/06\/noche-de-danza-10-18x12.jpeg 18w, https:\/\/ds-barranquilla.org\/wp-content\/uploads\/2023\/06\/noche-de-danza-10-219x146.jpeg 219w, https:\/\/ds-barranquilla.org\/wp-content\/uploads\/2023\/06\/noche-de-danza-10-50x33.jpeg 50w, https:\/\/ds-barranquilla.org\/wp-content\/uploads\/2023\/06\/noche-de-danza-10-113x75.jpeg 113w, https:\/\/ds-barranquilla.org\/wp-content\/uploads\/2023\/06\/noche-de-danza-10-480x320.jpeg 480w, https:\/\/ds-barranquilla.org\/wp-content\/uploads\/2023\/06\/noche-de-danza-10-800x533.jpeg 800w, https:\/\/ds-barranquilla.org\/wp-content\/uploads\/2023\/06\/noche-de-danza-10.jpeg 1600w\" sizes=\"(max-width:767px) 480px, (max-width:768px) 100vw, 768px\" \/>\t\t\t\t\t\t\t\t\t\t\t\t\t<\/div>\n\t\t\t\t<\/div>\n\t\t\t\t\t<\/div>\n\t\t<\/div>\n\t\t\t\t<div class=\"elementor-column elementor-col-50 elementor-top-column elementor-element elementor-element-ce32d52\" data-id=\"ce32d52\" data-element_type=\"column\">\n\t\t\t<div class=\"elementor-widget-wrap elementor-element-populated\">\n\t\t\t\t\t\t<div class=\"elementor-element elementor-element-3b1d032 elementor-widget elementor-widget-image\" data-id=\"3b1d032\" data-element_type=\"widget\" data-widget_type=\"image.default\">\n\t\t\t\t<div class=\"elementor-widget-container\">\n\t\t\t\t\t\t\t\t\t\t\t\t\t<img loading=\"lazy\" decoding=\"async\" width=\"768\" height=\"512\" src=\"https:\/\/ds-barranquilla.org\/wp-content\/uploads\/2023\/06\/noche-de-danza-9-768x512.jpeg\" class=\"attachment-medium_large size-medium_large wp-image-23860\" alt=\"\" srcset=\"https:\/\/ds-barranquilla.org\/wp-content\/uploads\/2023\/06\/noche-de-danza-9-768x512.jpeg 768w, https:\/\/ds-barranquilla.org\/wp-content\/uploads\/2023\/06\/noche-de-danza-9-300x200.jpeg 300w, https:\/\/ds-barranquilla.org\/wp-content\/uploads\/2023\/06\/noche-de-danza-9-1024x682.jpeg 1024w, https:\/\/ds-barranquilla.org\/wp-content\/uploads\/2023\/06\/noche-de-danza-9-391x260.jpeg 391w, https:\/\/ds-barranquilla.org\/wp-content\/uploads\/2023\/06\/noche-de-danza-9-1536x1023.jpeg 1536w, https:\/\/ds-barranquilla.org\/wp-content\/uploads\/2023\/06\/noche-de-danza-9-18x12.jpeg 18w, https:\/\/ds-barranquilla.org\/wp-content\/uploads\/2023\/06\/noche-de-danza-9-219x146.jpeg 219w, https:\/\/ds-barranquilla.org\/wp-content\/uploads\/2023\/06\/noche-de-danza-9-50x33.jpeg 50w, https:\/\/ds-barranquilla.org\/wp-content\/uploads\/2023\/06\/noche-de-danza-9-113x75.jpeg 113w, https:\/\/ds-barranquilla.org\/wp-content\/uploads\/2023\/06\/noche-de-danza-9-480x320.jpeg 480w, https:\/\/ds-barranquilla.org\/wp-content\/uploads\/2023\/06\/noche-de-danza-9-800x533.jpeg 800w, https:\/\/ds-barranquilla.org\/wp-content\/uploads\/2023\/06\/noche-de-danza-9.jpeg 1600w\" sizes=\"(max-width:767px) 480px, (max-width:768px) 100vw, 768px\" \/>\t\t\t\t\t\t\t\t\t\t\t\t\t<\/div>\n\t\t\t\t<\/div>\n\t\t\t\t\t<\/div>\n\t\t<\/div>\n\t\t\t\t\t<\/div>\n\t\t<\/section>\n\t\t\t\t<section class=\"elementor-section elementor-top-section elementor-element elementor-element-fc1f8c9 elementor-section-boxed elementor-section-height-default elementor-section-height-default\" data-id=\"fc1f8c9\" data-element_type=\"section\">\n\t\t\t\t\t\t<div class=\"elementor-container elementor-column-gap-default\">\n\t\t\t\t\t<div class=\"elementor-column elementor-col-100 elementor-top-column elementor-element elementor-element-0a7beb9\" data-id=\"0a7beb9\" data-element_type=\"column\">\n\t\t\t<div class=\"elementor-widget-wrap elementor-element-populated\">\n\t\t\t\t\t\t<div class=\"elementor-element elementor-element-21ab457 elementor-widget elementor-widget-text-editor\" data-id=\"21ab457\" data-element_type=\"widget\" data-widget_type=\"text-editor.default\">\n\t\t\t\t<div class=\"elementor-widget-container\">\n\t\t\t\t\t\t\t<p>La velada continu\u00f3 con la moderna interpretaci\u00f3n de Laura Fern\u00e1ndez, de Klasse 12, y con el ritmo \u00fanico de otro grupo de bailarinas de Klasse 3 y Klasse 4; este bloque culmin\u00f3 con la muestra como solista de Siad Escaf, de Klasse 4, quien demostr\u00f3 su gran talento para la danza \u00e1rabe.<\/p><p>Luego, Meli\u00e9 Pardo, Mar\u00eda \u00c1ngel Llanos y Sof\u00eda Mu\u00f1oz, de Klasse 11, se robaron los aplausos con el sonido del reguet\u00f3n; despu\u00e9s Samantha Van Merkerk, de Klasse 9, deleit\u00f3 a los asistentes con un solo de ritmos anglo y el final de los actos estuvo a cargo de las ni\u00f1as de extracurriculares de Danza de Klasse 5 y Klasse 6.<\/p>\t\t\t\t\t\t<\/div>\n\t\t\t\t<\/div>\n\t\t\t\t\t<\/div>\n\t\t<\/div>\n\t\t\t\t\t<\/div>\n\t\t<\/section>\n\t\t\t\t<section class=\"elementor-section elementor-top-section elementor-element elementor-element-f208b1f elementor-section-boxed elementor-section-height-default elementor-section-height-default\" data-id=\"f208b1f\" data-element_type=\"section\">\n\t\t\t\t\t\t<div class=\"elementor-container elementor-column-gap-default\">\n\t\t\t\t\t<div class=\"elementor-column elementor-col-50 elementor-top-column elementor-element elementor-element-923c273\" data-id=\"923c273\" data-element_type=\"column\">\n\t\t\t<div class=\"elementor-widget-wrap elementor-element-populated\">\n\t\t\t\t\t\t<div class=\"elementor-element elementor-element-b4667ae elementor-widget elementor-widget-image\" data-id=\"b4667ae\" data-element_type=\"widget\" data-widget_type=\"image.default\">\n\t\t\t\t<div class=\"elementor-widget-container\">\n\t\t\t\t\t\t\t\t\t\t\t\t\t<img loading=\"lazy\" decoding=\"async\" width=\"768\" height=\"512\" src=\"https:\/\/ds-barranquilla.org\/wp-content\/uploads\/2023\/06\/noche-de-danza-8.jpeg\" class=\"attachment-medium_large size-medium_large wp-image-23861\" alt=\"\" \/>\t\t\t\t\t\t\t\t\t\t\t\t\t<\/div>\n\t\t\t\t<\/div>\n\t\t\t\t\t<\/div>\n\t\t<\/div>\n\t\t\t\t<div class=\"elementor-column elementor-col-50 elementor-top-column elementor-element elementor-element-290cdfa\" data-id=\"290cdfa\" data-element_type=\"column\">\n\t\t\t<div class=\"elementor-widget-wrap elementor-element-populated\">\n\t\t\t\t\t\t<div class=\"elementor-element elementor-element-af5597e elementor-widget elementor-widget-image\" data-id=\"af5597e\" data-element_type=\"widget\" data-widget_type=\"image.default\">\n\t\t\t\t<div class=\"elementor-widget-container\">\n\t\t\t\t\t\t\t\t\t\t\t\t\t<img loading=\"lazy\" decoding=\"async\" width=\"768\" height=\"512\" src=\"https:\/\/ds-barranquilla.org\/wp-content\/uploads\/2023\/06\/noche-de-danza-7-768x512.jpeg\" class=\"attachment-medium_large size-medium_large wp-image-23862\" alt=\"\" srcset=\"https:\/\/ds-barranquilla.org\/wp-content\/uploads\/2023\/06\/noche-de-danza-7-768x512.jpeg 768w, https:\/\/ds-barranquilla.org\/wp-content\/uploads\/2023\/06\/noche-de-danza-7-300x200.jpeg 300w, https:\/\/ds-barranquilla.org\/wp-content\/uploads\/2023\/06\/noche-de-danza-7-1024x682.jpeg 1024w, https:\/\/ds-barranquilla.org\/wp-content\/uploads\/2023\/06\/noche-de-danza-7-391x260.jpeg 391w, https:\/\/ds-barranquilla.org\/wp-content\/uploads\/2023\/06\/noche-de-danza-7-1536x1023.jpeg 1536w, https:\/\/ds-barranquilla.org\/wp-content\/uploads\/2023\/06\/noche-de-danza-7-18x12.jpeg 18w, https:\/\/ds-barranquilla.org\/wp-content\/uploads\/2023\/06\/noche-de-danza-7-219x146.jpeg 219w, https:\/\/ds-barranquilla.org\/wp-content\/uploads\/2023\/06\/noche-de-danza-7-50x33.jpeg 50w, https:\/\/ds-barranquilla.org\/wp-content\/uploads\/2023\/06\/noche-de-danza-7-113x75.jpeg 113w, https:\/\/ds-barranquilla.org\/wp-content\/uploads\/2023\/06\/noche-de-danza-7-480x320.jpeg 480w, https:\/\/ds-barranquilla.org\/wp-content\/uploads\/2023\/06\/noche-de-danza-7-800x533.jpeg 800w, https:\/\/ds-barranquilla.org\/wp-content\/uploads\/2023\/06\/noche-de-danza-7.jpeg 1600w\" sizes=\"(max-width:767px) 480px, (max-width:768px) 100vw, 768px\" \/>\t\t\t\t\t\t\t\t\t\t\t\t\t<\/div>\n\t\t\t\t<\/div>\n\t\t\t\t\t<\/div>\n\t\t<\/div>\n\t\t\t\t\t<\/div>\n\t\t<\/section>\n\t\t\t\t<section class=\"elementor-section elementor-top-section elementor-element elementor-element-eb7e8cd elementor-section-boxed elementor-section-height-default elementor-section-height-default\" data-id=\"eb7e8cd\" data-element_type=\"section\">\n\t\t\t\t\t\t<div class=\"elementor-container elementor-column-gap-default\">\n\t\t\t\t\t<div class=\"elementor-column elementor-col-100 elementor-top-column elementor-element elementor-element-25c7c1c\" data-id=\"25c7c1c\" data-element_type=\"column\">\n\t\t\t<div class=\"elementor-widget-wrap elementor-element-populated\">\n\t\t\t\t\t\t<div class=\"elementor-element elementor-element-2fd039e elementor-widget elementor-widget-text-editor\" data-id=\"2fd039e\" data-element_type=\"widget\" data-widget_type=\"text-editor.default\">\n\t\t\t\t<div class=\"elementor-widget-container\">\n\t\t\t\t\t\t\t<p>Para la profesora Marilin Barros, coordinadora general del evento, la Noche de Danza \u201cregres\u00f3 para brindar a la comunidad en general un espacio de participaci\u00f3n y despliegue de talento, de movimiento, brillo y color. Se trat\u00f3 de una uni\u00f3n del arte, la m\u00fasica y la danza, bajo el principio del disfrute, la integraci\u00f3n, el talento y de reencontrarnos para celebrar la vida\u201d.<\/p><p>Agradecemos a todos los docentes organizadores del evento, al personal de apoyo, a las familias que siempre responden a nuestras iniciativas y a nuestros ni\u00f1os por demostrar con tanto amor todo su talento.<\/p>\t\t\t\t\t\t<\/div>\n\t\t\t\t<\/div>\n\t\t\t\t\t<\/div>\n\t\t<\/div>\n\t\t\t\t\t<\/div>\n\t\t<\/section>\n\t\t\t\t<section class=\"elementor-section elementor-top-section elementor-element elementor-element-6e61bdc elementor-section-boxed elementor-section-height-default elementor-section-height-default\" data-id=\"6e61bdc\" data-element_type=\"section\">\n\t\t\t\t\t\t<div class=\"elementor-container elementor-column-gap-default\">\n\t\t\t\t\t<div class=\"elementor-column elementor-col-50 elementor-top-column elementor-element elementor-element-bb0387f\" data-id=\"bb0387f\" data-element_type=\"column\">\n\t\t\t<div class=\"elementor-widget-wrap elementor-element-populated\">\n\t\t\t\t\t\t<div class=\"elementor-element elementor-element-495774f elementor-widget elementor-widget-image\" data-id=\"495774f\" data-element_type=\"widget\" data-widget_type=\"image.default\">\n\t\t\t\t<div class=\"elementor-widget-container\">\n\t\t\t\t\t\t\t\t\t\t\t\t\t<img loading=\"lazy\" decoding=\"async\" width=\"768\" height=\"512\" src=\"https:\/\/ds-barranquilla.org\/wp-content\/uploads\/2023\/06\/noche-de-danza-6.jpeg\" class=\"attachment-medium_large size-medium_large wp-image-23863\" alt=\"\" \/>\t\t\t\t\t\t\t\t\t\t\t\t\t<\/div>\n\t\t\t\t<\/div>\n\t\t\t\t\t<\/div>\n\t\t<\/div>\n\t\t\t\t<div class=\"elementor-column elementor-col-50 elementor-top-column elementor-element elementor-element-b002f1b\" data-id=\"b002f1b\" data-element_type=\"column\">\n\t\t\t<div class=\"elementor-widget-wrap elementor-element-populated\">\n\t\t\t\t\t\t<div class=\"elementor-element elementor-element-54452d5 elementor-widget elementor-widget-image\" data-id=\"54452d5\" data-element_type=\"widget\" data-widget_type=\"image.default\">\n\t\t\t\t<div class=\"elementor-widget-container\">\n\t\t\t\t\t\t\t\t\t\t\t\t\t<img loading=\"lazy\" decoding=\"async\" width=\"768\" height=\"512\" src=\"https:\/\/ds-barranquilla.org\/wp-content\/uploads\/2023\/06\/noche-de-danza-5-768x512.jpeg\" class=\"attachment-medium_large size-medium_large wp-image-23864\" alt=\"\" srcset=\"https:\/\/ds-barranquilla.org\/wp-content\/uploads\/2023\/06\/noche-de-danza-5-768x512.jpeg 768w, https:\/\/ds-barranquilla.org\/wp-content\/uploads\/2023\/06\/noche-de-danza-5-300x200.jpeg 300w, https:\/\/ds-barranquilla.org\/wp-content\/uploads\/2023\/06\/noche-de-danza-5-1024x682.jpeg 1024w, https:\/\/ds-barranquilla.org\/wp-content\/uploads\/2023\/06\/noche-de-danza-5-391x260.jpeg 391w, https:\/\/ds-barranquilla.org\/wp-content\/uploads\/2023\/06\/noche-de-danza-5-1536x1023.jpeg 1536w, https:\/\/ds-barranquilla.org\/wp-content\/uploads\/2023\/06\/noche-de-danza-5-18x12.jpeg 18w, https:\/\/ds-barranquilla.org\/wp-content\/uploads\/2023\/06\/noche-de-danza-5-219x146.jpeg 219w, https:\/\/ds-barranquilla.org\/wp-content\/uploads\/2023\/06\/noche-de-danza-5-50x33.jpeg 50w, https:\/\/ds-barranquilla.org\/wp-content\/uploads\/2023\/06\/noche-de-danza-5-113x75.jpeg 113w, https:\/\/ds-barranquilla.org\/wp-content\/uploads\/2023\/06\/noche-de-danza-5-480x320.jpeg 480w, https:\/\/ds-barranquilla.org\/wp-content\/uploads\/2023\/06\/noche-de-danza-5-800x533.jpeg 800w, https:\/\/ds-barranquilla.org\/wp-content\/uploads\/2023\/06\/noche-de-danza-5.jpeg 1600w\" sizes=\"(max-width:767px) 480px, (max-width:768px) 100vw, 768px\" \/>\t\t\t\t\t\t\t\t\t\t\t\t\t<\/div>\n\t\t\t\t<\/div>\n\t\t\t\t\t<\/div>\n\t\t<\/div>\n\t\t\t\t\t<\/div>\n\t\t<\/section>\n\t\t\t\t<section class=\"elementor-section elementor-top-section elementor-element elementor-element-9f2f273 elementor-section-boxed elementor-section-height-default elementor-section-height-default\" data-id=\"9f2f273\" data-element_type=\"section\">\n\t\t\t\t\t\t<div class=\"elementor-container elementor-column-gap-default\">\n\t\t\t\t\t<div class=\"elementor-column elementor-col-50 elementor-top-column elementor-element elementor-element-f7a2af1\" data-id=\"f7a2af1\" data-element_type=\"column\">\n\t\t\t<div class=\"elementor-widget-wrap elementor-element-populated\">\n\t\t\t\t\t\t<div class=\"elementor-element elementor-element-9699f26 elementor-widget elementor-widget-image\" data-id=\"9699f26\" data-element_type=\"widget\" data-widget_type=\"image.default\">\n\t\t\t\t<div class=\"elementor-widget-container\">\n\t\t\t\t\t\t\t\t\t\t\t\t\t<img loading=\"lazy\" decoding=\"async\" width=\"768\" height=\"512\" src=\"https:\/\/ds-barranquilla.org\/wp-content\/uploads\/2023\/06\/noche-de-danza-5-768x512.jpeg\" class=\"attachment-medium_large size-medium_large wp-image-23864\" alt=\"\" srcset=\"https:\/\/ds-barranquilla.org\/wp-content\/uploads\/2023\/06\/noche-de-danza-5-768x512.jpeg 768w, https:\/\/ds-barranquilla.org\/wp-content\/uploads\/2023\/06\/noche-de-danza-5-300x200.jpeg 300w, https:\/\/ds-barranquilla.org\/wp-content\/uploads\/2023\/06\/noche-de-danza-5-1024x682.jpeg 1024w, https:\/\/ds-barranquilla.org\/wp-content\/uploads\/2023\/06\/noche-de-danza-5-391x260.jpeg 391w, https:\/\/ds-barranquilla.org\/wp-content\/uploads\/2023\/06\/noche-de-danza-5-1536x1023.jpeg 1536w, https:\/\/ds-barranquilla.org\/wp-content\/uploads\/2023\/06\/noche-de-danza-5-18x12.jpeg 18w, https:\/\/ds-barranquilla.org\/wp-content\/uploads\/2023\/06\/noche-de-danza-5-219x146.jpeg 219w, https:\/\/ds-barranquilla.org\/wp-content\/uploads\/2023\/06\/noche-de-danza-5-50x33.jpeg 50w, https:\/\/ds-barranquilla.org\/wp-content\/uploads\/2023\/06\/noche-de-danza-5-113x75.jpeg 113w, https:\/\/ds-barranquilla.org\/wp-content\/uploads\/2023\/06\/noche-de-danza-5-480x320.jpeg 480w, https:\/\/ds-barranquilla.org\/wp-content\/uploads\/2023\/06\/noche-de-danza-5-800x533.jpeg 800w, https:\/\/ds-barranquilla.org\/wp-content\/uploads\/2023\/06\/noche-de-danza-5.jpeg 1600w\" sizes=\"(max-width:767px) 480px, (max-width:768px) 100vw, 768px\" \/>\t\t\t\t\t\t\t\t\t\t\t\t\t<\/div>\n\t\t\t\t<\/div>\n\t\t\t\t\t<\/div>\n\t\t<\/div>\n\t\t\t\t<div class=\"elementor-column elementor-col-50 elementor-top-column elementor-element elementor-element-115779a\" data-id=\"115779a\" data-element_type=\"column\">\n\t\t\t<div class=\"elementor-widget-wrap elementor-element-populated\">\n\t\t\t\t\t\t<div class=\"elementor-element elementor-element-84da0fb elementor-widget elementor-widget-image\" data-id=\"84da0fb\" data-element_type=\"widget\" data-widget_type=\"image.default\">\n\t\t\t\t<div class=\"elementor-widget-container\">\n\t\t\t\t\t\t\t\t\t\t\t\t\t<img loading=\"lazy\" decoding=\"async\" width=\"768\" height=\"512\" src=\"https:\/\/ds-barranquilla.org\/wp-content\/uploads\/2023\/06\/noche-de-danza-4-768x512.jpeg\" class=\"attachment-medium_large size-medium_large wp-image-23865\" alt=\"\" srcset=\"https:\/\/ds-barranquilla.org\/wp-content\/uploads\/2023\/06\/noche-de-danza-4-768x512.jpeg 768w, https:\/\/ds-barranquilla.org\/wp-content\/uploads\/2023\/06\/noche-de-danza-4-300x200.jpeg 300w, https:\/\/ds-barranquilla.org\/wp-content\/uploads\/2023\/06\/noche-de-danza-4-1024x682.jpeg 1024w, https:\/\/ds-barranquilla.org\/wp-content\/uploads\/2023\/06\/noche-de-danza-4-391x260.jpeg 391w, https:\/\/ds-barranquilla.org\/wp-content\/uploads\/2023\/06\/noche-de-danza-4-1536x1023.jpeg 1536w, https:\/\/ds-barranquilla.org\/wp-content\/uploads\/2023\/06\/noche-de-danza-4-18x12.jpeg 18w, https:\/\/ds-barranquilla.org\/wp-content\/uploads\/2023\/06\/noche-de-danza-4-219x146.jpeg 219w, https:\/\/ds-barranquilla.org\/wp-content\/uploads\/2023\/06\/noche-de-danza-4-50x33.jpeg 50w, https:\/\/ds-barranquilla.org\/wp-content\/uploads\/2023\/06\/noche-de-danza-4-113x75.jpeg 113w, https:\/\/ds-barranquilla.org\/wp-content\/uploads\/2023\/06\/noche-de-danza-4-480x320.jpeg 480w, https:\/\/ds-barranquilla.org\/wp-content\/uploads\/2023\/06\/noche-de-danza-4-800x533.jpeg 800w, https:\/\/ds-barranquilla.org\/wp-content\/uploads\/2023\/06\/noche-de-danza-4.jpeg 1600w\" sizes=\"(max-width:767px) 480px, (max-width:768px) 100vw, 768px\" \/>\t\t\t\t\t\t\t\t\t\t\t\t\t<\/div>\n\t\t\t\t<\/div>\n\t\t\t\t\t<\/div>\n\t\t<\/div>\n\t\t\t\t\t<\/div>\n\t\t<\/section>\n\t\t\t\t<section class=\"elementor-section elementor-top-section elementor-element elementor-element-0bed352 elementor-section-boxed elementor-section-height-default elementor-section-height-default\" data-id=\"0bed352\" data-element_type=\"section\">\n\t\t\t\t\t\t<div class=\"elementor-container elementor-column-gap-default\">\n\t\t\t\t\t<div class=\"elementor-column elementor-col-100 elementor-top-column elementor-element elementor-element-f9e1a01\" data-id=\"f9e1a01\" data-element_type=\"column\">\n\t\t\t<div class=\"elementor-widget-wrap elementor-element-populated\">\n\t\t\t\t\t\t<div class=\"elementor-element elementor-element-aaa3431 elementor-widget elementor-widget-text-editor\" data-id=\"aaa3431\" data-element_type=\"widget\" data-widget_type=\"text-editor.default\">\n\t\t\t\t<div class=\"elementor-widget-container\">\n\t\t\t\t\t\t\t<p><a href=\"https:\/\/www.facebook.com\/media\/set\/?vanity=ColegioAlemanBaq&amp;set=a.772735371279462\">Clic aqu\u00ed para ver m\u00e1s fotos en Facebook.<\/a><\/p>\t\t\t\t\t\t<\/div>\n\t\t\t\t<\/div>\n\t\t\t\t\t<\/div>\n\t\t<\/div>\n\t\t\t\t\t<\/div>\n\t\t<\/section>\n\t\t\t\t<\/div>","protected":false},"excerpt":{"rendered":"<p>Tras un receso, \u00a1celebramos la vida con la Noche de Danza 2023! Despu\u00e9s de algunos a\u00f1os, la Noche de Danza regres\u00f3 con m\u00e1s fuerza que nunca<span class=\"excerpt-hellip\"> [\u2026]<\/span><\/p>","protected":false},"author":16,"featured_media":23856,"comment_status":"open","ping_status":"open","sticky":false,"template":"","format":"standard","meta":{"_exactmetrics_skip_tracking":false,"_exactmetrics_sitenote_active":false,"_exactmetrics_sitenote_note":"","_exactmetrics_sitenote_category":0,"_joinchat":[],"footnotes":""},"categories":[713,685],"tags":[],"class_list":["post-23869","post","type-post","status-publish","format-standard","has-post-thumbnail","hentry","category-713","category-area-de-artes-visuales-e-interpretativas"],"yoast_head":"<!-- This site is optimized with the Yoast SEO plugin v23.3 - https:\/\/yoast.com\/wordpress\/plugins\/seo\/ -->\n<title>Tras un receso, \u00a1celebramos la vida con la Noche de Danza 2023! - 2026<\/title>\n<meta name=\"robots\" content=\"noindex, follow, max-snippet:-1, max-image-preview:large, max-video-preview:-1\" \/>\n<meta property=\"og:locale\" content=\"de_DE\" \/>\n<meta property=\"og:type\" content=\"article\" \/>\n<meta property=\"og:title\" content=\"Tras un receso, \u00a1celebramos la vida con la Noche de Danza 2023! - 2026\" \/>\n<meta property=\"og:description\" content=\"Tras un receso, \u00a1celebramos la vida con la Noche de Danza 2023! Despu\u00e9s de algunos a\u00f1os, la Noche de Danza regres\u00f3 con m\u00e1s fuerza que nunca [\u2026]\" \/>\n<meta property=\"og:url\" content=\"https:\/\/ds-barranquilla.org\/de\/tras-un-receso-celebramos-la-vida-con-la-noche-de-danza-2023\/\" \/>\n<meta property=\"og:site_name\" content=\"Colegio Alem\u00e1n - Los Mejores Colegios de Colombia - Colegio Triling\u00fce\" \/>\n<meta property=\"article:publisher\" content=\"https:\/\/www.facebook.com\/ColegioAlemanBaq\/\" \/>\n<meta property=\"article:published_time\" content=\"2023-06-05T14:17:27+00:00\" \/>\n<meta property=\"article:modified_time\" content=\"2023-06-05T16:32:16+00:00\" \/>\n<meta property=\"og:image\" content=\"https:\/\/ds-barranquilla.org\/wp-content\/uploads\/2023\/06\/noche-de-danza-1.png\" \/>\n\t<meta property=\"og:image:width\" content=\"1170\" \/>\n\t<meta property=\"og:image:height\" content=\"480\" \/>\n\t<meta property=\"og:image:type\" content=\"image\/png\" \/>\n<meta name=\"author\" content=\"Comunicaciones Comunicaciones\" \/>\n<meta name=\"twitter:card\" content=\"summary_large_image\" \/>\n<meta name=\"twitter:creator\" content=\"@ColegioAlemanBq\" \/>\n<meta name=\"twitter:site\" content=\"@ColegioAlemanBq\" \/>\n<meta name=\"twitter:label1\" content=\"Verfasst von\" \/>\n\t<meta name=\"twitter:data1\" content=\"Comunicaciones Comunicaciones\" \/>\n\t<meta name=\"twitter:label2\" content=\"Gesch\u00e4tzte Lesezeit\" \/>\n\t<meta name=\"twitter:data2\" content=\"2\u00a0Minuten\" \/>\n<script type=\"application\/ld+json\" class=\"yoast-schema-graph\">{\"@context\":\"https:\/\/schema.org\",\"@graph\":[{\"@type\":\"Article\",\"@id\":\"https:\/\/ds-barranquilla.org\/tras-un-receso-celebramos-la-vida-con-la-noche-de-danza-2023\/#article\",\"isPartOf\":{\"@id\":\"https:\/\/ds-barranquilla.org\/tras-un-receso-celebramos-la-vida-con-la-noche-de-danza-2023\/\"},\"author\":{\"name\":\"Comunicaciones Comunicaciones\",\"@id\":\"https:\/\/ds-barranquilla.org\/#\/schema\/person\/7bf8790ba89d3480e0551241ccdc8d36\"},\"headline\":\"Tras un receso, \u00a1celebramos la vida con la Noche de Danza 2023!\",\"datePublished\":\"2023-06-05T14:17:27+00:00\",\"dateModified\":\"2023-06-05T16:32:16+00:00\",\"mainEntityOfPage\":{\"@id\":\"https:\/\/ds-barranquilla.org\/tras-un-receso-celebramos-la-vida-con-la-noche-de-danza-2023\/\"},\"wordCount\":420,\"commentCount\":0,\"publisher\":{\"@id\":\"https:\/\/ds-barranquilla.org\/#organization\"},\"image\":{\"@id\":\"https:\/\/ds-barranquilla.org\/tras-un-receso-celebramos-la-vida-con-la-noche-de-danza-2023\/#primaryimage\"},\"thumbnailUrl\":\"https:\/\/ds-barranquilla.org\/wp-content\/uploads\/2023\/06\/noche-de-danza-1.png\",\"articleSection\":[\"2023\",\"\u00c1rea de Artes Visuales e Interpretativas\"],\"inLanguage\":\"de\",\"potentialAction\":[{\"@type\":\"CommentAction\",\"name\":\"Comment\",\"target\":[\"https:\/\/ds-barranquilla.org\/tras-un-receso-celebramos-la-vida-con-la-noche-de-danza-2023\/#respond\"]}]},{\"@type\":\"WebPage\",\"@id\":\"https:\/\/ds-barranquilla.org\/tras-un-receso-celebramos-la-vida-con-la-noche-de-danza-2023\/\",\"url\":\"https:\/\/ds-barranquilla.org\/tras-un-receso-celebramos-la-vida-con-la-noche-de-danza-2023\/\",\"name\":\"Tras un receso, \u00a1celebramos la vida con la Noche de Danza 2023! - 2026\",\"isPartOf\":{\"@id\":\"https:\/\/ds-barranquilla.org\/#website\"},\"primaryImageOfPage\":{\"@id\":\"https:\/\/ds-barranquilla.org\/tras-un-receso-celebramos-la-vida-con-la-noche-de-danza-2023\/#primaryimage\"},\"image\":{\"@id\":\"https:\/\/ds-barranquilla.org\/tras-un-receso-celebramos-la-vida-con-la-noche-de-danza-2023\/#primaryimage\"},\"thumbnailUrl\":\"https:\/\/ds-barranquilla.org\/wp-content\/uploads\/2023\/06\/noche-de-danza-1.png\",\"datePublished\":\"2023-06-05T14:17:27+00:00\",\"dateModified\":\"2023-06-05T16:32:16+00:00\",\"breadcrumb\":{\"@id\":\"https:\/\/ds-barranquilla.org\/tras-un-receso-celebramos-la-vida-con-la-noche-de-danza-2023\/#breadcrumb\"},\"inLanguage\":\"de\",\"potentialAction\":[{\"@type\":\"ReadAction\",\"target\":[\"https:\/\/ds-barranquilla.org\/tras-un-receso-celebramos-la-vida-con-la-noche-de-danza-2023\/\"]}]},{\"@type\":\"ImageObject\",\"inLanguage\":\"de\",\"@id\":\"https:\/\/ds-barranquilla.org\/tras-un-receso-celebramos-la-vida-con-la-noche-de-danza-2023\/#primaryimage\",\"url\":\"https:\/\/ds-barranquilla.org\/wp-content\/uploads\/2023\/06\/noche-de-danza-1.png\",\"contentUrl\":\"https:\/\/ds-barranquilla.org\/wp-content\/uploads\/2023\/06\/noche-de-danza-1.png\",\"width\":1170,\"height\":480},{\"@type\":\"BreadcrumbList\",\"@id\":\"https:\/\/ds-barranquilla.org\/tras-un-receso-celebramos-la-vida-con-la-noche-de-danza-2023\/#breadcrumb\",\"itemListElement\":[{\"@type\":\"ListItem\",\"position\":1,\"name\":\"Portada\",\"item\":\"https:\/\/ds-barranquilla.org\/\"},{\"@type\":\"ListItem\",\"position\":2,\"name\":\"Tras un receso, \u00a1celebramos la vida con la Noche de Danza 2023!\"}]},{\"@type\":\"WebSite\",\"@id\":\"https:\/\/ds-barranquilla.org\/#website\",\"url\":\"https:\/\/ds-barranquilla.org\/\",\"name\":\"Colegio Alem\u00e1n - Los Mejores Colegios de Colombia - Colegio Triling\u00fce\",\"description\":\"Colegio Alem\u00e1n  Barranquilla Colombia - Colegio Biling\u00fce - Triling\u00fce - El Mejor Colegio de Colombia\",\"publisher\":{\"@id\":\"https:\/\/ds-barranquilla.org\/#organization\"},\"potentialAction\":[{\"@type\":\"SearchAction\",\"target\":{\"@type\":\"EntryPoint\",\"urlTemplate\":\"https:\/\/ds-barranquilla.org\/?s={search_term_string}\"},\"query-input\":\"required name=search_term_string\"}],\"inLanguage\":\"de\"},{\"@type\":\"Organization\",\"@id\":\"https:\/\/ds-barranquilla.org\/#organization\",\"name\":\"Colegio Alem\u00e1n Barranquilla\",\"url\":\"https:\/\/ds-barranquilla.org\/\",\"logo\":{\"@type\":\"ImageObject\",\"inLanguage\":\"de\",\"@id\":\"https:\/\/ds-barranquilla.org\/#\/schema\/logo\/image\/\",\"url\":\"https:\/\/ds-barranquilla.org\/wp-content\/uploads\/2021\/05\/coleman_logo_2.png\",\"contentUrl\":\"https:\/\/ds-barranquilla.org\/wp-content\/uploads\/2021\/05\/coleman_logo_2.png\",\"width\":418,\"height\":307,\"caption\":\"Colegio Alem\u00e1n Barranquilla\"},\"image\":{\"@id\":\"https:\/\/ds-barranquilla.org\/#\/schema\/logo\/image\/\"},\"sameAs\":[\"https:\/\/www.facebook.com\/ColegioAlemanBaq\/\",\"https:\/\/x.com\/ColegioAlemanBq\",\"https:\/\/www.instagram.com\/colegioalemanbaq\/\",\"https:\/\/www.linkedin.com\/school\/deutsche-schule-barranquilla\/\",\"https:\/\/www.youtube.com\/channel\/UCOOGZQCVs6aYRqIWvSN5agQ\"]},{\"@type\":\"Person\",\"@id\":\"https:\/\/ds-barranquilla.org\/#\/schema\/person\/7bf8790ba89d3480e0551241ccdc8d36\",\"name\":\"Comunicaciones Comunicaciones\",\"image\":{\"@type\":\"ImageObject\",\"inLanguage\":\"de\",\"@id\":\"https:\/\/ds-barranquilla.org\/#\/schema\/person\/image\/\",\"url\":\"https:\/\/secure.gravatar.com\/avatar\/a66ba9484a4338d81d6bea750e595038?s=96&d=mm&r=g\",\"contentUrl\":\"https:\/\/secure.gravatar.com\/avatar\/a66ba9484a4338d81d6bea750e595038?s=96&d=mm&r=g\",\"caption\":\"Comunicaciones Comunicaciones\"}}]}<\/script>\n<!-- \/ Yoast SEO plugin. -->","yoast_head_json":{"title":"Tras un receso, \u00a1celebramos la vida con la Noche de Danza 2023! - 2026","robots":{"index":"noindex","follow":"follow","max-snippet":"max-snippet:-1","max-image-preview":"max-image-preview:large","max-video-preview":"max-video-preview:-1"},"og_locale":"de_DE","og_type":"article","og_title":"Tras un receso, \u00a1celebramos la vida con la Noche de Danza 2023! - 2026","og_description":"Tras un receso, \u00a1celebramos la vida con la Noche de Danza 2023! Despu\u00e9s de algunos a\u00f1os, la Noche de Danza regres\u00f3 con m\u00e1s fuerza que nunca [\u2026]","og_url":"https:\/\/ds-barranquilla.org\/de\/tras-un-receso-celebramos-la-vida-con-la-noche-de-danza-2023\/","og_site_name":"Colegio Alem\u00e1n - Los Mejores Colegios de Colombia - Colegio Triling\u00fce","article_publisher":"https:\/\/www.facebook.com\/ColegioAlemanBaq\/","article_published_time":"2023-06-05T14:17:27+00:00","article_modified_time":"2023-06-05T16:32:16+00:00","og_image":[{"width":1170,"height":480,"url":"https:\/\/ds-barranquilla.org\/wp-content\/uploads\/2023\/06\/noche-de-danza-1.png","type":"image\/png"}],"author":"Comunicaciones Comunicaciones","twitter_card":"summary_large_image","twitter_creator":"@ColegioAlemanBq","twitter_site":"@ColegioAlemanBq","twitter_misc":{"Verfasst von":"Comunicaciones Comunicaciones","Gesch\u00e4tzte Lesezeit":"2\u00a0Minuten"},"schema":{"@context":"https:\/\/schema.org","@graph":[{"@type":"Article","@id":"https:\/\/ds-barranquilla.org\/tras-un-receso-celebramos-la-vida-con-la-noche-de-danza-2023\/#article","isPartOf":{"@id":"https:\/\/ds-barranquilla.org\/tras-un-receso-celebramos-la-vida-con-la-noche-de-danza-2023\/"},"author":{"name":"Comunicaciones Comunicaciones","@id":"https:\/\/ds-barranquilla.org\/#\/schema\/person\/7bf8790ba89d3480e0551241ccdc8d36"},"headline":"Tras un receso, \u00a1celebramos la vida con la Noche de Danza 2023!","datePublished":"2023-06-05T14:17:27+00:00","dateModified":"2023-06-05T16:32:16+00:00","mainEntityOfPage":{"@id":"https:\/\/ds-barranquilla.org\/tras-un-receso-celebramos-la-vida-con-la-noche-de-danza-2023\/"},"wordCount":420,"commentCount":0,"publisher":{"@id":"https:\/\/ds-barranquilla.org\/#organization"},"image":{"@id":"https:\/\/ds-barranquilla.org\/tras-un-receso-celebramos-la-vida-con-la-noche-de-danza-2023\/#primaryimage"},"thumbnailUrl":"https:\/\/ds-barranquilla.org\/wp-content\/uploads\/2023\/06\/noche-de-danza-1.png","articleSection":["2023","\u00c1rea de Artes Visuales e Interpretativas"],"inLanguage":"de","potentialAction":[{"@type":"CommentAction","name":"Comment","target":["https:\/\/ds-barranquilla.org\/tras-un-receso-celebramos-la-vida-con-la-noche-de-danza-2023\/#respond"]}]},{"@type":"WebPage","@id":"https:\/\/ds-barranquilla.org\/tras-un-receso-celebramos-la-vida-con-la-noche-de-danza-2023\/","url":"https:\/\/ds-barranquilla.org\/tras-un-receso-celebramos-la-vida-con-la-noche-de-danza-2023\/","name":"Tras un receso, \u00a1celebramos la vida con la Noche de Danza 2023! - 2026","isPartOf":{"@id":"https:\/\/ds-barranquilla.org\/#website"},"primaryImageOfPage":{"@id":"https:\/\/ds-barranquilla.org\/tras-un-receso-celebramos-la-vida-con-la-noche-de-danza-2023\/#primaryimage"},"image":{"@id":"https:\/\/ds-barranquilla.org\/tras-un-receso-celebramos-la-vida-con-la-noche-de-danza-2023\/#primaryimage"},"thumbnailUrl":"https:\/\/ds-barranquilla.org\/wp-content\/uploads\/2023\/06\/noche-de-danza-1.png","datePublished":"2023-06-05T14:17:27+00:00","dateModified":"2023-06-05T16:32:16+00:00","breadcrumb":{"@id":"https:\/\/ds-barranquilla.org\/tras-un-receso-celebramos-la-vida-con-la-noche-de-danza-2023\/#breadcrumb"},"inLanguage":"de","potentialAction":[{"@type":"ReadAction","target":["https:\/\/ds-barranquilla.org\/tras-un-receso-celebramos-la-vida-con-la-noche-de-danza-2023\/"]}]},{"@type":"ImageObject","inLanguage":"de","@id":"https:\/\/ds-barranquilla.org\/tras-un-receso-celebramos-la-vida-con-la-noche-de-danza-2023\/#primaryimage","url":"https:\/\/ds-barranquilla.org\/wp-content\/uploads\/2023\/06\/noche-de-danza-1.png","contentUrl":"https:\/\/ds-barranquilla.org\/wp-content\/uploads\/2023\/06\/noche-de-danza-1.png","width":1170,"height":480},{"@type":"BreadcrumbList","@id":"https:\/\/ds-barranquilla.org\/tras-un-receso-celebramos-la-vida-con-la-noche-de-danza-2023\/#breadcrumb","itemListElement":[{"@type":"ListItem","position":1,"name":"Portada","item":"https:\/\/ds-barranquilla.org\/"},{"@type":"ListItem","position":2,"name":"Tras un receso, \u00a1celebramos la vida con la Noche de Danza 2023!"}]},{"@type":"WebSite","@id":"https:\/\/ds-barranquilla.org\/#website","url":"https:\/\/ds-barranquilla.org\/","name":"Colegio Alem\u00e1n - Los Mejores Colegios de Colombia - Colegio Triling\u00fce","description":"Colegio Alem\u00e1n  Barranquilla Colombia - Colegio Biling\u00fce - Triling\u00fce - El Mejor Colegio de Colombia","publisher":{"@id":"https:\/\/ds-barranquilla.org\/#organization"},"potentialAction":[{"@type":"SearchAction","target":{"@type":"EntryPoint","urlTemplate":"https:\/\/ds-barranquilla.org\/?s={search_term_string}"},"query-input":"required name=search_term_string"}],"inLanguage":"de"},{"@type":"Organization","@id":"https:\/\/ds-barranquilla.org\/#organization","name":"Colegio Alem\u00e1n Barranquilla","url":"https:\/\/ds-barranquilla.org\/","logo":{"@type":"ImageObject","inLanguage":"de","@id":"https:\/\/ds-barranquilla.org\/#\/schema\/logo\/image\/","url":"https:\/\/ds-barranquilla.org\/wp-content\/uploads\/2021\/05\/coleman_logo_2.png","contentUrl":"https:\/\/ds-barranquilla.org\/wp-content\/uploads\/2021\/05\/coleman_logo_2.png","width":418,"height":307,"caption":"Colegio Alem\u00e1n Barranquilla"},"image":{"@id":"https:\/\/ds-barranquilla.org\/#\/schema\/logo\/image\/"},"sameAs":["https:\/\/www.facebook.com\/ColegioAlemanBaq\/","https:\/\/x.com\/ColegioAlemanBq","https:\/\/www.instagram.com\/colegioalemanbaq\/","https:\/\/www.linkedin.com\/school\/deutsche-schule-barranquilla\/","https:\/\/www.youtube.com\/channel\/UCOOGZQCVs6aYRqIWvSN5agQ"]},{"@type":"Person","@id":"https:\/\/ds-barranquilla.org\/#\/schema\/person\/7bf8790ba89d3480e0551241ccdc8d36","name":"Comunicaciones Comunicaciones","image":{"@type":"ImageObject","inLanguage":"de","@id":"https:\/\/ds-barranquilla.org\/#\/schema\/person\/image\/","url":"https:\/\/secure.gravatar.com\/avatar\/a66ba9484a4338d81d6bea750e595038?s=96&d=mm&r=g","contentUrl":"https:\/\/secure.gravatar.com\/avatar\/a66ba9484a4338d81d6bea750e595038?s=96&d=mm&r=g","caption":"Comunicaciones Comunicaciones"}}]}},"_links":{"self":[{"href":"https:\/\/ds-barranquilla.org\/de\/wp-json\/wp\/v2\/posts\/23869"}],"collection":[{"href":"https:\/\/ds-barranquilla.org\/de\/wp-json\/wp\/v2\/posts"}],"about":[{"href":"https:\/\/ds-barranquilla.org\/de\/wp-json\/wp\/v2\/types\/post"}],"author":[{"embeddable":true,"href":"https:\/\/ds-barranquilla.org\/de\/wp-json\/wp\/v2\/users\/16"}],"replies":[{"embeddable":true,"href":"https:\/\/ds-barranquilla.org\/de\/wp-json\/wp\/v2\/comments?post=23869"}],"version-history":[{"count":7,"href":"https:\/\/ds-barranquilla.org\/de\/wp-json\/wp\/v2\/posts\/23869\/revisions"}],"predecessor-version":[{"id":23876,"href":"https:\/\/ds-barranquilla.org\/de\/wp-json\/wp\/v2\/posts\/23869\/revisions\/23876"}],"wp:featuredmedia":[{"embeddable":true,"href":"https:\/\/ds-barranquilla.org\/de\/wp-json\/wp\/v2\/media\/23856"}],"wp:attachment":[{"href":"https:\/\/ds-barranquilla.org\/de\/wp-json\/wp\/v2\/media?parent=23869"}],"wp:term":[{"taxonomy":"category","embeddable":true,"href":"https:\/\/ds-barranquilla.org\/de\/wp-json\/wp\/v2\/categories?post=23869"},{"taxonomy":"post_tag","embeddable":true,"href":"https:\/\/ds-barranquilla.org\/de\/wp-json\/wp\/v2\/tags?post=23869"}],"curies":[{"name":"wp","href":"https:\/\/api.w.org\/{rel}","templated":true}]}}