{"id":25483,"date":"2023-09-25T14:52:26","date_gmt":"2023-09-25T19:52:26","guid":{"rendered":"https:\/\/ds-barranquilla.org\/?p=25483"},"modified":"2023-09-25T15:01:47","modified_gmt":"2023-09-25T20:01:47","slug":"ya-tenemos-consejo-estudiantil-asi-fue-el-proyecto-de-democracia-2023","status":"publish","type":"post","link":"https:\/\/ds-barranquilla.org\/de\/ya-tenemos-consejo-estudiantil-asi-fue-el-proyecto-de-democracia-2023\/","title":{"rendered":"\u00a1Ya tenemos Consejo Estudiantil! As\u00ed fue el Proyecto de Democracia 2023"},"content":{"rendered":"<div data-elementor-type=\"wp-post\" data-elementor-id=\"25483\" class=\"elementor elementor-25483\">\n\t\t\t\t\t\t<section class=\"elementor-section elementor-top-section elementor-element elementor-element-8b2fe9d elementor-section-boxed elementor-section-height-default elementor-section-height-default\" data-id=\"8b2fe9d\" data-element_type=\"section\">\n\t\t\t\t\t\t<div class=\"elementor-container elementor-column-gap-default\">\n\t\t\t\t\t<div class=\"elementor-column elementor-col-100 elementor-top-column elementor-element elementor-element-21b7dc0\" data-id=\"21b7dc0\" data-element_type=\"column\">\n\t\t\t<div class=\"elementor-widget-wrap elementor-element-populated\">\n\t\t\t\t\t\t<div class=\"elementor-element elementor-element-6fba998 elementor-widget elementor-widget-text-editor\" data-id=\"6fba998\" data-element_type=\"widget\" data-widget_type=\"text-editor.default\">\n\t\t\t\t<div class=\"elementor-widget-container\">\n\t\t\t<style>\/*! elementor - v3.23.0 - 05-08-2024 *\/\n.elementor-widget-text-editor.elementor-drop-cap-view-stacked .elementor-drop-cap{background-color:#69727d;color:#fff}.elementor-widget-text-editor.elementor-drop-cap-view-framed .elementor-drop-cap{color:#69727d;border:3px solid;background-color:transparent}.elementor-widget-text-editor:not(.elementor-drop-cap-view-default) .elementor-drop-cap{margin-top:8px}.elementor-widget-text-editor:not(.elementor-drop-cap-view-default) .elementor-drop-cap-letter{width:1em;height:1em}.elementor-widget-text-editor .elementor-drop-cap{float:left;text-align:center;line-height:1;font-size:50px}.elementor-widget-text-editor .elementor-drop-cap-letter{display:inline-block}<\/style>\t\t\t\t<h2><span style=\"color: #cc3524;\">\u00a1Ya tenemos Consejo Estudiantil! As\u00ed fue el Proyecto de Democracia 2023<\/span><\/h2><p>Tras el desarrollo de nuestro Proyecto de Democracia, liderado por los docentes de Individuos y Sociedades, compartimos un resumen de las principales actividades de esta iniciativa que culmina cada a\u00f1o con la elecci\u00f3n del Consejo Estudiantil.<\/p>\t\t\t\t\t\t<\/div>\n\t\t\t\t<\/div>\n\t\t\t\t\t<\/div>\n\t\t<\/div>\n\t\t\t\t\t<\/div>\n\t\t<\/section>\n\t\t\t\t<section class=\"elementor-section elementor-top-section elementor-element elementor-element-344e316 elementor-section-boxed elementor-section-height-default elementor-section-height-default\" data-id=\"344e316\" data-element_type=\"section\">\n\t\t\t\t\t\t<div class=\"elementor-container elementor-column-gap-default\">\n\t\t\t\t\t<div class=\"elementor-column elementor-col-50 elementor-top-column elementor-element elementor-element-9324de5\" data-id=\"9324de5\" data-element_type=\"column\">\n\t\t\t<div class=\"elementor-widget-wrap elementor-element-populated\">\n\t\t\t\t\t\t<div class=\"elementor-element elementor-element-01e109c elementor-widget elementor-widget-image\" data-id=\"01e109c\" data-element_type=\"widget\" data-widget_type=\"image.default\">\n\t\t\t\t<div class=\"elementor-widget-container\">\n\t\t\t<style>\/*! elementor - v3.23.0 - 05-08-2024 *\/\n.elementor-widget-image{text-align:center}.elementor-widget-image a{display:inline-block}.elementor-widget-image a img[src$=\".svg\"]{width:48px}.elementor-widget-image img{vertical-align:middle;display:inline-block}<\/style>\t\t\t\t\t\t\t\t\t\t<img fetchpriority=\"high\" decoding=\"async\" width=\"768\" height=\"512\" src=\"https:\/\/ds-barranquilla.org\/wp-content\/uploads\/2023\/09\/DSC_3933-768x512.jpg\" class=\"attachment-medium_large size-medium_large wp-image-25485\" alt=\"\" srcset=\"https:\/\/ds-barranquilla.org\/wp-content\/uploads\/2023\/09\/DSC_3933-768x512.jpg 768w, https:\/\/ds-barranquilla.org\/wp-content\/uploads\/2023\/09\/DSC_3933-300x200.jpg 300w, https:\/\/ds-barranquilla.org\/wp-content\/uploads\/2023\/09\/DSC_3933-1024x683.jpg 1024w, https:\/\/ds-barranquilla.org\/wp-content\/uploads\/2023\/09\/DSC_3933-391x260.jpg 391w, https:\/\/ds-barranquilla.org\/wp-content\/uploads\/2023\/09\/DSC_3933-1536x1024.jpg 1536w, https:\/\/ds-barranquilla.org\/wp-content\/uploads\/2023\/09\/DSC_3933-2048x1365.jpg 2048w, https:\/\/ds-barranquilla.org\/wp-content\/uploads\/2023\/09\/DSC_3933-18x12.jpg 18w, https:\/\/ds-barranquilla.org\/wp-content\/uploads\/2023\/09\/DSC_3933-219x146.jpg 219w, https:\/\/ds-barranquilla.org\/wp-content\/uploads\/2023\/09\/DSC_3933-50x33.jpg 50w, https:\/\/ds-barranquilla.org\/wp-content\/uploads\/2023\/09\/DSC_3933-113x75.jpg 113w, https:\/\/ds-barranquilla.org\/wp-content\/uploads\/2023\/09\/DSC_3933-480x320.jpg 480w, https:\/\/ds-barranquilla.org\/wp-content\/uploads\/2023\/09\/DSC_3933-800x533.jpg 800w\" sizes=\"(max-width:767px) 480px, (max-width:768px) 100vw, 768px\" \/>\t\t\t\t\t\t\t\t\t\t\t\t\t<\/div>\n\t\t\t\t<\/div>\n\t\t\t\t\t<\/div>\n\t\t<\/div>\n\t\t\t\t<div class=\"elementor-column elementor-col-50 elementor-top-column elementor-element elementor-element-162162a\" data-id=\"162162a\" data-element_type=\"column\">\n\t\t\t<div class=\"elementor-widget-wrap elementor-element-populated\">\n\t\t\t\t\t\t<div class=\"elementor-element elementor-element-a66410c elementor-widget elementor-widget-image\" data-id=\"a66410c\" data-element_type=\"widget\" data-widget_type=\"image.default\">\n\t\t\t\t<div class=\"elementor-widget-container\">\n\t\t\t\t\t\t\t\t\t\t\t\t\t<img decoding=\"async\" width=\"768\" height=\"512\" src=\"https:\/\/ds-barranquilla.org\/wp-content\/uploads\/2023\/09\/democracia2-768x512.jpg\" class=\"attachment-medium_large size-medium_large wp-image-25419\" alt=\"\" srcset=\"https:\/\/ds-barranquilla.org\/wp-content\/uploads\/2023\/09\/democracia2-768x512.jpg 768w, https:\/\/ds-barranquilla.org\/wp-content\/uploads\/2023\/09\/democracia2-300x200.jpg 300w, https:\/\/ds-barranquilla.org\/wp-content\/uploads\/2023\/09\/democracia2-1024x683.jpg 1024w, https:\/\/ds-barranquilla.org\/wp-content\/uploads\/2023\/09\/democracia2-391x260.jpg 391w, https:\/\/ds-barranquilla.org\/wp-content\/uploads\/2023\/09\/democracia2-1536x1024.jpg 1536w, https:\/\/ds-barranquilla.org\/wp-content\/uploads\/2023\/09\/democracia2-2048x1365.jpg 2048w, https:\/\/ds-barranquilla.org\/wp-content\/uploads\/2023\/09\/democracia2-18x12.jpg 18w, https:\/\/ds-barranquilla.org\/wp-content\/uploads\/2023\/09\/democracia2-219x146.jpg 219w, https:\/\/ds-barranquilla.org\/wp-content\/uploads\/2023\/09\/democracia2-50x33.jpg 50w, https:\/\/ds-barranquilla.org\/wp-content\/uploads\/2023\/09\/democracia2-113x75.jpg 113w, https:\/\/ds-barranquilla.org\/wp-content\/uploads\/2023\/09\/democracia2-480x320.jpg 480w, https:\/\/ds-barranquilla.org\/wp-content\/uploads\/2023\/09\/democracia2-800x533.jpg 800w\" sizes=\"(max-width:767px) 480px, (max-width:768px) 100vw, 768px\" \/>\t\t\t\t\t\t\t\t\t\t\t\t\t<\/div>\n\t\t\t\t<\/div>\n\t\t\t\t\t<\/div>\n\t\t<\/div>\n\t\t\t\t\t<\/div>\n\t\t<\/section>\n\t\t\t\t<section class=\"elementor-section elementor-top-section elementor-element elementor-element-256fdcb elementor-section-boxed elementor-section-height-default elementor-section-height-default\" data-id=\"256fdcb\" data-element_type=\"section\">\n\t\t\t\t\t\t<div class=\"elementor-container elementor-column-gap-default\">\n\t\t\t\t\t<div class=\"elementor-column elementor-col-100 elementor-top-column elementor-element elementor-element-40ee831\" data-id=\"40ee831\" data-element_type=\"column\">\n\t\t\t<div class=\"elementor-widget-wrap elementor-element-populated\">\n\t\t\t\t\t\t<div class=\"elementor-element elementor-element-9bf9808 elementor-widget elementor-widget-text-editor\" data-id=\"9bf9808\" data-element_type=\"widget\" data-widget_type=\"text-editor.default\">\n\t\t\t\t<div class=\"elementor-widget-container\">\n\t\t\t\t\t\t\t<p><strong>Taller sobre el m\u00e9todo SMART.<\/strong> Para esta versi\u00f3n, los candidatos al Consejo Estudiantil participaron en una capacitaci\u00f3n especial sobre el m\u00e9todo SMART para construir sus propuestas a cargo de los se\u00f1ores Hellman Vallejo, Coordinador del Steuergruppe (Grupo de Calidad Pedag\u00f3gica) y Florian K\u00f6hler, Asistente de Rector\u00eda, con el acompa\u00f1amiento del se\u00f1or Alexander Ram\u00edrez, Coordinador del \u00e1rea de Individuos y Sociedades. En este espacio hicieron varias actividades en grupo para reflexionar sobre los componentes de esta metodolog\u00eda para alcanzar metas:<\/p><ul><li>Spezifisch (Espec\u00edficas).<\/li><li>Messbar (Medibles).<\/li><li>Akzeptiert \/ Attraktiv (Aceptadas \/ Atractivas).<\/li><li>Realistisch (Realistas).<\/li><li>Terminiert (Limitadas en el tiempo).<\/li><\/ul><p>Con esta preparaci\u00f3n, los candidatos a la Personer\u00eda pudieron revisar y analizar cada una de sus propuestas.<\/p>\t\t\t\t\t\t<\/div>\n\t\t\t\t<\/div>\n\t\t\t\t\t<\/div>\n\t\t<\/div>\n\t\t\t\t\t<\/div>\n\t\t<\/section>\n\t\t\t\t<section class=\"elementor-section elementor-top-section elementor-element elementor-element-c0a42cb elementor-section-boxed elementor-section-height-default elementor-section-height-default\" data-id=\"c0a42cb\" data-element_type=\"section\">\n\t\t\t\t\t\t<div class=\"elementor-container elementor-column-gap-default\">\n\t\t\t\t\t<div class=\"elementor-column elementor-col-50 elementor-top-column elementor-element elementor-element-a94c2af\" data-id=\"a94c2af\" data-element_type=\"column\">\n\t\t\t<div class=\"elementor-widget-wrap elementor-element-populated\">\n\t\t\t\t\t\t<div class=\"elementor-element elementor-element-3753a39 elementor-widget elementor-widget-image\" data-id=\"3753a39\" data-element_type=\"widget\" data-widget_type=\"image.default\">\n\t\t\t\t<div class=\"elementor-widget-container\">\n\t\t\t\t\t\t\t\t\t\t\t\t\t<img decoding=\"async\" width=\"768\" height=\"512\" src=\"https:\/\/ds-barranquilla.org\/wp-content\/uploads\/2023\/09\/democracia4-768x512.jpg\" class=\"attachment-medium_large size-medium_large wp-image-25421\" alt=\"\" srcset=\"https:\/\/ds-barranquilla.org\/wp-content\/uploads\/2023\/09\/democracia4-768x512.jpg 768w, https:\/\/ds-barranquilla.org\/wp-content\/uploads\/2023\/09\/democracia4-300x200.jpg 300w, https:\/\/ds-barranquilla.org\/wp-content\/uploads\/2023\/09\/democracia4-1024x683.jpg 1024w, https:\/\/ds-barranquilla.org\/wp-content\/uploads\/2023\/09\/democracia4-391x260.jpg 391w, https:\/\/ds-barranquilla.org\/wp-content\/uploads\/2023\/09\/democracia4-1536x1024.jpg 1536w, https:\/\/ds-barranquilla.org\/wp-content\/uploads\/2023\/09\/democracia4-2048x1365.jpg 2048w, https:\/\/ds-barranquilla.org\/wp-content\/uploads\/2023\/09\/democracia4-18x12.jpg 18w, https:\/\/ds-barranquilla.org\/wp-content\/uploads\/2023\/09\/democracia4-219x146.jpg 219w, https:\/\/ds-barranquilla.org\/wp-content\/uploads\/2023\/09\/democracia4-50x33.jpg 50w, https:\/\/ds-barranquilla.org\/wp-content\/uploads\/2023\/09\/democracia4-113x75.jpg 113w, https:\/\/ds-barranquilla.org\/wp-content\/uploads\/2023\/09\/democracia4-480x320.jpg 480w, https:\/\/ds-barranquilla.org\/wp-content\/uploads\/2023\/09\/democracia4-800x533.jpg 800w\" sizes=\"(max-width:767px) 480px, (max-width:768px) 100vw, 768px\" \/>\t\t\t\t\t\t\t\t\t\t\t\t\t<\/div>\n\t\t\t\t<\/div>\n\t\t\t\t\t<\/div>\n\t\t<\/div>\n\t\t\t\t<div class=\"elementor-column elementor-col-50 elementor-top-column elementor-element elementor-element-48a5f4c\" data-id=\"48a5f4c\" data-element_type=\"column\">\n\t\t\t<div class=\"elementor-widget-wrap elementor-element-populated\">\n\t\t\t\t\t\t<div class=\"elementor-element elementor-element-8a88262 elementor-widget elementor-widget-image\" data-id=\"8a88262\" data-element_type=\"widget\" data-widget_type=\"image.default\">\n\t\t\t\t<div class=\"elementor-widget-container\">\n\t\t\t\t\t\t\t\t\t\t\t\t\t<img loading=\"lazy\" decoding=\"async\" width=\"768\" height=\"512\" src=\"https:\/\/ds-barranquilla.org\/wp-content\/uploads\/2023\/09\/democracia3-768x512.jpg\" class=\"attachment-medium_large size-medium_large wp-image-25420\" alt=\"\" srcset=\"https:\/\/ds-barranquilla.org\/wp-content\/uploads\/2023\/09\/democracia3-768x512.jpg 768w, https:\/\/ds-barranquilla.org\/wp-content\/uploads\/2023\/09\/democracia3-300x200.jpg 300w, https:\/\/ds-barranquilla.org\/wp-content\/uploads\/2023\/09\/democracia3-1024x683.jpg 1024w, https:\/\/ds-barranquilla.org\/wp-content\/uploads\/2023\/09\/democracia3-391x260.jpg 391w, https:\/\/ds-barranquilla.org\/wp-content\/uploads\/2023\/09\/democracia3-1536x1024.jpg 1536w, https:\/\/ds-barranquilla.org\/wp-content\/uploads\/2023\/09\/democracia3-2048x1365.jpg 2048w, https:\/\/ds-barranquilla.org\/wp-content\/uploads\/2023\/09\/democracia3-18x12.jpg 18w, https:\/\/ds-barranquilla.org\/wp-content\/uploads\/2023\/09\/democracia3-219x146.jpg 219w, https:\/\/ds-barranquilla.org\/wp-content\/uploads\/2023\/09\/democracia3-50x33.jpg 50w, https:\/\/ds-barranquilla.org\/wp-content\/uploads\/2023\/09\/democracia3-113x75.jpg 113w, https:\/\/ds-barranquilla.org\/wp-content\/uploads\/2023\/09\/democracia3-480x320.jpg 480w, https:\/\/ds-barranquilla.org\/wp-content\/uploads\/2023\/09\/democracia3-800x533.jpg 800w\" sizes=\"(max-width:767px) 480px, (max-width:768px) 100vw, 768px\" \/>\t\t\t\t\t\t\t\t\t\t\t\t\t<\/div>\n\t\t\t\t<\/div>\n\t\t\t\t\t<\/div>\n\t\t<\/div>\n\t\t\t\t\t<\/div>\n\t\t<\/section>\n\t\t\t\t<section class=\"elementor-section elementor-top-section elementor-element elementor-element-43a9d97 elementor-section-boxed elementor-section-height-default elementor-section-height-default\" data-id=\"43a9d97\" data-element_type=\"section\">\n\t\t\t\t\t\t<div class=\"elementor-container elementor-column-gap-default\">\n\t\t\t\t\t<div class=\"elementor-column elementor-col-100 elementor-top-column elementor-element elementor-element-4802cfa\" data-id=\"4802cfa\" data-element_type=\"column\">\n\t\t\t<div class=\"elementor-widget-wrap elementor-element-populated\">\n\t\t\t\t\t\t<div class=\"elementor-element elementor-element-6b877ec elementor-widget elementor-widget-text-editor\" data-id=\"6b877ec\" data-element_type=\"widget\" data-widget_type=\"text-editor.default\">\n\t\t\t\t<div class=\"elementor-widget-container\">\n\t\t\t\t\t\t\t<p><strong>Presentaci\u00f3n de propuestas.<\/strong> Nuestros candidatos al Consejo Estudiantil y a la Personer\u00eda presentaron el 8 de septiembre en el Auditorio sus propuestas en dos sesiones: una de Klassen 5 a 8 y otra de Klassen 9 a 12.<\/p><p>Este evento se caracteriz\u00f3 por la muestra de ideas innovadoras y enfocadas en resolver las principales inquietudes de nuestros estudiantes.<\/p><p>La segunda jornada cont\u00f3 con la participaci\u00f3n especial de los se\u00f1ores Ralph Wiese, Rector, y Mc Neil Persand, miembro de nuestra Junta Directiva, egresado 2010 y Personero de su promoci\u00f3n.<\/p>\t\t\t\t\t\t<\/div>\n\t\t\t\t<\/div>\n\t\t\t\t\t<\/div>\n\t\t<\/div>\n\t\t\t\t\t<\/div>\n\t\t<\/section>\n\t\t\t\t<section class=\"elementor-section elementor-top-section elementor-element elementor-element-69a7244 elementor-section-boxed elementor-section-height-default elementor-section-height-default\" data-id=\"69a7244\" data-element_type=\"section\">\n\t\t\t\t\t\t<div class=\"elementor-container elementor-column-gap-default\">\n\t\t\t\t\t<div class=\"elementor-column elementor-col-50 elementor-top-column elementor-element elementor-element-da21aeb\" data-id=\"da21aeb\" data-element_type=\"column\">\n\t\t\t<div class=\"elementor-widget-wrap elementor-element-populated\">\n\t\t\t\t\t\t<div class=\"elementor-element elementor-element-60c1cda elementor-widget elementor-widget-image\" data-id=\"60c1cda\" data-element_type=\"widget\" data-widget_type=\"image.default\">\n\t\t\t\t<div class=\"elementor-widget-container\">\n\t\t\t\t\t\t\t\t\t\t\t\t\t<img loading=\"lazy\" decoding=\"async\" width=\"768\" height=\"512\" src=\"https:\/\/ds-barranquilla.org\/wp-content\/uploads\/2023\/09\/democracia-ok3-768x512.jpg\" class=\"attachment-medium_large size-medium_large wp-image-25417\" alt=\"\" srcset=\"https:\/\/ds-barranquilla.org\/wp-content\/uploads\/2023\/09\/democracia-ok3-768x512.jpg 768w, https:\/\/ds-barranquilla.org\/wp-content\/uploads\/2023\/09\/democracia-ok3-300x200.jpg 300w, https:\/\/ds-barranquilla.org\/wp-content\/uploads\/2023\/09\/democracia-ok3-1024x683.jpg 1024w, https:\/\/ds-barranquilla.org\/wp-content\/uploads\/2023\/09\/democracia-ok3-391x260.jpg 391w, https:\/\/ds-barranquilla.org\/wp-content\/uploads\/2023\/09\/democracia-ok3-1536x1024.jpg 1536w, https:\/\/ds-barranquilla.org\/wp-content\/uploads\/2023\/09\/democracia-ok3-2048x1365.jpg 2048w, https:\/\/ds-barranquilla.org\/wp-content\/uploads\/2023\/09\/democracia-ok3-18x12.jpg 18w, https:\/\/ds-barranquilla.org\/wp-content\/uploads\/2023\/09\/democracia-ok3-219x146.jpg 219w, https:\/\/ds-barranquilla.org\/wp-content\/uploads\/2023\/09\/democracia-ok3-50x33.jpg 50w, https:\/\/ds-barranquilla.org\/wp-content\/uploads\/2023\/09\/democracia-ok3-113x75.jpg 113w, https:\/\/ds-barranquilla.org\/wp-content\/uploads\/2023\/09\/democracia-ok3-480x320.jpg 480w, https:\/\/ds-barranquilla.org\/wp-content\/uploads\/2023\/09\/democracia-ok3-800x533.jpg 800w\" sizes=\"(max-width:767px) 480px, (max-width:768px) 100vw, 768px\" \/>\t\t\t\t\t\t\t\t\t\t\t\t\t<\/div>\n\t\t\t\t<\/div>\n\t\t\t\t\t<\/div>\n\t\t<\/div>\n\t\t\t\t<div class=\"elementor-column elementor-col-50 elementor-top-column elementor-element elementor-element-0195d18\" data-id=\"0195d18\" data-element_type=\"column\">\n\t\t\t<div class=\"elementor-widget-wrap elementor-element-populated\">\n\t\t\t\t\t\t<div class=\"elementor-element elementor-element-8cd6e7c elementor-widget elementor-widget-image\" data-id=\"8cd6e7c\" data-element_type=\"widget\" data-widget_type=\"image.default\">\n\t\t\t\t<div class=\"elementor-widget-container\">\n\t\t\t\t\t\t\t\t\t\t\t\t\t<img loading=\"lazy\" decoding=\"async\" width=\"768\" height=\"512\" src=\"https:\/\/ds-barranquilla.org\/wp-content\/uploads\/2023\/09\/democracia-ok2-768x512.jpg\" class=\"attachment-medium_large size-medium_large wp-image-25416\" alt=\"\" srcset=\"https:\/\/ds-barranquilla.org\/wp-content\/uploads\/2023\/09\/democracia-ok2-768x512.jpg 768w, https:\/\/ds-barranquilla.org\/wp-content\/uploads\/2023\/09\/democracia-ok2-300x200.jpg 300w, https:\/\/ds-barranquilla.org\/wp-content\/uploads\/2023\/09\/democracia-ok2-1024x683.jpg 1024w, https:\/\/ds-barranquilla.org\/wp-content\/uploads\/2023\/09\/democracia-ok2-391x260.jpg 391w, https:\/\/ds-barranquilla.org\/wp-content\/uploads\/2023\/09\/democracia-ok2-1536x1024.jpg 1536w, https:\/\/ds-barranquilla.org\/wp-content\/uploads\/2023\/09\/democracia-ok2-2048x1365.jpg 2048w, https:\/\/ds-barranquilla.org\/wp-content\/uploads\/2023\/09\/democracia-ok2-18x12.jpg 18w, https:\/\/ds-barranquilla.org\/wp-content\/uploads\/2023\/09\/democracia-ok2-219x146.jpg 219w, https:\/\/ds-barranquilla.org\/wp-content\/uploads\/2023\/09\/democracia-ok2-50x33.jpg 50w, https:\/\/ds-barranquilla.org\/wp-content\/uploads\/2023\/09\/democracia-ok2-113x75.jpg 113w, https:\/\/ds-barranquilla.org\/wp-content\/uploads\/2023\/09\/democracia-ok2-480x320.jpg 480w, https:\/\/ds-barranquilla.org\/wp-content\/uploads\/2023\/09\/democracia-ok2-800x533.jpg 800w\" sizes=\"(max-width:767px) 480px, (max-width:768px) 100vw, 768px\" \/>\t\t\t\t\t\t\t\t\t\t\t\t\t<\/div>\n\t\t\t\t<\/div>\n\t\t\t\t\t<\/div>\n\t\t<\/div>\n\t\t\t\t\t<\/div>\n\t\t<\/section>\n\t\t\t\t<section class=\"elementor-section elementor-top-section elementor-element elementor-element-ab7202a elementor-section-boxed elementor-section-height-default elementor-section-height-default\" data-id=\"ab7202a\" data-element_type=\"section\">\n\t\t\t\t\t\t<div class=\"elementor-container elementor-column-gap-default\">\n\t\t\t\t\t<div class=\"elementor-column elementor-col-100 elementor-top-column elementor-element elementor-element-26e47eb\" data-id=\"26e47eb\" data-element_type=\"column\">\n\t\t\t<div class=\"elementor-widget-wrap elementor-element-populated\">\n\t\t\t\t\t\t<div class=\"elementor-element elementor-element-53986d6 elementor-widget elementor-widget-text-editor\" data-id=\"53986d6\" data-element_type=\"widget\" data-widget_type=\"text-editor.default\">\n\t\t\t\t<div class=\"elementor-widget-container\">\n\t\t\t\t\t\t\t<p><strong>Elecciones.<\/strong> \u00a1Gan\u00f3 la democracia! Despu\u00e9s de una intensa jornada de elecciones estudiantiles en las que participaron todos los estudiantes de Kindergarten, Primaria y Secundaria con votos tradicionales y online, ya tenemos Consejo Estudiantil para el a\u00f1o escolar 2023-2024.\u00a0 \u00a1Felicidades a los ganadores!\u00a0<br \/><br \/>Klasse 4 \u2013 Emma Williams<br \/>Klasse 5 &#8211; Alejandra \u00c1vila<br \/>Klasse 6 &#8211; Thiago M\u00e9ndez<br \/>Klasse 7 &#8211; Jos\u00e9 Viviescas<br \/>Klasse 8 &#8211; Javier Chac\u00f3n<br \/>Klasse 9 &#8211; Gabriel Santiago<br \/>Klasse 10 &#8211; Alejandro Bautista<br \/>Klasse 11 &#8211; Karl Lewinnek<br \/>Klasse 12 &#8211; Carlos Vendr\u00edes<br \/>Personera: Meli\u00e9 Pardo<br \/>F\u00f3rmula de la Personer\u00eda: Laia Bris<\/p>\t\t\t\t\t\t<\/div>\n\t\t\t\t<\/div>\n\t\t\t\t\t<\/div>\n\t\t<\/div>\n\t\t\t\t\t<\/div>\n\t\t<\/section>\n\t\t\t\t<section class=\"elementor-section elementor-top-section elementor-element elementor-element-9627755 elementor-section-boxed elementor-section-height-default elementor-section-height-default\" data-id=\"9627755\" data-element_type=\"section\">\n\t\t\t\t\t\t<div class=\"elementor-container elementor-column-gap-default\">\n\t\t\t\t\t<div class=\"elementor-column elementor-col-50 elementor-top-column elementor-element elementor-element-4bb23a2\" data-id=\"4bb23a2\" data-element_type=\"column\">\n\t\t\t<div class=\"elementor-widget-wrap elementor-element-populated\">\n\t\t\t\t\t\t<div class=\"elementor-element elementor-element-9d7ccc1 elementor-widget elementor-widget-image\" data-id=\"9d7ccc1\" data-element_type=\"widget\" data-widget_type=\"image.default\">\n\t\t\t\t<div class=\"elementor-widget-container\">\n\t\t\t\t\t\t\t\t\t\t\t\t\t<img loading=\"lazy\" decoding=\"async\" width=\"768\" height=\"512\" src=\"https:\/\/ds-barranquilla.org\/wp-content\/uploads\/2023\/09\/democracia-ok-ok1-768x512.jpg\" class=\"attachment-medium_large size-medium_large wp-image-25411\" alt=\"\" srcset=\"https:\/\/ds-barranquilla.org\/wp-content\/uploads\/2023\/09\/democracia-ok-ok1-768x512.jpg 768w, https:\/\/ds-barranquilla.org\/wp-content\/uploads\/2023\/09\/democracia-ok-ok1-300x200.jpg 300w, https:\/\/ds-barranquilla.org\/wp-content\/uploads\/2023\/09\/democracia-ok-ok1-1024x683.jpg 1024w, https:\/\/ds-barranquilla.org\/wp-content\/uploads\/2023\/09\/democracia-ok-ok1-391x260.jpg 391w, https:\/\/ds-barranquilla.org\/wp-content\/uploads\/2023\/09\/democracia-ok-ok1-1536x1024.jpg 1536w, https:\/\/ds-barranquilla.org\/wp-content\/uploads\/2023\/09\/democracia-ok-ok1-2048x1365.jpg 2048w, https:\/\/ds-barranquilla.org\/wp-content\/uploads\/2023\/09\/democracia-ok-ok1-18x12.jpg 18w, https:\/\/ds-barranquilla.org\/wp-content\/uploads\/2023\/09\/democracia-ok-ok1-219x146.jpg 219w, https:\/\/ds-barranquilla.org\/wp-content\/uploads\/2023\/09\/democracia-ok-ok1-50x33.jpg 50w, https:\/\/ds-barranquilla.org\/wp-content\/uploads\/2023\/09\/democracia-ok-ok1-113x75.jpg 113w, https:\/\/ds-barranquilla.org\/wp-content\/uploads\/2023\/09\/democracia-ok-ok1-480x320.jpg 480w, https:\/\/ds-barranquilla.org\/wp-content\/uploads\/2023\/09\/democracia-ok-ok1-800x533.jpg 800w\" sizes=\"(max-width:767px) 480px, (max-width:768px) 100vw, 768px\" \/>\t\t\t\t\t\t\t\t\t\t\t\t\t<\/div>\n\t\t\t\t<\/div>\n\t\t\t\t\t<\/div>\n\t\t<\/div>\n\t\t\t\t<div class=\"elementor-column elementor-col-50 elementor-top-column elementor-element elementor-element-8e49b93\" data-id=\"8e49b93\" data-element_type=\"column\">\n\t\t\t<div class=\"elementor-widget-wrap elementor-element-populated\">\n\t\t\t\t\t\t<div class=\"elementor-element elementor-element-c338542 elementor-widget elementor-widget-image\" data-id=\"c338542\" data-element_type=\"widget\" data-widget_type=\"image.default\">\n\t\t\t\t<div class=\"elementor-widget-container\">\n\t\t\t\t\t\t\t\t\t\t\t\t\t<img loading=\"lazy\" decoding=\"async\" width=\"768\" height=\"512\" src=\"https:\/\/ds-barranquilla.org\/wp-content\/uploads\/2023\/09\/democracia-ok-ok4-768x512.jpg\" class=\"attachment-medium_large size-medium_large wp-image-25414\" alt=\"\" srcset=\"https:\/\/ds-barranquilla.org\/wp-content\/uploads\/2023\/09\/democracia-ok-ok4-768x512.jpg 768w, https:\/\/ds-barranquilla.org\/wp-content\/uploads\/2023\/09\/democracia-ok-ok4-300x200.jpg 300w, https:\/\/ds-barranquilla.org\/wp-content\/uploads\/2023\/09\/democracia-ok-ok4-1024x683.jpg 1024w, https:\/\/ds-barranquilla.org\/wp-content\/uploads\/2023\/09\/democracia-ok-ok4-391x260.jpg 391w, https:\/\/ds-barranquilla.org\/wp-content\/uploads\/2023\/09\/democracia-ok-ok4-1536x1024.jpg 1536w, https:\/\/ds-barranquilla.org\/wp-content\/uploads\/2023\/09\/democracia-ok-ok4-2048x1365.jpg 2048w, https:\/\/ds-barranquilla.org\/wp-content\/uploads\/2023\/09\/democracia-ok-ok4-18x12.jpg 18w, https:\/\/ds-barranquilla.org\/wp-content\/uploads\/2023\/09\/democracia-ok-ok4-219x146.jpg 219w, https:\/\/ds-barranquilla.org\/wp-content\/uploads\/2023\/09\/democracia-ok-ok4-50x33.jpg 50w, https:\/\/ds-barranquilla.org\/wp-content\/uploads\/2023\/09\/democracia-ok-ok4-113x75.jpg 113w, https:\/\/ds-barranquilla.org\/wp-content\/uploads\/2023\/09\/democracia-ok-ok4-480x320.jpg 480w, https:\/\/ds-barranquilla.org\/wp-content\/uploads\/2023\/09\/democracia-ok-ok4-800x533.jpg 800w\" sizes=\"(max-width:767px) 480px, (max-width:768px) 100vw, 768px\" \/>\t\t\t\t\t\t\t\t\t\t\t\t\t<\/div>\n\t\t\t\t<\/div>\n\t\t\t\t\t<\/div>\n\t\t<\/div>\n\t\t\t\t\t<\/div>\n\t\t<\/section>\n\t\t\t\t<section class=\"elementor-section elementor-top-section elementor-element elementor-element-28fd01c elementor-section-boxed elementor-section-height-default elementor-section-height-default\" data-id=\"28fd01c\" data-element_type=\"section\">\n\t\t\t\t\t\t<div class=\"elementor-container elementor-column-gap-default\">\n\t\t\t\t\t<div class=\"elementor-column elementor-col-100 elementor-top-column elementor-element elementor-element-d5ac440\" data-id=\"d5ac440\" data-element_type=\"column\">\n\t\t\t<div class=\"elementor-widget-wrap elementor-element-populated\">\n\t\t\t\t\t\t<div class=\"elementor-element elementor-element-4d7f687 elementor-widget elementor-widget-text-editor\" data-id=\"4d7f687\" data-element_type=\"widget\" data-widget_type=\"text-editor.default\">\n\t\t\t\t<div class=\"elementor-widget-container\">\n\t\t\t\t\t\t\t<p><strong>Instalaci\u00f3n del Consejo Estudiantil.<\/strong> Una Instalaci\u00f3n del Consejo Estudiantil 2023-2024 diferente vivimos el viernes 22 de septiembre en el Sal\u00f3n M\u00faltiple. Tras los himnos, nuestro Rector, el se\u00f1or Ralph Wiese, organiz\u00f3 una mesa redonda con los representantes y la Personera con el fin de que todos se conocieran mejor, teniendo en cuenta que tendr\u00e1n que trabajar en equipo durante el a\u00f1o escolar.<\/p><p>Luego, los estudiantes recibieron sus credenciales que los acreditan como representantes de sus respectivas Klassen y a partir de ese d\u00eda asumieron su nuevo rol de liderazgo con responsabilidad y compromiso con los compa\u00f1eros que los eligieron en el ejercicio electoral del pasado 20 de septiembre.<br \/><br \/>Este evento tambi\u00e9n cont\u00f3 con la participaci\u00f3n del equipo l\u00edder del Proyecto de Democracia, los docentes de Individuos y Sociedades.<br \/><br \/>\u00a1Felicitamos una vez m\u00e1s a los ganadores y esperamos que su gesti\u00f3n sea muy exitosa para nuestro colegio!<\/p><p><a href=\"https:\/\/www.facebook.com\/media\/set\/?set=a.844017924151206&amp;type=3\">M\u00e1s fotos de todas estas actividades en Facebook.<\/a><\/p>\t\t\t\t\t\t<\/div>\n\t\t\t\t<\/div>\n\t\t\t\t\t<\/div>\n\t\t<\/div>\n\t\t\t\t\t<\/div>\n\t\t<\/section>\n\t\t\t\t<\/div>","protected":false},"excerpt":{"rendered":"<p>\u00a1Ya tenemos Consejo Estudiantil! As\u00ed fue el Proyecto de Democracia 2023 Tras el desarrollo de nuestro Proyecto de Democracia, liderado por los docentes de Individuos y<span class=\"excerpt-hellip\"> [\u2026]<\/span><\/p>","protected":false},"author":16,"featured_media":25410,"comment_status":"open","ping_status":"open","sticky":false,"template":"","format":"standard","meta":{"_exactmetrics_skip_tracking":false,"_exactmetrics_sitenote_active":false,"_exactmetrics_sitenote_note":"","_exactmetrics_sitenote_category":0,"_joinchat":[],"footnotes":""},"categories":[713,688],"tags":[],"class_list":["post-25483","post","type-post","status-publish","format-standard","has-post-thumbnail","hentry","category-713","category-area-de-individuos-y-sociedades"],"yoast_head":"<!-- This site is optimized with the Yoast SEO plugin v23.3 - https:\/\/yoast.com\/wordpress\/plugins\/seo\/ -->\n<title>\u00a1Ya tenemos Consejo Estudiantil! As\u00ed fue el Proyecto de Democracia 2023 - 2026<\/title>\n<meta name=\"robots\" content=\"noindex, follow, max-snippet:-1, max-image-preview:large, max-video-preview:-1\" \/>\n<meta property=\"og:locale\" content=\"de_DE\" \/>\n<meta property=\"og:type\" content=\"article\" \/>\n<meta property=\"og:title\" content=\"\u00a1Ya tenemos Consejo Estudiantil! As\u00ed fue el Proyecto de Democracia 2023 - 2026\" \/>\n<meta property=\"og:description\" content=\"\u00a1Ya tenemos Consejo Estudiantil! As\u00ed fue el Proyecto de Democracia 2023 Tras el desarrollo de nuestro Proyecto de Democracia, liderado por los docentes de Individuos y [\u2026]\" \/>\n<meta property=\"og:url\" content=\"https:\/\/ds-barranquilla.org\/de\/ya-tenemos-consejo-estudiantil-asi-fue-el-proyecto-de-democracia-2023\/\" \/>\n<meta property=\"og:site_name\" content=\"Colegio Alem\u00e1n - Los Mejores Colegios de Colombia - Colegio Triling\u00fce\" \/>\n<meta property=\"article:publisher\" content=\"https:\/\/www.facebook.com\/ColegioAlemanBaq\/\" \/>\n<meta property=\"article:published_time\" content=\"2023-09-25T19:52:26+00:00\" \/>\n<meta property=\"article:modified_time\" content=\"2023-09-25T20:01:47+00:00\" \/>\n<meta property=\"og:image\" content=\"https:\/\/ds-barranquilla.org\/wp-content\/uploads\/2023\/09\/democracia-banner.png\" \/>\n\t<meta property=\"og:image:width\" content=\"1170\" \/>\n\t<meta property=\"og:image:height\" content=\"480\" \/>\n\t<meta property=\"og:image:type\" content=\"image\/png\" \/>\n<meta name=\"author\" content=\"Comunicaciones Comunicaciones\" \/>\n<meta name=\"twitter:card\" content=\"summary_large_image\" \/>\n<meta name=\"twitter:creator\" content=\"@ColegioAlemanBq\" \/>\n<meta name=\"twitter:site\" content=\"@ColegioAlemanBq\" \/>\n<meta name=\"twitter:label1\" content=\"Verfasst von\" \/>\n\t<meta name=\"twitter:data1\" content=\"Comunicaciones Comunicaciones\" \/>\n\t<meta name=\"twitter:label2\" content=\"Gesch\u00e4tzte Lesezeit\" \/>\n\t<meta name=\"twitter:data2\" content=\"3\u00a0Minuten\" \/>\n<script type=\"application\/ld+json\" class=\"yoast-schema-graph\">{\"@context\":\"https:\/\/schema.org\",\"@graph\":[{\"@type\":\"Article\",\"@id\":\"https:\/\/ds-barranquilla.org\/de\/ya-tenemos-consejo-estudiantil-asi-fue-el-proyecto-de-democracia-2023\/#article\",\"isPartOf\":{\"@id\":\"https:\/\/ds-barranquilla.org\/de\/ya-tenemos-consejo-estudiantil-asi-fue-el-proyecto-de-democracia-2023\/\"},\"author\":{\"name\":\"Comunicaciones Comunicaciones\",\"@id\":\"https:\/\/ds-barranquilla.org\/#\/schema\/person\/7bf8790ba89d3480e0551241ccdc8d36\"},\"headline\":\"\u00a1Ya tenemos Consejo Estudiantil! As\u00ed fue el Proyecto de Democracia 2023\",\"datePublished\":\"2023-09-25T19:52:26+00:00\",\"dateModified\":\"2023-09-25T20:01:47+00:00\",\"mainEntityOfPage\":{\"@id\":\"https:\/\/ds-barranquilla.org\/de\/ya-tenemos-consejo-estudiantil-asi-fue-el-proyecto-de-democracia-2023\/\"},\"wordCount\":531,\"commentCount\":0,\"publisher\":{\"@id\":\"https:\/\/ds-barranquilla.org\/#organization\"},\"image\":{\"@id\":\"https:\/\/ds-barranquilla.org\/de\/ya-tenemos-consejo-estudiantil-asi-fue-el-proyecto-de-democracia-2023\/#primaryimage\"},\"thumbnailUrl\":\"https:\/\/ds-barranquilla.org\/wp-content\/uploads\/2023\/09\/democracia-banner.png\",\"articleSection\":[\"2023\",\"\u00c1rea de Individuos y Sociedades\"],\"inLanguage\":\"de\",\"potentialAction\":[{\"@type\":\"CommentAction\",\"name\":\"Comment\",\"target\":[\"https:\/\/ds-barranquilla.org\/de\/ya-tenemos-consejo-estudiantil-asi-fue-el-proyecto-de-democracia-2023\/#respond\"]}]},{\"@type\":\"WebPage\",\"@id\":\"https:\/\/ds-barranquilla.org\/de\/ya-tenemos-consejo-estudiantil-asi-fue-el-proyecto-de-democracia-2023\/\",\"url\":\"https:\/\/ds-barranquilla.org\/de\/ya-tenemos-consejo-estudiantil-asi-fue-el-proyecto-de-democracia-2023\/\",\"name\":\"\u00a1Ya tenemos Consejo Estudiantil! As\u00ed fue el Proyecto de Democracia 2023 - 2026\",\"isPartOf\":{\"@id\":\"https:\/\/ds-barranquilla.org\/#website\"},\"primaryImageOfPage\":{\"@id\":\"https:\/\/ds-barranquilla.org\/de\/ya-tenemos-consejo-estudiantil-asi-fue-el-proyecto-de-democracia-2023\/#primaryimage\"},\"image\":{\"@id\":\"https:\/\/ds-barranquilla.org\/de\/ya-tenemos-consejo-estudiantil-asi-fue-el-proyecto-de-democracia-2023\/#primaryimage\"},\"thumbnailUrl\":\"https:\/\/ds-barranquilla.org\/wp-content\/uploads\/2023\/09\/democracia-banner.png\",\"datePublished\":\"2023-09-25T19:52:26+00:00\",\"dateModified\":\"2023-09-25T20:01:47+00:00\",\"breadcrumb\":{\"@id\":\"https:\/\/ds-barranquilla.org\/de\/ya-tenemos-consejo-estudiantil-asi-fue-el-proyecto-de-democracia-2023\/#breadcrumb\"},\"inLanguage\":\"de\",\"potentialAction\":[{\"@type\":\"ReadAction\",\"target\":[\"https:\/\/ds-barranquilla.org\/de\/ya-tenemos-consejo-estudiantil-asi-fue-el-proyecto-de-democracia-2023\/\"]}]},{\"@type\":\"ImageObject\",\"inLanguage\":\"de\",\"@id\":\"https:\/\/ds-barranquilla.org\/de\/ya-tenemos-consejo-estudiantil-asi-fue-el-proyecto-de-democracia-2023\/#primaryimage\",\"url\":\"https:\/\/ds-barranquilla.org\/wp-content\/uploads\/2023\/09\/democracia-banner.png\",\"contentUrl\":\"https:\/\/ds-barranquilla.org\/wp-content\/uploads\/2023\/09\/democracia-banner.png\",\"width\":1170,\"height\":480},{\"@type\":\"BreadcrumbList\",\"@id\":\"https:\/\/ds-barranquilla.org\/de\/ya-tenemos-consejo-estudiantil-asi-fue-el-proyecto-de-democracia-2023\/#breadcrumb\",\"itemListElement\":[{\"@type\":\"ListItem\",\"position\":1,\"name\":\"Portada\",\"item\":\"https:\/\/ds-barranquilla.org\/\"},{\"@type\":\"ListItem\",\"position\":2,\"name\":\"\u00a1Ya tenemos Consejo Estudiantil! As\u00ed fue el Proyecto de Democracia 2023\"}]},{\"@type\":\"WebSite\",\"@id\":\"https:\/\/ds-barranquilla.org\/#website\",\"url\":\"https:\/\/ds-barranquilla.org\/\",\"name\":\"Colegio Alem\u00e1n - Los Mejores Colegios de Colombia - Colegio Triling\u00fce\",\"description\":\"Colegio Alem\u00e1n  Barranquilla Colombia - Colegio Biling\u00fce - Triling\u00fce - El Mejor Colegio de Colombia\",\"publisher\":{\"@id\":\"https:\/\/ds-barranquilla.org\/#organization\"},\"potentialAction\":[{\"@type\":\"SearchAction\",\"target\":{\"@type\":\"EntryPoint\",\"urlTemplate\":\"https:\/\/ds-barranquilla.org\/?s={search_term_string}\"},\"query-input\":\"required name=search_term_string\"}],\"inLanguage\":\"de\"},{\"@type\":\"Organization\",\"@id\":\"https:\/\/ds-barranquilla.org\/#organization\",\"name\":\"Colegio Alem\u00e1n Barranquilla\",\"url\":\"https:\/\/ds-barranquilla.org\/\",\"logo\":{\"@type\":\"ImageObject\",\"inLanguage\":\"de\",\"@id\":\"https:\/\/ds-barranquilla.org\/#\/schema\/logo\/image\/\",\"url\":\"https:\/\/ds-barranquilla.org\/wp-content\/uploads\/2021\/05\/coleman_logo_2.png\",\"contentUrl\":\"https:\/\/ds-barranquilla.org\/wp-content\/uploads\/2021\/05\/coleman_logo_2.png\",\"width\":418,\"height\":307,\"caption\":\"Colegio Alem\u00e1n Barranquilla\"},\"image\":{\"@id\":\"https:\/\/ds-barranquilla.org\/#\/schema\/logo\/image\/\"},\"sameAs\":[\"https:\/\/www.facebook.com\/ColegioAlemanBaq\/\",\"https:\/\/x.com\/ColegioAlemanBq\",\"https:\/\/www.instagram.com\/colegioalemanbaq\/\",\"https:\/\/www.linkedin.com\/school\/deutsche-schule-barranquilla\/\",\"https:\/\/www.youtube.com\/channel\/UCOOGZQCVs6aYRqIWvSN5agQ\"]},{\"@type\":\"Person\",\"@id\":\"https:\/\/ds-barranquilla.org\/#\/schema\/person\/7bf8790ba89d3480e0551241ccdc8d36\",\"name\":\"Comunicaciones Comunicaciones\",\"image\":{\"@type\":\"ImageObject\",\"inLanguage\":\"de\",\"@id\":\"https:\/\/ds-barranquilla.org\/#\/schema\/person\/image\/\",\"url\":\"https:\/\/secure.gravatar.com\/avatar\/a66ba9484a4338d81d6bea750e595038?s=96&d=mm&r=g\",\"contentUrl\":\"https:\/\/secure.gravatar.com\/avatar\/a66ba9484a4338d81d6bea750e595038?s=96&d=mm&r=g\",\"caption\":\"Comunicaciones Comunicaciones\"}}]}<\/script>\n<!-- \/ Yoast SEO plugin. -->","yoast_head_json":{"title":"\u00a1Ya tenemos Consejo Estudiantil! As\u00ed fue el Proyecto de Democracia 2023 - 2026","robots":{"index":"noindex","follow":"follow","max-snippet":"max-snippet:-1","max-image-preview":"max-image-preview:large","max-video-preview":"max-video-preview:-1"},"og_locale":"de_DE","og_type":"article","og_title":"\u00a1Ya tenemos Consejo Estudiantil! As\u00ed fue el Proyecto de Democracia 2023 - 2026","og_description":"\u00a1Ya tenemos Consejo Estudiantil! As\u00ed fue el Proyecto de Democracia 2023 Tras el desarrollo de nuestro Proyecto de Democracia, liderado por los docentes de Individuos y [\u2026]","og_url":"https:\/\/ds-barranquilla.org\/de\/ya-tenemos-consejo-estudiantil-asi-fue-el-proyecto-de-democracia-2023\/","og_site_name":"Colegio Alem\u00e1n - Los Mejores Colegios de Colombia - Colegio Triling\u00fce","article_publisher":"https:\/\/www.facebook.com\/ColegioAlemanBaq\/","article_published_time":"2023-09-25T19:52:26+00:00","article_modified_time":"2023-09-25T20:01:47+00:00","og_image":[{"width":1170,"height":480,"url":"https:\/\/ds-barranquilla.org\/wp-content\/uploads\/2023\/09\/democracia-banner.png","type":"image\/png"}],"author":"Comunicaciones Comunicaciones","twitter_card":"summary_large_image","twitter_creator":"@ColegioAlemanBq","twitter_site":"@ColegioAlemanBq","twitter_misc":{"Verfasst von":"Comunicaciones Comunicaciones","Gesch\u00e4tzte Lesezeit":"3\u00a0Minuten"},"schema":{"@context":"https:\/\/schema.org","@graph":[{"@type":"Article","@id":"https:\/\/ds-barranquilla.org\/de\/ya-tenemos-consejo-estudiantil-asi-fue-el-proyecto-de-democracia-2023\/#article","isPartOf":{"@id":"https:\/\/ds-barranquilla.org\/de\/ya-tenemos-consejo-estudiantil-asi-fue-el-proyecto-de-democracia-2023\/"},"author":{"name":"Comunicaciones Comunicaciones","@id":"https:\/\/ds-barranquilla.org\/#\/schema\/person\/7bf8790ba89d3480e0551241ccdc8d36"},"headline":"\u00a1Ya tenemos Consejo Estudiantil! As\u00ed fue el Proyecto de Democracia 2023","datePublished":"2023-09-25T19:52:26+00:00","dateModified":"2023-09-25T20:01:47+00:00","mainEntityOfPage":{"@id":"https:\/\/ds-barranquilla.org\/de\/ya-tenemos-consejo-estudiantil-asi-fue-el-proyecto-de-democracia-2023\/"},"wordCount":531,"commentCount":0,"publisher":{"@id":"https:\/\/ds-barranquilla.org\/#organization"},"image":{"@id":"https:\/\/ds-barranquilla.org\/de\/ya-tenemos-consejo-estudiantil-asi-fue-el-proyecto-de-democracia-2023\/#primaryimage"},"thumbnailUrl":"https:\/\/ds-barranquilla.org\/wp-content\/uploads\/2023\/09\/democracia-banner.png","articleSection":["2023","\u00c1rea de Individuos y Sociedades"],"inLanguage":"de","potentialAction":[{"@type":"CommentAction","name":"Comment","target":["https:\/\/ds-barranquilla.org\/de\/ya-tenemos-consejo-estudiantil-asi-fue-el-proyecto-de-democracia-2023\/#respond"]}]},{"@type":"WebPage","@id":"https:\/\/ds-barranquilla.org\/de\/ya-tenemos-consejo-estudiantil-asi-fue-el-proyecto-de-democracia-2023\/","url":"https:\/\/ds-barranquilla.org\/de\/ya-tenemos-consejo-estudiantil-asi-fue-el-proyecto-de-democracia-2023\/","name":"\u00a1Ya tenemos Consejo Estudiantil! As\u00ed fue el Proyecto de Democracia 2023 - 2026","isPartOf":{"@id":"https:\/\/ds-barranquilla.org\/#website"},"primaryImageOfPage":{"@id":"https:\/\/ds-barranquilla.org\/de\/ya-tenemos-consejo-estudiantil-asi-fue-el-proyecto-de-democracia-2023\/#primaryimage"},"image":{"@id":"https:\/\/ds-barranquilla.org\/de\/ya-tenemos-consejo-estudiantil-asi-fue-el-proyecto-de-democracia-2023\/#primaryimage"},"thumbnailUrl":"https:\/\/ds-barranquilla.org\/wp-content\/uploads\/2023\/09\/democracia-banner.png","datePublished":"2023-09-25T19:52:26+00:00","dateModified":"2023-09-25T20:01:47+00:00","breadcrumb":{"@id":"https:\/\/ds-barranquilla.org\/de\/ya-tenemos-consejo-estudiantil-asi-fue-el-proyecto-de-democracia-2023\/#breadcrumb"},"inLanguage":"de","potentialAction":[{"@type":"ReadAction","target":["https:\/\/ds-barranquilla.org\/de\/ya-tenemos-consejo-estudiantil-asi-fue-el-proyecto-de-democracia-2023\/"]}]},{"@type":"ImageObject","inLanguage":"de","@id":"https:\/\/ds-barranquilla.org\/de\/ya-tenemos-consejo-estudiantil-asi-fue-el-proyecto-de-democracia-2023\/#primaryimage","url":"https:\/\/ds-barranquilla.org\/wp-content\/uploads\/2023\/09\/democracia-banner.png","contentUrl":"https:\/\/ds-barranquilla.org\/wp-content\/uploads\/2023\/09\/democracia-banner.png","width":1170,"height":480},{"@type":"BreadcrumbList","@id":"https:\/\/ds-barranquilla.org\/de\/ya-tenemos-consejo-estudiantil-asi-fue-el-proyecto-de-democracia-2023\/#breadcrumb","itemListElement":[{"@type":"ListItem","position":1,"name":"Portada","item":"https:\/\/ds-barranquilla.org\/"},{"@type":"ListItem","position":2,"name":"\u00a1Ya tenemos Consejo Estudiantil! As\u00ed fue el Proyecto de Democracia 2023"}]},{"@type":"WebSite","@id":"https:\/\/ds-barranquilla.org\/#website","url":"https:\/\/ds-barranquilla.org\/","name":"Colegio Alem\u00e1n - Los Mejores Colegios de Colombia - Colegio Triling\u00fce","description":"Colegio Alem\u00e1n  Barranquilla Colombia - Colegio Biling\u00fce - Triling\u00fce - El Mejor Colegio de Colombia","publisher":{"@id":"https:\/\/ds-barranquilla.org\/#organization"},"potentialAction":[{"@type":"SearchAction","target":{"@type":"EntryPoint","urlTemplate":"https:\/\/ds-barranquilla.org\/?s={search_term_string}"},"query-input":"required name=search_term_string"}],"inLanguage":"de"},{"@type":"Organization","@id":"https:\/\/ds-barranquilla.org\/#organization","name":"Colegio Alem\u00e1n Barranquilla","url":"https:\/\/ds-barranquilla.org\/","logo":{"@type":"ImageObject","inLanguage":"de","@id":"https:\/\/ds-barranquilla.org\/#\/schema\/logo\/image\/","url":"https:\/\/ds-barranquilla.org\/wp-content\/uploads\/2021\/05\/coleman_logo_2.png","contentUrl":"https:\/\/ds-barranquilla.org\/wp-content\/uploads\/2021\/05\/coleman_logo_2.png","width":418,"height":307,"caption":"Colegio Alem\u00e1n Barranquilla"},"image":{"@id":"https:\/\/ds-barranquilla.org\/#\/schema\/logo\/image\/"},"sameAs":["https:\/\/www.facebook.com\/ColegioAlemanBaq\/","https:\/\/x.com\/ColegioAlemanBq","https:\/\/www.instagram.com\/colegioalemanbaq\/","https:\/\/www.linkedin.com\/school\/deutsche-schule-barranquilla\/","https:\/\/www.youtube.com\/channel\/UCOOGZQCVs6aYRqIWvSN5agQ"]},{"@type":"Person","@id":"https:\/\/ds-barranquilla.org\/#\/schema\/person\/7bf8790ba89d3480e0551241ccdc8d36","name":"Comunicaciones Comunicaciones","image":{"@type":"ImageObject","inLanguage":"de","@id":"https:\/\/ds-barranquilla.org\/#\/schema\/person\/image\/","url":"https:\/\/secure.gravatar.com\/avatar\/a66ba9484a4338d81d6bea750e595038?s=96&d=mm&r=g","contentUrl":"https:\/\/secure.gravatar.com\/avatar\/a66ba9484a4338d81d6bea750e595038?s=96&d=mm&r=g","caption":"Comunicaciones Comunicaciones"}}]}},"_links":{"self":[{"href":"https:\/\/ds-barranquilla.org\/de\/wp-json\/wp\/v2\/posts\/25483"}],"collection":[{"href":"https:\/\/ds-barranquilla.org\/de\/wp-json\/wp\/v2\/posts"}],"about":[{"href":"https:\/\/ds-barranquilla.org\/de\/wp-json\/wp\/v2\/types\/post"}],"author":[{"embeddable":true,"href":"https:\/\/ds-barranquilla.org\/de\/wp-json\/wp\/v2\/users\/16"}],"replies":[{"embeddable":true,"href":"https:\/\/ds-barranquilla.org\/de\/wp-json\/wp\/v2\/comments?post=25483"}],"version-history":[{"count":5,"href":"https:\/\/ds-barranquilla.org\/de\/wp-json\/wp\/v2\/posts\/25483\/revisions"}],"predecessor-version":[{"id":25489,"href":"https:\/\/ds-barranquilla.org\/de\/wp-json\/wp\/v2\/posts\/25483\/revisions\/25489"}],"wp:featuredmedia":[{"embeddable":true,"href":"https:\/\/ds-barranquilla.org\/de\/wp-json\/wp\/v2\/media\/25410"}],"wp:attachment":[{"href":"https:\/\/ds-barranquilla.org\/de\/wp-json\/wp\/v2\/media?parent=25483"}],"wp:term":[{"taxonomy":"category","embeddable":true,"href":"https:\/\/ds-barranquilla.org\/de\/wp-json\/wp\/v2\/categories?post=25483"},{"taxonomy":"post_tag","embeddable":true,"href":"https:\/\/ds-barranquilla.org\/de\/wp-json\/wp\/v2\/tags?post=25483"}],"curies":[{"name":"wp","href":"https:\/\/api.w.org\/{rel}","templated":true}]}}