{"id":25556,"date":"2023-09-28T10:46:46","date_gmt":"2023-09-28T15:46:46","guid":{"rendered":"https:\/\/ds-barranquilla.org\/?p=25556"},"modified":"2023-09-28T11:07:07","modified_gmt":"2023-09-28T16:07:07","slug":"nuestro-colegio-fue-la-sede-del-concurso-nacional-de-debate-en-aleman-jugend-debattiert","status":"publish","type":"post","link":"https:\/\/ds-barranquilla.org\/de\/nuestro-colegio-fue-la-sede-del-concurso-nacional-de-debate-en-aleman-jugend-debattiert\/","title":{"rendered":"Nuestro colegio fue la sede del Concurso Nacional de Debate en Alem\u00e1n: Jugend Debattiert"},"content":{"rendered":"<div data-elementor-type=\"wp-post\" data-elementor-id=\"25556\" class=\"elementor elementor-25556\">\n\t\t\t\t\t\t<section class=\"elementor-section elementor-top-section elementor-element elementor-element-92064c2 elementor-section-boxed elementor-section-height-default elementor-section-height-default\" data-id=\"92064c2\" data-element_type=\"section\">\n\t\t\t\t\t\t<div class=\"elementor-container elementor-column-gap-default\">\n\t\t\t\t\t<div class=\"elementor-column elementor-col-100 elementor-top-column elementor-element elementor-element-e1c07fd\" data-id=\"e1c07fd\" data-element_type=\"column\">\n\t\t\t<div class=\"elementor-widget-wrap elementor-element-populated\">\n\t\t\t\t\t\t<div class=\"elementor-element elementor-element-9a05a65 elementor-widget elementor-widget-text-editor\" data-id=\"9a05a65\" data-element_type=\"widget\" data-widget_type=\"text-editor.default\">\n\t\t\t\t<div class=\"elementor-widget-container\">\n\t\t\t<style>\/*! elementor - v3.23.0 - 05-08-2024 *\/\n.elementor-widget-text-editor.elementor-drop-cap-view-stacked .elementor-drop-cap{background-color:#69727d;color:#fff}.elementor-widget-text-editor.elementor-drop-cap-view-framed .elementor-drop-cap{color:#69727d;border:3px solid;background-color:transparent}.elementor-widget-text-editor:not(.elementor-drop-cap-view-default) .elementor-drop-cap{margin-top:8px}.elementor-widget-text-editor:not(.elementor-drop-cap-view-default) .elementor-drop-cap-letter{width:1em;height:1em}.elementor-widget-text-editor .elementor-drop-cap{float:left;text-align:center;line-height:1;font-size:50px}.elementor-widget-text-editor .elementor-drop-cap-letter{display:inline-block}<\/style>\t\t\t\t<h2><span style=\"color: #cc3524;\">Nuestro colegio fue la sede del Concurso Nacional de Debate en Alem\u00e1n: Jugend Debattiert<\/span><\/h2><p>Nos emociona enormemente compartir con nuestra\u00a0comunidad la noticia de haber sido la sede del Concurso Nacional de Debate en Alem\u00e1n: Jugend Debattiert que se celebr\u00f3 del 24 al 27 de septiembre. Este evento, que es promovido por Alemania, nos permiti\u00f3 vivir una experiencia educativa en la que el idioma alem\u00e1n jug\u00f3 un papel principal.<br \/><br \/>Para este encuentro acad\u00e9mico recibimos a nuestros invitados de los Colegios Alemanes de Bogot\u00e1, Cali y Medell\u00edn, as\u00ed como tambi\u00e9n del Colegio Helvetia y del Gimnasio Alem\u00e1n Friedrich Von Schiller.<\/p>\t\t\t\t\t\t<\/div>\n\t\t\t\t<\/div>\n\t\t\t\t\t<\/div>\n\t\t<\/div>\n\t\t\t\t\t<\/div>\n\t\t<\/section>\n\t\t\t\t<section class=\"elementor-section elementor-top-section elementor-element elementor-element-9fe5efc elementor-section-boxed elementor-section-height-default elementor-section-height-default\" data-id=\"9fe5efc\" data-element_type=\"section\">\n\t\t\t\t\t\t<div class=\"elementor-container elementor-column-gap-default\">\n\t\t\t\t\t<div class=\"elementor-column elementor-col-50 elementor-top-column elementor-element elementor-element-7383673\" data-id=\"7383673\" data-element_type=\"column\">\n\t\t\t<div class=\"elementor-widget-wrap elementor-element-populated\">\n\t\t\t\t\t\t<div class=\"elementor-element elementor-element-94a7b30 elementor-widget elementor-widget-image\" data-id=\"94a7b30\" data-element_type=\"widget\" data-widget_type=\"image.default\">\n\t\t\t\t<div class=\"elementor-widget-container\">\n\t\t\t<style>\/*! elementor - v3.23.0 - 05-08-2024 *\/\n.elementor-widget-image{text-align:center}.elementor-widget-image a{display:inline-block}.elementor-widget-image a img[src$=\".svg\"]{width:48px}.elementor-widget-image img{vertical-align:middle;display:inline-block}<\/style>\t\t\t\t\t\t\t\t\t\t<img fetchpriority=\"high\" decoding=\"async\" width=\"768\" height=\"576\" src=\"https:\/\/ds-barranquilla.org\/wp-content\/uploads\/2023\/09\/debate5-768x576.jpg\" class=\"attachment-medium_large size-medium_large wp-image-25538\" alt=\"\" srcset=\"https:\/\/ds-barranquilla.org\/wp-content\/uploads\/2023\/09\/debate5-768x576.jpg 768w, https:\/\/ds-barranquilla.org\/wp-content\/uploads\/2023\/09\/debate5-300x225.jpg 300w, https:\/\/ds-barranquilla.org\/wp-content\/uploads\/2023\/09\/debate5-1024x768.jpg 1024w, https:\/\/ds-barranquilla.org\/wp-content\/uploads\/2023\/09\/debate5-1536x1152.jpg 1536w, https:\/\/ds-barranquilla.org\/wp-content\/uploads\/2023\/09\/debate5-16x12.jpg 16w, https:\/\/ds-barranquilla.org\/wp-content\/uploads\/2023\/09\/debate5-195x146.jpg 195w, https:\/\/ds-barranquilla.org\/wp-content\/uploads\/2023\/09\/debate5-50x38.jpg 50w, https:\/\/ds-barranquilla.org\/wp-content\/uploads\/2023\/09\/debate5-100x75.jpg 100w, https:\/\/ds-barranquilla.org\/wp-content\/uploads\/2023\/09\/debate5-480x360.jpg 480w, https:\/\/ds-barranquilla.org\/wp-content\/uploads\/2023\/09\/debate5-800x600.jpg 800w, https:\/\/ds-barranquilla.org\/wp-content\/uploads\/2023\/09\/debate5.jpg 1770w\" sizes=\"(max-width:767px) 480px, (max-width:768px) 100vw, 768px\" \/>\t\t\t\t\t\t\t\t\t\t\t\t\t<\/div>\n\t\t\t\t<\/div>\n\t\t\t\t\t<\/div>\n\t\t<\/div>\n\t\t\t\t<div class=\"elementor-column elementor-col-50 elementor-top-column elementor-element elementor-element-904e60c\" data-id=\"904e60c\" data-element_type=\"column\">\n\t\t\t<div class=\"elementor-widget-wrap elementor-element-populated\">\n\t\t\t\t\t\t<div class=\"elementor-element elementor-element-73359d9 elementor-widget elementor-widget-image\" data-id=\"73359d9\" data-element_type=\"widget\" data-widget_type=\"image.default\">\n\t\t\t\t<div class=\"elementor-widget-container\">\n\t\t\t\t\t\t\t\t\t\t\t\t\t<img decoding=\"async\" width=\"768\" height=\"576\" src=\"https:\/\/ds-barranquilla.org\/wp-content\/uploads\/2023\/09\/MicrosoftTeams-image-5-768x576.jpg\" class=\"attachment-medium_large size-medium_large wp-image-25558\" alt=\"\" srcset=\"https:\/\/ds-barranquilla.org\/wp-content\/uploads\/2023\/09\/MicrosoftTeams-image-5-768x576.jpg 768w, https:\/\/ds-barranquilla.org\/wp-content\/uploads\/2023\/09\/MicrosoftTeams-image-5-300x225.jpg 300w, https:\/\/ds-barranquilla.org\/wp-content\/uploads\/2023\/09\/MicrosoftTeams-image-5-1024x768.jpg 1024w, https:\/\/ds-barranquilla.org\/wp-content\/uploads\/2023\/09\/MicrosoftTeams-image-5-1536x1152.jpg 1536w, https:\/\/ds-barranquilla.org\/wp-content\/uploads\/2023\/09\/MicrosoftTeams-image-5-16x12.jpg 16w, https:\/\/ds-barranquilla.org\/wp-content\/uploads\/2023\/09\/MicrosoftTeams-image-5-195x146.jpg 195w, https:\/\/ds-barranquilla.org\/wp-content\/uploads\/2023\/09\/MicrosoftTeams-image-5-50x38.jpg 50w, https:\/\/ds-barranquilla.org\/wp-content\/uploads\/2023\/09\/MicrosoftTeams-image-5-100x75.jpg 100w, https:\/\/ds-barranquilla.org\/wp-content\/uploads\/2023\/09\/MicrosoftTeams-image-5-480x360.jpg 480w, https:\/\/ds-barranquilla.org\/wp-content\/uploads\/2023\/09\/MicrosoftTeams-image-5-800x600.jpg 800w, https:\/\/ds-barranquilla.org\/wp-content\/uploads\/2023\/09\/MicrosoftTeams-image-5.jpg 1770w\" sizes=\"(max-width:767px) 480px, (max-width:768px) 100vw, 768px\" \/>\t\t\t\t\t\t\t\t\t\t\t\t\t<\/div>\n\t\t\t\t<\/div>\n\t\t\t\t\t<\/div>\n\t\t<\/div>\n\t\t\t\t\t<\/div>\n\t\t<\/section>\n\t\t\t\t<section class=\"elementor-section elementor-top-section elementor-element elementor-element-a7fe504 elementor-section-boxed elementor-section-height-default elementor-section-height-default\" data-id=\"a7fe504\" data-element_type=\"section\">\n\t\t\t\t\t\t<div class=\"elementor-container elementor-column-gap-default\">\n\t\t\t\t\t<div class=\"elementor-column elementor-col-100 elementor-top-column elementor-element elementor-element-748bf47\" data-id=\"748bf47\" data-element_type=\"column\">\n\t\t\t<div class=\"elementor-widget-wrap elementor-element-populated\">\n\t\t\t\t\t\t<div class=\"elementor-element elementor-element-5d31ec8 elementor-widget elementor-widget-text-editor\" data-id=\"5d31ec8\" data-element_type=\"widget\" data-widget_type=\"text-editor.default\">\n\t\t\t\t<div class=\"elementor-widget-container\">\n\t\t\t\t\t\t\t<p><strong>Entrenamiento<\/strong><br \/>Del 24 al 26 de septiembre tres de nuestros estudiantes de Klassen 11 y 12, junto con los dem\u00e1s participantes, estuvieron en un campamento de entrenamiento intensivo de debate en un hotel de nuestra ciudad.<\/p><p>Durante el primer d\u00eda, la se\u00f1ora Alisson Jim\u00e9nez, Directora del Departamento de Alem\u00e1n, dio las palabras de bienvenida en medio de un agradable almuerzo en el que todos los asistentes pudieron conversar e integrarse.<\/p>\t\t\t\t\t\t<\/div>\n\t\t\t\t<\/div>\n\t\t\t\t\t<\/div>\n\t\t<\/div>\n\t\t\t\t\t<\/div>\n\t\t<\/section>\n\t\t\t\t<section class=\"elementor-section elementor-top-section elementor-element elementor-element-883369d elementor-section-boxed elementor-section-height-default elementor-section-height-default\" data-id=\"883369d\" data-element_type=\"section\">\n\t\t\t\t\t\t<div class=\"elementor-container elementor-column-gap-default\">\n\t\t\t\t\t<div class=\"elementor-column elementor-col-100 elementor-top-column elementor-element elementor-element-2c85114\" data-id=\"2c85114\" data-element_type=\"column\">\n\t\t\t<div class=\"elementor-widget-wrap elementor-element-populated\">\n\t\t\t\t\t\t<div class=\"elementor-element elementor-element-09be4ea elementor-widget elementor-widget-text-editor\" data-id=\"09be4ea\" data-element_type=\"widget\" data-widget_type=\"text-editor.default\">\n\t\t\t\t<div class=\"elementor-widget-container\">\n\t\t\t\t\t\t\t<p>Al d\u00eda siguiente, los estudiantes trabajaron intensamente en su preparaci\u00f3n junto a sus docentes para la gran final del mi\u00e9rcoles 27 de septiembre.<\/p><p>El martes 26 de septiembre, tercer d\u00eda de este evento, los invitados continuaron con el proceso de entrenamiento y sacaron un espacio para conocer nuestro colegio donde, tras compartir un almuerzo, recorrieron las instalaciones de la mano de algunos de nuestros estudiantes.<\/p>\t\t\t\t\t\t<\/div>\n\t\t\t\t<\/div>\n\t\t\t\t\t<\/div>\n\t\t<\/div>\n\t\t\t\t\t<\/div>\n\t\t<\/section>\n\t\t\t\t<section class=\"elementor-section elementor-top-section elementor-element elementor-element-70d9206 elementor-section-boxed elementor-section-height-default elementor-section-height-default\" data-id=\"70d9206\" data-element_type=\"section\">\n\t\t\t\t\t\t<div class=\"elementor-container elementor-column-gap-default\">\n\t\t\t\t\t<div class=\"elementor-column elementor-col-50 elementor-top-column elementor-element elementor-element-060a3e1\" data-id=\"060a3e1\" data-element_type=\"column\">\n\t\t\t<div class=\"elementor-widget-wrap elementor-element-populated\">\n\t\t\t\t\t\t<div class=\"elementor-element elementor-element-8bd131e elementor-widget elementor-widget-image\" data-id=\"8bd131e\" data-element_type=\"widget\" data-widget_type=\"image.default\">\n\t\t\t\t<div class=\"elementor-widget-container\">\n\t\t\t\t\t\t\t\t\t\t\t\t\t<img decoding=\"async\" width=\"768\" height=\"512\" src=\"https:\/\/ds-barranquilla.org\/wp-content\/uploads\/2023\/09\/almuerzo-768x512.jpg\" class=\"attachment-medium_large size-medium_large wp-image-25560\" alt=\"\" srcset=\"https:\/\/ds-barranquilla.org\/wp-content\/uploads\/2023\/09\/almuerzo-768x512.jpg 768w, https:\/\/ds-barranquilla.org\/wp-content\/uploads\/2023\/09\/almuerzo-300x200.jpg 300w, https:\/\/ds-barranquilla.org\/wp-content\/uploads\/2023\/09\/almuerzo-1024x683.jpg 1024w, https:\/\/ds-barranquilla.org\/wp-content\/uploads\/2023\/09\/almuerzo-391x260.jpg 391w, https:\/\/ds-barranquilla.org\/wp-content\/uploads\/2023\/09\/almuerzo-1536x1024.jpg 1536w, https:\/\/ds-barranquilla.org\/wp-content\/uploads\/2023\/09\/almuerzo-2048x1365.jpg 2048w, https:\/\/ds-barranquilla.org\/wp-content\/uploads\/2023\/09\/almuerzo-18x12.jpg 18w, https:\/\/ds-barranquilla.org\/wp-content\/uploads\/2023\/09\/almuerzo-219x146.jpg 219w, https:\/\/ds-barranquilla.org\/wp-content\/uploads\/2023\/09\/almuerzo-50x33.jpg 50w, https:\/\/ds-barranquilla.org\/wp-content\/uploads\/2023\/09\/almuerzo-113x75.jpg 113w, https:\/\/ds-barranquilla.org\/wp-content\/uploads\/2023\/09\/almuerzo-480x320.jpg 480w, https:\/\/ds-barranquilla.org\/wp-content\/uploads\/2023\/09\/almuerzo-800x533.jpg 800w\" sizes=\"(max-width:767px) 480px, (max-width:768px) 100vw, 768px\" \/>\t\t\t\t\t\t\t\t\t\t\t\t\t<\/div>\n\t\t\t\t<\/div>\n\t\t\t\t\t<\/div>\n\t\t<\/div>\n\t\t\t\t<div class=\"elementor-column elementor-col-50 elementor-top-column elementor-element elementor-element-630b6d3\" data-id=\"630b6d3\" data-element_type=\"column\">\n\t\t\t<div class=\"elementor-widget-wrap elementor-element-populated\">\n\t\t\t\t\t\t<div class=\"elementor-element elementor-element-7736b74 elementor-widget elementor-widget-image\" data-id=\"7736b74\" data-element_type=\"widget\" data-widget_type=\"image.default\">\n\t\t\t\t<div class=\"elementor-widget-container\">\n\t\t\t\t\t\t\t\t\t\t\t\t\t<img loading=\"lazy\" decoding=\"async\" width=\"768\" height=\"512\" src=\"https:\/\/ds-barranquilla.org\/wp-content\/uploads\/2023\/09\/DSC_6413-768x512.jpg\" class=\"attachment-medium_large size-medium_large wp-image-25559\" alt=\"\" srcset=\"https:\/\/ds-barranquilla.org\/wp-content\/uploads\/2023\/09\/DSC_6413-768x512.jpg 768w, https:\/\/ds-barranquilla.org\/wp-content\/uploads\/2023\/09\/DSC_6413-300x200.jpg 300w, https:\/\/ds-barranquilla.org\/wp-content\/uploads\/2023\/09\/DSC_6413-1024x683.jpg 1024w, https:\/\/ds-barranquilla.org\/wp-content\/uploads\/2023\/09\/DSC_6413-391x260.jpg 391w, https:\/\/ds-barranquilla.org\/wp-content\/uploads\/2023\/09\/DSC_6413-1536x1024.jpg 1536w, https:\/\/ds-barranquilla.org\/wp-content\/uploads\/2023\/09\/DSC_6413-2048x1365.jpg 2048w, https:\/\/ds-barranquilla.org\/wp-content\/uploads\/2023\/09\/DSC_6413-18x12.jpg 18w, https:\/\/ds-barranquilla.org\/wp-content\/uploads\/2023\/09\/DSC_6413-219x146.jpg 219w, https:\/\/ds-barranquilla.org\/wp-content\/uploads\/2023\/09\/DSC_6413-50x33.jpg 50w, https:\/\/ds-barranquilla.org\/wp-content\/uploads\/2023\/09\/DSC_6413-113x75.jpg 113w, https:\/\/ds-barranquilla.org\/wp-content\/uploads\/2023\/09\/DSC_6413-480x320.jpg 480w, https:\/\/ds-barranquilla.org\/wp-content\/uploads\/2023\/09\/DSC_6413-800x533.jpg 800w\" sizes=\"(max-width:767px) 480px, (max-width:768px) 100vw, 768px\" \/>\t\t\t\t\t\t\t\t\t\t\t\t\t<\/div>\n\t\t\t\t<\/div>\n\t\t\t\t\t<\/div>\n\t\t<\/div>\n\t\t\t\t\t<\/div>\n\t\t<\/section>\n\t\t\t\t<section class=\"elementor-section elementor-top-section elementor-element elementor-element-5cd5a7c elementor-section-boxed elementor-section-height-default elementor-section-height-default\" data-id=\"5cd5a7c\" data-element_type=\"section\">\n\t\t\t\t\t\t<div class=\"elementor-container elementor-column-gap-default\">\n\t\t\t\t\t<div class=\"elementor-column elementor-col-100 elementor-top-column elementor-element elementor-element-72793d9\" data-id=\"72793d9\" data-element_type=\"column\">\n\t\t\t<div class=\"elementor-widget-wrap elementor-element-populated\">\n\t\t\t\t\t\t<div class=\"elementor-element elementor-element-1fc676e elementor-widget elementor-widget-text-editor\" data-id=\"1fc676e\" data-element_type=\"widget\" data-widget_type=\"text-editor.default\">\n\t\t\t\t<div class=\"elementor-widget-container\">\n\t\t\t\t\t\t\t<p><strong>La gran final<br \/><\/strong>Tras una intensa jornada de debates en las aulas, el mi\u00e9rcoles 27 de septiembre termin\u00f3 el Concurso Nacional de Debate en Alem\u00e1n: Jugend Debattiert con el cierre en el Auditorio en el que compitieron los representantes de las instituciones finalistas: Colegio Alem\u00e1n de Cali, Colegio Helvetia, Colegio Andino y Colegio Alem\u00e1n de Medell\u00edn.<\/p><p>La final comenz\u00f3 con las palabras de nuestro Rector, el se\u00f1or Ralph Wiese, quien destac\u00f3 especialmente el objetivo del Jugend Debattiert: \u201cse trata de competir en el di\u00e1logo, de tratar un tema en profundidad, de aprender a forjar cadenas de argumentaci\u00f3n para luego poder tomar decisiones sostenibles en comunidad con los dem\u00e1s\u201d, reflexion\u00f3.<\/p>\t\t\t\t\t\t<\/div>\n\t\t\t\t<\/div>\n\t\t\t\t\t<\/div>\n\t\t<\/div>\n\t\t\t\t\t<\/div>\n\t\t<\/section>\n\t\t\t\t<section class=\"elementor-section elementor-top-section elementor-element elementor-element-1017760 elementor-section-boxed elementor-section-height-default elementor-section-height-default\" data-id=\"1017760\" data-element_type=\"section\">\n\t\t\t\t\t\t<div class=\"elementor-container elementor-column-gap-default\">\n\t\t\t\t\t<div class=\"elementor-column elementor-col-50 elementor-top-column elementor-element elementor-element-f8e8755\" data-id=\"f8e8755\" data-element_type=\"column\">\n\t\t\t<div class=\"elementor-widget-wrap elementor-element-populated\">\n\t\t\t\t\t\t<div class=\"elementor-element elementor-element-2afc4fe elementor-widget elementor-widget-image\" data-id=\"2afc4fe\" data-element_type=\"widget\" data-widget_type=\"image.default\">\n\t\t\t\t<div class=\"elementor-widget-container\">\n\t\t\t\t\t\t\t\t\t\t\t\t\t<img loading=\"lazy\" decoding=\"async\" width=\"768\" height=\"512\" src=\"https:\/\/ds-barranquilla.org\/wp-content\/uploads\/2023\/09\/DSC_6516-768x512.jpg\" class=\"attachment-medium_large size-medium_large wp-image-25564\" alt=\"\" srcset=\"https:\/\/ds-barranquilla.org\/wp-content\/uploads\/2023\/09\/DSC_6516-768x512.jpg 768w, https:\/\/ds-barranquilla.org\/wp-content\/uploads\/2023\/09\/DSC_6516-300x200.jpg 300w, https:\/\/ds-barranquilla.org\/wp-content\/uploads\/2023\/09\/DSC_6516-1024x683.jpg 1024w, https:\/\/ds-barranquilla.org\/wp-content\/uploads\/2023\/09\/DSC_6516-391x260.jpg 391w, https:\/\/ds-barranquilla.org\/wp-content\/uploads\/2023\/09\/DSC_6516-1536x1024.jpg 1536w, https:\/\/ds-barranquilla.org\/wp-content\/uploads\/2023\/09\/DSC_6516-2048x1365.jpg 2048w, https:\/\/ds-barranquilla.org\/wp-content\/uploads\/2023\/09\/DSC_6516-18x12.jpg 18w, https:\/\/ds-barranquilla.org\/wp-content\/uploads\/2023\/09\/DSC_6516-219x146.jpg 219w, https:\/\/ds-barranquilla.org\/wp-content\/uploads\/2023\/09\/DSC_6516-50x33.jpg 50w, https:\/\/ds-barranquilla.org\/wp-content\/uploads\/2023\/09\/DSC_6516-113x75.jpg 113w, https:\/\/ds-barranquilla.org\/wp-content\/uploads\/2023\/09\/DSC_6516-480x320.jpg 480w, https:\/\/ds-barranquilla.org\/wp-content\/uploads\/2023\/09\/DSC_6516-800x533.jpg 800w\" sizes=\"(max-width:767px) 480px, (max-width:768px) 100vw, 768px\" \/>\t\t\t\t\t\t\t\t\t\t\t\t\t<\/div>\n\t\t\t\t<\/div>\n\t\t\t\t\t<\/div>\n\t\t<\/div>\n\t\t\t\t<div class=\"elementor-column elementor-col-50 elementor-top-column elementor-element elementor-element-dd5f976\" data-id=\"dd5f976\" data-element_type=\"column\">\n\t\t\t<div class=\"elementor-widget-wrap elementor-element-populated\">\n\t\t\t\t\t\t<div class=\"elementor-element elementor-element-3c7136b elementor-widget elementor-widget-image\" data-id=\"3c7136b\" data-element_type=\"widget\" data-widget_type=\"image.default\">\n\t\t\t\t<div class=\"elementor-widget-container\">\n\t\t\t\t\t\t\t\t\t\t\t\t\t<img loading=\"lazy\" decoding=\"async\" width=\"768\" height=\"512\" src=\"https:\/\/ds-barranquilla.org\/wp-content\/uploads\/2023\/09\/debate1-768x512.jpg\" class=\"attachment-medium_large size-medium_large wp-image-25534\" alt=\"\" srcset=\"https:\/\/ds-barranquilla.org\/wp-content\/uploads\/2023\/09\/debate1-768x512.jpg 768w, https:\/\/ds-barranquilla.org\/wp-content\/uploads\/2023\/09\/debate1-300x200.jpg 300w, https:\/\/ds-barranquilla.org\/wp-content\/uploads\/2023\/09\/debate1-1024x683.jpg 1024w, https:\/\/ds-barranquilla.org\/wp-content\/uploads\/2023\/09\/debate1-391x260.jpg 391w, https:\/\/ds-barranquilla.org\/wp-content\/uploads\/2023\/09\/debate1-1536x1024.jpg 1536w, https:\/\/ds-barranquilla.org\/wp-content\/uploads\/2023\/09\/debate1-2048x1365.jpg 2048w, https:\/\/ds-barranquilla.org\/wp-content\/uploads\/2023\/09\/debate1-18x12.jpg 18w, https:\/\/ds-barranquilla.org\/wp-content\/uploads\/2023\/09\/debate1-219x146.jpg 219w, https:\/\/ds-barranquilla.org\/wp-content\/uploads\/2023\/09\/debate1-50x33.jpg 50w, https:\/\/ds-barranquilla.org\/wp-content\/uploads\/2023\/09\/debate1-113x75.jpg 113w, https:\/\/ds-barranquilla.org\/wp-content\/uploads\/2023\/09\/debate1-480x320.jpg 480w, https:\/\/ds-barranquilla.org\/wp-content\/uploads\/2023\/09\/debate1-800x533.jpg 800w\" sizes=\"(max-width:767px) 480px, (max-width:768px) 100vw, 768px\" \/>\t\t\t\t\t\t\t\t\t\t\t\t\t<\/div>\n\t\t\t\t<\/div>\n\t\t\t\t\t<\/div>\n\t\t<\/div>\n\t\t\t\t\t<\/div>\n\t\t<\/section>\n\t\t\t\t<section class=\"elementor-section elementor-top-section elementor-element elementor-element-61d8ef3 elementor-section-boxed elementor-section-height-default elementor-section-height-default\" data-id=\"61d8ef3\" data-element_type=\"section\">\n\t\t\t\t\t\t<div class=\"elementor-container elementor-column-gap-default\">\n\t\t\t\t\t<div class=\"elementor-column elementor-col-100 elementor-top-column elementor-element elementor-element-a4704e3\" data-id=\"a4704e3\" data-element_type=\"column\">\n\t\t\t<div class=\"elementor-widget-wrap elementor-element-populated\">\n\t\t\t\t\t\t<div class=\"elementor-element elementor-element-ee5cce2 elementor-widget elementor-widget-text-editor\" data-id=\"ee5cce2\" data-element_type=\"widget\" data-widget_type=\"text-editor.default\">\n\t\t\t\t<div class=\"elementor-widget-container\">\n\t\t\t\t\t\t\t<p>Seguidamente, los participantes debatieron en alem\u00e1n alrededor de la pregunta \u2018\u00bfDeber\u00edan prohibirse las aplicaciones de inteligencia artificial en las escuelas?\u2019. Luego de la exposici\u00f3n de los argumentos a favor y en contra, el jurado se retir\u00f3 a deliberar.<\/p><p>Finalmente, despu\u00e9s de unos minutos de suspenso, el jurado, conformado por docentes, estudiantes y una egresada del Colegio Andino, comparti\u00f3 sus reflexiones y observaciones sobre el desempe\u00f1o de cada uno de los estudiantes y dio paso a la premiaci\u00f3n. \u00a1Aplausos para los ganadores!<\/p><ul><li>Primer lugar &#8211; Sim\u00f3n Castro Ospina &#8211; Colegio Alem\u00e1n de Medell\u00edn<\/li><li>Segundo lugar &#8211; Juan Vicaria Rebolledo &#8211; Colegio Helvetia<\/li><li>Tercer lugar &#8211; Samuel Silva Rosero &#8211; Colegio Alem\u00e1n de Cali<\/li><li>Cuarto lugar &#8211; Sophie Olmi &#8211; Colegio Andino<\/li><\/ul>\t\t\t\t\t\t<\/div>\n\t\t\t\t<\/div>\n\t\t\t\t\t<\/div>\n\t\t<\/div>\n\t\t\t\t\t<\/div>\n\t\t<\/section>\n\t\t\t\t<section class=\"elementor-section elementor-top-section elementor-element elementor-element-83672d5 elementor-section-boxed elementor-section-height-default elementor-section-height-default\" data-id=\"83672d5\" data-element_type=\"section\">\n\t\t\t\t\t\t<div class=\"elementor-container elementor-column-gap-default\">\n\t\t\t\t\t<div class=\"elementor-column elementor-col-50 elementor-top-column elementor-element elementor-element-30667bf\" data-id=\"30667bf\" data-element_type=\"column\">\n\t\t\t<div class=\"elementor-widget-wrap elementor-element-populated\">\n\t\t\t\t\t\t<div class=\"elementor-element elementor-element-a104aba elementor-widget elementor-widget-image\" data-id=\"a104aba\" data-element_type=\"widget\" data-widget_type=\"image.default\">\n\t\t\t\t<div class=\"elementor-widget-container\">\n\t\t\t\t\t\t\t\t\t\t\t\t\t<img loading=\"lazy\" decoding=\"async\" width=\"768\" height=\"512\" src=\"https:\/\/ds-barranquilla.org\/wp-content\/uploads\/2023\/09\/debate2-768x512.jpg\" class=\"attachment-medium_large size-medium_large wp-image-25535\" alt=\"\" srcset=\"https:\/\/ds-barranquilla.org\/wp-content\/uploads\/2023\/09\/debate2-768x512.jpg 768w, https:\/\/ds-barranquilla.org\/wp-content\/uploads\/2023\/09\/debate2-300x200.jpg 300w, https:\/\/ds-barranquilla.org\/wp-content\/uploads\/2023\/09\/debate2-1024x683.jpg 1024w, https:\/\/ds-barranquilla.org\/wp-content\/uploads\/2023\/09\/debate2-391x260.jpg 391w, https:\/\/ds-barranquilla.org\/wp-content\/uploads\/2023\/09\/debate2-1536x1024.jpg 1536w, https:\/\/ds-barranquilla.org\/wp-content\/uploads\/2023\/09\/debate2-2048x1365.jpg 2048w, https:\/\/ds-barranquilla.org\/wp-content\/uploads\/2023\/09\/debate2-18x12.jpg 18w, https:\/\/ds-barranquilla.org\/wp-content\/uploads\/2023\/09\/debate2-219x146.jpg 219w, https:\/\/ds-barranquilla.org\/wp-content\/uploads\/2023\/09\/debate2-50x33.jpg 50w, https:\/\/ds-barranquilla.org\/wp-content\/uploads\/2023\/09\/debate2-113x75.jpg 113w, https:\/\/ds-barranquilla.org\/wp-content\/uploads\/2023\/09\/debate2-480x320.jpg 480w, https:\/\/ds-barranquilla.org\/wp-content\/uploads\/2023\/09\/debate2-800x533.jpg 800w\" sizes=\"(max-width:767px) 480px, (max-width:768px) 100vw, 768px\" \/>\t\t\t\t\t\t\t\t\t\t\t\t\t<\/div>\n\t\t\t\t<\/div>\n\t\t\t\t\t<\/div>\n\t\t<\/div>\n\t\t\t\t<div class=\"elementor-column elementor-col-50 elementor-top-column elementor-element elementor-element-130a41f\" data-id=\"130a41f\" data-element_type=\"column\">\n\t\t\t<div class=\"elementor-widget-wrap elementor-element-populated\">\n\t\t\t\t\t\t<div class=\"elementor-element elementor-element-46bba03 elementor-widget elementor-widget-image\" data-id=\"46bba03\" data-element_type=\"widget\" data-widget_type=\"image.default\">\n\t\t\t\t<div class=\"elementor-widget-container\">\n\t\t\t\t\t\t\t\t\t\t\t\t\t<img loading=\"lazy\" decoding=\"async\" width=\"768\" height=\"512\" src=\"https:\/\/ds-barranquilla.org\/wp-content\/uploads\/2023\/09\/DSC_6593-768x512.jpg\" class=\"attachment-medium_large size-medium_large wp-image-25566\" alt=\"\" srcset=\"https:\/\/ds-barranquilla.org\/wp-content\/uploads\/2023\/09\/DSC_6593-768x512.jpg 768w, https:\/\/ds-barranquilla.org\/wp-content\/uploads\/2023\/09\/DSC_6593-300x200.jpg 300w, https:\/\/ds-barranquilla.org\/wp-content\/uploads\/2023\/09\/DSC_6593-1024x683.jpg 1024w, https:\/\/ds-barranquilla.org\/wp-content\/uploads\/2023\/09\/DSC_6593-391x260.jpg 391w, https:\/\/ds-barranquilla.org\/wp-content\/uploads\/2023\/09\/DSC_6593-1536x1024.jpg 1536w, https:\/\/ds-barranquilla.org\/wp-content\/uploads\/2023\/09\/DSC_6593-2048x1365.jpg 2048w, https:\/\/ds-barranquilla.org\/wp-content\/uploads\/2023\/09\/DSC_6593-18x12.jpg 18w, https:\/\/ds-barranquilla.org\/wp-content\/uploads\/2023\/09\/DSC_6593-219x146.jpg 219w, https:\/\/ds-barranquilla.org\/wp-content\/uploads\/2023\/09\/DSC_6593-50x33.jpg 50w, https:\/\/ds-barranquilla.org\/wp-content\/uploads\/2023\/09\/DSC_6593-113x75.jpg 113w, https:\/\/ds-barranquilla.org\/wp-content\/uploads\/2023\/09\/DSC_6593-480x320.jpg 480w, https:\/\/ds-barranquilla.org\/wp-content\/uploads\/2023\/09\/DSC_6593-800x533.jpg 800w\" sizes=\"(max-width:767px) 480px, (max-width:768px) 100vw, 768px\" \/>\t\t\t\t\t\t\t\t\t\t\t\t\t<\/div>\n\t\t\t\t<\/div>\n\t\t\t\t\t<\/div>\n\t\t<\/div>\n\t\t\t\t\t<\/div>\n\t\t<\/section>\n\t\t\t\t<section class=\"elementor-section elementor-top-section elementor-element elementor-element-af96a50 elementor-section-boxed elementor-section-height-default elementor-section-height-default\" data-id=\"af96a50\" data-element_type=\"section\">\n\t\t\t\t\t\t<div class=\"elementor-container elementor-column-gap-default\">\n\t\t\t\t\t<div class=\"elementor-column elementor-col-100 elementor-top-column elementor-element elementor-element-afe027e\" data-id=\"afe027e\" data-element_type=\"column\">\n\t\t\t<div class=\"elementor-widget-wrap elementor-element-populated\">\n\t\t\t\t\t\t<div class=\"elementor-element elementor-element-fce29cf elementor-widget elementor-widget-text-editor\" data-id=\"fce29cf\" data-element_type=\"widget\" data-widget_type=\"text-editor.default\">\n\t\t\t\t<div class=\"elementor-widget-container\">\n\t\t\t\t\t\t\t<p>Muchas gracias a los estudiantes y docentes participantes por su compromiso y calidez durante los d\u00edas que nos visitaron as\u00ed como al equipo de trabajo que hizo posible que nuestro #ColegioAlem\u00e1nBaq fuera la sede de este importante concurso acad\u00e9mico.<\/p><p>Gracias tambi\u00e9n para nuestros estudiantes de Motorroja, la banda de rock de nuestra instituci\u00f3n, que animaron esta gran final del Concurso Nacional de Debate en Alem\u00e1n: Jugend Debattiert.<\/p><p><a href=\"https:\/\/www.facebook.com\/media\/set\/?vanity=ColegioAlemanBaq&amp;set=a.846042293948769\">M\u00e1s fotos en Facebook.<\/a><\/p>\t\t\t\t\t\t<\/div>\n\t\t\t\t<\/div>\n\t\t\t\t\t<\/div>\n\t\t<\/div>\n\t\t\t\t\t<\/div>\n\t\t<\/section>\n\t\t\t\t<\/div>","protected":false},"excerpt":{"rendered":"<p>Nuestro colegio fue la sede del Concurso Nacional de Debate en Alem\u00e1n: Jugend Debattiert Nos emociona enormemente compartir con nuestra\u00a0comunidad la noticia de haber sido la<span class=\"excerpt-hellip\"> [\u2026]<\/span><\/p>","protected":false},"author":16,"featured_media":25539,"comment_status":"open","ping_status":"open","sticky":false,"template":"","format":"standard","meta":{"_exactmetrics_skip_tracking":false,"_exactmetrics_sitenote_active":false,"_exactmetrics_sitenote_note":"","_exactmetrics_sitenote_category":0,"_joinchat":[],"footnotes":""},"categories":[713,673],"tags":[],"class_list":["post-25556","post","type-post","status-publish","format-standard","has-post-thumbnail","hentry","category-713","category-area-de-aleman"],"yoast_head":"<!-- This site is optimized with the Yoast SEO plugin v23.3 - https:\/\/yoast.com\/wordpress\/plugins\/seo\/ -->\n<title>Nuestro colegio fue la sede del Concurso Nacional de Debate en Alem\u00e1n: Jugend Debattiert - 2026<\/title>\n<meta name=\"robots\" content=\"noindex, follow, max-snippet:-1, max-image-preview:large, max-video-preview:-1\" \/>\n<meta property=\"og:locale\" content=\"de_DE\" \/>\n<meta property=\"og:type\" content=\"article\" \/>\n<meta property=\"og:title\" content=\"Nuestro colegio fue la sede del Concurso Nacional de Debate en Alem\u00e1n: Jugend Debattiert - 2026\" \/>\n<meta property=\"og:description\" content=\"Nuestro colegio fue la sede del Concurso Nacional de Debate en Alem\u00e1n: Jugend Debattiert Nos emociona enormemente compartir con nuestra\u00a0comunidad la noticia de haber sido la [\u2026]\" \/>\n<meta property=\"og:url\" content=\"https:\/\/ds-barranquilla.org\/de\/nuestro-colegio-fue-la-sede-del-concurso-nacional-de-debate-en-aleman-jugend-debattiert\/\" \/>\n<meta property=\"og:site_name\" content=\"Colegio Alem\u00e1n - Los Mejores Colegios de Colombia - Colegio Triling\u00fce\" \/>\n<meta property=\"article:publisher\" content=\"https:\/\/www.facebook.com\/ColegioAlemanBaq\/\" \/>\n<meta property=\"article:published_time\" content=\"2023-09-28T15:46:46+00:00\" \/>\n<meta property=\"article:modified_time\" content=\"2023-09-28T16:07:07+00:00\" \/>\n<meta property=\"og:image\" content=\"https:\/\/ds-barranquilla.org\/wp-content\/uploads\/2023\/09\/debate-banner.png\" \/>\n\t<meta property=\"og:image:width\" content=\"1170\" \/>\n\t<meta property=\"og:image:height\" content=\"480\" \/>\n\t<meta property=\"og:image:type\" content=\"image\/png\" \/>\n<meta name=\"author\" content=\"Comunicaciones Comunicaciones\" \/>\n<meta name=\"twitter:card\" content=\"summary_large_image\" \/>\n<meta name=\"twitter:creator\" content=\"@ColegioAlemanBq\" \/>\n<meta name=\"twitter:site\" content=\"@ColegioAlemanBq\" \/>\n<meta name=\"twitter:label1\" content=\"Verfasst von\" \/>\n\t<meta name=\"twitter:data1\" content=\"Comunicaciones Comunicaciones\" \/>\n\t<meta name=\"twitter:label2\" content=\"Gesch\u00e4tzte Lesezeit\" \/>\n\t<meta name=\"twitter:data2\" content=\"3\u00a0Minuten\" \/>\n<script type=\"application\/ld+json\" class=\"yoast-schema-graph\">{\"@context\":\"https:\/\/schema.org\",\"@graph\":[{\"@type\":\"Article\",\"@id\":\"https:\/\/ds-barranquilla.org\/de\/nuestro-colegio-fue-la-sede-del-concurso-nacional-de-debate-en-aleman-jugend-debattiert\/#article\",\"isPartOf\":{\"@id\":\"https:\/\/ds-barranquilla.org\/de\/nuestro-colegio-fue-la-sede-del-concurso-nacional-de-debate-en-aleman-jugend-debattiert\/\"},\"author\":{\"name\":\"Comunicaciones Comunicaciones\",\"@id\":\"https:\/\/ds-barranquilla.org\/#\/schema\/person\/7bf8790ba89d3480e0551241ccdc8d36\"},\"headline\":\"Nuestro colegio fue la sede del Concurso Nacional de Debate en Alem\u00e1n: Jugend Debattiert\",\"datePublished\":\"2023-09-28T15:46:46+00:00\",\"dateModified\":\"2023-09-28T16:07:07+00:00\",\"mainEntityOfPage\":{\"@id\":\"https:\/\/ds-barranquilla.org\/de\/nuestro-colegio-fue-la-sede-del-concurso-nacional-de-debate-en-aleman-jugend-debattiert\/\"},\"wordCount\":582,\"commentCount\":0,\"publisher\":{\"@id\":\"https:\/\/ds-barranquilla.org\/#organization\"},\"image\":{\"@id\":\"https:\/\/ds-barranquilla.org\/de\/nuestro-colegio-fue-la-sede-del-concurso-nacional-de-debate-en-aleman-jugend-debattiert\/#primaryimage\"},\"thumbnailUrl\":\"https:\/\/ds-barranquilla.org\/wp-content\/uploads\/2023\/09\/debate-banner.png\",\"articleSection\":[\"2023\",\"\u00c1rea de Alem\u00e1n\"],\"inLanguage\":\"de\",\"potentialAction\":[{\"@type\":\"CommentAction\",\"name\":\"Comment\",\"target\":[\"https:\/\/ds-barranquilla.org\/de\/nuestro-colegio-fue-la-sede-del-concurso-nacional-de-debate-en-aleman-jugend-debattiert\/#respond\"]}]},{\"@type\":\"WebPage\",\"@id\":\"https:\/\/ds-barranquilla.org\/de\/nuestro-colegio-fue-la-sede-del-concurso-nacional-de-debate-en-aleman-jugend-debattiert\/\",\"url\":\"https:\/\/ds-barranquilla.org\/de\/nuestro-colegio-fue-la-sede-del-concurso-nacional-de-debate-en-aleman-jugend-debattiert\/\",\"name\":\"Nuestro colegio fue la sede del Concurso Nacional de Debate en Alem\u00e1n: Jugend Debattiert - 2026\",\"isPartOf\":{\"@id\":\"https:\/\/ds-barranquilla.org\/#website\"},\"primaryImageOfPage\":{\"@id\":\"https:\/\/ds-barranquilla.org\/de\/nuestro-colegio-fue-la-sede-del-concurso-nacional-de-debate-en-aleman-jugend-debattiert\/#primaryimage\"},\"image\":{\"@id\":\"https:\/\/ds-barranquilla.org\/de\/nuestro-colegio-fue-la-sede-del-concurso-nacional-de-debate-en-aleman-jugend-debattiert\/#primaryimage\"},\"thumbnailUrl\":\"https:\/\/ds-barranquilla.org\/wp-content\/uploads\/2023\/09\/debate-banner.png\",\"datePublished\":\"2023-09-28T15:46:46+00:00\",\"dateModified\":\"2023-09-28T16:07:07+00:00\",\"breadcrumb\":{\"@id\":\"https:\/\/ds-barranquilla.org\/de\/nuestro-colegio-fue-la-sede-del-concurso-nacional-de-debate-en-aleman-jugend-debattiert\/#breadcrumb\"},\"inLanguage\":\"de\",\"potentialAction\":[{\"@type\":\"ReadAction\",\"target\":[\"https:\/\/ds-barranquilla.org\/de\/nuestro-colegio-fue-la-sede-del-concurso-nacional-de-debate-en-aleman-jugend-debattiert\/\"]}]},{\"@type\":\"ImageObject\",\"inLanguage\":\"de\",\"@id\":\"https:\/\/ds-barranquilla.org\/de\/nuestro-colegio-fue-la-sede-del-concurso-nacional-de-debate-en-aleman-jugend-debattiert\/#primaryimage\",\"url\":\"https:\/\/ds-barranquilla.org\/wp-content\/uploads\/2023\/09\/debate-banner.png\",\"contentUrl\":\"https:\/\/ds-barranquilla.org\/wp-content\/uploads\/2023\/09\/debate-banner.png\",\"width\":1170,\"height\":480},{\"@type\":\"BreadcrumbList\",\"@id\":\"https:\/\/ds-barranquilla.org\/de\/nuestro-colegio-fue-la-sede-del-concurso-nacional-de-debate-en-aleman-jugend-debattiert\/#breadcrumb\",\"itemListElement\":[{\"@type\":\"ListItem\",\"position\":1,\"name\":\"Portada\",\"item\":\"https:\/\/ds-barranquilla.org\/\"},{\"@type\":\"ListItem\",\"position\":2,\"name\":\"Nuestro colegio fue la sede del Concurso Nacional de Debate en Alem\u00e1n: Jugend Debattiert\"}]},{\"@type\":\"WebSite\",\"@id\":\"https:\/\/ds-barranquilla.org\/#website\",\"url\":\"https:\/\/ds-barranquilla.org\/\",\"name\":\"Colegio Alem\u00e1n - Los Mejores Colegios de Colombia - Colegio Triling\u00fce\",\"description\":\"Colegio Alem\u00e1n  Barranquilla Colombia - Colegio Biling\u00fce - Triling\u00fce - El Mejor Colegio de Colombia\",\"publisher\":{\"@id\":\"https:\/\/ds-barranquilla.org\/#organization\"},\"potentialAction\":[{\"@type\":\"SearchAction\",\"target\":{\"@type\":\"EntryPoint\",\"urlTemplate\":\"https:\/\/ds-barranquilla.org\/?s={search_term_string}\"},\"query-input\":\"required name=search_term_string\"}],\"inLanguage\":\"de\"},{\"@type\":\"Organization\",\"@id\":\"https:\/\/ds-barranquilla.org\/#organization\",\"name\":\"Colegio Alem\u00e1n Barranquilla\",\"url\":\"https:\/\/ds-barranquilla.org\/\",\"logo\":{\"@type\":\"ImageObject\",\"inLanguage\":\"de\",\"@id\":\"https:\/\/ds-barranquilla.org\/#\/schema\/logo\/image\/\",\"url\":\"https:\/\/ds-barranquilla.org\/wp-content\/uploads\/2021\/05\/coleman_logo_2.png\",\"contentUrl\":\"https:\/\/ds-barranquilla.org\/wp-content\/uploads\/2021\/05\/coleman_logo_2.png\",\"width\":418,\"height\":307,\"caption\":\"Colegio Alem\u00e1n Barranquilla\"},\"image\":{\"@id\":\"https:\/\/ds-barranquilla.org\/#\/schema\/logo\/image\/\"},\"sameAs\":[\"https:\/\/www.facebook.com\/ColegioAlemanBaq\/\",\"https:\/\/x.com\/ColegioAlemanBq\",\"https:\/\/www.instagram.com\/colegioalemanbaq\/\",\"https:\/\/www.linkedin.com\/school\/deutsche-schule-barranquilla\/\",\"https:\/\/www.youtube.com\/channel\/UCOOGZQCVs6aYRqIWvSN5agQ\"]},{\"@type\":\"Person\",\"@id\":\"https:\/\/ds-barranquilla.org\/#\/schema\/person\/7bf8790ba89d3480e0551241ccdc8d36\",\"name\":\"Comunicaciones Comunicaciones\",\"image\":{\"@type\":\"ImageObject\",\"inLanguage\":\"de\",\"@id\":\"https:\/\/ds-barranquilla.org\/#\/schema\/person\/image\/\",\"url\":\"https:\/\/secure.gravatar.com\/avatar\/a66ba9484a4338d81d6bea750e595038?s=96&d=mm&r=g\",\"contentUrl\":\"https:\/\/secure.gravatar.com\/avatar\/a66ba9484a4338d81d6bea750e595038?s=96&d=mm&r=g\",\"caption\":\"Comunicaciones Comunicaciones\"}}]}<\/script>\n<!-- \/ Yoast SEO plugin. -->","yoast_head_json":{"title":"Nuestro colegio fue la sede del Concurso Nacional de Debate en Alem\u00e1n: Jugend Debattiert - 2026","robots":{"index":"noindex","follow":"follow","max-snippet":"max-snippet:-1","max-image-preview":"max-image-preview:large","max-video-preview":"max-video-preview:-1"},"og_locale":"de_DE","og_type":"article","og_title":"Nuestro colegio fue la sede del Concurso Nacional de Debate en Alem\u00e1n: Jugend Debattiert - 2026","og_description":"Nuestro colegio fue la sede del Concurso Nacional de Debate en Alem\u00e1n: Jugend Debattiert Nos emociona enormemente compartir con nuestra\u00a0comunidad la noticia de haber sido la [\u2026]","og_url":"https:\/\/ds-barranquilla.org\/de\/nuestro-colegio-fue-la-sede-del-concurso-nacional-de-debate-en-aleman-jugend-debattiert\/","og_site_name":"Colegio Alem\u00e1n - Los Mejores Colegios de Colombia - Colegio Triling\u00fce","article_publisher":"https:\/\/www.facebook.com\/ColegioAlemanBaq\/","article_published_time":"2023-09-28T15:46:46+00:00","article_modified_time":"2023-09-28T16:07:07+00:00","og_image":[{"width":1170,"height":480,"url":"https:\/\/ds-barranquilla.org\/wp-content\/uploads\/2023\/09\/debate-banner.png","type":"image\/png"}],"author":"Comunicaciones Comunicaciones","twitter_card":"summary_large_image","twitter_creator":"@ColegioAlemanBq","twitter_site":"@ColegioAlemanBq","twitter_misc":{"Verfasst von":"Comunicaciones Comunicaciones","Gesch\u00e4tzte Lesezeit":"3\u00a0Minuten"},"schema":{"@context":"https:\/\/schema.org","@graph":[{"@type":"Article","@id":"https:\/\/ds-barranquilla.org\/de\/nuestro-colegio-fue-la-sede-del-concurso-nacional-de-debate-en-aleman-jugend-debattiert\/#article","isPartOf":{"@id":"https:\/\/ds-barranquilla.org\/de\/nuestro-colegio-fue-la-sede-del-concurso-nacional-de-debate-en-aleman-jugend-debattiert\/"},"author":{"name":"Comunicaciones Comunicaciones","@id":"https:\/\/ds-barranquilla.org\/#\/schema\/person\/7bf8790ba89d3480e0551241ccdc8d36"},"headline":"Nuestro colegio fue la sede del Concurso Nacional de Debate en Alem\u00e1n: Jugend Debattiert","datePublished":"2023-09-28T15:46:46+00:00","dateModified":"2023-09-28T16:07:07+00:00","mainEntityOfPage":{"@id":"https:\/\/ds-barranquilla.org\/de\/nuestro-colegio-fue-la-sede-del-concurso-nacional-de-debate-en-aleman-jugend-debattiert\/"},"wordCount":582,"commentCount":0,"publisher":{"@id":"https:\/\/ds-barranquilla.org\/#organization"},"image":{"@id":"https:\/\/ds-barranquilla.org\/de\/nuestro-colegio-fue-la-sede-del-concurso-nacional-de-debate-en-aleman-jugend-debattiert\/#primaryimage"},"thumbnailUrl":"https:\/\/ds-barranquilla.org\/wp-content\/uploads\/2023\/09\/debate-banner.png","articleSection":["2023","\u00c1rea de Alem\u00e1n"],"inLanguage":"de","potentialAction":[{"@type":"CommentAction","name":"Comment","target":["https:\/\/ds-barranquilla.org\/de\/nuestro-colegio-fue-la-sede-del-concurso-nacional-de-debate-en-aleman-jugend-debattiert\/#respond"]}]},{"@type":"WebPage","@id":"https:\/\/ds-barranquilla.org\/de\/nuestro-colegio-fue-la-sede-del-concurso-nacional-de-debate-en-aleman-jugend-debattiert\/","url":"https:\/\/ds-barranquilla.org\/de\/nuestro-colegio-fue-la-sede-del-concurso-nacional-de-debate-en-aleman-jugend-debattiert\/","name":"Nuestro colegio fue la sede del Concurso Nacional de Debate en Alem\u00e1n: Jugend Debattiert - 2026","isPartOf":{"@id":"https:\/\/ds-barranquilla.org\/#website"},"primaryImageOfPage":{"@id":"https:\/\/ds-barranquilla.org\/de\/nuestro-colegio-fue-la-sede-del-concurso-nacional-de-debate-en-aleman-jugend-debattiert\/#primaryimage"},"image":{"@id":"https:\/\/ds-barranquilla.org\/de\/nuestro-colegio-fue-la-sede-del-concurso-nacional-de-debate-en-aleman-jugend-debattiert\/#primaryimage"},"thumbnailUrl":"https:\/\/ds-barranquilla.org\/wp-content\/uploads\/2023\/09\/debate-banner.png","datePublished":"2023-09-28T15:46:46+00:00","dateModified":"2023-09-28T16:07:07+00:00","breadcrumb":{"@id":"https:\/\/ds-barranquilla.org\/de\/nuestro-colegio-fue-la-sede-del-concurso-nacional-de-debate-en-aleman-jugend-debattiert\/#breadcrumb"},"inLanguage":"de","potentialAction":[{"@type":"ReadAction","target":["https:\/\/ds-barranquilla.org\/de\/nuestro-colegio-fue-la-sede-del-concurso-nacional-de-debate-en-aleman-jugend-debattiert\/"]}]},{"@type":"ImageObject","inLanguage":"de","@id":"https:\/\/ds-barranquilla.org\/de\/nuestro-colegio-fue-la-sede-del-concurso-nacional-de-debate-en-aleman-jugend-debattiert\/#primaryimage","url":"https:\/\/ds-barranquilla.org\/wp-content\/uploads\/2023\/09\/debate-banner.png","contentUrl":"https:\/\/ds-barranquilla.org\/wp-content\/uploads\/2023\/09\/debate-banner.png","width":1170,"height":480},{"@type":"BreadcrumbList","@id":"https:\/\/ds-barranquilla.org\/de\/nuestro-colegio-fue-la-sede-del-concurso-nacional-de-debate-en-aleman-jugend-debattiert\/#breadcrumb","itemListElement":[{"@type":"ListItem","position":1,"name":"Portada","item":"https:\/\/ds-barranquilla.org\/"},{"@type":"ListItem","position":2,"name":"Nuestro colegio fue la sede del Concurso Nacional de Debate en Alem\u00e1n: Jugend Debattiert"}]},{"@type":"WebSite","@id":"https:\/\/ds-barranquilla.org\/#website","url":"https:\/\/ds-barranquilla.org\/","name":"Colegio Alem\u00e1n - Los Mejores Colegios de Colombia - Colegio Triling\u00fce","description":"Colegio Alem\u00e1n  Barranquilla Colombia - Colegio Biling\u00fce - Triling\u00fce - El Mejor Colegio de Colombia","publisher":{"@id":"https:\/\/ds-barranquilla.org\/#organization"},"potentialAction":[{"@type":"SearchAction","target":{"@type":"EntryPoint","urlTemplate":"https:\/\/ds-barranquilla.org\/?s={search_term_string}"},"query-input":"required name=search_term_string"}],"inLanguage":"de"},{"@type":"Organization","@id":"https:\/\/ds-barranquilla.org\/#organization","name":"Colegio Alem\u00e1n Barranquilla","url":"https:\/\/ds-barranquilla.org\/","logo":{"@type":"ImageObject","inLanguage":"de","@id":"https:\/\/ds-barranquilla.org\/#\/schema\/logo\/image\/","url":"https:\/\/ds-barranquilla.org\/wp-content\/uploads\/2021\/05\/coleman_logo_2.png","contentUrl":"https:\/\/ds-barranquilla.org\/wp-content\/uploads\/2021\/05\/coleman_logo_2.png","width":418,"height":307,"caption":"Colegio Alem\u00e1n Barranquilla"},"image":{"@id":"https:\/\/ds-barranquilla.org\/#\/schema\/logo\/image\/"},"sameAs":["https:\/\/www.facebook.com\/ColegioAlemanBaq\/","https:\/\/x.com\/ColegioAlemanBq","https:\/\/www.instagram.com\/colegioalemanbaq\/","https:\/\/www.linkedin.com\/school\/deutsche-schule-barranquilla\/","https:\/\/www.youtube.com\/channel\/UCOOGZQCVs6aYRqIWvSN5agQ"]},{"@type":"Person","@id":"https:\/\/ds-barranquilla.org\/#\/schema\/person\/7bf8790ba89d3480e0551241ccdc8d36","name":"Comunicaciones Comunicaciones","image":{"@type":"ImageObject","inLanguage":"de","@id":"https:\/\/ds-barranquilla.org\/#\/schema\/person\/image\/","url":"https:\/\/secure.gravatar.com\/avatar\/a66ba9484a4338d81d6bea750e595038?s=96&d=mm&r=g","contentUrl":"https:\/\/secure.gravatar.com\/avatar\/a66ba9484a4338d81d6bea750e595038?s=96&d=mm&r=g","caption":"Comunicaciones Comunicaciones"}}]}},"_links":{"self":[{"href":"https:\/\/ds-barranquilla.org\/de\/wp-json\/wp\/v2\/posts\/25556"}],"collection":[{"href":"https:\/\/ds-barranquilla.org\/de\/wp-json\/wp\/v2\/posts"}],"about":[{"href":"https:\/\/ds-barranquilla.org\/de\/wp-json\/wp\/v2\/types\/post"}],"author":[{"embeddable":true,"href":"https:\/\/ds-barranquilla.org\/de\/wp-json\/wp\/v2\/users\/16"}],"replies":[{"embeddable":true,"href":"https:\/\/ds-barranquilla.org\/de\/wp-json\/wp\/v2\/comments?post=25556"}],"version-history":[{"count":8,"href":"https:\/\/ds-barranquilla.org\/de\/wp-json\/wp\/v2\/posts\/25556\/revisions"}],"predecessor-version":[{"id":25570,"href":"https:\/\/ds-barranquilla.org\/de\/wp-json\/wp\/v2\/posts\/25556\/revisions\/25570"}],"wp:featuredmedia":[{"embeddable":true,"href":"https:\/\/ds-barranquilla.org\/de\/wp-json\/wp\/v2\/media\/25539"}],"wp:attachment":[{"href":"https:\/\/ds-barranquilla.org\/de\/wp-json\/wp\/v2\/media?parent=25556"}],"wp:term":[{"taxonomy":"category","embeddable":true,"href":"https:\/\/ds-barranquilla.org\/de\/wp-json\/wp\/v2\/categories?post=25556"},{"taxonomy":"post_tag","embeddable":true,"href":"https:\/\/ds-barranquilla.org\/de\/wp-json\/wp\/v2\/tags?post=25556"}],"curies":[{"name":"wp","href":"https:\/\/api.w.org\/{rel}","templated":true}]}}