{"id":25607,"date":"2023-10-10T12:09:23","date_gmt":"2023-10-10T17:09:23","guid":{"rendered":"https:\/\/ds-barranquilla.org\/?p=25607"},"modified":"2023-10-10T12:46:00","modified_gmt":"2023-10-10T17:46:00","slug":"nuestro-coro-juvenil-brillo-en-el-festival-internacional-coros-por-eso-cantamos-juntos","status":"publish","type":"post","link":"https:\/\/ds-barranquilla.org\/de\/nuestro-coro-juvenil-brillo-en-el-festival-internacional-coros-por-eso-cantamos-juntos\/","title":{"rendered":"Nuestro Coro Juvenil brill\u00f3 en el Festival Internacional Coros \u201cPor eso cantamos juntos\u201d"},"content":{"rendered":"<div data-elementor-type=\"wp-post\" data-elementor-id=\"25607\" class=\"elementor elementor-25607\">\n\t\t\t\t\t\t<section class=\"elementor-section elementor-top-section elementor-element elementor-element-2abf6e9 elementor-section-boxed elementor-section-height-default elementor-section-height-default\" data-id=\"2abf6e9\" data-element_type=\"section\">\n\t\t\t\t\t\t<div class=\"elementor-container elementor-column-gap-default\">\n\t\t\t\t\t<div class=\"elementor-column elementor-col-100 elementor-top-column elementor-element elementor-element-2d3eb0b\" data-id=\"2d3eb0b\" data-element_type=\"column\">\n\t\t\t<div class=\"elementor-widget-wrap elementor-element-populated\">\n\t\t\t\t\t\t<div class=\"elementor-element elementor-element-41c59d7 elementor-widget elementor-widget-text-editor\" data-id=\"41c59d7\" data-element_type=\"widget\" data-widget_type=\"text-editor.default\">\n\t\t\t\t<div class=\"elementor-widget-container\">\n\t\t\t<style>\/*! elementor - v3.23.0 - 05-08-2024 *\/\n.elementor-widget-text-editor.elementor-drop-cap-view-stacked .elementor-drop-cap{background-color:#69727d;color:#fff}.elementor-widget-text-editor.elementor-drop-cap-view-framed .elementor-drop-cap{color:#69727d;border:3px solid;background-color:transparent}.elementor-widget-text-editor:not(.elementor-drop-cap-view-default) .elementor-drop-cap{margin-top:8px}.elementor-widget-text-editor:not(.elementor-drop-cap-view-default) .elementor-drop-cap-letter{width:1em;height:1em}.elementor-widget-text-editor .elementor-drop-cap{float:left;text-align:center;line-height:1;font-size:50px}.elementor-widget-text-editor .elementor-drop-cap-letter{display:inline-block}<\/style>\t\t\t\t<h2><span style=\"color: #cc3524;\">Nuestro Coro Juvenil brill\u00f3 en el Festival Internacional \u201cPor eso cantamos juntos\u201d<\/span><\/h2><p>\u00a1Estamos muy orgullosos de nuestro Coro Juvenil! Nuestros estudiantes, dirigidos por el profesor Jos\u00e9 Mej\u00eda, se destacaron en el Festival Internacional de Coros \u201cPor eso cantamos juntos\u201d que se celebr\u00f3 en Pasto del 4 al 9 de octubre.\u00a0<\/p><p>En este importante evento tuvieron la oportunidad de compartir con agrupaciones de Venezuela, Ecuador, M\u00e9xico, Puerto Rico, Panam\u00e1 y Colombia.<\/p>\t\t\t\t\t\t<\/div>\n\t\t\t\t<\/div>\n\t\t\t\t\t<\/div>\n\t\t<\/div>\n\t\t\t\t\t<\/div>\n\t\t<\/section>\n\t\t\t\t<section class=\"elementor-section elementor-top-section elementor-element elementor-element-3496386 elementor-section-boxed elementor-section-height-default elementor-section-height-default\" data-id=\"3496386\" data-element_type=\"section\">\n\t\t\t\t\t\t<div class=\"elementor-container elementor-column-gap-default\">\n\t\t\t\t\t<div class=\"elementor-column elementor-col-50 elementor-top-column elementor-element elementor-element-96b1605\" data-id=\"96b1605\" data-element_type=\"column\">\n\t\t\t<div class=\"elementor-widget-wrap elementor-element-populated\">\n\t\t\t\t\t\t<div class=\"elementor-element elementor-element-9b14da3 elementor-widget elementor-widget-image\" data-id=\"9b14da3\" data-element_type=\"widget\" data-widget_type=\"image.default\">\n\t\t\t\t<div class=\"elementor-widget-container\">\n\t\t\t<style>\/*! elementor - v3.23.0 - 05-08-2024 *\/\n.elementor-widget-image{text-align:center}.elementor-widget-image a{display:inline-block}.elementor-widget-image a img[src$=\".svg\"]{width:48px}.elementor-widget-image img{vertical-align:middle;display:inline-block}<\/style>\t\t\t\t\t\t\t\t\t\t<img fetchpriority=\"high\" decoding=\"async\" width=\"768\" height=\"576\" src=\"https:\/\/ds-barranquilla.org\/wp-content\/uploads\/2023\/10\/Festival-Internacional-de-Coros-Pasto31-768x576.jpg\" class=\"attachment-medium_large size-medium_large wp-image-25609\" alt=\"\" srcset=\"https:\/\/ds-barranquilla.org\/wp-content\/uploads\/2023\/10\/Festival-Internacional-de-Coros-Pasto31-768x576.jpg 768w, https:\/\/ds-barranquilla.org\/wp-content\/uploads\/2023\/10\/Festival-Internacional-de-Coros-Pasto31-300x225.jpg 300w, https:\/\/ds-barranquilla.org\/wp-content\/uploads\/2023\/10\/Festival-Internacional-de-Coros-Pasto31-1024x768.jpg 1024w, https:\/\/ds-barranquilla.org\/wp-content\/uploads\/2023\/10\/Festival-Internacional-de-Coros-Pasto31-1536x1152.jpg 1536w, https:\/\/ds-barranquilla.org\/wp-content\/uploads\/2023\/10\/Festival-Internacional-de-Coros-Pasto31-16x12.jpg 16w, https:\/\/ds-barranquilla.org\/wp-content\/uploads\/2023\/10\/Festival-Internacional-de-Coros-Pasto31-195x146.jpg 195w, https:\/\/ds-barranquilla.org\/wp-content\/uploads\/2023\/10\/Festival-Internacional-de-Coros-Pasto31-50x38.jpg 50w, https:\/\/ds-barranquilla.org\/wp-content\/uploads\/2023\/10\/Festival-Internacional-de-Coros-Pasto31-100x75.jpg 100w, https:\/\/ds-barranquilla.org\/wp-content\/uploads\/2023\/10\/Festival-Internacional-de-Coros-Pasto31-480x360.jpg 480w, https:\/\/ds-barranquilla.org\/wp-content\/uploads\/2023\/10\/Festival-Internacional-de-Coros-Pasto31-800x600.jpg 800w, https:\/\/ds-barranquilla.org\/wp-content\/uploads\/2023\/10\/Festival-Internacional-de-Coros-Pasto31.jpg 1600w\" sizes=\"(max-width:767px) 480px, (max-width:768px) 100vw, 768px\" \/>\t\t\t\t\t\t\t\t\t\t\t\t\t<\/div>\n\t\t\t\t<\/div>\n\t\t\t\t\t<\/div>\n\t\t<\/div>\n\t\t\t\t<div class=\"elementor-column elementor-col-50 elementor-top-column elementor-element elementor-element-dfdf269\" data-id=\"dfdf269\" data-element_type=\"column\">\n\t\t\t<div class=\"elementor-widget-wrap elementor-element-populated\">\n\t\t\t\t\t\t<div class=\"elementor-element elementor-element-ab207a2 elementor-widget elementor-widget-image\" data-id=\"ab207a2\" data-element_type=\"widget\" data-widget_type=\"image.default\">\n\t\t\t\t<div class=\"elementor-widget-container\">\n\t\t\t\t\t\t\t\t\t\t\t\t\t<img decoding=\"async\" width=\"768\" height=\"576\" src=\"https:\/\/ds-barranquilla.org\/wp-content\/uploads\/2023\/10\/Festival-Internacional-de-Coros-Pasto27-768x576.jpg\" class=\"attachment-medium_large size-medium_large wp-image-25610\" alt=\"\" srcset=\"https:\/\/ds-barranquilla.org\/wp-content\/uploads\/2023\/10\/Festival-Internacional-de-Coros-Pasto27-768x576.jpg 768w, https:\/\/ds-barranquilla.org\/wp-content\/uploads\/2023\/10\/Festival-Internacional-de-Coros-Pasto27-300x225.jpg 300w, https:\/\/ds-barranquilla.org\/wp-content\/uploads\/2023\/10\/Festival-Internacional-de-Coros-Pasto27-16x12.jpg 16w, https:\/\/ds-barranquilla.org\/wp-content\/uploads\/2023\/10\/Festival-Internacional-de-Coros-Pasto27-195x146.jpg 195w, https:\/\/ds-barranquilla.org\/wp-content\/uploads\/2023\/10\/Festival-Internacional-de-Coros-Pasto27-50x38.jpg 50w, https:\/\/ds-barranquilla.org\/wp-content\/uploads\/2023\/10\/Festival-Internacional-de-Coros-Pasto27-100x75.jpg 100w, https:\/\/ds-barranquilla.org\/wp-content\/uploads\/2023\/10\/Festival-Internacional-de-Coros-Pasto27-480x360.jpg 480w, https:\/\/ds-barranquilla.org\/wp-content\/uploads\/2023\/10\/Festival-Internacional-de-Coros-Pasto27-800x600.jpg 800w, https:\/\/ds-barranquilla.org\/wp-content\/uploads\/2023\/10\/Festival-Internacional-de-Coros-Pasto27.jpg 1024w\" sizes=\"(max-width:767px) 480px, (max-width:768px) 100vw, 768px\" \/>\t\t\t\t\t\t\t\t\t\t\t\t\t<\/div>\n\t\t\t\t<\/div>\n\t\t\t\t\t<\/div>\n\t\t<\/div>\n\t\t\t\t\t<\/div>\n\t\t<\/section>\n\t\t\t\t<section class=\"elementor-section elementor-top-section elementor-element elementor-element-41b76e9 elementor-section-boxed elementor-section-height-default elementor-section-height-default\" data-id=\"41b76e9\" data-element_type=\"section\">\n\t\t\t\t\t\t<div class=\"elementor-container elementor-column-gap-default\">\n\t\t\t\t\t<div class=\"elementor-column elementor-col-100 elementor-top-column elementor-element elementor-element-a09568c\" data-id=\"a09568c\" data-element_type=\"column\">\n\t\t\t<div class=\"elementor-widget-wrap elementor-element-populated\">\n\t\t\t\t\t\t<div class=\"elementor-element elementor-element-180c4a7 elementor-widget elementor-widget-text-editor\" data-id=\"180c4a7\" data-element_type=\"widget\" data-widget_type=\"text-editor.default\">\n\t\t\t\t<div class=\"elementor-widget-container\">\n\t\t\t\t\t\t\t<p style=\"margin: 0cm; background: white; vertical-align: baseline;\"><span style=\"font-size: 11.5pt; font-family: 'Segoe UI',sans-serif; color: #626262; background: #FCFCFC;\">Durante este festival, nuestros estudiantes participaron en talleres, actividades culturales y en diversas presentaciones como un concierto de coros para coros. Adem\u00e1s, tuvieron la oportunidad de mostrar sus voces en escenarios tan ic\u00f3nicos como la Iglesia La Merced y el Santuario de Nuestra Se\u00f1ora del Rosario de Las Lajas, uno de los lugares m\u00e1s visitados de Colombia.<\/span><\/p><p style=\"margin: 0cm; background: white; vertical-align: baseline;\"><span style=\"font-size: 11.5pt; font-family: 'Segoe UI',sans-serif; color: #626262; background: #FCFCFC;\">\u00a0<\/span><\/p><p style=\"margin: 0cm; background: white; vertical-align: baseline;\"><span style=\"font-size: 11.5pt; font-family: 'Segoe UI',sans-serif; color: #626262; background: #FCFCFC;\">El Festival Internacional de Coros \u201cPor eso cantamos juntos\u201d culmin\u00f3 con un inolvidable concierto en el Teatro Javeriano de Pasto en el que nuestros estudiantes interpretaron la pieza \u201cTe quiero\u201d, de Mario Benedetti y Alberto Favero, junto al Coro Sonabit de M\u00e9xico y el Coro Gioia de la ciudad anfitriona.<\/span><\/p>\t\t\t\t\t\t<\/div>\n\t\t\t\t<\/div>\n\t\t\t\t\t<\/div>\n\t\t<\/div>\n\t\t\t\t\t<\/div>\n\t\t<\/section>\n\t\t\t\t<section class=\"elementor-section elementor-top-section elementor-element elementor-element-c66af02 elementor-section-boxed elementor-section-height-default elementor-section-height-default\" data-id=\"c66af02\" data-element_type=\"section\">\n\t\t\t\t\t\t<div class=\"elementor-container elementor-column-gap-default\">\n\t\t\t\t\t<div class=\"elementor-column elementor-col-33 elementor-top-column elementor-element elementor-element-d0ffdf3\" data-id=\"d0ffdf3\" data-element_type=\"column\">\n\t\t\t<div class=\"elementor-widget-wrap elementor-element-populated\">\n\t\t\t\t\t\t<div class=\"elementor-element elementor-element-fa49027 elementor-widget elementor-widget-image\" data-id=\"fa49027\" data-element_type=\"widget\" data-widget_type=\"image.default\">\n\t\t\t\t<div class=\"elementor-widget-container\">\n\t\t\t\t\t\t\t\t\t\t\t\t\t<img decoding=\"async\" width=\"768\" height=\"1024\" src=\"https:\/\/ds-barranquilla.org\/wp-content\/uploads\/2023\/10\/Festival-Internacional-de-Coros-Pasto24-768x1024.jpg\" class=\"attachment-medium_large size-medium_large wp-image-25615\" alt=\"\" srcset=\"https:\/\/ds-barranquilla.org\/wp-content\/uploads\/2023\/10\/Festival-Internacional-de-Coros-Pasto24-768x1024.jpg 768w, https:\/\/ds-barranquilla.org\/wp-content\/uploads\/2023\/10\/Festival-Internacional-de-Coros-Pasto24-225x300.jpg 225w, https:\/\/ds-barranquilla.org\/wp-content\/uploads\/2023\/10\/Festival-Internacional-de-Coros-Pasto24-300x400.jpg 300w, https:\/\/ds-barranquilla.org\/wp-content\/uploads\/2023\/10\/Festival-Internacional-de-Coros-Pasto24-1152x1536.jpg 1152w, https:\/\/ds-barranquilla.org\/wp-content\/uploads\/2023\/10\/Festival-Internacional-de-Coros-Pasto24-9x12.jpg 9w, https:\/\/ds-barranquilla.org\/wp-content\/uploads\/2023\/10\/Festival-Internacional-de-Coros-Pasto24-110x146.jpg 110w, https:\/\/ds-barranquilla.org\/wp-content\/uploads\/2023\/10\/Festival-Internacional-de-Coros-Pasto24-38x50.jpg 38w, https:\/\/ds-barranquilla.org\/wp-content\/uploads\/2023\/10\/Festival-Internacional-de-Coros-Pasto24-56x75.jpg 56w, https:\/\/ds-barranquilla.org\/wp-content\/uploads\/2023\/10\/Festival-Internacional-de-Coros-Pasto24-480x640.jpg 480w, https:\/\/ds-barranquilla.org\/wp-content\/uploads\/2023\/10\/Festival-Internacional-de-Coros-Pasto24-800x1067.jpg 800w, https:\/\/ds-barranquilla.org\/wp-content\/uploads\/2023\/10\/Festival-Internacional-de-Coros-Pasto24.jpg 1200w\" sizes=\"(max-width:767px) 480px, (max-width:768px) 100vw, 768px\" \/>\t\t\t\t\t\t\t\t\t\t\t\t\t<\/div>\n\t\t\t\t<\/div>\n\t\t\t\t\t<\/div>\n\t\t<\/div>\n\t\t\t\t<div class=\"elementor-column elementor-col-33 elementor-top-column elementor-element elementor-element-784dbde\" data-id=\"784dbde\" data-element_type=\"column\">\n\t\t\t<div class=\"elementor-widget-wrap elementor-element-populated\">\n\t\t\t\t\t\t<div class=\"elementor-element elementor-element-e02585c elementor-widget elementor-widget-image\" data-id=\"e02585c\" data-element_type=\"widget\" data-widget_type=\"image.default\">\n\t\t\t\t<div class=\"elementor-widget-container\">\n\t\t\t\t\t\t\t\t\t\t\t\t\t<img loading=\"lazy\" decoding=\"async\" width=\"768\" height=\"1024\" src=\"https:\/\/ds-barranquilla.org\/wp-content\/uploads\/2023\/10\/Festival-Internacional-de-Coros-Pasto20-768x1024.jpg\" class=\"attachment-medium_large size-medium_large wp-image-25614\" alt=\"\" srcset=\"https:\/\/ds-barranquilla.org\/wp-content\/uploads\/2023\/10\/Festival-Internacional-de-Coros-Pasto20-768x1024.jpg 768w, https:\/\/ds-barranquilla.org\/wp-content\/uploads\/2023\/10\/Festival-Internacional-de-Coros-Pasto20-225x300.jpg 225w, https:\/\/ds-barranquilla.org\/wp-content\/uploads\/2023\/10\/Festival-Internacional-de-Coros-Pasto20-300x400.jpg 300w, https:\/\/ds-barranquilla.org\/wp-content\/uploads\/2023\/10\/Festival-Internacional-de-Coros-Pasto20-9x12.jpg 9w, https:\/\/ds-barranquilla.org\/wp-content\/uploads\/2023\/10\/Festival-Internacional-de-Coros-Pasto20-110x146.jpg 110w, https:\/\/ds-barranquilla.org\/wp-content\/uploads\/2023\/10\/Festival-Internacional-de-Coros-Pasto20-38x50.jpg 38w, https:\/\/ds-barranquilla.org\/wp-content\/uploads\/2023\/10\/Festival-Internacional-de-Coros-Pasto20-56x75.jpg 56w, https:\/\/ds-barranquilla.org\/wp-content\/uploads\/2023\/10\/Festival-Internacional-de-Coros-Pasto20-480x640.jpg 480w, https:\/\/ds-barranquilla.org\/wp-content\/uploads\/2023\/10\/Festival-Internacional-de-Coros-Pasto20-800x1067.jpg 800w, https:\/\/ds-barranquilla.org\/wp-content\/uploads\/2023\/10\/Festival-Internacional-de-Coros-Pasto20.jpg 960w\" sizes=\"(max-width:767px) 480px, (max-width:768px) 100vw, 768px\" \/>\t\t\t\t\t\t\t\t\t\t\t\t\t<\/div>\n\t\t\t\t<\/div>\n\t\t\t\t\t<\/div>\n\t\t<\/div>\n\t\t\t\t<div class=\"elementor-column elementor-col-33 elementor-top-column elementor-element elementor-element-fbf5692\" data-id=\"fbf5692\" data-element_type=\"column\">\n\t\t\t<div class=\"elementor-widget-wrap elementor-element-populated\">\n\t\t\t\t\t\t<div class=\"elementor-element elementor-element-5caa069 elementor-widget elementor-widget-image\" data-id=\"5caa069\" data-element_type=\"widget\" data-widget_type=\"image.default\">\n\t\t\t\t<div class=\"elementor-widget-container\">\n\t\t\t\t\t\t\t\t\t\t\t\t\t<img loading=\"lazy\" decoding=\"async\" width=\"768\" height=\"1024\" src=\"https:\/\/ds-barranquilla.org\/wp-content\/uploads\/2023\/10\/Festival-Internacional-de-Coros-Pasto26-768x1024.jpg\" class=\"attachment-medium_large size-medium_large wp-image-25616\" alt=\"\" srcset=\"https:\/\/ds-barranquilla.org\/wp-content\/uploads\/2023\/10\/Festival-Internacional-de-Coros-Pasto26-768x1024.jpg 768w, https:\/\/ds-barranquilla.org\/wp-content\/uploads\/2023\/10\/Festival-Internacional-de-Coros-Pasto26-225x300.jpg 225w, https:\/\/ds-barranquilla.org\/wp-content\/uploads\/2023\/10\/Festival-Internacional-de-Coros-Pasto26-300x400.jpg 300w, https:\/\/ds-barranquilla.org\/wp-content\/uploads\/2023\/10\/Festival-Internacional-de-Coros-Pasto26-1152x1536.jpg 1152w, https:\/\/ds-barranquilla.org\/wp-content\/uploads\/2023\/10\/Festival-Internacional-de-Coros-Pasto26-9x12.jpg 9w, https:\/\/ds-barranquilla.org\/wp-content\/uploads\/2023\/10\/Festival-Internacional-de-Coros-Pasto26-110x146.jpg 110w, https:\/\/ds-barranquilla.org\/wp-content\/uploads\/2023\/10\/Festival-Internacional-de-Coros-Pasto26-38x50.jpg 38w, https:\/\/ds-barranquilla.org\/wp-content\/uploads\/2023\/10\/Festival-Internacional-de-Coros-Pasto26-56x75.jpg 56w, https:\/\/ds-barranquilla.org\/wp-content\/uploads\/2023\/10\/Festival-Internacional-de-Coros-Pasto26-480x640.jpg 480w, https:\/\/ds-barranquilla.org\/wp-content\/uploads\/2023\/10\/Festival-Internacional-de-Coros-Pasto26-800x1067.jpg 800w, https:\/\/ds-barranquilla.org\/wp-content\/uploads\/2023\/10\/Festival-Internacional-de-Coros-Pasto26.jpg 1200w\" sizes=\"(max-width:767px) 480px, (max-width:768px) 100vw, 768px\" \/>\t\t\t\t\t\t\t\t\t\t\t\t\t<\/div>\n\t\t\t\t<\/div>\n\t\t\t\t\t<\/div>\n\t\t<\/div>\n\t\t\t\t\t<\/div>\n\t\t<\/section>\n\t\t\t\t<section class=\"elementor-section elementor-top-section elementor-element elementor-element-0cc2c09 elementor-section-boxed elementor-section-height-default elementor-section-height-default\" data-id=\"0cc2c09\" data-element_type=\"section\">\n\t\t\t\t\t\t<div class=\"elementor-container elementor-column-gap-default\">\n\t\t\t\t\t<div class=\"elementor-column elementor-col-100 elementor-top-column elementor-element elementor-element-e9f7453\" data-id=\"e9f7453\" data-element_type=\"column\">\n\t\t\t<div class=\"elementor-widget-wrap elementor-element-populated\">\n\t\t\t\t\t\t<div class=\"elementor-element elementor-element-0b802e1 elementor-widget elementor-widget-text-editor\" data-id=\"0b802e1\" data-element_type=\"widget\" data-widget_type=\"text-editor.default\">\n\t\t\t\t<div class=\"elementor-widget-container\">\n\t\t\t\t\t\t\t<p>Es importante destacar que nuestro grupo se gan\u00f3 el \u201cGolden ticket\u201d, premio al coro con m\u00e1s votos en Instagram. Para el se\u00f1or Mej\u00eda, Director del Coro Juvenil, esta fue una experiencia maravillosa para nuestros estudiantes, quienes recibieron en cada escenario una \u201covaci\u00f3n del p\u00fablico y un reconocimiento por su gran repertorio\u201d.<\/p><p>\u00a1Aplausos para nuestro Coro Juvenil por esta magn\u00edfica representaci\u00f3n!<\/p><p><a href=\"https:\/\/www.facebook.com\/media\/set\/?set=a.853419923211006&amp;type=3\">M\u00e1s fotos en Facebook.<\/a><\/p>\t\t\t\t\t\t<\/div>\n\t\t\t\t<\/div>\n\t\t\t\t\t<\/div>\n\t\t<\/div>\n\t\t\t\t\t<\/div>\n\t\t<\/section>\n\t\t\t\t<\/div>","protected":false},"excerpt":{"rendered":"<p>Nuestro Coro Juvenil brill\u00f3 en el Festival Internacional \u201cPor eso cantamos juntos\u201d \u00a1Estamos muy orgullosos de nuestro Coro Juvenil! Nuestros estudiantes, dirigidos por el profesor Jos\u00e9<span class=\"excerpt-hellip\"> [\u2026]<\/span><\/p>","protected":false},"author":16,"featured_media":25621,"comment_status":"open","ping_status":"open","sticky":false,"template":"","format":"standard","meta":{"_exactmetrics_skip_tracking":false,"_exactmetrics_sitenote_active":false,"_exactmetrics_sitenote_note":"","_exactmetrics_sitenote_category":0,"_joinchat":[],"footnotes":""},"categories":[713,685,710],"tags":[],"class_list":["post-25607","post","type-post","status-publish","format-standard","has-post-thumbnail","hentry","category-713","category-area-de-artes-visuales-e-interpretativas","category-secundaria"],"yoast_head":"<!-- This site is optimized with the Yoast SEO plugin v23.3 - https:\/\/yoast.com\/wordpress\/plugins\/seo\/ -->\n<title>Nuestro Coro Juvenil brill\u00f3 en el Festival Internacional Coros \u201cPor eso cantamos juntos\u201d - 2026<\/title>\n<meta name=\"robots\" content=\"noindex, follow, max-snippet:-1, max-image-preview:large, max-video-preview:-1\" \/>\n<meta property=\"og:locale\" content=\"de_DE\" \/>\n<meta property=\"og:type\" content=\"article\" \/>\n<meta property=\"og:title\" content=\"Nuestro Coro Juvenil brill\u00f3 en el Festival Internacional Coros \u201cPor eso cantamos juntos\u201d - 2026\" \/>\n<meta property=\"og:description\" content=\"Nuestro Coro Juvenil brill\u00f3 en el Festival Internacional \u201cPor eso cantamos juntos\u201d \u00a1Estamos muy orgullosos de nuestro Coro Juvenil! Nuestros estudiantes, dirigidos por el profesor Jos\u00e9 [\u2026]\" \/>\n<meta property=\"og:url\" content=\"https:\/\/ds-barranquilla.org\/de\/nuestro-coro-juvenil-brillo-en-el-festival-internacional-coros-por-eso-cantamos-juntos\/\" \/>\n<meta property=\"og:site_name\" content=\"Colegio Alem\u00e1n - Los Mejores Colegios de Colombia - Colegio Triling\u00fce\" \/>\n<meta property=\"article:publisher\" content=\"https:\/\/www.facebook.com\/ColegioAlemanBaq\/\" \/>\n<meta property=\"article:published_time\" content=\"2023-10-10T17:09:23+00:00\" \/>\n<meta property=\"article:modified_time\" content=\"2023-10-10T17:46:00+00:00\" \/>\n<meta property=\"og:image\" content=\"https:\/\/ds-barranquilla.org\/wp-content\/uploads\/2023\/10\/banner-festival-pasto.png\" \/>\n\t<meta property=\"og:image:width\" content=\"1170\" \/>\n\t<meta property=\"og:image:height\" content=\"480\" \/>\n\t<meta property=\"og:image:type\" content=\"image\/png\" \/>\n<meta name=\"author\" content=\"Comunicaciones Comunicaciones\" \/>\n<meta name=\"twitter:card\" content=\"summary_large_image\" \/>\n<meta name=\"twitter:creator\" content=\"@ColegioAlemanBq\" \/>\n<meta name=\"twitter:site\" content=\"@ColegioAlemanBq\" \/>\n<meta name=\"twitter:label1\" content=\"Verfasst von\" \/>\n\t<meta name=\"twitter:data1\" content=\"Comunicaciones Comunicaciones\" \/>\n\t<meta name=\"twitter:label2\" content=\"Gesch\u00e4tzte Lesezeit\" \/>\n\t<meta name=\"twitter:data2\" content=\"1\u00a0Minute\" \/>\n<script type=\"application\/ld+json\" class=\"yoast-schema-graph\">{\"@context\":\"https:\/\/schema.org\",\"@graph\":[{\"@type\":\"Article\",\"@id\":\"https:\/\/ds-barranquilla.org\/de\/nuestro-coro-juvenil-brillo-en-el-festival-internacional-coros-por-eso-cantamos-juntos\/#article\",\"isPartOf\":{\"@id\":\"https:\/\/ds-barranquilla.org\/de\/nuestro-coro-juvenil-brillo-en-el-festival-internacional-coros-por-eso-cantamos-juntos\/\"},\"author\":{\"name\":\"Comunicaciones Comunicaciones\",\"@id\":\"https:\/\/ds-barranquilla.org\/#\/schema\/person\/7bf8790ba89d3480e0551241ccdc8d36\"},\"headline\":\"Nuestro Coro Juvenil brill\u00f3 en el Festival Internacional Coros \u201cPor eso cantamos juntos\u201d\",\"datePublished\":\"2023-10-10T17:09:23+00:00\",\"dateModified\":\"2023-10-10T17:46:00+00:00\",\"mainEntityOfPage\":{\"@id\":\"https:\/\/ds-barranquilla.org\/de\/nuestro-coro-juvenil-brillo-en-el-festival-internacional-coros-por-eso-cantamos-juntos\/\"},\"wordCount\":267,\"commentCount\":0,\"publisher\":{\"@id\":\"https:\/\/ds-barranquilla.org\/#organization\"},\"image\":{\"@id\":\"https:\/\/ds-barranquilla.org\/de\/nuestro-coro-juvenil-brillo-en-el-festival-internacional-coros-por-eso-cantamos-juntos\/#primaryimage\"},\"thumbnailUrl\":\"https:\/\/ds-barranquilla.org\/wp-content\/uploads\/2023\/10\/banner-festival-pasto.png\",\"articleSection\":[\"2023\",\"\u00c1rea de Artes Visuales e Interpretativas\",\"Secundaria\"],\"inLanguage\":\"de\",\"potentialAction\":[{\"@type\":\"CommentAction\",\"name\":\"Comment\",\"target\":[\"https:\/\/ds-barranquilla.org\/de\/nuestro-coro-juvenil-brillo-en-el-festival-internacional-coros-por-eso-cantamos-juntos\/#respond\"]}]},{\"@type\":\"WebPage\",\"@id\":\"https:\/\/ds-barranquilla.org\/de\/nuestro-coro-juvenil-brillo-en-el-festival-internacional-coros-por-eso-cantamos-juntos\/\",\"url\":\"https:\/\/ds-barranquilla.org\/de\/nuestro-coro-juvenil-brillo-en-el-festival-internacional-coros-por-eso-cantamos-juntos\/\",\"name\":\"Nuestro Coro Juvenil brill\u00f3 en el Festival Internacional Coros \u201cPor eso cantamos juntos\u201d - 2026\",\"isPartOf\":{\"@id\":\"https:\/\/ds-barranquilla.org\/#website\"},\"primaryImageOfPage\":{\"@id\":\"https:\/\/ds-barranquilla.org\/de\/nuestro-coro-juvenil-brillo-en-el-festival-internacional-coros-por-eso-cantamos-juntos\/#primaryimage\"},\"image\":{\"@id\":\"https:\/\/ds-barranquilla.org\/de\/nuestro-coro-juvenil-brillo-en-el-festival-internacional-coros-por-eso-cantamos-juntos\/#primaryimage\"},\"thumbnailUrl\":\"https:\/\/ds-barranquilla.org\/wp-content\/uploads\/2023\/10\/banner-festival-pasto.png\",\"datePublished\":\"2023-10-10T17:09:23+00:00\",\"dateModified\":\"2023-10-10T17:46:00+00:00\",\"breadcrumb\":{\"@id\":\"https:\/\/ds-barranquilla.org\/de\/nuestro-coro-juvenil-brillo-en-el-festival-internacional-coros-por-eso-cantamos-juntos\/#breadcrumb\"},\"inLanguage\":\"de\",\"potentialAction\":[{\"@type\":\"ReadAction\",\"target\":[\"https:\/\/ds-barranquilla.org\/de\/nuestro-coro-juvenil-brillo-en-el-festival-internacional-coros-por-eso-cantamos-juntos\/\"]}]},{\"@type\":\"ImageObject\",\"inLanguage\":\"de\",\"@id\":\"https:\/\/ds-barranquilla.org\/de\/nuestro-coro-juvenil-brillo-en-el-festival-internacional-coros-por-eso-cantamos-juntos\/#primaryimage\",\"url\":\"https:\/\/ds-barranquilla.org\/wp-content\/uploads\/2023\/10\/banner-festival-pasto.png\",\"contentUrl\":\"https:\/\/ds-barranquilla.org\/wp-content\/uploads\/2023\/10\/banner-festival-pasto.png\",\"width\":1170,\"height\":480},{\"@type\":\"BreadcrumbList\",\"@id\":\"https:\/\/ds-barranquilla.org\/de\/nuestro-coro-juvenil-brillo-en-el-festival-internacional-coros-por-eso-cantamos-juntos\/#breadcrumb\",\"itemListElement\":[{\"@type\":\"ListItem\",\"position\":1,\"name\":\"Portada\",\"item\":\"https:\/\/ds-barranquilla.org\/\"},{\"@type\":\"ListItem\",\"position\":2,\"name\":\"Nuestro Coro Juvenil brill\u00f3 en el Festival Internacional Coros \u201cPor eso cantamos juntos\u201d\"}]},{\"@type\":\"WebSite\",\"@id\":\"https:\/\/ds-barranquilla.org\/#website\",\"url\":\"https:\/\/ds-barranquilla.org\/\",\"name\":\"Colegio Alem\u00e1n - Los Mejores Colegios de Colombia - Colegio Triling\u00fce\",\"description\":\"Colegio Alem\u00e1n  Barranquilla Colombia - Colegio Biling\u00fce - Triling\u00fce - El Mejor Colegio de Colombia\",\"publisher\":{\"@id\":\"https:\/\/ds-barranquilla.org\/#organization\"},\"potentialAction\":[{\"@type\":\"SearchAction\",\"target\":{\"@type\":\"EntryPoint\",\"urlTemplate\":\"https:\/\/ds-barranquilla.org\/?s={search_term_string}\"},\"query-input\":\"required name=search_term_string\"}],\"inLanguage\":\"de\"},{\"@type\":\"Organization\",\"@id\":\"https:\/\/ds-barranquilla.org\/#organization\",\"name\":\"Colegio Alem\u00e1n Barranquilla\",\"url\":\"https:\/\/ds-barranquilla.org\/\",\"logo\":{\"@type\":\"ImageObject\",\"inLanguage\":\"de\",\"@id\":\"https:\/\/ds-barranquilla.org\/#\/schema\/logo\/image\/\",\"url\":\"https:\/\/ds-barranquilla.org\/wp-content\/uploads\/2021\/05\/coleman_logo_2.png\",\"contentUrl\":\"https:\/\/ds-barranquilla.org\/wp-content\/uploads\/2021\/05\/coleman_logo_2.png\",\"width\":418,\"height\":307,\"caption\":\"Colegio Alem\u00e1n Barranquilla\"},\"image\":{\"@id\":\"https:\/\/ds-barranquilla.org\/#\/schema\/logo\/image\/\"},\"sameAs\":[\"https:\/\/www.facebook.com\/ColegioAlemanBaq\/\",\"https:\/\/x.com\/ColegioAlemanBq\",\"https:\/\/www.instagram.com\/colegioalemanbaq\/\",\"https:\/\/www.linkedin.com\/school\/deutsche-schule-barranquilla\/\",\"https:\/\/www.youtube.com\/channel\/UCOOGZQCVs6aYRqIWvSN5agQ\"]},{\"@type\":\"Person\",\"@id\":\"https:\/\/ds-barranquilla.org\/#\/schema\/person\/7bf8790ba89d3480e0551241ccdc8d36\",\"name\":\"Comunicaciones Comunicaciones\",\"image\":{\"@type\":\"ImageObject\",\"inLanguage\":\"de\",\"@id\":\"https:\/\/ds-barranquilla.org\/#\/schema\/person\/image\/\",\"url\":\"https:\/\/secure.gravatar.com\/avatar\/a66ba9484a4338d81d6bea750e595038?s=96&d=mm&r=g\",\"contentUrl\":\"https:\/\/secure.gravatar.com\/avatar\/a66ba9484a4338d81d6bea750e595038?s=96&d=mm&r=g\",\"caption\":\"Comunicaciones Comunicaciones\"}}]}<\/script>\n<!-- \/ Yoast SEO plugin. -->","yoast_head_json":{"title":"Nuestro Coro Juvenil brill\u00f3 en el Festival Internacional Coros \u201cPor eso cantamos juntos\u201d - 2026","robots":{"index":"noindex","follow":"follow","max-snippet":"max-snippet:-1","max-image-preview":"max-image-preview:large","max-video-preview":"max-video-preview:-1"},"og_locale":"de_DE","og_type":"article","og_title":"Nuestro Coro Juvenil brill\u00f3 en el Festival Internacional Coros \u201cPor eso cantamos juntos\u201d - 2026","og_description":"Nuestro Coro Juvenil brill\u00f3 en el Festival Internacional \u201cPor eso cantamos juntos\u201d \u00a1Estamos muy orgullosos de nuestro Coro Juvenil! Nuestros estudiantes, dirigidos por el profesor Jos\u00e9 [\u2026]","og_url":"https:\/\/ds-barranquilla.org\/de\/nuestro-coro-juvenil-brillo-en-el-festival-internacional-coros-por-eso-cantamos-juntos\/","og_site_name":"Colegio Alem\u00e1n - Los Mejores Colegios de Colombia - Colegio Triling\u00fce","article_publisher":"https:\/\/www.facebook.com\/ColegioAlemanBaq\/","article_published_time":"2023-10-10T17:09:23+00:00","article_modified_time":"2023-10-10T17:46:00+00:00","og_image":[{"width":1170,"height":480,"url":"https:\/\/ds-barranquilla.org\/wp-content\/uploads\/2023\/10\/banner-festival-pasto.png","type":"image\/png"}],"author":"Comunicaciones Comunicaciones","twitter_card":"summary_large_image","twitter_creator":"@ColegioAlemanBq","twitter_site":"@ColegioAlemanBq","twitter_misc":{"Verfasst von":"Comunicaciones Comunicaciones","Gesch\u00e4tzte Lesezeit":"1\u00a0Minute"},"schema":{"@context":"https:\/\/schema.org","@graph":[{"@type":"Article","@id":"https:\/\/ds-barranquilla.org\/de\/nuestro-coro-juvenil-brillo-en-el-festival-internacional-coros-por-eso-cantamos-juntos\/#article","isPartOf":{"@id":"https:\/\/ds-barranquilla.org\/de\/nuestro-coro-juvenil-brillo-en-el-festival-internacional-coros-por-eso-cantamos-juntos\/"},"author":{"name":"Comunicaciones Comunicaciones","@id":"https:\/\/ds-barranquilla.org\/#\/schema\/person\/7bf8790ba89d3480e0551241ccdc8d36"},"headline":"Nuestro Coro Juvenil brill\u00f3 en el Festival Internacional Coros \u201cPor eso cantamos juntos\u201d","datePublished":"2023-10-10T17:09:23+00:00","dateModified":"2023-10-10T17:46:00+00:00","mainEntityOfPage":{"@id":"https:\/\/ds-barranquilla.org\/de\/nuestro-coro-juvenil-brillo-en-el-festival-internacional-coros-por-eso-cantamos-juntos\/"},"wordCount":267,"commentCount":0,"publisher":{"@id":"https:\/\/ds-barranquilla.org\/#organization"},"image":{"@id":"https:\/\/ds-barranquilla.org\/de\/nuestro-coro-juvenil-brillo-en-el-festival-internacional-coros-por-eso-cantamos-juntos\/#primaryimage"},"thumbnailUrl":"https:\/\/ds-barranquilla.org\/wp-content\/uploads\/2023\/10\/banner-festival-pasto.png","articleSection":["2023","\u00c1rea de Artes Visuales e Interpretativas","Secundaria"],"inLanguage":"de","potentialAction":[{"@type":"CommentAction","name":"Comment","target":["https:\/\/ds-barranquilla.org\/de\/nuestro-coro-juvenil-brillo-en-el-festival-internacional-coros-por-eso-cantamos-juntos\/#respond"]}]},{"@type":"WebPage","@id":"https:\/\/ds-barranquilla.org\/de\/nuestro-coro-juvenil-brillo-en-el-festival-internacional-coros-por-eso-cantamos-juntos\/","url":"https:\/\/ds-barranquilla.org\/de\/nuestro-coro-juvenil-brillo-en-el-festival-internacional-coros-por-eso-cantamos-juntos\/","name":"Nuestro Coro Juvenil brill\u00f3 en el Festival Internacional Coros \u201cPor eso cantamos juntos\u201d - 2026","isPartOf":{"@id":"https:\/\/ds-barranquilla.org\/#website"},"primaryImageOfPage":{"@id":"https:\/\/ds-barranquilla.org\/de\/nuestro-coro-juvenil-brillo-en-el-festival-internacional-coros-por-eso-cantamos-juntos\/#primaryimage"},"image":{"@id":"https:\/\/ds-barranquilla.org\/de\/nuestro-coro-juvenil-brillo-en-el-festival-internacional-coros-por-eso-cantamos-juntos\/#primaryimage"},"thumbnailUrl":"https:\/\/ds-barranquilla.org\/wp-content\/uploads\/2023\/10\/banner-festival-pasto.png","datePublished":"2023-10-10T17:09:23+00:00","dateModified":"2023-10-10T17:46:00+00:00","breadcrumb":{"@id":"https:\/\/ds-barranquilla.org\/de\/nuestro-coro-juvenil-brillo-en-el-festival-internacional-coros-por-eso-cantamos-juntos\/#breadcrumb"},"inLanguage":"de","potentialAction":[{"@type":"ReadAction","target":["https:\/\/ds-barranquilla.org\/de\/nuestro-coro-juvenil-brillo-en-el-festival-internacional-coros-por-eso-cantamos-juntos\/"]}]},{"@type":"ImageObject","inLanguage":"de","@id":"https:\/\/ds-barranquilla.org\/de\/nuestro-coro-juvenil-brillo-en-el-festival-internacional-coros-por-eso-cantamos-juntos\/#primaryimage","url":"https:\/\/ds-barranquilla.org\/wp-content\/uploads\/2023\/10\/banner-festival-pasto.png","contentUrl":"https:\/\/ds-barranquilla.org\/wp-content\/uploads\/2023\/10\/banner-festival-pasto.png","width":1170,"height":480},{"@type":"BreadcrumbList","@id":"https:\/\/ds-barranquilla.org\/de\/nuestro-coro-juvenil-brillo-en-el-festival-internacional-coros-por-eso-cantamos-juntos\/#breadcrumb","itemListElement":[{"@type":"ListItem","position":1,"name":"Portada","item":"https:\/\/ds-barranquilla.org\/"},{"@type":"ListItem","position":2,"name":"Nuestro Coro Juvenil brill\u00f3 en el Festival Internacional Coros \u201cPor eso cantamos juntos\u201d"}]},{"@type":"WebSite","@id":"https:\/\/ds-barranquilla.org\/#website","url":"https:\/\/ds-barranquilla.org\/","name":"Colegio Alem\u00e1n - Los Mejores Colegios de Colombia - Colegio Triling\u00fce","description":"Colegio Alem\u00e1n  Barranquilla Colombia - Colegio Biling\u00fce - Triling\u00fce - El Mejor Colegio de Colombia","publisher":{"@id":"https:\/\/ds-barranquilla.org\/#organization"},"potentialAction":[{"@type":"SearchAction","target":{"@type":"EntryPoint","urlTemplate":"https:\/\/ds-barranquilla.org\/?s={search_term_string}"},"query-input":"required name=search_term_string"}],"inLanguage":"de"},{"@type":"Organization","@id":"https:\/\/ds-barranquilla.org\/#organization","name":"Colegio Alem\u00e1n Barranquilla","url":"https:\/\/ds-barranquilla.org\/","logo":{"@type":"ImageObject","inLanguage":"de","@id":"https:\/\/ds-barranquilla.org\/#\/schema\/logo\/image\/","url":"https:\/\/ds-barranquilla.org\/wp-content\/uploads\/2021\/05\/coleman_logo_2.png","contentUrl":"https:\/\/ds-barranquilla.org\/wp-content\/uploads\/2021\/05\/coleman_logo_2.png","width":418,"height":307,"caption":"Colegio Alem\u00e1n Barranquilla"},"image":{"@id":"https:\/\/ds-barranquilla.org\/#\/schema\/logo\/image\/"},"sameAs":["https:\/\/www.facebook.com\/ColegioAlemanBaq\/","https:\/\/x.com\/ColegioAlemanBq","https:\/\/www.instagram.com\/colegioalemanbaq\/","https:\/\/www.linkedin.com\/school\/deutsche-schule-barranquilla\/","https:\/\/www.youtube.com\/channel\/UCOOGZQCVs6aYRqIWvSN5agQ"]},{"@type":"Person","@id":"https:\/\/ds-barranquilla.org\/#\/schema\/person\/7bf8790ba89d3480e0551241ccdc8d36","name":"Comunicaciones Comunicaciones","image":{"@type":"ImageObject","inLanguage":"de","@id":"https:\/\/ds-barranquilla.org\/#\/schema\/person\/image\/","url":"https:\/\/secure.gravatar.com\/avatar\/a66ba9484a4338d81d6bea750e595038?s=96&d=mm&r=g","contentUrl":"https:\/\/secure.gravatar.com\/avatar\/a66ba9484a4338d81d6bea750e595038?s=96&d=mm&r=g","caption":"Comunicaciones Comunicaciones"}}]}},"_links":{"self":[{"href":"https:\/\/ds-barranquilla.org\/de\/wp-json\/wp\/v2\/posts\/25607"}],"collection":[{"href":"https:\/\/ds-barranquilla.org\/de\/wp-json\/wp\/v2\/posts"}],"about":[{"href":"https:\/\/ds-barranquilla.org\/de\/wp-json\/wp\/v2\/types\/post"}],"author":[{"embeddable":true,"href":"https:\/\/ds-barranquilla.org\/de\/wp-json\/wp\/v2\/users\/16"}],"replies":[{"embeddable":true,"href":"https:\/\/ds-barranquilla.org\/de\/wp-json\/wp\/v2\/comments?post=25607"}],"version-history":[{"count":10,"href":"https:\/\/ds-barranquilla.org\/de\/wp-json\/wp\/v2\/posts\/25607\/revisions"}],"predecessor-version":[{"id":25626,"href":"https:\/\/ds-barranquilla.org\/de\/wp-json\/wp\/v2\/posts\/25607\/revisions\/25626"}],"wp:featuredmedia":[{"embeddable":true,"href":"https:\/\/ds-barranquilla.org\/de\/wp-json\/wp\/v2\/media\/25621"}],"wp:attachment":[{"href":"https:\/\/ds-barranquilla.org\/de\/wp-json\/wp\/v2\/media?parent=25607"}],"wp:term":[{"taxonomy":"category","embeddable":true,"href":"https:\/\/ds-barranquilla.org\/de\/wp-json\/wp\/v2\/categories?post=25607"},{"taxonomy":"post_tag","embeddable":true,"href":"https:\/\/ds-barranquilla.org\/de\/wp-json\/wp\/v2\/tags?post=25607"}],"curies":[{"name":"wp","href":"https:\/\/api.w.org\/{rel}","templated":true}]}}