{"id":25777,"date":"2023-11-09T10:33:51","date_gmt":"2023-11-09T15:33:51","guid":{"rendered":"https:\/\/ds-barranquilla.org\/?p=25777"},"modified":"2023-11-09T10:38:45","modified_gmt":"2023-11-09T15:38:45","slug":"fantasia-literaria-un-viaje-hacia-otras-dimensiones","status":"publish","type":"post","link":"https:\/\/ds-barranquilla.org\/de\/fantasia-literaria-un-viaje-hacia-otras-dimensiones\/","title":{"rendered":"Fantas\u00eda Literaria: \u201cUn viaje hacia otras dimensiones\u201d"},"content":{"rendered":"<div data-elementor-type=\"wp-post\" data-elementor-id=\"25777\" class=\"elementor elementor-25777\">\n\t\t\t\t\t\t<section class=\"elementor-section elementor-top-section elementor-element elementor-element-18dd310 elementor-section-boxed elementor-section-height-default elementor-section-height-default\" data-id=\"18dd310\" data-element_type=\"section\">\n\t\t\t\t\t\t<div class=\"elementor-container elementor-column-gap-default\">\n\t\t\t\t\t<div class=\"elementor-column elementor-col-100 elementor-top-column elementor-element elementor-element-d61e8d7\" data-id=\"d61e8d7\" data-element_type=\"column\">\n\t\t\t<div class=\"elementor-widget-wrap elementor-element-populated\">\n\t\t\t\t\t\t<div class=\"elementor-element elementor-element-6bd5b5b elementor-widget elementor-widget-text-editor\" data-id=\"6bd5b5b\" data-element_type=\"widget\" data-widget_type=\"text-editor.default\">\n\t\t\t\t<div class=\"elementor-widget-container\">\n\t\t\t<style>\/*! elementor - v3.23.0 - 05-08-2024 *\/\n.elementor-widget-text-editor.elementor-drop-cap-view-stacked .elementor-drop-cap{background-color:#69727d;color:#fff}.elementor-widget-text-editor.elementor-drop-cap-view-framed .elementor-drop-cap{color:#69727d;border:3px solid;background-color:transparent}.elementor-widget-text-editor:not(.elementor-drop-cap-view-default) .elementor-drop-cap{margin-top:8px}.elementor-widget-text-editor:not(.elementor-drop-cap-view-default) .elementor-drop-cap-letter{width:1em;height:1em}.elementor-widget-text-editor .elementor-drop-cap{float:left;text-align:center;line-height:1;font-size:50px}.elementor-widget-text-editor .elementor-drop-cap-letter{display:inline-block}<\/style>\t\t\t\t<h2><span style=\"color: #cc3524;\">Fantas\u00eda Literaria: \u201cUn viaje hacia otras dimensiones\u201d<\/span><\/h2><p>El viernes 3 de diciembre nuestro Colegio Alem\u00e1n de Barranquilla\u00a0se convirti\u00f3 en un universo donde los robots cobraron vida, los extraterrestres tejieron intrigantes relatos y los viajes espaciales nos transportaron a otras dimensiones. La imaginaci\u00f3n de nuestros estudiantes, con el apoyo y el amor de sus familias, se dispar\u00f3 hacia el infinito para disfrutar al m\u00e1ximo la versi\u00f3n 2023 de Fantas\u00eda Literaria, que este a\u00f1o explor\u00f3 la tem\u00e1tica \u201cUn viaje hacia otras dimensiones\u201d.<\/p>\t\t\t\t\t\t<\/div>\n\t\t\t\t<\/div>\n\t\t\t\t\t<\/div>\n\t\t<\/div>\n\t\t\t\t\t<\/div>\n\t\t<\/section>\n\t\t\t\t<section class=\"elementor-section elementor-top-section elementor-element elementor-element-061a0f6 elementor-section-boxed elementor-section-height-default elementor-section-height-default\" data-id=\"061a0f6\" data-element_type=\"section\">\n\t\t\t\t\t\t<div class=\"elementor-container elementor-column-gap-default\">\n\t\t\t\t\t<div class=\"elementor-column elementor-col-50 elementor-top-column elementor-element elementor-element-7544855\" data-id=\"7544855\" data-element_type=\"column\">\n\t\t\t<div class=\"elementor-widget-wrap elementor-element-populated\">\n\t\t\t\t\t\t<div class=\"elementor-element elementor-element-4e2b6fd elementor-widget elementor-widget-image\" data-id=\"4e2b6fd\" data-element_type=\"widget\" data-widget_type=\"image.default\">\n\t\t\t\t<div class=\"elementor-widget-container\">\n\t\t\t<style>\/*! elementor - v3.23.0 - 05-08-2024 *\/\n.elementor-widget-image{text-align:center}.elementor-widget-image a{display:inline-block}.elementor-widget-image a img[src$=\".svg\"]{width:48px}.elementor-widget-image img{vertical-align:middle;display:inline-block}<\/style>\t\t\t\t\t\t\t\t\t\t<img fetchpriority=\"high\" decoding=\"async\" width=\"768\" height=\"512\" src=\"https:\/\/ds-barranquilla.org\/wp-content\/uploads\/2023\/11\/fantasia-literaria2-768x512.jpeg\" class=\"attachment-medium_large size-medium_large wp-image-25775\" alt=\"\" srcset=\"https:\/\/ds-barranquilla.org\/wp-content\/uploads\/2023\/11\/fantasia-literaria2-768x512.jpeg 768w, https:\/\/ds-barranquilla.org\/wp-content\/uploads\/2023\/11\/fantasia-literaria2-300x200.jpeg 300w, https:\/\/ds-barranquilla.org\/wp-content\/uploads\/2023\/11\/fantasia-literaria2-1024x683.jpeg 1024w, https:\/\/ds-barranquilla.org\/wp-content\/uploads\/2023\/11\/fantasia-literaria2-391x260.jpeg 391w, https:\/\/ds-barranquilla.org\/wp-content\/uploads\/2023\/11\/fantasia-literaria2-1536x1024.jpeg 1536w, https:\/\/ds-barranquilla.org\/wp-content\/uploads\/2023\/11\/fantasia-literaria2-18x12.jpeg 18w, https:\/\/ds-barranquilla.org\/wp-content\/uploads\/2023\/11\/fantasia-literaria2-219x146.jpeg 219w, https:\/\/ds-barranquilla.org\/wp-content\/uploads\/2023\/11\/fantasia-literaria2-50x33.jpeg 50w, https:\/\/ds-barranquilla.org\/wp-content\/uploads\/2023\/11\/fantasia-literaria2-113x75.jpeg 113w, https:\/\/ds-barranquilla.org\/wp-content\/uploads\/2023\/11\/fantasia-literaria2-480x320.jpeg 480w, https:\/\/ds-barranquilla.org\/wp-content\/uploads\/2023\/11\/fantasia-literaria2-800x533.jpeg 800w, https:\/\/ds-barranquilla.org\/wp-content\/uploads\/2023\/11\/fantasia-literaria2.jpeg 2048w\" sizes=\"(max-width:767px) 480px, (max-width:768px) 100vw, 768px\" \/>\t\t\t\t\t\t\t\t\t\t\t\t\t<\/div>\n\t\t\t\t<\/div>\n\t\t\t\t\t<\/div>\n\t\t<\/div>\n\t\t\t\t<div class=\"elementor-column elementor-col-50 elementor-top-column elementor-element elementor-element-4ef5686\" data-id=\"4ef5686\" data-element_type=\"column\">\n\t\t\t<div class=\"elementor-widget-wrap elementor-element-populated\">\n\t\t\t\t\t\t<div class=\"elementor-element elementor-element-8949c4e elementor-widget elementor-widget-image\" data-id=\"8949c4e\" data-element_type=\"widget\" data-widget_type=\"image.default\">\n\t\t\t\t<div class=\"elementor-widget-container\">\n\t\t\t\t\t\t\t\t\t\t\t\t\t<img decoding=\"async\" width=\"768\" height=\"512\" src=\"https:\/\/ds-barranquilla.org\/wp-content\/uploads\/2023\/11\/398383922_868725385013793_6228753005379447592_n-768x512.jpeg\" class=\"attachment-medium_large size-medium_large wp-image-25779\" alt=\"\" srcset=\"https:\/\/ds-barranquilla.org\/wp-content\/uploads\/2023\/11\/398383922_868725385013793_6228753005379447592_n-768x512.jpeg 768w, https:\/\/ds-barranquilla.org\/wp-content\/uploads\/2023\/11\/398383922_868725385013793_6228753005379447592_n-300x200.jpeg 300w, https:\/\/ds-barranquilla.org\/wp-content\/uploads\/2023\/11\/398383922_868725385013793_6228753005379447592_n-391x260.jpeg 391w, https:\/\/ds-barranquilla.org\/wp-content\/uploads\/2023\/11\/398383922_868725385013793_6228753005379447592_n-18x12.jpeg 18w, https:\/\/ds-barranquilla.org\/wp-content\/uploads\/2023\/11\/398383922_868725385013793_6228753005379447592_n-219x146.jpeg 219w, https:\/\/ds-barranquilla.org\/wp-content\/uploads\/2023\/11\/398383922_868725385013793_6228753005379447592_n-50x33.jpeg 50w, https:\/\/ds-barranquilla.org\/wp-content\/uploads\/2023\/11\/398383922_868725385013793_6228753005379447592_n-113x75.jpeg 113w, https:\/\/ds-barranquilla.org\/wp-content\/uploads\/2023\/11\/398383922_868725385013793_6228753005379447592_n-480x320.jpeg 480w, https:\/\/ds-barranquilla.org\/wp-content\/uploads\/2023\/11\/398383922_868725385013793_6228753005379447592_n-800x533.jpeg 800w, https:\/\/ds-barranquilla.org\/wp-content\/uploads\/2023\/11\/398383922_868725385013793_6228753005379447592_n.jpeg 843w\" sizes=\"(max-width:767px) 480px, (max-width:768px) 100vw, 768px\" \/>\t\t\t\t\t\t\t\t\t\t\t\t\t<\/div>\n\t\t\t\t<\/div>\n\t\t\t\t\t<\/div>\n\t\t<\/div>\n\t\t\t\t\t<\/div>\n\t\t<\/section>\n\t\t\t\t<section class=\"elementor-section elementor-top-section elementor-element elementor-element-dbaddb2 elementor-section-boxed elementor-section-height-default elementor-section-height-default\" data-id=\"dbaddb2\" data-element_type=\"section\">\n\t\t\t\t\t\t<div class=\"elementor-container elementor-column-gap-default\">\n\t\t\t\t\t<div class=\"elementor-column elementor-col-100 elementor-top-column elementor-element elementor-element-f208969\" data-id=\"f208969\" data-element_type=\"column\">\n\t\t\t<div class=\"elementor-widget-wrap elementor-element-populated\">\n\t\t\t\t\t\t<div class=\"elementor-element elementor-element-59c2e51 elementor-widget elementor-widget-text-editor\" data-id=\"59c2e51\" data-element_type=\"widget\" data-widget_type=\"text-editor.default\">\n\t\t\t\t<div class=\"elementor-widget-container\">\n\t\t\t\t\t\t\t<p>Con este evento, en el que rendimos tributo a la creatividad, propiciamos espacios de aprendizaje y de desarrollo de habilidades comunicativas a trav\u00e9s de los idiomas espa\u00f1ol e ingl\u00e9s. \u00a1Gracias a todos los que se unieron a esta aventura!<\/p><p><a href=\"https:\/\/www.instagram.com\/p\/CzMr0uHvXF7\/\">Mira el video resumen en Instagram.<\/a><br \/><a href=\"https:\/\/www.facebook.com\/media\/set\/?set=a.868733115013020&amp;type=3\">M\u00e1s fotos en Facebook.<\/a><\/p>\t\t\t\t\t\t<\/div>\n\t\t\t\t<\/div>\n\t\t\t\t\t<\/div>\n\t\t<\/div>\n\t\t\t\t\t<\/div>\n\t\t<\/section>\n\t\t\t\t<\/div>","protected":false},"excerpt":{"rendered":"<p>Fantas\u00eda Literaria: \u201cUn viaje hacia otras dimensiones\u201d El viernes 3 de diciembre nuestro Colegio Alem\u00e1n de Barranquilla\u00a0se convirti\u00f3 en un universo donde los robots cobraron vida,<span class=\"excerpt-hellip\"> [\u2026]<\/span><\/p>","protected":false},"author":16,"featured_media":25776,"comment_status":"open","ping_status":"open","sticky":false,"template":"","format":"standard","meta":{"_exactmetrics_skip_tracking":false,"_exactmetrics_sitenote_active":false,"_exactmetrics_sitenote_note":"","_exactmetrics_sitenote_category":0,"_joinchat":[],"footnotes":""},"categories":[713,689,690],"tags":[],"class_list":["post-25777","post","type-post","status-publish","format-standard","has-post-thumbnail","hentry","category-713","category-area-de-ingles","category-area-de-lengua-y-literatura"],"yoast_head":"<!-- This site is optimized with the Yoast SEO plugin v23.3 - https:\/\/yoast.com\/wordpress\/plugins\/seo\/ -->\n<title>Fantas\u00eda Literaria: \u201cUn viaje hacia otras dimensiones\u201d - 2026<\/title>\n<meta name=\"robots\" content=\"noindex, follow, max-snippet:-1, max-image-preview:large, max-video-preview:-1\" \/>\n<meta property=\"og:locale\" content=\"de_DE\" \/>\n<meta property=\"og:type\" content=\"article\" \/>\n<meta property=\"og:title\" content=\"Fantas\u00eda Literaria: \u201cUn viaje hacia otras dimensiones\u201d - 2026\" \/>\n<meta property=\"og:description\" content=\"Fantas\u00eda Literaria: \u201cUn viaje hacia otras dimensiones\u201d El viernes 3 de diciembre nuestro Colegio Alem\u00e1n de Barranquilla\u00a0se convirti\u00f3 en un universo donde los robots cobraron vida, [\u2026]\" \/>\n<meta property=\"og:url\" content=\"https:\/\/ds-barranquilla.org\/de\/fantasia-literaria-un-viaje-hacia-otras-dimensiones\/\" \/>\n<meta property=\"og:site_name\" content=\"Colegio Alem\u00e1n - Los Mejores Colegios de Colombia - Colegio Triling\u00fce\" \/>\n<meta property=\"article:publisher\" content=\"https:\/\/www.facebook.com\/ColegioAlemanBaq\/\" \/>\n<meta property=\"article:published_time\" content=\"2023-11-09T15:33:51+00:00\" \/>\n<meta property=\"article:modified_time\" content=\"2023-11-09T15:38:45+00:00\" \/>\n<meta property=\"og:image\" content=\"https:\/\/ds-barranquilla.org\/wp-content\/uploads\/2023\/11\/fantasia-literaria3-1024x420.png\" \/>\n\t<meta property=\"og:image:width\" content=\"1024\" \/>\n\t<meta property=\"og:image:height\" content=\"420\" \/>\n\t<meta property=\"og:image:type\" content=\"image\/png\" \/>\n<meta name=\"author\" content=\"Comunicaciones Comunicaciones\" \/>\n<meta name=\"twitter:card\" content=\"summary_large_image\" \/>\n<meta name=\"twitter:creator\" content=\"@ColegioAlemanBq\" \/>\n<meta name=\"twitter:site\" content=\"@ColegioAlemanBq\" \/>\n<meta name=\"twitter:label1\" content=\"Verfasst von\" \/>\n\t<meta name=\"twitter:data1\" content=\"Comunicaciones Comunicaciones\" \/>\n\t<meta name=\"twitter:label2\" content=\"Gesch\u00e4tzte Lesezeit\" \/>\n\t<meta name=\"twitter:data2\" content=\"1\u00a0Minute\" \/>\n<script type=\"application\/ld+json\" class=\"yoast-schema-graph\">{\"@context\":\"https:\/\/schema.org\",\"@graph\":[{\"@type\":\"Article\",\"@id\":\"https:\/\/ds-barranquilla.org\/de\/fantasia-literaria-un-viaje-hacia-otras-dimensiones\/#article\",\"isPartOf\":{\"@id\":\"https:\/\/ds-barranquilla.org\/de\/fantasia-literaria-un-viaje-hacia-otras-dimensiones\/\"},\"author\":{\"name\":\"Comunicaciones Comunicaciones\",\"@id\":\"https:\/\/ds-barranquilla.org\/#\/schema\/person\/7bf8790ba89d3480e0551241ccdc8d36\"},\"headline\":\"Fantas\u00eda Literaria: \u201cUn viaje hacia otras dimensiones\u201d\",\"datePublished\":\"2023-11-09T15:33:51+00:00\",\"dateModified\":\"2023-11-09T15:38:45+00:00\",\"mainEntityOfPage\":{\"@id\":\"https:\/\/ds-barranquilla.org\/de\/fantasia-literaria-un-viaje-hacia-otras-dimensiones\/\"},\"wordCount\":148,\"commentCount\":0,\"publisher\":{\"@id\":\"https:\/\/ds-barranquilla.org\/#organization\"},\"image\":{\"@id\":\"https:\/\/ds-barranquilla.org\/de\/fantasia-literaria-un-viaje-hacia-otras-dimensiones\/#primaryimage\"},\"thumbnailUrl\":\"https:\/\/ds-barranquilla.org\/wp-content\/uploads\/2023\/11\/fantasia-literaria3.png\",\"articleSection\":[\"2023\",\"\u00c1rea de Ingl\u00e9s\",\"\u00c1rea de Lengua y Literatura\"],\"inLanguage\":\"de\",\"potentialAction\":[{\"@type\":\"CommentAction\",\"name\":\"Comment\",\"target\":[\"https:\/\/ds-barranquilla.org\/de\/fantasia-literaria-un-viaje-hacia-otras-dimensiones\/#respond\"]}]},{\"@type\":\"WebPage\",\"@id\":\"https:\/\/ds-barranquilla.org\/de\/fantasia-literaria-un-viaje-hacia-otras-dimensiones\/\",\"url\":\"https:\/\/ds-barranquilla.org\/de\/fantasia-literaria-un-viaje-hacia-otras-dimensiones\/\",\"name\":\"Fantas\u00eda Literaria: \u201cUn viaje hacia otras dimensiones\u201d - 2026\",\"isPartOf\":{\"@id\":\"https:\/\/ds-barranquilla.org\/#website\"},\"primaryImageOfPage\":{\"@id\":\"https:\/\/ds-barranquilla.org\/de\/fantasia-literaria-un-viaje-hacia-otras-dimensiones\/#primaryimage\"},\"image\":{\"@id\":\"https:\/\/ds-barranquilla.org\/de\/fantasia-literaria-un-viaje-hacia-otras-dimensiones\/#primaryimage\"},\"thumbnailUrl\":\"https:\/\/ds-barranquilla.org\/wp-content\/uploads\/2023\/11\/fantasia-literaria3.png\",\"datePublished\":\"2023-11-09T15:33:51+00:00\",\"dateModified\":\"2023-11-09T15:38:45+00:00\",\"breadcrumb\":{\"@id\":\"https:\/\/ds-barranquilla.org\/de\/fantasia-literaria-un-viaje-hacia-otras-dimensiones\/#breadcrumb\"},\"inLanguage\":\"de\",\"potentialAction\":[{\"@type\":\"ReadAction\",\"target\":[\"https:\/\/ds-barranquilla.org\/de\/fantasia-literaria-un-viaje-hacia-otras-dimensiones\/\"]}]},{\"@type\":\"ImageObject\",\"inLanguage\":\"de\",\"@id\":\"https:\/\/ds-barranquilla.org\/de\/fantasia-literaria-un-viaje-hacia-otras-dimensiones\/#primaryimage\",\"url\":\"https:\/\/ds-barranquilla.org\/wp-content\/uploads\/2023\/11\/fantasia-literaria3.png\",\"contentUrl\":\"https:\/\/ds-barranquilla.org\/wp-content\/uploads\/2023\/11\/fantasia-literaria3.png\",\"width\":1755,\"height\":720},{\"@type\":\"BreadcrumbList\",\"@id\":\"https:\/\/ds-barranquilla.org\/de\/fantasia-literaria-un-viaje-hacia-otras-dimensiones\/#breadcrumb\",\"itemListElement\":[{\"@type\":\"ListItem\",\"position\":1,\"name\":\"Portada\",\"item\":\"https:\/\/ds-barranquilla.org\/\"},{\"@type\":\"ListItem\",\"position\":2,\"name\":\"Fantas\u00eda Literaria: \u201cUn viaje hacia otras dimensiones\u201d\"}]},{\"@type\":\"WebSite\",\"@id\":\"https:\/\/ds-barranquilla.org\/#website\",\"url\":\"https:\/\/ds-barranquilla.org\/\",\"name\":\"Colegio Alem\u00e1n - Los Mejores Colegios de Colombia - Colegio Triling\u00fce\",\"description\":\"Colegio Alem\u00e1n  Barranquilla Colombia - Colegio Biling\u00fce - Triling\u00fce - El Mejor Colegio de Colombia\",\"publisher\":{\"@id\":\"https:\/\/ds-barranquilla.org\/#organization\"},\"potentialAction\":[{\"@type\":\"SearchAction\",\"target\":{\"@type\":\"EntryPoint\",\"urlTemplate\":\"https:\/\/ds-barranquilla.org\/?s={search_term_string}\"},\"query-input\":\"required name=search_term_string\"}],\"inLanguage\":\"de\"},{\"@type\":\"Organization\",\"@id\":\"https:\/\/ds-barranquilla.org\/#organization\",\"name\":\"Colegio Alem\u00e1n Barranquilla\",\"url\":\"https:\/\/ds-barranquilla.org\/\",\"logo\":{\"@type\":\"ImageObject\",\"inLanguage\":\"de\",\"@id\":\"https:\/\/ds-barranquilla.org\/#\/schema\/logo\/image\/\",\"url\":\"https:\/\/ds-barranquilla.org\/wp-content\/uploads\/2021\/05\/coleman_logo_2.png\",\"contentUrl\":\"https:\/\/ds-barranquilla.org\/wp-content\/uploads\/2021\/05\/coleman_logo_2.png\",\"width\":418,\"height\":307,\"caption\":\"Colegio Alem\u00e1n Barranquilla\"},\"image\":{\"@id\":\"https:\/\/ds-barranquilla.org\/#\/schema\/logo\/image\/\"},\"sameAs\":[\"https:\/\/www.facebook.com\/ColegioAlemanBaq\/\",\"https:\/\/x.com\/ColegioAlemanBq\",\"https:\/\/www.instagram.com\/colegioalemanbaq\/\",\"https:\/\/www.linkedin.com\/school\/deutsche-schule-barranquilla\/\",\"https:\/\/www.youtube.com\/channel\/UCOOGZQCVs6aYRqIWvSN5agQ\"]},{\"@type\":\"Person\",\"@id\":\"https:\/\/ds-barranquilla.org\/#\/schema\/person\/7bf8790ba89d3480e0551241ccdc8d36\",\"name\":\"Comunicaciones Comunicaciones\",\"image\":{\"@type\":\"ImageObject\",\"inLanguage\":\"de\",\"@id\":\"https:\/\/ds-barranquilla.org\/#\/schema\/person\/image\/\",\"url\":\"https:\/\/secure.gravatar.com\/avatar\/a66ba9484a4338d81d6bea750e595038?s=96&d=mm&r=g\",\"contentUrl\":\"https:\/\/secure.gravatar.com\/avatar\/a66ba9484a4338d81d6bea750e595038?s=96&d=mm&r=g\",\"caption\":\"Comunicaciones Comunicaciones\"}}]}<\/script>\n<!-- \/ Yoast SEO plugin. -->","yoast_head_json":{"title":"Fantas\u00eda Literaria: \u201cUn viaje hacia otras dimensiones\u201d - 2026","robots":{"index":"noindex","follow":"follow","max-snippet":"max-snippet:-1","max-image-preview":"max-image-preview:large","max-video-preview":"max-video-preview:-1"},"og_locale":"de_DE","og_type":"article","og_title":"Fantas\u00eda Literaria: \u201cUn viaje hacia otras dimensiones\u201d - 2026","og_description":"Fantas\u00eda Literaria: \u201cUn viaje hacia otras dimensiones\u201d El viernes 3 de diciembre nuestro Colegio Alem\u00e1n de Barranquilla\u00a0se convirti\u00f3 en un universo donde los robots cobraron vida, [\u2026]","og_url":"https:\/\/ds-barranquilla.org\/de\/fantasia-literaria-un-viaje-hacia-otras-dimensiones\/","og_site_name":"Colegio Alem\u00e1n - Los Mejores Colegios de Colombia - Colegio Triling\u00fce","article_publisher":"https:\/\/www.facebook.com\/ColegioAlemanBaq\/","article_published_time":"2023-11-09T15:33:51+00:00","article_modified_time":"2023-11-09T15:38:45+00:00","og_image":[{"width":1024,"height":420,"url":"https:\/\/ds-barranquilla.org\/wp-content\/uploads\/2023\/11\/fantasia-literaria3-1024x420.png","type":"image\/png"}],"author":"Comunicaciones Comunicaciones","twitter_card":"summary_large_image","twitter_creator":"@ColegioAlemanBq","twitter_site":"@ColegioAlemanBq","twitter_misc":{"Verfasst von":"Comunicaciones Comunicaciones","Gesch\u00e4tzte Lesezeit":"1\u00a0Minute"},"schema":{"@context":"https:\/\/schema.org","@graph":[{"@type":"Article","@id":"https:\/\/ds-barranquilla.org\/de\/fantasia-literaria-un-viaje-hacia-otras-dimensiones\/#article","isPartOf":{"@id":"https:\/\/ds-barranquilla.org\/de\/fantasia-literaria-un-viaje-hacia-otras-dimensiones\/"},"author":{"name":"Comunicaciones Comunicaciones","@id":"https:\/\/ds-barranquilla.org\/#\/schema\/person\/7bf8790ba89d3480e0551241ccdc8d36"},"headline":"Fantas\u00eda Literaria: \u201cUn viaje hacia otras dimensiones\u201d","datePublished":"2023-11-09T15:33:51+00:00","dateModified":"2023-11-09T15:38:45+00:00","mainEntityOfPage":{"@id":"https:\/\/ds-barranquilla.org\/de\/fantasia-literaria-un-viaje-hacia-otras-dimensiones\/"},"wordCount":148,"commentCount":0,"publisher":{"@id":"https:\/\/ds-barranquilla.org\/#organization"},"image":{"@id":"https:\/\/ds-barranquilla.org\/de\/fantasia-literaria-un-viaje-hacia-otras-dimensiones\/#primaryimage"},"thumbnailUrl":"https:\/\/ds-barranquilla.org\/wp-content\/uploads\/2023\/11\/fantasia-literaria3.png","articleSection":["2023","\u00c1rea de Ingl\u00e9s","\u00c1rea de Lengua y Literatura"],"inLanguage":"de","potentialAction":[{"@type":"CommentAction","name":"Comment","target":["https:\/\/ds-barranquilla.org\/de\/fantasia-literaria-un-viaje-hacia-otras-dimensiones\/#respond"]}]},{"@type":"WebPage","@id":"https:\/\/ds-barranquilla.org\/de\/fantasia-literaria-un-viaje-hacia-otras-dimensiones\/","url":"https:\/\/ds-barranquilla.org\/de\/fantasia-literaria-un-viaje-hacia-otras-dimensiones\/","name":"Fantas\u00eda Literaria: \u201cUn viaje hacia otras dimensiones\u201d - 2026","isPartOf":{"@id":"https:\/\/ds-barranquilla.org\/#website"},"primaryImageOfPage":{"@id":"https:\/\/ds-barranquilla.org\/de\/fantasia-literaria-un-viaje-hacia-otras-dimensiones\/#primaryimage"},"image":{"@id":"https:\/\/ds-barranquilla.org\/de\/fantasia-literaria-un-viaje-hacia-otras-dimensiones\/#primaryimage"},"thumbnailUrl":"https:\/\/ds-barranquilla.org\/wp-content\/uploads\/2023\/11\/fantasia-literaria3.png","datePublished":"2023-11-09T15:33:51+00:00","dateModified":"2023-11-09T15:38:45+00:00","breadcrumb":{"@id":"https:\/\/ds-barranquilla.org\/de\/fantasia-literaria-un-viaje-hacia-otras-dimensiones\/#breadcrumb"},"inLanguage":"de","potentialAction":[{"@type":"ReadAction","target":["https:\/\/ds-barranquilla.org\/de\/fantasia-literaria-un-viaje-hacia-otras-dimensiones\/"]}]},{"@type":"ImageObject","inLanguage":"de","@id":"https:\/\/ds-barranquilla.org\/de\/fantasia-literaria-un-viaje-hacia-otras-dimensiones\/#primaryimage","url":"https:\/\/ds-barranquilla.org\/wp-content\/uploads\/2023\/11\/fantasia-literaria3.png","contentUrl":"https:\/\/ds-barranquilla.org\/wp-content\/uploads\/2023\/11\/fantasia-literaria3.png","width":1755,"height":720},{"@type":"BreadcrumbList","@id":"https:\/\/ds-barranquilla.org\/de\/fantasia-literaria-un-viaje-hacia-otras-dimensiones\/#breadcrumb","itemListElement":[{"@type":"ListItem","position":1,"name":"Portada","item":"https:\/\/ds-barranquilla.org\/"},{"@type":"ListItem","position":2,"name":"Fantas\u00eda Literaria: \u201cUn viaje hacia otras dimensiones\u201d"}]},{"@type":"WebSite","@id":"https:\/\/ds-barranquilla.org\/#website","url":"https:\/\/ds-barranquilla.org\/","name":"Colegio Alem\u00e1n - Los Mejores Colegios de Colombia - Colegio Triling\u00fce","description":"Colegio Alem\u00e1n  Barranquilla Colombia - Colegio Biling\u00fce - Triling\u00fce - El Mejor Colegio de Colombia","publisher":{"@id":"https:\/\/ds-barranquilla.org\/#organization"},"potentialAction":[{"@type":"SearchAction","target":{"@type":"EntryPoint","urlTemplate":"https:\/\/ds-barranquilla.org\/?s={search_term_string}"},"query-input":"required name=search_term_string"}],"inLanguage":"de"},{"@type":"Organization","@id":"https:\/\/ds-barranquilla.org\/#organization","name":"Colegio Alem\u00e1n Barranquilla","url":"https:\/\/ds-barranquilla.org\/","logo":{"@type":"ImageObject","inLanguage":"de","@id":"https:\/\/ds-barranquilla.org\/#\/schema\/logo\/image\/","url":"https:\/\/ds-barranquilla.org\/wp-content\/uploads\/2021\/05\/coleman_logo_2.png","contentUrl":"https:\/\/ds-barranquilla.org\/wp-content\/uploads\/2021\/05\/coleman_logo_2.png","width":418,"height":307,"caption":"Colegio Alem\u00e1n Barranquilla"},"image":{"@id":"https:\/\/ds-barranquilla.org\/#\/schema\/logo\/image\/"},"sameAs":["https:\/\/www.facebook.com\/ColegioAlemanBaq\/","https:\/\/x.com\/ColegioAlemanBq","https:\/\/www.instagram.com\/colegioalemanbaq\/","https:\/\/www.linkedin.com\/school\/deutsche-schule-barranquilla\/","https:\/\/www.youtube.com\/channel\/UCOOGZQCVs6aYRqIWvSN5agQ"]},{"@type":"Person","@id":"https:\/\/ds-barranquilla.org\/#\/schema\/person\/7bf8790ba89d3480e0551241ccdc8d36","name":"Comunicaciones Comunicaciones","image":{"@type":"ImageObject","inLanguage":"de","@id":"https:\/\/ds-barranquilla.org\/#\/schema\/person\/image\/","url":"https:\/\/secure.gravatar.com\/avatar\/a66ba9484a4338d81d6bea750e595038?s=96&d=mm&r=g","contentUrl":"https:\/\/secure.gravatar.com\/avatar\/a66ba9484a4338d81d6bea750e595038?s=96&d=mm&r=g","caption":"Comunicaciones Comunicaciones"}}]}},"_links":{"self":[{"href":"https:\/\/ds-barranquilla.org\/de\/wp-json\/wp\/v2\/posts\/25777"}],"collection":[{"href":"https:\/\/ds-barranquilla.org\/de\/wp-json\/wp\/v2\/posts"}],"about":[{"href":"https:\/\/ds-barranquilla.org\/de\/wp-json\/wp\/v2\/types\/post"}],"author":[{"embeddable":true,"href":"https:\/\/ds-barranquilla.org\/de\/wp-json\/wp\/v2\/users\/16"}],"replies":[{"embeddable":true,"href":"https:\/\/ds-barranquilla.org\/de\/wp-json\/wp\/v2\/comments?post=25777"}],"version-history":[{"count":5,"href":"https:\/\/ds-barranquilla.org\/de\/wp-json\/wp\/v2\/posts\/25777\/revisions"}],"predecessor-version":[{"id":25783,"href":"https:\/\/ds-barranquilla.org\/de\/wp-json\/wp\/v2\/posts\/25777\/revisions\/25783"}],"wp:featuredmedia":[{"embeddable":true,"href":"https:\/\/ds-barranquilla.org\/de\/wp-json\/wp\/v2\/media\/25776"}],"wp:attachment":[{"href":"https:\/\/ds-barranquilla.org\/de\/wp-json\/wp\/v2\/media?parent=25777"}],"wp:term":[{"taxonomy":"category","embeddable":true,"href":"https:\/\/ds-barranquilla.org\/de\/wp-json\/wp\/v2\/categories?post=25777"},{"taxonomy":"post_tag","embeddable":true,"href":"https:\/\/ds-barranquilla.org\/de\/wp-json\/wp\/v2\/tags?post=25777"}],"curies":[{"name":"wp","href":"https:\/\/api.w.org\/{rel}","templated":true}]}}