{"id":25788,"date":"2023-11-15T09:55:36","date_gmt":"2023-11-15T14:55:36","guid":{"rendered":"https:\/\/ds-barranquilla.org\/?p=25788"},"modified":"2023-11-15T10:06:44","modified_gmt":"2023-11-15T15:06:44","slug":"dos-noches-magicas-para-homenajear-a-sankt-martin","status":"publish","type":"post","link":"https:\/\/ds-barranquilla.org\/de\/dos-noches-magicas-para-homenajear-a-sankt-martin\/","title":{"rendered":"Dos noches m\u00e1gicas para homenajear a Sankt Martin"},"content":{"rendered":"<div data-elementor-type=\"wp-post\" data-elementor-id=\"25788\" class=\"elementor elementor-25788\">\n\t\t\t\t\t\t<section class=\"elementor-section elementor-top-section elementor-element elementor-element-8207d3a elementor-section-boxed elementor-section-height-default elementor-section-height-default\" data-id=\"8207d3a\" data-element_type=\"section\">\n\t\t\t\t\t\t<div class=\"elementor-container elementor-column-gap-default\">\n\t\t\t\t\t<div class=\"elementor-column elementor-col-100 elementor-top-column elementor-element elementor-element-fb21943\" data-id=\"fb21943\" data-element_type=\"column\">\n\t\t\t<div class=\"elementor-widget-wrap elementor-element-populated\">\n\t\t\t\t\t\t<div class=\"elementor-element elementor-element-0471274 elementor-widget elementor-widget-text-editor\" data-id=\"0471274\" data-element_type=\"widget\" data-widget_type=\"text-editor.default\">\n\t\t\t\t<div class=\"elementor-widget-container\">\n\t\t\t<style>\/*! elementor - v3.23.0 - 05-08-2024 *\/\n.elementor-widget-text-editor.elementor-drop-cap-view-stacked .elementor-drop-cap{background-color:#69727d;color:#fff}.elementor-widget-text-editor.elementor-drop-cap-view-framed .elementor-drop-cap{color:#69727d;border:3px solid;background-color:transparent}.elementor-widget-text-editor:not(.elementor-drop-cap-view-default) .elementor-drop-cap{margin-top:8px}.elementor-widget-text-editor:not(.elementor-drop-cap-view-default) .elementor-drop-cap-letter{width:1em;height:1em}.elementor-widget-text-editor .elementor-drop-cap{float:left;text-align:center;line-height:1;font-size:50px}.elementor-widget-text-editor .elementor-drop-cap-letter{display:inline-block}<\/style>\t\t\t\t<h2><span style=\"color: #cc3524;\">Dos noches m\u00e1gicas para homenajear a Sankt Martin<\/span><\/h2><p>\u00a1Nuestras familias son luz! Gracias a todos los que participaron en nuestras dos noches de Sankt Martin, una para Kindergarten y otra para las Klassen 1 y 2.\u00a0Con estos eventos mantenemos esta tradici\u00f3n alemana e inculcamos en nuestros estudiantes la solidaridad.\u00a0<\/p><p><span style=\"letter-spacing: 0px;\">La primera noche, que fue el jueves 9 de noviembre, las familias de Kinderkrippe, Prek\u00ednder y K\u00ednder desfilaron con creativos faroles elaborados por padres e hijos durante las clases y, luego, en el auditorio, disfrutaron la<\/span><span style=\"letter-spacing: 0px;\">\u00a0estampa que recrearon nuestros docentes de alem\u00e1n de Kindergarten, con lo cual vivimos un momento inolvidable como comunidad.<\/span><\/p><p><a href=\"https:\/\/www.facebook.com\/media\/set\/?set=a.872470824639249&amp;type=3\">M\u00e1s fotos en Facebook.<\/a><br \/><a href=\"https:\/\/www.instagram.com\/p\/CzeOlgHufHG\/\">Mira un reel en Instagram.<\/a><\/p>\t\t\t\t\t\t<\/div>\n\t\t\t\t<\/div>\n\t\t\t\t\t<\/div>\n\t\t<\/div>\n\t\t\t\t\t<\/div>\n\t\t<\/section>\n\t\t\t\t<section class=\"elementor-section elementor-top-section elementor-element elementor-element-a70b36d elementor-section-boxed elementor-section-height-default elementor-section-height-default\" data-id=\"a70b36d\" data-element_type=\"section\">\n\t\t\t\t\t\t<div class=\"elementor-container elementor-column-gap-default\">\n\t\t\t\t\t<div class=\"elementor-column elementor-col-50 elementor-top-column elementor-element elementor-element-2e89420\" data-id=\"2e89420\" data-element_type=\"column\">\n\t\t\t<div class=\"elementor-widget-wrap elementor-element-populated\">\n\t\t\t\t\t\t<div class=\"elementor-element elementor-element-605f7d6 elementor-widget elementor-widget-image\" data-id=\"605f7d6\" data-element_type=\"widget\" data-widget_type=\"image.default\">\n\t\t\t\t<div class=\"elementor-widget-container\">\n\t\t\t<style>\/*! elementor - v3.23.0 - 05-08-2024 *\/\n.elementor-widget-image{text-align:center}.elementor-widget-image a{display:inline-block}.elementor-widget-image a img[src$=\".svg\"]{width:48px}.elementor-widget-image img{vertical-align:middle;display:inline-block}<\/style>\t\t\t\t\t\t\t\t\t\t<img fetchpriority=\"high\" decoding=\"async\" width=\"768\" height=\"512\" src=\"https:\/\/ds-barranquilla.org\/wp-content\/uploads\/2023\/11\/Sankt-Martin6-768x512.jpeg\" class=\"attachment-medium_large size-medium_large wp-image-25796\" alt=\"\" srcset=\"https:\/\/ds-barranquilla.org\/wp-content\/uploads\/2023\/11\/Sankt-Martin6-768x512.jpeg 768w, https:\/\/ds-barranquilla.org\/wp-content\/uploads\/2023\/11\/Sankt-Martin6-300x200.jpeg 300w, https:\/\/ds-barranquilla.org\/wp-content\/uploads\/2023\/11\/Sankt-Martin6-1024x683.jpeg 1024w, https:\/\/ds-barranquilla.org\/wp-content\/uploads\/2023\/11\/Sankt-Martin6-391x260.jpeg 391w, https:\/\/ds-barranquilla.org\/wp-content\/uploads\/2023\/11\/Sankt-Martin6-1536x1024.jpeg 1536w, https:\/\/ds-barranquilla.org\/wp-content\/uploads\/2023\/11\/Sankt-Martin6-18x12.jpeg 18w, https:\/\/ds-barranquilla.org\/wp-content\/uploads\/2023\/11\/Sankt-Martin6-219x146.jpeg 219w, https:\/\/ds-barranquilla.org\/wp-content\/uploads\/2023\/11\/Sankt-Martin6-50x33.jpeg 50w, https:\/\/ds-barranquilla.org\/wp-content\/uploads\/2023\/11\/Sankt-Martin6-113x75.jpeg 113w, https:\/\/ds-barranquilla.org\/wp-content\/uploads\/2023\/11\/Sankt-Martin6-480x320.jpeg 480w, https:\/\/ds-barranquilla.org\/wp-content\/uploads\/2023\/11\/Sankt-Martin6-800x533.jpeg 800w, https:\/\/ds-barranquilla.org\/wp-content\/uploads\/2023\/11\/Sankt-Martin6.jpeg 2048w\" sizes=\"(max-width:767px) 480px, (max-width:768px) 100vw, 768px\" \/>\t\t\t\t\t\t\t\t\t\t\t\t\t<\/div>\n\t\t\t\t<\/div>\n\t\t\t\t\t<\/div>\n\t\t<\/div>\n\t\t\t\t<div class=\"elementor-column elementor-col-50 elementor-top-column elementor-element elementor-element-5ef8a2e\" data-id=\"5ef8a2e\" data-element_type=\"column\">\n\t\t\t<div class=\"elementor-widget-wrap elementor-element-populated\">\n\t\t\t\t\t\t<div class=\"elementor-element elementor-element-f061131 elementor-widget elementor-widget-image\" data-id=\"f061131\" data-element_type=\"widget\" data-widget_type=\"image.default\">\n\t\t\t\t<div class=\"elementor-widget-container\">\n\t\t\t\t\t\t\t\t\t\t\t\t\t<img decoding=\"async\" width=\"768\" height=\"512\" src=\"https:\/\/ds-barranquilla.org\/wp-content\/uploads\/2023\/11\/Sankt-Martin5-768x512.jpeg\" class=\"attachment-medium_large size-medium_large wp-image-25795\" alt=\"\" srcset=\"https:\/\/ds-barranquilla.org\/wp-content\/uploads\/2023\/11\/Sankt-Martin5-768x512.jpeg 768w, https:\/\/ds-barranquilla.org\/wp-content\/uploads\/2023\/11\/Sankt-Martin5-300x200.jpeg 300w, https:\/\/ds-barranquilla.org\/wp-content\/uploads\/2023\/11\/Sankt-Martin5-391x260.jpeg 391w, https:\/\/ds-barranquilla.org\/wp-content\/uploads\/2023\/11\/Sankt-Martin5-18x12.jpeg 18w, https:\/\/ds-barranquilla.org\/wp-content\/uploads\/2023\/11\/Sankt-Martin5-219x146.jpeg 219w, https:\/\/ds-barranquilla.org\/wp-content\/uploads\/2023\/11\/Sankt-Martin5-50x33.jpeg 50w, https:\/\/ds-barranquilla.org\/wp-content\/uploads\/2023\/11\/Sankt-Martin5-113x75.jpeg 113w, https:\/\/ds-barranquilla.org\/wp-content\/uploads\/2023\/11\/Sankt-Martin5-480x320.jpeg 480w, https:\/\/ds-barranquilla.org\/wp-content\/uploads\/2023\/11\/Sankt-Martin5-800x533.jpeg 800w, https:\/\/ds-barranquilla.org\/wp-content\/uploads\/2023\/11\/Sankt-Martin5.jpeg 843w\" sizes=\"(max-width:767px) 480px, (max-width:768px) 100vw, 768px\" \/>\t\t\t\t\t\t\t\t\t\t\t\t\t<\/div>\n\t\t\t\t<\/div>\n\t\t\t\t\t<\/div>\n\t\t<\/div>\n\t\t\t\t\t<\/div>\n\t\t<\/section>\n\t\t\t\t<section class=\"elementor-section elementor-top-section elementor-element elementor-element-a3743cc elementor-section-boxed elementor-section-height-default elementor-section-height-default\" data-id=\"a3743cc\" data-element_type=\"section\">\n\t\t\t\t\t\t<div class=\"elementor-container elementor-column-gap-default\">\n\t\t\t\t\t<div class=\"elementor-column elementor-col-100 elementor-top-column elementor-element elementor-element-e1ac775\" data-id=\"e1ac775\" data-element_type=\"column\">\n\t\t\t<div class=\"elementor-widget-wrap elementor-element-populated\">\n\t\t\t\t\t\t<div class=\"elementor-element elementor-element-8ebe91b elementor-widget elementor-widget-text-editor\" data-id=\"8ebe91b\" data-element_type=\"widget\" data-widget_type=\"text-editor.default\">\n\t\t\t\t<div class=\"elementor-widget-container\">\n\t\t\t\t\t\t\t<p>Al d\u00eda siguiente, el viernes 10 de noviembre, las familias de Klassen 1 y 2 recrearon nuevamente esta tradici\u00f3n en nuestro colegio, fortaleciendo nuestra comunidad y participando en un hermoso desfile de luces, seguido de una muestra musical y una representaci\u00f3n en el auditorio del motivo por el que se sigue honrando a esta figura.<\/p><p>\u00a1Gracias a las familias que se sumaron y que nos ayudaron a vivir intensamente la cultura alemana en nuestra instituci\u00f3n!<\/p><p><a href=\"https:\/\/www.facebook.com\/media\/set\/?set=a.874943564391975&amp;type=3\">M\u00e1s fotos en Facebook.<\/a><br \/><a href=\"https:\/\/www.instagram.com\/p\/CzgbTxqrahP\/\">Mira un reel en Instagram.<\/a><\/p>\t\t\t\t\t\t<\/div>\n\t\t\t\t<\/div>\n\t\t\t\t\t<\/div>\n\t\t<\/div>\n\t\t\t\t\t<\/div>\n\t\t<\/section>\n\t\t\t\t<\/div>","protected":false},"excerpt":{"rendered":"<p>Dos noches m\u00e1gicas para homenajear a Sankt Martin \u00a1Nuestras familias son luz! Gracias a todos los que participaron en nuestras dos noches de Sankt Martin, una<span class=\"excerpt-hellip\"> [\u2026]<\/span><\/p>","protected":false},"author":16,"featured_media":25791,"comment_status":"open","ping_status":"open","sticky":false,"template":"","format":"standard","meta":{"_exactmetrics_skip_tracking":false,"_exactmetrics_sitenote_active":false,"_exactmetrics_sitenote_note":"","_exactmetrics_sitenote_category":0,"_joinchat":[],"footnotes":""},"categories":[713,673],"tags":[],"class_list":["post-25788","post","type-post","status-publish","format-standard","has-post-thumbnail","hentry","category-713","category-area-de-aleman"],"yoast_head":"<!-- This site is optimized with the Yoast SEO plugin v23.3 - https:\/\/yoast.com\/wordpress\/plugins\/seo\/ -->\n<title>Dos noches m\u00e1gicas para homenajear a Sankt Martin - 2026<\/title>\n<meta name=\"robots\" content=\"noindex, follow, max-snippet:-1, max-image-preview:large, max-video-preview:-1\" \/>\n<meta property=\"og:locale\" content=\"de_DE\" \/>\n<meta property=\"og:type\" content=\"article\" \/>\n<meta property=\"og:title\" content=\"Dos noches m\u00e1gicas para homenajear a Sankt Martin - 2026\" \/>\n<meta property=\"og:description\" content=\"Dos noches m\u00e1gicas para homenajear a Sankt Martin \u00a1Nuestras familias son luz! Gracias a todos los que participaron en nuestras dos noches de Sankt Martin, una [\u2026]\" \/>\n<meta property=\"og:url\" content=\"https:\/\/ds-barranquilla.org\/de\/dos-noches-magicas-para-homenajear-a-sankt-martin\/\" \/>\n<meta property=\"og:site_name\" content=\"Colegio Alem\u00e1n - Los Mejores Colegios de Colombia - Colegio Triling\u00fce\" \/>\n<meta property=\"article:publisher\" content=\"https:\/\/www.facebook.com\/ColegioAlemanBaq\/\" \/>\n<meta property=\"article:published_time\" content=\"2023-11-15T14:55:36+00:00\" \/>\n<meta property=\"article:modified_time\" content=\"2023-11-15T15:06:44+00:00\" \/>\n<meta property=\"og:image\" content=\"https:\/\/ds-barranquilla.org\/wp-content\/uploads\/2023\/11\/Sankt-Martin1.png\" \/>\n\t<meta property=\"og:image:width\" content=\"1755\" \/>\n\t<meta property=\"og:image:height\" content=\"720\" \/>\n\t<meta property=\"og:image:type\" content=\"image\/png\" \/>\n<meta name=\"author\" content=\"Comunicaciones Comunicaciones\" \/>\n<meta name=\"twitter:card\" content=\"summary_large_image\" \/>\n<meta name=\"twitter:creator\" content=\"@ColegioAlemanBq\" \/>\n<meta name=\"twitter:site\" content=\"@ColegioAlemanBq\" \/>\n<meta name=\"twitter:label1\" content=\"Verfasst von\" \/>\n\t<meta name=\"twitter:data1\" content=\"Comunicaciones Comunicaciones\" \/>\n\t<meta name=\"twitter:label2\" content=\"Gesch\u00e4tzte Lesezeit\" \/>\n\t<meta name=\"twitter:data2\" content=\"1\u00a0Minute\" \/>\n<script type=\"application\/ld+json\" class=\"yoast-schema-graph\">{\"@context\":\"https:\/\/schema.org\",\"@graph\":[{\"@type\":\"Article\",\"@id\":\"https:\/\/ds-barranquilla.org\/de\/dos-noches-magicas-para-homenajear-a-sankt-martin\/#article\",\"isPartOf\":{\"@id\":\"https:\/\/ds-barranquilla.org\/de\/dos-noches-magicas-para-homenajear-a-sankt-martin\/\"},\"author\":{\"name\":\"Comunicaciones Comunicaciones\",\"@id\":\"https:\/\/ds-barranquilla.org\/#\/schema\/person\/7bf8790ba89d3480e0551241ccdc8d36\"},\"headline\":\"Dos noches m\u00e1gicas para homenajear a Sankt Martin\",\"datePublished\":\"2023-11-15T14:55:36+00:00\",\"dateModified\":\"2023-11-15T15:06:44+00:00\",\"mainEntityOfPage\":{\"@id\":\"https:\/\/ds-barranquilla.org\/de\/dos-noches-magicas-para-homenajear-a-sankt-martin\/\"},\"wordCount\":211,\"commentCount\":0,\"publisher\":{\"@id\":\"https:\/\/ds-barranquilla.org\/#organization\"},\"image\":{\"@id\":\"https:\/\/ds-barranquilla.org\/de\/dos-noches-magicas-para-homenajear-a-sankt-martin\/#primaryimage\"},\"thumbnailUrl\":\"https:\/\/ds-barranquilla.org\/wp-content\/uploads\/2023\/11\/Sankt-Martin1.png\",\"articleSection\":[\"2023\",\"\u00c1rea de Alem\u00e1n\"],\"inLanguage\":\"de\",\"potentialAction\":[{\"@type\":\"CommentAction\",\"name\":\"Comment\",\"target\":[\"https:\/\/ds-barranquilla.org\/de\/dos-noches-magicas-para-homenajear-a-sankt-martin\/#respond\"]}]},{\"@type\":\"WebPage\",\"@id\":\"https:\/\/ds-barranquilla.org\/de\/dos-noches-magicas-para-homenajear-a-sankt-martin\/\",\"url\":\"https:\/\/ds-barranquilla.org\/de\/dos-noches-magicas-para-homenajear-a-sankt-martin\/\",\"name\":\"Dos noches m\u00e1gicas para homenajear a Sankt Martin - 2026\",\"isPartOf\":{\"@id\":\"https:\/\/ds-barranquilla.org\/#website\"},\"primaryImageOfPage\":{\"@id\":\"https:\/\/ds-barranquilla.org\/de\/dos-noches-magicas-para-homenajear-a-sankt-martin\/#primaryimage\"},\"image\":{\"@id\":\"https:\/\/ds-barranquilla.org\/de\/dos-noches-magicas-para-homenajear-a-sankt-martin\/#primaryimage\"},\"thumbnailUrl\":\"https:\/\/ds-barranquilla.org\/wp-content\/uploads\/2023\/11\/Sankt-Martin1.png\",\"datePublished\":\"2023-11-15T14:55:36+00:00\",\"dateModified\":\"2023-11-15T15:06:44+00:00\",\"breadcrumb\":{\"@id\":\"https:\/\/ds-barranquilla.org\/de\/dos-noches-magicas-para-homenajear-a-sankt-martin\/#breadcrumb\"},\"inLanguage\":\"de\",\"potentialAction\":[{\"@type\":\"ReadAction\",\"target\":[\"https:\/\/ds-barranquilla.org\/de\/dos-noches-magicas-para-homenajear-a-sankt-martin\/\"]}]},{\"@type\":\"ImageObject\",\"inLanguage\":\"de\",\"@id\":\"https:\/\/ds-barranquilla.org\/de\/dos-noches-magicas-para-homenajear-a-sankt-martin\/#primaryimage\",\"url\":\"https:\/\/ds-barranquilla.org\/wp-content\/uploads\/2023\/11\/Sankt-Martin1.png\",\"contentUrl\":\"https:\/\/ds-barranquilla.org\/wp-content\/uploads\/2023\/11\/Sankt-Martin1.png\",\"width\":1755,\"height\":720},{\"@type\":\"BreadcrumbList\",\"@id\":\"https:\/\/ds-barranquilla.org\/de\/dos-noches-magicas-para-homenajear-a-sankt-martin\/#breadcrumb\",\"itemListElement\":[{\"@type\":\"ListItem\",\"position\":1,\"name\":\"Portada\",\"item\":\"https:\/\/ds-barranquilla.org\/\"},{\"@type\":\"ListItem\",\"position\":2,\"name\":\"Dos noches m\u00e1gicas para homenajear a Sankt Martin\"}]},{\"@type\":\"WebSite\",\"@id\":\"https:\/\/ds-barranquilla.org\/#website\",\"url\":\"https:\/\/ds-barranquilla.org\/\",\"name\":\"Colegio Alem\u00e1n - Los Mejores Colegios de Colombia - Colegio Triling\u00fce\",\"description\":\"Colegio Alem\u00e1n  Barranquilla Colombia - Colegio Biling\u00fce - Triling\u00fce - El Mejor Colegio de Colombia\",\"publisher\":{\"@id\":\"https:\/\/ds-barranquilla.org\/#organization\"},\"potentialAction\":[{\"@type\":\"SearchAction\",\"target\":{\"@type\":\"EntryPoint\",\"urlTemplate\":\"https:\/\/ds-barranquilla.org\/?s={search_term_string}\"},\"query-input\":\"required name=search_term_string\"}],\"inLanguage\":\"de\"},{\"@type\":\"Organization\",\"@id\":\"https:\/\/ds-barranquilla.org\/#organization\",\"name\":\"Colegio Alem\u00e1n Barranquilla\",\"url\":\"https:\/\/ds-barranquilla.org\/\",\"logo\":{\"@type\":\"ImageObject\",\"inLanguage\":\"de\",\"@id\":\"https:\/\/ds-barranquilla.org\/#\/schema\/logo\/image\/\",\"url\":\"https:\/\/ds-barranquilla.org\/wp-content\/uploads\/2021\/05\/coleman_logo_2.png\",\"contentUrl\":\"https:\/\/ds-barranquilla.org\/wp-content\/uploads\/2021\/05\/coleman_logo_2.png\",\"width\":418,\"height\":307,\"caption\":\"Colegio Alem\u00e1n Barranquilla\"},\"image\":{\"@id\":\"https:\/\/ds-barranquilla.org\/#\/schema\/logo\/image\/\"},\"sameAs\":[\"https:\/\/www.facebook.com\/ColegioAlemanBaq\/\",\"https:\/\/x.com\/ColegioAlemanBq\",\"https:\/\/www.instagram.com\/colegioalemanbaq\/\",\"https:\/\/www.linkedin.com\/school\/deutsche-schule-barranquilla\/\",\"https:\/\/www.youtube.com\/channel\/UCOOGZQCVs6aYRqIWvSN5agQ\"]},{\"@type\":\"Person\",\"@id\":\"https:\/\/ds-barranquilla.org\/#\/schema\/person\/7bf8790ba89d3480e0551241ccdc8d36\",\"name\":\"Comunicaciones Comunicaciones\",\"image\":{\"@type\":\"ImageObject\",\"inLanguage\":\"de\",\"@id\":\"https:\/\/ds-barranquilla.org\/#\/schema\/person\/image\/\",\"url\":\"https:\/\/secure.gravatar.com\/avatar\/a66ba9484a4338d81d6bea750e595038?s=96&d=mm&r=g\",\"contentUrl\":\"https:\/\/secure.gravatar.com\/avatar\/a66ba9484a4338d81d6bea750e595038?s=96&d=mm&r=g\",\"caption\":\"Comunicaciones Comunicaciones\"}}]}<\/script>\n<!-- \/ Yoast SEO plugin. -->","yoast_head_json":{"title":"Dos noches m\u00e1gicas para homenajear a Sankt Martin - 2026","robots":{"index":"noindex","follow":"follow","max-snippet":"max-snippet:-1","max-image-preview":"max-image-preview:large","max-video-preview":"max-video-preview:-1"},"og_locale":"de_DE","og_type":"article","og_title":"Dos noches m\u00e1gicas para homenajear a Sankt Martin - 2026","og_description":"Dos noches m\u00e1gicas para homenajear a Sankt Martin \u00a1Nuestras familias son luz! Gracias a todos los que participaron en nuestras dos noches de Sankt Martin, una [\u2026]","og_url":"https:\/\/ds-barranquilla.org\/de\/dos-noches-magicas-para-homenajear-a-sankt-martin\/","og_site_name":"Colegio Alem\u00e1n - Los Mejores Colegios de Colombia - Colegio Triling\u00fce","article_publisher":"https:\/\/www.facebook.com\/ColegioAlemanBaq\/","article_published_time":"2023-11-15T14:55:36+00:00","article_modified_time":"2023-11-15T15:06:44+00:00","og_image":[{"width":1755,"height":720,"url":"https:\/\/ds-barranquilla.org\/wp-content\/uploads\/2023\/11\/Sankt-Martin1.png","type":"image\/png"}],"author":"Comunicaciones Comunicaciones","twitter_card":"summary_large_image","twitter_creator":"@ColegioAlemanBq","twitter_site":"@ColegioAlemanBq","twitter_misc":{"Verfasst von":"Comunicaciones Comunicaciones","Gesch\u00e4tzte Lesezeit":"1\u00a0Minute"},"schema":{"@context":"https:\/\/schema.org","@graph":[{"@type":"Article","@id":"https:\/\/ds-barranquilla.org\/de\/dos-noches-magicas-para-homenajear-a-sankt-martin\/#article","isPartOf":{"@id":"https:\/\/ds-barranquilla.org\/de\/dos-noches-magicas-para-homenajear-a-sankt-martin\/"},"author":{"name":"Comunicaciones Comunicaciones","@id":"https:\/\/ds-barranquilla.org\/#\/schema\/person\/7bf8790ba89d3480e0551241ccdc8d36"},"headline":"Dos noches m\u00e1gicas para homenajear a Sankt Martin","datePublished":"2023-11-15T14:55:36+00:00","dateModified":"2023-11-15T15:06:44+00:00","mainEntityOfPage":{"@id":"https:\/\/ds-barranquilla.org\/de\/dos-noches-magicas-para-homenajear-a-sankt-martin\/"},"wordCount":211,"commentCount":0,"publisher":{"@id":"https:\/\/ds-barranquilla.org\/#organization"},"image":{"@id":"https:\/\/ds-barranquilla.org\/de\/dos-noches-magicas-para-homenajear-a-sankt-martin\/#primaryimage"},"thumbnailUrl":"https:\/\/ds-barranquilla.org\/wp-content\/uploads\/2023\/11\/Sankt-Martin1.png","articleSection":["2023","\u00c1rea de Alem\u00e1n"],"inLanguage":"de","potentialAction":[{"@type":"CommentAction","name":"Comment","target":["https:\/\/ds-barranquilla.org\/de\/dos-noches-magicas-para-homenajear-a-sankt-martin\/#respond"]}]},{"@type":"WebPage","@id":"https:\/\/ds-barranquilla.org\/de\/dos-noches-magicas-para-homenajear-a-sankt-martin\/","url":"https:\/\/ds-barranquilla.org\/de\/dos-noches-magicas-para-homenajear-a-sankt-martin\/","name":"Dos noches m\u00e1gicas para homenajear a Sankt Martin - 2026","isPartOf":{"@id":"https:\/\/ds-barranquilla.org\/#website"},"primaryImageOfPage":{"@id":"https:\/\/ds-barranquilla.org\/de\/dos-noches-magicas-para-homenajear-a-sankt-martin\/#primaryimage"},"image":{"@id":"https:\/\/ds-barranquilla.org\/de\/dos-noches-magicas-para-homenajear-a-sankt-martin\/#primaryimage"},"thumbnailUrl":"https:\/\/ds-barranquilla.org\/wp-content\/uploads\/2023\/11\/Sankt-Martin1.png","datePublished":"2023-11-15T14:55:36+00:00","dateModified":"2023-11-15T15:06:44+00:00","breadcrumb":{"@id":"https:\/\/ds-barranquilla.org\/de\/dos-noches-magicas-para-homenajear-a-sankt-martin\/#breadcrumb"},"inLanguage":"de","potentialAction":[{"@type":"ReadAction","target":["https:\/\/ds-barranquilla.org\/de\/dos-noches-magicas-para-homenajear-a-sankt-martin\/"]}]},{"@type":"ImageObject","inLanguage":"de","@id":"https:\/\/ds-barranquilla.org\/de\/dos-noches-magicas-para-homenajear-a-sankt-martin\/#primaryimage","url":"https:\/\/ds-barranquilla.org\/wp-content\/uploads\/2023\/11\/Sankt-Martin1.png","contentUrl":"https:\/\/ds-barranquilla.org\/wp-content\/uploads\/2023\/11\/Sankt-Martin1.png","width":1755,"height":720},{"@type":"BreadcrumbList","@id":"https:\/\/ds-barranquilla.org\/de\/dos-noches-magicas-para-homenajear-a-sankt-martin\/#breadcrumb","itemListElement":[{"@type":"ListItem","position":1,"name":"Portada","item":"https:\/\/ds-barranquilla.org\/"},{"@type":"ListItem","position":2,"name":"Dos noches m\u00e1gicas para homenajear a Sankt Martin"}]},{"@type":"WebSite","@id":"https:\/\/ds-barranquilla.org\/#website","url":"https:\/\/ds-barranquilla.org\/","name":"Colegio Alem\u00e1n - Los Mejores Colegios de Colombia - Colegio Triling\u00fce","description":"Colegio Alem\u00e1n  Barranquilla Colombia - Colegio Biling\u00fce - Triling\u00fce - El Mejor Colegio de Colombia","publisher":{"@id":"https:\/\/ds-barranquilla.org\/#organization"},"potentialAction":[{"@type":"SearchAction","target":{"@type":"EntryPoint","urlTemplate":"https:\/\/ds-barranquilla.org\/?s={search_term_string}"},"query-input":"required name=search_term_string"}],"inLanguage":"de"},{"@type":"Organization","@id":"https:\/\/ds-barranquilla.org\/#organization","name":"Colegio Alem\u00e1n Barranquilla","url":"https:\/\/ds-barranquilla.org\/","logo":{"@type":"ImageObject","inLanguage":"de","@id":"https:\/\/ds-barranquilla.org\/#\/schema\/logo\/image\/","url":"https:\/\/ds-barranquilla.org\/wp-content\/uploads\/2021\/05\/coleman_logo_2.png","contentUrl":"https:\/\/ds-barranquilla.org\/wp-content\/uploads\/2021\/05\/coleman_logo_2.png","width":418,"height":307,"caption":"Colegio Alem\u00e1n Barranquilla"},"image":{"@id":"https:\/\/ds-barranquilla.org\/#\/schema\/logo\/image\/"},"sameAs":["https:\/\/www.facebook.com\/ColegioAlemanBaq\/","https:\/\/x.com\/ColegioAlemanBq","https:\/\/www.instagram.com\/colegioalemanbaq\/","https:\/\/www.linkedin.com\/school\/deutsche-schule-barranquilla\/","https:\/\/www.youtube.com\/channel\/UCOOGZQCVs6aYRqIWvSN5agQ"]},{"@type":"Person","@id":"https:\/\/ds-barranquilla.org\/#\/schema\/person\/7bf8790ba89d3480e0551241ccdc8d36","name":"Comunicaciones Comunicaciones","image":{"@type":"ImageObject","inLanguage":"de","@id":"https:\/\/ds-barranquilla.org\/#\/schema\/person\/image\/","url":"https:\/\/secure.gravatar.com\/avatar\/a66ba9484a4338d81d6bea750e595038?s=96&d=mm&r=g","contentUrl":"https:\/\/secure.gravatar.com\/avatar\/a66ba9484a4338d81d6bea750e595038?s=96&d=mm&r=g","caption":"Comunicaciones Comunicaciones"}}]}},"_links":{"self":[{"href":"https:\/\/ds-barranquilla.org\/de\/wp-json\/wp\/v2\/posts\/25788"}],"collection":[{"href":"https:\/\/ds-barranquilla.org\/de\/wp-json\/wp\/v2\/posts"}],"about":[{"href":"https:\/\/ds-barranquilla.org\/de\/wp-json\/wp\/v2\/types\/post"}],"author":[{"embeddable":true,"href":"https:\/\/ds-barranquilla.org\/de\/wp-json\/wp\/v2\/users\/16"}],"replies":[{"embeddable":true,"href":"https:\/\/ds-barranquilla.org\/de\/wp-json\/wp\/v2\/comments?post=25788"}],"version-history":[{"count":6,"href":"https:\/\/ds-barranquilla.org\/de\/wp-json\/wp\/v2\/posts\/25788\/revisions"}],"predecessor-version":[{"id":25801,"href":"https:\/\/ds-barranquilla.org\/de\/wp-json\/wp\/v2\/posts\/25788\/revisions\/25801"}],"wp:featuredmedia":[{"embeddable":true,"href":"https:\/\/ds-barranquilla.org\/de\/wp-json\/wp\/v2\/media\/25791"}],"wp:attachment":[{"href":"https:\/\/ds-barranquilla.org\/de\/wp-json\/wp\/v2\/media?parent=25788"}],"wp:term":[{"taxonomy":"category","embeddable":true,"href":"https:\/\/ds-barranquilla.org\/de\/wp-json\/wp\/v2\/categories?post=25788"},{"taxonomy":"post_tag","embeddable":true,"href":"https:\/\/ds-barranquilla.org\/de\/wp-json\/wp\/v2\/tags?post=25788"}],"curies":[{"name":"wp","href":"https:\/\/api.w.org\/{rel}","templated":true}]}}