{"id":25802,"date":"2023-11-15T10:13:50","date_gmt":"2023-11-15T15:13:50","guid":{"rendered":"https:\/\/ds-barranquilla.org\/?p=25802"},"modified":"2023-11-15T10:22:05","modified_gmt":"2023-11-15T15:22:05","slug":"nuestro-colegio-fue-galardonado-con-el-reconocimiento-sura-en-la-categoria-formacion-y-desarrollo","status":"publish","type":"post","link":"https:\/\/ds-barranquilla.org\/de\/nuestro-colegio-fue-galardonado-con-el-reconocimiento-sura-en-la-categoria-formacion-y-desarrollo\/","title":{"rendered":"Nuestro colegio fue galardonado con el Reconocimiento Sura en la categor\u00eda Formaci\u00f3n y Desarrollo"},"content":{"rendered":"<div data-elementor-type=\"wp-post\" data-elementor-id=\"25802\" class=\"elementor elementor-25802\">\n\t\t\t\t\t\t<section class=\"elementor-section elementor-top-section elementor-element elementor-element-4649707 elementor-section-boxed elementor-section-height-default elementor-section-height-default\" data-id=\"4649707\" data-element_type=\"section\">\n\t\t\t\t\t\t<div class=\"elementor-container elementor-column-gap-default\">\n\t\t\t\t\t<div class=\"elementor-column elementor-col-100 elementor-top-column elementor-element elementor-element-297ce1e\" data-id=\"297ce1e\" data-element_type=\"column\">\n\t\t\t<div class=\"elementor-widget-wrap elementor-element-populated\">\n\t\t\t\t\t\t<div class=\"elementor-element elementor-element-f37a435 elementor-widget elementor-widget-text-editor\" data-id=\"f37a435\" data-element_type=\"widget\" data-widget_type=\"text-editor.default\">\n\t\t\t\t<div class=\"elementor-widget-container\">\n\t\t\t<style>\/*! elementor - v3.23.0 - 05-08-2024 *\/\n.elementor-widget-text-editor.elementor-drop-cap-view-stacked .elementor-drop-cap{background-color:#69727d;color:#fff}.elementor-widget-text-editor.elementor-drop-cap-view-framed .elementor-drop-cap{color:#69727d;border:3px solid;background-color:transparent}.elementor-widget-text-editor:not(.elementor-drop-cap-view-default) .elementor-drop-cap{margin-top:8px}.elementor-widget-text-editor:not(.elementor-drop-cap-view-default) .elementor-drop-cap-letter{width:1em;height:1em}.elementor-widget-text-editor .elementor-drop-cap{float:left;text-align:center;line-height:1;font-size:50px}.elementor-widget-text-editor .elementor-drop-cap-letter{display:inline-block}<\/style>\t\t\t\t<h2><span style=\"color: #cc3524;\">Nuestro colegio fue galardonado con el Reconocimiento Sura en la categori\u0301a Formacio\u0301n y Desarrollo<\/span><\/h2>\t\t\t\t\t\t<\/div>\n\t\t\t\t<\/div>\n\t\t\t\t\t<\/div>\n\t\t<\/div>\n\t\t\t\t\t<\/div>\n\t\t<\/section>\n\t\t\t\t<section class=\"elementor-section elementor-top-section elementor-element elementor-element-21b4b29 elementor-section-boxed elementor-section-height-default elementor-section-height-default\" data-id=\"21b4b29\" data-element_type=\"section\">\n\t\t\t\t\t\t<div class=\"elementor-container elementor-column-gap-default\">\n\t\t\t\t\t<div class=\"elementor-column elementor-col-100 elementor-top-column elementor-element elementor-element-cf1c376\" data-id=\"cf1c376\" data-element_type=\"column\">\n\t\t\t<div class=\"elementor-widget-wrap elementor-element-populated\">\n\t\t\t\t\t\t<div class=\"elementor-element elementor-element-17a9413 elementor-widget elementor-widget-text-editor\" data-id=\"17a9413\" data-element_type=\"widget\" data-widget_type=\"text-editor.default\">\n\t\t\t\t<div class=\"elementor-widget-container\">\n\t\t\t\t\t\t\t<div class=\"page\" title=\"Page 23\"><div class=\"layoutArea\"><div class=\"column\"><p>Por sus buenas pra\u0301cticas y compromiso en la gestio\u0301n del talento humano, el Colegio Alema\u0301n de Barranquilla recibio\u0301 este mie\u0301rcoles el Reconocimiento Sura en la categori\u0301a de Formacio\u0301n y Desarrollo.<\/p><div class=\"page\" title=\"Page 23\"><div class=\"layoutArea\"><div class=\"column\"><p>Con esta estrategia Sura busca destacar a las empresas que desarrollan pra\u0301cticas para la competitividad focaliza\u0301ndose en los procesos de talento humano, favoreciendo el aprendizaje y el desarrollo de las personas tanto a nivel personal como profesional.<\/p><\/div><div class=\"column\"><p>En esta versio\u0301n, de 15.000 empresas invitadas en Colombia, 1.000 participaron y 79 fueron elegidas a nivel nacional, se entregaron 15 premios en la Costa Norte. Nuestro colegio fue la u\u0301nica institucio\u0301n educativa de la Regio\u0301n que recibio\u0301 este reconocimiento.<\/p><p>A trave\u0301s del desarrollo de su equipo administrativo y docente, el Colegio Alema\u0301n de Barranquilla sigue trabajando para consolidar entornos de trabajo saludables que a su vez aporten a la formacio\u0301n de ciudadanos del mundo.<\/p><\/div><\/div><\/div><\/div><\/div><\/div>\t\t\t\t\t\t<\/div>\n\t\t\t\t<\/div>\n\t\t\t\t\t<\/div>\n\t\t<\/div>\n\t\t\t\t\t<\/div>\n\t\t<\/section>\n\t\t\t\t<\/div>","protected":false},"excerpt":{"rendered":"<p>Nuestro colegio fue galardonado con el Reconocimiento Sura en la categori\u0301a Formacio\u0301n y Desarrollo Por sus buenas pra\u0301cticas y compromiso en la gestio\u0301n del talento humano,<span class=\"excerpt-hellip\"> [\u2026]<\/span><\/p>","protected":false},"author":16,"featured_media":25797,"comment_status":"open","ping_status":"open","sticky":false,"template":"","format":"standard","meta":{"_exactmetrics_skip_tracking":false,"_exactmetrics_sitenote_active":false,"_exactmetrics_sitenote_note":"","_exactmetrics_sitenote_category":0,"_joinchat":[],"footnotes":""},"categories":[713,683],"tags":[],"class_list":["post-25802","post","type-post","status-publish","format-standard","has-post-thumbnail","hentry","category-713","category-administracion"],"yoast_head":"<!-- This site is optimized with the Yoast SEO plugin v23.3 - https:\/\/yoast.com\/wordpress\/plugins\/seo\/ -->\n<title>Nuestro colegio fue galardonado con el Reconocimiento Sura en la categor\u00eda Formaci\u00f3n y Desarrollo - 2026<\/title>\n<meta name=\"robots\" content=\"noindex, follow, max-snippet:-1, max-image-preview:large, max-video-preview:-1\" \/>\n<meta property=\"og:locale\" content=\"de_DE\" \/>\n<meta property=\"og:type\" content=\"article\" \/>\n<meta property=\"og:title\" content=\"Nuestro colegio fue galardonado con el Reconocimiento Sura en la categor\u00eda Formaci\u00f3n y Desarrollo - 2026\" \/>\n<meta property=\"og:description\" content=\"Nuestro colegio fue galardonado con el Reconocimiento Sura en la categori\u0301a Formacio\u0301n y Desarrollo Por sus buenas pra\u0301cticas y compromiso en la gestio\u0301n del talento humano, [\u2026]\" \/>\n<meta property=\"og:url\" content=\"https:\/\/ds-barranquilla.org\/de\/nuestro-colegio-fue-galardonado-con-el-reconocimiento-sura-en-la-categoria-formacion-y-desarrollo\/\" \/>\n<meta property=\"og:site_name\" content=\"Colegio Alem\u00e1n - Los Mejores Colegios de Colombia - Colegio Triling\u00fce\" \/>\n<meta property=\"article:publisher\" content=\"https:\/\/www.facebook.com\/ColegioAlemanBaq\/\" \/>\n<meta property=\"article:published_time\" content=\"2023-11-15T15:13:50+00:00\" \/>\n<meta property=\"article:modified_time\" content=\"2023-11-15T15:22:05+00:00\" \/>\n<meta property=\"og:image\" content=\"https:\/\/ds-barranquilla.org\/wp-content\/uploads\/2023\/11\/premio-sura-1024x420.png\" \/>\n\t<meta property=\"og:image:width\" content=\"1024\" \/>\n\t<meta property=\"og:image:height\" content=\"420\" \/>\n\t<meta property=\"og:image:type\" content=\"image\/png\" \/>\n<meta name=\"author\" content=\"Comunicaciones Comunicaciones\" \/>\n<meta name=\"twitter:card\" content=\"summary_large_image\" \/>\n<meta name=\"twitter:creator\" content=\"@ColegioAlemanBq\" \/>\n<meta name=\"twitter:site\" content=\"@ColegioAlemanBq\" \/>\n<meta name=\"twitter:label1\" content=\"Verfasst von\" \/>\n\t<meta name=\"twitter:data1\" content=\"Comunicaciones Comunicaciones\" \/>\n\t<meta name=\"twitter:label2\" content=\"Gesch\u00e4tzte Lesezeit\" \/>\n\t<meta name=\"twitter:data2\" content=\"1\u00a0Minute\" \/>\n<script type=\"application\/ld+json\" class=\"yoast-schema-graph\">{\"@context\":\"https:\/\/schema.org\",\"@graph\":[{\"@type\":\"Article\",\"@id\":\"https:\/\/ds-barranquilla.org\/de\/nuestro-colegio-fue-galardonado-con-el-reconocimiento-sura-en-la-categoria-formacion-y-desarrollo\/#article\",\"isPartOf\":{\"@id\":\"https:\/\/ds-barranquilla.org\/de\/nuestro-colegio-fue-galardonado-con-el-reconocimiento-sura-en-la-categoria-formacion-y-desarrollo\/\"},\"author\":{\"name\":\"Comunicaciones Comunicaciones\",\"@id\":\"https:\/\/ds-barranquilla.org\/#\/schema\/person\/7bf8790ba89d3480e0551241ccdc8d36\"},\"headline\":\"Nuestro colegio fue galardonado con el Reconocimiento Sura en la categor\u00eda Formaci\u00f3n y Desarrollo\",\"datePublished\":\"2023-11-15T15:13:50+00:00\",\"dateModified\":\"2023-11-15T15:22:05+00:00\",\"mainEntityOfPage\":{\"@id\":\"https:\/\/ds-barranquilla.org\/de\/nuestro-colegio-fue-galardonado-con-el-reconocimiento-sura-en-la-categoria-formacion-y-desarrollo\/\"},\"wordCount\":185,\"commentCount\":0,\"publisher\":{\"@id\":\"https:\/\/ds-barranquilla.org\/#organization\"},\"image\":{\"@id\":\"https:\/\/ds-barranquilla.org\/de\/nuestro-colegio-fue-galardonado-con-el-reconocimiento-sura-en-la-categoria-formacion-y-desarrollo\/#primaryimage\"},\"thumbnailUrl\":\"https:\/\/ds-barranquilla.org\/wp-content\/uploads\/2023\/11\/premio-sura.png\",\"articleSection\":[\"2023\",\"Administraci\u00f3n\"],\"inLanguage\":\"de\",\"potentialAction\":[{\"@type\":\"CommentAction\",\"name\":\"Comment\",\"target\":[\"https:\/\/ds-barranquilla.org\/de\/nuestro-colegio-fue-galardonado-con-el-reconocimiento-sura-en-la-categoria-formacion-y-desarrollo\/#respond\"]}]},{\"@type\":\"WebPage\",\"@id\":\"https:\/\/ds-barranquilla.org\/de\/nuestro-colegio-fue-galardonado-con-el-reconocimiento-sura-en-la-categoria-formacion-y-desarrollo\/\",\"url\":\"https:\/\/ds-barranquilla.org\/de\/nuestro-colegio-fue-galardonado-con-el-reconocimiento-sura-en-la-categoria-formacion-y-desarrollo\/\",\"name\":\"Nuestro colegio fue galardonado con el Reconocimiento Sura en la categor\u00eda Formaci\u00f3n y Desarrollo - 2026\",\"isPartOf\":{\"@id\":\"https:\/\/ds-barranquilla.org\/#website\"},\"primaryImageOfPage\":{\"@id\":\"https:\/\/ds-barranquilla.org\/de\/nuestro-colegio-fue-galardonado-con-el-reconocimiento-sura-en-la-categoria-formacion-y-desarrollo\/#primaryimage\"},\"image\":{\"@id\":\"https:\/\/ds-barranquilla.org\/de\/nuestro-colegio-fue-galardonado-con-el-reconocimiento-sura-en-la-categoria-formacion-y-desarrollo\/#primaryimage\"},\"thumbnailUrl\":\"https:\/\/ds-barranquilla.org\/wp-content\/uploads\/2023\/11\/premio-sura.png\",\"datePublished\":\"2023-11-15T15:13:50+00:00\",\"dateModified\":\"2023-11-15T15:22:05+00:00\",\"breadcrumb\":{\"@id\":\"https:\/\/ds-barranquilla.org\/de\/nuestro-colegio-fue-galardonado-con-el-reconocimiento-sura-en-la-categoria-formacion-y-desarrollo\/#breadcrumb\"},\"inLanguage\":\"de\",\"potentialAction\":[{\"@type\":\"ReadAction\",\"target\":[\"https:\/\/ds-barranquilla.org\/de\/nuestro-colegio-fue-galardonado-con-el-reconocimiento-sura-en-la-categoria-formacion-y-desarrollo\/\"]}]},{\"@type\":\"ImageObject\",\"inLanguage\":\"de\",\"@id\":\"https:\/\/ds-barranquilla.org\/de\/nuestro-colegio-fue-galardonado-con-el-reconocimiento-sura-en-la-categoria-formacion-y-desarrollo\/#primaryimage\",\"url\":\"https:\/\/ds-barranquilla.org\/wp-content\/uploads\/2023\/11\/premio-sura.png\",\"contentUrl\":\"https:\/\/ds-barranquilla.org\/wp-content\/uploads\/2023\/11\/premio-sura.png\",\"width\":1755,\"height\":720,\"caption\":\"Se\u00f1or Felipe Heilbron, Presidente de la Junta Directiva, y se\u00f1oras Eurlen Rodr\u00edguez, Jefe de Talento Humano, y Lizzette Carbonell, Directora Administrativa del Colegio Alem\u00e1n de Barranquilla.\"},{\"@type\":\"BreadcrumbList\",\"@id\":\"https:\/\/ds-barranquilla.org\/de\/nuestro-colegio-fue-galardonado-con-el-reconocimiento-sura-en-la-categoria-formacion-y-desarrollo\/#breadcrumb\",\"itemListElement\":[{\"@type\":\"ListItem\",\"position\":1,\"name\":\"Portada\",\"item\":\"https:\/\/ds-barranquilla.org\/\"},{\"@type\":\"ListItem\",\"position\":2,\"name\":\"Nuestro colegio fue galardonado con el Reconocimiento Sura en la categor\u00eda Formaci\u00f3n y Desarrollo\"}]},{\"@type\":\"WebSite\",\"@id\":\"https:\/\/ds-barranquilla.org\/#website\",\"url\":\"https:\/\/ds-barranquilla.org\/\",\"name\":\"Colegio Alem\u00e1n - Los Mejores Colegios de Colombia - Colegio Triling\u00fce\",\"description\":\"Colegio Alem\u00e1n  Barranquilla Colombia - Colegio Biling\u00fce - Triling\u00fce - El Mejor Colegio de Colombia\",\"publisher\":{\"@id\":\"https:\/\/ds-barranquilla.org\/#organization\"},\"potentialAction\":[{\"@type\":\"SearchAction\",\"target\":{\"@type\":\"EntryPoint\",\"urlTemplate\":\"https:\/\/ds-barranquilla.org\/?s={search_term_string}\"},\"query-input\":\"required name=search_term_string\"}],\"inLanguage\":\"de\"},{\"@type\":\"Organization\",\"@id\":\"https:\/\/ds-barranquilla.org\/#organization\",\"name\":\"Colegio Alem\u00e1n Barranquilla\",\"url\":\"https:\/\/ds-barranquilla.org\/\",\"logo\":{\"@type\":\"ImageObject\",\"inLanguage\":\"de\",\"@id\":\"https:\/\/ds-barranquilla.org\/#\/schema\/logo\/image\/\",\"url\":\"https:\/\/ds-barranquilla.org\/wp-content\/uploads\/2021\/05\/coleman_logo_2.png\",\"contentUrl\":\"https:\/\/ds-barranquilla.org\/wp-content\/uploads\/2021\/05\/coleman_logo_2.png\",\"width\":418,\"height\":307,\"caption\":\"Colegio Alem\u00e1n Barranquilla\"},\"image\":{\"@id\":\"https:\/\/ds-barranquilla.org\/#\/schema\/logo\/image\/\"},\"sameAs\":[\"https:\/\/www.facebook.com\/ColegioAlemanBaq\/\",\"https:\/\/x.com\/ColegioAlemanBq\",\"https:\/\/www.instagram.com\/colegioalemanbaq\/\",\"https:\/\/www.linkedin.com\/school\/deutsche-schule-barranquilla\/\",\"https:\/\/www.youtube.com\/channel\/UCOOGZQCVs6aYRqIWvSN5agQ\"]},{\"@type\":\"Person\",\"@id\":\"https:\/\/ds-barranquilla.org\/#\/schema\/person\/7bf8790ba89d3480e0551241ccdc8d36\",\"name\":\"Comunicaciones Comunicaciones\",\"image\":{\"@type\":\"ImageObject\",\"inLanguage\":\"de\",\"@id\":\"https:\/\/ds-barranquilla.org\/#\/schema\/person\/image\/\",\"url\":\"https:\/\/secure.gravatar.com\/avatar\/a66ba9484a4338d81d6bea750e595038?s=96&d=mm&r=g\",\"contentUrl\":\"https:\/\/secure.gravatar.com\/avatar\/a66ba9484a4338d81d6bea750e595038?s=96&d=mm&r=g\",\"caption\":\"Comunicaciones Comunicaciones\"}}]}<\/script>\n<!-- \/ Yoast SEO plugin. -->","yoast_head_json":{"title":"Nuestro colegio fue galardonado con el Reconocimiento Sura en la categor\u00eda Formaci\u00f3n y Desarrollo - 2026","robots":{"index":"noindex","follow":"follow","max-snippet":"max-snippet:-1","max-image-preview":"max-image-preview:large","max-video-preview":"max-video-preview:-1"},"og_locale":"de_DE","og_type":"article","og_title":"Nuestro colegio fue galardonado con el Reconocimiento Sura en la categor\u00eda Formaci\u00f3n y Desarrollo - 2026","og_description":"Nuestro colegio fue galardonado con el Reconocimiento Sura en la categori\u0301a Formacio\u0301n y Desarrollo Por sus buenas pra\u0301cticas y compromiso en la gestio\u0301n del talento humano, [\u2026]","og_url":"https:\/\/ds-barranquilla.org\/de\/nuestro-colegio-fue-galardonado-con-el-reconocimiento-sura-en-la-categoria-formacion-y-desarrollo\/","og_site_name":"Colegio Alem\u00e1n - Los Mejores Colegios de Colombia - Colegio Triling\u00fce","article_publisher":"https:\/\/www.facebook.com\/ColegioAlemanBaq\/","article_published_time":"2023-11-15T15:13:50+00:00","article_modified_time":"2023-11-15T15:22:05+00:00","og_image":[{"width":1024,"height":420,"url":"https:\/\/ds-barranquilla.org\/wp-content\/uploads\/2023\/11\/premio-sura-1024x420.png","type":"image\/png"}],"author":"Comunicaciones Comunicaciones","twitter_card":"summary_large_image","twitter_creator":"@ColegioAlemanBq","twitter_site":"@ColegioAlemanBq","twitter_misc":{"Verfasst von":"Comunicaciones Comunicaciones","Gesch\u00e4tzte Lesezeit":"1\u00a0Minute"},"schema":{"@context":"https:\/\/schema.org","@graph":[{"@type":"Article","@id":"https:\/\/ds-barranquilla.org\/de\/nuestro-colegio-fue-galardonado-con-el-reconocimiento-sura-en-la-categoria-formacion-y-desarrollo\/#article","isPartOf":{"@id":"https:\/\/ds-barranquilla.org\/de\/nuestro-colegio-fue-galardonado-con-el-reconocimiento-sura-en-la-categoria-formacion-y-desarrollo\/"},"author":{"name":"Comunicaciones Comunicaciones","@id":"https:\/\/ds-barranquilla.org\/#\/schema\/person\/7bf8790ba89d3480e0551241ccdc8d36"},"headline":"Nuestro colegio fue galardonado con el Reconocimiento Sura en la categor\u00eda Formaci\u00f3n y Desarrollo","datePublished":"2023-11-15T15:13:50+00:00","dateModified":"2023-11-15T15:22:05+00:00","mainEntityOfPage":{"@id":"https:\/\/ds-barranquilla.org\/de\/nuestro-colegio-fue-galardonado-con-el-reconocimiento-sura-en-la-categoria-formacion-y-desarrollo\/"},"wordCount":185,"commentCount":0,"publisher":{"@id":"https:\/\/ds-barranquilla.org\/#organization"},"image":{"@id":"https:\/\/ds-barranquilla.org\/de\/nuestro-colegio-fue-galardonado-con-el-reconocimiento-sura-en-la-categoria-formacion-y-desarrollo\/#primaryimage"},"thumbnailUrl":"https:\/\/ds-barranquilla.org\/wp-content\/uploads\/2023\/11\/premio-sura.png","articleSection":["2023","Administraci\u00f3n"],"inLanguage":"de","potentialAction":[{"@type":"CommentAction","name":"Comment","target":["https:\/\/ds-barranquilla.org\/de\/nuestro-colegio-fue-galardonado-con-el-reconocimiento-sura-en-la-categoria-formacion-y-desarrollo\/#respond"]}]},{"@type":"WebPage","@id":"https:\/\/ds-barranquilla.org\/de\/nuestro-colegio-fue-galardonado-con-el-reconocimiento-sura-en-la-categoria-formacion-y-desarrollo\/","url":"https:\/\/ds-barranquilla.org\/de\/nuestro-colegio-fue-galardonado-con-el-reconocimiento-sura-en-la-categoria-formacion-y-desarrollo\/","name":"Nuestro colegio fue galardonado con el Reconocimiento Sura en la categor\u00eda Formaci\u00f3n y Desarrollo - 2026","isPartOf":{"@id":"https:\/\/ds-barranquilla.org\/#website"},"primaryImageOfPage":{"@id":"https:\/\/ds-barranquilla.org\/de\/nuestro-colegio-fue-galardonado-con-el-reconocimiento-sura-en-la-categoria-formacion-y-desarrollo\/#primaryimage"},"image":{"@id":"https:\/\/ds-barranquilla.org\/de\/nuestro-colegio-fue-galardonado-con-el-reconocimiento-sura-en-la-categoria-formacion-y-desarrollo\/#primaryimage"},"thumbnailUrl":"https:\/\/ds-barranquilla.org\/wp-content\/uploads\/2023\/11\/premio-sura.png","datePublished":"2023-11-15T15:13:50+00:00","dateModified":"2023-11-15T15:22:05+00:00","breadcrumb":{"@id":"https:\/\/ds-barranquilla.org\/de\/nuestro-colegio-fue-galardonado-con-el-reconocimiento-sura-en-la-categoria-formacion-y-desarrollo\/#breadcrumb"},"inLanguage":"de","potentialAction":[{"@type":"ReadAction","target":["https:\/\/ds-barranquilla.org\/de\/nuestro-colegio-fue-galardonado-con-el-reconocimiento-sura-en-la-categoria-formacion-y-desarrollo\/"]}]},{"@type":"ImageObject","inLanguage":"de","@id":"https:\/\/ds-barranquilla.org\/de\/nuestro-colegio-fue-galardonado-con-el-reconocimiento-sura-en-la-categoria-formacion-y-desarrollo\/#primaryimage","url":"https:\/\/ds-barranquilla.org\/wp-content\/uploads\/2023\/11\/premio-sura.png","contentUrl":"https:\/\/ds-barranquilla.org\/wp-content\/uploads\/2023\/11\/premio-sura.png","width":1755,"height":720,"caption":"Se\u00f1or Felipe Heilbron, Presidente de la Junta Directiva, y se\u00f1oras Eurlen Rodr\u00edguez, Jefe de Talento Humano, y Lizzette Carbonell, Directora Administrativa del Colegio Alem\u00e1n de Barranquilla."},{"@type":"BreadcrumbList","@id":"https:\/\/ds-barranquilla.org\/de\/nuestro-colegio-fue-galardonado-con-el-reconocimiento-sura-en-la-categoria-formacion-y-desarrollo\/#breadcrumb","itemListElement":[{"@type":"ListItem","position":1,"name":"Portada","item":"https:\/\/ds-barranquilla.org\/"},{"@type":"ListItem","position":2,"name":"Nuestro colegio fue galardonado con el Reconocimiento Sura en la categor\u00eda Formaci\u00f3n y Desarrollo"}]},{"@type":"WebSite","@id":"https:\/\/ds-barranquilla.org\/#website","url":"https:\/\/ds-barranquilla.org\/","name":"Colegio Alem\u00e1n - Los Mejores Colegios de Colombia - Colegio Triling\u00fce","description":"Colegio Alem\u00e1n  Barranquilla Colombia - Colegio Biling\u00fce - Triling\u00fce - El Mejor Colegio de Colombia","publisher":{"@id":"https:\/\/ds-barranquilla.org\/#organization"},"potentialAction":[{"@type":"SearchAction","target":{"@type":"EntryPoint","urlTemplate":"https:\/\/ds-barranquilla.org\/?s={search_term_string}"},"query-input":"required name=search_term_string"}],"inLanguage":"de"},{"@type":"Organization","@id":"https:\/\/ds-barranquilla.org\/#organization","name":"Colegio Alem\u00e1n Barranquilla","url":"https:\/\/ds-barranquilla.org\/","logo":{"@type":"ImageObject","inLanguage":"de","@id":"https:\/\/ds-barranquilla.org\/#\/schema\/logo\/image\/","url":"https:\/\/ds-barranquilla.org\/wp-content\/uploads\/2021\/05\/coleman_logo_2.png","contentUrl":"https:\/\/ds-barranquilla.org\/wp-content\/uploads\/2021\/05\/coleman_logo_2.png","width":418,"height":307,"caption":"Colegio Alem\u00e1n Barranquilla"},"image":{"@id":"https:\/\/ds-barranquilla.org\/#\/schema\/logo\/image\/"},"sameAs":["https:\/\/www.facebook.com\/ColegioAlemanBaq\/","https:\/\/x.com\/ColegioAlemanBq","https:\/\/www.instagram.com\/colegioalemanbaq\/","https:\/\/www.linkedin.com\/school\/deutsche-schule-barranquilla\/","https:\/\/www.youtube.com\/channel\/UCOOGZQCVs6aYRqIWvSN5agQ"]},{"@type":"Person","@id":"https:\/\/ds-barranquilla.org\/#\/schema\/person\/7bf8790ba89d3480e0551241ccdc8d36","name":"Comunicaciones Comunicaciones","image":{"@type":"ImageObject","inLanguage":"de","@id":"https:\/\/ds-barranquilla.org\/#\/schema\/person\/image\/","url":"https:\/\/secure.gravatar.com\/avatar\/a66ba9484a4338d81d6bea750e595038?s=96&d=mm&r=g","contentUrl":"https:\/\/secure.gravatar.com\/avatar\/a66ba9484a4338d81d6bea750e595038?s=96&d=mm&r=g","caption":"Comunicaciones Comunicaciones"}}]}},"_links":{"self":[{"href":"https:\/\/ds-barranquilla.org\/de\/wp-json\/wp\/v2\/posts\/25802"}],"collection":[{"href":"https:\/\/ds-barranquilla.org\/de\/wp-json\/wp\/v2\/posts"}],"about":[{"href":"https:\/\/ds-barranquilla.org\/de\/wp-json\/wp\/v2\/types\/post"}],"author":[{"embeddable":true,"href":"https:\/\/ds-barranquilla.org\/de\/wp-json\/wp\/v2\/users\/16"}],"replies":[{"embeddable":true,"href":"https:\/\/ds-barranquilla.org\/de\/wp-json\/wp\/v2\/comments?post=25802"}],"version-history":[{"count":6,"href":"https:\/\/ds-barranquilla.org\/de\/wp-json\/wp\/v2\/posts\/25802\/revisions"}],"predecessor-version":[{"id":25808,"href":"https:\/\/ds-barranquilla.org\/de\/wp-json\/wp\/v2\/posts\/25802\/revisions\/25808"}],"wp:featuredmedia":[{"embeddable":true,"href":"https:\/\/ds-barranquilla.org\/de\/wp-json\/wp\/v2\/media\/25797"}],"wp:attachment":[{"href":"https:\/\/ds-barranquilla.org\/de\/wp-json\/wp\/v2\/media?parent=25802"}],"wp:term":[{"taxonomy":"category","embeddable":true,"href":"https:\/\/ds-barranquilla.org\/de\/wp-json\/wp\/v2\/categories?post=25802"},{"taxonomy":"post_tag","embeddable":true,"href":"https:\/\/ds-barranquilla.org\/de\/wp-json\/wp\/v2\/tags?post=25802"}],"curies":[{"name":"wp","href":"https:\/\/api.w.org\/{rel}","templated":true}]}}