{"id":26118,"date":"2023-12-13T13:51:16","date_gmt":"2023-12-13T18:51:16","guid":{"rendered":"https:\/\/ds-barranquilla.org\/?p=26118"},"modified":"2024-03-13T09:29:34","modified_gmt":"2024-03-13T14:29:34","slug":"escuela-de-familias-weihnachtsrezept-receta-navidena","status":"publish","type":"post","link":"https:\/\/ds-barranquilla.org\/de\/escuela-de-familias-weihnachtsrezept-receta-navidena\/","title":{"rendered":"Escuela de Familias: Weihnachtsrezept &#8211; Receta Navide\u00f1a"},"content":{"rendered":"<h2>Escuela de Familias: Weihnachtsrezept &#8211; Receta Navide\u00f1a<\/h2>\n<p>\u00a1La Navidad se celebra intensamente en Alemania y en nuestro Colegio Alem\u00e1n! Por eso, tenemos el gusto de compartirles, desde nuestra Escuela de Familias, una receta t\u00edpica que se prepara en Alemania en la \u00e9poca de Navidad, con el fin de preservar las tradiciones. Las se\u00f1oras Catherine Torres, Docente de Baumhaus Alem\u00e1n, y Lisanna D\u00fcker, practicante de Alem\u00e1n, nos invitan a hornear estas galletas en familia.<\/p>\n<p>Nachfolgend finden Sie die Zutaten f\u00fcr die Zubereitung:<\/p>\n<p>-500 Gramm Weizenmehl &#8211; 500 gramos de harina<br \/>\n-180 Gramm Zucker &#8211; 180 gramos de az\u00facar<br \/>\n-250 Gramm Butter kalt &#8211; 250 gramos de mantequilla<br \/>\n-2 Eier &#8211; 2 huevos<\/p>\n<p>\u00a1No se pierdan el video tutorial!<\/p>\n<p><iframe title=\"Escuela de Familias: Weihnachtsrezept - Receta Navide\u00f1a\" width=\"1220\" height=\"686\" src=\"https:\/\/www.youtube.com\/embed\/51VmAdSAvY4?feature=oembed\" frameborder=\"0\" allow=\"accelerometer; autoplay; clipboard-write; encrypted-media; gyroscope; picture-in-picture; web-share\" allowfullscreen><\/iframe><\/p>","protected":false},"excerpt":{"rendered":"<p>Escuela de Familias: Weihnachtsrezept &#8211; Receta Navide\u00f1a \u00a1La Navidad se celebra intensamente en Alemania y en nuestro Colegio Alem\u00e1n! Por eso, tenemos el gusto de compartirles,<span class=\"excerpt-hellip\"> [\u2026]<\/span><\/p>","protected":false},"author":16,"featured_media":26123,"comment_status":"open","ping_status":"open","sticky":false,"template":"","format":"standard","meta":{"_exactmetrics_skip_tracking":false,"_exactmetrics_sitenote_active":false,"_exactmetrics_sitenote_note":"","_exactmetrics_sitenote_category":0,"_joinchat":[],"footnotes":""},"categories":[713,705],"tags":[],"class_list":["post-26118","post","type-post","status-publish","format-standard","has-post-thumbnail","hentry","category-713","category-orientacion-psicoeducativa"],"yoast_head":"<!-- This site is optimized with the Yoast SEO plugin v23.3 - https:\/\/yoast.com\/wordpress\/plugins\/seo\/ -->\n<title>Escuela de Familias: Weihnachtsrezept - Receta Navide\u00f1a - 2026<\/title>\n<meta name=\"robots\" content=\"noindex, follow, max-snippet:-1, max-image-preview:large, max-video-preview:-1\" \/>\n<meta property=\"og:locale\" content=\"de_DE\" \/>\n<meta property=\"og:type\" content=\"article\" \/>\n<meta property=\"og:title\" content=\"Escuela de Familias: Weihnachtsrezept - Receta Navide\u00f1a - 2026\" \/>\n<meta property=\"og:description\" content=\"Escuela de Familias: Weihnachtsrezept &#8211; Receta Navide\u00f1a \u00a1La Navidad se celebra intensamente en Alemania y en nuestro Colegio Alem\u00e1n! Por eso, tenemos el gusto de compartirles, [\u2026]\" \/>\n<meta property=\"og:url\" content=\"https:\/\/ds-barranquilla.org\/de\/escuela-de-familias-weihnachtsrezept-receta-navidena\/\" \/>\n<meta property=\"og:site_name\" content=\"Colegio Alem\u00e1n - Los Mejores Colegios de Colombia - Colegio Triling\u00fce\" \/>\n<meta property=\"article:publisher\" content=\"https:\/\/www.facebook.com\/ColegioAlemanBaq\/\" \/>\n<meta property=\"article:published_time\" content=\"2023-12-13T18:51:16+00:00\" \/>\n<meta property=\"article:modified_time\" content=\"2024-03-13T14:29:34+00:00\" \/>\n<meta property=\"og:image\" content=\"https:\/\/ds-barranquilla.org\/wp-content\/uploads\/2023\/12\/receta-navidad.png\" \/>\n\t<meta property=\"og:image:width\" content=\"1170\" \/>\n\t<meta property=\"og:image:height\" content=\"480\" \/>\n\t<meta property=\"og:image:type\" content=\"image\/png\" \/>\n<meta name=\"author\" content=\"Comunicaciones Comunicaciones\" \/>\n<meta name=\"twitter:card\" content=\"summary_large_image\" \/>\n<meta name=\"twitter:creator\" content=\"@ColegioAlemanBq\" \/>\n<meta name=\"twitter:site\" content=\"@ColegioAlemanBq\" \/>\n<meta name=\"twitter:label1\" content=\"Verfasst von\" \/>\n\t<meta name=\"twitter:data1\" content=\"Comunicaciones Comunicaciones\" \/>\n\t<meta name=\"twitter:label2\" content=\"Gesch\u00e4tzte Lesezeit\" \/>\n\t<meta name=\"twitter:data2\" content=\"1\u00a0Minute\" \/>\n<script type=\"application\/ld+json\" class=\"yoast-schema-graph\">{\"@context\":\"https:\/\/schema.org\",\"@graph\":[{\"@type\":\"Article\",\"@id\":\"https:\/\/ds-barranquilla.org\/de\/escuela-de-familias-weihnachtsrezept-receta-navidena\/#article\",\"isPartOf\":{\"@id\":\"https:\/\/ds-barranquilla.org\/de\/escuela-de-familias-weihnachtsrezept-receta-navidena\/\"},\"author\":{\"name\":\"Comunicaciones Comunicaciones\",\"@id\":\"https:\/\/ds-barranquilla.org\/#\/schema\/person\/7bf8790ba89d3480e0551241ccdc8d36\"},\"headline\":\"Escuela de Familias: Weihnachtsrezept &#8211; Receta Navide\u00f1a\",\"datePublished\":\"2023-12-13T18:51:16+00:00\",\"dateModified\":\"2024-03-13T14:29:34+00:00\",\"mainEntityOfPage\":{\"@id\":\"https:\/\/ds-barranquilla.org\/de\/escuela-de-familias-weihnachtsrezept-receta-navidena\/\"},\"wordCount\":135,\"commentCount\":0,\"publisher\":{\"@id\":\"https:\/\/ds-barranquilla.org\/#organization\"},\"image\":{\"@id\":\"https:\/\/ds-barranquilla.org\/de\/escuela-de-familias-weihnachtsrezept-receta-navidena\/#primaryimage\"},\"thumbnailUrl\":\"https:\/\/ds-barranquilla.org\/wp-content\/uploads\/2023\/12\/receta-navidad.png\",\"articleSection\":[\"2023\",\"Orientaci\u00f3n Psicoeducativa\"],\"inLanguage\":\"de\",\"potentialAction\":[{\"@type\":\"CommentAction\",\"name\":\"Comment\",\"target\":[\"https:\/\/ds-barranquilla.org\/de\/escuela-de-familias-weihnachtsrezept-receta-navidena\/#respond\"]}]},{\"@type\":\"WebPage\",\"@id\":\"https:\/\/ds-barranquilla.org\/de\/escuela-de-familias-weihnachtsrezept-receta-navidena\/\",\"url\":\"https:\/\/ds-barranquilla.org\/de\/escuela-de-familias-weihnachtsrezept-receta-navidena\/\",\"name\":\"Escuela de Familias: Weihnachtsrezept - Receta Navide\u00f1a - 2026\",\"isPartOf\":{\"@id\":\"https:\/\/ds-barranquilla.org\/#website\"},\"primaryImageOfPage\":{\"@id\":\"https:\/\/ds-barranquilla.org\/de\/escuela-de-familias-weihnachtsrezept-receta-navidena\/#primaryimage\"},\"image\":{\"@id\":\"https:\/\/ds-barranquilla.org\/de\/escuela-de-familias-weihnachtsrezept-receta-navidena\/#primaryimage\"},\"thumbnailUrl\":\"https:\/\/ds-barranquilla.org\/wp-content\/uploads\/2023\/12\/receta-navidad.png\",\"datePublished\":\"2023-12-13T18:51:16+00:00\",\"dateModified\":\"2024-03-13T14:29:34+00:00\",\"breadcrumb\":{\"@id\":\"https:\/\/ds-barranquilla.org\/de\/escuela-de-familias-weihnachtsrezept-receta-navidena\/#breadcrumb\"},\"inLanguage\":\"de\",\"potentialAction\":[{\"@type\":\"ReadAction\",\"target\":[\"https:\/\/ds-barranquilla.org\/de\/escuela-de-familias-weihnachtsrezept-receta-navidena\/\"]}]},{\"@type\":\"ImageObject\",\"inLanguage\":\"de\",\"@id\":\"https:\/\/ds-barranquilla.org\/de\/escuela-de-familias-weihnachtsrezept-receta-navidena\/#primaryimage\",\"url\":\"https:\/\/ds-barranquilla.org\/wp-content\/uploads\/2023\/12\/receta-navidad.png\",\"contentUrl\":\"https:\/\/ds-barranquilla.org\/wp-content\/uploads\/2023\/12\/receta-navidad.png\",\"width\":1170,\"height\":480},{\"@type\":\"BreadcrumbList\",\"@id\":\"https:\/\/ds-barranquilla.org\/de\/escuela-de-familias-weihnachtsrezept-receta-navidena\/#breadcrumb\",\"itemListElement\":[{\"@type\":\"ListItem\",\"position\":1,\"name\":\"Portada\",\"item\":\"https:\/\/ds-barranquilla.org\/\"},{\"@type\":\"ListItem\",\"position\":2,\"name\":\"Escuela de Familias: Weihnachtsrezept &#8211; Receta Navide\u00f1a\"}]},{\"@type\":\"WebSite\",\"@id\":\"https:\/\/ds-barranquilla.org\/#website\",\"url\":\"https:\/\/ds-barranquilla.org\/\",\"name\":\"Colegio Alem\u00e1n - Los Mejores Colegios de Colombia - Colegio Triling\u00fce\",\"description\":\"Colegio Alem\u00e1n  Barranquilla Colombia - Colegio Biling\u00fce - Triling\u00fce - El Mejor Colegio de Colombia\",\"publisher\":{\"@id\":\"https:\/\/ds-barranquilla.org\/#organization\"},\"potentialAction\":[{\"@type\":\"SearchAction\",\"target\":{\"@type\":\"EntryPoint\",\"urlTemplate\":\"https:\/\/ds-barranquilla.org\/?s={search_term_string}\"},\"query-input\":\"required name=search_term_string\"}],\"inLanguage\":\"de\"},{\"@type\":\"Organization\",\"@id\":\"https:\/\/ds-barranquilla.org\/#organization\",\"name\":\"Colegio Alem\u00e1n Barranquilla\",\"url\":\"https:\/\/ds-barranquilla.org\/\",\"logo\":{\"@type\":\"ImageObject\",\"inLanguage\":\"de\",\"@id\":\"https:\/\/ds-barranquilla.org\/#\/schema\/logo\/image\/\",\"url\":\"https:\/\/ds-barranquilla.org\/wp-content\/uploads\/2021\/05\/coleman_logo_2.png\",\"contentUrl\":\"https:\/\/ds-barranquilla.org\/wp-content\/uploads\/2021\/05\/coleman_logo_2.png\",\"width\":418,\"height\":307,\"caption\":\"Colegio Alem\u00e1n Barranquilla\"},\"image\":{\"@id\":\"https:\/\/ds-barranquilla.org\/#\/schema\/logo\/image\/\"},\"sameAs\":[\"https:\/\/www.facebook.com\/ColegioAlemanBaq\/\",\"https:\/\/x.com\/ColegioAlemanBq\",\"https:\/\/www.instagram.com\/colegioalemanbaq\/\",\"https:\/\/www.linkedin.com\/school\/deutsche-schule-barranquilla\/\",\"https:\/\/www.youtube.com\/channel\/UCOOGZQCVs6aYRqIWvSN5agQ\"]},{\"@type\":\"Person\",\"@id\":\"https:\/\/ds-barranquilla.org\/#\/schema\/person\/7bf8790ba89d3480e0551241ccdc8d36\",\"name\":\"Comunicaciones Comunicaciones\",\"image\":{\"@type\":\"ImageObject\",\"inLanguage\":\"de\",\"@id\":\"https:\/\/ds-barranquilla.org\/#\/schema\/person\/image\/\",\"url\":\"https:\/\/secure.gravatar.com\/avatar\/a66ba9484a4338d81d6bea750e595038?s=96&d=mm&r=g\",\"contentUrl\":\"https:\/\/secure.gravatar.com\/avatar\/a66ba9484a4338d81d6bea750e595038?s=96&d=mm&r=g\",\"caption\":\"Comunicaciones Comunicaciones\"}}]}<\/script>\n<!-- \/ Yoast SEO plugin. -->","yoast_head_json":{"title":"Escuela de Familias: Weihnachtsrezept - Receta Navide\u00f1a - 2026","robots":{"index":"noindex","follow":"follow","max-snippet":"max-snippet:-1","max-image-preview":"max-image-preview:large","max-video-preview":"max-video-preview:-1"},"og_locale":"de_DE","og_type":"article","og_title":"Escuela de Familias: Weihnachtsrezept - Receta Navide\u00f1a - 2026","og_description":"Escuela de Familias: Weihnachtsrezept &#8211; Receta Navide\u00f1a \u00a1La Navidad se celebra intensamente en Alemania y en nuestro Colegio Alem\u00e1n! Por eso, tenemos el gusto de compartirles, [\u2026]","og_url":"https:\/\/ds-barranquilla.org\/de\/escuela-de-familias-weihnachtsrezept-receta-navidena\/","og_site_name":"Colegio Alem\u00e1n - Los Mejores Colegios de Colombia - Colegio Triling\u00fce","article_publisher":"https:\/\/www.facebook.com\/ColegioAlemanBaq\/","article_published_time":"2023-12-13T18:51:16+00:00","article_modified_time":"2024-03-13T14:29:34+00:00","og_image":[{"width":1170,"height":480,"url":"https:\/\/ds-barranquilla.org\/wp-content\/uploads\/2023\/12\/receta-navidad.png","type":"image\/png"}],"author":"Comunicaciones Comunicaciones","twitter_card":"summary_large_image","twitter_creator":"@ColegioAlemanBq","twitter_site":"@ColegioAlemanBq","twitter_misc":{"Verfasst von":"Comunicaciones Comunicaciones","Gesch\u00e4tzte Lesezeit":"1\u00a0Minute"},"schema":{"@context":"https:\/\/schema.org","@graph":[{"@type":"Article","@id":"https:\/\/ds-barranquilla.org\/de\/escuela-de-familias-weihnachtsrezept-receta-navidena\/#article","isPartOf":{"@id":"https:\/\/ds-barranquilla.org\/de\/escuela-de-familias-weihnachtsrezept-receta-navidena\/"},"author":{"name":"Comunicaciones Comunicaciones","@id":"https:\/\/ds-barranquilla.org\/#\/schema\/person\/7bf8790ba89d3480e0551241ccdc8d36"},"headline":"Escuela de Familias: Weihnachtsrezept &#8211; Receta Navide\u00f1a","datePublished":"2023-12-13T18:51:16+00:00","dateModified":"2024-03-13T14:29:34+00:00","mainEntityOfPage":{"@id":"https:\/\/ds-barranquilla.org\/de\/escuela-de-familias-weihnachtsrezept-receta-navidena\/"},"wordCount":135,"commentCount":0,"publisher":{"@id":"https:\/\/ds-barranquilla.org\/#organization"},"image":{"@id":"https:\/\/ds-barranquilla.org\/de\/escuela-de-familias-weihnachtsrezept-receta-navidena\/#primaryimage"},"thumbnailUrl":"https:\/\/ds-barranquilla.org\/wp-content\/uploads\/2023\/12\/receta-navidad.png","articleSection":["2023","Orientaci\u00f3n Psicoeducativa"],"inLanguage":"de","potentialAction":[{"@type":"CommentAction","name":"Comment","target":["https:\/\/ds-barranquilla.org\/de\/escuela-de-familias-weihnachtsrezept-receta-navidena\/#respond"]}]},{"@type":"WebPage","@id":"https:\/\/ds-barranquilla.org\/de\/escuela-de-familias-weihnachtsrezept-receta-navidena\/","url":"https:\/\/ds-barranquilla.org\/de\/escuela-de-familias-weihnachtsrezept-receta-navidena\/","name":"Escuela de Familias: Weihnachtsrezept - Receta Navide\u00f1a - 2026","isPartOf":{"@id":"https:\/\/ds-barranquilla.org\/#website"},"primaryImageOfPage":{"@id":"https:\/\/ds-barranquilla.org\/de\/escuela-de-familias-weihnachtsrezept-receta-navidena\/#primaryimage"},"image":{"@id":"https:\/\/ds-barranquilla.org\/de\/escuela-de-familias-weihnachtsrezept-receta-navidena\/#primaryimage"},"thumbnailUrl":"https:\/\/ds-barranquilla.org\/wp-content\/uploads\/2023\/12\/receta-navidad.png","datePublished":"2023-12-13T18:51:16+00:00","dateModified":"2024-03-13T14:29:34+00:00","breadcrumb":{"@id":"https:\/\/ds-barranquilla.org\/de\/escuela-de-familias-weihnachtsrezept-receta-navidena\/#breadcrumb"},"inLanguage":"de","potentialAction":[{"@type":"ReadAction","target":["https:\/\/ds-barranquilla.org\/de\/escuela-de-familias-weihnachtsrezept-receta-navidena\/"]}]},{"@type":"ImageObject","inLanguage":"de","@id":"https:\/\/ds-barranquilla.org\/de\/escuela-de-familias-weihnachtsrezept-receta-navidena\/#primaryimage","url":"https:\/\/ds-barranquilla.org\/wp-content\/uploads\/2023\/12\/receta-navidad.png","contentUrl":"https:\/\/ds-barranquilla.org\/wp-content\/uploads\/2023\/12\/receta-navidad.png","width":1170,"height":480},{"@type":"BreadcrumbList","@id":"https:\/\/ds-barranquilla.org\/de\/escuela-de-familias-weihnachtsrezept-receta-navidena\/#breadcrumb","itemListElement":[{"@type":"ListItem","position":1,"name":"Portada","item":"https:\/\/ds-barranquilla.org\/"},{"@type":"ListItem","position":2,"name":"Escuela de Familias: Weihnachtsrezept &#8211; Receta Navide\u00f1a"}]},{"@type":"WebSite","@id":"https:\/\/ds-barranquilla.org\/#website","url":"https:\/\/ds-barranquilla.org\/","name":"Colegio Alem\u00e1n - Los Mejores Colegios de Colombia - Colegio Triling\u00fce","description":"Colegio Alem\u00e1n  Barranquilla Colombia - Colegio Biling\u00fce - Triling\u00fce - El Mejor Colegio de Colombia","publisher":{"@id":"https:\/\/ds-barranquilla.org\/#organization"},"potentialAction":[{"@type":"SearchAction","target":{"@type":"EntryPoint","urlTemplate":"https:\/\/ds-barranquilla.org\/?s={search_term_string}"},"query-input":"required name=search_term_string"}],"inLanguage":"de"},{"@type":"Organization","@id":"https:\/\/ds-barranquilla.org\/#organization","name":"Colegio Alem\u00e1n Barranquilla","url":"https:\/\/ds-barranquilla.org\/","logo":{"@type":"ImageObject","inLanguage":"de","@id":"https:\/\/ds-barranquilla.org\/#\/schema\/logo\/image\/","url":"https:\/\/ds-barranquilla.org\/wp-content\/uploads\/2021\/05\/coleman_logo_2.png","contentUrl":"https:\/\/ds-barranquilla.org\/wp-content\/uploads\/2021\/05\/coleman_logo_2.png","width":418,"height":307,"caption":"Colegio Alem\u00e1n Barranquilla"},"image":{"@id":"https:\/\/ds-barranquilla.org\/#\/schema\/logo\/image\/"},"sameAs":["https:\/\/www.facebook.com\/ColegioAlemanBaq\/","https:\/\/x.com\/ColegioAlemanBq","https:\/\/www.instagram.com\/colegioalemanbaq\/","https:\/\/www.linkedin.com\/school\/deutsche-schule-barranquilla\/","https:\/\/www.youtube.com\/channel\/UCOOGZQCVs6aYRqIWvSN5agQ"]},{"@type":"Person","@id":"https:\/\/ds-barranquilla.org\/#\/schema\/person\/7bf8790ba89d3480e0551241ccdc8d36","name":"Comunicaciones Comunicaciones","image":{"@type":"ImageObject","inLanguage":"de","@id":"https:\/\/ds-barranquilla.org\/#\/schema\/person\/image\/","url":"https:\/\/secure.gravatar.com\/avatar\/a66ba9484a4338d81d6bea750e595038?s=96&d=mm&r=g","contentUrl":"https:\/\/secure.gravatar.com\/avatar\/a66ba9484a4338d81d6bea750e595038?s=96&d=mm&r=g","caption":"Comunicaciones Comunicaciones"}}]}},"_links":{"self":[{"href":"https:\/\/ds-barranquilla.org\/de\/wp-json\/wp\/v2\/posts\/26118"}],"collection":[{"href":"https:\/\/ds-barranquilla.org\/de\/wp-json\/wp\/v2\/posts"}],"about":[{"href":"https:\/\/ds-barranquilla.org\/de\/wp-json\/wp\/v2\/types\/post"}],"author":[{"embeddable":true,"href":"https:\/\/ds-barranquilla.org\/de\/wp-json\/wp\/v2\/users\/16"}],"replies":[{"embeddable":true,"href":"https:\/\/ds-barranquilla.org\/de\/wp-json\/wp\/v2\/comments?post=26118"}],"version-history":[{"count":5,"href":"https:\/\/ds-barranquilla.org\/de\/wp-json\/wp\/v2\/posts\/26118\/revisions"}],"predecessor-version":[{"id":26124,"href":"https:\/\/ds-barranquilla.org\/de\/wp-json\/wp\/v2\/posts\/26118\/revisions\/26124"}],"wp:featuredmedia":[{"embeddable":true,"href":"https:\/\/ds-barranquilla.org\/de\/wp-json\/wp\/v2\/media\/26123"}],"wp:attachment":[{"href":"https:\/\/ds-barranquilla.org\/de\/wp-json\/wp\/v2\/media?parent=26118"}],"wp:term":[{"taxonomy":"category","embeddable":true,"href":"https:\/\/ds-barranquilla.org\/de\/wp-json\/wp\/v2\/categories?post=26118"},{"taxonomy":"post_tag","embeddable":true,"href":"https:\/\/ds-barranquilla.org\/de\/wp-json\/wp\/v2\/tags?post=26118"}],"curies":[{"name":"wp","href":"https:\/\/api.w.org\/{rel}","templated":true}]}}