{"id":26523,"date":"2024-03-04T07:49:22","date_gmt":"2024-03-04T12:49:22","guid":{"rendered":"https:\/\/ds-barranquilla.org\/?p=26523"},"modified":"2024-04-02T14:41:31","modified_gmt":"2024-04-02T19:41:31","slug":"tenemos-un-nuevo-compromiso-con-el-mundo-y-la-sociedad","status":"publish","type":"post","link":"https:\/\/ds-barranquilla.org\/de\/tenemos-un-nuevo-compromiso-con-el-mundo-y-la-sociedad\/","title":{"rendered":"\u00a1Tenemos un nuevo compromiso con el mundo y la sociedad!"},"content":{"rendered":"<div data-elementor-type=\"wp-post\" data-elementor-id=\"26523\" class=\"elementor elementor-26523\">\n\t\t\t\t\t\t<section class=\"elementor-section elementor-top-section elementor-element elementor-element-d72aff8 elementor-section-boxed elementor-section-height-default elementor-section-height-default\" data-id=\"d72aff8\" data-element_type=\"section\">\n\t\t\t\t\t\t<div class=\"elementor-container elementor-column-gap-default\">\n\t\t\t\t\t<div class=\"elementor-column elementor-col-100 elementor-top-column elementor-element elementor-element-5c49803\" data-id=\"5c49803\" data-element_type=\"column\">\n\t\t\t<div class=\"elementor-widget-wrap elementor-element-populated\">\n\t\t\t\t\t\t<div class=\"elementor-element elementor-element-e0ba744 elementor-widget elementor-widget-heading\" data-id=\"e0ba744\" data-element_type=\"widget\" data-widget_type=\"heading.default\">\n\t\t\t\t<div class=\"elementor-widget-container\">\n\t\t\t<style>\/*! elementor - v3.23.0 - 05-08-2024 *\/\n.elementor-heading-title{padding:0;margin:0;line-height:1}.elementor-widget-heading .elementor-heading-title[class*=elementor-size-]>a{color:inherit;font-size:inherit;line-height:inherit}.elementor-widget-heading .elementor-heading-title.elementor-size-small{font-size:15px}.elementor-widget-heading .elementor-heading-title.elementor-size-medium{font-size:19px}.elementor-widget-heading .elementor-heading-title.elementor-size-large{font-size:29px}.elementor-widget-heading .elementor-heading-title.elementor-size-xl{font-size:39px}.elementor-widget-heading .elementor-heading-title.elementor-size-xxl{font-size:59px}<\/style><h2 class=\"elementor-heading-title elementor-size-default\">\u00a1Tenemos un nuevo compromiso con el mundo y la sociedad!<\/h2>\t\t<\/div>\n\t\t\t\t<\/div>\n\t\t\t\t<div class=\"elementor-element elementor-element-413f448 elementor-widget elementor-widget-image\" data-id=\"413f448\" data-element_type=\"widget\" data-widget_type=\"image.default\">\n\t\t\t\t<div class=\"elementor-widget-container\">\n\t\t\t<style>\/*! elementor - v3.23.0 - 05-08-2024 *\/\n.elementor-widget-image{text-align:center}.elementor-widget-image a{display:inline-block}.elementor-widget-image a img[src$=\".svg\"]{width:48px}.elementor-widget-image img{vertical-align:middle;display:inline-block}<\/style>\t\t\t\t\t\t\t\t\t\t<img fetchpriority=\"high\" decoding=\"async\" width=\"1024\" height=\"576\" src=\"https:\/\/ds-barranquilla.org\/wp-content\/uploads\/2024\/04\/logo--1024x576.png\" class=\"attachment-large size-large wp-image-26526\" alt=\"\" srcset=\"https:\/\/ds-barranquilla.org\/wp-content\/uploads\/2024\/04\/logo--1024x576.png 1024w, https:\/\/ds-barranquilla.org\/wp-content\/uploads\/2024\/04\/logo--300x169.png 300w, https:\/\/ds-barranquilla.org\/wp-content\/uploads\/2024\/04\/logo--768x432.png 768w, https:\/\/ds-barranquilla.org\/wp-content\/uploads\/2024\/04\/logo--18x10.png 18w, https:\/\/ds-barranquilla.org\/wp-content\/uploads\/2024\/04\/logo--133x75.png 133w, https:\/\/ds-barranquilla.org\/wp-content\/uploads\/2024\/04\/logo--480x270.png 480w, https:\/\/ds-barranquilla.org\/wp-content\/uploads\/2024\/04\/logo--800x450.png 800w, https:\/\/ds-barranquilla.org\/wp-content\/uploads\/2024\/04\/logo-.png 1280w\" sizes=\"(max-width:767px) 480px, (max-width:1024px) 100vw, 1024px\" \/>\t\t\t\t\t\t\t\t\t\t\t\t\t<\/div>\n\t\t\t\t<\/div>\n\t\t\t\t\t<\/div>\n\t\t<\/div>\n\t\t\t\t\t<\/div>\n\t\t<\/section>\n\t\t\t\t<section class=\"elementor-section elementor-top-section elementor-element elementor-element-6a873f1 elementor-section-boxed elementor-section-height-default elementor-section-height-default\" data-id=\"6a873f1\" data-element_type=\"section\">\n\t\t\t\t\t\t<div class=\"elementor-container elementor-column-gap-default\">\n\t\t\t\t\t<div class=\"elementor-column elementor-col-100 elementor-top-column elementor-element elementor-element-57b181f\" data-id=\"57b181f\" data-element_type=\"column\">\n\t\t\t<div class=\"elementor-widget-wrap elementor-element-populated\">\n\t\t\t\t\t\t<div class=\"elementor-element elementor-element-6ebb19b elementor-widget elementor-widget-text-editor\" data-id=\"6ebb19b\" data-element_type=\"widget\" data-widget_type=\"text-editor.default\">\n\t\t\t\t<div class=\"elementor-widget-container\">\n\t\t\t<style>\/*! elementor - v3.23.0 - 05-08-2024 *\/\n.elementor-widget-text-editor.elementor-drop-cap-view-stacked .elementor-drop-cap{background-color:#69727d;color:#fff}.elementor-widget-text-editor.elementor-drop-cap-view-framed .elementor-drop-cap{color:#69727d;border:3px solid;background-color:transparent}.elementor-widget-text-editor:not(.elementor-drop-cap-view-default) .elementor-drop-cap{margin-top:8px}.elementor-widget-text-editor:not(.elementor-drop-cap-view-default) .elementor-drop-cap-letter{width:1em;height:1em}.elementor-widget-text-editor .elementor-drop-cap{float:left;text-align:center;line-height:1;font-size:50px}.elementor-widget-text-editor .elementor-drop-cap-letter{display:inline-block}<\/style>\t\t\t\t<p class=\"cvGsUA direction-ltr align-justify para-style-body\"><span class=\"OYPEnA text-decoration-none text-strikethrough-none\">Tras una exhaustiva revisi\u00f3n de los objetivos alcanzados en nuestro plan estrat\u00e9gico, hemos ajustado nuestro objetivo com\u00fan conservando su esencia y adapt\u00e1ndolo a las necesidades cambiantes de la generaci\u00f3n actual.<\/span><\/p><p class=\"cvGsUA direction-ltr align-justify para-style-body\"><span class=\"OYPEnA text-decoration-none text-strikethrough-none\">El nuevo prop\u00f3sito del Colegio Alem\u00e1n de Barranquilla inspirar\u00e1 y guiar\u00e1 nuestras acciones, reafirmando nuestro compromiso de trabajar unidos hacia un futuro educativo excepcional. Para esta co-construcci\u00f3n se cont\u00f3 con la participaci\u00f3n de la Junta Directiva, el equipo directivo y administrativo, el Consejo Acad\u00e9mico, miembros del Consejo de padres de familia y por supuesto, nuestro principal protagonista: el Consejo Estudiantil.<\/span><\/p><p class=\"cvGsUA direction-ltr align-justify para-style-body\"><span class=\"OYPEnA text-decoration-none text-strikethrough-none\">En el mes de marzo presentamos a nuestra comunidad educativa este nuevo prop\u00f3sito que proclamamos como nuestro compromiso con la sociedad. El evento culmin\u00f3 con la presentaci\u00f3n de la Orquesta Sinf\u00f3nica del Colegio Alem\u00e1n de Barranquilla acompa\u00f1ada de la Filarm\u00f3nica de Barranquilla y miembros de la Sinf\u00f3nica Nacional de Colombia.<\/span><\/p>\t\t\t\t\t\t<\/div>\n\t\t\t\t<\/div>\n\t\t\t\t\t<\/div>\n\t\t<\/div>\n\t\t\t\t\t<\/div>\n\t\t<\/section>\n\t\t\t\t<section class=\"elementor-section elementor-top-section elementor-element elementor-element-843b25f elementor-section-boxed elementor-section-height-default elementor-section-height-default\" data-id=\"843b25f\" data-element_type=\"section\">\n\t\t\t\t\t\t<div class=\"elementor-container elementor-column-gap-default\">\n\t\t\t\t\t<div class=\"elementor-column elementor-col-50 elementor-top-column elementor-element elementor-element-5a0f2f6\" data-id=\"5a0f2f6\" data-element_type=\"column\">\n\t\t\t<div class=\"elementor-widget-wrap elementor-element-populated\">\n\t\t\t\t\t\t<div class=\"elementor-element elementor-element-2e8d4ed elementor-widget elementor-widget-image\" data-id=\"2e8d4ed\" data-element_type=\"widget\" data-widget_type=\"image.default\">\n\t\t\t\t<div class=\"elementor-widget-container\">\n\t\t\t\t\t\t\t\t\t\t\t\t\t<img decoding=\"async\" width=\"1024\" height=\"683\" src=\"https:\/\/ds-barranquilla.org\/wp-content\/uploads\/2024\/04\/DSC_7851-1024x683.jpg\" class=\"attachment-large size-large wp-image-26528\" alt=\"\" srcset=\"https:\/\/ds-barranquilla.org\/wp-content\/uploads\/2024\/04\/DSC_7851-1024x683.jpg 1024w, https:\/\/ds-barranquilla.org\/wp-content\/uploads\/2024\/04\/DSC_7851-300x200.jpg 300w, https:\/\/ds-barranquilla.org\/wp-content\/uploads\/2024\/04\/DSC_7851-768x512.jpg 768w, https:\/\/ds-barranquilla.org\/wp-content\/uploads\/2024\/04\/DSC_7851-391x260.jpg 391w, https:\/\/ds-barranquilla.org\/wp-content\/uploads\/2024\/04\/DSC_7851-1536x1024.jpg 1536w, https:\/\/ds-barranquilla.org\/wp-content\/uploads\/2024\/04\/DSC_7851-2048x1365.jpg 2048w, https:\/\/ds-barranquilla.org\/wp-content\/uploads\/2024\/04\/DSC_7851-18x12.jpg 18w, https:\/\/ds-barranquilla.org\/wp-content\/uploads\/2024\/04\/DSC_7851-113x75.jpg 113w, https:\/\/ds-barranquilla.org\/wp-content\/uploads\/2024\/04\/DSC_7851-480x320.jpg 480w, https:\/\/ds-barranquilla.org\/wp-content\/uploads\/2024\/04\/DSC_7851-800x533.jpg 800w\" sizes=\"(max-width:767px) 480px, (max-width:1024px) 100vw, 1024px\" \/>\t\t\t\t\t\t\t\t\t\t\t\t\t<\/div>\n\t\t\t\t<\/div>\n\t\t\t\t\t<\/div>\n\t\t<\/div>\n\t\t\t\t<div class=\"elementor-column elementor-col-50 elementor-top-column elementor-element elementor-element-5263fd4\" data-id=\"5263fd4\" data-element_type=\"column\">\n\t\t\t<div class=\"elementor-widget-wrap elementor-element-populated\">\n\t\t\t\t\t\t<div class=\"elementor-element elementor-element-7d72771 elementor-widget elementor-widget-image\" data-id=\"7d72771\" data-element_type=\"widget\" data-widget_type=\"image.default\">\n\t\t\t\t<div class=\"elementor-widget-container\">\n\t\t\t\t\t\t\t\t\t\t\t\t\t<img decoding=\"async\" width=\"1024\" height=\"683\" src=\"https:\/\/ds-barranquilla.org\/wp-content\/uploads\/2024\/04\/DSC_7884-1024x683.jpg\" class=\"attachment-large size-large wp-image-26527\" alt=\"\" srcset=\"https:\/\/ds-barranquilla.org\/wp-content\/uploads\/2024\/04\/DSC_7884-1024x683.jpg 1024w, https:\/\/ds-barranquilla.org\/wp-content\/uploads\/2024\/04\/DSC_7884-300x200.jpg 300w, https:\/\/ds-barranquilla.org\/wp-content\/uploads\/2024\/04\/DSC_7884-768x512.jpg 768w, https:\/\/ds-barranquilla.org\/wp-content\/uploads\/2024\/04\/DSC_7884-391x260.jpg 391w, https:\/\/ds-barranquilla.org\/wp-content\/uploads\/2024\/04\/DSC_7884-1536x1024.jpg 1536w, https:\/\/ds-barranquilla.org\/wp-content\/uploads\/2024\/04\/DSC_7884-2048x1365.jpg 2048w, https:\/\/ds-barranquilla.org\/wp-content\/uploads\/2024\/04\/DSC_7884-18x12.jpg 18w, https:\/\/ds-barranquilla.org\/wp-content\/uploads\/2024\/04\/DSC_7884-113x75.jpg 113w, https:\/\/ds-barranquilla.org\/wp-content\/uploads\/2024\/04\/DSC_7884-480x320.jpg 480w, https:\/\/ds-barranquilla.org\/wp-content\/uploads\/2024\/04\/DSC_7884-800x533.jpg 800w\" sizes=\"(max-width:767px) 480px, (max-width:1024px) 100vw, 1024px\" \/>\t\t\t\t\t\t\t\t\t\t\t\t\t<\/div>\n\t\t\t\t<\/div>\n\t\t\t\t\t<\/div>\n\t\t<\/div>\n\t\t\t\t\t<\/div>\n\t\t<\/section>\n\t\t\t\t<section class=\"elementor-section elementor-top-section elementor-element elementor-element-80ac864 elementor-section-boxed elementor-section-height-default elementor-section-height-default\" data-id=\"80ac864\" data-element_type=\"section\">\n\t\t\t\t\t\t<div class=\"elementor-container elementor-column-gap-default\">\n\t\t\t\t\t<div class=\"elementor-column elementor-col-100 elementor-top-column elementor-element elementor-element-64ab98a\" data-id=\"64ab98a\" data-element_type=\"column\">\n\t\t\t<div class=\"elementor-widget-wrap elementor-element-populated\">\n\t\t\t\t\t\t<div class=\"elementor-element elementor-element-f97ed62 elementor-widget elementor-widget-text-editor\" data-id=\"f97ed62\" data-element_type=\"widget\" data-widget_type=\"text-editor.default\">\n\t\t\t\t<div class=\"elementor-widget-container\">\n\t\t\t\t\t\t\t<p><span class=\"OYPEnA text-decoration-none text-strikethrough-none\">Invitamos a toda la comunidad a apropiarse de \u00e9l:<\/span><\/p><p><span class=\"OYPEnA text-decoration-none text-strikethrough-none\">Somos una comunidad educativa que le aporta a la sociedad personas aut\u00f3nomas, con pensamiento reflexivo y con la empat\u00eda de quienes han crecido en un entorno bicultural y multiling\u00fce.<\/span><\/p><p class=\"cvGsUA direction-ltr align-justify para-style-body\"><span class=\"OYPEnA text-decoration-none text-strikethrough-none\">Unsere Schulgemeinschaft bringt selbstst\u00e4ndige, reflektierende und emphatische junge Menschen hervor, die aus einem bikulturellen und mehrsprachigen Umfeld kommend, die Gesellschaft bereichern.<\/span><\/p><p class=\"cvGsUA direction-ltr align-justify para-style-body\"><span class=\"OYPEnA text-decoration-none text-strikethrough-none\">We are an educational community that enriches society with independent, reflective individuals and with the empathy inherent in those who have grown up in a bicultural and multilingual environment.<\/span><\/p>\t\t\t\t\t\t<\/div>\n\t\t\t\t<\/div>\n\t\t\t\t\t<\/div>\n\t\t<\/div>\n\t\t\t\t\t<\/div>\n\t\t<\/section>\n\t\t\t\t<section class=\"elementor-section elementor-top-section elementor-element elementor-element-d908989 elementor-section-boxed elementor-section-height-default elementor-section-height-default\" data-id=\"d908989\" data-element_type=\"section\">\n\t\t\t\t\t\t<div class=\"elementor-container elementor-column-gap-default\">\n\t\t\t\t\t<div class=\"elementor-column elementor-col-100 elementor-top-column elementor-element elementor-element-24bc19c\" data-id=\"24bc19c\" data-element_type=\"column\">\n\t\t\t<div class=\"elementor-widget-wrap elementor-element-populated\">\n\t\t\t\t\t\t<div class=\"elementor-element elementor-element-e84e1e3 elementor-widget elementor-widget-image\" data-id=\"e84e1e3\" data-element_type=\"widget\" data-widget_type=\"image.default\">\n\t\t\t\t<div class=\"elementor-widget-container\">\n\t\t\t\t\t\t\t\t\t\t\t\t\t<img loading=\"lazy\" decoding=\"async\" width=\"1024\" height=\"683\" src=\"https:\/\/ds-barranquilla.org\/wp-content\/uploads\/2024\/04\/DSC_8184-1024x683.jpg\" class=\"attachment-large size-large wp-image-26529\" alt=\"\" srcset=\"https:\/\/ds-barranquilla.org\/wp-content\/uploads\/2024\/04\/DSC_8184-1024x683.jpg 1024w, https:\/\/ds-barranquilla.org\/wp-content\/uploads\/2024\/04\/DSC_8184-300x200.jpg 300w, https:\/\/ds-barranquilla.org\/wp-content\/uploads\/2024\/04\/DSC_8184-768x512.jpg 768w, https:\/\/ds-barranquilla.org\/wp-content\/uploads\/2024\/04\/DSC_8184-391x260.jpg 391w, https:\/\/ds-barranquilla.org\/wp-content\/uploads\/2024\/04\/DSC_8184-1536x1024.jpg 1536w, https:\/\/ds-barranquilla.org\/wp-content\/uploads\/2024\/04\/DSC_8184-2048x1365.jpg 2048w, https:\/\/ds-barranquilla.org\/wp-content\/uploads\/2024\/04\/DSC_8184-18x12.jpg 18w, https:\/\/ds-barranquilla.org\/wp-content\/uploads\/2024\/04\/DSC_8184-113x75.jpg 113w, https:\/\/ds-barranquilla.org\/wp-content\/uploads\/2024\/04\/DSC_8184-480x320.jpg 480w, https:\/\/ds-barranquilla.org\/wp-content\/uploads\/2024\/04\/DSC_8184-800x533.jpg 800w\" sizes=\"(max-width:767px) 480px, (max-width:1024px) 100vw, 1024px\" \/>\t\t\t\t\t\t\t\t\t\t\t\t\t<\/div>\n\t\t\t\t<\/div>\n\t\t\t\t\t<\/div>\n\t\t<\/div>\n\t\t\t\t\t<\/div>\n\t\t<\/section>\n\t\t\t\t<\/div>","protected":false},"excerpt":{"rendered":"<p>\u00a1Tenemos un nuevo compromiso con el mundo y la sociedad! Tras una exhaustiva revisi\u00f3n de los objetivos alcanzados en nuestro plan estrat\u00e9gico, hemos ajustado nuestro objetivo<span class=\"excerpt-hellip\"> [\u2026]<\/span><\/p>","protected":false},"author":31,"featured_media":26528,"comment_status":"open","ping_status":"open","sticky":false,"template":"","format":"standard","meta":{"_exactmetrics_skip_tracking":false,"_exactmetrics_sitenote_active":false,"_exactmetrics_sitenote_note":"","_exactmetrics_sitenote_category":0,"_joinchat":[],"footnotes":""},"categories":[733,682,708],"tags":[],"class_list":["post-26523","post","type-post","status-publish","format-standard","has-post-thumbnail","hentry","category-733","category-acreditaciones-y-calidad","category-proyectos-academicos"],"yoast_head":"<!-- This site is optimized with the Yoast SEO plugin v23.3 - https:\/\/yoast.com\/wordpress\/plugins\/seo\/ -->\n<title>\u00a1Tenemos un nuevo compromiso con el mundo y la sociedad! - 2026<\/title>\n<meta name=\"robots\" content=\"noindex, follow, max-snippet:-1, max-image-preview:large, max-video-preview:-1\" \/>\n<meta property=\"og:locale\" content=\"de_DE\" \/>\n<meta property=\"og:type\" content=\"article\" \/>\n<meta property=\"og:title\" content=\"\u00a1Tenemos un nuevo compromiso con el mundo y la sociedad! - 2026\" \/>\n<meta property=\"og:description\" content=\"\u00a1Tenemos un nuevo compromiso con el mundo y la sociedad! Tras una exhaustiva revisi\u00f3n de los objetivos alcanzados en nuestro plan estrat\u00e9gico, hemos ajustado nuestro objetivo [\u2026]\" \/>\n<meta property=\"og:url\" content=\"https:\/\/ds-barranquilla.org\/de\/tenemos-un-nuevo-compromiso-con-el-mundo-y-la-sociedad\/\" \/>\n<meta property=\"og:site_name\" content=\"Colegio Alem\u00e1n - Los Mejores Colegios de Colombia - Colegio Triling\u00fce\" \/>\n<meta property=\"article:publisher\" content=\"https:\/\/www.facebook.com\/ColegioAlemanBaq\/\" \/>\n<meta property=\"article:published_time\" content=\"2024-03-04T12:49:22+00:00\" \/>\n<meta property=\"article:modified_time\" content=\"2024-04-02T19:41:31+00:00\" \/>\n<meta property=\"og:image\" content=\"https:\/\/ds-barranquilla.org\/wp-content\/uploads\/2024\/04\/DSC_7851-scaled.jpg\" \/>\n\t<meta property=\"og:image:width\" content=\"2560\" \/>\n\t<meta property=\"og:image:height\" content=\"1707\" \/>\n\t<meta property=\"og:image:type\" content=\"image\/jpeg\" \/>\n<meta name=\"author\" content=\"Maria Camila Medina\" \/>\n<meta name=\"twitter:card\" content=\"summary_large_image\" \/>\n<meta name=\"twitter:creator\" content=\"@ColegioAlemanBq\" \/>\n<meta name=\"twitter:site\" content=\"@ColegioAlemanBq\" \/>\n<meta name=\"twitter:label1\" content=\"Verfasst von\" \/>\n\t<meta name=\"twitter:data1\" content=\"Maria Camila Medina\" \/>\n\t<meta name=\"twitter:label2\" content=\"Gesch\u00e4tzte Lesezeit\" \/>\n\t<meta name=\"twitter:data2\" content=\"1\u00a0Minute\" \/>\n<script type=\"application\/ld+json\" class=\"yoast-schema-graph\">{\"@context\":\"https:\/\/schema.org\",\"@graph\":[{\"@type\":\"Article\",\"@id\":\"https:\/\/ds-barranquilla.org\/de\/tenemos-un-nuevo-compromiso-con-el-mundo-y-la-sociedad\/#article\",\"isPartOf\":{\"@id\":\"https:\/\/ds-barranquilla.org\/de\/tenemos-un-nuevo-compromiso-con-el-mundo-y-la-sociedad\/\"},\"author\":{\"name\":\"Maria Camila Medina\",\"@id\":\"https:\/\/ds-barranquilla.org\/#\/schema\/person\/a3111c59bc6ad33c5975c02a244ec0f9\"},\"headline\":\"\u00a1Tenemos un nuevo compromiso con el mundo y la sociedad!\",\"datePublished\":\"2024-03-04T12:49:22+00:00\",\"dateModified\":\"2024-04-02T19:41:31+00:00\",\"mainEntityOfPage\":{\"@id\":\"https:\/\/ds-barranquilla.org\/de\/tenemos-un-nuevo-compromiso-con-el-mundo-y-la-sociedad\/\"},\"wordCount\":269,\"commentCount\":0,\"publisher\":{\"@id\":\"https:\/\/ds-barranquilla.org\/#organization\"},\"image\":{\"@id\":\"https:\/\/ds-barranquilla.org\/de\/tenemos-un-nuevo-compromiso-con-el-mundo-y-la-sociedad\/#primaryimage\"},\"thumbnailUrl\":\"https:\/\/ds-barranquilla.org\/wp-content\/uploads\/2024\/04\/DSC_7851-scaled.jpg\",\"articleSection\":[\"2024\",\"Acreditaciones y Calidad\",\"Proyectos acad\u00e9micos\"],\"inLanguage\":\"de\",\"potentialAction\":[{\"@type\":\"CommentAction\",\"name\":\"Comment\",\"target\":[\"https:\/\/ds-barranquilla.org\/de\/tenemos-un-nuevo-compromiso-con-el-mundo-y-la-sociedad\/#respond\"]}]},{\"@type\":\"WebPage\",\"@id\":\"https:\/\/ds-barranquilla.org\/de\/tenemos-un-nuevo-compromiso-con-el-mundo-y-la-sociedad\/\",\"url\":\"https:\/\/ds-barranquilla.org\/de\/tenemos-un-nuevo-compromiso-con-el-mundo-y-la-sociedad\/\",\"name\":\"\u00a1Tenemos un nuevo compromiso con el mundo y la sociedad! - 2026\",\"isPartOf\":{\"@id\":\"https:\/\/ds-barranquilla.org\/#website\"},\"primaryImageOfPage\":{\"@id\":\"https:\/\/ds-barranquilla.org\/de\/tenemos-un-nuevo-compromiso-con-el-mundo-y-la-sociedad\/#primaryimage\"},\"image\":{\"@id\":\"https:\/\/ds-barranquilla.org\/de\/tenemos-un-nuevo-compromiso-con-el-mundo-y-la-sociedad\/#primaryimage\"},\"thumbnailUrl\":\"https:\/\/ds-barranquilla.org\/wp-content\/uploads\/2024\/04\/DSC_7851-scaled.jpg\",\"datePublished\":\"2024-03-04T12:49:22+00:00\",\"dateModified\":\"2024-04-02T19:41:31+00:00\",\"breadcrumb\":{\"@id\":\"https:\/\/ds-barranquilla.org\/de\/tenemos-un-nuevo-compromiso-con-el-mundo-y-la-sociedad\/#breadcrumb\"},\"inLanguage\":\"de\",\"potentialAction\":[{\"@type\":\"ReadAction\",\"target\":[\"https:\/\/ds-barranquilla.org\/de\/tenemos-un-nuevo-compromiso-con-el-mundo-y-la-sociedad\/\"]}]},{\"@type\":\"ImageObject\",\"inLanguage\":\"de\",\"@id\":\"https:\/\/ds-barranquilla.org\/de\/tenemos-un-nuevo-compromiso-con-el-mundo-y-la-sociedad\/#primaryimage\",\"url\":\"https:\/\/ds-barranquilla.org\/wp-content\/uploads\/2024\/04\/DSC_7851-scaled.jpg\",\"contentUrl\":\"https:\/\/ds-barranquilla.org\/wp-content\/uploads\/2024\/04\/DSC_7851-scaled.jpg\",\"width\":2560,\"height\":1707},{\"@type\":\"BreadcrumbList\",\"@id\":\"https:\/\/ds-barranquilla.org\/de\/tenemos-un-nuevo-compromiso-con-el-mundo-y-la-sociedad\/#breadcrumb\",\"itemListElement\":[{\"@type\":\"ListItem\",\"position\":1,\"name\":\"Portada\",\"item\":\"https:\/\/ds-barranquilla.org\/\"},{\"@type\":\"ListItem\",\"position\":2,\"name\":\"\u00a1Tenemos un nuevo compromiso con el mundo y la sociedad!\"}]},{\"@type\":\"WebSite\",\"@id\":\"https:\/\/ds-barranquilla.org\/#website\",\"url\":\"https:\/\/ds-barranquilla.org\/\",\"name\":\"Colegio Alem\u00e1n - Los Mejores Colegios de Colombia - Colegio Triling\u00fce\",\"description\":\"Colegio Alem\u00e1n  Barranquilla Colombia - Colegio Biling\u00fce - Triling\u00fce - El Mejor Colegio de Colombia\",\"publisher\":{\"@id\":\"https:\/\/ds-barranquilla.org\/#organization\"},\"potentialAction\":[{\"@type\":\"SearchAction\",\"target\":{\"@type\":\"EntryPoint\",\"urlTemplate\":\"https:\/\/ds-barranquilla.org\/?s={search_term_string}\"},\"query-input\":\"required name=search_term_string\"}],\"inLanguage\":\"de\"},{\"@type\":\"Organization\",\"@id\":\"https:\/\/ds-barranquilla.org\/#organization\",\"name\":\"Colegio Alem\u00e1n Barranquilla\",\"url\":\"https:\/\/ds-barranquilla.org\/\",\"logo\":{\"@type\":\"ImageObject\",\"inLanguage\":\"de\",\"@id\":\"https:\/\/ds-barranquilla.org\/#\/schema\/logo\/image\/\",\"url\":\"https:\/\/ds-barranquilla.org\/wp-content\/uploads\/2021\/05\/coleman_logo_2.png\",\"contentUrl\":\"https:\/\/ds-barranquilla.org\/wp-content\/uploads\/2021\/05\/coleman_logo_2.png\",\"width\":418,\"height\":307,\"caption\":\"Colegio Alem\u00e1n Barranquilla\"},\"image\":{\"@id\":\"https:\/\/ds-barranquilla.org\/#\/schema\/logo\/image\/\"},\"sameAs\":[\"https:\/\/www.facebook.com\/ColegioAlemanBaq\/\",\"https:\/\/x.com\/ColegioAlemanBq\",\"https:\/\/www.instagram.com\/colegioalemanbaq\/\",\"https:\/\/www.linkedin.com\/school\/deutsche-schule-barranquilla\/\",\"https:\/\/www.youtube.com\/channel\/UCOOGZQCVs6aYRqIWvSN5agQ\"]},{\"@type\":\"Person\",\"@id\":\"https:\/\/ds-barranquilla.org\/#\/schema\/person\/a3111c59bc6ad33c5975c02a244ec0f9\",\"name\":\"Maria Camila Medina\",\"image\":{\"@type\":\"ImageObject\",\"inLanguage\":\"de\",\"@id\":\"https:\/\/ds-barranquilla.org\/#\/schema\/person\/image\/\",\"url\":\"https:\/\/secure.gravatar.com\/avatar\/ec22389c1edd2f147582875dc845593e?s=96&d=mm&r=g\",\"contentUrl\":\"https:\/\/secure.gravatar.com\/avatar\/ec22389c1edd2f147582875dc845593e?s=96&d=mm&r=g\",\"caption\":\"Maria Camila Medina\"}}]}<\/script>\n<!-- \/ Yoast SEO plugin. -->","yoast_head_json":{"title":"\u00a1Tenemos un nuevo compromiso con el mundo y la sociedad! - 2026","robots":{"index":"noindex","follow":"follow","max-snippet":"max-snippet:-1","max-image-preview":"max-image-preview:large","max-video-preview":"max-video-preview:-1"},"og_locale":"de_DE","og_type":"article","og_title":"\u00a1Tenemos un nuevo compromiso con el mundo y la sociedad! - 2026","og_description":"\u00a1Tenemos un nuevo compromiso con el mundo y la sociedad! Tras una exhaustiva revisi\u00f3n de los objetivos alcanzados en nuestro plan estrat\u00e9gico, hemos ajustado nuestro objetivo [\u2026]","og_url":"https:\/\/ds-barranquilla.org\/de\/tenemos-un-nuevo-compromiso-con-el-mundo-y-la-sociedad\/","og_site_name":"Colegio Alem\u00e1n - Los Mejores Colegios de Colombia - Colegio Triling\u00fce","article_publisher":"https:\/\/www.facebook.com\/ColegioAlemanBaq\/","article_published_time":"2024-03-04T12:49:22+00:00","article_modified_time":"2024-04-02T19:41:31+00:00","og_image":[{"width":2560,"height":1707,"url":"https:\/\/ds-barranquilla.org\/wp-content\/uploads\/2024\/04\/DSC_7851-scaled.jpg","type":"image\/jpeg"}],"author":"Maria Camila Medina","twitter_card":"summary_large_image","twitter_creator":"@ColegioAlemanBq","twitter_site":"@ColegioAlemanBq","twitter_misc":{"Verfasst von":"Maria Camila Medina","Gesch\u00e4tzte Lesezeit":"1\u00a0Minute"},"schema":{"@context":"https:\/\/schema.org","@graph":[{"@type":"Article","@id":"https:\/\/ds-barranquilla.org\/de\/tenemos-un-nuevo-compromiso-con-el-mundo-y-la-sociedad\/#article","isPartOf":{"@id":"https:\/\/ds-barranquilla.org\/de\/tenemos-un-nuevo-compromiso-con-el-mundo-y-la-sociedad\/"},"author":{"name":"Maria Camila Medina","@id":"https:\/\/ds-barranquilla.org\/#\/schema\/person\/a3111c59bc6ad33c5975c02a244ec0f9"},"headline":"\u00a1Tenemos un nuevo compromiso con el mundo y la sociedad!","datePublished":"2024-03-04T12:49:22+00:00","dateModified":"2024-04-02T19:41:31+00:00","mainEntityOfPage":{"@id":"https:\/\/ds-barranquilla.org\/de\/tenemos-un-nuevo-compromiso-con-el-mundo-y-la-sociedad\/"},"wordCount":269,"commentCount":0,"publisher":{"@id":"https:\/\/ds-barranquilla.org\/#organization"},"image":{"@id":"https:\/\/ds-barranquilla.org\/de\/tenemos-un-nuevo-compromiso-con-el-mundo-y-la-sociedad\/#primaryimage"},"thumbnailUrl":"https:\/\/ds-barranquilla.org\/wp-content\/uploads\/2024\/04\/DSC_7851-scaled.jpg","articleSection":["2024","Acreditaciones y Calidad","Proyectos acad\u00e9micos"],"inLanguage":"de","potentialAction":[{"@type":"CommentAction","name":"Comment","target":["https:\/\/ds-barranquilla.org\/de\/tenemos-un-nuevo-compromiso-con-el-mundo-y-la-sociedad\/#respond"]}]},{"@type":"WebPage","@id":"https:\/\/ds-barranquilla.org\/de\/tenemos-un-nuevo-compromiso-con-el-mundo-y-la-sociedad\/","url":"https:\/\/ds-barranquilla.org\/de\/tenemos-un-nuevo-compromiso-con-el-mundo-y-la-sociedad\/","name":"\u00a1Tenemos un nuevo compromiso con el mundo y la sociedad! - 2026","isPartOf":{"@id":"https:\/\/ds-barranquilla.org\/#website"},"primaryImageOfPage":{"@id":"https:\/\/ds-barranquilla.org\/de\/tenemos-un-nuevo-compromiso-con-el-mundo-y-la-sociedad\/#primaryimage"},"image":{"@id":"https:\/\/ds-barranquilla.org\/de\/tenemos-un-nuevo-compromiso-con-el-mundo-y-la-sociedad\/#primaryimage"},"thumbnailUrl":"https:\/\/ds-barranquilla.org\/wp-content\/uploads\/2024\/04\/DSC_7851-scaled.jpg","datePublished":"2024-03-04T12:49:22+00:00","dateModified":"2024-04-02T19:41:31+00:00","breadcrumb":{"@id":"https:\/\/ds-barranquilla.org\/de\/tenemos-un-nuevo-compromiso-con-el-mundo-y-la-sociedad\/#breadcrumb"},"inLanguage":"de","potentialAction":[{"@type":"ReadAction","target":["https:\/\/ds-barranquilla.org\/de\/tenemos-un-nuevo-compromiso-con-el-mundo-y-la-sociedad\/"]}]},{"@type":"ImageObject","inLanguage":"de","@id":"https:\/\/ds-barranquilla.org\/de\/tenemos-un-nuevo-compromiso-con-el-mundo-y-la-sociedad\/#primaryimage","url":"https:\/\/ds-barranquilla.org\/wp-content\/uploads\/2024\/04\/DSC_7851-scaled.jpg","contentUrl":"https:\/\/ds-barranquilla.org\/wp-content\/uploads\/2024\/04\/DSC_7851-scaled.jpg","width":2560,"height":1707},{"@type":"BreadcrumbList","@id":"https:\/\/ds-barranquilla.org\/de\/tenemos-un-nuevo-compromiso-con-el-mundo-y-la-sociedad\/#breadcrumb","itemListElement":[{"@type":"ListItem","position":1,"name":"Portada","item":"https:\/\/ds-barranquilla.org\/"},{"@type":"ListItem","position":2,"name":"\u00a1Tenemos un nuevo compromiso con el mundo y la sociedad!"}]},{"@type":"WebSite","@id":"https:\/\/ds-barranquilla.org\/#website","url":"https:\/\/ds-barranquilla.org\/","name":"Colegio Alem\u00e1n - Los Mejores Colegios de Colombia - Colegio Triling\u00fce","description":"Colegio Alem\u00e1n  Barranquilla Colombia - Colegio Biling\u00fce - Triling\u00fce - El Mejor Colegio de Colombia","publisher":{"@id":"https:\/\/ds-barranquilla.org\/#organization"},"potentialAction":[{"@type":"SearchAction","target":{"@type":"EntryPoint","urlTemplate":"https:\/\/ds-barranquilla.org\/?s={search_term_string}"},"query-input":"required name=search_term_string"}],"inLanguage":"de"},{"@type":"Organization","@id":"https:\/\/ds-barranquilla.org\/#organization","name":"Colegio Alem\u00e1n Barranquilla","url":"https:\/\/ds-barranquilla.org\/","logo":{"@type":"ImageObject","inLanguage":"de","@id":"https:\/\/ds-barranquilla.org\/#\/schema\/logo\/image\/","url":"https:\/\/ds-barranquilla.org\/wp-content\/uploads\/2021\/05\/coleman_logo_2.png","contentUrl":"https:\/\/ds-barranquilla.org\/wp-content\/uploads\/2021\/05\/coleman_logo_2.png","width":418,"height":307,"caption":"Colegio Alem\u00e1n Barranquilla"},"image":{"@id":"https:\/\/ds-barranquilla.org\/#\/schema\/logo\/image\/"},"sameAs":["https:\/\/www.facebook.com\/ColegioAlemanBaq\/","https:\/\/x.com\/ColegioAlemanBq","https:\/\/www.instagram.com\/colegioalemanbaq\/","https:\/\/www.linkedin.com\/school\/deutsche-schule-barranquilla\/","https:\/\/www.youtube.com\/channel\/UCOOGZQCVs6aYRqIWvSN5agQ"]},{"@type":"Person","@id":"https:\/\/ds-barranquilla.org\/#\/schema\/person\/a3111c59bc6ad33c5975c02a244ec0f9","name":"Maria Camila Medina","image":{"@type":"ImageObject","inLanguage":"de","@id":"https:\/\/ds-barranquilla.org\/#\/schema\/person\/image\/","url":"https:\/\/secure.gravatar.com\/avatar\/ec22389c1edd2f147582875dc845593e?s=96&d=mm&r=g","contentUrl":"https:\/\/secure.gravatar.com\/avatar\/ec22389c1edd2f147582875dc845593e?s=96&d=mm&r=g","caption":"Maria Camila Medina"}}]}},"_links":{"self":[{"href":"https:\/\/ds-barranquilla.org\/de\/wp-json\/wp\/v2\/posts\/26523"}],"collection":[{"href":"https:\/\/ds-barranquilla.org\/de\/wp-json\/wp\/v2\/posts"}],"about":[{"href":"https:\/\/ds-barranquilla.org\/de\/wp-json\/wp\/v2\/types\/post"}],"author":[{"embeddable":true,"href":"https:\/\/ds-barranquilla.org\/de\/wp-json\/wp\/v2\/users\/31"}],"replies":[{"embeddable":true,"href":"https:\/\/ds-barranquilla.org\/de\/wp-json\/wp\/v2\/comments?post=26523"}],"version-history":[{"count":9,"href":"https:\/\/ds-barranquilla.org\/de\/wp-json\/wp\/v2\/posts\/26523\/revisions"}],"predecessor-version":[{"id":26577,"href":"https:\/\/ds-barranquilla.org\/de\/wp-json\/wp\/v2\/posts\/26523\/revisions\/26577"}],"wp:featuredmedia":[{"embeddable":true,"href":"https:\/\/ds-barranquilla.org\/de\/wp-json\/wp\/v2\/media\/26528"}],"wp:attachment":[{"href":"https:\/\/ds-barranquilla.org\/de\/wp-json\/wp\/v2\/media?parent=26523"}],"wp:term":[{"taxonomy":"category","embeddable":true,"href":"https:\/\/ds-barranquilla.org\/de\/wp-json\/wp\/v2\/categories?post=26523"},{"taxonomy":"post_tag","embeddable":true,"href":"https:\/\/ds-barranquilla.org\/de\/wp-json\/wp\/v2\/tags?post=26523"}],"curies":[{"name":"wp","href":"https:\/\/api.w.org\/{rel}","templated":true}]}}