{"id":26545,"date":"2024-03-06T08:46:29","date_gmt":"2024-03-06T13:46:29","guid":{"rendered":"https:\/\/ds-barranquilla.org\/?p=26545"},"modified":"2024-04-02T10:04:54","modified_gmt":"2024-04-02T15:04:54","slug":"se-realizo-la-version-2024-de-la-feria-de-universidades-alemanas","status":"publish","type":"post","link":"https:\/\/ds-barranquilla.org\/de\/se-realizo-la-version-2024-de-la-feria-de-universidades-alemanas\/","title":{"rendered":"Se realiz\u00f3 la versi\u00f3n 2024 de la Feria de Universidades Alemanas"},"content":{"rendered":"<div data-elementor-type=\"wp-post\" data-elementor-id=\"26545\" class=\"elementor elementor-26545\">\n\t\t\t\t\t\t<section class=\"elementor-section elementor-top-section elementor-element elementor-element-09b3d60 elementor-section-boxed elementor-section-height-default elementor-section-height-default\" data-id=\"09b3d60\" data-element_type=\"section\">\n\t\t\t\t\t\t<div class=\"elementor-container elementor-column-gap-default\">\n\t\t\t\t\t<div class=\"elementor-column elementor-col-100 elementor-top-column elementor-element elementor-element-196ffca\" data-id=\"196ffca\" data-element_type=\"column\">\n\t\t\t<div class=\"elementor-widget-wrap elementor-element-populated\">\n\t\t\t\t\t\t<div class=\"elementor-element elementor-element-2924f80 elementor-widget elementor-widget-heading\" data-id=\"2924f80\" data-element_type=\"widget\" data-widget_type=\"heading.default\">\n\t\t\t\t<div class=\"elementor-widget-container\">\n\t\t\t<style>\/*! elementor - v3.23.0 - 05-08-2024 *\/\n.elementor-heading-title{padding:0;margin:0;line-height:1}.elementor-widget-heading .elementor-heading-title[class*=elementor-size-]>a{color:inherit;font-size:inherit;line-height:inherit}.elementor-widget-heading .elementor-heading-title.elementor-size-small{font-size:15px}.elementor-widget-heading .elementor-heading-title.elementor-size-medium{font-size:19px}.elementor-widget-heading .elementor-heading-title.elementor-size-large{font-size:29px}.elementor-widget-heading .elementor-heading-title.elementor-size-xl{font-size:39px}.elementor-widget-heading .elementor-heading-title.elementor-size-xxl{font-size:59px}<\/style><h2 class=\"elementor-heading-title elementor-size-default\">Se realiz\u00f3 la versi\u00f3n 2024 de la Feria de Universidades Alemanas<\/h2>\t\t<\/div>\n\t\t\t\t<\/div>\n\t\t\t\t\t<\/div>\n\t\t<\/div>\n\t\t\t\t\t<\/div>\n\t\t<\/section>\n\t\t\t\t<section class=\"elementor-section elementor-top-section elementor-element elementor-element-bc861b9 elementor-section-boxed elementor-section-height-default elementor-section-height-default\" data-id=\"bc861b9\" data-element_type=\"section\">\n\t\t\t\t\t\t<div class=\"elementor-container elementor-column-gap-default\">\n\t\t\t\t\t<div class=\"elementor-column elementor-col-33 elementor-top-column elementor-element elementor-element-6115b8f\" data-id=\"6115b8f\" data-element_type=\"column\">\n\t\t\t<div class=\"elementor-widget-wrap elementor-element-populated\">\n\t\t\t\t\t\t<div class=\"elementor-element elementor-element-e05370a elementor-widget elementor-widget-image\" data-id=\"e05370a\" data-element_type=\"widget\" data-widget_type=\"image.default\">\n\t\t\t\t<div class=\"elementor-widget-container\">\n\t\t\t<style>\/*! elementor - v3.23.0 - 05-08-2024 *\/\n.elementor-widget-image{text-align:center}.elementor-widget-image a{display:inline-block}.elementor-widget-image a img[src$=\".svg\"]{width:48px}.elementor-widget-image img{vertical-align:middle;display:inline-block}<\/style>\t\t\t\t\t\t\t\t\t\t<img fetchpriority=\"high\" decoding=\"async\" width=\"1024\" height=\"683\" src=\"https:\/\/ds-barranquilla.org\/wp-content\/uploads\/2024\/04\/DSC_7580-1024x683.jpg\" class=\"attachment-large size-large wp-image-26548\" alt=\"\" srcset=\"https:\/\/ds-barranquilla.org\/wp-content\/uploads\/2024\/04\/DSC_7580-1024x683.jpg 1024w, https:\/\/ds-barranquilla.org\/wp-content\/uploads\/2024\/04\/DSC_7580-300x200.jpg 300w, https:\/\/ds-barranquilla.org\/wp-content\/uploads\/2024\/04\/DSC_7580-768x512.jpg 768w, https:\/\/ds-barranquilla.org\/wp-content\/uploads\/2024\/04\/DSC_7580-391x260.jpg 391w, https:\/\/ds-barranquilla.org\/wp-content\/uploads\/2024\/04\/DSC_7580-1536x1024.jpg 1536w, https:\/\/ds-barranquilla.org\/wp-content\/uploads\/2024\/04\/DSC_7580-2048x1365.jpg 2048w, https:\/\/ds-barranquilla.org\/wp-content\/uploads\/2024\/04\/DSC_7580-18x12.jpg 18w, https:\/\/ds-barranquilla.org\/wp-content\/uploads\/2024\/04\/DSC_7580-113x75.jpg 113w, https:\/\/ds-barranquilla.org\/wp-content\/uploads\/2024\/04\/DSC_7580-480x320.jpg 480w, https:\/\/ds-barranquilla.org\/wp-content\/uploads\/2024\/04\/DSC_7580-800x533.jpg 800w\" sizes=\"(max-width:767px) 480px, (max-width:1024px) 100vw, 1024px\" \/>\t\t\t\t\t\t\t\t\t\t\t\t\t<\/div>\n\t\t\t\t<\/div>\n\t\t\t\t\t<\/div>\n\t\t<\/div>\n\t\t\t\t<div class=\"elementor-column elementor-col-33 elementor-top-column elementor-element elementor-element-bfa8303\" data-id=\"bfa8303\" data-element_type=\"column\">\n\t\t\t<div class=\"elementor-widget-wrap elementor-element-populated\">\n\t\t\t\t\t\t<div class=\"elementor-element elementor-element-f23b692 elementor-widget elementor-widget-image\" data-id=\"f23b692\" data-element_type=\"widget\" data-widget_type=\"image.default\">\n\t\t\t\t<div class=\"elementor-widget-container\">\n\t\t\t\t\t\t\t\t\t\t\t\t\t<img decoding=\"async\" width=\"1024\" height=\"683\" src=\"https:\/\/ds-barranquilla.org\/wp-content\/uploads\/2024\/04\/DSC_7596-1024x683.jpg\" class=\"attachment-large size-large wp-image-26549\" alt=\"\" srcset=\"https:\/\/ds-barranquilla.org\/wp-content\/uploads\/2024\/04\/DSC_7596-1024x683.jpg 1024w, https:\/\/ds-barranquilla.org\/wp-content\/uploads\/2024\/04\/DSC_7596-300x200.jpg 300w, https:\/\/ds-barranquilla.org\/wp-content\/uploads\/2024\/04\/DSC_7596-768x512.jpg 768w, https:\/\/ds-barranquilla.org\/wp-content\/uploads\/2024\/04\/DSC_7596-391x260.jpg 391w, https:\/\/ds-barranquilla.org\/wp-content\/uploads\/2024\/04\/DSC_7596-1536x1024.jpg 1536w, https:\/\/ds-barranquilla.org\/wp-content\/uploads\/2024\/04\/DSC_7596-2048x1365.jpg 2048w, https:\/\/ds-barranquilla.org\/wp-content\/uploads\/2024\/04\/DSC_7596-18x12.jpg 18w, https:\/\/ds-barranquilla.org\/wp-content\/uploads\/2024\/04\/DSC_7596-113x75.jpg 113w, https:\/\/ds-barranquilla.org\/wp-content\/uploads\/2024\/04\/DSC_7596-480x320.jpg 480w, https:\/\/ds-barranquilla.org\/wp-content\/uploads\/2024\/04\/DSC_7596-800x533.jpg 800w\" sizes=\"(max-width:767px) 480px, (max-width:1024px) 100vw, 1024px\" \/>\t\t\t\t\t\t\t\t\t\t\t\t\t<\/div>\n\t\t\t\t<\/div>\n\t\t\t\t\t<\/div>\n\t\t<\/div>\n\t\t\t\t<div class=\"elementor-column elementor-col-33 elementor-top-column elementor-element elementor-element-c291b69\" data-id=\"c291b69\" data-element_type=\"column\">\n\t\t\t<div class=\"elementor-widget-wrap elementor-element-populated\">\n\t\t\t\t\t\t<div class=\"elementor-element elementor-element-02f8f41 elementor-widget elementor-widget-image\" data-id=\"02f8f41\" data-element_type=\"widget\" data-widget_type=\"image.default\">\n\t\t\t\t<div class=\"elementor-widget-container\">\n\t\t\t\t\t\t\t\t\t\t\t\t\t<img decoding=\"async\" width=\"1024\" height=\"683\" src=\"https:\/\/ds-barranquilla.org\/wp-content\/uploads\/2024\/04\/DSC_7492-1024x683.jpg\" class=\"attachment-large size-large wp-image-26550\" alt=\"\" srcset=\"https:\/\/ds-barranquilla.org\/wp-content\/uploads\/2024\/04\/DSC_7492-1024x683.jpg 1024w, https:\/\/ds-barranquilla.org\/wp-content\/uploads\/2024\/04\/DSC_7492-300x200.jpg 300w, https:\/\/ds-barranquilla.org\/wp-content\/uploads\/2024\/04\/DSC_7492-768x512.jpg 768w, https:\/\/ds-barranquilla.org\/wp-content\/uploads\/2024\/04\/DSC_7492-391x260.jpg 391w, https:\/\/ds-barranquilla.org\/wp-content\/uploads\/2024\/04\/DSC_7492-1536x1024.jpg 1536w, https:\/\/ds-barranquilla.org\/wp-content\/uploads\/2024\/04\/DSC_7492-2048x1365.jpg 2048w, https:\/\/ds-barranquilla.org\/wp-content\/uploads\/2024\/04\/DSC_7492-18x12.jpg 18w, https:\/\/ds-barranquilla.org\/wp-content\/uploads\/2024\/04\/DSC_7492-113x75.jpg 113w, https:\/\/ds-barranquilla.org\/wp-content\/uploads\/2024\/04\/DSC_7492-480x320.jpg 480w, https:\/\/ds-barranquilla.org\/wp-content\/uploads\/2024\/04\/DSC_7492-800x533.jpg 800w\" sizes=\"(max-width:767px) 480px, (max-width:1024px) 100vw, 1024px\" \/>\t\t\t\t\t\t\t\t\t\t\t\t\t<\/div>\n\t\t\t\t<\/div>\n\t\t\t\t\t<\/div>\n\t\t<\/div>\n\t\t\t\t\t<\/div>\n\t\t<\/section>\n\t\t\t\t<section class=\"elementor-section elementor-top-section elementor-element elementor-element-35a16ac elementor-section-boxed elementor-section-height-default elementor-section-height-default\" data-id=\"35a16ac\" data-element_type=\"section\">\n\t\t\t\t\t\t<div class=\"elementor-container elementor-column-gap-default\">\n\t\t\t\t\t<div class=\"elementor-column elementor-col-100 elementor-top-column elementor-element elementor-element-f286f02\" data-id=\"f286f02\" data-element_type=\"column\">\n\t\t\t<div class=\"elementor-widget-wrap elementor-element-populated\">\n\t\t\t\t\t\t<div class=\"elementor-element elementor-element-a470b52 elementor-widget elementor-widget-text-editor\" data-id=\"a470b52\" data-element_type=\"widget\" data-widget_type=\"text-editor.default\">\n\t\t\t\t<div class=\"elementor-widget-container\">\n\t\t\t<style>\/*! elementor - v3.23.0 - 05-08-2024 *\/\n.elementor-widget-text-editor.elementor-drop-cap-view-stacked .elementor-drop-cap{background-color:#69727d;color:#fff}.elementor-widget-text-editor.elementor-drop-cap-view-framed .elementor-drop-cap{color:#69727d;border:3px solid;background-color:transparent}.elementor-widget-text-editor:not(.elementor-drop-cap-view-default) .elementor-drop-cap{margin-top:8px}.elementor-widget-text-editor:not(.elementor-drop-cap-view-default) .elementor-drop-cap-letter{width:1em;height:1em}.elementor-widget-text-editor .elementor-drop-cap{float:left;text-align:center;line-height:1;font-size:50px}.elementor-widget-text-editor .elementor-drop-cap-letter{display:inline-block}<\/style>\t\t\t\t<p class=\"cvGsUA direction-ltr align-justify para-style-body\"><span class=\"OYPEnA text-decoration-none text-strikethrough-none\">Nuestros estudiantes de Klasse 11 y 12 tuvieron la valiosa oportunidad de dar un primer vistazo a su futuro acad\u00e9mico durante nuestra Feria de Universidades Alemanas 2024.<\/span><\/p><p class=\"cvGsUA direction-ltr align-justify para-style-body\"><span class=\"OYPEnA text-decoration-none text-strikethrough-none\">Gracias a la organizaci\u00f3n de nuestra Oficina de Relaciones Internacionales, este evento ofreci\u00f3 una gran oportunidad para que nuestros estudiantes exploraran las diversas opciones educativas presentadas por 10 destacadas universidades alemanas, entre ellas las universidades de Kaiserslautern, RheinMain, Giessen, entre otras.<\/span><\/p><p class=\"cvGsUA direction-ltr align-justify para-style-body\"><span class=\"OYPEnA text-decoration-none text-strikethrough-none\">Adem\u00e1s, la interacci\u00f3n directa con los representantes alemanes les permiti\u00f3 a los j\u00f3venes obtener informaci\u00f3n detallada sobre las carreras y programas que m\u00e1s les interesan, opciones de financiaci\u00f3n, beneficios, as\u00ed como crear conexiones valiosas importantes para futuras oportunidades educativas y profesionales.<\/span><\/p>\t\t\t\t\t\t<\/div>\n\t\t\t\t<\/div>\n\t\t\t\t\t<\/div>\n\t\t<\/div>\n\t\t\t\t\t<\/div>\n\t\t<\/section>\n\t\t\t\t<section class=\"elementor-section elementor-top-section elementor-element elementor-element-a24b5ab elementor-section-boxed elementor-section-height-default elementor-section-height-default\" data-id=\"a24b5ab\" data-element_type=\"section\">\n\t\t\t\t\t\t<div class=\"elementor-container elementor-column-gap-default\">\n\t\t\t\t\t<div class=\"elementor-column elementor-col-50 elementor-top-column elementor-element elementor-element-57f536a\" data-id=\"57f536a\" data-element_type=\"column\">\n\t\t\t<div class=\"elementor-widget-wrap elementor-element-populated\">\n\t\t\t\t\t\t<div class=\"elementor-element elementor-element-129df57 elementor-widget elementor-widget-image\" data-id=\"129df57\" data-element_type=\"widget\" data-widget_type=\"image.default\">\n\t\t\t\t<div class=\"elementor-widget-container\">\n\t\t\t\t\t\t\t\t\t\t\t\t\t<img loading=\"lazy\" decoding=\"async\" width=\"1024\" height=\"683\" src=\"https:\/\/ds-barranquilla.org\/wp-content\/uploads\/2024\/04\/DSC_7484-1024x683.jpg\" class=\"attachment-large size-large wp-image-26551\" alt=\"\" srcset=\"https:\/\/ds-barranquilla.org\/wp-content\/uploads\/2024\/04\/DSC_7484-1024x683.jpg 1024w, https:\/\/ds-barranquilla.org\/wp-content\/uploads\/2024\/04\/DSC_7484-300x200.jpg 300w, https:\/\/ds-barranquilla.org\/wp-content\/uploads\/2024\/04\/DSC_7484-768x512.jpg 768w, https:\/\/ds-barranquilla.org\/wp-content\/uploads\/2024\/04\/DSC_7484-391x260.jpg 391w, https:\/\/ds-barranquilla.org\/wp-content\/uploads\/2024\/04\/DSC_7484-1536x1024.jpg 1536w, https:\/\/ds-barranquilla.org\/wp-content\/uploads\/2024\/04\/DSC_7484-2048x1365.jpg 2048w, https:\/\/ds-barranquilla.org\/wp-content\/uploads\/2024\/04\/DSC_7484-18x12.jpg 18w, https:\/\/ds-barranquilla.org\/wp-content\/uploads\/2024\/04\/DSC_7484-113x75.jpg 113w, https:\/\/ds-barranquilla.org\/wp-content\/uploads\/2024\/04\/DSC_7484-480x320.jpg 480w, https:\/\/ds-barranquilla.org\/wp-content\/uploads\/2024\/04\/DSC_7484-800x533.jpg 800w\" sizes=\"(max-width:767px) 480px, (max-width:1024px) 100vw, 1024px\" \/>\t\t\t\t\t\t\t\t\t\t\t\t\t<\/div>\n\t\t\t\t<\/div>\n\t\t\t\t\t<\/div>\n\t\t<\/div>\n\t\t\t\t<div class=\"elementor-column elementor-col-50 elementor-top-column elementor-element elementor-element-d81812b\" data-id=\"d81812b\" data-element_type=\"column\">\n\t\t\t<div class=\"elementor-widget-wrap elementor-element-populated\">\n\t\t\t\t\t\t<div class=\"elementor-element elementor-element-8b0f5a4 elementor-widget elementor-widget-image\" data-id=\"8b0f5a4\" data-element_type=\"widget\" data-widget_type=\"image.default\">\n\t\t\t\t<div class=\"elementor-widget-container\">\n\t\t\t\t\t\t\t\t\t\t\t\t\t<img loading=\"lazy\" decoding=\"async\" width=\"1024\" height=\"683\" src=\"https:\/\/ds-barranquilla.org\/wp-content\/uploads\/2024\/04\/DSC_7503-1024x683.jpg\" class=\"attachment-large size-large wp-image-26552\" alt=\"\" srcset=\"https:\/\/ds-barranquilla.org\/wp-content\/uploads\/2024\/04\/DSC_7503-1024x683.jpg 1024w, https:\/\/ds-barranquilla.org\/wp-content\/uploads\/2024\/04\/DSC_7503-300x200.jpg 300w, https:\/\/ds-barranquilla.org\/wp-content\/uploads\/2024\/04\/DSC_7503-768x512.jpg 768w, https:\/\/ds-barranquilla.org\/wp-content\/uploads\/2024\/04\/DSC_7503-391x260.jpg 391w, https:\/\/ds-barranquilla.org\/wp-content\/uploads\/2024\/04\/DSC_7503-1536x1024.jpg 1536w, https:\/\/ds-barranquilla.org\/wp-content\/uploads\/2024\/04\/DSC_7503-2048x1365.jpg 2048w, https:\/\/ds-barranquilla.org\/wp-content\/uploads\/2024\/04\/DSC_7503-18x12.jpg 18w, https:\/\/ds-barranquilla.org\/wp-content\/uploads\/2024\/04\/DSC_7503-113x75.jpg 113w, https:\/\/ds-barranquilla.org\/wp-content\/uploads\/2024\/04\/DSC_7503-480x320.jpg 480w, https:\/\/ds-barranquilla.org\/wp-content\/uploads\/2024\/04\/DSC_7503-800x533.jpg 800w\" sizes=\"(max-width:767px) 480px, (max-width:1024px) 100vw, 1024px\" \/>\t\t\t\t\t\t\t\t\t\t\t\t\t<\/div>\n\t\t\t\t<\/div>\n\t\t\t\t\t<\/div>\n\t\t<\/div>\n\t\t\t\t\t<\/div>\n\t\t<\/section>\n\t\t\t\t<\/div>","protected":false},"excerpt":{"rendered":"<p>Se realiz\u00f3 la versi\u00f3n 2024 de la Feria de Universidades Alemanas Nuestros estudiantes de Klasse 11 y 12 tuvieron la valiosa oportunidad de dar un primer<span class=\"excerpt-hellip\"> [\u2026]<\/span><\/p>","protected":false},"author":31,"featured_media":26552,"comment_status":"open","ping_status":"open","sticky":false,"template":"","format":"standard","meta":{"_exactmetrics_skip_tracking":false,"_exactmetrics_sitenote_active":false,"_exactmetrics_sitenote_note":"","_exactmetrics_sitenote_category":0,"_joinchat":[],"footnotes":""},"categories":[733,694,675,674,704,710],"tags":[],"class_list":["post-26545","post","type-post","status-publish","format-standard","has-post-thumbnail","hentry","category-733","category-bachillerato-internacional","category-eventos","category-lengua-y-cultura-alemana","category-oficina-de-relaciones-internacionales","category-secundaria"],"yoast_head":"<!-- This site is optimized with the Yoast SEO plugin v23.3 - https:\/\/yoast.com\/wordpress\/plugins\/seo\/ -->\n<title>Se realiz\u00f3 la versi\u00f3n 2024 de la Feria de Universidades Alemanas - 2026<\/title>\n<meta name=\"robots\" content=\"noindex, follow, max-snippet:-1, max-image-preview:large, max-video-preview:-1\" \/>\n<meta property=\"og:locale\" content=\"de_DE\" \/>\n<meta property=\"og:type\" content=\"article\" \/>\n<meta property=\"og:title\" content=\"Se realiz\u00f3 la versi\u00f3n 2024 de la Feria de Universidades Alemanas - 2026\" \/>\n<meta property=\"og:description\" content=\"Se realiz\u00f3 la versi\u00f3n 2024 de la Feria de Universidades Alemanas Nuestros estudiantes de Klasse 11 y 12 tuvieron la valiosa oportunidad de dar un primer [\u2026]\" \/>\n<meta property=\"og:url\" content=\"https:\/\/ds-barranquilla.org\/de\/se-realizo-la-version-2024-de-la-feria-de-universidades-alemanas\/\" \/>\n<meta property=\"og:site_name\" content=\"Colegio Alem\u00e1n - Los Mejores Colegios de Colombia - Colegio Triling\u00fce\" \/>\n<meta property=\"article:publisher\" content=\"https:\/\/www.facebook.com\/ColegioAlemanBaq\/\" \/>\n<meta property=\"article:published_time\" content=\"2024-03-06T13:46:29+00:00\" \/>\n<meta property=\"article:modified_time\" content=\"2024-04-02T15:04:54+00:00\" \/>\n<meta property=\"og:image\" content=\"https:\/\/ds-barranquilla.org\/wp-content\/uploads\/2024\/04\/DSC_7503-scaled.jpg\" \/>\n\t<meta property=\"og:image:width\" content=\"2560\" \/>\n\t<meta property=\"og:image:height\" content=\"1707\" \/>\n\t<meta property=\"og:image:type\" content=\"image\/jpeg\" \/>\n<meta name=\"author\" content=\"Maria Camila Medina\" \/>\n<meta name=\"twitter:card\" content=\"summary_large_image\" \/>\n<meta name=\"twitter:creator\" content=\"@ColegioAlemanBq\" \/>\n<meta name=\"twitter:site\" content=\"@ColegioAlemanBq\" \/>\n<meta name=\"twitter:label1\" content=\"Verfasst von\" \/>\n\t<meta name=\"twitter:data1\" content=\"Maria Camila Medina\" \/>\n\t<meta name=\"twitter:label2\" content=\"Gesch\u00e4tzte Lesezeit\" \/>\n\t<meta name=\"twitter:data2\" content=\"1\u00a0Minute\" \/>\n<script type=\"application\/ld+json\" class=\"yoast-schema-graph\">{\"@context\":\"https:\/\/schema.org\",\"@graph\":[{\"@type\":\"Article\",\"@id\":\"https:\/\/ds-barranquilla.org\/de\/se-realizo-la-version-2024-de-la-feria-de-universidades-alemanas\/#article\",\"isPartOf\":{\"@id\":\"https:\/\/ds-barranquilla.org\/de\/se-realizo-la-version-2024-de-la-feria-de-universidades-alemanas\/\"},\"author\":{\"name\":\"Maria Camila Medina\",\"@id\":\"https:\/\/ds-barranquilla.org\/#\/schema\/person\/a3111c59bc6ad33c5975c02a244ec0f9\"},\"headline\":\"Se realiz\u00f3 la versi\u00f3n 2024 de la Feria de Universidades Alemanas\",\"datePublished\":\"2024-03-06T13:46:29+00:00\",\"dateModified\":\"2024-04-02T15:04:54+00:00\",\"mainEntityOfPage\":{\"@id\":\"https:\/\/ds-barranquilla.org\/de\/se-realizo-la-version-2024-de-la-feria-de-universidades-alemanas\/\"},\"wordCount\":135,\"commentCount\":0,\"publisher\":{\"@id\":\"https:\/\/ds-barranquilla.org\/#organization\"},\"image\":{\"@id\":\"https:\/\/ds-barranquilla.org\/de\/se-realizo-la-version-2024-de-la-feria-de-universidades-alemanas\/#primaryimage\"},\"thumbnailUrl\":\"https:\/\/ds-barranquilla.org\/wp-content\/uploads\/2024\/04\/DSC_7503-scaled.jpg\",\"articleSection\":[\"2024\",\"Bachillerato Internacional\",\"Eventos\",\"Lengua y Cultura Alemana\",\"Oficina de Relaciones Internacionales\",\"Secundaria\"],\"inLanguage\":\"de\",\"potentialAction\":[{\"@type\":\"CommentAction\",\"name\":\"Comment\",\"target\":[\"https:\/\/ds-barranquilla.org\/de\/se-realizo-la-version-2024-de-la-feria-de-universidades-alemanas\/#respond\"]}]},{\"@type\":\"WebPage\",\"@id\":\"https:\/\/ds-barranquilla.org\/de\/se-realizo-la-version-2024-de-la-feria-de-universidades-alemanas\/\",\"url\":\"https:\/\/ds-barranquilla.org\/de\/se-realizo-la-version-2024-de-la-feria-de-universidades-alemanas\/\",\"name\":\"Se realiz\u00f3 la versi\u00f3n 2024 de la Feria de Universidades Alemanas - 2026\",\"isPartOf\":{\"@id\":\"https:\/\/ds-barranquilla.org\/#website\"},\"primaryImageOfPage\":{\"@id\":\"https:\/\/ds-barranquilla.org\/de\/se-realizo-la-version-2024-de-la-feria-de-universidades-alemanas\/#primaryimage\"},\"image\":{\"@id\":\"https:\/\/ds-barranquilla.org\/de\/se-realizo-la-version-2024-de-la-feria-de-universidades-alemanas\/#primaryimage\"},\"thumbnailUrl\":\"https:\/\/ds-barranquilla.org\/wp-content\/uploads\/2024\/04\/DSC_7503-scaled.jpg\",\"datePublished\":\"2024-03-06T13:46:29+00:00\",\"dateModified\":\"2024-04-02T15:04:54+00:00\",\"breadcrumb\":{\"@id\":\"https:\/\/ds-barranquilla.org\/de\/se-realizo-la-version-2024-de-la-feria-de-universidades-alemanas\/#breadcrumb\"},\"inLanguage\":\"de\",\"potentialAction\":[{\"@type\":\"ReadAction\",\"target\":[\"https:\/\/ds-barranquilla.org\/de\/se-realizo-la-version-2024-de-la-feria-de-universidades-alemanas\/\"]}]},{\"@type\":\"ImageObject\",\"inLanguage\":\"de\",\"@id\":\"https:\/\/ds-barranquilla.org\/de\/se-realizo-la-version-2024-de-la-feria-de-universidades-alemanas\/#primaryimage\",\"url\":\"https:\/\/ds-barranquilla.org\/wp-content\/uploads\/2024\/04\/DSC_7503-scaled.jpg\",\"contentUrl\":\"https:\/\/ds-barranquilla.org\/wp-content\/uploads\/2024\/04\/DSC_7503-scaled.jpg\",\"width\":2560,\"height\":1707},{\"@type\":\"BreadcrumbList\",\"@id\":\"https:\/\/ds-barranquilla.org\/de\/se-realizo-la-version-2024-de-la-feria-de-universidades-alemanas\/#breadcrumb\",\"itemListElement\":[{\"@type\":\"ListItem\",\"position\":1,\"name\":\"Portada\",\"item\":\"https:\/\/ds-barranquilla.org\/\"},{\"@type\":\"ListItem\",\"position\":2,\"name\":\"Se realiz\u00f3 la versi\u00f3n 2024 de la Feria de Universidades Alemanas\"}]},{\"@type\":\"WebSite\",\"@id\":\"https:\/\/ds-barranquilla.org\/#website\",\"url\":\"https:\/\/ds-barranquilla.org\/\",\"name\":\"Colegio Alem\u00e1n - Los Mejores Colegios de Colombia - Colegio Triling\u00fce\",\"description\":\"Colegio Alem\u00e1n  Barranquilla Colombia - Colegio Biling\u00fce - Triling\u00fce - El Mejor Colegio de Colombia\",\"publisher\":{\"@id\":\"https:\/\/ds-barranquilla.org\/#organization\"},\"potentialAction\":[{\"@type\":\"SearchAction\",\"target\":{\"@type\":\"EntryPoint\",\"urlTemplate\":\"https:\/\/ds-barranquilla.org\/?s={search_term_string}\"},\"query-input\":\"required name=search_term_string\"}],\"inLanguage\":\"de\"},{\"@type\":\"Organization\",\"@id\":\"https:\/\/ds-barranquilla.org\/#organization\",\"name\":\"Colegio Alem\u00e1n Barranquilla\",\"url\":\"https:\/\/ds-barranquilla.org\/\",\"logo\":{\"@type\":\"ImageObject\",\"inLanguage\":\"de\",\"@id\":\"https:\/\/ds-barranquilla.org\/#\/schema\/logo\/image\/\",\"url\":\"https:\/\/ds-barranquilla.org\/wp-content\/uploads\/2021\/05\/coleman_logo_2.png\",\"contentUrl\":\"https:\/\/ds-barranquilla.org\/wp-content\/uploads\/2021\/05\/coleman_logo_2.png\",\"width\":418,\"height\":307,\"caption\":\"Colegio Alem\u00e1n Barranquilla\"},\"image\":{\"@id\":\"https:\/\/ds-barranquilla.org\/#\/schema\/logo\/image\/\"},\"sameAs\":[\"https:\/\/www.facebook.com\/ColegioAlemanBaq\/\",\"https:\/\/x.com\/ColegioAlemanBq\",\"https:\/\/www.instagram.com\/colegioalemanbaq\/\",\"https:\/\/www.linkedin.com\/school\/deutsche-schule-barranquilla\/\",\"https:\/\/www.youtube.com\/channel\/UCOOGZQCVs6aYRqIWvSN5agQ\"]},{\"@type\":\"Person\",\"@id\":\"https:\/\/ds-barranquilla.org\/#\/schema\/person\/a3111c59bc6ad33c5975c02a244ec0f9\",\"name\":\"Maria Camila Medina\",\"image\":{\"@type\":\"ImageObject\",\"inLanguage\":\"de\",\"@id\":\"https:\/\/ds-barranquilla.org\/#\/schema\/person\/image\/\",\"url\":\"https:\/\/secure.gravatar.com\/avatar\/ec22389c1edd2f147582875dc845593e?s=96&d=mm&r=g\",\"contentUrl\":\"https:\/\/secure.gravatar.com\/avatar\/ec22389c1edd2f147582875dc845593e?s=96&d=mm&r=g\",\"caption\":\"Maria Camila Medina\"}}]}<\/script>\n<!-- \/ Yoast SEO plugin. -->","yoast_head_json":{"title":"Se realiz\u00f3 la versi\u00f3n 2024 de la Feria de Universidades Alemanas - 2026","robots":{"index":"noindex","follow":"follow","max-snippet":"max-snippet:-1","max-image-preview":"max-image-preview:large","max-video-preview":"max-video-preview:-1"},"og_locale":"de_DE","og_type":"article","og_title":"Se realiz\u00f3 la versi\u00f3n 2024 de la Feria de Universidades Alemanas - 2026","og_description":"Se realiz\u00f3 la versi\u00f3n 2024 de la Feria de Universidades Alemanas Nuestros estudiantes de Klasse 11 y 12 tuvieron la valiosa oportunidad de dar un primer [\u2026]","og_url":"https:\/\/ds-barranquilla.org\/de\/se-realizo-la-version-2024-de-la-feria-de-universidades-alemanas\/","og_site_name":"Colegio Alem\u00e1n - Los Mejores Colegios de Colombia - Colegio Triling\u00fce","article_publisher":"https:\/\/www.facebook.com\/ColegioAlemanBaq\/","article_published_time":"2024-03-06T13:46:29+00:00","article_modified_time":"2024-04-02T15:04:54+00:00","og_image":[{"width":2560,"height":1707,"url":"https:\/\/ds-barranquilla.org\/wp-content\/uploads\/2024\/04\/DSC_7503-scaled.jpg","type":"image\/jpeg"}],"author":"Maria Camila Medina","twitter_card":"summary_large_image","twitter_creator":"@ColegioAlemanBq","twitter_site":"@ColegioAlemanBq","twitter_misc":{"Verfasst von":"Maria Camila Medina","Gesch\u00e4tzte Lesezeit":"1\u00a0Minute"},"schema":{"@context":"https:\/\/schema.org","@graph":[{"@type":"Article","@id":"https:\/\/ds-barranquilla.org\/de\/se-realizo-la-version-2024-de-la-feria-de-universidades-alemanas\/#article","isPartOf":{"@id":"https:\/\/ds-barranquilla.org\/de\/se-realizo-la-version-2024-de-la-feria-de-universidades-alemanas\/"},"author":{"name":"Maria Camila Medina","@id":"https:\/\/ds-barranquilla.org\/#\/schema\/person\/a3111c59bc6ad33c5975c02a244ec0f9"},"headline":"Se realiz\u00f3 la versi\u00f3n 2024 de la Feria de Universidades Alemanas","datePublished":"2024-03-06T13:46:29+00:00","dateModified":"2024-04-02T15:04:54+00:00","mainEntityOfPage":{"@id":"https:\/\/ds-barranquilla.org\/de\/se-realizo-la-version-2024-de-la-feria-de-universidades-alemanas\/"},"wordCount":135,"commentCount":0,"publisher":{"@id":"https:\/\/ds-barranquilla.org\/#organization"},"image":{"@id":"https:\/\/ds-barranquilla.org\/de\/se-realizo-la-version-2024-de-la-feria-de-universidades-alemanas\/#primaryimage"},"thumbnailUrl":"https:\/\/ds-barranquilla.org\/wp-content\/uploads\/2024\/04\/DSC_7503-scaled.jpg","articleSection":["2024","Bachillerato Internacional","Eventos","Lengua y Cultura Alemana","Oficina de Relaciones Internacionales","Secundaria"],"inLanguage":"de","potentialAction":[{"@type":"CommentAction","name":"Comment","target":["https:\/\/ds-barranquilla.org\/de\/se-realizo-la-version-2024-de-la-feria-de-universidades-alemanas\/#respond"]}]},{"@type":"WebPage","@id":"https:\/\/ds-barranquilla.org\/de\/se-realizo-la-version-2024-de-la-feria-de-universidades-alemanas\/","url":"https:\/\/ds-barranquilla.org\/de\/se-realizo-la-version-2024-de-la-feria-de-universidades-alemanas\/","name":"Se realiz\u00f3 la versi\u00f3n 2024 de la Feria de Universidades Alemanas - 2026","isPartOf":{"@id":"https:\/\/ds-barranquilla.org\/#website"},"primaryImageOfPage":{"@id":"https:\/\/ds-barranquilla.org\/de\/se-realizo-la-version-2024-de-la-feria-de-universidades-alemanas\/#primaryimage"},"image":{"@id":"https:\/\/ds-barranquilla.org\/de\/se-realizo-la-version-2024-de-la-feria-de-universidades-alemanas\/#primaryimage"},"thumbnailUrl":"https:\/\/ds-barranquilla.org\/wp-content\/uploads\/2024\/04\/DSC_7503-scaled.jpg","datePublished":"2024-03-06T13:46:29+00:00","dateModified":"2024-04-02T15:04:54+00:00","breadcrumb":{"@id":"https:\/\/ds-barranquilla.org\/de\/se-realizo-la-version-2024-de-la-feria-de-universidades-alemanas\/#breadcrumb"},"inLanguage":"de","potentialAction":[{"@type":"ReadAction","target":["https:\/\/ds-barranquilla.org\/de\/se-realizo-la-version-2024-de-la-feria-de-universidades-alemanas\/"]}]},{"@type":"ImageObject","inLanguage":"de","@id":"https:\/\/ds-barranquilla.org\/de\/se-realizo-la-version-2024-de-la-feria-de-universidades-alemanas\/#primaryimage","url":"https:\/\/ds-barranquilla.org\/wp-content\/uploads\/2024\/04\/DSC_7503-scaled.jpg","contentUrl":"https:\/\/ds-barranquilla.org\/wp-content\/uploads\/2024\/04\/DSC_7503-scaled.jpg","width":2560,"height":1707},{"@type":"BreadcrumbList","@id":"https:\/\/ds-barranquilla.org\/de\/se-realizo-la-version-2024-de-la-feria-de-universidades-alemanas\/#breadcrumb","itemListElement":[{"@type":"ListItem","position":1,"name":"Portada","item":"https:\/\/ds-barranquilla.org\/"},{"@type":"ListItem","position":2,"name":"Se realiz\u00f3 la versi\u00f3n 2024 de la Feria de Universidades Alemanas"}]},{"@type":"WebSite","@id":"https:\/\/ds-barranquilla.org\/#website","url":"https:\/\/ds-barranquilla.org\/","name":"Colegio Alem\u00e1n - Los Mejores Colegios de Colombia - Colegio Triling\u00fce","description":"Colegio Alem\u00e1n  Barranquilla Colombia - Colegio Biling\u00fce - Triling\u00fce - El Mejor Colegio de Colombia","publisher":{"@id":"https:\/\/ds-barranquilla.org\/#organization"},"potentialAction":[{"@type":"SearchAction","target":{"@type":"EntryPoint","urlTemplate":"https:\/\/ds-barranquilla.org\/?s={search_term_string}"},"query-input":"required name=search_term_string"}],"inLanguage":"de"},{"@type":"Organization","@id":"https:\/\/ds-barranquilla.org\/#organization","name":"Colegio Alem\u00e1n Barranquilla","url":"https:\/\/ds-barranquilla.org\/","logo":{"@type":"ImageObject","inLanguage":"de","@id":"https:\/\/ds-barranquilla.org\/#\/schema\/logo\/image\/","url":"https:\/\/ds-barranquilla.org\/wp-content\/uploads\/2021\/05\/coleman_logo_2.png","contentUrl":"https:\/\/ds-barranquilla.org\/wp-content\/uploads\/2021\/05\/coleman_logo_2.png","width":418,"height":307,"caption":"Colegio Alem\u00e1n Barranquilla"},"image":{"@id":"https:\/\/ds-barranquilla.org\/#\/schema\/logo\/image\/"},"sameAs":["https:\/\/www.facebook.com\/ColegioAlemanBaq\/","https:\/\/x.com\/ColegioAlemanBq","https:\/\/www.instagram.com\/colegioalemanbaq\/","https:\/\/www.linkedin.com\/school\/deutsche-schule-barranquilla\/","https:\/\/www.youtube.com\/channel\/UCOOGZQCVs6aYRqIWvSN5agQ"]},{"@type":"Person","@id":"https:\/\/ds-barranquilla.org\/#\/schema\/person\/a3111c59bc6ad33c5975c02a244ec0f9","name":"Maria Camila Medina","image":{"@type":"ImageObject","inLanguage":"de","@id":"https:\/\/ds-barranquilla.org\/#\/schema\/person\/image\/","url":"https:\/\/secure.gravatar.com\/avatar\/ec22389c1edd2f147582875dc845593e?s=96&d=mm&r=g","contentUrl":"https:\/\/secure.gravatar.com\/avatar\/ec22389c1edd2f147582875dc845593e?s=96&d=mm&r=g","caption":"Maria Camila Medina"}}]}},"_links":{"self":[{"href":"https:\/\/ds-barranquilla.org\/de\/wp-json\/wp\/v2\/posts\/26545"}],"collection":[{"href":"https:\/\/ds-barranquilla.org\/de\/wp-json\/wp\/v2\/posts"}],"about":[{"href":"https:\/\/ds-barranquilla.org\/de\/wp-json\/wp\/v2\/types\/post"}],"author":[{"embeddable":true,"href":"https:\/\/ds-barranquilla.org\/de\/wp-json\/wp\/v2\/users\/31"}],"replies":[{"embeddable":true,"href":"https:\/\/ds-barranquilla.org\/de\/wp-json\/wp\/v2\/comments?post=26545"}],"version-history":[{"count":7,"href":"https:\/\/ds-barranquilla.org\/de\/wp-json\/wp\/v2\/posts\/26545\/revisions"}],"predecessor-version":[{"id":26557,"href":"https:\/\/ds-barranquilla.org\/de\/wp-json\/wp\/v2\/posts\/26545\/revisions\/26557"}],"wp:featuredmedia":[{"embeddable":true,"href":"https:\/\/ds-barranquilla.org\/de\/wp-json\/wp\/v2\/media\/26552"}],"wp:attachment":[{"href":"https:\/\/ds-barranquilla.org\/de\/wp-json\/wp\/v2\/media?parent=26545"}],"wp:term":[{"taxonomy":"category","embeddable":true,"href":"https:\/\/ds-barranquilla.org\/de\/wp-json\/wp\/v2\/categories?post=26545"},{"taxonomy":"post_tag","embeddable":true,"href":"https:\/\/ds-barranquilla.org\/de\/wp-json\/wp\/v2\/tags?post=26545"}],"curies":[{"name":"wp","href":"https:\/\/api.w.org\/{rel}","templated":true}]}}