{"id":26640,"date":"2024-04-20T07:42:06","date_gmt":"2024-04-20T12:42:06","guid":{"rendered":"https:\/\/ds-barranquilla.org\/?p=26640"},"modified":"2024-04-25T07:48:02","modified_gmt":"2024-04-25T12:48:02","slug":"inicio-intercambio-academico-de-klasse-10","status":"publish","type":"post","link":"https:\/\/ds-barranquilla.org\/de\/inicio-intercambio-academico-de-klasse-10\/","title":{"rendered":"Inici\u00f3 intercambio acad\u00e9mico de Klasse 10"},"content":{"rendered":"<div data-elementor-type=\"wp-post\" data-elementor-id=\"26640\" class=\"elementor elementor-26640\">\n\t\t\t\t\t\t<section class=\"elementor-section elementor-top-section elementor-element elementor-element-40ca3b4 elementor-section-boxed elementor-section-height-default elementor-section-height-default\" data-id=\"40ca3b4\" data-element_type=\"section\">\n\t\t\t\t\t\t<div class=\"elementor-container elementor-column-gap-default\">\n\t\t\t\t\t<div class=\"elementor-column elementor-col-100 elementor-top-column elementor-element elementor-element-61dd48e\" data-id=\"61dd48e\" data-element_type=\"column\">\n\t\t\t<div class=\"elementor-widget-wrap elementor-element-populated\">\n\t\t\t\t\t\t<div class=\"elementor-element elementor-element-07cc911 elementor-widget elementor-widget-heading\" data-id=\"07cc911\" data-element_type=\"widget\" data-widget_type=\"heading.default\">\n\t\t\t\t<div class=\"elementor-widget-container\">\n\t\t\t<style>\/*! elementor - v3.23.0 - 05-08-2024 *\/\n.elementor-heading-title{padding:0;margin:0;line-height:1}.elementor-widget-heading .elementor-heading-title[class*=elementor-size-]>a{color:inherit;font-size:inherit;line-height:inherit}.elementor-widget-heading .elementor-heading-title.elementor-size-small{font-size:15px}.elementor-widget-heading .elementor-heading-title.elementor-size-medium{font-size:19px}.elementor-widget-heading .elementor-heading-title.elementor-size-large{font-size:29px}.elementor-widget-heading .elementor-heading-title.elementor-size-xl{font-size:39px}.elementor-widget-heading .elementor-heading-title.elementor-size-xxl{font-size:59px}<\/style><h2 class=\"elementor-heading-title elementor-size-default\">Inici\u00f3 intercambio acad\u00e9mico de Klasse 10<\/h2>\t\t<\/div>\n\t\t\t\t<\/div>\n\t\t\t\t\t<\/div>\n\t\t<\/div>\n\t\t\t\t\t<\/div>\n\t\t<\/section>\n\t\t\t\t<section class=\"elementor-section elementor-top-section elementor-element elementor-element-714dcda elementor-section-boxed elementor-section-height-default elementor-section-height-default\" data-id=\"714dcda\" data-element_type=\"section\">\n\t\t\t\t\t\t<div class=\"elementor-container elementor-column-gap-default\">\n\t\t\t\t\t<div class=\"elementor-column elementor-col-100 elementor-top-column elementor-element elementor-element-6fa9166\" data-id=\"6fa9166\" data-element_type=\"column\">\n\t\t\t<div class=\"elementor-widget-wrap elementor-element-populated\">\n\t\t\t\t\t\t<div class=\"elementor-element elementor-element-5aa2d09 elementor-widget elementor-widget-text-editor\" data-id=\"5aa2d09\" data-element_type=\"widget\" data-widget_type=\"text-editor.default\">\n\t\t\t\t<div class=\"elementor-widget-container\">\n\t\t\t<style>\/*! elementor - v3.23.0 - 05-08-2024 *\/\n.elementor-widget-text-editor.elementor-drop-cap-view-stacked .elementor-drop-cap{background-color:#69727d;color:#fff}.elementor-widget-text-editor.elementor-drop-cap-view-framed .elementor-drop-cap{color:#69727d;border:3px solid;background-color:transparent}.elementor-widget-text-editor:not(.elementor-drop-cap-view-default) .elementor-drop-cap{margin-top:8px}.elementor-widget-text-editor:not(.elementor-drop-cap-view-default) .elementor-drop-cap-letter{width:1em;height:1em}.elementor-widget-text-editor .elementor-drop-cap{float:left;text-align:center;line-height:1;font-size:50px}.elementor-widget-text-editor .elementor-drop-cap-letter{display:inline-block}<\/style>\t\t\t\t<p class=\"cvGsUA direction-ltr align-justify para-style-body\"><span class=\"OYPEnA text-decoration-none text-strikethrough-none\">Nuestros estudiantes de Klasse 10 ya est\u00e1n viviendo la experiencia de intercambio acad\u00e9mico<\/span> <span class=\"OYPEnA text-decoration-none text-strikethrough-none\">en Alemania. Como parte de la preparaci\u00f3n para esta incre\u00edble experiencia, el lunes 15 de abril los estudiantes participaron en una jornada de inducci\u00f3n donde recibieron herramientas para facilitar su inmersi\u00f3n cultural y ling\u00fc\u00edstica.<\/span><\/p><p class=\"cvGsUA direction-ltr align-justify para-style-body\"><span class=\"OYPEnA text-decoration-none text-strikethrough-none\">Los estudiantes ya se encuentran en Alemania y deseamos que aprovechen al m\u00e1ximo esta incre\u00edble oportunidad, donde adem\u00e1s de aprender y afianzar sus conocimientos, podr\u00e1n crecer como ciudadanos del mundo y dejar en alto el nombre de nuestro colegio. Ellos contar\u00e1n con el acompa\u00f1amiento de Alfonso Olave, Jefe de la Oficina de Relaciones Internacionales, quien<\/span> <span class=\"OYPEnA text-decoration-none text-strikethrough-none\">ser\u00e1 el encargado de guiarlos durante sus primeras semanas en Alemania.<\/span><\/p>\t\t\t\t\t\t<\/div>\n\t\t\t\t<\/div>\n\t\t\t\t\t<\/div>\n\t\t<\/div>\n\t\t\t\t\t<\/div>\n\t\t<\/section>\n\t\t\t\t<section class=\"elementor-section elementor-top-section elementor-element elementor-element-5489cbb elementor-section-boxed elementor-section-height-default elementor-section-height-default\" data-id=\"5489cbb\" data-element_type=\"section\">\n\t\t\t\t\t\t<div class=\"elementor-container elementor-column-gap-default\">\n\t\t\t\t\t<div class=\"elementor-column elementor-col-50 elementor-top-column elementor-element elementor-element-196559d\" data-id=\"196559d\" data-element_type=\"column\">\n\t\t\t<div class=\"elementor-widget-wrap elementor-element-populated\">\n\t\t\t\t\t\t<div class=\"elementor-element elementor-element-971e884 elementor-widget elementor-widget-image\" data-id=\"971e884\" data-element_type=\"widget\" data-widget_type=\"image.default\">\n\t\t\t\t<div class=\"elementor-widget-container\">\n\t\t\t<style>\/*! elementor - v3.23.0 - 05-08-2024 *\/\n.elementor-widget-image{text-align:center}.elementor-widget-image a{display:inline-block}.elementor-widget-image a img[src$=\".svg\"]{width:48px}.elementor-widget-image img{vertical-align:middle;display:inline-block}<\/style>\t\t\t\t\t\t\t\t\t\t<img fetchpriority=\"high\" decoding=\"async\" width=\"1024\" height=\"768\" src=\"https:\/\/ds-barranquilla.org\/wp-content\/uploads\/2024\/04\/IMG_4206-1024x768.jpg\" class=\"attachment-large size-large wp-image-26642\" alt=\"\" srcset=\"https:\/\/ds-barranquilla.org\/wp-content\/uploads\/2024\/04\/IMG_4206-1024x768.jpg 1024w, https:\/\/ds-barranquilla.org\/wp-content\/uploads\/2024\/04\/IMG_4206-300x225.jpg 300w, https:\/\/ds-barranquilla.org\/wp-content\/uploads\/2024\/04\/IMG_4206-768x576.jpg 768w, https:\/\/ds-barranquilla.org\/wp-content\/uploads\/2024\/04\/IMG_4206-1536x1152.jpg 1536w, https:\/\/ds-barranquilla.org\/wp-content\/uploads\/2024\/04\/IMG_4206-16x12.jpg 16w, https:\/\/ds-barranquilla.org\/wp-content\/uploads\/2024\/04\/IMG_4206-100x75.jpg 100w, https:\/\/ds-barranquilla.org\/wp-content\/uploads\/2024\/04\/IMG_4206-480x360.jpg 480w, https:\/\/ds-barranquilla.org\/wp-content\/uploads\/2024\/04\/IMG_4206-800x600.jpg 800w, https:\/\/ds-barranquilla.org\/wp-content\/uploads\/2024\/04\/IMG_4206.jpg 2048w\" sizes=\"(max-width:767px) 480px, (max-width:1024px) 100vw, 1024px\" \/>\t\t\t\t\t\t\t\t\t\t\t\t\t<\/div>\n\t\t\t\t<\/div>\n\t\t\t\t\t<\/div>\n\t\t<\/div>\n\t\t\t\t<div class=\"elementor-column elementor-col-50 elementor-top-column elementor-element elementor-element-f494c59\" data-id=\"f494c59\" data-element_type=\"column\">\n\t\t\t<div class=\"elementor-widget-wrap elementor-element-populated\">\n\t\t\t\t\t\t<div class=\"elementor-element elementor-element-fd04190 elementor-widget elementor-widget-image\" data-id=\"fd04190\" data-element_type=\"widget\" data-widget_type=\"image.default\">\n\t\t\t\t<div class=\"elementor-widget-container\">\n\t\t\t\t\t\t\t\t\t\t\t\t\t<img decoding=\"async\" width=\"828\" height=\"622\" src=\"https:\/\/ds-barranquilla.org\/wp-content\/uploads\/2024\/04\/IMG_4118.jpg\" class=\"attachment-large size-large wp-image-26643\" alt=\"\" srcset=\"https:\/\/ds-barranquilla.org\/wp-content\/uploads\/2024\/04\/IMG_4118.jpg 828w, https:\/\/ds-barranquilla.org\/wp-content\/uploads\/2024\/04\/IMG_4118-300x225.jpg 300w, https:\/\/ds-barranquilla.org\/wp-content\/uploads\/2024\/04\/IMG_4118-768x577.jpg 768w, https:\/\/ds-barranquilla.org\/wp-content\/uploads\/2024\/04\/IMG_4118-16x12.jpg 16w, https:\/\/ds-barranquilla.org\/wp-content\/uploads\/2024\/04\/IMG_4118-100x75.jpg 100w, https:\/\/ds-barranquilla.org\/wp-content\/uploads\/2024\/04\/IMG_4118-480x361.jpg 480w, https:\/\/ds-barranquilla.org\/wp-content\/uploads\/2024\/04\/IMG_4118-800x601.jpg 800w\" sizes=\"(max-width:767px) 480px, (max-width:828px) 100vw, 828px\" \/>\t\t\t\t\t\t\t\t\t\t\t\t\t<\/div>\n\t\t\t\t<\/div>\n\t\t\t\t\t<\/div>\n\t\t<\/div>\n\t\t\t\t\t<\/div>\n\t\t<\/section>\n\t\t\t\t<\/div>","protected":false},"excerpt":{"rendered":"<p>Inici\u00f3 intercambio acad\u00e9mico de Klasse 10 Nuestros estudiantes de Klasse 10 ya est\u00e1n viviendo la experiencia de intercambio acad\u00e9mico en Alemania. Como parte de la preparaci\u00f3n<span class=\"excerpt-hellip\"> [\u2026]<\/span><\/p>","protected":false},"author":31,"featured_media":26643,"comment_status":"open","ping_status":"open","sticky":false,"template":"","format":"standard","meta":{"_exactmetrics_skip_tracking":false,"_exactmetrics_sitenote_active":false,"_exactmetrics_sitenote_note":"","_exactmetrics_sitenote_category":0,"_joinchat":[],"footnotes":""},"categories":[733,694,704,708,710],"tags":[],"class_list":["post-26640","post","type-post","status-publish","format-standard","has-post-thumbnail","hentry","category-733","category-bachillerato-internacional","category-oficina-de-relaciones-internacionales","category-proyectos-academicos","category-secundaria"],"yoast_head":"<!-- This site is optimized with the Yoast SEO plugin v23.3 - https:\/\/yoast.com\/wordpress\/plugins\/seo\/ -->\n<title>Inici\u00f3 intercambio acad\u00e9mico de Klasse 10 - 2026<\/title>\n<meta name=\"robots\" content=\"noindex, follow, max-snippet:-1, max-image-preview:large, max-video-preview:-1\" \/>\n<meta property=\"og:locale\" content=\"de_DE\" \/>\n<meta property=\"og:type\" content=\"article\" \/>\n<meta property=\"og:title\" content=\"Inici\u00f3 intercambio acad\u00e9mico de Klasse 10 - 2026\" \/>\n<meta property=\"og:description\" content=\"Inici\u00f3 intercambio acad\u00e9mico de Klasse 10 Nuestros estudiantes de Klasse 10 ya est\u00e1n viviendo la experiencia de intercambio acad\u00e9mico en Alemania. Como parte de la preparaci\u00f3n [\u2026]\" \/>\n<meta property=\"og:url\" content=\"https:\/\/ds-barranquilla.org\/de\/inicio-intercambio-academico-de-klasse-10\/\" \/>\n<meta property=\"og:site_name\" content=\"Colegio Alem\u00e1n - Los Mejores Colegios de Colombia - Colegio Triling\u00fce\" \/>\n<meta property=\"article:publisher\" content=\"https:\/\/www.facebook.com\/ColegioAlemanBaq\/\" \/>\n<meta property=\"article:published_time\" content=\"2024-04-20T12:42:06+00:00\" \/>\n<meta property=\"article:modified_time\" content=\"2024-04-25T12:48:02+00:00\" \/>\n<meta property=\"og:image\" content=\"https:\/\/ds-barranquilla.org\/wp-content\/uploads\/2024\/04\/IMG_4118.jpg\" \/>\n\t<meta property=\"og:image:width\" content=\"828\" \/>\n\t<meta property=\"og:image:height\" content=\"622\" \/>\n\t<meta property=\"og:image:type\" content=\"image\/jpeg\" \/>\n<meta name=\"author\" content=\"Maria Camila Medina\" \/>\n<meta name=\"twitter:card\" content=\"summary_large_image\" \/>\n<meta name=\"twitter:creator\" content=\"@ColegioAlemanBq\" \/>\n<meta name=\"twitter:site\" content=\"@ColegioAlemanBq\" \/>\n<meta name=\"twitter:label1\" content=\"Verfasst von\" \/>\n\t<meta name=\"twitter:data1\" content=\"Maria Camila Medina\" \/>\n\t<meta name=\"twitter:label2\" content=\"Gesch\u00e4tzte Lesezeit\" \/>\n\t<meta name=\"twitter:data2\" content=\"1\u00a0Minute\" \/>\n<script type=\"application\/ld+json\" class=\"yoast-schema-graph\">{\"@context\":\"https:\/\/schema.org\",\"@graph\":[{\"@type\":\"Article\",\"@id\":\"https:\/\/ds-barranquilla.org\/de\/inicio-intercambio-academico-de-klasse-10\/#article\",\"isPartOf\":{\"@id\":\"https:\/\/ds-barranquilla.org\/de\/inicio-intercambio-academico-de-klasse-10\/\"},\"author\":{\"name\":\"Maria Camila Medina\",\"@id\":\"https:\/\/ds-barranquilla.org\/#\/schema\/person\/a3111c59bc6ad33c5975c02a244ec0f9\"},\"headline\":\"Inici\u00f3 intercambio acad\u00e9mico de Klasse 10\",\"datePublished\":\"2024-04-20T12:42:06+00:00\",\"dateModified\":\"2024-04-25T12:48:02+00:00\",\"mainEntityOfPage\":{\"@id\":\"https:\/\/ds-barranquilla.org\/de\/inicio-intercambio-academico-de-klasse-10\/\"},\"wordCount\":136,\"commentCount\":0,\"publisher\":{\"@id\":\"https:\/\/ds-barranquilla.org\/#organization\"},\"image\":{\"@id\":\"https:\/\/ds-barranquilla.org\/de\/inicio-intercambio-academico-de-klasse-10\/#primaryimage\"},\"thumbnailUrl\":\"https:\/\/ds-barranquilla.org\/wp-content\/uploads\/2024\/04\/IMG_4118.jpg\",\"articleSection\":[\"2024\",\"Bachillerato Internacional\",\"Oficina de Relaciones Internacionales\",\"Proyectos acad\u00e9micos\",\"Secundaria\"],\"inLanguage\":\"de\",\"potentialAction\":[{\"@type\":\"CommentAction\",\"name\":\"Comment\",\"target\":[\"https:\/\/ds-barranquilla.org\/de\/inicio-intercambio-academico-de-klasse-10\/#respond\"]}]},{\"@type\":\"WebPage\",\"@id\":\"https:\/\/ds-barranquilla.org\/de\/inicio-intercambio-academico-de-klasse-10\/\",\"url\":\"https:\/\/ds-barranquilla.org\/de\/inicio-intercambio-academico-de-klasse-10\/\",\"name\":\"Inici\u00f3 intercambio acad\u00e9mico de Klasse 10 - 2026\",\"isPartOf\":{\"@id\":\"https:\/\/ds-barranquilla.org\/#website\"},\"primaryImageOfPage\":{\"@id\":\"https:\/\/ds-barranquilla.org\/de\/inicio-intercambio-academico-de-klasse-10\/#primaryimage\"},\"image\":{\"@id\":\"https:\/\/ds-barranquilla.org\/de\/inicio-intercambio-academico-de-klasse-10\/#primaryimage\"},\"thumbnailUrl\":\"https:\/\/ds-barranquilla.org\/wp-content\/uploads\/2024\/04\/IMG_4118.jpg\",\"datePublished\":\"2024-04-20T12:42:06+00:00\",\"dateModified\":\"2024-04-25T12:48:02+00:00\",\"breadcrumb\":{\"@id\":\"https:\/\/ds-barranquilla.org\/de\/inicio-intercambio-academico-de-klasse-10\/#breadcrumb\"},\"inLanguage\":\"de\",\"potentialAction\":[{\"@type\":\"ReadAction\",\"target\":[\"https:\/\/ds-barranquilla.org\/de\/inicio-intercambio-academico-de-klasse-10\/\"]}]},{\"@type\":\"ImageObject\",\"inLanguage\":\"de\",\"@id\":\"https:\/\/ds-barranquilla.org\/de\/inicio-intercambio-academico-de-klasse-10\/#primaryimage\",\"url\":\"https:\/\/ds-barranquilla.org\/wp-content\/uploads\/2024\/04\/IMG_4118.jpg\",\"contentUrl\":\"https:\/\/ds-barranquilla.org\/wp-content\/uploads\/2024\/04\/IMG_4118.jpg\",\"width\":828,\"height\":622},{\"@type\":\"BreadcrumbList\",\"@id\":\"https:\/\/ds-barranquilla.org\/de\/inicio-intercambio-academico-de-klasse-10\/#breadcrumb\",\"itemListElement\":[{\"@type\":\"ListItem\",\"position\":1,\"name\":\"Portada\",\"item\":\"https:\/\/ds-barranquilla.org\/\"},{\"@type\":\"ListItem\",\"position\":2,\"name\":\"Inici\u00f3 intercambio acad\u00e9mico de Klasse 10\"}]},{\"@type\":\"WebSite\",\"@id\":\"https:\/\/ds-barranquilla.org\/#website\",\"url\":\"https:\/\/ds-barranquilla.org\/\",\"name\":\"Colegio Alem\u00e1n - Los Mejores Colegios de Colombia - Colegio Triling\u00fce\",\"description\":\"Colegio Alem\u00e1n  Barranquilla Colombia - Colegio Biling\u00fce - Triling\u00fce - El Mejor Colegio de Colombia\",\"publisher\":{\"@id\":\"https:\/\/ds-barranquilla.org\/#organization\"},\"potentialAction\":[{\"@type\":\"SearchAction\",\"target\":{\"@type\":\"EntryPoint\",\"urlTemplate\":\"https:\/\/ds-barranquilla.org\/?s={search_term_string}\"},\"query-input\":\"required name=search_term_string\"}],\"inLanguage\":\"de\"},{\"@type\":\"Organization\",\"@id\":\"https:\/\/ds-barranquilla.org\/#organization\",\"name\":\"Colegio Alem\u00e1n Barranquilla\",\"url\":\"https:\/\/ds-barranquilla.org\/\",\"logo\":{\"@type\":\"ImageObject\",\"inLanguage\":\"de\",\"@id\":\"https:\/\/ds-barranquilla.org\/#\/schema\/logo\/image\/\",\"url\":\"https:\/\/ds-barranquilla.org\/wp-content\/uploads\/2021\/05\/coleman_logo_2.png\",\"contentUrl\":\"https:\/\/ds-barranquilla.org\/wp-content\/uploads\/2021\/05\/coleman_logo_2.png\",\"width\":418,\"height\":307,\"caption\":\"Colegio Alem\u00e1n Barranquilla\"},\"image\":{\"@id\":\"https:\/\/ds-barranquilla.org\/#\/schema\/logo\/image\/\"},\"sameAs\":[\"https:\/\/www.facebook.com\/ColegioAlemanBaq\/\",\"https:\/\/x.com\/ColegioAlemanBq\",\"https:\/\/www.instagram.com\/colegioalemanbaq\/\",\"https:\/\/www.linkedin.com\/school\/deutsche-schule-barranquilla\/\",\"https:\/\/www.youtube.com\/channel\/UCOOGZQCVs6aYRqIWvSN5agQ\"]},{\"@type\":\"Person\",\"@id\":\"https:\/\/ds-barranquilla.org\/#\/schema\/person\/a3111c59bc6ad33c5975c02a244ec0f9\",\"name\":\"Maria Camila Medina\",\"image\":{\"@type\":\"ImageObject\",\"inLanguage\":\"de\",\"@id\":\"https:\/\/ds-barranquilla.org\/#\/schema\/person\/image\/\",\"url\":\"https:\/\/secure.gravatar.com\/avatar\/ec22389c1edd2f147582875dc845593e?s=96&d=mm&r=g\",\"contentUrl\":\"https:\/\/secure.gravatar.com\/avatar\/ec22389c1edd2f147582875dc845593e?s=96&d=mm&r=g\",\"caption\":\"Maria Camila Medina\"}}]}<\/script>\n<!-- \/ Yoast SEO plugin. -->","yoast_head_json":{"title":"Inici\u00f3 intercambio acad\u00e9mico de Klasse 10 - 2026","robots":{"index":"noindex","follow":"follow","max-snippet":"max-snippet:-1","max-image-preview":"max-image-preview:large","max-video-preview":"max-video-preview:-1"},"og_locale":"de_DE","og_type":"article","og_title":"Inici\u00f3 intercambio acad\u00e9mico de Klasse 10 - 2026","og_description":"Inici\u00f3 intercambio acad\u00e9mico de Klasse 10 Nuestros estudiantes de Klasse 10 ya est\u00e1n viviendo la experiencia de intercambio acad\u00e9mico en Alemania. Como parte de la preparaci\u00f3n [\u2026]","og_url":"https:\/\/ds-barranquilla.org\/de\/inicio-intercambio-academico-de-klasse-10\/","og_site_name":"Colegio Alem\u00e1n - Los Mejores Colegios de Colombia - Colegio Triling\u00fce","article_publisher":"https:\/\/www.facebook.com\/ColegioAlemanBaq\/","article_published_time":"2024-04-20T12:42:06+00:00","article_modified_time":"2024-04-25T12:48:02+00:00","og_image":[{"width":828,"height":622,"url":"https:\/\/ds-barranquilla.org\/wp-content\/uploads\/2024\/04\/IMG_4118.jpg","type":"image\/jpeg"}],"author":"Maria Camila Medina","twitter_card":"summary_large_image","twitter_creator":"@ColegioAlemanBq","twitter_site":"@ColegioAlemanBq","twitter_misc":{"Verfasst von":"Maria Camila Medina","Gesch\u00e4tzte Lesezeit":"1\u00a0Minute"},"schema":{"@context":"https:\/\/schema.org","@graph":[{"@type":"Article","@id":"https:\/\/ds-barranquilla.org\/de\/inicio-intercambio-academico-de-klasse-10\/#article","isPartOf":{"@id":"https:\/\/ds-barranquilla.org\/de\/inicio-intercambio-academico-de-klasse-10\/"},"author":{"name":"Maria Camila Medina","@id":"https:\/\/ds-barranquilla.org\/#\/schema\/person\/a3111c59bc6ad33c5975c02a244ec0f9"},"headline":"Inici\u00f3 intercambio acad\u00e9mico de Klasse 10","datePublished":"2024-04-20T12:42:06+00:00","dateModified":"2024-04-25T12:48:02+00:00","mainEntityOfPage":{"@id":"https:\/\/ds-barranquilla.org\/de\/inicio-intercambio-academico-de-klasse-10\/"},"wordCount":136,"commentCount":0,"publisher":{"@id":"https:\/\/ds-barranquilla.org\/#organization"},"image":{"@id":"https:\/\/ds-barranquilla.org\/de\/inicio-intercambio-academico-de-klasse-10\/#primaryimage"},"thumbnailUrl":"https:\/\/ds-barranquilla.org\/wp-content\/uploads\/2024\/04\/IMG_4118.jpg","articleSection":["2024","Bachillerato Internacional","Oficina de Relaciones Internacionales","Proyectos acad\u00e9micos","Secundaria"],"inLanguage":"de","potentialAction":[{"@type":"CommentAction","name":"Comment","target":["https:\/\/ds-barranquilla.org\/de\/inicio-intercambio-academico-de-klasse-10\/#respond"]}]},{"@type":"WebPage","@id":"https:\/\/ds-barranquilla.org\/de\/inicio-intercambio-academico-de-klasse-10\/","url":"https:\/\/ds-barranquilla.org\/de\/inicio-intercambio-academico-de-klasse-10\/","name":"Inici\u00f3 intercambio acad\u00e9mico de Klasse 10 - 2026","isPartOf":{"@id":"https:\/\/ds-barranquilla.org\/#website"},"primaryImageOfPage":{"@id":"https:\/\/ds-barranquilla.org\/de\/inicio-intercambio-academico-de-klasse-10\/#primaryimage"},"image":{"@id":"https:\/\/ds-barranquilla.org\/de\/inicio-intercambio-academico-de-klasse-10\/#primaryimage"},"thumbnailUrl":"https:\/\/ds-barranquilla.org\/wp-content\/uploads\/2024\/04\/IMG_4118.jpg","datePublished":"2024-04-20T12:42:06+00:00","dateModified":"2024-04-25T12:48:02+00:00","breadcrumb":{"@id":"https:\/\/ds-barranquilla.org\/de\/inicio-intercambio-academico-de-klasse-10\/#breadcrumb"},"inLanguage":"de","potentialAction":[{"@type":"ReadAction","target":["https:\/\/ds-barranquilla.org\/de\/inicio-intercambio-academico-de-klasse-10\/"]}]},{"@type":"ImageObject","inLanguage":"de","@id":"https:\/\/ds-barranquilla.org\/de\/inicio-intercambio-academico-de-klasse-10\/#primaryimage","url":"https:\/\/ds-barranquilla.org\/wp-content\/uploads\/2024\/04\/IMG_4118.jpg","contentUrl":"https:\/\/ds-barranquilla.org\/wp-content\/uploads\/2024\/04\/IMG_4118.jpg","width":828,"height":622},{"@type":"BreadcrumbList","@id":"https:\/\/ds-barranquilla.org\/de\/inicio-intercambio-academico-de-klasse-10\/#breadcrumb","itemListElement":[{"@type":"ListItem","position":1,"name":"Portada","item":"https:\/\/ds-barranquilla.org\/"},{"@type":"ListItem","position":2,"name":"Inici\u00f3 intercambio acad\u00e9mico de Klasse 10"}]},{"@type":"WebSite","@id":"https:\/\/ds-barranquilla.org\/#website","url":"https:\/\/ds-barranquilla.org\/","name":"Colegio Alem\u00e1n - Los Mejores Colegios de Colombia - Colegio Triling\u00fce","description":"Colegio Alem\u00e1n  Barranquilla Colombia - Colegio Biling\u00fce - Triling\u00fce - El Mejor Colegio de Colombia","publisher":{"@id":"https:\/\/ds-barranquilla.org\/#organization"},"potentialAction":[{"@type":"SearchAction","target":{"@type":"EntryPoint","urlTemplate":"https:\/\/ds-barranquilla.org\/?s={search_term_string}"},"query-input":"required name=search_term_string"}],"inLanguage":"de"},{"@type":"Organization","@id":"https:\/\/ds-barranquilla.org\/#organization","name":"Colegio Alem\u00e1n Barranquilla","url":"https:\/\/ds-barranquilla.org\/","logo":{"@type":"ImageObject","inLanguage":"de","@id":"https:\/\/ds-barranquilla.org\/#\/schema\/logo\/image\/","url":"https:\/\/ds-barranquilla.org\/wp-content\/uploads\/2021\/05\/coleman_logo_2.png","contentUrl":"https:\/\/ds-barranquilla.org\/wp-content\/uploads\/2021\/05\/coleman_logo_2.png","width":418,"height":307,"caption":"Colegio Alem\u00e1n Barranquilla"},"image":{"@id":"https:\/\/ds-barranquilla.org\/#\/schema\/logo\/image\/"},"sameAs":["https:\/\/www.facebook.com\/ColegioAlemanBaq\/","https:\/\/x.com\/ColegioAlemanBq","https:\/\/www.instagram.com\/colegioalemanbaq\/","https:\/\/www.linkedin.com\/school\/deutsche-schule-barranquilla\/","https:\/\/www.youtube.com\/channel\/UCOOGZQCVs6aYRqIWvSN5agQ"]},{"@type":"Person","@id":"https:\/\/ds-barranquilla.org\/#\/schema\/person\/a3111c59bc6ad33c5975c02a244ec0f9","name":"Maria Camila Medina","image":{"@type":"ImageObject","inLanguage":"de","@id":"https:\/\/ds-barranquilla.org\/#\/schema\/person\/image\/","url":"https:\/\/secure.gravatar.com\/avatar\/ec22389c1edd2f147582875dc845593e?s=96&d=mm&r=g","contentUrl":"https:\/\/secure.gravatar.com\/avatar\/ec22389c1edd2f147582875dc845593e?s=96&d=mm&r=g","caption":"Maria Camila Medina"}}]}},"_links":{"self":[{"href":"https:\/\/ds-barranquilla.org\/de\/wp-json\/wp\/v2\/posts\/26640"}],"collection":[{"href":"https:\/\/ds-barranquilla.org\/de\/wp-json\/wp\/v2\/posts"}],"about":[{"href":"https:\/\/ds-barranquilla.org\/de\/wp-json\/wp\/v2\/types\/post"}],"author":[{"embeddable":true,"href":"https:\/\/ds-barranquilla.org\/de\/wp-json\/wp\/v2\/users\/31"}],"replies":[{"embeddable":true,"href":"https:\/\/ds-barranquilla.org\/de\/wp-json\/wp\/v2\/comments?post=26640"}],"version-history":[{"count":5,"href":"https:\/\/ds-barranquilla.org\/de\/wp-json\/wp\/v2\/posts\/26640\/revisions"}],"predecessor-version":[{"id":26647,"href":"https:\/\/ds-barranquilla.org\/de\/wp-json\/wp\/v2\/posts\/26640\/revisions\/26647"}],"wp:featuredmedia":[{"embeddable":true,"href":"https:\/\/ds-barranquilla.org\/de\/wp-json\/wp\/v2\/media\/26643"}],"wp:attachment":[{"href":"https:\/\/ds-barranquilla.org\/de\/wp-json\/wp\/v2\/media?parent=26640"}],"wp:term":[{"taxonomy":"category","embeddable":true,"href":"https:\/\/ds-barranquilla.org\/de\/wp-json\/wp\/v2\/categories?post=26640"},{"taxonomy":"post_tag","embeddable":true,"href":"https:\/\/ds-barranquilla.org\/de\/wp-json\/wp\/v2\/tags?post=26640"}],"curies":[{"name":"wp","href":"https:\/\/api.w.org\/{rel}","templated":true}]}}