{"id":26790,"date":"2024-06-11T13:04:15","date_gmt":"2024-06-11T18:04:15","guid":{"rendered":"https:\/\/ds-barranquilla.org\/?p=26790"},"modified":"2024-06-12T13:14:03","modified_gmt":"2024-06-12T18:14:03","slug":"nuestra-egresada-gabriela-bolle-carrillo-representara-a-colombia-en-los-juegos-olimpicos-paris-2024","status":"publish","type":"post","link":"https:\/\/ds-barranquilla.org\/de\/nuestra-egresada-gabriela-bolle-carrillo-representara-a-colombia-en-los-juegos-olimpicos-paris-2024\/","title":{"rendered":"Nuestra egresada Gabriela Bolle Carrillo, representar\u00e1 a Colombia en los Juegos Ol\u00edmpicos Paris 2024"},"content":{"rendered":"<div data-elementor-type=\"wp-post\" data-elementor-id=\"26790\" class=\"elementor elementor-26790\">\n\t\t\t\t\t\t<section class=\"elementor-section elementor-top-section elementor-element elementor-element-5fc4f72 elementor-section-boxed elementor-section-height-default elementor-section-height-default\" data-id=\"5fc4f72\" data-element_type=\"section\">\n\t\t\t\t\t\t<div class=\"elementor-container elementor-column-gap-default\">\n\t\t\t\t\t<div class=\"elementor-column elementor-col-100 elementor-top-column elementor-element elementor-element-a077ab7\" data-id=\"a077ab7\" data-element_type=\"column\">\n\t\t\t<div class=\"elementor-widget-wrap elementor-element-populated\">\n\t\t\t\t\t\t<div class=\"elementor-element elementor-element-d669bd6 elementor-widget elementor-widget-heading\" data-id=\"d669bd6\" data-element_type=\"widget\" data-widget_type=\"heading.default\">\n\t\t\t\t<div class=\"elementor-widget-container\">\n\t\t\t<style>\/*! elementor - v3.23.0 - 05-08-2024 *\/\n.elementor-heading-title{padding:0;margin:0;line-height:1}.elementor-widget-heading .elementor-heading-title[class*=elementor-size-]>a{color:inherit;font-size:inherit;line-height:inherit}.elementor-widget-heading .elementor-heading-title.elementor-size-small{font-size:15px}.elementor-widget-heading .elementor-heading-title.elementor-size-medium{font-size:19px}.elementor-widget-heading .elementor-heading-title.elementor-size-large{font-size:29px}.elementor-widget-heading .elementor-heading-title.elementor-size-xl{font-size:39px}.elementor-widget-heading .elementor-heading-title.elementor-size-xxl{font-size:59px}<\/style><h2 class=\"elementor-heading-title elementor-size-default\">Nuestra egresada Gabriela Bolle Carrillo, representar\u00e1 a Colombia en los Juegos Ol\u00edmpicos Paris 2024<\/h2>\t\t<\/div>\n\t\t\t\t<\/div>\n\t\t\t\t\t<\/div>\n\t\t<\/div>\n\t\t\t\t\t<\/div>\n\t\t<\/section>\n\t\t\t\t<section class=\"elementor-section elementor-top-section elementor-element elementor-element-e810383 elementor-section-boxed elementor-section-height-default elementor-section-height-default\" data-id=\"e810383\" data-element_type=\"section\">\n\t\t\t\t\t\t<div class=\"elementor-container elementor-column-gap-default\">\n\t\t\t\t\t<div class=\"elementor-column elementor-col-100 elementor-top-column elementor-element elementor-element-3d814b0\" data-id=\"3d814b0\" data-element_type=\"column\">\n\t\t\t<div class=\"elementor-widget-wrap elementor-element-populated\">\n\t\t\t\t\t\t<div class=\"elementor-element elementor-element-06e0316 elementor-widget elementor-widget-image\" data-id=\"06e0316\" data-element_type=\"widget\" data-widget_type=\"image.default\">\n\t\t\t\t<div class=\"elementor-widget-container\">\n\t\t\t<style>\/*! elementor - v3.23.0 - 05-08-2024 *\/\n.elementor-widget-image{text-align:center}.elementor-widget-image a{display:inline-block}.elementor-widget-image a img[src$=\".svg\"]{width:48px}.elementor-widget-image img{vertical-align:middle;display:inline-block}<\/style>\t\t\t\t\t\t\t\t\t\t<img fetchpriority=\"high\" decoding=\"async\" width=\"1024\" height=\"683\" src=\"https:\/\/ds-barranquilla.org\/wp-content\/uploads\/2024\/06\/DSC_4644-1-1024x683.jpg\" class=\"attachment-large size-large wp-image-26793\" alt=\"\" srcset=\"https:\/\/ds-barranquilla.org\/wp-content\/uploads\/2024\/06\/DSC_4644-1-1024x683.jpg 1024w, https:\/\/ds-barranquilla.org\/wp-content\/uploads\/2024\/06\/DSC_4644-1-300x200.jpg 300w, https:\/\/ds-barranquilla.org\/wp-content\/uploads\/2024\/06\/DSC_4644-1-768x512.jpg 768w, https:\/\/ds-barranquilla.org\/wp-content\/uploads\/2024\/06\/DSC_4644-1-391x260.jpg 391w, https:\/\/ds-barranquilla.org\/wp-content\/uploads\/2024\/06\/DSC_4644-1-1536x1024.jpg 1536w, https:\/\/ds-barranquilla.org\/wp-content\/uploads\/2024\/06\/DSC_4644-1-2048x1365.jpg 2048w, https:\/\/ds-barranquilla.org\/wp-content\/uploads\/2024\/06\/DSC_4644-1-18x12.jpg 18w, https:\/\/ds-barranquilla.org\/wp-content\/uploads\/2024\/06\/DSC_4644-1-113x75.jpg 113w, https:\/\/ds-barranquilla.org\/wp-content\/uploads\/2024\/06\/DSC_4644-1-480x320.jpg 480w, https:\/\/ds-barranquilla.org\/wp-content\/uploads\/2024\/06\/DSC_4644-1-800x533.jpg 800w\" sizes=\"(max-width:767px) 480px, (max-width:1024px) 100vw, 1024px\" \/>\t\t\t\t\t\t\t\t\t\t\t\t\t<\/div>\n\t\t\t\t<\/div>\n\t\t\t\t\t<\/div>\n\t\t<\/div>\n\t\t\t\t\t<\/div>\n\t\t<\/section>\n\t\t\t\t<section class=\"elementor-section elementor-top-section elementor-element elementor-element-e72e32a elementor-section-boxed elementor-section-height-default elementor-section-height-default\" data-id=\"e72e32a\" data-element_type=\"section\">\n\t\t\t\t\t\t<div class=\"elementor-container elementor-column-gap-default\">\n\t\t\t\t\t<div class=\"elementor-column elementor-col-100 elementor-top-column elementor-element elementor-element-d6ebb8a\" data-id=\"d6ebb8a\" data-element_type=\"column\">\n\t\t\t<div class=\"elementor-widget-wrap elementor-element-populated\">\n\t\t\t\t\t\t<div class=\"elementor-element elementor-element-58ffeff elementor-widget elementor-widget-text-editor\" data-id=\"58ffeff\" data-element_type=\"widget\" data-widget_type=\"text-editor.default\">\n\t\t\t\t<div class=\"elementor-widget-container\">\n\t\t\t<style>\/*! elementor - v3.23.0 - 05-08-2024 *\/\n.elementor-widget-text-editor.elementor-drop-cap-view-stacked .elementor-drop-cap{background-color:#69727d;color:#fff}.elementor-widget-text-editor.elementor-drop-cap-view-framed .elementor-drop-cap{color:#69727d;border:3px solid;background-color:transparent}.elementor-widget-text-editor:not(.elementor-drop-cap-view-default) .elementor-drop-cap{margin-top:8px}.elementor-widget-text-editor:not(.elementor-drop-cap-view-default) .elementor-drop-cap-letter{width:1em;height:1em}.elementor-widget-text-editor .elementor-drop-cap{float:left;text-align:center;line-height:1;font-size:50px}.elementor-widget-text-editor .elementor-drop-cap-letter{display:inline-block}<\/style>\t\t\t\t<p>En el Colegio Alem\u00e1n de Barranquilla recibimos con orgullo la noticia que nuestra egresada Gabriela Bolle Carrillo, de la promoci\u00f3n 2018, obtuvo uno de los cinco cupos para representar a Colombia en los Juegos Ol\u00edmpicos Par\u00eds 2024 en ciclismo BMX Racing.<\/p><p>\u00a0<\/p><p>Recientemente visit\u00f3 nuestro #ColegioAlem\u00e1nBaq, donde fue recibida por nuestro Rector, el se\u00f1or Ralph Wiese, y tuvo la oportunidad de compartir directivos, docentes y estudiantes c\u00f3mo el apoyo de su familia y del colegio han jugado un rol fundamental en su desarrollo deportivo y en la motivaci\u00f3n que la ha llevado a cumplir el sue\u00f1o de representar a Colombia, a Barranquilla y a nuestro colegio, no solo en los pr\u00f3ximos Juegos Ol\u00edmpicos, sino tambi\u00e9n en las dem\u00e1s competencias en las que ha participado, como los Juegos Ol\u00edmpicos de la Juventud \u2013 Buenos Aires 2018, donde obtuvo medalla de bronce.<\/p><p>\u00a0<\/p><p>En este recorrido Gabriela nos habl\u00f3 sobre su preparaci\u00f3n, rituales y recuerdos del colegio. Esto fue lo que nos cont\u00f3:<\/p><p>\u00a0<\/p><p><b>\u00bfC\u00f3mo te preparas para esta competencia?<\/b><\/p><p>\u00a0<\/p><p>Gabriela: &#8220;entrenando bastante, disfrutando el d\u00eda a d\u00eda, d\u00e1ndome cuenta de lo que mi equipo y yo estamos logrando. Es simplemente disfrutando y entrenando&#8221;.<\/p><p>\u00a0<\/p><p><b>\u00bfCu\u00e1l ha sido el mayor reto en tu carrera como deportista?<\/b><\/p><p>\u00a0<\/p><p>Gabriela: &#8220;creo que este va a ser el mayor reto realmente. Igual la idea es disfrutar y cuando uno disfruta ya vienen todos los resultados como consecuencia. Pero, dir\u00eda que el mayor reto es mantener la calma en este largo camino que llevamos para la clasificaci\u00f3n, pero se logr\u00f3, ahora queda disfrutarlo&#8221;.<\/p><p>\u00a0<\/p><p><b>\u00bfTienes alg\u00fan amuleto de la suerte, alg\u00fan ritual o algo que hagas siempre antes de cada entrenamiento o competencia?<\/b><\/p><p>\u00a0<\/p><p>Gabriela: &#8220;antes s\u00ed ten\u00eda amuletos de la suerte, pero me di cuenta que eso gastaba energ\u00eda porque si se me quedaba algo en el hotel se me volv\u00eda un ocho la cabeza, entonces hoy d\u00eda no tengo, pero siempre subo las escaleras empezando con el pie izquierdo, eso es lo que hago antes de salir a la carrera&#8221;.<\/p><p>\u00a0<\/p><p><b>\u00bfCu\u00e1l es tu sue\u00f1o como deportista?<\/b><\/p><p>\u00a0<\/p><p>Gabriela: &#8220;creo que si le preguntas a cualquier deportista te van a decir que el sue\u00f1o de ellos es ir a unos Ol\u00edmpicos, y claramente tengo un sue\u00f1o gigante de poder tener<\/p><p>una medalla ol\u00edmpica, pero todav\u00eda me queda bastante tiempo, entonces creo que con 23 a\u00f1os podr\u00eda seguir, tenemos muchos mundiales, copas mundo, m\u00e1s juegos. Representar a Colombia y a Barranquilla, darles m\u00e1s triunfos. Poder aportarle algo a la sociedad y dejar un legado, un ejemplo a todos los ni\u00f1os y j\u00f3venes que vienen para que cumplan sus sue\u00f1os de alguna u otra manera&#8221;.<\/p><p>\u00a0<\/p><p><b>\u00bfC\u00f3mo influy\u00f3 la formaci\u00f3n del Colegio Alem\u00e1n sobre tu carrera?<\/b><\/p><p>\u00a0<\/p><p>Gabriela: &#8220;mis pap\u00e1s y el colegio fueron el apoyo m\u00e1s importante, fueron los que creyeron en mi proceso y en el sue\u00f1o que ten\u00eda. Creo que, si el colegio no me hubiera ayudado y adaptado, ni me hubiera dado todas las herramientas que me dieron, simplemente no habr\u00eda podido entrenar. Yo me acuerdo de que me levantaba a las 4:00 a.m. a hacer gimnasio y llegaba despu\u00e9s al colegio. Nosotros entr\u00e1bamos a las 7:00 a.m., y el colegio me dejaba entrar 15 minutos despu\u00e9s para que yo pudiera ir al gimnasio juiciosa, peque\u00f1os detalles que me ayudaron bastante. Estoy totalmente agradecida con el Colegio Alem\u00e1n que me brind\u00f3 todas las herramientas y me apoy\u00f3 en este proceso&#8221;.<\/p><p>\u00a0<\/p><p><b>\u00bfD\u00f3nde entrenabas desde el principio?<\/b><\/p><p>\u00a0<\/p><p>Gabriela: &#8220;entrenaba en Medell\u00edn, muchas veces me tocaba irme porque no ten\u00edamos pista aqu\u00ed en Barranquilla, gracias a Dios construyeron una pista en el 2018 por los Juegos Centroamericanos y ya entrenaba aqu\u00ed en Barranquilla. Los \u00faltimos a\u00f1os entren\u00e9 m\u00e1s afuera porque era un nivel diferente para lo que hab\u00eda aqu\u00ed en Colombia&#8221;.<\/p><p>\u00a0<\/p><p><b>Adem\u00e1s del deporte, \u00bfqu\u00e9 otra cosa te gusta hacer?<\/b><\/p><p>\u00a0<\/p><p>Gabriela: &#8220;me encanta la comida, la gastronom\u00eda, me encanta cocinar, me gusta mucho el caf\u00e9, estoy obsesionada con el caf\u00e9 y con hacer los \u2018flat whites\u2019 con dibujos. Disfruto mucho cocinarles a las personas y que les guste mucho mi comida y mi caf\u00e9. Cuando no estoy entrenando, estoy viendo videos, cocinando o creando nuevas recetas&#8221;.<\/p>\t\t\t\t\t\t<\/div>\n\t\t\t\t<\/div>\n\t\t\t\t\t<\/div>\n\t\t<\/div>\n\t\t\t\t\t<\/div>\n\t\t<\/section>\n\t\t\t\t<section class=\"elementor-section elementor-top-section elementor-element elementor-element-dd827fe elementor-section-boxed elementor-section-height-default elementor-section-height-default\" data-id=\"dd827fe\" data-element_type=\"section\">\n\t\t\t\t\t\t<div class=\"elementor-container elementor-column-gap-default\">\n\t\t\t\t\t<div class=\"elementor-column elementor-col-50 elementor-top-column elementor-element elementor-element-f8c87af\" data-id=\"f8c87af\" data-element_type=\"column\">\n\t\t\t<div class=\"elementor-widget-wrap elementor-element-populated\">\n\t\t\t\t\t\t<div class=\"elementor-element elementor-element-111832a elementor-widget elementor-widget-image\" data-id=\"111832a\" data-element_type=\"widget\" data-widget_type=\"image.default\">\n\t\t\t\t<div class=\"elementor-widget-container\">\n\t\t\t\t\t\t\t\t\t\t\t\t\t<img decoding=\"async\" width=\"1024\" height=\"683\" src=\"https:\/\/ds-barranquilla.org\/wp-content\/uploads\/2024\/06\/DSC_4667-1024x683.jpg\" class=\"attachment-large size-large wp-image-26794\" alt=\"\" srcset=\"https:\/\/ds-barranquilla.org\/wp-content\/uploads\/2024\/06\/DSC_4667-1024x683.jpg 1024w, https:\/\/ds-barranquilla.org\/wp-content\/uploads\/2024\/06\/DSC_4667-300x200.jpg 300w, https:\/\/ds-barranquilla.org\/wp-content\/uploads\/2024\/06\/DSC_4667-768x512.jpg 768w, https:\/\/ds-barranquilla.org\/wp-content\/uploads\/2024\/06\/DSC_4667-391x260.jpg 391w, https:\/\/ds-barranquilla.org\/wp-content\/uploads\/2024\/06\/DSC_4667-1536x1024.jpg 1536w, https:\/\/ds-barranquilla.org\/wp-content\/uploads\/2024\/06\/DSC_4667-2048x1365.jpg 2048w, https:\/\/ds-barranquilla.org\/wp-content\/uploads\/2024\/06\/DSC_4667-18x12.jpg 18w, https:\/\/ds-barranquilla.org\/wp-content\/uploads\/2024\/06\/DSC_4667-113x75.jpg 113w, https:\/\/ds-barranquilla.org\/wp-content\/uploads\/2024\/06\/DSC_4667-480x320.jpg 480w, https:\/\/ds-barranquilla.org\/wp-content\/uploads\/2024\/06\/DSC_4667-800x533.jpg 800w\" sizes=\"(max-width:767px) 480px, (max-width:1024px) 100vw, 1024px\" \/>\t\t\t\t\t\t\t\t\t\t\t\t\t<\/div>\n\t\t\t\t<\/div>\n\t\t\t\t\t<\/div>\n\t\t<\/div>\n\t\t\t\t<div class=\"elementor-column elementor-col-50 elementor-top-column elementor-element elementor-element-a4bca81\" data-id=\"a4bca81\" data-element_type=\"column\">\n\t\t\t<div class=\"elementor-widget-wrap elementor-element-populated\">\n\t\t\t\t\t\t<div class=\"elementor-element elementor-element-602d645 elementor-widget elementor-widget-image\" data-id=\"602d645\" data-element_type=\"widget\" data-widget_type=\"image.default\">\n\t\t\t\t<div class=\"elementor-widget-container\">\n\t\t\t\t\t\t\t\t\t\t\t\t\t<img decoding=\"async\" width=\"768\" height=\"512\" src=\"https:\/\/ds-barranquilla.org\/wp-content\/uploads\/2024\/06\/DSC_4655-1-768x512.jpg\" class=\"attachment-medium_large size-medium_large wp-image-26801\" alt=\"\" srcset=\"https:\/\/ds-barranquilla.org\/wp-content\/uploads\/2024\/06\/DSC_4655-1-768x512.jpg 768w, https:\/\/ds-barranquilla.org\/wp-content\/uploads\/2024\/06\/DSC_4655-1-300x200.jpg 300w, https:\/\/ds-barranquilla.org\/wp-content\/uploads\/2024\/06\/DSC_4655-1-1024x683.jpg 1024w, https:\/\/ds-barranquilla.org\/wp-content\/uploads\/2024\/06\/DSC_4655-1-391x260.jpg 391w, https:\/\/ds-barranquilla.org\/wp-content\/uploads\/2024\/06\/DSC_4655-1-1536x1024.jpg 1536w, https:\/\/ds-barranquilla.org\/wp-content\/uploads\/2024\/06\/DSC_4655-1-2048x1365.jpg 2048w, https:\/\/ds-barranquilla.org\/wp-content\/uploads\/2024\/06\/DSC_4655-1-18x12.jpg 18w, https:\/\/ds-barranquilla.org\/wp-content\/uploads\/2024\/06\/DSC_4655-1-113x75.jpg 113w, https:\/\/ds-barranquilla.org\/wp-content\/uploads\/2024\/06\/DSC_4655-1-480x320.jpg 480w, https:\/\/ds-barranquilla.org\/wp-content\/uploads\/2024\/06\/DSC_4655-1-800x533.jpg 800w\" sizes=\"(max-width:767px) 480px, (max-width:768px) 100vw, 768px\" \/>\t\t\t\t\t\t\t\t\t\t\t\t\t<\/div>\n\t\t\t\t<\/div>\n\t\t\t\t\t<\/div>\n\t\t<\/div>\n\t\t\t\t\t<\/div>\n\t\t<\/section>\n\t\t\t\t<section class=\"elementor-section elementor-top-section elementor-element elementor-element-a869568 elementor-section-boxed elementor-section-height-default elementor-section-height-default\" data-id=\"a869568\" data-element_type=\"section\">\n\t\t\t\t\t\t<div class=\"elementor-container elementor-column-gap-default\">\n\t\t\t\t\t<div class=\"elementor-column elementor-col-100 elementor-top-column elementor-element elementor-element-be612b3\" data-id=\"be612b3\" data-element_type=\"column\">\n\t\t\t<div class=\"elementor-widget-wrap elementor-element-populated\">\n\t\t\t\t\t\t<div class=\"elementor-element elementor-element-0043625 elementor-widget elementor-widget-image\" data-id=\"0043625\" data-element_type=\"widget\" data-widget_type=\"image.default\">\n\t\t\t\t<div class=\"elementor-widget-container\">\n\t\t\t\t\t\t\t\t\t\t\t\t\t<img loading=\"lazy\" decoding=\"async\" width=\"1024\" height=\"683\" src=\"https:\/\/ds-barranquilla.org\/wp-content\/uploads\/2024\/06\/DSC_4623-1024x683.jpg\" class=\"attachment-large size-large wp-image-26796\" alt=\"\" srcset=\"https:\/\/ds-barranquilla.org\/wp-content\/uploads\/2024\/06\/DSC_4623-1024x683.jpg 1024w, https:\/\/ds-barranquilla.org\/wp-content\/uploads\/2024\/06\/DSC_4623-300x200.jpg 300w, https:\/\/ds-barranquilla.org\/wp-content\/uploads\/2024\/06\/DSC_4623-768x512.jpg 768w, https:\/\/ds-barranquilla.org\/wp-content\/uploads\/2024\/06\/DSC_4623-391x260.jpg 391w, https:\/\/ds-barranquilla.org\/wp-content\/uploads\/2024\/06\/DSC_4623-1536x1024.jpg 1536w, https:\/\/ds-barranquilla.org\/wp-content\/uploads\/2024\/06\/DSC_4623-2048x1365.jpg 2048w, https:\/\/ds-barranquilla.org\/wp-content\/uploads\/2024\/06\/DSC_4623-18x12.jpg 18w, https:\/\/ds-barranquilla.org\/wp-content\/uploads\/2024\/06\/DSC_4623-113x75.jpg 113w, https:\/\/ds-barranquilla.org\/wp-content\/uploads\/2024\/06\/DSC_4623-480x320.jpg 480w, https:\/\/ds-barranquilla.org\/wp-content\/uploads\/2024\/06\/DSC_4623-800x533.jpg 800w\" sizes=\"(max-width:767px) 480px, (max-width:1024px) 100vw, 1024px\" \/>\t\t\t\t\t\t\t\t\t\t\t\t\t<\/div>\n\t\t\t\t<\/div>\n\t\t\t\t\t<\/div>\n\t\t<\/div>\n\t\t\t\t\t<\/div>\n\t\t<\/section>\n\t\t\t\t<\/div>","protected":false},"excerpt":{"rendered":"<p>Nuestra egresada Gabriela Bolle Carrillo, representar\u00e1 a Colombia en los Juegos Ol\u00edmpicos Paris 2024 En el Colegio Alem\u00e1n de Barranquilla recibimos con orgullo la noticia que<span class=\"excerpt-hellip\"> [\u2026]<\/span><\/p>","protected":false},"author":31,"featured_media":26793,"comment_status":"open","ping_status":"open","sticky":false,"template":"","format":"standard","meta":{"_exactmetrics_skip_tracking":false,"_exactmetrics_sitenote_active":false,"_exactmetrics_sitenote_note":"","_exactmetrics_sitenote_category":0,"_joinchat":[],"footnotes":""},"categories":[733,684,687],"tags":[],"class_list":["post-26790","post","type-post","status-publish","format-standard","has-post-thumbnail","hentry","category-733","category-alumni","category-area-de-deportes"],"yoast_head":"<!-- This site is optimized with the Yoast SEO plugin v23.3 - https:\/\/yoast.com\/wordpress\/plugins\/seo\/ -->\n<title>Nuestra egresada Gabriela Bolle Carrillo, representar\u00e1 a Colombia en los Juegos Ol\u00edmpicos Paris 2024 - 2026<\/title>\n<meta name=\"robots\" content=\"noindex, follow, max-snippet:-1, max-image-preview:large, max-video-preview:-1\" \/>\n<meta property=\"og:locale\" content=\"de_DE\" \/>\n<meta property=\"og:type\" content=\"article\" \/>\n<meta property=\"og:title\" content=\"Nuestra egresada Gabriela Bolle Carrillo, representar\u00e1 a Colombia en los Juegos Ol\u00edmpicos Paris 2024 - 2026\" \/>\n<meta property=\"og:description\" content=\"Nuestra egresada Gabriela Bolle Carrillo, representar\u00e1 a Colombia en los Juegos Ol\u00edmpicos Paris 2024 En el Colegio Alem\u00e1n de Barranquilla recibimos con orgullo la noticia que [\u2026]\" \/>\n<meta property=\"og:url\" content=\"https:\/\/ds-barranquilla.org\/de\/nuestra-egresada-gabriela-bolle-carrillo-representara-a-colombia-en-los-juegos-olimpicos-paris-2024\/\" \/>\n<meta property=\"og:site_name\" content=\"Colegio Alem\u00e1n - Los Mejores Colegios de Colombia - Colegio Triling\u00fce\" \/>\n<meta property=\"article:publisher\" content=\"https:\/\/www.facebook.com\/ColegioAlemanBaq\/\" \/>\n<meta property=\"article:published_time\" content=\"2024-06-11T18:04:15+00:00\" \/>\n<meta property=\"article:modified_time\" content=\"2024-06-12T18:14:03+00:00\" \/>\n<meta property=\"og:image\" content=\"https:\/\/ds-barranquilla.org\/wp-content\/uploads\/2024\/06\/DSC_4644-1-scaled.jpg\" \/>\n\t<meta property=\"og:image:width\" content=\"2560\" \/>\n\t<meta property=\"og:image:height\" content=\"1707\" \/>\n\t<meta property=\"og:image:type\" content=\"image\/jpeg\" \/>\n<meta name=\"author\" content=\"Maria Camila Medina\" \/>\n<meta name=\"twitter:card\" content=\"summary_large_image\" \/>\n<meta name=\"twitter:creator\" content=\"@ColegioAlemanBq\" \/>\n<meta name=\"twitter:site\" content=\"@ColegioAlemanBq\" \/>\n<meta name=\"twitter:label1\" content=\"Verfasst von\" \/>\n\t<meta name=\"twitter:data1\" content=\"Maria Camila Medina\" \/>\n\t<meta name=\"twitter:label2\" content=\"Gesch\u00e4tzte Lesezeit\" \/>\n\t<meta name=\"twitter:data2\" content=\"4\u00a0Minuten\" \/>\n<script type=\"application\/ld+json\" class=\"yoast-schema-graph\">{\"@context\":\"https:\/\/schema.org\",\"@graph\":[{\"@type\":\"Article\",\"@id\":\"https:\/\/ds-barranquilla.org\/nuestra-egresada-gabriela-bolle-carrillo-representara-a-colombia-en-los-juegos-olimpicos-paris-2024\/#article\",\"isPartOf\":{\"@id\":\"https:\/\/ds-barranquilla.org\/nuestra-egresada-gabriela-bolle-carrillo-representara-a-colombia-en-los-juegos-olimpicos-paris-2024\/\"},\"author\":{\"name\":\"Maria Camila Medina\",\"@id\":\"https:\/\/ds-barranquilla.org\/#\/schema\/person\/a3111c59bc6ad33c5975c02a244ec0f9\"},\"headline\":\"Nuestra egresada Gabriela Bolle Carrillo, representar\u00e1 a Colombia en los Juegos Ol\u00edmpicos Paris 2024\",\"datePublished\":\"2024-06-11T18:04:15+00:00\",\"dateModified\":\"2024-06-12T18:14:03+00:00\",\"mainEntityOfPage\":{\"@id\":\"https:\/\/ds-barranquilla.org\/nuestra-egresada-gabriela-bolle-carrillo-representara-a-colombia-en-los-juegos-olimpicos-paris-2024\/\"},\"wordCount\":764,\"commentCount\":0,\"publisher\":{\"@id\":\"https:\/\/ds-barranquilla.org\/#organization\"},\"image\":{\"@id\":\"https:\/\/ds-barranquilla.org\/nuestra-egresada-gabriela-bolle-carrillo-representara-a-colombia-en-los-juegos-olimpicos-paris-2024\/#primaryimage\"},\"thumbnailUrl\":\"https:\/\/ds-barranquilla.org\/wp-content\/uploads\/2024\/06\/DSC_4644-1-scaled.jpg\",\"articleSection\":[\"2024\",\"Alumni\",\"\u00c1rea de Deportes\"],\"inLanguage\":\"de\",\"potentialAction\":[{\"@type\":\"CommentAction\",\"name\":\"Comment\",\"target\":[\"https:\/\/ds-barranquilla.org\/nuestra-egresada-gabriela-bolle-carrillo-representara-a-colombia-en-los-juegos-olimpicos-paris-2024\/#respond\"]}]},{\"@type\":\"WebPage\",\"@id\":\"https:\/\/ds-barranquilla.org\/nuestra-egresada-gabriela-bolle-carrillo-representara-a-colombia-en-los-juegos-olimpicos-paris-2024\/\",\"url\":\"https:\/\/ds-barranquilla.org\/nuestra-egresada-gabriela-bolle-carrillo-representara-a-colombia-en-los-juegos-olimpicos-paris-2024\/\",\"name\":\"Nuestra egresada Gabriela Bolle Carrillo, representar\u00e1 a Colombia en los Juegos Ol\u00edmpicos Paris 2024 - 2026\",\"isPartOf\":{\"@id\":\"https:\/\/ds-barranquilla.org\/#website\"},\"primaryImageOfPage\":{\"@id\":\"https:\/\/ds-barranquilla.org\/nuestra-egresada-gabriela-bolle-carrillo-representara-a-colombia-en-los-juegos-olimpicos-paris-2024\/#primaryimage\"},\"image\":{\"@id\":\"https:\/\/ds-barranquilla.org\/nuestra-egresada-gabriela-bolle-carrillo-representara-a-colombia-en-los-juegos-olimpicos-paris-2024\/#primaryimage\"},\"thumbnailUrl\":\"https:\/\/ds-barranquilla.org\/wp-content\/uploads\/2024\/06\/DSC_4644-1-scaled.jpg\",\"datePublished\":\"2024-06-11T18:04:15+00:00\",\"dateModified\":\"2024-06-12T18:14:03+00:00\",\"breadcrumb\":{\"@id\":\"https:\/\/ds-barranquilla.org\/nuestra-egresada-gabriela-bolle-carrillo-representara-a-colombia-en-los-juegos-olimpicos-paris-2024\/#breadcrumb\"},\"inLanguage\":\"de\",\"potentialAction\":[{\"@type\":\"ReadAction\",\"target\":[\"https:\/\/ds-barranquilla.org\/nuestra-egresada-gabriela-bolle-carrillo-representara-a-colombia-en-los-juegos-olimpicos-paris-2024\/\"]}]},{\"@type\":\"ImageObject\",\"inLanguage\":\"de\",\"@id\":\"https:\/\/ds-barranquilla.org\/nuestra-egresada-gabriela-bolle-carrillo-representara-a-colombia-en-los-juegos-olimpicos-paris-2024\/#primaryimage\",\"url\":\"https:\/\/ds-barranquilla.org\/wp-content\/uploads\/2024\/06\/DSC_4644-1-scaled.jpg\",\"contentUrl\":\"https:\/\/ds-barranquilla.org\/wp-content\/uploads\/2024\/06\/DSC_4644-1-scaled.jpg\",\"width\":2560,\"height\":1707},{\"@type\":\"BreadcrumbList\",\"@id\":\"https:\/\/ds-barranquilla.org\/nuestra-egresada-gabriela-bolle-carrillo-representara-a-colombia-en-los-juegos-olimpicos-paris-2024\/#breadcrumb\",\"itemListElement\":[{\"@type\":\"ListItem\",\"position\":1,\"name\":\"Portada\",\"item\":\"https:\/\/ds-barranquilla.org\/\"},{\"@type\":\"ListItem\",\"position\":2,\"name\":\"Nuestra egresada Gabriela Bolle Carrillo, representar\u00e1 a Colombia en los Juegos Ol\u00edmpicos Paris 2024\"}]},{\"@type\":\"WebSite\",\"@id\":\"https:\/\/ds-barranquilla.org\/#website\",\"url\":\"https:\/\/ds-barranquilla.org\/\",\"name\":\"Colegio Alem\u00e1n - Los Mejores Colegios de Colombia - Colegio Triling\u00fce\",\"description\":\"Colegio Alem\u00e1n  Barranquilla Colombia - Colegio Biling\u00fce - Triling\u00fce - El Mejor Colegio de Colombia\",\"publisher\":{\"@id\":\"https:\/\/ds-barranquilla.org\/#organization\"},\"potentialAction\":[{\"@type\":\"SearchAction\",\"target\":{\"@type\":\"EntryPoint\",\"urlTemplate\":\"https:\/\/ds-barranquilla.org\/?s={search_term_string}\"},\"query-input\":\"required name=search_term_string\"}],\"inLanguage\":\"de\"},{\"@type\":\"Organization\",\"@id\":\"https:\/\/ds-barranquilla.org\/#organization\",\"name\":\"Colegio Alem\u00e1n Barranquilla\",\"url\":\"https:\/\/ds-barranquilla.org\/\",\"logo\":{\"@type\":\"ImageObject\",\"inLanguage\":\"de\",\"@id\":\"https:\/\/ds-barranquilla.org\/#\/schema\/logo\/image\/\",\"url\":\"https:\/\/ds-barranquilla.org\/wp-content\/uploads\/2021\/05\/coleman_logo_2.png\",\"contentUrl\":\"https:\/\/ds-barranquilla.org\/wp-content\/uploads\/2021\/05\/coleman_logo_2.png\",\"width\":418,\"height\":307,\"caption\":\"Colegio Alem\u00e1n Barranquilla\"},\"image\":{\"@id\":\"https:\/\/ds-barranquilla.org\/#\/schema\/logo\/image\/\"},\"sameAs\":[\"https:\/\/www.facebook.com\/ColegioAlemanBaq\/\",\"https:\/\/x.com\/ColegioAlemanBq\",\"https:\/\/www.instagram.com\/colegioalemanbaq\/\",\"https:\/\/www.linkedin.com\/school\/deutsche-schule-barranquilla\/\",\"https:\/\/www.youtube.com\/channel\/UCOOGZQCVs6aYRqIWvSN5agQ\"]},{\"@type\":\"Person\",\"@id\":\"https:\/\/ds-barranquilla.org\/#\/schema\/person\/a3111c59bc6ad33c5975c02a244ec0f9\",\"name\":\"Maria Camila Medina\",\"image\":{\"@type\":\"ImageObject\",\"inLanguage\":\"de\",\"@id\":\"https:\/\/ds-barranquilla.org\/#\/schema\/person\/image\/\",\"url\":\"https:\/\/secure.gravatar.com\/avatar\/ec22389c1edd2f147582875dc845593e?s=96&d=mm&r=g\",\"contentUrl\":\"https:\/\/secure.gravatar.com\/avatar\/ec22389c1edd2f147582875dc845593e?s=96&d=mm&r=g\",\"caption\":\"Maria Camila Medina\"}}]}<\/script>\n<!-- \/ Yoast SEO plugin. -->","yoast_head_json":{"title":"Nuestra egresada Gabriela Bolle Carrillo, representar\u00e1 a Colombia en los Juegos Ol\u00edmpicos Paris 2024 - 2026","robots":{"index":"noindex","follow":"follow","max-snippet":"max-snippet:-1","max-image-preview":"max-image-preview:large","max-video-preview":"max-video-preview:-1"},"og_locale":"de_DE","og_type":"article","og_title":"Nuestra egresada Gabriela Bolle Carrillo, representar\u00e1 a Colombia en los Juegos Ol\u00edmpicos Paris 2024 - 2026","og_description":"Nuestra egresada Gabriela Bolle Carrillo, representar\u00e1 a Colombia en los Juegos Ol\u00edmpicos Paris 2024 En el Colegio Alem\u00e1n de Barranquilla recibimos con orgullo la noticia que [\u2026]","og_url":"https:\/\/ds-barranquilla.org\/de\/nuestra-egresada-gabriela-bolle-carrillo-representara-a-colombia-en-los-juegos-olimpicos-paris-2024\/","og_site_name":"Colegio Alem\u00e1n - Los Mejores Colegios de Colombia - Colegio Triling\u00fce","article_publisher":"https:\/\/www.facebook.com\/ColegioAlemanBaq\/","article_published_time":"2024-06-11T18:04:15+00:00","article_modified_time":"2024-06-12T18:14:03+00:00","og_image":[{"width":2560,"height":1707,"url":"https:\/\/ds-barranquilla.org\/wp-content\/uploads\/2024\/06\/DSC_4644-1-scaled.jpg","type":"image\/jpeg"}],"author":"Maria Camila Medina","twitter_card":"summary_large_image","twitter_creator":"@ColegioAlemanBq","twitter_site":"@ColegioAlemanBq","twitter_misc":{"Verfasst von":"Maria Camila Medina","Gesch\u00e4tzte Lesezeit":"4\u00a0Minuten"},"schema":{"@context":"https:\/\/schema.org","@graph":[{"@type":"Article","@id":"https:\/\/ds-barranquilla.org\/nuestra-egresada-gabriela-bolle-carrillo-representara-a-colombia-en-los-juegos-olimpicos-paris-2024\/#article","isPartOf":{"@id":"https:\/\/ds-barranquilla.org\/nuestra-egresada-gabriela-bolle-carrillo-representara-a-colombia-en-los-juegos-olimpicos-paris-2024\/"},"author":{"name":"Maria Camila Medina","@id":"https:\/\/ds-barranquilla.org\/#\/schema\/person\/a3111c59bc6ad33c5975c02a244ec0f9"},"headline":"Nuestra egresada Gabriela Bolle Carrillo, representar\u00e1 a Colombia en los Juegos Ol\u00edmpicos Paris 2024","datePublished":"2024-06-11T18:04:15+00:00","dateModified":"2024-06-12T18:14:03+00:00","mainEntityOfPage":{"@id":"https:\/\/ds-barranquilla.org\/nuestra-egresada-gabriela-bolle-carrillo-representara-a-colombia-en-los-juegos-olimpicos-paris-2024\/"},"wordCount":764,"commentCount":0,"publisher":{"@id":"https:\/\/ds-barranquilla.org\/#organization"},"image":{"@id":"https:\/\/ds-barranquilla.org\/nuestra-egresada-gabriela-bolle-carrillo-representara-a-colombia-en-los-juegos-olimpicos-paris-2024\/#primaryimage"},"thumbnailUrl":"https:\/\/ds-barranquilla.org\/wp-content\/uploads\/2024\/06\/DSC_4644-1-scaled.jpg","articleSection":["2024","Alumni","\u00c1rea de Deportes"],"inLanguage":"de","potentialAction":[{"@type":"CommentAction","name":"Comment","target":["https:\/\/ds-barranquilla.org\/nuestra-egresada-gabriela-bolle-carrillo-representara-a-colombia-en-los-juegos-olimpicos-paris-2024\/#respond"]}]},{"@type":"WebPage","@id":"https:\/\/ds-barranquilla.org\/nuestra-egresada-gabriela-bolle-carrillo-representara-a-colombia-en-los-juegos-olimpicos-paris-2024\/","url":"https:\/\/ds-barranquilla.org\/nuestra-egresada-gabriela-bolle-carrillo-representara-a-colombia-en-los-juegos-olimpicos-paris-2024\/","name":"Nuestra egresada Gabriela Bolle Carrillo, representar\u00e1 a Colombia en los Juegos Ol\u00edmpicos Paris 2024 - 2026","isPartOf":{"@id":"https:\/\/ds-barranquilla.org\/#website"},"primaryImageOfPage":{"@id":"https:\/\/ds-barranquilla.org\/nuestra-egresada-gabriela-bolle-carrillo-representara-a-colombia-en-los-juegos-olimpicos-paris-2024\/#primaryimage"},"image":{"@id":"https:\/\/ds-barranquilla.org\/nuestra-egresada-gabriela-bolle-carrillo-representara-a-colombia-en-los-juegos-olimpicos-paris-2024\/#primaryimage"},"thumbnailUrl":"https:\/\/ds-barranquilla.org\/wp-content\/uploads\/2024\/06\/DSC_4644-1-scaled.jpg","datePublished":"2024-06-11T18:04:15+00:00","dateModified":"2024-06-12T18:14:03+00:00","breadcrumb":{"@id":"https:\/\/ds-barranquilla.org\/nuestra-egresada-gabriela-bolle-carrillo-representara-a-colombia-en-los-juegos-olimpicos-paris-2024\/#breadcrumb"},"inLanguage":"de","potentialAction":[{"@type":"ReadAction","target":["https:\/\/ds-barranquilla.org\/nuestra-egresada-gabriela-bolle-carrillo-representara-a-colombia-en-los-juegos-olimpicos-paris-2024\/"]}]},{"@type":"ImageObject","inLanguage":"de","@id":"https:\/\/ds-barranquilla.org\/nuestra-egresada-gabriela-bolle-carrillo-representara-a-colombia-en-los-juegos-olimpicos-paris-2024\/#primaryimage","url":"https:\/\/ds-barranquilla.org\/wp-content\/uploads\/2024\/06\/DSC_4644-1-scaled.jpg","contentUrl":"https:\/\/ds-barranquilla.org\/wp-content\/uploads\/2024\/06\/DSC_4644-1-scaled.jpg","width":2560,"height":1707},{"@type":"BreadcrumbList","@id":"https:\/\/ds-barranquilla.org\/nuestra-egresada-gabriela-bolle-carrillo-representara-a-colombia-en-los-juegos-olimpicos-paris-2024\/#breadcrumb","itemListElement":[{"@type":"ListItem","position":1,"name":"Portada","item":"https:\/\/ds-barranquilla.org\/"},{"@type":"ListItem","position":2,"name":"Nuestra egresada Gabriela Bolle Carrillo, representar\u00e1 a Colombia en los Juegos Ol\u00edmpicos Paris 2024"}]},{"@type":"WebSite","@id":"https:\/\/ds-barranquilla.org\/#website","url":"https:\/\/ds-barranquilla.org\/","name":"Colegio Alem\u00e1n - Los Mejores Colegios de Colombia - Colegio Triling\u00fce","description":"Colegio Alem\u00e1n  Barranquilla Colombia - Colegio Biling\u00fce - Triling\u00fce - El Mejor Colegio de Colombia","publisher":{"@id":"https:\/\/ds-barranquilla.org\/#organization"},"potentialAction":[{"@type":"SearchAction","target":{"@type":"EntryPoint","urlTemplate":"https:\/\/ds-barranquilla.org\/?s={search_term_string}"},"query-input":"required name=search_term_string"}],"inLanguage":"de"},{"@type":"Organization","@id":"https:\/\/ds-barranquilla.org\/#organization","name":"Colegio Alem\u00e1n Barranquilla","url":"https:\/\/ds-barranquilla.org\/","logo":{"@type":"ImageObject","inLanguage":"de","@id":"https:\/\/ds-barranquilla.org\/#\/schema\/logo\/image\/","url":"https:\/\/ds-barranquilla.org\/wp-content\/uploads\/2021\/05\/coleman_logo_2.png","contentUrl":"https:\/\/ds-barranquilla.org\/wp-content\/uploads\/2021\/05\/coleman_logo_2.png","width":418,"height":307,"caption":"Colegio Alem\u00e1n Barranquilla"},"image":{"@id":"https:\/\/ds-barranquilla.org\/#\/schema\/logo\/image\/"},"sameAs":["https:\/\/www.facebook.com\/ColegioAlemanBaq\/","https:\/\/x.com\/ColegioAlemanBq","https:\/\/www.instagram.com\/colegioalemanbaq\/","https:\/\/www.linkedin.com\/school\/deutsche-schule-barranquilla\/","https:\/\/www.youtube.com\/channel\/UCOOGZQCVs6aYRqIWvSN5agQ"]},{"@type":"Person","@id":"https:\/\/ds-barranquilla.org\/#\/schema\/person\/a3111c59bc6ad33c5975c02a244ec0f9","name":"Maria Camila Medina","image":{"@type":"ImageObject","inLanguage":"de","@id":"https:\/\/ds-barranquilla.org\/#\/schema\/person\/image\/","url":"https:\/\/secure.gravatar.com\/avatar\/ec22389c1edd2f147582875dc845593e?s=96&d=mm&r=g","contentUrl":"https:\/\/secure.gravatar.com\/avatar\/ec22389c1edd2f147582875dc845593e?s=96&d=mm&r=g","caption":"Maria Camila Medina"}}]}},"_links":{"self":[{"href":"https:\/\/ds-barranquilla.org\/de\/wp-json\/wp\/v2\/posts\/26790"}],"collection":[{"href":"https:\/\/ds-barranquilla.org\/de\/wp-json\/wp\/v2\/posts"}],"about":[{"href":"https:\/\/ds-barranquilla.org\/de\/wp-json\/wp\/v2\/types\/post"}],"author":[{"embeddable":true,"href":"https:\/\/ds-barranquilla.org\/de\/wp-json\/wp\/v2\/users\/31"}],"replies":[{"embeddable":true,"href":"https:\/\/ds-barranquilla.org\/de\/wp-json\/wp\/v2\/comments?post=26790"}],"version-history":[{"count":10,"href":"https:\/\/ds-barranquilla.org\/de\/wp-json\/wp\/v2\/posts\/26790\/revisions"}],"predecessor-version":[{"id":26807,"href":"https:\/\/ds-barranquilla.org\/de\/wp-json\/wp\/v2\/posts\/26790\/revisions\/26807"}],"wp:featuredmedia":[{"embeddable":true,"href":"https:\/\/ds-barranquilla.org\/de\/wp-json\/wp\/v2\/media\/26793"}],"wp:attachment":[{"href":"https:\/\/ds-barranquilla.org\/de\/wp-json\/wp\/v2\/media?parent=26790"}],"wp:term":[{"taxonomy":"category","embeddable":true,"href":"https:\/\/ds-barranquilla.org\/de\/wp-json\/wp\/v2\/categories?post=26790"},{"taxonomy":"post_tag","embeddable":true,"href":"https:\/\/ds-barranquilla.org\/de\/wp-json\/wp\/v2\/tags?post=26790"}],"curies":[{"name":"wp","href":"https:\/\/api.w.org\/{rel}","templated":true}]}}